{"id":42835,"date":"2024-01-04T10:52:48","date_gmt":"2024-01-04T13:52:48","guid":{"rendered":"https:\/\/folhadoleste.com.br\/?p=42835"},"modified":"2024-01-04T10:52:48","modified_gmt":"2024-01-04T13:52:48","slug":"precos-na-saida-das-fabricas-recuaram-043-em-novembro","status":"publish","type":"post","link":"https:\/\/folhadoleste.com.br\/en\/precos-na-saida-das-fabricas-recuaram-043-em-novembro\/","title":{"rendered":"Pre\u00e7os na sa\u00edda das f\u00e1bricas recuaram 0,43% em novembro"},"content":{"rendered":"<div id=\"attachment_42837\" style=\"width: 1180px\" class=\"wp-caption aligncenter\"><img decoding=\"async\" aria-describedby=\"caption-attachment-42837\" class=\"size-full wp-image-42837\" src=\"https:\/\/folhadoleste.com.br\/wp-content\/uploads\/2024\/01\/Precos-na-saida-das-fabricas-recuaram-043-em-novembro-Foto-REUTERS-Roosevelt-Cassio.webp\" alt=\"Pre\u00e7os na sa\u00edda das f\u00e1bricas recuaram 0,43% em novembro\" width=\"1170\" height=\"700\" \/><p id=\"caption-attachment-42837\" class=\"wp-caption-text\">Foto: REUTERS &#8211; Roosevelt Cassio<\/p><\/div>\n<p>O \u00cdndice de Pre\u00e7os ao Produtor (IPP) registrou defla\u00e7\u00e3o (queda de pre\u00e7os) de 0,43% em novembro de 2023, segundo o Instituto Brasileiro de Geografia e Estat\u00edstica (IBGE). O indicador mede a varia\u00e7\u00e3o dos pre\u00e7os dos produtos na sa\u00edda das f\u00e1bricas brasileiras.\u00a0<img decoding=\"async\" src=\"https:\/\/agenciabrasil.ebc.com.br\/ebc.png?id=1575137&amp;o=node\" \/><img decoding=\"async\" src=\"https:\/\/agenciabrasil.ebc.com.br\/ebc.gif?id=1575137&amp;o=node\" \/><\/p>\n<p>A defla\u00e7\u00e3o veio depois de tr\u00eas altas de pre\u00e7os consecutivas. Em outubro, por exemplo, a infla\u00e7\u00e3o foi 1,07%. Com o resultado de novembro, o IPP acumulou taxas de defla\u00e7\u00e3o de 4,89% nos 11 primeiros meses de 2023 e de 6,09% em 12 meses.<\/p>\n<h4><a href=\"https:\/\/folhadoleste.com.br\/en\/category\/brasil\/\">\u201cLeia mais not\u00edcias sobre Brasil aqui\u201d<\/a><\/h4>\n<p>Treze das 24 atividades da ind\u00fastria apresentaram defla\u00e7\u00e3o em novembro, com destaque para ind\u00fastrias extrativas (-7,09%), outros produtos qu\u00edmicos (-1,36%) e ve\u00edculos (-0,12%).<\/p>\n<p>Por outro lado, dez atividades registraram infla\u00e7\u00e3o, com destaque para alimentos (0,56%) e refino de petr\u00f3leo e biocombust\u00edveis (0,83%). O setor de borracha e pl\u00e1stico manteve os mesmos pre\u00e7os de outubro.<\/p>\n<p>Entre as\u00a0quatro\u00a0grandes categorias econ\u00f4micas\u00a0da ind\u00fastria, houve defla\u00e7\u00f5es de 0,40% em bens de capital, isto \u00e9, as m\u00e1quinas e equipamentos usados no setor produtivo; de 0,66% em bens intermedi\u00e1rios, ou seja, os insumos industrializados usados no setor produtivo; e de 0,18% em bens de consumo semi e n\u00e3o dur\u00e1veis. Os bens de consumo dur\u00e1veis tiveram infla\u00e7\u00e3o de 0,31%.<\/p>\n<p>&nbsp;<\/p>\n<p><a href=\"https:\/\/www.instagram.com\/folhadoleste\/\"><img decoding=\"async\" class=\"aligncenter wp-image-15962\" src=\"https:\/\/folhadoleste.com.br\/wp-content\/uploads\/2023\/07\/instagram.jpg.webp\" alt=\"Itaipu-Itaipua\u00e7u: Caminh\u00e3o causa grave acidente na RJ-102, a estrada da Serrinha\" width=\"49\" height=\"49\" \/><\/a><a href=\"https:\/\/www.facebook.com\/folhadoleste\"><img decoding=\"async\" class=\"aligncenter wp-image-7424\" src=\"https:\/\/folhadoleste.com.br\/wp-content\/uploads\/2023\/05\/facebook-logo-3-1.png.webp\" alt=\"Itaipu-Itaipua\u00e7u: Caminh\u00e3o causa grave acidente na RJ-102, a estrada da Serrinha\" width=\"49\" height=\"49\" \/><\/a><\/p>\n<p>&nbsp;<\/p>\n<p>&nbsp;<\/p>\n<p>&nbsp;<\/p>\n<p>Fonte: Ag\u00eancia Brasil<\/p>","protected":false},"excerpt":{"rendered":"<p>O \u00cdndice de Pre\u00e7os ao Produtor (IPP) registrou defla\u00e7\u00e3o (queda de pre\u00e7os) de 0,43% em novembro de 2023, segundo o Instituto Brasileiro de Geografia e Estat\u00edstica (IBGE). O indicador mede a varia\u00e7\u00e3o dos pre\u00e7os dos produtos na sa\u00edda das f\u00e1bricas brasileiras.\u00a0 A defla\u00e7\u00e3o veio depois de tr\u00eas altas de pre\u00e7os consecutivas. Em outubro, por exemplo, a infla\u00e7\u00e3o foi 1,07%. Com o resultado de novembro, o IPP acumulou taxas de defla\u00e7\u00e3o de 4,89% nos 11 primeiros meses de 2023 e de 6,09% em 12 meses. \u201cLeia mais not\u00edcias sobre Brasil aqui\u201d Treze das 24 atividades da ind\u00fastria apresentaram defla\u00e7\u00e3o em novembro, [&hellip;]<\/p>\n","protected":false},"author":4,"featured_media":42837,"comment_status":"open","ping_status":"open","sticky":false,"template":"","format":"standard","meta":{"footnotes":""},"categories":[64,145],"tags":[68,11670,188,683,2654,533,14964,14917,16314],"class_list":["post-42835","post","type-post","status-publish","format-standard","has-post-thumbnail","hentry","category-brasil","category-economia","tag-brasil","tag-deflacao","tag-economia","tag-ibge","tag-industria","tag-inflacao","tag-ipp","tag-novembro-de-2023","tag-saida-das-fabricas","post--single"],"yoast_head":"<!-- This site is optimized with the Yoast SEO plugin v27.4 - https:\/\/yoast.com\/product\/yoast-seo-wordpress\/ -->\n<title>Pre\u00e7os na sa\u00edda das f\u00e1bricas recuaram 0,43% em novembro &#8226; Folha do Leste<\/title>\n<meta name=\"robots\" content=\"index, follow, max-snippet:-1, max-image-preview:large, max-video-preview:-1\" \/>\n<link rel=\"canonical\" href=\"https:\/\/folhadoleste.com.br\/en\/precos-na-saida-das-fabricas-recuaram-043-em-novembro\/\" \/>\n<meta property=\"og:locale\" content=\"en_US\" \/>\n<meta property=\"og:type\" content=\"article\" \/>\n<meta property=\"og:title\" content=\"Pre\u00e7os na sa\u00edda das f\u00e1bricas recuaram 0,43% em novembro &#8226; Folha do Leste\" \/>\n<meta property=\"og:description\" content=\"Brasil &#8226; Folha do Leste\" \/>\n<meta property=\"og:url\" content=\"https:\/\/folhadoleste.com.br\/en\/precos-na-saida-das-fabricas-recuaram-043-em-novembro\/\" \/>\n<meta property=\"og:site_name\" content=\"Folha do Leste\" \/>\n<meta property=\"article:publisher\" content=\"https:\/\/www.facebook.com\/folhadoleste\" \/>\n<meta property=\"article:published_time\" content=\"2024-01-04T13:52:48+00:00\" \/>\n<meta property=\"og:image\" content=\"https:\/\/folhadoleste.com.br\/wp-content\/uploads\/2024\/01\/Precos-na-saida-das-fabricas-recuaram-043-em-novembro-Foto-REUTERS-Roosevelt-Cassio.webp\" \/>\n\t<meta property=\"og:image:width\" content=\"1170\" \/>\n\t<meta property=\"og:image:height\" content=\"700\" \/>\n\t<meta property=\"og:image:type\" content=\"image\/webp\" \/>\n<meta name=\"author\" content=\"Folha do Leste\" \/>\n<meta name=\"twitter:card\" content=\"summary_large_image\" \/>\n<meta name=\"twitter:creator\" content=\"@FolhadoLesteRJ\" \/>\n<meta name=\"twitter:site\" content=\"@FolhadoLesteRJ\" \/>\n<meta name=\"twitter:label1\" content=\"Written by\" \/>\n\t<meta name=\"twitter:data1\" content=\"Folha do Leste\" \/>\n\t<meta name=\"twitter:label2\" content=\"Est. reading time\" \/>\n\t<meta name=\"twitter:data2\" content=\"3 minutes\" \/>\n<script type=\"application\/ld+json\" class=\"yoast-schema-graph\">{\"@context\":\"https:\\\/\\\/schema.org\",\"@graph\":[{\"@type\":\"NewsArticle\",\"@id\":\"https:\\\/\\\/folhadoleste.com.br\\\/precos-na-saida-das-fabricas-recuaram-043-em-novembro\\\/#article\",\"isPartOf\":{\"@id\":\"https:\\\/\\\/folhadoleste.com.br\\\/precos-na-saida-das-fabricas-recuaram-043-em-novembro\\\/\"},\"author\":{\"name\":\"Folha do Leste\",\"@id\":\"https:\\\/\\\/folhadoleste.com.br\\\/#\\\/schema\\\/person\\\/3e97145b2e1861276e84471aa85a3899\"},\"headline\":\"Pre\u00e7os na sa\u00edda das f\u00e1bricas recuaram 0,43% em novembro\",\"datePublished\":\"2024-01-04T13:52:48+00:00\",\"mainEntityOfPage\":{\"@id\":\"https:\\\/\\\/folhadoleste.com.br\\\/precos-na-saida-das-fabricas-recuaram-043-em-novembro\\\/\"},\"wordCount\":252,\"commentCount\":0,\"publisher\":{\"@id\":\"https:\\\/\\\/folhadoleste.com.br\\\/#organization\"},\"image\":{\"@id\":\"https:\\\/\\\/folhadoleste.com.br\\\/precos-na-saida-das-fabricas-recuaram-043-em-novembro\\\/#primaryimage\"},\"thumbnailUrl\":\"https:\\\/\\\/folhadoleste.com.br\\\/wp-content\\\/uploads\\\/2024\\\/01\\\/Precos-na-saida-das-fabricas-recuaram-043-em-novembro-Foto-REUTERS-Roosevelt-Cassio.webp\",\"keywords\":[\"Brasil\",\"defla\u00e7\u00e3o\",\"economia\",\"IBGE\",\"Industria\",\"Infla\u00e7\u00e3o\",\"IPP\",\"novembro de 2023\",\"sa\u00edda das f\u00e1bricas\"],\"articleSection\":[\"Brasil\",\"Economia\"],\"inLanguage\":\"en-US\",\"potentialAction\":[{\"@type\":\"CommentAction\",\"name\":\"Comment\",\"target\":[\"https:\\\/\\\/folhadoleste.com.br\\\/precos-na-saida-das-fabricas-recuaram-043-em-novembro\\\/#respond\"]}]},{\"@type\":\"WebPage\",\"@id\":\"https:\\\/\\\/folhadoleste.com.br\\\/precos-na-saida-das-fabricas-recuaram-043-em-novembro\\\/\",\"url\":\"https:\\\/\\\/folhadoleste.com.br\\\/precos-na-saida-das-fabricas-recuaram-043-em-novembro\\\/\",\"name\":\"Pre\u00e7os na sa\u00edda das f\u00e1bricas recuaram 0,43% em novembro &#8226; Folha do Leste\",\"isPartOf\":{\"@id\":\"https:\\\/\\\/folhadoleste.com.br\\\/#website\"},\"primaryImageOfPage\":{\"@id\":\"https:\\\/\\\/folhadoleste.com.br\\\/precos-na-saida-das-fabricas-recuaram-043-em-novembro\\\/#primaryimage\"},\"image\":{\"@id\":\"https:\\\/\\\/folhadoleste.com.br\\\/precos-na-saida-das-fabricas-recuaram-043-em-novembro\\\/#primaryimage\"},\"thumbnailUrl\":\"https:\\\/\\\/folhadoleste.com.br\\\/wp-content\\\/uploads\\\/2024\\\/01\\\/Precos-na-saida-das-fabricas-recuaram-043-em-novembro-Foto-REUTERS-Roosevelt-Cassio.webp\",\"datePublished\":\"2024-01-04T13:52:48+00:00\",\"breadcrumb\":{\"@id\":\"https:\\\/\\\/folhadoleste.com.br\\\/precos-na-saida-das-fabricas-recuaram-043-em-novembro\\\/#breadcrumb\"},\"inLanguage\":\"en-US\",\"potentialAction\":[{\"@type\":\"ReadAction\",\"target\":[\"https:\\\/\\\/folhadoleste.com.br\\\/precos-na-saida-das-fabricas-recuaram-043-em-novembro\\\/\"]}]},{\"@type\":\"ImageObject\",\"inLanguage\":\"en-US\",\"@id\":\"https:\\\/\\\/folhadoleste.com.br\\\/precos-na-saida-das-fabricas-recuaram-043-em-novembro\\\/#primaryimage\",\"url\":\"https:\\\/\\\/folhadoleste.com.br\\\/wp-content\\\/uploads\\\/2024\\\/01\\\/Precos-na-saida-das-fabricas-recuaram-043-em-novembro-Foto-REUTERS-Roosevelt-Cassio.webp\",\"contentUrl\":\"https:\\\/\\\/folhadoleste.com.br\\\/wp-content\\\/uploads\\\/2024\\\/01\\\/Precos-na-saida-das-fabricas-recuaram-043-em-novembro-Foto-REUTERS-Roosevelt-Cassio.webp\",\"width\":1170,\"height\":700,\"caption\":\"Foto: REUTERS - Roosevelt Cassio\"},{\"@type\":\"BreadcrumbList\",\"@id\":\"https:\\\/\\\/folhadoleste.com.br\\\/precos-na-saida-das-fabricas-recuaram-043-em-novembro\\\/#breadcrumb\",\"itemListElement\":[{\"@type\":\"ListItem\",\"position\":1,\"name\":\"In\u00edcio\",\"item\":\"https:\\\/\\\/folhadoleste.com.br\\\/\"},{\"@type\":\"ListItem\",\"position\":2,\"name\":\"Brasil\",\"item\":\"https:\\\/\\\/folhadoleste.com.br\\\/category\\\/brasil\\\/\"},{\"@type\":\"ListItem\",\"position\":3,\"name\":\"Pre\u00e7os na sa\u00edda das f\u00e1bricas recuaram 0,43% em novembro\"}]},{\"@type\":\"WebSite\",\"@id\":\"https:\\\/\\\/folhadoleste.com.br\\\/#website\",\"url\":\"https:\\\/\\\/folhadoleste.com.br\\\/\",\"name\":\"Folha do Leste\",\"description\":\"Portal de Not\u00edcias com \u00eanfase em Niter\u00f3i, criando conte\u00fados desde a capital Rio de Janeiro, com olhar para o Leste Fluminense e suas cidades como S\u00e3o Gon\u00e7alo, Itabora\u00ed, Rio Bonito, Maric\u00e1, Saquarema e Araruama\",\"publisher\":{\"@id\":\"https:\\\/\\\/folhadoleste.com.br\\\/#organization\"},\"alternateName\":\"FL\",\"potentialAction\":[{\"@type\":\"SearchAction\",\"target\":{\"@type\":\"EntryPoint\",\"urlTemplate\":\"https:\\\/\\\/folhadoleste.com.br\\\/?s={search_term_string}\"},\"query-input\":{\"@type\":\"PropertyValueSpecification\",\"valueRequired\":true,\"valueName\":\"search_term_string\"}}],\"inLanguage\":\"en-US\"},{\"@type\":\"Organization\",\"@id\":\"https:\\\/\\\/folhadoleste.com.br\\\/#organization\",\"name\":\"Brasil 21 Comunica\u00e7\u00e3o\",\"alternateName\":\"BR21\",\"url\":\"https:\\\/\\\/folhadoleste.com.br\\\/\",\"logo\":{\"@type\":\"ImageObject\",\"inLanguage\":\"en-US\",\"@id\":\"https:\\\/\\\/folhadoleste.com.br\\\/#\\\/schema\\\/logo\\\/image\\\/\",\"url\":\"https:\\\/\\\/folhadoleste.com.br\\\/wp-content\\\/uploads\\\/2025\\\/12\\\/brasil-21-logomarca.avif\",\"contentUrl\":\"https:\\\/\\\/folhadoleste.com.br\\\/wp-content\\\/uploads\\\/2025\\\/12\\\/brasil-21-logomarca.avif\",\"width\":1044,\"height\":1044,\"caption\":\"Brasil 21 Comunica\u00e7\u00e3o\"},\"image\":{\"@id\":\"https:\\\/\\\/folhadoleste.com.br\\\/#\\\/schema\\\/logo\\\/image\\\/\"},\"sameAs\":[\"https:\\\/\\\/www.facebook.com\\\/folhadoleste\",\"https:\\\/\\\/x.com\\\/FolhadoLesteRJ\",\"https:\\\/\\\/www.instagram.com\\\/folhadoleste\\\/\"]},{\"@type\":\"Person\",\"@id\":\"https:\\\/\\\/folhadoleste.com.br\\\/#\\\/schema\\\/person\\\/3e97145b2e1861276e84471aa85a3899\",\"name\":\"Folha do Leste\",\"image\":{\"@type\":\"ImageObject\",\"inLanguage\":\"en-US\",\"@id\":\"https:\\\/\\\/folhadoleste.com.br\\\/wp-content\\\/litespeed\\\/avatar\\\/1ca8c218432e7045e748610eb3db0259.jpg?ver=1776693931\",\"url\":\"https:\\\/\\\/folhadoleste.com.br\\\/wp-content\\\/litespeed\\\/avatar\\\/1ca8c218432e7045e748610eb3db0259.jpg?ver=1776693931\",\"contentUrl\":\"https:\\\/\\\/folhadoleste.com.br\\\/wp-content\\\/litespeed\\\/avatar\\\/1ca8c218432e7045e748610eb3db0259.jpg?ver=1776693931\",\"caption\":\"Folha do Leste\"},\"url\":\"https:\\\/\\\/folhadoleste.com.br\\\/en\\\/author\\\/reportagem-01\\\/\"}]}<\/script>\n<!-- \/ Yoast SEO plugin. -->","yoast_head_json":{"title":"Pre\u00e7os na sa\u00edda das f\u00e1bricas recuaram 0,43% em novembro &#8226; Folha do Leste","robots":{"index":"index","follow":"follow","max-snippet":"max-snippet:-1","max-image-preview":"max-image-preview:large","max-video-preview":"max-video-preview:-1"},"canonical":"https:\/\/folhadoleste.com.br\/en\/precos-na-saida-das-fabricas-recuaram-043-em-novembro\/","og_locale":"en_US","og_type":"article","og_title":"Pre\u00e7os na sa\u00edda das f\u00e1bricas recuaram 0,43% em novembro &#8226; Folha do Leste","og_description":"Brasil &#8226; Folha do Leste","og_url":"https:\/\/folhadoleste.com.br\/en\/precos-na-saida-das-fabricas-recuaram-043-em-novembro\/","og_site_name":"Folha do Leste","article_publisher":"https:\/\/www.facebook.com\/folhadoleste","article_published_time":"2024-01-04T13:52:48+00:00","og_image":[{"width":1170,"height":700,"url":"https:\/\/folhadoleste.com.br\/wp-content\/uploads\/2024\/01\/Precos-na-saida-das-fabricas-recuaram-043-em-novembro-Foto-REUTERS-Roosevelt-Cassio.webp","type":"image\/webp"}],"author":"Folha do Leste","twitter_card":"summary_large_image","twitter_creator":"@FolhadoLesteRJ","twitter_site":"@FolhadoLesteRJ","twitter_misc":{"Written by":"Folha do Leste","Est. reading time":"3 minutes"},"schema":{"@context":"https:\/\/schema.org","@graph":[{"@type":"NewsArticle","@id":"https:\/\/folhadoleste.com.br\/precos-na-saida-das-fabricas-recuaram-043-em-novembro\/#article","isPartOf":{"@id":"https:\/\/folhadoleste.com.br\/precos-na-saida-das-fabricas-recuaram-043-em-novembro\/"},"author":{"name":"Folha do Leste","@id":"https:\/\/folhadoleste.com.br\/#\/schema\/person\/3e97145b2e1861276e84471aa85a3899"},"headline":"Pre\u00e7os na sa\u00edda das f\u00e1bricas recuaram 0,43% em novembro","datePublished":"2024-01-04T13:52:48+00:00","mainEntityOfPage":{"@id":"https:\/\/folhadoleste.com.br\/precos-na-saida-das-fabricas-recuaram-043-em-novembro\/"},"wordCount":252,"commentCount":0,"publisher":{"@id":"https:\/\/folhadoleste.com.br\/#organization"},"image":{"@id":"https:\/\/folhadoleste.com.br\/precos-na-saida-das-fabricas-recuaram-043-em-novembro\/#primaryimage"},"thumbnailUrl":"https:\/\/folhadoleste.com.br\/wp-content\/uploads\/2024\/01\/Precos-na-saida-das-fabricas-recuaram-043-em-novembro-Foto-REUTERS-Roosevelt-Cassio.webp","keywords":["Brasil","defla\u00e7\u00e3o","economia","IBGE","Industria","Infla\u00e7\u00e3o","IPP","novembro de 2023","sa\u00edda das f\u00e1bricas"],"articleSection":["Brasil","Economia"],"inLanguage":"en-US","potentialAction":[{"@type":"CommentAction","name":"Comment","target":["https:\/\/folhadoleste.com.br\/precos-na-saida-das-fabricas-recuaram-043-em-novembro\/#respond"]}]},{"@type":"WebPage","@id":"https:\/\/folhadoleste.com.br\/precos-na-saida-das-fabricas-recuaram-043-em-novembro\/","url":"https:\/\/folhadoleste.com.br\/precos-na-saida-das-fabricas-recuaram-043-em-novembro\/","name":"Pre\u00e7os na sa\u00edda das f\u00e1bricas recuaram 0,43% em novembro &#8226; Folha do Leste","isPartOf":{"@id":"https:\/\/folhadoleste.com.br\/#website"},"primaryImageOfPage":{"@id":"https:\/\/folhadoleste.com.br\/precos-na-saida-das-fabricas-recuaram-043-em-novembro\/#primaryimage"},"image":{"@id":"https:\/\/folhadoleste.com.br\/precos-na-saida-das-fabricas-recuaram-043-em-novembro\/#primaryimage"},"thumbnailUrl":"https:\/\/folhadoleste.com.br\/wp-content\/uploads\/2024\/01\/Precos-na-saida-das-fabricas-recuaram-043-em-novembro-Foto-REUTERS-Roosevelt-Cassio.webp","datePublished":"2024-01-04T13:52:48+00:00","breadcrumb":{"@id":"https:\/\/folhadoleste.com.br\/precos-na-saida-das-fabricas-recuaram-043-em-novembro\/#breadcrumb"},"inLanguage":"en-US","potentialAction":[{"@type":"ReadAction","target":["https:\/\/folhadoleste.com.br\/precos-na-saida-das-fabricas-recuaram-043-em-novembro\/"]}]},{"@type":"ImageObject","inLanguage":"en-US","@id":"https:\/\/folhadoleste.com.br\/precos-na-saida-das-fabricas-recuaram-043-em-novembro\/#primaryimage","url":"https:\/\/folhadoleste.com.br\/wp-content\/uploads\/2024\/01\/Precos-na-saida-das-fabricas-recuaram-043-em-novembro-Foto-REUTERS-Roosevelt-Cassio.webp","contentUrl":"https:\/\/folhadoleste.com.br\/wp-content\/uploads\/2024\/01\/Precos-na-saida-das-fabricas-recuaram-043-em-novembro-Foto-REUTERS-Roosevelt-Cassio.webp","width":1170,"height":700,"caption":"Foto: REUTERS - Roosevelt Cassio"},{"@type":"BreadcrumbList","@id":"https:\/\/folhadoleste.com.br\/precos-na-saida-das-fabricas-recuaram-043-em-novembro\/#breadcrumb","itemListElement":[{"@type":"ListItem","position":1,"name":"In\u00edcio","item":"https:\/\/folhadoleste.com.br\/"},{"@type":"ListItem","position":2,"name":"Brasil","item":"https:\/\/folhadoleste.com.br\/category\/brasil\/"},{"@type":"ListItem","position":3,"name":"Pre\u00e7os na sa\u00edda das f\u00e1bricas recuaram 0,43% em novembro"}]},{"@type":"WebSite","@id":"https:\/\/folhadoleste.com.br\/#website","url":"https:\/\/folhadoleste.com.br\/","name":"Folha do Leste","description":"Portal de Not\u00edcias com \u00eanfase em Niter\u00f3i, criando conte\u00fados desde a capital Rio de Janeiro, com olhar para o Leste Fluminense e suas cidades como S\u00e3o Gon\u00e7alo, Itabora\u00ed, Rio Bonito, Maric\u00e1, Saquarema e Araruama","publisher":{"@id":"https:\/\/folhadoleste.com.br\/#organization"},"alternateName":"FL","potentialAction":[{"@type":"SearchAction","target":{"@type":"EntryPoint","urlTemplate":"https:\/\/folhadoleste.com.br\/?s={search_term_string}"},"query-input":{"@type":"PropertyValueSpecification","valueRequired":true,"valueName":"search_term_string"}}],"inLanguage":"en-US"},{"@type":"Organization","@id":"https:\/\/folhadoleste.com.br\/#organization","name":"Brasil 21 Comunica\u00e7\u00e3o","alternateName":"BR21","url":"https:\/\/folhadoleste.com.br\/","logo":{"@type":"ImageObject","inLanguage":"en-US","@id":"https:\/\/folhadoleste.com.br\/#\/schema\/logo\/image\/","url":"https:\/\/folhadoleste.com.br\/wp-content\/uploads\/2025\/12\/brasil-21-logomarca.avif","contentUrl":"https:\/\/folhadoleste.com.br\/wp-content\/uploads\/2025\/12\/brasil-21-logomarca.avif","width":1044,"height":1044,"caption":"Brasil 21 Comunica\u00e7\u00e3o"},"image":{"@id":"https:\/\/folhadoleste.com.br\/#\/schema\/logo\/image\/"},"sameAs":["https:\/\/www.facebook.com\/folhadoleste","https:\/\/x.com\/FolhadoLesteRJ","https:\/\/www.instagram.com\/folhadoleste\/"]},{"@type":"Person","@id":"https:\/\/folhadoleste.com.br\/#\/schema\/person\/3e97145b2e1861276e84471aa85a3899","name":"Folha do Leste","image":{"@type":"ImageObject","inLanguage":"en-US","@id":"https:\/\/folhadoleste.com.br\/wp-content\/litespeed\/avatar\/1ca8c218432e7045e748610eb3db0259.jpg?ver=1776693931","url":"https:\/\/folhadoleste.com.br\/wp-content\/litespeed\/avatar\/1ca8c218432e7045e748610eb3db0259.jpg?ver=1776693931","contentUrl":"https:\/\/folhadoleste.com.br\/wp-content\/litespeed\/avatar\/1ca8c218432e7045e748610eb3db0259.jpg?ver=1776693931","caption":"Folha do Leste"},"url":"https:\/\/folhadoleste.com.br\/en\/author\/reportagem-01\/"}]}},"_links":{"self":[{"href":"https:\/\/folhadoleste.com.br\/en\/wp-json\/wp\/v2\/posts\/42835","targetHints":{"allow":["GET"]}}],"collection":[{"href":"https:\/\/folhadoleste.com.br\/en\/wp-json\/wp\/v2\/posts"}],"about":[{"href":"https:\/\/folhadoleste.com.br\/en\/wp-json\/wp\/v2\/types\/post"}],"author":[{"embeddable":true,"href":"https:\/\/folhadoleste.com.br\/en\/wp-json\/wp\/v2\/users\/4"}],"replies":[{"embeddable":true,"href":"https:\/\/folhadoleste.com.br\/en\/wp-json\/wp\/v2\/comments?post=42835"}],"version-history":[{"count":1,"href":"https:\/\/folhadoleste.com.br\/en\/wp-json\/wp\/v2\/posts\/42835\/revisions"}],"predecessor-version":[{"id":42838,"href":"https:\/\/folhadoleste.com.br\/en\/wp-json\/wp\/v2\/posts\/42835\/revisions\/42838"}],"wp:featuredmedia":[{"embeddable":true,"href":"https:\/\/folhadoleste.com.br\/en\/wp-json\/wp\/v2\/media\/42837"}],"wp:attachment":[{"href":"https:\/\/folhadoleste.com.br\/en\/wp-json\/wp\/v2\/media?parent=42835"}],"wp:term":[{"taxonomy":"category","embeddable":true,"href":"https:\/\/folhadoleste.com.br\/en\/wp-json\/wp\/v2\/categories?post=42835"},{"taxonomy":"post_tag","embeddable":true,"href":"https:\/\/folhadoleste.com.br\/en\/wp-json\/wp\/v2\/tags?post=42835"}],"curies":[{"name":"wp","href":"https:\/\/api.w.org\/{rel}","templated":true}]}}