{"id":42677,"date":"2024-01-03T10:01:27","date_gmt":"2024-01-03T13:01:27","guid":{"rendered":"https:\/\/folhadoleste.com.br\/?p=42677"},"modified":"2024-01-03T10:01:27","modified_gmt":"2024-01-03T13:01:27","slug":"vasco-perde-a-disputa-por-fernando","status":"publish","type":"post","link":"https:\/\/folhadoleste.com.br\/en\/vasco-perde-a-disputa-por-fernando\/","title":{"rendered":"Vasco perde a disputa por Fernando"},"content":{"rendered":"<div id=\"attachment_42679\" style=\"width: 1210px\" class=\"wp-caption aligncenter\"><img decoding=\"async\" aria-describedby=\"caption-attachment-42679\" class=\"size-full wp-image-42679\" src=\"https:\/\/folhadoleste.com.br\/wp-content\/uploads\/2024\/01\/Vasco-perde-a-disputa-por-Fernando-Foto-AFP.webp\" alt=\"Vasco perde a disputa por Fernando\" width=\"1200\" height=\"750\" \/><p id=\"caption-attachment-42679\" class=\"wp-caption-text\">Foto: AFP<\/p><\/div>\n<p>No radar do Vasco para 2024, o volante Fernando est\u00e1 pr\u00f3ximo de acertar com outro clube do Campeonato Brasileiro. Segundo o jornalista Ven\u00ea Casagrande, o Internacional est\u00e1 pr\u00f3ximo de garantir a contrata\u00e7\u00e3o do jogador de 36 anos.<\/p>\n<p>Al\u00e9m do Vasco e do Internacional, o Cruzeiro tamb\u00e9m tentou contratar Fernando. No entanto, o Colorado apresentou uma proposta financeiramente mais vantajosa, com dois anos de contrato. A expectativa \u00e9 que o volante assine com o clube de Porto Alegre.<\/p>\n<h5><a href=\"https:\/\/folhadoleste.com.br\/en\/category\/esportes\/\"><strong>\u201cLeia mais not\u00edcias sobre Esportes Aqui\u201d<\/strong><\/a><\/h5>\n<p>Ambos os times elogiaram a postura do atleta, que n\u00e3o promoveu um &#8220;leil\u00e3o&#8221; entre os interessados. O Internacional aguarda a rescis\u00e3o de contrato de Fernando com o Sevilla, da Espanha, para oficializar a contrata\u00e7\u00e3o. Acredita-se que isso ocorrer\u00e1 nos pr\u00f3ximos dias.<\/p>\n<p>Revelado pelo Vila Nova, Fernando est\u00e1 retornando ao futebol brasileiro ap\u00f3s 17 temporadas na Europa, onde teve passagens por Estrela Amadora, Porto, Manchester City, Galatasaray e Sevilla.<\/p>\n<p>&nbsp;<\/p>\n<p><a href=\"https:\/\/www.instagram.com\/folhadoleste\/\"><img decoding=\"async\" class=\"aligncenter wp-image-15962\" src=\"https:\/\/folhadoleste.com.br\/wp-content\/uploads\/2023\/07\/instagram.jpg.webp\" alt=\"Itaipu-Itaipua\u00e7u: Caminh\u00e3o causa grave acidente na RJ-102, a estrada da Serrinha\" width=\"49\" height=\"49\" \/><\/a><a href=\"https:\/\/www.facebook.com\/folhadoleste\"><img decoding=\"async\" class=\"aligncenter wp-image-7424\" src=\"https:\/\/folhadoleste.com.br\/wp-content\/uploads\/2023\/05\/facebook-logo-3-1.png.webp\" alt=\"Itaipu-Itaipua\u00e7u: Caminh\u00e3o causa grave acidente na RJ-102, a estrada da Serrinha\" width=\"49\" height=\"49\" \/><\/a><\/p>","protected":false},"excerpt":{"rendered":"<p>No radar do Vasco para 2024, o volante Fernando est\u00e1 pr\u00f3ximo de acertar com outro clube do Campeonato Brasileiro. Segundo o jornalista Ven\u00ea Casagrande, o Internacional est\u00e1 pr\u00f3ximo de garantir a contrata\u00e7\u00e3o do jogador de 36 anos. Al\u00e9m do Vasco e do Internacional, o Cruzeiro tamb\u00e9m tentou contratar Fernando. No entanto, o Colorado apresentou uma proposta financeiramente mais vantajosa, com dois anos de contrato. A expectativa \u00e9 que o volante assine com o clube de Porto Alegre. \u201cLeia mais not\u00edcias sobre Esportes Aqui\u201d Ambos os times elogiaram a postura do atleta, que n\u00e3o promoveu um &#8220;leil\u00e3o&#8221; entre os interessados. O [&hellip;]<\/p>\n","protected":false},"author":4,"featured_media":42679,"comment_status":"open","ping_status":"open","sticky":false,"template":"","format":"standard","meta":{"footnotes":""},"categories":[48,65],"tags":[248,2099,105,16260,101,541,104,16261],"class_list":["post-42677","post","type-post","status-publish","format-standard","has-post-thumbnail","hentry","category-esportes","category-futebol-esportes","tag-contratacao","tag-cruzeiro","tag-esportes","tag-fernando","tag-futebol","tag-internacional","tag-vasco","tag-volante","post--single"],"yoast_head":"<!-- This site is optimized with the Yoast SEO plugin v27.5 - https:\/\/yoast.com\/product\/yoast-seo-wordpress\/ -->\n<title>Vasco perde a disputa por Fernando &#8226; Folha do Leste<\/title>\n<meta name=\"description\" content=\"No radar do Vasco para 2024, o volante Fernando est\u00e1 pr\u00f3ximo de acertar com outro clube do Campeonato Brasileiro...\" \/>\n<meta name=\"robots\" content=\"index, follow, max-snippet:-1, max-image-preview:large, max-video-preview:-1\" \/>\n<link rel=\"canonical\" href=\"https:\/\/folhadoleste.com.br\/en\/vasco-perde-a-disputa-por-fernando\/\" \/>\n<meta property=\"og:locale\" content=\"en_US\" \/>\n<meta property=\"og:type\" content=\"article\" \/>\n<meta property=\"og:title\" content=\"Vasco perde a disputa por Fernando &#8226; Folha do Leste\" \/>\n<meta property=\"og:description\" content=\"Futebol &#8226; Folha do Leste\" \/>\n<meta property=\"og:url\" content=\"https:\/\/folhadoleste.com.br\/en\/vasco-perde-a-disputa-por-fernando\/\" \/>\n<meta property=\"og:site_name\" content=\"Folha do Leste\" \/>\n<meta property=\"article:publisher\" content=\"https:\/\/www.facebook.com\/folhadoleste\" \/>\n<meta property=\"article:published_time\" content=\"2024-01-03T13:01:27+00:00\" \/>\n<meta property=\"og:image\" content=\"https:\/\/folhadoleste.com.br\/wp-content\/uploads\/2024\/01\/Vasco-perde-a-disputa-por-Fernando-Foto-AFP.webp\" \/>\n\t<meta property=\"og:image:width\" content=\"1200\" \/>\n\t<meta property=\"og:image:height\" content=\"750\" \/>\n\t<meta property=\"og:image:type\" content=\"image\/webp\" \/>\n<meta name=\"author\" content=\"Folha do Leste\" \/>\n<meta name=\"twitter:card\" content=\"summary_large_image\" \/>\n<meta name=\"twitter:creator\" content=\"@FolhadoLesteRJ\" \/>\n<meta name=\"twitter:site\" content=\"@FolhadoLesteRJ\" \/>\n<meta name=\"twitter:label1\" content=\"Written by\" \/>\n\t<meta name=\"twitter:data1\" content=\"Folha do Leste\" \/>\n\t<meta name=\"twitter:label2\" content=\"Est. reading time\" \/>\n\t<meta name=\"twitter:data2\" content=\"2 minutes\" \/>\n<script type=\"application\/ld+json\" class=\"yoast-schema-graph\">{\"@context\":\"https:\\\/\\\/schema.org\",\"@graph\":[{\"@type\":\"NewsArticle\",\"@id\":\"https:\\\/\\\/folhadoleste.com.br\\\/vasco-perde-a-disputa-por-fernando\\\/#article\",\"isPartOf\":{\"@id\":\"https:\\\/\\\/folhadoleste.com.br\\\/vasco-perde-a-disputa-por-fernando\\\/\"},\"author\":{\"name\":\"Folha do Leste\",\"@id\":\"https:\\\/\\\/folhadoleste.com.br\\\/#\\\/schema\\\/person\\\/3e97145b2e1861276e84471aa85a3899\"},\"headline\":\"Vasco perde a disputa por Fernando\",\"datePublished\":\"2024-01-03T13:01:27+00:00\",\"mainEntityOfPage\":{\"@id\":\"https:\\\/\\\/folhadoleste.com.br\\\/vasco-perde-a-disputa-por-fernando\\\/\"},\"wordCount\":175,\"commentCount\":0,\"publisher\":{\"@id\":\"https:\\\/\\\/folhadoleste.com.br\\\/#organization\"},\"image\":{\"@id\":\"https:\\\/\\\/folhadoleste.com.br\\\/vasco-perde-a-disputa-por-fernando\\\/#primaryimage\"},\"thumbnailUrl\":\"https:\\\/\\\/folhadoleste.com.br\\\/wp-content\\\/uploads\\\/2024\\\/01\\\/Vasco-perde-a-disputa-por-Fernando-Foto-AFP.webp\",\"keywords\":[\"contrata\u00e7\u00e3o\",\"Cruzeiro\",\"Esportes\",\"Fernando\",\"futebol\",\"Internacional\",\"Vasco\",\"volante\"],\"articleSection\":[\"Esportes\",\"Futebol\"],\"inLanguage\":\"en-US\",\"potentialAction\":[{\"@type\":\"CommentAction\",\"name\":\"Comment\",\"target\":[\"https:\\\/\\\/folhadoleste.com.br\\\/vasco-perde-a-disputa-por-fernando\\\/#respond\"]}]},{\"@type\":\"WebPage\",\"@id\":\"https:\\\/\\\/folhadoleste.com.br\\\/vasco-perde-a-disputa-por-fernando\\\/\",\"url\":\"https:\\\/\\\/folhadoleste.com.br\\\/vasco-perde-a-disputa-por-fernando\\\/\",\"name\":\"Vasco perde a disputa por Fernando &#8226; Folha do Leste\",\"isPartOf\":{\"@id\":\"https:\\\/\\\/folhadoleste.com.br\\\/#website\"},\"primaryImageOfPage\":{\"@id\":\"https:\\\/\\\/folhadoleste.com.br\\\/vasco-perde-a-disputa-por-fernando\\\/#primaryimage\"},\"image\":{\"@id\":\"https:\\\/\\\/folhadoleste.com.br\\\/vasco-perde-a-disputa-por-fernando\\\/#primaryimage\"},\"thumbnailUrl\":\"https:\\\/\\\/folhadoleste.com.br\\\/wp-content\\\/uploads\\\/2024\\\/01\\\/Vasco-perde-a-disputa-por-Fernando-Foto-AFP.webp\",\"datePublished\":\"2024-01-03T13:01:27+00:00\",\"description\":\"No radar do Vasco para 2024, o volante Fernando est\u00e1 pr\u00f3ximo de acertar com outro clube do Campeonato Brasileiro...\",\"breadcrumb\":{\"@id\":\"https:\\\/\\\/folhadoleste.com.br\\\/vasco-perde-a-disputa-por-fernando\\\/#breadcrumb\"},\"inLanguage\":\"en-US\",\"potentialAction\":[{\"@type\":\"ReadAction\",\"target\":[\"https:\\\/\\\/folhadoleste.com.br\\\/vasco-perde-a-disputa-por-fernando\\\/\"]}]},{\"@type\":\"ImageObject\",\"inLanguage\":\"en-US\",\"@id\":\"https:\\\/\\\/folhadoleste.com.br\\\/vasco-perde-a-disputa-por-fernando\\\/#primaryimage\",\"url\":\"https:\\\/\\\/folhadoleste.com.br\\\/wp-content\\\/uploads\\\/2024\\\/01\\\/Vasco-perde-a-disputa-por-Fernando-Foto-AFP.webp\",\"contentUrl\":\"https:\\\/\\\/folhadoleste.com.br\\\/wp-content\\\/uploads\\\/2024\\\/01\\\/Vasco-perde-a-disputa-por-Fernando-Foto-AFP.webp\",\"width\":1200,\"height\":750,\"caption\":\"Foto: AFP\"},{\"@type\":\"BreadcrumbList\",\"@id\":\"https:\\\/\\\/folhadoleste.com.br\\\/vasco-perde-a-disputa-por-fernando\\\/#breadcrumb\",\"itemListElement\":[{\"@type\":\"ListItem\",\"position\":1,\"name\":\"In\u00edcio\",\"item\":\"https:\\\/\\\/folhadoleste.com.br\\\/\"},{\"@type\":\"ListItem\",\"position\":2,\"name\":\"Esportes\",\"item\":\"https:\\\/\\\/folhadoleste.com.br\\\/category\\\/esportes\\\/\"},{\"@type\":\"ListItem\",\"position\":3,\"name\":\"Futebol\",\"item\":\"https:\\\/\\\/folhadoleste.com.br\\\/category\\\/esportes\\\/futebol-esportes\\\/\"},{\"@type\":\"ListItem\",\"position\":4,\"name\":\"Vasco perde a disputa por Fernando\"}]},{\"@type\":\"WebSite\",\"@id\":\"https:\\\/\\\/folhadoleste.com.br\\\/#website\",\"url\":\"https:\\\/\\\/folhadoleste.com.br\\\/\",\"name\":\"Folha do Leste\",\"description\":\"Portal de Not\u00edcias com \u00eanfase em Niter\u00f3i, criando conte\u00fados desde a capital Rio de Janeiro, com olhar para o Leste Fluminense e suas cidades como S\u00e3o Gon\u00e7alo, Itabora\u00ed, Rio Bonito, Maric\u00e1, Saquarema e Araruama\",\"publisher\":{\"@id\":\"https:\\\/\\\/folhadoleste.com.br\\\/#organization\"},\"alternateName\":\"FL\",\"potentialAction\":[{\"@type\":\"SearchAction\",\"target\":{\"@type\":\"EntryPoint\",\"urlTemplate\":\"https:\\\/\\\/folhadoleste.com.br\\\/?s={search_term_string}\"},\"query-input\":{\"@type\":\"PropertyValueSpecification\",\"valueRequired\":true,\"valueName\":\"search_term_string\"}}],\"inLanguage\":\"en-US\"},{\"@type\":\"Organization\",\"@id\":\"https:\\\/\\\/folhadoleste.com.br\\\/#organization\",\"name\":\"Brasil 21 Comunica\u00e7\u00e3o\",\"alternateName\":\"BR21\",\"url\":\"https:\\\/\\\/folhadoleste.com.br\\\/\",\"logo\":{\"@type\":\"ImageObject\",\"inLanguage\":\"en-US\",\"@id\":\"https:\\\/\\\/folhadoleste.com.br\\\/#\\\/schema\\\/logo\\\/image\\\/\",\"url\":\"https:\\\/\\\/folhadoleste.com.br\\\/wp-content\\\/uploads\\\/2025\\\/12\\\/brasil-21-logomarca.avif\",\"contentUrl\":\"https:\\\/\\\/folhadoleste.com.br\\\/wp-content\\\/uploads\\\/2025\\\/12\\\/brasil-21-logomarca.avif\",\"width\":1044,\"height\":1044,\"caption\":\"Brasil 21 Comunica\u00e7\u00e3o\"},\"image\":{\"@id\":\"https:\\\/\\\/folhadoleste.com.br\\\/#\\\/schema\\\/logo\\\/image\\\/\"},\"sameAs\":[\"https:\\\/\\\/www.facebook.com\\\/folhadoleste\",\"https:\\\/\\\/x.com\\\/FolhadoLesteRJ\",\"https:\\\/\\\/www.instagram.com\\\/folhadoleste\\\/\"]},{\"@type\":\"Person\",\"@id\":\"https:\\\/\\\/folhadoleste.com.br\\\/#\\\/schema\\\/person\\\/3e97145b2e1861276e84471aa85a3899\",\"name\":\"Folha do Leste\",\"image\":{\"@type\":\"ImageObject\",\"inLanguage\":\"en-US\",\"@id\":\"https:\\\/\\\/folhadoleste.com.br\\\/wp-content\\\/litespeed\\\/avatar\\\/1ca8c218432e7045e748610eb3db0259.jpg?ver=1777161142\",\"url\":\"https:\\\/\\\/folhadoleste.com.br\\\/wp-content\\\/litespeed\\\/avatar\\\/1ca8c218432e7045e748610eb3db0259.jpg?ver=1777161142\",\"contentUrl\":\"https:\\\/\\\/folhadoleste.com.br\\\/wp-content\\\/litespeed\\\/avatar\\\/1ca8c218432e7045e748610eb3db0259.jpg?ver=1777161142\",\"caption\":\"Folha do Leste\"},\"url\":\"https:\\\/\\\/folhadoleste.com.br\\\/en\\\/author\\\/reportagem-01\\\/\"}]}<\/script>\n<!-- \/ Yoast SEO plugin. -->","yoast_head_json":{"title":"Vasco perde a disputa por Fernando &#8226; Folha do Leste","description":"No radar do Vasco para 2024, o volante Fernando est\u00e1 pr\u00f3ximo de acertar com outro clube do Campeonato Brasileiro...","robots":{"index":"index","follow":"follow","max-snippet":"max-snippet:-1","max-image-preview":"max-image-preview:large","max-video-preview":"max-video-preview:-1"},"canonical":"https:\/\/folhadoleste.com.br\/en\/vasco-perde-a-disputa-por-fernando\/","og_locale":"en_US","og_type":"article","og_title":"Vasco perde a disputa por Fernando &#8226; Folha do Leste","og_description":"Futebol &#8226; Folha do Leste","og_url":"https:\/\/folhadoleste.com.br\/en\/vasco-perde-a-disputa-por-fernando\/","og_site_name":"Folha do Leste","article_publisher":"https:\/\/www.facebook.com\/folhadoleste","article_published_time":"2024-01-03T13:01:27+00:00","og_image":[{"width":1200,"height":750,"url":"https:\/\/folhadoleste.com.br\/wp-content\/uploads\/2024\/01\/Vasco-perde-a-disputa-por-Fernando-Foto-AFP.webp","type":"image\/webp"}],"author":"Folha do Leste","twitter_card":"summary_large_image","twitter_creator":"@FolhadoLesteRJ","twitter_site":"@FolhadoLesteRJ","twitter_misc":{"Written by":"Folha do Leste","Est. reading time":"2 minutes"},"schema":{"@context":"https:\/\/schema.org","@graph":[{"@type":"NewsArticle","@id":"https:\/\/folhadoleste.com.br\/vasco-perde-a-disputa-por-fernando\/#article","isPartOf":{"@id":"https:\/\/folhadoleste.com.br\/vasco-perde-a-disputa-por-fernando\/"},"author":{"name":"Folha do Leste","@id":"https:\/\/folhadoleste.com.br\/#\/schema\/person\/3e97145b2e1861276e84471aa85a3899"},"headline":"Vasco perde a disputa por Fernando","datePublished":"2024-01-03T13:01:27+00:00","mainEntityOfPage":{"@id":"https:\/\/folhadoleste.com.br\/vasco-perde-a-disputa-por-fernando\/"},"wordCount":175,"commentCount":0,"publisher":{"@id":"https:\/\/folhadoleste.com.br\/#organization"},"image":{"@id":"https:\/\/folhadoleste.com.br\/vasco-perde-a-disputa-por-fernando\/#primaryimage"},"thumbnailUrl":"https:\/\/folhadoleste.com.br\/wp-content\/uploads\/2024\/01\/Vasco-perde-a-disputa-por-Fernando-Foto-AFP.webp","keywords":["contrata\u00e7\u00e3o","Cruzeiro","Esportes","Fernando","futebol","Internacional","Vasco","volante"],"articleSection":["Esportes","Futebol"],"inLanguage":"en-US","potentialAction":[{"@type":"CommentAction","name":"Comment","target":["https:\/\/folhadoleste.com.br\/vasco-perde-a-disputa-por-fernando\/#respond"]}]},{"@type":"WebPage","@id":"https:\/\/folhadoleste.com.br\/vasco-perde-a-disputa-por-fernando\/","url":"https:\/\/folhadoleste.com.br\/vasco-perde-a-disputa-por-fernando\/","name":"Vasco perde a disputa por Fernando &#8226; Folha do Leste","isPartOf":{"@id":"https:\/\/folhadoleste.com.br\/#website"},"primaryImageOfPage":{"@id":"https:\/\/folhadoleste.com.br\/vasco-perde-a-disputa-por-fernando\/#primaryimage"},"image":{"@id":"https:\/\/folhadoleste.com.br\/vasco-perde-a-disputa-por-fernando\/#primaryimage"},"thumbnailUrl":"https:\/\/folhadoleste.com.br\/wp-content\/uploads\/2024\/01\/Vasco-perde-a-disputa-por-Fernando-Foto-AFP.webp","datePublished":"2024-01-03T13:01:27+00:00","description":"No radar do Vasco para 2024, o volante Fernando est\u00e1 pr\u00f3ximo de acertar com outro clube do Campeonato Brasileiro...","breadcrumb":{"@id":"https:\/\/folhadoleste.com.br\/vasco-perde-a-disputa-por-fernando\/#breadcrumb"},"inLanguage":"en-US","potentialAction":[{"@type":"ReadAction","target":["https:\/\/folhadoleste.com.br\/vasco-perde-a-disputa-por-fernando\/"]}]},{"@type":"ImageObject","inLanguage":"en-US","@id":"https:\/\/folhadoleste.com.br\/vasco-perde-a-disputa-por-fernando\/#primaryimage","url":"https:\/\/folhadoleste.com.br\/wp-content\/uploads\/2024\/01\/Vasco-perde-a-disputa-por-Fernando-Foto-AFP.webp","contentUrl":"https:\/\/folhadoleste.com.br\/wp-content\/uploads\/2024\/01\/Vasco-perde-a-disputa-por-Fernando-Foto-AFP.webp","width":1200,"height":750,"caption":"Foto: AFP"},{"@type":"BreadcrumbList","@id":"https:\/\/folhadoleste.com.br\/vasco-perde-a-disputa-por-fernando\/#breadcrumb","itemListElement":[{"@type":"ListItem","position":1,"name":"In\u00edcio","item":"https:\/\/folhadoleste.com.br\/"},{"@type":"ListItem","position":2,"name":"Esportes","item":"https:\/\/folhadoleste.com.br\/category\/esportes\/"},{"@type":"ListItem","position":3,"name":"Futebol","item":"https:\/\/folhadoleste.com.br\/category\/esportes\/futebol-esportes\/"},{"@type":"ListItem","position":4,"name":"Vasco perde a disputa por Fernando"}]},{"@type":"WebSite","@id":"https:\/\/folhadoleste.com.br\/#website","url":"https:\/\/folhadoleste.com.br\/","name":"Folha do Leste","description":"Portal de Not\u00edcias com \u00eanfase em Niter\u00f3i, criando conte\u00fados desde a capital Rio de Janeiro, com olhar para o Leste Fluminense e suas cidades como S\u00e3o Gon\u00e7alo, Itabora\u00ed, Rio Bonito, Maric\u00e1, Saquarema e Araruama","publisher":{"@id":"https:\/\/folhadoleste.com.br\/#organization"},"alternateName":"FL","potentialAction":[{"@type":"SearchAction","target":{"@type":"EntryPoint","urlTemplate":"https:\/\/folhadoleste.com.br\/?s={search_term_string}"},"query-input":{"@type":"PropertyValueSpecification","valueRequired":true,"valueName":"search_term_string"}}],"inLanguage":"en-US"},{"@type":"Organization","@id":"https:\/\/folhadoleste.com.br\/#organization","name":"Brasil 21 Comunica\u00e7\u00e3o","alternateName":"BR21","url":"https:\/\/folhadoleste.com.br\/","logo":{"@type":"ImageObject","inLanguage":"en-US","@id":"https:\/\/folhadoleste.com.br\/#\/schema\/logo\/image\/","url":"https:\/\/folhadoleste.com.br\/wp-content\/uploads\/2025\/12\/brasil-21-logomarca.avif","contentUrl":"https:\/\/folhadoleste.com.br\/wp-content\/uploads\/2025\/12\/brasil-21-logomarca.avif","width":1044,"height":1044,"caption":"Brasil 21 Comunica\u00e7\u00e3o"},"image":{"@id":"https:\/\/folhadoleste.com.br\/#\/schema\/logo\/image\/"},"sameAs":["https:\/\/www.facebook.com\/folhadoleste","https:\/\/x.com\/FolhadoLesteRJ","https:\/\/www.instagram.com\/folhadoleste\/"]},{"@type":"Person","@id":"https:\/\/folhadoleste.com.br\/#\/schema\/person\/3e97145b2e1861276e84471aa85a3899","name":"Folha do Leste","image":{"@type":"ImageObject","inLanguage":"en-US","@id":"https:\/\/folhadoleste.com.br\/wp-content\/litespeed\/avatar\/1ca8c218432e7045e748610eb3db0259.jpg?ver=1777161142","url":"https:\/\/folhadoleste.com.br\/wp-content\/litespeed\/avatar\/1ca8c218432e7045e748610eb3db0259.jpg?ver=1777161142","contentUrl":"https:\/\/folhadoleste.com.br\/wp-content\/litespeed\/avatar\/1ca8c218432e7045e748610eb3db0259.jpg?ver=1777161142","caption":"Folha do Leste"},"url":"https:\/\/folhadoleste.com.br\/en\/author\/reportagem-01\/"}]}},"_links":{"self":[{"href":"https:\/\/folhadoleste.com.br\/en\/wp-json\/wp\/v2\/posts\/42677","targetHints":{"allow":["GET"]}}],"collection":[{"href":"https:\/\/folhadoleste.com.br\/en\/wp-json\/wp\/v2\/posts"}],"about":[{"href":"https:\/\/folhadoleste.com.br\/en\/wp-json\/wp\/v2\/types\/post"}],"author":[{"embeddable":true,"href":"https:\/\/folhadoleste.com.br\/en\/wp-json\/wp\/v2\/users\/4"}],"replies":[{"embeddable":true,"href":"https:\/\/folhadoleste.com.br\/en\/wp-json\/wp\/v2\/comments?post=42677"}],"version-history":[{"count":1,"href":"https:\/\/folhadoleste.com.br\/en\/wp-json\/wp\/v2\/posts\/42677\/revisions"}],"predecessor-version":[{"id":42680,"href":"https:\/\/folhadoleste.com.br\/en\/wp-json\/wp\/v2\/posts\/42677\/revisions\/42680"}],"wp:featuredmedia":[{"embeddable":true,"href":"https:\/\/folhadoleste.com.br\/en\/wp-json\/wp\/v2\/media\/42679"}],"wp:attachment":[{"href":"https:\/\/folhadoleste.com.br\/en\/wp-json\/wp\/v2\/media?parent=42677"}],"wp:term":[{"taxonomy":"category","embeddable":true,"href":"https:\/\/folhadoleste.com.br\/en\/wp-json\/wp\/v2\/categories?post=42677"},{"taxonomy":"post_tag","embeddable":true,"href":"https:\/\/folhadoleste.com.br\/en\/wp-json\/wp\/v2\/tags?post=42677"}],"curies":[{"name":"wp","href":"https:\/\/api.w.org\/{rel}","templated":true}]}}