{"id":42208,"date":"2023-12-29T13:06:45","date_gmt":"2023-12-29T16:06:45","guid":{"rendered":"https:\/\/folhadoleste.com.br\/?p=42208"},"modified":"2023-12-29T13:06:45","modified_gmt":"2023-12-29T16:06:45","slug":"niteroi-prepara-reveillon-2024-ultimos-ajustes-sao-feitos","status":"publish","type":"post","link":"https:\/\/folhadoleste.com.br\/en\/niteroi-prepara-reveillon-2024-ultimos-ajustes-sao-feitos\/","title":{"rendered":"Niter\u00f3i prepara R\u00e9veillon 2024: \u00faltimos ajustes s\u00e3o feitos"},"content":{"rendered":"<div id=\"attachment_42210\" style=\"width: 2570px\" class=\"wp-caption aligncenter\"><img decoding=\"async\" aria-describedby=\"caption-attachment-42210\" class=\"size-full wp-image-42210\" src=\"https:\/\/folhadoleste.com.br\/wp-content\/uploads\/2023\/12\/Niteroi-prepara-Reveillon-2024-ultimos-ajustes-sao-feitos-2-Foto-Alex-Ramos-scaled.jpg\" alt=\"Niter\u00f3i prepara R\u00e9veillon 2024: \u00faltimos ajustes s\u00e3o feitos\" width=\"2560\" height=\"1707\" \/><p id=\"caption-attachment-42210\" class=\"wp-caption-text\">Foto: Alex Ramos<\/p><\/div>\n<p>H\u00e1 tr\u00eas dias da festa mais tradicional do ano, a Prefeitura de Niter\u00f3i realizou um encontro com diversos \u00f3rg\u00e3os para fazer os \u00faltimos ajustes para o R\u00e9veillon 450 anos: O futuro \u00e9 agora. A reuni\u00e3o contou com a presen\u00e7a de v\u00e1rios \u00f3rg\u00e3os da gest\u00e3o municipal e agentes externos que est\u00e3o envolvidos nos preparativos da grande festa que vai contar com um efetivo de cerca de 2 mil pessoas trabalhando nas diversas \u00e1reas. O evento, organizado pela Neltur, j\u00e1 tem esquemas de transporte, sa\u00fade e limpeza definidos, al\u00e9m de contar com medidas para caso de crian\u00e7as perdidas.<\/p>\n<p>A Praia de Icara\u00ed ser\u00e1 totalmente interditada a partir das 18h deste domingo (31) e liberada logo ap\u00f3s o encerramento do show principal, do cantor Lulu Santos. Na manh\u00e3 de segunda, 1\u00ba de janeiro, a Praia volta a ser interditada por um per\u00edodo curto, a partir das 6h, para que as equipes da Clin possam realizar todo o trabalho de limpeza em seguran\u00e7a.<\/p>\n<p>A via ser\u00e1 totalmente liberada para acesso dos ve\u00edculos ap\u00f3s o t\u00e9rmino do servi\u00e7o de limpeza. At\u00e9 l\u00e1, os ve\u00edculos ter\u00e3o acesso somente at\u00e9 a altura da Rua \u00c1lvarez de Azevedo (utilizada para chegar \u00e0 Rua Gavi\u00e3o Peixoto e Av. Roberto Silveira). O estacionamento nas vias ser\u00e1 proibido a partir do s\u00e1bado (30), \u00e0s 21h. Os operadores da NitTrans estar\u00e3o organizando o tr\u00e1fego e ruas do entorno das principais vias de acesso.<\/p>\n<h4><a href=\"https:\/\/folhadoleste.com.br\/en\/category\/jornal-folha-do-leste-rj\/niteroi\/\"><strong>\u201cLeia mais not\u00edcias sobre Niter\u00f3i aqui\u201d<\/strong><\/a><\/h4>\n<p>A Prefeitura de Niter\u00f3i ter\u00e1 uma tenda montada na Praia, em frente \u00e0 Pra\u00e7a Get\u00falio Vargas, onde haver\u00e1 um posto m\u00f3vel do Centro Integrado de Seguran\u00e7a P\u00fablica (CISP) de Niter\u00f3i. A atua\u00e7\u00e3o do 12\u00ba Batalh\u00e3o de Pol\u00edcia Militar ser\u00e1 realizada junto ao Posto do CISP. A Pol\u00edcia Militar vai atuar em toda extens\u00e3o das praias de Icara\u00ed e de Itaipu, com efetivo refor\u00e7ado para ambos os locais, al\u00e9m de outros pontos da cidade. A Secretaria de Ordem P\u00fablica vai disponibilizar viaturas com agentes para atuar no dia 31, a partir das 20h, coibindo a utiliza\u00e7\u00e3o de garrafas de vidro e trabalhar na fiscaliza\u00e7\u00e3o.<\/p>\n<blockquote><p>&#8220;A gente est\u00e1 organizando essa festa com muito carinho. Venham para a Praia, aproveitem a festa, mas a gente faz um apelo para que as pessoas priorizem o transporte p\u00fablico e n\u00e3o tragam materiais de vidro ou cortantes. A gente sabe que muitas pessoas trazem a sua garrafa de espumante, ent\u00e3o pedimos que tenham cuidado no manuseio e no descarte. Tragam seus copos, mas evitem ta\u00e7as que possam quebrar e causar acidentes para que a gente possa ter uma festa bonita e com todos em seguran\u00e7a para que as pessoas entrem em 2024 com muita sa\u00fade, paz, alegria e esperan\u00e7a porque o futuro \u00e9 agora&#8221;, refor\u00e7a o presidente da Neltur, Andr\u00e9 Bento.<\/p><\/blockquote>\n<p>A estimativa \u00e9 que, s\u00f3 na Praia de Icara\u00ed, o p\u00fablico chegue a 250 mil pessoas, por isso, foi pensada tamb\u00e9m uma a\u00e7\u00e3o de preven\u00e7\u00e3o a casos de menores perdidos. As fam\u00edlias que forem aproveitar o evento na praia contar\u00e3o com pulseiras de identifica\u00e7\u00e3o para suas crian\u00e7as e jovens. Ser\u00e3o disponibilizadas pulseiras identificadoras (distribu\u00eddas no posto do CISP M\u00f3vel). O objetivo \u00e9 facilitar sua localiza\u00e7\u00e3o nos eventuais casos de se perderem.\u00a0O Conselho Tutelar\u00a0ter\u00e1 plantonista, junto ao CISP M\u00f3vel, fazendo abordagem durante todo o evento.<\/p>\n<p>O Corpo de Bombeiros vai atuar com um posto fixo montado pr\u00f3ximo ao palco para qualquer emerg\u00eancia e para eventuais situa\u00e7\u00f5es de preven\u00e7\u00e3o de inc\u00eandios. A corpora\u00e7\u00e3o tamb\u00e9m ter\u00e1 o servi\u00e7o refor\u00e7ado de guarda-vidas de prontid\u00e3o na areia da Praia de Icara\u00ed.<\/p>\n<h4><a href=\"https:\/\/folhadoleste.com.br\/en\/category\/jornal-folha-do-leste-rj\/niteroi\/\"><strong>\u201cLeia mais not\u00edcias sobre Niter\u00f3i aqui\u201d<\/strong><\/a><\/h4>\n<p class=\"v1gmail-Carol\">A Secretaria Municipal de Defesa Civil\u00a0e Geotecnia far\u00e1, continuadamente, um monitoramento das previs\u00f5es meteorol\u00f3gicas nos dias 31 de dezembro e 1 de janeiro. Al\u00e9m disso, a Neltur contratou uma empresa especializada que vai fiscalizar e monitorar toda a montagem do palco, cumprindo o Plano de Gerenciamento de Risco (PGR) antes, no dia do evento, at\u00e9 a desmontagem do mesmo. Para maior seguran\u00e7a, foi solicitado que seja tamb\u00e9m utilizado um anem\u00f4metro que vai medir a velocidade e press\u00e3o dos ventos.<\/p>\n<div id=\"attachment_42211\" style=\"width: 2570px\" class=\"wp-caption aligncenter\"><img decoding=\"async\" aria-describedby=\"caption-attachment-42211\" class=\"size-full wp-image-42211\" src=\"https:\/\/folhadoleste.com.br\/wp-content\/uploads\/2023\/12\/Niteroi-prepara-Reveillon-2024-ultimos-ajustes-sao-feitos-Foto-Alex-Ramos-scaled.jpg\" alt=\"Niter\u00f3i prepara R\u00e9veillon 2024: \u00faltimos ajustes s\u00e3o feitos\" width=\"2560\" height=\"1707\" \/><p id=\"caption-attachment-42211\" class=\"wp-caption-text\">Foto: Alex Ramos<\/p><\/div>\n<p class=\"v1gmail-Carol\">O atendimento m\u00e9dico ser\u00e1 feito pela empresa contratada LEFE Servi\u00e7os M\u00e9dicos Ltda. Na Praia de Icara\u00ed ser\u00e3o montados 3 Postos M\u00e9dicos, contando com 100 maqueiros, 10 leitos e 10 cadeiras de hidrata\u00e7\u00e3o em cada posto, 12 ambul\u00e2ncias tipo D (UTI M\u00f3vel), al\u00e9m dos m\u00e9dicos e enfermeiros. Pela Funda\u00e7\u00e3o Municipal de Sa\u00fade, estar\u00e1 no local a Coordenadora do SAMU BASE &#8211; Niter\u00f3i, Maria Auxiliadora Coutinho (Dora), que estar\u00e1 no suporte \u00e0s situa\u00e7\u00f5es adversas.<\/p>\n<p class=\"v1gmail-Carol\">Participaram da reuni\u00e3o agentes da Neltur e Supervis\u00e3o dos Centros de Atendimento ao Turista (CAT), da chefia de gabinete, das secretarias de Sa\u00fade, Ordem P\u00fablica, Defesa Civil, Conserva\u00e7\u00e3o e Servi\u00e7os P\u00fablicos Sa\u00fade (SAMU) e Assist\u00eancia Social e Economia Solid\u00e1ria, das coordenadorias Geral de Eventos e de Comunica\u00e7\u00e3o, Subsecretaria de Tr\u00e2nsito, NitTrans, Clin, Guarda Civil Municipal e representantes do Conselho Tutelar, da Time Cine Broadcast, da Pol\u00edcia Militar, da 76\u00ba Delegacia de Pol\u00edcia Civil e do\u00a012\u00ba BPM.<\/p>\n<h4 class=\"v1gmail-Carol\">Praia de Itaipu<\/h4>\n<p class=\"v1gmail-Carol\">A Regi\u00e3o Oce\u00e2nica tamb\u00e9m recebe, tradicionalmente, pessoas para assistir a queima de fogos e comemorar com os familiares nas areias. Os \u00f4nibus far\u00e3o, ao lado da praia, apenas o desembarque dos passageiros perto da praia e n\u00e3o ser\u00e1 permitida a circula\u00e7\u00e3o de carros nessa \u00e1rea. No local, haver\u00e1 um trabalho de direcionamento das \u00e1reas permitidas ao estacionamento de ve\u00edculos. O ponto final das linhas de \u00f4nibus ser\u00e1 deslocado para a lateral do Cemit\u00e9rio.<\/p>\n<p>&nbsp;<\/p>\n<p><a href=\"https:\/\/www.instagram.com\/folhadoleste\/\"><img decoding=\"async\" class=\"aligncenter wp-image-15962\" src=\"https:\/\/folhadoleste.com.br\/wp-content\/uploads\/2023\/07\/instagram.jpg.webp\" alt=\"Itaipu-Itaipua\u00e7u: Caminh\u00e3o causa grave acidente na RJ-102, a estrada da Serrinha\" width=\"49\" height=\"49\" \/><\/a><a href=\"https:\/\/www.facebook.com\/folhadoleste\"><img decoding=\"async\" class=\"aligncenter wp-image-7424\" src=\"https:\/\/folhadoleste.com.br\/wp-content\/uploads\/2023\/05\/facebook-logo-3-1.png.webp\" alt=\"Itaipu-Itaipua\u00e7u: Caminh\u00e3o causa grave acidente na RJ-102, a estrada da Serrinha\" width=\"49\" height=\"49\" \/><\/a><\/p>","protected":false},"excerpt":{"rendered":"<p>H\u00e1 tr\u00eas dias da festa mais tradicional do ano, a Prefeitura de Niter\u00f3i realizou um encontro com diversos \u00f3rg\u00e3os para fazer os \u00faltimos ajustes para o R\u00e9veillon 450 anos: O futuro \u00e9 agora. A reuni\u00e3o contou com a presen\u00e7a de v\u00e1rios \u00f3rg\u00e3os da gest\u00e3o municipal e agentes externos que est\u00e3o envolvidos nos preparativos da grande festa que vai contar com um efetivo de cerca de 2 mil pessoas trabalhando nas diversas \u00e1reas. O evento, organizado pela Neltur, j\u00e1 tem esquemas de transporte, sa\u00fade e limpeza definidos, al\u00e9m de contar com medidas para caso de crian\u00e7as perdidas. A Praia de Icara\u00ed [&hellip;]<\/p>\n","protected":false},"author":4,"featured_media":42211,"comment_status":"open","ping_status":"open","sticky":false,"template":"","format":"standard","meta":{"footnotes":""},"categories":[47,5],"tags":[72,3924,16020,717,54,15564,50,16021,3450,5993,16019,585,185],"class_list":["post-42208","post","type-post","status-publish","format-standard","has-post-thumbnail","hentry","category-leste-fluminense","category-noticias-de-niteroi","tag-ambulancias","tag-corpo-de-bombeiros","tag-criancas-perdidas","tag-defesa-civil","tag-leste-fluminense","tag-lulu-santos","tag-niteroi","tag-postos-medicos","tag-praia-de-icarai","tag-praia-de-itaipu","tag-reveillon-450-anos","tag-seguranca","tag-transporte","post--single"],"yoast_head":"<!-- This site is optimized with the Yoast SEO plugin v27.4 - https:\/\/yoast.com\/product\/yoast-seo-wordpress\/ -->\n<title>Niter\u00f3i prepara R\u00e9veillon 2024: \u00faltimos ajustes s\u00e3o feitos &#8226; Folha do Leste<\/title>\n<meta name=\"description\" content=\"R\u00e9veillon de Niter\u00f3i ter\u00e1 esquema especial de seguran\u00e7a, transporte e limpeza. Praia de Icara\u00ed ser\u00e1 interditada a partir das 18h do dia 31...\" \/>\n<meta name=\"robots\" content=\"index, follow, max-snippet:-1, max-image-preview:large, max-video-preview:-1\" \/>\n<link rel=\"canonical\" href=\"https:\/\/folhadoleste.com.br\/en\/niteroi-prepara-reveillon-2024-ultimos-ajustes-sao-feitos\/\" \/>\n<meta property=\"og:locale\" content=\"en_US\" \/>\n<meta property=\"og:type\" content=\"article\" \/>\n<meta property=\"og:title\" content=\"Niter\u00f3i prepara R\u00e9veillon 2024: \u00faltimos ajustes s\u00e3o feitos &#8226; Folha do Leste\" \/>\n<meta property=\"og:description\" content=\"Niter\u00f3i &#8226; Folha do Leste\" \/>\n<meta property=\"og:url\" content=\"https:\/\/folhadoleste.com.br\/en\/niteroi-prepara-reveillon-2024-ultimos-ajustes-sao-feitos\/\" \/>\n<meta property=\"og:site_name\" content=\"Folha do Leste\" \/>\n<meta property=\"article:publisher\" content=\"https:\/\/www.facebook.com\/folhadoleste\" \/>\n<meta property=\"article:published_time\" content=\"2023-12-29T16:06:45+00:00\" \/>\n<meta property=\"og:image\" content=\"https:\/\/folhadoleste.com.br\/wp-content\/uploads\/2023\/12\/Niteroi-prepara-Reveillon-2024-ultimos-ajustes-sao-feitos-Foto-Alex-Ramos-scaled.jpg\" \/>\n\t<meta property=\"og:image:width\" content=\"2560\" \/>\n\t<meta property=\"og:image:height\" content=\"1707\" \/>\n\t<meta property=\"og:image:type\" content=\"image\/jpeg\" \/>\n<meta name=\"author\" content=\"Folha do Leste\" \/>\n<meta name=\"twitter:card\" content=\"summary_large_image\" \/>\n<meta name=\"twitter:creator\" content=\"@FolhadoLesteRJ\" \/>\n<meta name=\"twitter:site\" content=\"@FolhadoLesteRJ\" \/>\n<meta name=\"twitter:label1\" content=\"Written by\" \/>\n\t<meta name=\"twitter:data1\" content=\"Folha do Leste\" \/>\n\t<meta name=\"twitter:label2\" content=\"Est. reading time\" \/>\n\t<meta name=\"twitter:data2\" content=\"6 minutes\" \/>\n<script type=\"application\/ld+json\" class=\"yoast-schema-graph\">{\"@context\":\"https:\\\/\\\/schema.org\",\"@graph\":[{\"@type\":\"NewsArticle\",\"@id\":\"https:\\\/\\\/folhadoleste.com.br\\\/niteroi-prepara-reveillon-2024-ultimos-ajustes-sao-feitos\\\/#article\",\"isPartOf\":{\"@id\":\"https:\\\/\\\/folhadoleste.com.br\\\/niteroi-prepara-reveillon-2024-ultimos-ajustes-sao-feitos\\\/\"},\"author\":{\"name\":\"Folha do Leste\",\"@id\":\"https:\\\/\\\/folhadoleste.com.br\\\/#\\\/schema\\\/person\\\/3e97145b2e1861276e84471aa85a3899\"},\"headline\":\"Niter\u00f3i prepara R\u00e9veillon 2024: \u00faltimos ajustes s\u00e3o feitos\",\"datePublished\":\"2023-12-29T16:06:45+00:00\",\"mainEntityOfPage\":{\"@id\":\"https:\\\/\\\/folhadoleste.com.br\\\/niteroi-prepara-reveillon-2024-ultimos-ajustes-sao-feitos\\\/\"},\"wordCount\":1019,\"commentCount\":0,\"publisher\":{\"@id\":\"https:\\\/\\\/folhadoleste.com.br\\\/#organization\"},\"image\":{\"@id\":\"https:\\\/\\\/folhadoleste.com.br\\\/niteroi-prepara-reveillon-2024-ultimos-ajustes-sao-feitos\\\/#primaryimage\"},\"thumbnailUrl\":\"https:\\\/\\\/folhadoleste.com.br\\\/wp-content\\\/uploads\\\/2023\\\/12\\\/Niteroi-prepara-Reveillon-2024-ultimos-ajustes-sao-feitos-Foto-Alex-Ramos-scaled.jpg\",\"keywords\":[\"ambul\u00e2ncias\",\"Corpo de Bombeiros\",\"Crian\u00e7as perdidas\",\"Defesa Civil\",\"Leste Fluminense\",\"Lulu Santos\",\"Niter\u00f3i\",\"Postos m\u00e9dicos\",\"Praia de Icara\u00ed\",\"Praia de Itaipu\",\"R\u00e9veillon 450 anos\",\"seguran\u00e7a\",\"transporte\"],\"articleSection\":[\"Leste Fluminense\",\"Niter\u00f3i\"],\"inLanguage\":\"en-US\",\"potentialAction\":[{\"@type\":\"CommentAction\",\"name\":\"Comment\",\"target\":[\"https:\\\/\\\/folhadoleste.com.br\\\/niteroi-prepara-reveillon-2024-ultimos-ajustes-sao-feitos\\\/#respond\"]}]},{\"@type\":\"WebPage\",\"@id\":\"https:\\\/\\\/folhadoleste.com.br\\\/niteroi-prepara-reveillon-2024-ultimos-ajustes-sao-feitos\\\/\",\"url\":\"https:\\\/\\\/folhadoleste.com.br\\\/niteroi-prepara-reveillon-2024-ultimos-ajustes-sao-feitos\\\/\",\"name\":\"Niter\u00f3i prepara R\u00e9veillon 2024: \u00faltimos ajustes s\u00e3o feitos &#8226; Folha do Leste\",\"isPartOf\":{\"@id\":\"https:\\\/\\\/folhadoleste.com.br\\\/#website\"},\"primaryImageOfPage\":{\"@id\":\"https:\\\/\\\/folhadoleste.com.br\\\/niteroi-prepara-reveillon-2024-ultimos-ajustes-sao-feitos\\\/#primaryimage\"},\"image\":{\"@id\":\"https:\\\/\\\/folhadoleste.com.br\\\/niteroi-prepara-reveillon-2024-ultimos-ajustes-sao-feitos\\\/#primaryimage\"},\"thumbnailUrl\":\"https:\\\/\\\/folhadoleste.com.br\\\/wp-content\\\/uploads\\\/2023\\\/12\\\/Niteroi-prepara-Reveillon-2024-ultimos-ajustes-sao-feitos-Foto-Alex-Ramos-scaled.jpg\",\"datePublished\":\"2023-12-29T16:06:45+00:00\",\"description\":\"R\u00e9veillon de Niter\u00f3i ter\u00e1 esquema especial de seguran\u00e7a, transporte e limpeza. Praia de Icara\u00ed ser\u00e1 interditada a partir das 18h do dia 31...\",\"breadcrumb\":{\"@id\":\"https:\\\/\\\/folhadoleste.com.br\\\/niteroi-prepara-reveillon-2024-ultimos-ajustes-sao-feitos\\\/#breadcrumb\"},\"inLanguage\":\"en-US\",\"potentialAction\":[{\"@type\":\"ReadAction\",\"target\":[\"https:\\\/\\\/folhadoleste.com.br\\\/niteroi-prepara-reveillon-2024-ultimos-ajustes-sao-feitos\\\/\"]}]},{\"@type\":\"ImageObject\",\"inLanguage\":\"en-US\",\"@id\":\"https:\\\/\\\/folhadoleste.com.br\\\/niteroi-prepara-reveillon-2024-ultimos-ajustes-sao-feitos\\\/#primaryimage\",\"url\":\"https:\\\/\\\/folhadoleste.com.br\\\/wp-content\\\/uploads\\\/2023\\\/12\\\/Niteroi-prepara-Reveillon-2024-ultimos-ajustes-sao-feitos-Foto-Alex-Ramos-scaled.jpg\",\"contentUrl\":\"https:\\\/\\\/folhadoleste.com.br\\\/wp-content\\\/uploads\\\/2023\\\/12\\\/Niteroi-prepara-Reveillon-2024-ultimos-ajustes-sao-feitos-Foto-Alex-Ramos-scaled.jpg\",\"width\":2560,\"height\":1707,\"caption\":\"Altera\u00e7\u00f5es no tr\u00e2nsito de Niter\u00f3i para o R\u00e9veillon 2024 | Alex Ramos\"},{\"@type\":\"BreadcrumbList\",\"@id\":\"https:\\\/\\\/folhadoleste.com.br\\\/niteroi-prepara-reveillon-2024-ultimos-ajustes-sao-feitos\\\/#breadcrumb\",\"itemListElement\":[{\"@type\":\"ListItem\",\"position\":1,\"name\":\"In\u00edcio\",\"item\":\"https:\\\/\\\/folhadoleste.com.br\\\/\"},{\"@type\":\"ListItem\",\"position\":2,\"name\":\"Estado do Rio de Janeiro\",\"item\":\"https:\\\/\\\/folhadoleste.com.br\\\/category\\\/estado-do-rio-de-janeiro\\\/\"},{\"@type\":\"ListItem\",\"position\":3,\"name\":\"Leste Fluminense\",\"item\":\"https:\\\/\\\/folhadoleste.com.br\\\/category\\\/estado-do-rio-de-janeiro\\\/leste-fluminense\\\/\"},{\"@type\":\"ListItem\",\"position\":4,\"name\":\"Niter\u00f3i\",\"item\":\"https:\\\/\\\/folhadoleste.com.br\\\/category\\\/estado-do-rio-de-janeiro\\\/leste-fluminense\\\/noticias-de-niteroi\\\/\"},{\"@type\":\"ListItem\",\"position\":5,\"name\":\"Niter\u00f3i prepara R\u00e9veillon 2024: \u00faltimos ajustes s\u00e3o feitos\"}]},{\"@type\":\"WebSite\",\"@id\":\"https:\\\/\\\/folhadoleste.com.br\\\/#website\",\"url\":\"https:\\\/\\\/folhadoleste.com.br\\\/\",\"name\":\"Folha do Leste\",\"description\":\"Portal de Not\u00edcias com \u00eanfase em Niter\u00f3i, criando conte\u00fados desde a capital Rio de Janeiro, com olhar para o Leste Fluminense e suas cidades como S\u00e3o Gon\u00e7alo, Itabora\u00ed, Rio Bonito, Maric\u00e1, Saquarema e Araruama\",\"publisher\":{\"@id\":\"https:\\\/\\\/folhadoleste.com.br\\\/#organization\"},\"alternateName\":\"FL\",\"potentialAction\":[{\"@type\":\"SearchAction\",\"target\":{\"@type\":\"EntryPoint\",\"urlTemplate\":\"https:\\\/\\\/folhadoleste.com.br\\\/?s={search_term_string}\"},\"query-input\":{\"@type\":\"PropertyValueSpecification\",\"valueRequired\":true,\"valueName\":\"search_term_string\"}}],\"inLanguage\":\"en-US\"},{\"@type\":\"Organization\",\"@id\":\"https:\\\/\\\/folhadoleste.com.br\\\/#organization\",\"name\":\"Brasil 21 Comunica\u00e7\u00e3o\",\"alternateName\":\"BR21\",\"url\":\"https:\\\/\\\/folhadoleste.com.br\\\/\",\"logo\":{\"@type\":\"ImageObject\",\"inLanguage\":\"en-US\",\"@id\":\"https:\\\/\\\/folhadoleste.com.br\\\/#\\\/schema\\\/logo\\\/image\\\/\",\"url\":\"https:\\\/\\\/folhadoleste.com.br\\\/wp-content\\\/uploads\\\/2025\\\/12\\\/brasil-21-logomarca.avif\",\"contentUrl\":\"https:\\\/\\\/folhadoleste.com.br\\\/wp-content\\\/uploads\\\/2025\\\/12\\\/brasil-21-logomarca.avif\",\"width\":1044,\"height\":1044,\"caption\":\"Brasil 21 Comunica\u00e7\u00e3o\"},\"image\":{\"@id\":\"https:\\\/\\\/folhadoleste.com.br\\\/#\\\/schema\\\/logo\\\/image\\\/\"},\"sameAs\":[\"https:\\\/\\\/www.facebook.com\\\/folhadoleste\",\"https:\\\/\\\/x.com\\\/FolhadoLesteRJ\",\"https:\\\/\\\/www.instagram.com\\\/folhadoleste\\\/\"]},{\"@type\":\"Person\",\"@id\":\"https:\\\/\\\/folhadoleste.com.br\\\/#\\\/schema\\\/person\\\/3e97145b2e1861276e84471aa85a3899\",\"name\":\"Folha do Leste\",\"image\":{\"@type\":\"ImageObject\",\"inLanguage\":\"en-US\",\"@id\":\"https:\\\/\\\/folhadoleste.com.br\\\/wp-content\\\/litespeed\\\/avatar\\\/1ca8c218432e7045e748610eb3db0259.jpg?ver=1777161142\",\"url\":\"https:\\\/\\\/folhadoleste.com.br\\\/wp-content\\\/litespeed\\\/avatar\\\/1ca8c218432e7045e748610eb3db0259.jpg?ver=1777161142\",\"contentUrl\":\"https:\\\/\\\/folhadoleste.com.br\\\/wp-content\\\/litespeed\\\/avatar\\\/1ca8c218432e7045e748610eb3db0259.jpg?ver=1777161142\",\"caption\":\"Folha do Leste\"},\"url\":\"https:\\\/\\\/folhadoleste.com.br\\\/en\\\/author\\\/reportagem-01\\\/\"}]}<\/script>\n<!-- \/ Yoast SEO plugin. -->","yoast_head_json":{"title":"Niter\u00f3i prepara R\u00e9veillon 2024: \u00faltimos ajustes s\u00e3o feitos &#8226; Folha do Leste","description":"R\u00e9veillon de Niter\u00f3i ter\u00e1 esquema especial de seguran\u00e7a, transporte e limpeza. Praia de Icara\u00ed ser\u00e1 interditada a partir das 18h do dia 31...","robots":{"index":"index","follow":"follow","max-snippet":"max-snippet:-1","max-image-preview":"max-image-preview:large","max-video-preview":"max-video-preview:-1"},"canonical":"https:\/\/folhadoleste.com.br\/en\/niteroi-prepara-reveillon-2024-ultimos-ajustes-sao-feitos\/","og_locale":"en_US","og_type":"article","og_title":"Niter\u00f3i prepara R\u00e9veillon 2024: \u00faltimos ajustes s\u00e3o feitos &#8226; Folha do Leste","og_description":"Niter\u00f3i &#8226; Folha do Leste","og_url":"https:\/\/folhadoleste.com.br\/en\/niteroi-prepara-reveillon-2024-ultimos-ajustes-sao-feitos\/","og_site_name":"Folha do Leste","article_publisher":"https:\/\/www.facebook.com\/folhadoleste","article_published_time":"2023-12-29T16:06:45+00:00","og_image":[{"width":2560,"height":1707,"url":"https:\/\/folhadoleste.com.br\/wp-content\/uploads\/2023\/12\/Niteroi-prepara-Reveillon-2024-ultimos-ajustes-sao-feitos-Foto-Alex-Ramos-scaled.jpg","type":"image\/jpeg"}],"author":"Folha do Leste","twitter_card":"summary_large_image","twitter_creator":"@FolhadoLesteRJ","twitter_site":"@FolhadoLesteRJ","twitter_misc":{"Written by":"Folha do Leste","Est. reading time":"6 minutes"},"schema":{"@context":"https:\/\/schema.org","@graph":[{"@type":"NewsArticle","@id":"https:\/\/folhadoleste.com.br\/niteroi-prepara-reveillon-2024-ultimos-ajustes-sao-feitos\/#article","isPartOf":{"@id":"https:\/\/folhadoleste.com.br\/niteroi-prepara-reveillon-2024-ultimos-ajustes-sao-feitos\/"},"author":{"name":"Folha do Leste","@id":"https:\/\/folhadoleste.com.br\/#\/schema\/person\/3e97145b2e1861276e84471aa85a3899"},"headline":"Niter\u00f3i prepara R\u00e9veillon 2024: \u00faltimos ajustes s\u00e3o feitos","datePublished":"2023-12-29T16:06:45+00:00","mainEntityOfPage":{"@id":"https:\/\/folhadoleste.com.br\/niteroi-prepara-reveillon-2024-ultimos-ajustes-sao-feitos\/"},"wordCount":1019,"commentCount":0,"publisher":{"@id":"https:\/\/folhadoleste.com.br\/#organization"},"image":{"@id":"https:\/\/folhadoleste.com.br\/niteroi-prepara-reveillon-2024-ultimos-ajustes-sao-feitos\/#primaryimage"},"thumbnailUrl":"https:\/\/folhadoleste.com.br\/wp-content\/uploads\/2023\/12\/Niteroi-prepara-Reveillon-2024-ultimos-ajustes-sao-feitos-Foto-Alex-Ramos-scaled.jpg","keywords":["ambul\u00e2ncias","Corpo de Bombeiros","Crian\u00e7as perdidas","Defesa Civil","Leste Fluminense","Lulu Santos","Niter\u00f3i","Postos m\u00e9dicos","Praia de Icara\u00ed","Praia de Itaipu","R\u00e9veillon 450 anos","seguran\u00e7a","transporte"],"articleSection":["Leste Fluminense","Niter\u00f3i"],"inLanguage":"en-US","potentialAction":[{"@type":"CommentAction","name":"Comment","target":["https:\/\/folhadoleste.com.br\/niteroi-prepara-reveillon-2024-ultimos-ajustes-sao-feitos\/#respond"]}]},{"@type":"WebPage","@id":"https:\/\/folhadoleste.com.br\/niteroi-prepara-reveillon-2024-ultimos-ajustes-sao-feitos\/","url":"https:\/\/folhadoleste.com.br\/niteroi-prepara-reveillon-2024-ultimos-ajustes-sao-feitos\/","name":"Niter\u00f3i prepara R\u00e9veillon 2024: \u00faltimos ajustes s\u00e3o feitos &#8226; Folha do Leste","isPartOf":{"@id":"https:\/\/folhadoleste.com.br\/#website"},"primaryImageOfPage":{"@id":"https:\/\/folhadoleste.com.br\/niteroi-prepara-reveillon-2024-ultimos-ajustes-sao-feitos\/#primaryimage"},"image":{"@id":"https:\/\/folhadoleste.com.br\/niteroi-prepara-reveillon-2024-ultimos-ajustes-sao-feitos\/#primaryimage"},"thumbnailUrl":"https:\/\/folhadoleste.com.br\/wp-content\/uploads\/2023\/12\/Niteroi-prepara-Reveillon-2024-ultimos-ajustes-sao-feitos-Foto-Alex-Ramos-scaled.jpg","datePublished":"2023-12-29T16:06:45+00:00","description":"R\u00e9veillon de Niter\u00f3i ter\u00e1 esquema especial de seguran\u00e7a, transporte e limpeza. Praia de Icara\u00ed ser\u00e1 interditada a partir das 18h do dia 31...","breadcrumb":{"@id":"https:\/\/folhadoleste.com.br\/niteroi-prepara-reveillon-2024-ultimos-ajustes-sao-feitos\/#breadcrumb"},"inLanguage":"en-US","potentialAction":[{"@type":"ReadAction","target":["https:\/\/folhadoleste.com.br\/niteroi-prepara-reveillon-2024-ultimos-ajustes-sao-feitos\/"]}]},{"@type":"ImageObject","inLanguage":"en-US","@id":"https:\/\/folhadoleste.com.br\/niteroi-prepara-reveillon-2024-ultimos-ajustes-sao-feitos\/#primaryimage","url":"https:\/\/folhadoleste.com.br\/wp-content\/uploads\/2023\/12\/Niteroi-prepara-Reveillon-2024-ultimos-ajustes-sao-feitos-Foto-Alex-Ramos-scaled.jpg","contentUrl":"https:\/\/folhadoleste.com.br\/wp-content\/uploads\/2023\/12\/Niteroi-prepara-Reveillon-2024-ultimos-ajustes-sao-feitos-Foto-Alex-Ramos-scaled.jpg","width":2560,"height":1707,"caption":"Altera\u00e7\u00f5es no tr\u00e2nsito de Niter\u00f3i para o R\u00e9veillon 2024 | Alex Ramos"},{"@type":"BreadcrumbList","@id":"https:\/\/folhadoleste.com.br\/niteroi-prepara-reveillon-2024-ultimos-ajustes-sao-feitos\/#breadcrumb","itemListElement":[{"@type":"ListItem","position":1,"name":"In\u00edcio","item":"https:\/\/folhadoleste.com.br\/"},{"@type":"ListItem","position":2,"name":"Estado do Rio de Janeiro","item":"https:\/\/folhadoleste.com.br\/category\/estado-do-rio-de-janeiro\/"},{"@type":"ListItem","position":3,"name":"Leste Fluminense","item":"https:\/\/folhadoleste.com.br\/category\/estado-do-rio-de-janeiro\/leste-fluminense\/"},{"@type":"ListItem","position":4,"name":"Niter\u00f3i","item":"https:\/\/folhadoleste.com.br\/category\/estado-do-rio-de-janeiro\/leste-fluminense\/noticias-de-niteroi\/"},{"@type":"ListItem","position":5,"name":"Niter\u00f3i prepara R\u00e9veillon 2024: \u00faltimos ajustes s\u00e3o feitos"}]},{"@type":"WebSite","@id":"https:\/\/folhadoleste.com.br\/#website","url":"https:\/\/folhadoleste.com.br\/","name":"Folha do Leste","description":"Portal de Not\u00edcias com \u00eanfase em Niter\u00f3i, criando conte\u00fados desde a capital Rio de Janeiro, com olhar para o Leste Fluminense e suas cidades como S\u00e3o Gon\u00e7alo, Itabora\u00ed, Rio Bonito, Maric\u00e1, Saquarema e Araruama","publisher":{"@id":"https:\/\/folhadoleste.com.br\/#organization"},"alternateName":"FL","potentialAction":[{"@type":"SearchAction","target":{"@type":"EntryPoint","urlTemplate":"https:\/\/folhadoleste.com.br\/?s={search_term_string}"},"query-input":{"@type":"PropertyValueSpecification","valueRequired":true,"valueName":"search_term_string"}}],"inLanguage":"en-US"},{"@type":"Organization","@id":"https:\/\/folhadoleste.com.br\/#organization","name":"Brasil 21 Comunica\u00e7\u00e3o","alternateName":"BR21","url":"https:\/\/folhadoleste.com.br\/","logo":{"@type":"ImageObject","inLanguage":"en-US","@id":"https:\/\/folhadoleste.com.br\/#\/schema\/logo\/image\/","url":"https:\/\/folhadoleste.com.br\/wp-content\/uploads\/2025\/12\/brasil-21-logomarca.avif","contentUrl":"https:\/\/folhadoleste.com.br\/wp-content\/uploads\/2025\/12\/brasil-21-logomarca.avif","width":1044,"height":1044,"caption":"Brasil 21 Comunica\u00e7\u00e3o"},"image":{"@id":"https:\/\/folhadoleste.com.br\/#\/schema\/logo\/image\/"},"sameAs":["https:\/\/www.facebook.com\/folhadoleste","https:\/\/x.com\/FolhadoLesteRJ","https:\/\/www.instagram.com\/folhadoleste\/"]},{"@type":"Person","@id":"https:\/\/folhadoleste.com.br\/#\/schema\/person\/3e97145b2e1861276e84471aa85a3899","name":"Folha do Leste","image":{"@type":"ImageObject","inLanguage":"en-US","@id":"https:\/\/folhadoleste.com.br\/wp-content\/litespeed\/avatar\/1ca8c218432e7045e748610eb3db0259.jpg?ver=1777161142","url":"https:\/\/folhadoleste.com.br\/wp-content\/litespeed\/avatar\/1ca8c218432e7045e748610eb3db0259.jpg?ver=1777161142","contentUrl":"https:\/\/folhadoleste.com.br\/wp-content\/litespeed\/avatar\/1ca8c218432e7045e748610eb3db0259.jpg?ver=1777161142","caption":"Folha do Leste"},"url":"https:\/\/folhadoleste.com.br\/en\/author\/reportagem-01\/"}]}},"_links":{"self":[{"href":"https:\/\/folhadoleste.com.br\/en\/wp-json\/wp\/v2\/posts\/42208","targetHints":{"allow":["GET"]}}],"collection":[{"href":"https:\/\/folhadoleste.com.br\/en\/wp-json\/wp\/v2\/posts"}],"about":[{"href":"https:\/\/folhadoleste.com.br\/en\/wp-json\/wp\/v2\/types\/post"}],"author":[{"embeddable":true,"href":"https:\/\/folhadoleste.com.br\/en\/wp-json\/wp\/v2\/users\/4"}],"replies":[{"embeddable":true,"href":"https:\/\/folhadoleste.com.br\/en\/wp-json\/wp\/v2\/comments?post=42208"}],"version-history":[{"count":1,"href":"https:\/\/folhadoleste.com.br\/en\/wp-json\/wp\/v2\/posts\/42208\/revisions"}],"predecessor-version":[{"id":42212,"href":"https:\/\/folhadoleste.com.br\/en\/wp-json\/wp\/v2\/posts\/42208\/revisions\/42212"}],"wp:featuredmedia":[{"embeddable":true,"href":"https:\/\/folhadoleste.com.br\/en\/wp-json\/wp\/v2\/media\/42211"}],"wp:attachment":[{"href":"https:\/\/folhadoleste.com.br\/en\/wp-json\/wp\/v2\/media?parent=42208"}],"wp:term":[{"taxonomy":"category","embeddable":true,"href":"https:\/\/folhadoleste.com.br\/en\/wp-json\/wp\/v2\/categories?post=42208"},{"taxonomy":"post_tag","embeddable":true,"href":"https:\/\/folhadoleste.com.br\/en\/wp-json\/wp\/v2\/tags?post=42208"}],"curies":[{"name":"wp","href":"https:\/\/api.w.org\/{rel}","templated":true}]}}