{"id":40673,"date":"2023-12-18T08:52:29","date_gmt":"2023-12-18T11:52:29","guid":{"rendered":"https:\/\/folhadoleste.com.br\/?p=40673"},"modified":"2023-12-18T08:52:29","modified_gmt":"2023-12-18T11:52:29","slug":"justica-afasta-deputada-estadual-lucinha-suspeita-de-envolvimento-com-milicia","status":"publish","type":"post","link":"https:\/\/folhadoleste.com.br\/en\/justica-afasta-deputada-estadual-lucinha-suspeita-de-envolvimento-com-milicia\/","title":{"rendered":"Justi\u00e7a afasta deputada estadual Lucinha suspeita de envolvimento com mil\u00edcia"},"content":{"rendered":"<div id=\"attachment_40676\" style=\"width: 2570px\" class=\"wp-caption aligncenter\"><img decoding=\"async\" aria-describedby=\"caption-attachment-40676\" class=\"size-full wp-image-40676\" src=\"https:\/\/folhadoleste.com.br\/wp-content\/uploads\/2023\/12\/JPP_5525-scaled.jpg\" alt=\"Deputada estadual Lucinha \u00e9 afastada suspeita de envolvimento com mil\u00edcia\" width=\"2560\" height=\"1707\" \/><p id=\"caption-attachment-40676\" class=\"wp-caption-text\">TJ afasta Lucinha &#8211; Foto: Julia Passos\/Alerj<\/p><\/div>\n<p>O Tribunal de Justi\u00e7a do Estado do Rio de Janeiro (TJRJ) determinou, nesta segunda-feira (18), o afastamento da deputada estadual Lucinha (PSD). A parlamentar \u00e9 alvo da Opera\u00e7\u00e3o Batismo, do Minist\u00e9rio P\u00fablico (MPRJ) e Pol\u00edcia Federal (PF), por suspeita de envolvimento com a mil\u00edcia.<\/p>\n<p>O nome da opera\u00e7\u00e3o est\u00e1 associado \u00e0 alcunha \u201cMadrinha\u201d, maneira como lideran\u00e7as do grupo criminoso chamariam a parlamentar.<\/p>\n<p>O objetivo, segundo o MPRJ, \u00e9 apurar a participa\u00e7\u00e3o e a articula\u00e7\u00e3o pol\u00edtica desempenhada pela deputada, em conjunto com sua assessora, em benef\u00edcio da mil\u00edcia comandada por Luis Ant\u00f4nio da Silva Braga, o Zinho, com atua\u00e7\u00e3o na Zona Oeste do Rio.<\/p>\n<p>A a\u00e7\u00e3o \u00e9 um desdobramento da opera\u00e7\u00e3o Dinstia, deflagrada pela PF em agosto de 2022, com o objetivo de desarticular organiza\u00e7\u00e3o criminosa formada por milicianos com atua\u00e7\u00e3o na Zona Oeste do Rio.<\/p>\n<p>A opera\u00e7\u00e3o conta com cerca de 40 policiais federais cumprem oito mandados de busca e apreens\u00e3o, expedidos pelo Tribunal de Justi\u00e7a do Estado do Rio de Janeiro (TJ\/RJ), nos bairros de Campo de Grande, Santa Cruz e Inhoa\u00edba, todos na Zona Oeste.<\/p>\n<p>O gabinete de Lucinha na Assembleia Legislativa do Estado do Rio de Janeiro (Alerj) tamb\u00e9m \u00e9 alvo de buscas. Al\u00e9m dos mandados, a justi\u00e7a determinou o afastamento imediato das fun\u00e7\u00f5es legislativas, proibi\u00e7\u00e3o de manter contatos com determinados agentes p\u00fablicos e pol\u00edticos, bem como proibi\u00e7\u00e3o de frequentar a casa legislativa.<\/p>\n<h5>Articula\u00e7\u00e3o pol\u00edtica<\/h5>\n<p>As investiga\u00e7\u00f5es apontam a participa\u00e7\u00e3o ativa da uma deputada estadual e de sua assessora na organiza\u00e7\u00e3o criminosa, especialmente na articula\u00e7\u00e3o pol\u00edtica junto aos \u00f3rg\u00e3os p\u00fablicos visando atender os interesses do grupo miliciano, investigado por organiza\u00e7\u00e3o criminosa, tr\u00e1fico de armas de fogo e muni\u00e7\u00f5es, homic\u00eddios, al\u00e9m de extors\u00e3o e corrup\u00e7\u00e3o.<\/p>\n<p>O procurador-geral de Justi\u00e7a subscreveu a cautelar. O trabalho foi desenvolvido pelo Minist\u00e9rio P\u00fablico do Estado do Rio de Janeiro, por meio da Procuradoria Geral de Justi\u00e7a. O Grupo de Investiga\u00e7\u00f5es Sens\u00edveis da PF (GISE\/RJ) a Delegacia de Repress\u00e3o a Drogas (DRE\/PF\/RJ) atuaram em conjunto.<\/p>\n<p>At\u00e9 o momento, a parlamentar n\u00e3o se pronunciou sobre as acusa\u00e7\u00f5es. Assim que o fizer, este texto ser\u00e1 atualizado.<\/p>\n<h5>Sequestro<\/h5>\n<p>Recentemente, Lucinha frequentou as p\u00e1ginas policiais por outra raz\u00e3o. <a href=\"https:\/\/folhadoleste.com.br\/en\/deputada-e-sequestrada-no-rio-de-janeiro\/\">Em 1\u00ba de outubro, bandidos sequestraram a deputada, em um s\u00edtio, localizado na Zona Oeste do Rio<\/a>.<\/p>\n<p>Os criminosos estavam fugindo da comunidade Viegas, em Senador Camar\u00e1. Eles chegaram a levar a parlamentar, em um ve\u00edculo da Alerj, at\u00e9 a comunidade Vila Kennedy. Os sequestradores libertaram a deputada momentos depois. Ela retornou para casa sem ferimentos.<\/p>\n<p><a href=\"https:\/\/www.instagram.com\/folhadoleste\/\"><img decoding=\"async\" class=\"aligncenter wp-image-15962\" src=\"https:\/\/folhadoleste.com.br\/wp-content\/uploads\/2023\/07\/instagram.jpg.webp\" alt=\"Itaipu-Itaipua\u00e7u: Caminh\u00e3o causa grave acidente na RJ-102, a estrada da Serrinha\" width=\"49\" height=\"49\" \/><\/a><a href=\"https:\/\/www.facebook.com\/folhadoleste\"><img decoding=\"async\" class=\"aligncenter wp-image-7424\" src=\"https:\/\/folhadoleste.com.br\/wp-content\/uploads\/2023\/05\/facebook-logo-3-1.png.webp\" alt=\"Itaipu-Itaipua\u00e7u: Caminh\u00e3o causa grave acidente na RJ-102, a estrada da Serrinha\" width=\"49\" height=\"49\" \/><\/a><\/p>","protected":false},"excerpt":{"rendered":"<p>O Tribunal de Justi\u00e7a do Estado do Rio de Janeiro (TJRJ) determinou, nesta segunda-feira (18), o afastamento da deputada estadual Lucinha (PSD). A parlamentar \u00e9 alvo da Opera\u00e7\u00e3o Batismo, do Minist\u00e9rio P\u00fablico (MPRJ) e Pol\u00edcia Federal (PF), por suspeita de envolvimento com a mil\u00edcia. O nome da opera\u00e7\u00e3o est\u00e1 associado \u00e0 alcunha \u201cMadrinha\u201d, maneira como lideran\u00e7as do grupo criminoso chamariam a parlamentar. O objetivo, segundo o MPRJ, \u00e9 apurar a participa\u00e7\u00e3o e a articula\u00e7\u00e3o pol\u00edtica desempenhada pela deputada, em conjunto com sua assessora, em benef\u00edcio da mil\u00edcia comandada por Luis Ant\u00f4nio da Silva Braga, o Zinho, com atua\u00e7\u00e3o na Zona [&hellip;]<\/p>\n","protected":false},"author":4,"featured_media":40676,"comment_status":"open","ping_status":"open","sticky":false,"template":"","format":"standard","meta":{"footnotes":""},"categories":[46,405],"tags":[1896,7157,14326,3327,15640],"class_list":["post-40673","post","type-post","status-publish","format-standard","has-post-thumbnail","hentry","category-estado-do-rio-de-janeiro","category-policia-estado-do-rio-de-janeiro","tag-alerj","tag-deputada","tag-lucinha","tag-milicia","tag-operacao-batismo","post--single"],"yoast_head":"<!-- This site is optimized with the Yoast SEO plugin v27.4 - https:\/\/yoast.com\/product\/yoast-seo-wordpress\/ -->\n<title>Justi\u00e7a afasta deputada estadual Lucinha suspeita de envolvimento com mil\u00edcia &#8226; Folha do Leste<\/title>\n<meta name=\"description\" content=\"O Tribunal de Justi\u00e7a do Estado do Rio de Janeiro determinou, nesta segunda-feira (18), o afastamento da deputada estadual Lucinha (PSD).\" \/>\n<meta name=\"robots\" content=\"index, follow, max-snippet:-1, max-image-preview:large, max-video-preview:-1\" \/>\n<link rel=\"canonical\" href=\"https:\/\/folhadoleste.com.br\/en\/justica-afasta-deputada-estadual-lucinha-suspeita-de-envolvimento-com-milicia\/\" \/>\n<meta property=\"og:locale\" content=\"en_US\" \/>\n<meta property=\"og:type\" content=\"article\" \/>\n<meta property=\"og:title\" content=\"Justi\u00e7a afasta deputada estadual Lucinha suspeita de envolvimento com mil\u00edcia &#8226; Folha do Leste\" \/>\n<meta property=\"og:description\" content=\"Estado do Rio de Janeiro &#8226; Folha do Leste\" \/>\n<meta property=\"og:url\" content=\"https:\/\/folhadoleste.com.br\/en\/justica-afasta-deputada-estadual-lucinha-suspeita-de-envolvimento-com-milicia\/\" \/>\n<meta property=\"og:site_name\" content=\"Folha do Leste\" \/>\n<meta property=\"article:publisher\" content=\"https:\/\/www.facebook.com\/folhadoleste\" \/>\n<meta property=\"article:published_time\" content=\"2023-12-18T11:52:29+00:00\" \/>\n<meta property=\"og:image\" content=\"https:\/\/folhadoleste.com.br\/wp-content\/uploads\/2023\/12\/JPP_5525-scaled.jpg\" \/>\n\t<meta property=\"og:image:width\" content=\"2560\" \/>\n\t<meta property=\"og:image:height\" content=\"1707\" \/>\n\t<meta property=\"og:image:type\" content=\"image\/jpeg\" \/>\n<meta name=\"author\" content=\"Folha do Leste\" \/>\n<meta name=\"twitter:card\" content=\"summary_large_image\" \/>\n<meta name=\"twitter:creator\" content=\"@FolhadoLesteRJ\" \/>\n<meta name=\"twitter:site\" content=\"@FolhadoLesteRJ\" \/>\n<meta name=\"twitter:label1\" content=\"Written by\" \/>\n\t<meta name=\"twitter:data1\" content=\"Folha do Leste\" \/>\n\t<meta name=\"twitter:label2\" content=\"Est. reading time\" \/>\n\t<meta name=\"twitter:data2\" content=\"3 minutes\" \/>\n<script type=\"application\/ld+json\" class=\"yoast-schema-graph\">{\"@context\":\"https:\\\/\\\/schema.org\",\"@graph\":[{\"@type\":\"NewsArticle\",\"@id\":\"https:\\\/\\\/folhadoleste.com.br\\\/justica-afasta-deputada-estadual-lucinha-suspeita-de-envolvimento-com-milicia\\\/#article\",\"isPartOf\":{\"@id\":\"https:\\\/\\\/folhadoleste.com.br\\\/justica-afasta-deputada-estadual-lucinha-suspeita-de-envolvimento-com-milicia\\\/\"},\"author\":{\"name\":\"Folha do Leste\",\"@id\":\"https:\\\/\\\/folhadoleste.com.br\\\/#\\\/schema\\\/person\\\/3e97145b2e1861276e84471aa85a3899\"},\"headline\":\"Justi\u00e7a afasta deputada estadual Lucinha suspeita de envolvimento com mil\u00edcia\",\"datePublished\":\"2023-12-18T11:52:29+00:00\",\"mainEntityOfPage\":{\"@id\":\"https:\\\/\\\/folhadoleste.com.br\\\/justica-afasta-deputada-estadual-lucinha-suspeita-de-envolvimento-com-milicia\\\/\"},\"wordCount\":489,\"commentCount\":0,\"publisher\":{\"@id\":\"https:\\\/\\\/folhadoleste.com.br\\\/#organization\"},\"image\":{\"@id\":\"https:\\\/\\\/folhadoleste.com.br\\\/justica-afasta-deputada-estadual-lucinha-suspeita-de-envolvimento-com-milicia\\\/#primaryimage\"},\"thumbnailUrl\":\"https:\\\/\\\/folhadoleste.com.br\\\/wp-content\\\/uploads\\\/2023\\\/12\\\/JPP_5525-scaled.jpg\",\"keywords\":[\"Alerj\",\"Deputada\",\"Lucinha\",\"mil\u00edcia\",\"opera\u00e7\u00e3o batismo\"],\"articleSection\":[\"Estado do Rio de Janeiro\",\"Pol\u00edcia\"],\"inLanguage\":\"en-US\",\"potentialAction\":[{\"@type\":\"CommentAction\",\"name\":\"Comment\",\"target\":[\"https:\\\/\\\/folhadoleste.com.br\\\/justica-afasta-deputada-estadual-lucinha-suspeita-de-envolvimento-com-milicia\\\/#respond\"]}]},{\"@type\":\"WebPage\",\"@id\":\"https:\\\/\\\/folhadoleste.com.br\\\/justica-afasta-deputada-estadual-lucinha-suspeita-de-envolvimento-com-milicia\\\/\",\"url\":\"https:\\\/\\\/folhadoleste.com.br\\\/justica-afasta-deputada-estadual-lucinha-suspeita-de-envolvimento-com-milicia\\\/\",\"name\":\"Justi\u00e7a afasta deputada estadual Lucinha suspeita de envolvimento com mil\u00edcia &#8226; Folha do Leste\",\"isPartOf\":{\"@id\":\"https:\\\/\\\/folhadoleste.com.br\\\/#website\"},\"primaryImageOfPage\":{\"@id\":\"https:\\\/\\\/folhadoleste.com.br\\\/justica-afasta-deputada-estadual-lucinha-suspeita-de-envolvimento-com-milicia\\\/#primaryimage\"},\"image\":{\"@id\":\"https:\\\/\\\/folhadoleste.com.br\\\/justica-afasta-deputada-estadual-lucinha-suspeita-de-envolvimento-com-milicia\\\/#primaryimage\"},\"thumbnailUrl\":\"https:\\\/\\\/folhadoleste.com.br\\\/wp-content\\\/uploads\\\/2023\\\/12\\\/JPP_5525-scaled.jpg\",\"datePublished\":\"2023-12-18T11:52:29+00:00\",\"description\":\"O Tribunal de Justi\u00e7a do Estado do Rio de Janeiro determinou, nesta segunda-feira (18), o afastamento da deputada estadual Lucinha (PSD).\",\"breadcrumb\":{\"@id\":\"https:\\\/\\\/folhadoleste.com.br\\\/justica-afasta-deputada-estadual-lucinha-suspeita-de-envolvimento-com-milicia\\\/#breadcrumb\"},\"inLanguage\":\"en-US\",\"potentialAction\":[{\"@type\":\"ReadAction\",\"target\":[\"https:\\\/\\\/folhadoleste.com.br\\\/justica-afasta-deputada-estadual-lucinha-suspeita-de-envolvimento-com-milicia\\\/\"]}]},{\"@type\":\"ImageObject\",\"inLanguage\":\"en-US\",\"@id\":\"https:\\\/\\\/folhadoleste.com.br\\\/justica-afasta-deputada-estadual-lucinha-suspeita-de-envolvimento-com-milicia\\\/#primaryimage\",\"url\":\"https:\\\/\\\/folhadoleste.com.br\\\/wp-content\\\/uploads\\\/2023\\\/12\\\/JPP_5525-scaled.jpg\",\"contentUrl\":\"https:\\\/\\\/folhadoleste.com.br\\\/wp-content\\\/uploads\\\/2023\\\/12\\\/JPP_5525-scaled.jpg\",\"width\":2560,\"height\":1707,\"caption\":\"TJ afasta Lucinha - Foto: Julia Passos\\\/Alerj\"},{\"@type\":\"BreadcrumbList\",\"@id\":\"https:\\\/\\\/folhadoleste.com.br\\\/justica-afasta-deputada-estadual-lucinha-suspeita-de-envolvimento-com-milicia\\\/#breadcrumb\",\"itemListElement\":[{\"@type\":\"ListItem\",\"position\":1,\"name\":\"In\u00edcio\",\"item\":\"https:\\\/\\\/folhadoleste.com.br\\\/\"},{\"@type\":\"ListItem\",\"position\":2,\"name\":\"Estado do Rio de Janeiro\",\"item\":\"https:\\\/\\\/folhadoleste.com.br\\\/category\\\/estado-do-rio-de-janeiro\\\/\"},{\"@type\":\"ListItem\",\"position\":3,\"name\":\"Justi\u00e7a afasta deputada estadual Lucinha suspeita de envolvimento com mil\u00edcia\"}]},{\"@type\":\"WebSite\",\"@id\":\"https:\\\/\\\/folhadoleste.com.br\\\/#website\",\"url\":\"https:\\\/\\\/folhadoleste.com.br\\\/\",\"name\":\"Folha do Leste\",\"description\":\"Portal de Not\u00edcias com \u00eanfase em Niter\u00f3i, criando conte\u00fados desde a capital Rio de Janeiro, com olhar para o Leste Fluminense e suas cidades como S\u00e3o Gon\u00e7alo, Itabora\u00ed, Rio Bonito, Maric\u00e1, Saquarema e Araruama\",\"publisher\":{\"@id\":\"https:\\\/\\\/folhadoleste.com.br\\\/#organization\"},\"alternateName\":\"FL\",\"potentialAction\":[{\"@type\":\"SearchAction\",\"target\":{\"@type\":\"EntryPoint\",\"urlTemplate\":\"https:\\\/\\\/folhadoleste.com.br\\\/?s={search_term_string}\"},\"query-input\":{\"@type\":\"PropertyValueSpecification\",\"valueRequired\":true,\"valueName\":\"search_term_string\"}}],\"inLanguage\":\"en-US\"},{\"@type\":\"Organization\",\"@id\":\"https:\\\/\\\/folhadoleste.com.br\\\/#organization\",\"name\":\"Brasil 21 Comunica\u00e7\u00e3o\",\"alternateName\":\"BR21\",\"url\":\"https:\\\/\\\/folhadoleste.com.br\\\/\",\"logo\":{\"@type\":\"ImageObject\",\"inLanguage\":\"en-US\",\"@id\":\"https:\\\/\\\/folhadoleste.com.br\\\/#\\\/schema\\\/logo\\\/image\\\/\",\"url\":\"https:\\\/\\\/folhadoleste.com.br\\\/wp-content\\\/uploads\\\/2025\\\/12\\\/brasil-21-logomarca.avif\",\"contentUrl\":\"https:\\\/\\\/folhadoleste.com.br\\\/wp-content\\\/uploads\\\/2025\\\/12\\\/brasil-21-logomarca.avif\",\"width\":1044,\"height\":1044,\"caption\":\"Brasil 21 Comunica\u00e7\u00e3o\"},\"image\":{\"@id\":\"https:\\\/\\\/folhadoleste.com.br\\\/#\\\/schema\\\/logo\\\/image\\\/\"},\"sameAs\":[\"https:\\\/\\\/www.facebook.com\\\/folhadoleste\",\"https:\\\/\\\/x.com\\\/FolhadoLesteRJ\",\"https:\\\/\\\/www.instagram.com\\\/folhadoleste\\\/\"]},{\"@type\":\"Person\",\"@id\":\"https:\\\/\\\/folhadoleste.com.br\\\/#\\\/schema\\\/person\\\/3e97145b2e1861276e84471aa85a3899\",\"name\":\"Folha do Leste\",\"image\":{\"@type\":\"ImageObject\",\"inLanguage\":\"en-US\",\"@id\":\"https:\\\/\\\/folhadoleste.com.br\\\/wp-content\\\/litespeed\\\/avatar\\\/1ca8c218432e7045e748610eb3db0259.jpg?ver=1777161142\",\"url\":\"https:\\\/\\\/folhadoleste.com.br\\\/wp-content\\\/litespeed\\\/avatar\\\/1ca8c218432e7045e748610eb3db0259.jpg?ver=1777161142\",\"contentUrl\":\"https:\\\/\\\/folhadoleste.com.br\\\/wp-content\\\/litespeed\\\/avatar\\\/1ca8c218432e7045e748610eb3db0259.jpg?ver=1777161142\",\"caption\":\"Folha do Leste\"},\"url\":\"https:\\\/\\\/folhadoleste.com.br\\\/en\\\/author\\\/reportagem-01\\\/\"}]}<\/script>\n<!-- \/ Yoast SEO plugin. -->","yoast_head_json":{"title":"Justi\u00e7a afasta deputada estadual Lucinha suspeita de envolvimento com mil\u00edcia &#8226; Folha do Leste","description":"O Tribunal de Justi\u00e7a do Estado do Rio de Janeiro determinou, nesta segunda-feira (18), o afastamento da deputada estadual Lucinha (PSD).","robots":{"index":"index","follow":"follow","max-snippet":"max-snippet:-1","max-image-preview":"max-image-preview:large","max-video-preview":"max-video-preview:-1"},"canonical":"https:\/\/folhadoleste.com.br\/en\/justica-afasta-deputada-estadual-lucinha-suspeita-de-envolvimento-com-milicia\/","og_locale":"en_US","og_type":"article","og_title":"Justi\u00e7a afasta deputada estadual Lucinha suspeita de envolvimento com mil\u00edcia &#8226; Folha do Leste","og_description":"Estado do Rio de Janeiro &#8226; Folha do Leste","og_url":"https:\/\/folhadoleste.com.br\/en\/justica-afasta-deputada-estadual-lucinha-suspeita-de-envolvimento-com-milicia\/","og_site_name":"Folha do Leste","article_publisher":"https:\/\/www.facebook.com\/folhadoleste","article_published_time":"2023-12-18T11:52:29+00:00","og_image":[{"width":2560,"height":1707,"url":"https:\/\/folhadoleste.com.br\/wp-content\/uploads\/2023\/12\/JPP_5525-scaled.jpg","type":"image\/jpeg"}],"author":"Folha do Leste","twitter_card":"summary_large_image","twitter_creator":"@FolhadoLesteRJ","twitter_site":"@FolhadoLesteRJ","twitter_misc":{"Written by":"Folha do Leste","Est. reading time":"3 minutes"},"schema":{"@context":"https:\/\/schema.org","@graph":[{"@type":"NewsArticle","@id":"https:\/\/folhadoleste.com.br\/justica-afasta-deputada-estadual-lucinha-suspeita-de-envolvimento-com-milicia\/#article","isPartOf":{"@id":"https:\/\/folhadoleste.com.br\/justica-afasta-deputada-estadual-lucinha-suspeita-de-envolvimento-com-milicia\/"},"author":{"name":"Folha do Leste","@id":"https:\/\/folhadoleste.com.br\/#\/schema\/person\/3e97145b2e1861276e84471aa85a3899"},"headline":"Justi\u00e7a afasta deputada estadual Lucinha suspeita de envolvimento com mil\u00edcia","datePublished":"2023-12-18T11:52:29+00:00","mainEntityOfPage":{"@id":"https:\/\/folhadoleste.com.br\/justica-afasta-deputada-estadual-lucinha-suspeita-de-envolvimento-com-milicia\/"},"wordCount":489,"commentCount":0,"publisher":{"@id":"https:\/\/folhadoleste.com.br\/#organization"},"image":{"@id":"https:\/\/folhadoleste.com.br\/justica-afasta-deputada-estadual-lucinha-suspeita-de-envolvimento-com-milicia\/#primaryimage"},"thumbnailUrl":"https:\/\/folhadoleste.com.br\/wp-content\/uploads\/2023\/12\/JPP_5525-scaled.jpg","keywords":["Alerj","Deputada","Lucinha","mil\u00edcia","opera\u00e7\u00e3o batismo"],"articleSection":["Estado do Rio de Janeiro","Pol\u00edcia"],"inLanguage":"en-US","potentialAction":[{"@type":"CommentAction","name":"Comment","target":["https:\/\/folhadoleste.com.br\/justica-afasta-deputada-estadual-lucinha-suspeita-de-envolvimento-com-milicia\/#respond"]}]},{"@type":"WebPage","@id":"https:\/\/folhadoleste.com.br\/justica-afasta-deputada-estadual-lucinha-suspeita-de-envolvimento-com-milicia\/","url":"https:\/\/folhadoleste.com.br\/justica-afasta-deputada-estadual-lucinha-suspeita-de-envolvimento-com-milicia\/","name":"Justi\u00e7a afasta deputada estadual Lucinha suspeita de envolvimento com mil\u00edcia &#8226; Folha do Leste","isPartOf":{"@id":"https:\/\/folhadoleste.com.br\/#website"},"primaryImageOfPage":{"@id":"https:\/\/folhadoleste.com.br\/justica-afasta-deputada-estadual-lucinha-suspeita-de-envolvimento-com-milicia\/#primaryimage"},"image":{"@id":"https:\/\/folhadoleste.com.br\/justica-afasta-deputada-estadual-lucinha-suspeita-de-envolvimento-com-milicia\/#primaryimage"},"thumbnailUrl":"https:\/\/folhadoleste.com.br\/wp-content\/uploads\/2023\/12\/JPP_5525-scaled.jpg","datePublished":"2023-12-18T11:52:29+00:00","description":"O Tribunal de Justi\u00e7a do Estado do Rio de Janeiro determinou, nesta segunda-feira (18), o afastamento da deputada estadual Lucinha (PSD).","breadcrumb":{"@id":"https:\/\/folhadoleste.com.br\/justica-afasta-deputada-estadual-lucinha-suspeita-de-envolvimento-com-milicia\/#breadcrumb"},"inLanguage":"en-US","potentialAction":[{"@type":"ReadAction","target":["https:\/\/folhadoleste.com.br\/justica-afasta-deputada-estadual-lucinha-suspeita-de-envolvimento-com-milicia\/"]}]},{"@type":"ImageObject","inLanguage":"en-US","@id":"https:\/\/folhadoleste.com.br\/justica-afasta-deputada-estadual-lucinha-suspeita-de-envolvimento-com-milicia\/#primaryimage","url":"https:\/\/folhadoleste.com.br\/wp-content\/uploads\/2023\/12\/JPP_5525-scaled.jpg","contentUrl":"https:\/\/folhadoleste.com.br\/wp-content\/uploads\/2023\/12\/JPP_5525-scaled.jpg","width":2560,"height":1707,"caption":"TJ afasta Lucinha - Foto: Julia Passos\/Alerj"},{"@type":"BreadcrumbList","@id":"https:\/\/folhadoleste.com.br\/justica-afasta-deputada-estadual-lucinha-suspeita-de-envolvimento-com-milicia\/#breadcrumb","itemListElement":[{"@type":"ListItem","position":1,"name":"In\u00edcio","item":"https:\/\/folhadoleste.com.br\/"},{"@type":"ListItem","position":2,"name":"Estado do Rio de Janeiro","item":"https:\/\/folhadoleste.com.br\/category\/estado-do-rio-de-janeiro\/"},{"@type":"ListItem","position":3,"name":"Justi\u00e7a afasta deputada estadual Lucinha suspeita de envolvimento com mil\u00edcia"}]},{"@type":"WebSite","@id":"https:\/\/folhadoleste.com.br\/#website","url":"https:\/\/folhadoleste.com.br\/","name":"Folha do Leste","description":"Portal de Not\u00edcias com \u00eanfase em Niter\u00f3i, criando conte\u00fados desde a capital Rio de Janeiro, com olhar para o Leste Fluminense e suas cidades como S\u00e3o Gon\u00e7alo, Itabora\u00ed, Rio Bonito, Maric\u00e1, Saquarema e Araruama","publisher":{"@id":"https:\/\/folhadoleste.com.br\/#organization"},"alternateName":"FL","potentialAction":[{"@type":"SearchAction","target":{"@type":"EntryPoint","urlTemplate":"https:\/\/folhadoleste.com.br\/?s={search_term_string}"},"query-input":{"@type":"PropertyValueSpecification","valueRequired":true,"valueName":"search_term_string"}}],"inLanguage":"en-US"},{"@type":"Organization","@id":"https:\/\/folhadoleste.com.br\/#organization","name":"Brasil 21 Comunica\u00e7\u00e3o","alternateName":"BR21","url":"https:\/\/folhadoleste.com.br\/","logo":{"@type":"ImageObject","inLanguage":"en-US","@id":"https:\/\/folhadoleste.com.br\/#\/schema\/logo\/image\/","url":"https:\/\/folhadoleste.com.br\/wp-content\/uploads\/2025\/12\/brasil-21-logomarca.avif","contentUrl":"https:\/\/folhadoleste.com.br\/wp-content\/uploads\/2025\/12\/brasil-21-logomarca.avif","width":1044,"height":1044,"caption":"Brasil 21 Comunica\u00e7\u00e3o"},"image":{"@id":"https:\/\/folhadoleste.com.br\/#\/schema\/logo\/image\/"},"sameAs":["https:\/\/www.facebook.com\/folhadoleste","https:\/\/x.com\/FolhadoLesteRJ","https:\/\/www.instagram.com\/folhadoleste\/"]},{"@type":"Person","@id":"https:\/\/folhadoleste.com.br\/#\/schema\/person\/3e97145b2e1861276e84471aa85a3899","name":"Folha do Leste","image":{"@type":"ImageObject","inLanguage":"en-US","@id":"https:\/\/folhadoleste.com.br\/wp-content\/litespeed\/avatar\/1ca8c218432e7045e748610eb3db0259.jpg?ver=1777161142","url":"https:\/\/folhadoleste.com.br\/wp-content\/litespeed\/avatar\/1ca8c218432e7045e748610eb3db0259.jpg?ver=1777161142","contentUrl":"https:\/\/folhadoleste.com.br\/wp-content\/litespeed\/avatar\/1ca8c218432e7045e748610eb3db0259.jpg?ver=1777161142","caption":"Folha do Leste"},"url":"https:\/\/folhadoleste.com.br\/en\/author\/reportagem-01\/"}]}},"_links":{"self":[{"href":"https:\/\/folhadoleste.com.br\/en\/wp-json\/wp\/v2\/posts\/40673","targetHints":{"allow":["GET"]}}],"collection":[{"href":"https:\/\/folhadoleste.com.br\/en\/wp-json\/wp\/v2\/posts"}],"about":[{"href":"https:\/\/folhadoleste.com.br\/en\/wp-json\/wp\/v2\/types\/post"}],"author":[{"embeddable":true,"href":"https:\/\/folhadoleste.com.br\/en\/wp-json\/wp\/v2\/users\/4"}],"replies":[{"embeddable":true,"href":"https:\/\/folhadoleste.com.br\/en\/wp-json\/wp\/v2\/comments?post=40673"}],"version-history":[{"count":1,"href":"https:\/\/folhadoleste.com.br\/en\/wp-json\/wp\/v2\/posts\/40673\/revisions"}],"predecessor-version":[{"id":40678,"href":"https:\/\/folhadoleste.com.br\/en\/wp-json\/wp\/v2\/posts\/40673\/revisions\/40678"}],"wp:featuredmedia":[{"embeddable":true,"href":"https:\/\/folhadoleste.com.br\/en\/wp-json\/wp\/v2\/media\/40676"}],"wp:attachment":[{"href":"https:\/\/folhadoleste.com.br\/en\/wp-json\/wp\/v2\/media?parent=40673"}],"wp:term":[{"taxonomy":"category","embeddable":true,"href":"https:\/\/folhadoleste.com.br\/en\/wp-json\/wp\/v2\/categories?post=40673"},{"taxonomy":"post_tag","embeddable":true,"href":"https:\/\/folhadoleste.com.br\/en\/wp-json\/wp\/v2\/tags?post=40673"}],"curies":[{"name":"wp","href":"https:\/\/api.w.org\/{rel}","templated":true}]}}