{"id":40300,"date":"2023-12-15T09:58:50","date_gmt":"2023-12-15T12:58:50","guid":{"rendered":"https:\/\/folhadoleste.com.br\/?p=40300"},"modified":"2023-12-15T09:58:50","modified_gmt":"2023-12-15T12:58:50","slug":"fifa-e-conmebol-monitoram-eleicoes-na-cbf","status":"publish","type":"post","link":"https:\/\/folhadoleste.com.br\/en\/fifa-e-conmebol-monitoram-eleicoes-na-cbf\/","title":{"rendered":"Fifa e Conmebol monitoram elei\u00e7\u00f5es na CBF"},"content":{"rendered":"<div id=\"attachment_40302\" style=\"width: 1210px\" class=\"wp-caption aligncenter\"><img decoding=\"async\" aria-describedby=\"caption-attachment-40302\" class=\"size-full wp-image-40302\" src=\"https:\/\/folhadoleste.com.br\/wp-content\/uploads\/2023\/12\/Fifa-e-Conmebol-monitoram-eleicoes-na-CBF-Foto-Lucas-Figueiredo-CBF.webp\" alt=\"Fifa e Conmebol monitoram elei\u00e7\u00f5es na CBF\" width=\"1200\" height=\"750\" \/><p id=\"caption-attachment-40302\" class=\"wp-caption-text\">Foto: Lucas Figueiredo &#8211; CBF<\/p><\/div>\n<p>A Fifa e a Conmebol informaram \u00e0 Confedera\u00e7\u00e3o Brasileira de Futebol (CBF) que estar\u00e3o acompanhando de perto o processo de elei\u00e7\u00f5es da entidade. As autoridades enviaram uma carta conjunta solicitando que o pleito n\u00e3o seja convocado antes da visita de seus representantes ao Brasil.<\/p>\n<p>O encontro est\u00e1 previsto para janeiro e ser\u00e1 uma oportunidade para discutir os casos recentes de mudan\u00e7a na presid\u00eancia da CBF. Ednaldo Rodrigues foi deposto do cargo pelo Tribunal de Justi\u00e7a do Rio de Janeiro, que nomeou Jos\u00e9 Perdiz, presidente do Superior Tribunal de Justi\u00e7a Desportiva (STJD), como interventor.<\/p>\n<h5><a href=\"https:\/\/folhadoleste.com.br\/en\/category\/esportes\/\"><strong>\u201cLeia mais not\u00edcias sobre Esportes Aqui\u201d<\/strong><\/a><\/h5>\n<p>Com base na decis\u00e3o do TJ, Perdiz deve convocar elei\u00e7\u00f5es na CBF dentro de um prazo de 30 dias, que teve in\u00edcio na \u00faltima ter\u00e7a-feira (12 de dezembro). A Fifa e a Conmebol afirmaram que a carta deve ser assinada por H\u00e9lio Santos Menezes, diretor jur\u00eddico e de governan\u00e7a da CBF, de acordo com o artigo 64 de sua pr\u00f3pria constitui\u00e7\u00e3o, que designa H\u00e9lio como o &#8220;Diretor mais idoso&#8221; e respons\u00e1vel por convocar as elei\u00e7\u00f5es.<\/p>\n<p>&nbsp;<\/p>\n<p><a href=\"https:\/\/www.instagram.com\/folhadoleste\/\"><img decoding=\"async\" class=\"aligncenter wp-image-15962\" src=\"https:\/\/folhadoleste.com.br\/wp-content\/uploads\/2023\/07\/instagram.jpg.webp\" alt=\"Itaipu-Itaipua\u00e7u: Caminh\u00e3o causa grave acidente na RJ-102, a estrada da Serrinha\" width=\"49\" height=\"49\" \/><\/a><a href=\"https:\/\/www.facebook.com\/folhadoleste\"><img decoding=\"async\" class=\"aligncenter wp-image-7424\" src=\"https:\/\/folhadoleste.com.br\/wp-content\/uploads\/2023\/05\/facebook-logo-3-1.png.webp\" alt=\"Itaipu-Itaipua\u00e7u: Caminh\u00e3o causa grave acidente na RJ-102, a estrada da Serrinha\" width=\"49\" height=\"49\" \/><\/a><\/p>","protected":false},"excerpt":{"rendered":"<p>A Fifa e a Conmebol informaram \u00e0 Confedera\u00e7\u00e3o Brasileira de Futebol (CBF) que estar\u00e3o acompanhando de perto o processo de elei\u00e7\u00f5es da entidade. As autoridades enviaram uma carta conjunta solicitando que o pleito n\u00e3o seja convocado antes da visita de seus representantes ao Brasil. O encontro est\u00e1 previsto para janeiro e ser\u00e1 uma oportunidade para discutir os casos recentes de mudan\u00e7a na presid\u00eancia da CBF. Ednaldo Rodrigues foi deposto do cargo pelo Tribunal de Justi\u00e7a do Rio de Janeiro, que nomeou Jos\u00e9 Perdiz, presidente do Superior Tribunal de Justi\u00e7a Desportiva (STJD), como interventor. \u201cLeia mais not\u00edcias sobre Esportes Aqui\u201d Com [&hellip;]<\/p>\n","protected":false},"author":4,"featured_media":40302,"comment_status":"open","ping_status":"open","sticky":false,"template":"","format":"standard","meta":{"footnotes":""},"categories":[48,65],"tags":[523,7063,3045,105,739,101],"class_list":["post-40300","post","type-post","status-publish","format-standard","has-post-thumbnail","hentry","category-esportes","category-futebol-esportes","tag-cbf","tag-conmebol","tag-eleicoes","tag-esportes","tag-fifa","tag-futebol","post--single"],"yoast_head":"<!-- This site is optimized with the Yoast SEO plugin v27.4 - https:\/\/yoast.com\/product\/yoast-seo-wordpress\/ -->\n<title>Fifa e Conmebol monitoram elei\u00e7\u00f5es na CBF &#8226; Folha do Leste<\/title>\n<meta name=\"description\" content=\"Fifa e Conmebol monitoram elei\u00e7\u00f5es na CBF...\" \/>\n<meta name=\"robots\" content=\"index, follow, max-snippet:-1, max-image-preview:large, max-video-preview:-1\" \/>\n<link rel=\"canonical\" href=\"https:\/\/folhadoleste.com.br\/en\/fifa-e-conmebol-monitoram-eleicoes-na-cbf\/\" \/>\n<meta property=\"og:locale\" content=\"en_US\" \/>\n<meta property=\"og:type\" content=\"article\" \/>\n<meta property=\"og:title\" content=\"Fifa e Conmebol monitoram elei\u00e7\u00f5es na CBF &#8226; Folha do Leste\" \/>\n<meta property=\"og:description\" content=\"Futebol &#8226; Folha do Leste\" \/>\n<meta property=\"og:url\" content=\"https:\/\/folhadoleste.com.br\/en\/fifa-e-conmebol-monitoram-eleicoes-na-cbf\/\" \/>\n<meta property=\"og:site_name\" content=\"Folha do Leste\" \/>\n<meta property=\"article:publisher\" content=\"https:\/\/www.facebook.com\/folhadoleste\" \/>\n<meta property=\"article:published_time\" content=\"2023-12-15T12:58:50+00:00\" \/>\n<meta property=\"og:image\" content=\"https:\/\/folhadoleste.com.br\/wp-content\/uploads\/2023\/12\/Fifa-e-Conmebol-monitoram-eleicoes-na-CBF-Foto-Lucas-Figueiredo-CBF.webp\" \/>\n\t<meta property=\"og:image:width\" content=\"1200\" \/>\n\t<meta property=\"og:image:height\" content=\"750\" \/>\n\t<meta property=\"og:image:type\" content=\"image\/webp\" \/>\n<meta name=\"author\" content=\"Folha do Leste\" \/>\n<meta name=\"twitter:card\" content=\"summary_large_image\" \/>\n<meta name=\"twitter:creator\" content=\"@FolhadoLesteRJ\" \/>\n<meta name=\"twitter:site\" content=\"@FolhadoLesteRJ\" \/>\n<meta name=\"twitter:label1\" content=\"Written by\" \/>\n\t<meta name=\"twitter:data1\" content=\"Folha do Leste\" \/>\n\t<meta name=\"twitter:label2\" content=\"Est. reading time\" \/>\n\t<meta name=\"twitter:data2\" content=\"2 minutes\" \/>\n<script type=\"application\/ld+json\" class=\"yoast-schema-graph\">{\"@context\":\"https:\\\/\\\/schema.org\",\"@graph\":[{\"@type\":\"NewsArticle\",\"@id\":\"https:\\\/\\\/folhadoleste.com.br\\\/fifa-e-conmebol-monitoram-eleicoes-na-cbf\\\/#article\",\"isPartOf\":{\"@id\":\"https:\\\/\\\/folhadoleste.com.br\\\/fifa-e-conmebol-monitoram-eleicoes-na-cbf\\\/\"},\"author\":{\"name\":\"Folha do Leste\",\"@id\":\"https:\\\/\\\/folhadoleste.com.br\\\/#\\\/schema\\\/person\\\/3e97145b2e1861276e84471aa85a3899\"},\"headline\":\"Fifa e Conmebol monitoram elei\u00e7\u00f5es na CBF\",\"datePublished\":\"2023-12-15T12:58:50+00:00\",\"mainEntityOfPage\":{\"@id\":\"https:\\\/\\\/folhadoleste.com.br\\\/fifa-e-conmebol-monitoram-eleicoes-na-cbf\\\/\"},\"wordCount\":212,\"commentCount\":0,\"publisher\":{\"@id\":\"https:\\\/\\\/folhadoleste.com.br\\\/#organization\"},\"image\":{\"@id\":\"https:\\\/\\\/folhadoleste.com.br\\\/fifa-e-conmebol-monitoram-eleicoes-na-cbf\\\/#primaryimage\"},\"thumbnailUrl\":\"https:\\\/\\\/folhadoleste.com.br\\\/wp-content\\\/uploads\\\/2023\\\/12\\\/Fifa-e-Conmebol-monitoram-eleicoes-na-CBF-Foto-Lucas-Figueiredo-CBF.webp\",\"keywords\":[\"CBF\",\"Conmebol\",\"Elei\u00e7\u00f5es\",\"Esportes\",\"Fifa\",\"futebol\"],\"articleSection\":[\"Esportes\",\"Futebol\"],\"inLanguage\":\"en-US\",\"potentialAction\":[{\"@type\":\"CommentAction\",\"name\":\"Comment\",\"target\":[\"https:\\\/\\\/folhadoleste.com.br\\\/fifa-e-conmebol-monitoram-eleicoes-na-cbf\\\/#respond\"]}]},{\"@type\":\"WebPage\",\"@id\":\"https:\\\/\\\/folhadoleste.com.br\\\/fifa-e-conmebol-monitoram-eleicoes-na-cbf\\\/\",\"url\":\"https:\\\/\\\/folhadoleste.com.br\\\/fifa-e-conmebol-monitoram-eleicoes-na-cbf\\\/\",\"name\":\"Fifa e Conmebol monitoram elei\u00e7\u00f5es na CBF &#8226; Folha do Leste\",\"isPartOf\":{\"@id\":\"https:\\\/\\\/folhadoleste.com.br\\\/#website\"},\"primaryImageOfPage\":{\"@id\":\"https:\\\/\\\/folhadoleste.com.br\\\/fifa-e-conmebol-monitoram-eleicoes-na-cbf\\\/#primaryimage\"},\"image\":{\"@id\":\"https:\\\/\\\/folhadoleste.com.br\\\/fifa-e-conmebol-monitoram-eleicoes-na-cbf\\\/#primaryimage\"},\"thumbnailUrl\":\"https:\\\/\\\/folhadoleste.com.br\\\/wp-content\\\/uploads\\\/2023\\\/12\\\/Fifa-e-Conmebol-monitoram-eleicoes-na-CBF-Foto-Lucas-Figueiredo-CBF.webp\",\"datePublished\":\"2023-12-15T12:58:50+00:00\",\"description\":\"Fifa e Conmebol monitoram elei\u00e7\u00f5es na CBF...\",\"breadcrumb\":{\"@id\":\"https:\\\/\\\/folhadoleste.com.br\\\/fifa-e-conmebol-monitoram-eleicoes-na-cbf\\\/#breadcrumb\"},\"inLanguage\":\"en-US\",\"potentialAction\":[{\"@type\":\"ReadAction\",\"target\":[\"https:\\\/\\\/folhadoleste.com.br\\\/fifa-e-conmebol-monitoram-eleicoes-na-cbf\\\/\"]}]},{\"@type\":\"ImageObject\",\"inLanguage\":\"en-US\",\"@id\":\"https:\\\/\\\/folhadoleste.com.br\\\/fifa-e-conmebol-monitoram-eleicoes-na-cbf\\\/#primaryimage\",\"url\":\"https:\\\/\\\/folhadoleste.com.br\\\/wp-content\\\/uploads\\\/2023\\\/12\\\/Fifa-e-Conmebol-monitoram-eleicoes-na-CBF-Foto-Lucas-Figueiredo-CBF.webp\",\"contentUrl\":\"https:\\\/\\\/folhadoleste.com.br\\\/wp-content\\\/uploads\\\/2023\\\/12\\\/Fifa-e-Conmebol-monitoram-eleicoes-na-CBF-Foto-Lucas-Figueiredo-CBF.webp\",\"width\":1200,\"height\":750,\"caption\":\"Reinaldo Carneiro durante o lan\u00e7amento de sua candidatura \u00e0 presid\u00eancia da CBF | Lucas Figueiredo\\\/CBF\"},{\"@type\":\"BreadcrumbList\",\"@id\":\"https:\\\/\\\/folhadoleste.com.br\\\/fifa-e-conmebol-monitoram-eleicoes-na-cbf\\\/#breadcrumb\",\"itemListElement\":[{\"@type\":\"ListItem\",\"position\":1,\"name\":\"In\u00edcio\",\"item\":\"https:\\\/\\\/folhadoleste.com.br\\\/\"},{\"@type\":\"ListItem\",\"position\":2,\"name\":\"Esportes\",\"item\":\"https:\\\/\\\/folhadoleste.com.br\\\/category\\\/esportes\\\/\"},{\"@type\":\"ListItem\",\"position\":3,\"name\":\"Futebol\",\"item\":\"https:\\\/\\\/folhadoleste.com.br\\\/category\\\/esportes\\\/futebol-esportes\\\/\"},{\"@type\":\"ListItem\",\"position\":4,\"name\":\"Fifa e Conmebol monitoram elei\u00e7\u00f5es na CBF\"}]},{\"@type\":\"WebSite\",\"@id\":\"https:\\\/\\\/folhadoleste.com.br\\\/#website\",\"url\":\"https:\\\/\\\/folhadoleste.com.br\\\/\",\"name\":\"Folha do Leste\",\"description\":\"Portal de Not\u00edcias com \u00eanfase em Niter\u00f3i, criando conte\u00fados desde a capital Rio de Janeiro, com olhar para o Leste Fluminense e suas cidades como S\u00e3o Gon\u00e7alo, Itabora\u00ed, Rio Bonito, Maric\u00e1, Saquarema e Araruama\",\"publisher\":{\"@id\":\"https:\\\/\\\/folhadoleste.com.br\\\/#organization\"},\"alternateName\":\"FL\",\"potentialAction\":[{\"@type\":\"SearchAction\",\"target\":{\"@type\":\"EntryPoint\",\"urlTemplate\":\"https:\\\/\\\/folhadoleste.com.br\\\/?s={search_term_string}\"},\"query-input\":{\"@type\":\"PropertyValueSpecification\",\"valueRequired\":true,\"valueName\":\"search_term_string\"}}],\"inLanguage\":\"en-US\"},{\"@type\":\"Organization\",\"@id\":\"https:\\\/\\\/folhadoleste.com.br\\\/#organization\",\"name\":\"Brasil 21 Comunica\u00e7\u00e3o\",\"alternateName\":\"BR21\",\"url\":\"https:\\\/\\\/folhadoleste.com.br\\\/\",\"logo\":{\"@type\":\"ImageObject\",\"inLanguage\":\"en-US\",\"@id\":\"https:\\\/\\\/folhadoleste.com.br\\\/#\\\/schema\\\/logo\\\/image\\\/\",\"url\":\"https:\\\/\\\/folhadoleste.com.br\\\/wp-content\\\/uploads\\\/2025\\\/12\\\/brasil-21-logomarca.avif\",\"contentUrl\":\"https:\\\/\\\/folhadoleste.com.br\\\/wp-content\\\/uploads\\\/2025\\\/12\\\/brasil-21-logomarca.avif\",\"width\":1044,\"height\":1044,\"caption\":\"Brasil 21 Comunica\u00e7\u00e3o\"},\"image\":{\"@id\":\"https:\\\/\\\/folhadoleste.com.br\\\/#\\\/schema\\\/logo\\\/image\\\/\"},\"sameAs\":[\"https:\\\/\\\/www.facebook.com\\\/folhadoleste\",\"https:\\\/\\\/x.com\\\/FolhadoLesteRJ\",\"https:\\\/\\\/www.instagram.com\\\/folhadoleste\\\/\"]},{\"@type\":\"Person\",\"@id\":\"https:\\\/\\\/folhadoleste.com.br\\\/#\\\/schema\\\/person\\\/3e97145b2e1861276e84471aa85a3899\",\"name\":\"Folha do Leste\",\"image\":{\"@type\":\"ImageObject\",\"inLanguage\":\"en-US\",\"@id\":\"https:\\\/\\\/folhadoleste.com.br\\\/wp-content\\\/litespeed\\\/avatar\\\/1ca8c218432e7045e748610eb3db0259.jpg?ver=1777161142\",\"url\":\"https:\\\/\\\/folhadoleste.com.br\\\/wp-content\\\/litespeed\\\/avatar\\\/1ca8c218432e7045e748610eb3db0259.jpg?ver=1777161142\",\"contentUrl\":\"https:\\\/\\\/folhadoleste.com.br\\\/wp-content\\\/litespeed\\\/avatar\\\/1ca8c218432e7045e748610eb3db0259.jpg?ver=1777161142\",\"caption\":\"Folha do Leste\"},\"url\":\"https:\\\/\\\/folhadoleste.com.br\\\/en\\\/author\\\/reportagem-01\\\/\"}]}<\/script>\n<!-- \/ Yoast SEO plugin. -->","yoast_head_json":{"title":"Fifa e Conmebol monitoram elei\u00e7\u00f5es na CBF &#8226; Folha do Leste","description":"Fifa e Conmebol monitoram elei\u00e7\u00f5es na CBF...","robots":{"index":"index","follow":"follow","max-snippet":"max-snippet:-1","max-image-preview":"max-image-preview:large","max-video-preview":"max-video-preview:-1"},"canonical":"https:\/\/folhadoleste.com.br\/en\/fifa-e-conmebol-monitoram-eleicoes-na-cbf\/","og_locale":"en_US","og_type":"article","og_title":"Fifa e Conmebol monitoram elei\u00e7\u00f5es na CBF &#8226; Folha do Leste","og_description":"Futebol &#8226; Folha do Leste","og_url":"https:\/\/folhadoleste.com.br\/en\/fifa-e-conmebol-monitoram-eleicoes-na-cbf\/","og_site_name":"Folha do Leste","article_publisher":"https:\/\/www.facebook.com\/folhadoleste","article_published_time":"2023-12-15T12:58:50+00:00","og_image":[{"width":1200,"height":750,"url":"https:\/\/folhadoleste.com.br\/wp-content\/uploads\/2023\/12\/Fifa-e-Conmebol-monitoram-eleicoes-na-CBF-Foto-Lucas-Figueiredo-CBF.webp","type":"image\/webp"}],"author":"Folha do Leste","twitter_card":"summary_large_image","twitter_creator":"@FolhadoLesteRJ","twitter_site":"@FolhadoLesteRJ","twitter_misc":{"Written by":"Folha do Leste","Est. reading time":"2 minutes"},"schema":{"@context":"https:\/\/schema.org","@graph":[{"@type":"NewsArticle","@id":"https:\/\/folhadoleste.com.br\/fifa-e-conmebol-monitoram-eleicoes-na-cbf\/#article","isPartOf":{"@id":"https:\/\/folhadoleste.com.br\/fifa-e-conmebol-monitoram-eleicoes-na-cbf\/"},"author":{"name":"Folha do Leste","@id":"https:\/\/folhadoleste.com.br\/#\/schema\/person\/3e97145b2e1861276e84471aa85a3899"},"headline":"Fifa e Conmebol monitoram elei\u00e7\u00f5es na CBF","datePublished":"2023-12-15T12:58:50+00:00","mainEntityOfPage":{"@id":"https:\/\/folhadoleste.com.br\/fifa-e-conmebol-monitoram-eleicoes-na-cbf\/"},"wordCount":212,"commentCount":0,"publisher":{"@id":"https:\/\/folhadoleste.com.br\/#organization"},"image":{"@id":"https:\/\/folhadoleste.com.br\/fifa-e-conmebol-monitoram-eleicoes-na-cbf\/#primaryimage"},"thumbnailUrl":"https:\/\/folhadoleste.com.br\/wp-content\/uploads\/2023\/12\/Fifa-e-Conmebol-monitoram-eleicoes-na-CBF-Foto-Lucas-Figueiredo-CBF.webp","keywords":["CBF","Conmebol","Elei\u00e7\u00f5es","Esportes","Fifa","futebol"],"articleSection":["Esportes","Futebol"],"inLanguage":"en-US","potentialAction":[{"@type":"CommentAction","name":"Comment","target":["https:\/\/folhadoleste.com.br\/fifa-e-conmebol-monitoram-eleicoes-na-cbf\/#respond"]}]},{"@type":"WebPage","@id":"https:\/\/folhadoleste.com.br\/fifa-e-conmebol-monitoram-eleicoes-na-cbf\/","url":"https:\/\/folhadoleste.com.br\/fifa-e-conmebol-monitoram-eleicoes-na-cbf\/","name":"Fifa e Conmebol monitoram elei\u00e7\u00f5es na CBF &#8226; Folha do Leste","isPartOf":{"@id":"https:\/\/folhadoleste.com.br\/#website"},"primaryImageOfPage":{"@id":"https:\/\/folhadoleste.com.br\/fifa-e-conmebol-monitoram-eleicoes-na-cbf\/#primaryimage"},"image":{"@id":"https:\/\/folhadoleste.com.br\/fifa-e-conmebol-monitoram-eleicoes-na-cbf\/#primaryimage"},"thumbnailUrl":"https:\/\/folhadoleste.com.br\/wp-content\/uploads\/2023\/12\/Fifa-e-Conmebol-monitoram-eleicoes-na-CBF-Foto-Lucas-Figueiredo-CBF.webp","datePublished":"2023-12-15T12:58:50+00:00","description":"Fifa e Conmebol monitoram elei\u00e7\u00f5es na CBF...","breadcrumb":{"@id":"https:\/\/folhadoleste.com.br\/fifa-e-conmebol-monitoram-eleicoes-na-cbf\/#breadcrumb"},"inLanguage":"en-US","potentialAction":[{"@type":"ReadAction","target":["https:\/\/folhadoleste.com.br\/fifa-e-conmebol-monitoram-eleicoes-na-cbf\/"]}]},{"@type":"ImageObject","inLanguage":"en-US","@id":"https:\/\/folhadoleste.com.br\/fifa-e-conmebol-monitoram-eleicoes-na-cbf\/#primaryimage","url":"https:\/\/folhadoleste.com.br\/wp-content\/uploads\/2023\/12\/Fifa-e-Conmebol-monitoram-eleicoes-na-CBF-Foto-Lucas-Figueiredo-CBF.webp","contentUrl":"https:\/\/folhadoleste.com.br\/wp-content\/uploads\/2023\/12\/Fifa-e-Conmebol-monitoram-eleicoes-na-CBF-Foto-Lucas-Figueiredo-CBF.webp","width":1200,"height":750,"caption":"Reinaldo Carneiro durante o lan\u00e7amento de sua candidatura \u00e0 presid\u00eancia da CBF | Lucas Figueiredo\/CBF"},{"@type":"BreadcrumbList","@id":"https:\/\/folhadoleste.com.br\/fifa-e-conmebol-monitoram-eleicoes-na-cbf\/#breadcrumb","itemListElement":[{"@type":"ListItem","position":1,"name":"In\u00edcio","item":"https:\/\/folhadoleste.com.br\/"},{"@type":"ListItem","position":2,"name":"Esportes","item":"https:\/\/folhadoleste.com.br\/category\/esportes\/"},{"@type":"ListItem","position":3,"name":"Futebol","item":"https:\/\/folhadoleste.com.br\/category\/esportes\/futebol-esportes\/"},{"@type":"ListItem","position":4,"name":"Fifa e Conmebol monitoram elei\u00e7\u00f5es na CBF"}]},{"@type":"WebSite","@id":"https:\/\/folhadoleste.com.br\/#website","url":"https:\/\/folhadoleste.com.br\/","name":"Folha do Leste","description":"Portal de Not\u00edcias com \u00eanfase em Niter\u00f3i, criando conte\u00fados desde a capital Rio de Janeiro, com olhar para o Leste Fluminense e suas cidades como S\u00e3o Gon\u00e7alo, Itabora\u00ed, Rio Bonito, Maric\u00e1, Saquarema e Araruama","publisher":{"@id":"https:\/\/folhadoleste.com.br\/#organization"},"alternateName":"FL","potentialAction":[{"@type":"SearchAction","target":{"@type":"EntryPoint","urlTemplate":"https:\/\/folhadoleste.com.br\/?s={search_term_string}"},"query-input":{"@type":"PropertyValueSpecification","valueRequired":true,"valueName":"search_term_string"}}],"inLanguage":"en-US"},{"@type":"Organization","@id":"https:\/\/folhadoleste.com.br\/#organization","name":"Brasil 21 Comunica\u00e7\u00e3o","alternateName":"BR21","url":"https:\/\/folhadoleste.com.br\/","logo":{"@type":"ImageObject","inLanguage":"en-US","@id":"https:\/\/folhadoleste.com.br\/#\/schema\/logo\/image\/","url":"https:\/\/folhadoleste.com.br\/wp-content\/uploads\/2025\/12\/brasil-21-logomarca.avif","contentUrl":"https:\/\/folhadoleste.com.br\/wp-content\/uploads\/2025\/12\/brasil-21-logomarca.avif","width":1044,"height":1044,"caption":"Brasil 21 Comunica\u00e7\u00e3o"},"image":{"@id":"https:\/\/folhadoleste.com.br\/#\/schema\/logo\/image\/"},"sameAs":["https:\/\/www.facebook.com\/folhadoleste","https:\/\/x.com\/FolhadoLesteRJ","https:\/\/www.instagram.com\/folhadoleste\/"]},{"@type":"Person","@id":"https:\/\/folhadoleste.com.br\/#\/schema\/person\/3e97145b2e1861276e84471aa85a3899","name":"Folha do Leste","image":{"@type":"ImageObject","inLanguage":"en-US","@id":"https:\/\/folhadoleste.com.br\/wp-content\/litespeed\/avatar\/1ca8c218432e7045e748610eb3db0259.jpg?ver=1777161142","url":"https:\/\/folhadoleste.com.br\/wp-content\/litespeed\/avatar\/1ca8c218432e7045e748610eb3db0259.jpg?ver=1777161142","contentUrl":"https:\/\/folhadoleste.com.br\/wp-content\/litespeed\/avatar\/1ca8c218432e7045e748610eb3db0259.jpg?ver=1777161142","caption":"Folha do Leste"},"url":"https:\/\/folhadoleste.com.br\/en\/author\/reportagem-01\/"}]}},"_links":{"self":[{"href":"https:\/\/folhadoleste.com.br\/en\/wp-json\/wp\/v2\/posts\/40300","targetHints":{"allow":["GET"]}}],"collection":[{"href":"https:\/\/folhadoleste.com.br\/en\/wp-json\/wp\/v2\/posts"}],"about":[{"href":"https:\/\/folhadoleste.com.br\/en\/wp-json\/wp\/v2\/types\/post"}],"author":[{"embeddable":true,"href":"https:\/\/folhadoleste.com.br\/en\/wp-json\/wp\/v2\/users\/4"}],"replies":[{"embeddable":true,"href":"https:\/\/folhadoleste.com.br\/en\/wp-json\/wp\/v2\/comments?post=40300"}],"version-history":[{"count":1,"href":"https:\/\/folhadoleste.com.br\/en\/wp-json\/wp\/v2\/posts\/40300\/revisions"}],"predecessor-version":[{"id":40303,"href":"https:\/\/folhadoleste.com.br\/en\/wp-json\/wp\/v2\/posts\/40300\/revisions\/40303"}],"wp:featuredmedia":[{"embeddable":true,"href":"https:\/\/folhadoleste.com.br\/en\/wp-json\/wp\/v2\/media\/40302"}],"wp:attachment":[{"href":"https:\/\/folhadoleste.com.br\/en\/wp-json\/wp\/v2\/media?parent=40300"}],"wp:term":[{"taxonomy":"category","embeddable":true,"href":"https:\/\/folhadoleste.com.br\/en\/wp-json\/wp\/v2\/categories?post=40300"},{"taxonomy":"post_tag","embeddable":true,"href":"https:\/\/folhadoleste.com.br\/en\/wp-json\/wp\/v2\/tags?post=40300"}],"curies":[{"name":"wp","href":"https:\/\/api.w.org\/{rel}","templated":true}]}}