{"id":39936,"date":"2023-12-13T10:27:23","date_gmt":"2023-12-13T13:27:23","guid":{"rendered":"https:\/\/folhadoleste.com.br\/?p=39936"},"modified":"2023-12-13T10:27:23","modified_gmt":"2023-12-13T13:27:23","slug":"fabio-sera-o-brasileiro-mais-velho-a-disputar-o-mundial","status":"publish","type":"post","link":"https:\/\/folhadoleste.com.br\/en\/fabio-sera-o-brasileiro-mais-velho-a-disputar-o-mundial\/","title":{"rendered":"F\u00e1bio ser\u00e1 o brasileiro mais velho a disputar o Mundial"},"content":{"rendered":"<div id=\"attachment_39938\" style=\"width: 1210px\" class=\"wp-caption aligncenter\"><img decoding=\"async\" aria-describedby=\"caption-attachment-39938\" class=\"size-full wp-image-39938\" src=\"https:\/\/folhadoleste.com.br\/wp-content\/uploads\/2023\/12\/Fabio-sera-o-brasileiro-mais-velho-a-disputar-o-Mundial-Foto-Lucas-Mercon-Fluminense.webp\" alt=\"F\u00e1bio ser\u00e1 o brasileiro mais velho a disputar o Mundial\" width=\"1200\" height=\"750\" \/><p id=\"caption-attachment-39938\" class=\"wp-caption-text\">Foto: Lucas Mer\u00e7on &#8211; Fluminense<\/p><\/div>\n<p>F\u00e1bio, goleiro do Fluminense, est\u00e1 prestes a fazer hist\u00f3ria no Mundial de Clubes. Aos 43 anos, ele se tornar\u00e1 o jogador brasileiro mais velho a disputar a competi\u00e7\u00e3o.<\/p>\n<h5><a href=\"https:\/\/folhadoleste.com.br\/en\/category\/esportes\/\"><strong>\u201cLeia mais not\u00edcias sobre Esportes Aqui\u201d<\/strong><\/a><\/h5>\n<p>No dia da estreia do time, F\u00e1bio ter\u00e1 43 anos, dois meses e 18 dias. Ele superar\u00e1 L\u00e9o Moura, do Gr\u00eamio, que jogou aos 39 anos, um m\u00eas e 19 dias.<\/p>\n<p>Felipe Melo tamb\u00e9m ser\u00e1 ultrapassado, entrando em campo com 40 anos, quatro meses e 22 dias.<\/p>\n<h4>Lista dos brasileiros mais velhos a disputarem o Mundial de Clubes:<\/h4>\n<p><strong>1\u00ba<\/strong> &#8211; F\u00e1bio (Fluminense &#8211; 2023) &#8211; 43 anos, dois meses e 18 dias*<br \/>\n<strong>2\u00ba<\/strong> &#8211; Felipe Melo (Fluminense &#8211; 2023) &#8211; 40 anos, quatro meses e 22 dias*<br \/>\n<strong>3\u00ba<\/strong> &#8211; L\u00e9o Moura (Gr\u00eamio &#8211; 2017) &#8211; 39 anos, um m\u00eas e 19 dias<br \/>\n<strong>4\u00ba<\/strong> &#8211; Clemer (Internacional &#8211; 2006) &#8211; 38 anos, um m\u00eas e 27 dias<br \/>\n<strong>5\u00ba<\/strong> &#8211; Mauro Galv\u00e3o (Vasco &#8211; 2000) &#8211; 38 anos, 26 dias<br \/>\n<strong>6\u00ba<\/strong> &#8211; Cafu (Milan &#8211; 2007) &#8211; 37 anos, seis meses e nove dias<br \/>\n<strong>7\u00ba<\/strong> &#8211; Thiago Silva (Chelsea &#8211; 2021) &#8211; 37 anos, quatro meses e 21 dias<\/p>\n<p>*Dados calculados com base na data de estreia do Fluminense no Mundial de Clubes (18 de dezembro)*<\/p>\n<p>Na classifica\u00e7\u00e3o geral, incluindo brasileiros e estrangeiros, F\u00e1bio ocupar\u00e1 a segunda posi\u00e7\u00e3o. Ele ficar\u00e1 atr\u00e1s de \u00d3scar P\u00e9rez, goleiro mexicano do Pachuca-MEX, que jogou aos 44 anos, 10 meses e 10 dias em 2017, enfrentando o Gr\u00eamio.<\/p>\n<h4>Lista geral dos jogadores mais velhos:<\/h4>\n<p><strong>1\u00ba<\/strong> &#8211; \u00d3scar P\u00e9rez (Pachuca &#8211; 2017) &#8211; 44 anos, 10 meses e 10 dias<br \/>\n<strong>2\u00ba<\/strong> &#8211; F\u00e1bio (Fluminense &#8211; 2023) &#8211; 43 anos, dois meses e 18 dias*<br \/>\n<strong>3\u00ba<\/strong> &#8211; Felipe Melo (Fluminense &#8211; 2023) &#8211; 40 anos, quatro meses e 22 dias*<br \/>\n<strong>4\u00ba<\/strong> &#8211; Miguel Calero (Pachuca &#8211; 2010) &#8211; 39 anos, oito meses e um dia<br \/>\n<strong>5\u00ba<\/strong> &#8211; Ante Covic (Wanderers &#8211; 2014) &#8211; 39 anos e seis meses<br \/>\n<strong>6\u00ba<\/strong> &#8211; Paolo Maldini (Milan &#8211; 2007) &#8211; 39 anos, cinco meses e 20 dias<br \/>\n<strong>7\u00ba<\/strong> &#8211; Hitoshi Sogahata (Kashima Antlers &#8211; 2018) &#8211; 39 anos, quatro meses e 20 dias<\/p>\n<p>*Dados calculados com base na data de estreia do Fluminense no Mundial de Clubes (18 de dezembro)*<\/p>\n<p>O Fluminense j\u00e1 partiu para a Ar\u00e1bia Saudita, onde disputar\u00e1 o Mundial de Clubes. A estreia do time acontecer\u00e1 no dia 18 de dezembro, j\u00e1 na semifinal, contra Al-Ahly, Al-Ittihad ou Auckland City.<\/p>\n<p>&nbsp;<\/p>\n<p><a href=\"https:\/\/www.instagram.com\/folhadoleste\/\"><img decoding=\"async\" class=\"aligncenter wp-image-15962\" src=\"https:\/\/folhadoleste.com.br\/wp-content\/uploads\/2023\/07\/instagram.jpg.webp\" alt=\"Itaipu-Itaipua\u00e7u: Caminh\u00e3o causa grave acidente na RJ-102, a estrada da Serrinha\" width=\"49\" height=\"49\" \/><\/a><a href=\"https:\/\/www.facebook.com\/folhadoleste\"><img decoding=\"async\" class=\"aligncenter wp-image-7424\" src=\"https:\/\/folhadoleste.com.br\/wp-content\/uploads\/2023\/05\/facebook-logo-3-1.png.webp\" alt=\"Itaipu-Itaipua\u00e7u: Caminh\u00e3o causa grave acidente na RJ-102, a estrada da Serrinha\" width=\"49\" height=\"49\" \/><\/a><\/p>","protected":false},"excerpt":{"rendered":"<p>F\u00e1bio, goleiro do Fluminense, est\u00e1 prestes a fazer hist\u00f3ria no Mundial de Clubes. Aos 43 anos, ele se tornar\u00e1 o jogador brasileiro mais velho a disputar a competi\u00e7\u00e3o. \u201cLeia mais not\u00edcias sobre Esportes Aqui\u201d No dia da estreia do time, F\u00e1bio ter\u00e1 43 anos, dois meses e 18 dias. Ele superar\u00e1 L\u00e9o Moura, do Gr\u00eamio, que jogou aos 39 anos, um m\u00eas e 19 dias. Felipe Melo tamb\u00e9m ser\u00e1 ultrapassado, entrando em campo com 40 anos, quatro meses e 22 dias. Lista dos brasileiros mais velhos a disputarem o Mundial de Clubes: 1\u00ba &#8211; F\u00e1bio (Fluminense &#8211; 2023) &#8211; 43 [&hellip;]<\/p>\n","protected":false},"author":4,"featured_media":39938,"comment_status":"open","ping_status":"open","sticky":false,"template":"","format":"standard","meta":{"footnotes":""},"categories":[48,65],"tags":[105,10117,124,101,14632],"class_list":["post-39936","post","type-post","status-publish","format-standard","has-post-thumbnail","hentry","category-esportes","category-futebol-esportes","tag-esportes","tag-fabio","tag-fluminense","tag-futebol","tag-mundial-de-clubes","post--single"],"yoast_head":"<!-- This site is optimized with the Yoast SEO plugin v27.4 - https:\/\/yoast.com\/product\/yoast-seo-wordpress\/ -->\n<title>F\u00e1bio ser\u00e1 o brasileiro mais velho a disputar o Mundial &#8226; Folha do Leste<\/title>\n<meta name=\"description\" content=\"F\u00e1bio ser\u00e1 o brasileiro mais velho a disputar o Mundial...\" \/>\n<meta name=\"robots\" content=\"index, follow, max-snippet:-1, max-image-preview:large, max-video-preview:-1\" \/>\n<link rel=\"canonical\" href=\"https:\/\/folhadoleste.com.br\/en\/fabio-sera-o-brasileiro-mais-velho-a-disputar-o-mundial\/\" \/>\n<meta property=\"og:locale\" content=\"en_US\" \/>\n<meta property=\"og:type\" content=\"article\" \/>\n<meta property=\"og:title\" content=\"F\u00e1bio ser\u00e1 o brasileiro mais velho a disputar o Mundial &#8226; Folha do Leste\" \/>\n<meta property=\"og:description\" content=\"Futebol &#8226; Folha do Leste\" \/>\n<meta property=\"og:url\" content=\"https:\/\/folhadoleste.com.br\/en\/fabio-sera-o-brasileiro-mais-velho-a-disputar-o-mundial\/\" \/>\n<meta property=\"og:site_name\" content=\"Folha do Leste\" \/>\n<meta property=\"article:publisher\" content=\"https:\/\/www.facebook.com\/folhadoleste\" \/>\n<meta property=\"article:published_time\" content=\"2023-12-13T13:27:23+00:00\" \/>\n<meta property=\"og:image\" content=\"https:\/\/folhadoleste.com.br\/wp-content\/uploads\/2023\/12\/Fabio-sera-o-brasileiro-mais-velho-a-disputar-o-Mundial-Foto-Lucas-Mercon-Fluminense.webp\" \/>\n\t<meta property=\"og:image:width\" content=\"1200\" \/>\n\t<meta property=\"og:image:height\" content=\"750\" \/>\n\t<meta property=\"og:image:type\" content=\"image\/webp\" \/>\n<meta name=\"author\" content=\"Folha do Leste\" \/>\n<meta name=\"twitter:card\" content=\"summary_large_image\" \/>\n<meta name=\"twitter:creator\" content=\"@FolhadoLesteRJ\" \/>\n<meta name=\"twitter:site\" content=\"@FolhadoLesteRJ\" \/>\n<meta name=\"twitter:label1\" content=\"Written by\" \/>\n\t<meta name=\"twitter:data1\" content=\"Folha do Leste\" \/>\n\t<meta name=\"twitter:label2\" content=\"Est. reading time\" \/>\n\t<meta name=\"twitter:data2\" content=\"3 minutes\" \/>\n<script type=\"application\/ld+json\" class=\"yoast-schema-graph\">{\"@context\":\"https:\\\/\\\/schema.org\",\"@graph\":[{\"@type\":\"NewsArticle\",\"@id\":\"https:\\\/\\\/folhadoleste.com.br\\\/fabio-sera-o-brasileiro-mais-velho-a-disputar-o-mundial\\\/#article\",\"isPartOf\":{\"@id\":\"https:\\\/\\\/folhadoleste.com.br\\\/fabio-sera-o-brasileiro-mais-velho-a-disputar-o-mundial\\\/\"},\"author\":{\"name\":\"Folha do Leste\",\"@id\":\"https:\\\/\\\/folhadoleste.com.br\\\/#\\\/schema\\\/person\\\/3e97145b2e1861276e84471aa85a3899\"},\"headline\":\"F\u00e1bio ser\u00e1 o brasileiro mais velho a disputar o Mundial\",\"datePublished\":\"2023-12-13T13:27:23+00:00\",\"mainEntityOfPage\":{\"@id\":\"https:\\\/\\\/folhadoleste.com.br\\\/fabio-sera-o-brasileiro-mais-velho-a-disputar-o-mundial\\\/\"},\"wordCount\":385,\"commentCount\":0,\"publisher\":{\"@id\":\"https:\\\/\\\/folhadoleste.com.br\\\/#organization\"},\"image\":{\"@id\":\"https:\\\/\\\/folhadoleste.com.br\\\/fabio-sera-o-brasileiro-mais-velho-a-disputar-o-mundial\\\/#primaryimage\"},\"thumbnailUrl\":\"https:\\\/\\\/folhadoleste.com.br\\\/wp-content\\\/uploads\\\/2023\\\/12\\\/Fabio-sera-o-brasileiro-mais-velho-a-disputar-o-Mundial-Foto-Lucas-Mercon-Fluminense.webp\",\"keywords\":[\"Esportes\",\"F\u00e1bio\",\"fluminense\",\"futebol\",\"Mundial de Clubes\"],\"articleSection\":[\"Esportes\",\"Futebol\"],\"inLanguage\":\"en-US\",\"potentialAction\":[{\"@type\":\"CommentAction\",\"name\":\"Comment\",\"target\":[\"https:\\\/\\\/folhadoleste.com.br\\\/fabio-sera-o-brasileiro-mais-velho-a-disputar-o-mundial\\\/#respond\"]}]},{\"@type\":\"WebPage\",\"@id\":\"https:\\\/\\\/folhadoleste.com.br\\\/fabio-sera-o-brasileiro-mais-velho-a-disputar-o-mundial\\\/\",\"url\":\"https:\\\/\\\/folhadoleste.com.br\\\/fabio-sera-o-brasileiro-mais-velho-a-disputar-o-mundial\\\/\",\"name\":\"F\u00e1bio ser\u00e1 o brasileiro mais velho a disputar o Mundial &#8226; Folha do Leste\",\"isPartOf\":{\"@id\":\"https:\\\/\\\/folhadoleste.com.br\\\/#website\"},\"primaryImageOfPage\":{\"@id\":\"https:\\\/\\\/folhadoleste.com.br\\\/fabio-sera-o-brasileiro-mais-velho-a-disputar-o-mundial\\\/#primaryimage\"},\"image\":{\"@id\":\"https:\\\/\\\/folhadoleste.com.br\\\/fabio-sera-o-brasileiro-mais-velho-a-disputar-o-mundial\\\/#primaryimage\"},\"thumbnailUrl\":\"https:\\\/\\\/folhadoleste.com.br\\\/wp-content\\\/uploads\\\/2023\\\/12\\\/Fabio-sera-o-brasileiro-mais-velho-a-disputar-o-Mundial-Foto-Lucas-Mercon-Fluminense.webp\",\"datePublished\":\"2023-12-13T13:27:23+00:00\",\"description\":\"F\u00e1bio ser\u00e1 o brasileiro mais velho a disputar o Mundial...\",\"breadcrumb\":{\"@id\":\"https:\\\/\\\/folhadoleste.com.br\\\/fabio-sera-o-brasileiro-mais-velho-a-disputar-o-mundial\\\/#breadcrumb\"},\"inLanguage\":\"en-US\",\"potentialAction\":[{\"@type\":\"ReadAction\",\"target\":[\"https:\\\/\\\/folhadoleste.com.br\\\/fabio-sera-o-brasileiro-mais-velho-a-disputar-o-mundial\\\/\"]}]},{\"@type\":\"ImageObject\",\"inLanguage\":\"en-US\",\"@id\":\"https:\\\/\\\/folhadoleste.com.br\\\/fabio-sera-o-brasileiro-mais-velho-a-disputar-o-mundial\\\/#primaryimage\",\"url\":\"https:\\\/\\\/folhadoleste.com.br\\\/wp-content\\\/uploads\\\/2023\\\/12\\\/Fabio-sera-o-brasileiro-mais-velho-a-disputar-o-Mundial-Foto-Lucas-Mercon-Fluminense.webp\",\"contentUrl\":\"https:\\\/\\\/folhadoleste.com.br\\\/wp-content\\\/uploads\\\/2023\\\/12\\\/Fabio-sera-o-brasileiro-mais-velho-a-disputar-o-Mundial-Foto-Lucas-Mercon-Fluminense.webp\",\"width\":1200,\"height\":750,\"caption\":\"Foto: Lucas Mer\u00e7on - Fluminense\"},{\"@type\":\"BreadcrumbList\",\"@id\":\"https:\\\/\\\/folhadoleste.com.br\\\/fabio-sera-o-brasileiro-mais-velho-a-disputar-o-mundial\\\/#breadcrumb\",\"itemListElement\":[{\"@type\":\"ListItem\",\"position\":1,\"name\":\"In\u00edcio\",\"item\":\"https:\\\/\\\/folhadoleste.com.br\\\/\"},{\"@type\":\"ListItem\",\"position\":2,\"name\":\"Esportes\",\"item\":\"https:\\\/\\\/folhadoleste.com.br\\\/category\\\/esportes\\\/\"},{\"@type\":\"ListItem\",\"position\":3,\"name\":\"Futebol\",\"item\":\"https:\\\/\\\/folhadoleste.com.br\\\/category\\\/esportes\\\/futebol-esportes\\\/\"},{\"@type\":\"ListItem\",\"position\":4,\"name\":\"F\u00e1bio ser\u00e1 o brasileiro mais velho a disputar o Mundial\"}]},{\"@type\":\"WebSite\",\"@id\":\"https:\\\/\\\/folhadoleste.com.br\\\/#website\",\"url\":\"https:\\\/\\\/folhadoleste.com.br\\\/\",\"name\":\"Folha do Leste\",\"description\":\"Portal de Not\u00edcias com \u00eanfase em Niter\u00f3i, criando conte\u00fados desde a capital Rio de Janeiro, com olhar para o Leste Fluminense e suas cidades como S\u00e3o Gon\u00e7alo, Itabora\u00ed, Rio Bonito, Maric\u00e1, Saquarema e Araruama\",\"publisher\":{\"@id\":\"https:\\\/\\\/folhadoleste.com.br\\\/#organization\"},\"alternateName\":\"FL\",\"potentialAction\":[{\"@type\":\"SearchAction\",\"target\":{\"@type\":\"EntryPoint\",\"urlTemplate\":\"https:\\\/\\\/folhadoleste.com.br\\\/?s={search_term_string}\"},\"query-input\":{\"@type\":\"PropertyValueSpecification\",\"valueRequired\":true,\"valueName\":\"search_term_string\"}}],\"inLanguage\":\"en-US\"},{\"@type\":\"Organization\",\"@id\":\"https:\\\/\\\/folhadoleste.com.br\\\/#organization\",\"name\":\"Brasil 21 Comunica\u00e7\u00e3o\",\"alternateName\":\"BR21\",\"url\":\"https:\\\/\\\/folhadoleste.com.br\\\/\",\"logo\":{\"@type\":\"ImageObject\",\"inLanguage\":\"en-US\",\"@id\":\"https:\\\/\\\/folhadoleste.com.br\\\/#\\\/schema\\\/logo\\\/image\\\/\",\"url\":\"https:\\\/\\\/folhadoleste.com.br\\\/wp-content\\\/uploads\\\/2025\\\/12\\\/brasil-21-logomarca.avif\",\"contentUrl\":\"https:\\\/\\\/folhadoleste.com.br\\\/wp-content\\\/uploads\\\/2025\\\/12\\\/brasil-21-logomarca.avif\",\"width\":1044,\"height\":1044,\"caption\":\"Brasil 21 Comunica\u00e7\u00e3o\"},\"image\":{\"@id\":\"https:\\\/\\\/folhadoleste.com.br\\\/#\\\/schema\\\/logo\\\/image\\\/\"},\"sameAs\":[\"https:\\\/\\\/www.facebook.com\\\/folhadoleste\",\"https:\\\/\\\/x.com\\\/FolhadoLesteRJ\",\"https:\\\/\\\/www.instagram.com\\\/folhadoleste\\\/\"]},{\"@type\":\"Person\",\"@id\":\"https:\\\/\\\/folhadoleste.com.br\\\/#\\\/schema\\\/person\\\/3e97145b2e1861276e84471aa85a3899\",\"name\":\"Folha do Leste\",\"image\":{\"@type\":\"ImageObject\",\"inLanguage\":\"en-US\",\"@id\":\"https:\\\/\\\/folhadoleste.com.br\\\/wp-content\\\/litespeed\\\/avatar\\\/1ca8c218432e7045e748610eb3db0259.jpg?ver=1777161142\",\"url\":\"https:\\\/\\\/folhadoleste.com.br\\\/wp-content\\\/litespeed\\\/avatar\\\/1ca8c218432e7045e748610eb3db0259.jpg?ver=1777161142\",\"contentUrl\":\"https:\\\/\\\/folhadoleste.com.br\\\/wp-content\\\/litespeed\\\/avatar\\\/1ca8c218432e7045e748610eb3db0259.jpg?ver=1777161142\",\"caption\":\"Folha do Leste\"},\"url\":\"https:\\\/\\\/folhadoleste.com.br\\\/en\\\/author\\\/reportagem-01\\\/\"}]}<\/script>\n<!-- \/ Yoast SEO plugin. -->","yoast_head_json":{"title":"F\u00e1bio ser\u00e1 o brasileiro mais velho a disputar o Mundial &#8226; Folha do Leste","description":"F\u00e1bio ser\u00e1 o brasileiro mais velho a disputar o Mundial...","robots":{"index":"index","follow":"follow","max-snippet":"max-snippet:-1","max-image-preview":"max-image-preview:large","max-video-preview":"max-video-preview:-1"},"canonical":"https:\/\/folhadoleste.com.br\/en\/fabio-sera-o-brasileiro-mais-velho-a-disputar-o-mundial\/","og_locale":"en_US","og_type":"article","og_title":"F\u00e1bio ser\u00e1 o brasileiro mais velho a disputar o Mundial &#8226; Folha do Leste","og_description":"Futebol &#8226; Folha do Leste","og_url":"https:\/\/folhadoleste.com.br\/en\/fabio-sera-o-brasileiro-mais-velho-a-disputar-o-mundial\/","og_site_name":"Folha do Leste","article_publisher":"https:\/\/www.facebook.com\/folhadoleste","article_published_time":"2023-12-13T13:27:23+00:00","og_image":[{"width":1200,"height":750,"url":"https:\/\/folhadoleste.com.br\/wp-content\/uploads\/2023\/12\/Fabio-sera-o-brasileiro-mais-velho-a-disputar-o-Mundial-Foto-Lucas-Mercon-Fluminense.webp","type":"image\/webp"}],"author":"Folha do Leste","twitter_card":"summary_large_image","twitter_creator":"@FolhadoLesteRJ","twitter_site":"@FolhadoLesteRJ","twitter_misc":{"Written by":"Folha do Leste","Est. reading time":"3 minutes"},"schema":{"@context":"https:\/\/schema.org","@graph":[{"@type":"NewsArticle","@id":"https:\/\/folhadoleste.com.br\/fabio-sera-o-brasileiro-mais-velho-a-disputar-o-mundial\/#article","isPartOf":{"@id":"https:\/\/folhadoleste.com.br\/fabio-sera-o-brasileiro-mais-velho-a-disputar-o-mundial\/"},"author":{"name":"Folha do Leste","@id":"https:\/\/folhadoleste.com.br\/#\/schema\/person\/3e97145b2e1861276e84471aa85a3899"},"headline":"F\u00e1bio ser\u00e1 o brasileiro mais velho a disputar o Mundial","datePublished":"2023-12-13T13:27:23+00:00","mainEntityOfPage":{"@id":"https:\/\/folhadoleste.com.br\/fabio-sera-o-brasileiro-mais-velho-a-disputar-o-mundial\/"},"wordCount":385,"commentCount":0,"publisher":{"@id":"https:\/\/folhadoleste.com.br\/#organization"},"image":{"@id":"https:\/\/folhadoleste.com.br\/fabio-sera-o-brasileiro-mais-velho-a-disputar-o-mundial\/#primaryimage"},"thumbnailUrl":"https:\/\/folhadoleste.com.br\/wp-content\/uploads\/2023\/12\/Fabio-sera-o-brasileiro-mais-velho-a-disputar-o-Mundial-Foto-Lucas-Mercon-Fluminense.webp","keywords":["Esportes","F\u00e1bio","fluminense","futebol","Mundial de Clubes"],"articleSection":["Esportes","Futebol"],"inLanguage":"en-US","potentialAction":[{"@type":"CommentAction","name":"Comment","target":["https:\/\/folhadoleste.com.br\/fabio-sera-o-brasileiro-mais-velho-a-disputar-o-mundial\/#respond"]}]},{"@type":"WebPage","@id":"https:\/\/folhadoleste.com.br\/fabio-sera-o-brasileiro-mais-velho-a-disputar-o-mundial\/","url":"https:\/\/folhadoleste.com.br\/fabio-sera-o-brasileiro-mais-velho-a-disputar-o-mundial\/","name":"F\u00e1bio ser\u00e1 o brasileiro mais velho a disputar o Mundial &#8226; Folha do Leste","isPartOf":{"@id":"https:\/\/folhadoleste.com.br\/#website"},"primaryImageOfPage":{"@id":"https:\/\/folhadoleste.com.br\/fabio-sera-o-brasileiro-mais-velho-a-disputar-o-mundial\/#primaryimage"},"image":{"@id":"https:\/\/folhadoleste.com.br\/fabio-sera-o-brasileiro-mais-velho-a-disputar-o-mundial\/#primaryimage"},"thumbnailUrl":"https:\/\/folhadoleste.com.br\/wp-content\/uploads\/2023\/12\/Fabio-sera-o-brasileiro-mais-velho-a-disputar-o-Mundial-Foto-Lucas-Mercon-Fluminense.webp","datePublished":"2023-12-13T13:27:23+00:00","description":"F\u00e1bio ser\u00e1 o brasileiro mais velho a disputar o Mundial...","breadcrumb":{"@id":"https:\/\/folhadoleste.com.br\/fabio-sera-o-brasileiro-mais-velho-a-disputar-o-mundial\/#breadcrumb"},"inLanguage":"en-US","potentialAction":[{"@type":"ReadAction","target":["https:\/\/folhadoleste.com.br\/fabio-sera-o-brasileiro-mais-velho-a-disputar-o-mundial\/"]}]},{"@type":"ImageObject","inLanguage":"en-US","@id":"https:\/\/folhadoleste.com.br\/fabio-sera-o-brasileiro-mais-velho-a-disputar-o-mundial\/#primaryimage","url":"https:\/\/folhadoleste.com.br\/wp-content\/uploads\/2023\/12\/Fabio-sera-o-brasileiro-mais-velho-a-disputar-o-Mundial-Foto-Lucas-Mercon-Fluminense.webp","contentUrl":"https:\/\/folhadoleste.com.br\/wp-content\/uploads\/2023\/12\/Fabio-sera-o-brasileiro-mais-velho-a-disputar-o-Mundial-Foto-Lucas-Mercon-Fluminense.webp","width":1200,"height":750,"caption":"Foto: Lucas Mer\u00e7on - Fluminense"},{"@type":"BreadcrumbList","@id":"https:\/\/folhadoleste.com.br\/fabio-sera-o-brasileiro-mais-velho-a-disputar-o-mundial\/#breadcrumb","itemListElement":[{"@type":"ListItem","position":1,"name":"In\u00edcio","item":"https:\/\/folhadoleste.com.br\/"},{"@type":"ListItem","position":2,"name":"Esportes","item":"https:\/\/folhadoleste.com.br\/category\/esportes\/"},{"@type":"ListItem","position":3,"name":"Futebol","item":"https:\/\/folhadoleste.com.br\/category\/esportes\/futebol-esportes\/"},{"@type":"ListItem","position":4,"name":"F\u00e1bio ser\u00e1 o brasileiro mais velho a disputar o Mundial"}]},{"@type":"WebSite","@id":"https:\/\/folhadoleste.com.br\/#website","url":"https:\/\/folhadoleste.com.br\/","name":"Folha do Leste","description":"Portal de Not\u00edcias com \u00eanfase em Niter\u00f3i, criando conte\u00fados desde a capital Rio de Janeiro, com olhar para o Leste Fluminense e suas cidades como S\u00e3o Gon\u00e7alo, Itabora\u00ed, Rio Bonito, Maric\u00e1, Saquarema e Araruama","publisher":{"@id":"https:\/\/folhadoleste.com.br\/#organization"},"alternateName":"FL","potentialAction":[{"@type":"SearchAction","target":{"@type":"EntryPoint","urlTemplate":"https:\/\/folhadoleste.com.br\/?s={search_term_string}"},"query-input":{"@type":"PropertyValueSpecification","valueRequired":true,"valueName":"search_term_string"}}],"inLanguage":"en-US"},{"@type":"Organization","@id":"https:\/\/folhadoleste.com.br\/#organization","name":"Brasil 21 Comunica\u00e7\u00e3o","alternateName":"BR21","url":"https:\/\/folhadoleste.com.br\/","logo":{"@type":"ImageObject","inLanguage":"en-US","@id":"https:\/\/folhadoleste.com.br\/#\/schema\/logo\/image\/","url":"https:\/\/folhadoleste.com.br\/wp-content\/uploads\/2025\/12\/brasil-21-logomarca.avif","contentUrl":"https:\/\/folhadoleste.com.br\/wp-content\/uploads\/2025\/12\/brasil-21-logomarca.avif","width":1044,"height":1044,"caption":"Brasil 21 Comunica\u00e7\u00e3o"},"image":{"@id":"https:\/\/folhadoleste.com.br\/#\/schema\/logo\/image\/"},"sameAs":["https:\/\/www.facebook.com\/folhadoleste","https:\/\/x.com\/FolhadoLesteRJ","https:\/\/www.instagram.com\/folhadoleste\/"]},{"@type":"Person","@id":"https:\/\/folhadoleste.com.br\/#\/schema\/person\/3e97145b2e1861276e84471aa85a3899","name":"Folha do Leste","image":{"@type":"ImageObject","inLanguage":"en-US","@id":"https:\/\/folhadoleste.com.br\/wp-content\/litespeed\/avatar\/1ca8c218432e7045e748610eb3db0259.jpg?ver=1777161142","url":"https:\/\/folhadoleste.com.br\/wp-content\/litespeed\/avatar\/1ca8c218432e7045e748610eb3db0259.jpg?ver=1777161142","contentUrl":"https:\/\/folhadoleste.com.br\/wp-content\/litespeed\/avatar\/1ca8c218432e7045e748610eb3db0259.jpg?ver=1777161142","caption":"Folha do Leste"},"url":"https:\/\/folhadoleste.com.br\/en\/author\/reportagem-01\/"}]}},"_links":{"self":[{"href":"https:\/\/folhadoleste.com.br\/en\/wp-json\/wp\/v2\/posts\/39936","targetHints":{"allow":["GET"]}}],"collection":[{"href":"https:\/\/folhadoleste.com.br\/en\/wp-json\/wp\/v2\/posts"}],"about":[{"href":"https:\/\/folhadoleste.com.br\/en\/wp-json\/wp\/v2\/types\/post"}],"author":[{"embeddable":true,"href":"https:\/\/folhadoleste.com.br\/en\/wp-json\/wp\/v2\/users\/4"}],"replies":[{"embeddable":true,"href":"https:\/\/folhadoleste.com.br\/en\/wp-json\/wp\/v2\/comments?post=39936"}],"version-history":[{"count":1,"href":"https:\/\/folhadoleste.com.br\/en\/wp-json\/wp\/v2\/posts\/39936\/revisions"}],"predecessor-version":[{"id":39939,"href":"https:\/\/folhadoleste.com.br\/en\/wp-json\/wp\/v2\/posts\/39936\/revisions\/39939"}],"wp:featuredmedia":[{"embeddable":true,"href":"https:\/\/folhadoleste.com.br\/en\/wp-json\/wp\/v2\/media\/39938"}],"wp:attachment":[{"href":"https:\/\/folhadoleste.com.br\/en\/wp-json\/wp\/v2\/media?parent=39936"}],"wp:term":[{"taxonomy":"category","embeddable":true,"href":"https:\/\/folhadoleste.com.br\/en\/wp-json\/wp\/v2\/categories?post=39936"},{"taxonomy":"post_tag","embeddable":true,"href":"https:\/\/folhadoleste.com.br\/en\/wp-json\/wp\/v2\/tags?post=39936"}],"curies":[{"name":"wp","href":"https:\/\/api.w.org\/{rel}","templated":true}]}}