{"id":39765,"date":"2023-12-12T11:07:11","date_gmt":"2023-12-12T14:07:11","guid":{"rendered":"https:\/\/folhadoleste.com.br\/?p=39765"},"modified":"2023-12-12T11:07:11","modified_gmt":"2023-12-12T14:07:11","slug":"lei-vini-jr-e-sancionada-na-paraiba-para-combater-o-racismo-nos-estadios","status":"publish","type":"post","link":"https:\/\/folhadoleste.com.br\/en\/lei-vini-jr-e-sancionada-na-paraiba-para-combater-o-racismo-nos-estadios\/","title":{"rendered":"Lei Vini Jr. \u00e9 sancionada na Para\u00edba para combater o racismo nos est\u00e1dios"},"content":{"rendered":"<div id=\"attachment_39767\" style=\"width: 1210px\" class=\"wp-caption aligncenter\"><img decoding=\"async\" aria-describedby=\"caption-attachment-39767\" class=\"size-full wp-image-39767\" src=\"https:\/\/folhadoleste.com.br\/wp-content\/uploads\/2023\/12\/Lei-Vini-Jr.-e-sancionada-na-Paraiba-para-combater-o-racismo-nos-estadios-Foto-Pierre-Philippe-Marcou-AFP.webp\" alt=\"Lei Vini Jr. \u00e9 sancionada na Para\u00edba para combater o racismo nos est\u00e1dios\" width=\"1200\" height=\"750\" \/><p id=\"caption-attachment-39767\" class=\"wp-caption-text\">Foto: Pierre-Philippe Marcou\/AFP<\/p><\/div>\n<p>Nesta ter\u00e7a-feira (12), a Para\u00edba promulgou a &#8220;Lei Vini Jr&#8221;, que tem como objetivo principal combater o racismo em eventos esportivos. O atacante do Real Madrid vem se destacando na luta contra o preconceito na Espanha.<\/p>\n<p>De autoria da deputada estadual Cida Ramos (PT) e publicada no Di\u00e1rio Oficial do Estado, a &#8220;Pol\u00edtica Estadual Vini Jr&#8221; busca transformar est\u00e1dios e arenas esportivas em ambientes inclusivos para toda a comunidade.<\/p>\n<p>Dentre as diretrizes estabelecidas pela lei, destacam-se a obriga\u00e7\u00e3o de divulga\u00e7\u00e3o e realiza\u00e7\u00e3o de campanhas educativas contra o racismo, a divulga\u00e7\u00e3o de pol\u00edticas p\u00fablicas voltadas para o atendimento das v\u00edtimas de condutas discriminat\u00f3rias e a interrup\u00e7\u00e3o imediata da partida em caso de den\u00fancia ou manifesta\u00e7\u00e3o de racismo por qualquer presente, incluindo a aplica\u00e7\u00e3o de san\u00e7\u00f5es civis e penais previstas no regulamento da competi\u00e7\u00e3o e na legisla\u00e7\u00e3o esportiva.<\/p>\n<h5><a href=\"https:\/\/folhadoleste.com.br\/en\/category\/esportes\/\"><strong>\u201cLeia mais not\u00edcias sobre Esportes Aqui\u201d<\/strong><\/a><\/h5>\n<p>No entanto, a &#8220;Lei Vini Jr&#8221; n\u00e3o torna obrigat\u00f3ria a instru\u00e7\u00e3o de funcion\u00e1rios e prestadores de servi\u00e7os sobre condutas discriminat\u00f3rias, assim como a cria\u00e7\u00e3o e ampla divulga\u00e7\u00e3o de medidas de apoio ao denunciante v\u00edtima de racismo. Al\u00e9m disso, o encerramento total da partida em andamento s\u00f3 ocorrer\u00e1 em casos de conduta racista praticada por grupo de pessoas ou reincid\u00eancia de manifesta\u00e7\u00e3o discriminat\u00f3ria, tamb\u00e9m sujeito \u00e0s san\u00e7\u00f5es previstas no regulamento da competi\u00e7\u00e3o e na legisla\u00e7\u00e3o esportiva.<\/p>\n<p>Qualquer cidad\u00e3o poder\u00e1 informar \u00e0s autoridades presentes no est\u00e1dio ou arena sobre condutas racistas presenciadas. A autoridade, por sua vez, ter\u00e1 a obriga\u00e7\u00e3o de comunicar imediatamente o delegado da partida ou, se dispon\u00edvel, um representante do Minist\u00e9rio P\u00fablico ou Delegacia de Crimes Raciais. O delegado do jogo, ent\u00e3o, solicitar\u00e1 ao \u00e1rbitro a interrup\u00e7\u00e3o obrigat\u00f3ria da partida pelo tempo necess\u00e1rio ou at\u00e9 que cessem as pr\u00e1ticas discriminat\u00f3rias. Em conjunto com a arbitragem, poder\u00e1 at\u00e9 mesmo ocasionar o encerramento do confronto.<\/p>\n<p>&nbsp;<\/p>\n<p><a href=\"https:\/\/www.instagram.com\/folhadoleste\/\"><img decoding=\"async\" class=\"aligncenter wp-image-15962\" src=\"https:\/\/folhadoleste.com.br\/wp-content\/uploads\/2023\/07\/instagram.jpg.webp\" alt=\"Itaipu-Itaipua\u00e7u: Caminh\u00e3o causa grave acidente na RJ-102, a estrada da Serrinha\" width=\"49\" height=\"49\" \/><\/a><a href=\"https:\/\/www.facebook.com\/folhadoleste\"><img decoding=\"async\" class=\"aligncenter wp-image-7424\" src=\"https:\/\/folhadoleste.com.br\/wp-content\/uploads\/2023\/05\/facebook-logo-3-1.png.webp\" alt=\"Itaipu-Itaipua\u00e7u: Caminh\u00e3o causa grave acidente na RJ-102, a estrada da Serrinha\" width=\"49\" height=\"49\" \/><\/a><\/p>","protected":false},"excerpt":{"rendered":"<p>Nesta ter\u00e7a-feira (12), a Para\u00edba promulgou a &#8220;Lei Vini Jr&#8221;, que tem como objetivo principal combater o racismo em eventos esportivos. O atacante do Real Madrid vem se destacando na luta contra o preconceito na Espanha. De autoria da deputada estadual Cida Ramos (PT) e publicada no Di\u00e1rio Oficial do Estado, a &#8220;Pol\u00edtica Estadual Vini Jr&#8221; busca transformar est\u00e1dios e arenas esportivas em ambientes inclusivos para toda a comunidade. Dentre as diretrizes estabelecidas pela lei, destacam-se a obriga\u00e7\u00e3o de divulga\u00e7\u00e3o e realiza\u00e7\u00e3o de campanhas educativas contra o racismo, a divulga\u00e7\u00e3o de pol\u00edticas p\u00fablicas voltadas para o atendimento das v\u00edtimas de [&hellip;]<\/p>\n","protected":false},"author":4,"featured_media":39767,"comment_status":"open","ping_status":"open","sticky":false,"template":"","format":"standard","meta":{"footnotes":""},"categories":[48,65],"tags":[2850,105,101,8731,708,407],"class_list":["post-39765","post","type-post","status-publish","format-standard","has-post-thumbnail","hentry","category-esportes","category-futebol-esportes","tag-combate","tag-esportes","tag-futebol","tag-lei-vini-jr","tag-paraiba","tag-racismo","post--single"],"yoast_head":"<!-- This site is optimized with the Yoast SEO plugin v27.4 - https:\/\/yoast.com\/product\/yoast-seo-wordpress\/ -->\n<title>Lei Vini Jr. \u00e9 sancionada na Para\u00edba para combater o racismo nos est\u00e1dios<\/title>\n<meta name=\"description\" content=\"Lei Vini Jr. \u00e9 sancionada na Para\u00edba para combater o racismo nos est\u00e1dios...\" \/>\n<meta name=\"robots\" content=\"index, follow, max-snippet:-1, max-image-preview:large, max-video-preview:-1\" \/>\n<link rel=\"canonical\" href=\"https:\/\/folhadoleste.com.br\/en\/lei-vini-jr-e-sancionada-na-paraiba-para-combater-o-racismo-nos-estadios\/\" \/>\n<meta property=\"og:locale\" content=\"en_US\" \/>\n<meta property=\"og:type\" content=\"article\" \/>\n<meta property=\"og:title\" content=\"Lei Vini Jr. \u00e9 sancionada na Para\u00edba para combater o racismo nos est\u00e1dios\" \/>\n<meta property=\"og:description\" content=\"Futebol &#8226; Folha do Leste\" \/>\n<meta property=\"og:url\" content=\"https:\/\/folhadoleste.com.br\/en\/lei-vini-jr-e-sancionada-na-paraiba-para-combater-o-racismo-nos-estadios\/\" \/>\n<meta property=\"og:site_name\" content=\"Folha do Leste\" \/>\n<meta property=\"article:publisher\" content=\"https:\/\/www.facebook.com\/folhadoleste\" \/>\n<meta property=\"article:published_time\" content=\"2023-12-12T14:07:11+00:00\" \/>\n<meta property=\"og:image\" content=\"https:\/\/folhadoleste.com.br\/wp-content\/uploads\/2023\/12\/Lei-Vini-Jr.-e-sancionada-na-Paraiba-para-combater-o-racismo-nos-estadios-Foto-Pierre-Philippe-Marcou-AFP.webp\" \/>\n\t<meta property=\"og:image:width\" content=\"1200\" \/>\n\t<meta property=\"og:image:height\" content=\"750\" \/>\n\t<meta property=\"og:image:type\" content=\"image\/webp\" \/>\n<meta name=\"author\" content=\"Folha do Leste\" \/>\n<meta name=\"twitter:card\" content=\"summary_large_image\" \/>\n<meta name=\"twitter:creator\" content=\"@FolhadoLesteRJ\" \/>\n<meta name=\"twitter:site\" content=\"@FolhadoLesteRJ\" \/>\n<meta name=\"twitter:label1\" content=\"Written by\" \/>\n\t<meta name=\"twitter:data1\" content=\"Folha do Leste\" \/>\n\t<meta name=\"twitter:label2\" content=\"Est. reading time\" \/>\n\t<meta name=\"twitter:data2\" content=\"3 minutes\" \/>\n<script type=\"application\/ld+json\" class=\"yoast-schema-graph\">{\"@context\":\"https:\\\/\\\/schema.org\",\"@graph\":[{\"@type\":\"NewsArticle\",\"@id\":\"https:\\\/\\\/folhadoleste.com.br\\\/lei-vini-jr-e-sancionada-na-paraiba-para-combater-o-racismo-nos-estadios\\\/#article\",\"isPartOf\":{\"@id\":\"https:\\\/\\\/folhadoleste.com.br\\\/lei-vini-jr-e-sancionada-na-paraiba-para-combater-o-racismo-nos-estadios\\\/\"},\"author\":{\"name\":\"Folha do Leste\",\"@id\":\"https:\\\/\\\/folhadoleste.com.br\\\/#\\\/schema\\\/person\\\/3e97145b2e1861276e84471aa85a3899\"},\"headline\":\"Lei Vini Jr. \u00e9 sancionada na Para\u00edba para combater o racismo nos est\u00e1dios\",\"datePublished\":\"2023-12-12T14:07:11+00:00\",\"mainEntityOfPage\":{\"@id\":\"https:\\\/\\\/folhadoleste.com.br\\\/lei-vini-jr-e-sancionada-na-paraiba-para-combater-o-racismo-nos-estadios\\\/\"},\"wordCount\":371,\"commentCount\":0,\"publisher\":{\"@id\":\"https:\\\/\\\/folhadoleste.com.br\\\/#organization\"},\"image\":{\"@id\":\"https:\\\/\\\/folhadoleste.com.br\\\/lei-vini-jr-e-sancionada-na-paraiba-para-combater-o-racismo-nos-estadios\\\/#primaryimage\"},\"thumbnailUrl\":\"https:\\\/\\\/folhadoleste.com.br\\\/wp-content\\\/uploads\\\/2023\\\/12\\\/Lei-Vini-Jr.-e-sancionada-na-Paraiba-para-combater-o-racismo-nos-estadios-Foto-Pierre-Philippe-Marcou-AFP.webp\",\"keywords\":[\"combate\",\"Esportes\",\"futebol\",\"Lei Vini Jr.\",\"Paraiba\",\"racismo\"],\"articleSection\":[\"Esportes\",\"Futebol\"],\"inLanguage\":\"en-US\",\"potentialAction\":[{\"@type\":\"CommentAction\",\"name\":\"Comment\",\"target\":[\"https:\\\/\\\/folhadoleste.com.br\\\/lei-vini-jr-e-sancionada-na-paraiba-para-combater-o-racismo-nos-estadios\\\/#respond\"]}]},{\"@type\":\"WebPage\",\"@id\":\"https:\\\/\\\/folhadoleste.com.br\\\/lei-vini-jr-e-sancionada-na-paraiba-para-combater-o-racismo-nos-estadios\\\/\",\"url\":\"https:\\\/\\\/folhadoleste.com.br\\\/lei-vini-jr-e-sancionada-na-paraiba-para-combater-o-racismo-nos-estadios\\\/\",\"name\":\"Lei Vini Jr. \u00e9 sancionada na Para\u00edba para combater o racismo nos est\u00e1dios\",\"isPartOf\":{\"@id\":\"https:\\\/\\\/folhadoleste.com.br\\\/#website\"},\"primaryImageOfPage\":{\"@id\":\"https:\\\/\\\/folhadoleste.com.br\\\/lei-vini-jr-e-sancionada-na-paraiba-para-combater-o-racismo-nos-estadios\\\/#primaryimage\"},\"image\":{\"@id\":\"https:\\\/\\\/folhadoleste.com.br\\\/lei-vini-jr-e-sancionada-na-paraiba-para-combater-o-racismo-nos-estadios\\\/#primaryimage\"},\"thumbnailUrl\":\"https:\\\/\\\/folhadoleste.com.br\\\/wp-content\\\/uploads\\\/2023\\\/12\\\/Lei-Vini-Jr.-e-sancionada-na-Paraiba-para-combater-o-racismo-nos-estadios-Foto-Pierre-Philippe-Marcou-AFP.webp\",\"datePublished\":\"2023-12-12T14:07:11+00:00\",\"description\":\"Lei Vini Jr. \u00e9 sancionada na Para\u00edba para combater o racismo nos est\u00e1dios...\",\"breadcrumb\":{\"@id\":\"https:\\\/\\\/folhadoleste.com.br\\\/lei-vini-jr-e-sancionada-na-paraiba-para-combater-o-racismo-nos-estadios\\\/#breadcrumb\"},\"inLanguage\":\"en-US\",\"potentialAction\":[{\"@type\":\"ReadAction\",\"target\":[\"https:\\\/\\\/folhadoleste.com.br\\\/lei-vini-jr-e-sancionada-na-paraiba-para-combater-o-racismo-nos-estadios\\\/\"]}]},{\"@type\":\"ImageObject\",\"inLanguage\":\"en-US\",\"@id\":\"https:\\\/\\\/folhadoleste.com.br\\\/lei-vini-jr-e-sancionada-na-paraiba-para-combater-o-racismo-nos-estadios\\\/#primaryimage\",\"url\":\"https:\\\/\\\/folhadoleste.com.br\\\/wp-content\\\/uploads\\\/2023\\\/12\\\/Lei-Vini-Jr.-e-sancionada-na-Paraiba-para-combater-o-racismo-nos-estadios-Foto-Pierre-Philippe-Marcou-AFP.webp\",\"contentUrl\":\"https:\\\/\\\/folhadoleste.com.br\\\/wp-content\\\/uploads\\\/2023\\\/12\\\/Lei-Vini-Jr.-e-sancionada-na-Paraiba-para-combater-o-racismo-nos-estadios-Foto-Pierre-Philippe-Marcou-AFP.webp\",\"width\":1200,\"height\":750,\"caption\":\"Foto: Pierre-Philippe Marcou\\\/AFP\"},{\"@type\":\"BreadcrumbList\",\"@id\":\"https:\\\/\\\/folhadoleste.com.br\\\/lei-vini-jr-e-sancionada-na-paraiba-para-combater-o-racismo-nos-estadios\\\/#breadcrumb\",\"itemListElement\":[{\"@type\":\"ListItem\",\"position\":1,\"name\":\"In\u00edcio\",\"item\":\"https:\\\/\\\/folhadoleste.com.br\\\/\"},{\"@type\":\"ListItem\",\"position\":2,\"name\":\"Esportes\",\"item\":\"https:\\\/\\\/folhadoleste.com.br\\\/category\\\/esportes\\\/\"},{\"@type\":\"ListItem\",\"position\":3,\"name\":\"Futebol\",\"item\":\"https:\\\/\\\/folhadoleste.com.br\\\/category\\\/esportes\\\/futebol-esportes\\\/\"},{\"@type\":\"ListItem\",\"position\":4,\"name\":\"Lei Vini Jr. \u00e9 sancionada na Para\u00edba para combater o racismo nos est\u00e1dios\"}]},{\"@type\":\"WebSite\",\"@id\":\"https:\\\/\\\/folhadoleste.com.br\\\/#website\",\"url\":\"https:\\\/\\\/folhadoleste.com.br\\\/\",\"name\":\"Folha do Leste\",\"description\":\"Portal de Not\u00edcias com \u00eanfase em Niter\u00f3i, criando conte\u00fados desde a capital Rio de Janeiro, com olhar para o Leste Fluminense e suas cidades como S\u00e3o Gon\u00e7alo, Itabora\u00ed, Rio Bonito, Maric\u00e1, Saquarema e Araruama\",\"publisher\":{\"@id\":\"https:\\\/\\\/folhadoleste.com.br\\\/#organization\"},\"alternateName\":\"FL\",\"potentialAction\":[{\"@type\":\"SearchAction\",\"target\":{\"@type\":\"EntryPoint\",\"urlTemplate\":\"https:\\\/\\\/folhadoleste.com.br\\\/?s={search_term_string}\"},\"query-input\":{\"@type\":\"PropertyValueSpecification\",\"valueRequired\":true,\"valueName\":\"search_term_string\"}}],\"inLanguage\":\"en-US\"},{\"@type\":\"Organization\",\"@id\":\"https:\\\/\\\/folhadoleste.com.br\\\/#organization\",\"name\":\"Brasil 21 Comunica\u00e7\u00e3o\",\"alternateName\":\"BR21\",\"url\":\"https:\\\/\\\/folhadoleste.com.br\\\/\",\"logo\":{\"@type\":\"ImageObject\",\"inLanguage\":\"en-US\",\"@id\":\"https:\\\/\\\/folhadoleste.com.br\\\/#\\\/schema\\\/logo\\\/image\\\/\",\"url\":\"https:\\\/\\\/folhadoleste.com.br\\\/wp-content\\\/uploads\\\/2025\\\/12\\\/brasil-21-logomarca.avif\",\"contentUrl\":\"https:\\\/\\\/folhadoleste.com.br\\\/wp-content\\\/uploads\\\/2025\\\/12\\\/brasil-21-logomarca.avif\",\"width\":1044,\"height\":1044,\"caption\":\"Brasil 21 Comunica\u00e7\u00e3o\"},\"image\":{\"@id\":\"https:\\\/\\\/folhadoleste.com.br\\\/#\\\/schema\\\/logo\\\/image\\\/\"},\"sameAs\":[\"https:\\\/\\\/www.facebook.com\\\/folhadoleste\",\"https:\\\/\\\/x.com\\\/FolhadoLesteRJ\",\"https:\\\/\\\/www.instagram.com\\\/folhadoleste\\\/\"]},{\"@type\":\"Person\",\"@id\":\"https:\\\/\\\/folhadoleste.com.br\\\/#\\\/schema\\\/person\\\/3e97145b2e1861276e84471aa85a3899\",\"name\":\"Folha do Leste\",\"image\":{\"@type\":\"ImageObject\",\"inLanguage\":\"en-US\",\"@id\":\"https:\\\/\\\/folhadoleste.com.br\\\/wp-content\\\/litespeed\\\/avatar\\\/1ca8c218432e7045e748610eb3db0259.jpg?ver=1777161142\",\"url\":\"https:\\\/\\\/folhadoleste.com.br\\\/wp-content\\\/litespeed\\\/avatar\\\/1ca8c218432e7045e748610eb3db0259.jpg?ver=1777161142\",\"contentUrl\":\"https:\\\/\\\/folhadoleste.com.br\\\/wp-content\\\/litespeed\\\/avatar\\\/1ca8c218432e7045e748610eb3db0259.jpg?ver=1777161142\",\"caption\":\"Folha do Leste\"},\"url\":\"https:\\\/\\\/folhadoleste.com.br\\\/en\\\/author\\\/reportagem-01\\\/\"}]}<\/script>\n<!-- \/ Yoast SEO plugin. -->","yoast_head_json":{"title":"Lei Vini Jr. \u00e9 sancionada na Para\u00edba para combater o racismo nos est\u00e1dios","description":"Lei Vini Jr. \u00e9 sancionada na Para\u00edba para combater o racismo nos est\u00e1dios...","robots":{"index":"index","follow":"follow","max-snippet":"max-snippet:-1","max-image-preview":"max-image-preview:large","max-video-preview":"max-video-preview:-1"},"canonical":"https:\/\/folhadoleste.com.br\/en\/lei-vini-jr-e-sancionada-na-paraiba-para-combater-o-racismo-nos-estadios\/","og_locale":"en_US","og_type":"article","og_title":"Lei Vini Jr. \u00e9 sancionada na Para\u00edba para combater o racismo nos est\u00e1dios","og_description":"Futebol &#8226; Folha do Leste","og_url":"https:\/\/folhadoleste.com.br\/en\/lei-vini-jr-e-sancionada-na-paraiba-para-combater-o-racismo-nos-estadios\/","og_site_name":"Folha do Leste","article_publisher":"https:\/\/www.facebook.com\/folhadoleste","article_published_time":"2023-12-12T14:07:11+00:00","og_image":[{"width":1200,"height":750,"url":"https:\/\/folhadoleste.com.br\/wp-content\/uploads\/2023\/12\/Lei-Vini-Jr.-e-sancionada-na-Paraiba-para-combater-o-racismo-nos-estadios-Foto-Pierre-Philippe-Marcou-AFP.webp","type":"image\/webp"}],"author":"Folha do Leste","twitter_card":"summary_large_image","twitter_creator":"@FolhadoLesteRJ","twitter_site":"@FolhadoLesteRJ","twitter_misc":{"Written by":"Folha do Leste","Est. reading time":"3 minutes"},"schema":{"@context":"https:\/\/schema.org","@graph":[{"@type":"NewsArticle","@id":"https:\/\/folhadoleste.com.br\/lei-vini-jr-e-sancionada-na-paraiba-para-combater-o-racismo-nos-estadios\/#article","isPartOf":{"@id":"https:\/\/folhadoleste.com.br\/lei-vini-jr-e-sancionada-na-paraiba-para-combater-o-racismo-nos-estadios\/"},"author":{"name":"Folha do Leste","@id":"https:\/\/folhadoleste.com.br\/#\/schema\/person\/3e97145b2e1861276e84471aa85a3899"},"headline":"Lei Vini Jr. \u00e9 sancionada na Para\u00edba para combater o racismo nos est\u00e1dios","datePublished":"2023-12-12T14:07:11+00:00","mainEntityOfPage":{"@id":"https:\/\/folhadoleste.com.br\/lei-vini-jr-e-sancionada-na-paraiba-para-combater-o-racismo-nos-estadios\/"},"wordCount":371,"commentCount":0,"publisher":{"@id":"https:\/\/folhadoleste.com.br\/#organization"},"image":{"@id":"https:\/\/folhadoleste.com.br\/lei-vini-jr-e-sancionada-na-paraiba-para-combater-o-racismo-nos-estadios\/#primaryimage"},"thumbnailUrl":"https:\/\/folhadoleste.com.br\/wp-content\/uploads\/2023\/12\/Lei-Vini-Jr.-e-sancionada-na-Paraiba-para-combater-o-racismo-nos-estadios-Foto-Pierre-Philippe-Marcou-AFP.webp","keywords":["combate","Esportes","futebol","Lei Vini Jr.","Paraiba","racismo"],"articleSection":["Esportes","Futebol"],"inLanguage":"en-US","potentialAction":[{"@type":"CommentAction","name":"Comment","target":["https:\/\/folhadoleste.com.br\/lei-vini-jr-e-sancionada-na-paraiba-para-combater-o-racismo-nos-estadios\/#respond"]}]},{"@type":"WebPage","@id":"https:\/\/folhadoleste.com.br\/lei-vini-jr-e-sancionada-na-paraiba-para-combater-o-racismo-nos-estadios\/","url":"https:\/\/folhadoleste.com.br\/lei-vini-jr-e-sancionada-na-paraiba-para-combater-o-racismo-nos-estadios\/","name":"Lei Vini Jr. \u00e9 sancionada na Para\u00edba para combater o racismo nos est\u00e1dios","isPartOf":{"@id":"https:\/\/folhadoleste.com.br\/#website"},"primaryImageOfPage":{"@id":"https:\/\/folhadoleste.com.br\/lei-vini-jr-e-sancionada-na-paraiba-para-combater-o-racismo-nos-estadios\/#primaryimage"},"image":{"@id":"https:\/\/folhadoleste.com.br\/lei-vini-jr-e-sancionada-na-paraiba-para-combater-o-racismo-nos-estadios\/#primaryimage"},"thumbnailUrl":"https:\/\/folhadoleste.com.br\/wp-content\/uploads\/2023\/12\/Lei-Vini-Jr.-e-sancionada-na-Paraiba-para-combater-o-racismo-nos-estadios-Foto-Pierre-Philippe-Marcou-AFP.webp","datePublished":"2023-12-12T14:07:11+00:00","description":"Lei Vini Jr. \u00e9 sancionada na Para\u00edba para combater o racismo nos est\u00e1dios...","breadcrumb":{"@id":"https:\/\/folhadoleste.com.br\/lei-vini-jr-e-sancionada-na-paraiba-para-combater-o-racismo-nos-estadios\/#breadcrumb"},"inLanguage":"en-US","potentialAction":[{"@type":"ReadAction","target":["https:\/\/folhadoleste.com.br\/lei-vini-jr-e-sancionada-na-paraiba-para-combater-o-racismo-nos-estadios\/"]}]},{"@type":"ImageObject","inLanguage":"en-US","@id":"https:\/\/folhadoleste.com.br\/lei-vini-jr-e-sancionada-na-paraiba-para-combater-o-racismo-nos-estadios\/#primaryimage","url":"https:\/\/folhadoleste.com.br\/wp-content\/uploads\/2023\/12\/Lei-Vini-Jr.-e-sancionada-na-Paraiba-para-combater-o-racismo-nos-estadios-Foto-Pierre-Philippe-Marcou-AFP.webp","contentUrl":"https:\/\/folhadoleste.com.br\/wp-content\/uploads\/2023\/12\/Lei-Vini-Jr.-e-sancionada-na-Paraiba-para-combater-o-racismo-nos-estadios-Foto-Pierre-Philippe-Marcou-AFP.webp","width":1200,"height":750,"caption":"Foto: Pierre-Philippe Marcou\/AFP"},{"@type":"BreadcrumbList","@id":"https:\/\/folhadoleste.com.br\/lei-vini-jr-e-sancionada-na-paraiba-para-combater-o-racismo-nos-estadios\/#breadcrumb","itemListElement":[{"@type":"ListItem","position":1,"name":"In\u00edcio","item":"https:\/\/folhadoleste.com.br\/"},{"@type":"ListItem","position":2,"name":"Esportes","item":"https:\/\/folhadoleste.com.br\/category\/esportes\/"},{"@type":"ListItem","position":3,"name":"Futebol","item":"https:\/\/folhadoleste.com.br\/category\/esportes\/futebol-esportes\/"},{"@type":"ListItem","position":4,"name":"Lei Vini Jr. \u00e9 sancionada na Para\u00edba para combater o racismo nos est\u00e1dios"}]},{"@type":"WebSite","@id":"https:\/\/folhadoleste.com.br\/#website","url":"https:\/\/folhadoleste.com.br\/","name":"Folha do Leste","description":"Portal de Not\u00edcias com \u00eanfase em Niter\u00f3i, criando conte\u00fados desde a capital Rio de Janeiro, com olhar para o Leste Fluminense e suas cidades como S\u00e3o Gon\u00e7alo, Itabora\u00ed, Rio Bonito, Maric\u00e1, Saquarema e Araruama","publisher":{"@id":"https:\/\/folhadoleste.com.br\/#organization"},"alternateName":"FL","potentialAction":[{"@type":"SearchAction","target":{"@type":"EntryPoint","urlTemplate":"https:\/\/folhadoleste.com.br\/?s={search_term_string}"},"query-input":{"@type":"PropertyValueSpecification","valueRequired":true,"valueName":"search_term_string"}}],"inLanguage":"en-US"},{"@type":"Organization","@id":"https:\/\/folhadoleste.com.br\/#organization","name":"Brasil 21 Comunica\u00e7\u00e3o","alternateName":"BR21","url":"https:\/\/folhadoleste.com.br\/","logo":{"@type":"ImageObject","inLanguage":"en-US","@id":"https:\/\/folhadoleste.com.br\/#\/schema\/logo\/image\/","url":"https:\/\/folhadoleste.com.br\/wp-content\/uploads\/2025\/12\/brasil-21-logomarca.avif","contentUrl":"https:\/\/folhadoleste.com.br\/wp-content\/uploads\/2025\/12\/brasil-21-logomarca.avif","width":1044,"height":1044,"caption":"Brasil 21 Comunica\u00e7\u00e3o"},"image":{"@id":"https:\/\/folhadoleste.com.br\/#\/schema\/logo\/image\/"},"sameAs":["https:\/\/www.facebook.com\/folhadoleste","https:\/\/x.com\/FolhadoLesteRJ","https:\/\/www.instagram.com\/folhadoleste\/"]},{"@type":"Person","@id":"https:\/\/folhadoleste.com.br\/#\/schema\/person\/3e97145b2e1861276e84471aa85a3899","name":"Folha do Leste","image":{"@type":"ImageObject","inLanguage":"en-US","@id":"https:\/\/folhadoleste.com.br\/wp-content\/litespeed\/avatar\/1ca8c218432e7045e748610eb3db0259.jpg?ver=1777161142","url":"https:\/\/folhadoleste.com.br\/wp-content\/litespeed\/avatar\/1ca8c218432e7045e748610eb3db0259.jpg?ver=1777161142","contentUrl":"https:\/\/folhadoleste.com.br\/wp-content\/litespeed\/avatar\/1ca8c218432e7045e748610eb3db0259.jpg?ver=1777161142","caption":"Folha do Leste"},"url":"https:\/\/folhadoleste.com.br\/en\/author\/reportagem-01\/"}]}},"_links":{"self":[{"href":"https:\/\/folhadoleste.com.br\/en\/wp-json\/wp\/v2\/posts\/39765","targetHints":{"allow":["GET"]}}],"collection":[{"href":"https:\/\/folhadoleste.com.br\/en\/wp-json\/wp\/v2\/posts"}],"about":[{"href":"https:\/\/folhadoleste.com.br\/en\/wp-json\/wp\/v2\/types\/post"}],"author":[{"embeddable":true,"href":"https:\/\/folhadoleste.com.br\/en\/wp-json\/wp\/v2\/users\/4"}],"replies":[{"embeddable":true,"href":"https:\/\/folhadoleste.com.br\/en\/wp-json\/wp\/v2\/comments?post=39765"}],"version-history":[{"count":1,"href":"https:\/\/folhadoleste.com.br\/en\/wp-json\/wp\/v2\/posts\/39765\/revisions"}],"predecessor-version":[{"id":39768,"href":"https:\/\/folhadoleste.com.br\/en\/wp-json\/wp\/v2\/posts\/39765\/revisions\/39768"}],"wp:featuredmedia":[{"embeddable":true,"href":"https:\/\/folhadoleste.com.br\/en\/wp-json\/wp\/v2\/media\/39767"}],"wp:attachment":[{"href":"https:\/\/folhadoleste.com.br\/en\/wp-json\/wp\/v2\/media?parent=39765"}],"wp:term":[{"taxonomy":"category","embeddable":true,"href":"https:\/\/folhadoleste.com.br\/en\/wp-json\/wp\/v2\/categories?post=39765"},{"taxonomy":"post_tag","embeddable":true,"href":"https:\/\/folhadoleste.com.br\/en\/wp-json\/wp\/v2\/tags?post=39765"}],"curies":[{"name":"wp","href":"https:\/\/api.w.org\/{rel}","templated":true}]}}