{"id":39760,"date":"2023-12-12T11:04:00","date_gmt":"2023-12-12T14:04:00","guid":{"rendered":"https:\/\/folhadoleste.com.br\/?p=39760"},"modified":"2023-12-12T11:04:00","modified_gmt":"2023-12-12T14:04:00","slug":"corinthians-e-gremio-tem-interesse-em-junior-santos-do-botafogo","status":"publish","type":"post","link":"https:\/\/folhadoleste.com.br\/en\/corinthians-e-gremio-tem-interesse-em-junior-santos-do-botafogo\/","title":{"rendered":"Corinthians e Gr\u00eamio tem interesse em J\u00fanior Santos do Botafogo"},"content":{"rendered":"<div id=\"attachment_39762\" style=\"width: 1210px\" class=\"wp-caption aligncenter\"><img decoding=\"async\" aria-describedby=\"caption-attachment-39762\" class=\"size-full wp-image-39762\" src=\"https:\/\/folhadoleste.com.br\/wp-content\/uploads\/2023\/12\/Corinthians-e-Gremio-tem-interesse-em-Junior-Santos-do-Botafogo-Foto-Vitor-Silva-Botafogo.webp\" alt=\"Corinthians e Gr\u00eamio tem interesse em J\u00fanior Santos do Botafogo\" width=\"1200\" height=\"750\" \/><p id=\"caption-attachment-39762\" class=\"wp-caption-text\">Foto: Vitor Silva &#8211; Botafogo<\/p><\/div>\n<p>O atacante J\u00fanior Santos, 29 anos, est\u00e1 sendo alvo de interesse de outros clubes para a pr\u00f3xima temporada. Segundo o jornal ga\u00facho &#8220;Zero Hora&#8221;, o Gr\u00eamio est\u00e1 planejando sua contrata\u00e7\u00e3o, uma vez que Renato Ga\u00facho \u00e9 um grande admirador do talento do jogador.<\/p>\n<h5><a href=\"https:\/\/folhadoleste.com.br\/en\/category\/esportes\/\"><strong>\u201cLeia mais not\u00edcias sobre Esportes Aqui\u201d<\/strong><\/a><\/h5>\n<p>Apesar do desempenho abaixo do esperado do Botafogo no segundo turno, J\u00fanior Santos se destacou como um dos jogadores que manteve um bom n\u00edvel at\u00e9 o final da temporada.<\/p>\n<p>Ele possui contrato com o Alvinegro at\u00e9 o final de 2025. O Corinthians tamb\u00e9m est\u00e1 interessado na contrata\u00e7\u00e3o do atacante. Em 50 partidas disputadas, J\u00fanior Santos marcou sete gols e fez tr\u00eas assist\u00eancias.<\/p>\n<p>&nbsp;<\/p>\n<p><a href=\"https:\/\/www.instagram.com\/folhadoleste\/\"><img decoding=\"async\" class=\"aligncenter wp-image-15962\" src=\"https:\/\/folhadoleste.com.br\/wp-content\/uploads\/2023\/07\/instagram.jpg.webp\" alt=\"Itaipu-Itaipua\u00e7u: Caminh\u00e3o causa grave acidente na RJ-102, a estrada da Serrinha\" width=\"49\" height=\"49\" \/><\/a><a href=\"https:\/\/www.facebook.com\/folhadoleste\"><img decoding=\"async\" class=\"aligncenter wp-image-7424\" src=\"https:\/\/folhadoleste.com.br\/wp-content\/uploads\/2023\/05\/facebook-logo-3-1.png.webp\" alt=\"Itaipu-Itaipua\u00e7u: Caminh\u00e3o causa grave acidente na RJ-102, a estrada da Serrinha\" width=\"49\" height=\"49\" \/><\/a><\/p>","protected":false},"excerpt":{"rendered":"<p>O atacante J\u00fanior Santos, 29 anos, est\u00e1 sendo alvo de interesse de outros clubes para a pr\u00f3xima temporada. Segundo o jornal ga\u00facho &#8220;Zero Hora&#8221;, o Gr\u00eamio est\u00e1 planejando sua contrata\u00e7\u00e3o, uma vez que Renato Ga\u00facho \u00e9 um grande admirador do talento do jogador. \u201cLeia mais not\u00edcias sobre Esportes Aqui\u201d Apesar do desempenho abaixo do esperado do Botafogo no segundo turno, J\u00fanior Santos se destacou como um dos jogadores que manteve um bom n\u00edvel at\u00e9 o final da temporada. Ele possui contrato com o Alvinegro at\u00e9 o final de 2025. O Corinthians tamb\u00e9m est\u00e1 interessado na contrata\u00e7\u00e3o do atacante. Em 50 [&hellip;]<\/p>\n","protected":false},"author":4,"featured_media":39763,"comment_status":"open","ping_status":"open","sticky":false,"template":"","format":"standard","meta":{"footnotes":""},"categories":[48,65],"tags":[99,542,105,101,2288,15436],"class_list":["post-39760","post","type-post","status-publish","format-standard","has-post-thumbnail","hentry","category-esportes","category-futebol-esportes","tag-botafogo","tag-corinthians","tag-esportes","tag-futebol","tag-gremio","tag-junior-santos","post--single"],"yoast_head":"<!-- This site is optimized with the Yoast SEO plugin v27.5 - https:\/\/yoast.com\/product\/yoast-seo-wordpress\/ -->\n<title>Corinthians e Gr\u00eamio tem interesse em J\u00fanior Santos do Botafogo<\/title>\n<meta name=\"description\" content=\"Corinthians e Gr\u00eamio tem interesse em J\u00fanior Santos do Botafogo...\" \/>\n<meta name=\"robots\" content=\"index, follow, max-snippet:-1, max-image-preview:large, max-video-preview:-1\" \/>\n<link rel=\"canonical\" href=\"https:\/\/folhadoleste.com.br\/en\/corinthians-e-gremio-tem-interesse-em-junior-santos-do-botafogo\/\" \/>\n<meta property=\"og:locale\" content=\"en_US\" \/>\n<meta property=\"og:type\" content=\"article\" \/>\n<meta property=\"og:title\" content=\"Corinthians e Gr\u00eamio tem interesse em J\u00fanior Santos do Botafogo\" \/>\n<meta property=\"og:description\" content=\"Futebol &#8226; Folha do Leste\" \/>\n<meta property=\"og:url\" content=\"https:\/\/folhadoleste.com.br\/en\/corinthians-e-gremio-tem-interesse-em-junior-santos-do-botafogo\/\" \/>\n<meta property=\"og:site_name\" content=\"Folha do Leste\" \/>\n<meta property=\"article:publisher\" content=\"https:\/\/www.facebook.com\/folhadoleste\" \/>\n<meta property=\"article:published_time\" content=\"2023-12-12T14:04:00+00:00\" \/>\n<meta property=\"og:image\" content=\"https:\/\/folhadoleste.com.br\/wp-content\/uploads\/2023\/12\/Corinthians-e-Gremio-tem-interesse-em-Junior-Santos-do-Botafogo-Foto-Cortada-Vitor-Silva-Botafogo.png\" \/>\n\t<meta property=\"og:image:width\" content=\"1200\" \/>\n\t<meta property=\"og:image:height\" content=\"539\" \/>\n\t<meta property=\"og:image:type\" content=\"image\/png\" \/>\n<meta name=\"author\" content=\"Folha do Leste\" \/>\n<meta name=\"twitter:card\" content=\"summary_large_image\" \/>\n<meta name=\"twitter:creator\" content=\"@FolhadoLesteRJ\" \/>\n<meta name=\"twitter:site\" content=\"@FolhadoLesteRJ\" \/>\n<meta name=\"twitter:label1\" content=\"Written by\" \/>\n\t<meta name=\"twitter:data1\" content=\"Folha do Leste\" \/>\n\t<meta name=\"twitter:label2\" content=\"Est. reading time\" \/>\n\t<meta name=\"twitter:data2\" content=\"2 minutes\" \/>\n<script type=\"application\/ld+json\" class=\"yoast-schema-graph\">{\"@context\":\"https:\\\/\\\/schema.org\",\"@graph\":[{\"@type\":\"NewsArticle\",\"@id\":\"https:\\\/\\\/folhadoleste.com.br\\\/corinthians-e-gremio-tem-interesse-em-junior-santos-do-botafogo\\\/#article\",\"isPartOf\":{\"@id\":\"https:\\\/\\\/folhadoleste.com.br\\\/corinthians-e-gremio-tem-interesse-em-junior-santos-do-botafogo\\\/\"},\"author\":{\"name\":\"Folha do Leste\",\"@id\":\"https:\\\/\\\/folhadoleste.com.br\\\/#\\\/schema\\\/person\\\/3e97145b2e1861276e84471aa85a3899\"},\"headline\":\"Corinthians e Gr\u00eamio tem interesse em J\u00fanior Santos do Botafogo\",\"datePublished\":\"2023-12-12T14:04:00+00:00\",\"mainEntityOfPage\":{\"@id\":\"https:\\\/\\\/folhadoleste.com.br\\\/corinthians-e-gremio-tem-interesse-em-junior-santos-do-botafogo\\\/\"},\"wordCount\":146,\"commentCount\":0,\"publisher\":{\"@id\":\"https:\\\/\\\/folhadoleste.com.br\\\/#organization\"},\"image\":{\"@id\":\"https:\\\/\\\/folhadoleste.com.br\\\/corinthians-e-gremio-tem-interesse-em-junior-santos-do-botafogo\\\/#primaryimage\"},\"thumbnailUrl\":\"https:\\\/\\\/folhadoleste.com.br\\\/wp-content\\\/uploads\\\/2023\\\/12\\\/Corinthians-e-Gremio-tem-interesse-em-Junior-Santos-do-Botafogo-Foto-Cortada-Vitor-Silva-Botafogo.png\",\"keywords\":[\"botafogo\",\"Corinthians\",\"Esportes\",\"futebol\",\"Gr\u00eamio\",\"J\u00fanior Santos\"],\"articleSection\":[\"Esportes\",\"Futebol\"],\"inLanguage\":\"en-US\",\"potentialAction\":[{\"@type\":\"CommentAction\",\"name\":\"Comment\",\"target\":[\"https:\\\/\\\/folhadoleste.com.br\\\/corinthians-e-gremio-tem-interesse-em-junior-santos-do-botafogo\\\/#respond\"]}]},{\"@type\":\"WebPage\",\"@id\":\"https:\\\/\\\/folhadoleste.com.br\\\/corinthians-e-gremio-tem-interesse-em-junior-santos-do-botafogo\\\/\",\"url\":\"https:\\\/\\\/folhadoleste.com.br\\\/corinthians-e-gremio-tem-interesse-em-junior-santos-do-botafogo\\\/\",\"name\":\"Corinthians e Gr\u00eamio tem interesse em J\u00fanior Santos do Botafogo\",\"isPartOf\":{\"@id\":\"https:\\\/\\\/folhadoleste.com.br\\\/#website\"},\"primaryImageOfPage\":{\"@id\":\"https:\\\/\\\/folhadoleste.com.br\\\/corinthians-e-gremio-tem-interesse-em-junior-santos-do-botafogo\\\/#primaryimage\"},\"image\":{\"@id\":\"https:\\\/\\\/folhadoleste.com.br\\\/corinthians-e-gremio-tem-interesse-em-junior-santos-do-botafogo\\\/#primaryimage\"},\"thumbnailUrl\":\"https:\\\/\\\/folhadoleste.com.br\\\/wp-content\\\/uploads\\\/2023\\\/12\\\/Corinthians-e-Gremio-tem-interesse-em-Junior-Santos-do-Botafogo-Foto-Cortada-Vitor-Silva-Botafogo.png\",\"datePublished\":\"2023-12-12T14:04:00+00:00\",\"description\":\"Corinthians e Gr\u00eamio tem interesse em J\u00fanior Santos do Botafogo...\",\"breadcrumb\":{\"@id\":\"https:\\\/\\\/folhadoleste.com.br\\\/corinthians-e-gremio-tem-interesse-em-junior-santos-do-botafogo\\\/#breadcrumb\"},\"inLanguage\":\"en-US\",\"potentialAction\":[{\"@type\":\"ReadAction\",\"target\":[\"https:\\\/\\\/folhadoleste.com.br\\\/corinthians-e-gremio-tem-interesse-em-junior-santos-do-botafogo\\\/\"]}]},{\"@type\":\"ImageObject\",\"inLanguage\":\"en-US\",\"@id\":\"https:\\\/\\\/folhadoleste.com.br\\\/corinthians-e-gremio-tem-interesse-em-junior-santos-do-botafogo\\\/#primaryimage\",\"url\":\"https:\\\/\\\/folhadoleste.com.br\\\/wp-content\\\/uploads\\\/2023\\\/12\\\/Corinthians-e-Gremio-tem-interesse-em-Junior-Santos-do-Botafogo-Foto-Cortada-Vitor-Silva-Botafogo.png\",\"contentUrl\":\"https:\\\/\\\/folhadoleste.com.br\\\/wp-content\\\/uploads\\\/2023\\\/12\\\/Corinthians-e-Gremio-tem-interesse-em-Junior-Santos-do-Botafogo-Foto-Cortada-Vitor-Silva-Botafogo.png\",\"width\":1200,\"height\":539,\"caption\":\"Foto: Vitor Silva - Botafogo\"},{\"@type\":\"BreadcrumbList\",\"@id\":\"https:\\\/\\\/folhadoleste.com.br\\\/corinthians-e-gremio-tem-interesse-em-junior-santos-do-botafogo\\\/#breadcrumb\",\"itemListElement\":[{\"@type\":\"ListItem\",\"position\":1,\"name\":\"In\u00edcio\",\"item\":\"https:\\\/\\\/folhadoleste.com.br\\\/\"},{\"@type\":\"ListItem\",\"position\":2,\"name\":\"Esportes\",\"item\":\"https:\\\/\\\/folhadoleste.com.br\\\/category\\\/esportes\\\/\"},{\"@type\":\"ListItem\",\"position\":3,\"name\":\"Futebol\",\"item\":\"https:\\\/\\\/folhadoleste.com.br\\\/category\\\/esportes\\\/futebol-esportes\\\/\"},{\"@type\":\"ListItem\",\"position\":4,\"name\":\"Corinthians e Gr\u00eamio tem interesse em J\u00fanior Santos do Botafogo\"}]},{\"@type\":\"WebSite\",\"@id\":\"https:\\\/\\\/folhadoleste.com.br\\\/#website\",\"url\":\"https:\\\/\\\/folhadoleste.com.br\\\/\",\"name\":\"Folha do Leste\",\"description\":\"Portal de Not\u00edcias com \u00eanfase em Niter\u00f3i, criando conte\u00fados desde a capital Rio de Janeiro, com olhar para o Leste Fluminense e suas cidades como S\u00e3o Gon\u00e7alo, Itabora\u00ed, Rio Bonito, Maric\u00e1, Saquarema e Araruama\",\"publisher\":{\"@id\":\"https:\\\/\\\/folhadoleste.com.br\\\/#organization\"},\"alternateName\":\"FL\",\"potentialAction\":[{\"@type\":\"SearchAction\",\"target\":{\"@type\":\"EntryPoint\",\"urlTemplate\":\"https:\\\/\\\/folhadoleste.com.br\\\/?s={search_term_string}\"},\"query-input\":{\"@type\":\"PropertyValueSpecification\",\"valueRequired\":true,\"valueName\":\"search_term_string\"}}],\"inLanguage\":\"en-US\"},{\"@type\":\"Organization\",\"@id\":\"https:\\\/\\\/folhadoleste.com.br\\\/#organization\",\"name\":\"Brasil 21 Comunica\u00e7\u00e3o\",\"alternateName\":\"BR21\",\"url\":\"https:\\\/\\\/folhadoleste.com.br\\\/\",\"logo\":{\"@type\":\"ImageObject\",\"inLanguage\":\"en-US\",\"@id\":\"https:\\\/\\\/folhadoleste.com.br\\\/#\\\/schema\\\/logo\\\/image\\\/\",\"url\":\"https:\\\/\\\/folhadoleste.com.br\\\/wp-content\\\/uploads\\\/2025\\\/12\\\/brasil-21-logomarca.avif\",\"contentUrl\":\"https:\\\/\\\/folhadoleste.com.br\\\/wp-content\\\/uploads\\\/2025\\\/12\\\/brasil-21-logomarca.avif\",\"width\":1044,\"height\":1044,\"caption\":\"Brasil 21 Comunica\u00e7\u00e3o\"},\"image\":{\"@id\":\"https:\\\/\\\/folhadoleste.com.br\\\/#\\\/schema\\\/logo\\\/image\\\/\"},\"sameAs\":[\"https:\\\/\\\/www.facebook.com\\\/folhadoleste\",\"https:\\\/\\\/x.com\\\/FolhadoLesteRJ\",\"https:\\\/\\\/www.instagram.com\\\/folhadoleste\\\/\"]},{\"@type\":\"Person\",\"@id\":\"https:\\\/\\\/folhadoleste.com.br\\\/#\\\/schema\\\/person\\\/3e97145b2e1861276e84471aa85a3899\",\"name\":\"Folha do Leste\",\"image\":{\"@type\":\"ImageObject\",\"inLanguage\":\"en-US\",\"@id\":\"https:\\\/\\\/folhadoleste.com.br\\\/wp-content\\\/litespeed\\\/avatar\\\/1ca8c218432e7045e748610eb3db0259.jpg?ver=1777161142\",\"url\":\"https:\\\/\\\/folhadoleste.com.br\\\/wp-content\\\/litespeed\\\/avatar\\\/1ca8c218432e7045e748610eb3db0259.jpg?ver=1777161142\",\"contentUrl\":\"https:\\\/\\\/folhadoleste.com.br\\\/wp-content\\\/litespeed\\\/avatar\\\/1ca8c218432e7045e748610eb3db0259.jpg?ver=1777161142\",\"caption\":\"Folha do Leste\"},\"url\":\"https:\\\/\\\/folhadoleste.com.br\\\/en\\\/author\\\/reportagem-01\\\/\"}]}<\/script>\n<!-- \/ Yoast SEO plugin. -->","yoast_head_json":{"title":"Corinthians e Gr\u00eamio tem interesse em J\u00fanior Santos do Botafogo","description":"Corinthians e Gr\u00eamio tem interesse em J\u00fanior Santos do Botafogo...","robots":{"index":"index","follow":"follow","max-snippet":"max-snippet:-1","max-image-preview":"max-image-preview:large","max-video-preview":"max-video-preview:-1"},"canonical":"https:\/\/folhadoleste.com.br\/en\/corinthians-e-gremio-tem-interesse-em-junior-santos-do-botafogo\/","og_locale":"en_US","og_type":"article","og_title":"Corinthians e Gr\u00eamio tem interesse em J\u00fanior Santos do Botafogo","og_description":"Futebol &#8226; Folha do Leste","og_url":"https:\/\/folhadoleste.com.br\/en\/corinthians-e-gremio-tem-interesse-em-junior-santos-do-botafogo\/","og_site_name":"Folha do Leste","article_publisher":"https:\/\/www.facebook.com\/folhadoleste","article_published_time":"2023-12-12T14:04:00+00:00","og_image":[{"width":1200,"height":539,"url":"https:\/\/folhadoleste.com.br\/wp-content\/uploads\/2023\/12\/Corinthians-e-Gremio-tem-interesse-em-Junior-Santos-do-Botafogo-Foto-Cortada-Vitor-Silva-Botafogo.png","type":"image\/png"}],"author":"Folha do Leste","twitter_card":"summary_large_image","twitter_creator":"@FolhadoLesteRJ","twitter_site":"@FolhadoLesteRJ","twitter_misc":{"Written by":"Folha do Leste","Est. reading time":"2 minutes"},"schema":{"@context":"https:\/\/schema.org","@graph":[{"@type":"NewsArticle","@id":"https:\/\/folhadoleste.com.br\/corinthians-e-gremio-tem-interesse-em-junior-santos-do-botafogo\/#article","isPartOf":{"@id":"https:\/\/folhadoleste.com.br\/corinthians-e-gremio-tem-interesse-em-junior-santos-do-botafogo\/"},"author":{"name":"Folha do Leste","@id":"https:\/\/folhadoleste.com.br\/#\/schema\/person\/3e97145b2e1861276e84471aa85a3899"},"headline":"Corinthians e Gr\u00eamio tem interesse em J\u00fanior Santos do Botafogo","datePublished":"2023-12-12T14:04:00+00:00","mainEntityOfPage":{"@id":"https:\/\/folhadoleste.com.br\/corinthians-e-gremio-tem-interesse-em-junior-santos-do-botafogo\/"},"wordCount":146,"commentCount":0,"publisher":{"@id":"https:\/\/folhadoleste.com.br\/#organization"},"image":{"@id":"https:\/\/folhadoleste.com.br\/corinthians-e-gremio-tem-interesse-em-junior-santos-do-botafogo\/#primaryimage"},"thumbnailUrl":"https:\/\/folhadoleste.com.br\/wp-content\/uploads\/2023\/12\/Corinthians-e-Gremio-tem-interesse-em-Junior-Santos-do-Botafogo-Foto-Cortada-Vitor-Silva-Botafogo.png","keywords":["botafogo","Corinthians","Esportes","futebol","Gr\u00eamio","J\u00fanior Santos"],"articleSection":["Esportes","Futebol"],"inLanguage":"en-US","potentialAction":[{"@type":"CommentAction","name":"Comment","target":["https:\/\/folhadoleste.com.br\/corinthians-e-gremio-tem-interesse-em-junior-santos-do-botafogo\/#respond"]}]},{"@type":"WebPage","@id":"https:\/\/folhadoleste.com.br\/corinthians-e-gremio-tem-interesse-em-junior-santos-do-botafogo\/","url":"https:\/\/folhadoleste.com.br\/corinthians-e-gremio-tem-interesse-em-junior-santos-do-botafogo\/","name":"Corinthians e Gr\u00eamio tem interesse em J\u00fanior Santos do Botafogo","isPartOf":{"@id":"https:\/\/folhadoleste.com.br\/#website"},"primaryImageOfPage":{"@id":"https:\/\/folhadoleste.com.br\/corinthians-e-gremio-tem-interesse-em-junior-santos-do-botafogo\/#primaryimage"},"image":{"@id":"https:\/\/folhadoleste.com.br\/corinthians-e-gremio-tem-interesse-em-junior-santos-do-botafogo\/#primaryimage"},"thumbnailUrl":"https:\/\/folhadoleste.com.br\/wp-content\/uploads\/2023\/12\/Corinthians-e-Gremio-tem-interesse-em-Junior-Santos-do-Botafogo-Foto-Cortada-Vitor-Silva-Botafogo.png","datePublished":"2023-12-12T14:04:00+00:00","description":"Corinthians e Gr\u00eamio tem interesse em J\u00fanior Santos do Botafogo...","breadcrumb":{"@id":"https:\/\/folhadoleste.com.br\/corinthians-e-gremio-tem-interesse-em-junior-santos-do-botafogo\/#breadcrumb"},"inLanguage":"en-US","potentialAction":[{"@type":"ReadAction","target":["https:\/\/folhadoleste.com.br\/corinthians-e-gremio-tem-interesse-em-junior-santos-do-botafogo\/"]}]},{"@type":"ImageObject","inLanguage":"en-US","@id":"https:\/\/folhadoleste.com.br\/corinthians-e-gremio-tem-interesse-em-junior-santos-do-botafogo\/#primaryimage","url":"https:\/\/folhadoleste.com.br\/wp-content\/uploads\/2023\/12\/Corinthians-e-Gremio-tem-interesse-em-Junior-Santos-do-Botafogo-Foto-Cortada-Vitor-Silva-Botafogo.png","contentUrl":"https:\/\/folhadoleste.com.br\/wp-content\/uploads\/2023\/12\/Corinthians-e-Gremio-tem-interesse-em-Junior-Santos-do-Botafogo-Foto-Cortada-Vitor-Silva-Botafogo.png","width":1200,"height":539,"caption":"Foto: Vitor Silva - Botafogo"},{"@type":"BreadcrumbList","@id":"https:\/\/folhadoleste.com.br\/corinthians-e-gremio-tem-interesse-em-junior-santos-do-botafogo\/#breadcrumb","itemListElement":[{"@type":"ListItem","position":1,"name":"In\u00edcio","item":"https:\/\/folhadoleste.com.br\/"},{"@type":"ListItem","position":2,"name":"Esportes","item":"https:\/\/folhadoleste.com.br\/category\/esportes\/"},{"@type":"ListItem","position":3,"name":"Futebol","item":"https:\/\/folhadoleste.com.br\/category\/esportes\/futebol-esportes\/"},{"@type":"ListItem","position":4,"name":"Corinthians e Gr\u00eamio tem interesse em J\u00fanior Santos do Botafogo"}]},{"@type":"WebSite","@id":"https:\/\/folhadoleste.com.br\/#website","url":"https:\/\/folhadoleste.com.br\/","name":"Folha do Leste","description":"Portal de Not\u00edcias com \u00eanfase em Niter\u00f3i, criando conte\u00fados desde a capital Rio de Janeiro, com olhar para o Leste Fluminense e suas cidades como S\u00e3o Gon\u00e7alo, Itabora\u00ed, Rio Bonito, Maric\u00e1, Saquarema e Araruama","publisher":{"@id":"https:\/\/folhadoleste.com.br\/#organization"},"alternateName":"FL","potentialAction":[{"@type":"SearchAction","target":{"@type":"EntryPoint","urlTemplate":"https:\/\/folhadoleste.com.br\/?s={search_term_string}"},"query-input":{"@type":"PropertyValueSpecification","valueRequired":true,"valueName":"search_term_string"}}],"inLanguage":"en-US"},{"@type":"Organization","@id":"https:\/\/folhadoleste.com.br\/#organization","name":"Brasil 21 Comunica\u00e7\u00e3o","alternateName":"BR21","url":"https:\/\/folhadoleste.com.br\/","logo":{"@type":"ImageObject","inLanguage":"en-US","@id":"https:\/\/folhadoleste.com.br\/#\/schema\/logo\/image\/","url":"https:\/\/folhadoleste.com.br\/wp-content\/uploads\/2025\/12\/brasil-21-logomarca.avif","contentUrl":"https:\/\/folhadoleste.com.br\/wp-content\/uploads\/2025\/12\/brasil-21-logomarca.avif","width":1044,"height":1044,"caption":"Brasil 21 Comunica\u00e7\u00e3o"},"image":{"@id":"https:\/\/folhadoleste.com.br\/#\/schema\/logo\/image\/"},"sameAs":["https:\/\/www.facebook.com\/folhadoleste","https:\/\/x.com\/FolhadoLesteRJ","https:\/\/www.instagram.com\/folhadoleste\/"]},{"@type":"Person","@id":"https:\/\/folhadoleste.com.br\/#\/schema\/person\/3e97145b2e1861276e84471aa85a3899","name":"Folha do Leste","image":{"@type":"ImageObject","inLanguage":"en-US","@id":"https:\/\/folhadoleste.com.br\/wp-content\/litespeed\/avatar\/1ca8c218432e7045e748610eb3db0259.jpg?ver=1777161142","url":"https:\/\/folhadoleste.com.br\/wp-content\/litespeed\/avatar\/1ca8c218432e7045e748610eb3db0259.jpg?ver=1777161142","contentUrl":"https:\/\/folhadoleste.com.br\/wp-content\/litespeed\/avatar\/1ca8c218432e7045e748610eb3db0259.jpg?ver=1777161142","caption":"Folha do Leste"},"url":"https:\/\/folhadoleste.com.br\/en\/author\/reportagem-01\/"}]}},"_links":{"self":[{"href":"https:\/\/folhadoleste.com.br\/en\/wp-json\/wp\/v2\/posts\/39760","targetHints":{"allow":["GET"]}}],"collection":[{"href":"https:\/\/folhadoleste.com.br\/en\/wp-json\/wp\/v2\/posts"}],"about":[{"href":"https:\/\/folhadoleste.com.br\/en\/wp-json\/wp\/v2\/types\/post"}],"author":[{"embeddable":true,"href":"https:\/\/folhadoleste.com.br\/en\/wp-json\/wp\/v2\/users\/4"}],"replies":[{"embeddable":true,"href":"https:\/\/folhadoleste.com.br\/en\/wp-json\/wp\/v2\/comments?post=39760"}],"version-history":[{"count":1,"href":"https:\/\/folhadoleste.com.br\/en\/wp-json\/wp\/v2\/posts\/39760\/revisions"}],"predecessor-version":[{"id":39764,"href":"https:\/\/folhadoleste.com.br\/en\/wp-json\/wp\/v2\/posts\/39760\/revisions\/39764"}],"wp:featuredmedia":[{"embeddable":true,"href":"https:\/\/folhadoleste.com.br\/en\/wp-json\/wp\/v2\/media\/39763"}],"wp:attachment":[{"href":"https:\/\/folhadoleste.com.br\/en\/wp-json\/wp\/v2\/media?parent=39760"}],"wp:term":[{"taxonomy":"category","embeddable":true,"href":"https:\/\/folhadoleste.com.br\/en\/wp-json\/wp\/v2\/categories?post=39760"},{"taxonomy":"post_tag","embeddable":true,"href":"https:\/\/folhadoleste.com.br\/en\/wp-json\/wp\/v2\/tags?post=39760"}],"curies":[{"name":"wp","href":"https:\/\/api.w.org\/{rel}","templated":true}]}}