{"id":39519,"date":"2023-12-10T11:06:14","date_gmt":"2023-12-10T14:06:14","guid":{"rendered":"https:\/\/folhadoleste.com.br\/?p=39519"},"modified":"2023-12-10T11:06:14","modified_gmt":"2023-12-10T14:06:14","slug":"vasco-tera-r-270-milhoes-para-reforcos-mas-precisa-acertar-a-mao","status":"publish","type":"post","link":"https:\/\/folhadoleste.com.br\/en\/vasco-tera-r-270-milhoes-para-reforcos-mas-precisa-acertar-a-mao\/","title":{"rendered":"Vasco ter\u00e1 R$ 270 milh\u00f5es para refor\u00e7os, mas precisa acertar a m\u00e3o"},"content":{"rendered":"<div>\n<div>\n<div class=\"texto\">\n<div id=\"attachment_39521\" style=\"width: 1210px\" class=\"wp-caption aligncenter\"><img decoding=\"async\" aria-describedby=\"caption-attachment-39521\" class=\"size-full wp-image-39521\" src=\"https:\/\/folhadoleste.com.br\/wp-content\/uploads\/2023\/12\/Vasco-tera-R-270-milhoes-para-reforcos-mas-precisa-acertar-a-mao-Foto-Daniel-Ramalho-Vasco.webp\" alt=\"Vasco ter\u00e1 R$ 270 milh\u00f5es para refor\u00e7os, mas precisa acertar a m\u00e3o\" width=\"1200\" height=\"750\" \/><p id=\"caption-attachment-39521\" class=\"wp-caption-text\">Foto: Daniel Ramalho &#8211; Vasco<\/p><\/div>\n<p>O Vasco da Gama est\u00e1 apostando em mais um aporte financeiro significativo para o pr\u00f3ximo ano, visando refor\u00e7ar seu elenco e competir de igual para igual com os principais clubes. A equipe cruz-maltina deixou muito a desejar em 2023, por isso busca melhorias para a temporada seguinte. No entanto, ter \u00e0 disposi\u00e7\u00e3o um montante de R$ 270 milh\u00f5es n\u00e3o garante necessariamente um bom desempenho na forma\u00e7\u00e3o do grupo, como a pr\u00f3pria diretoria do Vasco aprendeu.<\/p>\n<p>Em meio a uma reformula\u00e7\u00e3o completa, com o retorno \u00e0 S\u00e9rie A e a entrada oficial da 777 Partners no comando do futebol, o Vasco investiu pesado e contratou um total de 25 jogadores ao longo do ano, gastando cerca de R$ 115 milh\u00f5es. Esse foi o ano em que o clube mais investiu em contrata\u00e7\u00f5es, por\u00e9m n\u00e3o necessariamente de forma bem-sucedida.<\/p>\n<h5><a href=\"https:\/\/folhadoleste.com.br\/en\/category\/esportes\/\"><strong>\u201cLeia mais not\u00edcias sobre Esportes Aqui\u201d<\/strong><\/a><\/h5>\n<p>Somente no primeiro semestre, com a necessidade de come\u00e7ar praticamente do zero, o Vasco desembolsou cerca de R$ 100 milh\u00f5es para trazer 16 nomes. Apenas L\u00e9o Jardim e Lucas Piton encerraram a temporada como titulares absolutos, enquanto Puma Rodr\u00edguez, Paulo Henrique, L\u00e9o, Jair e Robson tamb\u00e9m tiveram oportunidades.<\/p>\n<p>Por outro lado, os outros nove contratados n\u00e3o renderam o esperado, incluindo os dois principais refor\u00e7os, que n\u00e3o conseguiram se destacar: Pedro Raul marcou apenas nove gols e acabou deixando o clube em baixa em julho, rumo ao Toluca, do M\u00e9xico. J\u00e1 Orellano, a grande aposta do Vasco, n\u00e3o conseguiu se firmar em nenhum momento e terminou o ano machucado, com apenas 23 jogos disputados.<\/p>\n<p>Mesmo diante dessas dificuldades, o CEO do Vasco, Lucio Barbosa, se mostra otimista em rela\u00e7\u00e3o ao futuro:<\/p>\n<blockquote><p>&#8220;O Vasco n\u00e3o merece isso, e no pr\u00f3ximo ano faremos diferente. Nossa filosofia \u00e9 ser competitivos e continuaremos buscando isso. Conseguimos aumentar em quase quatro vezes o valor da nossa equipe. Foi um processo extremamente complexo em um ano. As decis\u00f5es foram tomadas rapidamente, e a maioria delas foi acertada&#8221;.<\/p><\/blockquote>\n<h5><a href=\"https:\/\/folhadoleste.com.br\/en\/category\/esportes\/\"><strong>\u201cLeia mais not\u00edcias sobre Esportes Aqui\u201d<\/strong><\/a><\/h5>\n<p>Na janela de transfer\u00eancias do segundo semestre, com a equipe lutando contra o rebaixamento, o Vasco trouxe mais nove jogadores, dessa vez com maior precis\u00e3o. Cinco desses atletas se tornaram titulares e foram fundamentais para a boa fase da equipe: Maicon, Medel, Paulinho, Praxedes e Vegetti.<\/p>\n<p>Al\u00e9m disso, Payet e Serginho tamb\u00e9m se mostraram decisivos em alguns jogos. Apenas Jefferson e Sebasti\u00e1n n\u00e3o corresponderam \u00e0s expectativas. E o melhor de tudo \u00e9 que todas essas contrata\u00e7\u00f5es custaram apenas R$ 12 milh\u00f5es, deixando claro que quantidade e pre\u00e7o n\u00e3o s\u00e3o sin\u00f4nimo de qualidade.<\/p>\n<\/div>\n<h4 class=\"texto\">Todas as contrata\u00e7\u00f5es do Vasco em 2023:<\/h4>\n<div class=\"texto\"><strong>Goleiros:<\/strong> Ivan e L\u00e9o Jardim (1\u00aa janela de transfer\u00eancias);<\/div>\n<div><\/div>\n<div class=\"texto\"><strong>Zagueiros:<\/strong> L\u00e9o, Robson e Capasso (1\u00aa); Maicon e Medel (2\u00aa janela);<\/div>\n<div><\/div>\n<div class=\"texto\"><strong>Laterais:<\/strong> Lucas Piton, Pumita Rodr\u00edguez e Paulo Henrique (1\u00aa); Jefferson (2\u00aa);<\/div>\n<div>\n<div><\/div>\n<div class=\"texto\"><strong>Meios de campo:<\/strong> De Lucca, Mateus Carvalho, Andrey, Jair, Carabajal (1\u00aa); Paulinho, Praxedes e Payet (2\u00aa);<\/div>\n<div><\/div>\n<div class=\"texto\"><strong>Atacantes:<\/strong> Orellano, Pedro Raul e Rwan Cruz (1\u00aa); Serginho, Sebasti\u00e1n e Vegetti (2\u00aa).<\/div>\n<\/div>\n<\/div>\n<\/div>\n<div><\/div>\n<div><a href=\"https:\/\/www.instagram.com\/folhadoleste\/\"><img decoding=\"async\" class=\"aligncenter wp-image-15962\" src=\"https:\/\/folhadoleste.com.br\/wp-content\/uploads\/2023\/07\/instagram.jpg.webp\" alt=\"Itaipu-Itaipua\u00e7u: Caminh\u00e3o causa grave acidente na RJ-102, a estrada da Serrinha\" width=\"49\" height=\"49\" \/><\/a><a href=\"https:\/\/www.facebook.com\/folhadoleste\"><img decoding=\"async\" class=\"aligncenter wp-image-7424\" src=\"https:\/\/folhadoleste.com.br\/wp-content\/uploads\/2023\/05\/facebook-logo-3-1.png.webp\" alt=\"Itaipu-Itaipua\u00e7u: Caminh\u00e3o causa grave acidente na RJ-102, a estrada da Serrinha\" width=\"49\" height=\"49\" \/><\/a><\/div>","protected":false},"excerpt":{"rendered":"<p>O Vasco da Gama est\u00e1 apostando em mais um aporte financeiro significativo para o pr\u00f3ximo ano, visando refor\u00e7ar seu elenco e competir de igual para igual com os principais clubes. A equipe cruz-maltina deixou muito a desejar em 2023, por isso busca melhorias para a temporada seguinte. No entanto, ter \u00e0 disposi\u00e7\u00e3o um montante de R$ 270 milh\u00f5es n\u00e3o garante necessariamente um bom desempenho na forma\u00e7\u00e3o do grupo, como a pr\u00f3pria diretoria do Vasco aprendeu. Em meio a uma reformula\u00e7\u00e3o completa, com o retorno \u00e0 S\u00e9rie A e a entrada oficial da 777 Partners no comando do futebol, o Vasco [&hellip;]<\/p>\n","protected":false},"author":4,"featured_media":39521,"comment_status":"open","ping_status":"open","sticky":false,"template":"","format":"standard","meta":{"footnotes":""},"categories":[48,65],"tags":[208,7110,248,105,101,15385,104],"class_list":["post-39519","post","type-post","status-publish","format-standard","has-post-thumbnail","hentry","category-esportes","category-futebol-esportes","tag-208","tag-7110","tag-contratacao","tag-esportes","tag-futebol","tag-licao","tag-vasco","post--single"],"yoast_head":"<!-- This site is optimized with the Yoast SEO plugin v27.4 - https:\/\/yoast.com\/product\/yoast-seo-wordpress\/ -->\n<title>Vasco ter\u00e1 R$ 270 milh\u00f5es para refor\u00e7os, mas precisa acertar a m\u00e3o<\/title>\n<meta name=\"description\" content=\"Vasco ter\u00e1 R$ 270 milh\u00f5es para refor\u00e7os, mas precisa acertar a m\u00e3o...\" \/>\n<meta name=\"robots\" content=\"index, follow, max-snippet:-1, max-image-preview:large, max-video-preview:-1\" \/>\n<link rel=\"canonical\" href=\"https:\/\/folhadoleste.com.br\/en\/vasco-tera-r-270-milhoes-para-reforcos-mas-precisa-acertar-a-mao\/\" \/>\n<meta property=\"og:locale\" content=\"en_US\" \/>\n<meta property=\"og:type\" content=\"article\" \/>\n<meta property=\"og:title\" content=\"Vasco ter\u00e1 R$ 270 milh\u00f5es para refor\u00e7os, mas precisa acertar a m\u00e3o\" \/>\n<meta property=\"og:description\" content=\"Futebol &#8226; Folha do Leste\" \/>\n<meta property=\"og:url\" content=\"https:\/\/folhadoleste.com.br\/en\/vasco-tera-r-270-milhoes-para-reforcos-mas-precisa-acertar-a-mao\/\" \/>\n<meta property=\"og:site_name\" content=\"Folha do Leste\" \/>\n<meta property=\"article:publisher\" content=\"https:\/\/www.facebook.com\/folhadoleste\" \/>\n<meta property=\"article:published_time\" content=\"2023-12-10T14:06:14+00:00\" \/>\n<meta property=\"og:image\" content=\"https:\/\/folhadoleste.com.br\/wp-content\/uploads\/2023\/12\/Vasco-tera-R-270-milhoes-para-reforcos-mas-precisa-acertar-a-mao-Foto-Daniel-Ramalho-Vasco.webp\" \/>\n\t<meta property=\"og:image:width\" content=\"1200\" \/>\n\t<meta property=\"og:image:height\" content=\"750\" \/>\n\t<meta property=\"og:image:type\" content=\"image\/webp\" \/>\n<meta name=\"author\" content=\"Folha do Leste\" \/>\n<meta name=\"twitter:card\" content=\"summary_large_image\" \/>\n<meta name=\"twitter:creator\" content=\"@FolhadoLesteRJ\" \/>\n<meta name=\"twitter:site\" content=\"@FolhadoLesteRJ\" \/>\n<meta name=\"twitter:label1\" content=\"Written by\" \/>\n\t<meta name=\"twitter:data1\" content=\"Folha do Leste\" \/>\n\t<meta name=\"twitter:label2\" content=\"Est. reading time\" \/>\n\t<meta name=\"twitter:data2\" content=\"4 minutes\" \/>\n<script type=\"application\/ld+json\" class=\"yoast-schema-graph\">{\"@context\":\"https:\\\/\\\/schema.org\",\"@graph\":[{\"@type\":\"NewsArticle\",\"@id\":\"https:\\\/\\\/folhadoleste.com.br\\\/vasco-tera-r-270-milhoes-para-reforcos-mas-precisa-acertar-a-mao\\\/#article\",\"isPartOf\":{\"@id\":\"https:\\\/\\\/folhadoleste.com.br\\\/vasco-tera-r-270-milhoes-para-reforcos-mas-precisa-acertar-a-mao\\\/\"},\"author\":{\"name\":\"Folha do Leste\",\"@id\":\"https:\\\/\\\/folhadoleste.com.br\\\/#\\\/schema\\\/person\\\/3e97145b2e1861276e84471aa85a3899\"},\"headline\":\"Vasco ter\u00e1 R$ 270 milh\u00f5es para refor\u00e7os, mas precisa acertar a m\u00e3o\",\"datePublished\":\"2023-12-10T14:06:14+00:00\",\"mainEntityOfPage\":{\"@id\":\"https:\\\/\\\/folhadoleste.com.br\\\/vasco-tera-r-270-milhoes-para-reforcos-mas-precisa-acertar-a-mao\\\/\"},\"wordCount\":539,\"commentCount\":0,\"publisher\":{\"@id\":\"https:\\\/\\\/folhadoleste.com.br\\\/#organization\"},\"image\":{\"@id\":\"https:\\\/\\\/folhadoleste.com.br\\\/vasco-tera-r-270-milhoes-para-reforcos-mas-precisa-acertar-a-mao\\\/#primaryimage\"},\"thumbnailUrl\":\"https:\\\/\\\/folhadoleste.com.br\\\/wp-content\\\/uploads\\\/2023\\\/12\\\/Vasco-tera-R-270-milhoes-para-reforcos-mas-precisa-acertar-a-mao-Foto-Daniel-Ramalho-Vasco.webp\",\"keywords\":[\"2023\",\"2024\",\"contrata\u00e7\u00e3o\",\"Esportes\",\"futebol\",\"Li\u00e7\u00e3o\",\"Vasco\"],\"articleSection\":[\"Esportes\",\"Futebol\"],\"inLanguage\":\"en-US\",\"potentialAction\":[{\"@type\":\"CommentAction\",\"name\":\"Comment\",\"target\":[\"https:\\\/\\\/folhadoleste.com.br\\\/vasco-tera-r-270-milhoes-para-reforcos-mas-precisa-acertar-a-mao\\\/#respond\"]}]},{\"@type\":\"WebPage\",\"@id\":\"https:\\\/\\\/folhadoleste.com.br\\\/vasco-tera-r-270-milhoes-para-reforcos-mas-precisa-acertar-a-mao\\\/\",\"url\":\"https:\\\/\\\/folhadoleste.com.br\\\/vasco-tera-r-270-milhoes-para-reforcos-mas-precisa-acertar-a-mao\\\/\",\"name\":\"Vasco ter\u00e1 R$ 270 milh\u00f5es para refor\u00e7os, mas precisa acertar a m\u00e3o\",\"isPartOf\":{\"@id\":\"https:\\\/\\\/folhadoleste.com.br\\\/#website\"},\"primaryImageOfPage\":{\"@id\":\"https:\\\/\\\/folhadoleste.com.br\\\/vasco-tera-r-270-milhoes-para-reforcos-mas-precisa-acertar-a-mao\\\/#primaryimage\"},\"image\":{\"@id\":\"https:\\\/\\\/folhadoleste.com.br\\\/vasco-tera-r-270-milhoes-para-reforcos-mas-precisa-acertar-a-mao\\\/#primaryimage\"},\"thumbnailUrl\":\"https:\\\/\\\/folhadoleste.com.br\\\/wp-content\\\/uploads\\\/2023\\\/12\\\/Vasco-tera-R-270-milhoes-para-reforcos-mas-precisa-acertar-a-mao-Foto-Daniel-Ramalho-Vasco.webp\",\"datePublished\":\"2023-12-10T14:06:14+00:00\",\"description\":\"Vasco ter\u00e1 R$ 270 milh\u00f5es para refor\u00e7os, mas precisa acertar a m\u00e3o...\",\"breadcrumb\":{\"@id\":\"https:\\\/\\\/folhadoleste.com.br\\\/vasco-tera-r-270-milhoes-para-reforcos-mas-precisa-acertar-a-mao\\\/#breadcrumb\"},\"inLanguage\":\"en-US\",\"potentialAction\":[{\"@type\":\"ReadAction\",\"target\":[\"https:\\\/\\\/folhadoleste.com.br\\\/vasco-tera-r-270-milhoes-para-reforcos-mas-precisa-acertar-a-mao\\\/\"]}]},{\"@type\":\"ImageObject\",\"inLanguage\":\"en-US\",\"@id\":\"https:\\\/\\\/folhadoleste.com.br\\\/vasco-tera-r-270-milhoes-para-reforcos-mas-precisa-acertar-a-mao\\\/#primaryimage\",\"url\":\"https:\\\/\\\/folhadoleste.com.br\\\/wp-content\\\/uploads\\\/2023\\\/12\\\/Vasco-tera-R-270-milhoes-para-reforcos-mas-precisa-acertar-a-mao-Foto-Daniel-Ramalho-Vasco.webp\",\"contentUrl\":\"https:\\\/\\\/folhadoleste.com.br\\\/wp-content\\\/uploads\\\/2023\\\/12\\\/Vasco-tera-R-270-milhoes-para-reforcos-mas-precisa-acertar-a-mao-Foto-Daniel-Ramalho-Vasco.webp\",\"width\":1200,\"height\":750,\"caption\":\"Foto: Daniel Ramalho - Vasco\"},{\"@type\":\"BreadcrumbList\",\"@id\":\"https:\\\/\\\/folhadoleste.com.br\\\/vasco-tera-r-270-milhoes-para-reforcos-mas-precisa-acertar-a-mao\\\/#breadcrumb\",\"itemListElement\":[{\"@type\":\"ListItem\",\"position\":1,\"name\":\"In\u00edcio\",\"item\":\"https:\\\/\\\/folhadoleste.com.br\\\/\"},{\"@type\":\"ListItem\",\"position\":2,\"name\":\"Esportes\",\"item\":\"https:\\\/\\\/folhadoleste.com.br\\\/category\\\/esportes\\\/\"},{\"@type\":\"ListItem\",\"position\":3,\"name\":\"Futebol\",\"item\":\"https:\\\/\\\/folhadoleste.com.br\\\/category\\\/esportes\\\/futebol-esportes\\\/\"},{\"@type\":\"ListItem\",\"position\":4,\"name\":\"Vasco ter\u00e1 R$ 270 milh\u00f5es para refor\u00e7os, mas precisa acertar a m\u00e3o\"}]},{\"@type\":\"WebSite\",\"@id\":\"https:\\\/\\\/folhadoleste.com.br\\\/#website\",\"url\":\"https:\\\/\\\/folhadoleste.com.br\\\/\",\"name\":\"Folha do Leste\",\"description\":\"Portal de Not\u00edcias com \u00eanfase em Niter\u00f3i, criando conte\u00fados desde a capital Rio de Janeiro, com olhar para o Leste Fluminense e suas cidades como S\u00e3o Gon\u00e7alo, Itabora\u00ed, Rio Bonito, Maric\u00e1, Saquarema e Araruama\",\"publisher\":{\"@id\":\"https:\\\/\\\/folhadoleste.com.br\\\/#organization\"},\"alternateName\":\"FL\",\"potentialAction\":[{\"@type\":\"SearchAction\",\"target\":{\"@type\":\"EntryPoint\",\"urlTemplate\":\"https:\\\/\\\/folhadoleste.com.br\\\/?s={search_term_string}\"},\"query-input\":{\"@type\":\"PropertyValueSpecification\",\"valueRequired\":true,\"valueName\":\"search_term_string\"}}],\"inLanguage\":\"en-US\"},{\"@type\":\"Organization\",\"@id\":\"https:\\\/\\\/folhadoleste.com.br\\\/#organization\",\"name\":\"Brasil 21 Comunica\u00e7\u00e3o\",\"alternateName\":\"BR21\",\"url\":\"https:\\\/\\\/folhadoleste.com.br\\\/\",\"logo\":{\"@type\":\"ImageObject\",\"inLanguage\":\"en-US\",\"@id\":\"https:\\\/\\\/folhadoleste.com.br\\\/#\\\/schema\\\/logo\\\/image\\\/\",\"url\":\"https:\\\/\\\/folhadoleste.com.br\\\/wp-content\\\/uploads\\\/2025\\\/12\\\/brasil-21-logomarca.avif\",\"contentUrl\":\"https:\\\/\\\/folhadoleste.com.br\\\/wp-content\\\/uploads\\\/2025\\\/12\\\/brasil-21-logomarca.avif\",\"width\":1044,\"height\":1044,\"caption\":\"Brasil 21 Comunica\u00e7\u00e3o\"},\"image\":{\"@id\":\"https:\\\/\\\/folhadoleste.com.br\\\/#\\\/schema\\\/logo\\\/image\\\/\"},\"sameAs\":[\"https:\\\/\\\/www.facebook.com\\\/folhadoleste\",\"https:\\\/\\\/x.com\\\/FolhadoLesteRJ\",\"https:\\\/\\\/www.instagram.com\\\/folhadoleste\\\/\"]},{\"@type\":\"Person\",\"@id\":\"https:\\\/\\\/folhadoleste.com.br\\\/#\\\/schema\\\/person\\\/3e97145b2e1861276e84471aa85a3899\",\"name\":\"Folha do Leste\",\"image\":{\"@type\":\"ImageObject\",\"inLanguage\":\"en-US\",\"@id\":\"https:\\\/\\\/folhadoleste.com.br\\\/wp-content\\\/litespeed\\\/avatar\\\/1ca8c218432e7045e748610eb3db0259.jpg?ver=1776693931\",\"url\":\"https:\\\/\\\/folhadoleste.com.br\\\/wp-content\\\/litespeed\\\/avatar\\\/1ca8c218432e7045e748610eb3db0259.jpg?ver=1776693931\",\"contentUrl\":\"https:\\\/\\\/folhadoleste.com.br\\\/wp-content\\\/litespeed\\\/avatar\\\/1ca8c218432e7045e748610eb3db0259.jpg?ver=1776693931\",\"caption\":\"Folha do Leste\"},\"url\":\"https:\\\/\\\/folhadoleste.com.br\\\/en\\\/author\\\/reportagem-01\\\/\"}]}<\/script>\n<!-- \/ Yoast SEO plugin. -->","yoast_head_json":{"title":"Vasco ter\u00e1 R$ 270 milh\u00f5es para refor\u00e7os, mas precisa acertar a m\u00e3o","description":"Vasco ter\u00e1 R$ 270 milh\u00f5es para refor\u00e7os, mas precisa acertar a m\u00e3o...","robots":{"index":"index","follow":"follow","max-snippet":"max-snippet:-1","max-image-preview":"max-image-preview:large","max-video-preview":"max-video-preview:-1"},"canonical":"https:\/\/folhadoleste.com.br\/en\/vasco-tera-r-270-milhoes-para-reforcos-mas-precisa-acertar-a-mao\/","og_locale":"en_US","og_type":"article","og_title":"Vasco ter\u00e1 R$ 270 milh\u00f5es para refor\u00e7os, mas precisa acertar a m\u00e3o","og_description":"Futebol &#8226; Folha do Leste","og_url":"https:\/\/folhadoleste.com.br\/en\/vasco-tera-r-270-milhoes-para-reforcos-mas-precisa-acertar-a-mao\/","og_site_name":"Folha do Leste","article_publisher":"https:\/\/www.facebook.com\/folhadoleste","article_published_time":"2023-12-10T14:06:14+00:00","og_image":[{"width":1200,"height":750,"url":"https:\/\/folhadoleste.com.br\/wp-content\/uploads\/2023\/12\/Vasco-tera-R-270-milhoes-para-reforcos-mas-precisa-acertar-a-mao-Foto-Daniel-Ramalho-Vasco.webp","type":"image\/webp"}],"author":"Folha do Leste","twitter_card":"summary_large_image","twitter_creator":"@FolhadoLesteRJ","twitter_site":"@FolhadoLesteRJ","twitter_misc":{"Written by":"Folha do Leste","Est. reading time":"4 minutes"},"schema":{"@context":"https:\/\/schema.org","@graph":[{"@type":"NewsArticle","@id":"https:\/\/folhadoleste.com.br\/vasco-tera-r-270-milhoes-para-reforcos-mas-precisa-acertar-a-mao\/#article","isPartOf":{"@id":"https:\/\/folhadoleste.com.br\/vasco-tera-r-270-milhoes-para-reforcos-mas-precisa-acertar-a-mao\/"},"author":{"name":"Folha do Leste","@id":"https:\/\/folhadoleste.com.br\/#\/schema\/person\/3e97145b2e1861276e84471aa85a3899"},"headline":"Vasco ter\u00e1 R$ 270 milh\u00f5es para refor\u00e7os, mas precisa acertar a m\u00e3o","datePublished":"2023-12-10T14:06:14+00:00","mainEntityOfPage":{"@id":"https:\/\/folhadoleste.com.br\/vasco-tera-r-270-milhoes-para-reforcos-mas-precisa-acertar-a-mao\/"},"wordCount":539,"commentCount":0,"publisher":{"@id":"https:\/\/folhadoleste.com.br\/#organization"},"image":{"@id":"https:\/\/folhadoleste.com.br\/vasco-tera-r-270-milhoes-para-reforcos-mas-precisa-acertar-a-mao\/#primaryimage"},"thumbnailUrl":"https:\/\/folhadoleste.com.br\/wp-content\/uploads\/2023\/12\/Vasco-tera-R-270-milhoes-para-reforcos-mas-precisa-acertar-a-mao-Foto-Daniel-Ramalho-Vasco.webp","keywords":["2023","2024","contrata\u00e7\u00e3o","Esportes","futebol","Li\u00e7\u00e3o","Vasco"],"articleSection":["Esportes","Futebol"],"inLanguage":"en-US","potentialAction":[{"@type":"CommentAction","name":"Comment","target":["https:\/\/folhadoleste.com.br\/vasco-tera-r-270-milhoes-para-reforcos-mas-precisa-acertar-a-mao\/#respond"]}]},{"@type":"WebPage","@id":"https:\/\/folhadoleste.com.br\/vasco-tera-r-270-milhoes-para-reforcos-mas-precisa-acertar-a-mao\/","url":"https:\/\/folhadoleste.com.br\/vasco-tera-r-270-milhoes-para-reforcos-mas-precisa-acertar-a-mao\/","name":"Vasco ter\u00e1 R$ 270 milh\u00f5es para refor\u00e7os, mas precisa acertar a m\u00e3o","isPartOf":{"@id":"https:\/\/folhadoleste.com.br\/#website"},"primaryImageOfPage":{"@id":"https:\/\/folhadoleste.com.br\/vasco-tera-r-270-milhoes-para-reforcos-mas-precisa-acertar-a-mao\/#primaryimage"},"image":{"@id":"https:\/\/folhadoleste.com.br\/vasco-tera-r-270-milhoes-para-reforcos-mas-precisa-acertar-a-mao\/#primaryimage"},"thumbnailUrl":"https:\/\/folhadoleste.com.br\/wp-content\/uploads\/2023\/12\/Vasco-tera-R-270-milhoes-para-reforcos-mas-precisa-acertar-a-mao-Foto-Daniel-Ramalho-Vasco.webp","datePublished":"2023-12-10T14:06:14+00:00","description":"Vasco ter\u00e1 R$ 270 milh\u00f5es para refor\u00e7os, mas precisa acertar a m\u00e3o...","breadcrumb":{"@id":"https:\/\/folhadoleste.com.br\/vasco-tera-r-270-milhoes-para-reforcos-mas-precisa-acertar-a-mao\/#breadcrumb"},"inLanguage":"en-US","potentialAction":[{"@type":"ReadAction","target":["https:\/\/folhadoleste.com.br\/vasco-tera-r-270-milhoes-para-reforcos-mas-precisa-acertar-a-mao\/"]}]},{"@type":"ImageObject","inLanguage":"en-US","@id":"https:\/\/folhadoleste.com.br\/vasco-tera-r-270-milhoes-para-reforcos-mas-precisa-acertar-a-mao\/#primaryimage","url":"https:\/\/folhadoleste.com.br\/wp-content\/uploads\/2023\/12\/Vasco-tera-R-270-milhoes-para-reforcos-mas-precisa-acertar-a-mao-Foto-Daniel-Ramalho-Vasco.webp","contentUrl":"https:\/\/folhadoleste.com.br\/wp-content\/uploads\/2023\/12\/Vasco-tera-R-270-milhoes-para-reforcos-mas-precisa-acertar-a-mao-Foto-Daniel-Ramalho-Vasco.webp","width":1200,"height":750,"caption":"Foto: Daniel Ramalho - Vasco"},{"@type":"BreadcrumbList","@id":"https:\/\/folhadoleste.com.br\/vasco-tera-r-270-milhoes-para-reforcos-mas-precisa-acertar-a-mao\/#breadcrumb","itemListElement":[{"@type":"ListItem","position":1,"name":"In\u00edcio","item":"https:\/\/folhadoleste.com.br\/"},{"@type":"ListItem","position":2,"name":"Esportes","item":"https:\/\/folhadoleste.com.br\/category\/esportes\/"},{"@type":"ListItem","position":3,"name":"Futebol","item":"https:\/\/folhadoleste.com.br\/category\/esportes\/futebol-esportes\/"},{"@type":"ListItem","position":4,"name":"Vasco ter\u00e1 R$ 270 milh\u00f5es para refor\u00e7os, mas precisa acertar a m\u00e3o"}]},{"@type":"WebSite","@id":"https:\/\/folhadoleste.com.br\/#website","url":"https:\/\/folhadoleste.com.br\/","name":"Folha do Leste","description":"Portal de Not\u00edcias com \u00eanfase em Niter\u00f3i, criando conte\u00fados desde a capital Rio de Janeiro, com olhar para o Leste Fluminense e suas cidades como S\u00e3o Gon\u00e7alo, Itabora\u00ed, Rio Bonito, Maric\u00e1, Saquarema e Araruama","publisher":{"@id":"https:\/\/folhadoleste.com.br\/#organization"},"alternateName":"FL","potentialAction":[{"@type":"SearchAction","target":{"@type":"EntryPoint","urlTemplate":"https:\/\/folhadoleste.com.br\/?s={search_term_string}"},"query-input":{"@type":"PropertyValueSpecification","valueRequired":true,"valueName":"search_term_string"}}],"inLanguage":"en-US"},{"@type":"Organization","@id":"https:\/\/folhadoleste.com.br\/#organization","name":"Brasil 21 Comunica\u00e7\u00e3o","alternateName":"BR21","url":"https:\/\/folhadoleste.com.br\/","logo":{"@type":"ImageObject","inLanguage":"en-US","@id":"https:\/\/folhadoleste.com.br\/#\/schema\/logo\/image\/","url":"https:\/\/folhadoleste.com.br\/wp-content\/uploads\/2025\/12\/brasil-21-logomarca.avif","contentUrl":"https:\/\/folhadoleste.com.br\/wp-content\/uploads\/2025\/12\/brasil-21-logomarca.avif","width":1044,"height":1044,"caption":"Brasil 21 Comunica\u00e7\u00e3o"},"image":{"@id":"https:\/\/folhadoleste.com.br\/#\/schema\/logo\/image\/"},"sameAs":["https:\/\/www.facebook.com\/folhadoleste","https:\/\/x.com\/FolhadoLesteRJ","https:\/\/www.instagram.com\/folhadoleste\/"]},{"@type":"Person","@id":"https:\/\/folhadoleste.com.br\/#\/schema\/person\/3e97145b2e1861276e84471aa85a3899","name":"Folha do Leste","image":{"@type":"ImageObject","inLanguage":"en-US","@id":"https:\/\/folhadoleste.com.br\/wp-content\/litespeed\/avatar\/1ca8c218432e7045e748610eb3db0259.jpg?ver=1776693931","url":"https:\/\/folhadoleste.com.br\/wp-content\/litespeed\/avatar\/1ca8c218432e7045e748610eb3db0259.jpg?ver=1776693931","contentUrl":"https:\/\/folhadoleste.com.br\/wp-content\/litespeed\/avatar\/1ca8c218432e7045e748610eb3db0259.jpg?ver=1776693931","caption":"Folha do Leste"},"url":"https:\/\/folhadoleste.com.br\/en\/author\/reportagem-01\/"}]}},"_links":{"self":[{"href":"https:\/\/folhadoleste.com.br\/en\/wp-json\/wp\/v2\/posts\/39519","targetHints":{"allow":["GET"]}}],"collection":[{"href":"https:\/\/folhadoleste.com.br\/en\/wp-json\/wp\/v2\/posts"}],"about":[{"href":"https:\/\/folhadoleste.com.br\/en\/wp-json\/wp\/v2\/types\/post"}],"author":[{"embeddable":true,"href":"https:\/\/folhadoleste.com.br\/en\/wp-json\/wp\/v2\/users\/4"}],"replies":[{"embeddable":true,"href":"https:\/\/folhadoleste.com.br\/en\/wp-json\/wp\/v2\/comments?post=39519"}],"version-history":[{"count":1,"href":"https:\/\/folhadoleste.com.br\/en\/wp-json\/wp\/v2\/posts\/39519\/revisions"}],"predecessor-version":[{"id":39522,"href":"https:\/\/folhadoleste.com.br\/en\/wp-json\/wp\/v2\/posts\/39519\/revisions\/39522"}],"wp:featuredmedia":[{"embeddable":true,"href":"https:\/\/folhadoleste.com.br\/en\/wp-json\/wp\/v2\/media\/39521"}],"wp:attachment":[{"href":"https:\/\/folhadoleste.com.br\/en\/wp-json\/wp\/v2\/media?parent=39519"}],"wp:term":[{"taxonomy":"category","embeddable":true,"href":"https:\/\/folhadoleste.com.br\/en\/wp-json\/wp\/v2\/categories?post=39519"},{"taxonomy":"post_tag","embeddable":true,"href":"https:\/\/folhadoleste.com.br\/en\/wp-json\/wp\/v2\/tags?post=39519"}],"curies":[{"name":"wp","href":"https:\/\/api.w.org\/{rel}","templated":true}]}}