{"id":38802,"date":"2023-12-06T10:03:53","date_gmt":"2023-12-06T13:03:53","guid":{"rendered":"https:\/\/folhadoleste.com.br\/?p=38802"},"modified":"2023-12-06T10:03:53","modified_gmt":"2023-12-06T13:03:53","slug":"saquarema-inaugura-nova-praca-para-moradores","status":"publish","type":"post","link":"https:\/\/folhadoleste.com.br\/en\/saquarema-inaugura-nova-praca-para-moradores\/","title":{"rendered":"Saquarema inaugura nova pra\u00e7a para moradores"},"content":{"rendered":"<div id=\"attachment_38805\" style=\"width: 1210px\" class=\"wp-caption aligncenter\"><img decoding=\"async\" aria-describedby=\"caption-attachment-38805\" class=\"size-full wp-image-38805\" src=\"https:\/\/folhadoleste.com.br\/wp-content\/uploads\/2023\/12\/Saquarema-inaugura-nova-praca-para-moradores-Foto-Reproducao-Redes-Sociais.jpg\" alt=\"Saquarema inaugura nova pra\u00e7a para moradores\" width=\"1200\" height=\"750\" \/><p id=\"caption-attachment-38805\" class=\"wp-caption-text\">Foto: Reprodu\u00e7\u00e3o &#8211; Redes Sociais<\/p><\/div>\n<p>A prefeitura de Saquarema, cidade localizada no estado do Rio de Janeiro, entregou aos moradores uma nova op\u00e7\u00e3o de lazer na \u00faltima sexta-feira (01).<\/p>\n<h4><a href=\"https:\/\/folhadoleste.com.br\/en\/category\/jornal-folha-do-leste-rj\/saquarema\/\">\u201cLeia mais not\u00edcias de Saquarema aqui\u201d<\/a><\/h4>\n<p>Trata-se da Pra\u00e7a de Santo Ant\u00f4nio, localizada em Bacax\u00e1, que passou por um processo de readequa\u00e7\u00e3o, melhorias, moderniza\u00e7\u00e3o, urbaniza\u00e7\u00e3o, paisagismo e recebeu a instala\u00e7\u00e3o de novos mobili\u00e1rios.<\/p>\n<div id=\"attachment_38804\" style=\"width: 1930px\" class=\"wp-caption aligncenter\"><img decoding=\"async\" aria-describedby=\"caption-attachment-38804\" class=\"size-full wp-image-38804\" src=\"https:\/\/folhadoleste.com.br\/wp-content\/uploads\/2023\/12\/Saquarema-inaugura-nova-praca-para-moradores-2-Foto-Reproducao-Redes-Sociais.webp\" alt=\"Saquarema inaugura nova pra\u00e7a para moradores\" width=\"1920\" height=\"1440\" \/><p id=\"caption-attachment-38804\" class=\"wp-caption-text\">Foto: Reprodu\u00e7\u00e3o &#8211; Redes Sociais<\/p><\/div>\n<p><span style=\"font-size: 1.21429rem;\">Considerada uma das \u00e1reas de lazer mais tradicionais da cidade, agora conta com espa\u00e7os adequados para crian\u00e7as, jovens e adultos desfrutarem de momentos de divers\u00e3o.<\/span><\/p>\n<p>&nbsp;<\/p>\n<p><a href=\"https:\/\/www.instagram.com\/folhadoleste\/\"><img decoding=\"async\" class=\"aligncenter wp-image-15962\" src=\"https:\/\/folhadoleste.com.br\/wp-content\/uploads\/2023\/07\/instagram.jpg.webp\" alt=\"Itaipu-Itaipua\u00e7u: Caminh\u00e3o causa grave acidente na RJ-102, a estrada da Serrinha\" width=\"49\" height=\"49\" \/><\/a><a href=\"https:\/\/www.facebook.com\/folhadoleste\"><img decoding=\"async\" class=\"aligncenter wp-image-7424\" src=\"https:\/\/folhadoleste.com.br\/wp-content\/uploads\/2023\/05\/facebook-logo-3-1.png.webp\" alt=\"Itaipu-Itaipua\u00e7u: Caminh\u00e3o causa grave acidente na RJ-102, a estrada da Serrinha\" width=\"49\" height=\"49\" \/><\/a><\/p>","protected":false},"excerpt":{"rendered":"<p>A prefeitura de Saquarema, cidade localizada no estado do Rio de Janeiro, entregou aos moradores uma nova op\u00e7\u00e3o de lazer na \u00faltima sexta-feira (01). \u201cLeia mais not\u00edcias de Saquarema aqui\u201d Trata-se da Pra\u00e7a de Santo Ant\u00f4nio, localizada em Bacax\u00e1, que passou por um processo de readequa\u00e7\u00e3o, melhorias, moderniza\u00e7\u00e3o, urbaniza\u00e7\u00e3o, paisagismo e recebeu a instala\u00e7\u00e3o de novos mobili\u00e1rios. Considerada uma das \u00e1reas de lazer mais tradicionais da cidade, agora conta com espa\u00e7os adequados para crian\u00e7as, jovens e adultos desfrutarem de momentos de divers\u00e3o. &nbsp;<\/p>","protected":false},"author":4,"featured_media":38805,"comment_status":"open","ping_status":"open","sticky":false,"template":"","format":"standard","meta":{"footnotes":""},"categories":[47,146],"tags":[1295,536,54,2377,15239,147],"class_list":["post-38802","post","type-post","status-publish","format-standard","has-post-thumbnail","hentry","category-leste-fluminense","category-saquarema","tag-inauguracao","tag-lazer","tag-leste-fluminense","tag-praca","tag-praca-de-santo-antonio","tag-saquarema","post--single"],"yoast_head":"<!-- This site is optimized with the Yoast SEO plugin v27.4 - https:\/\/yoast.com\/product\/yoast-seo-wordpress\/ -->\n<title>Saquarema inaugura nova pra\u00e7a para moradores &#8226; Folha do Leste<\/title>\n<meta name=\"description\" content=\"Saquarema inaugura nova pra\u00e7a para moradores...\" \/>\n<meta name=\"robots\" content=\"index, follow, max-snippet:-1, max-image-preview:large, max-video-preview:-1\" \/>\n<link rel=\"canonical\" href=\"https:\/\/folhadoleste.com.br\/en\/saquarema-inaugura-nova-praca-para-moradores\/\" \/>\n<meta property=\"og:locale\" content=\"en_US\" \/>\n<meta property=\"og:type\" content=\"article\" \/>\n<meta property=\"og:title\" content=\"Saquarema inaugura nova pra\u00e7a para moradores &#8226; Folha do Leste\" \/>\n<meta property=\"og:description\" content=\"Saquarema &#8226; Folha do Leste\" \/>\n<meta property=\"og:url\" content=\"https:\/\/folhadoleste.com.br\/en\/saquarema-inaugura-nova-praca-para-moradores\/\" \/>\n<meta property=\"og:site_name\" content=\"Folha do Leste\" \/>\n<meta property=\"article:publisher\" content=\"https:\/\/www.facebook.com\/folhadoleste\" \/>\n<meta property=\"article:published_time\" content=\"2023-12-06T13:03:53+00:00\" \/>\n<meta property=\"og:image\" content=\"https:\/\/folhadoleste.com.br\/wp-content\/uploads\/2023\/12\/Saquarema-inaugura-nova-praca-para-moradores-Foto-Reproducao-Redes-Sociais.jpg\" \/>\n\t<meta property=\"og:image:width\" content=\"1200\" \/>\n\t<meta property=\"og:image:height\" content=\"750\" \/>\n\t<meta property=\"og:image:type\" content=\"image\/jpeg\" \/>\n<meta name=\"author\" content=\"Folha do Leste\" \/>\n<meta name=\"twitter:card\" content=\"summary_large_image\" \/>\n<meta name=\"twitter:creator\" content=\"@FolhadoLesteRJ\" \/>\n<meta name=\"twitter:site\" content=\"@FolhadoLesteRJ\" \/>\n<meta name=\"twitter:label1\" content=\"Written by\" \/>\n\t<meta name=\"twitter:data1\" content=\"Folha do Leste\" \/>\n\t<meta name=\"twitter:label2\" content=\"Est. reading time\" \/>\n\t<meta name=\"twitter:data2\" content=\"2 minutes\" \/>\n<script type=\"application\/ld+json\" class=\"yoast-schema-graph\">{\"@context\":\"https:\\\/\\\/schema.org\",\"@graph\":[{\"@type\":\"NewsArticle\",\"@id\":\"https:\\\/\\\/folhadoleste.com.br\\\/saquarema-inaugura-nova-praca-para-moradores\\\/#article\",\"isPartOf\":{\"@id\":\"https:\\\/\\\/folhadoleste.com.br\\\/saquarema-inaugura-nova-praca-para-moradores\\\/\"},\"author\":{\"name\":\"Folha do Leste\",\"@id\":\"https:\\\/\\\/folhadoleste.com.br\\\/#\\\/schema\\\/person\\\/3e97145b2e1861276e84471aa85a3899\"},\"headline\":\"Saquarema inaugura nova pra\u00e7a para moradores\",\"datePublished\":\"2023-12-06T13:03:53+00:00\",\"mainEntityOfPage\":{\"@id\":\"https:\\\/\\\/folhadoleste.com.br\\\/saquarema-inaugura-nova-praca-para-moradores\\\/\"},\"wordCount\":127,\"commentCount\":0,\"publisher\":{\"@id\":\"https:\\\/\\\/folhadoleste.com.br\\\/#organization\"},\"image\":{\"@id\":\"https:\\\/\\\/folhadoleste.com.br\\\/saquarema-inaugura-nova-praca-para-moradores\\\/#primaryimage\"},\"thumbnailUrl\":\"https:\\\/\\\/folhadoleste.com.br\\\/wp-content\\\/uploads\\\/2023\\\/12\\\/Saquarema-inaugura-nova-praca-para-moradores-Foto-Reproducao-Redes-Sociais.jpg\",\"keywords\":[\"inaugura\u00e7\u00e3o\",\"lazer\",\"Leste Fluminense\",\"Pra\u00e7a\",\"Pra\u00e7a de Santo Ant\u00f4nio\",\"Saquarema\"],\"articleSection\":[\"Leste Fluminense\",\"Saquarema\"],\"inLanguage\":\"en-US\",\"potentialAction\":[{\"@type\":\"CommentAction\",\"name\":\"Comment\",\"target\":[\"https:\\\/\\\/folhadoleste.com.br\\\/saquarema-inaugura-nova-praca-para-moradores\\\/#respond\"]}]},{\"@type\":\"WebPage\",\"@id\":\"https:\\\/\\\/folhadoleste.com.br\\\/saquarema-inaugura-nova-praca-para-moradores\\\/\",\"url\":\"https:\\\/\\\/folhadoleste.com.br\\\/saquarema-inaugura-nova-praca-para-moradores\\\/\",\"name\":\"Saquarema inaugura nova pra\u00e7a para moradores &#8226; Folha do Leste\",\"isPartOf\":{\"@id\":\"https:\\\/\\\/folhadoleste.com.br\\\/#website\"},\"primaryImageOfPage\":{\"@id\":\"https:\\\/\\\/folhadoleste.com.br\\\/saquarema-inaugura-nova-praca-para-moradores\\\/#primaryimage\"},\"image\":{\"@id\":\"https:\\\/\\\/folhadoleste.com.br\\\/saquarema-inaugura-nova-praca-para-moradores\\\/#primaryimage\"},\"thumbnailUrl\":\"https:\\\/\\\/folhadoleste.com.br\\\/wp-content\\\/uploads\\\/2023\\\/12\\\/Saquarema-inaugura-nova-praca-para-moradores-Foto-Reproducao-Redes-Sociais.jpg\",\"datePublished\":\"2023-12-06T13:03:53+00:00\",\"description\":\"Saquarema inaugura nova pra\u00e7a para moradores...\",\"breadcrumb\":{\"@id\":\"https:\\\/\\\/folhadoleste.com.br\\\/saquarema-inaugura-nova-praca-para-moradores\\\/#breadcrumb\"},\"inLanguage\":\"en-US\",\"potentialAction\":[{\"@type\":\"ReadAction\",\"target\":[\"https:\\\/\\\/folhadoleste.com.br\\\/saquarema-inaugura-nova-praca-para-moradores\\\/\"]}]},{\"@type\":\"ImageObject\",\"inLanguage\":\"en-US\",\"@id\":\"https:\\\/\\\/folhadoleste.com.br\\\/saquarema-inaugura-nova-praca-para-moradores\\\/#primaryimage\",\"url\":\"https:\\\/\\\/folhadoleste.com.br\\\/wp-content\\\/uploads\\\/2023\\\/12\\\/Saquarema-inaugura-nova-praca-para-moradores-Foto-Reproducao-Redes-Sociais.jpg\",\"contentUrl\":\"https:\\\/\\\/folhadoleste.com.br\\\/wp-content\\\/uploads\\\/2023\\\/12\\\/Saquarema-inaugura-nova-praca-para-moradores-Foto-Reproducao-Redes-Sociais.jpg\",\"width\":1200,\"height\":750,\"caption\":\"Foto: Reprodu\u00e7\u00e3o - Redes Sociais\"},{\"@type\":\"BreadcrumbList\",\"@id\":\"https:\\\/\\\/folhadoleste.com.br\\\/saquarema-inaugura-nova-praca-para-moradores\\\/#breadcrumb\",\"itemListElement\":[{\"@type\":\"ListItem\",\"position\":1,\"name\":\"In\u00edcio\",\"item\":\"https:\\\/\\\/folhadoleste.com.br\\\/\"},{\"@type\":\"ListItem\",\"position\":2,\"name\":\"Estado do Rio de Janeiro\",\"item\":\"https:\\\/\\\/folhadoleste.com.br\\\/category\\\/estado-do-rio-de-janeiro\\\/\"},{\"@type\":\"ListItem\",\"position\":3,\"name\":\"Leste Fluminense\",\"item\":\"https:\\\/\\\/folhadoleste.com.br\\\/category\\\/estado-do-rio-de-janeiro\\\/leste-fluminense\\\/\"},{\"@type\":\"ListItem\",\"position\":4,\"name\":\"Saquarema\",\"item\":\"https:\\\/\\\/folhadoleste.com.br\\\/category\\\/estado-do-rio-de-janeiro\\\/leste-fluminense\\\/saquarema\\\/\"},{\"@type\":\"ListItem\",\"position\":5,\"name\":\"Saquarema inaugura nova pra\u00e7a para moradores\"}]},{\"@type\":\"WebSite\",\"@id\":\"https:\\\/\\\/folhadoleste.com.br\\\/#website\",\"url\":\"https:\\\/\\\/folhadoleste.com.br\\\/\",\"name\":\"Folha do Leste\",\"description\":\"Portal de Not\u00edcias com \u00eanfase em Niter\u00f3i, criando conte\u00fados desde a capital Rio de Janeiro, com olhar para o Leste Fluminense e suas cidades como S\u00e3o Gon\u00e7alo, Itabora\u00ed, Rio Bonito, Maric\u00e1, Saquarema e Araruama\",\"publisher\":{\"@id\":\"https:\\\/\\\/folhadoleste.com.br\\\/#organization\"},\"alternateName\":\"FL\",\"potentialAction\":[{\"@type\":\"SearchAction\",\"target\":{\"@type\":\"EntryPoint\",\"urlTemplate\":\"https:\\\/\\\/folhadoleste.com.br\\\/?s={search_term_string}\"},\"query-input\":{\"@type\":\"PropertyValueSpecification\",\"valueRequired\":true,\"valueName\":\"search_term_string\"}}],\"inLanguage\":\"en-US\"},{\"@type\":\"Organization\",\"@id\":\"https:\\\/\\\/folhadoleste.com.br\\\/#organization\",\"name\":\"Brasil 21 Comunica\u00e7\u00e3o\",\"alternateName\":\"BR21\",\"url\":\"https:\\\/\\\/folhadoleste.com.br\\\/\",\"logo\":{\"@type\":\"ImageObject\",\"inLanguage\":\"en-US\",\"@id\":\"https:\\\/\\\/folhadoleste.com.br\\\/#\\\/schema\\\/logo\\\/image\\\/\",\"url\":\"https:\\\/\\\/folhadoleste.com.br\\\/wp-content\\\/uploads\\\/2025\\\/12\\\/brasil-21-logomarca.avif\",\"contentUrl\":\"https:\\\/\\\/folhadoleste.com.br\\\/wp-content\\\/uploads\\\/2025\\\/12\\\/brasil-21-logomarca.avif\",\"width\":1044,\"height\":1044,\"caption\":\"Brasil 21 Comunica\u00e7\u00e3o\"},\"image\":{\"@id\":\"https:\\\/\\\/folhadoleste.com.br\\\/#\\\/schema\\\/logo\\\/image\\\/\"},\"sameAs\":[\"https:\\\/\\\/www.facebook.com\\\/folhadoleste\",\"https:\\\/\\\/x.com\\\/FolhadoLesteRJ\",\"https:\\\/\\\/www.instagram.com\\\/folhadoleste\\\/\"]},{\"@type\":\"Person\",\"@id\":\"https:\\\/\\\/folhadoleste.com.br\\\/#\\\/schema\\\/person\\\/3e97145b2e1861276e84471aa85a3899\",\"name\":\"Folha do Leste\",\"image\":{\"@type\":\"ImageObject\",\"inLanguage\":\"en-US\",\"@id\":\"https:\\\/\\\/folhadoleste.com.br\\\/wp-content\\\/litespeed\\\/avatar\\\/1ca8c218432e7045e748610eb3db0259.jpg?ver=1776693931\",\"url\":\"https:\\\/\\\/folhadoleste.com.br\\\/wp-content\\\/litespeed\\\/avatar\\\/1ca8c218432e7045e748610eb3db0259.jpg?ver=1776693931\",\"contentUrl\":\"https:\\\/\\\/folhadoleste.com.br\\\/wp-content\\\/litespeed\\\/avatar\\\/1ca8c218432e7045e748610eb3db0259.jpg?ver=1776693931\",\"caption\":\"Folha do Leste\"},\"url\":\"https:\\\/\\\/folhadoleste.com.br\\\/en\\\/author\\\/reportagem-01\\\/\"}]}<\/script>\n<!-- \/ Yoast SEO plugin. -->","yoast_head_json":{"title":"Saquarema inaugura nova pra\u00e7a para moradores &#8226; Folha do Leste","description":"Saquarema inaugura nova pra\u00e7a para moradores...","robots":{"index":"index","follow":"follow","max-snippet":"max-snippet:-1","max-image-preview":"max-image-preview:large","max-video-preview":"max-video-preview:-1"},"canonical":"https:\/\/folhadoleste.com.br\/en\/saquarema-inaugura-nova-praca-para-moradores\/","og_locale":"en_US","og_type":"article","og_title":"Saquarema inaugura nova pra\u00e7a para moradores &#8226; Folha do Leste","og_description":"Saquarema &#8226; Folha do Leste","og_url":"https:\/\/folhadoleste.com.br\/en\/saquarema-inaugura-nova-praca-para-moradores\/","og_site_name":"Folha do Leste","article_publisher":"https:\/\/www.facebook.com\/folhadoleste","article_published_time":"2023-12-06T13:03:53+00:00","og_image":[{"width":1200,"height":750,"url":"https:\/\/folhadoleste.com.br\/wp-content\/uploads\/2023\/12\/Saquarema-inaugura-nova-praca-para-moradores-Foto-Reproducao-Redes-Sociais.jpg","type":"image\/jpeg"}],"author":"Folha do Leste","twitter_card":"summary_large_image","twitter_creator":"@FolhadoLesteRJ","twitter_site":"@FolhadoLesteRJ","twitter_misc":{"Written by":"Folha do Leste","Est. reading time":"2 minutes"},"schema":{"@context":"https:\/\/schema.org","@graph":[{"@type":"NewsArticle","@id":"https:\/\/folhadoleste.com.br\/saquarema-inaugura-nova-praca-para-moradores\/#article","isPartOf":{"@id":"https:\/\/folhadoleste.com.br\/saquarema-inaugura-nova-praca-para-moradores\/"},"author":{"name":"Folha do Leste","@id":"https:\/\/folhadoleste.com.br\/#\/schema\/person\/3e97145b2e1861276e84471aa85a3899"},"headline":"Saquarema inaugura nova pra\u00e7a para moradores","datePublished":"2023-12-06T13:03:53+00:00","mainEntityOfPage":{"@id":"https:\/\/folhadoleste.com.br\/saquarema-inaugura-nova-praca-para-moradores\/"},"wordCount":127,"commentCount":0,"publisher":{"@id":"https:\/\/folhadoleste.com.br\/#organization"},"image":{"@id":"https:\/\/folhadoleste.com.br\/saquarema-inaugura-nova-praca-para-moradores\/#primaryimage"},"thumbnailUrl":"https:\/\/folhadoleste.com.br\/wp-content\/uploads\/2023\/12\/Saquarema-inaugura-nova-praca-para-moradores-Foto-Reproducao-Redes-Sociais.jpg","keywords":["inaugura\u00e7\u00e3o","lazer","Leste Fluminense","Pra\u00e7a","Pra\u00e7a de Santo Ant\u00f4nio","Saquarema"],"articleSection":["Leste Fluminense","Saquarema"],"inLanguage":"en-US","potentialAction":[{"@type":"CommentAction","name":"Comment","target":["https:\/\/folhadoleste.com.br\/saquarema-inaugura-nova-praca-para-moradores\/#respond"]}]},{"@type":"WebPage","@id":"https:\/\/folhadoleste.com.br\/saquarema-inaugura-nova-praca-para-moradores\/","url":"https:\/\/folhadoleste.com.br\/saquarema-inaugura-nova-praca-para-moradores\/","name":"Saquarema inaugura nova pra\u00e7a para moradores &#8226; Folha do Leste","isPartOf":{"@id":"https:\/\/folhadoleste.com.br\/#website"},"primaryImageOfPage":{"@id":"https:\/\/folhadoleste.com.br\/saquarema-inaugura-nova-praca-para-moradores\/#primaryimage"},"image":{"@id":"https:\/\/folhadoleste.com.br\/saquarema-inaugura-nova-praca-para-moradores\/#primaryimage"},"thumbnailUrl":"https:\/\/folhadoleste.com.br\/wp-content\/uploads\/2023\/12\/Saquarema-inaugura-nova-praca-para-moradores-Foto-Reproducao-Redes-Sociais.jpg","datePublished":"2023-12-06T13:03:53+00:00","description":"Saquarema inaugura nova pra\u00e7a para moradores...","breadcrumb":{"@id":"https:\/\/folhadoleste.com.br\/saquarema-inaugura-nova-praca-para-moradores\/#breadcrumb"},"inLanguage":"en-US","potentialAction":[{"@type":"ReadAction","target":["https:\/\/folhadoleste.com.br\/saquarema-inaugura-nova-praca-para-moradores\/"]}]},{"@type":"ImageObject","inLanguage":"en-US","@id":"https:\/\/folhadoleste.com.br\/saquarema-inaugura-nova-praca-para-moradores\/#primaryimage","url":"https:\/\/folhadoleste.com.br\/wp-content\/uploads\/2023\/12\/Saquarema-inaugura-nova-praca-para-moradores-Foto-Reproducao-Redes-Sociais.jpg","contentUrl":"https:\/\/folhadoleste.com.br\/wp-content\/uploads\/2023\/12\/Saquarema-inaugura-nova-praca-para-moradores-Foto-Reproducao-Redes-Sociais.jpg","width":1200,"height":750,"caption":"Foto: Reprodu\u00e7\u00e3o - Redes Sociais"},{"@type":"BreadcrumbList","@id":"https:\/\/folhadoleste.com.br\/saquarema-inaugura-nova-praca-para-moradores\/#breadcrumb","itemListElement":[{"@type":"ListItem","position":1,"name":"In\u00edcio","item":"https:\/\/folhadoleste.com.br\/"},{"@type":"ListItem","position":2,"name":"Estado do Rio de Janeiro","item":"https:\/\/folhadoleste.com.br\/category\/estado-do-rio-de-janeiro\/"},{"@type":"ListItem","position":3,"name":"Leste Fluminense","item":"https:\/\/folhadoleste.com.br\/category\/estado-do-rio-de-janeiro\/leste-fluminense\/"},{"@type":"ListItem","position":4,"name":"Saquarema","item":"https:\/\/folhadoleste.com.br\/category\/estado-do-rio-de-janeiro\/leste-fluminense\/saquarema\/"},{"@type":"ListItem","position":5,"name":"Saquarema inaugura nova pra\u00e7a para moradores"}]},{"@type":"WebSite","@id":"https:\/\/folhadoleste.com.br\/#website","url":"https:\/\/folhadoleste.com.br\/","name":"Folha do Leste","description":"Portal de Not\u00edcias com \u00eanfase em Niter\u00f3i, criando conte\u00fados desde a capital Rio de Janeiro, com olhar para o Leste Fluminense e suas cidades como S\u00e3o Gon\u00e7alo, Itabora\u00ed, Rio Bonito, Maric\u00e1, Saquarema e Araruama","publisher":{"@id":"https:\/\/folhadoleste.com.br\/#organization"},"alternateName":"FL","potentialAction":[{"@type":"SearchAction","target":{"@type":"EntryPoint","urlTemplate":"https:\/\/folhadoleste.com.br\/?s={search_term_string}"},"query-input":{"@type":"PropertyValueSpecification","valueRequired":true,"valueName":"search_term_string"}}],"inLanguage":"en-US"},{"@type":"Organization","@id":"https:\/\/folhadoleste.com.br\/#organization","name":"Brasil 21 Comunica\u00e7\u00e3o","alternateName":"BR21","url":"https:\/\/folhadoleste.com.br\/","logo":{"@type":"ImageObject","inLanguage":"en-US","@id":"https:\/\/folhadoleste.com.br\/#\/schema\/logo\/image\/","url":"https:\/\/folhadoleste.com.br\/wp-content\/uploads\/2025\/12\/brasil-21-logomarca.avif","contentUrl":"https:\/\/folhadoleste.com.br\/wp-content\/uploads\/2025\/12\/brasil-21-logomarca.avif","width":1044,"height":1044,"caption":"Brasil 21 Comunica\u00e7\u00e3o"},"image":{"@id":"https:\/\/folhadoleste.com.br\/#\/schema\/logo\/image\/"},"sameAs":["https:\/\/www.facebook.com\/folhadoleste","https:\/\/x.com\/FolhadoLesteRJ","https:\/\/www.instagram.com\/folhadoleste\/"]},{"@type":"Person","@id":"https:\/\/folhadoleste.com.br\/#\/schema\/person\/3e97145b2e1861276e84471aa85a3899","name":"Folha do Leste","image":{"@type":"ImageObject","inLanguage":"en-US","@id":"https:\/\/folhadoleste.com.br\/wp-content\/litespeed\/avatar\/1ca8c218432e7045e748610eb3db0259.jpg?ver=1776693931","url":"https:\/\/folhadoleste.com.br\/wp-content\/litespeed\/avatar\/1ca8c218432e7045e748610eb3db0259.jpg?ver=1776693931","contentUrl":"https:\/\/folhadoleste.com.br\/wp-content\/litespeed\/avatar\/1ca8c218432e7045e748610eb3db0259.jpg?ver=1776693931","caption":"Folha do Leste"},"url":"https:\/\/folhadoleste.com.br\/en\/author\/reportagem-01\/"}]}},"_links":{"self":[{"href":"https:\/\/folhadoleste.com.br\/en\/wp-json\/wp\/v2\/posts\/38802","targetHints":{"allow":["GET"]}}],"collection":[{"href":"https:\/\/folhadoleste.com.br\/en\/wp-json\/wp\/v2\/posts"}],"about":[{"href":"https:\/\/folhadoleste.com.br\/en\/wp-json\/wp\/v2\/types\/post"}],"author":[{"embeddable":true,"href":"https:\/\/folhadoleste.com.br\/en\/wp-json\/wp\/v2\/users\/4"}],"replies":[{"embeddable":true,"href":"https:\/\/folhadoleste.com.br\/en\/wp-json\/wp\/v2\/comments?post=38802"}],"version-history":[{"count":1,"href":"https:\/\/folhadoleste.com.br\/en\/wp-json\/wp\/v2\/posts\/38802\/revisions"}],"predecessor-version":[{"id":38806,"href":"https:\/\/folhadoleste.com.br\/en\/wp-json\/wp\/v2\/posts\/38802\/revisions\/38806"}],"wp:featuredmedia":[{"embeddable":true,"href":"https:\/\/folhadoleste.com.br\/en\/wp-json\/wp\/v2\/media\/38805"}],"wp:attachment":[{"href":"https:\/\/folhadoleste.com.br\/en\/wp-json\/wp\/v2\/media?parent=38802"}],"wp:term":[{"taxonomy":"category","embeddable":true,"href":"https:\/\/folhadoleste.com.br\/en\/wp-json\/wp\/v2\/categories?post=38802"},{"taxonomy":"post_tag","embeddable":true,"href":"https:\/\/folhadoleste.com.br\/en\/wp-json\/wp\/v2\/tags?post=38802"}],"curies":[{"name":"wp","href":"https:\/\/api.w.org\/{rel}","templated":true}]}}