{"id":38771,"date":"2023-12-06T09:29:48","date_gmt":"2023-12-06T12:29:48","guid":{"rendered":"https:\/\/folhadoleste.com.br\/?p=38771"},"modified":"2023-12-06T11:34:18","modified_gmt":"2023-12-06T14:34:18","slug":"justiceiros-se-unem-contra-a-criminalidade-em-copacabana-video","status":"publish","type":"post","link":"https:\/\/folhadoleste.com.br\/en\/justiceiros-se-unem-contra-a-criminalidade-em-copacabana-video\/","title":{"rendered":"Rio: viol\u00eancia gera surgimento de justiceiros, em Copacabana"},"content":{"rendered":"<p>Ap\u00f3s uma s\u00e9rie de recentes casos de viol\u00eancia na bela regi\u00e3o de Copacabana, na Zona Sul do Rio de Janeiro, &#8220;justiceiros&#8221; est\u00e3o se mobilizando para reagir. Atrav\u00e9s das redes sociais, um grupo de moradores planeja tomar medidas agressivas para <em>&#8220;ca\u00e7ar&#8221;<\/em> suspeitos de roubo e garantir a seguran\u00e7a dos cidad\u00e3os.<\/p>\n<p>O professor de jiu-j\u00edtsu Fernando Pinduka, indignado com os acontecimentos recentes, convocou seus mais de 100 mil seguidores para se unirem a ele nessa luta. Ele pediu ajuda \u00e0s academias de luta e aos lutadores da regi\u00e3o, incentivando-os a participar do projeto de <em>&#8220;limpeza&#8221;<\/em> em Copacabana.<\/p>\n<h4><a href=\"https:\/\/folhadoleste.com.br\/en\/category\/rio-de-janeiro-capital\/\"><strong>\u201cLeia mais not\u00edcias sobre Rio de Janeiro aqui\u201d<\/strong><\/a><\/h4>\n<p>Tal iniciativa se revela preocupante, pois o movimento tem recebido apoio da popula\u00e7\u00e3o, que se mostra disposta a participar da a\u00e7\u00e3o. Coment\u00e1rios na postagem do professor demonstram a ades\u00e3o e disposi\u00e7\u00e3o das pessoas em enfrentar os <em>&#8220;assaltantes&#8221;<\/em>.<\/p>\n<p>No entanto, a pol\u00edcia j\u00e1 est\u00e1 ciente da situa\u00e7\u00e3o e est\u00e1 realizando dilig\u00eancias para identificar os envolvidos e esclarecer os fatos.<\/p>\n<h1>O in\u00edcio de tudo<\/h1>\n<p>&nbsp;<\/p>\n<div style=\"width: 320px;\" class=\"wp-video\"><video class=\"wp-video-shortcode\" id=\"video-38771-1\" width=\"320\" height=\"360\" preload=\"metadata\" controls=\"controls\"><source type=\"video\/mp4\" src=\"https:\/\/folhadoleste.com.br\/wp-content\/uploads\/2023\/12\/Homem-e-agredido-e-roubado-em-Copacabana.mp4?_=1\" \/><a href=\"https:\/\/folhadoleste.com.br\/wp-content\/uploads\/2023\/12\/Homem-e-agredido-e-roubado-em-Copacabana.mp4\">https:\/\/folhadoleste.com.br\/wp-content\/uploads\/2023\/12\/Homem-e-agredido-e-roubado-em-Copacabana.mp4<\/a><\/video><\/div>\n<p>A iniciativa dos &#8220;justiceiros&#8221; surgiu ap\u00f3s o brutal ataque sofrido pelo empres\u00e1rio Marcelo Rubim Benchimol, de 67 anos, no \u00faltimo domingo, agredido e roubado por um grupo de jovens em Copacabana. C\u00e2meras de seguran\u00e7a capturaram o crime, o que chocou a popula\u00e7\u00e3o. Antes de agredir o empres\u00e1rio, os suspeitos tentaram assaltar uma mulher na regi\u00e3o.<\/p>\n<p>Al\u00e9m desse caso, outros epis\u00f3dios de viol\u00eancia t\u00eam assombrado Copacabana. No dia 19 de novembro, houve, na praia, o assassinato de um f\u00e3 da cantora Taylor Swift. Dois acusados pelo crime estavam h\u00e1 pouco tempo em liberdade, ap\u00f3s pris\u00e3o provis\u00f3ria <span style=\"font-size: 1.21429rem;\">por furto. Tamb\u00e9m em novembro, a pol\u00edcia prendeu um suspeito de roubar um casal de turistas paulistas na regi\u00e3o.<\/span><\/p>\n<h2>Crimes para combater crimes<\/h2>\n<p>Todavia, o advogado Heraldo Fonseca da Silveira, consultor do <strong>FOLHA DO LESTE<\/strong>, ressalta que o C\u00f3digo Penal criminaliza a realiza\u00e7\u00e3o de justi\u00e7a com as pr\u00f3prias m\u00e3os.<\/p>\n<blockquote><p>O caput do artigo 345 do C\u00f3digo Penal tipifica a conduta de fazer justi\u00e7a pelas pr\u00f3prias m\u00e3os. E isso independe da legitimidade da inten\u00e7\u00e3o do agente. Para a configura\u00e7\u00e3o do crime, \u00e9 necess\u00e1rio que o agente tenha agido para satisfazer sua pretens\u00e3o, mesmo que essa pretens\u00e3o seja leg\u00edtima. A pena \u00e9 branda, deten\u00e7\u00e3o de 15 dias a um m\u00eas, mais multa. Mas \u00e9 crime.<\/p><\/blockquote>\n<p>Apesar da pena branda, Fonseca da Silveira adverte que a conduta pode gerar outros crimes, com penas mais graves. Por exemplo, o de Associa\u00e7\u00e3o Criminosa.<\/p>\n<blockquote><p>&#8220;O artigo 288 do C\u00f3digo Penal prev\u00ea que, se qualquer crime for praticado por mais de tr\u00eas pessoas, constitui associa\u00e7\u00e3o criminosa. Essa associa\u00e7\u00e3o \u00e9 punida com pena de um a tr\u00eas anos de reclus\u00e3o, sendo ela aumentada at\u00e9 a metade em caso de haver armamento e participa\u00e7\u00e3o de crian\u00e7a ou adolescente&#8221;, frisou.<\/p><\/blockquote>\n<p>&nbsp;<\/p>\n<p align=\"JUSTIFY\">Heraldo ainda adverte que a pr\u00f3pria convoca\u00e7\u00e3o para tal ato tamb\u00e9m pode ser penalizada como Incita\u00e7\u00e3o ao Crime.<\/p>\n<blockquote>\n<p align=\"JUSTIFY\">&#8220;Considerando que fazer justi\u00e7a com as pr\u00f3prias m\u00e3os \u00e9 crime, incit\u00e1-lo, publicamente, pode gerar pena de deten\u00e7\u00e3o, de tr\u00eas a seis meses, ou multa&#8221;, disp\u00f5e.<\/p>\n<\/blockquote>\n<p>&nbsp;<\/p>\n<h1><strong>Opini\u00e3o do Folha do Leste<\/strong><\/h1>\n<p>Acima de tudo, o <strong>FOLHA DO LESTE<\/strong> tem compromisso com a relev\u00e2ncia do fato e seu potencial noticioso, considerando o contexto de viol\u00eancia que vivemos. Sobretudo, diante da sensa\u00e7\u00e3o permanente de impot\u00eancia do cidad\u00e3o v\u00edtima de viol\u00eancia, que n\u00e3o reconhece nas for\u00e7as do estado a capacidade de reagir \u00e0 tamanho volume criminal.<\/p>\n<p>Entretanto, o estado de indigna\u00e7\u00e3o e revolta das pessoas deve se limitar as esferas legais. Ultrapassar os limites da legalidade, caminhar \u00e0 margem da lei, transformar\u00e1 v\u00edtimas em criminosos. De certos, passar\u00e3o a errados, por uma simples necessidade de vingan\u00e7a &#8211; que n\u00e3o deve se confundir com justi\u00e7a.<\/p>\n<p>Por isso, deixamos claro, nesta reportagem, atrav\u00e9s de um de nossos consultores jur\u00eddicos, que a pr\u00e1tica de fazer justi\u00e7a com as pr\u00f3prias m\u00e3os se trata de crime de acordo com o C\u00f3digo Penal Brasileiro. E que o <strong>FOLHA DO LESTE, <\/strong>em respeito e observ\u00e2ncia inciso IX dos Princ\u00edpios Internacionais da \u00c9tica Profissional no Jornalismo, reprova tal iniciativa, deixando claro que esta not\u00edcia n\u00e3o tem o objetivo de estimular o crime.<\/p>\n<p>&nbsp;<\/p>\n<p>&nbsp;<\/p>\n<p><a href=\"https:\/\/www.instagram.com\/folhadoleste\/\"><img decoding=\"async\" class=\"aligncenter wp-image-15962\" src=\"https:\/\/folhadoleste.com.br\/wp-content\/uploads\/2023\/07\/instagram.jpg.webp\" alt=\"Itaipu-Itaipua\u00e7u: Caminh\u00e3o causa grave acidente na RJ-102, a estrada da Serrinha\" width=\"49\" height=\"49\" \/><\/a><a href=\"https:\/\/www.facebook.com\/folhadoleste\"><img decoding=\"async\" class=\"aligncenter wp-image-7424\" src=\"https:\/\/folhadoleste.com.br\/wp-content\/uploads\/2023\/05\/facebook-logo-3-1.png.webp\" alt=\"Itaipu-Itaipua\u00e7u: Caminh\u00e3o causa grave acidente na RJ-102, a estrada da Serrinha\" width=\"49\" height=\"49\" \/><\/a><\/p>","protected":false},"excerpt":{"rendered":"<p>Ap\u00f3s uma s\u00e9rie de recentes casos de viol\u00eancia na bela regi\u00e3o de Copacabana, na Zona Sul do Rio de Janeiro, &#8220;justiceiros&#8221; est\u00e3o se mobilizando para reagir. Atrav\u00e9s das redes sociais, um grupo de moradores planeja tomar medidas agressivas para &#8220;ca\u00e7ar&#8221; suspeitos de roubo e garantir a seguran\u00e7a dos cidad\u00e3os. O professor de jiu-j\u00edtsu Fernando Pinduka, indignado com os acontecimentos recentes, convocou seus mais de 100 mil seguidores para se unirem a ele nessa luta. Ele pediu ajuda \u00e0s academias de luta e aos lutadores da regi\u00e3o, incentivando-os a participar do projeto de &#8220;limpeza&#8221; em Copacabana. \u201cLeia mais not\u00edcias sobre Rio [&hellip;]<\/p>\n","protected":false},"author":4,"featured_media":38841,"comment_status":"open","ping_status":"open","sticky":false,"template":"","format":"standard","meta":{"footnotes":""},"categories":[67],"tags":[15235,2360,15245,6663,480,3015,78,93,651],"class_list":["post-38771","post","type-post","status-publish","format-standard","has-post-thumbnail","hentry","category-rio-de-janeiro-capital","tag-justiceiros","tag-copacabana","tag-fernando-pinduka","tag-grupo","tag-jiu-jitsu","tag-limpeza","tag-policia","tag-rio-de-janeiro","tag-violencia","post--single"],"yoast_head":"<!-- This site is optimized with the Yoast SEO plugin v27.4 - https:\/\/yoast.com\/product\/yoast-seo-wordpress\/ -->\n<title>Rio: viol\u00eancia gera surgimento de justiceiros, em Copacabana<\/title>\n<meta name=\"description\" content=\"&#039;Justiceiros&#039; se unem contra a criminalidade em Copacabana - V\u00eddeo...\" \/>\n<meta name=\"robots\" content=\"index, follow, max-snippet:-1, max-image-preview:large, max-video-preview:-1\" \/>\n<link rel=\"canonical\" href=\"https:\/\/folhadoleste.com.br\/en\/justiceiros-se-unem-contra-a-criminalidade-em-copacabana-video\/\" \/>\n<meta property=\"og:locale\" content=\"en_US\" \/>\n<meta property=\"og:type\" content=\"article\" \/>\n<meta property=\"og:title\" content=\"Rio: viol\u00eancia gera surgimento de justiceiros, em Copacabana\" \/>\n<meta property=\"og:description\" content=\"Rio de Janeiro - Capital &#8226; Folha do Leste\" \/>\n<meta property=\"og:url\" content=\"https:\/\/folhadoleste.com.br\/en\/justiceiros-se-unem-contra-a-criminalidade-em-copacabana-video\/\" \/>\n<meta property=\"og:site_name\" content=\"Folha do Leste\" \/>\n<meta property=\"article:publisher\" content=\"https:\/\/www.facebook.com\/folhadoleste\" \/>\n<meta property=\"article:published_time\" content=\"2023-12-06T12:29:48+00:00\" \/>\n<meta property=\"article:modified_time\" content=\"2023-12-06T14:34:18+00:00\" \/>\n<meta property=\"og:image\" content=\"https:\/\/folhadoleste.com.br\/wp-content\/uploads\/2023\/12\/Justiceiros-de-Copacabana-Jiu-Jitsu.jpg\" \/>\n\t<meta property=\"og:image:width\" content=\"1640\" \/>\n\t<meta property=\"og:image:height\" content=\"924\" \/>\n\t<meta property=\"og:image:type\" content=\"image\/jpeg\" \/>\n<meta name=\"author\" content=\"Folha do Leste\" \/>\n<meta name=\"twitter:card\" content=\"summary_large_image\" \/>\n<meta name=\"twitter:creator\" content=\"@FolhadoLesteRJ\" \/>\n<meta name=\"twitter:site\" content=\"@FolhadoLesteRJ\" \/>\n<meta name=\"twitter:label1\" content=\"Written by\" \/>\n\t<meta name=\"twitter:data1\" content=\"Folha do Leste\" \/>\n\t<meta name=\"twitter:label2\" content=\"Est. reading time\" \/>\n\t<meta name=\"twitter:data2\" content=\"4 minutes\" \/>\n<script type=\"application\/ld+json\" class=\"yoast-schema-graph\">{\"@context\":\"https:\\\/\\\/schema.org\",\"@graph\":[{\"@type\":\"NewsArticle\",\"@id\":\"https:\\\/\\\/folhadoleste.com.br\\\/justiceiros-se-unem-contra-a-criminalidade-em-copacabana-video\\\/#article\",\"isPartOf\":{\"@id\":\"https:\\\/\\\/folhadoleste.com.br\\\/justiceiros-se-unem-contra-a-criminalidade-em-copacabana-video\\\/\"},\"author\":{\"name\":\"Folha do Leste\",\"@id\":\"https:\\\/\\\/folhadoleste.com.br\\\/#\\\/schema\\\/person\\\/3e97145b2e1861276e84471aa85a3899\"},\"headline\":\"Rio: viol\u00eancia gera surgimento de justiceiros, em Copacabana\",\"datePublished\":\"2023-12-06T12:29:48+00:00\",\"dateModified\":\"2023-12-06T14:34:18+00:00\",\"mainEntityOfPage\":{\"@id\":\"https:\\\/\\\/folhadoleste.com.br\\\/justiceiros-se-unem-contra-a-criminalidade-em-copacabana-video\\\/\"},\"wordCount\":784,\"commentCount\":0,\"publisher\":{\"@id\":\"https:\\\/\\\/folhadoleste.com.br\\\/#organization\"},\"image\":{\"@id\":\"https:\\\/\\\/folhadoleste.com.br\\\/justiceiros-se-unem-contra-a-criminalidade-em-copacabana-video\\\/#primaryimage\"},\"thumbnailUrl\":\"https:\\\/\\\/folhadoleste.com.br\\\/wp-content\\\/uploads\\\/2023\\\/12\\\/Justiceiros-de-Copacabana-Jiu-Jitsu.jpg\",\"keywords\":[\"'Justiceiros'\",\"Copacabana\",\"Fernando Pinduka\",\"grupo\",\"jiu-jitsu\",\"Limpeza\",\"pol\u00edcia\",\"Rio de Janeiro\",\"viol\u00eancia\"],\"articleSection\":[\"Rio de Janeiro - Capital\"],\"inLanguage\":\"en-US\",\"potentialAction\":[{\"@type\":\"CommentAction\",\"name\":\"Comment\",\"target\":[\"https:\\\/\\\/folhadoleste.com.br\\\/justiceiros-se-unem-contra-a-criminalidade-em-copacabana-video\\\/#respond\"]}]},{\"@type\":\"WebPage\",\"@id\":\"https:\\\/\\\/folhadoleste.com.br\\\/justiceiros-se-unem-contra-a-criminalidade-em-copacabana-video\\\/\",\"url\":\"https:\\\/\\\/folhadoleste.com.br\\\/justiceiros-se-unem-contra-a-criminalidade-em-copacabana-video\\\/\",\"name\":\"Rio: viol\u00eancia gera surgimento de justiceiros, em Copacabana\",\"isPartOf\":{\"@id\":\"https:\\\/\\\/folhadoleste.com.br\\\/#website\"},\"primaryImageOfPage\":{\"@id\":\"https:\\\/\\\/folhadoleste.com.br\\\/justiceiros-se-unem-contra-a-criminalidade-em-copacabana-video\\\/#primaryimage\"},\"image\":{\"@id\":\"https:\\\/\\\/folhadoleste.com.br\\\/justiceiros-se-unem-contra-a-criminalidade-em-copacabana-video\\\/#primaryimage\"},\"thumbnailUrl\":\"https:\\\/\\\/folhadoleste.com.br\\\/wp-content\\\/uploads\\\/2023\\\/12\\\/Justiceiros-de-Copacabana-Jiu-Jitsu.jpg\",\"datePublished\":\"2023-12-06T12:29:48+00:00\",\"dateModified\":\"2023-12-06T14:34:18+00:00\",\"description\":\"'Justiceiros' se unem contra a criminalidade em Copacabana - V\u00eddeo...\",\"breadcrumb\":{\"@id\":\"https:\\\/\\\/folhadoleste.com.br\\\/justiceiros-se-unem-contra-a-criminalidade-em-copacabana-video\\\/#breadcrumb\"},\"inLanguage\":\"en-US\",\"potentialAction\":[{\"@type\":\"ReadAction\",\"target\":[\"https:\\\/\\\/folhadoleste.com.br\\\/justiceiros-se-unem-contra-a-criminalidade-em-copacabana-video\\\/\"]}]},{\"@type\":\"ImageObject\",\"inLanguage\":\"en-US\",\"@id\":\"https:\\\/\\\/folhadoleste.com.br\\\/justiceiros-se-unem-contra-a-criminalidade-em-copacabana-video\\\/#primaryimage\",\"url\":\"https:\\\/\\\/folhadoleste.com.br\\\/wp-content\\\/uploads\\\/2023\\\/12\\\/Justiceiros-de-Copacabana-Jiu-Jitsu.jpg\",\"contentUrl\":\"https:\\\/\\\/folhadoleste.com.br\\\/wp-content\\\/uploads\\\/2023\\\/12\\\/Justiceiros-de-Copacabana-Jiu-Jitsu.jpg\",\"width\":1640,\"height\":924},{\"@type\":\"BreadcrumbList\",\"@id\":\"https:\\\/\\\/folhadoleste.com.br\\\/justiceiros-se-unem-contra-a-criminalidade-em-copacabana-video\\\/#breadcrumb\",\"itemListElement\":[{\"@type\":\"ListItem\",\"position\":1,\"name\":\"In\u00edcio\",\"item\":\"https:\\\/\\\/folhadoleste.com.br\\\/\"},{\"@type\":\"ListItem\",\"position\":2,\"name\":\"Rio de Janeiro - Capital\",\"item\":\"https:\\\/\\\/folhadoleste.com.br\\\/category\\\/rio-de-janeiro-capital\\\/\"},{\"@type\":\"ListItem\",\"position\":3,\"name\":\"Rio: viol\u00eancia gera surgimento de justiceiros, em Copacabana\"}]},{\"@type\":\"WebSite\",\"@id\":\"https:\\\/\\\/folhadoleste.com.br\\\/#website\",\"url\":\"https:\\\/\\\/folhadoleste.com.br\\\/\",\"name\":\"Folha do Leste\",\"description\":\"Portal de Not\u00edcias com \u00eanfase em Niter\u00f3i, criando conte\u00fados desde a capital Rio de Janeiro, com olhar para o Leste Fluminense e suas cidades como S\u00e3o Gon\u00e7alo, Itabora\u00ed, Rio Bonito, Maric\u00e1, Saquarema e Araruama\",\"publisher\":{\"@id\":\"https:\\\/\\\/folhadoleste.com.br\\\/#organization\"},\"alternateName\":\"FL\",\"potentialAction\":[{\"@type\":\"SearchAction\",\"target\":{\"@type\":\"EntryPoint\",\"urlTemplate\":\"https:\\\/\\\/folhadoleste.com.br\\\/?s={search_term_string}\"},\"query-input\":{\"@type\":\"PropertyValueSpecification\",\"valueRequired\":true,\"valueName\":\"search_term_string\"}}],\"inLanguage\":\"en-US\"},{\"@type\":\"Organization\",\"@id\":\"https:\\\/\\\/folhadoleste.com.br\\\/#organization\",\"name\":\"Brasil 21 Comunica\u00e7\u00e3o\",\"alternateName\":\"BR21\",\"url\":\"https:\\\/\\\/folhadoleste.com.br\\\/\",\"logo\":{\"@type\":\"ImageObject\",\"inLanguage\":\"en-US\",\"@id\":\"https:\\\/\\\/folhadoleste.com.br\\\/#\\\/schema\\\/logo\\\/image\\\/\",\"url\":\"https:\\\/\\\/folhadoleste.com.br\\\/wp-content\\\/uploads\\\/2025\\\/12\\\/brasil-21-logomarca.avif\",\"contentUrl\":\"https:\\\/\\\/folhadoleste.com.br\\\/wp-content\\\/uploads\\\/2025\\\/12\\\/brasil-21-logomarca.avif\",\"width\":1044,\"height\":1044,\"caption\":\"Brasil 21 Comunica\u00e7\u00e3o\"},\"image\":{\"@id\":\"https:\\\/\\\/folhadoleste.com.br\\\/#\\\/schema\\\/logo\\\/image\\\/\"},\"sameAs\":[\"https:\\\/\\\/www.facebook.com\\\/folhadoleste\",\"https:\\\/\\\/x.com\\\/FolhadoLesteRJ\",\"https:\\\/\\\/www.instagram.com\\\/folhadoleste\\\/\"]},{\"@type\":\"Person\",\"@id\":\"https:\\\/\\\/folhadoleste.com.br\\\/#\\\/schema\\\/person\\\/3e97145b2e1861276e84471aa85a3899\",\"name\":\"Folha do Leste\",\"image\":{\"@type\":\"ImageObject\",\"inLanguage\":\"en-US\",\"@id\":\"https:\\\/\\\/folhadoleste.com.br\\\/wp-content\\\/litespeed\\\/avatar\\\/1ca8c218432e7045e748610eb3db0259.jpg?ver=1777161142\",\"url\":\"https:\\\/\\\/folhadoleste.com.br\\\/wp-content\\\/litespeed\\\/avatar\\\/1ca8c218432e7045e748610eb3db0259.jpg?ver=1777161142\",\"contentUrl\":\"https:\\\/\\\/folhadoleste.com.br\\\/wp-content\\\/litespeed\\\/avatar\\\/1ca8c218432e7045e748610eb3db0259.jpg?ver=1777161142\",\"caption\":\"Folha do Leste\"},\"url\":\"https:\\\/\\\/folhadoleste.com.br\\\/en\\\/author\\\/reportagem-01\\\/\"}]}<\/script>\n<!-- \/ Yoast SEO plugin. -->","yoast_head_json":{"title":"Rio: viol\u00eancia gera surgimento de justiceiros, em Copacabana","description":"'Justiceiros' se unem contra a criminalidade em Copacabana - V\u00eddeo...","robots":{"index":"index","follow":"follow","max-snippet":"max-snippet:-1","max-image-preview":"max-image-preview:large","max-video-preview":"max-video-preview:-1"},"canonical":"https:\/\/folhadoleste.com.br\/en\/justiceiros-se-unem-contra-a-criminalidade-em-copacabana-video\/","og_locale":"en_US","og_type":"article","og_title":"Rio: viol\u00eancia gera surgimento de justiceiros, em Copacabana","og_description":"Rio de Janeiro - Capital &#8226; Folha do Leste","og_url":"https:\/\/folhadoleste.com.br\/en\/justiceiros-se-unem-contra-a-criminalidade-em-copacabana-video\/","og_site_name":"Folha do Leste","article_publisher":"https:\/\/www.facebook.com\/folhadoleste","article_published_time":"2023-12-06T12:29:48+00:00","article_modified_time":"2023-12-06T14:34:18+00:00","og_image":[{"width":1640,"height":924,"url":"https:\/\/folhadoleste.com.br\/wp-content\/uploads\/2023\/12\/Justiceiros-de-Copacabana-Jiu-Jitsu.jpg","type":"image\/jpeg"}],"author":"Folha do Leste","twitter_card":"summary_large_image","twitter_creator":"@FolhadoLesteRJ","twitter_site":"@FolhadoLesteRJ","twitter_misc":{"Written by":"Folha do Leste","Est. reading time":"4 minutes"},"schema":{"@context":"https:\/\/schema.org","@graph":[{"@type":"NewsArticle","@id":"https:\/\/folhadoleste.com.br\/justiceiros-se-unem-contra-a-criminalidade-em-copacabana-video\/#article","isPartOf":{"@id":"https:\/\/folhadoleste.com.br\/justiceiros-se-unem-contra-a-criminalidade-em-copacabana-video\/"},"author":{"name":"Folha do Leste","@id":"https:\/\/folhadoleste.com.br\/#\/schema\/person\/3e97145b2e1861276e84471aa85a3899"},"headline":"Rio: viol\u00eancia gera surgimento de justiceiros, em Copacabana","datePublished":"2023-12-06T12:29:48+00:00","dateModified":"2023-12-06T14:34:18+00:00","mainEntityOfPage":{"@id":"https:\/\/folhadoleste.com.br\/justiceiros-se-unem-contra-a-criminalidade-em-copacabana-video\/"},"wordCount":784,"commentCount":0,"publisher":{"@id":"https:\/\/folhadoleste.com.br\/#organization"},"image":{"@id":"https:\/\/folhadoleste.com.br\/justiceiros-se-unem-contra-a-criminalidade-em-copacabana-video\/#primaryimage"},"thumbnailUrl":"https:\/\/folhadoleste.com.br\/wp-content\/uploads\/2023\/12\/Justiceiros-de-Copacabana-Jiu-Jitsu.jpg","keywords":["'Justiceiros'","Copacabana","Fernando Pinduka","grupo","jiu-jitsu","Limpeza","pol\u00edcia","Rio de Janeiro","viol\u00eancia"],"articleSection":["Rio de Janeiro - Capital"],"inLanguage":"en-US","potentialAction":[{"@type":"CommentAction","name":"Comment","target":["https:\/\/folhadoleste.com.br\/justiceiros-se-unem-contra-a-criminalidade-em-copacabana-video\/#respond"]}]},{"@type":"WebPage","@id":"https:\/\/folhadoleste.com.br\/justiceiros-se-unem-contra-a-criminalidade-em-copacabana-video\/","url":"https:\/\/folhadoleste.com.br\/justiceiros-se-unem-contra-a-criminalidade-em-copacabana-video\/","name":"Rio: viol\u00eancia gera surgimento de justiceiros, em Copacabana","isPartOf":{"@id":"https:\/\/folhadoleste.com.br\/#website"},"primaryImageOfPage":{"@id":"https:\/\/folhadoleste.com.br\/justiceiros-se-unem-contra-a-criminalidade-em-copacabana-video\/#primaryimage"},"image":{"@id":"https:\/\/folhadoleste.com.br\/justiceiros-se-unem-contra-a-criminalidade-em-copacabana-video\/#primaryimage"},"thumbnailUrl":"https:\/\/folhadoleste.com.br\/wp-content\/uploads\/2023\/12\/Justiceiros-de-Copacabana-Jiu-Jitsu.jpg","datePublished":"2023-12-06T12:29:48+00:00","dateModified":"2023-12-06T14:34:18+00:00","description":"'Justiceiros' se unem contra a criminalidade em Copacabana - V\u00eddeo...","breadcrumb":{"@id":"https:\/\/folhadoleste.com.br\/justiceiros-se-unem-contra-a-criminalidade-em-copacabana-video\/#breadcrumb"},"inLanguage":"en-US","potentialAction":[{"@type":"ReadAction","target":["https:\/\/folhadoleste.com.br\/justiceiros-se-unem-contra-a-criminalidade-em-copacabana-video\/"]}]},{"@type":"ImageObject","inLanguage":"en-US","@id":"https:\/\/folhadoleste.com.br\/justiceiros-se-unem-contra-a-criminalidade-em-copacabana-video\/#primaryimage","url":"https:\/\/folhadoleste.com.br\/wp-content\/uploads\/2023\/12\/Justiceiros-de-Copacabana-Jiu-Jitsu.jpg","contentUrl":"https:\/\/folhadoleste.com.br\/wp-content\/uploads\/2023\/12\/Justiceiros-de-Copacabana-Jiu-Jitsu.jpg","width":1640,"height":924},{"@type":"BreadcrumbList","@id":"https:\/\/folhadoleste.com.br\/justiceiros-se-unem-contra-a-criminalidade-em-copacabana-video\/#breadcrumb","itemListElement":[{"@type":"ListItem","position":1,"name":"In\u00edcio","item":"https:\/\/folhadoleste.com.br\/"},{"@type":"ListItem","position":2,"name":"Rio de Janeiro - Capital","item":"https:\/\/folhadoleste.com.br\/category\/rio-de-janeiro-capital\/"},{"@type":"ListItem","position":3,"name":"Rio: viol\u00eancia gera surgimento de justiceiros, em Copacabana"}]},{"@type":"WebSite","@id":"https:\/\/folhadoleste.com.br\/#website","url":"https:\/\/folhadoleste.com.br\/","name":"Folha do Leste","description":"Portal de Not\u00edcias com \u00eanfase em Niter\u00f3i, criando conte\u00fados desde a capital Rio de Janeiro, com olhar para o Leste Fluminense e suas cidades como S\u00e3o Gon\u00e7alo, Itabora\u00ed, Rio Bonito, Maric\u00e1, Saquarema e Araruama","publisher":{"@id":"https:\/\/folhadoleste.com.br\/#organization"},"alternateName":"FL","potentialAction":[{"@type":"SearchAction","target":{"@type":"EntryPoint","urlTemplate":"https:\/\/folhadoleste.com.br\/?s={search_term_string}"},"query-input":{"@type":"PropertyValueSpecification","valueRequired":true,"valueName":"search_term_string"}}],"inLanguage":"en-US"},{"@type":"Organization","@id":"https:\/\/folhadoleste.com.br\/#organization","name":"Brasil 21 Comunica\u00e7\u00e3o","alternateName":"BR21","url":"https:\/\/folhadoleste.com.br\/","logo":{"@type":"ImageObject","inLanguage":"en-US","@id":"https:\/\/folhadoleste.com.br\/#\/schema\/logo\/image\/","url":"https:\/\/folhadoleste.com.br\/wp-content\/uploads\/2025\/12\/brasil-21-logomarca.avif","contentUrl":"https:\/\/folhadoleste.com.br\/wp-content\/uploads\/2025\/12\/brasil-21-logomarca.avif","width":1044,"height":1044,"caption":"Brasil 21 Comunica\u00e7\u00e3o"},"image":{"@id":"https:\/\/folhadoleste.com.br\/#\/schema\/logo\/image\/"},"sameAs":["https:\/\/www.facebook.com\/folhadoleste","https:\/\/x.com\/FolhadoLesteRJ","https:\/\/www.instagram.com\/folhadoleste\/"]},{"@type":"Person","@id":"https:\/\/folhadoleste.com.br\/#\/schema\/person\/3e97145b2e1861276e84471aa85a3899","name":"Folha do Leste","image":{"@type":"ImageObject","inLanguage":"en-US","@id":"https:\/\/folhadoleste.com.br\/wp-content\/litespeed\/avatar\/1ca8c218432e7045e748610eb3db0259.jpg?ver=1777161142","url":"https:\/\/folhadoleste.com.br\/wp-content\/litespeed\/avatar\/1ca8c218432e7045e748610eb3db0259.jpg?ver=1777161142","contentUrl":"https:\/\/folhadoleste.com.br\/wp-content\/litespeed\/avatar\/1ca8c218432e7045e748610eb3db0259.jpg?ver=1777161142","caption":"Folha do Leste"},"url":"https:\/\/folhadoleste.com.br\/en\/author\/reportagem-01\/"}]}},"_links":{"self":[{"href":"https:\/\/folhadoleste.com.br\/en\/wp-json\/wp\/v2\/posts\/38771","targetHints":{"allow":["GET"]}}],"collection":[{"href":"https:\/\/folhadoleste.com.br\/en\/wp-json\/wp\/v2\/posts"}],"about":[{"href":"https:\/\/folhadoleste.com.br\/en\/wp-json\/wp\/v2\/types\/post"}],"author":[{"embeddable":true,"href":"https:\/\/folhadoleste.com.br\/en\/wp-json\/wp\/v2\/users\/4"}],"replies":[{"embeddable":true,"href":"https:\/\/folhadoleste.com.br\/en\/wp-json\/wp\/v2\/comments?post=38771"}],"version-history":[{"count":5,"href":"https:\/\/folhadoleste.com.br\/en\/wp-json\/wp\/v2\/posts\/38771\/revisions"}],"predecessor-version":[{"id":38842,"href":"https:\/\/folhadoleste.com.br\/en\/wp-json\/wp\/v2\/posts\/38771\/revisions\/38842"}],"wp:featuredmedia":[{"embeddable":true,"href":"https:\/\/folhadoleste.com.br\/en\/wp-json\/wp\/v2\/media\/38841"}],"wp:attachment":[{"href":"https:\/\/folhadoleste.com.br\/en\/wp-json\/wp\/v2\/media?parent=38771"}],"wp:term":[{"taxonomy":"category","embeddable":true,"href":"https:\/\/folhadoleste.com.br\/en\/wp-json\/wp\/v2\/categories?post=38771"},{"taxonomy":"post_tag","embeddable":true,"href":"https:\/\/folhadoleste.com.br\/en\/wp-json\/wp\/v2\/tags?post=38771"}],"curies":[{"name":"wp","href":"https:\/\/api.w.org\/{rel}","templated":true}]}}