{"id":38608,"date":"2023-12-05T09:40:03","date_gmt":"2023-12-05T12:40:03","guid":{"rendered":"https:\/\/folhadoleste.com.br\/?p=38608"},"modified":"2023-12-05T09:40:03","modified_gmt":"2023-12-05T12:40:03","slug":"niteroi-450-anos-nao-perca-o-bonde-da-historia","status":"publish","type":"post","link":"https:\/\/folhadoleste.com.br\/en\/niteroi-450-anos-nao-perca-o-bonde-da-historia\/","title":{"rendered":"Niter\u00f3i 450 anos: N\u00e3o perca o bonde da hist\u00f3ria"},"content":{"rendered":"<div id=\"attachment_38617\" style=\"width: 727px\" class=\"wp-caption aligncenter\"><img decoding=\"async\" aria-describedby=\"caption-attachment-38617\" class=\"size-full wp-image-38617\" src=\"https:\/\/folhadoleste.com.br\/wp-content\/uploads\/2023\/12\/Acervo-IHGN-3.jpeg\" alt=\"N\u00e3o perca o bonde da hist\u00f3ria\" width=\"717\" height=\"523\" \/><p id=\"caption-attachment-38617\" class=\"wp-caption-text\">Foto: Acervo\/IHGN<\/p><\/div>\n<p>Se n\u00e3o fossem os trilhos redescobertos anos atr\u00e1s, na Pra\u00e7a Leoni Ramos (Cantareira), talvez muitos niteroienses sequer imaginassem que, h\u00e1 v\u00e1rias d\u00e9cadas, as ruas eram tomadas pelos bondes. Al\u00e9m deles, outro meio de transporte que marcou \u00e9poca em Niter\u00f3i, no come\u00e7o da segunda metade do s\u00e9culo XX, foram os tr\u00f3lebus: \u00f4nibus conectados \u00e0 rede de alta tens\u00e3o, pela qual eram alimentados. Pois \u00e9, muito antes de se falar em eletrificar os transportes, Niter\u00f3i j\u00e1 era vanguardista.<\/p>\n<div id=\"attachment_38615\" style=\"width: 732px\" class=\"wp-caption aligncenter\"><img decoding=\"async\" aria-describedby=\"caption-attachment-38615\" class=\"size-full wp-image-38615\" src=\"https:\/\/folhadoleste.com.br\/wp-content\/uploads\/2023\/12\/Acervo-IHGN.jpeg\" alt=\"N\u00e3o perca o bonde da hist\u00f3ria\" width=\"722\" height=\"634\" \/><p id=\"caption-attachment-38615\" class=\"wp-caption-text\">Foto: Acervo\/IHGN<\/p><\/div>\n<p>De acordo com o Departamento de Preserva\u00e7\u00e3o do Patrim\u00f4nio Cultural (DePac), em 1871 os primeiros bondes surgiram na cidade de Niter\u00f3i, elevando-a \u00e0 posi\u00e7\u00e3o de s\u00e9tima cidade brasileira a contar com esse meio de transporte. A primeira concess\u00e3o foi explorada pelo tenente-coronel Jo\u00e3o Frederico Russel em janeiro de 1871. Em seguida, a Companhia de Ferro Carril Nictheroyense adquiriu a concess\u00e3o e, em agosto do mesmo ano, inaugurou a primeira linha de bondes. Essa linha partia da antiga esta\u00e7\u00e3o das barcas de S\u00e3o Domingos, onde hoje \u00e9 o Pr\u00e9dio da Cantareira, atravessava os bairros do Ing\u00e1 e Icara\u00ed, encerrando seu percurso junto ao Morro do Caval\u00e3o.<\/p>\n<p>\u00c0 medida que o tempo avan\u00e7ava, novas linhas eram constru\u00eddas, permitindo que v\u00e1rios pontos da cidade fossem atendidos por esse meio de transporte, como o Largo do Marr\u00e3o, Largo do Quartel, Viradouro, Santo Rosa, Canto do Rio, Cubango, entre outros. Posteriormente, a Ferro Carril adquiriu a empresa de Barcas Fluminenses.<\/p>\n<p>Ao longo dos anos seguintes, diferentes empresas assumiram a lideran\u00e7a das atividades, como os Trilhos Urbanos de Nictheroy (1877), a Companhia Carris Urbanos de Nictheroy (1883), a Empresa de Obras P\u00fablicas no Brasil (1889) e, finalmente, a Companhia Cantareira e Via\u00e7\u00e3o Fluminense, que, em 1892, foi encarregada de expandir a malha.<\/p>\n<div id=\"attachment_38616\" style=\"width: 647px\" class=\"wp-caption aligncenter\"><img decoding=\"async\" aria-describedby=\"caption-attachment-38616\" class=\"size-full wp-image-38616\" src=\"https:\/\/folhadoleste.com.br\/wp-content\/uploads\/2023\/12\/Acervo-Prefeitura-de-Niteroi.jpg\" alt=\"N\u00e3o perca o bonde da hist\u00f3ria\" width=\"637\" height=\"401\" \/><p id=\"caption-attachment-38616\" class=\"wp-caption-text\">Foto: Acervo\/Prefeitura de Niter\u00f3i<\/p><\/div>\n<p>Em 1905, sob a press\u00e3o de Nilo Pe\u00e7anha, ent\u00e3o presidente do Estado, a Companhia Cantareira realizou a transi\u00e7\u00e3o do sistema de tra\u00e7\u00e3o animal para a tra\u00e7\u00e3o el\u00e9trica, inaugurando o servi\u00e7o em 31 de outubro de 1906. Para viabilizar essa mudan\u00e7a, foi necess\u00e1rio montar uma usina geradora de eletricidade, juntamente com toda a infraestrutura de maquinaria, trilhos e fia\u00e7\u00e3o necess\u00e1ria para sustentar as transforma\u00e7\u00f5es urbanas. O antigo Abrigo de Bondes, localizado junto ao atual Supermercado Guanabara, foi constru\u00eddo para abrigar a usina e as oficinas de reparo dos ve\u00edculos.<\/p>\n<p>O servi\u00e7o continuou operando at\u00e9 a d\u00e9cada de 1960 e foi descontinuado devido \u00e0 obsolesc\u00eancia dos ve\u00edculos e pelo crescimento da demanda, pouco depois do in\u00edcio da opera\u00e7\u00e3o dos tr\u00f3lebus. Os \u00f4nibus el\u00e9tricos, que ficaram conhecido como &#8220;chifrudos&#8221;, tiveram vida curta. O sistema foi iniciado ainda na d\u00e9cada de 1950, em substitui\u00e7\u00e3o justamente a linhas de bondes, que come\u00e7avam a ser desativadas. No entanto, o alto custo operacional e de manuten\u00e7\u00e3o fez o tr\u00f3lebus ser extinto na cidade, em 1967. Dessa forma, os ve\u00edculos \u00e0 combust\u00e3o iniciaruam seu reinado solit\u00e1rio, que dura at\u00e9 os dias de hoje.<\/p>\n<h5>Mas&#8230;<\/h5>\n<div id=\"attachment_38612\" style=\"width: 1210px\" class=\"wp-caption aligncenter\"><img decoding=\"async\" aria-describedby=\"caption-attachment-38612\" class=\"size-full wp-image-38612\" src=\"https:\/\/folhadoleste.com.br\/wp-content\/uploads\/2023\/12\/Divulgacao-Prefeitura-de-Niteroi.jpg\" alt=\"N\u00e3o perca o bonde da hist\u00f3ria\" width=\"1200\" height=\"800\" \/><p id=\"caption-attachment-38612\" class=\"wp-caption-text\">Foto: Acervo\/Prefeitura de Niter\u00f3i<\/p><\/div>\n<p>Em 2021, o governo municipal realizou testes com um \u00f4nibus el\u00e9trico movido atrav\u00e9s de baterias ao inv\u00e9s dealiga\u00e7\u00e3o \u00e0 rede de alta tens\u00e3o. O experimento foi retomado em novembro de 2023. Existe o plano de lan\u00e7ar uma licita\u00e7\u00e3o para uma compra inicial de 40 \u00f4nibus el\u00e9tricos, o que corresponderia a 5% da frota atual de \u00f4nibus da cidade, ampliando depois para 10% o uso dos el\u00e9tricos. O projeto est\u00e1 em fase de estudo na Secretaria Municipal do Clima.<\/p>\n<p><a href=\"https:\/\/www.instagram.com\/folhadoleste\/\"><img decoding=\"async\" class=\"aligncenter wp-image-15962\" src=\"https:\/\/folhadoleste.com.br\/wp-content\/uploads\/2023\/07\/instagram.jpg.webp\" alt=\"Itaipu-Itaipua\u00e7u: Caminh\u00e3o causa grave acidente na RJ-102, a estrada da Serrinha\" width=\"49\" height=\"49\" \/><\/a><a href=\"https:\/\/www.facebook.com\/folhadoleste\"><img decoding=\"async\" class=\"aligncenter wp-image-7424\" src=\"https:\/\/folhadoleste.com.br\/wp-content\/uploads\/2023\/05\/facebook-logo-3-1.png.webp\" alt=\"Itaipu-Itaipua\u00e7u: Caminh\u00e3o causa grave acidente na RJ-102, a estrada da Serrinha\" width=\"49\" height=\"49\" \/><\/a><\/p>","protected":false},"excerpt":{"rendered":"<p>Se n\u00e3o fossem os trilhos redescobertos anos atr\u00e1s, na Pra\u00e7a Leoni Ramos (Cantareira), talvez muitos niteroienses sequer imaginassem que, h\u00e1 v\u00e1rias d\u00e9cadas, as ruas eram tomadas pelos bondes. Al\u00e9m deles, outro meio de transporte que marcou \u00e9poca em Niter\u00f3i, no come\u00e7o da segunda metade do s\u00e9culo XX, foram os tr\u00f3lebus: \u00f4nibus conectados \u00e0 rede de alta tens\u00e3o, pela qual eram alimentados. Pois \u00e9, muito antes de se falar em eletrificar os transportes, Niter\u00f3i j\u00e1 era vanguardista. De acordo com o Departamento de Preserva\u00e7\u00e3o do Patrim\u00f4nio Cultural (DePac), em 1871 os primeiros bondes surgiram na cidade de Niter\u00f3i, elevando-a \u00e0 posi\u00e7\u00e3o [&hellip;]<\/p>\n","protected":false},"author":4,"featured_media":38617,"comment_status":"open","ping_status":"open","sticky":false,"template":"","format":"standard","meta":{"footnotes":""},"categories":[5,14832],"tags":[15172,50,185,15173,12328],"class_list":["post-38608","post","type-post","status-publish","format-standard","has-post-thumbnail","hentry","category-noticias-de-niteroi","category-niteroi-450","tag-bondes","tag-niteroi","tag-transporte","tag-trolebus","tag-veiculos-eletricos","post--single"],"yoast_head":"<!-- This site is optimized with the Yoast SEO plugin v27.4 - https:\/\/yoast.com\/product\/yoast-seo-wordpress\/ -->\n<title>Niter\u00f3i 450 anos: N\u00e3o perca o bonde da hist\u00f3ria &#8226; Folha do Leste<\/title>\n<meta name=\"description\" content=\"Em anos passados, Niter\u00f3i era dominada por transportes el\u00e9tricos, como bondes e tr\u00f3lebus. No m\u00eas dos 450 anos, testes foram retomados.\" \/>\n<meta name=\"robots\" content=\"index, follow, max-snippet:-1, max-image-preview:large, max-video-preview:-1\" \/>\n<link rel=\"canonical\" href=\"https:\/\/folhadoleste.com.br\/en\/niteroi-450-anos-nao-perca-o-bonde-da-historia\/\" \/>\n<meta property=\"og:locale\" content=\"en_US\" \/>\n<meta property=\"og:type\" content=\"article\" \/>\n<meta property=\"og:title\" content=\"Niter\u00f3i 450 anos: N\u00e3o perca o bonde da hist\u00f3ria &#8226; Folha do Leste\" \/>\n<meta property=\"og:description\" content=\"Niter\u00f3i 450 &#8226; Folha do Leste\" \/>\n<meta property=\"og:url\" content=\"https:\/\/folhadoleste.com.br\/en\/niteroi-450-anos-nao-perca-o-bonde-da-historia\/\" \/>\n<meta property=\"og:site_name\" content=\"Folha do Leste\" \/>\n<meta property=\"article:publisher\" content=\"https:\/\/www.facebook.com\/folhadoleste\" \/>\n<meta property=\"article:published_time\" content=\"2023-12-05T12:40:03+00:00\" \/>\n<meta property=\"og:image\" content=\"https:\/\/folhadoleste.com.br\/wp-content\/uploads\/2023\/12\/Acervo-IHGN-3.jpeg\" \/>\n\t<meta property=\"og:image:width\" content=\"717\" \/>\n\t<meta property=\"og:image:height\" content=\"523\" \/>\n\t<meta property=\"og:image:type\" content=\"image\/jpeg\" \/>\n<meta name=\"author\" content=\"Folha do Leste\" \/>\n<meta name=\"twitter:card\" content=\"summary_large_image\" \/>\n<meta name=\"twitter:creator\" content=\"@FolhadoLesteRJ\" \/>\n<meta name=\"twitter:site\" content=\"@FolhadoLesteRJ\" \/>\n<meta name=\"twitter:label1\" content=\"Written by\" \/>\n\t<meta name=\"twitter:data1\" content=\"Folha do Leste\" \/>\n\t<meta name=\"twitter:label2\" content=\"Est. reading time\" \/>\n\t<meta name=\"twitter:data2\" content=\"5 minutes\" \/>\n<script type=\"application\/ld+json\" class=\"yoast-schema-graph\">{\"@context\":\"https:\\\/\\\/schema.org\",\"@graph\":[{\"@type\":\"NewsArticle\",\"@id\":\"https:\\\/\\\/folhadoleste.com.br\\\/niteroi-450-anos-nao-perca-o-bonde-da-historia\\\/#article\",\"isPartOf\":{\"@id\":\"https:\\\/\\\/folhadoleste.com.br\\\/niteroi-450-anos-nao-perca-o-bonde-da-historia\\\/\"},\"author\":{\"name\":\"Folha do Leste\",\"@id\":\"https:\\\/\\\/folhadoleste.com.br\\\/#\\\/schema\\\/person\\\/3e97145b2e1861276e84471aa85a3899\"},\"headline\":\"Niter\u00f3i 450 anos: N\u00e3o perca o bonde da hist\u00f3ria\",\"datePublished\":\"2023-12-05T12:40:03+00:00\",\"mainEntityOfPage\":{\"@id\":\"https:\\\/\\\/folhadoleste.com.br\\\/niteroi-450-anos-nao-perca-o-bonde-da-historia\\\/\"},\"wordCount\":649,\"commentCount\":0,\"publisher\":{\"@id\":\"https:\\\/\\\/folhadoleste.com.br\\\/#organization\"},\"image\":{\"@id\":\"https:\\\/\\\/folhadoleste.com.br\\\/niteroi-450-anos-nao-perca-o-bonde-da-historia\\\/#primaryimage\"},\"thumbnailUrl\":\"https:\\\/\\\/folhadoleste.com.br\\\/wp-content\\\/uploads\\\/2023\\\/12\\\/Acervo-IHGN-3.jpeg\",\"keywords\":[\"bondes\",\"Niter\u00f3i\",\"transporte\",\"tr\u00f3lebus\",\"Ve\u00edculos eletricos\"],\"articleSection\":[\"Niter\u00f3i\",\"Niter\u00f3i 450\"],\"inLanguage\":\"en-US\",\"potentialAction\":[{\"@type\":\"CommentAction\",\"name\":\"Comment\",\"target\":[\"https:\\\/\\\/folhadoleste.com.br\\\/niteroi-450-anos-nao-perca-o-bonde-da-historia\\\/#respond\"]}]},{\"@type\":\"WebPage\",\"@id\":\"https:\\\/\\\/folhadoleste.com.br\\\/niteroi-450-anos-nao-perca-o-bonde-da-historia\\\/\",\"url\":\"https:\\\/\\\/folhadoleste.com.br\\\/niteroi-450-anos-nao-perca-o-bonde-da-historia\\\/\",\"name\":\"Niter\u00f3i 450 anos: N\u00e3o perca o bonde da hist\u00f3ria &#8226; Folha do Leste\",\"isPartOf\":{\"@id\":\"https:\\\/\\\/folhadoleste.com.br\\\/#website\"},\"primaryImageOfPage\":{\"@id\":\"https:\\\/\\\/folhadoleste.com.br\\\/niteroi-450-anos-nao-perca-o-bonde-da-historia\\\/#primaryimage\"},\"image\":{\"@id\":\"https:\\\/\\\/folhadoleste.com.br\\\/niteroi-450-anos-nao-perca-o-bonde-da-historia\\\/#primaryimage\"},\"thumbnailUrl\":\"https:\\\/\\\/folhadoleste.com.br\\\/wp-content\\\/uploads\\\/2023\\\/12\\\/Acervo-IHGN-3.jpeg\",\"datePublished\":\"2023-12-05T12:40:03+00:00\",\"description\":\"Em anos passados, Niter\u00f3i era dominada por transportes el\u00e9tricos, como bondes e tr\u00f3lebus. No m\u00eas dos 450 anos, testes foram retomados.\",\"breadcrumb\":{\"@id\":\"https:\\\/\\\/folhadoleste.com.br\\\/niteroi-450-anos-nao-perca-o-bonde-da-historia\\\/#breadcrumb\"},\"inLanguage\":\"en-US\",\"potentialAction\":[{\"@type\":\"ReadAction\",\"target\":[\"https:\\\/\\\/folhadoleste.com.br\\\/niteroi-450-anos-nao-perca-o-bonde-da-historia\\\/\"]}]},{\"@type\":\"ImageObject\",\"inLanguage\":\"en-US\",\"@id\":\"https:\\\/\\\/folhadoleste.com.br\\\/niteroi-450-anos-nao-perca-o-bonde-da-historia\\\/#primaryimage\",\"url\":\"https:\\\/\\\/folhadoleste.com.br\\\/wp-content\\\/uploads\\\/2023\\\/12\\\/Acervo-IHGN-3.jpeg\",\"contentUrl\":\"https:\\\/\\\/folhadoleste.com.br\\\/wp-content\\\/uploads\\\/2023\\\/12\\\/Acervo-IHGN-3.jpeg\",\"width\":717,\"height\":523,\"caption\":\"Foto: Acervo\\\/IHGN\"},{\"@type\":\"BreadcrumbList\",\"@id\":\"https:\\\/\\\/folhadoleste.com.br\\\/niteroi-450-anos-nao-perca-o-bonde-da-historia\\\/#breadcrumb\",\"itemListElement\":[{\"@type\":\"ListItem\",\"position\":1,\"name\":\"In\u00edcio\",\"item\":\"https:\\\/\\\/folhadoleste.com.br\\\/\"},{\"@type\":\"ListItem\",\"position\":2,\"name\":\"Niter\u00f3i 450\",\"item\":\"https:\\\/\\\/folhadoleste.com.br\\\/category\\\/niteroi-450\\\/\"},{\"@type\":\"ListItem\",\"position\":3,\"name\":\"Niter\u00f3i 450 anos: N\u00e3o perca o bonde da hist\u00f3ria\"}]},{\"@type\":\"WebSite\",\"@id\":\"https:\\\/\\\/folhadoleste.com.br\\\/#website\",\"url\":\"https:\\\/\\\/folhadoleste.com.br\\\/\",\"name\":\"Folha do Leste\",\"description\":\"Portal de Not\u00edcias com \u00eanfase em Niter\u00f3i, criando conte\u00fados desde a capital Rio de Janeiro, com olhar para o Leste Fluminense e suas cidades como S\u00e3o Gon\u00e7alo, Itabora\u00ed, Rio Bonito, Maric\u00e1, Saquarema e Araruama\",\"publisher\":{\"@id\":\"https:\\\/\\\/folhadoleste.com.br\\\/#organization\"},\"alternateName\":\"FL\",\"potentialAction\":[{\"@type\":\"SearchAction\",\"target\":{\"@type\":\"EntryPoint\",\"urlTemplate\":\"https:\\\/\\\/folhadoleste.com.br\\\/?s={search_term_string}\"},\"query-input\":{\"@type\":\"PropertyValueSpecification\",\"valueRequired\":true,\"valueName\":\"search_term_string\"}}],\"inLanguage\":\"en-US\"},{\"@type\":\"Organization\",\"@id\":\"https:\\\/\\\/folhadoleste.com.br\\\/#organization\",\"name\":\"Brasil 21 Comunica\u00e7\u00e3o\",\"alternateName\":\"BR21\",\"url\":\"https:\\\/\\\/folhadoleste.com.br\\\/\",\"logo\":{\"@type\":\"ImageObject\",\"inLanguage\":\"en-US\",\"@id\":\"https:\\\/\\\/folhadoleste.com.br\\\/#\\\/schema\\\/logo\\\/image\\\/\",\"url\":\"https:\\\/\\\/folhadoleste.com.br\\\/wp-content\\\/uploads\\\/2025\\\/12\\\/brasil-21-logomarca.avif\",\"contentUrl\":\"https:\\\/\\\/folhadoleste.com.br\\\/wp-content\\\/uploads\\\/2025\\\/12\\\/brasil-21-logomarca.avif\",\"width\":1044,\"height\":1044,\"caption\":\"Brasil 21 Comunica\u00e7\u00e3o\"},\"image\":{\"@id\":\"https:\\\/\\\/folhadoleste.com.br\\\/#\\\/schema\\\/logo\\\/image\\\/\"},\"sameAs\":[\"https:\\\/\\\/www.facebook.com\\\/folhadoleste\",\"https:\\\/\\\/x.com\\\/FolhadoLesteRJ\",\"https:\\\/\\\/www.instagram.com\\\/folhadoleste\\\/\"]},{\"@type\":\"Person\",\"@id\":\"https:\\\/\\\/folhadoleste.com.br\\\/#\\\/schema\\\/person\\\/3e97145b2e1861276e84471aa85a3899\",\"name\":\"Folha do Leste\",\"image\":{\"@type\":\"ImageObject\",\"inLanguage\":\"en-US\",\"@id\":\"https:\\\/\\\/folhadoleste.com.br\\\/wp-content\\\/litespeed\\\/avatar\\\/1ca8c218432e7045e748610eb3db0259.jpg?ver=1777161142\",\"url\":\"https:\\\/\\\/folhadoleste.com.br\\\/wp-content\\\/litespeed\\\/avatar\\\/1ca8c218432e7045e748610eb3db0259.jpg?ver=1777161142\",\"contentUrl\":\"https:\\\/\\\/folhadoleste.com.br\\\/wp-content\\\/litespeed\\\/avatar\\\/1ca8c218432e7045e748610eb3db0259.jpg?ver=1777161142\",\"caption\":\"Folha do Leste\"},\"url\":\"https:\\\/\\\/folhadoleste.com.br\\\/en\\\/author\\\/reportagem-01\\\/\"}]}<\/script>\n<!-- \/ Yoast SEO plugin. -->","yoast_head_json":{"title":"Niter\u00f3i 450 anos: N\u00e3o perca o bonde da hist\u00f3ria &#8226; Folha do Leste","description":"Em anos passados, Niter\u00f3i era dominada por transportes el\u00e9tricos, como bondes e tr\u00f3lebus. No m\u00eas dos 450 anos, testes foram retomados.","robots":{"index":"index","follow":"follow","max-snippet":"max-snippet:-1","max-image-preview":"max-image-preview:large","max-video-preview":"max-video-preview:-1"},"canonical":"https:\/\/folhadoleste.com.br\/en\/niteroi-450-anos-nao-perca-o-bonde-da-historia\/","og_locale":"en_US","og_type":"article","og_title":"Niter\u00f3i 450 anos: N\u00e3o perca o bonde da hist\u00f3ria &#8226; Folha do Leste","og_description":"Niter\u00f3i 450 &#8226; Folha do Leste","og_url":"https:\/\/folhadoleste.com.br\/en\/niteroi-450-anos-nao-perca-o-bonde-da-historia\/","og_site_name":"Folha do Leste","article_publisher":"https:\/\/www.facebook.com\/folhadoleste","article_published_time":"2023-12-05T12:40:03+00:00","og_image":[{"width":717,"height":523,"url":"https:\/\/folhadoleste.com.br\/wp-content\/uploads\/2023\/12\/Acervo-IHGN-3.jpeg","type":"image\/jpeg"}],"author":"Folha do Leste","twitter_card":"summary_large_image","twitter_creator":"@FolhadoLesteRJ","twitter_site":"@FolhadoLesteRJ","twitter_misc":{"Written by":"Folha do Leste","Est. reading time":"5 minutes"},"schema":{"@context":"https:\/\/schema.org","@graph":[{"@type":"NewsArticle","@id":"https:\/\/folhadoleste.com.br\/niteroi-450-anos-nao-perca-o-bonde-da-historia\/#article","isPartOf":{"@id":"https:\/\/folhadoleste.com.br\/niteroi-450-anos-nao-perca-o-bonde-da-historia\/"},"author":{"name":"Folha do Leste","@id":"https:\/\/folhadoleste.com.br\/#\/schema\/person\/3e97145b2e1861276e84471aa85a3899"},"headline":"Niter\u00f3i 450 anos: N\u00e3o perca o bonde da hist\u00f3ria","datePublished":"2023-12-05T12:40:03+00:00","mainEntityOfPage":{"@id":"https:\/\/folhadoleste.com.br\/niteroi-450-anos-nao-perca-o-bonde-da-historia\/"},"wordCount":649,"commentCount":0,"publisher":{"@id":"https:\/\/folhadoleste.com.br\/#organization"},"image":{"@id":"https:\/\/folhadoleste.com.br\/niteroi-450-anos-nao-perca-o-bonde-da-historia\/#primaryimage"},"thumbnailUrl":"https:\/\/folhadoleste.com.br\/wp-content\/uploads\/2023\/12\/Acervo-IHGN-3.jpeg","keywords":["bondes","Niter\u00f3i","transporte","tr\u00f3lebus","Ve\u00edculos eletricos"],"articleSection":["Niter\u00f3i","Niter\u00f3i 450"],"inLanguage":"en-US","potentialAction":[{"@type":"CommentAction","name":"Comment","target":["https:\/\/folhadoleste.com.br\/niteroi-450-anos-nao-perca-o-bonde-da-historia\/#respond"]}]},{"@type":"WebPage","@id":"https:\/\/folhadoleste.com.br\/niteroi-450-anos-nao-perca-o-bonde-da-historia\/","url":"https:\/\/folhadoleste.com.br\/niteroi-450-anos-nao-perca-o-bonde-da-historia\/","name":"Niter\u00f3i 450 anos: N\u00e3o perca o bonde da hist\u00f3ria &#8226; Folha do Leste","isPartOf":{"@id":"https:\/\/folhadoleste.com.br\/#website"},"primaryImageOfPage":{"@id":"https:\/\/folhadoleste.com.br\/niteroi-450-anos-nao-perca-o-bonde-da-historia\/#primaryimage"},"image":{"@id":"https:\/\/folhadoleste.com.br\/niteroi-450-anos-nao-perca-o-bonde-da-historia\/#primaryimage"},"thumbnailUrl":"https:\/\/folhadoleste.com.br\/wp-content\/uploads\/2023\/12\/Acervo-IHGN-3.jpeg","datePublished":"2023-12-05T12:40:03+00:00","description":"Em anos passados, Niter\u00f3i era dominada por transportes el\u00e9tricos, como bondes e tr\u00f3lebus. No m\u00eas dos 450 anos, testes foram retomados.","breadcrumb":{"@id":"https:\/\/folhadoleste.com.br\/niteroi-450-anos-nao-perca-o-bonde-da-historia\/#breadcrumb"},"inLanguage":"en-US","potentialAction":[{"@type":"ReadAction","target":["https:\/\/folhadoleste.com.br\/niteroi-450-anos-nao-perca-o-bonde-da-historia\/"]}]},{"@type":"ImageObject","inLanguage":"en-US","@id":"https:\/\/folhadoleste.com.br\/niteroi-450-anos-nao-perca-o-bonde-da-historia\/#primaryimage","url":"https:\/\/folhadoleste.com.br\/wp-content\/uploads\/2023\/12\/Acervo-IHGN-3.jpeg","contentUrl":"https:\/\/folhadoleste.com.br\/wp-content\/uploads\/2023\/12\/Acervo-IHGN-3.jpeg","width":717,"height":523,"caption":"Foto: Acervo\/IHGN"},{"@type":"BreadcrumbList","@id":"https:\/\/folhadoleste.com.br\/niteroi-450-anos-nao-perca-o-bonde-da-historia\/#breadcrumb","itemListElement":[{"@type":"ListItem","position":1,"name":"In\u00edcio","item":"https:\/\/folhadoleste.com.br\/"},{"@type":"ListItem","position":2,"name":"Niter\u00f3i 450","item":"https:\/\/folhadoleste.com.br\/category\/niteroi-450\/"},{"@type":"ListItem","position":3,"name":"Niter\u00f3i 450 anos: N\u00e3o perca o bonde da hist\u00f3ria"}]},{"@type":"WebSite","@id":"https:\/\/folhadoleste.com.br\/#website","url":"https:\/\/folhadoleste.com.br\/","name":"Folha do Leste","description":"Portal de Not\u00edcias com \u00eanfase em Niter\u00f3i, criando conte\u00fados desde a capital Rio de Janeiro, com olhar para o Leste Fluminense e suas cidades como S\u00e3o Gon\u00e7alo, Itabora\u00ed, Rio Bonito, Maric\u00e1, Saquarema e Araruama","publisher":{"@id":"https:\/\/folhadoleste.com.br\/#organization"},"alternateName":"FL","potentialAction":[{"@type":"SearchAction","target":{"@type":"EntryPoint","urlTemplate":"https:\/\/folhadoleste.com.br\/?s={search_term_string}"},"query-input":{"@type":"PropertyValueSpecification","valueRequired":true,"valueName":"search_term_string"}}],"inLanguage":"en-US"},{"@type":"Organization","@id":"https:\/\/folhadoleste.com.br\/#organization","name":"Brasil 21 Comunica\u00e7\u00e3o","alternateName":"BR21","url":"https:\/\/folhadoleste.com.br\/","logo":{"@type":"ImageObject","inLanguage":"en-US","@id":"https:\/\/folhadoleste.com.br\/#\/schema\/logo\/image\/","url":"https:\/\/folhadoleste.com.br\/wp-content\/uploads\/2025\/12\/brasil-21-logomarca.avif","contentUrl":"https:\/\/folhadoleste.com.br\/wp-content\/uploads\/2025\/12\/brasil-21-logomarca.avif","width":1044,"height":1044,"caption":"Brasil 21 Comunica\u00e7\u00e3o"},"image":{"@id":"https:\/\/folhadoleste.com.br\/#\/schema\/logo\/image\/"},"sameAs":["https:\/\/www.facebook.com\/folhadoleste","https:\/\/x.com\/FolhadoLesteRJ","https:\/\/www.instagram.com\/folhadoleste\/"]},{"@type":"Person","@id":"https:\/\/folhadoleste.com.br\/#\/schema\/person\/3e97145b2e1861276e84471aa85a3899","name":"Folha do Leste","image":{"@type":"ImageObject","inLanguage":"en-US","@id":"https:\/\/folhadoleste.com.br\/wp-content\/litespeed\/avatar\/1ca8c218432e7045e748610eb3db0259.jpg?ver=1777161142","url":"https:\/\/folhadoleste.com.br\/wp-content\/litespeed\/avatar\/1ca8c218432e7045e748610eb3db0259.jpg?ver=1777161142","contentUrl":"https:\/\/folhadoleste.com.br\/wp-content\/litespeed\/avatar\/1ca8c218432e7045e748610eb3db0259.jpg?ver=1777161142","caption":"Folha do Leste"},"url":"https:\/\/folhadoleste.com.br\/en\/author\/reportagem-01\/"}]}},"_links":{"self":[{"href":"https:\/\/folhadoleste.com.br\/en\/wp-json\/wp\/v2\/posts\/38608","targetHints":{"allow":["GET"]}}],"collection":[{"href":"https:\/\/folhadoleste.com.br\/en\/wp-json\/wp\/v2\/posts"}],"about":[{"href":"https:\/\/folhadoleste.com.br\/en\/wp-json\/wp\/v2\/types\/post"}],"author":[{"embeddable":true,"href":"https:\/\/folhadoleste.com.br\/en\/wp-json\/wp\/v2\/users\/4"}],"replies":[{"embeddable":true,"href":"https:\/\/folhadoleste.com.br\/en\/wp-json\/wp\/v2\/comments?post=38608"}],"version-history":[{"count":1,"href":"https:\/\/folhadoleste.com.br\/en\/wp-json\/wp\/v2\/posts\/38608\/revisions"}],"predecessor-version":[{"id":38619,"href":"https:\/\/folhadoleste.com.br\/en\/wp-json\/wp\/v2\/posts\/38608\/revisions\/38619"}],"wp:featuredmedia":[{"embeddable":true,"href":"https:\/\/folhadoleste.com.br\/en\/wp-json\/wp\/v2\/media\/38617"}],"wp:attachment":[{"href":"https:\/\/folhadoleste.com.br\/en\/wp-json\/wp\/v2\/media?parent=38608"}],"wp:term":[{"taxonomy":"category","embeddable":true,"href":"https:\/\/folhadoleste.com.br\/en\/wp-json\/wp\/v2\/categories?post=38608"},{"taxonomy":"post_tag","embeddable":true,"href":"https:\/\/folhadoleste.com.br\/en\/wp-json\/wp\/v2\/tags?post=38608"}],"curies":[{"name":"wp","href":"https:\/\/api.w.org\/{rel}","templated":true}]}}