{"id":37989,"date":"2023-12-01T09:44:48","date_gmt":"2023-12-01T12:44:48","guid":{"rendered":"https:\/\/folhadoleste.com.br\/?p=37989"},"modified":"2023-12-01T09:44:48","modified_gmt":"2023-12-01T12:44:48","slug":"prefeitura-do-rio-autoriza-tarifa-2-para-taxistas-em-dezembro","status":"publish","type":"post","link":"https:\/\/folhadoleste.com.br\/en\/prefeitura-do-rio-autoriza-tarifa-2-para-taxistas-em-dezembro\/","title":{"rendered":"Prefeitura do Rio autoriza tarifa 2 para taxistas em dezembro"},"content":{"rendered":"<div id=\"attachment_37993\" style=\"width: 809px\" class=\"wp-caption aligncenter\"><img decoding=\"async\" aria-describedby=\"caption-attachment-37993\" class=\"size-full wp-image-37993\" src=\"https:\/\/folhadoleste.com.br\/wp-content\/uploads\/2023\/12\/Prefeitura-do-Rio-autoriza-tarifa-2-para-taxistas-em-dezembro-Foto-Fabio-Motta-Prefeitura-do-Rio.jpg\" alt=\"Prefeitura do Rio autoriza tarifa 2 para taxistas em dezembro\" width=\"799\" height=\"533\" \/><p id=\"caption-attachment-37993\" class=\"wp-caption-text\">Foto: Fabio Motta &#8211; Prefeitura do Rio<\/p><\/div>\n<p>A Prefeitura do Rio, por meio da Secretaria Municipal de Transportes (SMTR), publicou no Di\u00e1rio Oficial, nesta sexta-feira (1\u00ba\/12), uma resolu\u00e7\u00e3o que autoriza os t\u00e1xis a usarem a tarifa 2 no munic\u00edpio durante todo o m\u00eas de dezembro.<\/p>\n<h4><a href=\"https:\/\/folhadoleste.com.br\/en\/category\/rio-de-janeiro-capital\/\"><strong>\u201cLeia mais not\u00edcias sobre Rio de Janeiro aqui\u201d<\/strong><\/a><\/h4>\n<p>A medida, de praxe todos os anos, entra em vigor a partir das 21h do desta sexta-feira (1\u00ba\/12)\u00a0 at\u00e9 as 21h do domingo (31\/12). O valor da quilometragem da tarifa 2 \u00e9 de R$ 3,84 e o da tarifa 1 \u00e9 de R$ 3,20.<\/p>\n<p>A SMTR tamb\u00e9m autoriza a utiliza\u00e7\u00e3o de ilumina\u00e7\u00e3o natalina nos t\u00e1xis convencionais, no per\u00edodo de 1\u00ba de dezembro de 2023 a 6 de janeiro de 2024.<\/p>\n<p>&nbsp;<\/p>\n<p><a href=\"https:\/\/www.instagram.com\/folhadoleste\/\"><img decoding=\"async\" class=\"aligncenter wp-image-15962\" src=\"https:\/\/folhadoleste.com.br\/wp-content\/uploads\/2023\/07\/instagram.jpg.webp\" alt=\"Itaipu-Itaipua\u00e7u: Caminh\u00e3o causa grave acidente na RJ-102, a estrada da Serrinha\" width=\"49\" height=\"49\" \/><\/a><a href=\"https:\/\/www.facebook.com\/folhadoleste\"><img decoding=\"async\" class=\"aligncenter wp-image-7424\" src=\"https:\/\/folhadoleste.com.br\/wp-content\/uploads\/2023\/05\/facebook-logo-3-1.png.webp\" alt=\"Itaipu-Itaipua\u00e7u: Caminh\u00e3o causa grave acidente na RJ-102, a estrada da Serrinha\" width=\"49\" height=\"49\" \/><\/a><\/p>","protected":false},"excerpt":{"rendered":"<p>A Prefeitura do Rio, por meio da Secretaria Municipal de Transportes (SMTR), publicou no Di\u00e1rio Oficial, nesta sexta-feira (1\u00ba\/12), uma resolu\u00e7\u00e3o que autoriza os t\u00e1xis a usarem a tarifa 2 no munic\u00edpio durante todo o m\u00eas de dezembro. \u201cLeia mais not\u00edcias sobre Rio de Janeiro aqui\u201d A medida, de praxe todos os anos, entra em vigor a partir das 21h do desta sexta-feira (1\u00ba\/12)\u00a0 at\u00e9 as 21h do domingo (31\/12). O valor da quilometragem da tarifa 2 \u00e9 de R$ 3,84 e o da tarifa 1 \u00e9 de R$ 3,20. A SMTR tamb\u00e9m autoriza a utiliza\u00e7\u00e3o de ilumina\u00e7\u00e3o natalina nos [&hellip;]<\/p>\n","protected":false},"author":4,"featured_media":37993,"comment_status":"open","ping_status":"open","sticky":false,"template":"","format":"standard","meta":{"footnotes":""},"categories":[67],"tags":[11866,9889,93,15001,10179,15002,185],"class_list":["post-37989","post","type-post","status-publish","format-standard","has-post-thumbnail","hentry","category-rio-de-janeiro-capital","tag-dezembro","tag-natal","tag-rio-de-janeiro","tag-tarifa-2","tag-taxi","tag-taxista","tag-transporte","post--single"],"yoast_head":"<!-- This site is optimized with the Yoast SEO plugin v27.4 - https:\/\/yoast.com\/product\/yoast-seo-wordpress\/ -->\n<title>Prefeitura do Rio autoriza tarifa 2 para taxistas em dezembro &#8226; Folha do Leste<\/title>\n<meta name=\"description\" content=\"Prefeitura do Rio autoriza tarifa 2 para taxistas em dezembro...\" \/>\n<meta name=\"robots\" content=\"index, follow, max-snippet:-1, max-image-preview:large, max-video-preview:-1\" \/>\n<link rel=\"canonical\" href=\"https:\/\/folhadoleste.com.br\/en\/prefeitura-do-rio-autoriza-tarifa-2-para-taxistas-em-dezembro\/\" \/>\n<meta property=\"og:locale\" content=\"en_US\" \/>\n<meta property=\"og:type\" content=\"article\" \/>\n<meta property=\"og:title\" content=\"Prefeitura do Rio autoriza tarifa 2 para taxistas em dezembro &#8226; Folha do Leste\" \/>\n<meta property=\"og:description\" content=\"Rio de Janeiro - Capital &#8226; Folha do Leste\" \/>\n<meta property=\"og:url\" content=\"https:\/\/folhadoleste.com.br\/en\/prefeitura-do-rio-autoriza-tarifa-2-para-taxistas-em-dezembro\/\" \/>\n<meta property=\"og:site_name\" content=\"Folha do Leste\" \/>\n<meta property=\"article:publisher\" content=\"https:\/\/www.facebook.com\/folhadoleste\" \/>\n<meta property=\"article:published_time\" content=\"2023-12-01T12:44:48+00:00\" \/>\n<meta property=\"og:image\" content=\"https:\/\/folhadoleste.com.br\/wp-content\/uploads\/2023\/12\/Prefeitura-do-Rio-autoriza-tarifa-2-para-taxistas-em-dezembro-Foto-Fabio-Motta-Prefeitura-do-Rio.jpg\" \/>\n\t<meta property=\"og:image:width\" content=\"799\" \/>\n\t<meta property=\"og:image:height\" content=\"533\" \/>\n\t<meta property=\"og:image:type\" content=\"image\/jpeg\" \/>\n<meta name=\"author\" content=\"Folha do Leste\" \/>\n<meta name=\"twitter:card\" content=\"summary_large_image\" \/>\n<meta name=\"twitter:creator\" content=\"@FolhadoLesteRJ\" \/>\n<meta name=\"twitter:site\" content=\"@FolhadoLesteRJ\" \/>\n<meta name=\"twitter:label1\" content=\"Written by\" \/>\n\t<meta name=\"twitter:data1\" content=\"Folha do Leste\" \/>\n\t<meta name=\"twitter:label2\" content=\"Est. reading time\" \/>\n\t<meta name=\"twitter:data2\" content=\"2 minutes\" \/>\n<script type=\"application\/ld+json\" class=\"yoast-schema-graph\">{\"@context\":\"https:\\\/\\\/schema.org\",\"@graph\":[{\"@type\":\"NewsArticle\",\"@id\":\"https:\\\/\\\/folhadoleste.com.br\\\/prefeitura-do-rio-autoriza-tarifa-2-para-taxistas-em-dezembro\\\/#article\",\"isPartOf\":{\"@id\":\"https:\\\/\\\/folhadoleste.com.br\\\/prefeitura-do-rio-autoriza-tarifa-2-para-taxistas-em-dezembro\\\/\"},\"author\":{\"name\":\"Folha do Leste\",\"@id\":\"https:\\\/\\\/folhadoleste.com.br\\\/#\\\/schema\\\/person\\\/3e97145b2e1861276e84471aa85a3899\"},\"headline\":\"Prefeitura do Rio autoriza tarifa 2 para taxistas em dezembro\",\"datePublished\":\"2023-12-01T12:44:48+00:00\",\"mainEntityOfPage\":{\"@id\":\"https:\\\/\\\/folhadoleste.com.br\\\/prefeitura-do-rio-autoriza-tarifa-2-para-taxistas-em-dezembro\\\/\"},\"wordCount\":137,\"commentCount\":0,\"publisher\":{\"@id\":\"https:\\\/\\\/folhadoleste.com.br\\\/#organization\"},\"image\":{\"@id\":\"https:\\\/\\\/folhadoleste.com.br\\\/prefeitura-do-rio-autoriza-tarifa-2-para-taxistas-em-dezembro\\\/#primaryimage\"},\"thumbnailUrl\":\"https:\\\/\\\/folhadoleste.com.br\\\/wp-content\\\/uploads\\\/2023\\\/12\\\/Prefeitura-do-Rio-autoriza-tarifa-2-para-taxistas-em-dezembro-Foto-Fabio-Motta-Prefeitura-do-Rio.jpg\",\"keywords\":[\"dezembro\",\"Natal\",\"Rio de Janeiro\",\"Tarifa 2\",\"tax\u00ed\",\"Taxista\",\"transporte\"],\"articleSection\":[\"Rio de Janeiro - Capital\"],\"inLanguage\":\"en-US\",\"potentialAction\":[{\"@type\":\"CommentAction\",\"name\":\"Comment\",\"target\":[\"https:\\\/\\\/folhadoleste.com.br\\\/prefeitura-do-rio-autoriza-tarifa-2-para-taxistas-em-dezembro\\\/#respond\"]}]},{\"@type\":\"WebPage\",\"@id\":\"https:\\\/\\\/folhadoleste.com.br\\\/prefeitura-do-rio-autoriza-tarifa-2-para-taxistas-em-dezembro\\\/\",\"url\":\"https:\\\/\\\/folhadoleste.com.br\\\/prefeitura-do-rio-autoriza-tarifa-2-para-taxistas-em-dezembro\\\/\",\"name\":\"Prefeitura do Rio autoriza tarifa 2 para taxistas em dezembro &#8226; Folha do Leste\",\"isPartOf\":{\"@id\":\"https:\\\/\\\/folhadoleste.com.br\\\/#website\"},\"primaryImageOfPage\":{\"@id\":\"https:\\\/\\\/folhadoleste.com.br\\\/prefeitura-do-rio-autoriza-tarifa-2-para-taxistas-em-dezembro\\\/#primaryimage\"},\"image\":{\"@id\":\"https:\\\/\\\/folhadoleste.com.br\\\/prefeitura-do-rio-autoriza-tarifa-2-para-taxistas-em-dezembro\\\/#primaryimage\"},\"thumbnailUrl\":\"https:\\\/\\\/folhadoleste.com.br\\\/wp-content\\\/uploads\\\/2023\\\/12\\\/Prefeitura-do-Rio-autoriza-tarifa-2-para-taxistas-em-dezembro-Foto-Fabio-Motta-Prefeitura-do-Rio.jpg\",\"datePublished\":\"2023-12-01T12:44:48+00:00\",\"description\":\"Prefeitura do Rio autoriza tarifa 2 para taxistas em dezembro...\",\"breadcrumb\":{\"@id\":\"https:\\\/\\\/folhadoleste.com.br\\\/prefeitura-do-rio-autoriza-tarifa-2-para-taxistas-em-dezembro\\\/#breadcrumb\"},\"inLanguage\":\"en-US\",\"potentialAction\":[{\"@type\":\"ReadAction\",\"target\":[\"https:\\\/\\\/folhadoleste.com.br\\\/prefeitura-do-rio-autoriza-tarifa-2-para-taxistas-em-dezembro\\\/\"]}]},{\"@type\":\"ImageObject\",\"inLanguage\":\"en-US\",\"@id\":\"https:\\\/\\\/folhadoleste.com.br\\\/prefeitura-do-rio-autoriza-tarifa-2-para-taxistas-em-dezembro\\\/#primaryimage\",\"url\":\"https:\\\/\\\/folhadoleste.com.br\\\/wp-content\\\/uploads\\\/2023\\\/12\\\/Prefeitura-do-Rio-autoriza-tarifa-2-para-taxistas-em-dezembro-Foto-Fabio-Motta-Prefeitura-do-Rio.jpg\",\"contentUrl\":\"https:\\\/\\\/folhadoleste.com.br\\\/wp-content\\\/uploads\\\/2023\\\/12\\\/Prefeitura-do-Rio-autoriza-tarifa-2-para-taxistas-em-dezembro-Foto-Fabio-Motta-Prefeitura-do-Rio.jpg\",\"width\":799,\"height\":533,\"caption\":\"Taxista \u00e9 presa em Ipanema por cobrar valor abusivo de corrida | Fabio Motta\\\/Prefeitura do Rio\"},{\"@type\":\"BreadcrumbList\",\"@id\":\"https:\\\/\\\/folhadoleste.com.br\\\/prefeitura-do-rio-autoriza-tarifa-2-para-taxistas-em-dezembro\\\/#breadcrumb\",\"itemListElement\":[{\"@type\":\"ListItem\",\"position\":1,\"name\":\"In\u00edcio\",\"item\":\"https:\\\/\\\/folhadoleste.com.br\\\/\"},{\"@type\":\"ListItem\",\"position\":2,\"name\":\"Rio de Janeiro - Capital\",\"item\":\"https:\\\/\\\/folhadoleste.com.br\\\/category\\\/rio-de-janeiro-capital\\\/\"},{\"@type\":\"ListItem\",\"position\":3,\"name\":\"Prefeitura do Rio autoriza tarifa 2 para taxistas em dezembro\"}]},{\"@type\":\"WebSite\",\"@id\":\"https:\\\/\\\/folhadoleste.com.br\\\/#website\",\"url\":\"https:\\\/\\\/folhadoleste.com.br\\\/\",\"name\":\"Folha do Leste\",\"description\":\"Portal de Not\u00edcias com \u00eanfase em Niter\u00f3i, criando conte\u00fados desde a capital Rio de Janeiro, com olhar para o Leste Fluminense e suas cidades como S\u00e3o Gon\u00e7alo, Itabora\u00ed, Rio Bonito, Maric\u00e1, Saquarema e Araruama\",\"publisher\":{\"@id\":\"https:\\\/\\\/folhadoleste.com.br\\\/#organization\"},\"alternateName\":\"FL\",\"potentialAction\":[{\"@type\":\"SearchAction\",\"target\":{\"@type\":\"EntryPoint\",\"urlTemplate\":\"https:\\\/\\\/folhadoleste.com.br\\\/?s={search_term_string}\"},\"query-input\":{\"@type\":\"PropertyValueSpecification\",\"valueRequired\":true,\"valueName\":\"search_term_string\"}}],\"inLanguage\":\"en-US\"},{\"@type\":\"Organization\",\"@id\":\"https:\\\/\\\/folhadoleste.com.br\\\/#organization\",\"name\":\"Brasil 21 Comunica\u00e7\u00e3o\",\"alternateName\":\"BR21\",\"url\":\"https:\\\/\\\/folhadoleste.com.br\\\/\",\"logo\":{\"@type\":\"ImageObject\",\"inLanguage\":\"en-US\",\"@id\":\"https:\\\/\\\/folhadoleste.com.br\\\/#\\\/schema\\\/logo\\\/image\\\/\",\"url\":\"https:\\\/\\\/folhadoleste.com.br\\\/wp-content\\\/uploads\\\/2025\\\/12\\\/brasil-21-logomarca.avif\",\"contentUrl\":\"https:\\\/\\\/folhadoleste.com.br\\\/wp-content\\\/uploads\\\/2025\\\/12\\\/brasil-21-logomarca.avif\",\"width\":1044,\"height\":1044,\"caption\":\"Brasil 21 Comunica\u00e7\u00e3o\"},\"image\":{\"@id\":\"https:\\\/\\\/folhadoleste.com.br\\\/#\\\/schema\\\/logo\\\/image\\\/\"},\"sameAs\":[\"https:\\\/\\\/www.facebook.com\\\/folhadoleste\",\"https:\\\/\\\/x.com\\\/FolhadoLesteRJ\",\"https:\\\/\\\/www.instagram.com\\\/folhadoleste\\\/\"]},{\"@type\":\"Person\",\"@id\":\"https:\\\/\\\/folhadoleste.com.br\\\/#\\\/schema\\\/person\\\/3e97145b2e1861276e84471aa85a3899\",\"name\":\"Folha do Leste\",\"image\":{\"@type\":\"ImageObject\",\"inLanguage\":\"en-US\",\"@id\":\"https:\\\/\\\/folhadoleste.com.br\\\/wp-content\\\/litespeed\\\/avatar\\\/1ca8c218432e7045e748610eb3db0259.jpg?ver=1777161142\",\"url\":\"https:\\\/\\\/folhadoleste.com.br\\\/wp-content\\\/litespeed\\\/avatar\\\/1ca8c218432e7045e748610eb3db0259.jpg?ver=1777161142\",\"contentUrl\":\"https:\\\/\\\/folhadoleste.com.br\\\/wp-content\\\/litespeed\\\/avatar\\\/1ca8c218432e7045e748610eb3db0259.jpg?ver=1777161142\",\"caption\":\"Folha do Leste\"},\"url\":\"https:\\\/\\\/folhadoleste.com.br\\\/en\\\/author\\\/reportagem-01\\\/\"}]}<\/script>\n<!-- \/ Yoast SEO plugin. -->","yoast_head_json":{"title":"Prefeitura do Rio autoriza tarifa 2 para taxistas em dezembro &#8226; Folha do Leste","description":"Prefeitura do Rio autoriza tarifa 2 para taxistas em dezembro...","robots":{"index":"index","follow":"follow","max-snippet":"max-snippet:-1","max-image-preview":"max-image-preview:large","max-video-preview":"max-video-preview:-1"},"canonical":"https:\/\/folhadoleste.com.br\/en\/prefeitura-do-rio-autoriza-tarifa-2-para-taxistas-em-dezembro\/","og_locale":"en_US","og_type":"article","og_title":"Prefeitura do Rio autoriza tarifa 2 para taxistas em dezembro &#8226; Folha do Leste","og_description":"Rio de Janeiro - Capital &#8226; Folha do Leste","og_url":"https:\/\/folhadoleste.com.br\/en\/prefeitura-do-rio-autoriza-tarifa-2-para-taxistas-em-dezembro\/","og_site_name":"Folha do Leste","article_publisher":"https:\/\/www.facebook.com\/folhadoleste","article_published_time":"2023-12-01T12:44:48+00:00","og_image":[{"width":799,"height":533,"url":"https:\/\/folhadoleste.com.br\/wp-content\/uploads\/2023\/12\/Prefeitura-do-Rio-autoriza-tarifa-2-para-taxistas-em-dezembro-Foto-Fabio-Motta-Prefeitura-do-Rio.jpg","type":"image\/jpeg"}],"author":"Folha do Leste","twitter_card":"summary_large_image","twitter_creator":"@FolhadoLesteRJ","twitter_site":"@FolhadoLesteRJ","twitter_misc":{"Written by":"Folha do Leste","Est. reading time":"2 minutes"},"schema":{"@context":"https:\/\/schema.org","@graph":[{"@type":"NewsArticle","@id":"https:\/\/folhadoleste.com.br\/prefeitura-do-rio-autoriza-tarifa-2-para-taxistas-em-dezembro\/#article","isPartOf":{"@id":"https:\/\/folhadoleste.com.br\/prefeitura-do-rio-autoriza-tarifa-2-para-taxistas-em-dezembro\/"},"author":{"name":"Folha do Leste","@id":"https:\/\/folhadoleste.com.br\/#\/schema\/person\/3e97145b2e1861276e84471aa85a3899"},"headline":"Prefeitura do Rio autoriza tarifa 2 para taxistas em dezembro","datePublished":"2023-12-01T12:44:48+00:00","mainEntityOfPage":{"@id":"https:\/\/folhadoleste.com.br\/prefeitura-do-rio-autoriza-tarifa-2-para-taxistas-em-dezembro\/"},"wordCount":137,"commentCount":0,"publisher":{"@id":"https:\/\/folhadoleste.com.br\/#organization"},"image":{"@id":"https:\/\/folhadoleste.com.br\/prefeitura-do-rio-autoriza-tarifa-2-para-taxistas-em-dezembro\/#primaryimage"},"thumbnailUrl":"https:\/\/folhadoleste.com.br\/wp-content\/uploads\/2023\/12\/Prefeitura-do-Rio-autoriza-tarifa-2-para-taxistas-em-dezembro-Foto-Fabio-Motta-Prefeitura-do-Rio.jpg","keywords":["dezembro","Natal","Rio de Janeiro","Tarifa 2","tax\u00ed","Taxista","transporte"],"articleSection":["Rio de Janeiro - Capital"],"inLanguage":"en-US","potentialAction":[{"@type":"CommentAction","name":"Comment","target":["https:\/\/folhadoleste.com.br\/prefeitura-do-rio-autoriza-tarifa-2-para-taxistas-em-dezembro\/#respond"]}]},{"@type":"WebPage","@id":"https:\/\/folhadoleste.com.br\/prefeitura-do-rio-autoriza-tarifa-2-para-taxistas-em-dezembro\/","url":"https:\/\/folhadoleste.com.br\/prefeitura-do-rio-autoriza-tarifa-2-para-taxistas-em-dezembro\/","name":"Prefeitura do Rio autoriza tarifa 2 para taxistas em dezembro &#8226; Folha do Leste","isPartOf":{"@id":"https:\/\/folhadoleste.com.br\/#website"},"primaryImageOfPage":{"@id":"https:\/\/folhadoleste.com.br\/prefeitura-do-rio-autoriza-tarifa-2-para-taxistas-em-dezembro\/#primaryimage"},"image":{"@id":"https:\/\/folhadoleste.com.br\/prefeitura-do-rio-autoriza-tarifa-2-para-taxistas-em-dezembro\/#primaryimage"},"thumbnailUrl":"https:\/\/folhadoleste.com.br\/wp-content\/uploads\/2023\/12\/Prefeitura-do-Rio-autoriza-tarifa-2-para-taxistas-em-dezembro-Foto-Fabio-Motta-Prefeitura-do-Rio.jpg","datePublished":"2023-12-01T12:44:48+00:00","description":"Prefeitura do Rio autoriza tarifa 2 para taxistas em dezembro...","breadcrumb":{"@id":"https:\/\/folhadoleste.com.br\/prefeitura-do-rio-autoriza-tarifa-2-para-taxistas-em-dezembro\/#breadcrumb"},"inLanguage":"en-US","potentialAction":[{"@type":"ReadAction","target":["https:\/\/folhadoleste.com.br\/prefeitura-do-rio-autoriza-tarifa-2-para-taxistas-em-dezembro\/"]}]},{"@type":"ImageObject","inLanguage":"en-US","@id":"https:\/\/folhadoleste.com.br\/prefeitura-do-rio-autoriza-tarifa-2-para-taxistas-em-dezembro\/#primaryimage","url":"https:\/\/folhadoleste.com.br\/wp-content\/uploads\/2023\/12\/Prefeitura-do-Rio-autoriza-tarifa-2-para-taxistas-em-dezembro-Foto-Fabio-Motta-Prefeitura-do-Rio.jpg","contentUrl":"https:\/\/folhadoleste.com.br\/wp-content\/uploads\/2023\/12\/Prefeitura-do-Rio-autoriza-tarifa-2-para-taxistas-em-dezembro-Foto-Fabio-Motta-Prefeitura-do-Rio.jpg","width":799,"height":533,"caption":"Taxista \u00e9 presa em Ipanema por cobrar valor abusivo de corrida | Fabio Motta\/Prefeitura do Rio"},{"@type":"BreadcrumbList","@id":"https:\/\/folhadoleste.com.br\/prefeitura-do-rio-autoriza-tarifa-2-para-taxistas-em-dezembro\/#breadcrumb","itemListElement":[{"@type":"ListItem","position":1,"name":"In\u00edcio","item":"https:\/\/folhadoleste.com.br\/"},{"@type":"ListItem","position":2,"name":"Rio de Janeiro - Capital","item":"https:\/\/folhadoleste.com.br\/category\/rio-de-janeiro-capital\/"},{"@type":"ListItem","position":3,"name":"Prefeitura do Rio autoriza tarifa 2 para taxistas em dezembro"}]},{"@type":"WebSite","@id":"https:\/\/folhadoleste.com.br\/#website","url":"https:\/\/folhadoleste.com.br\/","name":"Folha do Leste","description":"Portal de Not\u00edcias com \u00eanfase em Niter\u00f3i, criando conte\u00fados desde a capital Rio de Janeiro, com olhar para o Leste Fluminense e suas cidades como S\u00e3o Gon\u00e7alo, Itabora\u00ed, Rio Bonito, Maric\u00e1, Saquarema e Araruama","publisher":{"@id":"https:\/\/folhadoleste.com.br\/#organization"},"alternateName":"FL","potentialAction":[{"@type":"SearchAction","target":{"@type":"EntryPoint","urlTemplate":"https:\/\/folhadoleste.com.br\/?s={search_term_string}"},"query-input":{"@type":"PropertyValueSpecification","valueRequired":true,"valueName":"search_term_string"}}],"inLanguage":"en-US"},{"@type":"Organization","@id":"https:\/\/folhadoleste.com.br\/#organization","name":"Brasil 21 Comunica\u00e7\u00e3o","alternateName":"BR21","url":"https:\/\/folhadoleste.com.br\/","logo":{"@type":"ImageObject","inLanguage":"en-US","@id":"https:\/\/folhadoleste.com.br\/#\/schema\/logo\/image\/","url":"https:\/\/folhadoleste.com.br\/wp-content\/uploads\/2025\/12\/brasil-21-logomarca.avif","contentUrl":"https:\/\/folhadoleste.com.br\/wp-content\/uploads\/2025\/12\/brasil-21-logomarca.avif","width":1044,"height":1044,"caption":"Brasil 21 Comunica\u00e7\u00e3o"},"image":{"@id":"https:\/\/folhadoleste.com.br\/#\/schema\/logo\/image\/"},"sameAs":["https:\/\/www.facebook.com\/folhadoleste","https:\/\/x.com\/FolhadoLesteRJ","https:\/\/www.instagram.com\/folhadoleste\/"]},{"@type":"Person","@id":"https:\/\/folhadoleste.com.br\/#\/schema\/person\/3e97145b2e1861276e84471aa85a3899","name":"Folha do Leste","image":{"@type":"ImageObject","inLanguage":"en-US","@id":"https:\/\/folhadoleste.com.br\/wp-content\/litespeed\/avatar\/1ca8c218432e7045e748610eb3db0259.jpg?ver=1777161142","url":"https:\/\/folhadoleste.com.br\/wp-content\/litespeed\/avatar\/1ca8c218432e7045e748610eb3db0259.jpg?ver=1777161142","contentUrl":"https:\/\/folhadoleste.com.br\/wp-content\/litespeed\/avatar\/1ca8c218432e7045e748610eb3db0259.jpg?ver=1777161142","caption":"Folha do Leste"},"url":"https:\/\/folhadoleste.com.br\/en\/author\/reportagem-01\/"}]}},"_links":{"self":[{"href":"https:\/\/folhadoleste.com.br\/en\/wp-json\/wp\/v2\/posts\/37989","targetHints":{"allow":["GET"]}}],"collection":[{"href":"https:\/\/folhadoleste.com.br\/en\/wp-json\/wp\/v2\/posts"}],"about":[{"href":"https:\/\/folhadoleste.com.br\/en\/wp-json\/wp\/v2\/types\/post"}],"author":[{"embeddable":true,"href":"https:\/\/folhadoleste.com.br\/en\/wp-json\/wp\/v2\/users\/4"}],"replies":[{"embeddable":true,"href":"https:\/\/folhadoleste.com.br\/en\/wp-json\/wp\/v2\/comments?post=37989"}],"version-history":[{"count":1,"href":"https:\/\/folhadoleste.com.br\/en\/wp-json\/wp\/v2\/posts\/37989\/revisions"}],"predecessor-version":[{"id":37994,"href":"https:\/\/folhadoleste.com.br\/en\/wp-json\/wp\/v2\/posts\/37989\/revisions\/37994"}],"wp:featuredmedia":[{"embeddable":true,"href":"https:\/\/folhadoleste.com.br\/en\/wp-json\/wp\/v2\/media\/37993"}],"wp:attachment":[{"href":"https:\/\/folhadoleste.com.br\/en\/wp-json\/wp\/v2\/media?parent=37989"}],"wp:term":[{"taxonomy":"category","embeddable":true,"href":"https:\/\/folhadoleste.com.br\/en\/wp-json\/wp\/v2\/categories?post=37989"},{"taxonomy":"post_tag","embeddable":true,"href":"https:\/\/folhadoleste.com.br\/en\/wp-json\/wp\/v2\/tags?post=37989"}],"curies":[{"name":"wp","href":"https:\/\/api.w.org\/{rel}","templated":true}]}}