{"id":37826,"date":"2023-11-30T09:32:07","date_gmt":"2023-11-30T12:32:07","guid":{"rendered":"https:\/\/folhadoleste.com.br\/?p=37826"},"modified":"2023-11-30T09:32:07","modified_gmt":"2023-11-30T12:32:07","slug":"dia-do-evangelico-fieis-na-periferia-buscam-acolhimento-na-fe","status":"publish","type":"post","link":"https:\/\/folhadoleste.com.br\/en\/dia-do-evangelico-fieis-na-periferia-buscam-acolhimento-na-fe\/","title":{"rendered":"Dia do Evang\u00e9lico: fi\u00e9is na periferia buscam acolhimento na f\u00e9"},"content":{"rendered":"<div id=\"attachment_37828\" style=\"width: 1180px\" class=\"wp-caption aligncenter\"><img decoding=\"async\" aria-describedby=\"caption-attachment-37828\" class=\"size-full wp-image-37828\" src=\"https:\/\/folhadoleste.com.br\/wp-content\/uploads\/2023\/11\/Dia-do-Evangelico-fieis-na-periferia-buscam-acolhimento-na-fe-Foto-Rovena-Rosa-Agencia-Brasil.webp\" alt=\"Dia do Evang\u00e9lico: fi\u00e9is na periferia buscam acolhimento na f\u00e9\" width=\"1170\" height=\"700\" \/><p id=\"caption-attachment-37828\" class=\"wp-caption-text\">Foto: Rovena Rosa &#8211; Ag\u00eancia Brasil<\/p><\/div>\n<p>Passados 13 anos da institui\u00e7\u00e3o do Dia Nacional do Evang\u00e9lico \u2013\u00a0lembrado nesta quinta-feira (30), conforme a Lei 12.328, aprovada pelo Congresso Nacional e sancionada pelo presidente Luiz In\u00e1cio Lula da Silva, em setembro de 2010 \u2013, a comunica\u00e7\u00e3o com os fi\u00e9is protestantes ainda p\u00f5e \u00e0 prova a capacidade do Poder P\u00fablico de se comunicar com\u00a0essa popula\u00e7\u00e3o e de inform\u00e1-la.<img decoding=\"async\" src=\"https:\/\/agenciabrasil.ebc.com.br\/ebc.png?id=1569659&amp;o=node\" \/><img decoding=\"async\" src=\"https:\/\/agenciabrasil.ebc.com.br\/ebc.gif?id=1569659&amp;o=node\" \/><\/p>\n<p>A avalia\u00e7\u00e3o \u00e9 do te\u00f3logo Marco Davi de Oliveira, pastor batista, e autor do livro\u00a0<em>A Religi\u00e3o mais Negra do Brasil<\/em>\u00a0(Editora Ultimato, 2015).<\/p>\n<blockquote><p>\u201cO poder p\u00fablico precisa ir pra base e conversar com os pobres. Necessita se aproximar dessas pessoas, ouvi-las. Precisa aprender a linguagem\u201d, pontua\u00a0Marco Davi em entrevista \u00e0\u00a0Ag\u00eancia Brasil, descartando estere\u00f3tipos e clich\u00eas contra os crentes.<\/p><\/blockquote>\n<h4><a href=\"https:\/\/folhadoleste.com.br\/category\/brasil\/\">\u201cLeia mais not\u00edcias sobre Brasil aqui\u201d<\/a><\/h4>\n<p>Coordenadora da Frente de Evang\u00e9licos pelo Estado de Direito, Val\u00e9ria Zacarias<strong>\u00a0<\/strong>corrobora a opini\u00e3o do pastor. \u201cTodo o grupo social tem os seus c\u00f3digos, tem os seus signos\u201d, assinala ao defender \u201ca import\u00e2ncia e a urg\u00eancia de fazer uma comunica\u00e7\u00e3o segmentada.\u201d<\/p>\n<blockquote><p>Na\u00a0opini\u00e3o dele,\u00a0a comunica\u00e7\u00e3o do poder p\u00fablico precisa ser mais dirigida, \u201ccomo \u00e9 feita, por exemplo, no carnaval&#8221;. &#8220;O governo faz campanha direcionada para a comunidade LGBTQIA+ sobre a seguran\u00e7a sexual, n\u00e3o h\u00e1 impedimento legal para se fazer comunica\u00e7\u00e3o segmentada.\u201d<\/p><\/blockquote>\n<p>O soci\u00f3logo Paulo Gracino J\u00fanior, professor da Universidade de Bras\u00edlia (UnB)\u00a0e autor de\u00a0<em>A Demanda por Deuses\u00a0<\/em>(Editora Uerj\/Faperj, 2015), avalia que \u201cpastoras e pastores s\u00e3o interlocutores leg\u00edtimos da periferia\u201d e que \u00e9 preciso abrir di\u00e1logo com representantes dos fi\u00e9is e debater os problemas das comunidades nas igrejas.<\/p>\n<div class=\"dnd-widget-wrapper context-medio_4colunas type-image atom-align-left\">\n<div class=\"dnd-atom-rendered\">\n<div class=\"shadow overflow-hidden rounded-lg d-block w-100\">\n<div style=\"width: 375px\" class=\"wp-caption alignleft\"><img decoding=\"async\" class=\"flex-fill img-cover\" title=\"Paulo Graciano\/Arquivo pessoal\" src=\"https:\/\/imagens.ebc.com.br\/bdBSxQDFbeBD5BgXtkcJANZNvBc=\/365x0\/smart\/https:\/\/agenciabrasil.ebc.com.br\/sites\/default\/files\/thumbnails\/image\/sociologo_paulo_gracino_jr.jpg?itok=TewmY-jb\" alt=\"Bras\u00edlia (DF) 29\/11\/2023 \u2013 Especial dia dos Evang\u00e9licos - Soci\u00f3logo Paulo GracianoFoto: Paulo Graciano\/Arquivo pessoal\" width=\"365\" height=\"243\" \/><p class=\"wp-caption-text\">Soci\u00f3logo Paulo Gracino J\u00fanior diz que demandas de evang\u00e9licos v\u00e3o al\u00e9m de quest\u00f5es espirituais\u00a0&#8211;\u00a0Paulo Gracino\/Arquivo pessoal<\/p><\/div>\n<\/div>\n<\/div>\n<\/div>\n<blockquote><p>\u201cO evang\u00e9lico \u00e9 uma pessoa empoderada. Eu posso conversar com ele. Ele tem demandas, n\u00e3o s\u00f3 demanda por bens espirituais. Ele tem demanda por saneamento b\u00e1sico, seguran\u00e7a, escola. Essas coisas com o tempo desarmariam a clivagem [divis\u00e3o] que h\u00e1 entre esquerda e movimento evang\u00e9lico\u201d, opina o acad\u00eamico, que \u00e9 especializado em pol\u00edtica e religi\u00e3o.<\/p><\/blockquote>\n<p>Gracino J\u00fanior defende que haja \u201cmais propostas\u201d para resolver problemas apontados pelos evang\u00e9licos e \u201cmenos fisiologia\u201d. Ele recomenda que no di\u00e1logo se abandonem preconceitos. \u201cTem esse problema que \u00e9 a ideia de que o evang\u00e9lico\u00a0\u00e9 irracional. Que n\u00e3o vai poder conversar com ele, porque ele \u00e9 alienado.\u201d<\/p>\n<h4>Negras e perif\u00e9ricas<\/h4>\n<p>Ainda n\u00e3o est\u00e3o dispon\u00edveis os dados do Censo 2022 (IBGE) sobre a religiosidade dos brasileiros, o que permitiria uma vis\u00e3o mais atualizada sobre quem s\u00e3o os fi\u00e9is. A \u00faltima refer\u00eancia de estudiosos \u00e9 uma pesquisa do Instituto Datafolha, feita em dezembro de 2020.<\/p>\n<p>De acordo com o levantamento, de cada dez brasileiros, tr\u00eas s\u00e3o evang\u00e9licos. Conforme os dados apurados, os crentes s\u00e3o o segundo bloco religioso mais numeroso do Brasil (31% da popula\u00e7\u00e3o), atr\u00e1s apenas do percentual de pessoas que se declaram cat\u00f3licas (50%); mas bem acima das pessoas sem religi\u00e3o (10%), esp\u00edritas (3%), de credos afro-brasileiros (2%), demais cren\u00e7as (3%) e ateus (1%).<\/p>\n<h4><a href=\"https:\/\/folhadoleste.com.br\/category\/brasil\/\">\u201cLeia mais not\u00edcias sobre Brasil aqui\u201d<\/a><\/h4>\n<p>O instituto quantifica que a presen\u00e7a dos evang\u00e9licos \u00e9 bastante expressiva em todas as regi\u00f5es do pa\u00eds: 39% no Norte, 33% no Centro-Oeste, 32% no Sudeste, 30% no Sul e 27% no Norte.<\/p>\n<p>No conjunto dos protestantes, as mulheres s\u00e3o maioria (58%) \u2013 entre os neopentecostais a presen\u00e7a feminina ainda \u00e9 maior (69%). Os crentes s\u00e3o predominantemente negros (43% pardos e 16% pretos) e tendem a ser mais jovens que os cat\u00f3licos: 62% dos evang\u00e9licos t\u00eam menos de 45 anos, enquanto a propor\u00e7\u00e3o nessa faixa et\u00e1ria \u00e9 de 48% entre os cat\u00f3licos.<\/p>\n<h4>Estrat\u00e9gia de sobreviv\u00eancia<\/h4>\n<p>\u201cA maioria absoluta dos evangelhos \u00e9 mulher\u00a0negra\u00a0e perif\u00e9rica\u201d, sublinha o soci\u00f3logo Paulo Gracino J\u00fanior, ao lembrar que elas s\u00e3o as pessoas mais vulner\u00e1veis na sociedade brasileira e precisam da f\u00e9 como um recurso espiritual de sobreviv\u00eancia.<\/p>\n<blockquote><p>\u201cElas veem a religi\u00e3o evang\u00e9lica como estrat\u00e9gia de se manter em periferias que s\u00e3o extremamente violentas, extremamente machistas. A igreja \u00e9 um lugar [em] que a mulher pode narrar seu sofrimento. Narrar e ser ouvida.\u201d<\/p><\/blockquote>\n<div class=\"dnd-widget-wrapper context-medio_4colunas type-image atom-align-right\">\n<div class=\"dnd-atom-rendered\">\n<div class=\"shadow overflow-hidden rounded-lg d-block w-100\">\n<div style=\"width: 375px\" class=\"wp-caption alignright\"><img decoding=\"async\" class=\"flex-fill img-cover\" title=\"Pastora Valdenice Rodrigues\/Arqu\" src=\"https:\/\/imagens.ebc.com.br\/JJSR21UGuzIuoPybMQXiA3bnXWM=\/365x0\/smart\/https:\/\/agenciabrasil.ebc.com.br\/sites\/default\/files\/thumbnails\/image\/pastora_val_valdenice_rodrigues.jpg?itok=WNS4HGS4\" alt=\"Bras\u00edlia (DF) 29\/11\/2023 \u2013 Especial dia dos Evang\u00e9licos - Personagem Pastora Valdenice RodriguesFoto: Pastora Valdenice Rodrigues\/Arquivo pessoal\" width=\"365\" height=\"262\" \/><p class=\"wp-caption-text\">Pastora Valdenice Rodrigues conta que a igreja \u00e9 como se fosse sua fam\u00edlia &#8211; Valdenice Rodrigues\/Arquivo pessoal<\/p><\/div>\n<\/div>\n<\/div>\n<\/div>\n<p>\u00c0 fala do especialista, a fiel Valdenice Rodrigues acrescenta\u00a0que, al\u00e9m de contar suas hist\u00f3rias e serem escutadas, as mulheres procuram a igreja para entenderem seus problemas, para se proteger, se sentirem mais seguras e para serem aben\u00e7oadas.<\/p>\n<blockquote><p>\u201cA igreja para mim \u00e9 uma fam\u00edlia, sabe? \u00c9 onde a gente conhece outras pessoas, onde a gente se ajuda quando precisa.\u201d<\/p>\n<p>\u201cAli onde eu estou, as pessoas procuram muito para receber ora\u00e7\u00e3o. Porque querem uma resposta de Deus. A maioria est\u00e1 com algum problema, se n\u00e3o \u00e9 casamento ou financeiro, \u00e9 algo assim. A\u00ed procuram a igreja e pedem ora\u00e7\u00e3o para a pastora. Ali, elas oram e recebem a ben\u00e7\u00e3o, depois voltam para contar a ben\u00e7\u00e3o que receberam\u201d, conta Valdenice.<\/p><\/blockquote>\n<p>Evang\u00e9lica desde o nascimento\u00a0e trabalhadora dom\u00e9stica, ela\u00a0mora no Areal, regi\u00e3o suburbana a aproximadamente\u00a011 quil\u00f4metros do centro de Bras\u00edlia. Aos domingos, quando a pastora presidente da sua igreja \u201cd\u00e1 oportunidade\u201d, Valdenice \u00e9 a \u201cpastora Val\u201d \u2013\u00a0como se identifica nas redes sociais \u2013 e prega no Minist\u00e9rio Todo Poderoso, da Assembleia de Deus.<\/p>\n<blockquote><p>\u201cO Areal \u00e9 uma comunidade carente, n\u00e3o \u00e9 classe m\u00e9dia, a maioria aqui \u00e9 do povo. Aqui \u00e9 humilde\u201d, relata.<\/p><\/blockquote>\n<h4>Conservadorismo<\/h4>\n<p>Valdenice \u00e9 contra o casamento de pessoas do mesmo sexo.<\/p>\n<blockquote><p>\u201cDeus fez o homem e a mulher pra constituir fam\u00edlia. Ent\u00e3o, nesse ponto de vista a\u00ed na B\u00edblia \u00e9 errado. Eu respeito [casais homoafetivos], mas n\u00e3o concordo.\u201d Tamb\u00e9m \u00e9\u00a0contra a descriminaliza\u00e7\u00e3o do uso de drogas. \u201cO mundo hoje j\u00e1 est\u00e1 t\u00e3o dif\u00edcil e se liberar isso a\u00ed vai ficar mais dif\u00edcil ainda.\u201d<\/p><\/blockquote>\n<p>Mas ela relativiza alguns valores conservadores.<\/p>\n<blockquote><p>\u201cClaro que se a mulher casar virgem tudo direitinho, bonitinho, isso \u00e9 \u00f3timo. Mas hoje em dia, no mundo que a gente vive, isso \u00e9 dif\u00edcil, n\u00f3s sabemos disso, n\u00e9?\u201d<\/p><\/blockquote>\n<p>Para o professor Paulo Gracino J\u00fanior, a ades\u00e3o a valores conservadores, e eventual op\u00e7\u00e3o eleitoral, n\u00e3o faz das mulheres evang\u00e9licas brasileiras pessoas fascistas.<\/p>\n<blockquote><p>\u201cN\u00e3o d\u00e1 pra gente dizer que uma mulher preta, pobre e da periferia, \u00e9 fascista. Ela n\u00e3o \u00e9 fascista e nem massa de manobra.\u201d<\/p>\n<p>Val\u00e9ria Zacarias, coordenadora da Frente de Evang\u00e9licos pelo Estado de Direito, salienta que vis\u00f5es de mundo como de Valdenice n\u00e3o s\u00e3o exclusivas aos crentes. \u201c\u00c9 como nos tornassem respons\u00e1veis por todo o conservadorismo brasileiro. Respons\u00e1veis por todos os retrocessos que essa na\u00e7\u00e3o enfrenta. Tentam nos transformar, como se a gente fosse o outro da na\u00e7\u00e3o\u201d, reclama.<\/p><\/blockquote>\n<div class=\"dnd-widget-wrapper context-medio_4colunas type-image atom-align-left\">\n<div class=\"dnd-atom-rendered\">\n<div class=\"shadow overflow-hidden rounded-lg d-block w-100\">\n<div style=\"width: 375px\" class=\"wp-caption alignleft\"><img decoding=\"async\" class=\"flex-fill img-cover\" title=\"Pastor Marco Davi\/Arquivo pessoa\" src=\"https:\/\/imagens.ebc.com.br\/GOLaDi51tTB6IelxAXgg1lN6dw0=\/365x0\/smart\/https:\/\/agenciabrasil.ebc.com.br\/sites\/default\/files\/thumbnails\/image\/pastor_marco_davi.jpg?itok=7EKfhQbr\" alt=\"Bras\u00edlia (DF) 29\/11\/2023 \u2013 Especial dia dos Evang\u00e9licos - Personagem Pastor Maeco DaviFoto: Pastor Marco Davi\/Arquivo pessoal\" width=\"365\" height=\"274\" \/><p class=\"wp-caption-text\">Pastor Marco Davi diz que poder p\u00fablico precisa se aproximar dos evang\u00e9licos &#8211;\u00a0Marco Davi\/Arquivo pessoal<\/p><\/div>\n<\/div>\n<\/div>\n<\/div>\n<p>Em racioc\u00ednio semelhante, o pastor Marco Davi lembra que a intoler\u00e2ncia contra outras religi\u00f5es, como as afro-brasileiras, constantemente atribu\u00edda aos crentes, \u00e9 muito anterior \u00e0 instala\u00e7\u00e3o das igrejas evang\u00e9licas no Brasil. Para ele, ali\u00e1s, esse tipo de intoler\u00e2ncia \u201c\u00e9 muito mais antiga que qualquer outra.\u201d<\/p>\n<p>Contr\u00e1rio a qualquer discrimina\u00e7\u00e3o religiosa, o pastor consegue perceber at\u00e9 semelhan\u00e7as entre manifesta\u00e7\u00f5es de participantes de\u00a0cultos e de frequentadores de\u00a0terreiros.<\/p>\n<blockquote><p>\u201cA quest\u00e3o da corporeidade \u00e9 muito importante para a manifesta\u00e7\u00e3o da africanidade. Ent\u00e3o, h\u00e1 utiliza\u00e7\u00e3o do corpo, essa utiliza\u00e7\u00e3o do corpo ela est\u00e1 no candombl\u00e9, como tamb\u00e9m est\u00e1 na Igreja Pentecostal. O corpo \u00e9 o instrumento de adora\u00e7\u00e3o, o corpo \u00e9 um instrumento que exala a espiritualidade. Ent\u00e3o, isso para mim \u00e9 fant\u00e1stico neste pa\u00eds. Tomara que tenha muitas pesquisas sobre isso, porque \u00e9 bonito demais\u201d, opina Marco Davi.<\/p><\/blockquote>\n<h4>Capilaridade e capital pol\u00edtico<\/h4>\n<p>Duas importantes caracter\u00edsticas das igrejas evang\u00e9licas s\u00e3o a diversidade (de denomina\u00e7\u00f5es e filia\u00e7\u00f5es)\u00a0e a capilaridade urbana. Em diferentes correntes, e tamb\u00e9m de forma independente, os crentes est\u00e3o espalhados pelas cidades, especialmente nos locais menos valorizados.<\/p>\n<blockquote><p>\u201cOs evang\u00e9licos t\u00eam essa estrat\u00e9gia de se dividir e de ocupar espa\u00e7os. Qualquer pequena loja do sub\u00farbio pode virar uma igreja. Ent\u00e3o, eles t\u00eam uma conduta ativa no espa\u00e7o p\u00fablico\u201d, descreve o professor Paulo Gracino J\u00fanior, que compara:<\/p>\n<p>\u201cA\u00a0Igreja Cat\u00f3lica\u00a0n\u00e3o consegue se multiplicar de forma consistente para dar conta da din\u00e2mica urbana r\u00e1pida do Brasil.\u201d O estudioso acrescenta que outras religi\u00f5es t\u00eam ritos de inicia\u00e7\u00e3o, o que n\u00e3o \u00e9 exigido para frequentar igrejas evang\u00e9licas.<\/p><\/blockquote>\n<p>Presente em todas as regi\u00f5es do pa\u00eds, e multiplicando templos nas \u00e1reas mais populosas e carentes das cidades, onde as igrejas tradicionais n\u00e3o se instalaram e o Estado n\u00e3o protege e acolhe as pessoas, as igrejas evang\u00e9licas se tornam lugares de sociabilidade, lazer e acolhimento.<\/p>\n<div class=\"dnd-widget-wrapper context-medio_4colunas type-image atom-align-right\">\n<div class=\"dnd-atom-rendered\">\n<div class=\"shadow overflow-hidden rounded-lg d-block w-100\">\n<div style=\"width: 375px\" class=\"wp-caption alignright\"><img decoding=\"async\" class=\"flex-fill img-cover\" title=\"Arquivo pessoal\" src=\"https:\/\/imagens.ebc.com.br\/y1cNMyot0zI7kI2_ZyrIfZh-z2Y=\/365x0\/smart\/https:\/\/agenciabrasil.ebc.com.br\/sites\/default\/files\/thumbnails\/image\/alta_cientista_politico_leonardo_barreto_jv.jpeg?itok=Xa0HSaor\" alt=\"Dia do Evang\u00e9lico - Cientista pol\u00edtico Leonardo Barreto. Foto: Arquivo Pessoal\" width=\"365\" height=\"244\" \/><p class=\"wp-caption-text\">Cientista pol\u00edtico Leonardo Barreto destaca atua\u00e7\u00e3o dos evang\u00e9licos na \u00e1rea assistencial &#8211;\u00a0Leonardo Barreto\/Arquivo pessoal<\/p><\/div>\n<\/div>\n<\/div>\n<\/div>\n<blockquote><p>\u201cMuitas dessas igrejas, sen\u00e3o quase todas, elas t\u00eam programas assistenciais. Elas t\u00eam quest\u00f5es muito fortes de combate ao v\u00edcio de bebida e de droga e outros problemas que enfrentam nas periferias\u201d, assinala o cientista pol\u00edtico Leonardo Barreto, que j\u00e1 prestou consultoria a partido pol\u00edtico na forma\u00e7\u00e3o de quadros evang\u00e9licos para disputas eleitorais.<\/p><\/blockquote>\n<p>A extensa malha de igrejas e o imenso contingente de fi\u00e9is no pa\u00eds renderam capital pol\u00edtico em sucessivas elei\u00e7\u00f5es \u00e0s lideran\u00e7as evang\u00e9licas e seus representantes. Na C\u00e2mara dos Deputados, por exemplo, em 2010, a legislatura iniciou-se com uma bancada evang\u00e9lica formada por 70 deputados. Em 2014, a bancada reduziu-se para 57 parlamentares na Casa. Em 2018, o n\u00famero de deputados evang\u00e9licos voltou a crescer e chegou a 85.<\/p>\n<h4><a href=\"https:\/\/folhadoleste.com.br\/category\/brasil\/\">\u201cLeia mais not\u00edcias sobre Brasil aqui\u201d<\/a><\/h4>\n<p>Nas \u00faltimas elei\u00e7\u00f5es, esse n\u00famero caiu para 75, mas em compensa\u00e7\u00e3o a bancada de evang\u00e9licos no Senado Federal chegou\u00a0a 13 parlamentares, o maior n\u00famero da hist\u00f3ria. A contagem \u00e9 do Departamento Intersindical de Assessoria Parlamentar (Diap).<\/p>\n<p>Leonardo Barreto assinala que h\u00e1 diferentes tonalidades nessa representa\u00e7\u00e3o e que a bancada evang\u00e9lica atua al\u00e9m da defesa de valores caros aos fi\u00e9is que s\u00e3o seus eleitores.<\/p>\n<blockquote><p>\u201cEles querem transbordar para outros segmentos.\u201d<\/p><\/blockquote>\n<p>Mais do que serem \u201catores de veto\u201d contra eventuais pautas tidas como progressistas e identit\u00e1rias, as lideran\u00e7as evang\u00e9licas desejam se envolver mais com a agenda econ\u00f4mica.<\/p>\n<blockquote><p>\u201cEles t\u00eam dito que s\u00e3o conservadores nos costumes e que s\u00e3o liberais na economia\u201d, descreve Barreto.<\/p><\/blockquote>\n<p>O cientista pol\u00edtico \u00e9 categ\u00f3rico ao dizer que, independentemente da disputa pol\u00edtica, a bancada evang\u00e9lica defende o regime democr\u00e1tico.<\/p>\n<blockquote><p>\u201c\u00c9 da natureza deles, est\u00e1 no DNA deles. Afinal de contas, essa ascens\u00e3o ao poder acontece justamente depois de o pa\u00eds voltar a ter um regime democr\u00e1tico.\u201d<\/p><\/blockquote>\n<p>&nbsp;<\/p>\n<p><a href=\"https:\/\/www.instagram.com\/folhadoleste\/\"><img decoding=\"async\" class=\"aligncenter wp-image-15962\" src=\"https:\/\/folhadoleste.com.br\/wp-content\/uploads\/2023\/07\/instagram.jpg.webp\" alt=\"Itaipu-Itaipua\u00e7u: Caminh\u00e3o causa grave acidente na RJ-102, a estrada da Serrinha\" width=\"49\" height=\"49\" \/><\/a><a href=\"https:\/\/www.facebook.com\/folhadoleste\"><img decoding=\"async\" class=\"aligncenter wp-image-7424\" src=\"https:\/\/folhadoleste.com.br\/wp-content\/uploads\/2023\/05\/facebook-logo-3-1.png.webp\" alt=\"Itaipu-Itaipua\u00e7u: Caminh\u00e3o causa grave acidente na RJ-102, a estrada da Serrinha\" width=\"49\" height=\"49\" \/><\/a><\/p>\n<p>&nbsp;<\/p>\n<p>&nbsp;<\/p>\n<p><em>Fonte: Ag\u00eancia Brasil<\/em><\/p>\n","protected":false},"excerpt":{"rendered":"<p>Passados 13 anos da institui\u00e7\u00e3o do Dia Nacional do Evang\u00e9lico \u2013\u00a0lembrado nesta quinta-feira (30), conforme a Lei 12.328, aprovada pelo Congresso Nacional e sancionada pelo presidente Luiz In\u00e1cio Lula da Silva, em setembro de 2010 \u2013, a comunica\u00e7\u00e3o com os fi\u00e9is protestantes ainda p\u00f5e \u00e0 prova a capacidade do Poder P\u00fablico de se comunicar com\u00a0essa popula\u00e7\u00e3o e de inform\u00e1-la. A avalia\u00e7\u00e3o \u00e9 do te\u00f3logo Marco Davi de Oliveira, pastor batista, e autor do livro\u00a0A Religi\u00e3o mais Negra do Brasil\u00a0(Editora Ultimato, 2015). \u201cO poder p\u00fablico precisa ir pra base e conversar com os pobres. Necessita se aproximar dessas pessoas, ouvi-las. Precisa [&hellip;]<\/p>\n","protected":false},"author":4,"featured_media":37828,"comment_status":"open","ping_status":"open","sticky":false,"template":"","format":"standard","meta":{"footnotes":""},"categories":[64],"tags":[68,14952,14530,911],"class_list":["post-37826","post","type-post","status-publish","format-standard","has-post-thumbnail","hentry","category-brasil","tag-brasil","tag-dia-nacional-do-evangelico","tag-evangelicos","tag-religiao","post--single"],"yoast_head":"<!-- This site is optimized with the Yoast SEO plugin v27.5 - https:\/\/yoast.com\/product\/yoast-seo-wordpress\/ -->\n<title>Dia do Evang\u00e9lico: fi\u00e9is na periferia buscam acolhimento na f\u00e9<\/title>\n<meta name=\"description\" content=\"Dia do Evang\u00e9lico: fi\u00e9is na periferia buscam acolhimento na f\u00e9...\" \/>\n<meta name=\"robots\" content=\"index, follow, max-snippet:-1, max-image-preview:large, max-video-preview:-1\" \/>\n<link rel=\"canonical\" href=\"https:\/\/folhadoleste.com.br\/en\/dia-do-evangelico-fieis-na-periferia-buscam-acolhimento-na-fe\/\" \/>\n<meta property=\"og:locale\" content=\"en_US\" \/>\n<meta property=\"og:type\" content=\"article\" \/>\n<meta property=\"og:title\" content=\"Dia do Evang\u00e9lico: fi\u00e9is na periferia buscam acolhimento na f\u00e9\" \/>\n<meta property=\"og:description\" content=\"Brasil &#8226; Folha do Leste\" \/>\n<meta property=\"og:url\" content=\"https:\/\/folhadoleste.com.br\/en\/dia-do-evangelico-fieis-na-periferia-buscam-acolhimento-na-fe\/\" \/>\n<meta property=\"og:site_name\" content=\"Folha do Leste\" \/>\n<meta property=\"article:publisher\" content=\"https:\/\/www.facebook.com\/folhadoleste\" \/>\n<meta property=\"article:published_time\" content=\"2023-11-30T12:32:07+00:00\" \/>\n<meta property=\"og:image\" content=\"https:\/\/folhadoleste.com.br\/wp-content\/uploads\/2023\/11\/Dia-do-Evangelico-fieis-na-periferia-buscam-acolhimento-na-fe-Foto-Rovena-Rosa-Agencia-Brasil.webp\" \/>\n\t<meta property=\"og:image:width\" content=\"1170\" \/>\n\t<meta property=\"og:image:height\" content=\"700\" \/>\n\t<meta property=\"og:image:type\" content=\"image\/webp\" \/>\n<meta name=\"author\" content=\"Folha do Leste\" \/>\n<meta name=\"twitter:card\" content=\"summary_large_image\" \/>\n<meta name=\"twitter:creator\" content=\"@FolhadoLesteRJ\" \/>\n<meta name=\"twitter:site\" content=\"@FolhadoLesteRJ\" \/>\n<meta name=\"twitter:label1\" content=\"Written by\" \/>\n\t<meta name=\"twitter:data1\" content=\"Folha do Leste\" \/>\n\t<meta name=\"twitter:label2\" content=\"Est. reading time\" \/>\n\t<meta name=\"twitter:data2\" content=\"8 minutes\" \/>\n<script type=\"application\/ld+json\" class=\"yoast-schema-graph\">{\"@context\":\"https:\\\/\\\/schema.org\",\"@graph\":[{\"@type\":\"NewsArticle\",\"@id\":\"https:\\\/\\\/folhadoleste.com.br\\\/dia-do-evangelico-fieis-na-periferia-buscam-acolhimento-na-fe\\\/#article\",\"isPartOf\":{\"@id\":\"https:\\\/\\\/folhadoleste.com.br\\\/dia-do-evangelico-fieis-na-periferia-buscam-acolhimento-na-fe\\\/\"},\"author\":{\"name\":\"Folha do Leste\",\"@id\":\"https:\\\/\\\/folhadoleste.com.br\\\/#\\\/schema\\\/person\\\/3e97145b2e1861276e84471aa85a3899\"},\"headline\":\"Dia do Evang\u00e9lico: fi\u00e9is na periferia buscam acolhimento na f\u00e9\",\"datePublished\":\"2023-11-30T12:32:07+00:00\",\"mainEntityOfPage\":{\"@id\":\"https:\\\/\\\/folhadoleste.com.br\\\/dia-do-evangelico-fieis-na-periferia-buscam-acolhimento-na-fe\\\/\"},\"wordCount\":1911,\"commentCount\":0,\"publisher\":{\"@id\":\"https:\\\/\\\/folhadoleste.com.br\\\/#organization\"},\"image\":{\"@id\":\"https:\\\/\\\/folhadoleste.com.br\\\/dia-do-evangelico-fieis-na-periferia-buscam-acolhimento-na-fe\\\/#primaryimage\"},\"thumbnailUrl\":\"https:\\\/\\\/folhadoleste.com.br\\\/wp-content\\\/uploads\\\/2023\\\/11\\\/Dia-do-Evangelico-fieis-na-periferia-buscam-acolhimento-na-fe-Foto-Rovena-Rosa-Agencia-Brasil.webp\",\"keywords\":[\"Brasil\",\"Dia Nacional do Evang\u00e9lico\",\"Evang\u00e9licos\",\"Religi\u00e3o\"],\"articleSection\":[\"Brasil\"],\"inLanguage\":\"en-US\",\"potentialAction\":[{\"@type\":\"CommentAction\",\"name\":\"Comment\",\"target\":[\"https:\\\/\\\/folhadoleste.com.br\\\/dia-do-evangelico-fieis-na-periferia-buscam-acolhimento-na-fe\\\/#respond\"]}]},{\"@type\":\"WebPage\",\"@id\":\"https:\\\/\\\/folhadoleste.com.br\\\/dia-do-evangelico-fieis-na-periferia-buscam-acolhimento-na-fe\\\/\",\"url\":\"https:\\\/\\\/folhadoleste.com.br\\\/dia-do-evangelico-fieis-na-periferia-buscam-acolhimento-na-fe\\\/\",\"name\":\"Dia do Evang\u00e9lico: fi\u00e9is na periferia buscam acolhimento na f\u00e9\",\"isPartOf\":{\"@id\":\"https:\\\/\\\/folhadoleste.com.br\\\/#website\"},\"primaryImageOfPage\":{\"@id\":\"https:\\\/\\\/folhadoleste.com.br\\\/dia-do-evangelico-fieis-na-periferia-buscam-acolhimento-na-fe\\\/#primaryimage\"},\"image\":{\"@id\":\"https:\\\/\\\/folhadoleste.com.br\\\/dia-do-evangelico-fieis-na-periferia-buscam-acolhimento-na-fe\\\/#primaryimage\"},\"thumbnailUrl\":\"https:\\\/\\\/folhadoleste.com.br\\\/wp-content\\\/uploads\\\/2023\\\/11\\\/Dia-do-Evangelico-fieis-na-periferia-buscam-acolhimento-na-fe-Foto-Rovena-Rosa-Agencia-Brasil.webp\",\"datePublished\":\"2023-11-30T12:32:07+00:00\",\"description\":\"Dia do Evang\u00e9lico: fi\u00e9is na periferia buscam acolhimento na f\u00e9...\",\"breadcrumb\":{\"@id\":\"https:\\\/\\\/folhadoleste.com.br\\\/dia-do-evangelico-fieis-na-periferia-buscam-acolhimento-na-fe\\\/#breadcrumb\"},\"inLanguage\":\"en-US\",\"potentialAction\":[{\"@type\":\"ReadAction\",\"target\":[\"https:\\\/\\\/folhadoleste.com.br\\\/dia-do-evangelico-fieis-na-periferia-buscam-acolhimento-na-fe\\\/\"]}]},{\"@type\":\"ImageObject\",\"inLanguage\":\"en-US\",\"@id\":\"https:\\\/\\\/folhadoleste.com.br\\\/dia-do-evangelico-fieis-na-periferia-buscam-acolhimento-na-fe\\\/#primaryimage\",\"url\":\"https:\\\/\\\/folhadoleste.com.br\\\/wp-content\\\/uploads\\\/2023\\\/11\\\/Dia-do-Evangelico-fieis-na-periferia-buscam-acolhimento-na-fe-Foto-Rovena-Rosa-Agencia-Brasil.webp\",\"contentUrl\":\"https:\\\/\\\/folhadoleste.com.br\\\/wp-content\\\/uploads\\\/2023\\\/11\\\/Dia-do-Evangelico-fieis-na-periferia-buscam-acolhimento-na-fe-Foto-Rovena-Rosa-Agencia-Brasil.webp\",\"width\":1170,\"height\":700,\"caption\":\"Foto: Rovena Rosa - Ag\u00eancia Brasil\"},{\"@type\":\"BreadcrumbList\",\"@id\":\"https:\\\/\\\/folhadoleste.com.br\\\/dia-do-evangelico-fieis-na-periferia-buscam-acolhimento-na-fe\\\/#breadcrumb\",\"itemListElement\":[{\"@type\":\"ListItem\",\"position\":1,\"name\":\"In\u00edcio\",\"item\":\"https:\\\/\\\/folhadoleste.com.br\\\/\"},{\"@type\":\"ListItem\",\"position\":2,\"name\":\"Brasil\",\"item\":\"https:\\\/\\\/folhadoleste.com.br\\\/category\\\/brasil\\\/\"},{\"@type\":\"ListItem\",\"position\":3,\"name\":\"Dia do Evang\u00e9lico: fi\u00e9is na periferia buscam acolhimento na f\u00e9\"}]},{\"@type\":\"WebSite\",\"@id\":\"https:\\\/\\\/folhadoleste.com.br\\\/#website\",\"url\":\"https:\\\/\\\/folhadoleste.com.br\\\/\",\"name\":\"Folha do Leste\",\"description\":\"Portal de Not\u00edcias com \u00eanfase em Niter\u00f3i, criando conte\u00fados desde a capital Rio de Janeiro, com olhar para o Leste Fluminense e suas cidades como S\u00e3o Gon\u00e7alo, Itabora\u00ed, Rio Bonito, Maric\u00e1, Saquarema e Araruama\",\"publisher\":{\"@id\":\"https:\\\/\\\/folhadoleste.com.br\\\/#organization\"},\"alternateName\":\"FL\",\"potentialAction\":[{\"@type\":\"SearchAction\",\"target\":{\"@type\":\"EntryPoint\",\"urlTemplate\":\"https:\\\/\\\/folhadoleste.com.br\\\/?s={search_term_string}\"},\"query-input\":{\"@type\":\"PropertyValueSpecification\",\"valueRequired\":true,\"valueName\":\"search_term_string\"}}],\"inLanguage\":\"en-US\"},{\"@type\":\"Organization\",\"@id\":\"https:\\\/\\\/folhadoleste.com.br\\\/#organization\",\"name\":\"Brasil 21 Comunica\u00e7\u00e3o\",\"alternateName\":\"BR21\",\"url\":\"https:\\\/\\\/folhadoleste.com.br\\\/\",\"logo\":{\"@type\":\"ImageObject\",\"inLanguage\":\"en-US\",\"@id\":\"https:\\\/\\\/folhadoleste.com.br\\\/#\\\/schema\\\/logo\\\/image\\\/\",\"url\":\"https:\\\/\\\/folhadoleste.com.br\\\/wp-content\\\/uploads\\\/2025\\\/12\\\/brasil-21-logomarca.avif\",\"contentUrl\":\"https:\\\/\\\/folhadoleste.com.br\\\/wp-content\\\/uploads\\\/2025\\\/12\\\/brasil-21-logomarca.avif\",\"width\":1044,\"height\":1044,\"caption\":\"Brasil 21 Comunica\u00e7\u00e3o\"},\"image\":{\"@id\":\"https:\\\/\\\/folhadoleste.com.br\\\/#\\\/schema\\\/logo\\\/image\\\/\"},\"sameAs\":[\"https:\\\/\\\/www.facebook.com\\\/folhadoleste\",\"https:\\\/\\\/x.com\\\/FolhadoLesteRJ\",\"https:\\\/\\\/www.instagram.com\\\/folhadoleste\\\/\"]},{\"@type\":\"Person\",\"@id\":\"https:\\\/\\\/folhadoleste.com.br\\\/#\\\/schema\\\/person\\\/3e97145b2e1861276e84471aa85a3899\",\"name\":\"Folha do Leste\",\"image\":{\"@type\":\"ImageObject\",\"inLanguage\":\"en-US\",\"@id\":\"https:\\\/\\\/folhadoleste.com.br\\\/wp-content\\\/litespeed\\\/avatar\\\/1ca8c218432e7045e748610eb3db0259.jpg?ver=1777161142\",\"url\":\"https:\\\/\\\/folhadoleste.com.br\\\/wp-content\\\/litespeed\\\/avatar\\\/1ca8c218432e7045e748610eb3db0259.jpg?ver=1777161142\",\"contentUrl\":\"https:\\\/\\\/folhadoleste.com.br\\\/wp-content\\\/litespeed\\\/avatar\\\/1ca8c218432e7045e748610eb3db0259.jpg?ver=1777161142\",\"caption\":\"Folha do Leste\"},\"url\":\"https:\\\/\\\/folhadoleste.com.br\\\/en\\\/author\\\/reportagem-01\\\/\"}]}<\/script>\n<!-- \/ Yoast SEO plugin. -->","yoast_head_json":{"title":"Dia do Evang\u00e9lico: fi\u00e9is na periferia buscam acolhimento na f\u00e9","description":"Dia do Evang\u00e9lico: fi\u00e9is na periferia buscam acolhimento na f\u00e9...","robots":{"index":"index","follow":"follow","max-snippet":"max-snippet:-1","max-image-preview":"max-image-preview:large","max-video-preview":"max-video-preview:-1"},"canonical":"https:\/\/folhadoleste.com.br\/en\/dia-do-evangelico-fieis-na-periferia-buscam-acolhimento-na-fe\/","og_locale":"en_US","og_type":"article","og_title":"Dia do Evang\u00e9lico: fi\u00e9is na periferia buscam acolhimento na f\u00e9","og_description":"Brasil &#8226; Folha do Leste","og_url":"https:\/\/folhadoleste.com.br\/en\/dia-do-evangelico-fieis-na-periferia-buscam-acolhimento-na-fe\/","og_site_name":"Folha do Leste","article_publisher":"https:\/\/www.facebook.com\/folhadoleste","article_published_time":"2023-11-30T12:32:07+00:00","og_image":[{"width":1170,"height":700,"url":"https:\/\/folhadoleste.com.br\/wp-content\/uploads\/2023\/11\/Dia-do-Evangelico-fieis-na-periferia-buscam-acolhimento-na-fe-Foto-Rovena-Rosa-Agencia-Brasil.webp","type":"image\/webp"}],"author":"Folha do Leste","twitter_card":"summary_large_image","twitter_creator":"@FolhadoLesteRJ","twitter_site":"@FolhadoLesteRJ","twitter_misc":{"Written by":"Folha do Leste","Est. reading time":"8 minutes"},"schema":{"@context":"https:\/\/schema.org","@graph":[{"@type":"NewsArticle","@id":"https:\/\/folhadoleste.com.br\/dia-do-evangelico-fieis-na-periferia-buscam-acolhimento-na-fe\/#article","isPartOf":{"@id":"https:\/\/folhadoleste.com.br\/dia-do-evangelico-fieis-na-periferia-buscam-acolhimento-na-fe\/"},"author":{"name":"Folha do Leste","@id":"https:\/\/folhadoleste.com.br\/#\/schema\/person\/3e97145b2e1861276e84471aa85a3899"},"headline":"Dia do Evang\u00e9lico: fi\u00e9is na periferia buscam acolhimento na f\u00e9","datePublished":"2023-11-30T12:32:07+00:00","mainEntityOfPage":{"@id":"https:\/\/folhadoleste.com.br\/dia-do-evangelico-fieis-na-periferia-buscam-acolhimento-na-fe\/"},"wordCount":1911,"commentCount":0,"publisher":{"@id":"https:\/\/folhadoleste.com.br\/#organization"},"image":{"@id":"https:\/\/folhadoleste.com.br\/dia-do-evangelico-fieis-na-periferia-buscam-acolhimento-na-fe\/#primaryimage"},"thumbnailUrl":"https:\/\/folhadoleste.com.br\/wp-content\/uploads\/2023\/11\/Dia-do-Evangelico-fieis-na-periferia-buscam-acolhimento-na-fe-Foto-Rovena-Rosa-Agencia-Brasil.webp","keywords":["Brasil","Dia Nacional do Evang\u00e9lico","Evang\u00e9licos","Religi\u00e3o"],"articleSection":["Brasil"],"inLanguage":"en-US","potentialAction":[{"@type":"CommentAction","name":"Comment","target":["https:\/\/folhadoleste.com.br\/dia-do-evangelico-fieis-na-periferia-buscam-acolhimento-na-fe\/#respond"]}]},{"@type":"WebPage","@id":"https:\/\/folhadoleste.com.br\/dia-do-evangelico-fieis-na-periferia-buscam-acolhimento-na-fe\/","url":"https:\/\/folhadoleste.com.br\/dia-do-evangelico-fieis-na-periferia-buscam-acolhimento-na-fe\/","name":"Dia do Evang\u00e9lico: fi\u00e9is na periferia buscam acolhimento na f\u00e9","isPartOf":{"@id":"https:\/\/folhadoleste.com.br\/#website"},"primaryImageOfPage":{"@id":"https:\/\/folhadoleste.com.br\/dia-do-evangelico-fieis-na-periferia-buscam-acolhimento-na-fe\/#primaryimage"},"image":{"@id":"https:\/\/folhadoleste.com.br\/dia-do-evangelico-fieis-na-periferia-buscam-acolhimento-na-fe\/#primaryimage"},"thumbnailUrl":"https:\/\/folhadoleste.com.br\/wp-content\/uploads\/2023\/11\/Dia-do-Evangelico-fieis-na-periferia-buscam-acolhimento-na-fe-Foto-Rovena-Rosa-Agencia-Brasil.webp","datePublished":"2023-11-30T12:32:07+00:00","description":"Dia do Evang\u00e9lico: fi\u00e9is na periferia buscam acolhimento na f\u00e9...","breadcrumb":{"@id":"https:\/\/folhadoleste.com.br\/dia-do-evangelico-fieis-na-periferia-buscam-acolhimento-na-fe\/#breadcrumb"},"inLanguage":"en-US","potentialAction":[{"@type":"ReadAction","target":["https:\/\/folhadoleste.com.br\/dia-do-evangelico-fieis-na-periferia-buscam-acolhimento-na-fe\/"]}]},{"@type":"ImageObject","inLanguage":"en-US","@id":"https:\/\/folhadoleste.com.br\/dia-do-evangelico-fieis-na-periferia-buscam-acolhimento-na-fe\/#primaryimage","url":"https:\/\/folhadoleste.com.br\/wp-content\/uploads\/2023\/11\/Dia-do-Evangelico-fieis-na-periferia-buscam-acolhimento-na-fe-Foto-Rovena-Rosa-Agencia-Brasil.webp","contentUrl":"https:\/\/folhadoleste.com.br\/wp-content\/uploads\/2023\/11\/Dia-do-Evangelico-fieis-na-periferia-buscam-acolhimento-na-fe-Foto-Rovena-Rosa-Agencia-Brasil.webp","width":1170,"height":700,"caption":"Foto: Rovena Rosa - Ag\u00eancia Brasil"},{"@type":"BreadcrumbList","@id":"https:\/\/folhadoleste.com.br\/dia-do-evangelico-fieis-na-periferia-buscam-acolhimento-na-fe\/#breadcrumb","itemListElement":[{"@type":"ListItem","position":1,"name":"In\u00edcio","item":"https:\/\/folhadoleste.com.br\/"},{"@type":"ListItem","position":2,"name":"Brasil","item":"https:\/\/folhadoleste.com.br\/category\/brasil\/"},{"@type":"ListItem","position":3,"name":"Dia do Evang\u00e9lico: fi\u00e9is na periferia buscam acolhimento na f\u00e9"}]},{"@type":"WebSite","@id":"https:\/\/folhadoleste.com.br\/#website","url":"https:\/\/folhadoleste.com.br\/","name":"Folha do Leste","description":"Portal de Not\u00edcias com \u00eanfase em Niter\u00f3i, criando conte\u00fados desde a capital Rio de Janeiro, com olhar para o Leste Fluminense e suas cidades como S\u00e3o Gon\u00e7alo, Itabora\u00ed, Rio Bonito, Maric\u00e1, Saquarema e Araruama","publisher":{"@id":"https:\/\/folhadoleste.com.br\/#organization"},"alternateName":"FL","potentialAction":[{"@type":"SearchAction","target":{"@type":"EntryPoint","urlTemplate":"https:\/\/folhadoleste.com.br\/?s={search_term_string}"},"query-input":{"@type":"PropertyValueSpecification","valueRequired":true,"valueName":"search_term_string"}}],"inLanguage":"en-US"},{"@type":"Organization","@id":"https:\/\/folhadoleste.com.br\/#organization","name":"Brasil 21 Comunica\u00e7\u00e3o","alternateName":"BR21","url":"https:\/\/folhadoleste.com.br\/","logo":{"@type":"ImageObject","inLanguage":"en-US","@id":"https:\/\/folhadoleste.com.br\/#\/schema\/logo\/image\/","url":"https:\/\/folhadoleste.com.br\/wp-content\/uploads\/2025\/12\/brasil-21-logomarca.avif","contentUrl":"https:\/\/folhadoleste.com.br\/wp-content\/uploads\/2025\/12\/brasil-21-logomarca.avif","width":1044,"height":1044,"caption":"Brasil 21 Comunica\u00e7\u00e3o"},"image":{"@id":"https:\/\/folhadoleste.com.br\/#\/schema\/logo\/image\/"},"sameAs":["https:\/\/www.facebook.com\/folhadoleste","https:\/\/x.com\/FolhadoLesteRJ","https:\/\/www.instagram.com\/folhadoleste\/"]},{"@type":"Person","@id":"https:\/\/folhadoleste.com.br\/#\/schema\/person\/3e97145b2e1861276e84471aa85a3899","name":"Folha do Leste","image":{"@type":"ImageObject","inLanguage":"en-US","@id":"https:\/\/folhadoleste.com.br\/wp-content\/litespeed\/avatar\/1ca8c218432e7045e748610eb3db0259.jpg?ver=1777161142","url":"https:\/\/folhadoleste.com.br\/wp-content\/litespeed\/avatar\/1ca8c218432e7045e748610eb3db0259.jpg?ver=1777161142","contentUrl":"https:\/\/folhadoleste.com.br\/wp-content\/litespeed\/avatar\/1ca8c218432e7045e748610eb3db0259.jpg?ver=1777161142","caption":"Folha do Leste"},"url":"https:\/\/folhadoleste.com.br\/en\/author\/reportagem-01\/"}]}},"_links":{"self":[{"href":"https:\/\/folhadoleste.com.br\/en\/wp-json\/wp\/v2\/posts\/37826","targetHints":{"allow":["GET"]}}],"collection":[{"href":"https:\/\/folhadoleste.com.br\/en\/wp-json\/wp\/v2\/posts"}],"about":[{"href":"https:\/\/folhadoleste.com.br\/en\/wp-json\/wp\/v2\/types\/post"}],"author":[{"embeddable":true,"href":"https:\/\/folhadoleste.com.br\/en\/wp-json\/wp\/v2\/users\/4"}],"replies":[{"embeddable":true,"href":"https:\/\/folhadoleste.com.br\/en\/wp-json\/wp\/v2\/comments?post=37826"}],"version-history":[{"count":1,"href":"https:\/\/folhadoleste.com.br\/en\/wp-json\/wp\/v2\/posts\/37826\/revisions"}],"predecessor-version":[{"id":37829,"href":"https:\/\/folhadoleste.com.br\/en\/wp-json\/wp\/v2\/posts\/37826\/revisions\/37829"}],"wp:featuredmedia":[{"embeddable":true,"href":"https:\/\/folhadoleste.com.br\/en\/wp-json\/wp\/v2\/media\/37828"}],"wp:attachment":[{"href":"https:\/\/folhadoleste.com.br\/en\/wp-json\/wp\/v2\/media?parent=37826"}],"wp:term":[{"taxonomy":"category","embeddable":true,"href":"https:\/\/folhadoleste.com.br\/en\/wp-json\/wp\/v2\/categories?post=37826"},{"taxonomy":"post_tag","embeddable":true,"href":"https:\/\/folhadoleste.com.br\/en\/wp-json\/wp\/v2\/tags?post=37826"}],"curies":[{"name":"wp","href":"https:\/\/api.w.org\/{rel}","templated":true}]}}