{"id":37097,"date":"2023-11-24T15:04:13","date_gmt":"2023-11-24T18:04:13","guid":{"rendered":"https:\/\/folhadoleste.com.br\/?p=37097"},"modified":"2023-11-24T15:04:13","modified_gmt":"2023-11-24T18:04:13","slug":"niteroi-exposicao-fotografica-caminhos-de-afeto-estreia-neste-sabado","status":"publish","type":"post","link":"https:\/\/folhadoleste.com.br\/en\/niteroi-exposicao-fotografica-caminhos-de-afeto-estreia-neste-sabado\/","title":{"rendered":"Niter\u00f3i: Exposi\u00e7\u00e3o fotogr\u00e1fica Caminhos de Afeto estreia neste s\u00e1bado"},"content":{"rendered":"<div id=\"attachment_37101\" style=\"width: 2570px\" class=\"wp-caption aligncenter\"><img decoding=\"async\" aria-describedby=\"caption-attachment-37101\" class=\"size-full wp-image-37101\" src=\"https:\/\/folhadoleste.com.br\/wp-content\/uploads\/2023\/11\/Niteroi-Exposicao-fotografica-Caminhos-de-Afeto-estreia-neste-sabado-Foto-Divulgacao-scaled.jpg\" alt=\"Niter\u00f3i: Exposi\u00e7\u00e3o fotogr\u00e1fica Caminhos de Afeto estreia neste s\u00e1bado\" width=\"2560\" height=\"1540\" \/><p id=\"caption-attachment-37101\" class=\"wp-caption-text\">Foto: Divulga\u00e7\u00e3o<\/p><\/div>\n<p>A Sociedade Fluminense de Fotografia (SFF) abre no pr\u00f3ximo s\u00e1bado, dia 25 de novembro, \u00e0s 15 horas a exposi\u00e7\u00e3o fotogr\u00e1fica Caminhos de Afeto: Fotografia, Mem\u00f3ria e Inclus\u00e3o Social. A mostra re\u00fane as principais imagens trabalhadas durante quatro meses pelos alunos do curso de fotografia dirigido a jovens de periferia, com s\u00edndrome de down e acima dos 60 anos de idade.<\/p>\n<div id=\"attachment_37099\" style=\"width: 1610px\" class=\"wp-caption aligncenter\"><img decoding=\"async\" aria-describedby=\"caption-attachment-37099\" class=\"size-full wp-image-37099\" src=\"https:\/\/folhadoleste.com.br\/wp-content\/uploads\/2023\/11\/Niteroi-Exposicao-fotografica-Caminhos-de-Afeto-estreia-neste-sabado-3-Foto-Divulgacao.jpg\" alt=\"Niter\u00f3i: Exposi\u00e7\u00e3o fotogr\u00e1fica Caminhos de Afeto estreia neste s\u00e1bado\" width=\"1600\" height=\"1200\" \/><p id=\"caption-attachment-37099\" class=\"wp-caption-text\">Foto: Divulga\u00e7\u00e3o<\/p><\/div>\n<p>A exposi\u00e7\u00e3o \u00e9 a etapa final do projeto Fotografia Para Todos, que contou com financiamento da Prefeitura de Niter\u00f3i, atrav\u00e9s do Edital Rede Cultura Viva da Secretaria das Culturas, e abre as comemora\u00e7\u00f5es pelos 80 anos de funda\u00e7\u00e3o da SFF, que acontecer\u00e1 durante todo o pr\u00f3ximo ano.<\/p>\n<blockquote><p>&#8220;A exposi\u00e7\u00e3o fotogr\u00e1fica Caminhos de Afeto \u00e9 uma dose dupla de felicidade, materializa o um dos eixos mais importantes da nossa gest\u00e3o: a democratiza\u00e7\u00e3o e universaliza\u00e7\u00e3o do acesso \u00e0 cultura, enfatizando a import\u00e2ncia de abrir as portas da cultura para todos os segmentos da sociedade. Ao mesmo tempo \u00e9 o retrato do nosso reconhecimento da pot\u00eancia e da import\u00e2ncia da rede Cultura Viva na nossa cidade&#8221;, considera \u00a0J\u00falia Pacheco, Secret\u00e1ria Municipal das Culturas de Niter\u00f3i.<\/p><\/blockquote>\n<h4><a href=\"https:\/\/folhadoleste.com.br\/en\/category\/entretenimento-artes-e-cultura-destaque\/cultura\/\">\u201cLeia mais not\u00edcias sobre Cultura aqui\u201d<\/a><\/h4>\n<p>Todos os trabalhos que estar\u00e3o na exposi\u00e7\u00e3o fazem parte do Projeto Fotografia para Todos e que foi financiado pelo edital de fomento \u00e0 cultura da Prefeitura de Niter\u00f3i.<\/p>\n<div id=\"attachment_37100\" style=\"width: 1610px\" class=\"wp-caption aligncenter\"><img decoding=\"async\" aria-describedby=\"caption-attachment-37100\" class=\"size-full wp-image-37100\" src=\"https:\/\/folhadoleste.com.br\/wp-content\/uploads\/2023\/11\/Niteroi-Exposicao-fotografica-Caminhos-de-Afeto-estreia-neste-sabado-2-Foto-Divulgacao.jpg\" alt=\"Niter\u00f3i: Exposi\u00e7\u00e3o fotogr\u00e1fica Caminhos de Afeto estreia neste s\u00e1bado\" width=\"1600\" height=\"901\" \/><p id=\"caption-attachment-37100\" class=\"wp-caption-text\">Foto: Divulga\u00e7\u00e3o<\/p><\/div>\n<p>O objetivo tra\u00e7ado no projeto, segundo o presidente da AFF, Antonio Machado, \u00e9 dar oportunidade de conhecimento \u00e0s pessoas que tradicionalmente se veem exclu\u00eddas de programas como este, e o resultado foi totalmente atingido.<\/p>\n<blockquote><p>&#8220;Realizaremos uma s\u00e9rie de atividades comemorativas. Outro ponto de destaque e de import\u00e2ncia \u00e9 que pela primeira vez reunimos numa mesma exposi\u00e7\u00e3o, tr\u00eas turmas distintas do nosso curso de fotografia. S\u00e3o jovens moradores de comunidades do bairro do Fonseca; jovens com s\u00edndrome de down e pessoas com idade acima de 60 anos e moradoras de Niter\u00f3i&#8221;, conta Ant\u00f4nio Machado, presidente da SFF: &#8220;Tenho certeza de que a exposi\u00e7\u00e3o ir\u00e1 surpreender positivamente a quem for visit\u00e1-la. \u00c9 um belo trabalho dos nossos alunos, com o apoio dos professores que se dedicaram durante mais de quatro meses, para que este momento acontecesse. Acreditamos que a mostra a ser inaugurada seja um novo marco na vida dessas pessoas que se dedicaram com afinco \u00e0 arte do estudo da fotografia, da forma como a SFF vem pregando h\u00e1 80 anos&#8221;, resume.<\/p><\/blockquote>\n<h3>Servi\u00e7o<\/h3>\n<p>Exposi\u00e7\u00e3o Caminhos do Afeto<br \/>\n<strong>Abertura:<\/strong> S\u00e1bado &#8211; 25\/11\/23 &#8211; 15h<br \/>\nGaleria Oct\u00e1vio do Prado<br \/>\nSociedade Fluminense de Fotografia<br \/>\nRua Doutor Celestino, 115 &#8211; Centro &#8211; Niter\u00f3i- RJ<\/p>\n<p>&nbsp;<\/p>\n<p><a href=\"https:\/\/www.instagram.com\/folhadoleste\/\"><img decoding=\"async\" class=\"aligncenter wp-image-15962\" src=\"https:\/\/folhadoleste.com.br\/wp-content\/uploads\/2023\/07\/instagram.jpg.webp\" alt=\"Itaipu-Itaipua\u00e7u: Caminh\u00e3o causa grave acidente na RJ-102, a estrada da Serrinha\" width=\"49\" height=\"49\" \/><\/a><a href=\"https:\/\/www.facebook.com\/folhadoleste\"><img decoding=\"async\" class=\"aligncenter wp-image-7424\" src=\"https:\/\/folhadoleste.com.br\/wp-content\/uploads\/2023\/05\/facebook-logo-3-1.png.webp\" alt=\"Itaipu-Itaipua\u00e7u: Caminh\u00e3o causa grave acidente na RJ-102, a estrada da Serrinha\" width=\"49\" height=\"49\" \/><\/a><\/p>","protected":false},"excerpt":{"rendered":"<p>A Sociedade Fluminense de Fotografia (SFF) abre no pr\u00f3ximo s\u00e1bado, dia 25 de novembro, \u00e0s 15 horas a exposi\u00e7\u00e3o fotogr\u00e1fica Caminhos de Afeto: Fotografia, Mem\u00f3ria e Inclus\u00e3o Social. A mostra re\u00fane as principais imagens trabalhadas durante quatro meses pelos alunos do curso de fotografia dirigido a jovens de periferia, com s\u00edndrome de down e acima dos 60 anos de idade. A exposi\u00e7\u00e3o \u00e9 a etapa final do projeto Fotografia Para Todos, que contou com financiamento da Prefeitura de Niter\u00f3i, atrav\u00e9s do Edital Rede Cultura Viva da Secretaria das Culturas, e abre as comemora\u00e7\u00f5es pelos 80 anos de funda\u00e7\u00e3o da SFF, [&hellip;]<\/p>\n","protected":false},"author":4,"featured_media":37101,"comment_status":"open","ping_status":"open","sticky":false,"template":"","format":"standard","meta":{"footnotes":""},"categories":[85,86,83,47,5],"tags":[107,14803,108,113,54,50,14802],"class_list":["post-37097","post","type-post","status-publish","format-standard","has-post-thumbnail","hentry","category-artes","category-cultura","category-entretenimento-artes-e-cultura-destaque","category-leste-fluminense","category-noticias-de-niteroi","tag-artes","tag-caminhos-de-afeto","tag-cultura","tag-exposicao","tag-leste-fluminense","tag-niteroi","tag-sociedade-fluminense-de-fotografia","post--single"],"yoast_head":"<!-- This site is optimized with the Yoast SEO plugin v27.5 - https:\/\/yoast.com\/product\/yoast-seo-wordpress\/ -->\n<title>Niter\u00f3i: Exposi\u00e7\u00e3o fotogr\u00e1fica Caminhos de Afeto estreia neste s\u00e1bado<\/title>\n<meta name=\"description\" content=\"Niter\u00f3i: Exposi\u00e7\u00e3o fotogr\u00e1fica Caminhos de Afeto estreia neste s\u00e1bado...\" \/>\n<meta name=\"robots\" content=\"index, follow, max-snippet:-1, max-image-preview:large, max-video-preview:-1\" \/>\n<link rel=\"canonical\" href=\"https:\/\/folhadoleste.com.br\/en\/niteroi-exposicao-fotografica-caminhos-de-afeto-estreia-neste-sabado\/\" \/>\n<meta property=\"og:locale\" content=\"en_US\" \/>\n<meta property=\"og:type\" content=\"article\" \/>\n<meta property=\"og:title\" content=\"Niter\u00f3i: Exposi\u00e7\u00e3o fotogr\u00e1fica Caminhos de Afeto estreia neste s\u00e1bado\" \/>\n<meta property=\"og:description\" content=\"Cultura &#8226; Folha do Leste\" \/>\n<meta property=\"og:url\" content=\"https:\/\/folhadoleste.com.br\/en\/niteroi-exposicao-fotografica-caminhos-de-afeto-estreia-neste-sabado\/\" \/>\n<meta property=\"og:site_name\" content=\"Folha do Leste\" \/>\n<meta property=\"article:publisher\" content=\"https:\/\/www.facebook.com\/folhadoleste\" \/>\n<meta property=\"article:published_time\" content=\"2023-11-24T18:04:13+00:00\" \/>\n<meta property=\"og:image\" content=\"https:\/\/folhadoleste.com.br\/wp-content\/uploads\/2023\/11\/Niteroi-Exposicao-fotografica-Caminhos-de-Afeto-estreia-neste-sabado-Foto-Divulgacao-scaled.jpg\" \/>\n\t<meta property=\"og:image:width\" content=\"2560\" \/>\n\t<meta property=\"og:image:height\" content=\"1540\" \/>\n\t<meta property=\"og:image:type\" content=\"image\/jpeg\" \/>\n<meta name=\"author\" content=\"Folha do Leste\" \/>\n<meta name=\"twitter:card\" content=\"summary_large_image\" \/>\n<meta name=\"twitter:creator\" content=\"@FolhadoLesteRJ\" \/>\n<meta name=\"twitter:site\" content=\"@FolhadoLesteRJ\" \/>\n<meta name=\"twitter:label1\" content=\"Written by\" \/>\n\t<meta name=\"twitter:data1\" content=\"Folha do Leste\" \/>\n\t<meta name=\"twitter:label2\" content=\"Est. reading time\" \/>\n\t<meta name=\"twitter:data2\" content=\"2 minutes\" \/>\n<script type=\"application\/ld+json\" class=\"yoast-schema-graph\">{\"@context\":\"https:\\\/\\\/schema.org\",\"@graph\":[{\"@type\":\"NewsArticle\",\"@id\":\"https:\\\/\\\/folhadoleste.com.br\\\/niteroi-exposicao-fotografica-caminhos-de-afeto-estreia-neste-sabado\\\/#article\",\"isPartOf\":{\"@id\":\"https:\\\/\\\/folhadoleste.com.br\\\/niteroi-exposicao-fotografica-caminhos-de-afeto-estreia-neste-sabado\\\/\"},\"author\":{\"name\":\"Folha do Leste\",\"@id\":\"https:\\\/\\\/folhadoleste.com.br\\\/#\\\/schema\\\/person\\\/3e97145b2e1861276e84471aa85a3899\"},\"headline\":\"Niter\u00f3i: Exposi\u00e7\u00e3o fotogr\u00e1fica Caminhos de Afeto estreia neste s\u00e1bado\",\"datePublished\":\"2023-11-24T18:04:13+00:00\",\"mainEntityOfPage\":{\"@id\":\"https:\\\/\\\/folhadoleste.com.br\\\/niteroi-exposicao-fotografica-caminhos-de-afeto-estreia-neste-sabado\\\/\"},\"wordCount\":488,\"commentCount\":0,\"publisher\":{\"@id\":\"https:\\\/\\\/folhadoleste.com.br\\\/#organization\"},\"image\":{\"@id\":\"https:\\\/\\\/folhadoleste.com.br\\\/niteroi-exposicao-fotografica-caminhos-de-afeto-estreia-neste-sabado\\\/#primaryimage\"},\"thumbnailUrl\":\"https:\\\/\\\/folhadoleste.com.br\\\/wp-content\\\/uploads\\\/2023\\\/11\\\/Niteroi-Exposicao-fotografica-Caminhos-de-Afeto-estreia-neste-sabado-Foto-Divulgacao-scaled.jpg\",\"keywords\":[\"Artes\",\"Caminhos de Afeto\",\"Cultura\",\"exposi\u00e7\u00e3o\",\"Leste Fluminense\",\"Niter\u00f3i\",\"Sociedade Fluminense de Fotografia\"],\"articleSection\":[\"Artes\",\"Cultura\",\"Entretenimento, Artes e Cultura\",\"Leste Fluminense\",\"Niter\u00f3i\"],\"inLanguage\":\"en-US\",\"potentialAction\":[{\"@type\":\"CommentAction\",\"name\":\"Comment\",\"target\":[\"https:\\\/\\\/folhadoleste.com.br\\\/niteroi-exposicao-fotografica-caminhos-de-afeto-estreia-neste-sabado\\\/#respond\"]}]},{\"@type\":\"WebPage\",\"@id\":\"https:\\\/\\\/folhadoleste.com.br\\\/niteroi-exposicao-fotografica-caminhos-de-afeto-estreia-neste-sabado\\\/\",\"url\":\"https:\\\/\\\/folhadoleste.com.br\\\/niteroi-exposicao-fotografica-caminhos-de-afeto-estreia-neste-sabado\\\/\",\"name\":\"Niter\u00f3i: Exposi\u00e7\u00e3o fotogr\u00e1fica Caminhos de Afeto estreia neste s\u00e1bado\",\"isPartOf\":{\"@id\":\"https:\\\/\\\/folhadoleste.com.br\\\/#website\"},\"primaryImageOfPage\":{\"@id\":\"https:\\\/\\\/folhadoleste.com.br\\\/niteroi-exposicao-fotografica-caminhos-de-afeto-estreia-neste-sabado\\\/#primaryimage\"},\"image\":{\"@id\":\"https:\\\/\\\/folhadoleste.com.br\\\/niteroi-exposicao-fotografica-caminhos-de-afeto-estreia-neste-sabado\\\/#primaryimage\"},\"thumbnailUrl\":\"https:\\\/\\\/folhadoleste.com.br\\\/wp-content\\\/uploads\\\/2023\\\/11\\\/Niteroi-Exposicao-fotografica-Caminhos-de-Afeto-estreia-neste-sabado-Foto-Divulgacao-scaled.jpg\",\"datePublished\":\"2023-11-24T18:04:13+00:00\",\"description\":\"Niter\u00f3i: Exposi\u00e7\u00e3o fotogr\u00e1fica Caminhos de Afeto estreia neste s\u00e1bado...\",\"breadcrumb\":{\"@id\":\"https:\\\/\\\/folhadoleste.com.br\\\/niteroi-exposicao-fotografica-caminhos-de-afeto-estreia-neste-sabado\\\/#breadcrumb\"},\"inLanguage\":\"en-US\",\"potentialAction\":[{\"@type\":\"ReadAction\",\"target\":[\"https:\\\/\\\/folhadoleste.com.br\\\/niteroi-exposicao-fotografica-caminhos-de-afeto-estreia-neste-sabado\\\/\"]}]},{\"@type\":\"ImageObject\",\"inLanguage\":\"en-US\",\"@id\":\"https:\\\/\\\/folhadoleste.com.br\\\/niteroi-exposicao-fotografica-caminhos-de-afeto-estreia-neste-sabado\\\/#primaryimage\",\"url\":\"https:\\\/\\\/folhadoleste.com.br\\\/wp-content\\\/uploads\\\/2023\\\/11\\\/Niteroi-Exposicao-fotografica-Caminhos-de-Afeto-estreia-neste-sabado-Foto-Divulgacao-scaled.jpg\",\"contentUrl\":\"https:\\\/\\\/folhadoleste.com.br\\\/wp-content\\\/uploads\\\/2023\\\/11\\\/Niteroi-Exposicao-fotografica-Caminhos-de-Afeto-estreia-neste-sabado-Foto-Divulgacao-scaled.jpg\",\"width\":2560,\"height\":1540,\"caption\":\"Foto: Divulga\u00e7\u00e3o\"},{\"@type\":\"BreadcrumbList\",\"@id\":\"https:\\\/\\\/folhadoleste.com.br\\\/niteroi-exposicao-fotografica-caminhos-de-afeto-estreia-neste-sabado\\\/#breadcrumb\",\"itemListElement\":[{\"@type\":\"ListItem\",\"position\":1,\"name\":\"In\u00edcio\",\"item\":\"https:\\\/\\\/folhadoleste.com.br\\\/\"},{\"@type\":\"ListItem\",\"position\":2,\"name\":\"Entretenimento, Artes e Cultura\",\"item\":\"https:\\\/\\\/folhadoleste.com.br\\\/category\\\/entretenimento-artes-e-cultura-destaque\\\/\"},{\"@type\":\"ListItem\",\"position\":3,\"name\":\"Cultura\",\"item\":\"https:\\\/\\\/folhadoleste.com.br\\\/category\\\/entretenimento-artes-e-cultura-destaque\\\/cultura\\\/\"},{\"@type\":\"ListItem\",\"position\":4,\"name\":\"Niter\u00f3i: Exposi\u00e7\u00e3o fotogr\u00e1fica Caminhos de Afeto estreia neste s\u00e1bado\"}]},{\"@type\":\"WebSite\",\"@id\":\"https:\\\/\\\/folhadoleste.com.br\\\/#website\",\"url\":\"https:\\\/\\\/folhadoleste.com.br\\\/\",\"name\":\"Folha do Leste\",\"description\":\"Portal de Not\u00edcias com \u00eanfase em Niter\u00f3i, criando conte\u00fados desde a capital Rio de Janeiro, com olhar para o Leste Fluminense e suas cidades como S\u00e3o Gon\u00e7alo, Itabora\u00ed, Rio Bonito, Maric\u00e1, Saquarema e Araruama\",\"publisher\":{\"@id\":\"https:\\\/\\\/folhadoleste.com.br\\\/#organization\"},\"alternateName\":\"FL\",\"potentialAction\":[{\"@type\":\"SearchAction\",\"target\":{\"@type\":\"EntryPoint\",\"urlTemplate\":\"https:\\\/\\\/folhadoleste.com.br\\\/?s={search_term_string}\"},\"query-input\":{\"@type\":\"PropertyValueSpecification\",\"valueRequired\":true,\"valueName\":\"search_term_string\"}}],\"inLanguage\":\"en-US\"},{\"@type\":\"Organization\",\"@id\":\"https:\\\/\\\/folhadoleste.com.br\\\/#organization\",\"name\":\"Brasil 21 Comunica\u00e7\u00e3o\",\"alternateName\":\"BR21\",\"url\":\"https:\\\/\\\/folhadoleste.com.br\\\/\",\"logo\":{\"@type\":\"ImageObject\",\"inLanguage\":\"en-US\",\"@id\":\"https:\\\/\\\/folhadoleste.com.br\\\/#\\\/schema\\\/logo\\\/image\\\/\",\"url\":\"https:\\\/\\\/folhadoleste.com.br\\\/wp-content\\\/uploads\\\/2025\\\/12\\\/brasil-21-logomarca.avif\",\"contentUrl\":\"https:\\\/\\\/folhadoleste.com.br\\\/wp-content\\\/uploads\\\/2025\\\/12\\\/brasil-21-logomarca.avif\",\"width\":1044,\"height\":1044,\"caption\":\"Brasil 21 Comunica\u00e7\u00e3o\"},\"image\":{\"@id\":\"https:\\\/\\\/folhadoleste.com.br\\\/#\\\/schema\\\/logo\\\/image\\\/\"},\"sameAs\":[\"https:\\\/\\\/www.facebook.com\\\/folhadoleste\",\"https:\\\/\\\/x.com\\\/FolhadoLesteRJ\",\"https:\\\/\\\/www.instagram.com\\\/folhadoleste\\\/\"]},{\"@type\":\"Person\",\"@id\":\"https:\\\/\\\/folhadoleste.com.br\\\/#\\\/schema\\\/person\\\/3e97145b2e1861276e84471aa85a3899\",\"name\":\"Folha do Leste\",\"image\":{\"@type\":\"ImageObject\",\"inLanguage\":\"en-US\",\"@id\":\"https:\\\/\\\/folhadoleste.com.br\\\/wp-content\\\/litespeed\\\/avatar\\\/1ca8c218432e7045e748610eb3db0259.jpg?ver=1777161142\",\"url\":\"https:\\\/\\\/folhadoleste.com.br\\\/wp-content\\\/litespeed\\\/avatar\\\/1ca8c218432e7045e748610eb3db0259.jpg?ver=1777161142\",\"contentUrl\":\"https:\\\/\\\/folhadoleste.com.br\\\/wp-content\\\/litespeed\\\/avatar\\\/1ca8c218432e7045e748610eb3db0259.jpg?ver=1777161142\",\"caption\":\"Folha do Leste\"},\"url\":\"https:\\\/\\\/folhadoleste.com.br\\\/en\\\/author\\\/reportagem-01\\\/\"}]}<\/script>\n<!-- \/ Yoast SEO plugin. -->","yoast_head_json":{"title":"Niter\u00f3i: Exposi\u00e7\u00e3o fotogr\u00e1fica Caminhos de Afeto estreia neste s\u00e1bado","description":"Niter\u00f3i: Exposi\u00e7\u00e3o fotogr\u00e1fica Caminhos de Afeto estreia neste s\u00e1bado...","robots":{"index":"index","follow":"follow","max-snippet":"max-snippet:-1","max-image-preview":"max-image-preview:large","max-video-preview":"max-video-preview:-1"},"canonical":"https:\/\/folhadoleste.com.br\/en\/niteroi-exposicao-fotografica-caminhos-de-afeto-estreia-neste-sabado\/","og_locale":"en_US","og_type":"article","og_title":"Niter\u00f3i: Exposi\u00e7\u00e3o fotogr\u00e1fica Caminhos de Afeto estreia neste s\u00e1bado","og_description":"Cultura &#8226; Folha do Leste","og_url":"https:\/\/folhadoleste.com.br\/en\/niteroi-exposicao-fotografica-caminhos-de-afeto-estreia-neste-sabado\/","og_site_name":"Folha do Leste","article_publisher":"https:\/\/www.facebook.com\/folhadoleste","article_published_time":"2023-11-24T18:04:13+00:00","og_image":[{"width":2560,"height":1540,"url":"https:\/\/folhadoleste.com.br\/wp-content\/uploads\/2023\/11\/Niteroi-Exposicao-fotografica-Caminhos-de-Afeto-estreia-neste-sabado-Foto-Divulgacao-scaled.jpg","type":"image\/jpeg"}],"author":"Folha do Leste","twitter_card":"summary_large_image","twitter_creator":"@FolhadoLesteRJ","twitter_site":"@FolhadoLesteRJ","twitter_misc":{"Written by":"Folha do Leste","Est. reading time":"2 minutes"},"schema":{"@context":"https:\/\/schema.org","@graph":[{"@type":"NewsArticle","@id":"https:\/\/folhadoleste.com.br\/niteroi-exposicao-fotografica-caminhos-de-afeto-estreia-neste-sabado\/#article","isPartOf":{"@id":"https:\/\/folhadoleste.com.br\/niteroi-exposicao-fotografica-caminhos-de-afeto-estreia-neste-sabado\/"},"author":{"name":"Folha do Leste","@id":"https:\/\/folhadoleste.com.br\/#\/schema\/person\/3e97145b2e1861276e84471aa85a3899"},"headline":"Niter\u00f3i: Exposi\u00e7\u00e3o fotogr\u00e1fica Caminhos de Afeto estreia neste s\u00e1bado","datePublished":"2023-11-24T18:04:13+00:00","mainEntityOfPage":{"@id":"https:\/\/folhadoleste.com.br\/niteroi-exposicao-fotografica-caminhos-de-afeto-estreia-neste-sabado\/"},"wordCount":488,"commentCount":0,"publisher":{"@id":"https:\/\/folhadoleste.com.br\/#organization"},"image":{"@id":"https:\/\/folhadoleste.com.br\/niteroi-exposicao-fotografica-caminhos-de-afeto-estreia-neste-sabado\/#primaryimage"},"thumbnailUrl":"https:\/\/folhadoleste.com.br\/wp-content\/uploads\/2023\/11\/Niteroi-Exposicao-fotografica-Caminhos-de-Afeto-estreia-neste-sabado-Foto-Divulgacao-scaled.jpg","keywords":["Artes","Caminhos de Afeto","Cultura","exposi\u00e7\u00e3o","Leste Fluminense","Niter\u00f3i","Sociedade Fluminense de Fotografia"],"articleSection":["Artes","Cultura","Entretenimento, Artes e Cultura","Leste Fluminense","Niter\u00f3i"],"inLanguage":"en-US","potentialAction":[{"@type":"CommentAction","name":"Comment","target":["https:\/\/folhadoleste.com.br\/niteroi-exposicao-fotografica-caminhos-de-afeto-estreia-neste-sabado\/#respond"]}]},{"@type":"WebPage","@id":"https:\/\/folhadoleste.com.br\/niteroi-exposicao-fotografica-caminhos-de-afeto-estreia-neste-sabado\/","url":"https:\/\/folhadoleste.com.br\/niteroi-exposicao-fotografica-caminhos-de-afeto-estreia-neste-sabado\/","name":"Niter\u00f3i: Exposi\u00e7\u00e3o fotogr\u00e1fica Caminhos de Afeto estreia neste s\u00e1bado","isPartOf":{"@id":"https:\/\/folhadoleste.com.br\/#website"},"primaryImageOfPage":{"@id":"https:\/\/folhadoleste.com.br\/niteroi-exposicao-fotografica-caminhos-de-afeto-estreia-neste-sabado\/#primaryimage"},"image":{"@id":"https:\/\/folhadoleste.com.br\/niteroi-exposicao-fotografica-caminhos-de-afeto-estreia-neste-sabado\/#primaryimage"},"thumbnailUrl":"https:\/\/folhadoleste.com.br\/wp-content\/uploads\/2023\/11\/Niteroi-Exposicao-fotografica-Caminhos-de-Afeto-estreia-neste-sabado-Foto-Divulgacao-scaled.jpg","datePublished":"2023-11-24T18:04:13+00:00","description":"Niter\u00f3i: Exposi\u00e7\u00e3o fotogr\u00e1fica Caminhos de Afeto estreia neste s\u00e1bado...","breadcrumb":{"@id":"https:\/\/folhadoleste.com.br\/niteroi-exposicao-fotografica-caminhos-de-afeto-estreia-neste-sabado\/#breadcrumb"},"inLanguage":"en-US","potentialAction":[{"@type":"ReadAction","target":["https:\/\/folhadoleste.com.br\/niteroi-exposicao-fotografica-caminhos-de-afeto-estreia-neste-sabado\/"]}]},{"@type":"ImageObject","inLanguage":"en-US","@id":"https:\/\/folhadoleste.com.br\/niteroi-exposicao-fotografica-caminhos-de-afeto-estreia-neste-sabado\/#primaryimage","url":"https:\/\/folhadoleste.com.br\/wp-content\/uploads\/2023\/11\/Niteroi-Exposicao-fotografica-Caminhos-de-Afeto-estreia-neste-sabado-Foto-Divulgacao-scaled.jpg","contentUrl":"https:\/\/folhadoleste.com.br\/wp-content\/uploads\/2023\/11\/Niteroi-Exposicao-fotografica-Caminhos-de-Afeto-estreia-neste-sabado-Foto-Divulgacao-scaled.jpg","width":2560,"height":1540,"caption":"Foto: Divulga\u00e7\u00e3o"},{"@type":"BreadcrumbList","@id":"https:\/\/folhadoleste.com.br\/niteroi-exposicao-fotografica-caminhos-de-afeto-estreia-neste-sabado\/#breadcrumb","itemListElement":[{"@type":"ListItem","position":1,"name":"In\u00edcio","item":"https:\/\/folhadoleste.com.br\/"},{"@type":"ListItem","position":2,"name":"Entretenimento, Artes e Cultura","item":"https:\/\/folhadoleste.com.br\/category\/entretenimento-artes-e-cultura-destaque\/"},{"@type":"ListItem","position":3,"name":"Cultura","item":"https:\/\/folhadoleste.com.br\/category\/entretenimento-artes-e-cultura-destaque\/cultura\/"},{"@type":"ListItem","position":4,"name":"Niter\u00f3i: Exposi\u00e7\u00e3o fotogr\u00e1fica Caminhos de Afeto estreia neste s\u00e1bado"}]},{"@type":"WebSite","@id":"https:\/\/folhadoleste.com.br\/#website","url":"https:\/\/folhadoleste.com.br\/","name":"Folha do Leste","description":"Portal de Not\u00edcias com \u00eanfase em Niter\u00f3i, criando conte\u00fados desde a capital Rio de Janeiro, com olhar para o Leste Fluminense e suas cidades como S\u00e3o Gon\u00e7alo, Itabora\u00ed, Rio Bonito, Maric\u00e1, Saquarema e Araruama","publisher":{"@id":"https:\/\/folhadoleste.com.br\/#organization"},"alternateName":"FL","potentialAction":[{"@type":"SearchAction","target":{"@type":"EntryPoint","urlTemplate":"https:\/\/folhadoleste.com.br\/?s={search_term_string}"},"query-input":{"@type":"PropertyValueSpecification","valueRequired":true,"valueName":"search_term_string"}}],"inLanguage":"en-US"},{"@type":"Organization","@id":"https:\/\/folhadoleste.com.br\/#organization","name":"Brasil 21 Comunica\u00e7\u00e3o","alternateName":"BR21","url":"https:\/\/folhadoleste.com.br\/","logo":{"@type":"ImageObject","inLanguage":"en-US","@id":"https:\/\/folhadoleste.com.br\/#\/schema\/logo\/image\/","url":"https:\/\/folhadoleste.com.br\/wp-content\/uploads\/2025\/12\/brasil-21-logomarca.avif","contentUrl":"https:\/\/folhadoleste.com.br\/wp-content\/uploads\/2025\/12\/brasil-21-logomarca.avif","width":1044,"height":1044,"caption":"Brasil 21 Comunica\u00e7\u00e3o"},"image":{"@id":"https:\/\/folhadoleste.com.br\/#\/schema\/logo\/image\/"},"sameAs":["https:\/\/www.facebook.com\/folhadoleste","https:\/\/x.com\/FolhadoLesteRJ","https:\/\/www.instagram.com\/folhadoleste\/"]},{"@type":"Person","@id":"https:\/\/folhadoleste.com.br\/#\/schema\/person\/3e97145b2e1861276e84471aa85a3899","name":"Folha do Leste","image":{"@type":"ImageObject","inLanguage":"en-US","@id":"https:\/\/folhadoleste.com.br\/wp-content\/litespeed\/avatar\/1ca8c218432e7045e748610eb3db0259.jpg?ver=1777161142","url":"https:\/\/folhadoleste.com.br\/wp-content\/litespeed\/avatar\/1ca8c218432e7045e748610eb3db0259.jpg?ver=1777161142","contentUrl":"https:\/\/folhadoleste.com.br\/wp-content\/litespeed\/avatar\/1ca8c218432e7045e748610eb3db0259.jpg?ver=1777161142","caption":"Folha do Leste"},"url":"https:\/\/folhadoleste.com.br\/en\/author\/reportagem-01\/"}]}},"_links":{"self":[{"href":"https:\/\/folhadoleste.com.br\/en\/wp-json\/wp\/v2\/posts\/37097","targetHints":{"allow":["GET"]}}],"collection":[{"href":"https:\/\/folhadoleste.com.br\/en\/wp-json\/wp\/v2\/posts"}],"about":[{"href":"https:\/\/folhadoleste.com.br\/en\/wp-json\/wp\/v2\/types\/post"}],"author":[{"embeddable":true,"href":"https:\/\/folhadoleste.com.br\/en\/wp-json\/wp\/v2\/users\/4"}],"replies":[{"embeddable":true,"href":"https:\/\/folhadoleste.com.br\/en\/wp-json\/wp\/v2\/comments?post=37097"}],"version-history":[{"count":1,"href":"https:\/\/folhadoleste.com.br\/en\/wp-json\/wp\/v2\/posts\/37097\/revisions"}],"predecessor-version":[{"id":37102,"href":"https:\/\/folhadoleste.com.br\/en\/wp-json\/wp\/v2\/posts\/37097\/revisions\/37102"}],"wp:featuredmedia":[{"embeddable":true,"href":"https:\/\/folhadoleste.com.br\/en\/wp-json\/wp\/v2\/media\/37101"}],"wp:attachment":[{"href":"https:\/\/folhadoleste.com.br\/en\/wp-json\/wp\/v2\/media?parent=37097"}],"wp:term":[{"taxonomy":"category","embeddable":true,"href":"https:\/\/folhadoleste.com.br\/en\/wp-json\/wp\/v2\/categories?post=37097"},{"taxonomy":"post_tag","embeddable":true,"href":"https:\/\/folhadoleste.com.br\/en\/wp-json\/wp\/v2\/tags?post=37097"}],"curies":[{"name":"wp","href":"https:\/\/api.w.org\/{rel}","templated":true}]}}