{"id":36609,"date":"2023-11-21T20:02:23","date_gmt":"2023-11-21T23:02:23","guid":{"rendered":"https:\/\/folhadoleste.com.br\/?p=36609"},"modified":"2023-11-21T20:02:23","modified_gmt":"2023-11-21T23:02:23","slug":"mst-chama-atencao-para-necessidade-de-producao-sustentavel","status":"publish","type":"post","link":"https:\/\/folhadoleste.com.br\/en\/mst-chama-atencao-para-necessidade-de-producao-sustentavel\/","title":{"rendered":"MST chama aten\u00e7\u00e3o para necessidade de produ\u00e7\u00e3o sustent\u00e1vel"},"content":{"rendered":"<div id=\"attachment_36615\" style=\"width: 1180px\" class=\"wp-caption aligncenter\"><img decoding=\"async\" aria-describedby=\"caption-attachment-36615\" class=\"size-full wp-image-36615\" src=\"https:\/\/folhadoleste.com.br\/wp-content\/uploads\/2023\/11\/MST-chama-atencao-para-necessidade-de-producao-sustentavel-Foto-Tomaz-Silva-Agencia-Brasil.webp\" alt=\"MST chama aten\u00e7\u00e3o para necessidade de produ\u00e7\u00e3o sustent\u00e1vel\" width=\"1170\" height=\"700\" \/><p id=\"caption-attachment-36615\" class=\"wp-caption-text\">Foto: Tomaz Silva &#8211; Ag\u00eancia Brasil<\/p><\/div>\n<p>O Movimento dos Trabalhadores Rurais Sem Terra (MST) faz 40 anos em 2024 e de l\u00e1 para c\u00e1 registrou avan\u00e7os e enfrentou desafios. Uma das constata\u00e7\u00f5es da organiza\u00e7\u00e3o de ativismo pol\u00edtico e social neste per\u00edodo foi verificar que o modelo de produ\u00e7\u00e3o atual de alimentos est\u00e1 diretamente vinculado \u00e0 crise global do meio ambiente.<\/p>\n<p>A conclus\u00e3o \u00e9 de Ma\u00edra Pereira Santiago, integrante da dire\u00e7\u00e3o estadual do MST em Minas Gerais que participou nesta ter\u00e7a-feira (21) do Festival de Arte e Cultura da Agroecologia, evento vinculado ao Congresso Brasileiro de Agroecologia, que acontece nesta semana no Rio de Janeiro.<img decoding=\"async\" src=\"https:\/\/agenciabrasil.ebc.com.br\/ebc.png?id=1568063&amp;o=node\" \/><img decoding=\"async\" src=\"https:\/\/agenciabrasil.ebc.com.br\/ebc.gif?id=1568063&amp;o=node\" \/><\/p>\n<div class=\"dnd-widget-wrapper context-cheio_8colunas type-image\">\n<div class=\"dnd-atom-rendered\">\n<div class=\"shadow overflow-hidden rounded-lg d-block w-100\">\n<div style=\"width: 764px\" class=\"wp-caption aligncenter\"><img decoding=\"async\" class=\"flex-fill img-cover\" title=\"Tomaz Silva\/Ag\u00eancia Brasil\" src=\"https:\/\/imagens.ebc.com.br\/qW7Zmvvl9m7pwvENQMCDID_DP28=\/754x0\/smart\/https:\/\/agenciabrasil.ebc.com.br\/sites\/default\/files\/thumbnails\/image\/_dsc5487.jpg?itok=AN9J99W-\" alt=\"Rio de Janeiro (RJ), 21\/11\/2023 \u2013 Festival de Arte e Cultura da Agroecologia, no Passeio P\u00fablico, no centro do Rio de Janeiro. Foto: Tomaz Silva\/Ag\u00eancia Brasil\" width=\"754\" height=\"502\" \/><p class=\"wp-caption-text\">Festival de Arte e Cultura da Agroecologia, no Passeio P\u00fablico, no centro do Rio de Janeiro &#8211;\u00a0Tomaz Silva\/Ag\u00eancia Brasil<\/p><\/div>\n<\/div>\n<\/div>\n<\/div>\n<p>Para o enfrentamento desta quest\u00e3o, Ma\u00edra enxerga a reforma agr\u00e1ria como\u00a0importante a\u00e7\u00e3o para a democratiza\u00e7\u00e3o de terras e socializa\u00e7\u00e3o de bens comuns e tamb\u00e9m para minimizar a crise ambiental. \u201cDe pandemias, de clima, de chuvas, de falta de alimento, com a fome, por exemplo. Esse \u00e9 um avan\u00e7o pra n\u00f3s muito importante e entender essa crise ambiental e como a gente pode colocar a reforma agr\u00e1ria \u00e0 disposi\u00e7\u00e3o para conter tudo isso\u201d, disse em entrevista \u00e0\u00a0Ag\u00eancia Brasil.<\/p>\n<p>A coordenadora participou nesta ter\u00e7a-feira (21) de uma roda de conversa do Barrac\u00e3o Contra Agrot\u00f3xicos e Transg\u00eanicos Tenda Rachel Karlson, no Festival de Arte e Cultura da Agroecologia, no Parque do Passeio P\u00fablico, centro do Rio de Janeiro.<\/p>\n<h4><a href=\"https:\/\/folhadoleste.com.br\/category\/brasil\/\">\u201cLeia mais not\u00edcias sobre Brasil aqui\u201d<\/a><\/h4>\n<p>O local \u00e9 um dos oito barrac\u00f5es dos saberes montados no evento, que re\u00fane cerca de 350 expositores e expositoras de povos ind\u00edgenas, quilombolas e outras comunidades tradicionais, em 150 barracas.\u00a0De hoje at\u00e9 quinta-feira das 8h \u00e0s 18h,\u00a0 ser\u00e3o\u00a0vendidas\u00a0pe\u00e7as de artesanato\u00a0e produtos de alimenta\u00e7\u00e3o saud\u00e1vel.<\/p>\n<p>A participa\u00e7\u00e3o da agricultura familiar dentro da produ\u00e7\u00e3o agr\u00edcola do Brasil, segundo Ma\u00edra, apesar de ter registrado um crescimento ao longo da vida do MST, representou um desafio.<\/p>\n<blockquote><p>\u201cNos \u00faltimos sete, oito anos deixamos de acessar muitas pol\u00edticas p\u00fablicas que s\u00e3o direitos dos agricultores familiares, e a\u00ed fez com que o que a gente vinha conseguindo de avan\u00e7ar na produ\u00e7\u00e3o de alimentos saud\u00e1veis e fazer com que esses alimentos sejam vinculados, de fato, \u00e0s popula\u00e7\u00f5es, retrocedesse. Retrocedeu tanto que hoje a gente tem 33 milh\u00f5es de pessoas que n\u00e3o comem [no pa\u00eds] e outros milh\u00f5es com inseguran\u00e7a alimentar\u201d, pontuou.<\/p><\/blockquote>\n<p>Um avan\u00e7o no per\u00edodo, de acordo com Ma\u00edra que tamb\u00e9m \u00e9 uma das coordenadoras no pa\u00eds do Plano Nacional Plantar \u00c1rvores e Produzir Alimentos Saud\u00e1veis, foi o aumento da conscientiza\u00e7\u00e3o de agricultores familiares na produ\u00e7\u00e3o mais saud\u00e1vel.<\/p>\n<blockquote><p>\u201cNa pandemia, a gente conseguiu, n\u00e3o s\u00f3 o MST, mas a agricultura familiar como um todo ter o que \u00e9 crucial na exist\u00eancia humana que \u00e9 a solidariedade. Diante de uma complexidade t\u00e3o grande que a sociedade passava e a fome t\u00e3o presente a gente conseguiu vincular territ\u00f3rios \u00e0 produ\u00e7\u00e3o de alimentos que estava sendo distribu\u00eddo para comunidades urbanas perif\u00e9ricas das cidades. Com isso, a gente conseguiu a amplia\u00e7\u00e3o dessa nossa produ\u00e7\u00e3o de alimentos saud\u00e1veis\u201d, observou,<\/p><\/blockquote>\n<p>O Plano Nacional Plantar \u00c1rvores e Produzir Alimentos Saud\u00e1veis, lan\u00e7ado em 2020, tem a perspectiva de plantar 100 mil \u00e1rvores at\u00e9 2030 em todas as \u00e1reas de assentamento e acampamento em todo Brasil.<\/p>\n<blockquote><p>\u201cQueremos ampliar isso para outros territ\u00f3rios com a sociedade, nas cidades, nos parques para o plantio de \u00e1rvores. Para isso acontecer, trabalhamos estrat\u00e9gias diferentes de coletas de sementes e constru\u00e7\u00e3o de viveiros, hoje temos mais de 300 viveiros no Brasil todo que produzem mudas\u201d.<\/p><\/blockquote>\n<h4>Ind\u00edgenas<\/h4>\n<p>A preocupa\u00e7\u00e3o com a demarca\u00e7\u00e3o das terras ind\u00edgenas foi o foco de J\u00falio Garcia Karai Xiju da etnia guarani de uma aldeia de Angra dos Reis, na costa verde do Rio. O ind\u00edgena, que participa da coordena\u00e7\u00e3o da comiss\u00e3o guarani para o Sul e Sudeste, defendeu durante uma palestra no Barrac\u00e3o dos Povos Ind\u00edgenas que a demarca\u00e7\u00e3o preserva a cultura dos seus ancestrais e ainda garante a produ\u00e7\u00e3o de alimentos tradicionais dos ind\u00edgenas como o aipim e o milho crioulo, uma esp\u00e9cie com gr\u00e3os avermelhados como ocorre no seu territ\u00f3rio de 2017 hectares, que foi demarcado em 1985.<\/p>\n<div class=\"dnd-widget-wrapper context-cheio_8colunas type-image\">\n<div class=\"dnd-atom-rendered\">\n<div class=\"shadow overflow-hidden rounded-lg d-block w-100\">\n<div style=\"width: 764px\" class=\"wp-caption aligncenter\"><img decoding=\"async\" class=\"flex-fill img-cover\" title=\"Tomaz Silva\/Ag\u00eancia Brasil\" src=\"https:\/\/imagens.ebc.com.br\/S_xkjRjas1w7pBSH_DapB0z5k34=\/754x0\/smart\/https:\/\/agenciabrasil.ebc.com.br\/sites\/default\/files\/thumbnails\/image\/_dsc5614.jpg?itok=QP5HHyx9\" alt=\"Rio de Janeiro (RJ), 21\/11\/2023 \u2013 Pe\u00e7as produzidas por ind\u00edgenas \u00e0 venda no Festival de Arte e Cultura da Agroecologia, no Passeio P\u00fablico, no centro do Rio de Janeiro. Foto: Tomaz Silva\/Ag\u00eancia Brasil\" width=\"754\" height=\"502\" \/><p class=\"wp-caption-text\">Pe\u00e7as produzidas por ind\u00edgenas \u00e0 venda no Festival de Arte e Cultura da Agroecologia &#8211;\u00a0Tomaz Silva\/Ag\u00eancia Brasil<\/p><\/div>\n<\/div>\n<\/div>\n<\/div>\n<blockquote><p>\u201cHoje em dia, para garantir o territ\u00f3rio e implantar todas as atividades culturais que temos, a nossa vida \u00e9 pela demarca\u00e7\u00e3o dos territ\u00f3rios. A partir da\u00ed, da demarca\u00e7\u00e3o de aldeias, vamos ter a ro\u00e7a, sa\u00fade, preserva\u00e7\u00e3o ambiental, vamos ter educa\u00e7\u00e3o. Tudo isso envolve o c\u00edrculo de luta pela demarca\u00e7\u00e3o do nosso territ\u00f3rio das comunidades ind\u00edgenas\u201d, afirmou \u00e0 reportagem da\u00a0Ag\u00eancia Brasil.<\/p><\/blockquote>\n<p>Segundo o l\u00edder ind\u00edgena, das oito aldeias existentes no estado do Rio de Janeiro, apenas tr\u00eas est\u00e3o demarcadas e o restante est\u00e1 em processo de discuss\u00e3o para a demarca\u00e7\u00e3o. As etnias s\u00e3o guarani, patax\u00f3 e guarani-kaiow\u00e1.<\/p>\n<h4>Produ\u00e7\u00e3o<\/h4>\n<p>Um dos expositores do evento, Francisco Asturiano, 72 anos,\u00a0 \u00e9 agricultor e tem uma propriedade em Itabora\u00ed, na divisa com Cachoeiras de Macacu, na regi\u00e3o metropolitana do Rio, e faz parte de associa\u00e7\u00e3o de produtores org\u00e2nicos. Entre outros alimentos, Francisco produz berinjela, batata-doce e mandioca.<\/p>\n<div class=\"dnd-widget-wrapper context-cheio_8colunas type-image\">\n<div class=\"dnd-atom-rendered\">\n<div class=\"shadow overflow-hidden rounded-lg d-block w-100\">\n<div style=\"width: 764px\" class=\"wp-caption aligncenter\"><img decoding=\"async\" class=\"flex-fill img-cover\" title=\"Tomaz Silva\/Ag\u00eancia Brasil\" src=\"https:\/\/imagens.ebc.com.br\/r59QVIThRSiah9GGMuZmRYUS5Vo=\/754x0\/smart\/https:\/\/agenciabrasil.ebc.com.br\/sites\/default\/files\/thumbnails\/image\/_dsc5547.jpg?itok=7fize9mG\" alt=\"Rio de Janeiro (RJ), 21\/11\/2023 \u2013 O produtor de mel, Marcus Andr\u00e9 e o agricultor Francisco Asturiano no stand da dupla, com produtos da agricultura familiar, no Festival de Arte e Cultura da Agroecologia, no Passeio P\u00fablico, no centro do Rio de Janeiro. Foto: Tomaz Silva\/Ag\u00eancia Brasil\" width=\"754\" height=\"502\" \/><p class=\"wp-caption-text\">Marcus Andr\u00e9 e\u00a0Francisco Asturiano no stand da dupla, com produtos da agricultura familiar &#8211;\u00a0Tomaz Silva\/Ag\u00eancia Brasil<\/p><\/div>\n<\/div>\n<\/div>\n<\/div>\n<blockquote><p>\u201cS\u00e3o planta\u00e7\u00f5es que se agregam uma \u00e0 outra. Planto aipim, mas do lado planto milho que vai jogar nitrog\u00eanio para a planta do aipim. \u00c9 consorciado. \u00c9 toda uma din\u00e2mica diferente. N\u00e3o \u00e9 a grande quantidade de produtos, mas \u00e9 consci\u00eancia de que a terra est\u00e1 sana e recebe aquilo que precisa para produzir da forma correta\u201d, disse \u00e0\u00a0Ag\u00eancia Brasil.<\/p><\/blockquote>\n<p>Para Mateus Andr\u00e9, que divide a barraca com Francisco, o grande gargalo do pequeno produtor continua sendo o transporte.<\/p>\n<blockquote><p>\u201cInfelizmente n\u00e3o temos no Brasil uma forma de escoamento democr\u00e1tica. \u00c9 dist\u00e2ncia, frete sempre tem esse empecilho todo. Eu fa\u00e7o entrega a domic\u00edlio e participo tamb\u00e9m de feiras patrocinadas pela Abio [Associa\u00e7\u00e3o de Agricultores Biol\u00f3gicos do Estado do Rio de Janeiro] do Circuito Carioca de Feiras, onde tenho uns pontos e escoo um pouco desses produtos\u201d, conta<\/p><\/blockquote>\n<p>Segundo o agricultor, participar da Feira \u00e9 uma forma de dar mais visibilidade aos produtos de pequenos produtores.<\/p>\n<blockquote><p>\u201c\u00c9 importante que a sociedade\u00a0de uma maneira geral reconhe\u00e7a o trabalho do pequeno agricultor porque somos n\u00f3s, na verdade, que produzimos o alimento s\u00e3o e sem agrot\u00f3xicos, sem importa\u00e7\u00f5es, utilizando aquilo que temos aqui. N\u00e3o \u00e9 s\u00f3 org\u00e2nico, mas a caracter\u00edstica principal que \u00e9 a sustentabilidade e o respeito pela terra\u201d.<\/p><\/blockquote>\n<p>Marcos Andr\u00e9, que\u00a0produz\u00a0mel a partir de abelhas nativas sem ferr\u00e3o, est\u00e1 satisfeito de poder apresentar o seu produto na Feira que considera muito qualificado. De acordo com ele, essas abelhas t\u00eam origem no Brasil e ao longo dos anos ajudaram a polinizar florestas do pa\u00eds. Ele destacou ainda a import\u00e2ncia desta abelha em \u00e1reas reflorestadas.<\/p>\n<blockquote><p>\u201cAs \u00e1rvores n\u00e3o s\u00e3o grandes o suficiente e n\u00e3o t\u00eam oco para as abelhas nativas, ent\u00e3o o meliponicultor, quando cultiva a abelha nativa ele est\u00e1 oferecendo um espa\u00e7o para que exista esta abelha em \u00e1reas rec\u00e9m florestadas\u201d, explica.<\/p><\/blockquote>\n<h4><a href=\"https:\/\/folhadoleste.com.br\/category\/brasil\/\">\u201cLeia mais not\u00edcias sobre Brasil aqui\u201d<\/a><\/h4>\n<p>Marcos Andr\u00e9 conta\u00a0que a produ\u00e7\u00e3o na Fazenda S\u00e3o Marcos ainda \u00e9 pequena, mas tem avan\u00e7ado, e espera em breve chegar a uma quantidade maior de mel produzido no local.<\/p>\n<blockquote><p>\u201cEstou trabalhando com tr\u00eas esp\u00e9cies e \u00e0 medida que a gente for expandindo vai aumentando o n\u00famero de esp\u00e9cies\u201d, comentou, completando que o valor agregado no mel dessas abelhas \u00e9 maior do que de a do tipo apis .<\/p>\n<p>\u201cA abelha jata\u00ed [um tipo de nativa], por exemplo, produz de meio a um litro de mel por ano, ent\u00e3o elas t\u00eam um valor agregado maior e tamb\u00e9m para a sa\u00fade. Elas desenvolveram v\u00e1rios antibactericidas. O mel e o pr\u00f3polis delas\u00a0s\u00e3o antibi\u00f3ticos naturais. Ela tem uma produ\u00e7\u00e3o bem menor, mas a gente cobra um valor maior por todo benef\u00edcio que traz para as pessoas e para o meio ambiente\u201d, disse.<\/p><\/blockquote>\n<p>O produtor explicou que \u00e9 chamado de apicultor quem produz a partir da abelha apis, que tem origem na Europa e n \u00c1frica.<\/p>\n<p>Isabela Santos Gon\u00e7alves Costa, da Firmeza Hub, empresa que organizou a feira, disse que o papel do evento\u00a0\u00e9 trazer a diversidade dos produtores para se encontrar com os consumidores de uma forma mais pr\u00f3xima.<\/p>\n<blockquote><p>\u201cAl\u00e9m da feira voltada \u00e0 venda de produtos populares e de alimentos a gente tem os barrac\u00f5es dos saberes, que s\u00e3o espa\u00e7os acad\u00eamicos, de fala e de compartilhamento\u201d, completou, destacando a presen\u00e7a de alunos de escolas p\u00fablicas que visitam a feira no Parque do Passeio<\/p><\/blockquote>\n<p>Al\u00e9m disso, a escolha do Parque do Passeio P\u00fablico, no centro do Rio, local que j\u00e1 teve muita representa\u00e7\u00e3o no passado e atualmente \u00e9 pouco aproveitado por moradores e visitantes da cidade, foi intencional.<\/p>\n<blockquote><p>\u201cEstamos fazendo um processo de revitaliza\u00e7\u00e3o de espa\u00e7os p\u00fablicos por meio da agroecologia e de incid\u00eancia cultural. Estamos ocupando o Parque do Passeio com pessoas do Brasil inteiro, de comunidades tradicionais, quilombolas e com uma produ\u00e7\u00e3o negra, disse.<\/p><\/blockquote>\n<p>&nbsp;<\/p>\n<p><a href=\"https:\/\/www.instagram.com\/folhadoleste\/\"><img decoding=\"async\" class=\"aligncenter wp-image-15962\" src=\"https:\/\/folhadoleste.com.br\/wp-content\/uploads\/2023\/07\/instagram.jpg.webp\" alt=\"Itaipu-Itaipua\u00e7u: Caminh\u00e3o causa grave acidente na RJ-102, a estrada da Serrinha\" width=\"49\" height=\"49\" \/><\/a><a href=\"https:\/\/www.facebook.com\/folhadoleste\"><img decoding=\"async\" class=\"aligncenter wp-image-7424\" src=\"https:\/\/folhadoleste.com.br\/wp-content\/uploads\/2023\/05\/facebook-logo-3-1.png.webp\" alt=\"Itaipu-Itaipua\u00e7u: Caminh\u00e3o causa grave acidente na RJ-102, a estrada da Serrinha\" width=\"49\" height=\"49\" \/><\/a><\/p>\n<p>&nbsp;<\/p>\n<p>&nbsp;<\/p>\n<p><em>Fonte: Ag\u00eancia Brasil<\/em><\/p>\n","protected":false},"excerpt":{"rendered":"<p>O Movimento dos Trabalhadores Rurais Sem Terra (MST) faz 40 anos em 2024 e de l\u00e1 para c\u00e1 registrou avan\u00e7os e enfrentou desafios. Uma das constata\u00e7\u00f5es da organiza\u00e7\u00e3o de ativismo pol\u00edtico e social neste per\u00edodo foi verificar que o modelo de produ\u00e7\u00e3o atual de alimentos est\u00e1 diretamente vinculado \u00e0 crise global do meio ambiente. A conclus\u00e3o \u00e9 de Ma\u00edra Pereira Santiago, integrante da dire\u00e7\u00e3o estadual do MST em Minas Gerais que participou nesta ter\u00e7a-feira (21) do Festival de Arte e Cultura da Agroecologia, evento vinculado ao Congresso Brasileiro de Agroecologia, que acontece nesta semana no Rio de Janeiro. Para o [&hellip;]<\/p>\n","protected":false},"author":4,"featured_media":36615,"comment_status":"open","ping_status":"open","sticky":false,"template":"","format":"standard","meta":{"footnotes":""},"categories":[64],"tags":[5216,68,14694,1218],"class_list":["post-36609","post","type-post","status-publish","format-standard","has-post-thumbnail","hentry","category-brasil","tag-agroecologia","tag-brasil","tag-festival-de-arte-e-cultura-da-agroecologia","tag-mst","post--single"],"yoast_head":"<!-- This site is optimized with the Yoast SEO plugin v27.5 - https:\/\/yoast.com\/product\/yoast-seo-wordpress\/ -->\n<title>MST chama aten\u00e7\u00e3o para necessidade de produ\u00e7\u00e3o sustent\u00e1vel<\/title>\n<meta name=\"description\" content=\"MST chama aten\u00e7\u00e3o para necessidade de produ\u00e7\u00e3o sustent\u00e1vel...\" \/>\n<meta name=\"robots\" content=\"index, follow, max-snippet:-1, max-image-preview:large, max-video-preview:-1\" \/>\n<link rel=\"canonical\" href=\"https:\/\/folhadoleste.com.br\/en\/mst-chama-atencao-para-necessidade-de-producao-sustentavel\/\" \/>\n<meta property=\"og:locale\" content=\"en_US\" \/>\n<meta property=\"og:type\" content=\"article\" \/>\n<meta property=\"og:title\" content=\"MST chama aten\u00e7\u00e3o para necessidade de produ\u00e7\u00e3o sustent\u00e1vel\" \/>\n<meta property=\"og:description\" content=\"Brasil &#8226; Folha do Leste\" \/>\n<meta property=\"og:url\" content=\"https:\/\/folhadoleste.com.br\/en\/mst-chama-atencao-para-necessidade-de-producao-sustentavel\/\" \/>\n<meta property=\"og:site_name\" content=\"Folha do Leste\" \/>\n<meta property=\"article:publisher\" content=\"https:\/\/www.facebook.com\/folhadoleste\" \/>\n<meta property=\"article:published_time\" content=\"2023-11-21T23:02:23+00:00\" \/>\n<meta property=\"og:image\" content=\"https:\/\/folhadoleste.com.br\/wp-content\/uploads\/2023\/11\/MST-chama-atencao-para-necessidade-de-producao-sustentavel-Foto-Tomaz-Silva-Agencia-Brasil.webp\" \/>\n\t<meta property=\"og:image:width\" content=\"1170\" \/>\n\t<meta property=\"og:image:height\" content=\"700\" \/>\n\t<meta property=\"og:image:type\" content=\"image\/webp\" \/>\n<meta name=\"author\" content=\"Folha do Leste\" \/>\n<meta name=\"twitter:card\" content=\"summary_large_image\" \/>\n<meta name=\"twitter:creator\" content=\"@FolhadoLesteRJ\" \/>\n<meta name=\"twitter:site\" content=\"@FolhadoLesteRJ\" \/>\n<meta name=\"twitter:label1\" content=\"Written by\" \/>\n\t<meta name=\"twitter:data1\" content=\"Folha do Leste\" \/>\n\t<meta name=\"twitter:label2\" content=\"Est. reading time\" \/>\n\t<meta name=\"twitter:data2\" content=\"7 minutes\" \/>\n<script type=\"application\/ld+json\" class=\"yoast-schema-graph\">{\"@context\":\"https:\\\/\\\/schema.org\",\"@graph\":[{\"@type\":\"NewsArticle\",\"@id\":\"https:\\\/\\\/folhadoleste.com.br\\\/mst-chama-atencao-para-necessidade-de-producao-sustentavel\\\/#article\",\"isPartOf\":{\"@id\":\"https:\\\/\\\/folhadoleste.com.br\\\/mst-chama-atencao-para-necessidade-de-producao-sustentavel\\\/\"},\"author\":{\"name\":\"Folha do Leste\",\"@id\":\"https:\\\/\\\/folhadoleste.com.br\\\/#\\\/schema\\\/person\\\/3e97145b2e1861276e84471aa85a3899\"},\"headline\":\"MST chama aten\u00e7\u00e3o para necessidade de produ\u00e7\u00e3o sustent\u00e1vel\",\"datePublished\":\"2023-11-21T23:02:23+00:00\",\"mainEntityOfPage\":{\"@id\":\"https:\\\/\\\/folhadoleste.com.br\\\/mst-chama-atencao-para-necessidade-de-producao-sustentavel\\\/\"},\"wordCount\":1677,\"commentCount\":0,\"publisher\":{\"@id\":\"https:\\\/\\\/folhadoleste.com.br\\\/#organization\"},\"image\":{\"@id\":\"https:\\\/\\\/folhadoleste.com.br\\\/mst-chama-atencao-para-necessidade-de-producao-sustentavel\\\/#primaryimage\"},\"thumbnailUrl\":\"https:\\\/\\\/folhadoleste.com.br\\\/wp-content\\\/uploads\\\/2023\\\/11\\\/MST-chama-atencao-para-necessidade-de-producao-sustentavel-Foto-Tomaz-Silva-Agencia-Brasil.webp\",\"keywords\":[\"agroecologia\",\"Brasil\",\"Festival de Arte e Cultura da Agroecologia\",\"MST\"],\"articleSection\":[\"Brasil\"],\"inLanguage\":\"en-US\",\"potentialAction\":[{\"@type\":\"CommentAction\",\"name\":\"Comment\",\"target\":[\"https:\\\/\\\/folhadoleste.com.br\\\/mst-chama-atencao-para-necessidade-de-producao-sustentavel\\\/#respond\"]}]},{\"@type\":\"WebPage\",\"@id\":\"https:\\\/\\\/folhadoleste.com.br\\\/mst-chama-atencao-para-necessidade-de-producao-sustentavel\\\/\",\"url\":\"https:\\\/\\\/folhadoleste.com.br\\\/mst-chama-atencao-para-necessidade-de-producao-sustentavel\\\/\",\"name\":\"MST chama aten\u00e7\u00e3o para necessidade de produ\u00e7\u00e3o sustent\u00e1vel\",\"isPartOf\":{\"@id\":\"https:\\\/\\\/folhadoleste.com.br\\\/#website\"},\"primaryImageOfPage\":{\"@id\":\"https:\\\/\\\/folhadoleste.com.br\\\/mst-chama-atencao-para-necessidade-de-producao-sustentavel\\\/#primaryimage\"},\"image\":{\"@id\":\"https:\\\/\\\/folhadoleste.com.br\\\/mst-chama-atencao-para-necessidade-de-producao-sustentavel\\\/#primaryimage\"},\"thumbnailUrl\":\"https:\\\/\\\/folhadoleste.com.br\\\/wp-content\\\/uploads\\\/2023\\\/11\\\/MST-chama-atencao-para-necessidade-de-producao-sustentavel-Foto-Tomaz-Silva-Agencia-Brasil.webp\",\"datePublished\":\"2023-11-21T23:02:23+00:00\",\"description\":\"MST chama aten\u00e7\u00e3o para necessidade de produ\u00e7\u00e3o sustent\u00e1vel...\",\"breadcrumb\":{\"@id\":\"https:\\\/\\\/folhadoleste.com.br\\\/mst-chama-atencao-para-necessidade-de-producao-sustentavel\\\/#breadcrumb\"},\"inLanguage\":\"en-US\",\"potentialAction\":[{\"@type\":\"ReadAction\",\"target\":[\"https:\\\/\\\/folhadoleste.com.br\\\/mst-chama-atencao-para-necessidade-de-producao-sustentavel\\\/\"]}]},{\"@type\":\"ImageObject\",\"inLanguage\":\"en-US\",\"@id\":\"https:\\\/\\\/folhadoleste.com.br\\\/mst-chama-atencao-para-necessidade-de-producao-sustentavel\\\/#primaryimage\",\"url\":\"https:\\\/\\\/folhadoleste.com.br\\\/wp-content\\\/uploads\\\/2023\\\/11\\\/MST-chama-atencao-para-necessidade-de-producao-sustentavel-Foto-Tomaz-Silva-Agencia-Brasil.webp\",\"contentUrl\":\"https:\\\/\\\/folhadoleste.com.br\\\/wp-content\\\/uploads\\\/2023\\\/11\\\/MST-chama-atencao-para-necessidade-de-producao-sustentavel-Foto-Tomaz-Silva-Agencia-Brasil.webp\",\"width\":1170,\"height\":700,\"caption\":\"Foto: Tomaz Silva - Ag\u00eancia Brasil\"},{\"@type\":\"BreadcrumbList\",\"@id\":\"https:\\\/\\\/folhadoleste.com.br\\\/mst-chama-atencao-para-necessidade-de-producao-sustentavel\\\/#breadcrumb\",\"itemListElement\":[{\"@type\":\"ListItem\",\"position\":1,\"name\":\"In\u00edcio\",\"item\":\"https:\\\/\\\/folhadoleste.com.br\\\/\"},{\"@type\":\"ListItem\",\"position\":2,\"name\":\"Brasil\",\"item\":\"https:\\\/\\\/folhadoleste.com.br\\\/category\\\/brasil\\\/\"},{\"@type\":\"ListItem\",\"position\":3,\"name\":\"MST chama aten\u00e7\u00e3o para necessidade de produ\u00e7\u00e3o sustent\u00e1vel\"}]},{\"@type\":\"WebSite\",\"@id\":\"https:\\\/\\\/folhadoleste.com.br\\\/#website\",\"url\":\"https:\\\/\\\/folhadoleste.com.br\\\/\",\"name\":\"Folha do Leste\",\"description\":\"Portal de Not\u00edcias com \u00eanfase em Niter\u00f3i, criando conte\u00fados desde a capital Rio de Janeiro, com olhar para o Leste Fluminense e suas cidades como S\u00e3o Gon\u00e7alo, Itabora\u00ed, Rio Bonito, Maric\u00e1, Saquarema e Araruama\",\"publisher\":{\"@id\":\"https:\\\/\\\/folhadoleste.com.br\\\/#organization\"},\"alternateName\":\"FL\",\"potentialAction\":[{\"@type\":\"SearchAction\",\"target\":{\"@type\":\"EntryPoint\",\"urlTemplate\":\"https:\\\/\\\/folhadoleste.com.br\\\/?s={search_term_string}\"},\"query-input\":{\"@type\":\"PropertyValueSpecification\",\"valueRequired\":true,\"valueName\":\"search_term_string\"}}],\"inLanguage\":\"en-US\"},{\"@type\":\"Organization\",\"@id\":\"https:\\\/\\\/folhadoleste.com.br\\\/#organization\",\"name\":\"Brasil 21 Comunica\u00e7\u00e3o\",\"alternateName\":\"BR21\",\"url\":\"https:\\\/\\\/folhadoleste.com.br\\\/\",\"logo\":{\"@type\":\"ImageObject\",\"inLanguage\":\"en-US\",\"@id\":\"https:\\\/\\\/folhadoleste.com.br\\\/#\\\/schema\\\/logo\\\/image\\\/\",\"url\":\"https:\\\/\\\/folhadoleste.com.br\\\/wp-content\\\/uploads\\\/2025\\\/12\\\/brasil-21-logomarca.avif\",\"contentUrl\":\"https:\\\/\\\/folhadoleste.com.br\\\/wp-content\\\/uploads\\\/2025\\\/12\\\/brasil-21-logomarca.avif\",\"width\":1044,\"height\":1044,\"caption\":\"Brasil 21 Comunica\u00e7\u00e3o\"},\"image\":{\"@id\":\"https:\\\/\\\/folhadoleste.com.br\\\/#\\\/schema\\\/logo\\\/image\\\/\"},\"sameAs\":[\"https:\\\/\\\/www.facebook.com\\\/folhadoleste\",\"https:\\\/\\\/x.com\\\/FolhadoLesteRJ\",\"https:\\\/\\\/www.instagram.com\\\/folhadoleste\\\/\"]},{\"@type\":\"Person\",\"@id\":\"https:\\\/\\\/folhadoleste.com.br\\\/#\\\/schema\\\/person\\\/3e97145b2e1861276e84471aa85a3899\",\"name\":\"Folha do Leste\",\"image\":{\"@type\":\"ImageObject\",\"inLanguage\":\"en-US\",\"@id\":\"https:\\\/\\\/folhadoleste.com.br\\\/wp-content\\\/litespeed\\\/avatar\\\/1ca8c218432e7045e748610eb3db0259.jpg?ver=1777765944\",\"url\":\"https:\\\/\\\/folhadoleste.com.br\\\/wp-content\\\/litespeed\\\/avatar\\\/1ca8c218432e7045e748610eb3db0259.jpg?ver=1777765944\",\"contentUrl\":\"https:\\\/\\\/folhadoleste.com.br\\\/wp-content\\\/litespeed\\\/avatar\\\/1ca8c218432e7045e748610eb3db0259.jpg?ver=1777765944\",\"caption\":\"Folha do Leste\"},\"url\":\"https:\\\/\\\/folhadoleste.com.br\\\/en\\\/author\\\/reportagem-01\\\/\"}]}<\/script>\n<!-- \/ Yoast SEO plugin. -->","yoast_head_json":{"title":"MST chama aten\u00e7\u00e3o para necessidade de produ\u00e7\u00e3o sustent\u00e1vel","description":"MST chama aten\u00e7\u00e3o para necessidade de produ\u00e7\u00e3o sustent\u00e1vel...","robots":{"index":"index","follow":"follow","max-snippet":"max-snippet:-1","max-image-preview":"max-image-preview:large","max-video-preview":"max-video-preview:-1"},"canonical":"https:\/\/folhadoleste.com.br\/en\/mst-chama-atencao-para-necessidade-de-producao-sustentavel\/","og_locale":"en_US","og_type":"article","og_title":"MST chama aten\u00e7\u00e3o para necessidade de produ\u00e7\u00e3o sustent\u00e1vel","og_description":"Brasil &#8226; Folha do Leste","og_url":"https:\/\/folhadoleste.com.br\/en\/mst-chama-atencao-para-necessidade-de-producao-sustentavel\/","og_site_name":"Folha do Leste","article_publisher":"https:\/\/www.facebook.com\/folhadoleste","article_published_time":"2023-11-21T23:02:23+00:00","og_image":[{"width":1170,"height":700,"url":"https:\/\/folhadoleste.com.br\/wp-content\/uploads\/2023\/11\/MST-chama-atencao-para-necessidade-de-producao-sustentavel-Foto-Tomaz-Silva-Agencia-Brasil.webp","type":"image\/webp"}],"author":"Folha do Leste","twitter_card":"summary_large_image","twitter_creator":"@FolhadoLesteRJ","twitter_site":"@FolhadoLesteRJ","twitter_misc":{"Written by":"Folha do Leste","Est. reading time":"7 minutes"},"schema":{"@context":"https:\/\/schema.org","@graph":[{"@type":"NewsArticle","@id":"https:\/\/folhadoleste.com.br\/mst-chama-atencao-para-necessidade-de-producao-sustentavel\/#article","isPartOf":{"@id":"https:\/\/folhadoleste.com.br\/mst-chama-atencao-para-necessidade-de-producao-sustentavel\/"},"author":{"name":"Folha do Leste","@id":"https:\/\/folhadoleste.com.br\/#\/schema\/person\/3e97145b2e1861276e84471aa85a3899"},"headline":"MST chama aten\u00e7\u00e3o para necessidade de produ\u00e7\u00e3o sustent\u00e1vel","datePublished":"2023-11-21T23:02:23+00:00","mainEntityOfPage":{"@id":"https:\/\/folhadoleste.com.br\/mst-chama-atencao-para-necessidade-de-producao-sustentavel\/"},"wordCount":1677,"commentCount":0,"publisher":{"@id":"https:\/\/folhadoleste.com.br\/#organization"},"image":{"@id":"https:\/\/folhadoleste.com.br\/mst-chama-atencao-para-necessidade-de-producao-sustentavel\/#primaryimage"},"thumbnailUrl":"https:\/\/folhadoleste.com.br\/wp-content\/uploads\/2023\/11\/MST-chama-atencao-para-necessidade-de-producao-sustentavel-Foto-Tomaz-Silva-Agencia-Brasil.webp","keywords":["agroecologia","Brasil","Festival de Arte e Cultura da Agroecologia","MST"],"articleSection":["Brasil"],"inLanguage":"en-US","potentialAction":[{"@type":"CommentAction","name":"Comment","target":["https:\/\/folhadoleste.com.br\/mst-chama-atencao-para-necessidade-de-producao-sustentavel\/#respond"]}]},{"@type":"WebPage","@id":"https:\/\/folhadoleste.com.br\/mst-chama-atencao-para-necessidade-de-producao-sustentavel\/","url":"https:\/\/folhadoleste.com.br\/mst-chama-atencao-para-necessidade-de-producao-sustentavel\/","name":"MST chama aten\u00e7\u00e3o para necessidade de produ\u00e7\u00e3o sustent\u00e1vel","isPartOf":{"@id":"https:\/\/folhadoleste.com.br\/#website"},"primaryImageOfPage":{"@id":"https:\/\/folhadoleste.com.br\/mst-chama-atencao-para-necessidade-de-producao-sustentavel\/#primaryimage"},"image":{"@id":"https:\/\/folhadoleste.com.br\/mst-chama-atencao-para-necessidade-de-producao-sustentavel\/#primaryimage"},"thumbnailUrl":"https:\/\/folhadoleste.com.br\/wp-content\/uploads\/2023\/11\/MST-chama-atencao-para-necessidade-de-producao-sustentavel-Foto-Tomaz-Silva-Agencia-Brasil.webp","datePublished":"2023-11-21T23:02:23+00:00","description":"MST chama aten\u00e7\u00e3o para necessidade de produ\u00e7\u00e3o sustent\u00e1vel...","breadcrumb":{"@id":"https:\/\/folhadoleste.com.br\/mst-chama-atencao-para-necessidade-de-producao-sustentavel\/#breadcrumb"},"inLanguage":"en-US","potentialAction":[{"@type":"ReadAction","target":["https:\/\/folhadoleste.com.br\/mst-chama-atencao-para-necessidade-de-producao-sustentavel\/"]}]},{"@type":"ImageObject","inLanguage":"en-US","@id":"https:\/\/folhadoleste.com.br\/mst-chama-atencao-para-necessidade-de-producao-sustentavel\/#primaryimage","url":"https:\/\/folhadoleste.com.br\/wp-content\/uploads\/2023\/11\/MST-chama-atencao-para-necessidade-de-producao-sustentavel-Foto-Tomaz-Silva-Agencia-Brasil.webp","contentUrl":"https:\/\/folhadoleste.com.br\/wp-content\/uploads\/2023\/11\/MST-chama-atencao-para-necessidade-de-producao-sustentavel-Foto-Tomaz-Silva-Agencia-Brasil.webp","width":1170,"height":700,"caption":"Foto: Tomaz Silva - Ag\u00eancia Brasil"},{"@type":"BreadcrumbList","@id":"https:\/\/folhadoleste.com.br\/mst-chama-atencao-para-necessidade-de-producao-sustentavel\/#breadcrumb","itemListElement":[{"@type":"ListItem","position":1,"name":"In\u00edcio","item":"https:\/\/folhadoleste.com.br\/"},{"@type":"ListItem","position":2,"name":"Brasil","item":"https:\/\/folhadoleste.com.br\/category\/brasil\/"},{"@type":"ListItem","position":3,"name":"MST chama aten\u00e7\u00e3o para necessidade de produ\u00e7\u00e3o sustent\u00e1vel"}]},{"@type":"WebSite","@id":"https:\/\/folhadoleste.com.br\/#website","url":"https:\/\/folhadoleste.com.br\/","name":"Folha do Leste","description":"Portal de Not\u00edcias com \u00eanfase em Niter\u00f3i, criando conte\u00fados desde a capital Rio de Janeiro, com olhar para o Leste Fluminense e suas cidades como S\u00e3o Gon\u00e7alo, Itabora\u00ed, Rio Bonito, Maric\u00e1, Saquarema e Araruama","publisher":{"@id":"https:\/\/folhadoleste.com.br\/#organization"},"alternateName":"FL","potentialAction":[{"@type":"SearchAction","target":{"@type":"EntryPoint","urlTemplate":"https:\/\/folhadoleste.com.br\/?s={search_term_string}"},"query-input":{"@type":"PropertyValueSpecification","valueRequired":true,"valueName":"search_term_string"}}],"inLanguage":"en-US"},{"@type":"Organization","@id":"https:\/\/folhadoleste.com.br\/#organization","name":"Brasil 21 Comunica\u00e7\u00e3o","alternateName":"BR21","url":"https:\/\/folhadoleste.com.br\/","logo":{"@type":"ImageObject","inLanguage":"en-US","@id":"https:\/\/folhadoleste.com.br\/#\/schema\/logo\/image\/","url":"https:\/\/folhadoleste.com.br\/wp-content\/uploads\/2025\/12\/brasil-21-logomarca.avif","contentUrl":"https:\/\/folhadoleste.com.br\/wp-content\/uploads\/2025\/12\/brasil-21-logomarca.avif","width":1044,"height":1044,"caption":"Brasil 21 Comunica\u00e7\u00e3o"},"image":{"@id":"https:\/\/folhadoleste.com.br\/#\/schema\/logo\/image\/"},"sameAs":["https:\/\/www.facebook.com\/folhadoleste","https:\/\/x.com\/FolhadoLesteRJ","https:\/\/www.instagram.com\/folhadoleste\/"]},{"@type":"Person","@id":"https:\/\/folhadoleste.com.br\/#\/schema\/person\/3e97145b2e1861276e84471aa85a3899","name":"Folha do Leste","image":{"@type":"ImageObject","inLanguage":"en-US","@id":"https:\/\/folhadoleste.com.br\/wp-content\/litespeed\/avatar\/1ca8c218432e7045e748610eb3db0259.jpg?ver=1777765944","url":"https:\/\/folhadoleste.com.br\/wp-content\/litespeed\/avatar\/1ca8c218432e7045e748610eb3db0259.jpg?ver=1777765944","contentUrl":"https:\/\/folhadoleste.com.br\/wp-content\/litespeed\/avatar\/1ca8c218432e7045e748610eb3db0259.jpg?ver=1777765944","caption":"Folha do Leste"},"url":"https:\/\/folhadoleste.com.br\/en\/author\/reportagem-01\/"}]}},"_links":{"self":[{"href":"https:\/\/folhadoleste.com.br\/en\/wp-json\/wp\/v2\/posts\/36609","targetHints":{"allow":["GET"]}}],"collection":[{"href":"https:\/\/folhadoleste.com.br\/en\/wp-json\/wp\/v2\/posts"}],"about":[{"href":"https:\/\/folhadoleste.com.br\/en\/wp-json\/wp\/v2\/types\/post"}],"author":[{"embeddable":true,"href":"https:\/\/folhadoleste.com.br\/en\/wp-json\/wp\/v2\/users\/4"}],"replies":[{"embeddable":true,"href":"https:\/\/folhadoleste.com.br\/en\/wp-json\/wp\/v2\/comments?post=36609"}],"version-history":[{"count":1,"href":"https:\/\/folhadoleste.com.br\/en\/wp-json\/wp\/v2\/posts\/36609\/revisions"}],"predecessor-version":[{"id":36616,"href":"https:\/\/folhadoleste.com.br\/en\/wp-json\/wp\/v2\/posts\/36609\/revisions\/36616"}],"wp:featuredmedia":[{"embeddable":true,"href":"https:\/\/folhadoleste.com.br\/en\/wp-json\/wp\/v2\/media\/36615"}],"wp:attachment":[{"href":"https:\/\/folhadoleste.com.br\/en\/wp-json\/wp\/v2\/media?parent=36609"}],"wp:term":[{"taxonomy":"category","embeddable":true,"href":"https:\/\/folhadoleste.com.br\/en\/wp-json\/wp\/v2\/categories?post=36609"},{"taxonomy":"post_tag","embeddable":true,"href":"https:\/\/folhadoleste.com.br\/en\/wp-json\/wp\/v2\/tags?post=36609"}],"curies":[{"name":"wp","href":"https:\/\/api.w.org\/{rel}","templated":true}]}}