{"id":3617,"date":"2023-04-29T14:58:22","date_gmt":"2023-04-29T17:58:22","guid":{"rendered":"https:\/\/folhadoleste.com.br\/?p=3617"},"modified":"2023-04-29T17:15:15","modified_gmt":"2023-04-29T20:15:15","slug":"agu-processa-27-pessoas-que-postaram-nas-redes-durante-atos-golpistas","status":"publish","type":"post","link":"https:\/\/folhadoleste.com.br\/en\/agu-processa-27-pessoas-que-postaram-nas-redes-durante-atos-golpistas\/","title":{"rendered":"AGU processa 27 pessoas que postaram nas redes durante atos golpistas"},"content":{"rendered":"<p>A Advocacia-Geral da Uni\u00e3o (AGU) ingressou nesta sexta-feira\u00a0(28) com nova a\u00e7\u00e3o contra mais 27 pessoas apontadas como participantes da invas\u00e3o e depreda\u00e7\u00e3o das sedes do\u00a0Congresso Nacional, do Pal\u00e1cio do Planalto e do Supremo Tribunal Federal, nos atos antidemocr\u00e1ticos de 8 de janeiro.<\/p>\n<p>O objetivo \u00e9 que elas sejam obrigadas a arcar com os preju\u00edzos da destrui\u00e7\u00e3o, calculado em R$ 26,2 milh\u00f5es, at\u00e9 o momento. As novas pessoas processadas foram apontadas\u00a0em relat\u00f3rio de intelig\u00eancia da Pol\u00edcia do Senado, \u201cque identificou publica\u00e7\u00f5es em redes sociais feitas pelos pr\u00f3prios acusados no dia dos atos, comemorando em filmagens a invas\u00e3o do pr\u00e9dio do Congresso Nacional e at\u00e9 mesmo o embate com os policiais legislativos\u201d, informou a AGU, em nota.<\/p>\n<p>Com a nova a\u00e7\u00e3o, chegou a 250 o n\u00famero de pessoas f\u00edsicas processadas pela AGU com o objetivo de ressarcir os preju\u00edzos causados pelos atos golpistas. Tamb\u00e9m s\u00e3o processadas tr\u00eas empresas, um sindicato e uma associa\u00e7\u00e3o. Ao todo, s\u00e3o sete a\u00e7\u00f5es protocoladas na esfera civil da Justi\u00e7a Federal.<\/p>\n<p>A grande maioria dos alvos diz respeito a pessoas flagradas perpetrando os atos de invas\u00e3o e destrui\u00e7\u00e3o, algumas das quais foram presas em flagrante no pr\u00f3prio 8 de janeiro. Alguns desses indiv\u00edduos est\u00e3o sendo tamb\u00e9m processados criminalmente, no Supremo Tribunal Federal (STF).<\/p>\n<p>Apenas uma dessas a\u00e7\u00f5es diz respeito a suspeitos de serem financiadoras dos atos, por meio do fretamento de \u00f4nibus para transportar os v\u00e2ndalos. Neste processo \u00e9 pedido tamb\u00e9m indeniza\u00e7\u00e3o por dano moral coletivo no valor de R$ 100 milh\u00f5es.<\/p>\n<p>\u201cOs atos foram praticados em desfavor dos pr\u00e9dios federais que representam os Tr\u00eas Poderes da Rep\u00fablica, patrim\u00f4nio tombado da humanidade, com a destrui\u00e7\u00e3o de s\u00edmbolos de valores inestim\u00e1veis, deixando a sociedade em estado de choque com os atos que se concretizaram no fat\u00eddico 8 de janeiro de 2023\u201d, argumentou a AGU.<\/p>\n<p>Todas as a\u00e7\u00f5es tramitam na Justi\u00e7a Federal do Distrito Federal, que j\u00e1 deferiu o bloqueio de bens de boa parte dos indiv\u00edduos processados, de modo a garantir o pagamento em caso de condena\u00e7\u00e3o.<\/p>\n<p>&nbsp;<\/p>\n<p><em>Fonte: Ag\u00eancia Brasil<\/em><\/p>","protected":false},"excerpt":{"rendered":"<p>A Advocacia-Geral da Uni\u00e3o (AGU) ingressou nesta sexta-feira\u00a0(28) com nova a\u00e7\u00e3o contra mais 27 pessoas apontadas como participantes da invas\u00e3o e depreda\u00e7\u00e3o das sedes do\u00a0Congresso Nacional, do Pal\u00e1cio do Planalto e do Supremo Tribunal Federal, nos atos antidemocr\u00e1ticos de 8 de janeiro. O objetivo \u00e9 que elas sejam obrigadas a arcar com os preju\u00edzos da destrui\u00e7\u00e3o, calculado em R$ 26,2 milh\u00f5es, at\u00e9 o momento. As novas pessoas processadas foram apontadas\u00a0em relat\u00f3rio de intelig\u00eancia da Pol\u00edcia do Senado, \u201cque identificou publica\u00e7\u00f5es em redes sociais feitas pelos pr\u00f3prios acusados no dia dos atos, comemorando em filmagens a invas\u00e3o do pr\u00e9dio do Congresso [&hellip;]<\/p>\n","protected":false},"author":4,"featured_media":3618,"comment_status":"open","ping_status":"open","sticky":false,"template":"","format":"standard","meta":{"footnotes":""},"categories":[288],"tags":[1191,940,2404,1153,697],"class_list":["post-3617","post","type-post","status-publish","format-standard","has-post-thumbnail","hentry","category-justica","tag-advocacia-geral-da-uniao","tag-agu","tag-agu-processa-27-pessoas","tag-atos-golpistas-de-8-de-janeiro","tag-justica","post--single"],"yoast_head":"<!-- This site is optimized with the Yoast SEO plugin v27.4 - https:\/\/yoast.com\/product\/yoast-seo-wordpress\/ -->\n<title>AGU processa 27 pessoas que postaram nas redes durante atos golpistas &#8226; Folha do Leste<\/title>\n<meta name=\"description\" content=\"A Advocacia-Geral da Uni\u00e3o (AGU) ingressou nesta sexta-feira (28) com nova a\u00e7\u00e3o contra mais 27 pessoas apontadas como participantes da invas\u00e3o e depreda\u00e7\u00e3o das sedes do Congresso Nacional\" \/>\n<meta name=\"robots\" content=\"index, follow, max-snippet:-1, max-image-preview:large, max-video-preview:-1\" \/>\n<link rel=\"canonical\" href=\"https:\/\/folhadoleste.com.br\/en\/agu-processa-27-pessoas-que-postaram-nas-redes-durante-atos-golpistas\/\" \/>\n<meta property=\"og:locale\" content=\"en_US\" \/>\n<meta property=\"og:type\" content=\"article\" \/>\n<meta property=\"og:title\" content=\"AGU processa 27 pessoas que postaram nas redes durante atos golpistas &#8226; Folha do Leste\" \/>\n<meta property=\"og:description\" content=\"A Advocacia-Geral da Uni\u00e3o (AGU) ingressou nesta sexta-feira (28) com nova a\u00e7\u00e3o contra mais 27 pessoas apontadas como participantes da invas\u00e3o e depreda\u00e7\u00e3o das sedes do Congresso Nacional\" \/>\n<meta property=\"og:url\" content=\"https:\/\/folhadoleste.com.br\/en\/agu-processa-27-pessoas-que-postaram-nas-redes-durante-atos-golpistas\/\" \/>\n<meta property=\"og:site_name\" content=\"Folha do Leste\" \/>\n<meta property=\"article:publisher\" content=\"https:\/\/www.facebook.com\/folhadoleste\" \/>\n<meta property=\"article:published_time\" content=\"2023-04-29T17:58:22+00:00\" \/>\n<meta property=\"article:modified_time\" content=\"2023-04-29T20:15:15+00:00\" \/>\n<meta property=\"og:image\" content=\"https:\/\/folhadoleste.com.br\/wp-content\/uploads\/2023\/04\/AGU-processa-27-pessoas-que-postaram-nas-redes-durante-atos-golpistas-Marcelo-Camargo-Agencia-Brasil.jpg\" \/>\n\t<meta property=\"og:image:width\" content=\"1170\" \/>\n\t<meta property=\"og:image:height\" content=\"700\" \/>\n\t<meta property=\"og:image:type\" content=\"image\/jpeg\" \/>\n<meta name=\"author\" content=\"Folha do Leste\" \/>\n<meta name=\"twitter:card\" content=\"summary_large_image\" \/>\n<meta name=\"twitter:creator\" content=\"@FolhadoLesteRJ\" \/>\n<meta name=\"twitter:site\" content=\"@FolhadoLesteRJ\" \/>\n<meta name=\"twitter:label1\" content=\"Written by\" \/>\n\t<meta name=\"twitter:data1\" content=\"Folha do Leste\" \/>\n\t<meta name=\"twitter:label2\" content=\"Est. reading time\" \/>\n\t<meta name=\"twitter:data2\" content=\"2 minutes\" \/>\n<script type=\"application\/ld+json\" class=\"yoast-schema-graph\">{\"@context\":\"https:\\\/\\\/schema.org\",\"@graph\":[{\"@type\":\"NewsArticle\",\"@id\":\"https:\\\/\\\/folhadoleste.com.br\\\/agu-processa-27-pessoas-que-postaram-nas-redes-durante-atos-golpistas\\\/#article\",\"isPartOf\":{\"@id\":\"https:\\\/\\\/folhadoleste.com.br\\\/agu-processa-27-pessoas-que-postaram-nas-redes-durante-atos-golpistas\\\/\"},\"author\":{\"name\":\"Folha do Leste\",\"@id\":\"https:\\\/\\\/folhadoleste.com.br\\\/#\\\/schema\\\/person\\\/3e97145b2e1861276e84471aa85a3899\"},\"headline\":\"AGU processa 27 pessoas que postaram nas redes durante atos golpistas\",\"datePublished\":\"2023-04-29T17:58:22+00:00\",\"dateModified\":\"2023-04-29T20:15:15+00:00\",\"mainEntityOfPage\":{\"@id\":\"https:\\\/\\\/folhadoleste.com.br\\\/agu-processa-27-pessoas-que-postaram-nas-redes-durante-atos-golpistas\\\/\"},\"wordCount\":385,\"commentCount\":0,\"publisher\":{\"@id\":\"https:\\\/\\\/folhadoleste.com.br\\\/#organization\"},\"image\":{\"@id\":\"https:\\\/\\\/folhadoleste.com.br\\\/agu-processa-27-pessoas-que-postaram-nas-redes-durante-atos-golpistas\\\/#primaryimage\"},\"thumbnailUrl\":\"https:\\\/\\\/folhadoleste.com.br\\\/wp-content\\\/uploads\\\/2023\\\/04\\\/AGU-processa-27-pessoas-que-postaram-nas-redes-durante-atos-golpistas-Marcelo-Camargo-Agencia-Brasil.jpg\",\"keywords\":[\"Advocacia-Geral da Uni\u00e3o\",\"AGU\",\"AGU processa 27 pessoas\",\"Atos golpistas de 8 de janeiro\",\"Justi\u00e7a\"],\"articleSection\":[\"Justi\u00e7a\"],\"inLanguage\":\"en-US\",\"potentialAction\":[{\"@type\":\"CommentAction\",\"name\":\"Comment\",\"target\":[\"https:\\\/\\\/folhadoleste.com.br\\\/agu-processa-27-pessoas-que-postaram-nas-redes-durante-atos-golpistas\\\/#respond\"]}]},{\"@type\":\"WebPage\",\"@id\":\"https:\\\/\\\/folhadoleste.com.br\\\/agu-processa-27-pessoas-que-postaram-nas-redes-durante-atos-golpistas\\\/\",\"url\":\"https:\\\/\\\/folhadoleste.com.br\\\/agu-processa-27-pessoas-que-postaram-nas-redes-durante-atos-golpistas\\\/\",\"name\":\"AGU processa 27 pessoas que postaram nas redes durante atos golpistas &#8226; Folha do Leste\",\"isPartOf\":{\"@id\":\"https:\\\/\\\/folhadoleste.com.br\\\/#website\"},\"primaryImageOfPage\":{\"@id\":\"https:\\\/\\\/folhadoleste.com.br\\\/agu-processa-27-pessoas-que-postaram-nas-redes-durante-atos-golpistas\\\/#primaryimage\"},\"image\":{\"@id\":\"https:\\\/\\\/folhadoleste.com.br\\\/agu-processa-27-pessoas-que-postaram-nas-redes-durante-atos-golpistas\\\/#primaryimage\"},\"thumbnailUrl\":\"https:\\\/\\\/folhadoleste.com.br\\\/wp-content\\\/uploads\\\/2023\\\/04\\\/AGU-processa-27-pessoas-que-postaram-nas-redes-durante-atos-golpistas-Marcelo-Camargo-Agencia-Brasil.jpg\",\"datePublished\":\"2023-04-29T17:58:22+00:00\",\"dateModified\":\"2023-04-29T20:15:15+00:00\",\"description\":\"A Advocacia-Geral da Uni\u00e3o (AGU) ingressou nesta sexta-feira (28) com nova a\u00e7\u00e3o contra mais 27 pessoas apontadas como participantes da invas\u00e3o e depreda\u00e7\u00e3o das sedes do Congresso Nacional\",\"breadcrumb\":{\"@id\":\"https:\\\/\\\/folhadoleste.com.br\\\/agu-processa-27-pessoas-que-postaram-nas-redes-durante-atos-golpistas\\\/#breadcrumb\"},\"inLanguage\":\"en-US\",\"potentialAction\":[{\"@type\":\"ReadAction\",\"target\":[\"https:\\\/\\\/folhadoleste.com.br\\\/agu-processa-27-pessoas-que-postaram-nas-redes-durante-atos-golpistas\\\/\"]}]},{\"@type\":\"ImageObject\",\"inLanguage\":\"en-US\",\"@id\":\"https:\\\/\\\/folhadoleste.com.br\\\/agu-processa-27-pessoas-que-postaram-nas-redes-durante-atos-golpistas\\\/#primaryimage\",\"url\":\"https:\\\/\\\/folhadoleste.com.br\\\/wp-content\\\/uploads\\\/2023\\\/04\\\/AGU-processa-27-pessoas-que-postaram-nas-redes-durante-atos-golpistas-Marcelo-Camargo-Agencia-Brasil.jpg\",\"contentUrl\":\"https:\\\/\\\/folhadoleste.com.br\\\/wp-content\\\/uploads\\\/2023\\\/04\\\/AGU-processa-27-pessoas-que-postaram-nas-redes-durante-atos-golpistas-Marcelo-Camargo-Agencia-Brasil.jpg\",\"width\":1170,\"height\":700,\"caption\":\"Manifestantes invadem Congresso, STF e Pal\u00e1cio do Planalto.\"},{\"@type\":\"BreadcrumbList\",\"@id\":\"https:\\\/\\\/folhadoleste.com.br\\\/agu-processa-27-pessoas-que-postaram-nas-redes-durante-atos-golpistas\\\/#breadcrumb\",\"itemListElement\":[{\"@type\":\"ListItem\",\"position\":1,\"name\":\"In\u00edcio\",\"item\":\"https:\\\/\\\/folhadoleste.com.br\\\/\"},{\"@type\":\"ListItem\",\"position\":2,\"name\":\"Brasil\",\"item\":\"https:\\\/\\\/folhadoleste.com.br\\\/category\\\/brasil\\\/\"},{\"@type\":\"ListItem\",\"position\":3,\"name\":\"Justi\u00e7a\",\"item\":\"https:\\\/\\\/folhadoleste.com.br\\\/category\\\/brasil\\\/justica\\\/\"},{\"@type\":\"ListItem\",\"position\":4,\"name\":\"AGU processa 27 pessoas que postaram nas redes durante atos golpistas\"}]},{\"@type\":\"WebSite\",\"@id\":\"https:\\\/\\\/folhadoleste.com.br\\\/#website\",\"url\":\"https:\\\/\\\/folhadoleste.com.br\\\/\",\"name\":\"Folha do Leste\",\"description\":\"Portal de Not\u00edcias com \u00eanfase em Niter\u00f3i, criando conte\u00fados desde a capital Rio de Janeiro, com olhar para o Leste Fluminense e suas cidades como S\u00e3o Gon\u00e7alo, Itabora\u00ed, Rio Bonito, Maric\u00e1, Saquarema e Araruama\",\"publisher\":{\"@id\":\"https:\\\/\\\/folhadoleste.com.br\\\/#organization\"},\"alternateName\":\"FL\",\"potentialAction\":[{\"@type\":\"SearchAction\",\"target\":{\"@type\":\"EntryPoint\",\"urlTemplate\":\"https:\\\/\\\/folhadoleste.com.br\\\/?s={search_term_string}\"},\"query-input\":{\"@type\":\"PropertyValueSpecification\",\"valueRequired\":true,\"valueName\":\"search_term_string\"}}],\"inLanguage\":\"en-US\"},{\"@type\":\"Organization\",\"@id\":\"https:\\\/\\\/folhadoleste.com.br\\\/#organization\",\"name\":\"Brasil 21 Comunica\u00e7\u00e3o\",\"alternateName\":\"BR21\",\"url\":\"https:\\\/\\\/folhadoleste.com.br\\\/\",\"logo\":{\"@type\":\"ImageObject\",\"inLanguage\":\"en-US\",\"@id\":\"https:\\\/\\\/folhadoleste.com.br\\\/#\\\/schema\\\/logo\\\/image\\\/\",\"url\":\"https:\\\/\\\/folhadoleste.com.br\\\/wp-content\\\/uploads\\\/2025\\\/12\\\/brasil-21-logomarca.avif\",\"contentUrl\":\"https:\\\/\\\/folhadoleste.com.br\\\/wp-content\\\/uploads\\\/2025\\\/12\\\/brasil-21-logomarca.avif\",\"width\":1044,\"height\":1044,\"caption\":\"Brasil 21 Comunica\u00e7\u00e3o\"},\"image\":{\"@id\":\"https:\\\/\\\/folhadoleste.com.br\\\/#\\\/schema\\\/logo\\\/image\\\/\"},\"sameAs\":[\"https:\\\/\\\/www.facebook.com\\\/folhadoleste\",\"https:\\\/\\\/x.com\\\/FolhadoLesteRJ\",\"https:\\\/\\\/www.instagram.com\\\/folhadoleste\\\/\"]},{\"@type\":\"Person\",\"@id\":\"https:\\\/\\\/folhadoleste.com.br\\\/#\\\/schema\\\/person\\\/3e97145b2e1861276e84471aa85a3899\",\"name\":\"Folha do Leste\",\"image\":{\"@type\":\"ImageObject\",\"inLanguage\":\"en-US\",\"@id\":\"https:\\\/\\\/folhadoleste.com.br\\\/wp-content\\\/litespeed\\\/avatar\\\/1ca8c218432e7045e748610eb3db0259.jpg?ver=1776693931\",\"url\":\"https:\\\/\\\/folhadoleste.com.br\\\/wp-content\\\/litespeed\\\/avatar\\\/1ca8c218432e7045e748610eb3db0259.jpg?ver=1776693931\",\"contentUrl\":\"https:\\\/\\\/folhadoleste.com.br\\\/wp-content\\\/litespeed\\\/avatar\\\/1ca8c218432e7045e748610eb3db0259.jpg?ver=1776693931\",\"caption\":\"Folha do Leste\"},\"url\":\"https:\\\/\\\/folhadoleste.com.br\\\/en\\\/author\\\/reportagem-01\\\/\"}]}<\/script>\n<!-- \/ Yoast SEO plugin. -->","yoast_head_json":{"title":"AGU processa 27 pessoas que postaram nas redes durante atos golpistas &#8226; Folha do Leste","description":"A Advocacia-Geral da Uni\u00e3o (AGU) ingressou nesta sexta-feira (28) com nova a\u00e7\u00e3o contra mais 27 pessoas apontadas como participantes da invas\u00e3o e depreda\u00e7\u00e3o das sedes do Congresso Nacional","robots":{"index":"index","follow":"follow","max-snippet":"max-snippet:-1","max-image-preview":"max-image-preview:large","max-video-preview":"max-video-preview:-1"},"canonical":"https:\/\/folhadoleste.com.br\/en\/agu-processa-27-pessoas-que-postaram-nas-redes-durante-atos-golpistas\/","og_locale":"en_US","og_type":"article","og_title":"AGU processa 27 pessoas que postaram nas redes durante atos golpistas &#8226; Folha do Leste","og_description":"A Advocacia-Geral da Uni\u00e3o (AGU) ingressou nesta sexta-feira (28) com nova a\u00e7\u00e3o contra mais 27 pessoas apontadas como participantes da invas\u00e3o e depreda\u00e7\u00e3o das sedes do Congresso Nacional","og_url":"https:\/\/folhadoleste.com.br\/en\/agu-processa-27-pessoas-que-postaram-nas-redes-durante-atos-golpistas\/","og_site_name":"Folha do Leste","article_publisher":"https:\/\/www.facebook.com\/folhadoleste","article_published_time":"2023-04-29T17:58:22+00:00","article_modified_time":"2023-04-29T20:15:15+00:00","og_image":[{"width":1170,"height":700,"url":"https:\/\/folhadoleste.com.br\/wp-content\/uploads\/2023\/04\/AGU-processa-27-pessoas-que-postaram-nas-redes-durante-atos-golpistas-Marcelo-Camargo-Agencia-Brasil.jpg","type":"image\/jpeg"}],"author":"Folha do Leste","twitter_card":"summary_large_image","twitter_creator":"@FolhadoLesteRJ","twitter_site":"@FolhadoLesteRJ","twitter_misc":{"Written by":"Folha do Leste","Est. reading time":"2 minutes"},"schema":{"@context":"https:\/\/schema.org","@graph":[{"@type":"NewsArticle","@id":"https:\/\/folhadoleste.com.br\/agu-processa-27-pessoas-que-postaram-nas-redes-durante-atos-golpistas\/#article","isPartOf":{"@id":"https:\/\/folhadoleste.com.br\/agu-processa-27-pessoas-que-postaram-nas-redes-durante-atos-golpistas\/"},"author":{"name":"Folha do Leste","@id":"https:\/\/folhadoleste.com.br\/#\/schema\/person\/3e97145b2e1861276e84471aa85a3899"},"headline":"AGU processa 27 pessoas que postaram nas redes durante atos golpistas","datePublished":"2023-04-29T17:58:22+00:00","dateModified":"2023-04-29T20:15:15+00:00","mainEntityOfPage":{"@id":"https:\/\/folhadoleste.com.br\/agu-processa-27-pessoas-que-postaram-nas-redes-durante-atos-golpistas\/"},"wordCount":385,"commentCount":0,"publisher":{"@id":"https:\/\/folhadoleste.com.br\/#organization"},"image":{"@id":"https:\/\/folhadoleste.com.br\/agu-processa-27-pessoas-que-postaram-nas-redes-durante-atos-golpistas\/#primaryimage"},"thumbnailUrl":"https:\/\/folhadoleste.com.br\/wp-content\/uploads\/2023\/04\/AGU-processa-27-pessoas-que-postaram-nas-redes-durante-atos-golpistas-Marcelo-Camargo-Agencia-Brasil.jpg","keywords":["Advocacia-Geral da Uni\u00e3o","AGU","AGU processa 27 pessoas","Atos golpistas de 8 de janeiro","Justi\u00e7a"],"articleSection":["Justi\u00e7a"],"inLanguage":"en-US","potentialAction":[{"@type":"CommentAction","name":"Comment","target":["https:\/\/folhadoleste.com.br\/agu-processa-27-pessoas-que-postaram-nas-redes-durante-atos-golpistas\/#respond"]}]},{"@type":"WebPage","@id":"https:\/\/folhadoleste.com.br\/agu-processa-27-pessoas-que-postaram-nas-redes-durante-atos-golpistas\/","url":"https:\/\/folhadoleste.com.br\/agu-processa-27-pessoas-que-postaram-nas-redes-durante-atos-golpistas\/","name":"AGU processa 27 pessoas que postaram nas redes durante atos golpistas &#8226; Folha do Leste","isPartOf":{"@id":"https:\/\/folhadoleste.com.br\/#website"},"primaryImageOfPage":{"@id":"https:\/\/folhadoleste.com.br\/agu-processa-27-pessoas-que-postaram-nas-redes-durante-atos-golpistas\/#primaryimage"},"image":{"@id":"https:\/\/folhadoleste.com.br\/agu-processa-27-pessoas-que-postaram-nas-redes-durante-atos-golpistas\/#primaryimage"},"thumbnailUrl":"https:\/\/folhadoleste.com.br\/wp-content\/uploads\/2023\/04\/AGU-processa-27-pessoas-que-postaram-nas-redes-durante-atos-golpistas-Marcelo-Camargo-Agencia-Brasil.jpg","datePublished":"2023-04-29T17:58:22+00:00","dateModified":"2023-04-29T20:15:15+00:00","description":"A Advocacia-Geral da Uni\u00e3o (AGU) ingressou nesta sexta-feira (28) com nova a\u00e7\u00e3o contra mais 27 pessoas apontadas como participantes da invas\u00e3o e depreda\u00e7\u00e3o das sedes do Congresso Nacional","breadcrumb":{"@id":"https:\/\/folhadoleste.com.br\/agu-processa-27-pessoas-que-postaram-nas-redes-durante-atos-golpistas\/#breadcrumb"},"inLanguage":"en-US","potentialAction":[{"@type":"ReadAction","target":["https:\/\/folhadoleste.com.br\/agu-processa-27-pessoas-que-postaram-nas-redes-durante-atos-golpistas\/"]}]},{"@type":"ImageObject","inLanguage":"en-US","@id":"https:\/\/folhadoleste.com.br\/agu-processa-27-pessoas-que-postaram-nas-redes-durante-atos-golpistas\/#primaryimage","url":"https:\/\/folhadoleste.com.br\/wp-content\/uploads\/2023\/04\/AGU-processa-27-pessoas-que-postaram-nas-redes-durante-atos-golpistas-Marcelo-Camargo-Agencia-Brasil.jpg","contentUrl":"https:\/\/folhadoleste.com.br\/wp-content\/uploads\/2023\/04\/AGU-processa-27-pessoas-que-postaram-nas-redes-durante-atos-golpistas-Marcelo-Camargo-Agencia-Brasil.jpg","width":1170,"height":700,"caption":"Manifestantes invadem Congresso, STF e Pal\u00e1cio do Planalto."},{"@type":"BreadcrumbList","@id":"https:\/\/folhadoleste.com.br\/agu-processa-27-pessoas-que-postaram-nas-redes-durante-atos-golpistas\/#breadcrumb","itemListElement":[{"@type":"ListItem","position":1,"name":"In\u00edcio","item":"https:\/\/folhadoleste.com.br\/"},{"@type":"ListItem","position":2,"name":"Brasil","item":"https:\/\/folhadoleste.com.br\/category\/brasil\/"},{"@type":"ListItem","position":3,"name":"Justi\u00e7a","item":"https:\/\/folhadoleste.com.br\/category\/brasil\/justica\/"},{"@type":"ListItem","position":4,"name":"AGU processa 27 pessoas que postaram nas redes durante atos golpistas"}]},{"@type":"WebSite","@id":"https:\/\/folhadoleste.com.br\/#website","url":"https:\/\/folhadoleste.com.br\/","name":"Folha do Leste","description":"Portal de Not\u00edcias com \u00eanfase em Niter\u00f3i, criando conte\u00fados desde a capital Rio de Janeiro, com olhar para o Leste Fluminense e suas cidades como S\u00e3o Gon\u00e7alo, Itabora\u00ed, Rio Bonito, Maric\u00e1, Saquarema e Araruama","publisher":{"@id":"https:\/\/folhadoleste.com.br\/#organization"},"alternateName":"FL","potentialAction":[{"@type":"SearchAction","target":{"@type":"EntryPoint","urlTemplate":"https:\/\/folhadoleste.com.br\/?s={search_term_string}"},"query-input":{"@type":"PropertyValueSpecification","valueRequired":true,"valueName":"search_term_string"}}],"inLanguage":"en-US"},{"@type":"Organization","@id":"https:\/\/folhadoleste.com.br\/#organization","name":"Brasil 21 Comunica\u00e7\u00e3o","alternateName":"BR21","url":"https:\/\/folhadoleste.com.br\/","logo":{"@type":"ImageObject","inLanguage":"en-US","@id":"https:\/\/folhadoleste.com.br\/#\/schema\/logo\/image\/","url":"https:\/\/folhadoleste.com.br\/wp-content\/uploads\/2025\/12\/brasil-21-logomarca.avif","contentUrl":"https:\/\/folhadoleste.com.br\/wp-content\/uploads\/2025\/12\/brasil-21-logomarca.avif","width":1044,"height":1044,"caption":"Brasil 21 Comunica\u00e7\u00e3o"},"image":{"@id":"https:\/\/folhadoleste.com.br\/#\/schema\/logo\/image\/"},"sameAs":["https:\/\/www.facebook.com\/folhadoleste","https:\/\/x.com\/FolhadoLesteRJ","https:\/\/www.instagram.com\/folhadoleste\/"]},{"@type":"Person","@id":"https:\/\/folhadoleste.com.br\/#\/schema\/person\/3e97145b2e1861276e84471aa85a3899","name":"Folha do Leste","image":{"@type":"ImageObject","inLanguage":"en-US","@id":"https:\/\/folhadoleste.com.br\/wp-content\/litespeed\/avatar\/1ca8c218432e7045e748610eb3db0259.jpg?ver=1776693931","url":"https:\/\/folhadoleste.com.br\/wp-content\/litespeed\/avatar\/1ca8c218432e7045e748610eb3db0259.jpg?ver=1776693931","contentUrl":"https:\/\/folhadoleste.com.br\/wp-content\/litespeed\/avatar\/1ca8c218432e7045e748610eb3db0259.jpg?ver=1776693931","caption":"Folha do Leste"},"url":"https:\/\/folhadoleste.com.br\/en\/author\/reportagem-01\/"}]}},"_links":{"self":[{"href":"https:\/\/folhadoleste.com.br\/en\/wp-json\/wp\/v2\/posts\/3617","targetHints":{"allow":["GET"]}}],"collection":[{"href":"https:\/\/folhadoleste.com.br\/en\/wp-json\/wp\/v2\/posts"}],"about":[{"href":"https:\/\/folhadoleste.com.br\/en\/wp-json\/wp\/v2\/types\/post"}],"author":[{"embeddable":true,"href":"https:\/\/folhadoleste.com.br\/en\/wp-json\/wp\/v2\/users\/4"}],"replies":[{"embeddable":true,"href":"https:\/\/folhadoleste.com.br\/en\/wp-json\/wp\/v2\/comments?post=3617"}],"version-history":[{"count":1,"href":"https:\/\/folhadoleste.com.br\/en\/wp-json\/wp\/v2\/posts\/3617\/revisions"}],"predecessor-version":[{"id":3619,"href":"https:\/\/folhadoleste.com.br\/en\/wp-json\/wp\/v2\/posts\/3617\/revisions\/3619"}],"wp:featuredmedia":[{"embeddable":true,"href":"https:\/\/folhadoleste.com.br\/en\/wp-json\/wp\/v2\/media\/3618"}],"wp:attachment":[{"href":"https:\/\/folhadoleste.com.br\/en\/wp-json\/wp\/v2\/media?parent=3617"}],"wp:term":[{"taxonomy":"category","embeddable":true,"href":"https:\/\/folhadoleste.com.br\/en\/wp-json\/wp\/v2\/categories?post=3617"},{"taxonomy":"post_tag","embeddable":true,"href":"https:\/\/folhadoleste.com.br\/en\/wp-json\/wp\/v2\/tags?post=3617"}],"curies":[{"name":"wp","href":"https:\/\/api.w.org\/{rel}","templated":true}]}}