{"id":35884,"date":"2023-11-16T15:51:07","date_gmt":"2023-11-16T18:51:07","guid":{"rendered":"https:\/\/folhadoleste.com.br\/?p=35884"},"modified":"2023-11-16T15:51:07","modified_gmt":"2023-11-16T18:51:07","slug":"linha-niteroi-barra-e-inaugurada","status":"publish","type":"post","link":"https:\/\/folhadoleste.com.br\/en\/linha-niteroi-barra-e-inaugurada\/","title":{"rendered":"Linha Niter\u00f3i-Barra \u00e9 inaugurada"},"content":{"rendered":"<div id=\"attachment_35888\" style=\"width: 1290px\" class=\"wp-caption aligncenter\"><img decoding=\"async\" aria-describedby=\"caption-attachment-35888\" class=\"size-full wp-image-35888\" src=\"https:\/\/folhadoleste.com.br\/wp-content\/uploads\/2023\/11\/Linha-Niteroi-Barra-e-inaugurada-Foto-Divulgacao-Detro-RJ.jpg\" alt=\"Linha Niter\u00f3i-Barra \u00e9 inaugurada\" width=\"1280\" height=\"720\" \/><p id=\"caption-attachment-35888\" class=\"wp-caption-text\">Foto: Divulga\u00e7\u00e3o\/Detro-RJ<\/p><\/div>\n<p><a href=\"https:\/\/folhadoleste.com.br\/en\/linha-niteroi-barra-comeca-a-circular-nesta-quinta\/\">A nova linha de \u00f4nibus Niter\u00f3i-Barra da Tijuca come\u00e7ou a circular nesta quinta-feira (16).<\/a> A viagem inaugural do servi\u00e7o, operado pela <a href=\"https:\/\/folhadoleste.com.br\/en\/niteroi-barra-da-tijuca-1001-esconde-o-jogo\/\">Auto Via\u00e7\u00e3o 1001<\/a>, partiu, no final da manh\u00e3, do Shopping Aerotown, no bairro da Zona Oeste carioca. As primeiras viagens ocorrem j\u00e1 na tarde desta quinta, \u00e0s 16h30 e 17h, saindo do ponto final na Barra da Tijuca.<\/p>\n<h4><a href=\"https:\/\/folhadoleste.com.br\/en\/category\/jornal-folha-do-leste-rj\/niteroi\/\"><strong>\u201cLeia mais not\u00edcias sobre Niter\u00f3i aqui\u201d<\/strong><\/a><\/h4>\n<p>A linha funcionar\u00e1 em car\u00e1ter experimental at\u00e9 que a futura licita\u00e7\u00e3o dos transportes p\u00fablicos intermunicipais seja finalizada. A tarifa foi fixada em R$ 12,75, passando pela Zona Sul. H\u00e1 tamb\u00e9m uma op\u00e7\u00e3o executiva, fazendo o mesmo trajeto, sob o n\u00famero 1785D, com tarifa de R$ 34,30. Ser\u00e1 aceito Bilhete \u00danico.<\/p>\n<p>Ao todo, quatro viagens de ida e volta est\u00e3o programadas por dia. Na op\u00e7\u00e3o urbana, o primeiro \u00f4nibus saindo de Charitas, em Niter\u00f3i, partir\u00e1 \u00e0s 5 da manh\u00e3, com a segunda partida acontecendo \u00e0s 14h15. No Shopping Aerotown, na Barra da Tijuca, as partidas ocorrer\u00e3o \u00e0s 8h e \u00e0s 17h. J\u00e1 para a op\u00e7\u00e3o executiva, os hor\u00e1rios de partida ser\u00e3o \u00e0s 5h30 e 13h45 em Charitas e \u00e0s 8h30 e 16h30 na Barra.<\/p>\n<h4>Itiner\u00e1rio questionado<\/h4>\n<p><a href=\"https:\/\/folhadoleste.com.br\/en\/linha-niteroi-barra-da-tijuca-esperanca-vira-decepcao\/\">Todavia, o que era para ser um al\u00edvio acabou virando decep\u00e7\u00e3o<\/a>, devido ao <a href=\"https:\/\/folhadoleste.com.br\/en\/onibus-niteroi-barra-da-tijuca-veja-o-itinerario-de-ida-e-volta\/\">itiner\u00e1rio escolhido<\/a>. Enquanto o maior clamor era por um trajeto via Linha Amarela, mais r\u00e1pido, a op\u00e7\u00e3o foi pelo itiner\u00e1rio via Zona Sul, similar ao de outra linha da empresa, a Charitas-G\u00e1vea (755D). A maior reclama\u00e7\u00e3o \u00e9 que o percurso escolhido, al\u00e9m de ser mais longo, possui mais tr\u00e2nsito. Dessa forma, o deslocamento duraria mais tempo.<\/p>\n<div id=\"attachment_35886\" style=\"width: 1290px\" class=\"wp-caption aligncenter\"><img decoding=\"async\" aria-describedby=\"caption-attachment-35886\" class=\"size-full wp-image-35886\" src=\"https:\/\/folhadoleste.com.br\/wp-content\/uploads\/2023\/11\/Linha-Niteroi-Barra-e-inaugurada-3-Foto-Divulgacao-Detro-RJ.jpg\" alt=\"Linha Niter\u00f3i-Barra \u00e9 inaugurada\" width=\"1280\" height=\"720\" \/><p id=\"caption-attachment-35886\" class=\"wp-caption-text\">Foto: Divulga\u00e7\u00e3o\/Detro-RJ<\/p><\/div>\n<p>Leitores do <strong>FOLHA DO LESTE<\/strong> se manifestaram sobre o tema. Para Glauce Mattos, o itiner\u00e1rio escolhido \u00e9 um &#8220;absurdo&#8221;. <a href=\"https:\/\/folhadoleste.com.br\/en\/niteroi-barra-da-tijuca-detro-define-trajeto-da-linha\/\">Ela chamou o trajeto de &#8220;City Tour&#8221;.<\/a> Ou seja, para a leitora, a linha funcionaria mais como tur\u00edstica do que como um servi\u00e7o cotidiano.<\/p>\n<blockquote><p>&#8220;Um absurdo fazer esse trajeto pela zona sul. Nesse caso, \u00e9 muito melhor atravessar a Ba\u00eda de Guanabara de barca e pegar o metr\u00f4 at\u00e9 a Barra. Ir de \u00f4nibus pela zona sul n\u00e3o d\u00e1. \u00c9 quase um &#8216;city tour'&#8221;, ironizou.<\/p><\/blockquote>\n<p>J\u00e1 Margareth de Andrade acredita que a medida n\u00e3o atende \u00e0s pessoas que precisam ir de Niter\u00f3i direto \u00e0 Barra da Tijuca. Na an\u00e1lise dela, o mais recomendado, para quem segue pela Zona Sul, \u00e9 descer no caminho e ir de metr\u00f4, a fim de n\u00e3o encarar os habituais congestionamentos da capital.<\/p>\n<blockquote><p>&#8220;\u00c9 preciso ter mais que dois neur\u00f4nios para saber que j\u00e1 existem linhas para Zona Sul e que, de l\u00e1, \u00e9 mais f\u00e1cil pegar o metr\u00f4 para Barra? O que as pessoas querem \u00e9 ir direto para Barra. Ent\u00e3o, o \u00f4nibus tinha que ser pela Linha Amarela, via expressa, sem paradas&#8221;, disse.<\/p><\/blockquote>\n<h4>Opini\u00f5es divergentes<\/h4>\n<p>Contudo, as cr\u00edticas ao itiner\u00e1rio n\u00e3o foram un\u00e2nimes. Houve leitores que defenderam a iniciativa do Detro-RJ e 1001 de estabelecer o trajeto via Zona Sul. Um deles foi Elton Max, que disse fazer o percurso regularmente e constatou que h\u00e1 mais tr\u00e2nsito pela Linha Amarela.<\/p>\n<blockquote><p>&#8220;As pessoas s\u00e3o muito chatas, cara. V\u00e3o ficar sem linha nenhuma e vai ser bem feito. Eu fa\u00e7o esse trajeto toda semana e quase sempre pela Linha Amarela tem mais tr\u00e2nsito&#8221;, opinou.<\/p><\/blockquote>\n<div id=\"attachment_35887\" style=\"width: 1290px\" class=\"wp-caption aligncenter\"><img decoding=\"async\" aria-describedby=\"caption-attachment-35887\" class=\"size-full wp-image-35887\" src=\"https:\/\/folhadoleste.com.br\/wp-content\/uploads\/2023\/11\/Linha-Niteroi-Barra-e-inaugurada-2-Foto-Divulgacao-Detro-RJ.jpg\" alt=\"Linha Niter\u00f3i-Barra \u00e9 inaugurada\" width=\"1280\" height=\"720\" \/><p id=\"caption-attachment-35887\" class=\"wp-caption-text\">Foto: Divulga\u00e7\u00e3o\/Detro-RJ<\/p><\/div>\n<p>A leitora Marisa Bacellar, por sua vez, enxergou um ponto positivo no trajeto. A linha, indo epla Zona Sul, ir\u00e1 atender o percurso entre o Jardim Oce\u00e2nico e o Shopping Aerotown, onde ficar\u00e1 o ponto final. Isto, em tese, n\u00e3o seria poss\u00edvel se o itiner\u00e1rio fosse pela Linha Amarela.<\/p>\n<blockquote><p>&#8220;Achei \u00f3timo porque, dessa forma, contempla todo o trajeto principal da Barra. Desde o Jardim Oce\u00e2nico at\u00e9 o outro lado, perto da Linha Amarela. E \u00e9 no Jardim Oce\u00e2nico que tem o metr\u00f4&#8221;, salientou.<\/p><\/blockquote>\n<h4><a href=\"https:\/\/folhadoleste.com.br\/en\/onibus-niteroi-barra-da-tijuca-veja-o-itinerario-de-ida-e-volta\/\">Itiner\u00e1rio<\/a><\/h4>\n<h5>Sentido Barra da Tijuca:<\/h5>\n<p>Avenida Carlos Ermelindo Marins, Avenida Prefeito S\u00edlvio Pican\u00e7o, Avenida Quintino Bocaiuva, T\u00fanel Raul Veiga, Avenida Almirante Ary Parreiras, Praia de Icara\u00ed, Praia das Flechas, Rua Doutor Paulo Alves, Rua S\u00e3o Sebasti\u00e3o, Rua Badger da Silveira, Avenida Visconde do Rio Branco, Avenida Feliciano Sodr\u00e9, Ponte Presidente Costa e Silva, Avenida Brasil, Via Bin\u00e1rio do Porto, Rua Equador, Avenida Professor Pereira Reis, Pra\u00e7a Santo Cristo, Rua da Am\u00e9rica, Viaduto S\u00e3o Sebasti\u00e3o, Avenida Trinta e Um de Mar\u00e7o, T\u00fanel Santa B\u00e1rbara, Viaduto Engenheiro Noronha, Rua Pinheiro Machado, Rua Fernando Ferrari, Rua Muniz Barreto, Rua S\u00e3o Clemente, Rua Humait\u00e1, Rua Jardim Bot\u00e2nico, Avenida Rodrigo Ot\u00e1vio, Avenida Padre Leonel Franca, T\u00fanel Ac\u00fastico Rafael Mascarenhas, Rua Padre Leonel Franca, T\u00fanel Zuzu Angel, Autoestrada Engenheiro Fernando Mac Dowell, Rua General Olimpio Mour\u00e3o Filho, Via Apia da Rocinha, Estrada da G\u00e1vea, Autoestrada Engenheiro Fernando Mac Dowell, Elevado das Bandeiras, Avenida Ministro Ivan Lins, Avenida Armando Lombardi, Avenida das Am\u00e9ricas e Avenida Ayrton Senna.<\/p>\n<h5>Sentido Charitas:<\/h5>\n<p>Avenida Ayrton Senna, Avenida das Am\u00e9ricas, Avenida Armando Lombardi, Avenida Ministro Ivan Lins, Elevado das Bandeiras, Autoestrada Engenheiro Fernando Mac Dowell, Estrada da G\u00e1vea, Autoestrada Engenheiro Fernando Mac Dowell, T\u00fanel Zuzu Angel, Avenida Padre Leonel Franca, T\u00fanel Ac\u00fastico Rafael Mascarenhas, Avenida Padre Leonel Franca, Rua M\u00e1rio Ribeiro, Rua Doutor Marques Can\u00e1rio, Rua Tubira, Avenida Bartolomeu Mitre, Avenida Rodrigo Ot\u00e1vio, Rua Jardim Bot\u00e2nico, Rua Humait\u00e1, Rua Volunt\u00e1rios da P\u00e1tria, Praia de Botafogo, Rua Farani, Rua Pinheiro Machado, Rua Erfurt, Viaduto Engenheiro Noronha, T\u00fanel Santa B\u00e1rbara, Avenida Trinta e Um de Mar\u00e7o, Viaduto S\u00e3o Sebasti\u00e3o, Pra\u00e7a Santo Cristo, Rua Professor Pereira Reis, Via Bin\u00e1rio do Porto, Ponte Presidente Costa e Silva, Avenida Feliciano Sodr\u00e9, Avenida Visconde do Rio Branco, Rua Professor Hernani Pires de Mello, Rua Visconde de Morais, Rua Presidente Pedreira, Rua Doutor Paulo Alves, Praia das Flechas, Praia de Icara\u00ed, Rua Joaquim T\u00e1vora, T\u00fanel Roberto Silveira, Avenida Quintino Bocaiuva, Avenida Prefeito Silvio Pican\u00e7o e Avenida Carlos Ermelindo Marins.<\/p>\n<p>&nbsp;<\/p>\n<p><a href=\"https:\/\/www.instagram.com\/folhadoleste\/\"><img decoding=\"async\" class=\"aligncenter wp-image-15962\" src=\"https:\/\/folhadoleste.com.br\/wp-content\/uploads\/2023\/07\/instagram.jpg.webp\" alt=\"Itaipu-Itaipua\u00e7u: Caminh\u00e3o causa grave acidente na RJ-102, a estrada da Serrinha\" width=\"49\" height=\"49\" \/><\/a><a href=\"https:\/\/www.facebook.com\/folhadoleste\"><img decoding=\"async\" class=\"aligncenter wp-image-7424\" src=\"https:\/\/folhadoleste.com.br\/wp-content\/uploads\/2023\/05\/facebook-logo-3-1.png.webp\" alt=\"Itaipu-Itaipua\u00e7u: Caminh\u00e3o causa grave acidente na RJ-102, a estrada da Serrinha\" width=\"49\" height=\"49\" \/><\/a><\/p>","protected":false},"excerpt":{"rendered":"<p>A nova linha de \u00f4nibus Niter\u00f3i-Barra da Tijuca come\u00e7ou a circular nesta quinta-feira (16). A viagem inaugural do servi\u00e7o, operado pela Auto Via\u00e7\u00e3o 1001, partiu, no final da manh\u00e3, do Shopping Aerotown, no bairro da Zona Oeste carioca. As primeiras viagens ocorrem j\u00e1 na tarde desta quinta, \u00e0s 16h30 e 17h, saindo do ponto final na Barra da Tijuca. \u201cLeia mais not\u00edcias sobre Niter\u00f3i aqui\u201d A linha funcionar\u00e1 em car\u00e1ter experimental at\u00e9 que a futura licita\u00e7\u00e3o dos transportes p\u00fablicos intermunicipais seja finalizada. A tarifa foi fixada em R$ 12,75, passando pela Zona Sul. H\u00e1 tamb\u00e9m uma op\u00e7\u00e3o executiva, fazendo o [&hellip;]<\/p>\n","protected":false},"author":4,"featured_media":35888,"comment_status":"open","ping_status":"open","sticky":false,"template":"","format":"standard","meta":{"footnotes":""},"categories":[47,5],"tags":[11559,3166,14566,1295,54,14565,50,184,93],"class_list":["post-35884","post","type-post","status-publish","format-standard","has-post-thumbnail","hentry","category-leste-fluminense","category-noticias-de-niteroi","tag-auto-viacao-1001","tag-barra-da-tijuca","tag-detro-rj","tag-inauguracao","tag-leste-fluminense","tag-linha-barra-niteroi","tag-niteroi","tag-onibus","tag-rio-de-janeiro","post--single"],"yoast_head":"<!-- This site is optimized with the Yoast SEO plugin v27.4 - https:\/\/yoast.com\/product\/yoast-seo-wordpress\/ -->\n<title>Linha Niter\u00f3i-Barra \u00e9 inaugurada &#8226; Folha do Leste<\/title>\n<meta name=\"description\" content=\"Linha Niter\u00f3i-Barra \u00e9 inaugurada...\" \/>\n<meta name=\"robots\" content=\"index, follow, max-snippet:-1, max-image-preview:large, max-video-preview:-1\" \/>\n<link rel=\"canonical\" href=\"https:\/\/folhadoleste.com.br\/en\/linha-niteroi-barra-e-inaugurada\/\" \/>\n<meta property=\"og:locale\" content=\"en_US\" \/>\n<meta property=\"og:type\" content=\"article\" \/>\n<meta property=\"og:title\" content=\"Linha Niter\u00f3i-Barra \u00e9 inaugurada &#8226; Folha do Leste\" \/>\n<meta property=\"og:description\" content=\"Niter\u00f3i &#8226; Folha do Leste\" \/>\n<meta property=\"og:url\" content=\"https:\/\/folhadoleste.com.br\/en\/linha-niteroi-barra-e-inaugurada\/\" \/>\n<meta property=\"og:site_name\" content=\"Folha do Leste\" \/>\n<meta property=\"article:publisher\" content=\"https:\/\/www.facebook.com\/folhadoleste\" \/>\n<meta property=\"article:published_time\" content=\"2023-11-16T18:51:07+00:00\" \/>\n<meta property=\"og:image\" content=\"https:\/\/folhadoleste.com.br\/wp-content\/uploads\/2023\/11\/Linha-Niteroi-Barra-e-inaugurada-Foto-Divulgacao-Detro-RJ.jpg\" \/>\n\t<meta property=\"og:image:width\" content=\"1280\" \/>\n\t<meta property=\"og:image:height\" content=\"720\" \/>\n\t<meta property=\"og:image:type\" content=\"image\/jpeg\" \/>\n<meta name=\"author\" content=\"Folha do Leste\" \/>\n<meta name=\"twitter:card\" content=\"summary_large_image\" \/>\n<meta name=\"twitter:creator\" content=\"@FolhadoLesteRJ\" \/>\n<meta name=\"twitter:site\" content=\"@FolhadoLesteRJ\" \/>\n<meta name=\"twitter:label1\" content=\"Written by\" \/>\n\t<meta name=\"twitter:data1\" content=\"Folha do Leste\" \/>\n\t<meta name=\"twitter:label2\" content=\"Est. reading time\" \/>\n\t<meta name=\"twitter:data2\" content=\"6 minutes\" \/>\n<script type=\"application\/ld+json\" class=\"yoast-schema-graph\">{\"@context\":\"https:\\\/\\\/schema.org\",\"@graph\":[{\"@type\":\"NewsArticle\",\"@id\":\"https:\\\/\\\/folhadoleste.com.br\\\/linha-niteroi-barra-e-inaugurada\\\/#article\",\"isPartOf\":{\"@id\":\"https:\\\/\\\/folhadoleste.com.br\\\/linha-niteroi-barra-e-inaugurada\\\/\"},\"author\":{\"name\":\"Folha do Leste\",\"@id\":\"https:\\\/\\\/folhadoleste.com.br\\\/#\\\/schema\\\/person\\\/3e97145b2e1861276e84471aa85a3899\"},\"headline\":\"Linha Niter\u00f3i-Barra \u00e9 inaugurada\",\"datePublished\":\"2023-11-16T18:51:07+00:00\",\"mainEntityOfPage\":{\"@id\":\"https:\\\/\\\/folhadoleste.com.br\\\/linha-niteroi-barra-e-inaugurada\\\/\"},\"wordCount\":1053,\"commentCount\":0,\"publisher\":{\"@id\":\"https:\\\/\\\/folhadoleste.com.br\\\/#organization\"},\"image\":{\"@id\":\"https:\\\/\\\/folhadoleste.com.br\\\/linha-niteroi-barra-e-inaugurada\\\/#primaryimage\"},\"thumbnailUrl\":\"https:\\\/\\\/folhadoleste.com.br\\\/wp-content\\\/uploads\\\/2023\\\/11\\\/Linha-Niteroi-Barra-e-inaugurada-Foto-Divulgacao-Detro-RJ.jpg\",\"keywords\":[\"Auto Via\u00e7\u00e3o 1001\",\"Barra da Tijuca\",\"Detro-RJ\",\"inaugura\u00e7\u00e3o\",\"Leste Fluminense\",\"Linha Barra-Niter\u00f3i\",\"Niter\u00f3i\",\"\u00f4nibus\",\"Rio de Janeiro\"],\"articleSection\":[\"Leste Fluminense\",\"Niter\u00f3i\"],\"inLanguage\":\"en-US\",\"potentialAction\":[{\"@type\":\"CommentAction\",\"name\":\"Comment\",\"target\":[\"https:\\\/\\\/folhadoleste.com.br\\\/linha-niteroi-barra-e-inaugurada\\\/#respond\"]}]},{\"@type\":\"WebPage\",\"@id\":\"https:\\\/\\\/folhadoleste.com.br\\\/linha-niteroi-barra-e-inaugurada\\\/\",\"url\":\"https:\\\/\\\/folhadoleste.com.br\\\/linha-niteroi-barra-e-inaugurada\\\/\",\"name\":\"Linha Niter\u00f3i-Barra \u00e9 inaugurada &#8226; Folha do Leste\",\"isPartOf\":{\"@id\":\"https:\\\/\\\/folhadoleste.com.br\\\/#website\"},\"primaryImageOfPage\":{\"@id\":\"https:\\\/\\\/folhadoleste.com.br\\\/linha-niteroi-barra-e-inaugurada\\\/#primaryimage\"},\"image\":{\"@id\":\"https:\\\/\\\/folhadoleste.com.br\\\/linha-niteroi-barra-e-inaugurada\\\/#primaryimage\"},\"thumbnailUrl\":\"https:\\\/\\\/folhadoleste.com.br\\\/wp-content\\\/uploads\\\/2023\\\/11\\\/Linha-Niteroi-Barra-e-inaugurada-Foto-Divulgacao-Detro-RJ.jpg\",\"datePublished\":\"2023-11-16T18:51:07+00:00\",\"description\":\"Linha Niter\u00f3i-Barra \u00e9 inaugurada...\",\"breadcrumb\":{\"@id\":\"https:\\\/\\\/folhadoleste.com.br\\\/linha-niteroi-barra-e-inaugurada\\\/#breadcrumb\"},\"inLanguage\":\"en-US\",\"potentialAction\":[{\"@type\":\"ReadAction\",\"target\":[\"https:\\\/\\\/folhadoleste.com.br\\\/linha-niteroi-barra-e-inaugurada\\\/\"]}]},{\"@type\":\"ImageObject\",\"inLanguage\":\"en-US\",\"@id\":\"https:\\\/\\\/folhadoleste.com.br\\\/linha-niteroi-barra-e-inaugurada\\\/#primaryimage\",\"url\":\"https:\\\/\\\/folhadoleste.com.br\\\/wp-content\\\/uploads\\\/2023\\\/11\\\/Linha-Niteroi-Barra-e-inaugurada-Foto-Divulgacao-Detro-RJ.jpg\",\"contentUrl\":\"https:\\\/\\\/folhadoleste.com.br\\\/wp-content\\\/uploads\\\/2023\\\/11\\\/Linha-Niteroi-Barra-e-inaugurada-Foto-Divulgacao-Detro-RJ.jpg\",\"width\":1280,\"height\":720,\"caption\":\"Foto: Divulga\u00e7\u00e3o\\\/Detro-RJ\"},{\"@type\":\"BreadcrumbList\",\"@id\":\"https:\\\/\\\/folhadoleste.com.br\\\/linha-niteroi-barra-e-inaugurada\\\/#breadcrumb\",\"itemListElement\":[{\"@type\":\"ListItem\",\"position\":1,\"name\":\"In\u00edcio\",\"item\":\"https:\\\/\\\/folhadoleste.com.br\\\/\"},{\"@type\":\"ListItem\",\"position\":2,\"name\":\"Estado do Rio de Janeiro\",\"item\":\"https:\\\/\\\/folhadoleste.com.br\\\/category\\\/estado-do-rio-de-janeiro\\\/\"},{\"@type\":\"ListItem\",\"position\":3,\"name\":\"Leste Fluminense\",\"item\":\"https:\\\/\\\/folhadoleste.com.br\\\/category\\\/estado-do-rio-de-janeiro\\\/leste-fluminense\\\/\"},{\"@type\":\"ListItem\",\"position\":4,\"name\":\"Niter\u00f3i\",\"item\":\"https:\\\/\\\/folhadoleste.com.br\\\/category\\\/estado-do-rio-de-janeiro\\\/leste-fluminense\\\/noticias-de-niteroi\\\/\"},{\"@type\":\"ListItem\",\"position\":5,\"name\":\"Linha Niter\u00f3i-Barra \u00e9 inaugurada\"}]},{\"@type\":\"WebSite\",\"@id\":\"https:\\\/\\\/folhadoleste.com.br\\\/#website\",\"url\":\"https:\\\/\\\/folhadoleste.com.br\\\/\",\"name\":\"Folha do Leste\",\"description\":\"Portal de Not\u00edcias com \u00eanfase em Niter\u00f3i, criando conte\u00fados desde a capital Rio de Janeiro, com olhar para o Leste Fluminense e suas cidades como S\u00e3o Gon\u00e7alo, Itabora\u00ed, Rio Bonito, Maric\u00e1, Saquarema e Araruama\",\"publisher\":{\"@id\":\"https:\\\/\\\/folhadoleste.com.br\\\/#organization\"},\"alternateName\":\"FL\",\"potentialAction\":[{\"@type\":\"SearchAction\",\"target\":{\"@type\":\"EntryPoint\",\"urlTemplate\":\"https:\\\/\\\/folhadoleste.com.br\\\/?s={search_term_string}\"},\"query-input\":{\"@type\":\"PropertyValueSpecification\",\"valueRequired\":true,\"valueName\":\"search_term_string\"}}],\"inLanguage\":\"en-US\"},{\"@type\":\"Organization\",\"@id\":\"https:\\\/\\\/folhadoleste.com.br\\\/#organization\",\"name\":\"Brasil 21 Comunica\u00e7\u00e3o\",\"alternateName\":\"BR21\",\"url\":\"https:\\\/\\\/folhadoleste.com.br\\\/\",\"logo\":{\"@type\":\"ImageObject\",\"inLanguage\":\"en-US\",\"@id\":\"https:\\\/\\\/folhadoleste.com.br\\\/#\\\/schema\\\/logo\\\/image\\\/\",\"url\":\"https:\\\/\\\/folhadoleste.com.br\\\/wp-content\\\/uploads\\\/2025\\\/12\\\/brasil-21-logomarca.avif\",\"contentUrl\":\"https:\\\/\\\/folhadoleste.com.br\\\/wp-content\\\/uploads\\\/2025\\\/12\\\/brasil-21-logomarca.avif\",\"width\":1044,\"height\":1044,\"caption\":\"Brasil 21 Comunica\u00e7\u00e3o\"},\"image\":{\"@id\":\"https:\\\/\\\/folhadoleste.com.br\\\/#\\\/schema\\\/logo\\\/image\\\/\"},\"sameAs\":[\"https:\\\/\\\/www.facebook.com\\\/folhadoleste\",\"https:\\\/\\\/x.com\\\/FolhadoLesteRJ\",\"https:\\\/\\\/www.instagram.com\\\/folhadoleste\\\/\"]},{\"@type\":\"Person\",\"@id\":\"https:\\\/\\\/folhadoleste.com.br\\\/#\\\/schema\\\/person\\\/3e97145b2e1861276e84471aa85a3899\",\"name\":\"Folha do Leste\",\"image\":{\"@type\":\"ImageObject\",\"inLanguage\":\"en-US\",\"@id\":\"https:\\\/\\\/folhadoleste.com.br\\\/wp-content\\\/litespeed\\\/avatar\\\/1ca8c218432e7045e748610eb3db0259.jpg?ver=1777161142\",\"url\":\"https:\\\/\\\/folhadoleste.com.br\\\/wp-content\\\/litespeed\\\/avatar\\\/1ca8c218432e7045e748610eb3db0259.jpg?ver=1777161142\",\"contentUrl\":\"https:\\\/\\\/folhadoleste.com.br\\\/wp-content\\\/litespeed\\\/avatar\\\/1ca8c218432e7045e748610eb3db0259.jpg?ver=1777161142\",\"caption\":\"Folha do Leste\"},\"url\":\"https:\\\/\\\/folhadoleste.com.br\\\/en\\\/author\\\/reportagem-01\\\/\"}]}<\/script>\n<!-- \/ Yoast SEO plugin. -->","yoast_head_json":{"title":"Linha Niter\u00f3i-Barra \u00e9 inaugurada &#8226; Folha do Leste","description":"Linha Niter\u00f3i-Barra \u00e9 inaugurada...","robots":{"index":"index","follow":"follow","max-snippet":"max-snippet:-1","max-image-preview":"max-image-preview:large","max-video-preview":"max-video-preview:-1"},"canonical":"https:\/\/folhadoleste.com.br\/en\/linha-niteroi-barra-e-inaugurada\/","og_locale":"en_US","og_type":"article","og_title":"Linha Niter\u00f3i-Barra \u00e9 inaugurada &#8226; Folha do Leste","og_description":"Niter\u00f3i &#8226; Folha do Leste","og_url":"https:\/\/folhadoleste.com.br\/en\/linha-niteroi-barra-e-inaugurada\/","og_site_name":"Folha do Leste","article_publisher":"https:\/\/www.facebook.com\/folhadoleste","article_published_time":"2023-11-16T18:51:07+00:00","og_image":[{"width":1280,"height":720,"url":"https:\/\/folhadoleste.com.br\/wp-content\/uploads\/2023\/11\/Linha-Niteroi-Barra-e-inaugurada-Foto-Divulgacao-Detro-RJ.jpg","type":"image\/jpeg"}],"author":"Folha do Leste","twitter_card":"summary_large_image","twitter_creator":"@FolhadoLesteRJ","twitter_site":"@FolhadoLesteRJ","twitter_misc":{"Written by":"Folha do Leste","Est. reading time":"6 minutes"},"schema":{"@context":"https:\/\/schema.org","@graph":[{"@type":"NewsArticle","@id":"https:\/\/folhadoleste.com.br\/linha-niteroi-barra-e-inaugurada\/#article","isPartOf":{"@id":"https:\/\/folhadoleste.com.br\/linha-niteroi-barra-e-inaugurada\/"},"author":{"name":"Folha do Leste","@id":"https:\/\/folhadoleste.com.br\/#\/schema\/person\/3e97145b2e1861276e84471aa85a3899"},"headline":"Linha Niter\u00f3i-Barra \u00e9 inaugurada","datePublished":"2023-11-16T18:51:07+00:00","mainEntityOfPage":{"@id":"https:\/\/folhadoleste.com.br\/linha-niteroi-barra-e-inaugurada\/"},"wordCount":1053,"commentCount":0,"publisher":{"@id":"https:\/\/folhadoleste.com.br\/#organization"},"image":{"@id":"https:\/\/folhadoleste.com.br\/linha-niteroi-barra-e-inaugurada\/#primaryimage"},"thumbnailUrl":"https:\/\/folhadoleste.com.br\/wp-content\/uploads\/2023\/11\/Linha-Niteroi-Barra-e-inaugurada-Foto-Divulgacao-Detro-RJ.jpg","keywords":["Auto Via\u00e7\u00e3o 1001","Barra da Tijuca","Detro-RJ","inaugura\u00e7\u00e3o","Leste Fluminense","Linha Barra-Niter\u00f3i","Niter\u00f3i","\u00f4nibus","Rio de Janeiro"],"articleSection":["Leste Fluminense","Niter\u00f3i"],"inLanguage":"en-US","potentialAction":[{"@type":"CommentAction","name":"Comment","target":["https:\/\/folhadoleste.com.br\/linha-niteroi-barra-e-inaugurada\/#respond"]}]},{"@type":"WebPage","@id":"https:\/\/folhadoleste.com.br\/linha-niteroi-barra-e-inaugurada\/","url":"https:\/\/folhadoleste.com.br\/linha-niteroi-barra-e-inaugurada\/","name":"Linha Niter\u00f3i-Barra \u00e9 inaugurada &#8226; Folha do Leste","isPartOf":{"@id":"https:\/\/folhadoleste.com.br\/#website"},"primaryImageOfPage":{"@id":"https:\/\/folhadoleste.com.br\/linha-niteroi-barra-e-inaugurada\/#primaryimage"},"image":{"@id":"https:\/\/folhadoleste.com.br\/linha-niteroi-barra-e-inaugurada\/#primaryimage"},"thumbnailUrl":"https:\/\/folhadoleste.com.br\/wp-content\/uploads\/2023\/11\/Linha-Niteroi-Barra-e-inaugurada-Foto-Divulgacao-Detro-RJ.jpg","datePublished":"2023-11-16T18:51:07+00:00","description":"Linha Niter\u00f3i-Barra \u00e9 inaugurada...","breadcrumb":{"@id":"https:\/\/folhadoleste.com.br\/linha-niteroi-barra-e-inaugurada\/#breadcrumb"},"inLanguage":"en-US","potentialAction":[{"@type":"ReadAction","target":["https:\/\/folhadoleste.com.br\/linha-niteroi-barra-e-inaugurada\/"]}]},{"@type":"ImageObject","inLanguage":"en-US","@id":"https:\/\/folhadoleste.com.br\/linha-niteroi-barra-e-inaugurada\/#primaryimage","url":"https:\/\/folhadoleste.com.br\/wp-content\/uploads\/2023\/11\/Linha-Niteroi-Barra-e-inaugurada-Foto-Divulgacao-Detro-RJ.jpg","contentUrl":"https:\/\/folhadoleste.com.br\/wp-content\/uploads\/2023\/11\/Linha-Niteroi-Barra-e-inaugurada-Foto-Divulgacao-Detro-RJ.jpg","width":1280,"height":720,"caption":"Foto: Divulga\u00e7\u00e3o\/Detro-RJ"},{"@type":"BreadcrumbList","@id":"https:\/\/folhadoleste.com.br\/linha-niteroi-barra-e-inaugurada\/#breadcrumb","itemListElement":[{"@type":"ListItem","position":1,"name":"In\u00edcio","item":"https:\/\/folhadoleste.com.br\/"},{"@type":"ListItem","position":2,"name":"Estado do Rio de Janeiro","item":"https:\/\/folhadoleste.com.br\/category\/estado-do-rio-de-janeiro\/"},{"@type":"ListItem","position":3,"name":"Leste Fluminense","item":"https:\/\/folhadoleste.com.br\/category\/estado-do-rio-de-janeiro\/leste-fluminense\/"},{"@type":"ListItem","position":4,"name":"Niter\u00f3i","item":"https:\/\/folhadoleste.com.br\/category\/estado-do-rio-de-janeiro\/leste-fluminense\/noticias-de-niteroi\/"},{"@type":"ListItem","position":5,"name":"Linha Niter\u00f3i-Barra \u00e9 inaugurada"}]},{"@type":"WebSite","@id":"https:\/\/folhadoleste.com.br\/#website","url":"https:\/\/folhadoleste.com.br\/","name":"Folha do Leste","description":"Portal de Not\u00edcias com \u00eanfase em Niter\u00f3i, criando conte\u00fados desde a capital Rio de Janeiro, com olhar para o Leste Fluminense e suas cidades como S\u00e3o Gon\u00e7alo, Itabora\u00ed, Rio Bonito, Maric\u00e1, Saquarema e Araruama","publisher":{"@id":"https:\/\/folhadoleste.com.br\/#organization"},"alternateName":"FL","potentialAction":[{"@type":"SearchAction","target":{"@type":"EntryPoint","urlTemplate":"https:\/\/folhadoleste.com.br\/?s={search_term_string}"},"query-input":{"@type":"PropertyValueSpecification","valueRequired":true,"valueName":"search_term_string"}}],"inLanguage":"en-US"},{"@type":"Organization","@id":"https:\/\/folhadoleste.com.br\/#organization","name":"Brasil 21 Comunica\u00e7\u00e3o","alternateName":"BR21","url":"https:\/\/folhadoleste.com.br\/","logo":{"@type":"ImageObject","inLanguage":"en-US","@id":"https:\/\/folhadoleste.com.br\/#\/schema\/logo\/image\/","url":"https:\/\/folhadoleste.com.br\/wp-content\/uploads\/2025\/12\/brasil-21-logomarca.avif","contentUrl":"https:\/\/folhadoleste.com.br\/wp-content\/uploads\/2025\/12\/brasil-21-logomarca.avif","width":1044,"height":1044,"caption":"Brasil 21 Comunica\u00e7\u00e3o"},"image":{"@id":"https:\/\/folhadoleste.com.br\/#\/schema\/logo\/image\/"},"sameAs":["https:\/\/www.facebook.com\/folhadoleste","https:\/\/x.com\/FolhadoLesteRJ","https:\/\/www.instagram.com\/folhadoleste\/"]},{"@type":"Person","@id":"https:\/\/folhadoleste.com.br\/#\/schema\/person\/3e97145b2e1861276e84471aa85a3899","name":"Folha do Leste","image":{"@type":"ImageObject","inLanguage":"en-US","@id":"https:\/\/folhadoleste.com.br\/wp-content\/litespeed\/avatar\/1ca8c218432e7045e748610eb3db0259.jpg?ver=1777161142","url":"https:\/\/folhadoleste.com.br\/wp-content\/litespeed\/avatar\/1ca8c218432e7045e748610eb3db0259.jpg?ver=1777161142","contentUrl":"https:\/\/folhadoleste.com.br\/wp-content\/litespeed\/avatar\/1ca8c218432e7045e748610eb3db0259.jpg?ver=1777161142","caption":"Folha do Leste"},"url":"https:\/\/folhadoleste.com.br\/en\/author\/reportagem-01\/"}]}},"_links":{"self":[{"href":"https:\/\/folhadoleste.com.br\/en\/wp-json\/wp\/v2\/posts\/35884","targetHints":{"allow":["GET"]}}],"collection":[{"href":"https:\/\/folhadoleste.com.br\/en\/wp-json\/wp\/v2\/posts"}],"about":[{"href":"https:\/\/folhadoleste.com.br\/en\/wp-json\/wp\/v2\/types\/post"}],"author":[{"embeddable":true,"href":"https:\/\/folhadoleste.com.br\/en\/wp-json\/wp\/v2\/users\/4"}],"replies":[{"embeddable":true,"href":"https:\/\/folhadoleste.com.br\/en\/wp-json\/wp\/v2\/comments?post=35884"}],"version-history":[{"count":1,"href":"https:\/\/folhadoleste.com.br\/en\/wp-json\/wp\/v2\/posts\/35884\/revisions"}],"predecessor-version":[{"id":35889,"href":"https:\/\/folhadoleste.com.br\/en\/wp-json\/wp\/v2\/posts\/35884\/revisions\/35889"}],"wp:featuredmedia":[{"embeddable":true,"href":"https:\/\/folhadoleste.com.br\/en\/wp-json\/wp\/v2\/media\/35888"}],"wp:attachment":[{"href":"https:\/\/folhadoleste.com.br\/en\/wp-json\/wp\/v2\/media?parent=35884"}],"wp:term":[{"taxonomy":"category","embeddable":true,"href":"https:\/\/folhadoleste.com.br\/en\/wp-json\/wp\/v2\/categories?post=35884"},{"taxonomy":"post_tag","embeddable":true,"href":"https:\/\/folhadoleste.com.br\/en\/wp-json\/wp\/v2\/tags?post=35884"}],"curies":[{"name":"wp","href":"https:\/\/api.w.org\/{rel}","templated":true}]}}