{"id":35875,"date":"2023-11-16T12:59:07","date_gmt":"2023-11-16T15:59:07","guid":{"rendered":"https:\/\/folhadoleste.com.br\/?p=35875"},"modified":"2023-11-16T12:59:07","modified_gmt":"2023-11-16T15:59:07","slug":"grupo-desejo-natural-comemora-15-anos-de-carreira-com-novos-projetos","status":"publish","type":"post","link":"https:\/\/folhadoleste.com.br\/en\/grupo-desejo-natural-comemora-15-anos-de-carreira-com-novos-projetos\/","title":{"rendered":"Grupo Desejo Natural comemora 15 anos de carreira com novos projetos"},"content":{"rendered":"<div id=\"attachment_35877\" style=\"width: 1610px\" class=\"wp-caption aligncenter\"><img decoding=\"async\" aria-describedby=\"caption-attachment-35877\" class=\"size-full wp-image-35877\" src=\"https:\/\/folhadoleste.com.br\/wp-content\/uploads\/2023\/11\/Grupo-Desejo-Natural-comemora-15-anos-de-carreira-com-novos-projetos-Foto-Divulgacao.jpg\" alt=\"Grupo Desejo Natural comemora 15 anos de carreira com novos projetos\" width=\"1600\" height=\"1066\" \/><p id=\"caption-attachment-35877\" class=\"wp-caption-text\">Foto: Divulga\u00e7\u00e3o<\/p><\/div>\n<p>O grupo de pagode Desejo Natural, de S\u00e3o Gon\u00e7alo (RJ), comemora 15 anos de carreira em 2023. A banda, formada por Luiz Henrique (cavaquinho), Odirley Lima (percuss\u00e3o), Henrique Silva (canto e viol\u00e3o) e M\u00e1rcio (canto e percuss\u00e3o), j\u00e1 lan\u00e7ou dois discos, &#8220;G\u00eanio&#8221; (2015) e &#8220;S\u00f3 Vit\u00f3ria&#8221; (2018), e tem duas can\u00e7\u00f5es emplacadas nas r\u00e1dios do Brasil.<\/p>\n<h4><a href=\"https:\/\/folhadoleste.com.br\/en\/category\/entretenimento-artes-e-cultura-destaque\/entretenimento\/\">\u201cLeia mais not\u00edcias sobre Entretenimento aqui\u201d<\/a><\/h4>\n<p>O grupo j\u00e1 se apresentou em diversos palcos e casas de shows renomadas, como o Olimpo, o Barra Music, o Ita Show, a quadra da Beija-Flor, a quadra do Salgueiro, o Coqueluche e o Via Show. Tamb\u00e9m j\u00e1 dividiu o palco com artistas de renome, como Grupo Revela\u00e7\u00e3o, Belo, Exaltasamba, Alcione, Jorge Arag\u00e3o, Sorriso Maroto, Ferrugem e Gustavo Lins.<\/p>\n<blockquote><p>&#8220;Nosso objetivo \u00e9 continuar vivendo da nossa m\u00fasica e levando alegria a todos os nossos f\u00e3s&#8221;, afirma Henrique Silva, vocalista do grupo. &#8220;Estamos preparando novos projetos para comemorar esse anivers\u00e1rio especial. Em breve, vamos lan\u00e7ar um novo single e tamb\u00e9m estamos trabalhando em um novo disco.&#8221;<\/p><\/blockquote>\n<p>O grupo Desejo Natural \u00e9 uma das principais refer\u00eancias do pagode no Rio de Janeiro. Com um repert\u00f3rio ecl\u00e9tico, que inclui m\u00fasicas autorais e de sucesso de outros artistas, a banda conquistou um p\u00fablico fiel e \u00e9 uma das mais requisitadas para shows e eventos.<\/p>\n<p>&nbsp;<\/p>\n<p><a href=\"https:\/\/www.instagram.com\/folhadoleste\/\"><img decoding=\"async\" class=\"aligncenter wp-image-15962\" src=\"https:\/\/folhadoleste.com.br\/wp-content\/uploads\/2023\/07\/instagram.jpg.webp\" alt=\"Itaipu-Itaipua\u00e7u: Caminh\u00e3o causa grave acidente na RJ-102, a estrada da Serrinha\" width=\"49\" height=\"49\" \/><\/a><a href=\"https:\/\/www.facebook.com\/folhadoleste\"><img decoding=\"async\" class=\"aligncenter wp-image-7424\" src=\"https:\/\/folhadoleste.com.br\/wp-content\/uploads\/2023\/05\/facebook-logo-3-1.png.webp\" alt=\"Itaipu-Itaipua\u00e7u: Caminh\u00e3o causa grave acidente na RJ-102, a estrada da Serrinha\" width=\"49\" height=\"49\" \/><\/a><\/p>","protected":false},"excerpt":{"rendered":"<p>O grupo de pagode Desejo Natural, de S\u00e3o Gon\u00e7alo (RJ), comemora 15 anos de carreira em 2023. A banda, formada por Luiz Henrique (cavaquinho), Odirley Lima (percuss\u00e3o), Henrique Silva (canto e viol\u00e3o) e M\u00e1rcio (canto e percuss\u00e3o), j\u00e1 lan\u00e7ou dois discos, &#8220;G\u00eanio&#8221; (2015) e &#8220;S\u00f3 Vit\u00f3ria&#8221; (2018), e tem duas can\u00e7\u00f5es emplacadas nas r\u00e1dios do Brasil. \u201cLeia mais not\u00edcias sobre Entretenimento aqui\u201d O grupo j\u00e1 se apresentou em diversos palcos e casas de shows renomadas, como o Olimpo, o Barra Music, o Ita Show, a quadra da Beija-Flor, a quadra do Salgueiro, o Coqueluche e o Via Show. Tamb\u00e9m j\u00e1 [&hellip;]<\/p>\n","protected":false},"author":4,"featured_media":35877,"comment_status":"open","ping_status":"open","sticky":false,"template":"","format":"standard","meta":{"footnotes":""},"categories":[5167,86,84,83,47,10506,52],"tags":[6646,108,2381,14562,54,1877,6662,76],"class_list":["post-35875","post","type-post","status-publish","format-standard","has-post-thumbnail","hentry","category-celebridades","category-cultura","category-entretenimento","category-entretenimento-artes-e-cultura-destaque","category-leste-fluminense","category-musica","category-sao-goncalo","tag-celebridades","tag-cultura","tag-entretenimento","tag-grupo-desejo-natural","tag-leste-fluminense","tag-musica","tag-pagode","tag-sao-goncalo","post--single"],"yoast_head":"<!-- This site is optimized with the Yoast SEO plugin v27.5 - https:\/\/yoast.com\/product\/yoast-seo-wordpress\/ -->\n<title>Grupo Desejo Natural comemora 15 anos de carreira com novos projetos<\/title>\n<meta name=\"description\" content=\"Grupo Desejo Natural comemora 15 anos de carreira com novos projetos...\" \/>\n<meta name=\"robots\" content=\"index, follow, max-snippet:-1, max-image-preview:large, max-video-preview:-1\" \/>\n<link rel=\"canonical\" href=\"https:\/\/folhadoleste.com.br\/en\/grupo-desejo-natural-comemora-15-anos-de-carreira-com-novos-projetos\/\" \/>\n<meta property=\"og:locale\" content=\"en_US\" \/>\n<meta property=\"og:type\" content=\"article\" \/>\n<meta property=\"og:title\" content=\"Grupo Desejo Natural comemora 15 anos de carreira com novos projetos\" \/>\n<meta property=\"og:description\" content=\"Entretenimento &#8226; Folha do Leste\" \/>\n<meta property=\"og:url\" content=\"https:\/\/folhadoleste.com.br\/en\/grupo-desejo-natural-comemora-15-anos-de-carreira-com-novos-projetos\/\" \/>\n<meta property=\"og:site_name\" content=\"Folha do Leste\" \/>\n<meta property=\"article:publisher\" content=\"https:\/\/www.facebook.com\/folhadoleste\" \/>\n<meta property=\"article:published_time\" content=\"2023-11-16T15:59:07+00:00\" \/>\n<meta property=\"og:image\" content=\"https:\/\/folhadoleste.com.br\/wp-content\/uploads\/2023\/11\/Grupo-Desejo-Natural-comemora-15-anos-de-carreira-com-novos-projetos-Foto-Divulgacao.jpg\" \/>\n\t<meta property=\"og:image:width\" content=\"1600\" \/>\n\t<meta property=\"og:image:height\" content=\"1066\" \/>\n\t<meta property=\"og:image:type\" content=\"image\/jpeg\" \/>\n<meta name=\"author\" content=\"Folha do Leste\" \/>\n<meta name=\"twitter:card\" content=\"summary_large_image\" \/>\n<meta name=\"twitter:creator\" content=\"@FolhadoLesteRJ\" \/>\n<meta name=\"twitter:site\" content=\"@FolhadoLesteRJ\" \/>\n<meta name=\"twitter:label1\" content=\"Written by\" \/>\n\t<meta name=\"twitter:data1\" content=\"Folha do Leste\" \/>\n\t<meta name=\"twitter:label2\" content=\"Est. reading time\" \/>\n\t<meta name=\"twitter:data2\" content=\"2 minutes\" \/>\n<script type=\"application\/ld+json\" class=\"yoast-schema-graph\">{\"@context\":\"https:\\\/\\\/schema.org\",\"@graph\":[{\"@type\":\"NewsArticle\",\"@id\":\"https:\\\/\\\/folhadoleste.com.br\\\/grupo-desejo-natural-comemora-15-anos-de-carreira-com-novos-projetos\\\/#article\",\"isPartOf\":{\"@id\":\"https:\\\/\\\/folhadoleste.com.br\\\/grupo-desejo-natural-comemora-15-anos-de-carreira-com-novos-projetos\\\/\"},\"author\":{\"name\":\"Folha do Leste\",\"@id\":\"https:\\\/\\\/folhadoleste.com.br\\\/#\\\/schema\\\/person\\\/3e97145b2e1861276e84471aa85a3899\"},\"headline\":\"Grupo Desejo Natural comemora 15 anos de carreira com novos projetos\",\"datePublished\":\"2023-11-16T15:59:07+00:00\",\"mainEntityOfPage\":{\"@id\":\"https:\\\/\\\/folhadoleste.com.br\\\/grupo-desejo-natural-comemora-15-anos-de-carreira-com-novos-projetos\\\/\"},\"wordCount\":251,\"commentCount\":0,\"publisher\":{\"@id\":\"https:\\\/\\\/folhadoleste.com.br\\\/#organization\"},\"image\":{\"@id\":\"https:\\\/\\\/folhadoleste.com.br\\\/grupo-desejo-natural-comemora-15-anos-de-carreira-com-novos-projetos\\\/#primaryimage\"},\"thumbnailUrl\":\"https:\\\/\\\/folhadoleste.com.br\\\/wp-content\\\/uploads\\\/2023\\\/11\\\/Grupo-Desejo-Natural-comemora-15-anos-de-carreira-com-novos-projetos-Foto-Divulgacao.jpg\",\"keywords\":[\"Celebridades\",\"Cultura\",\"entretenimento\",\"Grupo Desejo Natural\",\"Leste Fluminense\",\"m\u00fasica\",\"pagode\",\"s\u00e3o gon\u00e7alo\"],\"articleSection\":[\"Celebridades\",\"Cultura\",\"Entretenimento\",\"Entretenimento, Artes e Cultura\",\"Leste Fluminense\",\"M\u00fasica\",\"S\u00e3o Gon\u00e7alo\"],\"inLanguage\":\"en-US\",\"potentialAction\":[{\"@type\":\"CommentAction\",\"name\":\"Comment\",\"target\":[\"https:\\\/\\\/folhadoleste.com.br\\\/grupo-desejo-natural-comemora-15-anos-de-carreira-com-novos-projetos\\\/#respond\"]}]},{\"@type\":\"WebPage\",\"@id\":\"https:\\\/\\\/folhadoleste.com.br\\\/grupo-desejo-natural-comemora-15-anos-de-carreira-com-novos-projetos\\\/\",\"url\":\"https:\\\/\\\/folhadoleste.com.br\\\/grupo-desejo-natural-comemora-15-anos-de-carreira-com-novos-projetos\\\/\",\"name\":\"Grupo Desejo Natural comemora 15 anos de carreira com novos projetos\",\"isPartOf\":{\"@id\":\"https:\\\/\\\/folhadoleste.com.br\\\/#website\"},\"primaryImageOfPage\":{\"@id\":\"https:\\\/\\\/folhadoleste.com.br\\\/grupo-desejo-natural-comemora-15-anos-de-carreira-com-novos-projetos\\\/#primaryimage\"},\"image\":{\"@id\":\"https:\\\/\\\/folhadoleste.com.br\\\/grupo-desejo-natural-comemora-15-anos-de-carreira-com-novos-projetos\\\/#primaryimage\"},\"thumbnailUrl\":\"https:\\\/\\\/folhadoleste.com.br\\\/wp-content\\\/uploads\\\/2023\\\/11\\\/Grupo-Desejo-Natural-comemora-15-anos-de-carreira-com-novos-projetos-Foto-Divulgacao.jpg\",\"datePublished\":\"2023-11-16T15:59:07+00:00\",\"description\":\"Grupo Desejo Natural comemora 15 anos de carreira com novos projetos...\",\"breadcrumb\":{\"@id\":\"https:\\\/\\\/folhadoleste.com.br\\\/grupo-desejo-natural-comemora-15-anos-de-carreira-com-novos-projetos\\\/#breadcrumb\"},\"inLanguage\":\"en-US\",\"potentialAction\":[{\"@type\":\"ReadAction\",\"target\":[\"https:\\\/\\\/folhadoleste.com.br\\\/grupo-desejo-natural-comemora-15-anos-de-carreira-com-novos-projetos\\\/\"]}]},{\"@type\":\"ImageObject\",\"inLanguage\":\"en-US\",\"@id\":\"https:\\\/\\\/folhadoleste.com.br\\\/grupo-desejo-natural-comemora-15-anos-de-carreira-com-novos-projetos\\\/#primaryimage\",\"url\":\"https:\\\/\\\/folhadoleste.com.br\\\/wp-content\\\/uploads\\\/2023\\\/11\\\/Grupo-Desejo-Natural-comemora-15-anos-de-carreira-com-novos-projetos-Foto-Divulgacao.jpg\",\"contentUrl\":\"https:\\\/\\\/folhadoleste.com.br\\\/wp-content\\\/uploads\\\/2023\\\/11\\\/Grupo-Desejo-Natural-comemora-15-anos-de-carreira-com-novos-projetos-Foto-Divulgacao.jpg\",\"width\":1600,\"height\":1066,\"caption\":\"Foto: Divulga\u00e7\u00e3o\"},{\"@type\":\"BreadcrumbList\",\"@id\":\"https:\\\/\\\/folhadoleste.com.br\\\/grupo-desejo-natural-comemora-15-anos-de-carreira-com-novos-projetos\\\/#breadcrumb\",\"itemListElement\":[{\"@type\":\"ListItem\",\"position\":1,\"name\":\"In\u00edcio\",\"item\":\"https:\\\/\\\/folhadoleste.com.br\\\/\"},{\"@type\":\"ListItem\",\"position\":2,\"name\":\"Entretenimento, Artes e Cultura\",\"item\":\"https:\\\/\\\/folhadoleste.com.br\\\/category\\\/entretenimento-artes-e-cultura-destaque\\\/\"},{\"@type\":\"ListItem\",\"position\":3,\"name\":\"Entretenimento\",\"item\":\"https:\\\/\\\/folhadoleste.com.br\\\/category\\\/entretenimento-artes-e-cultura-destaque\\\/entretenimento\\\/\"},{\"@type\":\"ListItem\",\"position\":4,\"name\":\"Grupo Desejo Natural comemora 15 anos de carreira com novos projetos\"}]},{\"@type\":\"WebSite\",\"@id\":\"https:\\\/\\\/folhadoleste.com.br\\\/#website\",\"url\":\"https:\\\/\\\/folhadoleste.com.br\\\/\",\"name\":\"Folha do Leste\",\"description\":\"Portal de Not\u00edcias com \u00eanfase em Niter\u00f3i, criando conte\u00fados desde a capital Rio de Janeiro, com olhar para o Leste Fluminense e suas cidades como S\u00e3o Gon\u00e7alo, Itabora\u00ed, Rio Bonito, Maric\u00e1, Saquarema e Araruama\",\"publisher\":{\"@id\":\"https:\\\/\\\/folhadoleste.com.br\\\/#organization\"},\"alternateName\":\"FL\",\"potentialAction\":[{\"@type\":\"SearchAction\",\"target\":{\"@type\":\"EntryPoint\",\"urlTemplate\":\"https:\\\/\\\/folhadoleste.com.br\\\/?s={search_term_string}\"},\"query-input\":{\"@type\":\"PropertyValueSpecification\",\"valueRequired\":true,\"valueName\":\"search_term_string\"}}],\"inLanguage\":\"en-US\"},{\"@type\":\"Organization\",\"@id\":\"https:\\\/\\\/folhadoleste.com.br\\\/#organization\",\"name\":\"Brasil 21 Comunica\u00e7\u00e3o\",\"alternateName\":\"BR21\",\"url\":\"https:\\\/\\\/folhadoleste.com.br\\\/\",\"logo\":{\"@type\":\"ImageObject\",\"inLanguage\":\"en-US\",\"@id\":\"https:\\\/\\\/folhadoleste.com.br\\\/#\\\/schema\\\/logo\\\/image\\\/\",\"url\":\"https:\\\/\\\/folhadoleste.com.br\\\/wp-content\\\/uploads\\\/2025\\\/12\\\/brasil-21-logomarca.avif\",\"contentUrl\":\"https:\\\/\\\/folhadoleste.com.br\\\/wp-content\\\/uploads\\\/2025\\\/12\\\/brasil-21-logomarca.avif\",\"width\":1044,\"height\":1044,\"caption\":\"Brasil 21 Comunica\u00e7\u00e3o\"},\"image\":{\"@id\":\"https:\\\/\\\/folhadoleste.com.br\\\/#\\\/schema\\\/logo\\\/image\\\/\"},\"sameAs\":[\"https:\\\/\\\/www.facebook.com\\\/folhadoleste\",\"https:\\\/\\\/x.com\\\/FolhadoLesteRJ\",\"https:\\\/\\\/www.instagram.com\\\/folhadoleste\\\/\"]},{\"@type\":\"Person\",\"@id\":\"https:\\\/\\\/folhadoleste.com.br\\\/#\\\/schema\\\/person\\\/3e97145b2e1861276e84471aa85a3899\",\"name\":\"Folha do Leste\",\"image\":{\"@type\":\"ImageObject\",\"inLanguage\":\"en-US\",\"@id\":\"https:\\\/\\\/folhadoleste.com.br\\\/wp-content\\\/litespeed\\\/avatar\\\/1ca8c218432e7045e748610eb3db0259.jpg?ver=1777161142\",\"url\":\"https:\\\/\\\/folhadoleste.com.br\\\/wp-content\\\/litespeed\\\/avatar\\\/1ca8c218432e7045e748610eb3db0259.jpg?ver=1777161142\",\"contentUrl\":\"https:\\\/\\\/folhadoleste.com.br\\\/wp-content\\\/litespeed\\\/avatar\\\/1ca8c218432e7045e748610eb3db0259.jpg?ver=1777161142\",\"caption\":\"Folha do Leste\"},\"url\":\"https:\\\/\\\/folhadoleste.com.br\\\/en\\\/author\\\/reportagem-01\\\/\"}]}<\/script>\n<!-- \/ Yoast SEO plugin. -->","yoast_head_json":{"title":"Grupo Desejo Natural comemora 15 anos de carreira com novos projetos","description":"Grupo Desejo Natural comemora 15 anos de carreira com novos projetos...","robots":{"index":"index","follow":"follow","max-snippet":"max-snippet:-1","max-image-preview":"max-image-preview:large","max-video-preview":"max-video-preview:-1"},"canonical":"https:\/\/folhadoleste.com.br\/en\/grupo-desejo-natural-comemora-15-anos-de-carreira-com-novos-projetos\/","og_locale":"en_US","og_type":"article","og_title":"Grupo Desejo Natural comemora 15 anos de carreira com novos projetos","og_description":"Entretenimento &#8226; Folha do Leste","og_url":"https:\/\/folhadoleste.com.br\/en\/grupo-desejo-natural-comemora-15-anos-de-carreira-com-novos-projetos\/","og_site_name":"Folha do Leste","article_publisher":"https:\/\/www.facebook.com\/folhadoleste","article_published_time":"2023-11-16T15:59:07+00:00","og_image":[{"width":1600,"height":1066,"url":"https:\/\/folhadoleste.com.br\/wp-content\/uploads\/2023\/11\/Grupo-Desejo-Natural-comemora-15-anos-de-carreira-com-novos-projetos-Foto-Divulgacao.jpg","type":"image\/jpeg"}],"author":"Folha do Leste","twitter_card":"summary_large_image","twitter_creator":"@FolhadoLesteRJ","twitter_site":"@FolhadoLesteRJ","twitter_misc":{"Written by":"Folha do Leste","Est. reading time":"2 minutes"},"schema":{"@context":"https:\/\/schema.org","@graph":[{"@type":"NewsArticle","@id":"https:\/\/folhadoleste.com.br\/grupo-desejo-natural-comemora-15-anos-de-carreira-com-novos-projetos\/#article","isPartOf":{"@id":"https:\/\/folhadoleste.com.br\/grupo-desejo-natural-comemora-15-anos-de-carreira-com-novos-projetos\/"},"author":{"name":"Folha do Leste","@id":"https:\/\/folhadoleste.com.br\/#\/schema\/person\/3e97145b2e1861276e84471aa85a3899"},"headline":"Grupo Desejo Natural comemora 15 anos de carreira com novos projetos","datePublished":"2023-11-16T15:59:07+00:00","mainEntityOfPage":{"@id":"https:\/\/folhadoleste.com.br\/grupo-desejo-natural-comemora-15-anos-de-carreira-com-novos-projetos\/"},"wordCount":251,"commentCount":0,"publisher":{"@id":"https:\/\/folhadoleste.com.br\/#organization"},"image":{"@id":"https:\/\/folhadoleste.com.br\/grupo-desejo-natural-comemora-15-anos-de-carreira-com-novos-projetos\/#primaryimage"},"thumbnailUrl":"https:\/\/folhadoleste.com.br\/wp-content\/uploads\/2023\/11\/Grupo-Desejo-Natural-comemora-15-anos-de-carreira-com-novos-projetos-Foto-Divulgacao.jpg","keywords":["Celebridades","Cultura","entretenimento","Grupo Desejo Natural","Leste Fluminense","m\u00fasica","pagode","s\u00e3o gon\u00e7alo"],"articleSection":["Celebridades","Cultura","Entretenimento","Entretenimento, Artes e Cultura","Leste Fluminense","M\u00fasica","S\u00e3o Gon\u00e7alo"],"inLanguage":"en-US","potentialAction":[{"@type":"CommentAction","name":"Comment","target":["https:\/\/folhadoleste.com.br\/grupo-desejo-natural-comemora-15-anos-de-carreira-com-novos-projetos\/#respond"]}]},{"@type":"WebPage","@id":"https:\/\/folhadoleste.com.br\/grupo-desejo-natural-comemora-15-anos-de-carreira-com-novos-projetos\/","url":"https:\/\/folhadoleste.com.br\/grupo-desejo-natural-comemora-15-anos-de-carreira-com-novos-projetos\/","name":"Grupo Desejo Natural comemora 15 anos de carreira com novos projetos","isPartOf":{"@id":"https:\/\/folhadoleste.com.br\/#website"},"primaryImageOfPage":{"@id":"https:\/\/folhadoleste.com.br\/grupo-desejo-natural-comemora-15-anos-de-carreira-com-novos-projetos\/#primaryimage"},"image":{"@id":"https:\/\/folhadoleste.com.br\/grupo-desejo-natural-comemora-15-anos-de-carreira-com-novos-projetos\/#primaryimage"},"thumbnailUrl":"https:\/\/folhadoleste.com.br\/wp-content\/uploads\/2023\/11\/Grupo-Desejo-Natural-comemora-15-anos-de-carreira-com-novos-projetos-Foto-Divulgacao.jpg","datePublished":"2023-11-16T15:59:07+00:00","description":"Grupo Desejo Natural comemora 15 anos de carreira com novos projetos...","breadcrumb":{"@id":"https:\/\/folhadoleste.com.br\/grupo-desejo-natural-comemora-15-anos-de-carreira-com-novos-projetos\/#breadcrumb"},"inLanguage":"en-US","potentialAction":[{"@type":"ReadAction","target":["https:\/\/folhadoleste.com.br\/grupo-desejo-natural-comemora-15-anos-de-carreira-com-novos-projetos\/"]}]},{"@type":"ImageObject","inLanguage":"en-US","@id":"https:\/\/folhadoleste.com.br\/grupo-desejo-natural-comemora-15-anos-de-carreira-com-novos-projetos\/#primaryimage","url":"https:\/\/folhadoleste.com.br\/wp-content\/uploads\/2023\/11\/Grupo-Desejo-Natural-comemora-15-anos-de-carreira-com-novos-projetos-Foto-Divulgacao.jpg","contentUrl":"https:\/\/folhadoleste.com.br\/wp-content\/uploads\/2023\/11\/Grupo-Desejo-Natural-comemora-15-anos-de-carreira-com-novos-projetos-Foto-Divulgacao.jpg","width":1600,"height":1066,"caption":"Foto: Divulga\u00e7\u00e3o"},{"@type":"BreadcrumbList","@id":"https:\/\/folhadoleste.com.br\/grupo-desejo-natural-comemora-15-anos-de-carreira-com-novos-projetos\/#breadcrumb","itemListElement":[{"@type":"ListItem","position":1,"name":"In\u00edcio","item":"https:\/\/folhadoleste.com.br\/"},{"@type":"ListItem","position":2,"name":"Entretenimento, Artes e Cultura","item":"https:\/\/folhadoleste.com.br\/category\/entretenimento-artes-e-cultura-destaque\/"},{"@type":"ListItem","position":3,"name":"Entretenimento","item":"https:\/\/folhadoleste.com.br\/category\/entretenimento-artes-e-cultura-destaque\/entretenimento\/"},{"@type":"ListItem","position":4,"name":"Grupo Desejo Natural comemora 15 anos de carreira com novos projetos"}]},{"@type":"WebSite","@id":"https:\/\/folhadoleste.com.br\/#website","url":"https:\/\/folhadoleste.com.br\/","name":"Folha do Leste","description":"Portal de Not\u00edcias com \u00eanfase em Niter\u00f3i, criando conte\u00fados desde a capital Rio de Janeiro, com olhar para o Leste Fluminense e suas cidades como S\u00e3o Gon\u00e7alo, Itabora\u00ed, Rio Bonito, Maric\u00e1, Saquarema e Araruama","publisher":{"@id":"https:\/\/folhadoleste.com.br\/#organization"},"alternateName":"FL","potentialAction":[{"@type":"SearchAction","target":{"@type":"EntryPoint","urlTemplate":"https:\/\/folhadoleste.com.br\/?s={search_term_string}"},"query-input":{"@type":"PropertyValueSpecification","valueRequired":true,"valueName":"search_term_string"}}],"inLanguage":"en-US"},{"@type":"Organization","@id":"https:\/\/folhadoleste.com.br\/#organization","name":"Brasil 21 Comunica\u00e7\u00e3o","alternateName":"BR21","url":"https:\/\/folhadoleste.com.br\/","logo":{"@type":"ImageObject","inLanguage":"en-US","@id":"https:\/\/folhadoleste.com.br\/#\/schema\/logo\/image\/","url":"https:\/\/folhadoleste.com.br\/wp-content\/uploads\/2025\/12\/brasil-21-logomarca.avif","contentUrl":"https:\/\/folhadoleste.com.br\/wp-content\/uploads\/2025\/12\/brasil-21-logomarca.avif","width":1044,"height":1044,"caption":"Brasil 21 Comunica\u00e7\u00e3o"},"image":{"@id":"https:\/\/folhadoleste.com.br\/#\/schema\/logo\/image\/"},"sameAs":["https:\/\/www.facebook.com\/folhadoleste","https:\/\/x.com\/FolhadoLesteRJ","https:\/\/www.instagram.com\/folhadoleste\/"]},{"@type":"Person","@id":"https:\/\/folhadoleste.com.br\/#\/schema\/person\/3e97145b2e1861276e84471aa85a3899","name":"Folha do Leste","image":{"@type":"ImageObject","inLanguage":"en-US","@id":"https:\/\/folhadoleste.com.br\/wp-content\/litespeed\/avatar\/1ca8c218432e7045e748610eb3db0259.jpg?ver=1777161142","url":"https:\/\/folhadoleste.com.br\/wp-content\/litespeed\/avatar\/1ca8c218432e7045e748610eb3db0259.jpg?ver=1777161142","contentUrl":"https:\/\/folhadoleste.com.br\/wp-content\/litespeed\/avatar\/1ca8c218432e7045e748610eb3db0259.jpg?ver=1777161142","caption":"Folha do Leste"},"url":"https:\/\/folhadoleste.com.br\/en\/author\/reportagem-01\/"}]}},"_links":{"self":[{"href":"https:\/\/folhadoleste.com.br\/en\/wp-json\/wp\/v2\/posts\/35875","targetHints":{"allow":["GET"]}}],"collection":[{"href":"https:\/\/folhadoleste.com.br\/en\/wp-json\/wp\/v2\/posts"}],"about":[{"href":"https:\/\/folhadoleste.com.br\/en\/wp-json\/wp\/v2\/types\/post"}],"author":[{"embeddable":true,"href":"https:\/\/folhadoleste.com.br\/en\/wp-json\/wp\/v2\/users\/4"}],"replies":[{"embeddable":true,"href":"https:\/\/folhadoleste.com.br\/en\/wp-json\/wp\/v2\/comments?post=35875"}],"version-history":[{"count":1,"href":"https:\/\/folhadoleste.com.br\/en\/wp-json\/wp\/v2\/posts\/35875\/revisions"}],"predecessor-version":[{"id":35878,"href":"https:\/\/folhadoleste.com.br\/en\/wp-json\/wp\/v2\/posts\/35875\/revisions\/35878"}],"wp:featuredmedia":[{"embeddable":true,"href":"https:\/\/folhadoleste.com.br\/en\/wp-json\/wp\/v2\/media\/35877"}],"wp:attachment":[{"href":"https:\/\/folhadoleste.com.br\/en\/wp-json\/wp\/v2\/media?parent=35875"}],"wp:term":[{"taxonomy":"category","embeddable":true,"href":"https:\/\/folhadoleste.com.br\/en\/wp-json\/wp\/v2\/categories?post=35875"},{"taxonomy":"post_tag","embeddable":true,"href":"https:\/\/folhadoleste.com.br\/en\/wp-json\/wp\/v2\/tags?post=35875"}],"curies":[{"name":"wp","href":"https:\/\/api.w.org\/{rel}","templated":true}]}}