{"id":34307,"date":"2023-11-05T10:52:16","date_gmt":"2023-11-05T13:52:16","guid":{"rendered":"https:\/\/folhadoleste.com.br\/?p=34307"},"modified":"2023-11-05T10:52:16","modified_gmt":"2023-11-05T13:52:16","slug":"pelo-menos-21-milhoes-de-pessoas-ficaram-sem-energia-em-sao-paulo","status":"publish","type":"post","link":"https:\/\/folhadoleste.com.br\/en\/pelo-menos-21-milhoes-de-pessoas-ficaram-sem-energia-em-sao-paulo\/","title":{"rendered":"Pelo menos 2,1 milh\u00f5es de pessoas ficaram sem energia em S\u00e3o Paulo"},"content":{"rendered":"<div id=\"attachment_34309\" style=\"width: 1180px\" class=\"wp-caption aligncenter\"><img decoding=\"async\" aria-describedby=\"caption-attachment-34309\" class=\"size-full wp-image-34309\" src=\"https:\/\/folhadoleste.com.br\/wp-content\/uploads\/2023\/11\/Pelo-menos-21-milhoes-de-pessoas-ficaram-sem-energia-em-Sao-Paulo-Foto-Marcelo-Camargo-Arquivo-Agencia-Brasil.webp\" alt=\"Pelo menos 2,1 milh\u00f5es de pessoas ficaram sem energia em S\u00e3o Paulo\" width=\"1170\" height=\"700\" \/><p id=\"caption-attachment-34309\" class=\"wp-caption-text\">Foto: Marcelo Camargo &#8211; Arquivo &#8211; Ag\u00eancia Brasil<\/p><\/div>\n<p>Pelo menos 2,1 milh\u00f5es de pessoas ficaram sem energia ap\u00f3s a forte chuva com rajadas de ventos que atingiu S\u00e3o Paulo nessa sexta-feira (3). O n\u00famero preliminar refere-se aos clientes da Enel, concession\u00e1ria que atua na capital paulista e em 23 munic\u00edpios da regi\u00e3o metropolitana.<\/p>\n<p>De acordo com a empresa, 600 mil usu\u00e1rios j\u00e1 tiveram o servi\u00e7o restabelecido. Na capital, 1,4 milh\u00e3o de pessoas ficaram sem luz, sendo que 400 mil j\u00e1 tiveram o servi\u00e7o retomado. A estimativa da Enel \u00e9 que na ter\u00e7a-feira (7) toda a rede esteja recomposta.\u00a0<img decoding=\"async\" src=\"https:\/\/agenciabrasil.ebc.com.br\/ebc.png?id=1564510&amp;o=node\" \/><img decoding=\"async\" src=\"https:\/\/agenciabrasil.ebc.com.br\/ebc.gif?id=1564510&amp;o=node\" \/><\/p>\n<h4><a href=\"https:\/\/folhadoleste.com.br\/en\/category\/brasil\/\">\u201cLeia mais not\u00edcias sobre Brasil aqui\u201d<\/a><\/h4>\n<p>\u201cAs quest\u00f5es das mudan\u00e7as clim\u00e1ticas nos colocam grandes desafios\u201d, disse o prefeito Ricardo Nunes, em coletiva de imprensa na sede da Enel, referindo-se ao acontecimento como excepcional. Ele informou que foram 618 chamados na \u00e1rea de ilumina\u00e7\u00e3o p\u00fablica, sendo que 133 est\u00e3o em aberto e 99 ainda com espera para in\u00edcio do atendimento.<\/p>\n<p>Neste momento, 1.470 profissionais trabalham no corte de \u00e1rvores, antes eram 300. Dos 6,5 mil sem\u00e1foros, 247 seguem apagados por falta de energia e 20 por falha no equipamento.<\/p>\n<h4>Enem<\/h4>\n<p>De acordo com Vincenzo Ruotolo, diretor de distribui\u00e7\u00e3o da empresa, das 308 escolas que v\u00e3o receber o Exame Nacional do Ensino M\u00e9dio (Enem) neste domingo (5), 84 tiveram algum problema de fornecimento de energia el\u00e9trica.<\/p>\n<blockquote><p>\u201cEst\u00e1 sendo priorizado o restabelecimento da energia e, em paralelo, estamos mobilizando geradores para atender eventualmente algum caso que n\u00e3o seja poss\u00edvel restabelecer at\u00e9 amanh\u00e3\u201d, explicou. A concession\u00e1ria apura quantas seguem sem energia.<\/p><\/blockquote>\n<p>Em nota, o governo do estado disse que outras concession\u00e1rias que atuam no estado, como CPFL e EDP, tamb\u00e9m informaram queda de energia. Em ao\u00a0menos 42 munic\u00edpios, incluindo os atendidos pela Enel, foi registrado corte de energia neste s\u00e1bado (4).<\/p>\n<h4>Mortes<\/h4>\n<p><a href=\"https:\/\/folhadoleste.com.br\/en\/numero-de-mortos-em-temporal-em-sp-sobe-para-seis-video\/\" target=\"_blank\" rel=\"noopener\">Seis pessoas morreram<\/a>\u00a0em S\u00e3o Paulo em decorr\u00eancia dos temporais\u00a0e rajadas de vento que atingiram o estado nessa sexta-feira (3). A velocidade dos ventos, segundo a Defesa Civil estadual, chegou a 151 quil\u00f4metros por hora (km\/h) em Santos, conforme\u00a0dados da administra\u00e7\u00e3o portu\u00e1ria. Na capital paulista, as rajadas alcan\u00e7aram\u00a0103,7 km\/h, recorde dos \u00faltimos cinco anos.<\/p>\n<p>Defesas civis e o Corpo de Bombeiros registraram mais de 2 mil chamados em ocorr\u00eancias em 40 munic\u00edpios do estado, a maioria por queda de \u00e1rvore.<\/p>\n<p>Quatro pessoas morreram por conta da queda de \u00e1rvores, sendo uma em Osasco, uma em Suzano, munic\u00edpios da Grande S\u00e3o Paulo; e duas na zona leste da capital paulista. Tamb\u00e9m houve \u00f3bito em Limeira, por desabamento de um muro, e em Santo Andr\u00e9, devido \u00e0 queda da parede de um pr\u00e9dio.<\/p>\n<h4>Abastecimento de \u00e1gua<\/h4>\n<p>A queda da rede el\u00e9trica tamb\u00e9m impacta o fornecimento de \u00e1gua. A Companhia de Saneamento B\u00e1sico do Estado de S\u00e3o Paulo (Sabesp) pediu economia aos consumidores at\u00e9 que a situa\u00e7\u00e3o se normalize. \u201c Por conta da falta de energia, houve paralisa\u00e7\u00e3o em diversas instala\u00e7\u00f5es e esta\u00e7\u00f5es elevat\u00f3rias, reduzindo o n\u00edvel dos reservat\u00f3rios da companhia\u201d, informou em nota.<\/p>\n<p>Os pontos mais cr\u00edticos, na manh\u00e3 deste s\u00e1bado, foram nas regi\u00f5es de American\u00f3polis, S\u00e3o Mateus, Itaquera, Vila Mariana, Vila Clara, Santa Etelvina, Guaianases, Cidade Tiradentes, Vila Mascote, Vila Santa Catarina, Vila Joaniza, Campo Grande, Jardim Promiss\u00e3o, Pedreira, Cidade Ademar, Ch\u00e1cara Flora, Morumbi e Cap\u00e3o Redondo.<\/p>\n<p>Na Grande S\u00e3o Paulo, o desabastecimento afeta os munic\u00edpios de Itapecerica da Serra, Mau\u00e1, Cotia, Santo Andr\u00e9, Diadema, Osasco, Barueri, Guarulhos, Tabo\u00e3o da Serra, Itaquaquecetuba, Biritiba Mirim e Suzano.<\/p>\n<p>&nbsp;<\/p>\n<p><a href=\"https:\/\/www.instagram.com\/folhadoleste\/\"><img decoding=\"async\" class=\"aligncenter wp-image-15962\" src=\"https:\/\/folhadoleste.com.br\/wp-content\/uploads\/2023\/07\/instagram.jpg.webp\" alt=\"Itaipu-Itaipua\u00e7u: Caminh\u00e3o causa grave acidente na RJ-102, a estrada da Serrinha\" width=\"49\" height=\"49\" \/><\/a><a href=\"https:\/\/www.facebook.com\/folhadoleste\"><img decoding=\"async\" class=\"aligncenter wp-image-7424\" src=\"https:\/\/folhadoleste.com.br\/wp-content\/uploads\/2023\/05\/facebook-logo-3-1.png.webp\" alt=\"Itaipu-Itaipua\u00e7u: Caminh\u00e3o causa grave acidente na RJ-102, a estrada da Serrinha\" width=\"49\" height=\"49\" \/><\/a><\/p>\n<p>&nbsp;<\/p>\n<p>&nbsp;<\/p>\n<p>&nbsp;<\/p>\n<p><em>Fonte: Ag\u00eancia Brasil<\/em><\/p>","protected":false},"excerpt":{"rendered":"<p>Pelo menos 2,1 milh\u00f5es de pessoas ficaram sem energia ap\u00f3s a forte chuva com rajadas de ventos que atingiu S\u00e3o Paulo nessa sexta-feira (3). O n\u00famero preliminar refere-se aos clientes da Enel, concession\u00e1ria que atua na capital paulista e em 23 munic\u00edpios da regi\u00e3o metropolitana. De acordo com a empresa, 600 mil usu\u00e1rios j\u00e1 tiveram o servi\u00e7o restabelecido. Na capital, 1,4 milh\u00e3o de pessoas ficaram sem luz, sendo que 400 mil j\u00e1 tiveram o servi\u00e7o retomado. A estimativa da Enel \u00e9 que na ter\u00e7a-feira (7) toda a rede esteja recomposta.\u00a0 \u201cLeia mais not\u00edcias sobre Brasil aqui\u201d \u201cAs quest\u00f5es das mudan\u00e7as [&hellip;]<\/p>\n","protected":false},"author":4,"featured_media":34309,"comment_status":"open","ping_status":"open","sticky":false,"template":"","format":"standard","meta":{"footnotes":""},"categories":[64],"tags":[68,14210,2888],"class_list":["post-34307","post","type-post","status-publish","format-standard","has-post-thumbnail","hentry","category-brasil","tag-brasil","tag-chuvas-em-sao-paulo","tag-energia","post--single"],"yoast_head":"<!-- This site is optimized with the Yoast SEO plugin v27.5 - https:\/\/yoast.com\/product\/yoast-seo-wordpress\/ -->\n<title>Pelo menos 2,1 milh\u00f5es de pessoas ficaram sem energia em S\u00e3o Paulo<\/title>\n<meta name=\"description\" content=\"Pelo menos 2,1 milh\u00f5es de pessoas ficaram sem energia em S\u00e3o Paulo...\" \/>\n<meta name=\"robots\" content=\"index, follow, max-snippet:-1, max-image-preview:large, max-video-preview:-1\" \/>\n<link rel=\"canonical\" href=\"https:\/\/folhadoleste.com.br\/en\/pelo-menos-21-milhoes-de-pessoas-ficaram-sem-energia-em-sao-paulo\/\" \/>\n<meta property=\"og:locale\" content=\"en_US\" \/>\n<meta property=\"og:type\" content=\"article\" \/>\n<meta property=\"og:title\" content=\"Pelo menos 2,1 milh\u00f5es de pessoas ficaram sem energia em S\u00e3o Paulo\" \/>\n<meta property=\"og:description\" content=\"Brasil &#8226; Folha do Leste\" \/>\n<meta property=\"og:url\" content=\"https:\/\/folhadoleste.com.br\/en\/pelo-menos-21-milhoes-de-pessoas-ficaram-sem-energia-em-sao-paulo\/\" \/>\n<meta property=\"og:site_name\" content=\"Folha do Leste\" \/>\n<meta property=\"article:publisher\" content=\"https:\/\/www.facebook.com\/folhadoleste\" \/>\n<meta property=\"article:published_time\" content=\"2023-11-05T13:52:16+00:00\" \/>\n<meta property=\"og:image\" content=\"https:\/\/folhadoleste.com.br\/wp-content\/uploads\/2023\/11\/Pelo-menos-21-milhoes-de-pessoas-ficaram-sem-energia-em-Sao-Paulo-Foto-Marcelo-Camargo-Arquivo-Agencia-Brasil.webp\" \/>\n\t<meta property=\"og:image:width\" content=\"1170\" \/>\n\t<meta property=\"og:image:height\" content=\"700\" \/>\n\t<meta property=\"og:image:type\" content=\"image\/webp\" \/>\n<meta name=\"author\" content=\"Folha do Leste\" \/>\n<meta name=\"twitter:card\" content=\"summary_large_image\" \/>\n<meta name=\"twitter:creator\" content=\"@FolhadoLesteRJ\" \/>\n<meta name=\"twitter:site\" content=\"@FolhadoLesteRJ\" \/>\n<meta name=\"twitter:label1\" content=\"Written by\" \/>\n\t<meta name=\"twitter:data1\" content=\"Folha do Leste\" \/>\n\t<meta name=\"twitter:label2\" content=\"Est. reading time\" \/>\n\t<meta name=\"twitter:data2\" content=\"4 minutes\" \/>\n<script type=\"application\/ld+json\" class=\"yoast-schema-graph\">{\"@context\":\"https:\\\/\\\/schema.org\",\"@graph\":[{\"@type\":\"NewsArticle\",\"@id\":\"https:\\\/\\\/folhadoleste.com.br\\\/pelo-menos-21-milhoes-de-pessoas-ficaram-sem-energia-em-sao-paulo\\\/#article\",\"isPartOf\":{\"@id\":\"https:\\\/\\\/folhadoleste.com.br\\\/pelo-menos-21-milhoes-de-pessoas-ficaram-sem-energia-em-sao-paulo\\\/\"},\"author\":{\"name\":\"Folha do Leste\",\"@id\":\"https:\\\/\\\/folhadoleste.com.br\\\/#\\\/schema\\\/person\\\/3e97145b2e1861276e84471aa85a3899\"},\"headline\":\"Pelo menos 2,1 milh\u00f5es de pessoas ficaram sem energia em S\u00e3o Paulo\",\"datePublished\":\"2023-11-05T13:52:16+00:00\",\"mainEntityOfPage\":{\"@id\":\"https:\\\/\\\/folhadoleste.com.br\\\/pelo-menos-21-milhoes-de-pessoas-ficaram-sem-energia-em-sao-paulo\\\/\"},\"wordCount\":634,\"commentCount\":0,\"publisher\":{\"@id\":\"https:\\\/\\\/folhadoleste.com.br\\\/#organization\"},\"image\":{\"@id\":\"https:\\\/\\\/folhadoleste.com.br\\\/pelo-menos-21-milhoes-de-pessoas-ficaram-sem-energia-em-sao-paulo\\\/#primaryimage\"},\"thumbnailUrl\":\"https:\\\/\\\/folhadoleste.com.br\\\/wp-content\\\/uploads\\\/2023\\\/11\\\/Pelo-menos-21-milhoes-de-pessoas-ficaram-sem-energia-em-Sao-Paulo-Foto-Marcelo-Camargo-Arquivo-Agencia-Brasil.webp\",\"keywords\":[\"Brasil\",\"chuvas em S\u00e3o Paulo\",\"Energia\"],\"articleSection\":[\"Brasil\"],\"inLanguage\":\"en-US\",\"potentialAction\":[{\"@type\":\"CommentAction\",\"name\":\"Comment\",\"target\":[\"https:\\\/\\\/folhadoleste.com.br\\\/pelo-menos-21-milhoes-de-pessoas-ficaram-sem-energia-em-sao-paulo\\\/#respond\"]}]},{\"@type\":\"WebPage\",\"@id\":\"https:\\\/\\\/folhadoleste.com.br\\\/pelo-menos-21-milhoes-de-pessoas-ficaram-sem-energia-em-sao-paulo\\\/\",\"url\":\"https:\\\/\\\/folhadoleste.com.br\\\/pelo-menos-21-milhoes-de-pessoas-ficaram-sem-energia-em-sao-paulo\\\/\",\"name\":\"Pelo menos 2,1 milh\u00f5es de pessoas ficaram sem energia em S\u00e3o Paulo\",\"isPartOf\":{\"@id\":\"https:\\\/\\\/folhadoleste.com.br\\\/#website\"},\"primaryImageOfPage\":{\"@id\":\"https:\\\/\\\/folhadoleste.com.br\\\/pelo-menos-21-milhoes-de-pessoas-ficaram-sem-energia-em-sao-paulo\\\/#primaryimage\"},\"image\":{\"@id\":\"https:\\\/\\\/folhadoleste.com.br\\\/pelo-menos-21-milhoes-de-pessoas-ficaram-sem-energia-em-sao-paulo\\\/#primaryimage\"},\"thumbnailUrl\":\"https:\\\/\\\/folhadoleste.com.br\\\/wp-content\\\/uploads\\\/2023\\\/11\\\/Pelo-menos-21-milhoes-de-pessoas-ficaram-sem-energia-em-Sao-Paulo-Foto-Marcelo-Camargo-Arquivo-Agencia-Brasil.webp\",\"datePublished\":\"2023-11-05T13:52:16+00:00\",\"description\":\"Pelo menos 2,1 milh\u00f5es de pessoas ficaram sem energia em S\u00e3o Paulo...\",\"breadcrumb\":{\"@id\":\"https:\\\/\\\/folhadoleste.com.br\\\/pelo-menos-21-milhoes-de-pessoas-ficaram-sem-energia-em-sao-paulo\\\/#breadcrumb\"},\"inLanguage\":\"en-US\",\"potentialAction\":[{\"@type\":\"ReadAction\",\"target\":[\"https:\\\/\\\/folhadoleste.com.br\\\/pelo-menos-21-milhoes-de-pessoas-ficaram-sem-energia-em-sao-paulo\\\/\"]}]},{\"@type\":\"ImageObject\",\"inLanguage\":\"en-US\",\"@id\":\"https:\\\/\\\/folhadoleste.com.br\\\/pelo-menos-21-milhoes-de-pessoas-ficaram-sem-energia-em-sao-paulo\\\/#primaryimage\",\"url\":\"https:\\\/\\\/folhadoleste.com.br\\\/wp-content\\\/uploads\\\/2023\\\/11\\\/Pelo-menos-21-milhoes-de-pessoas-ficaram-sem-energia-em-Sao-Paulo-Foto-Marcelo-Camargo-Arquivo-Agencia-Brasil.webp\",\"contentUrl\":\"https:\\\/\\\/folhadoleste.com.br\\\/wp-content\\\/uploads\\\/2023\\\/11\\\/Pelo-menos-21-milhoes-de-pessoas-ficaram-sem-energia-em-Sao-Paulo-Foto-Marcelo-Camargo-Arquivo-Agencia-Brasil.webp\",\"width\":1170,\"height\":700,\"caption\":\"Foto: Marcelo Camargo - Arquivo - Ag\u00eancia Brasil\"},{\"@type\":\"BreadcrumbList\",\"@id\":\"https:\\\/\\\/folhadoleste.com.br\\\/pelo-menos-21-milhoes-de-pessoas-ficaram-sem-energia-em-sao-paulo\\\/#breadcrumb\",\"itemListElement\":[{\"@type\":\"ListItem\",\"position\":1,\"name\":\"In\u00edcio\",\"item\":\"https:\\\/\\\/folhadoleste.com.br\\\/\"},{\"@type\":\"ListItem\",\"position\":2,\"name\":\"Brasil\",\"item\":\"https:\\\/\\\/folhadoleste.com.br\\\/category\\\/brasil\\\/\"},{\"@type\":\"ListItem\",\"position\":3,\"name\":\"Pelo menos 2,1 milh\u00f5es de pessoas ficaram sem energia em S\u00e3o Paulo\"}]},{\"@type\":\"WebSite\",\"@id\":\"https:\\\/\\\/folhadoleste.com.br\\\/#website\",\"url\":\"https:\\\/\\\/folhadoleste.com.br\\\/\",\"name\":\"Folha do Leste\",\"description\":\"Portal de Not\u00edcias com \u00eanfase em Niter\u00f3i, criando conte\u00fados desde a capital Rio de Janeiro, com olhar para o Leste Fluminense e suas cidades como S\u00e3o Gon\u00e7alo, Itabora\u00ed, Rio Bonito, Maric\u00e1, Saquarema e Araruama\",\"publisher\":{\"@id\":\"https:\\\/\\\/folhadoleste.com.br\\\/#organization\"},\"alternateName\":\"FL\",\"potentialAction\":[{\"@type\":\"SearchAction\",\"target\":{\"@type\":\"EntryPoint\",\"urlTemplate\":\"https:\\\/\\\/folhadoleste.com.br\\\/?s={search_term_string}\"},\"query-input\":{\"@type\":\"PropertyValueSpecification\",\"valueRequired\":true,\"valueName\":\"search_term_string\"}}],\"inLanguage\":\"en-US\"},{\"@type\":\"Organization\",\"@id\":\"https:\\\/\\\/folhadoleste.com.br\\\/#organization\",\"name\":\"Brasil 21 Comunica\u00e7\u00e3o\",\"alternateName\":\"BR21\",\"url\":\"https:\\\/\\\/folhadoleste.com.br\\\/\",\"logo\":{\"@type\":\"ImageObject\",\"inLanguage\":\"en-US\",\"@id\":\"https:\\\/\\\/folhadoleste.com.br\\\/#\\\/schema\\\/logo\\\/image\\\/\",\"url\":\"https:\\\/\\\/folhadoleste.com.br\\\/wp-content\\\/uploads\\\/2025\\\/12\\\/brasil-21-logomarca.avif\",\"contentUrl\":\"https:\\\/\\\/folhadoleste.com.br\\\/wp-content\\\/uploads\\\/2025\\\/12\\\/brasil-21-logomarca.avif\",\"width\":1044,\"height\":1044,\"caption\":\"Brasil 21 Comunica\u00e7\u00e3o\"},\"image\":{\"@id\":\"https:\\\/\\\/folhadoleste.com.br\\\/#\\\/schema\\\/logo\\\/image\\\/\"},\"sameAs\":[\"https:\\\/\\\/www.facebook.com\\\/folhadoleste\",\"https:\\\/\\\/x.com\\\/FolhadoLesteRJ\",\"https:\\\/\\\/www.instagram.com\\\/folhadoleste\\\/\"]},{\"@type\":\"Person\",\"@id\":\"https:\\\/\\\/folhadoleste.com.br\\\/#\\\/schema\\\/person\\\/3e97145b2e1861276e84471aa85a3899\",\"name\":\"Folha do Leste\",\"image\":{\"@type\":\"ImageObject\",\"inLanguage\":\"en-US\",\"@id\":\"https:\\\/\\\/folhadoleste.com.br\\\/wp-content\\\/litespeed\\\/avatar\\\/1ca8c218432e7045e748610eb3db0259.jpg?ver=1777161142\",\"url\":\"https:\\\/\\\/folhadoleste.com.br\\\/wp-content\\\/litespeed\\\/avatar\\\/1ca8c218432e7045e748610eb3db0259.jpg?ver=1777161142\",\"contentUrl\":\"https:\\\/\\\/folhadoleste.com.br\\\/wp-content\\\/litespeed\\\/avatar\\\/1ca8c218432e7045e748610eb3db0259.jpg?ver=1777161142\",\"caption\":\"Folha do Leste\"},\"url\":\"https:\\\/\\\/folhadoleste.com.br\\\/en\\\/author\\\/reportagem-01\\\/\"}]}<\/script>\n<!-- \/ Yoast SEO plugin. -->","yoast_head_json":{"title":"Pelo menos 2,1 milh\u00f5es de pessoas ficaram sem energia em S\u00e3o Paulo","description":"Pelo menos 2,1 milh\u00f5es de pessoas ficaram sem energia em S\u00e3o Paulo...","robots":{"index":"index","follow":"follow","max-snippet":"max-snippet:-1","max-image-preview":"max-image-preview:large","max-video-preview":"max-video-preview:-1"},"canonical":"https:\/\/folhadoleste.com.br\/en\/pelo-menos-21-milhoes-de-pessoas-ficaram-sem-energia-em-sao-paulo\/","og_locale":"en_US","og_type":"article","og_title":"Pelo menos 2,1 milh\u00f5es de pessoas ficaram sem energia em S\u00e3o Paulo","og_description":"Brasil &#8226; Folha do Leste","og_url":"https:\/\/folhadoleste.com.br\/en\/pelo-menos-21-milhoes-de-pessoas-ficaram-sem-energia-em-sao-paulo\/","og_site_name":"Folha do Leste","article_publisher":"https:\/\/www.facebook.com\/folhadoleste","article_published_time":"2023-11-05T13:52:16+00:00","og_image":[{"width":1170,"height":700,"url":"https:\/\/folhadoleste.com.br\/wp-content\/uploads\/2023\/11\/Pelo-menos-21-milhoes-de-pessoas-ficaram-sem-energia-em-Sao-Paulo-Foto-Marcelo-Camargo-Arquivo-Agencia-Brasil.webp","type":"image\/webp"}],"author":"Folha do Leste","twitter_card":"summary_large_image","twitter_creator":"@FolhadoLesteRJ","twitter_site":"@FolhadoLesteRJ","twitter_misc":{"Written by":"Folha do Leste","Est. reading time":"4 minutes"},"schema":{"@context":"https:\/\/schema.org","@graph":[{"@type":"NewsArticle","@id":"https:\/\/folhadoleste.com.br\/pelo-menos-21-milhoes-de-pessoas-ficaram-sem-energia-em-sao-paulo\/#article","isPartOf":{"@id":"https:\/\/folhadoleste.com.br\/pelo-menos-21-milhoes-de-pessoas-ficaram-sem-energia-em-sao-paulo\/"},"author":{"name":"Folha do Leste","@id":"https:\/\/folhadoleste.com.br\/#\/schema\/person\/3e97145b2e1861276e84471aa85a3899"},"headline":"Pelo menos 2,1 milh\u00f5es de pessoas ficaram sem energia em S\u00e3o Paulo","datePublished":"2023-11-05T13:52:16+00:00","mainEntityOfPage":{"@id":"https:\/\/folhadoleste.com.br\/pelo-menos-21-milhoes-de-pessoas-ficaram-sem-energia-em-sao-paulo\/"},"wordCount":634,"commentCount":0,"publisher":{"@id":"https:\/\/folhadoleste.com.br\/#organization"},"image":{"@id":"https:\/\/folhadoleste.com.br\/pelo-menos-21-milhoes-de-pessoas-ficaram-sem-energia-em-sao-paulo\/#primaryimage"},"thumbnailUrl":"https:\/\/folhadoleste.com.br\/wp-content\/uploads\/2023\/11\/Pelo-menos-21-milhoes-de-pessoas-ficaram-sem-energia-em-Sao-Paulo-Foto-Marcelo-Camargo-Arquivo-Agencia-Brasil.webp","keywords":["Brasil","chuvas em S\u00e3o Paulo","Energia"],"articleSection":["Brasil"],"inLanguage":"en-US","potentialAction":[{"@type":"CommentAction","name":"Comment","target":["https:\/\/folhadoleste.com.br\/pelo-menos-21-milhoes-de-pessoas-ficaram-sem-energia-em-sao-paulo\/#respond"]}]},{"@type":"WebPage","@id":"https:\/\/folhadoleste.com.br\/pelo-menos-21-milhoes-de-pessoas-ficaram-sem-energia-em-sao-paulo\/","url":"https:\/\/folhadoleste.com.br\/pelo-menos-21-milhoes-de-pessoas-ficaram-sem-energia-em-sao-paulo\/","name":"Pelo menos 2,1 milh\u00f5es de pessoas ficaram sem energia em S\u00e3o Paulo","isPartOf":{"@id":"https:\/\/folhadoleste.com.br\/#website"},"primaryImageOfPage":{"@id":"https:\/\/folhadoleste.com.br\/pelo-menos-21-milhoes-de-pessoas-ficaram-sem-energia-em-sao-paulo\/#primaryimage"},"image":{"@id":"https:\/\/folhadoleste.com.br\/pelo-menos-21-milhoes-de-pessoas-ficaram-sem-energia-em-sao-paulo\/#primaryimage"},"thumbnailUrl":"https:\/\/folhadoleste.com.br\/wp-content\/uploads\/2023\/11\/Pelo-menos-21-milhoes-de-pessoas-ficaram-sem-energia-em-Sao-Paulo-Foto-Marcelo-Camargo-Arquivo-Agencia-Brasil.webp","datePublished":"2023-11-05T13:52:16+00:00","description":"Pelo menos 2,1 milh\u00f5es de pessoas ficaram sem energia em S\u00e3o Paulo...","breadcrumb":{"@id":"https:\/\/folhadoleste.com.br\/pelo-menos-21-milhoes-de-pessoas-ficaram-sem-energia-em-sao-paulo\/#breadcrumb"},"inLanguage":"en-US","potentialAction":[{"@type":"ReadAction","target":["https:\/\/folhadoleste.com.br\/pelo-menos-21-milhoes-de-pessoas-ficaram-sem-energia-em-sao-paulo\/"]}]},{"@type":"ImageObject","inLanguage":"en-US","@id":"https:\/\/folhadoleste.com.br\/pelo-menos-21-milhoes-de-pessoas-ficaram-sem-energia-em-sao-paulo\/#primaryimage","url":"https:\/\/folhadoleste.com.br\/wp-content\/uploads\/2023\/11\/Pelo-menos-21-milhoes-de-pessoas-ficaram-sem-energia-em-Sao-Paulo-Foto-Marcelo-Camargo-Arquivo-Agencia-Brasil.webp","contentUrl":"https:\/\/folhadoleste.com.br\/wp-content\/uploads\/2023\/11\/Pelo-menos-21-milhoes-de-pessoas-ficaram-sem-energia-em-Sao-Paulo-Foto-Marcelo-Camargo-Arquivo-Agencia-Brasil.webp","width":1170,"height":700,"caption":"Foto: Marcelo Camargo - Arquivo - Ag\u00eancia Brasil"},{"@type":"BreadcrumbList","@id":"https:\/\/folhadoleste.com.br\/pelo-menos-21-milhoes-de-pessoas-ficaram-sem-energia-em-sao-paulo\/#breadcrumb","itemListElement":[{"@type":"ListItem","position":1,"name":"In\u00edcio","item":"https:\/\/folhadoleste.com.br\/"},{"@type":"ListItem","position":2,"name":"Brasil","item":"https:\/\/folhadoleste.com.br\/category\/brasil\/"},{"@type":"ListItem","position":3,"name":"Pelo menos 2,1 milh\u00f5es de pessoas ficaram sem energia em S\u00e3o Paulo"}]},{"@type":"WebSite","@id":"https:\/\/folhadoleste.com.br\/#website","url":"https:\/\/folhadoleste.com.br\/","name":"Folha do Leste","description":"Portal de Not\u00edcias com \u00eanfase em Niter\u00f3i, criando conte\u00fados desde a capital Rio de Janeiro, com olhar para o Leste Fluminense e suas cidades como S\u00e3o Gon\u00e7alo, Itabora\u00ed, Rio Bonito, Maric\u00e1, Saquarema e Araruama","publisher":{"@id":"https:\/\/folhadoleste.com.br\/#organization"},"alternateName":"FL","potentialAction":[{"@type":"SearchAction","target":{"@type":"EntryPoint","urlTemplate":"https:\/\/folhadoleste.com.br\/?s={search_term_string}"},"query-input":{"@type":"PropertyValueSpecification","valueRequired":true,"valueName":"search_term_string"}}],"inLanguage":"en-US"},{"@type":"Organization","@id":"https:\/\/folhadoleste.com.br\/#organization","name":"Brasil 21 Comunica\u00e7\u00e3o","alternateName":"BR21","url":"https:\/\/folhadoleste.com.br\/","logo":{"@type":"ImageObject","inLanguage":"en-US","@id":"https:\/\/folhadoleste.com.br\/#\/schema\/logo\/image\/","url":"https:\/\/folhadoleste.com.br\/wp-content\/uploads\/2025\/12\/brasil-21-logomarca.avif","contentUrl":"https:\/\/folhadoleste.com.br\/wp-content\/uploads\/2025\/12\/brasil-21-logomarca.avif","width":1044,"height":1044,"caption":"Brasil 21 Comunica\u00e7\u00e3o"},"image":{"@id":"https:\/\/folhadoleste.com.br\/#\/schema\/logo\/image\/"},"sameAs":["https:\/\/www.facebook.com\/folhadoleste","https:\/\/x.com\/FolhadoLesteRJ","https:\/\/www.instagram.com\/folhadoleste\/"]},{"@type":"Person","@id":"https:\/\/folhadoleste.com.br\/#\/schema\/person\/3e97145b2e1861276e84471aa85a3899","name":"Folha do Leste","image":{"@type":"ImageObject","inLanguage":"en-US","@id":"https:\/\/folhadoleste.com.br\/wp-content\/litespeed\/avatar\/1ca8c218432e7045e748610eb3db0259.jpg?ver=1777161142","url":"https:\/\/folhadoleste.com.br\/wp-content\/litespeed\/avatar\/1ca8c218432e7045e748610eb3db0259.jpg?ver=1777161142","contentUrl":"https:\/\/folhadoleste.com.br\/wp-content\/litespeed\/avatar\/1ca8c218432e7045e748610eb3db0259.jpg?ver=1777161142","caption":"Folha do Leste"},"url":"https:\/\/folhadoleste.com.br\/en\/author\/reportagem-01\/"}]}},"_links":{"self":[{"href":"https:\/\/folhadoleste.com.br\/en\/wp-json\/wp\/v2\/posts\/34307","targetHints":{"allow":["GET"]}}],"collection":[{"href":"https:\/\/folhadoleste.com.br\/en\/wp-json\/wp\/v2\/posts"}],"about":[{"href":"https:\/\/folhadoleste.com.br\/en\/wp-json\/wp\/v2\/types\/post"}],"author":[{"embeddable":true,"href":"https:\/\/folhadoleste.com.br\/en\/wp-json\/wp\/v2\/users\/4"}],"replies":[{"embeddable":true,"href":"https:\/\/folhadoleste.com.br\/en\/wp-json\/wp\/v2\/comments?post=34307"}],"version-history":[{"count":1,"href":"https:\/\/folhadoleste.com.br\/en\/wp-json\/wp\/v2\/posts\/34307\/revisions"}],"predecessor-version":[{"id":34310,"href":"https:\/\/folhadoleste.com.br\/en\/wp-json\/wp\/v2\/posts\/34307\/revisions\/34310"}],"wp:featuredmedia":[{"embeddable":true,"href":"https:\/\/folhadoleste.com.br\/en\/wp-json\/wp\/v2\/media\/34309"}],"wp:attachment":[{"href":"https:\/\/folhadoleste.com.br\/en\/wp-json\/wp\/v2\/media?parent=34307"}],"wp:term":[{"taxonomy":"category","embeddable":true,"href":"https:\/\/folhadoleste.com.br\/en\/wp-json\/wp\/v2\/categories?post=34307"},{"taxonomy":"post_tag","embeddable":true,"href":"https:\/\/folhadoleste.com.br\/en\/wp-json\/wp\/v2\/tags?post=34307"}],"curies":[{"name":"wp","href":"https:\/\/api.w.org\/{rel}","templated":true}]}}