{"id":34225,"date":"2023-11-04T11:01:13","date_gmt":"2023-11-04T14:01:13","guid":{"rendered":"https:\/\/folhadoleste.com.br\/?p=34225"},"modified":"2023-11-04T11:12:55","modified_gmt":"2023-11-04T14:12:55","slug":"cavani-projeta-final-contra-o-fluminense-jogo-da-minha-vida","status":"publish","type":"post","link":"https:\/\/folhadoleste.com.br\/en\/cavani-projeta-final-contra-o-fluminense-jogo-da-minha-vida\/","title":{"rendered":"Cavani projeta final contra o Fluminense: &#8216;Jogo da minha vida&#8217;"},"content":{"rendered":"<div id=\"attachment_34227\" style=\"width: 1209px\" class=\"wp-caption aligncenter\"><img decoding=\"async\" aria-describedby=\"caption-attachment-34227\" class=\"size-full wp-image-34227\" src=\"https:\/\/folhadoleste.com.br\/wp-content\/uploads\/2023\/11\/Cavani-projeta-final-contra-o-Fluminense-Jogo-da-minha-vida-Foto-Divulgacao-Boca-Juniors.webp\" alt=\"Cavani projeta final contra o Fluminense: 'Jogo da minha vida'\" width=\"1199\" height=\"1920\" \/><p id=\"caption-attachment-34227\" class=\"wp-caption-text\">Foto: Divulga\u00e7\u00e3o &#8211; Boca Juniors<\/p><\/div>\n<p>O atacante uruguaio Edinson Cavani, principal nome do elenco do Boca Juniors, expressou suas palavras com \u00eanfase ao descrever a magnitude do desafio que ser\u00e1 a final da Libertadores contra o Fluminense. Em coletiva de imprensa ao lado do t\u00e9cnico Jorge Almir\u00f3n, Cavani enfatizou que este ser\u00e1 um dos maiores compromissos de sua carreira.<\/p>\n<blockquote><p>&#8220;Chegando na final, percebo que tudo o que vivi antes n\u00e3o importa. Penso no presente e no que est\u00e1 por vir. Este \u00e9 o jogo da minha vida, considerando tudo o que significa jogar essa partida. O local onde jogaremos amanh\u00e3, o momento da minha carreira&#8230; S\u00e3o muitos ingredientes que confirmam ser o jogo mais importante&#8221;, declarou Cavani.<\/p><\/blockquote>\n<p>No dia anterior \u00e0 decis\u00e3o, as equipes do Boca Juniors e do Fluminense realizaram o reconhecimento do gramado do Maracan\u00e3. Cavani, que j\u00e1 jogou uma partida de Copa do Mundo no est\u00e1dio, compartilhou a sensa\u00e7\u00e3o de pisar no maior palco do futebol brasileiro e, quem sabe, erguer um trof\u00e9u importante.<\/p>\n<blockquote><p>&#8220;Tive a sorte de jogar neste est\u00e1dio antes. Para mim, j\u00e1 \u00e9 um privil\u00e9gio jogar futebol. Poucos jogadores alcan\u00e7am o topo do esporte. Agora, imaginem a sensa\u00e7\u00e3o de disputar uma final em um est\u00e1dio como o Maracan\u00e3. Ser\u00e1 maravilhoso e precisamos aproveitar&#8221;, ressaltou o jogador.<\/p><\/blockquote>\n<h5><a href=\"https:\/\/folhadoleste.com.br\/en\/category\/esportes\/\"><strong>\u201cLeia mais not\u00edcias sobre Esportes Aqui\u201d<\/strong><\/a><\/h5>\n<p>Sobre o Maracan\u00e3, Almir\u00f3n elogiou a qualidade do gramado, que foi tratado nos \u00faltimos dias pela Conmebol, e brincou ao mencionar a personaliza\u00e7\u00e3o da arquibancada.<\/p>\n<blockquote><p>&#8220;O gramado est\u00e1 em \u00f3timas condi\u00e7\u00f5es. Como disse o Cavani, esta partida ser\u00e1 ic\u00f4nica. Notei que as cadeiras est\u00e3o pintadas de azul e amarelo (cores do Boca Juniors), o est\u00e1dio est\u00e1 realmente bonito&#8221;, brincou o t\u00e9cnico dos Xeneizes.<\/p><\/blockquote>\n<p>Al\u00e9m disso, o treinador do Boca Juniors destacou as qualidades do estilo de jogo do Fluminense, comandado por Fernando Diniz, e revelou que acompanha o Tricolor desde o in\u00edcio da Libertadores.<\/p>\n<blockquote><p>&#8220;Acompanho o Fluminense desde o come\u00e7o da competi\u00e7\u00e3o. \u00c9 uma equipe que busca o jogo, que troca posi\u00e7\u00f5es e faz isso muito bem. A ideia do treinador est\u00e1 muito bem representada em campo. Al\u00e9m disso, possuem jogadores hist\u00f3ricos, que j\u00e1 atuaram por grandes times. Estamos preparados para enfrentar esse tipo de jogo nesta final&#8221;, acrescentou Jorge Almir\u00f3n.<\/p><\/blockquote>\n<p>&nbsp;<\/p>\n<p><a href=\"https:\/\/www.instagram.com\/folhadoleste\/\"><img decoding=\"async\" class=\"aligncenter wp-image-15962\" src=\"https:\/\/folhadoleste.com.br\/wp-content\/uploads\/2023\/07\/instagram.jpg.webp\" alt=\"Itaipu-Itaipua\u00e7u: Caminh\u00e3o causa grave acidente na RJ-102, a estrada da Serrinha\" width=\"49\" height=\"49\" \/><\/a><a href=\"https:\/\/www.facebook.com\/folhadoleste\"><img decoding=\"async\" class=\"aligncenter wp-image-7424\" src=\"https:\/\/folhadoleste.com.br\/wp-content\/uploads\/2023\/05\/facebook-logo-3-1.png.webp\" alt=\"Itaipu-Itaipua\u00e7u: Caminh\u00e3o causa grave acidente na RJ-102, a estrada da Serrinha\" width=\"49\" height=\"49\" \/><\/a><\/p>","protected":false},"excerpt":{"rendered":"<p>O atacante uruguaio Edinson Cavani, principal nome do elenco do Boca Juniors, expressou suas palavras com \u00eanfase ao descrever a magnitude do desafio que ser\u00e1 a final da Libertadores contra o Fluminense. Em coletiva de imprensa ao lado do t\u00e9cnico Jorge Almir\u00f3n, Cavani enfatizou que este ser\u00e1 um dos maiores compromissos de sua carreira. &#8220;Chegando na final, percebo que tudo o que vivi antes n\u00e3o importa. Penso no presente e no que est\u00e1 por vir. Este \u00e9 o jogo da minha vida, considerando tudo o que significa jogar essa partida. O local onde jogaremos amanh\u00e3, o momento da minha carreira&#8230; [&hellip;]<\/p>\n","protected":false},"author":4,"featured_media":34237,"comment_status":"open","ping_status":"open","sticky":false,"template":"","format":"standard","meta":{"footnotes":""},"categories":[48,65],"tags":[13044,14182,14183,105,4553,124,101,14184,439],"class_list":["post-34225","post","type-post","status-publish","format-standard","has-post-thumbnail","hentry","category-esportes","category-futebol-esportes","tag-boca-juniors","tag-cavani","tag-edinson-cavani","tag-esportes","tag-fernando-diniz","tag-fluminense","tag-futebol","tag-jorge-almiron","tag-libertadores","post--single"],"yoast_head":"<!-- This site is optimized with the Yoast SEO plugin v27.4 - https:\/\/yoast.com\/product\/yoast-seo-wordpress\/ -->\n<title>Cavani projeta final contra o Fluminense: &#039;Jogo da minha vida&#039; &#8226; Folha do Leste<\/title>\n<meta name=\"description\" content=\"Cavani projeta final contra o Fluminense: &#039;Jogo da minha vida&#039;...\" \/>\n<meta name=\"robots\" content=\"index, follow, max-snippet:-1, max-image-preview:large, max-video-preview:-1\" \/>\n<link rel=\"canonical\" href=\"https:\/\/folhadoleste.com.br\/en\/cavani-projeta-final-contra-o-fluminense-jogo-da-minha-vida\/\" \/>\n<meta property=\"og:locale\" content=\"en_US\" \/>\n<meta property=\"og:type\" content=\"article\" \/>\n<meta property=\"og:title\" content=\"Cavani projeta final contra o Fluminense: &#039;Jogo da minha vida&#039; &#8226; Folha do Leste\" \/>\n<meta property=\"og:description\" content=\"Futebol &#8226; Folha do Leste\" \/>\n<meta property=\"og:url\" content=\"https:\/\/folhadoleste.com.br\/en\/cavani-projeta-final-contra-o-fluminense-jogo-da-minha-vida\/\" \/>\n<meta property=\"og:site_name\" content=\"Folha do Leste\" \/>\n<meta property=\"article:publisher\" content=\"https:\/\/www.facebook.com\/folhadoleste\" \/>\n<meta property=\"article:published_time\" content=\"2023-11-04T14:01:13+00:00\" \/>\n<meta property=\"article:modified_time\" content=\"2023-11-04T14:12:55+00:00\" \/>\n<meta property=\"og:image\" content=\"https:\/\/folhadoleste.com.br\/wp-content\/uploads\/2023\/11\/Final-da-Libertadores-Boca-Juniors-x-Fluminense-Foto-Peter-Leone-Ofotografico-Gazeta-Press.webp\" \/>\n\t<meta property=\"og:image:width\" content=\"840\" \/>\n\t<meta property=\"og:image:height\" content=\"560\" \/>\n\t<meta property=\"og:image:type\" content=\"image\/webp\" \/>\n<meta name=\"author\" content=\"Folha do Leste\" \/>\n<meta name=\"twitter:card\" content=\"summary_large_image\" \/>\n<meta name=\"twitter:creator\" content=\"@FolhadoLesteRJ\" \/>\n<meta name=\"twitter:site\" content=\"@FolhadoLesteRJ\" \/>\n<meta name=\"twitter:label1\" content=\"Written by\" \/>\n\t<meta name=\"twitter:data1\" content=\"Folha do Leste\" \/>\n\t<meta name=\"twitter:label2\" content=\"Est. reading time\" \/>\n\t<meta name=\"twitter:data2\" content=\"2 minutes\" \/>\n<script type=\"application\/ld+json\" class=\"yoast-schema-graph\">{\"@context\":\"https:\\\/\\\/schema.org\",\"@graph\":[{\"@type\":\"NewsArticle\",\"@id\":\"https:\\\/\\\/folhadoleste.com.br\\\/cavani-projeta-final-contra-o-fluminense-jogo-da-minha-vida\\\/#article\",\"isPartOf\":{\"@id\":\"https:\\\/\\\/folhadoleste.com.br\\\/cavani-projeta-final-contra-o-fluminense-jogo-da-minha-vida\\\/\"},\"author\":{\"name\":\"Folha do Leste\",\"@id\":\"https:\\\/\\\/folhadoleste.com.br\\\/#\\\/schema\\\/person\\\/3e97145b2e1861276e84471aa85a3899\"},\"headline\":\"Cavani projeta final contra o Fluminense: &#8216;Jogo da minha vida&#8217;\",\"datePublished\":\"2023-11-04T14:01:13+00:00\",\"dateModified\":\"2023-11-04T14:12:55+00:00\",\"mainEntityOfPage\":{\"@id\":\"https:\\\/\\\/folhadoleste.com.br\\\/cavani-projeta-final-contra-o-fluminense-jogo-da-minha-vida\\\/\"},\"wordCount\":413,\"commentCount\":0,\"publisher\":{\"@id\":\"https:\\\/\\\/folhadoleste.com.br\\\/#organization\"},\"image\":{\"@id\":\"https:\\\/\\\/folhadoleste.com.br\\\/cavani-projeta-final-contra-o-fluminense-jogo-da-minha-vida\\\/#primaryimage\"},\"thumbnailUrl\":\"https:\\\/\\\/folhadoleste.com.br\\\/wp-content\\\/uploads\\\/2023\\\/11\\\/Final-da-Libertadores-Boca-Juniors-x-Fluminense-Foto-Peter-Leone-Ofotografico-Gazeta-Press.webp\",\"keywords\":[\"Boca Juniors\",\"Cavani\",\"Edinson Cavani\",\"Esportes\",\"Fernando Diniz\",\"fluminense\",\"futebol\",\"Jorge Almir\u00f3n\",\"Libertadores\"],\"articleSection\":[\"Esportes\",\"Futebol\"],\"inLanguage\":\"en-US\",\"potentialAction\":[{\"@type\":\"CommentAction\",\"name\":\"Comment\",\"target\":[\"https:\\\/\\\/folhadoleste.com.br\\\/cavani-projeta-final-contra-o-fluminense-jogo-da-minha-vida\\\/#respond\"]}]},{\"@type\":\"WebPage\",\"@id\":\"https:\\\/\\\/folhadoleste.com.br\\\/cavani-projeta-final-contra-o-fluminense-jogo-da-minha-vida\\\/\",\"url\":\"https:\\\/\\\/folhadoleste.com.br\\\/cavani-projeta-final-contra-o-fluminense-jogo-da-minha-vida\\\/\",\"name\":\"Cavani projeta final contra o Fluminense: 'Jogo da minha vida' &#8226; Folha do Leste\",\"isPartOf\":{\"@id\":\"https:\\\/\\\/folhadoleste.com.br\\\/#website\"},\"primaryImageOfPage\":{\"@id\":\"https:\\\/\\\/folhadoleste.com.br\\\/cavani-projeta-final-contra-o-fluminense-jogo-da-minha-vida\\\/#primaryimage\"},\"image\":{\"@id\":\"https:\\\/\\\/folhadoleste.com.br\\\/cavani-projeta-final-contra-o-fluminense-jogo-da-minha-vida\\\/#primaryimage\"},\"thumbnailUrl\":\"https:\\\/\\\/folhadoleste.com.br\\\/wp-content\\\/uploads\\\/2023\\\/11\\\/Final-da-Libertadores-Boca-Juniors-x-Fluminense-Foto-Peter-Leone-Ofotografico-Gazeta-Press.webp\",\"datePublished\":\"2023-11-04T14:01:13+00:00\",\"dateModified\":\"2023-11-04T14:12:55+00:00\",\"description\":\"Cavani projeta final contra o Fluminense: 'Jogo da minha vida'...\",\"breadcrumb\":{\"@id\":\"https:\\\/\\\/folhadoleste.com.br\\\/cavani-projeta-final-contra-o-fluminense-jogo-da-minha-vida\\\/#breadcrumb\"},\"inLanguage\":\"en-US\",\"potentialAction\":[{\"@type\":\"ReadAction\",\"target\":[\"https:\\\/\\\/folhadoleste.com.br\\\/cavani-projeta-final-contra-o-fluminense-jogo-da-minha-vida\\\/\"]}]},{\"@type\":\"ImageObject\",\"inLanguage\":\"en-US\",\"@id\":\"https:\\\/\\\/folhadoleste.com.br\\\/cavani-projeta-final-contra-o-fluminense-jogo-da-minha-vida\\\/#primaryimage\",\"url\":\"https:\\\/\\\/folhadoleste.com.br\\\/wp-content\\\/uploads\\\/2023\\\/11\\\/Final-da-Libertadores-Boca-Juniors-x-Fluminense-Foto-Peter-Leone-Ofotografico-Gazeta-Press.webp\",\"contentUrl\":\"https:\\\/\\\/folhadoleste.com.br\\\/wp-content\\\/uploads\\\/2023\\\/11\\\/Final-da-Libertadores-Boca-Juniors-x-Fluminense-Foto-Peter-Leone-Ofotografico-Gazeta-Press.webp\",\"width\":840,\"height\":560,\"caption\":\"Foto: Peter Leone - Ofotogr\u00e1fico - Gazeta Press\"},{\"@type\":\"BreadcrumbList\",\"@id\":\"https:\\\/\\\/folhadoleste.com.br\\\/cavani-projeta-final-contra-o-fluminense-jogo-da-minha-vida\\\/#breadcrumb\",\"itemListElement\":[{\"@type\":\"ListItem\",\"position\":1,\"name\":\"In\u00edcio\",\"item\":\"https:\\\/\\\/folhadoleste.com.br\\\/\"},{\"@type\":\"ListItem\",\"position\":2,\"name\":\"Esportes\",\"item\":\"https:\\\/\\\/folhadoleste.com.br\\\/category\\\/esportes\\\/\"},{\"@type\":\"ListItem\",\"position\":3,\"name\":\"Futebol\",\"item\":\"https:\\\/\\\/folhadoleste.com.br\\\/category\\\/esportes\\\/futebol-esportes\\\/\"},{\"@type\":\"ListItem\",\"position\":4,\"name\":\"Cavani projeta final contra o Fluminense: &#8216;Jogo da minha vida&#8217;\"}]},{\"@type\":\"WebSite\",\"@id\":\"https:\\\/\\\/folhadoleste.com.br\\\/#website\",\"url\":\"https:\\\/\\\/folhadoleste.com.br\\\/\",\"name\":\"Folha do Leste\",\"description\":\"Portal de Not\u00edcias com \u00eanfase em Niter\u00f3i, criando conte\u00fados desde a capital Rio de Janeiro, com olhar para o Leste Fluminense e suas cidades como S\u00e3o Gon\u00e7alo, Itabora\u00ed, Rio Bonito, Maric\u00e1, Saquarema e Araruama\",\"publisher\":{\"@id\":\"https:\\\/\\\/folhadoleste.com.br\\\/#organization\"},\"alternateName\":\"FL\",\"potentialAction\":[{\"@type\":\"SearchAction\",\"target\":{\"@type\":\"EntryPoint\",\"urlTemplate\":\"https:\\\/\\\/folhadoleste.com.br\\\/?s={search_term_string}\"},\"query-input\":{\"@type\":\"PropertyValueSpecification\",\"valueRequired\":true,\"valueName\":\"search_term_string\"}}],\"inLanguage\":\"en-US\"},{\"@type\":\"Organization\",\"@id\":\"https:\\\/\\\/folhadoleste.com.br\\\/#organization\",\"name\":\"Brasil 21 Comunica\u00e7\u00e3o\",\"alternateName\":\"BR21\",\"url\":\"https:\\\/\\\/folhadoleste.com.br\\\/\",\"logo\":{\"@type\":\"ImageObject\",\"inLanguage\":\"en-US\",\"@id\":\"https:\\\/\\\/folhadoleste.com.br\\\/#\\\/schema\\\/logo\\\/image\\\/\",\"url\":\"https:\\\/\\\/folhadoleste.com.br\\\/wp-content\\\/uploads\\\/2025\\\/12\\\/brasil-21-logomarca.avif\",\"contentUrl\":\"https:\\\/\\\/folhadoleste.com.br\\\/wp-content\\\/uploads\\\/2025\\\/12\\\/brasil-21-logomarca.avif\",\"width\":1044,\"height\":1044,\"caption\":\"Brasil 21 Comunica\u00e7\u00e3o\"},\"image\":{\"@id\":\"https:\\\/\\\/folhadoleste.com.br\\\/#\\\/schema\\\/logo\\\/image\\\/\"},\"sameAs\":[\"https:\\\/\\\/www.facebook.com\\\/folhadoleste\",\"https:\\\/\\\/x.com\\\/FolhadoLesteRJ\",\"https:\\\/\\\/www.instagram.com\\\/folhadoleste\\\/\"]},{\"@type\":\"Person\",\"@id\":\"https:\\\/\\\/folhadoleste.com.br\\\/#\\\/schema\\\/person\\\/3e97145b2e1861276e84471aa85a3899\",\"name\":\"Folha do Leste\",\"image\":{\"@type\":\"ImageObject\",\"inLanguage\":\"en-US\",\"@id\":\"https:\\\/\\\/folhadoleste.com.br\\\/wp-content\\\/litespeed\\\/avatar\\\/1ca8c218432e7045e748610eb3db0259.jpg?ver=1776693931\",\"url\":\"https:\\\/\\\/folhadoleste.com.br\\\/wp-content\\\/litespeed\\\/avatar\\\/1ca8c218432e7045e748610eb3db0259.jpg?ver=1776693931\",\"contentUrl\":\"https:\\\/\\\/folhadoleste.com.br\\\/wp-content\\\/litespeed\\\/avatar\\\/1ca8c218432e7045e748610eb3db0259.jpg?ver=1776693931\",\"caption\":\"Folha do Leste\"},\"url\":\"https:\\\/\\\/folhadoleste.com.br\\\/en\\\/author\\\/reportagem-01\\\/\"}]}<\/script>\n<!-- \/ Yoast SEO plugin. -->","yoast_head_json":{"title":"Cavani projeta final contra o Fluminense: 'Jogo da minha vida' &#8226; Folha do Leste","description":"Cavani projeta final contra o Fluminense: 'Jogo da minha vida'...","robots":{"index":"index","follow":"follow","max-snippet":"max-snippet:-1","max-image-preview":"max-image-preview:large","max-video-preview":"max-video-preview:-1"},"canonical":"https:\/\/folhadoleste.com.br\/en\/cavani-projeta-final-contra-o-fluminense-jogo-da-minha-vida\/","og_locale":"en_US","og_type":"article","og_title":"Cavani projeta final contra o Fluminense: 'Jogo da minha vida' &#8226; Folha do Leste","og_description":"Futebol &#8226; Folha do Leste","og_url":"https:\/\/folhadoleste.com.br\/en\/cavani-projeta-final-contra-o-fluminense-jogo-da-minha-vida\/","og_site_name":"Folha do Leste","article_publisher":"https:\/\/www.facebook.com\/folhadoleste","article_published_time":"2023-11-04T14:01:13+00:00","article_modified_time":"2023-11-04T14:12:55+00:00","og_image":[{"width":840,"height":560,"url":"https:\/\/folhadoleste.com.br\/wp-content\/uploads\/2023\/11\/Final-da-Libertadores-Boca-Juniors-x-Fluminense-Foto-Peter-Leone-Ofotografico-Gazeta-Press.webp","type":"image\/webp"}],"author":"Folha do Leste","twitter_card":"summary_large_image","twitter_creator":"@FolhadoLesteRJ","twitter_site":"@FolhadoLesteRJ","twitter_misc":{"Written by":"Folha do Leste","Est. reading time":"2 minutes"},"schema":{"@context":"https:\/\/schema.org","@graph":[{"@type":"NewsArticle","@id":"https:\/\/folhadoleste.com.br\/cavani-projeta-final-contra-o-fluminense-jogo-da-minha-vida\/#article","isPartOf":{"@id":"https:\/\/folhadoleste.com.br\/cavani-projeta-final-contra-o-fluminense-jogo-da-minha-vida\/"},"author":{"name":"Folha do Leste","@id":"https:\/\/folhadoleste.com.br\/#\/schema\/person\/3e97145b2e1861276e84471aa85a3899"},"headline":"Cavani projeta final contra o Fluminense: &#8216;Jogo da minha vida&#8217;","datePublished":"2023-11-04T14:01:13+00:00","dateModified":"2023-11-04T14:12:55+00:00","mainEntityOfPage":{"@id":"https:\/\/folhadoleste.com.br\/cavani-projeta-final-contra-o-fluminense-jogo-da-minha-vida\/"},"wordCount":413,"commentCount":0,"publisher":{"@id":"https:\/\/folhadoleste.com.br\/#organization"},"image":{"@id":"https:\/\/folhadoleste.com.br\/cavani-projeta-final-contra-o-fluminense-jogo-da-minha-vida\/#primaryimage"},"thumbnailUrl":"https:\/\/folhadoleste.com.br\/wp-content\/uploads\/2023\/11\/Final-da-Libertadores-Boca-Juniors-x-Fluminense-Foto-Peter-Leone-Ofotografico-Gazeta-Press.webp","keywords":["Boca Juniors","Cavani","Edinson Cavani","Esportes","Fernando Diniz","fluminense","futebol","Jorge Almir\u00f3n","Libertadores"],"articleSection":["Esportes","Futebol"],"inLanguage":"en-US","potentialAction":[{"@type":"CommentAction","name":"Comment","target":["https:\/\/folhadoleste.com.br\/cavani-projeta-final-contra-o-fluminense-jogo-da-minha-vida\/#respond"]}]},{"@type":"WebPage","@id":"https:\/\/folhadoleste.com.br\/cavani-projeta-final-contra-o-fluminense-jogo-da-minha-vida\/","url":"https:\/\/folhadoleste.com.br\/cavani-projeta-final-contra-o-fluminense-jogo-da-minha-vida\/","name":"Cavani projeta final contra o Fluminense: 'Jogo da minha vida' &#8226; Folha do Leste","isPartOf":{"@id":"https:\/\/folhadoleste.com.br\/#website"},"primaryImageOfPage":{"@id":"https:\/\/folhadoleste.com.br\/cavani-projeta-final-contra-o-fluminense-jogo-da-minha-vida\/#primaryimage"},"image":{"@id":"https:\/\/folhadoleste.com.br\/cavani-projeta-final-contra-o-fluminense-jogo-da-minha-vida\/#primaryimage"},"thumbnailUrl":"https:\/\/folhadoleste.com.br\/wp-content\/uploads\/2023\/11\/Final-da-Libertadores-Boca-Juniors-x-Fluminense-Foto-Peter-Leone-Ofotografico-Gazeta-Press.webp","datePublished":"2023-11-04T14:01:13+00:00","dateModified":"2023-11-04T14:12:55+00:00","description":"Cavani projeta final contra o Fluminense: 'Jogo da minha vida'...","breadcrumb":{"@id":"https:\/\/folhadoleste.com.br\/cavani-projeta-final-contra-o-fluminense-jogo-da-minha-vida\/#breadcrumb"},"inLanguage":"en-US","potentialAction":[{"@type":"ReadAction","target":["https:\/\/folhadoleste.com.br\/cavani-projeta-final-contra-o-fluminense-jogo-da-minha-vida\/"]}]},{"@type":"ImageObject","inLanguage":"en-US","@id":"https:\/\/folhadoleste.com.br\/cavani-projeta-final-contra-o-fluminense-jogo-da-minha-vida\/#primaryimage","url":"https:\/\/folhadoleste.com.br\/wp-content\/uploads\/2023\/11\/Final-da-Libertadores-Boca-Juniors-x-Fluminense-Foto-Peter-Leone-Ofotografico-Gazeta-Press.webp","contentUrl":"https:\/\/folhadoleste.com.br\/wp-content\/uploads\/2023\/11\/Final-da-Libertadores-Boca-Juniors-x-Fluminense-Foto-Peter-Leone-Ofotografico-Gazeta-Press.webp","width":840,"height":560,"caption":"Foto: Peter Leone - Ofotogr\u00e1fico - Gazeta Press"},{"@type":"BreadcrumbList","@id":"https:\/\/folhadoleste.com.br\/cavani-projeta-final-contra-o-fluminense-jogo-da-minha-vida\/#breadcrumb","itemListElement":[{"@type":"ListItem","position":1,"name":"In\u00edcio","item":"https:\/\/folhadoleste.com.br\/"},{"@type":"ListItem","position":2,"name":"Esportes","item":"https:\/\/folhadoleste.com.br\/category\/esportes\/"},{"@type":"ListItem","position":3,"name":"Futebol","item":"https:\/\/folhadoleste.com.br\/category\/esportes\/futebol-esportes\/"},{"@type":"ListItem","position":4,"name":"Cavani projeta final contra o Fluminense: &#8216;Jogo da minha vida&#8217;"}]},{"@type":"WebSite","@id":"https:\/\/folhadoleste.com.br\/#website","url":"https:\/\/folhadoleste.com.br\/","name":"Folha do Leste","description":"Portal de Not\u00edcias com \u00eanfase em Niter\u00f3i, criando conte\u00fados desde a capital Rio de Janeiro, com olhar para o Leste Fluminense e suas cidades como S\u00e3o Gon\u00e7alo, Itabora\u00ed, Rio Bonito, Maric\u00e1, Saquarema e Araruama","publisher":{"@id":"https:\/\/folhadoleste.com.br\/#organization"},"alternateName":"FL","potentialAction":[{"@type":"SearchAction","target":{"@type":"EntryPoint","urlTemplate":"https:\/\/folhadoleste.com.br\/?s={search_term_string}"},"query-input":{"@type":"PropertyValueSpecification","valueRequired":true,"valueName":"search_term_string"}}],"inLanguage":"en-US"},{"@type":"Organization","@id":"https:\/\/folhadoleste.com.br\/#organization","name":"Brasil 21 Comunica\u00e7\u00e3o","alternateName":"BR21","url":"https:\/\/folhadoleste.com.br\/","logo":{"@type":"ImageObject","inLanguage":"en-US","@id":"https:\/\/folhadoleste.com.br\/#\/schema\/logo\/image\/","url":"https:\/\/folhadoleste.com.br\/wp-content\/uploads\/2025\/12\/brasil-21-logomarca.avif","contentUrl":"https:\/\/folhadoleste.com.br\/wp-content\/uploads\/2025\/12\/brasil-21-logomarca.avif","width":1044,"height":1044,"caption":"Brasil 21 Comunica\u00e7\u00e3o"},"image":{"@id":"https:\/\/folhadoleste.com.br\/#\/schema\/logo\/image\/"},"sameAs":["https:\/\/www.facebook.com\/folhadoleste","https:\/\/x.com\/FolhadoLesteRJ","https:\/\/www.instagram.com\/folhadoleste\/"]},{"@type":"Person","@id":"https:\/\/folhadoleste.com.br\/#\/schema\/person\/3e97145b2e1861276e84471aa85a3899","name":"Folha do Leste","image":{"@type":"ImageObject","inLanguage":"en-US","@id":"https:\/\/folhadoleste.com.br\/wp-content\/litespeed\/avatar\/1ca8c218432e7045e748610eb3db0259.jpg?ver=1776693931","url":"https:\/\/folhadoleste.com.br\/wp-content\/litespeed\/avatar\/1ca8c218432e7045e748610eb3db0259.jpg?ver=1776693931","contentUrl":"https:\/\/folhadoleste.com.br\/wp-content\/litespeed\/avatar\/1ca8c218432e7045e748610eb3db0259.jpg?ver=1776693931","caption":"Folha do Leste"},"url":"https:\/\/folhadoleste.com.br\/en\/author\/reportagem-01\/"}]}},"_links":{"self":[{"href":"https:\/\/folhadoleste.com.br\/en\/wp-json\/wp\/v2\/posts\/34225","targetHints":{"allow":["GET"]}}],"collection":[{"href":"https:\/\/folhadoleste.com.br\/en\/wp-json\/wp\/v2\/posts"}],"about":[{"href":"https:\/\/folhadoleste.com.br\/en\/wp-json\/wp\/v2\/types\/post"}],"author":[{"embeddable":true,"href":"https:\/\/folhadoleste.com.br\/en\/wp-json\/wp\/v2\/users\/4"}],"replies":[{"embeddable":true,"href":"https:\/\/folhadoleste.com.br\/en\/wp-json\/wp\/v2\/comments?post=34225"}],"version-history":[{"count":2,"href":"https:\/\/folhadoleste.com.br\/en\/wp-json\/wp\/v2\/posts\/34225\/revisions"}],"predecessor-version":[{"id":34229,"href":"https:\/\/folhadoleste.com.br\/en\/wp-json\/wp\/v2\/posts\/34225\/revisions\/34229"}],"wp:featuredmedia":[{"embeddable":true,"href":"https:\/\/folhadoleste.com.br\/en\/wp-json\/wp\/v2\/media\/34237"}],"wp:attachment":[{"href":"https:\/\/folhadoleste.com.br\/en\/wp-json\/wp\/v2\/media?parent=34225"}],"wp:term":[{"taxonomy":"category","embeddable":true,"href":"https:\/\/folhadoleste.com.br\/en\/wp-json\/wp\/v2\/categories?post=34225"},{"taxonomy":"post_tag","embeddable":true,"href":"https:\/\/folhadoleste.com.br\/en\/wp-json\/wp\/v2\/tags?post=34225"}],"curies":[{"name":"wp","href":"https:\/\/api.w.org\/{rel}","templated":true}]}}