{"id":34127,"date":"2023-11-04T08:00:21","date_gmt":"2023-11-04T11:00:21","guid":{"rendered":"https:\/\/folhadoleste.com.br\/?p=34127"},"modified":"2023-11-03T16:13:54","modified_gmt":"2023-11-03T19:13:54","slug":"vi-encontro-fluminense-de-arborizacao-urbana-sera-realizado-em-niteroi","status":"publish","type":"post","link":"https:\/\/folhadoleste.com.br\/en\/vi-encontro-fluminense-de-arborizacao-urbana-sera-realizado-em-niteroi\/","title":{"rendered":"VI Encontro Fluminense de Arboriza\u00e7\u00e3o Urbana ser\u00e1 realizado em Niter\u00f3i"},"content":{"rendered":"<div id=\"attachment_34131\" style=\"width: 1717px\" class=\"wp-caption aligncenter\"><img decoding=\"async\" aria-describedby=\"caption-attachment-34131\" class=\"size-full wp-image-34131\" src=\"https:\/\/folhadoleste.com.br\/wp-content\/uploads\/2023\/11\/VI-Encontro-Fluminense-de-Arborizacao-Urbana-sera-realizado-em-Niteroi-Foto-Divulgacao-Prefeitura-de-Niteroi-scaled.jpg\" alt=\"VI Encontro Fluminense de Arboriza\u00e7\u00e3o Urbana ser\u00e1 realizado em Niter\u00f3i\" width=\"1707\" height=\"2560\" \/><p id=\"caption-attachment-34131\" class=\"wp-caption-text\">Foto: Divulga\u00e7\u00e3o &#8211; Prefeitura de Niter\u00f3i<\/p><\/div>\n<p class=\"v1MsoNormal\">Como segunda cidade do pa\u00eds a receber o\u00a0selo &#8220;Cidade Amiga das \u00c1rvores&#8221; e o pr\u00eamio &#8220;Cidade \u00c1rvore do Mundo&#8221;, que foi oferecido ao munic\u00edpio por se destacar nos fundamentos das a\u00e7\u00f5es ambientais\u00a0e em projetos de inclus\u00e3o e reinclus\u00e3o das \u00e1rvores nas cidades,\u00a0Niter\u00f3i ser\u00e1 sede do VI Encontro Fluminense de Arboriza\u00e7\u00e3o Urbana, que acontecer\u00e1 nos dias 9 e 10 de novembro no Reserva Cultural, em S\u00e3o Domingos. O evento \u00e9 realizado pela Sociedade Brasileira de Arboriza\u00e7\u00e3o Urbana (SBAU) e conta com o apoio da Prefeitura por meio da Secretaria de Conserva\u00e7\u00e3o e Servi\u00e7os P\u00fablicos (Seconser).<\/p>\n<p class=\"v1MsoNormal\">No caso de Niter\u00f3i, durante o evento, ser\u00e3o abordados temas como os avan\u00e7os e iniciativas na arboriza\u00e7\u00e3o urbana na cidade como o Arboribus &#8211; projeto censit\u00e1rio da flora urbana em vias p\u00fablicas e pra\u00e7as. A cidade\u00a0j\u00e1 tem 50 mil \u00e1rvores catalogadas.<\/p>\n<h4><a href=\"https:\/\/folhadoleste.com.br\/en\/category\/jornal-folha-do-leste-rj\/niteroi\/\"><strong>\u201cLeia mais not\u00edcias sobre Niter\u00f3i aqui\u201d<\/strong><\/a><\/h4>\n<p class=\"v1MsoNormal\">Este levantamento entrou como banco de dados das atividades realizadas pela Seconser. Desta forma, os servi\u00e7os executados pelo setor s\u00e3o registrados diariamente. Com essa informa\u00e7\u00e3o, cada \u00e1rvore j\u00e1 catalogada no Sistema de Gest\u00e3o da Goeinforma\u00e7\u00e3o (SIGeo) \u00e9 atualizada de acordo com o manejo recebido. S\u00e3o Ip\u00eas Rosas, Ip\u00eas Amarelos, Pau Brasil, al\u00e9m de\u00a0jacarand\u00e1s, mimosos\u00a0e pau mulato.<\/p>\n<blockquote>\n<p class=\"v1MsoNormal\">&#8220;Os dados levantados s\u00e3o processados e convertidos ao formato do banco de dados espec\u00edfico da Prefeitura de Niter\u00f3i, no SIGeo. Tamb\u00e9m entram no cadastro informa\u00e7\u00f5es como as dimens\u00f5es, copa e altura das \u00e1rvores. Com estes dados, temos a classifica\u00e7\u00e3o geral. As informa\u00e7\u00f5es levantadas permitem enxergar um par\u00e2metro geral de arboriza\u00e7\u00e3o, tanto em n\u00edvel de diversidade quanto para intera\u00e7\u00e3o da popula\u00e7\u00e3o com a vida arb\u00f3rea da cidade&#8221;, conta a secret\u00e1ria municipal de Conserva\u00e7\u00e3o e Servi\u00e7os P\u00fablicos, Dayse Monassa.<\/p>\n<\/blockquote>\n<p class=\"v1MsoNormal\">A secret\u00e1ria destaca que as \u00e1rvores jovens tamb\u00e9m s\u00e3o citadas. Assim, \u00e9 poss\u00edvel saber onde est\u00e3o e como se desenvolvem. Dayse Monassa enfatiza que, dentro do conjunto de caracter\u00edsticas que a \u00e1rvore apresenta, cada uma \u00e9 classificada quanto ao risco de acidentes.<\/p>\n<p class=\"v1MsoNormal\">A base das informa\u00e7\u00f5es se d\u00e1 a partir de vistorias feitas pelas equipes. Cada \u00e1rvore classificada como &#8220;urg\u00eancia&#8221;, por exemplo, \u00e9 abrangida pelo programa de protocolo de seguran\u00e7a, que age de forma r\u00e1pida para evitar acidentes e perdas para a cidade<\/p>\n<h4><a href=\"https:\/\/folhadoleste.com.br\/en\/category\/jornal-folha-do-leste-rj\/niteroi\/\"><strong>\u201cLeia mais not\u00edcias sobre Niter\u00f3i aqui\u201d<\/strong><\/a><\/h4>\n<p class=\"v1MsoNormal\">S\u00e3o informa\u00e7\u00f5es como o endere\u00e7o, aspectos gerais quanto \u00e0 sa\u00fade da \u00e1rvore, dados quanto \u00e0 estatura, nomes populares e cient\u00edficos.\u00a0Estas informa\u00e7\u00f5es s\u00e3o importantes para que todos saibam que esse patrim\u00f4nio est\u00e1 sendo cuidado e preservado. Esses dados tamb\u00e9m podem contribuir em estudos sobre temas ambientais e sociais.<\/p>\n<div id=\"attachment_34129\" style=\"width: 2570px\" class=\"wp-caption aligncenter\"><img decoding=\"async\" aria-describedby=\"caption-attachment-34129\" class=\"size-full wp-image-34129\" src=\"https:\/\/folhadoleste.com.br\/wp-content\/uploads\/2023\/11\/VI-Encontro-Fluminense-de-Arborizacao-Urbana-sera-realizado-em-Niteroi-3-Foto-Divulgacao-Prefeitura-de-Niteroi-scaled.jpg\" alt=\"VI Encontro Fluminense de Arboriza\u00e7\u00e3o Urbana ser\u00e1 realizado em Niter\u00f3i\" width=\"2560\" height=\"1707\" \/><p id=\"caption-attachment-34129\" class=\"wp-caption-text\">Foto: Divulga\u00e7\u00e3o &#8211; Prefeitura de Niter\u00f3i<\/p><\/div>\n<p class=\"v1MsoNormal\"><b>Guia Bot\u00e2nico de Niter\u00f3i &#8211;<\/b>\u00a0A cidade<b>\u00a0<\/b>tamb\u00e9m lan\u00e7ou,<b>\u00a0<\/b>em 2019, pela Secretaria de Meio Ambiente, Recursos H\u00eddricos e Sustentabilidade (SMARHS), o Guia Bot\u00e2nico de Niter\u00f3i.\u00a0O trabalho catalogou\u00a081\u00a0\u00e1rvores\u00a0e mais de 60 esp\u00e9cies, que foram identificadas como relevantes para o munic\u00edpio. O Guia Bot\u00e2nico apresenta fotos e descri\u00e7\u00e3o de cada esp\u00e9cie, incluindo nome cient\u00edfico, fam\u00edlia, nome popular e localiza\u00e7\u00e3o. Foram ainda inclu\u00eddas informa\u00e7\u00f5es sobre a ocorr\u00eancia da esp\u00e9cie e per\u00edodo de flora\u00e7\u00e3o.<\/p>\n<p class=\"v1MsoNormal\">A obten\u00e7\u00e3o dos dados foi feita por meio de vistorias realizadas pelo Setor de \u00c1reas Verdes da SMARHS e tamb\u00e9m com o apoio da popula\u00e7\u00e3o, pelas redes sociais, que indicou\u00a0\u00e1rvores\u00a0que foram vistoriadas pela equipe t\u00e9cnica.<\/p>\n<blockquote>\n<p class=\"v1MsoNormal\">&#8220;As\u00a0\u00e1rvores\u00a0s\u00e3o elementos essenciais no planejamento urbano. Dentre as diversas fun\u00e7\u00f5es que ressaltam sua import\u00e2ncia, est\u00e3o a redu\u00e7\u00e3o do calor; diminui\u00e7\u00e3o de ru\u00eddos; absor\u00e7\u00e3o do carbono atmosf\u00e9rico; infiltra\u00e7\u00e3o da \u00e1gua da chuva e diminui\u00e7\u00e3o do escoamento superficial; filtra\u00e7\u00e3o de poluentes do ar; abrigo da fauna urbana; promo\u00e7\u00e3o de bem-estar, beleza c\u00eanica e cooperam na manuten\u00e7\u00e3o da sa\u00fade humana&#8221;, explicou o\u00a0secret\u00e1rio de Meio Ambiente, Recursos H\u00eddricos e Sustentabilidade, Rafael Robertson.<\/p>\n<\/blockquote>\n<p class=\"v1MsoNormal\"><b>Pr\u00eamio internacional\u00a0<\/b>\u2013 Niter\u00f3i j\u00e1 havia recebido no ano passado o selo de &#8220;Cidade \u00c1rvore do Mundo&#8221;, concedido pelo programa Tree Cities of The World, administrado pela Organiza\u00e7\u00e3o das Na\u00e7\u00f5es Unidas para Agricultura e Alimenta\u00e7\u00e3o (FAO) e pela Arbor Day Foundation.<\/p>\n<p class=\"v1MsoNormal\"><b>VI Encontro Fluminense de Arboriza\u00e7\u00e3o Urbana &#8211;\u00a0<\/b>V\u00e3o representar a Prefeitura de Niter\u00f3i no evento a secret\u00e1ria municipal de Conserva\u00e7\u00e3o e Servi\u00e7os P\u00fablicos, Dayse Monassa e o bi\u00f3logo Alexandre Moraes, diretor de arboriza\u00e7\u00e3o da Seconser.<\/p>\n<h4><a href=\"https:\/\/folhadoleste.com.br\/en\/category\/jornal-folha-do-leste-rj\/niteroi\/\"><strong>\u201cLeia mais not\u00edcias sobre Niter\u00f3i aqui\u201d<\/strong><\/a><\/h4>\n<p class=\"v1MsoNormal\">O encontro ser\u00e1 dividido em quatro tem\u00e1ticas: produ\u00e7\u00e3o de mudas, o papel das universidades gerando pesquisas e formando profissionais, experi\u00eancias exitosas de prefeituras do estado do Rio e novas tecnologias para serem usadas na arboriza\u00e7\u00e3o.\u00a0Haver\u00e1 ainda uma palestra sobre supress\u00e3o de \u00e1rvores com base na an\u00e1lise de risco e a comunidade.<\/p>\n<div id=\"attachment_34130\" style=\"width: 2570px\" class=\"wp-caption aligncenter\"><img decoding=\"async\" aria-describedby=\"caption-attachment-34130\" class=\"size-full wp-image-34130\" src=\"https:\/\/folhadoleste.com.br\/wp-content\/uploads\/2023\/11\/VI-Encontro-Fluminense-de-Arborizacao-Urbana-sera-realizado-em-Niteroi-2-Foto-Divulgacao-Prefeitura-de-Niteroi-scaled.jpg\" alt=\"VI Encontro Fluminense de Arboriza\u00e7\u00e3o Urbana ser\u00e1 realizado em Niter\u00f3i\" width=\"2560\" height=\"1707\" \/><p id=\"caption-attachment-34130\" class=\"wp-caption-text\">Foto: Divulga\u00e7\u00e3o &#8211; Prefeitura de Niter\u00f3i<\/p><\/div>\n<p class=\"v1MsoNormal\">A secret\u00e1ria Dayse Monassa comentou sobre o encontro chamando aten\u00e7\u00e3o para a influ\u00eancia das mudan\u00e7as clim\u00e1ticas sobre o tema. &#8220;As mudan\u00e7as clim\u00e1ticas j\u00e1 come\u00e7aram e Niter\u00f3i estar\u00e1 preparada, no que diz respeito \u00e0 arboriza\u00e7\u00e3o urbana que hoje \u00e9 moderna e segura&#8221;.<\/p>\n<p class=\"v1MsoNormal\">O bi\u00f3logo Alexandre Moraes destacou a import\u00e2ncia do evento.<\/p>\n<blockquote>\n<p class=\"v1MsoNormal\">&#8220;\u00c9 sempre importante t\u00e9cnicos trocarem experi\u00eancias em silvicultura urbana e o que se est\u00e1 praticando de t\u00e9cnicas e abordagens no segmento de arboriza\u00e7\u00e3o. Niter\u00f3i tem um carinho especial por suas \u00e1reas verdes e ser\u00e1 bastante produtiva essa troca&#8221;.<\/p>\n<\/blockquote>\n<p class=\"v1MsoNormal\">Outros palestrantes de destaque ser\u00e3o o professor Jo\u00e3o Vicente Latorraca (Coordenador do Curso de P\u00f3s-Gradua\u00e7\u00e3o em Arboriza\u00e7\u00e3o Urbana da UFRRJ), a professora Jeanne Trindade (ex-presidente da SBAU, a professora do IBMR Marcella Sant&#8217;Anna (secret\u00e1ria-adjunta de Meio Ambiente e Saneamento de Cabo Frio) e Nestor Prado J\u00faniro (secret\u00e1rio de Meio Ambiente, Agricultura e Pesca de Rio das Ostras).<\/p>\n<h4 class=\"v1MsoNormal\"><u><span style=\"color: #000000;\">SERVI\u00c7O:<\/span><\/u><\/h4>\n<p class=\"v1MsoNormal\"><span style=\"color: #000000;\">VI Encontro Fluminense de Arboriza\u00e7\u00e3o Urbana<\/span><\/p>\n<p class=\"v1MsoNormal\"><span style=\"color: #000000;\"><strong>Datas:<\/strong> 09 e 10\/11<\/span><\/p>\n<p class=\"v1MsoNormal\"><span style=\"color: #000000;\"><strong>Local:<\/strong> Audit\u00f3rio do Reserva Cultural &#8211;\u00a0Av. Visconde do Rio Branco, 880 &#8211; S\u00e3o Domingos,<\/span><\/p>\n<p class=\"v1MsoNormal\"><strong><span style=\"color: #000000;\">Hor\u00e1rios:<\/span><\/strong><\/p>\n<h4 class=\"v1MsoNormal\"><span style=\"color: #000000;\">Primeiro dia<\/span><\/h4>\n<p class=\"v1MsoNormal\"><span style=\"color: #000000;\"><strong>7h30<\/strong> \u00e0s <strong>9h<\/strong> (credenciamento)<\/span><\/p>\n<p class=\"v1MsoNormal\"><span style=\"color: #000000;\"><strong>9h<\/strong> \u00e0s <strong>17h<\/strong> (palestras, com parada de 1h45 para almo\u00e7o)<\/span><\/p>\n<h4 class=\"v1MsoNormal\"><span style=\"color: #000000;\">Segundo dia<\/span><\/h4>\n<p class=\"v1MsoNormal\"><span style=\"color: #000000;\"><strong>8h<\/strong> \u00e0s <strong>17h30<\/strong> (palestras, com parada para almo\u00e7o e apresenta\u00e7\u00e3o da pr\u00f3xima cidade que sediar\u00e1 o evento).<\/span><\/p>\n<p>&nbsp;<\/p>\n<p><a href=\"https:\/\/www.instagram.com\/folhadoleste\/\"><img decoding=\"async\" class=\"aligncenter wp-image-15962\" src=\"https:\/\/folhadoleste.com.br\/wp-content\/uploads\/2023\/07\/instagram.jpg.webp\" alt=\"Itaipu-Itaipua\u00e7u: Caminh\u00e3o causa grave acidente na RJ-102, a estrada da Serrinha\" width=\"49\" height=\"49\" \/><\/a><a href=\"https:\/\/www.facebook.com\/folhadoleste\"><img decoding=\"async\" class=\"aligncenter wp-image-7424\" src=\"https:\/\/folhadoleste.com.br\/wp-content\/uploads\/2023\/05\/facebook-logo-3-1.png.webp\" alt=\"Itaipu-Itaipua\u00e7u: Caminh\u00e3o causa grave acidente na RJ-102, a estrada da Serrinha\" width=\"49\" height=\"49\" \/><\/a><\/p>","protected":false},"excerpt":{"rendered":"<p>Como segunda cidade do pa\u00eds a receber o\u00a0selo &#8220;Cidade Amiga das \u00c1rvores&#8221; e o pr\u00eamio &#8220;Cidade \u00c1rvore do Mundo&#8221;, que foi oferecido ao munic\u00edpio por se destacar nos fundamentos das a\u00e7\u00f5es ambientais\u00a0e em projetos de inclus\u00e3o e reinclus\u00e3o das \u00e1rvores nas cidades,\u00a0Niter\u00f3i ser\u00e1 sede do VI Encontro Fluminense de Arboriza\u00e7\u00e3o Urbana, que acontecer\u00e1 nos dias 9 e 10 de novembro no Reserva Cultural, em S\u00e3o Domingos. O evento \u00e9 realizado pela Sociedade Brasileira de Arboriza\u00e7\u00e3o Urbana (SBAU) e conta com o apoio da Prefeitura por meio da Secretaria de Conserva\u00e7\u00e3o e Servi\u00e7os P\u00fablicos (Seconser). No caso de Niter\u00f3i, durante o [&hellip;]<\/p>\n","protected":false},"author":4,"featured_media":34130,"comment_status":"open","ping_status":"open","sticky":false,"template":"","format":"standard","meta":{"footnotes":""},"categories":[47,5],"tags":[14159,6200,2640,6071,10151,54,695,50,14158],"class_list":["post-34127","post","type-post","status-publish","format-standard","has-post-thumbnail","hentry","category-leste-fluminense","category-noticias-de-niteroi","tag-arborizacao-urbana","tag-arvores","tag-encontro","tag-evento","tag-flores","tag-leste-fluminense","tag-meio-ambiente","tag-niteroi","tag-vi-encontro-fluminense","post--single"],"yoast_head":"<!-- This site is optimized with the Yoast SEO plugin v27.5 - https:\/\/yoast.com\/product\/yoast-seo-wordpress\/ -->\n<title>VI Encontro Fluminense de Arboriza\u00e7\u00e3o Urbana ser\u00e1 realizado em Niter\u00f3i<\/title>\n<meta name=\"description\" content=\"VI Encontro Fluminense de Arboriza\u00e7\u00e3o Urbana ser\u00e1 realizado em Niter\u00f3i...\" \/>\n<meta name=\"robots\" content=\"index, follow, max-snippet:-1, max-image-preview:large, max-video-preview:-1\" \/>\n<link rel=\"canonical\" href=\"https:\/\/folhadoleste.com.br\/en\/vi-encontro-fluminense-de-arborizacao-urbana-sera-realizado-em-niteroi\/\" \/>\n<meta property=\"og:locale\" content=\"en_US\" \/>\n<meta property=\"og:type\" content=\"article\" \/>\n<meta property=\"og:title\" content=\"VI Encontro Fluminense de Arboriza\u00e7\u00e3o Urbana ser\u00e1 realizado em Niter\u00f3i\" \/>\n<meta property=\"og:description\" content=\"Niter\u00f3i &#8226; Folha do Leste\" \/>\n<meta property=\"og:url\" content=\"https:\/\/folhadoleste.com.br\/en\/vi-encontro-fluminense-de-arborizacao-urbana-sera-realizado-em-niteroi\/\" \/>\n<meta property=\"og:site_name\" content=\"Folha do Leste\" \/>\n<meta property=\"article:publisher\" content=\"https:\/\/www.facebook.com\/folhadoleste\" \/>\n<meta property=\"article:published_time\" content=\"2023-11-04T11:00:21+00:00\" \/>\n<meta property=\"og:image\" content=\"https:\/\/folhadoleste.com.br\/wp-content\/uploads\/2023\/11\/VI-Encontro-Fluminense-de-Arborizacao-Urbana-sera-realizado-em-Niteroi-2-Foto-Divulgacao-Prefeitura-de-Niteroi-scaled.jpg\" \/>\n\t<meta property=\"og:image:width\" content=\"2560\" \/>\n\t<meta property=\"og:image:height\" content=\"1707\" \/>\n\t<meta property=\"og:image:type\" content=\"image\/jpeg\" \/>\n<meta name=\"author\" content=\"Folha do Leste\" \/>\n<meta name=\"twitter:card\" content=\"summary_large_image\" \/>\n<meta name=\"twitter:creator\" content=\"@FolhadoLesteRJ\" \/>\n<meta name=\"twitter:site\" content=\"@FolhadoLesteRJ\" \/>\n<meta name=\"twitter:label1\" content=\"Written by\" \/>\n\t<meta name=\"twitter:data1\" content=\"Folha do Leste\" \/>\n\t<meta name=\"twitter:label2\" content=\"Est. reading time\" \/>\n\t<meta name=\"twitter:data2\" content=\"6 minutes\" \/>\n<script type=\"application\/ld+json\" class=\"yoast-schema-graph\">{\"@context\":\"https:\\\/\\\/schema.org\",\"@graph\":[{\"@type\":\"NewsArticle\",\"@id\":\"https:\\\/\\\/folhadoleste.com.br\\\/vi-encontro-fluminense-de-arborizacao-urbana-sera-realizado-em-niteroi\\\/#article\",\"isPartOf\":{\"@id\":\"https:\\\/\\\/folhadoleste.com.br\\\/vi-encontro-fluminense-de-arborizacao-urbana-sera-realizado-em-niteroi\\\/\"},\"author\":{\"name\":\"Folha do Leste\",\"@id\":\"https:\\\/\\\/folhadoleste.com.br\\\/#\\\/schema\\\/person\\\/3e97145b2e1861276e84471aa85a3899\"},\"headline\":\"VI Encontro Fluminense de Arboriza\u00e7\u00e3o Urbana ser\u00e1 realizado em Niter\u00f3i\",\"datePublished\":\"2023-11-04T11:00:21+00:00\",\"mainEntityOfPage\":{\"@id\":\"https:\\\/\\\/folhadoleste.com.br\\\/vi-encontro-fluminense-de-arborizacao-urbana-sera-realizado-em-niteroi\\\/\"},\"wordCount\":1150,\"commentCount\":0,\"publisher\":{\"@id\":\"https:\\\/\\\/folhadoleste.com.br\\\/#organization\"},\"image\":{\"@id\":\"https:\\\/\\\/folhadoleste.com.br\\\/vi-encontro-fluminense-de-arborizacao-urbana-sera-realizado-em-niteroi\\\/#primaryimage\"},\"thumbnailUrl\":\"https:\\\/\\\/folhadoleste.com.br\\\/wp-content\\\/uploads\\\/2023\\\/11\\\/VI-Encontro-Fluminense-de-Arborizacao-Urbana-sera-realizado-em-Niteroi-2-Foto-Divulgacao-Prefeitura-de-Niteroi-scaled.jpg\",\"keywords\":[\"Arboriza\u00e7\u00e3o Urbana\",\"arvores\",\"encontro\",\"evento\",\"flores\",\"Leste Fluminense\",\"Meio ambiente\",\"Niter\u00f3i\",\"VI Encontro Fluminense\"],\"articleSection\":[\"Leste Fluminense\",\"Niter\u00f3i\"],\"inLanguage\":\"en-US\",\"potentialAction\":[{\"@type\":\"CommentAction\",\"name\":\"Comment\",\"target\":[\"https:\\\/\\\/folhadoleste.com.br\\\/vi-encontro-fluminense-de-arborizacao-urbana-sera-realizado-em-niteroi\\\/#respond\"]}]},{\"@type\":\"WebPage\",\"@id\":\"https:\\\/\\\/folhadoleste.com.br\\\/vi-encontro-fluminense-de-arborizacao-urbana-sera-realizado-em-niteroi\\\/\",\"url\":\"https:\\\/\\\/folhadoleste.com.br\\\/vi-encontro-fluminense-de-arborizacao-urbana-sera-realizado-em-niteroi\\\/\",\"name\":\"VI Encontro Fluminense de Arboriza\u00e7\u00e3o Urbana ser\u00e1 realizado em Niter\u00f3i\",\"isPartOf\":{\"@id\":\"https:\\\/\\\/folhadoleste.com.br\\\/#website\"},\"primaryImageOfPage\":{\"@id\":\"https:\\\/\\\/folhadoleste.com.br\\\/vi-encontro-fluminense-de-arborizacao-urbana-sera-realizado-em-niteroi\\\/#primaryimage\"},\"image\":{\"@id\":\"https:\\\/\\\/folhadoleste.com.br\\\/vi-encontro-fluminense-de-arborizacao-urbana-sera-realizado-em-niteroi\\\/#primaryimage\"},\"thumbnailUrl\":\"https:\\\/\\\/folhadoleste.com.br\\\/wp-content\\\/uploads\\\/2023\\\/11\\\/VI-Encontro-Fluminense-de-Arborizacao-Urbana-sera-realizado-em-Niteroi-2-Foto-Divulgacao-Prefeitura-de-Niteroi-scaled.jpg\",\"datePublished\":\"2023-11-04T11:00:21+00:00\",\"description\":\"VI Encontro Fluminense de Arboriza\u00e7\u00e3o Urbana ser\u00e1 realizado em Niter\u00f3i...\",\"breadcrumb\":{\"@id\":\"https:\\\/\\\/folhadoleste.com.br\\\/vi-encontro-fluminense-de-arborizacao-urbana-sera-realizado-em-niteroi\\\/#breadcrumb\"},\"inLanguage\":\"en-US\",\"potentialAction\":[{\"@type\":\"ReadAction\",\"target\":[\"https:\\\/\\\/folhadoleste.com.br\\\/vi-encontro-fluminense-de-arborizacao-urbana-sera-realizado-em-niteroi\\\/\"]}]},{\"@type\":\"ImageObject\",\"inLanguage\":\"en-US\",\"@id\":\"https:\\\/\\\/folhadoleste.com.br\\\/vi-encontro-fluminense-de-arborizacao-urbana-sera-realizado-em-niteroi\\\/#primaryimage\",\"url\":\"https:\\\/\\\/folhadoleste.com.br\\\/wp-content\\\/uploads\\\/2023\\\/11\\\/VI-Encontro-Fluminense-de-Arborizacao-Urbana-sera-realizado-em-Niteroi-2-Foto-Divulgacao-Prefeitura-de-Niteroi-scaled.jpg\",\"contentUrl\":\"https:\\\/\\\/folhadoleste.com.br\\\/wp-content\\\/uploads\\\/2023\\\/11\\\/VI-Encontro-Fluminense-de-Arborizacao-Urbana-sera-realizado-em-Niteroi-2-Foto-Divulgacao-Prefeitura-de-Niteroi-scaled.jpg\",\"width\":2560,\"height\":1707,\"caption\":\"Foto: Divulga\u00e7\u00e3o - Prefeitura de Niter\u00f3i\"},{\"@type\":\"BreadcrumbList\",\"@id\":\"https:\\\/\\\/folhadoleste.com.br\\\/vi-encontro-fluminense-de-arborizacao-urbana-sera-realizado-em-niteroi\\\/#breadcrumb\",\"itemListElement\":[{\"@type\":\"ListItem\",\"position\":1,\"name\":\"In\u00edcio\",\"item\":\"https:\\\/\\\/folhadoleste.com.br\\\/\"},{\"@type\":\"ListItem\",\"position\":2,\"name\":\"Estado do Rio de Janeiro\",\"item\":\"https:\\\/\\\/folhadoleste.com.br\\\/category\\\/estado-do-rio-de-janeiro\\\/\"},{\"@type\":\"ListItem\",\"position\":3,\"name\":\"Leste Fluminense\",\"item\":\"https:\\\/\\\/folhadoleste.com.br\\\/category\\\/estado-do-rio-de-janeiro\\\/leste-fluminense\\\/\"},{\"@type\":\"ListItem\",\"position\":4,\"name\":\"Niter\u00f3i\",\"item\":\"https:\\\/\\\/folhadoleste.com.br\\\/category\\\/estado-do-rio-de-janeiro\\\/leste-fluminense\\\/noticias-de-niteroi\\\/\"},{\"@type\":\"ListItem\",\"position\":5,\"name\":\"VI Encontro Fluminense de Arboriza\u00e7\u00e3o Urbana ser\u00e1 realizado em Niter\u00f3i\"}]},{\"@type\":\"WebSite\",\"@id\":\"https:\\\/\\\/folhadoleste.com.br\\\/#website\",\"url\":\"https:\\\/\\\/folhadoleste.com.br\\\/\",\"name\":\"Folha do Leste\",\"description\":\"Portal de Not\u00edcias com \u00eanfase em Niter\u00f3i, criando conte\u00fados desde a capital Rio de Janeiro, com olhar para o Leste Fluminense e suas cidades como S\u00e3o Gon\u00e7alo, Itabora\u00ed, Rio Bonito, Maric\u00e1, Saquarema e Araruama\",\"publisher\":{\"@id\":\"https:\\\/\\\/folhadoleste.com.br\\\/#organization\"},\"alternateName\":\"FL\",\"potentialAction\":[{\"@type\":\"SearchAction\",\"target\":{\"@type\":\"EntryPoint\",\"urlTemplate\":\"https:\\\/\\\/folhadoleste.com.br\\\/?s={search_term_string}\"},\"query-input\":{\"@type\":\"PropertyValueSpecification\",\"valueRequired\":true,\"valueName\":\"search_term_string\"}}],\"inLanguage\":\"en-US\"},{\"@type\":\"Organization\",\"@id\":\"https:\\\/\\\/folhadoleste.com.br\\\/#organization\",\"name\":\"Brasil 21 Comunica\u00e7\u00e3o\",\"alternateName\":\"BR21\",\"url\":\"https:\\\/\\\/folhadoleste.com.br\\\/\",\"logo\":{\"@type\":\"ImageObject\",\"inLanguage\":\"en-US\",\"@id\":\"https:\\\/\\\/folhadoleste.com.br\\\/#\\\/schema\\\/logo\\\/image\\\/\",\"url\":\"https:\\\/\\\/folhadoleste.com.br\\\/wp-content\\\/uploads\\\/2025\\\/12\\\/brasil-21-logomarca.avif\",\"contentUrl\":\"https:\\\/\\\/folhadoleste.com.br\\\/wp-content\\\/uploads\\\/2025\\\/12\\\/brasil-21-logomarca.avif\",\"width\":1044,\"height\":1044,\"caption\":\"Brasil 21 Comunica\u00e7\u00e3o\"},\"image\":{\"@id\":\"https:\\\/\\\/folhadoleste.com.br\\\/#\\\/schema\\\/logo\\\/image\\\/\"},\"sameAs\":[\"https:\\\/\\\/www.facebook.com\\\/folhadoleste\",\"https:\\\/\\\/x.com\\\/FolhadoLesteRJ\",\"https:\\\/\\\/www.instagram.com\\\/folhadoleste\\\/\"]},{\"@type\":\"Person\",\"@id\":\"https:\\\/\\\/folhadoleste.com.br\\\/#\\\/schema\\\/person\\\/3e97145b2e1861276e84471aa85a3899\",\"name\":\"Folha do Leste\",\"image\":{\"@type\":\"ImageObject\",\"inLanguage\":\"en-US\",\"@id\":\"https:\\\/\\\/folhadoleste.com.br\\\/wp-content\\\/litespeed\\\/avatar\\\/1ca8c218432e7045e748610eb3db0259.jpg?ver=1777161142\",\"url\":\"https:\\\/\\\/folhadoleste.com.br\\\/wp-content\\\/litespeed\\\/avatar\\\/1ca8c218432e7045e748610eb3db0259.jpg?ver=1777161142\",\"contentUrl\":\"https:\\\/\\\/folhadoleste.com.br\\\/wp-content\\\/litespeed\\\/avatar\\\/1ca8c218432e7045e748610eb3db0259.jpg?ver=1777161142\",\"caption\":\"Folha do Leste\"},\"url\":\"https:\\\/\\\/folhadoleste.com.br\\\/en\\\/author\\\/reportagem-01\\\/\"}]}<\/script>\n<!-- \/ Yoast SEO plugin. -->","yoast_head_json":{"title":"VI Encontro Fluminense de Arboriza\u00e7\u00e3o Urbana ser\u00e1 realizado em Niter\u00f3i","description":"VI Encontro Fluminense de Arboriza\u00e7\u00e3o Urbana ser\u00e1 realizado em Niter\u00f3i...","robots":{"index":"index","follow":"follow","max-snippet":"max-snippet:-1","max-image-preview":"max-image-preview:large","max-video-preview":"max-video-preview:-1"},"canonical":"https:\/\/folhadoleste.com.br\/en\/vi-encontro-fluminense-de-arborizacao-urbana-sera-realizado-em-niteroi\/","og_locale":"en_US","og_type":"article","og_title":"VI Encontro Fluminense de Arboriza\u00e7\u00e3o Urbana ser\u00e1 realizado em Niter\u00f3i","og_description":"Niter\u00f3i &#8226; Folha do Leste","og_url":"https:\/\/folhadoleste.com.br\/en\/vi-encontro-fluminense-de-arborizacao-urbana-sera-realizado-em-niteroi\/","og_site_name":"Folha do Leste","article_publisher":"https:\/\/www.facebook.com\/folhadoleste","article_published_time":"2023-11-04T11:00:21+00:00","og_image":[{"width":2560,"height":1707,"url":"https:\/\/folhadoleste.com.br\/wp-content\/uploads\/2023\/11\/VI-Encontro-Fluminense-de-Arborizacao-Urbana-sera-realizado-em-Niteroi-2-Foto-Divulgacao-Prefeitura-de-Niteroi-scaled.jpg","type":"image\/jpeg"}],"author":"Folha do Leste","twitter_card":"summary_large_image","twitter_creator":"@FolhadoLesteRJ","twitter_site":"@FolhadoLesteRJ","twitter_misc":{"Written by":"Folha do Leste","Est. reading time":"6 minutes"},"schema":{"@context":"https:\/\/schema.org","@graph":[{"@type":"NewsArticle","@id":"https:\/\/folhadoleste.com.br\/vi-encontro-fluminense-de-arborizacao-urbana-sera-realizado-em-niteroi\/#article","isPartOf":{"@id":"https:\/\/folhadoleste.com.br\/vi-encontro-fluminense-de-arborizacao-urbana-sera-realizado-em-niteroi\/"},"author":{"name":"Folha do Leste","@id":"https:\/\/folhadoleste.com.br\/#\/schema\/person\/3e97145b2e1861276e84471aa85a3899"},"headline":"VI Encontro Fluminense de Arboriza\u00e7\u00e3o Urbana ser\u00e1 realizado em Niter\u00f3i","datePublished":"2023-11-04T11:00:21+00:00","mainEntityOfPage":{"@id":"https:\/\/folhadoleste.com.br\/vi-encontro-fluminense-de-arborizacao-urbana-sera-realizado-em-niteroi\/"},"wordCount":1150,"commentCount":0,"publisher":{"@id":"https:\/\/folhadoleste.com.br\/#organization"},"image":{"@id":"https:\/\/folhadoleste.com.br\/vi-encontro-fluminense-de-arborizacao-urbana-sera-realizado-em-niteroi\/#primaryimage"},"thumbnailUrl":"https:\/\/folhadoleste.com.br\/wp-content\/uploads\/2023\/11\/VI-Encontro-Fluminense-de-Arborizacao-Urbana-sera-realizado-em-Niteroi-2-Foto-Divulgacao-Prefeitura-de-Niteroi-scaled.jpg","keywords":["Arboriza\u00e7\u00e3o Urbana","arvores","encontro","evento","flores","Leste Fluminense","Meio ambiente","Niter\u00f3i","VI Encontro Fluminense"],"articleSection":["Leste Fluminense","Niter\u00f3i"],"inLanguage":"en-US","potentialAction":[{"@type":"CommentAction","name":"Comment","target":["https:\/\/folhadoleste.com.br\/vi-encontro-fluminense-de-arborizacao-urbana-sera-realizado-em-niteroi\/#respond"]}]},{"@type":"WebPage","@id":"https:\/\/folhadoleste.com.br\/vi-encontro-fluminense-de-arborizacao-urbana-sera-realizado-em-niteroi\/","url":"https:\/\/folhadoleste.com.br\/vi-encontro-fluminense-de-arborizacao-urbana-sera-realizado-em-niteroi\/","name":"VI Encontro Fluminense de Arboriza\u00e7\u00e3o Urbana ser\u00e1 realizado em Niter\u00f3i","isPartOf":{"@id":"https:\/\/folhadoleste.com.br\/#website"},"primaryImageOfPage":{"@id":"https:\/\/folhadoleste.com.br\/vi-encontro-fluminense-de-arborizacao-urbana-sera-realizado-em-niteroi\/#primaryimage"},"image":{"@id":"https:\/\/folhadoleste.com.br\/vi-encontro-fluminense-de-arborizacao-urbana-sera-realizado-em-niteroi\/#primaryimage"},"thumbnailUrl":"https:\/\/folhadoleste.com.br\/wp-content\/uploads\/2023\/11\/VI-Encontro-Fluminense-de-Arborizacao-Urbana-sera-realizado-em-Niteroi-2-Foto-Divulgacao-Prefeitura-de-Niteroi-scaled.jpg","datePublished":"2023-11-04T11:00:21+00:00","description":"VI Encontro Fluminense de Arboriza\u00e7\u00e3o Urbana ser\u00e1 realizado em Niter\u00f3i...","breadcrumb":{"@id":"https:\/\/folhadoleste.com.br\/vi-encontro-fluminense-de-arborizacao-urbana-sera-realizado-em-niteroi\/#breadcrumb"},"inLanguage":"en-US","potentialAction":[{"@type":"ReadAction","target":["https:\/\/folhadoleste.com.br\/vi-encontro-fluminense-de-arborizacao-urbana-sera-realizado-em-niteroi\/"]}]},{"@type":"ImageObject","inLanguage":"en-US","@id":"https:\/\/folhadoleste.com.br\/vi-encontro-fluminense-de-arborizacao-urbana-sera-realizado-em-niteroi\/#primaryimage","url":"https:\/\/folhadoleste.com.br\/wp-content\/uploads\/2023\/11\/VI-Encontro-Fluminense-de-Arborizacao-Urbana-sera-realizado-em-Niteroi-2-Foto-Divulgacao-Prefeitura-de-Niteroi-scaled.jpg","contentUrl":"https:\/\/folhadoleste.com.br\/wp-content\/uploads\/2023\/11\/VI-Encontro-Fluminense-de-Arborizacao-Urbana-sera-realizado-em-Niteroi-2-Foto-Divulgacao-Prefeitura-de-Niteroi-scaled.jpg","width":2560,"height":1707,"caption":"Foto: Divulga\u00e7\u00e3o - Prefeitura de Niter\u00f3i"},{"@type":"BreadcrumbList","@id":"https:\/\/folhadoleste.com.br\/vi-encontro-fluminense-de-arborizacao-urbana-sera-realizado-em-niteroi\/#breadcrumb","itemListElement":[{"@type":"ListItem","position":1,"name":"In\u00edcio","item":"https:\/\/folhadoleste.com.br\/"},{"@type":"ListItem","position":2,"name":"Estado do Rio de Janeiro","item":"https:\/\/folhadoleste.com.br\/category\/estado-do-rio-de-janeiro\/"},{"@type":"ListItem","position":3,"name":"Leste Fluminense","item":"https:\/\/folhadoleste.com.br\/category\/estado-do-rio-de-janeiro\/leste-fluminense\/"},{"@type":"ListItem","position":4,"name":"Niter\u00f3i","item":"https:\/\/folhadoleste.com.br\/category\/estado-do-rio-de-janeiro\/leste-fluminense\/noticias-de-niteroi\/"},{"@type":"ListItem","position":5,"name":"VI Encontro Fluminense de Arboriza\u00e7\u00e3o Urbana ser\u00e1 realizado em Niter\u00f3i"}]},{"@type":"WebSite","@id":"https:\/\/folhadoleste.com.br\/#website","url":"https:\/\/folhadoleste.com.br\/","name":"Folha do Leste","description":"Portal de Not\u00edcias com \u00eanfase em Niter\u00f3i, criando conte\u00fados desde a capital Rio de Janeiro, com olhar para o Leste Fluminense e suas cidades como S\u00e3o Gon\u00e7alo, Itabora\u00ed, Rio Bonito, Maric\u00e1, Saquarema e Araruama","publisher":{"@id":"https:\/\/folhadoleste.com.br\/#organization"},"alternateName":"FL","potentialAction":[{"@type":"SearchAction","target":{"@type":"EntryPoint","urlTemplate":"https:\/\/folhadoleste.com.br\/?s={search_term_string}"},"query-input":{"@type":"PropertyValueSpecification","valueRequired":true,"valueName":"search_term_string"}}],"inLanguage":"en-US"},{"@type":"Organization","@id":"https:\/\/folhadoleste.com.br\/#organization","name":"Brasil 21 Comunica\u00e7\u00e3o","alternateName":"BR21","url":"https:\/\/folhadoleste.com.br\/","logo":{"@type":"ImageObject","inLanguage":"en-US","@id":"https:\/\/folhadoleste.com.br\/#\/schema\/logo\/image\/","url":"https:\/\/folhadoleste.com.br\/wp-content\/uploads\/2025\/12\/brasil-21-logomarca.avif","contentUrl":"https:\/\/folhadoleste.com.br\/wp-content\/uploads\/2025\/12\/brasil-21-logomarca.avif","width":1044,"height":1044,"caption":"Brasil 21 Comunica\u00e7\u00e3o"},"image":{"@id":"https:\/\/folhadoleste.com.br\/#\/schema\/logo\/image\/"},"sameAs":["https:\/\/www.facebook.com\/folhadoleste","https:\/\/x.com\/FolhadoLesteRJ","https:\/\/www.instagram.com\/folhadoleste\/"]},{"@type":"Person","@id":"https:\/\/folhadoleste.com.br\/#\/schema\/person\/3e97145b2e1861276e84471aa85a3899","name":"Folha do Leste","image":{"@type":"ImageObject","inLanguage":"en-US","@id":"https:\/\/folhadoleste.com.br\/wp-content\/litespeed\/avatar\/1ca8c218432e7045e748610eb3db0259.jpg?ver=1777161142","url":"https:\/\/folhadoleste.com.br\/wp-content\/litespeed\/avatar\/1ca8c218432e7045e748610eb3db0259.jpg?ver=1777161142","contentUrl":"https:\/\/folhadoleste.com.br\/wp-content\/litespeed\/avatar\/1ca8c218432e7045e748610eb3db0259.jpg?ver=1777161142","caption":"Folha do Leste"},"url":"https:\/\/folhadoleste.com.br\/en\/author\/reportagem-01\/"}]}},"_links":{"self":[{"href":"https:\/\/folhadoleste.com.br\/en\/wp-json\/wp\/v2\/posts\/34127","targetHints":{"allow":["GET"]}}],"collection":[{"href":"https:\/\/folhadoleste.com.br\/en\/wp-json\/wp\/v2\/posts"}],"about":[{"href":"https:\/\/folhadoleste.com.br\/en\/wp-json\/wp\/v2\/types\/post"}],"author":[{"embeddable":true,"href":"https:\/\/folhadoleste.com.br\/en\/wp-json\/wp\/v2\/users\/4"}],"replies":[{"embeddable":true,"href":"https:\/\/folhadoleste.com.br\/en\/wp-json\/wp\/v2\/comments?post=34127"}],"version-history":[{"count":1,"href":"https:\/\/folhadoleste.com.br\/en\/wp-json\/wp\/v2\/posts\/34127\/revisions"}],"predecessor-version":[{"id":34132,"href":"https:\/\/folhadoleste.com.br\/en\/wp-json\/wp\/v2\/posts\/34127\/revisions\/34132"}],"wp:featuredmedia":[{"embeddable":true,"href":"https:\/\/folhadoleste.com.br\/en\/wp-json\/wp\/v2\/media\/34130"}],"wp:attachment":[{"href":"https:\/\/folhadoleste.com.br\/en\/wp-json\/wp\/v2\/media?parent=34127"}],"wp:term":[{"taxonomy":"category","embeddable":true,"href":"https:\/\/folhadoleste.com.br\/en\/wp-json\/wp\/v2\/categories?post=34127"},{"taxonomy":"post_tag","embeddable":true,"href":"https:\/\/folhadoleste.com.br\/en\/wp-json\/wp\/v2\/tags?post=34127"}],"curies":[{"name":"wp","href":"https:\/\/api.w.org\/{rel}","templated":true}]}}