{"id":3345,"date":"2023-04-26T20:51:28","date_gmt":"2023-04-26T23:51:28","guid":{"rendered":"https:\/\/folhadoleste.com.br\/?p=3345"},"modified":"2023-04-26T20:51:28","modified_gmt":"2023-04-26T23:51:28","slug":"gui-schwab-faz-show-gratuito-nesta-quinta-27","status":"publish","type":"post","link":"https:\/\/folhadoleste.com.br\/en\/gui-schwab-faz-show-gratuito-nesta-quinta-27\/","title":{"rendered":"Gui Schwab faz show gratuito nesta quinta (27)"},"content":{"rendered":"<p>Comemorando seus 40 anos, Gui Schwab realizar\u00e1 o show &#8220;Respirar&#8221; na Sala Nelson Pereira dos Santos, nesta quinta-feira (27), a partir das 20h. Niter\u00f3i vai poder curtir o som desse artista da cidade, que conquistou o Brasil. O show \u00e9 gratuito e contar\u00e1 com entrada solid\u00e1ria.<\/p>\n<p>Guilherme Schwab \u00e9 cantor, compositor, produtor, e multi-instrumentista. O artista ficou conhecido nacionalmente em 2014, quando se apresentou na TV Globo como integrante da banda Suricato.<\/p>\n<p>&nbsp;<\/p>\n<p>Dono de um estilo inconfund\u00edvel, ele se apresenta com instrumentos de v\u00e1rias partes do mundo como Weissenborn (viol\u00e3o Havaiano), Hang Drum (instrumento de percuss\u00e3o su\u00ed\u00e7o), Ukulele, Viola Caipira, Stomp Box (Percuss\u00e3o de p\u00e9), Didgeridoo (Instrumento de sopro abor\u00edgene australiano), al\u00e9m de guitarra, gaita e viol\u00e3o.<\/p>\n<p>Em 2015, com o grupo, tocou no Rock in Rio, fez ainda mais sucesso com a can\u00e7\u00e3o &#8220;Trem&#8221; nas r\u00e1dios, conquistou um Grammy Latino de Melhor \u00c1lbum de Rock Brasileiro com &#8220;Sol-te&#8221; e emplacou can\u00e7\u00f5es em trilhas sonoras de novelas. A experi\u00eancia o levou a acompanhar, como instrumentista, grandes nomes da cena musical brasileira e internacional em palcos, est\u00fadios, programas de TV e trilhas sonoras. Alguns destaques s\u00e3o as suas contribui\u00e7\u00f5es para as produ\u00e7\u00f5es &#8220;S.O.S Mulheres ao Mar 2&#8221;, &#8220;Tempo de Amar&#8221;, &#8220;Gabriela&#8221;, &#8220;\u00cata Mundo Bom&#8221;, &#8220;MR. Brau&#8221; e o programa televisivo &#8220;\u00c9 de Casa&#8221;.<\/p>\n<p>Lan\u00e7ou o disco &#8220;Tempo dos Sonhos&#8221; em 2020 com repert\u00f3rio autoral e uma releitura do cl\u00e1ssico &#8220;Tocando em Frente&#8221; de Almir Sater e Renato Teixeira. Com arranjos solares e refr\u00f5es marcantes o \u00e1lbum reitera o talento de Schwab como autor e int\u00e9rprete e mostra sua capacidade de traduzir sonoridades pouco comuns para o universo Pop.<\/p>\n<p><b>Servi\u00e7o<\/b><\/p>\n<p>Evento: Show &#8220;Respirar&#8221;, de Gui Schwab<br \/>\nData: Quinta-feira, dia 27 de abril de 2023<br \/>\nHor\u00e1rio: 20h<br \/>\nIngressos: Entrada solid\u00e1ria &#8211; por meio de doa\u00e7\u00e3o de 1kg de alimento n\u00e3o perec\u00edvel.<br \/>\nClassifica\u00e7\u00e3o Indicativa: livre<\/p>\n<p>Local: Sala Nelson Pereira dos Santos<br \/>\nEnd.: Av. Visconde do Rio Branco, 880 &#8211; S\u00e3o Domingos, Niter\u00f3i<\/p>\n<p>&nbsp;<\/p>\n<p>&nbsp;<\/p>\n<p><em>Fonte: Cultura Niter\u00f3i<\/em><\/p>","protected":false},"excerpt":{"rendered":"<p>Comemorando seus 40 anos, Gui Schwab realizar\u00e1 o show &#8220;Respirar&#8221; na Sala Nelson Pereira dos Santos, nesta quinta-feira (27), a partir das 20h. Niter\u00f3i vai poder curtir o som desse artista da cidade, que conquistou o Brasil. O show \u00e9 gratuito e contar\u00e1 com entrada solid\u00e1ria. Guilherme Schwab \u00e9 cantor, compositor, produtor, e multi-instrumentista. O artista ficou conhecido nacionalmente em 2014, quando se apresentou na TV Globo como integrante da banda Suricato. &nbsp; Dono de um estilo inconfund\u00edvel, ele se apresenta com instrumentos de v\u00e1rias partes do mundo como Weissenborn (viol\u00e3o Havaiano), Hang Drum (instrumento de percuss\u00e3o su\u00ed\u00e7o), Ukulele, Viola [&hellip;]<\/p>\n","protected":false},"author":4,"featured_media":3346,"comment_status":"open","ping_status":"open","sticky":false,"template":"","format":"standard","meta":{"footnotes":""},"categories":[86,83,5],"tags":[2155,537,2154,50,257,1369],"class_list":["post-3345","post","type-post","status-publish","format-standard","has-post-thumbnail","hentry","category-cultura","category-entretenimento-artes-e-cultura-destaque","category-noticias-de-niteroi","tag-entrada-solidparia","tag-gratis","tag-gui-schwab","tag-niteroi","tag-sala-nelson-pereira-dos-santos","tag-show","post--single"],"yoast_head":"<!-- This site is optimized with the Yoast SEO plugin v27.5 - https:\/\/yoast.com\/product\/yoast-seo-wordpress\/ -->\n<title>Gui Schwab faz show gratuito nesta quinta (27) &#8226; Folha do Leste<\/title>\n<meta name=\"description\" content=\"Guilherme Schwab \u00e9 cantor, compositor, produtor, e multi-instrumentista. Em 2015, com o grupo &quot;Suricato&quot;, tocou no Rock in Rio.\" \/>\n<meta name=\"robots\" content=\"index, follow, max-snippet:-1, max-image-preview:large, max-video-preview:-1\" \/>\n<link rel=\"canonical\" href=\"https:\/\/folhadoleste.com.br\/en\/gui-schwab-faz-show-gratuito-nesta-quinta-27\/\" \/>\n<meta property=\"og:locale\" content=\"en_US\" \/>\n<meta property=\"og:type\" content=\"article\" \/>\n<meta property=\"og:title\" content=\"Gui Schwab faz show gratuito nesta quinta (27) &#8226; Folha do Leste\" \/>\n<meta property=\"og:description\" content=\"Guilherme Schwab \u00e9 cantor, compositor, produtor, e multi-instrumentista. Em 2015, com o grupo &quot;Suricato&quot;, tocou no Rock in Rio.\" \/>\n<meta property=\"og:url\" content=\"https:\/\/folhadoleste.com.br\/en\/gui-schwab-faz-show-gratuito-nesta-quinta-27\/\" \/>\n<meta property=\"og:site_name\" content=\"Folha do Leste\" \/>\n<meta property=\"article:publisher\" content=\"https:\/\/www.facebook.com\/folhadoleste\" \/>\n<meta property=\"article:published_time\" content=\"2023-04-26T23:51:28+00:00\" \/>\n<meta property=\"og:image\" content=\"https:\/\/folhadoleste.com.br\/wp-content\/uploads\/2023\/04\/Gui-Schwab.jpg\" \/>\n\t<meta property=\"og:image:width\" content=\"800\" \/>\n\t<meta property=\"og:image:height\" content=\"420\" \/>\n\t<meta property=\"og:image:type\" content=\"image\/jpeg\" \/>\n<meta name=\"author\" content=\"Folha do Leste\" \/>\n<meta name=\"twitter:card\" content=\"summary_large_image\" \/>\n<meta name=\"twitter:creator\" content=\"@FolhadoLesteRJ\" \/>\n<meta name=\"twitter:site\" content=\"@FolhadoLesteRJ\" \/>\n<meta name=\"twitter:label1\" content=\"Written by\" \/>\n\t<meta name=\"twitter:data1\" content=\"Folha do Leste\" \/>\n\t<meta name=\"twitter:label2\" content=\"Est. reading time\" \/>\n\t<meta name=\"twitter:data2\" content=\"2 minutes\" \/>\n<script type=\"application\/ld+json\" class=\"yoast-schema-graph\">{\"@context\":\"https:\\\/\\\/schema.org\",\"@graph\":[{\"@type\":\"NewsArticle\",\"@id\":\"https:\\\/\\\/folhadoleste.com.br\\\/gui-schwab-faz-show-gratuito-nesta-quinta-27\\\/#article\",\"isPartOf\":{\"@id\":\"https:\\\/\\\/folhadoleste.com.br\\\/gui-schwab-faz-show-gratuito-nesta-quinta-27\\\/\"},\"author\":{\"name\":\"Folha do Leste\",\"@id\":\"https:\\\/\\\/folhadoleste.com.br\\\/#\\\/schema\\\/person\\\/3e97145b2e1861276e84471aa85a3899\"},\"headline\":\"Gui Schwab faz show gratuito nesta quinta (27)\",\"datePublished\":\"2023-04-26T23:51:28+00:00\",\"mainEntityOfPage\":{\"@id\":\"https:\\\/\\\/folhadoleste.com.br\\\/gui-schwab-faz-show-gratuito-nesta-quinta-27\\\/\"},\"wordCount\":355,\"commentCount\":0,\"publisher\":{\"@id\":\"https:\\\/\\\/folhadoleste.com.br\\\/#organization\"},\"image\":{\"@id\":\"https:\\\/\\\/folhadoleste.com.br\\\/gui-schwab-faz-show-gratuito-nesta-quinta-27\\\/#primaryimage\"},\"thumbnailUrl\":\"https:\\\/\\\/folhadoleste.com.br\\\/wp-content\\\/uploads\\\/2023\\\/04\\\/Gui-Schwab.jpg\",\"keywords\":[\"entrada solid\u00b4paria\",\"gr\u00e1tis\",\"Gui Schwab\",\"Niter\u00f3i\",\"Sala Nelson Pereira dos Santos\",\"show\"],\"articleSection\":[\"Cultura\",\"Entretenimento, Artes e Cultura\",\"Niter\u00f3i\"],\"inLanguage\":\"en-US\",\"potentialAction\":[{\"@type\":\"CommentAction\",\"name\":\"Comment\",\"target\":[\"https:\\\/\\\/folhadoleste.com.br\\\/gui-schwab-faz-show-gratuito-nesta-quinta-27\\\/#respond\"]}]},{\"@type\":\"WebPage\",\"@id\":\"https:\\\/\\\/folhadoleste.com.br\\\/gui-schwab-faz-show-gratuito-nesta-quinta-27\\\/\",\"url\":\"https:\\\/\\\/folhadoleste.com.br\\\/gui-schwab-faz-show-gratuito-nesta-quinta-27\\\/\",\"name\":\"Gui Schwab faz show gratuito nesta quinta (27) &#8226; Folha do Leste\",\"isPartOf\":{\"@id\":\"https:\\\/\\\/folhadoleste.com.br\\\/#website\"},\"primaryImageOfPage\":{\"@id\":\"https:\\\/\\\/folhadoleste.com.br\\\/gui-schwab-faz-show-gratuito-nesta-quinta-27\\\/#primaryimage\"},\"image\":{\"@id\":\"https:\\\/\\\/folhadoleste.com.br\\\/gui-schwab-faz-show-gratuito-nesta-quinta-27\\\/#primaryimage\"},\"thumbnailUrl\":\"https:\\\/\\\/folhadoleste.com.br\\\/wp-content\\\/uploads\\\/2023\\\/04\\\/Gui-Schwab.jpg\",\"datePublished\":\"2023-04-26T23:51:28+00:00\",\"description\":\"Guilherme Schwab \u00e9 cantor, compositor, produtor, e multi-instrumentista. Em 2015, com o grupo \\\"Suricato\\\", tocou no Rock in Rio.\",\"breadcrumb\":{\"@id\":\"https:\\\/\\\/folhadoleste.com.br\\\/gui-schwab-faz-show-gratuito-nesta-quinta-27\\\/#breadcrumb\"},\"inLanguage\":\"en-US\",\"potentialAction\":[{\"@type\":\"ReadAction\",\"target\":[\"https:\\\/\\\/folhadoleste.com.br\\\/gui-schwab-faz-show-gratuito-nesta-quinta-27\\\/\"]}]},{\"@type\":\"ImageObject\",\"inLanguage\":\"en-US\",\"@id\":\"https:\\\/\\\/folhadoleste.com.br\\\/gui-schwab-faz-show-gratuito-nesta-quinta-27\\\/#primaryimage\",\"url\":\"https:\\\/\\\/folhadoleste.com.br\\\/wp-content\\\/uploads\\\/2023\\\/04\\\/Gui-Schwab.jpg\",\"contentUrl\":\"https:\\\/\\\/folhadoleste.com.br\\\/wp-content\\\/uploads\\\/2023\\\/04\\\/Gui-Schwab.jpg\",\"width\":800,\"height\":420},{\"@type\":\"BreadcrumbList\",\"@id\":\"https:\\\/\\\/folhadoleste.com.br\\\/gui-schwab-faz-show-gratuito-nesta-quinta-27\\\/#breadcrumb\",\"itemListElement\":[{\"@type\":\"ListItem\",\"position\":1,\"name\":\"In\u00edcio\",\"item\":\"https:\\\/\\\/folhadoleste.com.br\\\/\"},{\"@type\":\"ListItem\",\"position\":2,\"name\":\"Entretenimento, Artes e Cultura\",\"item\":\"https:\\\/\\\/folhadoleste.com.br\\\/category\\\/entretenimento-artes-e-cultura-destaque\\\/\"},{\"@type\":\"ListItem\",\"position\":3,\"name\":\"Cultura\",\"item\":\"https:\\\/\\\/folhadoleste.com.br\\\/category\\\/entretenimento-artes-e-cultura-destaque\\\/cultura\\\/\"},{\"@type\":\"ListItem\",\"position\":4,\"name\":\"Gui Schwab faz show gratuito nesta quinta (27)\"}]},{\"@type\":\"WebSite\",\"@id\":\"https:\\\/\\\/folhadoleste.com.br\\\/#website\",\"url\":\"https:\\\/\\\/folhadoleste.com.br\\\/\",\"name\":\"Folha do Leste\",\"description\":\"Portal de Not\u00edcias com \u00eanfase em Niter\u00f3i, criando conte\u00fados desde a capital Rio de Janeiro, com olhar para o Leste Fluminense e suas cidades como S\u00e3o Gon\u00e7alo, Itabora\u00ed, Rio Bonito, Maric\u00e1, Saquarema e Araruama\",\"publisher\":{\"@id\":\"https:\\\/\\\/folhadoleste.com.br\\\/#organization\"},\"alternateName\":\"FL\",\"potentialAction\":[{\"@type\":\"SearchAction\",\"target\":{\"@type\":\"EntryPoint\",\"urlTemplate\":\"https:\\\/\\\/folhadoleste.com.br\\\/?s={search_term_string}\"},\"query-input\":{\"@type\":\"PropertyValueSpecification\",\"valueRequired\":true,\"valueName\":\"search_term_string\"}}],\"inLanguage\":\"en-US\"},{\"@type\":\"Organization\",\"@id\":\"https:\\\/\\\/folhadoleste.com.br\\\/#organization\",\"name\":\"Brasil 21 Comunica\u00e7\u00e3o\",\"alternateName\":\"BR21\",\"url\":\"https:\\\/\\\/folhadoleste.com.br\\\/\",\"logo\":{\"@type\":\"ImageObject\",\"inLanguage\":\"en-US\",\"@id\":\"https:\\\/\\\/folhadoleste.com.br\\\/#\\\/schema\\\/logo\\\/image\\\/\",\"url\":\"https:\\\/\\\/folhadoleste.com.br\\\/wp-content\\\/uploads\\\/2025\\\/12\\\/brasil-21-logomarca.avif\",\"contentUrl\":\"https:\\\/\\\/folhadoleste.com.br\\\/wp-content\\\/uploads\\\/2025\\\/12\\\/brasil-21-logomarca.avif\",\"width\":1044,\"height\":1044,\"caption\":\"Brasil 21 Comunica\u00e7\u00e3o\"},\"image\":{\"@id\":\"https:\\\/\\\/folhadoleste.com.br\\\/#\\\/schema\\\/logo\\\/image\\\/\"},\"sameAs\":[\"https:\\\/\\\/www.facebook.com\\\/folhadoleste\",\"https:\\\/\\\/x.com\\\/FolhadoLesteRJ\",\"https:\\\/\\\/www.instagram.com\\\/folhadoleste\\\/\"]},{\"@type\":\"Person\",\"@id\":\"https:\\\/\\\/folhadoleste.com.br\\\/#\\\/schema\\\/person\\\/3e97145b2e1861276e84471aa85a3899\",\"name\":\"Folha do Leste\",\"image\":{\"@type\":\"ImageObject\",\"inLanguage\":\"en-US\",\"@id\":\"https:\\\/\\\/folhadoleste.com.br\\\/wp-content\\\/litespeed\\\/avatar\\\/1ca8c218432e7045e748610eb3db0259.jpg?ver=1777161142\",\"url\":\"https:\\\/\\\/folhadoleste.com.br\\\/wp-content\\\/litespeed\\\/avatar\\\/1ca8c218432e7045e748610eb3db0259.jpg?ver=1777161142\",\"contentUrl\":\"https:\\\/\\\/folhadoleste.com.br\\\/wp-content\\\/litespeed\\\/avatar\\\/1ca8c218432e7045e748610eb3db0259.jpg?ver=1777161142\",\"caption\":\"Folha do Leste\"},\"url\":\"https:\\\/\\\/folhadoleste.com.br\\\/en\\\/author\\\/reportagem-01\\\/\"}]}<\/script>\n<!-- \/ Yoast SEO plugin. -->","yoast_head_json":{"title":"Gui Schwab faz show gratuito nesta quinta (27) &#8226; Folha do Leste","description":"Guilherme Schwab \u00e9 cantor, compositor, produtor, e multi-instrumentista. Em 2015, com o grupo \"Suricato\", tocou no Rock in Rio.","robots":{"index":"index","follow":"follow","max-snippet":"max-snippet:-1","max-image-preview":"max-image-preview:large","max-video-preview":"max-video-preview:-1"},"canonical":"https:\/\/folhadoleste.com.br\/en\/gui-schwab-faz-show-gratuito-nesta-quinta-27\/","og_locale":"en_US","og_type":"article","og_title":"Gui Schwab faz show gratuito nesta quinta (27) &#8226; Folha do Leste","og_description":"Guilherme Schwab \u00e9 cantor, compositor, produtor, e multi-instrumentista. Em 2015, com o grupo \"Suricato\", tocou no Rock in Rio.","og_url":"https:\/\/folhadoleste.com.br\/en\/gui-schwab-faz-show-gratuito-nesta-quinta-27\/","og_site_name":"Folha do Leste","article_publisher":"https:\/\/www.facebook.com\/folhadoleste","article_published_time":"2023-04-26T23:51:28+00:00","og_image":[{"width":800,"height":420,"url":"https:\/\/folhadoleste.com.br\/wp-content\/uploads\/2023\/04\/Gui-Schwab.jpg","type":"image\/jpeg"}],"author":"Folha do Leste","twitter_card":"summary_large_image","twitter_creator":"@FolhadoLesteRJ","twitter_site":"@FolhadoLesteRJ","twitter_misc":{"Written by":"Folha do Leste","Est. reading time":"2 minutes"},"schema":{"@context":"https:\/\/schema.org","@graph":[{"@type":"NewsArticle","@id":"https:\/\/folhadoleste.com.br\/gui-schwab-faz-show-gratuito-nesta-quinta-27\/#article","isPartOf":{"@id":"https:\/\/folhadoleste.com.br\/gui-schwab-faz-show-gratuito-nesta-quinta-27\/"},"author":{"name":"Folha do Leste","@id":"https:\/\/folhadoleste.com.br\/#\/schema\/person\/3e97145b2e1861276e84471aa85a3899"},"headline":"Gui Schwab faz show gratuito nesta quinta (27)","datePublished":"2023-04-26T23:51:28+00:00","mainEntityOfPage":{"@id":"https:\/\/folhadoleste.com.br\/gui-schwab-faz-show-gratuito-nesta-quinta-27\/"},"wordCount":355,"commentCount":0,"publisher":{"@id":"https:\/\/folhadoleste.com.br\/#organization"},"image":{"@id":"https:\/\/folhadoleste.com.br\/gui-schwab-faz-show-gratuito-nesta-quinta-27\/#primaryimage"},"thumbnailUrl":"https:\/\/folhadoleste.com.br\/wp-content\/uploads\/2023\/04\/Gui-Schwab.jpg","keywords":["entrada solid\u00b4paria","gr\u00e1tis","Gui Schwab","Niter\u00f3i","Sala Nelson Pereira dos Santos","show"],"articleSection":["Cultura","Entretenimento, Artes e Cultura","Niter\u00f3i"],"inLanguage":"en-US","potentialAction":[{"@type":"CommentAction","name":"Comment","target":["https:\/\/folhadoleste.com.br\/gui-schwab-faz-show-gratuito-nesta-quinta-27\/#respond"]}]},{"@type":"WebPage","@id":"https:\/\/folhadoleste.com.br\/gui-schwab-faz-show-gratuito-nesta-quinta-27\/","url":"https:\/\/folhadoleste.com.br\/gui-schwab-faz-show-gratuito-nesta-quinta-27\/","name":"Gui Schwab faz show gratuito nesta quinta (27) &#8226; Folha do Leste","isPartOf":{"@id":"https:\/\/folhadoleste.com.br\/#website"},"primaryImageOfPage":{"@id":"https:\/\/folhadoleste.com.br\/gui-schwab-faz-show-gratuito-nesta-quinta-27\/#primaryimage"},"image":{"@id":"https:\/\/folhadoleste.com.br\/gui-schwab-faz-show-gratuito-nesta-quinta-27\/#primaryimage"},"thumbnailUrl":"https:\/\/folhadoleste.com.br\/wp-content\/uploads\/2023\/04\/Gui-Schwab.jpg","datePublished":"2023-04-26T23:51:28+00:00","description":"Guilherme Schwab \u00e9 cantor, compositor, produtor, e multi-instrumentista. Em 2015, com o grupo \"Suricato\", tocou no Rock in Rio.","breadcrumb":{"@id":"https:\/\/folhadoleste.com.br\/gui-schwab-faz-show-gratuito-nesta-quinta-27\/#breadcrumb"},"inLanguage":"en-US","potentialAction":[{"@type":"ReadAction","target":["https:\/\/folhadoleste.com.br\/gui-schwab-faz-show-gratuito-nesta-quinta-27\/"]}]},{"@type":"ImageObject","inLanguage":"en-US","@id":"https:\/\/folhadoleste.com.br\/gui-schwab-faz-show-gratuito-nesta-quinta-27\/#primaryimage","url":"https:\/\/folhadoleste.com.br\/wp-content\/uploads\/2023\/04\/Gui-Schwab.jpg","contentUrl":"https:\/\/folhadoleste.com.br\/wp-content\/uploads\/2023\/04\/Gui-Schwab.jpg","width":800,"height":420},{"@type":"BreadcrumbList","@id":"https:\/\/folhadoleste.com.br\/gui-schwab-faz-show-gratuito-nesta-quinta-27\/#breadcrumb","itemListElement":[{"@type":"ListItem","position":1,"name":"In\u00edcio","item":"https:\/\/folhadoleste.com.br\/"},{"@type":"ListItem","position":2,"name":"Entretenimento, Artes e Cultura","item":"https:\/\/folhadoleste.com.br\/category\/entretenimento-artes-e-cultura-destaque\/"},{"@type":"ListItem","position":3,"name":"Cultura","item":"https:\/\/folhadoleste.com.br\/category\/entretenimento-artes-e-cultura-destaque\/cultura\/"},{"@type":"ListItem","position":4,"name":"Gui Schwab faz show gratuito nesta quinta (27)"}]},{"@type":"WebSite","@id":"https:\/\/folhadoleste.com.br\/#website","url":"https:\/\/folhadoleste.com.br\/","name":"Folha do Leste","description":"Portal de Not\u00edcias com \u00eanfase em Niter\u00f3i, criando conte\u00fados desde a capital Rio de Janeiro, com olhar para o Leste Fluminense e suas cidades como S\u00e3o Gon\u00e7alo, Itabora\u00ed, Rio Bonito, Maric\u00e1, Saquarema e Araruama","publisher":{"@id":"https:\/\/folhadoleste.com.br\/#organization"},"alternateName":"FL","potentialAction":[{"@type":"SearchAction","target":{"@type":"EntryPoint","urlTemplate":"https:\/\/folhadoleste.com.br\/?s={search_term_string}"},"query-input":{"@type":"PropertyValueSpecification","valueRequired":true,"valueName":"search_term_string"}}],"inLanguage":"en-US"},{"@type":"Organization","@id":"https:\/\/folhadoleste.com.br\/#organization","name":"Brasil 21 Comunica\u00e7\u00e3o","alternateName":"BR21","url":"https:\/\/folhadoleste.com.br\/","logo":{"@type":"ImageObject","inLanguage":"en-US","@id":"https:\/\/folhadoleste.com.br\/#\/schema\/logo\/image\/","url":"https:\/\/folhadoleste.com.br\/wp-content\/uploads\/2025\/12\/brasil-21-logomarca.avif","contentUrl":"https:\/\/folhadoleste.com.br\/wp-content\/uploads\/2025\/12\/brasil-21-logomarca.avif","width":1044,"height":1044,"caption":"Brasil 21 Comunica\u00e7\u00e3o"},"image":{"@id":"https:\/\/folhadoleste.com.br\/#\/schema\/logo\/image\/"},"sameAs":["https:\/\/www.facebook.com\/folhadoleste","https:\/\/x.com\/FolhadoLesteRJ","https:\/\/www.instagram.com\/folhadoleste\/"]},{"@type":"Person","@id":"https:\/\/folhadoleste.com.br\/#\/schema\/person\/3e97145b2e1861276e84471aa85a3899","name":"Folha do Leste","image":{"@type":"ImageObject","inLanguage":"en-US","@id":"https:\/\/folhadoleste.com.br\/wp-content\/litespeed\/avatar\/1ca8c218432e7045e748610eb3db0259.jpg?ver=1777161142","url":"https:\/\/folhadoleste.com.br\/wp-content\/litespeed\/avatar\/1ca8c218432e7045e748610eb3db0259.jpg?ver=1777161142","contentUrl":"https:\/\/folhadoleste.com.br\/wp-content\/litespeed\/avatar\/1ca8c218432e7045e748610eb3db0259.jpg?ver=1777161142","caption":"Folha do Leste"},"url":"https:\/\/folhadoleste.com.br\/en\/author\/reportagem-01\/"}]}},"_links":{"self":[{"href":"https:\/\/folhadoleste.com.br\/en\/wp-json\/wp\/v2\/posts\/3345","targetHints":{"allow":["GET"]}}],"collection":[{"href":"https:\/\/folhadoleste.com.br\/en\/wp-json\/wp\/v2\/posts"}],"about":[{"href":"https:\/\/folhadoleste.com.br\/en\/wp-json\/wp\/v2\/types\/post"}],"author":[{"embeddable":true,"href":"https:\/\/folhadoleste.com.br\/en\/wp-json\/wp\/v2\/users\/4"}],"replies":[{"embeddable":true,"href":"https:\/\/folhadoleste.com.br\/en\/wp-json\/wp\/v2\/comments?post=3345"}],"version-history":[{"count":1,"href":"https:\/\/folhadoleste.com.br\/en\/wp-json\/wp\/v2\/posts\/3345\/revisions"}],"predecessor-version":[{"id":3347,"href":"https:\/\/folhadoleste.com.br\/en\/wp-json\/wp\/v2\/posts\/3345\/revisions\/3347"}],"wp:featuredmedia":[{"embeddable":true,"href":"https:\/\/folhadoleste.com.br\/en\/wp-json\/wp\/v2\/media\/3346"}],"wp:attachment":[{"href":"https:\/\/folhadoleste.com.br\/en\/wp-json\/wp\/v2\/media?parent=3345"}],"wp:term":[{"taxonomy":"category","embeddable":true,"href":"https:\/\/folhadoleste.com.br\/en\/wp-json\/wp\/v2\/categories?post=3345"},{"taxonomy":"post_tag","embeddable":true,"href":"https:\/\/folhadoleste.com.br\/en\/wp-json\/wp\/v2\/tags?post=3345"}],"curies":[{"name":"wp","href":"https:\/\/api.w.org\/{rel}","templated":true}]}}