{"id":32784,"date":"2023-10-26T09:53:07","date_gmt":"2023-10-26T12:53:07","guid":{"rendered":"https:\/\/folhadoleste.com.br\/?p=32784"},"modified":"2023-10-26T09:53:07","modified_gmt":"2023-10-26T12:53:07","slug":"rebeca-andrade-e-flavia-saraiva-brilham-na-trave-e-fazem-dobradinha-no-pan","status":"publish","type":"post","link":"https:\/\/folhadoleste.com.br\/en\/rebeca-andrade-e-flavia-saraiva-brilham-na-trave-e-fazem-dobradinha-no-pan\/","title":{"rendered":"Rebeca Andrade e Fl\u00e1via Saraiva brilham na trave e fazem dobradinha no Pan"},"content":{"rendered":"<div id=\"attachment_32788\" style=\"width: 1210px\" class=\"wp-caption aligncenter\"><img decoding=\"async\" aria-describedby=\"caption-attachment-32788\" class=\"size-full wp-image-32788\" src=\"https:\/\/folhadoleste.com.br\/wp-content\/uploads\/2023\/10\/Rebeca-Andrade-e-Flavia-Saraiva-brilham-na-trave-e-fazem-dobradinha-no-Pan-Foto-Martin-Bernetti-AFP.webp\" alt=\"Rebeca Andrade e Fl\u00e1via Saraiva brilham na trave e fazem dobradinha no Pan\" width=\"1200\" height=\"750\" \/><p id=\"caption-attachment-32788\" class=\"wp-caption-text\">Foto: Martin Bernetti &#8211; AFP<\/p><\/div>\n<p>Em sua \u00faltima participa\u00e7\u00e3o nos Jogos Pan-Americanos de Santiago, no Chile, Rebeca Andrade mais uma vez se consagra no cen\u00e1rio da gin\u00e1stica. Ap\u00f3s encerrar um jejum de 16 anos sem medalha de ouro para a gin\u00e1stica feminina do Brasil nos Jogos Pan-Americanos, ao se sagrar campe\u00e3 do salto, a guarulhense de 24 anos mostrou sua supremacia ao conquistar tamb\u00e9m o primeiro lugar na trave nesta quarta-feira.<\/p>\n<p>Fl\u00e1via Saraiva, conhecida como Flavinha, tamb\u00e9m brilhou no p\u00f3dio, garantindo a medalha de prata na trave. J\u00e1 a canadense Ava Stewart ficou com o bronze.<\/p>\n<h5><a href=\"https:\/\/folhadoleste.com.br\/en\/category\/esportes\/\"><strong>\u201cLeia mais not\u00edcias sobre Esportes Aqui\u201d<\/strong><\/a><\/h5>\n<p>A competi\u00e7\u00e3o teve in\u00edcio com uma bel\u00edssima apresenta\u00e7\u00e3o de Flavinha, que liderou a disputa ao receber uma nota de 14,033 dos jurados. Por\u00e9m, Rebeca Andrade superou sua compatriota com uma performance ainda melhor, garantindo a ponta ao anotar 14,166. Stewart, por sua vez, somou 13,900.<\/p>\n<p>\u00c9 importante ressaltar que Rebeca competiu em seu primeiro Pan, apenas tr\u00eas semanas depois de ter conquistado p\u00f3dios em todas as categorias do Mundial de Gin\u00e1stica da Antu\u00e9rpia. Devido ao desgaste, a atleta foi poupada do solo e, consequentemente, n\u00e3o esteve na final do individual geral. Mesmo assim, foi fundamental na conquista da prata por equipes e no salto, ao realizar um &#8220;cheng&#8221; impressionante.<\/p>\n<h5><a href=\"https:\/\/folhadoleste.com.br\/en\/category\/esportes\/\"><strong>\u201cLeia mais not\u00edcias sobre Esportes Aqui\u201d<\/strong><\/a><\/h5>\n<p>Em entrevista, Rebeca expressou sua felicidade e orgulho por sua performance no Pan. Ela destacou a import\u00e2ncia de competir confiante e preparada, e afirmou estar satisfeita com seu desempenho no primeiro Pan. A ginasta tamb\u00e9m ressaltou a divers\u00e3o que teve durante as competi\u00e7\u00f5es e afirmou que seu objetivo \u00e9 aproveitar esses momentos da melhor maneira poss\u00edvel.<\/p>\n<p>Fl\u00e1via Saraiva, por sua vez, acumulou mais medalhas em sua participa\u00e7\u00e3o no Pan de Santiago. Al\u00e9m da prata por equipes, a atleta conquistou a prata no individual geral e o bronze nas barras assim\u00e9tricas.<\/p>\n<h4>Nory garante a prata<\/h4>\n<p>Na disputa masculina, a final do salto tamb\u00e9m rendeu uma medalha para o Brasil. Arthur Nory conquistou a prata, com a mesma pontua\u00e7\u00e3o do dominicano Audrys Nin Reys, que ficou com o ouro devido ao crit\u00e9rio de desempate. Felix Dolci, do Canad\u00e1, garantiu a terceira coloca\u00e7\u00e3o, enquanto o brasileiro Yuri Guimar\u00e3es ficou em quarto.<\/p>\n<p>&nbsp;<\/p>\n<p><a href=\"https:\/\/www.instagram.com\/folhadoleste\/\"><img decoding=\"async\" class=\"aligncenter wp-image-15962\" src=\"https:\/\/folhadoleste.com.br\/wp-content\/uploads\/2023\/07\/instagram.jpg.webp\" alt=\"Itaipu-Itaipua\u00e7u: Caminh\u00e3o causa grave acidente na RJ-102, a estrada da Serrinha\" width=\"49\" height=\"49\" \/><\/a><a href=\"https:\/\/www.facebook.com\/folhadoleste\"><img decoding=\"async\" class=\"aligncenter wp-image-7424\" src=\"https:\/\/folhadoleste.com.br\/wp-content\/uploads\/2023\/05\/facebook-logo-3-1.png.webp\" alt=\"Itaipu-Itaipua\u00e7u: Caminh\u00e3o causa grave acidente na RJ-102, a estrada da Serrinha\" width=\"49\" height=\"49\" \/><\/a><\/p>","protected":false},"excerpt":{"rendered":"<p>Em sua \u00faltima participa\u00e7\u00e3o nos Jogos Pan-Americanos de Santiago, no Chile, Rebeca Andrade mais uma vez se consagra no cen\u00e1rio da gin\u00e1stica. Ap\u00f3s encerrar um jejum de 16 anos sem medalha de ouro para a gin\u00e1stica feminina do Brasil nos Jogos Pan-Americanos, ao se sagrar campe\u00e3 do salto, a guarulhense de 24 anos mostrou sua supremacia ao conquistar tamb\u00e9m o primeiro lugar na trave nesta quarta-feira. Fl\u00e1via Saraiva, conhecida como Flavinha, tamb\u00e9m brilhou no p\u00f3dio, garantindo a medalha de prata na trave. J\u00e1 a canadense Ava Stewart ficou com o bronze. \u201cLeia mais not\u00edcias sobre Esportes Aqui\u201d A competi\u00e7\u00e3o teve [&hellip;]<\/p>\n","protected":false},"author":4,"featured_media":32788,"comment_status":"open","ping_status":"open","sticky":false,"template":"","format":"standard","meta":{"footnotes":""},"categories":[48],"tags":[1552,105,11771,476,13506,13567,3594,5705,13720,6705,11763,13719],"class_list":["post-32784","post","type-post","status-publish","format-standard","has-post-thumbnail","hentry","category-esportes","tag-chile","tag-esportes","tag-flavia-saraiva","tag-ginastica","tag-jogos-pan-americanos","tag-jogos-pan-americanos-2023","tag-medalha","tag-ouro","tag-pan","tag-prata","tag-rebeca-andrade","tag-santiago","post--single"],"yoast_head":"<!-- This site is optimized with the Yoast SEO plugin v27.5 - https:\/\/yoast.com\/product\/yoast-seo-wordpress\/ -->\n<title>Rebeca Andrade e Fl\u00e1via Saraiva brilham na trave e fazem dobradinha no Pan<\/title>\n<meta name=\"description\" content=\"Rebeca Andrade e Fl\u00e1via Saraiva brilham na trave e fazem dobradinha no Pan...\" \/>\n<meta name=\"robots\" content=\"index, follow, max-snippet:-1, max-image-preview:large, max-video-preview:-1\" \/>\n<link rel=\"canonical\" href=\"https:\/\/folhadoleste.com.br\/en\/rebeca-andrade-e-flavia-saraiva-brilham-na-trave-e-fazem-dobradinha-no-pan\/\" \/>\n<meta property=\"og:locale\" content=\"en_US\" \/>\n<meta property=\"og:type\" content=\"article\" \/>\n<meta property=\"og:title\" content=\"Rebeca Andrade e Fl\u00e1via Saraiva brilham na trave e fazem dobradinha no Pan\" \/>\n<meta property=\"og:description\" content=\"Esportes &#8226; Folha do Leste\" \/>\n<meta property=\"og:url\" content=\"https:\/\/folhadoleste.com.br\/en\/rebeca-andrade-e-flavia-saraiva-brilham-na-trave-e-fazem-dobradinha-no-pan\/\" \/>\n<meta property=\"og:site_name\" content=\"Folha do Leste\" \/>\n<meta property=\"article:publisher\" content=\"https:\/\/www.facebook.com\/folhadoleste\" \/>\n<meta property=\"article:published_time\" content=\"2023-10-26T12:53:07+00:00\" \/>\n<meta property=\"og:image\" content=\"https:\/\/folhadoleste.com.br\/wp-content\/uploads\/2023\/10\/Rebeca-Andrade-e-Flavia-Saraiva-brilham-na-trave-e-fazem-dobradinha-no-Pan-Foto-Martin-Bernetti-AFP.webp\" \/>\n\t<meta property=\"og:image:width\" content=\"1200\" \/>\n\t<meta property=\"og:image:height\" content=\"750\" \/>\n\t<meta property=\"og:image:type\" content=\"image\/webp\" \/>\n<meta name=\"author\" content=\"Folha do Leste\" \/>\n<meta name=\"twitter:card\" content=\"summary_large_image\" \/>\n<meta name=\"twitter:creator\" content=\"@FolhadoLesteRJ\" \/>\n<meta name=\"twitter:site\" content=\"@FolhadoLesteRJ\" \/>\n<meta name=\"twitter:label1\" content=\"Written by\" \/>\n\t<meta name=\"twitter:data1\" content=\"Folha do Leste\" \/>\n\t<meta name=\"twitter:label2\" content=\"Est. reading time\" \/>\n\t<meta name=\"twitter:data2\" content=\"3 minutes\" \/>\n<script type=\"application\/ld+json\" class=\"yoast-schema-graph\">{\"@context\":\"https:\\\/\\\/schema.org\",\"@graph\":[{\"@type\":\"NewsArticle\",\"@id\":\"https:\\\/\\\/folhadoleste.com.br\\\/rebeca-andrade-e-flavia-saraiva-brilham-na-trave-e-fazem-dobradinha-no-pan\\\/#article\",\"isPartOf\":{\"@id\":\"https:\\\/\\\/folhadoleste.com.br\\\/rebeca-andrade-e-flavia-saraiva-brilham-na-trave-e-fazem-dobradinha-no-pan\\\/\"},\"author\":{\"name\":\"Folha do Leste\",\"@id\":\"https:\\\/\\\/folhadoleste.com.br\\\/#\\\/schema\\\/person\\\/3e97145b2e1861276e84471aa85a3899\"},\"headline\":\"Rebeca Andrade e Fl\u00e1via Saraiva brilham na trave e fazem dobradinha no Pan\",\"datePublished\":\"2023-10-26T12:53:07+00:00\",\"mainEntityOfPage\":{\"@id\":\"https:\\\/\\\/folhadoleste.com.br\\\/rebeca-andrade-e-flavia-saraiva-brilham-na-trave-e-fazem-dobradinha-no-pan\\\/\"},\"wordCount\":415,\"commentCount\":0,\"publisher\":{\"@id\":\"https:\\\/\\\/folhadoleste.com.br\\\/#organization\"},\"image\":{\"@id\":\"https:\\\/\\\/folhadoleste.com.br\\\/rebeca-andrade-e-flavia-saraiva-brilham-na-trave-e-fazem-dobradinha-no-pan\\\/#primaryimage\"},\"thumbnailUrl\":\"https:\\\/\\\/folhadoleste.com.br\\\/wp-content\\\/uploads\\\/2023\\\/10\\\/Rebeca-Andrade-e-Flavia-Saraiva-brilham-na-trave-e-fazem-dobradinha-no-Pan-Foto-Martin-Bernetti-AFP.webp\",\"keywords\":[\"Chile\",\"Esportes\",\"Fl\u00e1via Saraiva\",\"gin\u00e1stica\",\"Jogos Pan-Americanos\",\"Jogos Pan-Americanos 2023\",\"medalha\",\"ouro\",\"Pan\",\"prata\",\"Rebeca Andrade\",\"Santiago\"],\"articleSection\":[\"Esportes\"],\"inLanguage\":\"en-US\",\"potentialAction\":[{\"@type\":\"CommentAction\",\"name\":\"Comment\",\"target\":[\"https:\\\/\\\/folhadoleste.com.br\\\/rebeca-andrade-e-flavia-saraiva-brilham-na-trave-e-fazem-dobradinha-no-pan\\\/#respond\"]}]},{\"@type\":\"WebPage\",\"@id\":\"https:\\\/\\\/folhadoleste.com.br\\\/rebeca-andrade-e-flavia-saraiva-brilham-na-trave-e-fazem-dobradinha-no-pan\\\/\",\"url\":\"https:\\\/\\\/folhadoleste.com.br\\\/rebeca-andrade-e-flavia-saraiva-brilham-na-trave-e-fazem-dobradinha-no-pan\\\/\",\"name\":\"Rebeca Andrade e Fl\u00e1via Saraiva brilham na trave e fazem dobradinha no Pan\",\"isPartOf\":{\"@id\":\"https:\\\/\\\/folhadoleste.com.br\\\/#website\"},\"primaryImageOfPage\":{\"@id\":\"https:\\\/\\\/folhadoleste.com.br\\\/rebeca-andrade-e-flavia-saraiva-brilham-na-trave-e-fazem-dobradinha-no-pan\\\/#primaryimage\"},\"image\":{\"@id\":\"https:\\\/\\\/folhadoleste.com.br\\\/rebeca-andrade-e-flavia-saraiva-brilham-na-trave-e-fazem-dobradinha-no-pan\\\/#primaryimage\"},\"thumbnailUrl\":\"https:\\\/\\\/folhadoleste.com.br\\\/wp-content\\\/uploads\\\/2023\\\/10\\\/Rebeca-Andrade-e-Flavia-Saraiva-brilham-na-trave-e-fazem-dobradinha-no-Pan-Foto-Martin-Bernetti-AFP.webp\",\"datePublished\":\"2023-10-26T12:53:07+00:00\",\"description\":\"Rebeca Andrade e Fl\u00e1via Saraiva brilham na trave e fazem dobradinha no Pan...\",\"breadcrumb\":{\"@id\":\"https:\\\/\\\/folhadoleste.com.br\\\/rebeca-andrade-e-flavia-saraiva-brilham-na-trave-e-fazem-dobradinha-no-pan\\\/#breadcrumb\"},\"inLanguage\":\"en-US\",\"potentialAction\":[{\"@type\":\"ReadAction\",\"target\":[\"https:\\\/\\\/folhadoleste.com.br\\\/rebeca-andrade-e-flavia-saraiva-brilham-na-trave-e-fazem-dobradinha-no-pan\\\/\"]}]},{\"@type\":\"ImageObject\",\"inLanguage\":\"en-US\",\"@id\":\"https:\\\/\\\/folhadoleste.com.br\\\/rebeca-andrade-e-flavia-saraiva-brilham-na-trave-e-fazem-dobradinha-no-pan\\\/#primaryimage\",\"url\":\"https:\\\/\\\/folhadoleste.com.br\\\/wp-content\\\/uploads\\\/2023\\\/10\\\/Rebeca-Andrade-e-Flavia-Saraiva-brilham-na-trave-e-fazem-dobradinha-no-Pan-Foto-Martin-Bernetti-AFP.webp\",\"contentUrl\":\"https:\\\/\\\/folhadoleste.com.br\\\/wp-content\\\/uploads\\\/2023\\\/10\\\/Rebeca-Andrade-e-Flavia-Saraiva-brilham-na-trave-e-fazem-dobradinha-no-Pan-Foto-Martin-Bernetti-AFP.webp\",\"width\":1200,\"height\":750,\"caption\":\"Foto: Martin Bernetti - AFP\"},{\"@type\":\"BreadcrumbList\",\"@id\":\"https:\\\/\\\/folhadoleste.com.br\\\/rebeca-andrade-e-flavia-saraiva-brilham-na-trave-e-fazem-dobradinha-no-pan\\\/#breadcrumb\",\"itemListElement\":[{\"@type\":\"ListItem\",\"position\":1,\"name\":\"In\u00edcio\",\"item\":\"https:\\\/\\\/folhadoleste.com.br\\\/\"},{\"@type\":\"ListItem\",\"position\":2,\"name\":\"Esportes\",\"item\":\"https:\\\/\\\/folhadoleste.com.br\\\/category\\\/esportes\\\/\"},{\"@type\":\"ListItem\",\"position\":3,\"name\":\"Rebeca Andrade e Fl\u00e1via Saraiva brilham na trave e fazem dobradinha no Pan\"}]},{\"@type\":\"WebSite\",\"@id\":\"https:\\\/\\\/folhadoleste.com.br\\\/#website\",\"url\":\"https:\\\/\\\/folhadoleste.com.br\\\/\",\"name\":\"Folha do Leste\",\"description\":\"Portal de Not\u00edcias com \u00eanfase em Niter\u00f3i, criando conte\u00fados desde a capital Rio de Janeiro, com olhar para o Leste Fluminense e suas cidades como S\u00e3o Gon\u00e7alo, Itabora\u00ed, Rio Bonito, Maric\u00e1, Saquarema e Araruama\",\"publisher\":{\"@id\":\"https:\\\/\\\/folhadoleste.com.br\\\/#organization\"},\"alternateName\":\"FL\",\"potentialAction\":[{\"@type\":\"SearchAction\",\"target\":{\"@type\":\"EntryPoint\",\"urlTemplate\":\"https:\\\/\\\/folhadoleste.com.br\\\/?s={search_term_string}\"},\"query-input\":{\"@type\":\"PropertyValueSpecification\",\"valueRequired\":true,\"valueName\":\"search_term_string\"}}],\"inLanguage\":\"en-US\"},{\"@type\":\"Organization\",\"@id\":\"https:\\\/\\\/folhadoleste.com.br\\\/#organization\",\"name\":\"Brasil 21 Comunica\u00e7\u00e3o\",\"alternateName\":\"BR21\",\"url\":\"https:\\\/\\\/folhadoleste.com.br\\\/\",\"logo\":{\"@type\":\"ImageObject\",\"inLanguage\":\"en-US\",\"@id\":\"https:\\\/\\\/folhadoleste.com.br\\\/#\\\/schema\\\/logo\\\/image\\\/\",\"url\":\"https:\\\/\\\/folhadoleste.com.br\\\/wp-content\\\/uploads\\\/2025\\\/12\\\/brasil-21-logomarca.avif\",\"contentUrl\":\"https:\\\/\\\/folhadoleste.com.br\\\/wp-content\\\/uploads\\\/2025\\\/12\\\/brasil-21-logomarca.avif\",\"width\":1044,\"height\":1044,\"caption\":\"Brasil 21 Comunica\u00e7\u00e3o\"},\"image\":{\"@id\":\"https:\\\/\\\/folhadoleste.com.br\\\/#\\\/schema\\\/logo\\\/image\\\/\"},\"sameAs\":[\"https:\\\/\\\/www.facebook.com\\\/folhadoleste\",\"https:\\\/\\\/x.com\\\/FolhadoLesteRJ\",\"https:\\\/\\\/www.instagram.com\\\/folhadoleste\\\/\"]},{\"@type\":\"Person\",\"@id\":\"https:\\\/\\\/folhadoleste.com.br\\\/#\\\/schema\\\/person\\\/3e97145b2e1861276e84471aa85a3899\",\"name\":\"Folha do Leste\",\"image\":{\"@type\":\"ImageObject\",\"inLanguage\":\"en-US\",\"@id\":\"https:\\\/\\\/folhadoleste.com.br\\\/wp-content\\\/litespeed\\\/avatar\\\/1ca8c218432e7045e748610eb3db0259.jpg?ver=1777161142\",\"url\":\"https:\\\/\\\/folhadoleste.com.br\\\/wp-content\\\/litespeed\\\/avatar\\\/1ca8c218432e7045e748610eb3db0259.jpg?ver=1777161142\",\"contentUrl\":\"https:\\\/\\\/folhadoleste.com.br\\\/wp-content\\\/litespeed\\\/avatar\\\/1ca8c218432e7045e748610eb3db0259.jpg?ver=1777161142\",\"caption\":\"Folha do Leste\"},\"url\":\"https:\\\/\\\/folhadoleste.com.br\\\/en\\\/author\\\/reportagem-01\\\/\"}]}<\/script>\n<!-- \/ Yoast SEO plugin. -->","yoast_head_json":{"title":"Rebeca Andrade e Fl\u00e1via Saraiva brilham na trave e fazem dobradinha no Pan","description":"Rebeca Andrade e Fl\u00e1via Saraiva brilham na trave e fazem dobradinha no Pan...","robots":{"index":"index","follow":"follow","max-snippet":"max-snippet:-1","max-image-preview":"max-image-preview:large","max-video-preview":"max-video-preview:-1"},"canonical":"https:\/\/folhadoleste.com.br\/en\/rebeca-andrade-e-flavia-saraiva-brilham-na-trave-e-fazem-dobradinha-no-pan\/","og_locale":"en_US","og_type":"article","og_title":"Rebeca Andrade e Fl\u00e1via Saraiva brilham na trave e fazem dobradinha no Pan","og_description":"Esportes &#8226; Folha do Leste","og_url":"https:\/\/folhadoleste.com.br\/en\/rebeca-andrade-e-flavia-saraiva-brilham-na-trave-e-fazem-dobradinha-no-pan\/","og_site_name":"Folha do Leste","article_publisher":"https:\/\/www.facebook.com\/folhadoleste","article_published_time":"2023-10-26T12:53:07+00:00","og_image":[{"width":1200,"height":750,"url":"https:\/\/folhadoleste.com.br\/wp-content\/uploads\/2023\/10\/Rebeca-Andrade-e-Flavia-Saraiva-brilham-na-trave-e-fazem-dobradinha-no-Pan-Foto-Martin-Bernetti-AFP.webp","type":"image\/webp"}],"author":"Folha do Leste","twitter_card":"summary_large_image","twitter_creator":"@FolhadoLesteRJ","twitter_site":"@FolhadoLesteRJ","twitter_misc":{"Written by":"Folha do Leste","Est. reading time":"3 minutes"},"schema":{"@context":"https:\/\/schema.org","@graph":[{"@type":"NewsArticle","@id":"https:\/\/folhadoleste.com.br\/rebeca-andrade-e-flavia-saraiva-brilham-na-trave-e-fazem-dobradinha-no-pan\/#article","isPartOf":{"@id":"https:\/\/folhadoleste.com.br\/rebeca-andrade-e-flavia-saraiva-brilham-na-trave-e-fazem-dobradinha-no-pan\/"},"author":{"name":"Folha do Leste","@id":"https:\/\/folhadoleste.com.br\/#\/schema\/person\/3e97145b2e1861276e84471aa85a3899"},"headline":"Rebeca Andrade e Fl\u00e1via Saraiva brilham na trave e fazem dobradinha no Pan","datePublished":"2023-10-26T12:53:07+00:00","mainEntityOfPage":{"@id":"https:\/\/folhadoleste.com.br\/rebeca-andrade-e-flavia-saraiva-brilham-na-trave-e-fazem-dobradinha-no-pan\/"},"wordCount":415,"commentCount":0,"publisher":{"@id":"https:\/\/folhadoleste.com.br\/#organization"},"image":{"@id":"https:\/\/folhadoleste.com.br\/rebeca-andrade-e-flavia-saraiva-brilham-na-trave-e-fazem-dobradinha-no-pan\/#primaryimage"},"thumbnailUrl":"https:\/\/folhadoleste.com.br\/wp-content\/uploads\/2023\/10\/Rebeca-Andrade-e-Flavia-Saraiva-brilham-na-trave-e-fazem-dobradinha-no-Pan-Foto-Martin-Bernetti-AFP.webp","keywords":["Chile","Esportes","Fl\u00e1via Saraiva","gin\u00e1stica","Jogos Pan-Americanos","Jogos Pan-Americanos 2023","medalha","ouro","Pan","prata","Rebeca Andrade","Santiago"],"articleSection":["Esportes"],"inLanguage":"en-US","potentialAction":[{"@type":"CommentAction","name":"Comment","target":["https:\/\/folhadoleste.com.br\/rebeca-andrade-e-flavia-saraiva-brilham-na-trave-e-fazem-dobradinha-no-pan\/#respond"]}]},{"@type":"WebPage","@id":"https:\/\/folhadoleste.com.br\/rebeca-andrade-e-flavia-saraiva-brilham-na-trave-e-fazem-dobradinha-no-pan\/","url":"https:\/\/folhadoleste.com.br\/rebeca-andrade-e-flavia-saraiva-brilham-na-trave-e-fazem-dobradinha-no-pan\/","name":"Rebeca Andrade e Fl\u00e1via Saraiva brilham na trave e fazem dobradinha no Pan","isPartOf":{"@id":"https:\/\/folhadoleste.com.br\/#website"},"primaryImageOfPage":{"@id":"https:\/\/folhadoleste.com.br\/rebeca-andrade-e-flavia-saraiva-brilham-na-trave-e-fazem-dobradinha-no-pan\/#primaryimage"},"image":{"@id":"https:\/\/folhadoleste.com.br\/rebeca-andrade-e-flavia-saraiva-brilham-na-trave-e-fazem-dobradinha-no-pan\/#primaryimage"},"thumbnailUrl":"https:\/\/folhadoleste.com.br\/wp-content\/uploads\/2023\/10\/Rebeca-Andrade-e-Flavia-Saraiva-brilham-na-trave-e-fazem-dobradinha-no-Pan-Foto-Martin-Bernetti-AFP.webp","datePublished":"2023-10-26T12:53:07+00:00","description":"Rebeca Andrade e Fl\u00e1via Saraiva brilham na trave e fazem dobradinha no Pan...","breadcrumb":{"@id":"https:\/\/folhadoleste.com.br\/rebeca-andrade-e-flavia-saraiva-brilham-na-trave-e-fazem-dobradinha-no-pan\/#breadcrumb"},"inLanguage":"en-US","potentialAction":[{"@type":"ReadAction","target":["https:\/\/folhadoleste.com.br\/rebeca-andrade-e-flavia-saraiva-brilham-na-trave-e-fazem-dobradinha-no-pan\/"]}]},{"@type":"ImageObject","inLanguage":"en-US","@id":"https:\/\/folhadoleste.com.br\/rebeca-andrade-e-flavia-saraiva-brilham-na-trave-e-fazem-dobradinha-no-pan\/#primaryimage","url":"https:\/\/folhadoleste.com.br\/wp-content\/uploads\/2023\/10\/Rebeca-Andrade-e-Flavia-Saraiva-brilham-na-trave-e-fazem-dobradinha-no-Pan-Foto-Martin-Bernetti-AFP.webp","contentUrl":"https:\/\/folhadoleste.com.br\/wp-content\/uploads\/2023\/10\/Rebeca-Andrade-e-Flavia-Saraiva-brilham-na-trave-e-fazem-dobradinha-no-Pan-Foto-Martin-Bernetti-AFP.webp","width":1200,"height":750,"caption":"Foto: Martin Bernetti - AFP"},{"@type":"BreadcrumbList","@id":"https:\/\/folhadoleste.com.br\/rebeca-andrade-e-flavia-saraiva-brilham-na-trave-e-fazem-dobradinha-no-pan\/#breadcrumb","itemListElement":[{"@type":"ListItem","position":1,"name":"In\u00edcio","item":"https:\/\/folhadoleste.com.br\/"},{"@type":"ListItem","position":2,"name":"Esportes","item":"https:\/\/folhadoleste.com.br\/category\/esportes\/"},{"@type":"ListItem","position":3,"name":"Rebeca Andrade e Fl\u00e1via Saraiva brilham na trave e fazem dobradinha no Pan"}]},{"@type":"WebSite","@id":"https:\/\/folhadoleste.com.br\/#website","url":"https:\/\/folhadoleste.com.br\/","name":"Folha do Leste","description":"Portal de Not\u00edcias com \u00eanfase em Niter\u00f3i, criando conte\u00fados desde a capital Rio de Janeiro, com olhar para o Leste Fluminense e suas cidades como S\u00e3o Gon\u00e7alo, Itabora\u00ed, Rio Bonito, Maric\u00e1, Saquarema e Araruama","publisher":{"@id":"https:\/\/folhadoleste.com.br\/#organization"},"alternateName":"FL","potentialAction":[{"@type":"SearchAction","target":{"@type":"EntryPoint","urlTemplate":"https:\/\/folhadoleste.com.br\/?s={search_term_string}"},"query-input":{"@type":"PropertyValueSpecification","valueRequired":true,"valueName":"search_term_string"}}],"inLanguage":"en-US"},{"@type":"Organization","@id":"https:\/\/folhadoleste.com.br\/#organization","name":"Brasil 21 Comunica\u00e7\u00e3o","alternateName":"BR21","url":"https:\/\/folhadoleste.com.br\/","logo":{"@type":"ImageObject","inLanguage":"en-US","@id":"https:\/\/folhadoleste.com.br\/#\/schema\/logo\/image\/","url":"https:\/\/folhadoleste.com.br\/wp-content\/uploads\/2025\/12\/brasil-21-logomarca.avif","contentUrl":"https:\/\/folhadoleste.com.br\/wp-content\/uploads\/2025\/12\/brasil-21-logomarca.avif","width":1044,"height":1044,"caption":"Brasil 21 Comunica\u00e7\u00e3o"},"image":{"@id":"https:\/\/folhadoleste.com.br\/#\/schema\/logo\/image\/"},"sameAs":["https:\/\/www.facebook.com\/folhadoleste","https:\/\/x.com\/FolhadoLesteRJ","https:\/\/www.instagram.com\/folhadoleste\/"]},{"@type":"Person","@id":"https:\/\/folhadoleste.com.br\/#\/schema\/person\/3e97145b2e1861276e84471aa85a3899","name":"Folha do Leste","image":{"@type":"ImageObject","inLanguage":"en-US","@id":"https:\/\/folhadoleste.com.br\/wp-content\/litespeed\/avatar\/1ca8c218432e7045e748610eb3db0259.jpg?ver=1777161142","url":"https:\/\/folhadoleste.com.br\/wp-content\/litespeed\/avatar\/1ca8c218432e7045e748610eb3db0259.jpg?ver=1777161142","contentUrl":"https:\/\/folhadoleste.com.br\/wp-content\/litespeed\/avatar\/1ca8c218432e7045e748610eb3db0259.jpg?ver=1777161142","caption":"Folha do Leste"},"url":"https:\/\/folhadoleste.com.br\/en\/author\/reportagem-01\/"}]}},"_links":{"self":[{"href":"https:\/\/folhadoleste.com.br\/en\/wp-json\/wp\/v2\/posts\/32784","targetHints":{"allow":["GET"]}}],"collection":[{"href":"https:\/\/folhadoleste.com.br\/en\/wp-json\/wp\/v2\/posts"}],"about":[{"href":"https:\/\/folhadoleste.com.br\/en\/wp-json\/wp\/v2\/types\/post"}],"author":[{"embeddable":true,"href":"https:\/\/folhadoleste.com.br\/en\/wp-json\/wp\/v2\/users\/4"}],"replies":[{"embeddable":true,"href":"https:\/\/folhadoleste.com.br\/en\/wp-json\/wp\/v2\/comments?post=32784"}],"version-history":[{"count":1,"href":"https:\/\/folhadoleste.com.br\/en\/wp-json\/wp\/v2\/posts\/32784\/revisions"}],"predecessor-version":[{"id":32789,"href":"https:\/\/folhadoleste.com.br\/en\/wp-json\/wp\/v2\/posts\/32784\/revisions\/32789"}],"wp:featuredmedia":[{"embeddable":true,"href":"https:\/\/folhadoleste.com.br\/en\/wp-json\/wp\/v2\/media\/32788"}],"wp:attachment":[{"href":"https:\/\/folhadoleste.com.br\/en\/wp-json\/wp\/v2\/media?parent=32784"}],"wp:term":[{"taxonomy":"category","embeddable":true,"href":"https:\/\/folhadoleste.com.br\/en\/wp-json\/wp\/v2\/categories?post=32784"},{"taxonomy":"post_tag","embeddable":true,"href":"https:\/\/folhadoleste.com.br\/en\/wp-json\/wp\/v2\/tags?post=32784"}],"curies":[{"name":"wp","href":"https:\/\/api.w.org\/{rel}","templated":true}]}}