{"id":32779,"date":"2023-10-26T09:46:42","date_gmt":"2023-10-26T12:46:42","guid":{"rendered":"https:\/\/folhadoleste.com.br\/?p=32779"},"modified":"2023-10-26T09:46:42","modified_gmt":"2023-10-26T12:46:42","slug":"camara-aprova-projeto-de-lei-de-taxacao-para-super-ricos","status":"publish","type":"post","link":"https:\/\/folhadoleste.com.br\/en\/camara-aprova-projeto-de-lei-de-taxacao-para-super-ricos\/","title":{"rendered":"C\u00e2mara aprova projeto de lei de taxa\u00e7\u00e3o para super-ricos"},"content":{"rendered":"<div id=\"attachment_32781\" style=\"width: 1180px\" class=\"wp-caption aligncenter\"><img decoding=\"async\" aria-describedby=\"caption-attachment-32781\" class=\"size-full wp-image-32781\" src=\"https:\/\/folhadoleste.com.br\/wp-content\/uploads\/2023\/10\/Camara-aprova-projeto-de-lei-de-taxacao-para-super-ricos-Foto-Lula-Marques-Agencia-Brasil.webp\" alt=\"C\u00e2mara aprova projeto de lei de taxa\u00e7\u00e3o para super-ricos\" width=\"1170\" height=\"700\" \/><p id=\"caption-attachment-32781\" class=\"wp-caption-text\">Foto: Lula Marques &#8211; Ag\u00eancia Brasil<\/p><\/div>\n<p>Por 323 votos a favor, 119 contra e uma absten\u00e7\u00e3o, a C\u00e2mara dos Deputados aprovou nesta quarta-feira (25) o projeto de lei de taxa\u00e7\u00e3o dos super-ricos. A proposta antecipa a cobran\u00e7a de Imposto de Renda de fundos exclusivos e passa a taxar aplica\u00e7\u00f5es em\u00a0<em>offshores<\/em>, empresas no exterior que abrigam investimentos.<img decoding=\"async\" src=\"https:\/\/agenciabrasil.ebc.com.br\/ebc.png?id=1562910&amp;o=node\" \/><img decoding=\"async\" src=\"https:\/\/agenciabrasil.ebc.com.br\/ebc.gif?id=1562910&amp;o=node\" \/><\/p>\n<p>Ap\u00f3s a vota\u00e7\u00e3o do texto principal, todos os destaques foram rejeitados. Agora, segue para o Senado.<\/p>\n<p>Inicialmente prevista para ter\u00e7a-feira (24), a vota\u00e7\u00e3o do projeto, que trancava a pauta da C\u00e2mara desde o dia 14, foi adiada para esta quarta. A aprova\u00e7\u00e3o ocorreu no dia em que o presidente Luiz In\u00e1cio Lula da Silva anunciou a nomea\u00e7\u00e3o de Carlos Ant\u00f4nio Vieira Fernandes para a presid\u00eancia da Caixa Econ\u00f4mica Federal. Ele entra no lugar de Rita Serrano, que deixou o cargo.<\/p>\n<h4><a href=\"https:\/\/folhadoleste.com.br\/en\/category\/brasil\/\">\u201cLeia mais not\u00edcias sobre Brasil aqui\u201d<\/a><\/h4>\n<p>O projeto foi aprovado com v\u00e1rias mudan\u00e7as. O relator, deputado Pedro Paulo (PSD-RJ), concordou em elevar, de 6% para 8%, a al\u00edquota para quem antecipar, tanto nos fundos exclusivos como nas\u00a0<em>offshores<\/em>, a atualiza\u00e7\u00e3o de valor dos rendimentos acumulados at\u00e9 agora. Originalmente, o governo tinha proposto 10%.<\/p>\n<p>Em rela\u00e7\u00e3o \u00e0s\u00a0<em>offshores<\/em>, o relator fixou uma al\u00edquota linear de 15% sobre os rendimentos. O governo originalmente tinha proposto al\u00edquotas de 0% a 22,5% conforme os rendimentos anuais. O relator alegou que a diferen\u00e7a de al\u00edquotas entre os fundos exclusivos de longo prazo (15%) e os 22,5% para as offshores geraria o efeito contr\u00e1rio do que o governo pretendia e provocaria fuga de capitais do Brasil, com super-ricos mudando de domic\u00edlio fiscal.<\/p>\n<h4>Impacto<\/h4>\n<p>As mudan\u00e7as far\u00e3o o governo arrecadar menos que o previsto. Pela proposta original, o governo tinha a pretens\u00e3o de refor\u00e7ar o caixa em R$ 20 bilh\u00f5es em 2024 e em at\u00e9 R$ 54 bilh\u00f5es at\u00e9 2026. A equipe econ\u00f4mica ainda n\u00e3o divulgou uma estimativa de receitas com as novas vota\u00e7\u00f5es.<\/p>\n<p>O governo precisa refor\u00e7ar o caixa em R$ 168 bilh\u00f5es para cumprir a meta de zerar o d\u00e9ficit prim\u00e1rio em 2024, conforme estipulado pelo novo arcabou\u00e7o fiscal, aprovado no fim de agosto pelo Congresso. A tributa\u00e7\u00e3o dos super-ricos representa uma das medidas mais importantes para obter receitas.<\/p>\n<h4>Fundos agr\u00edcolas e imobili\u00e1rios<\/h4>\n<p>O relator da proposta, deputado Pedro Paulo (PSD-RJ), fechou um acordo com a bancada ruralista sobre o aumento no n\u00famero de cotistas nos Fiagros, fundos de investimento em cadeias agroindustriais. O n\u00famero m\u00ednimo de cotistas para que os Fiagros e os fundos de investimentos imobili\u00e1rios, regidos pela mesma legisla\u00e7\u00e3o, obtenham isen\u00e7\u00e3o de Imposto de Renda, saltou de 50 para 100.<\/p>\n<p>O governo tinha proposto m\u00ednimo de 500 cotistas e, na semana passada, fez uma contraproposta de 300 cotistas. O relator tamb\u00e9m criou uma trava para limitar as cotas entre parentes a 30% do patrim\u00f4nio l\u00edquido do fundo, incluindo parentes de segundo grau.<\/p>\n<p>Pedro Paulo tamb\u00e9m acatou uma sugest\u00e3o para que empresas que operem no pa\u00eds com ativos virtuais, independentemente do domic\u00edlio, passem a ser obrigadas a fornecer informa\u00e7\u00f5es peri\u00f3dicas de suas atividades e de seus clientes \u00e0 Receita Federal e ao Conselho de Controle de Atividades Financeiras (Coaf), \u00f3rg\u00e3o que combate a lavagem de dinheiro.<\/p>\n<h4>Defini\u00e7\u00f5es<\/h4>\n<p>Instrumentos personalizados de investimentos, com um \u00fanico cotista, os fundos exclusivos exigem pelo menos R$ 10 milh\u00f5es de entrada e taxa de manuten\u00e7\u00e3o de R$ 150 mil por ano. Atualmente, apenas 2,5 mil brasileiros aplicam nesses fundos, que acumulam patrim\u00f4nio de R$ 756,8 bilh\u00f5es e respondem por 12,3% da ind\u00fastria de fundos no pa\u00eds.<\/p>\n<p>Atualmente, os fundos exclusivos pagam Imposto de Renda (IR), mas apenas no momento do resgate e com tabela regressiva, quanto mais tempo de aplica\u00e7\u00e3o, menor o imposto. O governo quer igualar os fundos exclusivos aos demais fundos de investimento, com cobran\u00e7a semestral de IR conhecida como come-cotas. Al\u00e9m disso, quem antecipar o pagamento do imposto pagar\u00e1 al\u00edquotas mais baixas.<\/p>\n<p>Em rela\u00e7\u00e3o \u00e0 taxa\u00e7\u00e3o das\u00a0<em>offshores<\/em>, o governo quer instituir a tributa\u00e7\u00e3o de\u00a0<em>trusts<\/em>, instrumentos pelos quais os investidores entregam os bens para terceiros administrarem. Atualmente, os recursos no exterior s\u00e3o tributados apenas e se o capital retorna ao Brasil. O governo estima em pouco mais de R$ 1 trilh\u00e3o (pouco mais de US$ 200 bilh\u00f5es) o valor aplicado por pessoas f\u00edsicas no exterior.<\/p>\n<h4>Confira o projeto da c\u00e2mara<\/h4>\n<h5><strong>Fundos exclusivos<\/strong><\/h5>\n<p>\u2022 Instrumento: originalmente era medida provis\u00f3ria, mas texto foi incorporado a projeto de lei;<\/p>\n<p>\u2022 Como \u00e9: tributa\u00e7\u00e3o apenas no momento do resgate do investimento;<\/p>\n<p>\u2022 Tributa\u00e7\u00e3o: al\u00edquota de 15% (fundos de longo prazo) ou de 20% (fundos de curto prazo, de at\u00e9 um ano) de Imposto de Renda sobre os rendimentos uma vez a cada semestre por meio do mecanismo chamado \u201ccome-cotas\u201d a partir do ano que vem. Fundos com maiores prazos de aplica\u00e7\u00e3o t\u00eam al\u00edquotas mais baixas por causa da tabela regressiva de Imposto de Renda;<\/p>\n<p>\u2022 Atualiza\u00e7\u00e3o antecipada: quem optar por come\u00e7ar a pagar o come-cotas em 2023 pagar\u00e1 8% sobre o estoque dos rendimentos (tudo o que rendeu at\u00e9 2023). O governo prop\u00f4s dois modelos de pagamento<\/p>\n<p>\u2013 8% para quem parcelar em quatro vezes, com a primeira presta\u00e7\u00e3o a partir de dezembro. Na medida provis\u00f3ria, o governo tinha proposto al\u00edquota de 10% nessa situa\u00e7\u00e3o;<\/p>\n<p>\u2013 15% para quem parcelar em 24 vezes (dois anos), com primeira presta\u00e7\u00e3o a partir de maio de 2024.<\/p>\n<h5><strong><em>Offshore<\/em>\u00a0e\u00a0<em>trusts<\/em><\/strong><\/h5>\n<p>\u2022 Instrumento: projeto de lei;<\/p>\n<p>\u2022 Como \u00e9: recursos investidos em\u00a0<em>offshores<\/em>, empresas no exterior que abrigam fundos de investimentos, s\u00f3 pagam 15% de Imposto de Renda sobre ganho de capital se voltarem ao Brasil;<\/p>\n<p>\u2022 Tributa\u00e7\u00e3o: 15% de cobran\u00e7a anual de rendimentos a partir de 2024, mesmo se dinheiro ficar no exterior. Governo tinha proposto al\u00edquotas progressivas de 0% a 22,5%, conforme os rendimentos anuais<\/p>\n<p>\u2022 Apura\u00e7\u00e3o: lucros das\u00a0<em>offshores<\/em>\u00a0ser\u00e3o apurados at\u00e9 31 de dezembro de cada ano<\/p>\n<p>\u2022 Forma de cobran\u00e7a: tributa\u00e7\u00e3o dos\u00a0<em>trusts<\/em>, rela\u00e7\u00e3o jur\u00eddica em que dono do patrim\u00f4nio transfere bens para terceiros administrarem.<\/p>\n<p>\u2022 Como funcionam os\u00a0<em>trusts<\/em>: atualmente, legisla\u00e7\u00e3o brasileira n\u00e3o trata dessa modalidade de investimento, usada para reduzir o pagamento de tributos por meio de elis\u00e3o fiscal (brechas na legisla\u00e7\u00e3o) e facilitar distribui\u00e7\u00e3o de heran\u00e7as em vida;<\/p>\n<p>\u2022 Atualiza\u00e7\u00e3o antecipada: quem optar por atualizar o valor do estoque dos rendimentos (tudo o que rendeu at\u00e9 2023) pagar\u00e1 menos. Nesse caso, a ades\u00e3o \u00e9 volunt\u00e1ria. O governo prop\u00f4s dois modelos de pagamento<\/p>\n<p>\u2013 8% para quem parcelar em quatro vezes, com a primeira presta\u00e7\u00e3o a partir de dezembro. Na medida provis\u00f3ria, o governo tinha proposto al\u00edquota de 10% nessa situa\u00e7\u00e3o;<\/p>\n<p>\u2013 15% para quem parcelar em 24 vezes (dois anos), com primeira presta\u00e7\u00e3o a partir de maio de 2024.<\/p>\n<p>\u2022 Varia\u00e7\u00e3o cambial: lucro com alta do d\u00f3lar n\u00e3o ser\u00e1 tributado em duas situa\u00e7\u00f5es<\/p>\n<p>\u2013 varia\u00e7\u00e3o cambial de dep\u00f3sitos em conta corrente ou em cart\u00e3o de cr\u00e9dito ou d\u00e9bito no exterior, desde que os dep\u00f3sitos n\u00e3o sejam remunerados;<\/p>\n<p>\u2013 varia\u00e7\u00e3o cambial de moeda estrangeira para vendas de moeda de at\u00e9 US$ 5 mil por ano.<\/p>\n<h5><strong>Fiagro e fundos de investimentos imobili\u00e1rios<\/strong><\/h5>\n<p>\u2022 Defini\u00e7\u00e3o: Fiagros s\u00e3o fundos de investimento em cadeias agroindustriais, fundos de investimentos imobili\u00e1rios s\u00e3o fundos que aplicam em im\u00f3veis<\/p>\n<p>\u2022 Como \u00e9: fundos com pelo menos 50 cotistas e com cotas negociadas na bolsa de valores ou em mercados de balc\u00e3o de derivativos t\u00eam isen\u00e7\u00e3o de Imposto de Renda<\/p>\n<p>\u2022 O que muda: para obter isen\u00e7\u00e3o de IR, n\u00famero m\u00ednimo de cotistas sobe para 100, com limite de cotas entre familiares a 30% do patrim\u00f4nio l\u00edquido total, incluindo parentes at\u00e9 o segundo grau. Receita Federal tinha proposto 500 cotistas, depois reduziu proposta para 300<\/p>\n<p>\u2022 Impacto: segundo relator, de 70 fundos do tipo, apenas quatro perderiam a isen\u00e7\u00e3o do IR<\/p>\n<p>&nbsp;<\/p>\n<p><a href=\"https:\/\/www.instagram.com\/folhadoleste\/\"><img decoding=\"async\" class=\"aligncenter wp-image-15962\" src=\"https:\/\/folhadoleste.com.br\/wp-content\/uploads\/2023\/07\/instagram.jpg.webp\" alt=\"Itaipu-Itaipua\u00e7u: Caminh\u00e3o causa grave acidente na RJ-102, a estrada da Serrinha\" width=\"49\" height=\"49\" \/><\/a><a href=\"https:\/\/www.facebook.com\/folhadoleste\"><img decoding=\"async\" class=\"aligncenter wp-image-7424\" src=\"https:\/\/folhadoleste.com.br\/wp-content\/uploads\/2023\/05\/facebook-logo-3-1.png.webp\" alt=\"Itaipu-Itaipua\u00e7u: Caminh\u00e3o causa grave acidente na RJ-102, a estrada da Serrinha\" width=\"49\" height=\"49\" \/><\/a><\/p>\n<p>&nbsp;<\/p>\n<p>&nbsp;<\/p>\n<p>&nbsp;<\/p>\n<p><em>Fonte: Ag\u00eancia Brasil<\/em><\/p>","protected":false},"excerpt":{"rendered":"<p>Por 323 votos a favor, 119 contra e uma absten\u00e7\u00e3o, a C\u00e2mara dos Deputados aprovou nesta quarta-feira (25) o projeto de lei de taxa\u00e7\u00e3o dos super-ricos. A proposta antecipa a cobran\u00e7a de Imposto de Renda de fundos exclusivos e passa a taxar aplica\u00e7\u00f5es em\u00a0offshores, empresas no exterior que abrigam investimentos. Ap\u00f3s a vota\u00e7\u00e3o do texto principal, todos os destaques foram rejeitados. Agora, segue para o Senado. Inicialmente prevista para ter\u00e7a-feira (24), a vota\u00e7\u00e3o do projeto, que trancava a pauta da C\u00e2mara desde o dia 14, foi adiada para esta quarta. A aprova\u00e7\u00e3o ocorreu no dia em que o presidente Luiz [&hellip;]<\/p>\n","protected":false},"author":4,"featured_media":32781,"comment_status":"open","ping_status":"open","sticky":false,"template":"","format":"standard","meta":{"footnotes":""},"categories":[64,145],"tags":[68,2192,188,10664,13718],"class_list":["post-32779","post","type-post","status-publish","format-standard","has-post-thumbnail","hentry","category-brasil","category-economia","tag-brasil","tag-camara-dos-deputados","tag-economia","tag-super-ricos","tag-taxacao-de-super-ricos","post--single"],"yoast_head":"<!-- This site is optimized with the Yoast SEO plugin v27.5 - https:\/\/yoast.com\/product\/yoast-seo-wordpress\/ -->\n<title>C\u00e2mara aprova projeto de lei de taxa\u00e7\u00e3o para super-ricos &#8226; Folha do Leste<\/title>\n<meta name=\"description\" content=\"C\u00e2mara aprova projeto de lei de taxa\u00e7\u00e3o para super-ricos...\" \/>\n<meta name=\"robots\" content=\"index, follow, max-snippet:-1, max-image-preview:large, max-video-preview:-1\" \/>\n<link rel=\"canonical\" href=\"https:\/\/folhadoleste.com.br\/en\/camara-aprova-projeto-de-lei-de-taxacao-para-super-ricos\/\" \/>\n<meta property=\"og:locale\" content=\"en_US\" \/>\n<meta property=\"og:type\" content=\"article\" \/>\n<meta property=\"og:title\" content=\"C\u00e2mara aprova projeto de lei de taxa\u00e7\u00e3o para super-ricos &#8226; Folha do Leste\" \/>\n<meta property=\"og:description\" content=\"Brasil &#8226; Folha do Leste\" \/>\n<meta property=\"og:url\" content=\"https:\/\/folhadoleste.com.br\/en\/camara-aprova-projeto-de-lei-de-taxacao-para-super-ricos\/\" \/>\n<meta property=\"og:site_name\" content=\"Folha do Leste\" \/>\n<meta property=\"article:publisher\" content=\"https:\/\/www.facebook.com\/folhadoleste\" \/>\n<meta property=\"article:published_time\" content=\"2023-10-26T12:46:42+00:00\" \/>\n<meta property=\"og:image\" content=\"https:\/\/folhadoleste.com.br\/wp-content\/uploads\/2023\/10\/Camara-aprova-projeto-de-lei-de-taxacao-para-super-ricos-Foto-Lula-Marques-Agencia-Brasil.webp\" \/>\n\t<meta property=\"og:image:width\" content=\"1170\" \/>\n\t<meta property=\"og:image:height\" content=\"700\" \/>\n\t<meta property=\"og:image:type\" content=\"image\/webp\" \/>\n<meta name=\"author\" content=\"Folha do Leste\" \/>\n<meta name=\"twitter:card\" content=\"summary_large_image\" \/>\n<meta name=\"twitter:creator\" content=\"@FolhadoLesteRJ\" \/>\n<meta name=\"twitter:site\" content=\"@FolhadoLesteRJ\" \/>\n<meta name=\"twitter:label1\" content=\"Written by\" \/>\n\t<meta name=\"twitter:data1\" content=\"Folha do Leste\" \/>\n\t<meta name=\"twitter:label2\" content=\"Est. reading time\" \/>\n\t<meta name=\"twitter:data2\" content=\"8 minutes\" \/>\n<script type=\"application\/ld+json\" class=\"yoast-schema-graph\">{\"@context\":\"https:\\\/\\\/schema.org\",\"@graph\":[{\"@type\":\"NewsArticle\",\"@id\":\"https:\\\/\\\/folhadoleste.com.br\\\/camara-aprova-projeto-de-lei-de-taxacao-para-super-ricos\\\/#article\",\"isPartOf\":{\"@id\":\"https:\\\/\\\/folhadoleste.com.br\\\/camara-aprova-projeto-de-lei-de-taxacao-para-super-ricos\\\/\"},\"author\":{\"name\":\"Folha do Leste\",\"@id\":\"https:\\\/\\\/folhadoleste.com.br\\\/#\\\/schema\\\/person\\\/3e97145b2e1861276e84471aa85a3899\"},\"headline\":\"C\u00e2mara aprova projeto de lei de taxa\u00e7\u00e3o para super-ricos\",\"datePublished\":\"2023-10-26T12:46:42+00:00\",\"mainEntityOfPage\":{\"@id\":\"https:\\\/\\\/folhadoleste.com.br\\\/camara-aprova-projeto-de-lei-de-taxacao-para-super-ricos\\\/\"},\"wordCount\":1351,\"commentCount\":0,\"publisher\":{\"@id\":\"https:\\\/\\\/folhadoleste.com.br\\\/#organization\"},\"image\":{\"@id\":\"https:\\\/\\\/folhadoleste.com.br\\\/camara-aprova-projeto-de-lei-de-taxacao-para-super-ricos\\\/#primaryimage\"},\"thumbnailUrl\":\"https:\\\/\\\/folhadoleste.com.br\\\/wp-content\\\/uploads\\\/2023\\\/10\\\/Camara-aprova-projeto-de-lei-de-taxacao-para-super-ricos-Foto-Lula-Marques-Agencia-Brasil.webp\",\"keywords\":[\"Brasil\",\"C\u00e2mara dos Deputados\",\"economia\",\"super-ricos\",\"Taxa\u00e7\u00e3o de super-ricos\"],\"articleSection\":[\"Brasil\",\"Economia\"],\"inLanguage\":\"en-US\",\"potentialAction\":[{\"@type\":\"CommentAction\",\"name\":\"Comment\",\"target\":[\"https:\\\/\\\/folhadoleste.com.br\\\/camara-aprova-projeto-de-lei-de-taxacao-para-super-ricos\\\/#respond\"]}]},{\"@type\":\"WebPage\",\"@id\":\"https:\\\/\\\/folhadoleste.com.br\\\/camara-aprova-projeto-de-lei-de-taxacao-para-super-ricos\\\/\",\"url\":\"https:\\\/\\\/folhadoleste.com.br\\\/camara-aprova-projeto-de-lei-de-taxacao-para-super-ricos\\\/\",\"name\":\"C\u00e2mara aprova projeto de lei de taxa\u00e7\u00e3o para super-ricos &#8226; Folha do Leste\",\"isPartOf\":{\"@id\":\"https:\\\/\\\/folhadoleste.com.br\\\/#website\"},\"primaryImageOfPage\":{\"@id\":\"https:\\\/\\\/folhadoleste.com.br\\\/camara-aprova-projeto-de-lei-de-taxacao-para-super-ricos\\\/#primaryimage\"},\"image\":{\"@id\":\"https:\\\/\\\/folhadoleste.com.br\\\/camara-aprova-projeto-de-lei-de-taxacao-para-super-ricos\\\/#primaryimage\"},\"thumbnailUrl\":\"https:\\\/\\\/folhadoleste.com.br\\\/wp-content\\\/uploads\\\/2023\\\/10\\\/Camara-aprova-projeto-de-lei-de-taxacao-para-super-ricos-Foto-Lula-Marques-Agencia-Brasil.webp\",\"datePublished\":\"2023-10-26T12:46:42+00:00\",\"description\":\"C\u00e2mara aprova projeto de lei de taxa\u00e7\u00e3o para super-ricos...\",\"breadcrumb\":{\"@id\":\"https:\\\/\\\/folhadoleste.com.br\\\/camara-aprova-projeto-de-lei-de-taxacao-para-super-ricos\\\/#breadcrumb\"},\"inLanguage\":\"en-US\",\"potentialAction\":[{\"@type\":\"ReadAction\",\"target\":[\"https:\\\/\\\/folhadoleste.com.br\\\/camara-aprova-projeto-de-lei-de-taxacao-para-super-ricos\\\/\"]}]},{\"@type\":\"ImageObject\",\"inLanguage\":\"en-US\",\"@id\":\"https:\\\/\\\/folhadoleste.com.br\\\/camara-aprova-projeto-de-lei-de-taxacao-para-super-ricos\\\/#primaryimage\",\"url\":\"https:\\\/\\\/folhadoleste.com.br\\\/wp-content\\\/uploads\\\/2023\\\/10\\\/Camara-aprova-projeto-de-lei-de-taxacao-para-super-ricos-Foto-Lula-Marques-Agencia-Brasil.webp\",\"contentUrl\":\"https:\\\/\\\/folhadoleste.com.br\\\/wp-content\\\/uploads\\\/2023\\\/10\\\/Camara-aprova-projeto-de-lei-de-taxacao-para-super-ricos-Foto-Lula-Marques-Agencia-Brasil.webp\",\"width\":1170,\"height\":700,\"caption\":\"Foto: Lula Marques - Ag\u00eancia Brasil\"},{\"@type\":\"BreadcrumbList\",\"@id\":\"https:\\\/\\\/folhadoleste.com.br\\\/camara-aprova-projeto-de-lei-de-taxacao-para-super-ricos\\\/#breadcrumb\",\"itemListElement\":[{\"@type\":\"ListItem\",\"position\":1,\"name\":\"In\u00edcio\",\"item\":\"https:\\\/\\\/folhadoleste.com.br\\\/\"},{\"@type\":\"ListItem\",\"position\":2,\"name\":\"Brasil\",\"item\":\"https:\\\/\\\/folhadoleste.com.br\\\/category\\\/brasil\\\/\"},{\"@type\":\"ListItem\",\"position\":3,\"name\":\"C\u00e2mara aprova projeto de lei de taxa\u00e7\u00e3o para super-ricos\"}]},{\"@type\":\"WebSite\",\"@id\":\"https:\\\/\\\/folhadoleste.com.br\\\/#website\",\"url\":\"https:\\\/\\\/folhadoleste.com.br\\\/\",\"name\":\"Folha do Leste\",\"description\":\"Portal de Not\u00edcias com \u00eanfase em Niter\u00f3i, criando conte\u00fados desde a capital Rio de Janeiro, com olhar para o Leste Fluminense e suas cidades como S\u00e3o Gon\u00e7alo, Itabora\u00ed, Rio Bonito, Maric\u00e1, Saquarema e Araruama\",\"publisher\":{\"@id\":\"https:\\\/\\\/folhadoleste.com.br\\\/#organization\"},\"alternateName\":\"FL\",\"potentialAction\":[{\"@type\":\"SearchAction\",\"target\":{\"@type\":\"EntryPoint\",\"urlTemplate\":\"https:\\\/\\\/folhadoleste.com.br\\\/?s={search_term_string}\"},\"query-input\":{\"@type\":\"PropertyValueSpecification\",\"valueRequired\":true,\"valueName\":\"search_term_string\"}}],\"inLanguage\":\"en-US\"},{\"@type\":\"Organization\",\"@id\":\"https:\\\/\\\/folhadoleste.com.br\\\/#organization\",\"name\":\"Brasil 21 Comunica\u00e7\u00e3o\",\"alternateName\":\"BR21\",\"url\":\"https:\\\/\\\/folhadoleste.com.br\\\/\",\"logo\":{\"@type\":\"ImageObject\",\"inLanguage\":\"en-US\",\"@id\":\"https:\\\/\\\/folhadoleste.com.br\\\/#\\\/schema\\\/logo\\\/image\\\/\",\"url\":\"https:\\\/\\\/folhadoleste.com.br\\\/wp-content\\\/uploads\\\/2025\\\/12\\\/brasil-21-logomarca.avif\",\"contentUrl\":\"https:\\\/\\\/folhadoleste.com.br\\\/wp-content\\\/uploads\\\/2025\\\/12\\\/brasil-21-logomarca.avif\",\"width\":1044,\"height\":1044,\"caption\":\"Brasil 21 Comunica\u00e7\u00e3o\"},\"image\":{\"@id\":\"https:\\\/\\\/folhadoleste.com.br\\\/#\\\/schema\\\/logo\\\/image\\\/\"},\"sameAs\":[\"https:\\\/\\\/www.facebook.com\\\/folhadoleste\",\"https:\\\/\\\/x.com\\\/FolhadoLesteRJ\",\"https:\\\/\\\/www.instagram.com\\\/folhadoleste\\\/\"]},{\"@type\":\"Person\",\"@id\":\"https:\\\/\\\/folhadoleste.com.br\\\/#\\\/schema\\\/person\\\/3e97145b2e1861276e84471aa85a3899\",\"name\":\"Folha do Leste\",\"image\":{\"@type\":\"ImageObject\",\"inLanguage\":\"en-US\",\"@id\":\"https:\\\/\\\/folhadoleste.com.br\\\/wp-content\\\/litespeed\\\/avatar\\\/1ca8c218432e7045e748610eb3db0259.jpg?ver=1777161142\",\"url\":\"https:\\\/\\\/folhadoleste.com.br\\\/wp-content\\\/litespeed\\\/avatar\\\/1ca8c218432e7045e748610eb3db0259.jpg?ver=1777161142\",\"contentUrl\":\"https:\\\/\\\/folhadoleste.com.br\\\/wp-content\\\/litespeed\\\/avatar\\\/1ca8c218432e7045e748610eb3db0259.jpg?ver=1777161142\",\"caption\":\"Folha do Leste\"},\"url\":\"https:\\\/\\\/folhadoleste.com.br\\\/en\\\/author\\\/reportagem-01\\\/\"}]}<\/script>\n<!-- \/ Yoast SEO plugin. -->","yoast_head_json":{"title":"C\u00e2mara aprova projeto de lei de taxa\u00e7\u00e3o para super-ricos &#8226; Folha do Leste","description":"C\u00e2mara aprova projeto de lei de taxa\u00e7\u00e3o para super-ricos...","robots":{"index":"index","follow":"follow","max-snippet":"max-snippet:-1","max-image-preview":"max-image-preview:large","max-video-preview":"max-video-preview:-1"},"canonical":"https:\/\/folhadoleste.com.br\/en\/camara-aprova-projeto-de-lei-de-taxacao-para-super-ricos\/","og_locale":"en_US","og_type":"article","og_title":"C\u00e2mara aprova projeto de lei de taxa\u00e7\u00e3o para super-ricos &#8226; Folha do Leste","og_description":"Brasil &#8226; Folha do Leste","og_url":"https:\/\/folhadoleste.com.br\/en\/camara-aprova-projeto-de-lei-de-taxacao-para-super-ricos\/","og_site_name":"Folha do Leste","article_publisher":"https:\/\/www.facebook.com\/folhadoleste","article_published_time":"2023-10-26T12:46:42+00:00","og_image":[{"width":1170,"height":700,"url":"https:\/\/folhadoleste.com.br\/wp-content\/uploads\/2023\/10\/Camara-aprova-projeto-de-lei-de-taxacao-para-super-ricos-Foto-Lula-Marques-Agencia-Brasil.webp","type":"image\/webp"}],"author":"Folha do Leste","twitter_card":"summary_large_image","twitter_creator":"@FolhadoLesteRJ","twitter_site":"@FolhadoLesteRJ","twitter_misc":{"Written by":"Folha do Leste","Est. reading time":"8 minutes"},"schema":{"@context":"https:\/\/schema.org","@graph":[{"@type":"NewsArticle","@id":"https:\/\/folhadoleste.com.br\/camara-aprova-projeto-de-lei-de-taxacao-para-super-ricos\/#article","isPartOf":{"@id":"https:\/\/folhadoleste.com.br\/camara-aprova-projeto-de-lei-de-taxacao-para-super-ricos\/"},"author":{"name":"Folha do Leste","@id":"https:\/\/folhadoleste.com.br\/#\/schema\/person\/3e97145b2e1861276e84471aa85a3899"},"headline":"C\u00e2mara aprova projeto de lei de taxa\u00e7\u00e3o para super-ricos","datePublished":"2023-10-26T12:46:42+00:00","mainEntityOfPage":{"@id":"https:\/\/folhadoleste.com.br\/camara-aprova-projeto-de-lei-de-taxacao-para-super-ricos\/"},"wordCount":1351,"commentCount":0,"publisher":{"@id":"https:\/\/folhadoleste.com.br\/#organization"},"image":{"@id":"https:\/\/folhadoleste.com.br\/camara-aprova-projeto-de-lei-de-taxacao-para-super-ricos\/#primaryimage"},"thumbnailUrl":"https:\/\/folhadoleste.com.br\/wp-content\/uploads\/2023\/10\/Camara-aprova-projeto-de-lei-de-taxacao-para-super-ricos-Foto-Lula-Marques-Agencia-Brasil.webp","keywords":["Brasil","C\u00e2mara dos Deputados","economia","super-ricos","Taxa\u00e7\u00e3o de super-ricos"],"articleSection":["Brasil","Economia"],"inLanguage":"en-US","potentialAction":[{"@type":"CommentAction","name":"Comment","target":["https:\/\/folhadoleste.com.br\/camara-aprova-projeto-de-lei-de-taxacao-para-super-ricos\/#respond"]}]},{"@type":"WebPage","@id":"https:\/\/folhadoleste.com.br\/camara-aprova-projeto-de-lei-de-taxacao-para-super-ricos\/","url":"https:\/\/folhadoleste.com.br\/camara-aprova-projeto-de-lei-de-taxacao-para-super-ricos\/","name":"C\u00e2mara aprova projeto de lei de taxa\u00e7\u00e3o para super-ricos &#8226; Folha do Leste","isPartOf":{"@id":"https:\/\/folhadoleste.com.br\/#website"},"primaryImageOfPage":{"@id":"https:\/\/folhadoleste.com.br\/camara-aprova-projeto-de-lei-de-taxacao-para-super-ricos\/#primaryimage"},"image":{"@id":"https:\/\/folhadoleste.com.br\/camara-aprova-projeto-de-lei-de-taxacao-para-super-ricos\/#primaryimage"},"thumbnailUrl":"https:\/\/folhadoleste.com.br\/wp-content\/uploads\/2023\/10\/Camara-aprova-projeto-de-lei-de-taxacao-para-super-ricos-Foto-Lula-Marques-Agencia-Brasil.webp","datePublished":"2023-10-26T12:46:42+00:00","description":"C\u00e2mara aprova projeto de lei de taxa\u00e7\u00e3o para super-ricos...","breadcrumb":{"@id":"https:\/\/folhadoleste.com.br\/camara-aprova-projeto-de-lei-de-taxacao-para-super-ricos\/#breadcrumb"},"inLanguage":"en-US","potentialAction":[{"@type":"ReadAction","target":["https:\/\/folhadoleste.com.br\/camara-aprova-projeto-de-lei-de-taxacao-para-super-ricos\/"]}]},{"@type":"ImageObject","inLanguage":"en-US","@id":"https:\/\/folhadoleste.com.br\/camara-aprova-projeto-de-lei-de-taxacao-para-super-ricos\/#primaryimage","url":"https:\/\/folhadoleste.com.br\/wp-content\/uploads\/2023\/10\/Camara-aprova-projeto-de-lei-de-taxacao-para-super-ricos-Foto-Lula-Marques-Agencia-Brasil.webp","contentUrl":"https:\/\/folhadoleste.com.br\/wp-content\/uploads\/2023\/10\/Camara-aprova-projeto-de-lei-de-taxacao-para-super-ricos-Foto-Lula-Marques-Agencia-Brasil.webp","width":1170,"height":700,"caption":"Foto: Lula Marques - Ag\u00eancia Brasil"},{"@type":"BreadcrumbList","@id":"https:\/\/folhadoleste.com.br\/camara-aprova-projeto-de-lei-de-taxacao-para-super-ricos\/#breadcrumb","itemListElement":[{"@type":"ListItem","position":1,"name":"In\u00edcio","item":"https:\/\/folhadoleste.com.br\/"},{"@type":"ListItem","position":2,"name":"Brasil","item":"https:\/\/folhadoleste.com.br\/category\/brasil\/"},{"@type":"ListItem","position":3,"name":"C\u00e2mara aprova projeto de lei de taxa\u00e7\u00e3o para super-ricos"}]},{"@type":"WebSite","@id":"https:\/\/folhadoleste.com.br\/#website","url":"https:\/\/folhadoleste.com.br\/","name":"Folha do Leste","description":"Portal de Not\u00edcias com \u00eanfase em Niter\u00f3i, criando conte\u00fados desde a capital Rio de Janeiro, com olhar para o Leste Fluminense e suas cidades como S\u00e3o Gon\u00e7alo, Itabora\u00ed, Rio Bonito, Maric\u00e1, Saquarema e Araruama","publisher":{"@id":"https:\/\/folhadoleste.com.br\/#organization"},"alternateName":"FL","potentialAction":[{"@type":"SearchAction","target":{"@type":"EntryPoint","urlTemplate":"https:\/\/folhadoleste.com.br\/?s={search_term_string}"},"query-input":{"@type":"PropertyValueSpecification","valueRequired":true,"valueName":"search_term_string"}}],"inLanguage":"en-US"},{"@type":"Organization","@id":"https:\/\/folhadoleste.com.br\/#organization","name":"Brasil 21 Comunica\u00e7\u00e3o","alternateName":"BR21","url":"https:\/\/folhadoleste.com.br\/","logo":{"@type":"ImageObject","inLanguage":"en-US","@id":"https:\/\/folhadoleste.com.br\/#\/schema\/logo\/image\/","url":"https:\/\/folhadoleste.com.br\/wp-content\/uploads\/2025\/12\/brasil-21-logomarca.avif","contentUrl":"https:\/\/folhadoleste.com.br\/wp-content\/uploads\/2025\/12\/brasil-21-logomarca.avif","width":1044,"height":1044,"caption":"Brasil 21 Comunica\u00e7\u00e3o"},"image":{"@id":"https:\/\/folhadoleste.com.br\/#\/schema\/logo\/image\/"},"sameAs":["https:\/\/www.facebook.com\/folhadoleste","https:\/\/x.com\/FolhadoLesteRJ","https:\/\/www.instagram.com\/folhadoleste\/"]},{"@type":"Person","@id":"https:\/\/folhadoleste.com.br\/#\/schema\/person\/3e97145b2e1861276e84471aa85a3899","name":"Folha do Leste","image":{"@type":"ImageObject","inLanguage":"en-US","@id":"https:\/\/folhadoleste.com.br\/wp-content\/litespeed\/avatar\/1ca8c218432e7045e748610eb3db0259.jpg?ver=1777161142","url":"https:\/\/folhadoleste.com.br\/wp-content\/litespeed\/avatar\/1ca8c218432e7045e748610eb3db0259.jpg?ver=1777161142","contentUrl":"https:\/\/folhadoleste.com.br\/wp-content\/litespeed\/avatar\/1ca8c218432e7045e748610eb3db0259.jpg?ver=1777161142","caption":"Folha do Leste"},"url":"https:\/\/folhadoleste.com.br\/en\/author\/reportagem-01\/"}]}},"_links":{"self":[{"href":"https:\/\/folhadoleste.com.br\/en\/wp-json\/wp\/v2\/posts\/32779","targetHints":{"allow":["GET"]}}],"collection":[{"href":"https:\/\/folhadoleste.com.br\/en\/wp-json\/wp\/v2\/posts"}],"about":[{"href":"https:\/\/folhadoleste.com.br\/en\/wp-json\/wp\/v2\/types\/post"}],"author":[{"embeddable":true,"href":"https:\/\/folhadoleste.com.br\/en\/wp-json\/wp\/v2\/users\/4"}],"replies":[{"embeddable":true,"href":"https:\/\/folhadoleste.com.br\/en\/wp-json\/wp\/v2\/comments?post=32779"}],"version-history":[{"count":1,"href":"https:\/\/folhadoleste.com.br\/en\/wp-json\/wp\/v2\/posts\/32779\/revisions"}],"predecessor-version":[{"id":32783,"href":"https:\/\/folhadoleste.com.br\/en\/wp-json\/wp\/v2\/posts\/32779\/revisions\/32783"}],"wp:featuredmedia":[{"embeddable":true,"href":"https:\/\/folhadoleste.com.br\/en\/wp-json\/wp\/v2\/media\/32781"}],"wp:attachment":[{"href":"https:\/\/folhadoleste.com.br\/en\/wp-json\/wp\/v2\/media?parent=32779"}],"wp:term":[{"taxonomy":"category","embeddable":true,"href":"https:\/\/folhadoleste.com.br\/en\/wp-json\/wp\/v2\/categories?post=32779"},{"taxonomy":"post_tag","embeddable":true,"href":"https:\/\/folhadoleste.com.br\/en\/wp-json\/wp\/v2\/tags?post=32779"}],"curies":[{"name":"wp","href":"https:\/\/api.w.org\/{rel}","templated":true}]}}