{"id":32286,"date":"2023-10-23T13:03:28","date_gmt":"2023-10-23T16:03:28","guid":{"rendered":"https:\/\/folhadoleste.com.br\/?p=32286"},"modified":"2023-10-23T13:04:19","modified_gmt":"2023-10-23T16:04:19","slug":"souza-soares-vai-coroar-benny-briolly-rainha-de-bateria-no-domingo-29","status":"publish","type":"post","link":"https:\/\/folhadoleste.com.br\/en\/souza-soares-vai-coroar-benny-briolly-rainha-de-bateria-no-domingo-29\/","title":{"rendered":"Souza Soares vai coroar Benny Briolly rainha de bateria no domingo (29)"},"content":{"rendered":"<div id=\"attachment_32296\" style=\"width: 1034px\" class=\"wp-caption aligncenter\"><img decoding=\"async\" aria-describedby=\"caption-attachment-32296\" class=\"size-full wp-image-32296\" src=\"https:\/\/folhadoleste.com.br\/wp-content\/uploads\/2023\/10\/Souza-Soares-vai-coroar-Benny-Briolly-rainha-de-bateria-no-domingo-29-Foto-Divulgacao.jpg\" alt=\"Souza Soares vai coroar Benny Briolly rainha de bateria no domingo (29)\" width=\"1024\" height=\"689\" \/><p id=\"caption-attachment-32296\" class=\"wp-caption-text\">Foto: Divulga\u00e7\u00e3o<\/p><\/div>\n<p>Uma grande festa, com entrada gratuita, vai animar a quadra da Souza Soares no dia 29 de outubro, em Santa Rosa, Niter\u00f3i<\/p>\n<p>A Escola de Samba Souza Soares, de Santa Rosa, Niter\u00f3i, completa 60 anos este m\u00eas. Para comemorar, a diretoria programou uma grande festa, com entrada gratuita, que vai animar a quadra em 29 de outubro (domingo), a partir das 14h. Neste mesmo dia, Benny Briolly ser\u00e1 coroada rainha de bateria, data tamb\u00e9m de celebra\u00e7\u00e3o de seu anivers\u00e1rio, e o p\u00fablico conhecer\u00e1 o samba-enredo do carnaval 2024:<\/p>\n<blockquote><p>\u201cM\u00e3e Natureza, mais que Princesa, \u00d2s\u00fan \u00e9 Fertilidade e Realeza\u201d.<\/p><\/blockquote>\n<p>Entre as atra\u00e7\u00f5es musicais do evento est\u00e3o o Samba das Trabalhadoras com Andrea Beat, Anna Brand\u00e3o e Monica Mac e a Roda de Samba Geg\u00ea Fernandes.<\/p>\n<h4><a href=\"https:\/\/folhadoleste.com.br\/en\/category\/entretenimento-artes-e-cultura-destaque\/entretenimento\/\">\u201cLeia mais not\u00edcias sobre Entretenimento aqui\u201d<\/a><\/h4>\n<p>Com muitos ensaios e samba no p\u00e9, a vereadora de Niter\u00f3i Benny Briolly j\u00e1 come\u00e7ou a se preparar para estar \u00e0 frente da bateria Couro Esticado.<\/p>\n<blockquote><p>\u201cComemorar meu anivers\u00e1rio junto da minha coroa\u00e7\u00e3o n\u00e3o tem pre\u00e7o. Enquanto travesti, mulher, preta, favelada, de \u00c0\u1e63\u1eb9 e niteroiense, estar no samba e aquilombando minhas ra\u00edzes faz parte n\u00e3o s\u00f3 da minha trajet\u00f3ria, como da minha ancestralidade. Fa\u00e7o quest\u00e3o de lembrar que a primeira rainha de escola de samba no Brasil foi a travesti Elo\u00edna dos Leopardos, em 1976. \u00c9 em nome dela e entre tantas outras que estarei na avenida! O samba \u00e9 a nossa maior arma de sobreviv\u00eancia, \u00e9 uma pedagogia de saber popular e de resist\u00eancia\u201d, diz a parlamentar, primeira travesti eleita no estado do Rio.<\/p><\/blockquote>\n<p>O diretor de carnaval Fernando Ara\u00fajo conta que a Souza Soares pediu licen\u00e7a e permiss\u00e3o \u00e0 entidade do candombl\u00e9 para contar um pouco da sua hist\u00f3ria.<\/p>\n<div id=\"attachment_32295\" style=\"width: 1034px\" class=\"wp-caption aligncenter\"><img decoding=\"async\" aria-describedby=\"caption-attachment-32295\" class=\"size-full wp-image-32295\" src=\"https:\/\/folhadoleste.com.br\/wp-content\/uploads\/2023\/10\/Souza-Soares-vai-coroar-Benny-Briolly-rainha-de-bateria-no-domingo-229-Foto-Divulgacao.jpg\" alt=\"Souza Soares vai coroar Benny Briolly rainha de bateria no domingo (29)\" width=\"1024\" height=\"682\" \/><p id=\"caption-attachment-32295\" class=\"wp-caption-text\">Foto: Divulga\u00e7\u00e3o<\/p><\/div>\n<p>\u201cO enredo surgiu como por um acaso. O presidente da escola, Iran Robinson, estava de f\u00e9rias em Lumiar, Nova Friburgo, e visitou uma cachoeira conhecida como Encontro dos Rios. Nesse momento de reflex\u00e3o com as \u00e1guas correntes teve a ideia de falar sobre \u00d2s\u00fan, rainha das \u00e1guas doce, especialmente nas \u00e1guas da fertilidade que fazem a vida nascer, crescer e florescer. Passou a ideia ao carnavalesco da escola Flavinho Nunes, que de imediato se encantou e abra\u00e7ou o enredo. Assim surgiu o enredo: M\u00e3e Natureza, mais que Princesa, \u00d2s\u00fan \u00e9 Fertilidade e Realeza.<\/p>\n<h4>SERVI\u00c7O:<\/h4>\n<p><strong>Data:<\/strong> 29\/10\/2023 (Domingo)<br \/>\n<strong>Local:<\/strong> Travessa Lions Club, 37 &#8211; Santa Rosa, Niter\u00f3i (Quadra da Souza Soares)<br \/>\n<strong>Hor\u00e1rio:<\/strong> A partir das 14h<br \/>\n<strong>Atra\u00e7\u00f5es:<\/strong> Bateria e segmentos da Souza Soares, Roda de Samba Geg\u00ea Fernandes e Samba das Trabalhadoras com Andrea Beat, Anna Brand\u00e3o e Monica Mac.<br \/>\n<strong>ENTRADA FRANCA<\/strong><\/p>\n<p>&nbsp;<\/p>\n<p><a href=\"https:\/\/www.instagram.com\/folhadoleste\/\"><img decoding=\"async\" class=\"aligncenter wp-image-15962\" src=\"https:\/\/folhadoleste.com.br\/wp-content\/uploads\/2023\/07\/instagram.jpg.webp\" alt=\"Itaipu-Itaipua\u00e7u: Caminh\u00e3o causa grave acidente na RJ-102, a estrada da Serrinha\" width=\"49\" height=\"49\" \/><\/a><a href=\"https:\/\/www.facebook.com\/folhadoleste\"><img decoding=\"async\" class=\"aligncenter wp-image-7424\" src=\"https:\/\/folhadoleste.com.br\/wp-content\/uploads\/2023\/05\/facebook-logo-3-1.png.webp\" alt=\"Itaipu-Itaipua\u00e7u: Caminh\u00e3o causa grave acidente na RJ-102, a estrada da Serrinha\" width=\"49\" height=\"49\" \/><\/a><\/p>","protected":false},"excerpt":{"rendered":"<p>Uma grande festa, com entrada gratuita, vai animar a quadra da Souza Soares no dia 29 de outubro, em Santa Rosa, Niter\u00f3i A Escola de Samba Souza Soares, de Santa Rosa, Niter\u00f3i, completa 60 anos este m\u00eas. Para comemorar, a diretoria programou uma grande festa, com entrada gratuita, que vai animar a quadra em 29 de outubro (domingo), a partir das 14h. Neste mesmo dia, Benny Briolly ser\u00e1 coroada rainha de bateria, data tamb\u00e9m de celebra\u00e7\u00e3o de seu anivers\u00e1rio, e o p\u00fablico conhecer\u00e1 o samba-enredo do carnaval 2024: \u201cM\u00e3e Natureza, mais que Princesa, \u00d2s\u00fan \u00e9 Fertilidade e Realeza\u201d. Entre as [&hellip;]<\/p>\n","protected":false},"author":4,"featured_media":32297,"comment_status":"open","ping_status":"open","sticky":false,"template":"","format":"standard","meta":{"footnotes":""},"categories":[10563,86,84,83,10506],"tags":[7152,224,108,2381,1877,13581,13580],"class_list":["post-32286","post","type-post","status-publish","format-standard","has-post-thumbnail","hentry","category-carnaval","category-cultura","category-entretenimento","category-entretenimento-artes-e-cultura-destaque","category-musica","tag-benny-briolly","tag-carnaval","tag-cultura","tag-entretenimento","tag-musica","tag-rainha-da-bateria","tag-souza-soares","post--single"],"yoast_head":"<!-- This site is optimized with the Yoast SEO plugin v27.4 - https:\/\/yoast.com\/product\/yoast-seo-wordpress\/ -->\n<title>Souza Soares vai coroar Benny Briolly rainha de bateria no domingo (29)<\/title>\n<meta name=\"description\" content=\"Souza Soares vai coroar Benny Briolly rainha de bateria no domingo (29)...\" \/>\n<meta name=\"robots\" content=\"index, follow, max-snippet:-1, max-image-preview:large, max-video-preview:-1\" \/>\n<link rel=\"canonical\" href=\"https:\/\/folhadoleste.com.br\/en\/souza-soares-vai-coroar-benny-briolly-rainha-de-bateria-no-domingo-29\/\" \/>\n<meta property=\"og:locale\" content=\"en_US\" \/>\n<meta property=\"og:type\" content=\"article\" \/>\n<meta property=\"og:title\" content=\"Souza Soares vai coroar Benny Briolly rainha de bateria no domingo (29)\" \/>\n<meta property=\"og:description\" content=\"Carnaval &#8226; Folha do Leste\" \/>\n<meta property=\"og:url\" content=\"https:\/\/folhadoleste.com.br\/en\/souza-soares-vai-coroar-benny-briolly-rainha-de-bateria-no-domingo-29\/\" \/>\n<meta property=\"og:site_name\" content=\"Folha do Leste\" \/>\n<meta property=\"article:publisher\" content=\"https:\/\/www.facebook.com\/folhadoleste\" \/>\n<meta property=\"article:published_time\" content=\"2023-10-23T16:03:28+00:00\" \/>\n<meta property=\"article:modified_time\" content=\"2023-10-23T16:04:19+00:00\" \/>\n<meta property=\"og:image\" content=\"https:\/\/folhadoleste.com.br\/wp-content\/uploads\/2023\/10\/Souza-Soares-vai-coroar-Benny-Briolly-rainha-de-bateria-no-domingo-329-Foto-Divulgacao.jpg\" \/>\n\t<meta property=\"og:image:width\" content=\"1024\" \/>\n\t<meta property=\"og:image:height\" content=\"682\" \/>\n\t<meta property=\"og:image:type\" content=\"image\/jpeg\" \/>\n<meta name=\"author\" content=\"Folha do Leste\" \/>\n<meta name=\"twitter:card\" content=\"summary_large_image\" \/>\n<meta name=\"twitter:creator\" content=\"@FolhadoLesteRJ\" \/>\n<meta name=\"twitter:site\" content=\"@FolhadoLesteRJ\" \/>\n<meta name=\"twitter:label1\" content=\"Written by\" \/>\n\t<meta name=\"twitter:data1\" content=\"Folha do Leste\" \/>\n\t<meta name=\"twitter:label2\" content=\"Est. reading time\" \/>\n\t<meta name=\"twitter:data2\" content=\"3 minutes\" \/>\n<script type=\"application\/ld+json\" class=\"yoast-schema-graph\">{\"@context\":\"https:\\\/\\\/schema.org\",\"@graph\":[{\"@type\":\"NewsArticle\",\"@id\":\"https:\\\/\\\/folhadoleste.com.br\\\/souza-soares-vai-coroar-benny-briolly-rainha-de-bateria-no-domingo-29\\\/#article\",\"isPartOf\":{\"@id\":\"https:\\\/\\\/folhadoleste.com.br\\\/souza-soares-vai-coroar-benny-briolly-rainha-de-bateria-no-domingo-29\\\/\"},\"author\":{\"name\":\"Folha do Leste\",\"@id\":\"https:\\\/\\\/folhadoleste.com.br\\\/#\\\/schema\\\/person\\\/3e97145b2e1861276e84471aa85a3899\"},\"headline\":\"Souza Soares vai coroar Benny Briolly rainha de bateria no domingo (29)\",\"datePublished\":\"2023-10-23T16:03:28+00:00\",\"dateModified\":\"2023-10-23T16:04:19+00:00\",\"mainEntityOfPage\":{\"@id\":\"https:\\\/\\\/folhadoleste.com.br\\\/souza-soares-vai-coroar-benny-briolly-rainha-de-bateria-no-domingo-29\\\/\"},\"wordCount\":481,\"commentCount\":0,\"publisher\":{\"@id\":\"https:\\\/\\\/folhadoleste.com.br\\\/#organization\"},\"image\":{\"@id\":\"https:\\\/\\\/folhadoleste.com.br\\\/souza-soares-vai-coroar-benny-briolly-rainha-de-bateria-no-domingo-29\\\/#primaryimage\"},\"thumbnailUrl\":\"https:\\\/\\\/folhadoleste.com.br\\\/wp-content\\\/uploads\\\/2023\\\/10\\\/Souza-Soares-vai-coroar-Benny-Briolly-rainha-de-bateria-no-domingo-329-Foto-Divulgacao.jpg\",\"keywords\":[\"Benny Briolly\",\"carnaval\",\"Cultura\",\"entretenimento\",\"m\u00fasica\",\"Rainha da Bateria\",\"Souza Soares\"],\"articleSection\":[\"Carnaval\",\"Cultura\",\"Entretenimento\",\"Entretenimento, Artes e Cultura\",\"M\u00fasica\"],\"inLanguage\":\"en-US\",\"potentialAction\":[{\"@type\":\"CommentAction\",\"name\":\"Comment\",\"target\":[\"https:\\\/\\\/folhadoleste.com.br\\\/souza-soares-vai-coroar-benny-briolly-rainha-de-bateria-no-domingo-29\\\/#respond\"]}]},{\"@type\":\"WebPage\",\"@id\":\"https:\\\/\\\/folhadoleste.com.br\\\/souza-soares-vai-coroar-benny-briolly-rainha-de-bateria-no-domingo-29\\\/\",\"url\":\"https:\\\/\\\/folhadoleste.com.br\\\/souza-soares-vai-coroar-benny-briolly-rainha-de-bateria-no-domingo-29\\\/\",\"name\":\"Souza Soares vai coroar Benny Briolly rainha de bateria no domingo (29)\",\"isPartOf\":{\"@id\":\"https:\\\/\\\/folhadoleste.com.br\\\/#website\"},\"primaryImageOfPage\":{\"@id\":\"https:\\\/\\\/folhadoleste.com.br\\\/souza-soares-vai-coroar-benny-briolly-rainha-de-bateria-no-domingo-29\\\/#primaryimage\"},\"image\":{\"@id\":\"https:\\\/\\\/folhadoleste.com.br\\\/souza-soares-vai-coroar-benny-briolly-rainha-de-bateria-no-domingo-29\\\/#primaryimage\"},\"thumbnailUrl\":\"https:\\\/\\\/folhadoleste.com.br\\\/wp-content\\\/uploads\\\/2023\\\/10\\\/Souza-Soares-vai-coroar-Benny-Briolly-rainha-de-bateria-no-domingo-329-Foto-Divulgacao.jpg\",\"datePublished\":\"2023-10-23T16:03:28+00:00\",\"dateModified\":\"2023-10-23T16:04:19+00:00\",\"description\":\"Souza Soares vai coroar Benny Briolly rainha de bateria no domingo (29)...\",\"breadcrumb\":{\"@id\":\"https:\\\/\\\/folhadoleste.com.br\\\/souza-soares-vai-coroar-benny-briolly-rainha-de-bateria-no-domingo-29\\\/#breadcrumb\"},\"inLanguage\":\"en-US\",\"potentialAction\":[{\"@type\":\"ReadAction\",\"target\":[\"https:\\\/\\\/folhadoleste.com.br\\\/souza-soares-vai-coroar-benny-briolly-rainha-de-bateria-no-domingo-29\\\/\"]}]},{\"@type\":\"ImageObject\",\"inLanguage\":\"en-US\",\"@id\":\"https:\\\/\\\/folhadoleste.com.br\\\/souza-soares-vai-coroar-benny-briolly-rainha-de-bateria-no-domingo-29\\\/#primaryimage\",\"url\":\"https:\\\/\\\/folhadoleste.com.br\\\/wp-content\\\/uploads\\\/2023\\\/10\\\/Souza-Soares-vai-coroar-Benny-Briolly-rainha-de-bateria-no-domingo-329-Foto-Divulgacao.jpg\",\"contentUrl\":\"https:\\\/\\\/folhadoleste.com.br\\\/wp-content\\\/uploads\\\/2023\\\/10\\\/Souza-Soares-vai-coroar-Benny-Briolly-rainha-de-bateria-no-domingo-329-Foto-Divulgacao.jpg\",\"width\":1024,\"height\":682,\"caption\":\"Foto: Divulgal\u00e7\u00e3o\"},{\"@type\":\"BreadcrumbList\",\"@id\":\"https:\\\/\\\/folhadoleste.com.br\\\/souza-soares-vai-coroar-benny-briolly-rainha-de-bateria-no-domingo-29\\\/#breadcrumb\",\"itemListElement\":[{\"@type\":\"ListItem\",\"position\":1,\"name\":\"In\u00edcio\",\"item\":\"https:\\\/\\\/folhadoleste.com.br\\\/\"},{\"@type\":\"ListItem\",\"position\":2,\"name\":\"Entretenimento, Artes e Cultura\",\"item\":\"https:\\\/\\\/folhadoleste.com.br\\\/category\\\/entretenimento-artes-e-cultura-destaque\\\/\"},{\"@type\":\"ListItem\",\"position\":3,\"name\":\"Carnaval\",\"item\":\"https:\\\/\\\/folhadoleste.com.br\\\/category\\\/entretenimento-artes-e-cultura-destaque\\\/carnaval\\\/\"},{\"@type\":\"ListItem\",\"position\":4,\"name\":\"Souza Soares vai coroar Benny Briolly rainha de bateria no domingo (29)\"}]},{\"@type\":\"WebSite\",\"@id\":\"https:\\\/\\\/folhadoleste.com.br\\\/#website\",\"url\":\"https:\\\/\\\/folhadoleste.com.br\\\/\",\"name\":\"Folha do Leste\",\"description\":\"Portal de Not\u00edcias com \u00eanfase em Niter\u00f3i, criando conte\u00fados desde a capital Rio de Janeiro, com olhar para o Leste Fluminense e suas cidades como S\u00e3o Gon\u00e7alo, Itabora\u00ed, Rio Bonito, Maric\u00e1, Saquarema e Araruama\",\"publisher\":{\"@id\":\"https:\\\/\\\/folhadoleste.com.br\\\/#organization\"},\"alternateName\":\"FL\",\"potentialAction\":[{\"@type\":\"SearchAction\",\"target\":{\"@type\":\"EntryPoint\",\"urlTemplate\":\"https:\\\/\\\/folhadoleste.com.br\\\/?s={search_term_string}\"},\"query-input\":{\"@type\":\"PropertyValueSpecification\",\"valueRequired\":true,\"valueName\":\"search_term_string\"}}],\"inLanguage\":\"en-US\"},{\"@type\":\"Organization\",\"@id\":\"https:\\\/\\\/folhadoleste.com.br\\\/#organization\",\"name\":\"Brasil 21 Comunica\u00e7\u00e3o\",\"alternateName\":\"BR21\",\"url\":\"https:\\\/\\\/folhadoleste.com.br\\\/\",\"logo\":{\"@type\":\"ImageObject\",\"inLanguage\":\"en-US\",\"@id\":\"https:\\\/\\\/folhadoleste.com.br\\\/#\\\/schema\\\/logo\\\/image\\\/\",\"url\":\"https:\\\/\\\/folhadoleste.com.br\\\/wp-content\\\/uploads\\\/2025\\\/12\\\/brasil-21-logomarca.avif\",\"contentUrl\":\"https:\\\/\\\/folhadoleste.com.br\\\/wp-content\\\/uploads\\\/2025\\\/12\\\/brasil-21-logomarca.avif\",\"width\":1044,\"height\":1044,\"caption\":\"Brasil 21 Comunica\u00e7\u00e3o\"},\"image\":{\"@id\":\"https:\\\/\\\/folhadoleste.com.br\\\/#\\\/schema\\\/logo\\\/image\\\/\"},\"sameAs\":[\"https:\\\/\\\/www.facebook.com\\\/folhadoleste\",\"https:\\\/\\\/x.com\\\/FolhadoLesteRJ\",\"https:\\\/\\\/www.instagram.com\\\/folhadoleste\\\/\"]},{\"@type\":\"Person\",\"@id\":\"https:\\\/\\\/folhadoleste.com.br\\\/#\\\/schema\\\/person\\\/3e97145b2e1861276e84471aa85a3899\",\"name\":\"Folha do Leste\",\"image\":{\"@type\":\"ImageObject\",\"inLanguage\":\"en-US\",\"@id\":\"https:\\\/\\\/folhadoleste.com.br\\\/wp-content\\\/litespeed\\\/avatar\\\/1ca8c218432e7045e748610eb3db0259.jpg?ver=1777161142\",\"url\":\"https:\\\/\\\/folhadoleste.com.br\\\/wp-content\\\/litespeed\\\/avatar\\\/1ca8c218432e7045e748610eb3db0259.jpg?ver=1777161142\",\"contentUrl\":\"https:\\\/\\\/folhadoleste.com.br\\\/wp-content\\\/litespeed\\\/avatar\\\/1ca8c218432e7045e748610eb3db0259.jpg?ver=1777161142\",\"caption\":\"Folha do Leste\"},\"url\":\"https:\\\/\\\/folhadoleste.com.br\\\/en\\\/author\\\/reportagem-01\\\/\"}]}<\/script>\n<!-- \/ Yoast SEO plugin. -->","yoast_head_json":{"title":"Souza Soares vai coroar Benny Briolly rainha de bateria no domingo (29)","description":"Souza Soares vai coroar Benny Briolly rainha de bateria no domingo (29)...","robots":{"index":"index","follow":"follow","max-snippet":"max-snippet:-1","max-image-preview":"max-image-preview:large","max-video-preview":"max-video-preview:-1"},"canonical":"https:\/\/folhadoleste.com.br\/en\/souza-soares-vai-coroar-benny-briolly-rainha-de-bateria-no-domingo-29\/","og_locale":"en_US","og_type":"article","og_title":"Souza Soares vai coroar Benny Briolly rainha de bateria no domingo (29)","og_description":"Carnaval &#8226; Folha do Leste","og_url":"https:\/\/folhadoleste.com.br\/en\/souza-soares-vai-coroar-benny-briolly-rainha-de-bateria-no-domingo-29\/","og_site_name":"Folha do Leste","article_publisher":"https:\/\/www.facebook.com\/folhadoleste","article_published_time":"2023-10-23T16:03:28+00:00","article_modified_time":"2023-10-23T16:04:19+00:00","og_image":[{"width":1024,"height":682,"url":"https:\/\/folhadoleste.com.br\/wp-content\/uploads\/2023\/10\/Souza-Soares-vai-coroar-Benny-Briolly-rainha-de-bateria-no-domingo-329-Foto-Divulgacao.jpg","type":"image\/jpeg"}],"author":"Folha do Leste","twitter_card":"summary_large_image","twitter_creator":"@FolhadoLesteRJ","twitter_site":"@FolhadoLesteRJ","twitter_misc":{"Written by":"Folha do Leste","Est. reading time":"3 minutes"},"schema":{"@context":"https:\/\/schema.org","@graph":[{"@type":"NewsArticle","@id":"https:\/\/folhadoleste.com.br\/souza-soares-vai-coroar-benny-briolly-rainha-de-bateria-no-domingo-29\/#article","isPartOf":{"@id":"https:\/\/folhadoleste.com.br\/souza-soares-vai-coroar-benny-briolly-rainha-de-bateria-no-domingo-29\/"},"author":{"name":"Folha do Leste","@id":"https:\/\/folhadoleste.com.br\/#\/schema\/person\/3e97145b2e1861276e84471aa85a3899"},"headline":"Souza Soares vai coroar Benny Briolly rainha de bateria no domingo (29)","datePublished":"2023-10-23T16:03:28+00:00","dateModified":"2023-10-23T16:04:19+00:00","mainEntityOfPage":{"@id":"https:\/\/folhadoleste.com.br\/souza-soares-vai-coroar-benny-briolly-rainha-de-bateria-no-domingo-29\/"},"wordCount":481,"commentCount":0,"publisher":{"@id":"https:\/\/folhadoleste.com.br\/#organization"},"image":{"@id":"https:\/\/folhadoleste.com.br\/souza-soares-vai-coroar-benny-briolly-rainha-de-bateria-no-domingo-29\/#primaryimage"},"thumbnailUrl":"https:\/\/folhadoleste.com.br\/wp-content\/uploads\/2023\/10\/Souza-Soares-vai-coroar-Benny-Briolly-rainha-de-bateria-no-domingo-329-Foto-Divulgacao.jpg","keywords":["Benny Briolly","carnaval","Cultura","entretenimento","m\u00fasica","Rainha da Bateria","Souza Soares"],"articleSection":["Carnaval","Cultura","Entretenimento","Entretenimento, Artes e Cultura","M\u00fasica"],"inLanguage":"en-US","potentialAction":[{"@type":"CommentAction","name":"Comment","target":["https:\/\/folhadoleste.com.br\/souza-soares-vai-coroar-benny-briolly-rainha-de-bateria-no-domingo-29\/#respond"]}]},{"@type":"WebPage","@id":"https:\/\/folhadoleste.com.br\/souza-soares-vai-coroar-benny-briolly-rainha-de-bateria-no-domingo-29\/","url":"https:\/\/folhadoleste.com.br\/souza-soares-vai-coroar-benny-briolly-rainha-de-bateria-no-domingo-29\/","name":"Souza Soares vai coroar Benny Briolly rainha de bateria no domingo (29)","isPartOf":{"@id":"https:\/\/folhadoleste.com.br\/#website"},"primaryImageOfPage":{"@id":"https:\/\/folhadoleste.com.br\/souza-soares-vai-coroar-benny-briolly-rainha-de-bateria-no-domingo-29\/#primaryimage"},"image":{"@id":"https:\/\/folhadoleste.com.br\/souza-soares-vai-coroar-benny-briolly-rainha-de-bateria-no-domingo-29\/#primaryimage"},"thumbnailUrl":"https:\/\/folhadoleste.com.br\/wp-content\/uploads\/2023\/10\/Souza-Soares-vai-coroar-Benny-Briolly-rainha-de-bateria-no-domingo-329-Foto-Divulgacao.jpg","datePublished":"2023-10-23T16:03:28+00:00","dateModified":"2023-10-23T16:04:19+00:00","description":"Souza Soares vai coroar Benny Briolly rainha de bateria no domingo (29)...","breadcrumb":{"@id":"https:\/\/folhadoleste.com.br\/souza-soares-vai-coroar-benny-briolly-rainha-de-bateria-no-domingo-29\/#breadcrumb"},"inLanguage":"en-US","potentialAction":[{"@type":"ReadAction","target":["https:\/\/folhadoleste.com.br\/souza-soares-vai-coroar-benny-briolly-rainha-de-bateria-no-domingo-29\/"]}]},{"@type":"ImageObject","inLanguage":"en-US","@id":"https:\/\/folhadoleste.com.br\/souza-soares-vai-coroar-benny-briolly-rainha-de-bateria-no-domingo-29\/#primaryimage","url":"https:\/\/folhadoleste.com.br\/wp-content\/uploads\/2023\/10\/Souza-Soares-vai-coroar-Benny-Briolly-rainha-de-bateria-no-domingo-329-Foto-Divulgacao.jpg","contentUrl":"https:\/\/folhadoleste.com.br\/wp-content\/uploads\/2023\/10\/Souza-Soares-vai-coroar-Benny-Briolly-rainha-de-bateria-no-domingo-329-Foto-Divulgacao.jpg","width":1024,"height":682,"caption":"Foto: Divulgal\u00e7\u00e3o"},{"@type":"BreadcrumbList","@id":"https:\/\/folhadoleste.com.br\/souza-soares-vai-coroar-benny-briolly-rainha-de-bateria-no-domingo-29\/#breadcrumb","itemListElement":[{"@type":"ListItem","position":1,"name":"In\u00edcio","item":"https:\/\/folhadoleste.com.br\/"},{"@type":"ListItem","position":2,"name":"Entretenimento, Artes e Cultura","item":"https:\/\/folhadoleste.com.br\/category\/entretenimento-artes-e-cultura-destaque\/"},{"@type":"ListItem","position":3,"name":"Carnaval","item":"https:\/\/folhadoleste.com.br\/category\/entretenimento-artes-e-cultura-destaque\/carnaval\/"},{"@type":"ListItem","position":4,"name":"Souza Soares vai coroar Benny Briolly rainha de bateria no domingo (29)"}]},{"@type":"WebSite","@id":"https:\/\/folhadoleste.com.br\/#website","url":"https:\/\/folhadoleste.com.br\/","name":"Folha do Leste","description":"Portal de Not\u00edcias com \u00eanfase em Niter\u00f3i, criando conte\u00fados desde a capital Rio de Janeiro, com olhar para o Leste Fluminense e suas cidades como S\u00e3o Gon\u00e7alo, Itabora\u00ed, Rio Bonito, Maric\u00e1, Saquarema e Araruama","publisher":{"@id":"https:\/\/folhadoleste.com.br\/#organization"},"alternateName":"FL","potentialAction":[{"@type":"SearchAction","target":{"@type":"EntryPoint","urlTemplate":"https:\/\/folhadoleste.com.br\/?s={search_term_string}"},"query-input":{"@type":"PropertyValueSpecification","valueRequired":true,"valueName":"search_term_string"}}],"inLanguage":"en-US"},{"@type":"Organization","@id":"https:\/\/folhadoleste.com.br\/#organization","name":"Brasil 21 Comunica\u00e7\u00e3o","alternateName":"BR21","url":"https:\/\/folhadoleste.com.br\/","logo":{"@type":"ImageObject","inLanguage":"en-US","@id":"https:\/\/folhadoleste.com.br\/#\/schema\/logo\/image\/","url":"https:\/\/folhadoleste.com.br\/wp-content\/uploads\/2025\/12\/brasil-21-logomarca.avif","contentUrl":"https:\/\/folhadoleste.com.br\/wp-content\/uploads\/2025\/12\/brasil-21-logomarca.avif","width":1044,"height":1044,"caption":"Brasil 21 Comunica\u00e7\u00e3o"},"image":{"@id":"https:\/\/folhadoleste.com.br\/#\/schema\/logo\/image\/"},"sameAs":["https:\/\/www.facebook.com\/folhadoleste","https:\/\/x.com\/FolhadoLesteRJ","https:\/\/www.instagram.com\/folhadoleste\/"]},{"@type":"Person","@id":"https:\/\/folhadoleste.com.br\/#\/schema\/person\/3e97145b2e1861276e84471aa85a3899","name":"Folha do Leste","image":{"@type":"ImageObject","inLanguage":"en-US","@id":"https:\/\/folhadoleste.com.br\/wp-content\/litespeed\/avatar\/1ca8c218432e7045e748610eb3db0259.jpg?ver=1777161142","url":"https:\/\/folhadoleste.com.br\/wp-content\/litespeed\/avatar\/1ca8c218432e7045e748610eb3db0259.jpg?ver=1777161142","contentUrl":"https:\/\/folhadoleste.com.br\/wp-content\/litespeed\/avatar\/1ca8c218432e7045e748610eb3db0259.jpg?ver=1777161142","caption":"Folha do Leste"},"url":"https:\/\/folhadoleste.com.br\/en\/author\/reportagem-01\/"}]}},"_links":{"self":[{"href":"https:\/\/folhadoleste.com.br\/en\/wp-json\/wp\/v2\/posts\/32286","targetHints":{"allow":["GET"]}}],"collection":[{"href":"https:\/\/folhadoleste.com.br\/en\/wp-json\/wp\/v2\/posts"}],"about":[{"href":"https:\/\/folhadoleste.com.br\/en\/wp-json\/wp\/v2\/types\/post"}],"author":[{"embeddable":true,"href":"https:\/\/folhadoleste.com.br\/en\/wp-json\/wp\/v2\/users\/4"}],"replies":[{"embeddable":true,"href":"https:\/\/folhadoleste.com.br\/en\/wp-json\/wp\/v2\/comments?post=32286"}],"version-history":[{"count":2,"href":"https:\/\/folhadoleste.com.br\/en\/wp-json\/wp\/v2\/posts\/32286\/revisions"}],"predecessor-version":[{"id":32299,"href":"https:\/\/folhadoleste.com.br\/en\/wp-json\/wp\/v2\/posts\/32286\/revisions\/32299"}],"wp:featuredmedia":[{"embeddable":true,"href":"https:\/\/folhadoleste.com.br\/en\/wp-json\/wp\/v2\/media\/32297"}],"wp:attachment":[{"href":"https:\/\/folhadoleste.com.br\/en\/wp-json\/wp\/v2\/media?parent=32286"}],"wp:term":[{"taxonomy":"category","embeddable":true,"href":"https:\/\/folhadoleste.com.br\/en\/wp-json\/wp\/v2\/categories?post=32286"},{"taxonomy":"post_tag","embeddable":true,"href":"https:\/\/folhadoleste.com.br\/en\/wp-json\/wp\/v2\/tags?post=32286"}],"curies":[{"name":"wp","href":"https:\/\/api.w.org\/{rel}","templated":true}]}}