{"id":32098,"date":"2023-10-22T11:58:02","date_gmt":"2023-10-22T14:58:02","guid":{"rendered":"https:\/\/folhadoleste.com.br\/?p=32098"},"modified":"2023-10-22T11:58:02","modified_gmt":"2023-10-22T14:58:02","slug":"niteroi-debate-politicas-publicas-para-pessoas-com-deficiencia","status":"publish","type":"post","link":"https:\/\/folhadoleste.com.br\/en\/niteroi-debate-politicas-publicas-para-pessoas-com-deficiencia\/","title":{"rendered":"Niter\u00f3i debate pol\u00edticas p\u00fablicas para pessoas com defici\u00eancia"},"content":{"rendered":"<div id=\"attachment_32100\" style=\"width: 1210px\" class=\"wp-caption aligncenter\"><img decoding=\"async\" aria-describedby=\"caption-attachment-32100\" class=\"size-full wp-image-32100\" src=\"https:\/\/folhadoleste.com.br\/wp-content\/uploads\/2023\/10\/Niteroi-debate-politicas-publicas-para-pessoas-com-deficiencia-Foto-Reproducao.webp\" alt=\"Niter\u00f3i debate pol\u00edticas p\u00fablicas para pessoas com defici\u00eancia\" width=\"1200\" height=\"750\" \/><p id=\"caption-attachment-32100\" class=\"wp-caption-text\">Foto: Reprodu\u00e7\u00e3o<\/p><\/div>\n<p>Acontece na pr\u00f3xima ter\u00e7a-feira (24), das 08h \u00e0s 17h, na sede da Igreja Metodista Wesleyana, a V Confer\u00eancia Municipal da Pessoa com Defici\u00eancia.<\/p>\n<p>O evento, promovido pela prefeitura, tem como objetivo colocar a inclus\u00e3o e a acessibilidade como prioridades no munic\u00edpio de Niter\u00f3i.<\/p>\n<p>Com o tema \u201cCen\u00e1rio Atual e Futuro na Implementa\u00e7\u00e3o dos Direitos da Pessoa com Defici\u00eancia: Construindo um Brasil mais Inclusivo\u201d, a confer\u00eancia ir\u00e1 discutir estrat\u00e9gias para manter e aprimorar a inclus\u00e3o da classe. A organiza\u00e7\u00e3o do evento fica por conta do Conselho Municipal da Pessoa com Defici\u00eancia (Compede), em parceria com a Secretaria Municipal de Assist\u00eancia Social e Economia Solid\u00e1ria (SMASES).<\/p>\n<h4><a href=\"https:\/\/folhadoleste.com.br\/en\/category\/jornal-folha-do-leste-rj\/niteroi\/\"><strong>\u201cLeia mais not\u00edcias sobre Niter\u00f3i aqui\u201d<\/strong><\/a><\/h4>\n<p>Para participar, os interessados devem realizar a inscri\u00e7\u00e3o pelo link: <strong><a href=\"https:\/\/forms.gle\/wmnToZ1RGGhKTxAr6.\">https:\/\/forms.gle\/wmnToZ1RGGhKTxAr6.<\/a><\/strong> A Secretaria de Acessibilidade de Niter\u00f3i est\u00e1 diretamente envolvida na organiza\u00e7\u00e3o do evento, levantando o tema e formando a equipe t\u00e9cnica respons\u00e1vel pelos debates. Ser\u00e3o abordados cinco eixos, ampliando as discuss\u00f5es sobre acessibilidade e inclus\u00e3o.<\/p>\n<p>O Compede \u00e9 o \u00f3rg\u00e3o deliberativo e fiscalizador da pol\u00edtica municipal dos direitos das pessoas com defici\u00eancia. Com uma composi\u00e7\u00e3o parit\u00e1ria entre governo e sociedade civil, o conselho tem o objetivo de discutir n\u00e3o apenas as pol\u00edticas p\u00fablicas em desenvolvimento, mas tamb\u00e9m ouvir a popula\u00e7\u00e3o.<\/p>\n<p>A subsecret\u00e1ria municipal de Acessibilidade, Simone Capella, que tamb\u00e9m \u00e9 conselheira do Compede, ressaltou a import\u00e2ncia de falar sobre inclus\u00e3o sem deixar de lado a acessibilidade. Segundo ela, a confer\u00eancia proporcionar\u00e1 um olhar amplo e completo sobre essas quest\u00f5es.<\/p>\n<p>&nbsp;<\/p>\n<p><a href=\"https:\/\/www.instagram.com\/folhadoleste\/\"><img decoding=\"async\" class=\"aligncenter wp-image-15962\" src=\"https:\/\/folhadoleste.com.br\/wp-content\/uploads\/2023\/07\/instagram.jpg.webp\" alt=\"Itaipu-Itaipua\u00e7u: Caminh\u00e3o causa grave acidente na RJ-102, a estrada da Serrinha\" width=\"49\" height=\"49\" \/><\/a><a href=\"https:\/\/www.facebook.com\/folhadoleste\"><img decoding=\"async\" class=\"aligncenter wp-image-7424\" src=\"https:\/\/folhadoleste.com.br\/wp-content\/uploads\/2023\/05\/facebook-logo-3-1.png.webp\" alt=\"Itaipu-Itaipua\u00e7u: Caminh\u00e3o causa grave acidente na RJ-102, a estrada da Serrinha\" width=\"49\" height=\"49\" \/><\/a><\/p>","protected":false},"excerpt":{"rendered":"<p>Acontece na pr\u00f3xima ter\u00e7a-feira (24), das 08h \u00e0s 17h, na sede da Igreja Metodista Wesleyana, a V Confer\u00eancia Municipal da Pessoa com Defici\u00eancia. O evento, promovido pela prefeitura, tem como objetivo colocar a inclus\u00e3o e a acessibilidade como prioridades no munic\u00edpio de Niter\u00f3i. Com o tema \u201cCen\u00e1rio Atual e Futuro na Implementa\u00e7\u00e3o dos Direitos da Pessoa com Defici\u00eancia: Construindo um Brasil mais Inclusivo\u201d, a confer\u00eancia ir\u00e1 discutir estrat\u00e9gias para manter e aprimorar a inclus\u00e3o da classe. A organiza\u00e7\u00e3o do evento fica por conta do Conselho Municipal da Pessoa com Defici\u00eancia (Compede), em parceria com a Secretaria Municipal de Assist\u00eancia Social [&hellip;]<\/p>\n","protected":false},"author":4,"featured_media":32100,"comment_status":"open","ping_status":"open","sticky":false,"template":"","format":"standard","meta":{"footnotes":""},"categories":[47,5],"tags":[211,6702,3126,3818,54,50,597,2821,957,13543,13542,13541],"class_list":["post-32098","post","type-post","status-publish","format-standard","has-post-thumbnail","hentry","category-leste-fluminense","category-noticias-de-niteroi","tag-centro","tag-conferencia","tag-debate","tag-inclusao","tag-leste-fluminense","tag-niteroi","tag-pcd","tag-pessoas-com-deficiencia","tag-politicas-publicas","tag-sociedade","tag-v-conferencia-municipal","tag-v-conferencia-municipal-da-pessoa-com-deficiencia","post--single"],"yoast_head":"<!-- This site is optimized with the Yoast SEO plugin v27.5 - https:\/\/yoast.com\/product\/yoast-seo-wordpress\/ -->\n<title>Niter\u00f3i debate pol\u00edticas p\u00fablicas para pessoas com defici\u00eancia &#8226; Folha do Leste<\/title>\n<meta name=\"description\" content=\"Niter\u00f3i debate pol\u00edticas p\u00fablicas para pessoas com defici\u00eancia...\" \/>\n<meta name=\"robots\" content=\"index, follow, max-snippet:-1, max-image-preview:large, max-video-preview:-1\" \/>\n<link rel=\"canonical\" href=\"https:\/\/folhadoleste.com.br\/en\/niteroi-debate-politicas-publicas-para-pessoas-com-deficiencia\/\" \/>\n<meta property=\"og:locale\" content=\"en_US\" \/>\n<meta property=\"og:type\" content=\"article\" \/>\n<meta property=\"og:title\" content=\"Niter\u00f3i debate pol\u00edticas p\u00fablicas para pessoas com defici\u00eancia &#8226; Folha do Leste\" \/>\n<meta property=\"og:description\" content=\"Niter\u00f3i &#8226; Folha do Leste\" \/>\n<meta property=\"og:url\" content=\"https:\/\/folhadoleste.com.br\/en\/niteroi-debate-politicas-publicas-para-pessoas-com-deficiencia\/\" \/>\n<meta property=\"og:site_name\" content=\"Folha do Leste\" \/>\n<meta property=\"article:publisher\" content=\"https:\/\/www.facebook.com\/folhadoleste\" \/>\n<meta property=\"article:published_time\" content=\"2023-10-22T14:58:02+00:00\" \/>\n<meta property=\"og:image\" content=\"https:\/\/folhadoleste.com.br\/wp-content\/uploads\/2023\/10\/Niteroi-debate-politicas-publicas-para-pessoas-com-deficiencia-Foto-Reproducao.webp\" \/>\n\t<meta property=\"og:image:width\" content=\"1200\" \/>\n\t<meta property=\"og:image:height\" content=\"750\" \/>\n\t<meta property=\"og:image:type\" content=\"image\/webp\" \/>\n<meta name=\"author\" content=\"Folha do Leste\" \/>\n<meta name=\"twitter:card\" content=\"summary_large_image\" \/>\n<meta name=\"twitter:creator\" content=\"@FolhadoLesteRJ\" \/>\n<meta name=\"twitter:site\" content=\"@FolhadoLesteRJ\" \/>\n<meta name=\"twitter:label1\" content=\"Written by\" \/>\n\t<meta name=\"twitter:data1\" content=\"Folha do Leste\" \/>\n\t<meta name=\"twitter:label2\" content=\"Est. reading time\" \/>\n\t<meta name=\"twitter:data2\" content=\"2 minutes\" \/>\n<script type=\"application\/ld+json\" class=\"yoast-schema-graph\">{\"@context\":\"https:\\\/\\\/schema.org\",\"@graph\":[{\"@type\":\"NewsArticle\",\"@id\":\"https:\\\/\\\/folhadoleste.com.br\\\/niteroi-debate-politicas-publicas-para-pessoas-com-deficiencia\\\/#article\",\"isPartOf\":{\"@id\":\"https:\\\/\\\/folhadoleste.com.br\\\/niteroi-debate-politicas-publicas-para-pessoas-com-deficiencia\\\/\"},\"author\":{\"name\":\"Folha do Leste\",\"@id\":\"https:\\\/\\\/folhadoleste.com.br\\\/#\\\/schema\\\/person\\\/3e97145b2e1861276e84471aa85a3899\"},\"headline\":\"Niter\u00f3i debate pol\u00edticas p\u00fablicas para pessoas com defici\u00eancia\",\"datePublished\":\"2023-10-22T14:58:02+00:00\",\"mainEntityOfPage\":{\"@id\":\"https:\\\/\\\/folhadoleste.com.br\\\/niteroi-debate-politicas-publicas-para-pessoas-com-deficiencia\\\/\"},\"wordCount\":307,\"commentCount\":0,\"publisher\":{\"@id\":\"https:\\\/\\\/folhadoleste.com.br\\\/#organization\"},\"image\":{\"@id\":\"https:\\\/\\\/folhadoleste.com.br\\\/niteroi-debate-politicas-publicas-para-pessoas-com-deficiencia\\\/#primaryimage\"},\"thumbnailUrl\":\"https:\\\/\\\/folhadoleste.com.br\\\/wp-content\\\/uploads\\\/2023\\\/10\\\/Niteroi-debate-politicas-publicas-para-pessoas-com-deficiencia-Foto-Reproducao.webp\",\"keywords\":[\"centro\",\"Confer\u00eancia\",\"debate\",\"Inclus\u00e3o\",\"Leste Fluminense\",\"Niter\u00f3i\",\"pcd\",\"Pessoas com defici\u00eancia\",\"pol\u00edticas p\u00fablicas\",\"Sociedade\",\"V Confer\u00eancia Municipal\",\"V Confer\u00eancia Municipal da Pessoa com Defici\u00eancia\"],\"articleSection\":[\"Leste Fluminense\",\"Niter\u00f3i\"],\"inLanguage\":\"en-US\",\"potentialAction\":[{\"@type\":\"CommentAction\",\"name\":\"Comment\",\"target\":[\"https:\\\/\\\/folhadoleste.com.br\\\/niteroi-debate-politicas-publicas-para-pessoas-com-deficiencia\\\/#respond\"]}]},{\"@type\":\"WebPage\",\"@id\":\"https:\\\/\\\/folhadoleste.com.br\\\/niteroi-debate-politicas-publicas-para-pessoas-com-deficiencia\\\/\",\"url\":\"https:\\\/\\\/folhadoleste.com.br\\\/niteroi-debate-politicas-publicas-para-pessoas-com-deficiencia\\\/\",\"name\":\"Niter\u00f3i debate pol\u00edticas p\u00fablicas para pessoas com defici\u00eancia &#8226; Folha do Leste\",\"isPartOf\":{\"@id\":\"https:\\\/\\\/folhadoleste.com.br\\\/#website\"},\"primaryImageOfPage\":{\"@id\":\"https:\\\/\\\/folhadoleste.com.br\\\/niteroi-debate-politicas-publicas-para-pessoas-com-deficiencia\\\/#primaryimage\"},\"image\":{\"@id\":\"https:\\\/\\\/folhadoleste.com.br\\\/niteroi-debate-politicas-publicas-para-pessoas-com-deficiencia\\\/#primaryimage\"},\"thumbnailUrl\":\"https:\\\/\\\/folhadoleste.com.br\\\/wp-content\\\/uploads\\\/2023\\\/10\\\/Niteroi-debate-politicas-publicas-para-pessoas-com-deficiencia-Foto-Reproducao.webp\",\"datePublished\":\"2023-10-22T14:58:02+00:00\",\"description\":\"Niter\u00f3i debate pol\u00edticas p\u00fablicas para pessoas com defici\u00eancia...\",\"breadcrumb\":{\"@id\":\"https:\\\/\\\/folhadoleste.com.br\\\/niteroi-debate-politicas-publicas-para-pessoas-com-deficiencia\\\/#breadcrumb\"},\"inLanguage\":\"en-US\",\"potentialAction\":[{\"@type\":\"ReadAction\",\"target\":[\"https:\\\/\\\/folhadoleste.com.br\\\/niteroi-debate-politicas-publicas-para-pessoas-com-deficiencia\\\/\"]}]},{\"@type\":\"ImageObject\",\"inLanguage\":\"en-US\",\"@id\":\"https:\\\/\\\/folhadoleste.com.br\\\/niteroi-debate-politicas-publicas-para-pessoas-com-deficiencia\\\/#primaryimage\",\"url\":\"https:\\\/\\\/folhadoleste.com.br\\\/wp-content\\\/uploads\\\/2023\\\/10\\\/Niteroi-debate-politicas-publicas-para-pessoas-com-deficiencia-Foto-Reproducao.webp\",\"contentUrl\":\"https:\\\/\\\/folhadoleste.com.br\\\/wp-content\\\/uploads\\\/2023\\\/10\\\/Niteroi-debate-politicas-publicas-para-pessoas-com-deficiencia-Foto-Reproducao.webp\",\"width\":1200,\"height\":750,\"caption\":\"Foto: Reprodu\u00e7\u00e3o\"},{\"@type\":\"BreadcrumbList\",\"@id\":\"https:\\\/\\\/folhadoleste.com.br\\\/niteroi-debate-politicas-publicas-para-pessoas-com-deficiencia\\\/#breadcrumb\",\"itemListElement\":[{\"@type\":\"ListItem\",\"position\":1,\"name\":\"In\u00edcio\",\"item\":\"https:\\\/\\\/folhadoleste.com.br\\\/\"},{\"@type\":\"ListItem\",\"position\":2,\"name\":\"Estado do Rio de Janeiro\",\"item\":\"https:\\\/\\\/folhadoleste.com.br\\\/category\\\/estado-do-rio-de-janeiro\\\/\"},{\"@type\":\"ListItem\",\"position\":3,\"name\":\"Leste Fluminense\",\"item\":\"https:\\\/\\\/folhadoleste.com.br\\\/category\\\/estado-do-rio-de-janeiro\\\/leste-fluminense\\\/\"},{\"@type\":\"ListItem\",\"position\":4,\"name\":\"Niter\u00f3i\",\"item\":\"https:\\\/\\\/folhadoleste.com.br\\\/category\\\/estado-do-rio-de-janeiro\\\/leste-fluminense\\\/noticias-de-niteroi\\\/\"},{\"@type\":\"ListItem\",\"position\":5,\"name\":\"Niter\u00f3i debate pol\u00edticas p\u00fablicas para pessoas com defici\u00eancia\"}]},{\"@type\":\"WebSite\",\"@id\":\"https:\\\/\\\/folhadoleste.com.br\\\/#website\",\"url\":\"https:\\\/\\\/folhadoleste.com.br\\\/\",\"name\":\"Folha do Leste\",\"description\":\"Portal de Not\u00edcias com \u00eanfase em Niter\u00f3i, criando conte\u00fados desde a capital Rio de Janeiro, com olhar para o Leste Fluminense e suas cidades como S\u00e3o Gon\u00e7alo, Itabora\u00ed, Rio Bonito, Maric\u00e1, Saquarema e Araruama\",\"publisher\":{\"@id\":\"https:\\\/\\\/folhadoleste.com.br\\\/#organization\"},\"alternateName\":\"FL\",\"potentialAction\":[{\"@type\":\"SearchAction\",\"target\":{\"@type\":\"EntryPoint\",\"urlTemplate\":\"https:\\\/\\\/folhadoleste.com.br\\\/?s={search_term_string}\"},\"query-input\":{\"@type\":\"PropertyValueSpecification\",\"valueRequired\":true,\"valueName\":\"search_term_string\"}}],\"inLanguage\":\"en-US\"},{\"@type\":\"Organization\",\"@id\":\"https:\\\/\\\/folhadoleste.com.br\\\/#organization\",\"name\":\"Brasil 21 Comunica\u00e7\u00e3o\",\"alternateName\":\"BR21\",\"url\":\"https:\\\/\\\/folhadoleste.com.br\\\/\",\"logo\":{\"@type\":\"ImageObject\",\"inLanguage\":\"en-US\",\"@id\":\"https:\\\/\\\/folhadoleste.com.br\\\/#\\\/schema\\\/logo\\\/image\\\/\",\"url\":\"https:\\\/\\\/folhadoleste.com.br\\\/wp-content\\\/uploads\\\/2025\\\/12\\\/brasil-21-logomarca.avif\",\"contentUrl\":\"https:\\\/\\\/folhadoleste.com.br\\\/wp-content\\\/uploads\\\/2025\\\/12\\\/brasil-21-logomarca.avif\",\"width\":1044,\"height\":1044,\"caption\":\"Brasil 21 Comunica\u00e7\u00e3o\"},\"image\":{\"@id\":\"https:\\\/\\\/folhadoleste.com.br\\\/#\\\/schema\\\/logo\\\/image\\\/\"},\"sameAs\":[\"https:\\\/\\\/www.facebook.com\\\/folhadoleste\",\"https:\\\/\\\/x.com\\\/FolhadoLesteRJ\",\"https:\\\/\\\/www.instagram.com\\\/folhadoleste\\\/\"]},{\"@type\":\"Person\",\"@id\":\"https:\\\/\\\/folhadoleste.com.br\\\/#\\\/schema\\\/person\\\/3e97145b2e1861276e84471aa85a3899\",\"name\":\"Folha do Leste\",\"image\":{\"@type\":\"ImageObject\",\"inLanguage\":\"en-US\",\"@id\":\"https:\\\/\\\/folhadoleste.com.br\\\/wp-content\\\/litespeed\\\/avatar\\\/1ca8c218432e7045e748610eb3db0259.jpg?ver=1777161142\",\"url\":\"https:\\\/\\\/folhadoleste.com.br\\\/wp-content\\\/litespeed\\\/avatar\\\/1ca8c218432e7045e748610eb3db0259.jpg?ver=1777161142\",\"contentUrl\":\"https:\\\/\\\/folhadoleste.com.br\\\/wp-content\\\/litespeed\\\/avatar\\\/1ca8c218432e7045e748610eb3db0259.jpg?ver=1777161142\",\"caption\":\"Folha do Leste\"},\"url\":\"https:\\\/\\\/folhadoleste.com.br\\\/en\\\/author\\\/reportagem-01\\\/\"}]}<\/script>\n<!-- \/ Yoast SEO plugin. -->","yoast_head_json":{"title":"Niter\u00f3i debate pol\u00edticas p\u00fablicas para pessoas com defici\u00eancia &#8226; Folha do Leste","description":"Niter\u00f3i debate pol\u00edticas p\u00fablicas para pessoas com defici\u00eancia...","robots":{"index":"index","follow":"follow","max-snippet":"max-snippet:-1","max-image-preview":"max-image-preview:large","max-video-preview":"max-video-preview:-1"},"canonical":"https:\/\/folhadoleste.com.br\/en\/niteroi-debate-politicas-publicas-para-pessoas-com-deficiencia\/","og_locale":"en_US","og_type":"article","og_title":"Niter\u00f3i debate pol\u00edticas p\u00fablicas para pessoas com defici\u00eancia &#8226; Folha do Leste","og_description":"Niter\u00f3i &#8226; Folha do Leste","og_url":"https:\/\/folhadoleste.com.br\/en\/niteroi-debate-politicas-publicas-para-pessoas-com-deficiencia\/","og_site_name":"Folha do Leste","article_publisher":"https:\/\/www.facebook.com\/folhadoleste","article_published_time":"2023-10-22T14:58:02+00:00","og_image":[{"width":1200,"height":750,"url":"https:\/\/folhadoleste.com.br\/wp-content\/uploads\/2023\/10\/Niteroi-debate-politicas-publicas-para-pessoas-com-deficiencia-Foto-Reproducao.webp","type":"image\/webp"}],"author":"Folha do Leste","twitter_card":"summary_large_image","twitter_creator":"@FolhadoLesteRJ","twitter_site":"@FolhadoLesteRJ","twitter_misc":{"Written by":"Folha do Leste","Est. reading time":"2 minutes"},"schema":{"@context":"https:\/\/schema.org","@graph":[{"@type":"NewsArticle","@id":"https:\/\/folhadoleste.com.br\/niteroi-debate-politicas-publicas-para-pessoas-com-deficiencia\/#article","isPartOf":{"@id":"https:\/\/folhadoleste.com.br\/niteroi-debate-politicas-publicas-para-pessoas-com-deficiencia\/"},"author":{"name":"Folha do Leste","@id":"https:\/\/folhadoleste.com.br\/#\/schema\/person\/3e97145b2e1861276e84471aa85a3899"},"headline":"Niter\u00f3i debate pol\u00edticas p\u00fablicas para pessoas com defici\u00eancia","datePublished":"2023-10-22T14:58:02+00:00","mainEntityOfPage":{"@id":"https:\/\/folhadoleste.com.br\/niteroi-debate-politicas-publicas-para-pessoas-com-deficiencia\/"},"wordCount":307,"commentCount":0,"publisher":{"@id":"https:\/\/folhadoleste.com.br\/#organization"},"image":{"@id":"https:\/\/folhadoleste.com.br\/niteroi-debate-politicas-publicas-para-pessoas-com-deficiencia\/#primaryimage"},"thumbnailUrl":"https:\/\/folhadoleste.com.br\/wp-content\/uploads\/2023\/10\/Niteroi-debate-politicas-publicas-para-pessoas-com-deficiencia-Foto-Reproducao.webp","keywords":["centro","Confer\u00eancia","debate","Inclus\u00e3o","Leste Fluminense","Niter\u00f3i","pcd","Pessoas com defici\u00eancia","pol\u00edticas p\u00fablicas","Sociedade","V Confer\u00eancia Municipal","V Confer\u00eancia Municipal da Pessoa com Defici\u00eancia"],"articleSection":["Leste Fluminense","Niter\u00f3i"],"inLanguage":"en-US","potentialAction":[{"@type":"CommentAction","name":"Comment","target":["https:\/\/folhadoleste.com.br\/niteroi-debate-politicas-publicas-para-pessoas-com-deficiencia\/#respond"]}]},{"@type":"WebPage","@id":"https:\/\/folhadoleste.com.br\/niteroi-debate-politicas-publicas-para-pessoas-com-deficiencia\/","url":"https:\/\/folhadoleste.com.br\/niteroi-debate-politicas-publicas-para-pessoas-com-deficiencia\/","name":"Niter\u00f3i debate pol\u00edticas p\u00fablicas para pessoas com defici\u00eancia &#8226; Folha do Leste","isPartOf":{"@id":"https:\/\/folhadoleste.com.br\/#website"},"primaryImageOfPage":{"@id":"https:\/\/folhadoleste.com.br\/niteroi-debate-politicas-publicas-para-pessoas-com-deficiencia\/#primaryimage"},"image":{"@id":"https:\/\/folhadoleste.com.br\/niteroi-debate-politicas-publicas-para-pessoas-com-deficiencia\/#primaryimage"},"thumbnailUrl":"https:\/\/folhadoleste.com.br\/wp-content\/uploads\/2023\/10\/Niteroi-debate-politicas-publicas-para-pessoas-com-deficiencia-Foto-Reproducao.webp","datePublished":"2023-10-22T14:58:02+00:00","description":"Niter\u00f3i debate pol\u00edticas p\u00fablicas para pessoas com defici\u00eancia...","breadcrumb":{"@id":"https:\/\/folhadoleste.com.br\/niteroi-debate-politicas-publicas-para-pessoas-com-deficiencia\/#breadcrumb"},"inLanguage":"en-US","potentialAction":[{"@type":"ReadAction","target":["https:\/\/folhadoleste.com.br\/niteroi-debate-politicas-publicas-para-pessoas-com-deficiencia\/"]}]},{"@type":"ImageObject","inLanguage":"en-US","@id":"https:\/\/folhadoleste.com.br\/niteroi-debate-politicas-publicas-para-pessoas-com-deficiencia\/#primaryimage","url":"https:\/\/folhadoleste.com.br\/wp-content\/uploads\/2023\/10\/Niteroi-debate-politicas-publicas-para-pessoas-com-deficiencia-Foto-Reproducao.webp","contentUrl":"https:\/\/folhadoleste.com.br\/wp-content\/uploads\/2023\/10\/Niteroi-debate-politicas-publicas-para-pessoas-com-deficiencia-Foto-Reproducao.webp","width":1200,"height":750,"caption":"Foto: Reprodu\u00e7\u00e3o"},{"@type":"BreadcrumbList","@id":"https:\/\/folhadoleste.com.br\/niteroi-debate-politicas-publicas-para-pessoas-com-deficiencia\/#breadcrumb","itemListElement":[{"@type":"ListItem","position":1,"name":"In\u00edcio","item":"https:\/\/folhadoleste.com.br\/"},{"@type":"ListItem","position":2,"name":"Estado do Rio de Janeiro","item":"https:\/\/folhadoleste.com.br\/category\/estado-do-rio-de-janeiro\/"},{"@type":"ListItem","position":3,"name":"Leste Fluminense","item":"https:\/\/folhadoleste.com.br\/category\/estado-do-rio-de-janeiro\/leste-fluminense\/"},{"@type":"ListItem","position":4,"name":"Niter\u00f3i","item":"https:\/\/folhadoleste.com.br\/category\/estado-do-rio-de-janeiro\/leste-fluminense\/noticias-de-niteroi\/"},{"@type":"ListItem","position":5,"name":"Niter\u00f3i debate pol\u00edticas p\u00fablicas para pessoas com defici\u00eancia"}]},{"@type":"WebSite","@id":"https:\/\/folhadoleste.com.br\/#website","url":"https:\/\/folhadoleste.com.br\/","name":"Folha do Leste","description":"Portal de Not\u00edcias com \u00eanfase em Niter\u00f3i, criando conte\u00fados desde a capital Rio de Janeiro, com olhar para o Leste Fluminense e suas cidades como S\u00e3o Gon\u00e7alo, Itabora\u00ed, Rio Bonito, Maric\u00e1, Saquarema e Araruama","publisher":{"@id":"https:\/\/folhadoleste.com.br\/#organization"},"alternateName":"FL","potentialAction":[{"@type":"SearchAction","target":{"@type":"EntryPoint","urlTemplate":"https:\/\/folhadoleste.com.br\/?s={search_term_string}"},"query-input":{"@type":"PropertyValueSpecification","valueRequired":true,"valueName":"search_term_string"}}],"inLanguage":"en-US"},{"@type":"Organization","@id":"https:\/\/folhadoleste.com.br\/#organization","name":"Brasil 21 Comunica\u00e7\u00e3o","alternateName":"BR21","url":"https:\/\/folhadoleste.com.br\/","logo":{"@type":"ImageObject","inLanguage":"en-US","@id":"https:\/\/folhadoleste.com.br\/#\/schema\/logo\/image\/","url":"https:\/\/folhadoleste.com.br\/wp-content\/uploads\/2025\/12\/brasil-21-logomarca.avif","contentUrl":"https:\/\/folhadoleste.com.br\/wp-content\/uploads\/2025\/12\/brasil-21-logomarca.avif","width":1044,"height":1044,"caption":"Brasil 21 Comunica\u00e7\u00e3o"},"image":{"@id":"https:\/\/folhadoleste.com.br\/#\/schema\/logo\/image\/"},"sameAs":["https:\/\/www.facebook.com\/folhadoleste","https:\/\/x.com\/FolhadoLesteRJ","https:\/\/www.instagram.com\/folhadoleste\/"]},{"@type":"Person","@id":"https:\/\/folhadoleste.com.br\/#\/schema\/person\/3e97145b2e1861276e84471aa85a3899","name":"Folha do Leste","image":{"@type":"ImageObject","inLanguage":"en-US","@id":"https:\/\/folhadoleste.com.br\/wp-content\/litespeed\/avatar\/1ca8c218432e7045e748610eb3db0259.jpg?ver=1777161142","url":"https:\/\/folhadoleste.com.br\/wp-content\/litespeed\/avatar\/1ca8c218432e7045e748610eb3db0259.jpg?ver=1777161142","contentUrl":"https:\/\/folhadoleste.com.br\/wp-content\/litespeed\/avatar\/1ca8c218432e7045e748610eb3db0259.jpg?ver=1777161142","caption":"Folha do Leste"},"url":"https:\/\/folhadoleste.com.br\/en\/author\/reportagem-01\/"}]}},"_links":{"self":[{"href":"https:\/\/folhadoleste.com.br\/en\/wp-json\/wp\/v2\/posts\/32098","targetHints":{"allow":["GET"]}}],"collection":[{"href":"https:\/\/folhadoleste.com.br\/en\/wp-json\/wp\/v2\/posts"}],"about":[{"href":"https:\/\/folhadoleste.com.br\/en\/wp-json\/wp\/v2\/types\/post"}],"author":[{"embeddable":true,"href":"https:\/\/folhadoleste.com.br\/en\/wp-json\/wp\/v2\/users\/4"}],"replies":[{"embeddable":true,"href":"https:\/\/folhadoleste.com.br\/en\/wp-json\/wp\/v2\/comments?post=32098"}],"version-history":[{"count":1,"href":"https:\/\/folhadoleste.com.br\/en\/wp-json\/wp\/v2\/posts\/32098\/revisions"}],"predecessor-version":[{"id":32102,"href":"https:\/\/folhadoleste.com.br\/en\/wp-json\/wp\/v2\/posts\/32098\/revisions\/32102"}],"wp:featuredmedia":[{"embeddable":true,"href":"https:\/\/folhadoleste.com.br\/en\/wp-json\/wp\/v2\/media\/32100"}],"wp:attachment":[{"href":"https:\/\/folhadoleste.com.br\/en\/wp-json\/wp\/v2\/media?parent=32098"}],"wp:term":[{"taxonomy":"category","embeddable":true,"href":"https:\/\/folhadoleste.com.br\/en\/wp-json\/wp\/v2\/categories?post=32098"},{"taxonomy":"post_tag","embeddable":true,"href":"https:\/\/folhadoleste.com.br\/en\/wp-json\/wp\/v2\/tags?post=32098"}],"curies":[{"name":"wp","href":"https:\/\/api.w.org\/{rel}","templated":true}]}}