{"id":31813,"date":"2023-10-20T16:46:40","date_gmt":"2023-10-20T19:46:40","guid":{"rendered":"https:\/\/folhadoleste.com.br\/?p=31813"},"modified":"2023-10-20T16:46:40","modified_gmt":"2023-10-20T19:46:40","slug":"governo-do-rio-retira-de-circulacao-quase-5-mil-armas-de-fogo-em-nove-meses","status":"publish","type":"post","link":"https:\/\/folhadoleste.com.br\/en\/governo-do-rio-retira-de-circulacao-quase-5-mil-armas-de-fogo-em-nove-meses\/","title":{"rendered":"Governo do Rio retira de circula\u00e7\u00e3o quase 5 mil armas de fogo em nove meses"},"content":{"rendered":"<div id=\"attachment_31815\" style=\"width: 1180px\" class=\"wp-caption aligncenter\"><img decoding=\"async\" aria-describedby=\"caption-attachment-31815\" class=\"size-full wp-image-31815\" src=\"https:\/\/folhadoleste.com.br\/wp-content\/uploads\/2023\/10\/Rio-retira-de-circulacao-quase-5-mil-armas-de-fogo-em-nove-meses-Foto-REUTERS-Diego-Vara.jpg\" alt=\"Rio retira de circula\u00e7\u00e3o quase 5 mil armas de fogo em nove meses\" width=\"1170\" height=\"700\" \/><p id=\"caption-attachment-31815\" class=\"wp-caption-text\">Foto: REUTERS &#8211; Diego Vara<\/p><\/div>\n<p>As for\u00e7as estaduais de seguran\u00e7a do Rio de Janeiro retiraram 4.980 armas de fogo das m\u00e3os de criminosos entre janeiro e setembro deste ano, o que significa que, por dia, 18 armas de fogo sa\u00edram de circula\u00e7\u00e3o. S\u00f3 de fuzis foram apreendidos 487, o que representa aumento de 27%, se comparado ao mesmo per\u00edodo de 2022. Por dia, cerca de 2 fuzis sa\u00edram de circula\u00e7\u00e3o.<img decoding=\"async\" src=\"https:\/\/agenciabrasil.ebc.com.br\/ebc.png?id=1561965&amp;o=node\" \/><img decoding=\"async\" src=\"https:\/\/agenciabrasil.ebc.com.br\/ebc.gif?id=1561965&amp;o=node\" \/><\/p>\n<h4><a href=\"https:\/\/folhadoleste.com.br\/en\/category\/estado-do-rio-de-janeiro\/\"><strong>\u201cLeia mais not\u00edcias sobre o Estado do Rio aqui\u201d<\/strong><\/a><\/h4>\n<p>Tamb\u00e9m nos nove meses, as pol\u00edcias realizaram 28.222 pris\u00f5es em flagrante. Na compara\u00e7\u00e3o com igual per\u00edodo de 2022, houve avan\u00e7o de 9% no acumulado. Por dia, foram 103 pessoas presas em flagrante. De janeiro a setembro deste ano, foram apreendidas 17.069 drogas, 9% no acumulado. Foram 104 apreens\u00f5es por dia.<\/p>\n<p>Os dados foram divulgados nesta sexta-feira (20) pelo Instituto de Seguran\u00e7a P\u00fablica (ISP) do Rio de Janeiro.<\/p>\n<h4>Setembro<\/h4>\n<p>De acordo com o levantamento do ISP, no m\u00eas passado, as mortes por interven\u00e7\u00e3o de agente do Estado ca\u00edram 57% em rela\u00e7\u00e3o a setembro de 2022. \u00c9 o menor n\u00famero dos \u00faltimos 11 anos. No acumulado do ano, a queda ficou em 29%.<\/p>\n<p>Quanto aos crimes de letalidade violenta, em setembro,\u00a0foram registradas 330 mortes, com redu\u00e7\u00e3o de 8% na compara\u00e7\u00e3o com o mesmo m\u00eas em 2022. No acumulado do ano, a queda \u00e9 de 2%. \u201cFoi o menor n\u00famero de v\u00edtimas para o per\u00edodo desde o in\u00edcio da s\u00e9rie hist\u00f3rica, em 1991\u201d, ressaltou o \u00f3rg\u00e3o de estat\u00edsticas de seguran\u00e7a do estado.<\/p>\n<h4><a href=\"https:\/\/folhadoleste.com.br\/en\/category\/estado-do-rio-de-janeiro\/\"><strong>\u201cLeia mais not\u00edcias sobre o Estado do Rio aqui\u201d<\/strong><\/a><\/h4>\n<p>Os crimes contra a vida, como homic\u00eddio doloso, les\u00e3o corporal seguida de morte, roubo seguido de morte e morte por interven\u00e7\u00e3o de agente do Estado recuaram 8% no m\u00eas e 2% no acumulado. \u201cO indicador registrou o menor n\u00famero de v\u00edtimas para o ano desde o in\u00edcio da s\u00e9rie hist\u00f3rica, em 1991\u201d informou o ISP.<\/p>\n<p>No \u00faltimo m\u00eas, os crimes contra o patrim\u00f4nio, como roubo de carga, de ve\u00edculo e de rua, permaneceram em decl\u00ednio no estado do Rio de Janeiro. Enquanto, no ano passado, ocorreram 348 casos de roubo de carga, em 2023, foram 178, com recuo de 49%. Segundo o ISP, este foi o menor n\u00famero de casos para o m\u00eas nos \u00faltimos 24 anos. No acumulado do ano, a redu\u00e7\u00e3o \u00e9 de 12%.<\/p>\n<p>Os roubos de rua, que incluem roubo a transeunte, de aparelho celular e em coletivo chegaram a 4.221 casos em setembro \u00faltimo, que representam o menor n\u00famero deste tipo de delito para o m\u00eas desde 2004. Em rela\u00e7\u00e3o a setembro de 2022, o indicador teve queda de 20%. No acumulado, a diminui\u00e7\u00e3o ficou em 18%, menor n\u00famero de roubos para o acumulado desde 2005.<\/p>\n<h4><a href=\"https:\/\/folhadoleste.com.br\/en\/category\/estado-do-rio-de-janeiro\/\"><strong>\u201cLeia mais not\u00edcias sobre o Estado do Rio aqui\u201d<\/strong><\/a><\/h4>\n<p>Tamb\u00e9m houve no roubo de ve\u00edculos, com registro de 1.710 casos em setembro, menor n\u00famero para o m\u00eas desde 2011. Se comparado a setembro de 2022, o indicador teve queda de 22%. No acumulado, a diminui\u00e7\u00e3o foi de 9%, menor n\u00famero de roubos para o acumulado desde 2011.<\/p>\n<p>A pesquisa mostrou ainda que, de janeiro a setembro deste ano, foram recuperados 10.979 ve\u00edculos. Se comparado ao mesmo per\u00edodo de 2022, o delito registrou alta de 14% no acumulado. Diariamente, 40 ve\u00edculos foram recuperados.<\/p>\n<h4>Pol\u00edtica de seguran\u00e7a<\/h4>\n<p>O governador do Rio de Janeiro, Cl\u00e1udio Castro, disse que os indicadores mostram que a pol\u00edtica de seguran\u00e7a do estado est\u00e1 no caminho certo.<\/p>\n<blockquote><p>\u201cReduzimos os crimes contra a vida, contra o patrim\u00f4nio e, somando os nove primeiros meses do ano, tivemos o maior n\u00famero de fuzis apreendidos nos \u00faltimos 16 anos. Nossa pol\u00edtica de seguran\u00e7a atua fortemente para prender lideran\u00e7as e fazer uma asfixia financeira das organiza\u00e7\u00f5es criminosas. As nossas pol\u00edcias s\u00e3o competentes, preparadas e equipadas para isso\u201d, afirmou.<\/p><\/blockquote>\n<h4><a href=\"https:\/\/folhadoleste.com.br\/en\/category\/estado-do-rio-de-janeiro\/\"><strong>\u201cLeia mais not\u00edcias sobre o Estado do Rio aqui\u201d<\/strong><\/a><\/h4>\n<p>Para a diretora-presidente do Instituto de Seguran\u00e7a P\u00fablica, Marcela Ortiz, \u00e9 fundamental divulgar os dados da seguran\u00e7a p\u00fablica para que as pol\u00edcias Civil e Militar aloquem recursos de forma mais qualificada.<\/p>\n<blockquote><p>\u201cQuando aliamos as estat\u00edsticas e a integra\u00e7\u00e3o entre as pol\u00edcias com o uso da intelig\u00eancia e da tecnologia, notamos o impacto positivo nos indicadores da seguran\u00e7a p\u00fablica\u201d, observou Marcela.<\/p><\/blockquote>\n<p>Os dados divulgados hoje pelo ISP referem-se aos registros de ocorr\u00eancia anotados nas delegacias de Pol\u00edcia Civil do Estado do Rio durante o m\u00eas de setembro.<\/p>\n<p>&nbsp;<\/p>\n<p><a href=\"https:\/\/www.instagram.com\/folhadoleste\/\"><img decoding=\"async\" class=\"aligncenter wp-image-15962\" src=\"https:\/\/folhadoleste.com.br\/wp-content\/uploads\/2023\/07\/instagram.jpg.webp\" alt=\"Itaipu-Itaipua\u00e7u: Caminh\u00e3o causa grave acidente na RJ-102, a estrada da Serrinha\" width=\"49\" height=\"49\" \/><\/a><a href=\"https:\/\/www.facebook.com\/folhadoleste\"><img decoding=\"async\" class=\"aligncenter wp-image-7424\" src=\"https:\/\/folhadoleste.com.br\/wp-content\/uploads\/2023\/05\/facebook-logo-3-1.png.webp\" alt=\"Itaipu-Itaipua\u00e7u: Caminh\u00e3o causa grave acidente na RJ-102, a estrada da Serrinha\" width=\"49\" height=\"49\" \/><\/a><\/p>\n<p>&nbsp;<\/p>\n<p>&nbsp;<\/p>\n<p>&nbsp;<\/p>\n<p><em>Fonte: Ag\u00eancia Brasil<\/em><\/p>","protected":false},"excerpt":{"rendered":"<p>As for\u00e7as estaduais de seguran\u00e7a do Rio de Janeiro retiraram 4.980 armas de fogo das m\u00e3os de criminosos entre janeiro e setembro deste ano, o que significa que, por dia, 18 armas de fogo sa\u00edram de circula\u00e7\u00e3o. S\u00f3 de fuzis foram apreendidos 487, o que representa aumento de 27%, se comparado ao mesmo per\u00edodo de 2022. Por dia, cerca de 2 fuzis sa\u00edram de circula\u00e7\u00e3o. \u201cLeia mais not\u00edcias sobre o Estado do Rio aqui\u201d Tamb\u00e9m nos nove meses, as pol\u00edcias realizaram 28.222 pris\u00f5es em flagrante. Na compara\u00e7\u00e3o com igual per\u00edodo de 2022, houve avan\u00e7o de 9% no acumulado. Por dia, [&hellip;]<\/p>\n","protected":false},"author":4,"featured_media":31815,"comment_status":"open","ping_status":"open","sticky":false,"template":"","format":"standard","meta":{"footnotes":""},"categories":[46],"tags":[10798,13446,600,78,824],"class_list":["post-31813","post","type-post","status-publish","format-standard","has-post-thumbnail","hentry","category-estado-do-rio-de-janeiro","tag-apreensao-de-drogas","tag-armas-de-fogo","tag-estado-do-rio","tag-policia","tag-seguranca-publica","post--single"],"yoast_head":"<!-- This site is optimized with the Yoast SEO plugin v27.4 - https:\/\/yoast.com\/product\/yoast-seo-wordpress\/ -->\n<title>Governo do Rio retira de circula\u00e7\u00e3o quase 5 mil armas de fogo em nove meses<\/title>\n<meta name=\"description\" content=\"Governo do Rio retira de circula\u00e7\u00e3o quase 5 mil armas de fogo em nove meses...\" \/>\n<meta name=\"robots\" content=\"index, follow, max-snippet:-1, max-image-preview:large, max-video-preview:-1\" \/>\n<link rel=\"canonical\" href=\"https:\/\/folhadoleste.com.br\/en\/governo-do-rio-retira-de-circulacao-quase-5-mil-armas-de-fogo-em-nove-meses\/\" \/>\n<meta property=\"og:locale\" content=\"en_US\" \/>\n<meta property=\"og:type\" content=\"article\" \/>\n<meta property=\"og:title\" content=\"Governo do Rio retira de circula\u00e7\u00e3o quase 5 mil armas de fogo em nove meses\" \/>\n<meta property=\"og:description\" content=\"Estado do Rio de Janeiro &#8226; Folha do Leste\" \/>\n<meta property=\"og:url\" content=\"https:\/\/folhadoleste.com.br\/en\/governo-do-rio-retira-de-circulacao-quase-5-mil-armas-de-fogo-em-nove-meses\/\" \/>\n<meta property=\"og:site_name\" content=\"Folha do Leste\" \/>\n<meta property=\"article:publisher\" content=\"https:\/\/www.facebook.com\/folhadoleste\" \/>\n<meta property=\"article:published_time\" content=\"2023-10-20T19:46:40+00:00\" \/>\n<meta property=\"og:image\" content=\"https:\/\/folhadoleste.com.br\/wp-content\/uploads\/2023\/10\/Rio-retira-de-circulacao-quase-5-mil-armas-de-fogo-em-nove-meses-Foto-REUTERS-Diego-Vara.jpg\" \/>\n\t<meta property=\"og:image:width\" content=\"1170\" \/>\n\t<meta property=\"og:image:height\" content=\"700\" \/>\n\t<meta property=\"og:image:type\" content=\"image\/jpeg\" \/>\n<meta name=\"author\" content=\"Folha do Leste\" \/>\n<meta name=\"twitter:card\" content=\"summary_large_image\" \/>\n<meta name=\"twitter:creator\" content=\"@FolhadoLesteRJ\" \/>\n<meta name=\"twitter:site\" content=\"@FolhadoLesteRJ\" \/>\n<meta name=\"twitter:label1\" content=\"Written by\" \/>\n\t<meta name=\"twitter:data1\" content=\"Folha do Leste\" \/>\n\t<meta name=\"twitter:label2\" content=\"Est. reading time\" \/>\n\t<meta name=\"twitter:data2\" content=\"5 minutes\" \/>\n<script type=\"application\/ld+json\" class=\"yoast-schema-graph\">{\"@context\":\"https:\\\/\\\/schema.org\",\"@graph\":[{\"@type\":\"NewsArticle\",\"@id\":\"https:\\\/\\\/folhadoleste.com.br\\\/governo-do-rio-retira-de-circulacao-quase-5-mil-armas-de-fogo-em-nove-meses\\\/#article\",\"isPartOf\":{\"@id\":\"https:\\\/\\\/folhadoleste.com.br\\\/governo-do-rio-retira-de-circulacao-quase-5-mil-armas-de-fogo-em-nove-meses\\\/\"},\"author\":{\"name\":\"Folha do Leste\",\"@id\":\"https:\\\/\\\/folhadoleste.com.br\\\/#\\\/schema\\\/person\\\/3e97145b2e1861276e84471aa85a3899\"},\"headline\":\"Governo do Rio retira de circula\u00e7\u00e3o quase 5 mil armas de fogo em nove meses\",\"datePublished\":\"2023-10-20T19:46:40+00:00\",\"mainEntityOfPage\":{\"@id\":\"https:\\\/\\\/folhadoleste.com.br\\\/governo-do-rio-retira-de-circulacao-quase-5-mil-armas-de-fogo-em-nove-meses\\\/\"},\"wordCount\":790,\"commentCount\":0,\"publisher\":{\"@id\":\"https:\\\/\\\/folhadoleste.com.br\\\/#organization\"},\"image\":{\"@id\":\"https:\\\/\\\/folhadoleste.com.br\\\/governo-do-rio-retira-de-circulacao-quase-5-mil-armas-de-fogo-em-nove-meses\\\/#primaryimage\"},\"thumbnailUrl\":\"https:\\\/\\\/folhadoleste.com.br\\\/wp-content\\\/uploads\\\/2023\\\/10\\\/Rio-retira-de-circulacao-quase-5-mil-armas-de-fogo-em-nove-meses-Foto-REUTERS-Diego-Vara.jpg\",\"keywords\":[\"apreens\u00e3o de drogas\",\"Armas de Fogo\",\"estado do rio\",\"pol\u00edcia\",\"Seguran\u00e7a publica\"],\"articleSection\":[\"Estado do Rio de Janeiro\"],\"inLanguage\":\"en-US\",\"potentialAction\":[{\"@type\":\"CommentAction\",\"name\":\"Comment\",\"target\":[\"https:\\\/\\\/folhadoleste.com.br\\\/governo-do-rio-retira-de-circulacao-quase-5-mil-armas-de-fogo-em-nove-meses\\\/#respond\"]}]},{\"@type\":\"WebPage\",\"@id\":\"https:\\\/\\\/folhadoleste.com.br\\\/governo-do-rio-retira-de-circulacao-quase-5-mil-armas-de-fogo-em-nove-meses\\\/\",\"url\":\"https:\\\/\\\/folhadoleste.com.br\\\/governo-do-rio-retira-de-circulacao-quase-5-mil-armas-de-fogo-em-nove-meses\\\/\",\"name\":\"Governo do Rio retira de circula\u00e7\u00e3o quase 5 mil armas de fogo em nove meses\",\"isPartOf\":{\"@id\":\"https:\\\/\\\/folhadoleste.com.br\\\/#website\"},\"primaryImageOfPage\":{\"@id\":\"https:\\\/\\\/folhadoleste.com.br\\\/governo-do-rio-retira-de-circulacao-quase-5-mil-armas-de-fogo-em-nove-meses\\\/#primaryimage\"},\"image\":{\"@id\":\"https:\\\/\\\/folhadoleste.com.br\\\/governo-do-rio-retira-de-circulacao-quase-5-mil-armas-de-fogo-em-nove-meses\\\/#primaryimage\"},\"thumbnailUrl\":\"https:\\\/\\\/folhadoleste.com.br\\\/wp-content\\\/uploads\\\/2023\\\/10\\\/Rio-retira-de-circulacao-quase-5-mil-armas-de-fogo-em-nove-meses-Foto-REUTERS-Diego-Vara.jpg\",\"datePublished\":\"2023-10-20T19:46:40+00:00\",\"description\":\"Governo do Rio retira de circula\u00e7\u00e3o quase 5 mil armas de fogo em nove meses...\",\"breadcrumb\":{\"@id\":\"https:\\\/\\\/folhadoleste.com.br\\\/governo-do-rio-retira-de-circulacao-quase-5-mil-armas-de-fogo-em-nove-meses\\\/#breadcrumb\"},\"inLanguage\":\"en-US\",\"potentialAction\":[{\"@type\":\"ReadAction\",\"target\":[\"https:\\\/\\\/folhadoleste.com.br\\\/governo-do-rio-retira-de-circulacao-quase-5-mil-armas-de-fogo-em-nove-meses\\\/\"]}]},{\"@type\":\"ImageObject\",\"inLanguage\":\"en-US\",\"@id\":\"https:\\\/\\\/folhadoleste.com.br\\\/governo-do-rio-retira-de-circulacao-quase-5-mil-armas-de-fogo-em-nove-meses\\\/#primaryimage\",\"url\":\"https:\\\/\\\/folhadoleste.com.br\\\/wp-content\\\/uploads\\\/2023\\\/10\\\/Rio-retira-de-circulacao-quase-5-mil-armas-de-fogo-em-nove-meses-Foto-REUTERS-Diego-Vara.jpg\",\"contentUrl\":\"https:\\\/\\\/folhadoleste.com.br\\\/wp-content\\\/uploads\\\/2023\\\/10\\\/Rio-retira-de-circulacao-quase-5-mil-armas-de-fogo-em-nove-meses-Foto-REUTERS-Diego-Vara.jpg\",\"width\":1170,\"height\":700,\"caption\":\"Foto: REUTERS - Diego Vara\"},{\"@type\":\"BreadcrumbList\",\"@id\":\"https:\\\/\\\/folhadoleste.com.br\\\/governo-do-rio-retira-de-circulacao-quase-5-mil-armas-de-fogo-em-nove-meses\\\/#breadcrumb\",\"itemListElement\":[{\"@type\":\"ListItem\",\"position\":1,\"name\":\"In\u00edcio\",\"item\":\"https:\\\/\\\/folhadoleste.com.br\\\/\"},{\"@type\":\"ListItem\",\"position\":2,\"name\":\"Estado do Rio de Janeiro\",\"item\":\"https:\\\/\\\/folhadoleste.com.br\\\/category\\\/estado-do-rio-de-janeiro\\\/\"},{\"@type\":\"ListItem\",\"position\":3,\"name\":\"Governo do Rio retira de circula\u00e7\u00e3o quase 5 mil armas de fogo em nove meses\"}]},{\"@type\":\"WebSite\",\"@id\":\"https:\\\/\\\/folhadoleste.com.br\\\/#website\",\"url\":\"https:\\\/\\\/folhadoleste.com.br\\\/\",\"name\":\"Folha do Leste\",\"description\":\"Portal de Not\u00edcias com \u00eanfase em Niter\u00f3i, criando conte\u00fados desde a capital Rio de Janeiro, com olhar para o Leste Fluminense e suas cidades como S\u00e3o Gon\u00e7alo, Itabora\u00ed, Rio Bonito, Maric\u00e1, Saquarema e Araruama\",\"publisher\":{\"@id\":\"https:\\\/\\\/folhadoleste.com.br\\\/#organization\"},\"alternateName\":\"FL\",\"potentialAction\":[{\"@type\":\"SearchAction\",\"target\":{\"@type\":\"EntryPoint\",\"urlTemplate\":\"https:\\\/\\\/folhadoleste.com.br\\\/?s={search_term_string}\"},\"query-input\":{\"@type\":\"PropertyValueSpecification\",\"valueRequired\":true,\"valueName\":\"search_term_string\"}}],\"inLanguage\":\"en-US\"},{\"@type\":\"Organization\",\"@id\":\"https:\\\/\\\/folhadoleste.com.br\\\/#organization\",\"name\":\"Brasil 21 Comunica\u00e7\u00e3o\",\"alternateName\":\"BR21\",\"url\":\"https:\\\/\\\/folhadoleste.com.br\\\/\",\"logo\":{\"@type\":\"ImageObject\",\"inLanguage\":\"en-US\",\"@id\":\"https:\\\/\\\/folhadoleste.com.br\\\/#\\\/schema\\\/logo\\\/image\\\/\",\"url\":\"https:\\\/\\\/folhadoleste.com.br\\\/wp-content\\\/uploads\\\/2025\\\/12\\\/brasil-21-logomarca.avif\",\"contentUrl\":\"https:\\\/\\\/folhadoleste.com.br\\\/wp-content\\\/uploads\\\/2025\\\/12\\\/brasil-21-logomarca.avif\",\"width\":1044,\"height\":1044,\"caption\":\"Brasil 21 Comunica\u00e7\u00e3o\"},\"image\":{\"@id\":\"https:\\\/\\\/folhadoleste.com.br\\\/#\\\/schema\\\/logo\\\/image\\\/\"},\"sameAs\":[\"https:\\\/\\\/www.facebook.com\\\/folhadoleste\",\"https:\\\/\\\/x.com\\\/FolhadoLesteRJ\",\"https:\\\/\\\/www.instagram.com\\\/folhadoleste\\\/\"]},{\"@type\":\"Person\",\"@id\":\"https:\\\/\\\/folhadoleste.com.br\\\/#\\\/schema\\\/person\\\/3e97145b2e1861276e84471aa85a3899\",\"name\":\"Folha do Leste\",\"image\":{\"@type\":\"ImageObject\",\"inLanguage\":\"en-US\",\"@id\":\"https:\\\/\\\/folhadoleste.com.br\\\/wp-content\\\/litespeed\\\/avatar\\\/1ca8c218432e7045e748610eb3db0259.jpg?ver=1777161142\",\"url\":\"https:\\\/\\\/folhadoleste.com.br\\\/wp-content\\\/litespeed\\\/avatar\\\/1ca8c218432e7045e748610eb3db0259.jpg?ver=1777161142\",\"contentUrl\":\"https:\\\/\\\/folhadoleste.com.br\\\/wp-content\\\/litespeed\\\/avatar\\\/1ca8c218432e7045e748610eb3db0259.jpg?ver=1777161142\",\"caption\":\"Folha do Leste\"},\"url\":\"https:\\\/\\\/folhadoleste.com.br\\\/en\\\/author\\\/reportagem-01\\\/\"}]}<\/script>\n<!-- \/ Yoast SEO plugin. -->","yoast_head_json":{"title":"Governo do Rio retira de circula\u00e7\u00e3o quase 5 mil armas de fogo em nove meses","description":"Governo do Rio retira de circula\u00e7\u00e3o quase 5 mil armas de fogo em nove meses...","robots":{"index":"index","follow":"follow","max-snippet":"max-snippet:-1","max-image-preview":"max-image-preview:large","max-video-preview":"max-video-preview:-1"},"canonical":"https:\/\/folhadoleste.com.br\/en\/governo-do-rio-retira-de-circulacao-quase-5-mil-armas-de-fogo-em-nove-meses\/","og_locale":"en_US","og_type":"article","og_title":"Governo do Rio retira de circula\u00e7\u00e3o quase 5 mil armas de fogo em nove meses","og_description":"Estado do Rio de Janeiro &#8226; Folha do Leste","og_url":"https:\/\/folhadoleste.com.br\/en\/governo-do-rio-retira-de-circulacao-quase-5-mil-armas-de-fogo-em-nove-meses\/","og_site_name":"Folha do Leste","article_publisher":"https:\/\/www.facebook.com\/folhadoleste","article_published_time":"2023-10-20T19:46:40+00:00","og_image":[{"width":1170,"height":700,"url":"https:\/\/folhadoleste.com.br\/wp-content\/uploads\/2023\/10\/Rio-retira-de-circulacao-quase-5-mil-armas-de-fogo-em-nove-meses-Foto-REUTERS-Diego-Vara.jpg","type":"image\/jpeg"}],"author":"Folha do Leste","twitter_card":"summary_large_image","twitter_creator":"@FolhadoLesteRJ","twitter_site":"@FolhadoLesteRJ","twitter_misc":{"Written by":"Folha do Leste","Est. reading time":"5 minutes"},"schema":{"@context":"https:\/\/schema.org","@graph":[{"@type":"NewsArticle","@id":"https:\/\/folhadoleste.com.br\/governo-do-rio-retira-de-circulacao-quase-5-mil-armas-de-fogo-em-nove-meses\/#article","isPartOf":{"@id":"https:\/\/folhadoleste.com.br\/governo-do-rio-retira-de-circulacao-quase-5-mil-armas-de-fogo-em-nove-meses\/"},"author":{"name":"Folha do Leste","@id":"https:\/\/folhadoleste.com.br\/#\/schema\/person\/3e97145b2e1861276e84471aa85a3899"},"headline":"Governo do Rio retira de circula\u00e7\u00e3o quase 5 mil armas de fogo em nove meses","datePublished":"2023-10-20T19:46:40+00:00","mainEntityOfPage":{"@id":"https:\/\/folhadoleste.com.br\/governo-do-rio-retira-de-circulacao-quase-5-mil-armas-de-fogo-em-nove-meses\/"},"wordCount":790,"commentCount":0,"publisher":{"@id":"https:\/\/folhadoleste.com.br\/#organization"},"image":{"@id":"https:\/\/folhadoleste.com.br\/governo-do-rio-retira-de-circulacao-quase-5-mil-armas-de-fogo-em-nove-meses\/#primaryimage"},"thumbnailUrl":"https:\/\/folhadoleste.com.br\/wp-content\/uploads\/2023\/10\/Rio-retira-de-circulacao-quase-5-mil-armas-de-fogo-em-nove-meses-Foto-REUTERS-Diego-Vara.jpg","keywords":["apreens\u00e3o de drogas","Armas de Fogo","estado do rio","pol\u00edcia","Seguran\u00e7a publica"],"articleSection":["Estado do Rio de Janeiro"],"inLanguage":"en-US","potentialAction":[{"@type":"CommentAction","name":"Comment","target":["https:\/\/folhadoleste.com.br\/governo-do-rio-retira-de-circulacao-quase-5-mil-armas-de-fogo-em-nove-meses\/#respond"]}]},{"@type":"WebPage","@id":"https:\/\/folhadoleste.com.br\/governo-do-rio-retira-de-circulacao-quase-5-mil-armas-de-fogo-em-nove-meses\/","url":"https:\/\/folhadoleste.com.br\/governo-do-rio-retira-de-circulacao-quase-5-mil-armas-de-fogo-em-nove-meses\/","name":"Governo do Rio retira de circula\u00e7\u00e3o quase 5 mil armas de fogo em nove meses","isPartOf":{"@id":"https:\/\/folhadoleste.com.br\/#website"},"primaryImageOfPage":{"@id":"https:\/\/folhadoleste.com.br\/governo-do-rio-retira-de-circulacao-quase-5-mil-armas-de-fogo-em-nove-meses\/#primaryimage"},"image":{"@id":"https:\/\/folhadoleste.com.br\/governo-do-rio-retira-de-circulacao-quase-5-mil-armas-de-fogo-em-nove-meses\/#primaryimage"},"thumbnailUrl":"https:\/\/folhadoleste.com.br\/wp-content\/uploads\/2023\/10\/Rio-retira-de-circulacao-quase-5-mil-armas-de-fogo-em-nove-meses-Foto-REUTERS-Diego-Vara.jpg","datePublished":"2023-10-20T19:46:40+00:00","description":"Governo do Rio retira de circula\u00e7\u00e3o quase 5 mil armas de fogo em nove meses...","breadcrumb":{"@id":"https:\/\/folhadoleste.com.br\/governo-do-rio-retira-de-circulacao-quase-5-mil-armas-de-fogo-em-nove-meses\/#breadcrumb"},"inLanguage":"en-US","potentialAction":[{"@type":"ReadAction","target":["https:\/\/folhadoleste.com.br\/governo-do-rio-retira-de-circulacao-quase-5-mil-armas-de-fogo-em-nove-meses\/"]}]},{"@type":"ImageObject","inLanguage":"en-US","@id":"https:\/\/folhadoleste.com.br\/governo-do-rio-retira-de-circulacao-quase-5-mil-armas-de-fogo-em-nove-meses\/#primaryimage","url":"https:\/\/folhadoleste.com.br\/wp-content\/uploads\/2023\/10\/Rio-retira-de-circulacao-quase-5-mil-armas-de-fogo-em-nove-meses-Foto-REUTERS-Diego-Vara.jpg","contentUrl":"https:\/\/folhadoleste.com.br\/wp-content\/uploads\/2023\/10\/Rio-retira-de-circulacao-quase-5-mil-armas-de-fogo-em-nove-meses-Foto-REUTERS-Diego-Vara.jpg","width":1170,"height":700,"caption":"Foto: REUTERS - Diego Vara"},{"@type":"BreadcrumbList","@id":"https:\/\/folhadoleste.com.br\/governo-do-rio-retira-de-circulacao-quase-5-mil-armas-de-fogo-em-nove-meses\/#breadcrumb","itemListElement":[{"@type":"ListItem","position":1,"name":"In\u00edcio","item":"https:\/\/folhadoleste.com.br\/"},{"@type":"ListItem","position":2,"name":"Estado do Rio de Janeiro","item":"https:\/\/folhadoleste.com.br\/category\/estado-do-rio-de-janeiro\/"},{"@type":"ListItem","position":3,"name":"Governo do Rio retira de circula\u00e7\u00e3o quase 5 mil armas de fogo em nove meses"}]},{"@type":"WebSite","@id":"https:\/\/folhadoleste.com.br\/#website","url":"https:\/\/folhadoleste.com.br\/","name":"Folha do Leste","description":"Portal de Not\u00edcias com \u00eanfase em Niter\u00f3i, criando conte\u00fados desde a capital Rio de Janeiro, com olhar para o Leste Fluminense e suas cidades como S\u00e3o Gon\u00e7alo, Itabora\u00ed, Rio Bonito, Maric\u00e1, Saquarema e Araruama","publisher":{"@id":"https:\/\/folhadoleste.com.br\/#organization"},"alternateName":"FL","potentialAction":[{"@type":"SearchAction","target":{"@type":"EntryPoint","urlTemplate":"https:\/\/folhadoleste.com.br\/?s={search_term_string}"},"query-input":{"@type":"PropertyValueSpecification","valueRequired":true,"valueName":"search_term_string"}}],"inLanguage":"en-US"},{"@type":"Organization","@id":"https:\/\/folhadoleste.com.br\/#organization","name":"Brasil 21 Comunica\u00e7\u00e3o","alternateName":"BR21","url":"https:\/\/folhadoleste.com.br\/","logo":{"@type":"ImageObject","inLanguage":"en-US","@id":"https:\/\/folhadoleste.com.br\/#\/schema\/logo\/image\/","url":"https:\/\/folhadoleste.com.br\/wp-content\/uploads\/2025\/12\/brasil-21-logomarca.avif","contentUrl":"https:\/\/folhadoleste.com.br\/wp-content\/uploads\/2025\/12\/brasil-21-logomarca.avif","width":1044,"height":1044,"caption":"Brasil 21 Comunica\u00e7\u00e3o"},"image":{"@id":"https:\/\/folhadoleste.com.br\/#\/schema\/logo\/image\/"},"sameAs":["https:\/\/www.facebook.com\/folhadoleste","https:\/\/x.com\/FolhadoLesteRJ","https:\/\/www.instagram.com\/folhadoleste\/"]},{"@type":"Person","@id":"https:\/\/folhadoleste.com.br\/#\/schema\/person\/3e97145b2e1861276e84471aa85a3899","name":"Folha do Leste","image":{"@type":"ImageObject","inLanguage":"en-US","@id":"https:\/\/folhadoleste.com.br\/wp-content\/litespeed\/avatar\/1ca8c218432e7045e748610eb3db0259.jpg?ver=1777161142","url":"https:\/\/folhadoleste.com.br\/wp-content\/litespeed\/avatar\/1ca8c218432e7045e748610eb3db0259.jpg?ver=1777161142","contentUrl":"https:\/\/folhadoleste.com.br\/wp-content\/litespeed\/avatar\/1ca8c218432e7045e748610eb3db0259.jpg?ver=1777161142","caption":"Folha do Leste"},"url":"https:\/\/folhadoleste.com.br\/en\/author\/reportagem-01\/"}]}},"_links":{"self":[{"href":"https:\/\/folhadoleste.com.br\/en\/wp-json\/wp\/v2\/posts\/31813","targetHints":{"allow":["GET"]}}],"collection":[{"href":"https:\/\/folhadoleste.com.br\/en\/wp-json\/wp\/v2\/posts"}],"about":[{"href":"https:\/\/folhadoleste.com.br\/en\/wp-json\/wp\/v2\/types\/post"}],"author":[{"embeddable":true,"href":"https:\/\/folhadoleste.com.br\/en\/wp-json\/wp\/v2\/users\/4"}],"replies":[{"embeddable":true,"href":"https:\/\/folhadoleste.com.br\/en\/wp-json\/wp\/v2\/comments?post=31813"}],"version-history":[{"count":1,"href":"https:\/\/folhadoleste.com.br\/en\/wp-json\/wp\/v2\/posts\/31813\/revisions"}],"predecessor-version":[{"id":31816,"href":"https:\/\/folhadoleste.com.br\/en\/wp-json\/wp\/v2\/posts\/31813\/revisions\/31816"}],"wp:featuredmedia":[{"embeddable":true,"href":"https:\/\/folhadoleste.com.br\/en\/wp-json\/wp\/v2\/media\/31815"}],"wp:attachment":[{"href":"https:\/\/folhadoleste.com.br\/en\/wp-json\/wp\/v2\/media?parent=31813"}],"wp:term":[{"taxonomy":"category","embeddable":true,"href":"https:\/\/folhadoleste.com.br\/en\/wp-json\/wp\/v2\/categories?post=31813"},{"taxonomy":"post_tag","embeddable":true,"href":"https:\/\/folhadoleste.com.br\/en\/wp-json\/wp\/v2\/tags?post=31813"}],"curies":[{"name":"wp","href":"https:\/\/api.w.org\/{rel}","templated":true}]}}