{"id":3180,"date":"2023-04-25T09:10:17","date_gmt":"2023-04-25T12:10:17","guid":{"rendered":"https:\/\/folhadoleste.com.br\/?p=3180"},"modified":"2023-04-25T18:04:17","modified_gmt":"2023-04-25T21:04:17","slug":"rj-numero-de-meninas-apreendidas-em-2019-dobrou-ante-2017","status":"publish","type":"post","link":"https:\/\/folhadoleste.com.br\/en\/rj-numero-de-meninas-apreendidas-em-2019-dobrou-ante-2017\/","title":{"rendered":"RJ: n\u00famero de meninas apreendidas em 2019 dobrou ante 2017"},"content":{"rendered":"<div class=\"post-item-wrap\">\n<p>A quantidade de meninas apreendidas na cidade do Rio de Janeiro por suspeita de cometimento de ato infracional em 2019 dobrou na compara\u00e7\u00e3o com 2017. Segundo pesquisa realizada pela Universidade Federal Fluminense (UFF), em parceria com o Minist\u00e9rio P\u00fablico do Rio de Janeiro (MPRJ), o n\u00famero passou de 155 em 2017 para 317 em 2019.<\/p>\n<p>Ainda de acordo com a pesquisa, que ser\u00e1 publicada em formato de livro neste ano, as jovens representavam 8% do total de adolescentes em conflito com a lei em 2017. Em 2019, esse percentual subiu para 14%.<\/p>\n<p>Para o coordenador da pesquisa, o professor da UFF Elionaldo Fernandes Juli\u00e3o, esse crescimento no n\u00famero de apreens\u00f5es de meninas apresenta um problema para o sistema socioeducativo fluminense.<\/p>\n<p>\u201c\u00c9 algo importante para a gente poder pensar que muitas das unidades socioeducativas [onde infratores cumprem penas de interna\u00e7\u00e3o], n\u00e3o s\u00f3 no Rio de Janeiro, como no Brasil todo, n\u00e3o s\u00e3o pensadas para poder atender a condi\u00e7\u00e3o da mulher. S\u00e3o adolescentes e jovens mulheres em priva\u00e7\u00e3o de liberdade\u201d, explica Juli\u00e3o.<\/p>\n<p>A pesquisa foi feita com base em entrevistas a cerca de 6,2 mil jovens, por membros do MPRJ em oitivas informais, ao longo de tr\u00eas anos. Al\u00e9m de constatar o aumento da apreens\u00e3o de jovens do sexo feminino, tamb\u00e9m foram analisados os tipos de infra\u00e7\u00f5es que elas cometem.<\/p>\n<p>Na soma dos tr\u00eas anos, a maioria das jovens foi detida por les\u00e3o corporal dolosa (26,5%), por furto (12,1%) e roubo (8,5%). Segundo Juli\u00e3o, a maioria das infra\u00e7\u00f5es cometidas por elas ocorreu em ambiente privado, enquanto entre os jovens do sexo masculino os atos infracionais ocorreram em vias p\u00fablicas.<\/p>\n<p>\u201cIsso nos traz uma quest\u00e3o de que, muitas das vezes, o quanto dessas meninas est\u00e3o sendo v\u00edtimas nos seus pr\u00f3prios ambientes familiares. \u00c9 uma quest\u00e3o importante que a gente precisa olhar mais adiante para pensar em pol\u00edticas p\u00fablicas\u201d, afirmou o pesquisador.<\/p>\n<h2>Outros dados<\/h2>\n<p>Al\u00e9m de perceber o aumento da apreens\u00e3o de jovens do sexo feminino, a pesquisa da UFF tamb\u00e9m fez an\u00e1lises sobre o perfil dos suspeitos de infra\u00e7\u00e3o de ambos os sexos, por temas como escolaridade, evas\u00e3o escolar e tipo de infra\u00e7\u00e3o cometida.<\/p>\n<p>Em rela\u00e7\u00e3o aos atos infracionais, o roubo foi o tipo mais comum entre adolescentes (somando-se homens e mulheres): 1.647 casos (ou 26,6% do total). Outras infra\u00e7\u00f5es comuns foram: tr\u00e1fico, associa\u00e7\u00e3o para o tr\u00e1fico ou posse de drogas (1.034 casos ou 16,7%), furto (932 casos ou 15%) e les\u00e3o corporal dolosa (608 casos ou 9,8%).<\/p>\n<p>Os homic\u00eddios representaram 55 casos, ou menos de 1%. Considerando todas as infra\u00e7\u00f5es, em 50,3% dos casos n\u00e3o houve uso de arma para o cometimento do ato, enquanto em 19% houve uso de arma. Em 30,6% deles n\u00e3o foi informado se houve uso de armamento.<\/p>\n<p>Dentre o total de jovens entrevistados, 35,6% era reincidente, ou seja, j\u00e1 tinha praticado atos infracionais anteriormente, enquanto 62,8% deles nunca tinham sido apreendidos.<\/p>\n<p>\u201cEst\u00e1 no imagin\u00e1rio social que os crimes s\u00e3o mais gravosos. E, na verdade, o que vemos \u00e9 que a maioria \u00e9 roubo, furto ou tr\u00e1fico. Poucos s\u00e3o os homic\u00eddios. Essa \u00e9 uma informa\u00e7\u00e3o que a sociedade precisa ouvir. Nos \u00faltimos anos, vem se defendendo a redu\u00e7\u00e3o da maioridade penal, sem entender uma s\u00e9rie de quest\u00f5es como essa\u201d, conta Juli\u00e3o.<\/p>\n<p>A maioria dos detidos por atos infracionais tinha entre 15 e 17 anos (77,9%). Apesar de a escolaridade esperada para essa faixa et\u00e1ria ser o ensino m\u00e9dio, a maioria (55,7%) frequentava o segundo segmento do ensino fundamental (do 6\u00ba ao 9\u00ba ano), ou seja, abaixo da escolaridade esperada.<\/p>\n<p>A pesquisa revelou ainda que 45,7% estavam fora da escola, 22,5% do total h\u00e1 mais de um ano afastados. Os motivos s\u00e3o v\u00e1rios, mas principalmente a dist\u00e2ncia da escola, por terem sido expulsos ou por estarem trabalhando.<\/p>\n<\/div>\n<p>&nbsp;<\/p>\n<p><em>Fonte: Ag\u00eancia Brasil<\/em><\/p>\n","protected":false},"excerpt":{"rendered":"<p>A quantidade de meninas apreendidas na cidade do Rio de Janeiro por suspeita de cometimento de ato infracional em 2019 dobrou na compara\u00e7\u00e3o com 2017. Segundo pesquisa realizada pela Universidade Federal Fluminense (UFF), em parceria com o Minist\u00e9rio P\u00fablico do Rio de Janeiro (MPRJ), o n\u00famero passou de 155 em 2017 para 317 em 2019. Ainda de acordo com a pesquisa, que ser\u00e1 publicada em formato de livro neste ano, as jovens representavam 8% do total de adolescentes em conflito com a lei em 2017. Em 2019, esse percentual subiu para 14%. Para o coordenador da pesquisa, o professor da [&hellip;]<\/p>\n","protected":false},"author":4,"featured_media":3181,"comment_status":"open","ping_status":"open","sticky":false,"template":"","format":"standard","meta":{"footnotes":""},"categories":[1271],"tags":[243,1885,1758,2042,2039,2040,2041,93,206],"class_list":["post-3180","post","type-post","status-publish","format-standard","has-post-thumbnail","hentry","category-direitos-humanos","tag-aumento","tag-crimes","tag-direitos-humanos","tag-maioridade-penal","tag-meninas-apreendidas","tag-menores","tag-pena","tag-rio-de-janeiro","tag-rj","post--single"],"yoast_head":"<!-- This site is optimized with the Yoast SEO plugin v27.4 - https:\/\/yoast.com\/product\/yoast-seo-wordpress\/ -->\n<title>RJ: n\u00famero de meninas apreendidas em 2019 dobrou ante 2017 &#8226; Folha do Leste<\/title>\n<meta name=\"description\" content=\"A quantidade de meninas apreendidas na cidade do Rio de Janeiro por suspeita de cometimento de ato infracional em 2019 dobrou na compara\u00e7\u00e3o com 2017.\" \/>\n<meta name=\"robots\" content=\"index, follow, max-snippet:-1, max-image-preview:large, max-video-preview:-1\" \/>\n<link rel=\"canonical\" href=\"https:\/\/folhadoleste.com.br\/en\/rj-numero-de-meninas-apreendidas-em-2019-dobrou-ante-2017\/\" \/>\n<meta property=\"og:locale\" content=\"en_US\" \/>\n<meta property=\"og:type\" content=\"article\" \/>\n<meta property=\"og:title\" content=\"RJ: n\u00famero de meninas apreendidas em 2019 dobrou ante 2017 &#8226; Folha do Leste\" \/>\n<meta property=\"og:description\" content=\"A quantidade de meninas apreendidas na cidade do Rio de Janeiro por suspeita de cometimento de ato infracional em 2019 dobrou na compara\u00e7\u00e3o com 2017.\" \/>\n<meta property=\"og:url\" content=\"https:\/\/folhadoleste.com.br\/en\/rj-numero-de-meninas-apreendidas-em-2019-dobrou-ante-2017\/\" \/>\n<meta property=\"og:site_name\" content=\"Folha do Leste\" \/>\n<meta property=\"article:publisher\" content=\"https:\/\/www.facebook.com\/folhadoleste\" \/>\n<meta property=\"article:published_time\" content=\"2023-04-25T12:10:17+00:00\" \/>\n<meta property=\"article:modified_time\" content=\"2023-04-25T21:04:17+00:00\" \/>\n<meta property=\"og:image\" content=\"https:\/\/folhadoleste.com.br\/wp-content\/uploads\/2023\/04\/RJ-numero-de-meninas-apreendidas-em-2019-dobrou-ante-2017-Marcelo-Camargo-Agencia-Brasil.jpg\" \/>\n\t<meta property=\"og:image:width\" content=\"1170\" \/>\n\t<meta property=\"og:image:height\" content=\"700\" \/>\n\t<meta property=\"og:image:type\" content=\"image\/jpeg\" \/>\n<meta name=\"author\" content=\"Folha do Leste\" \/>\n<meta name=\"twitter:card\" content=\"summary_large_image\" \/>\n<meta name=\"twitter:creator\" content=\"@FolhadoLesteRJ\" \/>\n<meta name=\"twitter:site\" content=\"@FolhadoLesteRJ\" \/>\n<meta name=\"twitter:label1\" content=\"Written by\" \/>\n\t<meta name=\"twitter:data1\" content=\"Folha do Leste\" \/>\n\t<meta name=\"twitter:label2\" content=\"Est. reading time\" \/>\n\t<meta name=\"twitter:data2\" content=\"4 minutes\" \/>\n<script type=\"application\/ld+json\" class=\"yoast-schema-graph\">{\"@context\":\"https:\\\/\\\/schema.org\",\"@graph\":[{\"@type\":\"NewsArticle\",\"@id\":\"https:\\\/\\\/folhadoleste.com.br\\\/rj-numero-de-meninas-apreendidas-em-2019-dobrou-ante-2017\\\/#article\",\"isPartOf\":{\"@id\":\"https:\\\/\\\/folhadoleste.com.br\\\/rj-numero-de-meninas-apreendidas-em-2019-dobrou-ante-2017\\\/\"},\"author\":{\"name\":\"Folha do Leste\",\"@id\":\"https:\\\/\\\/folhadoleste.com.br\\\/#\\\/schema\\\/person\\\/3e97145b2e1861276e84471aa85a3899\"},\"headline\":\"RJ: n\u00famero de meninas apreendidas em 2019 dobrou ante 2017\",\"datePublished\":\"2023-04-25T12:10:17+00:00\",\"dateModified\":\"2023-04-25T21:04:17+00:00\",\"mainEntityOfPage\":{\"@id\":\"https:\\\/\\\/folhadoleste.com.br\\\/rj-numero-de-meninas-apreendidas-em-2019-dobrou-ante-2017\\\/\"},\"wordCount\":654,\"commentCount\":0,\"publisher\":{\"@id\":\"https:\\\/\\\/folhadoleste.com.br\\\/#organization\"},\"image\":{\"@id\":\"https:\\\/\\\/folhadoleste.com.br\\\/rj-numero-de-meninas-apreendidas-em-2019-dobrou-ante-2017\\\/#primaryimage\"},\"thumbnailUrl\":\"https:\\\/\\\/folhadoleste.com.br\\\/wp-content\\\/uploads\\\/2023\\\/04\\\/RJ-numero-de-meninas-apreendidas-em-2019-dobrou-ante-2017-Marcelo-Camargo-Agencia-Brasil.jpg\",\"keywords\":[\"aumento\",\"crimes\",\"Direitos Humanos\",\"maioridade penal\",\"meninas apreendidas\",\"menores\",\"pena\",\"Rio de Janeiro\",\"RJ\"],\"articleSection\":[\"Direitos Humanos\"],\"inLanguage\":\"en-US\",\"potentialAction\":[{\"@type\":\"CommentAction\",\"name\":\"Comment\",\"target\":[\"https:\\\/\\\/folhadoleste.com.br\\\/rj-numero-de-meninas-apreendidas-em-2019-dobrou-ante-2017\\\/#respond\"]}]},{\"@type\":\"WebPage\",\"@id\":\"https:\\\/\\\/folhadoleste.com.br\\\/rj-numero-de-meninas-apreendidas-em-2019-dobrou-ante-2017\\\/\",\"url\":\"https:\\\/\\\/folhadoleste.com.br\\\/rj-numero-de-meninas-apreendidas-em-2019-dobrou-ante-2017\\\/\",\"name\":\"RJ: n\u00famero de meninas apreendidas em 2019 dobrou ante 2017 &#8226; Folha do Leste\",\"isPartOf\":{\"@id\":\"https:\\\/\\\/folhadoleste.com.br\\\/#website\"},\"primaryImageOfPage\":{\"@id\":\"https:\\\/\\\/folhadoleste.com.br\\\/rj-numero-de-meninas-apreendidas-em-2019-dobrou-ante-2017\\\/#primaryimage\"},\"image\":{\"@id\":\"https:\\\/\\\/folhadoleste.com.br\\\/rj-numero-de-meninas-apreendidas-em-2019-dobrou-ante-2017\\\/#primaryimage\"},\"thumbnailUrl\":\"https:\\\/\\\/folhadoleste.com.br\\\/wp-content\\\/uploads\\\/2023\\\/04\\\/RJ-numero-de-meninas-apreendidas-em-2019-dobrou-ante-2017-Marcelo-Camargo-Agencia-Brasil.jpg\",\"datePublished\":\"2023-04-25T12:10:17+00:00\",\"dateModified\":\"2023-04-25T21:04:17+00:00\",\"description\":\"A quantidade de meninas apreendidas na cidade do Rio de Janeiro por suspeita de cometimento de ato infracional em 2019 dobrou na compara\u00e7\u00e3o com 2017.\",\"breadcrumb\":{\"@id\":\"https:\\\/\\\/folhadoleste.com.br\\\/rj-numero-de-meninas-apreendidas-em-2019-dobrou-ante-2017\\\/#breadcrumb\"},\"inLanguage\":\"en-US\",\"potentialAction\":[{\"@type\":\"ReadAction\",\"target\":[\"https:\\\/\\\/folhadoleste.com.br\\\/rj-numero-de-meninas-apreendidas-em-2019-dobrou-ante-2017\\\/\"]}]},{\"@type\":\"ImageObject\",\"inLanguage\":\"en-US\",\"@id\":\"https:\\\/\\\/folhadoleste.com.br\\\/rj-numero-de-meninas-apreendidas-em-2019-dobrou-ante-2017\\\/#primaryimage\",\"url\":\"https:\\\/\\\/folhadoleste.com.br\\\/wp-content\\\/uploads\\\/2023\\\/04\\\/RJ-numero-de-meninas-apreendidas-em-2019-dobrou-ante-2017-Marcelo-Camargo-Agencia-Brasil.jpg\",\"contentUrl\":\"https:\\\/\\\/folhadoleste.com.br\\\/wp-content\\\/uploads\\\/2023\\\/04\\\/RJ-numero-de-meninas-apreendidas-em-2019-dobrou-ante-2017-Marcelo-Camargo-Agencia-Brasil.jpg\",\"width\":1170,\"height\":700},{\"@type\":\"BreadcrumbList\",\"@id\":\"https:\\\/\\\/folhadoleste.com.br\\\/rj-numero-de-meninas-apreendidas-em-2019-dobrou-ante-2017\\\/#breadcrumb\",\"itemListElement\":[{\"@type\":\"ListItem\",\"position\":1,\"name\":\"In\u00edcio\",\"item\":\"https:\\\/\\\/folhadoleste.com.br\\\/\"},{\"@type\":\"ListItem\",\"position\":2,\"name\":\"Brasil\",\"item\":\"https:\\\/\\\/folhadoleste.com.br\\\/category\\\/brasil\\\/\"},{\"@type\":\"ListItem\",\"position\":3,\"name\":\"Direitos Humanos\",\"item\":\"https:\\\/\\\/folhadoleste.com.br\\\/category\\\/brasil\\\/direitos-humanos\\\/\"},{\"@type\":\"ListItem\",\"position\":4,\"name\":\"RJ: n\u00famero de meninas apreendidas em 2019 dobrou ante 2017\"}]},{\"@type\":\"WebSite\",\"@id\":\"https:\\\/\\\/folhadoleste.com.br\\\/#website\",\"url\":\"https:\\\/\\\/folhadoleste.com.br\\\/\",\"name\":\"Folha do Leste\",\"description\":\"Portal de Not\u00edcias com \u00eanfase em Niter\u00f3i, criando conte\u00fados desde a capital Rio de Janeiro, com olhar para o Leste Fluminense e suas cidades como S\u00e3o Gon\u00e7alo, Itabora\u00ed, Rio Bonito, Maric\u00e1, Saquarema e Araruama\",\"publisher\":{\"@id\":\"https:\\\/\\\/folhadoleste.com.br\\\/#organization\"},\"alternateName\":\"FL\",\"potentialAction\":[{\"@type\":\"SearchAction\",\"target\":{\"@type\":\"EntryPoint\",\"urlTemplate\":\"https:\\\/\\\/folhadoleste.com.br\\\/?s={search_term_string}\"},\"query-input\":{\"@type\":\"PropertyValueSpecification\",\"valueRequired\":true,\"valueName\":\"search_term_string\"}}],\"inLanguage\":\"en-US\"},{\"@type\":\"Organization\",\"@id\":\"https:\\\/\\\/folhadoleste.com.br\\\/#organization\",\"name\":\"Brasil 21 Comunica\u00e7\u00e3o\",\"alternateName\":\"BR21\",\"url\":\"https:\\\/\\\/folhadoleste.com.br\\\/\",\"logo\":{\"@type\":\"ImageObject\",\"inLanguage\":\"en-US\",\"@id\":\"https:\\\/\\\/folhadoleste.com.br\\\/#\\\/schema\\\/logo\\\/image\\\/\",\"url\":\"https:\\\/\\\/folhadoleste.com.br\\\/wp-content\\\/uploads\\\/2025\\\/12\\\/brasil-21-logomarca.avif\",\"contentUrl\":\"https:\\\/\\\/folhadoleste.com.br\\\/wp-content\\\/uploads\\\/2025\\\/12\\\/brasil-21-logomarca.avif\",\"width\":1044,\"height\":1044,\"caption\":\"Brasil 21 Comunica\u00e7\u00e3o\"},\"image\":{\"@id\":\"https:\\\/\\\/folhadoleste.com.br\\\/#\\\/schema\\\/logo\\\/image\\\/\"},\"sameAs\":[\"https:\\\/\\\/www.facebook.com\\\/folhadoleste\",\"https:\\\/\\\/x.com\\\/FolhadoLesteRJ\",\"https:\\\/\\\/www.instagram.com\\\/folhadoleste\\\/\"]},{\"@type\":\"Person\",\"@id\":\"https:\\\/\\\/folhadoleste.com.br\\\/#\\\/schema\\\/person\\\/3e97145b2e1861276e84471aa85a3899\",\"name\":\"Folha do Leste\",\"image\":{\"@type\":\"ImageObject\",\"inLanguage\":\"en-US\",\"@id\":\"https:\\\/\\\/folhadoleste.com.br\\\/wp-content\\\/litespeed\\\/avatar\\\/1ca8c218432e7045e748610eb3db0259.jpg?ver=1777161142\",\"url\":\"https:\\\/\\\/folhadoleste.com.br\\\/wp-content\\\/litespeed\\\/avatar\\\/1ca8c218432e7045e748610eb3db0259.jpg?ver=1777161142\",\"contentUrl\":\"https:\\\/\\\/folhadoleste.com.br\\\/wp-content\\\/litespeed\\\/avatar\\\/1ca8c218432e7045e748610eb3db0259.jpg?ver=1777161142\",\"caption\":\"Folha do Leste\"},\"url\":\"https:\\\/\\\/folhadoleste.com.br\\\/en\\\/author\\\/reportagem-01\\\/\"}]}<\/script>\n<!-- \/ Yoast SEO plugin. -->","yoast_head_json":{"title":"RJ: n\u00famero de meninas apreendidas em 2019 dobrou ante 2017 &#8226; Folha do Leste","description":"A quantidade de meninas apreendidas na cidade do Rio de Janeiro por suspeita de cometimento de ato infracional em 2019 dobrou na compara\u00e7\u00e3o com 2017.","robots":{"index":"index","follow":"follow","max-snippet":"max-snippet:-1","max-image-preview":"max-image-preview:large","max-video-preview":"max-video-preview:-1"},"canonical":"https:\/\/folhadoleste.com.br\/en\/rj-numero-de-meninas-apreendidas-em-2019-dobrou-ante-2017\/","og_locale":"en_US","og_type":"article","og_title":"RJ: n\u00famero de meninas apreendidas em 2019 dobrou ante 2017 &#8226; Folha do Leste","og_description":"A quantidade de meninas apreendidas na cidade do Rio de Janeiro por suspeita de cometimento de ato infracional em 2019 dobrou na compara\u00e7\u00e3o com 2017.","og_url":"https:\/\/folhadoleste.com.br\/en\/rj-numero-de-meninas-apreendidas-em-2019-dobrou-ante-2017\/","og_site_name":"Folha do Leste","article_publisher":"https:\/\/www.facebook.com\/folhadoleste","article_published_time":"2023-04-25T12:10:17+00:00","article_modified_time":"2023-04-25T21:04:17+00:00","og_image":[{"width":1170,"height":700,"url":"https:\/\/folhadoleste.com.br\/wp-content\/uploads\/2023\/04\/RJ-numero-de-meninas-apreendidas-em-2019-dobrou-ante-2017-Marcelo-Camargo-Agencia-Brasil.jpg","type":"image\/jpeg"}],"author":"Folha do Leste","twitter_card":"summary_large_image","twitter_creator":"@FolhadoLesteRJ","twitter_site":"@FolhadoLesteRJ","twitter_misc":{"Written by":"Folha do Leste","Est. reading time":"4 minutes"},"schema":{"@context":"https:\/\/schema.org","@graph":[{"@type":"NewsArticle","@id":"https:\/\/folhadoleste.com.br\/rj-numero-de-meninas-apreendidas-em-2019-dobrou-ante-2017\/#article","isPartOf":{"@id":"https:\/\/folhadoleste.com.br\/rj-numero-de-meninas-apreendidas-em-2019-dobrou-ante-2017\/"},"author":{"name":"Folha do Leste","@id":"https:\/\/folhadoleste.com.br\/#\/schema\/person\/3e97145b2e1861276e84471aa85a3899"},"headline":"RJ: n\u00famero de meninas apreendidas em 2019 dobrou ante 2017","datePublished":"2023-04-25T12:10:17+00:00","dateModified":"2023-04-25T21:04:17+00:00","mainEntityOfPage":{"@id":"https:\/\/folhadoleste.com.br\/rj-numero-de-meninas-apreendidas-em-2019-dobrou-ante-2017\/"},"wordCount":654,"commentCount":0,"publisher":{"@id":"https:\/\/folhadoleste.com.br\/#organization"},"image":{"@id":"https:\/\/folhadoleste.com.br\/rj-numero-de-meninas-apreendidas-em-2019-dobrou-ante-2017\/#primaryimage"},"thumbnailUrl":"https:\/\/folhadoleste.com.br\/wp-content\/uploads\/2023\/04\/RJ-numero-de-meninas-apreendidas-em-2019-dobrou-ante-2017-Marcelo-Camargo-Agencia-Brasil.jpg","keywords":["aumento","crimes","Direitos Humanos","maioridade penal","meninas apreendidas","menores","pena","Rio de Janeiro","RJ"],"articleSection":["Direitos Humanos"],"inLanguage":"en-US","potentialAction":[{"@type":"CommentAction","name":"Comment","target":["https:\/\/folhadoleste.com.br\/rj-numero-de-meninas-apreendidas-em-2019-dobrou-ante-2017\/#respond"]}]},{"@type":"WebPage","@id":"https:\/\/folhadoleste.com.br\/rj-numero-de-meninas-apreendidas-em-2019-dobrou-ante-2017\/","url":"https:\/\/folhadoleste.com.br\/rj-numero-de-meninas-apreendidas-em-2019-dobrou-ante-2017\/","name":"RJ: n\u00famero de meninas apreendidas em 2019 dobrou ante 2017 &#8226; Folha do Leste","isPartOf":{"@id":"https:\/\/folhadoleste.com.br\/#website"},"primaryImageOfPage":{"@id":"https:\/\/folhadoleste.com.br\/rj-numero-de-meninas-apreendidas-em-2019-dobrou-ante-2017\/#primaryimage"},"image":{"@id":"https:\/\/folhadoleste.com.br\/rj-numero-de-meninas-apreendidas-em-2019-dobrou-ante-2017\/#primaryimage"},"thumbnailUrl":"https:\/\/folhadoleste.com.br\/wp-content\/uploads\/2023\/04\/RJ-numero-de-meninas-apreendidas-em-2019-dobrou-ante-2017-Marcelo-Camargo-Agencia-Brasil.jpg","datePublished":"2023-04-25T12:10:17+00:00","dateModified":"2023-04-25T21:04:17+00:00","description":"A quantidade de meninas apreendidas na cidade do Rio de Janeiro por suspeita de cometimento de ato infracional em 2019 dobrou na compara\u00e7\u00e3o com 2017.","breadcrumb":{"@id":"https:\/\/folhadoleste.com.br\/rj-numero-de-meninas-apreendidas-em-2019-dobrou-ante-2017\/#breadcrumb"},"inLanguage":"en-US","potentialAction":[{"@type":"ReadAction","target":["https:\/\/folhadoleste.com.br\/rj-numero-de-meninas-apreendidas-em-2019-dobrou-ante-2017\/"]}]},{"@type":"ImageObject","inLanguage":"en-US","@id":"https:\/\/folhadoleste.com.br\/rj-numero-de-meninas-apreendidas-em-2019-dobrou-ante-2017\/#primaryimage","url":"https:\/\/folhadoleste.com.br\/wp-content\/uploads\/2023\/04\/RJ-numero-de-meninas-apreendidas-em-2019-dobrou-ante-2017-Marcelo-Camargo-Agencia-Brasil.jpg","contentUrl":"https:\/\/folhadoleste.com.br\/wp-content\/uploads\/2023\/04\/RJ-numero-de-meninas-apreendidas-em-2019-dobrou-ante-2017-Marcelo-Camargo-Agencia-Brasil.jpg","width":1170,"height":700},{"@type":"BreadcrumbList","@id":"https:\/\/folhadoleste.com.br\/rj-numero-de-meninas-apreendidas-em-2019-dobrou-ante-2017\/#breadcrumb","itemListElement":[{"@type":"ListItem","position":1,"name":"In\u00edcio","item":"https:\/\/folhadoleste.com.br\/"},{"@type":"ListItem","position":2,"name":"Brasil","item":"https:\/\/folhadoleste.com.br\/category\/brasil\/"},{"@type":"ListItem","position":3,"name":"Direitos Humanos","item":"https:\/\/folhadoleste.com.br\/category\/brasil\/direitos-humanos\/"},{"@type":"ListItem","position":4,"name":"RJ: n\u00famero de meninas apreendidas em 2019 dobrou ante 2017"}]},{"@type":"WebSite","@id":"https:\/\/folhadoleste.com.br\/#website","url":"https:\/\/folhadoleste.com.br\/","name":"Folha do Leste","description":"Portal de Not\u00edcias com \u00eanfase em Niter\u00f3i, criando conte\u00fados desde a capital Rio de Janeiro, com olhar para o Leste Fluminense e suas cidades como S\u00e3o Gon\u00e7alo, Itabora\u00ed, Rio Bonito, Maric\u00e1, Saquarema e Araruama","publisher":{"@id":"https:\/\/folhadoleste.com.br\/#organization"},"alternateName":"FL","potentialAction":[{"@type":"SearchAction","target":{"@type":"EntryPoint","urlTemplate":"https:\/\/folhadoleste.com.br\/?s={search_term_string}"},"query-input":{"@type":"PropertyValueSpecification","valueRequired":true,"valueName":"search_term_string"}}],"inLanguage":"en-US"},{"@type":"Organization","@id":"https:\/\/folhadoleste.com.br\/#organization","name":"Brasil 21 Comunica\u00e7\u00e3o","alternateName":"BR21","url":"https:\/\/folhadoleste.com.br\/","logo":{"@type":"ImageObject","inLanguage":"en-US","@id":"https:\/\/folhadoleste.com.br\/#\/schema\/logo\/image\/","url":"https:\/\/folhadoleste.com.br\/wp-content\/uploads\/2025\/12\/brasil-21-logomarca.avif","contentUrl":"https:\/\/folhadoleste.com.br\/wp-content\/uploads\/2025\/12\/brasil-21-logomarca.avif","width":1044,"height":1044,"caption":"Brasil 21 Comunica\u00e7\u00e3o"},"image":{"@id":"https:\/\/folhadoleste.com.br\/#\/schema\/logo\/image\/"},"sameAs":["https:\/\/www.facebook.com\/folhadoleste","https:\/\/x.com\/FolhadoLesteRJ","https:\/\/www.instagram.com\/folhadoleste\/"]},{"@type":"Person","@id":"https:\/\/folhadoleste.com.br\/#\/schema\/person\/3e97145b2e1861276e84471aa85a3899","name":"Folha do Leste","image":{"@type":"ImageObject","inLanguage":"en-US","@id":"https:\/\/folhadoleste.com.br\/wp-content\/litespeed\/avatar\/1ca8c218432e7045e748610eb3db0259.jpg?ver=1777161142","url":"https:\/\/folhadoleste.com.br\/wp-content\/litespeed\/avatar\/1ca8c218432e7045e748610eb3db0259.jpg?ver=1777161142","contentUrl":"https:\/\/folhadoleste.com.br\/wp-content\/litespeed\/avatar\/1ca8c218432e7045e748610eb3db0259.jpg?ver=1777161142","caption":"Folha do Leste"},"url":"https:\/\/folhadoleste.com.br\/en\/author\/reportagem-01\/"}]}},"_links":{"self":[{"href":"https:\/\/folhadoleste.com.br\/en\/wp-json\/wp\/v2\/posts\/3180","targetHints":{"allow":["GET"]}}],"collection":[{"href":"https:\/\/folhadoleste.com.br\/en\/wp-json\/wp\/v2\/posts"}],"about":[{"href":"https:\/\/folhadoleste.com.br\/en\/wp-json\/wp\/v2\/types\/post"}],"author":[{"embeddable":true,"href":"https:\/\/folhadoleste.com.br\/en\/wp-json\/wp\/v2\/users\/4"}],"replies":[{"embeddable":true,"href":"https:\/\/folhadoleste.com.br\/en\/wp-json\/wp\/v2\/comments?post=3180"}],"version-history":[{"count":1,"href":"https:\/\/folhadoleste.com.br\/en\/wp-json\/wp\/v2\/posts\/3180\/revisions"}],"predecessor-version":[{"id":3182,"href":"https:\/\/folhadoleste.com.br\/en\/wp-json\/wp\/v2\/posts\/3180\/revisions\/3182"}],"wp:featuredmedia":[{"embeddable":true,"href":"https:\/\/folhadoleste.com.br\/en\/wp-json\/wp\/v2\/media\/3181"}],"wp:attachment":[{"href":"https:\/\/folhadoleste.com.br\/en\/wp-json\/wp\/v2\/media?parent=3180"}],"wp:term":[{"taxonomy":"category","embeddable":true,"href":"https:\/\/folhadoleste.com.br\/en\/wp-json\/wp\/v2\/categories?post=3180"},{"taxonomy":"post_tag","embeddable":true,"href":"https:\/\/folhadoleste.com.br\/en\/wp-json\/wp\/v2\/tags?post=3180"}],"curies":[{"name":"wp","href":"https:\/\/api.w.org\/{rel}","templated":true}]}}