{"id":31471,"date":"2023-10-18T10:00:20","date_gmt":"2023-10-18T13:00:20","guid":{"rendered":"https:\/\/folhadoleste.com.br\/?p=31471"},"modified":"2023-10-23T21:15:33","modified_gmt":"2023-10-24T00:15:33","slug":"saquarema-jacone-sem-energia-eletrica-ha-mais-de-trinta-horas","status":"publish","type":"post","link":"https:\/\/folhadoleste.com.br\/en\/saquarema-jacone-sem-energia-eletrica-ha-mais-de-trinta-horas\/","title":{"rendered":"Saquarema: Jacon\u00e9 sem energia el\u00e9trica h\u00e1 mais de trinta horas"},"content":{"rendered":"<div id=\"attachment_31475\" style=\"width: 1210px\" class=\"wp-caption aligncenter\"><img decoding=\"async\" aria-describedby=\"caption-attachment-31475\" class=\"size-full wp-image-31475\" src=\"https:\/\/folhadoleste.com.br\/wp-content\/uploads\/2023\/10\/Saquarema-Jacone-sem-energia-eletrica-ha-mais-de-trinta-horas-Foto-Reproducao.webp\" alt=\"Saquarema: Jacon\u00e9 sem energia el\u00e9trica h\u00e1 mais de trinta horas\" width=\"1200\" height=\"750\" \/><p id=\"caption-attachment-31475\" class=\"wp-caption-text\">Foto: Reprodu\u00e7\u00e3o<\/p><\/div>\n<p>Moradores e comerciantes da Rua 17 em Jacon\u00e9 est\u00e3o enfrentando um grave problema desde a manh\u00e3 de ter\u00e7a-feira (17): a falta de energia el\u00e9trica. Mesmo ap\u00f3s mais de trinta horas, a situa\u00e7\u00e3o ainda n\u00e3o foi solucionada pela Enel, distribuidora respons\u00e1vel pelo fornecimento de energia na regi\u00e3o.<\/p>\n<p>Hoje pela manh\u00e3, alguns moradores e comerciantes indignados entraram em contato com nossa reda\u00e7\u00e3o para relatar a situa\u00e7\u00e3o e o desprezo com que a empresa tem tratado o problema, que resultou em grandes preju\u00edzos financeiros para os estabelecimentos da \u00e1rea.<\/p>\n<p>A Rua 17, conhecida por abrigar diversos com\u00e9rcios, como lanchonetes, um chaveiro, uma serralheria e um posto de combust\u00edveis, est\u00e1 completamente \u00e0s escuras. Segundo relatos, a energia foi interrompida por volta das 4 da manh\u00e3 de ter\u00e7a-feira (17) e desde ent\u00e3o a Enel tem sido acionada.<\/p>\n<h4><a href=\"https:\/\/folhadoleste.com.br\/en\/category\/jornal-folha-do-leste-rj\/saquarema\/\">\u201cLeia mais not\u00edcias de Saquarema aqui\u201d<\/a><\/h4>\n<p>No entanto, mesmo ap\u00f3s v\u00e1rias chamadas, a empresa n\u00e3o enviou nenhum ve\u00edculo para solucionar o problema. Um comerciante local, propriet\u00e1rio do posto de combust\u00edveis, afirmou que entrou em contato com a empresa e recebeu tr\u00eas prazos diferentes para a restitui\u00e7\u00e3o da energia el\u00e9trica, sendo estes \u00e0s 11h, \u00e0s 14h e \u00e0s 20h do mesmo dia.<\/p>\n<p>Nenhum deles foi cumprido pela Enel. Al\u00e9m dos preju\u00edzos financeiros enfrentados pelos com\u00e9rcios, que empregam 16 pessoas no caso do posto de combust\u00edveis, a situa\u00e7\u00e3o afeta tamb\u00e9m os moradores da Rua 17, principalmente aqueles que possuem doen\u00e7as cr\u00f4nicas e dependem da eletricidade para o funcionamento de aparelhos m\u00e9dicos.<\/p>\n<p>A falta de a\u00e7\u00e3o por parte da Enel tem trazido grandes transtornos para a regi\u00e3o e \u00e9 urgente que a empresa tome as provid\u00eancias necess\u00e1rias para o restabelecimento da energia el\u00e9trica.<\/p>\n<p>&nbsp;<\/p>\n<p><a href=\"https:\/\/www.instagram.com\/folhadoleste\/\"><img decoding=\"async\" class=\"aligncenter wp-image-15962\" src=\"https:\/\/folhadoleste.com.br\/wp-content\/uploads\/2023\/07\/instagram.jpg.webp\" alt=\"Itaipu-Itaipua\u00e7u: Caminh\u00e3o causa grave acidente na RJ-102, a estrada da Serrinha\" width=\"49\" height=\"49\" \/><\/a><a href=\"https:\/\/www.facebook.com\/folhadoleste\"><img decoding=\"async\" class=\"aligncenter wp-image-7424\" src=\"https:\/\/folhadoleste.com.br\/wp-content\/uploads\/2023\/05\/facebook-logo-3-1.png.webp\" alt=\"Itaipu-Itaipua\u00e7u: Caminh\u00e3o causa grave acidente na RJ-102, a estrada da Serrinha\" width=\"49\" height=\"49\" \/><\/a><\/p>","protected":false},"excerpt":{"rendered":"<p>Moradores e comerciantes da Rua 17 em Jacon\u00e9 est\u00e3o enfrentando um grave problema desde a manh\u00e3 de ter\u00e7a-feira (17): a falta de energia el\u00e9trica. Mesmo ap\u00f3s mais de trinta horas, a situa\u00e7\u00e3o ainda n\u00e3o foi solucionada pela Enel, distribuidora respons\u00e1vel pelo fornecimento de energia na regi\u00e3o. Hoje pela manh\u00e3, alguns moradores e comerciantes indignados entraram em contato com nossa reda\u00e7\u00e3o para relatar a situa\u00e7\u00e3o e o desprezo com que a empresa tem tratado o problema, que resultou em grandes preju\u00edzos financeiros para os estabelecimentos da \u00e1rea. A Rua 17, conhecida por abrigar diversos com\u00e9rcios, como lanchonetes, um chaveiro, uma serralheria [&hellip;]<\/p>\n","protected":false},"author":4,"featured_media":31475,"comment_status":"open","ping_status":"open","sticky":false,"template":"","format":"standard","meta":{"footnotes":""},"categories":[47,146],"tags":[3549,2888,3368,54,896,147],"class_list":["post-31471","post","type-post","status-publish","format-standard","has-post-thumbnail","hentry","category-leste-fluminense","category-saquarema","tag-enel","tag-energia","tag-jacone","tag-leste-fluminense","tag-luz","tag-saquarema","post--single"],"yoast_head":"<!-- This site is optimized with the Yoast SEO plugin v27.5 - https:\/\/yoast.com\/product\/yoast-seo-wordpress\/ -->\n<title>Saquarema: Jacon\u00e9 sem energia el\u00e9trica h\u00e1 mais de trinta horas &#8226; Folha do Leste<\/title>\n<meta name=\"description\" content=\"Saquarema: Jacon\u00e9 sem energia el\u00e9trica h\u00e1 mais de trinta horas...\" \/>\n<meta name=\"robots\" content=\"index, follow, max-snippet:-1, max-image-preview:large, max-video-preview:-1\" \/>\n<link rel=\"canonical\" href=\"https:\/\/folhadoleste.com.br\/en\/saquarema-jacone-sem-energia-eletrica-ha-mais-de-trinta-horas\/\" \/>\n<meta property=\"og:locale\" content=\"en_US\" \/>\n<meta property=\"og:type\" content=\"article\" \/>\n<meta property=\"og:title\" content=\"Saquarema: Jacon\u00e9 sem energia el\u00e9trica h\u00e1 mais de trinta horas &#8226; Folha do Leste\" \/>\n<meta property=\"og:description\" content=\"Saquarema &#8226; Folha do Leste\" \/>\n<meta property=\"og:url\" content=\"https:\/\/folhadoleste.com.br\/en\/saquarema-jacone-sem-energia-eletrica-ha-mais-de-trinta-horas\/\" \/>\n<meta property=\"og:site_name\" content=\"Folha do Leste\" \/>\n<meta property=\"article:publisher\" content=\"https:\/\/www.facebook.com\/folhadoleste\" \/>\n<meta property=\"article:published_time\" content=\"2023-10-18T13:00:20+00:00\" \/>\n<meta property=\"article:modified_time\" content=\"2023-10-24T00:15:33+00:00\" \/>\n<meta property=\"og:image\" content=\"https:\/\/folhadoleste.com.br\/wp-content\/uploads\/2023\/10\/Saquarema-Jacone-sem-energia-eletrica-ha-mais-de-trinta-horas-Foto-Reproducao.webp\" \/>\n\t<meta property=\"og:image:width\" content=\"1200\" \/>\n\t<meta property=\"og:image:height\" content=\"750\" \/>\n\t<meta property=\"og:image:type\" content=\"image\/webp\" \/>\n<meta name=\"author\" content=\"Folha do Leste\" \/>\n<meta name=\"twitter:card\" content=\"summary_large_image\" \/>\n<meta name=\"twitter:creator\" content=\"@FolhadoLesteRJ\" \/>\n<meta name=\"twitter:site\" content=\"@FolhadoLesteRJ\" \/>\n<meta name=\"twitter:label1\" content=\"Written by\" \/>\n\t<meta name=\"twitter:data1\" content=\"Folha do Leste\" \/>\n\t<meta name=\"twitter:label2\" content=\"Est. reading time\" \/>\n\t<meta name=\"twitter:data2\" content=\"3 minutes\" \/>\n<script type=\"application\/ld+json\" class=\"yoast-schema-graph\">{\"@context\":\"https:\\\/\\\/schema.org\",\"@graph\":[{\"@type\":\"NewsArticle\",\"@id\":\"https:\\\/\\\/folhadoleste.com.br\\\/saquarema-jacone-sem-energia-eletrica-ha-mais-de-trinta-horas\\\/#article\",\"isPartOf\":{\"@id\":\"https:\\\/\\\/folhadoleste.com.br\\\/saquarema-jacone-sem-energia-eletrica-ha-mais-de-trinta-horas\\\/\"},\"author\":{\"name\":\"Folha do Leste\",\"@id\":\"https:\\\/\\\/folhadoleste.com.br\\\/#\\\/schema\\\/person\\\/3e97145b2e1861276e84471aa85a3899\"},\"headline\":\"Saquarema: Jacon\u00e9 sem energia el\u00e9trica h\u00e1 mais de trinta horas\",\"datePublished\":\"2023-10-18T13:00:20+00:00\",\"dateModified\":\"2023-10-24T00:15:33+00:00\",\"mainEntityOfPage\":{\"@id\":\"https:\\\/\\\/folhadoleste.com.br\\\/saquarema-jacone-sem-energia-eletrica-ha-mais-de-trinta-horas\\\/\"},\"wordCount\":325,\"commentCount\":0,\"publisher\":{\"@id\":\"https:\\\/\\\/folhadoleste.com.br\\\/#organization\"},\"image\":{\"@id\":\"https:\\\/\\\/folhadoleste.com.br\\\/saquarema-jacone-sem-energia-eletrica-ha-mais-de-trinta-horas\\\/#primaryimage\"},\"thumbnailUrl\":\"https:\\\/\\\/folhadoleste.com.br\\\/wp-content\\\/uploads\\\/2023\\\/10\\\/Saquarema-Jacone-sem-energia-eletrica-ha-mais-de-trinta-horas-Foto-Reproducao.webp\",\"keywords\":[\"Enel\",\"Energia\",\"Jacon\u00e9\",\"Leste Fluminense\",\"Luz\",\"Saquarema\"],\"articleSection\":[\"Leste Fluminense\",\"Saquarema\"],\"inLanguage\":\"en-US\",\"potentialAction\":[{\"@type\":\"CommentAction\",\"name\":\"Comment\",\"target\":[\"https:\\\/\\\/folhadoleste.com.br\\\/saquarema-jacone-sem-energia-eletrica-ha-mais-de-trinta-horas\\\/#respond\"]}]},{\"@type\":\"WebPage\",\"@id\":\"https:\\\/\\\/folhadoleste.com.br\\\/saquarema-jacone-sem-energia-eletrica-ha-mais-de-trinta-horas\\\/\",\"url\":\"https:\\\/\\\/folhadoleste.com.br\\\/saquarema-jacone-sem-energia-eletrica-ha-mais-de-trinta-horas\\\/\",\"name\":\"Saquarema: Jacon\u00e9 sem energia el\u00e9trica h\u00e1 mais de trinta horas &#8226; Folha do Leste\",\"isPartOf\":{\"@id\":\"https:\\\/\\\/folhadoleste.com.br\\\/#website\"},\"primaryImageOfPage\":{\"@id\":\"https:\\\/\\\/folhadoleste.com.br\\\/saquarema-jacone-sem-energia-eletrica-ha-mais-de-trinta-horas\\\/#primaryimage\"},\"image\":{\"@id\":\"https:\\\/\\\/folhadoleste.com.br\\\/saquarema-jacone-sem-energia-eletrica-ha-mais-de-trinta-horas\\\/#primaryimage\"},\"thumbnailUrl\":\"https:\\\/\\\/folhadoleste.com.br\\\/wp-content\\\/uploads\\\/2023\\\/10\\\/Saquarema-Jacone-sem-energia-eletrica-ha-mais-de-trinta-horas-Foto-Reproducao.webp\",\"datePublished\":\"2023-10-18T13:00:20+00:00\",\"dateModified\":\"2023-10-24T00:15:33+00:00\",\"description\":\"Saquarema: Jacon\u00e9 sem energia el\u00e9trica h\u00e1 mais de trinta horas...\",\"breadcrumb\":{\"@id\":\"https:\\\/\\\/folhadoleste.com.br\\\/saquarema-jacone-sem-energia-eletrica-ha-mais-de-trinta-horas\\\/#breadcrumb\"},\"inLanguage\":\"en-US\",\"potentialAction\":[{\"@type\":\"ReadAction\",\"target\":[\"https:\\\/\\\/folhadoleste.com.br\\\/saquarema-jacone-sem-energia-eletrica-ha-mais-de-trinta-horas\\\/\"]}]},{\"@type\":\"ImageObject\",\"inLanguage\":\"en-US\",\"@id\":\"https:\\\/\\\/folhadoleste.com.br\\\/saquarema-jacone-sem-energia-eletrica-ha-mais-de-trinta-horas\\\/#primaryimage\",\"url\":\"https:\\\/\\\/folhadoleste.com.br\\\/wp-content\\\/uploads\\\/2023\\\/10\\\/Saquarema-Jacone-sem-energia-eletrica-ha-mais-de-trinta-horas-Foto-Reproducao.webp\",\"contentUrl\":\"https:\\\/\\\/folhadoleste.com.br\\\/wp-content\\\/uploads\\\/2023\\\/10\\\/Saquarema-Jacone-sem-energia-eletrica-ha-mais-de-trinta-horas-Foto-Reproducao.webp\",\"width\":1200,\"height\":750,\"caption\":\"Foto: Reprodu\u00e7\u00e3o\"},{\"@type\":\"BreadcrumbList\",\"@id\":\"https:\\\/\\\/folhadoleste.com.br\\\/saquarema-jacone-sem-energia-eletrica-ha-mais-de-trinta-horas\\\/#breadcrumb\",\"itemListElement\":[{\"@type\":\"ListItem\",\"position\":1,\"name\":\"In\u00edcio\",\"item\":\"https:\\\/\\\/folhadoleste.com.br\\\/\"},{\"@type\":\"ListItem\",\"position\":2,\"name\":\"Estado do Rio de Janeiro\",\"item\":\"https:\\\/\\\/folhadoleste.com.br\\\/category\\\/estado-do-rio-de-janeiro\\\/\"},{\"@type\":\"ListItem\",\"position\":3,\"name\":\"Leste Fluminense\",\"item\":\"https:\\\/\\\/folhadoleste.com.br\\\/category\\\/estado-do-rio-de-janeiro\\\/leste-fluminense\\\/\"},{\"@type\":\"ListItem\",\"position\":4,\"name\":\"Saquarema\",\"item\":\"https:\\\/\\\/folhadoleste.com.br\\\/category\\\/estado-do-rio-de-janeiro\\\/leste-fluminense\\\/saquarema\\\/\"},{\"@type\":\"ListItem\",\"position\":5,\"name\":\"Saquarema: Jacon\u00e9 sem energia el\u00e9trica h\u00e1 mais de trinta horas\"}]},{\"@type\":\"WebSite\",\"@id\":\"https:\\\/\\\/folhadoleste.com.br\\\/#website\",\"url\":\"https:\\\/\\\/folhadoleste.com.br\\\/\",\"name\":\"Folha do Leste\",\"description\":\"Portal de Not\u00edcias com \u00eanfase em Niter\u00f3i, criando conte\u00fados desde a capital Rio de Janeiro, com olhar para o Leste Fluminense e suas cidades como S\u00e3o Gon\u00e7alo, Itabora\u00ed, Rio Bonito, Maric\u00e1, Saquarema e Araruama\",\"publisher\":{\"@id\":\"https:\\\/\\\/folhadoleste.com.br\\\/#organization\"},\"alternateName\":\"FL\",\"potentialAction\":[{\"@type\":\"SearchAction\",\"target\":{\"@type\":\"EntryPoint\",\"urlTemplate\":\"https:\\\/\\\/folhadoleste.com.br\\\/?s={search_term_string}\"},\"query-input\":{\"@type\":\"PropertyValueSpecification\",\"valueRequired\":true,\"valueName\":\"search_term_string\"}}],\"inLanguage\":\"en-US\"},{\"@type\":\"Organization\",\"@id\":\"https:\\\/\\\/folhadoleste.com.br\\\/#organization\",\"name\":\"Brasil 21 Comunica\u00e7\u00e3o\",\"alternateName\":\"BR21\",\"url\":\"https:\\\/\\\/folhadoleste.com.br\\\/\",\"logo\":{\"@type\":\"ImageObject\",\"inLanguage\":\"en-US\",\"@id\":\"https:\\\/\\\/folhadoleste.com.br\\\/#\\\/schema\\\/logo\\\/image\\\/\",\"url\":\"https:\\\/\\\/folhadoleste.com.br\\\/wp-content\\\/uploads\\\/2025\\\/12\\\/brasil-21-logomarca.avif\",\"contentUrl\":\"https:\\\/\\\/folhadoleste.com.br\\\/wp-content\\\/uploads\\\/2025\\\/12\\\/brasil-21-logomarca.avif\",\"width\":1044,\"height\":1044,\"caption\":\"Brasil 21 Comunica\u00e7\u00e3o\"},\"image\":{\"@id\":\"https:\\\/\\\/folhadoleste.com.br\\\/#\\\/schema\\\/logo\\\/image\\\/\"},\"sameAs\":[\"https:\\\/\\\/www.facebook.com\\\/folhadoleste\",\"https:\\\/\\\/x.com\\\/FolhadoLesteRJ\",\"https:\\\/\\\/www.instagram.com\\\/folhadoleste\\\/\"]},{\"@type\":\"Person\",\"@id\":\"https:\\\/\\\/folhadoleste.com.br\\\/#\\\/schema\\\/person\\\/3e97145b2e1861276e84471aa85a3899\",\"name\":\"Folha do Leste\",\"image\":{\"@type\":\"ImageObject\",\"inLanguage\":\"en-US\",\"@id\":\"https:\\\/\\\/folhadoleste.com.br\\\/wp-content\\\/litespeed\\\/avatar\\\/1ca8c218432e7045e748610eb3db0259.jpg?ver=1777161142\",\"url\":\"https:\\\/\\\/folhadoleste.com.br\\\/wp-content\\\/litespeed\\\/avatar\\\/1ca8c218432e7045e748610eb3db0259.jpg?ver=1777161142\",\"contentUrl\":\"https:\\\/\\\/folhadoleste.com.br\\\/wp-content\\\/litespeed\\\/avatar\\\/1ca8c218432e7045e748610eb3db0259.jpg?ver=1777161142\",\"caption\":\"Folha do Leste\"},\"url\":\"https:\\\/\\\/folhadoleste.com.br\\\/en\\\/author\\\/reportagem-01\\\/\"}]}<\/script>\n<!-- \/ Yoast SEO plugin. -->","yoast_head_json":{"title":"Saquarema: Jacon\u00e9 sem energia el\u00e9trica h\u00e1 mais de trinta horas &#8226; Folha do Leste","description":"Saquarema: Jacon\u00e9 sem energia el\u00e9trica h\u00e1 mais de trinta horas...","robots":{"index":"index","follow":"follow","max-snippet":"max-snippet:-1","max-image-preview":"max-image-preview:large","max-video-preview":"max-video-preview:-1"},"canonical":"https:\/\/folhadoleste.com.br\/en\/saquarema-jacone-sem-energia-eletrica-ha-mais-de-trinta-horas\/","og_locale":"en_US","og_type":"article","og_title":"Saquarema: Jacon\u00e9 sem energia el\u00e9trica h\u00e1 mais de trinta horas &#8226; Folha do Leste","og_description":"Saquarema &#8226; Folha do Leste","og_url":"https:\/\/folhadoleste.com.br\/en\/saquarema-jacone-sem-energia-eletrica-ha-mais-de-trinta-horas\/","og_site_name":"Folha do Leste","article_publisher":"https:\/\/www.facebook.com\/folhadoleste","article_published_time":"2023-10-18T13:00:20+00:00","article_modified_time":"2023-10-24T00:15:33+00:00","og_image":[{"width":1200,"height":750,"url":"https:\/\/folhadoleste.com.br\/wp-content\/uploads\/2023\/10\/Saquarema-Jacone-sem-energia-eletrica-ha-mais-de-trinta-horas-Foto-Reproducao.webp","type":"image\/webp"}],"author":"Folha do Leste","twitter_card":"summary_large_image","twitter_creator":"@FolhadoLesteRJ","twitter_site":"@FolhadoLesteRJ","twitter_misc":{"Written by":"Folha do Leste","Est. reading time":"3 minutes"},"schema":{"@context":"https:\/\/schema.org","@graph":[{"@type":"NewsArticle","@id":"https:\/\/folhadoleste.com.br\/saquarema-jacone-sem-energia-eletrica-ha-mais-de-trinta-horas\/#article","isPartOf":{"@id":"https:\/\/folhadoleste.com.br\/saquarema-jacone-sem-energia-eletrica-ha-mais-de-trinta-horas\/"},"author":{"name":"Folha do Leste","@id":"https:\/\/folhadoleste.com.br\/#\/schema\/person\/3e97145b2e1861276e84471aa85a3899"},"headline":"Saquarema: Jacon\u00e9 sem energia el\u00e9trica h\u00e1 mais de trinta horas","datePublished":"2023-10-18T13:00:20+00:00","dateModified":"2023-10-24T00:15:33+00:00","mainEntityOfPage":{"@id":"https:\/\/folhadoleste.com.br\/saquarema-jacone-sem-energia-eletrica-ha-mais-de-trinta-horas\/"},"wordCount":325,"commentCount":0,"publisher":{"@id":"https:\/\/folhadoleste.com.br\/#organization"},"image":{"@id":"https:\/\/folhadoleste.com.br\/saquarema-jacone-sem-energia-eletrica-ha-mais-de-trinta-horas\/#primaryimage"},"thumbnailUrl":"https:\/\/folhadoleste.com.br\/wp-content\/uploads\/2023\/10\/Saquarema-Jacone-sem-energia-eletrica-ha-mais-de-trinta-horas-Foto-Reproducao.webp","keywords":["Enel","Energia","Jacon\u00e9","Leste Fluminense","Luz","Saquarema"],"articleSection":["Leste Fluminense","Saquarema"],"inLanguage":"en-US","potentialAction":[{"@type":"CommentAction","name":"Comment","target":["https:\/\/folhadoleste.com.br\/saquarema-jacone-sem-energia-eletrica-ha-mais-de-trinta-horas\/#respond"]}]},{"@type":"WebPage","@id":"https:\/\/folhadoleste.com.br\/saquarema-jacone-sem-energia-eletrica-ha-mais-de-trinta-horas\/","url":"https:\/\/folhadoleste.com.br\/saquarema-jacone-sem-energia-eletrica-ha-mais-de-trinta-horas\/","name":"Saquarema: Jacon\u00e9 sem energia el\u00e9trica h\u00e1 mais de trinta horas &#8226; Folha do Leste","isPartOf":{"@id":"https:\/\/folhadoleste.com.br\/#website"},"primaryImageOfPage":{"@id":"https:\/\/folhadoleste.com.br\/saquarema-jacone-sem-energia-eletrica-ha-mais-de-trinta-horas\/#primaryimage"},"image":{"@id":"https:\/\/folhadoleste.com.br\/saquarema-jacone-sem-energia-eletrica-ha-mais-de-trinta-horas\/#primaryimage"},"thumbnailUrl":"https:\/\/folhadoleste.com.br\/wp-content\/uploads\/2023\/10\/Saquarema-Jacone-sem-energia-eletrica-ha-mais-de-trinta-horas-Foto-Reproducao.webp","datePublished":"2023-10-18T13:00:20+00:00","dateModified":"2023-10-24T00:15:33+00:00","description":"Saquarema: Jacon\u00e9 sem energia el\u00e9trica h\u00e1 mais de trinta horas...","breadcrumb":{"@id":"https:\/\/folhadoleste.com.br\/saquarema-jacone-sem-energia-eletrica-ha-mais-de-trinta-horas\/#breadcrumb"},"inLanguage":"en-US","potentialAction":[{"@type":"ReadAction","target":["https:\/\/folhadoleste.com.br\/saquarema-jacone-sem-energia-eletrica-ha-mais-de-trinta-horas\/"]}]},{"@type":"ImageObject","inLanguage":"en-US","@id":"https:\/\/folhadoleste.com.br\/saquarema-jacone-sem-energia-eletrica-ha-mais-de-trinta-horas\/#primaryimage","url":"https:\/\/folhadoleste.com.br\/wp-content\/uploads\/2023\/10\/Saquarema-Jacone-sem-energia-eletrica-ha-mais-de-trinta-horas-Foto-Reproducao.webp","contentUrl":"https:\/\/folhadoleste.com.br\/wp-content\/uploads\/2023\/10\/Saquarema-Jacone-sem-energia-eletrica-ha-mais-de-trinta-horas-Foto-Reproducao.webp","width":1200,"height":750,"caption":"Foto: Reprodu\u00e7\u00e3o"},{"@type":"BreadcrumbList","@id":"https:\/\/folhadoleste.com.br\/saquarema-jacone-sem-energia-eletrica-ha-mais-de-trinta-horas\/#breadcrumb","itemListElement":[{"@type":"ListItem","position":1,"name":"In\u00edcio","item":"https:\/\/folhadoleste.com.br\/"},{"@type":"ListItem","position":2,"name":"Estado do Rio de Janeiro","item":"https:\/\/folhadoleste.com.br\/category\/estado-do-rio-de-janeiro\/"},{"@type":"ListItem","position":3,"name":"Leste Fluminense","item":"https:\/\/folhadoleste.com.br\/category\/estado-do-rio-de-janeiro\/leste-fluminense\/"},{"@type":"ListItem","position":4,"name":"Saquarema","item":"https:\/\/folhadoleste.com.br\/category\/estado-do-rio-de-janeiro\/leste-fluminense\/saquarema\/"},{"@type":"ListItem","position":5,"name":"Saquarema: Jacon\u00e9 sem energia el\u00e9trica h\u00e1 mais de trinta horas"}]},{"@type":"WebSite","@id":"https:\/\/folhadoleste.com.br\/#website","url":"https:\/\/folhadoleste.com.br\/","name":"Folha do Leste","description":"Portal de Not\u00edcias com \u00eanfase em Niter\u00f3i, criando conte\u00fados desde a capital Rio de Janeiro, com olhar para o Leste Fluminense e suas cidades como S\u00e3o Gon\u00e7alo, Itabora\u00ed, Rio Bonito, Maric\u00e1, Saquarema e Araruama","publisher":{"@id":"https:\/\/folhadoleste.com.br\/#organization"},"alternateName":"FL","potentialAction":[{"@type":"SearchAction","target":{"@type":"EntryPoint","urlTemplate":"https:\/\/folhadoleste.com.br\/?s={search_term_string}"},"query-input":{"@type":"PropertyValueSpecification","valueRequired":true,"valueName":"search_term_string"}}],"inLanguage":"en-US"},{"@type":"Organization","@id":"https:\/\/folhadoleste.com.br\/#organization","name":"Brasil 21 Comunica\u00e7\u00e3o","alternateName":"BR21","url":"https:\/\/folhadoleste.com.br\/","logo":{"@type":"ImageObject","inLanguage":"en-US","@id":"https:\/\/folhadoleste.com.br\/#\/schema\/logo\/image\/","url":"https:\/\/folhadoleste.com.br\/wp-content\/uploads\/2025\/12\/brasil-21-logomarca.avif","contentUrl":"https:\/\/folhadoleste.com.br\/wp-content\/uploads\/2025\/12\/brasil-21-logomarca.avif","width":1044,"height":1044,"caption":"Brasil 21 Comunica\u00e7\u00e3o"},"image":{"@id":"https:\/\/folhadoleste.com.br\/#\/schema\/logo\/image\/"},"sameAs":["https:\/\/www.facebook.com\/folhadoleste","https:\/\/x.com\/FolhadoLesteRJ","https:\/\/www.instagram.com\/folhadoleste\/"]},{"@type":"Person","@id":"https:\/\/folhadoleste.com.br\/#\/schema\/person\/3e97145b2e1861276e84471aa85a3899","name":"Folha do Leste","image":{"@type":"ImageObject","inLanguage":"en-US","@id":"https:\/\/folhadoleste.com.br\/wp-content\/litespeed\/avatar\/1ca8c218432e7045e748610eb3db0259.jpg?ver=1777161142","url":"https:\/\/folhadoleste.com.br\/wp-content\/litespeed\/avatar\/1ca8c218432e7045e748610eb3db0259.jpg?ver=1777161142","contentUrl":"https:\/\/folhadoleste.com.br\/wp-content\/litespeed\/avatar\/1ca8c218432e7045e748610eb3db0259.jpg?ver=1777161142","caption":"Folha do Leste"},"url":"https:\/\/folhadoleste.com.br\/en\/author\/reportagem-01\/"}]}},"_links":{"self":[{"href":"https:\/\/folhadoleste.com.br\/en\/wp-json\/wp\/v2\/posts\/31471","targetHints":{"allow":["GET"]}}],"collection":[{"href":"https:\/\/folhadoleste.com.br\/en\/wp-json\/wp\/v2\/posts"}],"about":[{"href":"https:\/\/folhadoleste.com.br\/en\/wp-json\/wp\/v2\/types\/post"}],"author":[{"embeddable":true,"href":"https:\/\/folhadoleste.com.br\/en\/wp-json\/wp\/v2\/users\/4"}],"replies":[{"embeddable":true,"href":"https:\/\/folhadoleste.com.br\/en\/wp-json\/wp\/v2\/comments?post=31471"}],"version-history":[{"count":1,"href":"https:\/\/folhadoleste.com.br\/en\/wp-json\/wp\/v2\/posts\/31471\/revisions"}],"predecessor-version":[{"id":31476,"href":"https:\/\/folhadoleste.com.br\/en\/wp-json\/wp\/v2\/posts\/31471\/revisions\/31476"}],"wp:featuredmedia":[{"embeddable":true,"href":"https:\/\/folhadoleste.com.br\/en\/wp-json\/wp\/v2\/media\/31475"}],"wp:attachment":[{"href":"https:\/\/folhadoleste.com.br\/en\/wp-json\/wp\/v2\/media?parent=31471"}],"wp:term":[{"taxonomy":"category","embeddable":true,"href":"https:\/\/folhadoleste.com.br\/en\/wp-json\/wp\/v2\/categories?post=31471"},{"taxonomy":"post_tag","embeddable":true,"href":"https:\/\/folhadoleste.com.br\/en\/wp-json\/wp\/v2\/tags?post=31471"}],"curies":[{"name":"wp","href":"https:\/\/api.w.org\/{rel}","templated":true}]}}