{"id":30255,"date":"2023-10-10T11:13:05","date_gmt":"2023-10-10T14:13:05","guid":{"rendered":"https:\/\/folhadoleste.com.br\/?p=30255"},"modified":"2023-10-10T11:15:59","modified_gmt":"2023-10-10T14:15:59","slug":"flamengo-tite-fala-em-ser-melhor-que-os-outros","status":"publish","type":"post","link":"https:\/\/folhadoleste.com.br\/en\/flamengo-tite-fala-em-ser-melhor-que-os-outros\/","title":{"rendered":"Flamengo: Tite fala em &#8220;ser melhor que os outros&#8221;"},"content":{"rendered":"<div id=\"attachment_30257\" style=\"width: 2000px\" class=\"wp-caption alignleft\"><img decoding=\"async\" aria-describedby=\"caption-attachment-30257\" class=\"size-full wp-image-30257\" src=\"https:\/\/folhadoleste.com.br\/wp-content\/uploads\/2023\/10\/F8E39VSXgAAkBf0.jpg\" alt=\"\" width=\"1990\" height=\"2048\" \/><p id=\"caption-attachment-30257\" class=\"wp-caption-text\">Tite chega falando em responsabilidade e sobre ser melhor que os outros | Cr\u00e9ditos: Nath\u00e3 Soares\/CRF<\/p><\/div>\n<p data-sourcepos=\"1:1-1:292\">Tite deu suas primeiras declara\u00e7\u00f5es como treinador do Flamengo ao chegar para trabalhar nesta ter\u00e7a-feira, no Centro de Treinamentos do Clube, em Vargem Grande, Zona Oeste do Rio. No Ninho do Urubu, Tite elogiou a estrutura do clube. Falou, ainda, sobre o orgulho e a responsabilidade de assumir o Flamengo, al\u00e9m do desafio profissional que isso representa.<\/p>\n<div id=\"attachment_30258\" style=\"width: 2570px\" class=\"wp-caption alignleft\"><img decoding=\"async\" aria-describedby=\"caption-attachment-30258\" class=\"size-full wp-image-30258\" src=\"https:\/\/folhadoleste.com.br\/wp-content\/uploads\/2023\/10\/F8FG8MoWYAARpWc-scaled.jpg\" alt=\"\" width=\"2560\" height=\"1704\" \/><p id=\"caption-attachment-30258\" class=\"wp-caption-text\">Treinador elogiou estrutura do clube, ao passo que mandou recado para a na\u00e7\u00e3o rubro-negra | Cr\u00e9ditos: Marcelo Cortes\/CRF<\/p><\/div>\n<blockquote>\n<p data-sourcepos=\"3:1-3:225\">\u00c9 um orgulho e uma responsabilidade muito grande, e um desafio profissional. A estrutura toda ela permite toda qualidade de um trabalho de alto n\u00edvel como o Flamengo exige e espero poder esse trabalho de forma conjunta, disse.<\/p>\n<\/blockquote>\n<div id=\"attachment_30259\" style=\"width: 2570px\" class=\"wp-caption aligncenter\"><img decoding=\"async\" aria-describedby=\"caption-attachment-30259\" class=\"wp-image-30259 size-full\" src=\"https:\/\/folhadoleste.com.br\/wp-content\/uploads\/2023\/10\/Flamengo-Tite-jogadores-scaled.jpg\" alt=\"\" width=\"2560\" height=\"1704\" \/><p id=\"caption-attachment-30259\" class=\"wp-caption-text\">Treinador com os jogadores | Cr\u00e9ditos: Marcelo Cortes\/CRF<\/p><\/div>\n<p data-sourcepos=\"5:1-5:190\">Al\u00e9m disso, Tite mandou um recado para a torcida rubro-negra.<\/p>\n<blockquote>\n<p data-sourcepos=\"5:1-5:190\">Que eu tenha a capacidade de poder represent\u00e1-los. Essa \u00e9 a dignidade, a for\u00e7a, o trabalho, para que a gente possa merecer o sucesso. Ser melhor que os outros. Esse \u00e9 o nosso objetivo. Ser melhor do que n\u00f3s mesmos&#8221;, frisou.<\/p>\n<\/blockquote>\n<div style=\"width: 480px;\" class=\"wp-video\"><video class=\"wp-video-shortcode\" id=\"video-30255-1\" width=\"480\" height=\"852\" preload=\"metadata\" controls=\"controls\"><source type=\"video\/mp4\" src=\"https:\/\/folhadoleste.com.br\/wp-content\/uploads\/2023\/10\/WhatsApp-Video-2023-10-10-at-11.15.24.mp4?_=1\" \/><a href=\"https:\/\/folhadoleste.com.br\/wp-content\/uploads\/2023\/10\/WhatsApp-Video-2023-10-10-at-11.15.24.mp4\">https:\/\/folhadoleste.com.br\/wp-content\/uploads\/2023\/10\/WhatsApp-Video-2023-10-10-at-11.15.24.mp4<\/a><\/video><\/div>\n<p data-sourcepos=\"9:1-9:184\">Tite foi anunciado como t\u00e9cnico do Flamengo na segunda-feira (9). Ele chega ao clube ap\u00f3s deixar a sele\u00e7\u00e3o brasileira, ap\u00f3s a campanha na Copa do Mundo de 2022, quando levou o Brasil \u00e0s quartas-de-final. Pela Sele\u00e7\u00e3o, conquistou conquistou a Copa Am\u00e9rica de 2019.<\/p>\n<p data-sourcepos=\"11:1-11:165\">O treinador ter\u00e1 seu primeiro desafio no Flamengo no dia 19 de outubro, quando o clube enfrentar\u00e1 o Cruzeiro, no Mineir\u00e3o, em Belo Horizonte, pela 29\u00aa rodada do Campeonato Brasileiro. Logo ap\u00f3s, uma prova de fogo: um cl\u00e1ssico contra o Vasco, no Maracan\u00e3.<\/p>","protected":false},"excerpt":{"rendered":"<p>Tite deu suas primeiras declara\u00e7\u00f5es como treinador do Flamengo ao chegar para trabalhar nesta ter\u00e7a-feira, no Centro de Treinamentos do Clube, em Vargem Grande, Zona Oeste do Rio. No Ninho do Urubu, Tite elogiou a estrutura do clube. Falou, ainda, sobre o orgulho e a responsabilidade de assumir o Flamengo, al\u00e9m do desafio profissional que isso representa. \u00c9 um orgulho e uma responsabilidade muito grande, e um desafio profissional. A estrutura toda ela permite toda qualidade de um trabalho de alto n\u00edvel como o Flamengo exige e espero poder esse trabalho de forma conjunta, disse. Al\u00e9m disso, Tite mandou um [&hellip;]<\/p>\n","protected":false},"author":4,"featured_media":30258,"comment_status":"open","ping_status":"open","sticky":false,"template":"","format":"standard","meta":{"footnotes":""},"categories":[48,65],"tags":[13051,11342,285,13054,13053,2489,13052,1891,8393,3349,207,7994],"class_list":["post-30255","post","type-post","status-publish","format-standard","has-post-thumbnail","hentry","category-esportes","category-futebol-esportes","tag-desafio","tag-estrutura","tag-flamengo","tag-objetivo","tag-orgulho","tag-qualidade","tag-responsabilidade","tag-sucesso","tag-tite","tag-torcida","tag-trabalho","tag-treinador","post--single"],"yoast_head":"<!-- This site is optimized with the Yoast SEO plugin v27.4 - https:\/\/yoast.com\/product\/yoast-seo-wordpress\/ -->\n<title>Flamengo: Tite fala em &quot;ser melhor que os outros&quot; &#8226; Folha do Leste<\/title>\n<meta name=\"robots\" content=\"index, follow, max-snippet:-1, max-image-preview:large, max-video-preview:-1\" \/>\n<link rel=\"canonical\" href=\"https:\/\/folhadoleste.com.br\/en\/flamengo-tite-fala-em-ser-melhor-que-os-outros\/\" \/>\n<meta property=\"og:locale\" content=\"en_US\" \/>\n<meta property=\"og:type\" content=\"article\" \/>\n<meta property=\"og:title\" content=\"Flamengo: Tite fala em &quot;ser melhor que os outros&quot; - V\u00cdDEO\" \/>\n<meta property=\"og:description\" content=\"Esportes, Futebol &#8226; Folha do Leste\" \/>\n<meta property=\"og:url\" content=\"https:\/\/folhadoleste.com.br\/en\/flamengo-tite-fala-em-ser-melhor-que-os-outros\/\" \/>\n<meta property=\"og:site_name\" content=\"Folha do Leste\" \/>\n<meta property=\"article:publisher\" content=\"https:\/\/www.facebook.com\/folhadoleste\" \/>\n<meta property=\"article:published_time\" content=\"2023-10-10T14:13:05+00:00\" \/>\n<meta property=\"article:modified_time\" content=\"2023-10-10T14:15:59+00:00\" \/>\n<meta property=\"og:image\" content=\"https:\/\/folhadoleste.com.br\/wp-content\/uploads\/2023\/10\/F8FG8MoWYAARpWc-scaled.jpg\" \/>\n\t<meta property=\"og:image:width\" content=\"2560\" \/>\n\t<meta property=\"og:image:height\" content=\"1704\" \/>\n\t<meta property=\"og:image:type\" content=\"image\/jpeg\" \/>\n<meta name=\"author\" content=\"Folha do Leste\" \/>\n<meta name=\"twitter:card\" content=\"summary_large_image\" \/>\n<meta name=\"twitter:creator\" content=\"@FolhadoLesteRJ\" \/>\n<meta name=\"twitter:site\" content=\"@FolhadoLesteRJ\" \/>\n<meta name=\"twitter:label1\" content=\"Written by\" \/>\n\t<meta name=\"twitter:data1\" content=\"Folha do Leste\" \/>\n\t<meta name=\"twitter:label2\" content=\"Est. reading time\" \/>\n\t<meta name=\"twitter:data2\" content=\"2 minutes\" \/>\n<script type=\"application\/ld+json\" class=\"yoast-schema-graph\">{\"@context\":\"https:\\\/\\\/schema.org\",\"@graph\":[{\"@type\":\"NewsArticle\",\"@id\":\"https:\\\/\\\/folhadoleste.com.br\\\/flamengo-tite-fala-em-ser-melhor-que-os-outros\\\/#article\",\"isPartOf\":{\"@id\":\"https:\\\/\\\/folhadoleste.com.br\\\/flamengo-tite-fala-em-ser-melhor-que-os-outros\\\/\"},\"author\":{\"name\":\"Folha do Leste\",\"@id\":\"https:\\\/\\\/folhadoleste.com.br\\\/#\\\/schema\\\/person\\\/3e97145b2e1861276e84471aa85a3899\"},\"headline\":\"Flamengo: Tite fala em &#8220;ser melhor que os outros&#8221;\",\"datePublished\":\"2023-10-10T14:13:05+00:00\",\"dateModified\":\"2023-10-10T14:15:59+00:00\",\"mainEntityOfPage\":{\"@id\":\"https:\\\/\\\/folhadoleste.com.br\\\/flamengo-tite-fala-em-ser-melhor-que-os-outros\\\/\"},\"wordCount\":333,\"commentCount\":0,\"publisher\":{\"@id\":\"https:\\\/\\\/folhadoleste.com.br\\\/#organization\"},\"image\":{\"@id\":\"https:\\\/\\\/folhadoleste.com.br\\\/flamengo-tite-fala-em-ser-melhor-que-os-outros\\\/#primaryimage\"},\"thumbnailUrl\":\"https:\\\/\\\/folhadoleste.com.br\\\/wp-content\\\/uploads\\\/2023\\\/10\\\/F8FG8MoWYAARpWc-scaled.jpg\",\"keywords\":[\"desafio\",\"estrutura\",\"Flamengo\",\"objetivo\",\"orgulho\",\"qualidade\",\"responsabilidade\",\"sucesso\",\"Tite\",\"torcida\",\"trabalho\",\"Treinador\"],\"articleSection\":[\"Esportes\",\"Futebol\"],\"inLanguage\":\"en-US\",\"potentialAction\":[{\"@type\":\"CommentAction\",\"name\":\"Comment\",\"target\":[\"https:\\\/\\\/folhadoleste.com.br\\\/flamengo-tite-fala-em-ser-melhor-que-os-outros\\\/#respond\"]}]},{\"@type\":\"WebPage\",\"@id\":\"https:\\\/\\\/folhadoleste.com.br\\\/flamengo-tite-fala-em-ser-melhor-que-os-outros\\\/\",\"url\":\"https:\\\/\\\/folhadoleste.com.br\\\/flamengo-tite-fala-em-ser-melhor-que-os-outros\\\/\",\"name\":\"Flamengo: Tite fala em \\\"ser melhor que os outros\\\" &#8226; Folha do Leste\",\"isPartOf\":{\"@id\":\"https:\\\/\\\/folhadoleste.com.br\\\/#website\"},\"primaryImageOfPage\":{\"@id\":\"https:\\\/\\\/folhadoleste.com.br\\\/flamengo-tite-fala-em-ser-melhor-que-os-outros\\\/#primaryimage\"},\"image\":{\"@id\":\"https:\\\/\\\/folhadoleste.com.br\\\/flamengo-tite-fala-em-ser-melhor-que-os-outros\\\/#primaryimage\"},\"thumbnailUrl\":\"https:\\\/\\\/folhadoleste.com.br\\\/wp-content\\\/uploads\\\/2023\\\/10\\\/F8FG8MoWYAARpWc-scaled.jpg\",\"datePublished\":\"2023-10-10T14:13:05+00:00\",\"dateModified\":\"2023-10-10T14:15:59+00:00\",\"breadcrumb\":{\"@id\":\"https:\\\/\\\/folhadoleste.com.br\\\/flamengo-tite-fala-em-ser-melhor-que-os-outros\\\/#breadcrumb\"},\"inLanguage\":\"en-US\",\"potentialAction\":[{\"@type\":\"ReadAction\",\"target\":[\"https:\\\/\\\/folhadoleste.com.br\\\/flamengo-tite-fala-em-ser-melhor-que-os-outros\\\/\"]}]},{\"@type\":\"ImageObject\",\"inLanguage\":\"en-US\",\"@id\":\"https:\\\/\\\/folhadoleste.com.br\\\/flamengo-tite-fala-em-ser-melhor-que-os-outros\\\/#primaryimage\",\"url\":\"https:\\\/\\\/folhadoleste.com.br\\\/wp-content\\\/uploads\\\/2023\\\/10\\\/F8FG8MoWYAARpWc-scaled.jpg\",\"contentUrl\":\"https:\\\/\\\/folhadoleste.com.br\\\/wp-content\\\/uploads\\\/2023\\\/10\\\/F8FG8MoWYAARpWc-scaled.jpg\",\"width\":2560,\"height\":1704,\"caption\":\"Treinador elogiou estrutura do clube, ao passo que mandou recado para a na\u00e7\u00e3o rubro-negra | Cr\u00e9ditos: Marcelo Cortes\\\/CRF\"},{\"@type\":\"BreadcrumbList\",\"@id\":\"https:\\\/\\\/folhadoleste.com.br\\\/flamengo-tite-fala-em-ser-melhor-que-os-outros\\\/#breadcrumb\",\"itemListElement\":[{\"@type\":\"ListItem\",\"position\":1,\"name\":\"In\u00edcio\",\"item\":\"https:\\\/\\\/folhadoleste.com.br\\\/\"},{\"@type\":\"ListItem\",\"position\":2,\"name\":\"Esportes\",\"item\":\"https:\\\/\\\/folhadoleste.com.br\\\/category\\\/esportes\\\/\"},{\"@type\":\"ListItem\",\"position\":3,\"name\":\"Futebol\",\"item\":\"https:\\\/\\\/folhadoleste.com.br\\\/category\\\/esportes\\\/futebol-esportes\\\/\"},{\"@type\":\"ListItem\",\"position\":4,\"name\":\"Flamengo: Tite fala em &#8220;ser melhor que os outros&#8221;\"}]},{\"@type\":\"WebSite\",\"@id\":\"https:\\\/\\\/folhadoleste.com.br\\\/#website\",\"url\":\"https:\\\/\\\/folhadoleste.com.br\\\/\",\"name\":\"Folha do Leste\",\"description\":\"Portal de Not\u00edcias com \u00eanfase em Niter\u00f3i, criando conte\u00fados desde a capital Rio de Janeiro, com olhar para o Leste Fluminense e suas cidades como S\u00e3o Gon\u00e7alo, Itabora\u00ed, Rio Bonito, Maric\u00e1, Saquarema e Araruama\",\"publisher\":{\"@id\":\"https:\\\/\\\/folhadoleste.com.br\\\/#organization\"},\"alternateName\":\"FL\",\"potentialAction\":[{\"@type\":\"SearchAction\",\"target\":{\"@type\":\"EntryPoint\",\"urlTemplate\":\"https:\\\/\\\/folhadoleste.com.br\\\/?s={search_term_string}\"},\"query-input\":{\"@type\":\"PropertyValueSpecification\",\"valueRequired\":true,\"valueName\":\"search_term_string\"}}],\"inLanguage\":\"en-US\"},{\"@type\":\"Organization\",\"@id\":\"https:\\\/\\\/folhadoleste.com.br\\\/#organization\",\"name\":\"Brasil 21 Comunica\u00e7\u00e3o\",\"alternateName\":\"BR21\",\"url\":\"https:\\\/\\\/folhadoleste.com.br\\\/\",\"logo\":{\"@type\":\"ImageObject\",\"inLanguage\":\"en-US\",\"@id\":\"https:\\\/\\\/folhadoleste.com.br\\\/#\\\/schema\\\/logo\\\/image\\\/\",\"url\":\"https:\\\/\\\/folhadoleste.com.br\\\/wp-content\\\/uploads\\\/2025\\\/12\\\/brasil-21-logomarca.avif\",\"contentUrl\":\"https:\\\/\\\/folhadoleste.com.br\\\/wp-content\\\/uploads\\\/2025\\\/12\\\/brasil-21-logomarca.avif\",\"width\":1044,\"height\":1044,\"caption\":\"Brasil 21 Comunica\u00e7\u00e3o\"},\"image\":{\"@id\":\"https:\\\/\\\/folhadoleste.com.br\\\/#\\\/schema\\\/logo\\\/image\\\/\"},\"sameAs\":[\"https:\\\/\\\/www.facebook.com\\\/folhadoleste\",\"https:\\\/\\\/x.com\\\/FolhadoLesteRJ\",\"https:\\\/\\\/www.instagram.com\\\/folhadoleste\\\/\"]},{\"@type\":\"Person\",\"@id\":\"https:\\\/\\\/folhadoleste.com.br\\\/#\\\/schema\\\/person\\\/3e97145b2e1861276e84471aa85a3899\",\"name\":\"Folha do Leste\",\"image\":{\"@type\":\"ImageObject\",\"inLanguage\":\"en-US\",\"@id\":\"https:\\\/\\\/folhadoleste.com.br\\\/wp-content\\\/litespeed\\\/avatar\\\/1ca8c218432e7045e748610eb3db0259.jpg?ver=1777161142\",\"url\":\"https:\\\/\\\/folhadoleste.com.br\\\/wp-content\\\/litespeed\\\/avatar\\\/1ca8c218432e7045e748610eb3db0259.jpg?ver=1777161142\",\"contentUrl\":\"https:\\\/\\\/folhadoleste.com.br\\\/wp-content\\\/litespeed\\\/avatar\\\/1ca8c218432e7045e748610eb3db0259.jpg?ver=1777161142\",\"caption\":\"Folha do Leste\"},\"url\":\"https:\\\/\\\/folhadoleste.com.br\\\/en\\\/author\\\/reportagem-01\\\/\"}]}<\/script>\n<!-- \/ Yoast SEO plugin. -->","yoast_head_json":{"title":"Flamengo: Tite fala em \"ser melhor que os outros\" &#8226; Folha do Leste","robots":{"index":"index","follow":"follow","max-snippet":"max-snippet:-1","max-image-preview":"max-image-preview:large","max-video-preview":"max-video-preview:-1"},"canonical":"https:\/\/folhadoleste.com.br\/en\/flamengo-tite-fala-em-ser-melhor-que-os-outros\/","og_locale":"en_US","og_type":"article","og_title":"Flamengo: Tite fala em \"ser melhor que os outros\" - V\u00cdDEO","og_description":"Esportes, Futebol &#8226; Folha do Leste","og_url":"https:\/\/folhadoleste.com.br\/en\/flamengo-tite-fala-em-ser-melhor-que-os-outros\/","og_site_name":"Folha do Leste","article_publisher":"https:\/\/www.facebook.com\/folhadoleste","article_published_time":"2023-10-10T14:13:05+00:00","article_modified_time":"2023-10-10T14:15:59+00:00","og_image":[{"width":2560,"height":1704,"url":"https:\/\/folhadoleste.com.br\/wp-content\/uploads\/2023\/10\/F8FG8MoWYAARpWc-scaled.jpg","type":"image\/jpeg"}],"author":"Folha do Leste","twitter_card":"summary_large_image","twitter_creator":"@FolhadoLesteRJ","twitter_site":"@FolhadoLesteRJ","twitter_misc":{"Written by":"Folha do Leste","Est. reading time":"2 minutes"},"schema":{"@context":"https:\/\/schema.org","@graph":[{"@type":"NewsArticle","@id":"https:\/\/folhadoleste.com.br\/flamengo-tite-fala-em-ser-melhor-que-os-outros\/#article","isPartOf":{"@id":"https:\/\/folhadoleste.com.br\/flamengo-tite-fala-em-ser-melhor-que-os-outros\/"},"author":{"name":"Folha do Leste","@id":"https:\/\/folhadoleste.com.br\/#\/schema\/person\/3e97145b2e1861276e84471aa85a3899"},"headline":"Flamengo: Tite fala em &#8220;ser melhor que os outros&#8221;","datePublished":"2023-10-10T14:13:05+00:00","dateModified":"2023-10-10T14:15:59+00:00","mainEntityOfPage":{"@id":"https:\/\/folhadoleste.com.br\/flamengo-tite-fala-em-ser-melhor-que-os-outros\/"},"wordCount":333,"commentCount":0,"publisher":{"@id":"https:\/\/folhadoleste.com.br\/#organization"},"image":{"@id":"https:\/\/folhadoleste.com.br\/flamengo-tite-fala-em-ser-melhor-que-os-outros\/#primaryimage"},"thumbnailUrl":"https:\/\/folhadoleste.com.br\/wp-content\/uploads\/2023\/10\/F8FG8MoWYAARpWc-scaled.jpg","keywords":["desafio","estrutura","Flamengo","objetivo","orgulho","qualidade","responsabilidade","sucesso","Tite","torcida","trabalho","Treinador"],"articleSection":["Esportes","Futebol"],"inLanguage":"en-US","potentialAction":[{"@type":"CommentAction","name":"Comment","target":["https:\/\/folhadoleste.com.br\/flamengo-tite-fala-em-ser-melhor-que-os-outros\/#respond"]}]},{"@type":"WebPage","@id":"https:\/\/folhadoleste.com.br\/flamengo-tite-fala-em-ser-melhor-que-os-outros\/","url":"https:\/\/folhadoleste.com.br\/flamengo-tite-fala-em-ser-melhor-que-os-outros\/","name":"Flamengo: Tite fala em \"ser melhor que os outros\" &#8226; Folha do Leste","isPartOf":{"@id":"https:\/\/folhadoleste.com.br\/#website"},"primaryImageOfPage":{"@id":"https:\/\/folhadoleste.com.br\/flamengo-tite-fala-em-ser-melhor-que-os-outros\/#primaryimage"},"image":{"@id":"https:\/\/folhadoleste.com.br\/flamengo-tite-fala-em-ser-melhor-que-os-outros\/#primaryimage"},"thumbnailUrl":"https:\/\/folhadoleste.com.br\/wp-content\/uploads\/2023\/10\/F8FG8MoWYAARpWc-scaled.jpg","datePublished":"2023-10-10T14:13:05+00:00","dateModified":"2023-10-10T14:15:59+00:00","breadcrumb":{"@id":"https:\/\/folhadoleste.com.br\/flamengo-tite-fala-em-ser-melhor-que-os-outros\/#breadcrumb"},"inLanguage":"en-US","potentialAction":[{"@type":"ReadAction","target":["https:\/\/folhadoleste.com.br\/flamengo-tite-fala-em-ser-melhor-que-os-outros\/"]}]},{"@type":"ImageObject","inLanguage":"en-US","@id":"https:\/\/folhadoleste.com.br\/flamengo-tite-fala-em-ser-melhor-que-os-outros\/#primaryimage","url":"https:\/\/folhadoleste.com.br\/wp-content\/uploads\/2023\/10\/F8FG8MoWYAARpWc-scaled.jpg","contentUrl":"https:\/\/folhadoleste.com.br\/wp-content\/uploads\/2023\/10\/F8FG8MoWYAARpWc-scaled.jpg","width":2560,"height":1704,"caption":"Treinador elogiou estrutura do clube, ao passo que mandou recado para a na\u00e7\u00e3o rubro-negra | Cr\u00e9ditos: Marcelo Cortes\/CRF"},{"@type":"BreadcrumbList","@id":"https:\/\/folhadoleste.com.br\/flamengo-tite-fala-em-ser-melhor-que-os-outros\/#breadcrumb","itemListElement":[{"@type":"ListItem","position":1,"name":"In\u00edcio","item":"https:\/\/folhadoleste.com.br\/"},{"@type":"ListItem","position":2,"name":"Esportes","item":"https:\/\/folhadoleste.com.br\/category\/esportes\/"},{"@type":"ListItem","position":3,"name":"Futebol","item":"https:\/\/folhadoleste.com.br\/category\/esportes\/futebol-esportes\/"},{"@type":"ListItem","position":4,"name":"Flamengo: Tite fala em &#8220;ser melhor que os outros&#8221;"}]},{"@type":"WebSite","@id":"https:\/\/folhadoleste.com.br\/#website","url":"https:\/\/folhadoleste.com.br\/","name":"Folha do Leste","description":"Portal de Not\u00edcias com \u00eanfase em Niter\u00f3i, criando conte\u00fados desde a capital Rio de Janeiro, com olhar para o Leste Fluminense e suas cidades como S\u00e3o Gon\u00e7alo, Itabora\u00ed, Rio Bonito, Maric\u00e1, Saquarema e Araruama","publisher":{"@id":"https:\/\/folhadoleste.com.br\/#organization"},"alternateName":"FL","potentialAction":[{"@type":"SearchAction","target":{"@type":"EntryPoint","urlTemplate":"https:\/\/folhadoleste.com.br\/?s={search_term_string}"},"query-input":{"@type":"PropertyValueSpecification","valueRequired":true,"valueName":"search_term_string"}}],"inLanguage":"en-US"},{"@type":"Organization","@id":"https:\/\/folhadoleste.com.br\/#organization","name":"Brasil 21 Comunica\u00e7\u00e3o","alternateName":"BR21","url":"https:\/\/folhadoleste.com.br\/","logo":{"@type":"ImageObject","inLanguage":"en-US","@id":"https:\/\/folhadoleste.com.br\/#\/schema\/logo\/image\/","url":"https:\/\/folhadoleste.com.br\/wp-content\/uploads\/2025\/12\/brasil-21-logomarca.avif","contentUrl":"https:\/\/folhadoleste.com.br\/wp-content\/uploads\/2025\/12\/brasil-21-logomarca.avif","width":1044,"height":1044,"caption":"Brasil 21 Comunica\u00e7\u00e3o"},"image":{"@id":"https:\/\/folhadoleste.com.br\/#\/schema\/logo\/image\/"},"sameAs":["https:\/\/www.facebook.com\/folhadoleste","https:\/\/x.com\/FolhadoLesteRJ","https:\/\/www.instagram.com\/folhadoleste\/"]},{"@type":"Person","@id":"https:\/\/folhadoleste.com.br\/#\/schema\/person\/3e97145b2e1861276e84471aa85a3899","name":"Folha do Leste","image":{"@type":"ImageObject","inLanguage":"en-US","@id":"https:\/\/folhadoleste.com.br\/wp-content\/litespeed\/avatar\/1ca8c218432e7045e748610eb3db0259.jpg?ver=1777161142","url":"https:\/\/folhadoleste.com.br\/wp-content\/litespeed\/avatar\/1ca8c218432e7045e748610eb3db0259.jpg?ver=1777161142","contentUrl":"https:\/\/folhadoleste.com.br\/wp-content\/litespeed\/avatar\/1ca8c218432e7045e748610eb3db0259.jpg?ver=1777161142","caption":"Folha do Leste"},"url":"https:\/\/folhadoleste.com.br\/en\/author\/reportagem-01\/"}]}},"_links":{"self":[{"href":"https:\/\/folhadoleste.com.br\/en\/wp-json\/wp\/v2\/posts\/30255","targetHints":{"allow":["GET"]}}],"collection":[{"href":"https:\/\/folhadoleste.com.br\/en\/wp-json\/wp\/v2\/posts"}],"about":[{"href":"https:\/\/folhadoleste.com.br\/en\/wp-json\/wp\/v2\/types\/post"}],"author":[{"embeddable":true,"href":"https:\/\/folhadoleste.com.br\/en\/wp-json\/wp\/v2\/users\/4"}],"replies":[{"embeddable":true,"href":"https:\/\/folhadoleste.com.br\/en\/wp-json\/wp\/v2\/comments?post=30255"}],"version-history":[{"count":4,"href":"https:\/\/folhadoleste.com.br\/en\/wp-json\/wp\/v2\/posts\/30255\/revisions"}],"predecessor-version":[{"id":30264,"href":"https:\/\/folhadoleste.com.br\/en\/wp-json\/wp\/v2\/posts\/30255\/revisions\/30264"}],"wp:featuredmedia":[{"embeddable":true,"href":"https:\/\/folhadoleste.com.br\/en\/wp-json\/wp\/v2\/media\/30258"}],"wp:attachment":[{"href":"https:\/\/folhadoleste.com.br\/en\/wp-json\/wp\/v2\/media?parent=30255"}],"wp:term":[{"taxonomy":"category","embeddable":true,"href":"https:\/\/folhadoleste.com.br\/en\/wp-json\/wp\/v2\/categories?post=30255"},{"taxonomy":"post_tag","embeddable":true,"href":"https:\/\/folhadoleste.com.br\/en\/wp-json\/wp\/v2\/tags?post=30255"}],"curies":[{"name":"wp","href":"https:\/\/api.w.org\/{rel}","templated":true}]}}