{"id":29328,"date":"2023-10-05T09:18:21","date_gmt":"2023-10-05T12:18:21","guid":{"rendered":"https:\/\/folhadoleste.com.br\/?p=29328"},"modified":"2023-10-05T09:18:21","modified_gmt":"2023-10-05T12:18:21","slug":"policia-federal-prende-pedofilo-em-niteroi","status":"publish","type":"post","link":"https:\/\/folhadoleste.com.br\/en\/policia-federal-prende-pedofilo-em-niteroi\/","title":{"rendered":"Pol\u00edcia Federal prende ped\u00f3filo em Niter\u00f3i"},"content":{"rendered":"<div id=\"attachment_29330\" style=\"width: 1609px\" class=\"wp-caption aligncenter\"><img decoding=\"async\" aria-describedby=\"caption-attachment-29330\" class=\"size-full wp-image-29330\" src=\"https:\/\/folhadoleste.com.br\/wp-content\/uploads\/2023\/10\/WhatsApp-Image-2023-10-05-at-08.52.25.jpeg\" alt=\"Pol\u00edcia Federal prende ped\u00f3filo em Niter\u00f3i\" width=\"1599\" height=\"899\" \/><p id=\"caption-attachment-29330\" class=\"wp-caption-text\">Foto: Divulga\u00e7\u00e3o\/PF<\/p><\/div>\n<p>Policiais federais prenderam um ped\u00f3filo, durante a\u00e7\u00e3o realizada em Niter\u00f3i, nesta quinta-feira (5). A pris\u00e3o \u00e9 resultante da 16\u00aa fase da Opera\u00e7\u00e3o Arcanjo, que foi criada para reprimir crime de pronografia infantil.<\/p>\n<p>Agentes da Delegacia de Pol\u00edcia Federal em Niter\u00f3i, com apoio do Grupamento Aerom\u00f3vel da Pol\u00edcia Militar (GAM), cumpriram mandado de busca e apreens\u00e3o, expedidos pela 2\u00aa Vara Federal Criminal de Niter\u00f3i.<\/p>\n<p>O inqu\u00e9rito policial foi instaurado a partir de investiga\u00e7\u00f5es realizadas pelo N\u00facleo de Repress\u00e3o ao Abuso Sexual Infantojuvenil.<\/p>\n<p>Os policiais identificaram, atrav\u00e9s de ferramentas de investiga\u00e7\u00e3o, a pr\u00e1tica de crimes tipificados no Estatuto da Crian\u00e7a e do Adolescente (ECA) pelo suspeito e ratificadas por dilig\u00eancias realizadas na internet e em locais de interesse.<\/p>\n<div id=\"attachment_29331\" style=\"width: 1609px\" class=\"wp-caption aligncenter\"><img decoding=\"async\" aria-describedby=\"caption-attachment-29331\" class=\"wp-image-29331 size-full\" src=\"https:\/\/folhadoleste.com.br\/wp-content\/uploads\/2023\/10\/WhatsApp-Image-2023-10-05-at-08.52.24.jpeg\" alt=\"Pol\u00edcia Federal prende ped\u00f3filo em Niter\u00f3i\" width=\"1599\" height=\"899\" \/><p id=\"caption-attachment-29331\" class=\"wp-caption-text\">Foto: Divulga\u00e7\u00e3o\/PF<\/p><\/div>\n<p>Sendo assim, foi realizada a identifica\u00e7\u00e3o do usu\u00e1rio, que armazenava e compartilhava arquivos de imagens e v\u00eddeos de cunho pornogr\u00e1fico infantil.<\/p>\n<p>Durante cumprimento do mandado, foram localizados na resid\u00eancia v\u00eddeos e imagens com conte\u00fado de abuso infantil, resultando na pris\u00e3o em flagrante.<\/p>\n<p>O investigado responder\u00e1 pelos crimes de armazenar e compartilhar imagens com conte\u00fado de abuso sexual infantil, todos do ECA e, se condenado, pode pegar mais de 10 anos de pris\u00e3o, al\u00e9m de outros crimes que porventura venham a ser descobertos ao longo da investiga\u00e7\u00e3o.<\/p>\n<p>A a\u00e7\u00e3o faz parte de uma s\u00e9rie de opera\u00e7\u00f5es desenvolvidas pelo Grupo de Repress\u00e3o a Crimes Cibern\u00e9ticos (GRCC), da Delegacia de Pol\u00edcia Federal em Niter\u00f3i, e seu nome se inspirou em Miguel Arcanjo, considerado por diversas religi\u00f5es como o protetor das crian\u00e7as.<\/p>\n<p><a href=\"https:\/\/www.instagram.com\/folhadoleste\/\"><img decoding=\"async\" class=\"aligncenter wp-image-15962\" src=\"https:\/\/folhadoleste.com.br\/wp-content\/uploads\/2023\/07\/instagram.jpg\" alt=\"Itaipu-Itaipua\u00e7u: Caminh\u00e3o causa grave acidente na RJ-102, a estrada da Serrinha\" width=\"49\" height=\"49\" \/><\/a><a href=\"https:\/\/www.facebook.com\/folhadoleste\"><img decoding=\"async\" class=\"aligncenter wp-image-7424\" src=\"https:\/\/folhadoleste.com.br\/wp-content\/uploads\/2023\/05\/facebook-logo-3-1.png.webp\" alt=\"Itaipu-Itaipua\u00e7u: Caminh\u00e3o causa grave acidente na RJ-102, a estrada da Serrinha\" width=\"49\" height=\"49\" \/><\/a><\/p>","protected":false},"excerpt":{"rendered":"<p>Policiais federais prenderam um ped\u00f3filo, durante a\u00e7\u00e3o realizada em Niter\u00f3i, nesta quinta-feira (5). A pris\u00e3o \u00e9 resultante da 16\u00aa fase da Opera\u00e7\u00e3o Arcanjo, que foi criada para reprimir crime de pronografia infantil. Agentes da Delegacia de Pol\u00edcia Federal em Niter\u00f3i, com apoio do Grupamento Aerom\u00f3vel da Pol\u00edcia Militar (GAM), cumpriram mandado de busca e apreens\u00e3o, expedidos pela 2\u00aa Vara Federal Criminal de Niter\u00f3i. O inqu\u00e9rito policial foi instaurado a partir de investiga\u00e7\u00f5es realizadas pelo N\u00facleo de Repress\u00e3o ao Abuso Sexual Infantojuvenil. Os policiais identificaram, atrav\u00e9s de ferramentas de investiga\u00e7\u00e3o, a pr\u00e1tica de crimes tipificados no Estatuto da Crian\u00e7a e do [&hellip;]<\/p>\n","protected":false},"author":4,"featured_media":29330,"comment_status":"open","ping_status":"open","sticky":false,"template":"","format":"standard","meta":{"footnotes":""},"categories":[5,204],"tags":[12773,420,2628,382,410],"class_list":["post-29328","post","type-post","status-publish","format-standard","has-post-thumbnail","hentry","category-noticias-de-niteroi","category-policia-niteroi","tag-arcanjo","tag-operacao","tag-pedofilo","tag-policia-federal","tag-prisao","post--single"],"yoast_head":"<!-- This site is optimized with the Yoast SEO plugin v27.4 - https:\/\/yoast.com\/product\/yoast-seo-wordpress\/ -->\n<title>Pol\u00edcia Federal prende ped\u00f3filo em Niter\u00f3i &#8226; Folha do Leste<\/title>\n<meta name=\"description\" content=\"Policiais federais prenderam um ped\u00f3filo, durante a\u00e7\u00e3o realizada em Niter\u00f3i, nesta quinta-feira (5). A pris\u00e3o faz parte da Opera\u00e7\u00e3o Arcanjo.\" \/>\n<meta name=\"robots\" content=\"index, follow, max-snippet:-1, max-image-preview:large, max-video-preview:-1\" \/>\n<link rel=\"canonical\" href=\"https:\/\/folhadoleste.com.br\/en\/policia-federal-prende-pedofilo-em-niteroi\/\" \/>\n<meta property=\"og:locale\" content=\"en_US\" \/>\n<meta property=\"og:type\" content=\"article\" \/>\n<meta property=\"og:title\" content=\"Pol\u00edcia Federal prende ped\u00f3filo em Niter\u00f3i &#8226; Folha do Leste\" \/>\n<meta property=\"og:description\" content=\"Saiba mais.\" \/>\n<meta property=\"og:url\" content=\"https:\/\/folhadoleste.com.br\/en\/policia-federal-prende-pedofilo-em-niteroi\/\" \/>\n<meta property=\"og:site_name\" content=\"Folha do Leste\" \/>\n<meta property=\"article:publisher\" content=\"https:\/\/www.facebook.com\/folhadoleste\" \/>\n<meta property=\"article:published_time\" content=\"2023-10-05T12:18:21+00:00\" \/>\n<meta property=\"og:image\" content=\"https:\/\/folhadoleste.com.br\/wp-content\/uploads\/2023\/10\/WhatsApp-Image-2023-10-05-at-08.52.25.jpeg\" \/>\n\t<meta property=\"og:image:width\" content=\"1599\" \/>\n\t<meta property=\"og:image:height\" content=\"899\" \/>\n\t<meta property=\"og:image:type\" content=\"image\/jpeg\" \/>\n<meta name=\"author\" content=\"Folha do Leste\" \/>\n<meta name=\"twitter:card\" content=\"summary_large_image\" \/>\n<meta name=\"twitter:creator\" content=\"@FolhadoLesteRJ\" \/>\n<meta name=\"twitter:site\" content=\"@FolhadoLesteRJ\" \/>\n<meta name=\"twitter:label1\" content=\"Written by\" \/>\n\t<meta name=\"twitter:data1\" content=\"Folha do Leste\" \/>\n\t<meta name=\"twitter:label2\" content=\"Est. reading time\" \/>\n\t<meta name=\"twitter:data2\" content=\"3 minutes\" \/>\n<script type=\"application\/ld+json\" class=\"yoast-schema-graph\">{\"@context\":\"https:\\\/\\\/schema.org\",\"@graph\":[{\"@type\":\"NewsArticle\",\"@id\":\"https:\\\/\\\/folhadoleste.com.br\\\/policia-federal-prende-pedofilo-em-niteroi\\\/#article\",\"isPartOf\":{\"@id\":\"https:\\\/\\\/folhadoleste.com.br\\\/policia-federal-prende-pedofilo-em-niteroi\\\/\"},\"author\":{\"name\":\"Folha do Leste\",\"@id\":\"https:\\\/\\\/folhadoleste.com.br\\\/#\\\/schema\\\/person\\\/3e97145b2e1861276e84471aa85a3899\"},\"headline\":\"Pol\u00edcia Federal prende ped\u00f3filo em Niter\u00f3i\",\"datePublished\":\"2023-10-05T12:18:21+00:00\",\"mainEntityOfPage\":{\"@id\":\"https:\\\/\\\/folhadoleste.com.br\\\/policia-federal-prende-pedofilo-em-niteroi\\\/\"},\"wordCount\":311,\"commentCount\":0,\"publisher\":{\"@id\":\"https:\\\/\\\/folhadoleste.com.br\\\/#organization\"},\"image\":{\"@id\":\"https:\\\/\\\/folhadoleste.com.br\\\/policia-federal-prende-pedofilo-em-niteroi\\\/#primaryimage\"},\"thumbnailUrl\":\"https:\\\/\\\/folhadoleste.com.br\\\/wp-content\\\/uploads\\\/2023\\\/10\\\/WhatsApp-Image-2023-10-05-at-08.52.25.jpeg\",\"keywords\":[\"arcanjo\",\"opera\u00e7\u00e3o\",\"ped\u00f3filo\",\"Pol\u00edcia Federal\",\"pris\u00e3o\"],\"articleSection\":[\"Niter\u00f3i\",\"Pol\u00edcia\"],\"inLanguage\":\"en-US\",\"potentialAction\":[{\"@type\":\"CommentAction\",\"name\":\"Comment\",\"target\":[\"https:\\\/\\\/folhadoleste.com.br\\\/policia-federal-prende-pedofilo-em-niteroi\\\/#respond\"]}]},{\"@type\":\"WebPage\",\"@id\":\"https:\\\/\\\/folhadoleste.com.br\\\/policia-federal-prende-pedofilo-em-niteroi\\\/\",\"url\":\"https:\\\/\\\/folhadoleste.com.br\\\/policia-federal-prende-pedofilo-em-niteroi\\\/\",\"name\":\"Pol\u00edcia Federal prende ped\u00f3filo em Niter\u00f3i &#8226; Folha do Leste\",\"isPartOf\":{\"@id\":\"https:\\\/\\\/folhadoleste.com.br\\\/#website\"},\"primaryImageOfPage\":{\"@id\":\"https:\\\/\\\/folhadoleste.com.br\\\/policia-federal-prende-pedofilo-em-niteroi\\\/#primaryimage\"},\"image\":{\"@id\":\"https:\\\/\\\/folhadoleste.com.br\\\/policia-federal-prende-pedofilo-em-niteroi\\\/#primaryimage\"},\"thumbnailUrl\":\"https:\\\/\\\/folhadoleste.com.br\\\/wp-content\\\/uploads\\\/2023\\\/10\\\/WhatsApp-Image-2023-10-05-at-08.52.25.jpeg\",\"datePublished\":\"2023-10-05T12:18:21+00:00\",\"description\":\"Policiais federais prenderam um ped\u00f3filo, durante a\u00e7\u00e3o realizada em Niter\u00f3i, nesta quinta-feira (5). A pris\u00e3o faz parte da Opera\u00e7\u00e3o Arcanjo.\",\"breadcrumb\":{\"@id\":\"https:\\\/\\\/folhadoleste.com.br\\\/policia-federal-prende-pedofilo-em-niteroi\\\/#breadcrumb\"},\"inLanguage\":\"en-US\",\"potentialAction\":[{\"@type\":\"ReadAction\",\"target\":[\"https:\\\/\\\/folhadoleste.com.br\\\/policia-federal-prende-pedofilo-em-niteroi\\\/\"]}]},{\"@type\":\"ImageObject\",\"inLanguage\":\"en-US\",\"@id\":\"https:\\\/\\\/folhadoleste.com.br\\\/policia-federal-prende-pedofilo-em-niteroi\\\/#primaryimage\",\"url\":\"https:\\\/\\\/folhadoleste.com.br\\\/wp-content\\\/uploads\\\/2023\\\/10\\\/WhatsApp-Image-2023-10-05-at-08.52.25.jpeg\",\"contentUrl\":\"https:\\\/\\\/folhadoleste.com.br\\\/wp-content\\\/uploads\\\/2023\\\/10\\\/WhatsApp-Image-2023-10-05-at-08.52.25.jpeg\",\"width\":1599,\"height\":899,\"caption\":\"Foto: Divulga\u00e7\u00e3o\\\/PF\"},{\"@type\":\"BreadcrumbList\",\"@id\":\"https:\\\/\\\/folhadoleste.com.br\\\/policia-federal-prende-pedofilo-em-niteroi\\\/#breadcrumb\",\"itemListElement\":[{\"@type\":\"ListItem\",\"position\":1,\"name\":\"In\u00edcio\",\"item\":\"https:\\\/\\\/folhadoleste.com.br\\\/\"},{\"@type\":\"ListItem\",\"position\":2,\"name\":\"Estado do Rio de Janeiro\",\"item\":\"https:\\\/\\\/folhadoleste.com.br\\\/category\\\/estado-do-rio-de-janeiro\\\/\"},{\"@type\":\"ListItem\",\"position\":3,\"name\":\"Leste Fluminense\",\"item\":\"https:\\\/\\\/folhadoleste.com.br\\\/category\\\/estado-do-rio-de-janeiro\\\/leste-fluminense\\\/\"},{\"@type\":\"ListItem\",\"position\":4,\"name\":\"Niter\u00f3i\",\"item\":\"https:\\\/\\\/folhadoleste.com.br\\\/category\\\/estado-do-rio-de-janeiro\\\/leste-fluminense\\\/noticias-de-niteroi\\\/\"},{\"@type\":\"ListItem\",\"position\":5,\"name\":\"Pol\u00edcia\",\"item\":\"https:\\\/\\\/folhadoleste.com.br\\\/category\\\/estado-do-rio-de-janeiro\\\/leste-fluminense\\\/noticias-de-niteroi\\\/policia-niteroi\\\/\"},{\"@type\":\"ListItem\",\"position\":6,\"name\":\"Pol\u00edcia Federal prende ped\u00f3filo em Niter\u00f3i\"}]},{\"@type\":\"WebSite\",\"@id\":\"https:\\\/\\\/folhadoleste.com.br\\\/#website\",\"url\":\"https:\\\/\\\/folhadoleste.com.br\\\/\",\"name\":\"Folha do Leste\",\"description\":\"Portal de Not\u00edcias com \u00eanfase em Niter\u00f3i, criando conte\u00fados desde a capital Rio de Janeiro, com olhar para o Leste Fluminense e suas cidades como S\u00e3o Gon\u00e7alo, Itabora\u00ed, Rio Bonito, Maric\u00e1, Saquarema e Araruama\",\"publisher\":{\"@id\":\"https:\\\/\\\/folhadoleste.com.br\\\/#organization\"},\"alternateName\":\"FL\",\"potentialAction\":[{\"@type\":\"SearchAction\",\"target\":{\"@type\":\"EntryPoint\",\"urlTemplate\":\"https:\\\/\\\/folhadoleste.com.br\\\/?s={search_term_string}\"},\"query-input\":{\"@type\":\"PropertyValueSpecification\",\"valueRequired\":true,\"valueName\":\"search_term_string\"}}],\"inLanguage\":\"en-US\"},{\"@type\":\"Organization\",\"@id\":\"https:\\\/\\\/folhadoleste.com.br\\\/#organization\",\"name\":\"Brasil 21 Comunica\u00e7\u00e3o\",\"alternateName\":\"BR21\",\"url\":\"https:\\\/\\\/folhadoleste.com.br\\\/\",\"logo\":{\"@type\":\"ImageObject\",\"inLanguage\":\"en-US\",\"@id\":\"https:\\\/\\\/folhadoleste.com.br\\\/#\\\/schema\\\/logo\\\/image\\\/\",\"url\":\"https:\\\/\\\/folhadoleste.com.br\\\/wp-content\\\/uploads\\\/2025\\\/12\\\/brasil-21-logomarca.avif\",\"contentUrl\":\"https:\\\/\\\/folhadoleste.com.br\\\/wp-content\\\/uploads\\\/2025\\\/12\\\/brasil-21-logomarca.avif\",\"width\":1044,\"height\":1044,\"caption\":\"Brasil 21 Comunica\u00e7\u00e3o\"},\"image\":{\"@id\":\"https:\\\/\\\/folhadoleste.com.br\\\/#\\\/schema\\\/logo\\\/image\\\/\"},\"sameAs\":[\"https:\\\/\\\/www.facebook.com\\\/folhadoleste\",\"https:\\\/\\\/x.com\\\/FolhadoLesteRJ\",\"https:\\\/\\\/www.instagram.com\\\/folhadoleste\\\/\"]},{\"@type\":\"Person\",\"@id\":\"https:\\\/\\\/folhadoleste.com.br\\\/#\\\/schema\\\/person\\\/3e97145b2e1861276e84471aa85a3899\",\"name\":\"Folha do Leste\",\"image\":{\"@type\":\"ImageObject\",\"inLanguage\":\"en-US\",\"@id\":\"https:\\\/\\\/folhadoleste.com.br\\\/wp-content\\\/litespeed\\\/avatar\\\/1ca8c218432e7045e748610eb3db0259.jpg?ver=1777161142\",\"url\":\"https:\\\/\\\/folhadoleste.com.br\\\/wp-content\\\/litespeed\\\/avatar\\\/1ca8c218432e7045e748610eb3db0259.jpg?ver=1777161142\",\"contentUrl\":\"https:\\\/\\\/folhadoleste.com.br\\\/wp-content\\\/litespeed\\\/avatar\\\/1ca8c218432e7045e748610eb3db0259.jpg?ver=1777161142\",\"caption\":\"Folha do Leste\"},\"url\":\"https:\\\/\\\/folhadoleste.com.br\\\/en\\\/author\\\/reportagem-01\\\/\"}]}<\/script>\n<!-- \/ Yoast SEO plugin. -->","yoast_head_json":{"title":"Pol\u00edcia Federal prende ped\u00f3filo em Niter\u00f3i &#8226; Folha do Leste","description":"Policiais federais prenderam um ped\u00f3filo, durante a\u00e7\u00e3o realizada em Niter\u00f3i, nesta quinta-feira (5). A pris\u00e3o faz parte da Opera\u00e7\u00e3o Arcanjo.","robots":{"index":"index","follow":"follow","max-snippet":"max-snippet:-1","max-image-preview":"max-image-preview:large","max-video-preview":"max-video-preview:-1"},"canonical":"https:\/\/folhadoleste.com.br\/en\/policia-federal-prende-pedofilo-em-niteroi\/","og_locale":"en_US","og_type":"article","og_title":"Pol\u00edcia Federal prende ped\u00f3filo em Niter\u00f3i &#8226; Folha do Leste","og_description":"Saiba mais.","og_url":"https:\/\/folhadoleste.com.br\/en\/policia-federal-prende-pedofilo-em-niteroi\/","og_site_name":"Folha do Leste","article_publisher":"https:\/\/www.facebook.com\/folhadoleste","article_published_time":"2023-10-05T12:18:21+00:00","og_image":[{"width":1599,"height":899,"url":"https:\/\/folhadoleste.com.br\/wp-content\/uploads\/2023\/10\/WhatsApp-Image-2023-10-05-at-08.52.25.jpeg","type":"image\/jpeg"}],"author":"Folha do Leste","twitter_card":"summary_large_image","twitter_creator":"@FolhadoLesteRJ","twitter_site":"@FolhadoLesteRJ","twitter_misc":{"Written by":"Folha do Leste","Est. reading time":"3 minutes"},"schema":{"@context":"https:\/\/schema.org","@graph":[{"@type":"NewsArticle","@id":"https:\/\/folhadoleste.com.br\/policia-federal-prende-pedofilo-em-niteroi\/#article","isPartOf":{"@id":"https:\/\/folhadoleste.com.br\/policia-federal-prende-pedofilo-em-niteroi\/"},"author":{"name":"Folha do Leste","@id":"https:\/\/folhadoleste.com.br\/#\/schema\/person\/3e97145b2e1861276e84471aa85a3899"},"headline":"Pol\u00edcia Federal prende ped\u00f3filo em Niter\u00f3i","datePublished":"2023-10-05T12:18:21+00:00","mainEntityOfPage":{"@id":"https:\/\/folhadoleste.com.br\/policia-federal-prende-pedofilo-em-niteroi\/"},"wordCount":311,"commentCount":0,"publisher":{"@id":"https:\/\/folhadoleste.com.br\/#organization"},"image":{"@id":"https:\/\/folhadoleste.com.br\/policia-federal-prende-pedofilo-em-niteroi\/#primaryimage"},"thumbnailUrl":"https:\/\/folhadoleste.com.br\/wp-content\/uploads\/2023\/10\/WhatsApp-Image-2023-10-05-at-08.52.25.jpeg","keywords":["arcanjo","opera\u00e7\u00e3o","ped\u00f3filo","Pol\u00edcia Federal","pris\u00e3o"],"articleSection":["Niter\u00f3i","Pol\u00edcia"],"inLanguage":"en-US","potentialAction":[{"@type":"CommentAction","name":"Comment","target":["https:\/\/folhadoleste.com.br\/policia-federal-prende-pedofilo-em-niteroi\/#respond"]}]},{"@type":"WebPage","@id":"https:\/\/folhadoleste.com.br\/policia-federal-prende-pedofilo-em-niteroi\/","url":"https:\/\/folhadoleste.com.br\/policia-federal-prende-pedofilo-em-niteroi\/","name":"Pol\u00edcia Federal prende ped\u00f3filo em Niter\u00f3i &#8226; Folha do Leste","isPartOf":{"@id":"https:\/\/folhadoleste.com.br\/#website"},"primaryImageOfPage":{"@id":"https:\/\/folhadoleste.com.br\/policia-federal-prende-pedofilo-em-niteroi\/#primaryimage"},"image":{"@id":"https:\/\/folhadoleste.com.br\/policia-federal-prende-pedofilo-em-niteroi\/#primaryimage"},"thumbnailUrl":"https:\/\/folhadoleste.com.br\/wp-content\/uploads\/2023\/10\/WhatsApp-Image-2023-10-05-at-08.52.25.jpeg","datePublished":"2023-10-05T12:18:21+00:00","description":"Policiais federais prenderam um ped\u00f3filo, durante a\u00e7\u00e3o realizada em Niter\u00f3i, nesta quinta-feira (5). A pris\u00e3o faz parte da Opera\u00e7\u00e3o Arcanjo.","breadcrumb":{"@id":"https:\/\/folhadoleste.com.br\/policia-federal-prende-pedofilo-em-niteroi\/#breadcrumb"},"inLanguage":"en-US","potentialAction":[{"@type":"ReadAction","target":["https:\/\/folhadoleste.com.br\/policia-federal-prende-pedofilo-em-niteroi\/"]}]},{"@type":"ImageObject","inLanguage":"en-US","@id":"https:\/\/folhadoleste.com.br\/policia-federal-prende-pedofilo-em-niteroi\/#primaryimage","url":"https:\/\/folhadoleste.com.br\/wp-content\/uploads\/2023\/10\/WhatsApp-Image-2023-10-05-at-08.52.25.jpeg","contentUrl":"https:\/\/folhadoleste.com.br\/wp-content\/uploads\/2023\/10\/WhatsApp-Image-2023-10-05-at-08.52.25.jpeg","width":1599,"height":899,"caption":"Foto: Divulga\u00e7\u00e3o\/PF"},{"@type":"BreadcrumbList","@id":"https:\/\/folhadoleste.com.br\/policia-federal-prende-pedofilo-em-niteroi\/#breadcrumb","itemListElement":[{"@type":"ListItem","position":1,"name":"In\u00edcio","item":"https:\/\/folhadoleste.com.br\/"},{"@type":"ListItem","position":2,"name":"Estado do Rio de Janeiro","item":"https:\/\/folhadoleste.com.br\/category\/estado-do-rio-de-janeiro\/"},{"@type":"ListItem","position":3,"name":"Leste Fluminense","item":"https:\/\/folhadoleste.com.br\/category\/estado-do-rio-de-janeiro\/leste-fluminense\/"},{"@type":"ListItem","position":4,"name":"Niter\u00f3i","item":"https:\/\/folhadoleste.com.br\/category\/estado-do-rio-de-janeiro\/leste-fluminense\/noticias-de-niteroi\/"},{"@type":"ListItem","position":5,"name":"Pol\u00edcia","item":"https:\/\/folhadoleste.com.br\/category\/estado-do-rio-de-janeiro\/leste-fluminense\/noticias-de-niteroi\/policia-niteroi\/"},{"@type":"ListItem","position":6,"name":"Pol\u00edcia Federal prende ped\u00f3filo em Niter\u00f3i"}]},{"@type":"WebSite","@id":"https:\/\/folhadoleste.com.br\/#website","url":"https:\/\/folhadoleste.com.br\/","name":"Folha do Leste","description":"Portal de Not\u00edcias com \u00eanfase em Niter\u00f3i, criando conte\u00fados desde a capital Rio de Janeiro, com olhar para o Leste Fluminense e suas cidades como S\u00e3o Gon\u00e7alo, Itabora\u00ed, Rio Bonito, Maric\u00e1, Saquarema e Araruama","publisher":{"@id":"https:\/\/folhadoleste.com.br\/#organization"},"alternateName":"FL","potentialAction":[{"@type":"SearchAction","target":{"@type":"EntryPoint","urlTemplate":"https:\/\/folhadoleste.com.br\/?s={search_term_string}"},"query-input":{"@type":"PropertyValueSpecification","valueRequired":true,"valueName":"search_term_string"}}],"inLanguage":"en-US"},{"@type":"Organization","@id":"https:\/\/folhadoleste.com.br\/#organization","name":"Brasil 21 Comunica\u00e7\u00e3o","alternateName":"BR21","url":"https:\/\/folhadoleste.com.br\/","logo":{"@type":"ImageObject","inLanguage":"en-US","@id":"https:\/\/folhadoleste.com.br\/#\/schema\/logo\/image\/","url":"https:\/\/folhadoleste.com.br\/wp-content\/uploads\/2025\/12\/brasil-21-logomarca.avif","contentUrl":"https:\/\/folhadoleste.com.br\/wp-content\/uploads\/2025\/12\/brasil-21-logomarca.avif","width":1044,"height":1044,"caption":"Brasil 21 Comunica\u00e7\u00e3o"},"image":{"@id":"https:\/\/folhadoleste.com.br\/#\/schema\/logo\/image\/"},"sameAs":["https:\/\/www.facebook.com\/folhadoleste","https:\/\/x.com\/FolhadoLesteRJ","https:\/\/www.instagram.com\/folhadoleste\/"]},{"@type":"Person","@id":"https:\/\/folhadoleste.com.br\/#\/schema\/person\/3e97145b2e1861276e84471aa85a3899","name":"Folha do Leste","image":{"@type":"ImageObject","inLanguage":"en-US","@id":"https:\/\/folhadoleste.com.br\/wp-content\/litespeed\/avatar\/1ca8c218432e7045e748610eb3db0259.jpg?ver=1777161142","url":"https:\/\/folhadoleste.com.br\/wp-content\/litespeed\/avatar\/1ca8c218432e7045e748610eb3db0259.jpg?ver=1777161142","contentUrl":"https:\/\/folhadoleste.com.br\/wp-content\/litespeed\/avatar\/1ca8c218432e7045e748610eb3db0259.jpg?ver=1777161142","caption":"Folha do Leste"},"url":"https:\/\/folhadoleste.com.br\/en\/author\/reportagem-01\/"}]}},"_links":{"self":[{"href":"https:\/\/folhadoleste.com.br\/en\/wp-json\/wp\/v2\/posts\/29328","targetHints":{"allow":["GET"]}}],"collection":[{"href":"https:\/\/folhadoleste.com.br\/en\/wp-json\/wp\/v2\/posts"}],"about":[{"href":"https:\/\/folhadoleste.com.br\/en\/wp-json\/wp\/v2\/types\/post"}],"author":[{"embeddable":true,"href":"https:\/\/folhadoleste.com.br\/en\/wp-json\/wp\/v2\/users\/4"}],"replies":[{"embeddable":true,"href":"https:\/\/folhadoleste.com.br\/en\/wp-json\/wp\/v2\/comments?post=29328"}],"version-history":[{"count":1,"href":"https:\/\/folhadoleste.com.br\/en\/wp-json\/wp\/v2\/posts\/29328\/revisions"}],"predecessor-version":[{"id":29336,"href":"https:\/\/folhadoleste.com.br\/en\/wp-json\/wp\/v2\/posts\/29328\/revisions\/29336"}],"wp:featuredmedia":[{"embeddable":true,"href":"https:\/\/folhadoleste.com.br\/en\/wp-json\/wp\/v2\/media\/29330"}],"wp:attachment":[{"href":"https:\/\/folhadoleste.com.br\/en\/wp-json\/wp\/v2\/media?parent=29328"}],"wp:term":[{"taxonomy":"category","embeddable":true,"href":"https:\/\/folhadoleste.com.br\/en\/wp-json\/wp\/v2\/categories?post=29328"},{"taxonomy":"post_tag","embeddable":true,"href":"https:\/\/folhadoleste.com.br\/en\/wp-json\/wp\/v2\/tags?post=29328"}],"curies":[{"name":"wp","href":"https:\/\/api.w.org\/{rel}","templated":true}]}}