{"id":28385,"date":"2023-09-30T22:00:51","date_gmt":"2023-10-01T01:00:51","guid":{"rendered":"https:\/\/folhadoleste.com.br\/?p=28385"},"modified":"2023-09-30T19:36:38","modified_gmt":"2023-09-30T22:36:38","slug":"niteroi-tem-programacao-especial-para-o-outubro-rosa","status":"publish","type":"post","link":"https:\/\/folhadoleste.com.br\/en\/niteroi-tem-programacao-especial-para-o-outubro-rosa\/","title":{"rendered":"Niter\u00f3i tem programa\u00e7\u00e3o especial para o Outubro Rosa"},"content":{"rendered":"<div id=\"attachment_28387\" style=\"width: 1290px\" class=\"wp-caption aligncenter\"><img decoding=\"async\" aria-describedby=\"caption-attachment-28387\" class=\"size-full wp-image-28387\" src=\"https:\/\/folhadoleste.com.br\/wp-content\/uploads\/2023\/09\/Niteroi-tem-programacao-especial-para-o-Outubro-Rosa-Foto-Divulgacao.webp\" alt=\"Niter\u00f3i tem programa\u00e7\u00e3o especial para o Outubro Rosa\" width=\"1280\" height=\"850\" \/><p id=\"caption-attachment-28387\" class=\"wp-caption-text\">Foto: Divulga\u00e7\u00e3o<\/p><\/div>\n<p class=\"v1MsoNormal\">No m\u00eas de outubro, diversas a\u00e7\u00f5es s\u00e3o realizadas para promover a preven\u00e7\u00e3o e o diagn\u00f3stico precoce do c\u00e2ncer de mama. A Prefeitura de Niter\u00f3i lan\u00e7ar\u00e1 oficialmente sua campanha neste domingo (1\u00ba), no Reserva Cultural. Al\u00e9m disso, est\u00e3o previstas outras atividades ao longo do m\u00eas.<\/p>\n<p>Em parceria com a Coordenadoria de Pol\u00edticas e Direitos das Mulheres (Codim), Niter\u00f3i de Bicicleta e institui\u00e7\u00f5es da sociedade civil, a Secretaria Municipal de Sa\u00fade (SMS) organizou uma programa\u00e7\u00e3o extensa, incluindo palestras e rodas de conversas nas unidades de sa\u00fade e locais p\u00fablicos do munic\u00edpio.<\/p>\n<p>A secret\u00e1ria municipal de Sa\u00fade, Anamaria Schneider, ressaltou a import\u00e2ncia das a\u00e7\u00f5es realizadas pelo munic\u00edpio. Segundo ela, o m\u00eas de outubro \u00e9 essencial para conscientizar a popula\u00e7\u00e3o sobre o c\u00e2ncer de mama e colo de \u00fatero. Anamaria Schneider destacou o Programa Niter\u00f3i Mulher, que visa promover a sa\u00fade, tratamento e reabilita\u00e7\u00e3o dos pacientes com c\u00e2ncer, al\u00e9m de oferecer suporte necess\u00e1rio para aumentar a qualidade de vida e a sobrevida das pacientes.<\/p>\n<h4><a href=\"https:\/\/folhadoleste.com.br\/en\/category\/jornal-folha-do-leste-rj\/niteroi\/\"><strong>\u201cLeia mais not\u00edcias sobre Niter\u00f3i aqui\u201d<\/strong><\/a><\/h4>\n<p class=\"v1MsoNormal\">Lan\u00e7ado em outubro de 2021, o Programa Niter\u00f3i Mulher tem como objetivo diagnosticar precocemente casos de c\u00e2ncer de mama e colo de \u00fatero e iniciar o tratamento em menos de 60 dias, reduzindo os riscos de complica\u00e7\u00f5es e mortalidade. O munic\u00edpio tamb\u00e9m ampliou a oferta de cirurgias para c\u00e2ncer de mama e colo de \u00fatero no Hospital Municipal Oce\u00e2nico Gilson Cantarino. A Secretaria de Sa\u00fade encaminha as pacientes para tratamento com radioterapia ou quimioterapia quando necess\u00e1rio.<\/p>\n<p>As mulheres de Niter\u00f3i s\u00e3o orientadas a procurar a unidade de sa\u00fade mais pr\u00f3xima de sua resid\u00eancia, onde poder\u00e3o passar por avalia\u00e7\u00e3o, solicitar o exame de mamografia e realizar o preventivo.<\/p>\n<p>O c\u00e2ncer de mama \u00e9 a principal causa de morte por c\u00e2ncer entre as mulheres em quase todas as regi\u00f5es do Brasil, de acordo com o Instituto Nacional de C\u00e2ncer (Inca). A doen\u00e7a \u00e9 caracterizada pelo crescimento desordenado de c\u00e9lulas anormais da mama, formando tumores com potencial invasivo. Especialistas destacam a import\u00e2ncia dos exames de rastreamento e alertam sobre os riscos de diagn\u00f3sticos tardios.<\/p>\n<h4 class=\"v1MsoNormal\"><b><u>Servi\u00e7o: Programa\u00e7\u00e3o Outubro Rosa:<\/u><\/b><\/h4>\n<h4 class=\"v1MsoNormal\">1 de outubro<\/h4>\n<p class=\"v1MsoNormal\">Abertura da Campanha no Reserva Cultural e Ilumina\u00e7\u00e3o do MAC<\/p>\n<p class=\"v1MsoNormal\"><strong>Hora:<\/strong> 18h<\/p>\n<p class=\"v1MsoNormal\"><strong>Coordena\u00e7\u00e3o:<\/strong> Movimento Outubro Rosa<\/p>\n<p class=\"v1MsoNormal\">Ilumina\u00e7\u00e3o da Capela de Jurujuba com a realiza\u00e7\u00e3o de missa<\/p>\n<p class=\"v1MsoNormal\"><strong>Hor\u00e1rio:<\/strong> 19h30<\/p>\n<p class=\"v1MsoNormal\"><strong>Coordena\u00e7\u00e3o:<\/strong> Adama<\/p>\n<h4 class=\"v1MsoNormal\">4 de outubro<\/h4>\n<p class=\"v1MsoNormal\">Outubro Rosa \u2013 OAB Niter\u00f3i<\/p>\n<p class=\"v1MsoNormal\"><strong>Hor\u00e1rio:<\/strong> das 17h \u00e0s 19h<\/p>\n<p class=\"v1MsoNormal\"><strong>Abertura:<\/strong> Pedro Gomes \u2013 presidente da OAB Niter\u00f3i<\/p>\n<p class=\"v1MsoNormal\">Expositores: Theresa Cypreste (mastologista), Luiz Felipe Chichierchio (cirurgi\u00e3o pl\u00e1stico), Deisimar Bigo (micropigmenta\u00e7\u00e3o), Thathiana Michelsen (psic\u00f3loga e psico\u2013oncologista).<\/p>\n<p class=\"v1MsoNormal\">Homenageados: Rodrigo Souto (mastologista), Renata Fernandes (delegada de Comiss\u00e3o de Direito M\u00e9dico e da Sa\u00fade), Andra Luiza Silva (vice-presidente da Comiss\u00e3o de Aliena\u00e7\u00e3o Parental), Viviane Rodrigues (advogada) e Maria Aparecida Alves (professora e artes\u00e3)<\/p>\n<p class=\"v1MsoNormal\">Abertura do Outubro Rosa na C\u00e2mara de Vereadores<\/p>\n<p class=\"v1MsoNormal\">Palestra com a Dra Theresa Cypreste<\/p>\n<p class=\"v1MsoNormal\"><strong>Hor\u00e1rio:<\/strong> 14h<\/p>\n<h4 class=\"v1MsoNormal\">7 de outubro<\/h4>\n<p class=\"v1MsoNormal\">Caminhada Rosa<\/p>\n<p class=\"v1MsoNormal\"><strong>Hor\u00e1rio:<\/strong> 08h30<\/p>\n<p class=\"v1MsoNormal\"><strong>Local:<\/strong> Praia de Icara\u00ed \u2013 concentra\u00e7\u00e3o na Reitoria da UFF<\/p>\n<p class=\"v1MsoNormal\"><strong>Coordena\u00e7\u00e3o:<\/strong>\u00a0 Movimento Outubro Rosa<\/p>\n<h4 class=\"v1MsoNormal\">14 de outubro<\/h4>\n<p class=\"v1MsoNormal\">Pedal Rosa<\/p>\n<p class=\"v1MsoNormal\"><strong>Hor\u00e1rio:<\/strong> 08h<\/p>\n<p class=\"v1MsoNormal\"><strong>Local:<\/strong> Concentra\u00e7\u00e3o Caminho Niemeyer \u2013 trajeto do Caminho at\u00e9 a Praia de Icara\u00ed (Reitoria)<\/p>\n<p class=\"v1MsoNormal\"><strong>Parceria:<\/strong> Niter\u00f3i de Bicicleta, Secretaria Municipal de Sa\u00fade, CODIM, Grupo de Trabalho Niter\u00f3i Mulher, Oncomed, CLIN<\/p>\n<h4 class=\"v1MsoNormal\">21 de outubro<\/h4>\n<p class=\"v1MsoNormal\">Dia Delas<\/p>\n<p class=\"v1MsoNormal\"><strong>Hor\u00e1rio:<\/strong> 08h \u00e0s 17h<\/p>\n<p class=\"v1MsoNormal\">As Unidades de Sa\u00fade estar\u00e3o abertas para realiza\u00e7\u00e3o de exame citipatol\u00f3gico, exame cl\u00ednico das mamas, solicita\u00e7\u00e3o de mamografias de rastreamento e oportun\u00edstico.<\/p>\n<p class=\"v1MsoNormal\">Realiza\u00e7\u00e3o de mamografia pr\u00e9-agendada no Hospital Municipal Oce\u00e2nico Gilson Cantarino e CAZES.<\/p>\n<p>Remada Rosa<\/p>\n<p class=\"v1MsoNormal\"><strong>Hor\u00e1rio:<\/strong> 08h<\/p>\n<p class=\"v1MsoNormal\"><strong>Local:<\/strong> Quiosque 15 \u2013 Charitas<\/p>\n<p class=\"v1MsoNormal\"><strong>Coordena\u00e7\u00e3o:<\/strong> Mover \u2013 Movimento Viver<\/p>\n<h4 class=\"v1MsoNormal\">26 de outubro<\/h4>\n<p class=\"v1MsoNormal\">Atividade de relaxamento<\/p>\n<p class=\"v1MsoNormal\">14h Hospital Municipal Oce\u00e2nico Gilson Cantarino<\/p>\n<p class=\"v1MsoNormal\"><strong>Coordena\u00e7\u00e3o:<\/strong> Instituto ZENC\u00e2ncer<\/p>\n<h4 class=\"v1MsoNormal\">27 de outubro<\/h4>\n<p class=\"v1MsoNormal\">Programa Niter\u00f3i Mulher \u2013 Anivers\u00e1rio de 2 anos<\/p>\n<p class=\"v1MsoNormal\"><strong>Hor\u00e1rio:<\/strong> 18h<\/p>\n<p class=\"v1MsoNormal\"><strong>Local:<\/strong> Sala Nelson Pereira dos Santos<\/p>\n<p class=\"v1MsoNormal\">07\/11 \u2013 Festa &#8216;Ser chique \u00e9 ser solid\u00e1rio&#8221;<\/p>\n<p>&nbsp;<\/p>\n<p><a href=\"https:\/\/www.instagram.com\/folhadoleste\/\"><img decoding=\"async\" class=\"aligncenter wp-image-15962\" src=\"https:\/\/folhadoleste.com.br\/wp-content\/uploads\/2023\/07\/instagram.jpg\" alt=\"Itaipu-Itaipua\u00e7u: Caminh\u00e3o causa grave acidente na RJ-102, a estrada da Serrinha\" width=\"49\" height=\"49\" \/><\/a><a href=\"https:\/\/www.facebook.com\/folhadoleste\"><img decoding=\"async\" class=\"aligncenter wp-image-7424\" src=\"https:\/\/folhadoleste.com.br\/wp-content\/uploads\/2023\/05\/facebook-logo-3-1.png.webp\" alt=\"Itaipu-Itaipua\u00e7u: Caminh\u00e3o causa grave acidente na RJ-102, a estrada da Serrinha\" width=\"49\" height=\"49\" \/><\/a><\/p>","protected":false},"excerpt":{"rendered":"<p>No m\u00eas de outubro, diversas a\u00e7\u00f5es s\u00e3o realizadas para promover a preven\u00e7\u00e3o e o diagn\u00f3stico precoce do c\u00e2ncer de mama. A Prefeitura de Niter\u00f3i lan\u00e7ar\u00e1 oficialmente sua campanha neste domingo (1\u00ba), no Reserva Cultural. Al\u00e9m disso, est\u00e3o previstas outras atividades ao longo do m\u00eas. Em parceria com a Coordenadoria de Pol\u00edticas e Direitos das Mulheres (Codim), Niter\u00f3i de Bicicleta e institui\u00e7\u00f5es da sociedade civil, a Secretaria Municipal de Sa\u00fade (SMS) organizou uma programa\u00e7\u00e3o extensa, incluindo palestras e rodas de conversas nas unidades de sa\u00fade e locais p\u00fablicos do munic\u00edpio. A secret\u00e1ria municipal de Sa\u00fade, Anamaria Schneider, ressaltou a import\u00e2ncia das [&hellip;]<\/p>\n","protected":false},"author":4,"featured_media":28387,"comment_status":"open","ping_status":"open","sticky":false,"template":"","format":"standard","meta":{"footnotes":""},"categories":[47,5],"tags":[54,50,12498,181,806],"class_list":["post-28385","post","type-post","status-publish","format-standard","has-post-thumbnail","hentry","category-leste-fluminense","category-noticias-de-niteroi","tag-leste-fluminense","tag-niteroi","tag-outubro-rosa","tag-programacao","tag-regiao-oceanica","post--single"],"yoast_head":"<!-- This site is optimized with the Yoast SEO plugin v27.4 - https:\/\/yoast.com\/product\/yoast-seo-wordpress\/ -->\n<title>Niter\u00f3i tem programa\u00e7\u00e3o especial para o Outubro Rosa &#8226; Folha do Leste<\/title>\n<meta name=\"description\" content=\"Niter\u00f3i tem programa\u00e7\u00e3o especial para o Outubro Rosa...\" \/>\n<meta name=\"robots\" content=\"index, follow, max-snippet:-1, max-image-preview:large, max-video-preview:-1\" \/>\n<link rel=\"canonical\" href=\"https:\/\/folhadoleste.com.br\/en\/niteroi-tem-programacao-especial-para-o-outubro-rosa\/\" \/>\n<meta property=\"og:locale\" content=\"en_US\" \/>\n<meta property=\"og:type\" content=\"article\" \/>\n<meta property=\"og:title\" content=\"Niter\u00f3i tem programa\u00e7\u00e3o especial para o Outubro Rosa &#8226; Folha do Leste\" \/>\n<meta property=\"og:description\" content=\"Clique e saiba mais...\" \/>\n<meta property=\"og:url\" content=\"https:\/\/folhadoleste.com.br\/en\/niteroi-tem-programacao-especial-para-o-outubro-rosa\/\" \/>\n<meta property=\"og:site_name\" content=\"Folha do Leste\" \/>\n<meta property=\"article:publisher\" content=\"https:\/\/www.facebook.com\/folhadoleste\" \/>\n<meta property=\"article:published_time\" content=\"2023-10-01T01:00:51+00:00\" \/>\n<meta property=\"og:image\" content=\"https:\/\/folhadoleste.com.br\/wp-content\/uploads\/2023\/09\/Niteroi-tem-programacao-especial-para-o-Outubro-Rosa-Foto-Divulgacao.webp\" \/>\n\t<meta property=\"og:image:width\" content=\"1280\" \/>\n\t<meta property=\"og:image:height\" content=\"850\" \/>\n\t<meta property=\"og:image:type\" content=\"image\/webp\" \/>\n<meta name=\"author\" content=\"Folha do Leste\" \/>\n<meta name=\"twitter:card\" content=\"summary_large_image\" \/>\n<meta name=\"twitter:creator\" content=\"@FolhadoLesteRJ\" \/>\n<meta name=\"twitter:site\" content=\"@FolhadoLesteRJ\" \/>\n<meta name=\"twitter:label1\" content=\"Written by\" \/>\n\t<meta name=\"twitter:data1\" content=\"Folha do Leste\" \/>\n\t<meta name=\"twitter:label2\" content=\"Est. reading time\" \/>\n\t<meta name=\"twitter:data2\" content=\"5 minutes\" \/>\n<script type=\"application\/ld+json\" class=\"yoast-schema-graph\">{\"@context\":\"https:\\\/\\\/schema.org\",\"@graph\":[{\"@type\":\"NewsArticle\",\"@id\":\"https:\\\/\\\/folhadoleste.com.br\\\/niteroi-tem-programacao-especial-para-o-outubro-rosa\\\/#article\",\"isPartOf\":{\"@id\":\"https:\\\/\\\/folhadoleste.com.br\\\/niteroi-tem-programacao-especial-para-o-outubro-rosa\\\/\"},\"author\":{\"name\":\"Folha do Leste\",\"@id\":\"https:\\\/\\\/folhadoleste.com.br\\\/#\\\/schema\\\/person\\\/3e97145b2e1861276e84471aa85a3899\"},\"headline\":\"Niter\u00f3i tem programa\u00e7\u00e3o especial para o Outubro Rosa\",\"datePublished\":\"2023-10-01T01:00:51+00:00\",\"mainEntityOfPage\":{\"@id\":\"https:\\\/\\\/folhadoleste.com.br\\\/niteroi-tem-programacao-especial-para-o-outubro-rosa\\\/\"},\"wordCount\":726,\"commentCount\":0,\"publisher\":{\"@id\":\"https:\\\/\\\/folhadoleste.com.br\\\/#organization\"},\"image\":{\"@id\":\"https:\\\/\\\/folhadoleste.com.br\\\/niteroi-tem-programacao-especial-para-o-outubro-rosa\\\/#primaryimage\"},\"thumbnailUrl\":\"https:\\\/\\\/folhadoleste.com.br\\\/wp-content\\\/uploads\\\/2023\\\/09\\\/Niteroi-tem-programacao-especial-para-o-Outubro-Rosa-Foto-Divulgacao.webp\",\"keywords\":[\"Leste Fluminense\",\"Niter\u00f3i\",\"Outubro Rosa\",\"programa\u00e7\u00e3o\",\"Regi\u00e3o Oce\u00e2nica\"],\"articleSection\":[\"Leste Fluminense\",\"Niter\u00f3i\"],\"inLanguage\":\"en-US\",\"potentialAction\":[{\"@type\":\"CommentAction\",\"name\":\"Comment\",\"target\":[\"https:\\\/\\\/folhadoleste.com.br\\\/niteroi-tem-programacao-especial-para-o-outubro-rosa\\\/#respond\"]}]},{\"@type\":\"WebPage\",\"@id\":\"https:\\\/\\\/folhadoleste.com.br\\\/niteroi-tem-programacao-especial-para-o-outubro-rosa\\\/\",\"url\":\"https:\\\/\\\/folhadoleste.com.br\\\/niteroi-tem-programacao-especial-para-o-outubro-rosa\\\/\",\"name\":\"Niter\u00f3i tem programa\u00e7\u00e3o especial para o Outubro Rosa &#8226; Folha do Leste\",\"isPartOf\":{\"@id\":\"https:\\\/\\\/folhadoleste.com.br\\\/#website\"},\"primaryImageOfPage\":{\"@id\":\"https:\\\/\\\/folhadoleste.com.br\\\/niteroi-tem-programacao-especial-para-o-outubro-rosa\\\/#primaryimage\"},\"image\":{\"@id\":\"https:\\\/\\\/folhadoleste.com.br\\\/niteroi-tem-programacao-especial-para-o-outubro-rosa\\\/#primaryimage\"},\"thumbnailUrl\":\"https:\\\/\\\/folhadoleste.com.br\\\/wp-content\\\/uploads\\\/2023\\\/09\\\/Niteroi-tem-programacao-especial-para-o-Outubro-Rosa-Foto-Divulgacao.webp\",\"datePublished\":\"2023-10-01T01:00:51+00:00\",\"description\":\"Niter\u00f3i tem programa\u00e7\u00e3o especial para o Outubro Rosa...\",\"breadcrumb\":{\"@id\":\"https:\\\/\\\/folhadoleste.com.br\\\/niteroi-tem-programacao-especial-para-o-outubro-rosa\\\/#breadcrumb\"},\"inLanguage\":\"en-US\",\"potentialAction\":[{\"@type\":\"ReadAction\",\"target\":[\"https:\\\/\\\/folhadoleste.com.br\\\/niteroi-tem-programacao-especial-para-o-outubro-rosa\\\/\"]}]},{\"@type\":\"ImageObject\",\"inLanguage\":\"en-US\",\"@id\":\"https:\\\/\\\/folhadoleste.com.br\\\/niteroi-tem-programacao-especial-para-o-outubro-rosa\\\/#primaryimage\",\"url\":\"https:\\\/\\\/folhadoleste.com.br\\\/wp-content\\\/uploads\\\/2023\\\/09\\\/Niteroi-tem-programacao-especial-para-o-Outubro-Rosa-Foto-Divulgacao.webp\",\"contentUrl\":\"https:\\\/\\\/folhadoleste.com.br\\\/wp-content\\\/uploads\\\/2023\\\/09\\\/Niteroi-tem-programacao-especial-para-o-Outubro-Rosa-Foto-Divulgacao.webp\",\"width\":1280,\"height\":850,\"caption\":\"Foto: Divulga\u00e7\u00e3o\"},{\"@type\":\"BreadcrumbList\",\"@id\":\"https:\\\/\\\/folhadoleste.com.br\\\/niteroi-tem-programacao-especial-para-o-outubro-rosa\\\/#breadcrumb\",\"itemListElement\":[{\"@type\":\"ListItem\",\"position\":1,\"name\":\"In\u00edcio\",\"item\":\"https:\\\/\\\/folhadoleste.com.br\\\/\"},{\"@type\":\"ListItem\",\"position\":2,\"name\":\"Estado do Rio de Janeiro\",\"item\":\"https:\\\/\\\/folhadoleste.com.br\\\/category\\\/estado-do-rio-de-janeiro\\\/\"},{\"@type\":\"ListItem\",\"position\":3,\"name\":\"Leste Fluminense\",\"item\":\"https:\\\/\\\/folhadoleste.com.br\\\/category\\\/estado-do-rio-de-janeiro\\\/leste-fluminense\\\/\"},{\"@type\":\"ListItem\",\"position\":4,\"name\":\"Niter\u00f3i\",\"item\":\"https:\\\/\\\/folhadoleste.com.br\\\/category\\\/estado-do-rio-de-janeiro\\\/leste-fluminense\\\/noticias-de-niteroi\\\/\"},{\"@type\":\"ListItem\",\"position\":5,\"name\":\"Niter\u00f3i tem programa\u00e7\u00e3o especial para o Outubro Rosa\"}]},{\"@type\":\"WebSite\",\"@id\":\"https:\\\/\\\/folhadoleste.com.br\\\/#website\",\"url\":\"https:\\\/\\\/folhadoleste.com.br\\\/\",\"name\":\"Folha do Leste\",\"description\":\"Portal de Not\u00edcias com \u00eanfase em Niter\u00f3i, criando conte\u00fados desde a capital Rio de Janeiro, com olhar para o Leste Fluminense e suas cidades como S\u00e3o Gon\u00e7alo, Itabora\u00ed, Rio Bonito, Maric\u00e1, Saquarema e Araruama\",\"publisher\":{\"@id\":\"https:\\\/\\\/folhadoleste.com.br\\\/#organization\"},\"alternateName\":\"FL\",\"potentialAction\":[{\"@type\":\"SearchAction\",\"target\":{\"@type\":\"EntryPoint\",\"urlTemplate\":\"https:\\\/\\\/folhadoleste.com.br\\\/?s={search_term_string}\"},\"query-input\":{\"@type\":\"PropertyValueSpecification\",\"valueRequired\":true,\"valueName\":\"search_term_string\"}}],\"inLanguage\":\"en-US\"},{\"@type\":\"Organization\",\"@id\":\"https:\\\/\\\/folhadoleste.com.br\\\/#organization\",\"name\":\"Brasil 21 Comunica\u00e7\u00e3o\",\"alternateName\":\"BR21\",\"url\":\"https:\\\/\\\/folhadoleste.com.br\\\/\",\"logo\":{\"@type\":\"ImageObject\",\"inLanguage\":\"en-US\",\"@id\":\"https:\\\/\\\/folhadoleste.com.br\\\/#\\\/schema\\\/logo\\\/image\\\/\",\"url\":\"https:\\\/\\\/folhadoleste.com.br\\\/wp-content\\\/uploads\\\/2025\\\/12\\\/brasil-21-logomarca.avif\",\"contentUrl\":\"https:\\\/\\\/folhadoleste.com.br\\\/wp-content\\\/uploads\\\/2025\\\/12\\\/brasil-21-logomarca.avif\",\"width\":1044,\"height\":1044,\"caption\":\"Brasil 21 Comunica\u00e7\u00e3o\"},\"image\":{\"@id\":\"https:\\\/\\\/folhadoleste.com.br\\\/#\\\/schema\\\/logo\\\/image\\\/\"},\"sameAs\":[\"https:\\\/\\\/www.facebook.com\\\/folhadoleste\",\"https:\\\/\\\/x.com\\\/FolhadoLesteRJ\",\"https:\\\/\\\/www.instagram.com\\\/folhadoleste\\\/\"]},{\"@type\":\"Person\",\"@id\":\"https:\\\/\\\/folhadoleste.com.br\\\/#\\\/schema\\\/person\\\/3e97145b2e1861276e84471aa85a3899\",\"name\":\"Folha do Leste\",\"image\":{\"@type\":\"ImageObject\",\"inLanguage\":\"en-US\",\"@id\":\"https:\\\/\\\/folhadoleste.com.br\\\/wp-content\\\/litespeed\\\/avatar\\\/1ca8c218432e7045e748610eb3db0259.jpg?ver=1777161142\",\"url\":\"https:\\\/\\\/folhadoleste.com.br\\\/wp-content\\\/litespeed\\\/avatar\\\/1ca8c218432e7045e748610eb3db0259.jpg?ver=1777161142\",\"contentUrl\":\"https:\\\/\\\/folhadoleste.com.br\\\/wp-content\\\/litespeed\\\/avatar\\\/1ca8c218432e7045e748610eb3db0259.jpg?ver=1777161142\",\"caption\":\"Folha do Leste\"},\"url\":\"https:\\\/\\\/folhadoleste.com.br\\\/en\\\/author\\\/reportagem-01\\\/\"}]}<\/script>\n<!-- \/ Yoast SEO plugin. -->","yoast_head_json":{"title":"Niter\u00f3i tem programa\u00e7\u00e3o especial para o Outubro Rosa &#8226; Folha do Leste","description":"Niter\u00f3i tem programa\u00e7\u00e3o especial para o Outubro Rosa...","robots":{"index":"index","follow":"follow","max-snippet":"max-snippet:-1","max-image-preview":"max-image-preview:large","max-video-preview":"max-video-preview:-1"},"canonical":"https:\/\/folhadoleste.com.br\/en\/niteroi-tem-programacao-especial-para-o-outubro-rosa\/","og_locale":"en_US","og_type":"article","og_title":"Niter\u00f3i tem programa\u00e7\u00e3o especial para o Outubro Rosa &#8226; Folha do Leste","og_description":"Clique e saiba mais...","og_url":"https:\/\/folhadoleste.com.br\/en\/niteroi-tem-programacao-especial-para-o-outubro-rosa\/","og_site_name":"Folha do Leste","article_publisher":"https:\/\/www.facebook.com\/folhadoleste","article_published_time":"2023-10-01T01:00:51+00:00","og_image":[{"width":1280,"height":850,"url":"https:\/\/folhadoleste.com.br\/wp-content\/uploads\/2023\/09\/Niteroi-tem-programacao-especial-para-o-Outubro-Rosa-Foto-Divulgacao.webp","type":"image\/webp"}],"author":"Folha do Leste","twitter_card":"summary_large_image","twitter_creator":"@FolhadoLesteRJ","twitter_site":"@FolhadoLesteRJ","twitter_misc":{"Written by":"Folha do Leste","Est. reading time":"5 minutes"},"schema":{"@context":"https:\/\/schema.org","@graph":[{"@type":"NewsArticle","@id":"https:\/\/folhadoleste.com.br\/niteroi-tem-programacao-especial-para-o-outubro-rosa\/#article","isPartOf":{"@id":"https:\/\/folhadoleste.com.br\/niteroi-tem-programacao-especial-para-o-outubro-rosa\/"},"author":{"name":"Folha do Leste","@id":"https:\/\/folhadoleste.com.br\/#\/schema\/person\/3e97145b2e1861276e84471aa85a3899"},"headline":"Niter\u00f3i tem programa\u00e7\u00e3o especial para o Outubro Rosa","datePublished":"2023-10-01T01:00:51+00:00","mainEntityOfPage":{"@id":"https:\/\/folhadoleste.com.br\/niteroi-tem-programacao-especial-para-o-outubro-rosa\/"},"wordCount":726,"commentCount":0,"publisher":{"@id":"https:\/\/folhadoleste.com.br\/#organization"},"image":{"@id":"https:\/\/folhadoleste.com.br\/niteroi-tem-programacao-especial-para-o-outubro-rosa\/#primaryimage"},"thumbnailUrl":"https:\/\/folhadoleste.com.br\/wp-content\/uploads\/2023\/09\/Niteroi-tem-programacao-especial-para-o-Outubro-Rosa-Foto-Divulgacao.webp","keywords":["Leste Fluminense","Niter\u00f3i","Outubro Rosa","programa\u00e7\u00e3o","Regi\u00e3o Oce\u00e2nica"],"articleSection":["Leste Fluminense","Niter\u00f3i"],"inLanguage":"en-US","potentialAction":[{"@type":"CommentAction","name":"Comment","target":["https:\/\/folhadoleste.com.br\/niteroi-tem-programacao-especial-para-o-outubro-rosa\/#respond"]}]},{"@type":"WebPage","@id":"https:\/\/folhadoleste.com.br\/niteroi-tem-programacao-especial-para-o-outubro-rosa\/","url":"https:\/\/folhadoleste.com.br\/niteroi-tem-programacao-especial-para-o-outubro-rosa\/","name":"Niter\u00f3i tem programa\u00e7\u00e3o especial para o Outubro Rosa &#8226; Folha do Leste","isPartOf":{"@id":"https:\/\/folhadoleste.com.br\/#website"},"primaryImageOfPage":{"@id":"https:\/\/folhadoleste.com.br\/niteroi-tem-programacao-especial-para-o-outubro-rosa\/#primaryimage"},"image":{"@id":"https:\/\/folhadoleste.com.br\/niteroi-tem-programacao-especial-para-o-outubro-rosa\/#primaryimage"},"thumbnailUrl":"https:\/\/folhadoleste.com.br\/wp-content\/uploads\/2023\/09\/Niteroi-tem-programacao-especial-para-o-Outubro-Rosa-Foto-Divulgacao.webp","datePublished":"2023-10-01T01:00:51+00:00","description":"Niter\u00f3i tem programa\u00e7\u00e3o especial para o Outubro Rosa...","breadcrumb":{"@id":"https:\/\/folhadoleste.com.br\/niteroi-tem-programacao-especial-para-o-outubro-rosa\/#breadcrumb"},"inLanguage":"en-US","potentialAction":[{"@type":"ReadAction","target":["https:\/\/folhadoleste.com.br\/niteroi-tem-programacao-especial-para-o-outubro-rosa\/"]}]},{"@type":"ImageObject","inLanguage":"en-US","@id":"https:\/\/folhadoleste.com.br\/niteroi-tem-programacao-especial-para-o-outubro-rosa\/#primaryimage","url":"https:\/\/folhadoleste.com.br\/wp-content\/uploads\/2023\/09\/Niteroi-tem-programacao-especial-para-o-Outubro-Rosa-Foto-Divulgacao.webp","contentUrl":"https:\/\/folhadoleste.com.br\/wp-content\/uploads\/2023\/09\/Niteroi-tem-programacao-especial-para-o-Outubro-Rosa-Foto-Divulgacao.webp","width":1280,"height":850,"caption":"Foto: Divulga\u00e7\u00e3o"},{"@type":"BreadcrumbList","@id":"https:\/\/folhadoleste.com.br\/niteroi-tem-programacao-especial-para-o-outubro-rosa\/#breadcrumb","itemListElement":[{"@type":"ListItem","position":1,"name":"In\u00edcio","item":"https:\/\/folhadoleste.com.br\/"},{"@type":"ListItem","position":2,"name":"Estado do Rio de Janeiro","item":"https:\/\/folhadoleste.com.br\/category\/estado-do-rio-de-janeiro\/"},{"@type":"ListItem","position":3,"name":"Leste Fluminense","item":"https:\/\/folhadoleste.com.br\/category\/estado-do-rio-de-janeiro\/leste-fluminense\/"},{"@type":"ListItem","position":4,"name":"Niter\u00f3i","item":"https:\/\/folhadoleste.com.br\/category\/estado-do-rio-de-janeiro\/leste-fluminense\/noticias-de-niteroi\/"},{"@type":"ListItem","position":5,"name":"Niter\u00f3i tem programa\u00e7\u00e3o especial para o Outubro Rosa"}]},{"@type":"WebSite","@id":"https:\/\/folhadoleste.com.br\/#website","url":"https:\/\/folhadoleste.com.br\/","name":"Folha do Leste","description":"Portal de Not\u00edcias com \u00eanfase em Niter\u00f3i, criando conte\u00fados desde a capital Rio de Janeiro, com olhar para o Leste Fluminense e suas cidades como S\u00e3o Gon\u00e7alo, Itabora\u00ed, Rio Bonito, Maric\u00e1, Saquarema e Araruama","publisher":{"@id":"https:\/\/folhadoleste.com.br\/#organization"},"alternateName":"FL","potentialAction":[{"@type":"SearchAction","target":{"@type":"EntryPoint","urlTemplate":"https:\/\/folhadoleste.com.br\/?s={search_term_string}"},"query-input":{"@type":"PropertyValueSpecification","valueRequired":true,"valueName":"search_term_string"}}],"inLanguage":"en-US"},{"@type":"Organization","@id":"https:\/\/folhadoleste.com.br\/#organization","name":"Brasil 21 Comunica\u00e7\u00e3o","alternateName":"BR21","url":"https:\/\/folhadoleste.com.br\/","logo":{"@type":"ImageObject","inLanguage":"en-US","@id":"https:\/\/folhadoleste.com.br\/#\/schema\/logo\/image\/","url":"https:\/\/folhadoleste.com.br\/wp-content\/uploads\/2025\/12\/brasil-21-logomarca.avif","contentUrl":"https:\/\/folhadoleste.com.br\/wp-content\/uploads\/2025\/12\/brasil-21-logomarca.avif","width":1044,"height":1044,"caption":"Brasil 21 Comunica\u00e7\u00e3o"},"image":{"@id":"https:\/\/folhadoleste.com.br\/#\/schema\/logo\/image\/"},"sameAs":["https:\/\/www.facebook.com\/folhadoleste","https:\/\/x.com\/FolhadoLesteRJ","https:\/\/www.instagram.com\/folhadoleste\/"]},{"@type":"Person","@id":"https:\/\/folhadoleste.com.br\/#\/schema\/person\/3e97145b2e1861276e84471aa85a3899","name":"Folha do Leste","image":{"@type":"ImageObject","inLanguage":"en-US","@id":"https:\/\/folhadoleste.com.br\/wp-content\/litespeed\/avatar\/1ca8c218432e7045e748610eb3db0259.jpg?ver=1777161142","url":"https:\/\/folhadoleste.com.br\/wp-content\/litespeed\/avatar\/1ca8c218432e7045e748610eb3db0259.jpg?ver=1777161142","contentUrl":"https:\/\/folhadoleste.com.br\/wp-content\/litespeed\/avatar\/1ca8c218432e7045e748610eb3db0259.jpg?ver=1777161142","caption":"Folha do Leste"},"url":"https:\/\/folhadoleste.com.br\/en\/author\/reportagem-01\/"}]}},"_links":{"self":[{"href":"https:\/\/folhadoleste.com.br\/en\/wp-json\/wp\/v2\/posts\/28385","targetHints":{"allow":["GET"]}}],"collection":[{"href":"https:\/\/folhadoleste.com.br\/en\/wp-json\/wp\/v2\/posts"}],"about":[{"href":"https:\/\/folhadoleste.com.br\/en\/wp-json\/wp\/v2\/types\/post"}],"author":[{"embeddable":true,"href":"https:\/\/folhadoleste.com.br\/en\/wp-json\/wp\/v2\/users\/4"}],"replies":[{"embeddable":true,"href":"https:\/\/folhadoleste.com.br\/en\/wp-json\/wp\/v2\/comments?post=28385"}],"version-history":[{"count":1,"href":"https:\/\/folhadoleste.com.br\/en\/wp-json\/wp\/v2\/posts\/28385\/revisions"}],"predecessor-version":[{"id":28388,"href":"https:\/\/folhadoleste.com.br\/en\/wp-json\/wp\/v2\/posts\/28385\/revisions\/28388"}],"wp:featuredmedia":[{"embeddable":true,"href":"https:\/\/folhadoleste.com.br\/en\/wp-json\/wp\/v2\/media\/28387"}],"wp:attachment":[{"href":"https:\/\/folhadoleste.com.br\/en\/wp-json\/wp\/v2\/media?parent=28385"}],"wp:term":[{"taxonomy":"category","embeddable":true,"href":"https:\/\/folhadoleste.com.br\/en\/wp-json\/wp\/v2\/categories?post=28385"},{"taxonomy":"post_tag","embeddable":true,"href":"https:\/\/folhadoleste.com.br\/en\/wp-json\/wp\/v2\/tags?post=28385"}],"curies":[{"name":"wp","href":"https:\/\/api.w.org\/{rel}","templated":true}]}}