{"id":28316,"date":"2023-09-30T14:42:48","date_gmt":"2023-09-30T17:42:48","guid":{"rendered":"https:\/\/folhadoleste.com.br\/?p=28316"},"modified":"2023-09-30T14:42:48","modified_gmt":"2023-09-30T17:42:48","slug":"moradores-de-rua-tema-urgente-para-conferencia-em-niteroi","status":"publish","type":"post","link":"https:\/\/folhadoleste.com.br\/en\/moradores-de-rua-tema-urgente-para-conferencia-em-niteroi\/","title":{"rendered":"Moradores de rua: tema urgente para Confer\u00eancia, em Niter\u00f3i"},"content":{"rendered":"<div id=\"attachment_18009\" style=\"width: 730px\" class=\"wp-caption alignleft\"><img decoding=\"async\" aria-describedby=\"caption-attachment-18009\" class=\"size-full wp-image-18009\" src=\"https:\/\/folhadoleste.com.br\/wp-content\/uploads\/2023\/07\/WhatsApp-Image-2023-07-18-at-09.40.23.jpeg\" alt=\"Determina\u00e7\u00e3o do STF obrigar\u00e1 Niter\u00f3i a ampliar pol\u00edticas voltadas \u00e0 popula\u00e7\u00e3o de rua\" width=\"720\" height=\"1280\" \/><p id=\"caption-attachment-18009\" class=\"wp-caption-text\">Moradores em situa\u00e7\u00e3o de rua, na Av. Ernani do Amaral Peixoto &#8211; Foto: Ang\u00e9lica Carvalho\/Folha do Leste<\/p><\/div>\n<p data-sourcepos=\"1:1-1:84\">\n<p data-sourcepos=\"3:1-3:384\">A Secretaria de Direitos Humanos e Cidadania de Niter\u00f3i lan\u00e7ou, nesta sexta-feira (29), uma pesquisa para ouvir a opini\u00e3o dos moradores da cidade sobre temas ligados \u00e0s pautas do setor. O objetivo do levantamento \u00e9 tra\u00e7ar um panorama que contribua na constru\u00e7\u00e3o da Primeira Confer\u00eancia Municipal de Direitos Humanos e Cidadania de Niter\u00f3i, marcada para os dias 27, 28 e 29 de outubro.<\/p>\n<p data-sourcepos=\"3:1-3:384\">\n<div id=\"attachment_28318\" style=\"width: 1546px\" class=\"wp-caption alignleft\"><img decoding=\"async\" aria-describedby=\"caption-attachment-28318\" class=\"size-full wp-image-28318\" src=\"https:\/\/folhadoleste.com.br\/wp-content\/uploads\/2023\/09\/Nadine-Borges-Secretaria-Direitos-Humanos-de-Niteroi-Divulgacao.jpeg\" alt=\"\" width=\"1536\" height=\"1152\" \/><p id=\"caption-attachment-28318\" class=\"wp-caption-text\">Nadine Borges, advogada e Secret\u00e1ria Direitos Humanos de Niter\u00f3i &#8211; Divulga\u00e7\u00e3o<\/p><\/div>\n<p data-sourcepos=\"3:1-3:384\">Segundo Nadine Borges, secret\u00e1ria Municipal de Direitos Humanos e Cidadania, o momento pr\u00e9vio de realiza\u00e7\u00e3o da Confer\u00eancia \u00e9 fundamental para ouvir a popula\u00e7\u00e3o. Ela quer obter <span style=\"font-size: 1.21429rem;\">um diagn\u00f3stico por amostragem da relev\u00e2ncia das pol\u00edticas p\u00fablicas municipais na prote\u00e7\u00e3o e na promo\u00e7\u00e3o dos Direitos Humanos em Niter\u00f3i.<\/span><\/p>\n<blockquote>\n<p data-sourcepos=\"3:1-3:384\"><span style=\"font-size: 1.21429rem;\">Os avan\u00e7os n\u00e3o s\u00e3o poucos, mas os desafios tamb\u00e9m se intensificaram, j\u00e1 que vivemos em um estado marcado por in\u00fameros retrocessos nos \u00faltimos anos, com o recrudescimento de viola\u00e7\u00f5es de Direitos Humanos contra a popula\u00e7\u00e3o pobre, jovem e preta. Essa espiral de viol\u00eancia s\u00f3 ser\u00e1 rompida quando os Direitos Humanos pautarem de forma priorit\u00e1ria as pol\u00edticas p\u00fablicas. \u00c9 pra isso que servir\u00e1 a Confer\u00eancia, destacou<\/span><\/p>\n<\/blockquote>\n<p data-sourcepos=\"3:1-3:384\">Ainda de acordo com Nadine Borges, Niter\u00f3i ter\u00e1 <span style=\"font-size: 1.21429rem;\">um plano municipal de Direitos Humanos. Ela anunciou, tamb\u00e9m, que o Ministro da Justi\u00e7a, F\u00e1vio Dino, participar\u00e1 do evento.<\/span><\/p>\n<blockquote>\n<p data-sourcepos=\"3:1-3:384\"><span style=\"font-size: 1.21429rem;\">A integra\u00e7\u00e3o com a pauta de seguran\u00e7a p\u00fablica \u00e9 alicerce dessa constru\u00e7\u00e3o. O ministro da Justi\u00e7a, Fl\u00e1vio Dino, j\u00e1 confirmou presen\u00e7a e far\u00e1 a palestra de abertura da confer\u00eancia&#8221;, adiantou Nadine Borges.<\/span><\/p>\n<\/blockquote>\n<div id=\"attachment_28319\" style=\"width: 1180px\" class=\"wp-caption alignleft\"><img decoding=\"async\" aria-describedby=\"caption-attachment-28319\" class=\"size-full wp-image-28319\" src=\"https:\/\/folhadoleste.com.br\/wp-content\/uploads\/2023\/09\/Flavio-Dino-Flavio-Campanato.jpg\" alt=\"\" width=\"1170\" height=\"700\" \/><p id=\"caption-attachment-28319\" class=\"wp-caption-text\">Ministro da Justi\u00e7a e Seguran\u00e7a P\u00fablica, Fl\u00e1vio Dino, vai abrir a Confer\u00eancia de Direitos Humanos de Niter\u00f3i | Cr\u00e9ditos: Valter Campanato\/Ag\u00eancia Brasil.<\/p><\/div>\n<h2 data-sourcepos=\"5:1-5:352\"><\/h2>\n<h2 data-sourcepos=\"5:1-5:352\">Pessoas em situa\u00e7\u00e3o de rua<\/h2>\n<div id=\"attachment_20850\" style=\"width: 1610px\" class=\"wp-caption alignleft\"><img decoding=\"async\" aria-describedby=\"caption-attachment-20850\" class=\"size-full wp-image-20850\" src=\"https:\/\/folhadoleste.com.br\/wp-content\/uploads\/2023\/08\/Em-meio-a-revitalizacao-pracas-sao-moradia-de-pessoas-em-situacao-de-rua3-Foto-Andre-Freitas-Folha-do-Leste.jpg\" alt=\"Em meio \u00e0 revitaliza\u00e7\u00e3o, pra\u00e7as s\u00e3o moradia de pessoas em situa\u00e7\u00e3o de rua\" width=\"1600\" height=\"900\" \/><p id=\"caption-attachment-20850\" class=\"wp-caption-text\">Pra\u00e7a da Catedral de S\u00e3o Jo\u00e3o, em Niter\u00f3i, na esquina das ruas Visconde de Itabora\u00ed e S\u00e3o Jo\u00e3o | Cr\u00e9ditos: Ang\u00e9lica Carvalho\/Folha do Leste<\/p><\/div>\n<p data-sourcepos=\"5:1-5:352\">A pesquisa \u00e9 uma oportunidade importante para que a popula\u00e7\u00e3o levante quest\u00f5es urgentes, como a situa\u00e7\u00e3o dos moradores de rua. Enquanto h\u00e1 pessoas nesta situa\u00e7\u00e3o em real desafio de aus\u00eancia habitacional, existem outras, que se mant\u00e9m nesta condi\u00e7\u00e3o praticando crimes. Da mesma forma, um grande n\u00famero de pessoas em total degrada\u00e7\u00e3o por depend\u00eancia qu\u00edmica.<\/p>\n<p data-sourcepos=\"5:1-5:352\">De acordo com dados do Cad\u00danico, Niter\u00f3i possu\u00ed 850 pessoas em situa\u00e7\u00e3o de rua. Por\u00e9m, esse quantitativo pode ser muito maior, extraoficialmente, j\u00e1 que muitos deles vivem na invisibilidade. Ou seja, sem documentos ou, simplesmente, fugindo das abordagens, pois h\u00e1 casos de pessoas foragidas morando na rua.<\/p>\n<p data-sourcepos=\"5:1-5:352\">Por \u00f3bvio, a confer\u00eancia deve, primordialmente, debater os desafios enfrentado pelos moradores de rua, como a falta de moradia, de acesso \u00e0 sa\u00fade e \u00e0 educa\u00e7\u00e3o, e a viol\u00eancia.<\/p>\n<p data-sourcepos=\"7:1-7:200\">\u00c9 fundamental que a Confer\u00eancia de Direitos Humanos de Niter\u00f3i discuta a situa\u00e7\u00e3o dos moradores de rua. Essa \u00e9 uma quest\u00e3o que afeta a dignidade e a qualidade de vida de milhares de pessoas na cidade.<\/p>\n<p data-sourcepos=\"9:1-9:180\">Para que o tema seja inclu\u00eddo na agenda da confer\u00eancia, \u00e9 importante que a popula\u00e7\u00e3o participe da pesquisa e expresse suas opini\u00f5es. A pesquisa est\u00e1 dispon\u00edvel na plataforma Colab.<\/p>\n<h2 data-sourcepos=\"11:1-11:19\"><strong>Como participar<\/strong><\/h2>\n<p data-sourcepos=\"13:1-13:235\">Para participar da pesquisa, basta acessar a plataforma Colab e informar o bairro onde voc\u00ea mora. Em seguida, voc\u00ea poder\u00e1 responder a perguntas sobre temas relacionados a viol\u00eancia de g\u00eanero, direitos da popula\u00e7\u00e3o LGBTQIPA+ e migra\u00e7\u00e3o.<\/p>\n<p data-sourcepos=\"15:1-15:53\">A pesquisa ficar\u00e1 dispon\u00edvel at\u00e9 o dia 20 de outubro.<\/p>\n<h2 data-sourcepos=\"17:1-17:22\"><strong>Por que participar<\/strong><\/h2>\n<p data-sourcepos=\"19:1-19:206\">A sua participa\u00e7\u00e3o na pesquisa \u00e9 importante para que a Confer\u00eancia de Direitos Humanos de Niter\u00f3i seja um espa\u00e7o de di\u00e1logo e constru\u00e7\u00e3o de pol\u00edticas p\u00fablicas que atendam \u00e0s reais necessidades da popula\u00e7\u00e3o.<\/p>\n<p data-sourcepos=\"21:1-21:55\">Ao participar da pesquisa, voc\u00ea ter\u00e1 a oportunidade de:<\/p>\n<ul data-sourcepos=\"23:1-26:0\">\n<li data-sourcepos=\"23:1-23:72\">Expressar suas opini\u00f5es sobre temas relacionados aos direitos humanos;<\/li>\n<li data-sourcepos=\"24:1-24:73\">Contribuir para a constru\u00e7\u00e3o de um plano municipal de direitos humanos;<\/li>\n<li data-sourcepos=\"25:1-26:0\">Ajudar a construir uma cidade mais justa e igualit\u00e1ria.<\/li>\n<\/ul>\n<h2>O retrato de um Brasil desumano<\/h2>\n<p><img decoding=\"async\" class=\"aligncenter size-full wp-image-18002\" src=\"https:\/\/folhadoleste.com.br\/wp-content\/uploads\/2023\/07\/20170417-numero-de-moradores-de-rua-com-curso-superior.jpg\" alt=\"\" width=\"725\" height=\"483\" \/><\/p>\n<p>O aumento da popula\u00e7\u00e3o de rua, no Brasil, trata-se de um problema grave que precisa ser enfrentado. Um levantamento feito pelo Instituto de Pesquisa Econ\u00f4mica Aplicada (Ipea) revelou o total de \u00a0281 mil pessoas nesta situa\u00e7\u00e3o, em 2022. Em suma, um aumento de 38% desde 2019.<\/p>\n<p>O estudo do Ipea mostra que esse aumento reflete uma s\u00e9rie de fatores, como a desigualdade social, a falta de oportunidades e a crise econ\u00f4mica. Assim sendo, governos e a sociedade civil devem se mobilizar para encontrar solu\u00e7\u00f5es para esse problema.<\/p>\n<h4 data-sourcepos=\"8:1-8:35\"><strong>Racismo<\/strong><\/h4>\n<p data-sourcepos=\"10:1-10:259\">De acordo com dados do ISP, em 2022, foram 1.883 den\u00fancias de agress\u00f5es contra pessoas negras no estado do RJ. O n\u00famero representa um aumento de 529 casos em rela\u00e7\u00e3o ao ano anterior, aproximadamente 40% das 1.354 agress\u00f5es sofridas por pessoas negras em 2021.<\/p>\n<p data-sourcepos=\"12:1-12:194\">Esse aumento \u00e9 um reflexo do racismo estrutural que existe no Brasil. As pessoas negras s\u00e3o constantemente v\u00edtimas de preconceito e discrimina\u00e7\u00e3o, o que pode levar a agress\u00f5es f\u00edsicas e verbais.<\/p>\n<div id=\"attachment_28321\" style=\"width: 865px\" class=\"wp-caption alignleft\"><img decoding=\"async\" aria-describedby=\"caption-attachment-28321\" class=\"size-full wp-image-28321\" src=\"https:\/\/folhadoleste.com.br\/wp-content\/uploads\/2023\/09\/fotos-luizsouzarj-iStockPhotos.jpg\" alt=\"\" width=\"855\" height=\"570\" \/><p id=\"caption-attachment-28321\" class=\"wp-caption-text\">Cr\u00e9ditos: luizsouzarj\/iStockPhotos<\/p><\/div>\n<p data-sourcepos=\"40:1-40:241\">Os dados e as pesquisas apresentados mostram que o racismo \u00e9 um problema grave no estado do Rio de Janeiro. As pessoas negras s\u00e3o constantemente v\u00edtimas de agress\u00f5es f\u00edsicas e verbais, e as religi\u00f5es de matriz africana s\u00e3o alvo de viol\u00eancia.<\/p>\n<h4 data-sourcepos=\"22:1-22:21\"><strong>Racismo religioso<\/strong><\/h4>\n<div id=\"attachment_28322\" style=\"width: 870px\" class=\"wp-caption alignleft\"><img decoding=\"async\" aria-describedby=\"caption-attachment-28322\" class=\"size-full wp-image-28322\" src=\"https:\/\/folhadoleste.com.br\/wp-content\/uploads\/2023\/09\/Procissao-do-Ze-Pelintra-realizada-em-janeiro-no-Rio-de-Janeiro-em-protesto-contra-a-perseguicao-religiosa-Tania-Rego-Agencia-Brasil.jpg\" alt=\"\" width=\"860\" height=\"570\" \/><p id=\"caption-attachment-28322\" class=\"wp-caption-text\">2\u00ba Prociss\u00e3o do Z\u00e9 Pelintra saindo do santu\u00e1rio nos Arcos da Lapa e finalizando na Cinel\u00e2ndia, no centro da cidade, com um ato contra a intoler\u00e2ncia religiosa | Cr\u00e9ditos: T\u00e2nia r\u00eago\/Ag\u00eancia Brasil<\/p><\/div>\n<p data-sourcepos=\"24:1-24:184\">Estudo realizado na zona oeste do Rio de Janeiro e na Baixada Fluminense mostra que 75% dos terreiros de religi\u00e3o de matriz africana abordados j\u00e1 foram alvo de algum tipo de viol\u00eancia.<\/p>\n<p data-sourcepos=\"26:1-26:165\">As ocorr\u00eancias envolvem amea\u00e7as, inj\u00faria racial, agress\u00f5es f\u00edsicas e at\u00e9 expuls\u00f5es de seus pr\u00f3prios territ\u00f3rios determinadas por mil\u00edcias ou organiza\u00e7\u00f5es do tr\u00e1fico.<\/p>\n<p data-sourcepos=\"28:1-28:134\">Esses ataques s\u00e3o uma forma de viol\u00eancia contra as religi\u00f5es de matriz africana, que s\u00e3o praticadas principalmente por pessoas negras.<\/p>\n<h4 data-sourcepos=\"14:1-14:35\"><strong>Lei<\/strong><\/h4>\n<p data-sourcepos=\"16:1-16:267\">A Assembleia Legislativa do Estado do Rio de Janeiro (Alerj) aprovou, em segunda discuss\u00e3o, um projeto de lei que prev\u00ea a proibi\u00e7\u00e3o de pessoas condenadas por crimes de preconceito de ra\u00e7a e cor de serem nomeadas para cargos em comiss\u00e3o de livre nomea\u00e7\u00e3o e exonera\u00e7\u00e3o.<\/p>\n<p data-sourcepos=\"18:1-18:149\">A proposta, de autoria do deputado Carlinhos BNH (PP), segue para o governador Cl\u00e1udio Castro, que tem at\u00e9 15 dias \u00fateis para sancion\u00e1-lo ou vet\u00e1-lo.<\/p>\n<p data-sourcepos=\"20:1-20:123\">A medida \u00e9 uma forma de punir as pessoas que praticam o racismo e de garantir que elas n\u00e3o ocupem cargos p\u00fablicos de poder.<\/p>\n<h4 data-sourcepos=\"30:1-30:15\"><strong>Agenda LGBT<\/strong><\/h4>\n<p data-sourcepos=\"32:1-32:168\">Dossi\u00ea divulgado pelo Observat\u00f3rio de Mortes e Viol\u00eancias contra LBGTI+ no Brasil denuncia a ocorr\u00eancia de 273 mortes dessas pessoas de forma violenta no pa\u00eds, em 2022.<\/p>\n<p data-sourcepos=\"32:1-32:168\"><img decoding=\"async\" class=\"alignleft size-full wp-image-28320\" src=\"https:\/\/folhadoleste.com.br\/wp-content\/uploads\/2023\/09\/LGBTQIA.jpeg\" alt=\"\" width=\"800\" height=\"533\" \/><\/p>\n<p data-sourcepos=\"34:1-34:134\">Desse total, 228 foram assassinatos, correspondendo a 83,52% dos casos; 30, suic\u00eddios (10,99%); e 15 mortes por outras causas (5,49%).<\/p>\n<p data-sourcepos=\"36:1-36:127\">O aumento das mortes de pessoas LGBT \u00e9 um reflexo da viol\u00eancia e do preconceito que essas pessoas ainda enfrentam na sociedade.<\/p>\n<p data-sourcepos=\"42:1-42:83\">","protected":false},"excerpt":{"rendered":"<p>A Secretaria de Direitos Humanos e Cidadania de Niter\u00f3i lan\u00e7ou, nesta sexta-feira (29), uma pesquisa para ouvir a opini\u00e3o dos moradores da cidade sobre temas ligados \u00e0s pautas do setor. O objetivo do levantamento \u00e9 tra\u00e7ar um panorama que contribua na constru\u00e7\u00e3o da Primeira Confer\u00eancia Municipal de Direitos Humanos e Cidadania de Niter\u00f3i, marcada para os dias 27, 28 e 29 de outubro. Segundo Nadine Borges, secret\u00e1ria Municipal de Direitos Humanos e Cidadania, o momento pr\u00e9vio de realiza\u00e7\u00e3o da Confer\u00eancia \u00e9 fundamental para ouvir a popula\u00e7\u00e3o. Ela quer obter um diagn\u00f3stico por amostragem da relev\u00e2ncia das pol\u00edticas p\u00fablicas municipais na [&hellip;]<\/p>\n","protected":false},"author":4,"featured_media":18011,"comment_status":"open","ping_status":"open","sticky":false,"template":"","format":"standard","meta":{"footnotes":""},"categories":[47,5],"tags":[12452,5054,6702,12454,1758,12455,8398,12453,1268,3690,50,12451,1494,957,407,1895,651],"class_list":["post-28316","post","type-post","status-publish","format-standard","has-post-thumbnail","hentry","category-leste-fluminense","category-noticias-de-niteroi","tag-acesso-a-servicos","tag-cidadania","tag-conferencia","tag-conferencia-de-direitos-humanos-de-niteroi","tag-direitos-humanos","tag-disciminacao","tag-homofobia","tag-integracao-social","tag-lgbtqia","tag-moradores-de-rua","tag-niteroi","tag-participacao-popular","tag-pobreza","tag-politicas-publicas","tag-racismo","tag-racismo-religioso","tag-violencia","post--single"],"yoast_head":"<!-- This site is optimized with the Yoast SEO plugin v27.5 - https:\/\/yoast.com\/product\/yoast-seo-wordpress\/ -->\n<title>Moradores de rua: tema urgente para Confer\u00eancia, em Niter\u00f3i &#8226; Folha do Leste<\/title>\n<meta name=\"description\" content=\"Moradores de rua: tema urgente para a primeira Confer\u00eancia Municipal de Direitos Humanos e Cidadania de Niter\u00f3i.\" \/>\n<meta name=\"robots\" content=\"index, follow, max-snippet:-1, max-image-preview:large, max-video-preview:-1\" \/>\n<link rel=\"canonical\" href=\"https:\/\/folhadoleste.com.br\/en\/moradores-de-rua-tema-urgente-para-conferencia-em-niteroi\/\" \/>\n<meta property=\"og:locale\" content=\"en_US\" \/>\n<meta property=\"og:type\" content=\"article\" \/>\n<meta property=\"og:title\" content=\"Moradores de rua: tema urgente para Confer\u00eancia, em Niter\u00f3i &#8226; Folha do Leste\" \/>\n<meta property=\"og:description\" content=\"Leste Fluminense, Niter\u00f3i &#8226; Folha do Leste\" \/>\n<meta property=\"og:url\" content=\"https:\/\/folhadoleste.com.br\/en\/moradores-de-rua-tema-urgente-para-conferencia-em-niteroi\/\" \/>\n<meta property=\"og:site_name\" content=\"Folha do Leste\" \/>\n<meta property=\"article:publisher\" content=\"https:\/\/www.facebook.com\/folhadoleste\" \/>\n<meta property=\"article:published_time\" content=\"2023-09-30T17:42:48+00:00\" \/>\n<meta property=\"og:image\" content=\"https:\/\/folhadoleste.com.br\/wp-content\/uploads\/2023\/07\/WhatsApp-Image-2023-07-18-at-09.40.26.jpeg\" \/>\n\t<meta property=\"og:image:width\" content=\"1280\" \/>\n\t<meta property=\"og:image:height\" content=\"720\" \/>\n\t<meta property=\"og:image:type\" content=\"image\/jpeg\" \/>\n<meta name=\"author\" content=\"Folha do Leste\" \/>\n<meta name=\"twitter:card\" content=\"summary_large_image\" \/>\n<meta name=\"twitter:creator\" content=\"@FolhadoLesteRJ\" \/>\n<meta name=\"twitter:site\" content=\"@FolhadoLesteRJ\" \/>\n<meta name=\"twitter:label1\" content=\"Written by\" \/>\n\t<meta name=\"twitter:data1\" content=\"Folha do Leste\" \/>\n\t<meta name=\"twitter:label2\" content=\"Est. reading time\" \/>\n\t<meta name=\"twitter:data2\" content=\"8 minutes\" \/>\n<script type=\"application\/ld+json\" class=\"yoast-schema-graph\">{\"@context\":\"https:\\\/\\\/schema.org\",\"@graph\":[{\"@type\":\"NewsArticle\",\"@id\":\"https:\\\/\\\/folhadoleste.com.br\\\/moradores-de-rua-tema-urgente-para-conferencia-em-niteroi\\\/#article\",\"isPartOf\":{\"@id\":\"https:\\\/\\\/folhadoleste.com.br\\\/moradores-de-rua-tema-urgente-para-conferencia-em-niteroi\\\/\"},\"author\":{\"name\":\"Folha do Leste\",\"@id\":\"https:\\\/\\\/folhadoleste.com.br\\\/#\\\/schema\\\/person\\\/3e97145b2e1861276e84471aa85a3899\"},\"headline\":\"Moradores de rua: tema urgente para Confer\u00eancia, em Niter\u00f3i\",\"datePublished\":\"2023-09-30T17:42:48+00:00\",\"mainEntityOfPage\":{\"@id\":\"https:\\\/\\\/folhadoleste.com.br\\\/moradores-de-rua-tema-urgente-para-conferencia-em-niteroi\\\/\"},\"wordCount\":1304,\"commentCount\":0,\"publisher\":{\"@id\":\"https:\\\/\\\/folhadoleste.com.br\\\/#organization\"},\"image\":{\"@id\":\"https:\\\/\\\/folhadoleste.com.br\\\/moradores-de-rua-tema-urgente-para-conferencia-em-niteroi\\\/#primaryimage\"},\"thumbnailUrl\":\"https:\\\/\\\/folhadoleste.com.br\\\/wp-content\\\/uploads\\\/2023\\\/07\\\/WhatsApp-Image-2023-07-18-at-09.40.26.jpeg\",\"keywords\":[\"Acesso a servi\u00e7os\",\"Cidadania\",\"Confer\u00eancia\",\"Confer\u00eancia de Direitos Humanos de Niter\u00f3i\",\"Direitos Humanos\",\"discimina\u00e7\u00e3o\",\"homofobia\",\"Integra\u00e7\u00e3o social\",\"LGBTQIA+\",\"Moradores de rua\",\"Niter\u00f3i\",\"participa\u00e7\u00e3o popular\",\"pobreza\",\"pol\u00edticas p\u00fablicas\",\"racismo\",\"racismo religioso\",\"viol\u00eancia\"],\"articleSection\":[\"Leste Fluminense\",\"Niter\u00f3i\"],\"inLanguage\":\"en-US\",\"potentialAction\":[{\"@type\":\"CommentAction\",\"name\":\"Comment\",\"target\":[\"https:\\\/\\\/folhadoleste.com.br\\\/moradores-de-rua-tema-urgente-para-conferencia-em-niteroi\\\/#respond\"]}]},{\"@type\":\"WebPage\",\"@id\":\"https:\\\/\\\/folhadoleste.com.br\\\/moradores-de-rua-tema-urgente-para-conferencia-em-niteroi\\\/\",\"url\":\"https:\\\/\\\/folhadoleste.com.br\\\/moradores-de-rua-tema-urgente-para-conferencia-em-niteroi\\\/\",\"name\":\"Moradores de rua: tema urgente para Confer\u00eancia, em Niter\u00f3i &#8226; Folha do Leste\",\"isPartOf\":{\"@id\":\"https:\\\/\\\/folhadoleste.com.br\\\/#website\"},\"primaryImageOfPage\":{\"@id\":\"https:\\\/\\\/folhadoleste.com.br\\\/moradores-de-rua-tema-urgente-para-conferencia-em-niteroi\\\/#primaryimage\"},\"image\":{\"@id\":\"https:\\\/\\\/folhadoleste.com.br\\\/moradores-de-rua-tema-urgente-para-conferencia-em-niteroi\\\/#primaryimage\"},\"thumbnailUrl\":\"https:\\\/\\\/folhadoleste.com.br\\\/wp-content\\\/uploads\\\/2023\\\/07\\\/WhatsApp-Image-2023-07-18-at-09.40.26.jpeg\",\"datePublished\":\"2023-09-30T17:42:48+00:00\",\"description\":\"Moradores de rua: tema urgente para a primeira Confer\u00eancia Municipal de Direitos Humanos e Cidadania de Niter\u00f3i.\",\"breadcrumb\":{\"@id\":\"https:\\\/\\\/folhadoleste.com.br\\\/moradores-de-rua-tema-urgente-para-conferencia-em-niteroi\\\/#breadcrumb\"},\"inLanguage\":\"en-US\",\"potentialAction\":[{\"@type\":\"ReadAction\",\"target\":[\"https:\\\/\\\/folhadoleste.com.br\\\/moradores-de-rua-tema-urgente-para-conferencia-em-niteroi\\\/\"]}]},{\"@type\":\"ImageObject\",\"inLanguage\":\"en-US\",\"@id\":\"https:\\\/\\\/folhadoleste.com.br\\\/moradores-de-rua-tema-urgente-para-conferencia-em-niteroi\\\/#primaryimage\",\"url\":\"https:\\\/\\\/folhadoleste.com.br\\\/wp-content\\\/uploads\\\/2023\\\/07\\\/WhatsApp-Image-2023-07-18-at-09.40.26.jpeg\",\"contentUrl\":\"https:\\\/\\\/folhadoleste.com.br\\\/wp-content\\\/uploads\\\/2023\\\/07\\\/WhatsApp-Image-2023-07-18-at-09.40.26.jpeg\",\"width\":1280,\"height\":720,\"caption\":\"Moradores em situa\u00e7\u00e3o de rua, na Av. Ernani do Amaral Peixoto - Foto: Ang\u00e9lica Carvalho\\\/Folha do Leste\"},{\"@type\":\"BreadcrumbList\",\"@id\":\"https:\\\/\\\/folhadoleste.com.br\\\/moradores-de-rua-tema-urgente-para-conferencia-em-niteroi\\\/#breadcrumb\",\"itemListElement\":[{\"@type\":\"ListItem\",\"position\":1,\"name\":\"In\u00edcio\",\"item\":\"https:\\\/\\\/folhadoleste.com.br\\\/\"},{\"@type\":\"ListItem\",\"position\":2,\"name\":\"Estado do Rio de Janeiro\",\"item\":\"https:\\\/\\\/folhadoleste.com.br\\\/category\\\/estado-do-rio-de-janeiro\\\/\"},{\"@type\":\"ListItem\",\"position\":3,\"name\":\"Leste Fluminense\",\"item\":\"https:\\\/\\\/folhadoleste.com.br\\\/category\\\/estado-do-rio-de-janeiro\\\/leste-fluminense\\\/\"},{\"@type\":\"ListItem\",\"position\":4,\"name\":\"Niter\u00f3i\",\"item\":\"https:\\\/\\\/folhadoleste.com.br\\\/category\\\/estado-do-rio-de-janeiro\\\/leste-fluminense\\\/noticias-de-niteroi\\\/\"},{\"@type\":\"ListItem\",\"position\":5,\"name\":\"Moradores de rua: tema urgente para Confer\u00eancia, em Niter\u00f3i\"}]},{\"@type\":\"WebSite\",\"@id\":\"https:\\\/\\\/folhadoleste.com.br\\\/#website\",\"url\":\"https:\\\/\\\/folhadoleste.com.br\\\/\",\"name\":\"Folha do Leste\",\"description\":\"Portal de Not\u00edcias com \u00eanfase em Niter\u00f3i, criando conte\u00fados desde a capital Rio de Janeiro, com olhar para o Leste Fluminense e suas cidades como S\u00e3o Gon\u00e7alo, Itabora\u00ed, Rio Bonito, Maric\u00e1, Saquarema e Araruama\",\"publisher\":{\"@id\":\"https:\\\/\\\/folhadoleste.com.br\\\/#organization\"},\"alternateName\":\"FL\",\"potentialAction\":[{\"@type\":\"SearchAction\",\"target\":{\"@type\":\"EntryPoint\",\"urlTemplate\":\"https:\\\/\\\/folhadoleste.com.br\\\/?s={search_term_string}\"},\"query-input\":{\"@type\":\"PropertyValueSpecification\",\"valueRequired\":true,\"valueName\":\"search_term_string\"}}],\"inLanguage\":\"en-US\"},{\"@type\":\"Organization\",\"@id\":\"https:\\\/\\\/folhadoleste.com.br\\\/#organization\",\"name\":\"Brasil 21 Comunica\u00e7\u00e3o\",\"alternateName\":\"BR21\",\"url\":\"https:\\\/\\\/folhadoleste.com.br\\\/\",\"logo\":{\"@type\":\"ImageObject\",\"inLanguage\":\"en-US\",\"@id\":\"https:\\\/\\\/folhadoleste.com.br\\\/#\\\/schema\\\/logo\\\/image\\\/\",\"url\":\"https:\\\/\\\/folhadoleste.com.br\\\/wp-content\\\/uploads\\\/2025\\\/12\\\/brasil-21-logomarca.avif\",\"contentUrl\":\"https:\\\/\\\/folhadoleste.com.br\\\/wp-content\\\/uploads\\\/2025\\\/12\\\/brasil-21-logomarca.avif\",\"width\":1044,\"height\":1044,\"caption\":\"Brasil 21 Comunica\u00e7\u00e3o\"},\"image\":{\"@id\":\"https:\\\/\\\/folhadoleste.com.br\\\/#\\\/schema\\\/logo\\\/image\\\/\"},\"sameAs\":[\"https:\\\/\\\/www.facebook.com\\\/folhadoleste\",\"https:\\\/\\\/x.com\\\/FolhadoLesteRJ\",\"https:\\\/\\\/www.instagram.com\\\/folhadoleste\\\/\"]},{\"@type\":\"Person\",\"@id\":\"https:\\\/\\\/folhadoleste.com.br\\\/#\\\/schema\\\/person\\\/3e97145b2e1861276e84471aa85a3899\",\"name\":\"Folha do Leste\",\"image\":{\"@type\":\"ImageObject\",\"inLanguage\":\"en-US\",\"@id\":\"https:\\\/\\\/folhadoleste.com.br\\\/wp-content\\\/litespeed\\\/avatar\\\/1ca8c218432e7045e748610eb3db0259.jpg?ver=1777161142\",\"url\":\"https:\\\/\\\/folhadoleste.com.br\\\/wp-content\\\/litespeed\\\/avatar\\\/1ca8c218432e7045e748610eb3db0259.jpg?ver=1777161142\",\"contentUrl\":\"https:\\\/\\\/folhadoleste.com.br\\\/wp-content\\\/litespeed\\\/avatar\\\/1ca8c218432e7045e748610eb3db0259.jpg?ver=1777161142\",\"caption\":\"Folha do Leste\"},\"url\":\"https:\\\/\\\/folhadoleste.com.br\\\/en\\\/author\\\/reportagem-01\\\/\"}]}<\/script>\n<!-- \/ Yoast SEO plugin. -->","yoast_head_json":{"title":"Moradores de rua: tema urgente para Confer\u00eancia, em Niter\u00f3i &#8226; Folha do Leste","description":"Moradores de rua: tema urgente para a primeira Confer\u00eancia Municipal de Direitos Humanos e Cidadania de Niter\u00f3i.","robots":{"index":"index","follow":"follow","max-snippet":"max-snippet:-1","max-image-preview":"max-image-preview:large","max-video-preview":"max-video-preview:-1"},"canonical":"https:\/\/folhadoleste.com.br\/en\/moradores-de-rua-tema-urgente-para-conferencia-em-niteroi\/","og_locale":"en_US","og_type":"article","og_title":"Moradores de rua: tema urgente para Confer\u00eancia, em Niter\u00f3i &#8226; Folha do Leste","og_description":"Leste Fluminense, Niter\u00f3i &#8226; Folha do Leste","og_url":"https:\/\/folhadoleste.com.br\/en\/moradores-de-rua-tema-urgente-para-conferencia-em-niteroi\/","og_site_name":"Folha do Leste","article_publisher":"https:\/\/www.facebook.com\/folhadoleste","article_published_time":"2023-09-30T17:42:48+00:00","og_image":[{"width":1280,"height":720,"url":"https:\/\/folhadoleste.com.br\/wp-content\/uploads\/2023\/07\/WhatsApp-Image-2023-07-18-at-09.40.26.jpeg","type":"image\/jpeg"}],"author":"Folha do Leste","twitter_card":"summary_large_image","twitter_creator":"@FolhadoLesteRJ","twitter_site":"@FolhadoLesteRJ","twitter_misc":{"Written by":"Folha do Leste","Est. reading time":"8 minutes"},"schema":{"@context":"https:\/\/schema.org","@graph":[{"@type":"NewsArticle","@id":"https:\/\/folhadoleste.com.br\/moradores-de-rua-tema-urgente-para-conferencia-em-niteroi\/#article","isPartOf":{"@id":"https:\/\/folhadoleste.com.br\/moradores-de-rua-tema-urgente-para-conferencia-em-niteroi\/"},"author":{"name":"Folha do Leste","@id":"https:\/\/folhadoleste.com.br\/#\/schema\/person\/3e97145b2e1861276e84471aa85a3899"},"headline":"Moradores de rua: tema urgente para Confer\u00eancia, em Niter\u00f3i","datePublished":"2023-09-30T17:42:48+00:00","mainEntityOfPage":{"@id":"https:\/\/folhadoleste.com.br\/moradores-de-rua-tema-urgente-para-conferencia-em-niteroi\/"},"wordCount":1304,"commentCount":0,"publisher":{"@id":"https:\/\/folhadoleste.com.br\/#organization"},"image":{"@id":"https:\/\/folhadoleste.com.br\/moradores-de-rua-tema-urgente-para-conferencia-em-niteroi\/#primaryimage"},"thumbnailUrl":"https:\/\/folhadoleste.com.br\/wp-content\/uploads\/2023\/07\/WhatsApp-Image-2023-07-18-at-09.40.26.jpeg","keywords":["Acesso a servi\u00e7os","Cidadania","Confer\u00eancia","Confer\u00eancia de Direitos Humanos de Niter\u00f3i","Direitos Humanos","discimina\u00e7\u00e3o","homofobia","Integra\u00e7\u00e3o social","LGBTQIA+","Moradores de rua","Niter\u00f3i","participa\u00e7\u00e3o popular","pobreza","pol\u00edticas p\u00fablicas","racismo","racismo religioso","viol\u00eancia"],"articleSection":["Leste Fluminense","Niter\u00f3i"],"inLanguage":"en-US","potentialAction":[{"@type":"CommentAction","name":"Comment","target":["https:\/\/folhadoleste.com.br\/moradores-de-rua-tema-urgente-para-conferencia-em-niteroi\/#respond"]}]},{"@type":"WebPage","@id":"https:\/\/folhadoleste.com.br\/moradores-de-rua-tema-urgente-para-conferencia-em-niteroi\/","url":"https:\/\/folhadoleste.com.br\/moradores-de-rua-tema-urgente-para-conferencia-em-niteroi\/","name":"Moradores de rua: tema urgente para Confer\u00eancia, em Niter\u00f3i &#8226; Folha do Leste","isPartOf":{"@id":"https:\/\/folhadoleste.com.br\/#website"},"primaryImageOfPage":{"@id":"https:\/\/folhadoleste.com.br\/moradores-de-rua-tema-urgente-para-conferencia-em-niteroi\/#primaryimage"},"image":{"@id":"https:\/\/folhadoleste.com.br\/moradores-de-rua-tema-urgente-para-conferencia-em-niteroi\/#primaryimage"},"thumbnailUrl":"https:\/\/folhadoleste.com.br\/wp-content\/uploads\/2023\/07\/WhatsApp-Image-2023-07-18-at-09.40.26.jpeg","datePublished":"2023-09-30T17:42:48+00:00","description":"Moradores de rua: tema urgente para a primeira Confer\u00eancia Municipal de Direitos Humanos e Cidadania de Niter\u00f3i.","breadcrumb":{"@id":"https:\/\/folhadoleste.com.br\/moradores-de-rua-tema-urgente-para-conferencia-em-niteroi\/#breadcrumb"},"inLanguage":"en-US","potentialAction":[{"@type":"ReadAction","target":["https:\/\/folhadoleste.com.br\/moradores-de-rua-tema-urgente-para-conferencia-em-niteroi\/"]}]},{"@type":"ImageObject","inLanguage":"en-US","@id":"https:\/\/folhadoleste.com.br\/moradores-de-rua-tema-urgente-para-conferencia-em-niteroi\/#primaryimage","url":"https:\/\/folhadoleste.com.br\/wp-content\/uploads\/2023\/07\/WhatsApp-Image-2023-07-18-at-09.40.26.jpeg","contentUrl":"https:\/\/folhadoleste.com.br\/wp-content\/uploads\/2023\/07\/WhatsApp-Image-2023-07-18-at-09.40.26.jpeg","width":1280,"height":720,"caption":"Moradores em situa\u00e7\u00e3o de rua, na Av. Ernani do Amaral Peixoto - Foto: Ang\u00e9lica Carvalho\/Folha do Leste"},{"@type":"BreadcrumbList","@id":"https:\/\/folhadoleste.com.br\/moradores-de-rua-tema-urgente-para-conferencia-em-niteroi\/#breadcrumb","itemListElement":[{"@type":"ListItem","position":1,"name":"In\u00edcio","item":"https:\/\/folhadoleste.com.br\/"},{"@type":"ListItem","position":2,"name":"Estado do Rio de Janeiro","item":"https:\/\/folhadoleste.com.br\/category\/estado-do-rio-de-janeiro\/"},{"@type":"ListItem","position":3,"name":"Leste Fluminense","item":"https:\/\/folhadoleste.com.br\/category\/estado-do-rio-de-janeiro\/leste-fluminense\/"},{"@type":"ListItem","position":4,"name":"Niter\u00f3i","item":"https:\/\/folhadoleste.com.br\/category\/estado-do-rio-de-janeiro\/leste-fluminense\/noticias-de-niteroi\/"},{"@type":"ListItem","position":5,"name":"Moradores de rua: tema urgente para Confer\u00eancia, em Niter\u00f3i"}]},{"@type":"WebSite","@id":"https:\/\/folhadoleste.com.br\/#website","url":"https:\/\/folhadoleste.com.br\/","name":"Folha do Leste","description":"Portal de Not\u00edcias com \u00eanfase em Niter\u00f3i, criando conte\u00fados desde a capital Rio de Janeiro, com olhar para o Leste Fluminense e suas cidades como S\u00e3o Gon\u00e7alo, Itabora\u00ed, Rio Bonito, Maric\u00e1, Saquarema e Araruama","publisher":{"@id":"https:\/\/folhadoleste.com.br\/#organization"},"alternateName":"FL","potentialAction":[{"@type":"SearchAction","target":{"@type":"EntryPoint","urlTemplate":"https:\/\/folhadoleste.com.br\/?s={search_term_string}"},"query-input":{"@type":"PropertyValueSpecification","valueRequired":true,"valueName":"search_term_string"}}],"inLanguage":"en-US"},{"@type":"Organization","@id":"https:\/\/folhadoleste.com.br\/#organization","name":"Brasil 21 Comunica\u00e7\u00e3o","alternateName":"BR21","url":"https:\/\/folhadoleste.com.br\/","logo":{"@type":"ImageObject","inLanguage":"en-US","@id":"https:\/\/folhadoleste.com.br\/#\/schema\/logo\/image\/","url":"https:\/\/folhadoleste.com.br\/wp-content\/uploads\/2025\/12\/brasil-21-logomarca.avif","contentUrl":"https:\/\/folhadoleste.com.br\/wp-content\/uploads\/2025\/12\/brasil-21-logomarca.avif","width":1044,"height":1044,"caption":"Brasil 21 Comunica\u00e7\u00e3o"},"image":{"@id":"https:\/\/folhadoleste.com.br\/#\/schema\/logo\/image\/"},"sameAs":["https:\/\/www.facebook.com\/folhadoleste","https:\/\/x.com\/FolhadoLesteRJ","https:\/\/www.instagram.com\/folhadoleste\/"]},{"@type":"Person","@id":"https:\/\/folhadoleste.com.br\/#\/schema\/person\/3e97145b2e1861276e84471aa85a3899","name":"Folha do Leste","image":{"@type":"ImageObject","inLanguage":"en-US","@id":"https:\/\/folhadoleste.com.br\/wp-content\/litespeed\/avatar\/1ca8c218432e7045e748610eb3db0259.jpg?ver=1777161142","url":"https:\/\/folhadoleste.com.br\/wp-content\/litespeed\/avatar\/1ca8c218432e7045e748610eb3db0259.jpg?ver=1777161142","contentUrl":"https:\/\/folhadoleste.com.br\/wp-content\/litespeed\/avatar\/1ca8c218432e7045e748610eb3db0259.jpg?ver=1777161142","caption":"Folha do Leste"},"url":"https:\/\/folhadoleste.com.br\/en\/author\/reportagem-01\/"}]}},"_links":{"self":[{"href":"https:\/\/folhadoleste.com.br\/en\/wp-json\/wp\/v2\/posts\/28316","targetHints":{"allow":["GET"]}}],"collection":[{"href":"https:\/\/folhadoleste.com.br\/en\/wp-json\/wp\/v2\/posts"}],"about":[{"href":"https:\/\/folhadoleste.com.br\/en\/wp-json\/wp\/v2\/types\/post"}],"author":[{"embeddable":true,"href":"https:\/\/folhadoleste.com.br\/en\/wp-json\/wp\/v2\/users\/4"}],"replies":[{"embeddable":true,"href":"https:\/\/folhadoleste.com.br\/en\/wp-json\/wp\/v2\/comments?post=28316"}],"version-history":[{"count":1,"href":"https:\/\/folhadoleste.com.br\/en\/wp-json\/wp\/v2\/posts\/28316\/revisions"}],"predecessor-version":[{"id":28323,"href":"https:\/\/folhadoleste.com.br\/en\/wp-json\/wp\/v2\/posts\/28316\/revisions\/28323"}],"wp:featuredmedia":[{"embeddable":true,"href":"https:\/\/folhadoleste.com.br\/en\/wp-json\/wp\/v2\/media\/18011"}],"wp:attachment":[{"href":"https:\/\/folhadoleste.com.br\/en\/wp-json\/wp\/v2\/media?parent=28316"}],"wp:term":[{"taxonomy":"category","embeddable":true,"href":"https:\/\/folhadoleste.com.br\/en\/wp-json\/wp\/v2\/categories?post=28316"},{"taxonomy":"post_tag","embeddable":true,"href":"https:\/\/folhadoleste.com.br\/en\/wp-json\/wp\/v2\/tags?post=28316"}],"curies":[{"name":"wp","href":"https:\/\/api.w.org\/{rel}","templated":true}]}}