{"id":2819,"date":"2023-04-19T07:19:00","date_gmt":"2023-04-19T10:19:00","guid":{"rendered":"https:\/\/folhadoleste.com.br\/?p=2819"},"modified":"2023-04-21T20:43:51","modified_gmt":"2023-04-21T23:43:51","slug":"familia-souza-abre-i-festival-de-choro-de-niteroi","status":"publish","type":"post","link":"https:\/\/folhadoleste.com.br\/en\/familia-souza-abre-i-festival-de-choro-de-niteroi\/","title":{"rendered":"Fam\u00edlia Souza abre I Festival de Choro de Niter\u00f3i"},"content":{"rendered":"<p>A programa\u00e7\u00e3o do I Festival de Choro de Niter\u00f3i come\u00e7a nesta quarta-feira (19). \u00c0s 20h, a Fam\u00edlia Souza abre a agenda de shows na Sala Nelson Pereira dos Santos, em S\u00e3o Domingos. O espet\u00e1culo, que ser\u00e1 uma homenagem a Waldir Azevedo, contar\u00e1 com a participa\u00e7\u00e3o dos grandes artistas Nilze Carvalho, Z\u00e9 Paulo Becker e Messias Brito.<\/p>\n<p>Dando in\u00edcio a uma nova tradi\u00e7\u00e3o para a cidade, o I Festival de Choro de Niter\u00f3i chega para potencializar a cena local de um dos ritmos mais tradicionais do Brasil. Com uma programa\u00e7\u00e3o intensa de shows e oficinas, o festival \u00e9 uma realiza\u00e7\u00e3o da Prefeitura de Niter\u00f3i atrav\u00e9s da Funda\u00e7\u00e3o de Arte de Niter\u00f3i.<\/p>\n<p>A Fam\u00edlia Souza \u00e9 a primeira atra\u00e7\u00e3o de uma agenda de shows que se estende at\u00e9 o dia 23 de abril, Dia Nacional do Choro. Atualmente, o grupo \u00e9 formado por Ronaldo do bandolim, Rog\u00e9rio Souza (viol\u00e3o) e Tiago Souza (viola e bandolim). Os tr\u00eas m\u00fasicos carregam no DNA a tradi\u00e7\u00e3o do chorinho de Niter\u00f3i e a fam\u00edlia, que atua nesse g\u00eanero musical h\u00e1 tr\u00eas gera\u00e7\u00f5es, se apresenta pela cidade desde a d\u00e9cada de 1970.<\/p>\n<p>O grupo \u00e9 famoso por agitar a vida noturna da cidade. Nos anos 1990, os encontros que a Fam\u00edlia Souza promovia no Orqu\u00eddea se tornaram refer\u00eancia e contaram com a participa\u00e7\u00e3o de convidados como Luiz Carlos da Vila, Beth Carvalho, entre outros. Esse movimento musical se transformou no CD \u201cOrqu\u00eddea\u201d, que foi lan\u00e7ado em 1999 pelos irm\u00e3os Ronaldo e Rog\u00e9rio em companhia de Silv\u00e9rio Pontes e Marcio Hulk pela Niter\u00f3i Discos, selo da FAN.<\/p>\n<p>Em 2020, o trio gravou o DVD de nome &#8220;Sangue de Bandolim&#8221; pela Lei de aux\u00edlio emergencial Aldir Blanc.<\/p>\n<p><b>Mais sobre Nilze Carvalho<\/b><\/p>\n<p>Artista prod\u00edgio cuja carreira j\u00e1 alcan\u00e7ou propor\u00e7\u00f5es internacionais, Nilze Carvalho come\u00e7ou sua trajet\u00f3ria na m\u00fasica ainda crian\u00e7a. Dos 11 aos 14 anos, a artista gravou, como bandolinista, a s\u00e9rie de LPs &#8220;Choro de Menina&#8221;. Foram 4 volumes (1\u00b0 e o 4\u00b0 acompanhados pelo conjunto \u00c9poca de Ouro).<\/p>\n<div id=\"attachment_2821\" style=\"width: 1640px\" class=\"wp-caption alignnone\"><img decoding=\"async\" aria-describedby=\"caption-attachment-2821\" class=\"size-full wp-image-2821\" src=\"https:\/\/folhadoleste.com.br\/wp-content\/uploads\/2023\/04\/todas_as_bossas_nilze_carvalho_01_credito_divulgacao_tv_brasil.jpg\" alt=\"\" width=\"1630\" height=\"889\" \/><p id=\"caption-attachment-2821\" class=\"wp-caption-text\">Nilze Carvalho Foto: TV Brasil\/divulga\u00e7\u00e3o<\/p><\/div>\n<p>Iniciou carreira internacional aos 15, fazendo turn\u00eas em pa\u00edses como It\u00e1lia, Espanha, Fran\u00e7a, Su\u00ed\u00e7a, Holanda, Estados Unidos, Jap\u00e3o, Argentina, China e Austr\u00e1lia. De volta ao Brasil, em 2000, Nilze e seus colegas de faculdade fundaram o grupo Sururu na Roda, eleito o Melhor Grupo de Samba no Pr\u00eamio da M\u00fasica Brasileira 2014.<\/p>\n<p>Em 2002, Nilze lan\u00e7a o CD &#8220;Estava Faltando Voc\u00ea&#8221; (Fina Flor) com o qual foi indicada ao Pr\u00eamio Tim para melhor cantora de samba. Em 2010 lan\u00e7a &#8220;O que \u00e9 Meu&#8221;, CD que ganhou em duas categorias no Pr\u00eamio M\u00fasica da Lapa: Melhor CD e Melhor Cantora.<\/p>\n<p><b>Mais sobre Z\u00e9 Paulo Becker<\/b><\/p>\n<p>Violonista e compositor, Z\u00e9 Paulo Becker tem 15 CDs gravados. Sua discografia se divide entre produ\u00e7\u00f5es com o Trio Madeira Brasil (Trio Madeira Brasil, TMB &amp; Convidados, Guilherme de Brito &amp; TMB, Roberta S\u00e1 &amp; TMB, Ao Vivo em Copacabana) e os frutos de sua carreira como solista e compositor (Lendas Brasileiras 2001, Sob o Redentor 2004, Um Viol\u00e3o na Roda de Choro &#8211; 2007, Pra Tudo Ficar Bem 2009, Todo Mundo Quer Amar 2012, As 4 Esta\u00e7\u00f5es Cariocas 2013, Parceria 2015, Viol\u00e3o, Amigos e Can\u00e7\u00f5es 2018, Cal\u00e7ad\u00e3o de Copacabana 2019, Choro 2020).<\/p>\n<p>Como compositor, Z\u00e9 Paulo j\u00e1 trabalhou em parceria com grandes nomes como Paulo C\u00e9sar Pinheiro, Aldir Blanc, Ney Matogrosso, Elza Soares, Armandinho, Wagner Tiso, Francis Hime, Roberta S\u00e1, Yamandu, Gal Costa, Leila Pinheiro, Jo\u00e3o Bosco, Marco Pereira, Paulo Moura, entre outros.<\/p>\n<p>Professor de viol\u00e3o da UFJF h\u00e1 4 anos, Becker desenvolve um importante trabalho did\u00e1tico ministrando cursos e workshops por todo Brasil e no exterior. Em 2018 lan\u00e7ou o DVD Viol\u00e3o, Amigos e Can\u00e7\u00f5es, celebrando 30 anos de carreira. Em 2020 lan\u00e7ou o livro 40 pe\u00e7as para viol\u00e3o solo com m\u00fasicas suas e arranjos para viol\u00e3o de cl\u00e1ssicos da MPB.<\/p>\n<p><b>Mais sobre Messias Brito<\/b><\/p>\n<p>Messias Britto, m\u00fasico natural de Euclides da Cunha, no sert\u00e3o baiano, se apaixonou pelo Choro ainda com 14 anos quando escutou o som de Waldir Azevedo. Nessa \u00e9poca, o artista formou com amigos o primeiro grupo de choro do sert\u00e3o baiano, &#8220;Os Chor\u00f5es do Cumbe&#8221;.<\/p>\n<p><img decoding=\"async\" class=\"alignnone size-full wp-image-2822\" src=\"https:\/\/folhadoleste.com.br\/wp-content\/uploads\/2023\/04\/Messias-Brito-choro.jpeg\" alt=\"\" width=\"600\" height=\"429\" \/><\/p>\n<p>Ao longo de sua carreira, Messias j\u00e1 integrou os grupos Clube do Choro da Bahia, Grupo Mandaia e Quarteto Aeromosca. Al\u00e9m disso, foi vencedor do t\u00edtulo \u201cMelhor Int\u00e9rprete Instrumental\u201d por dois anos consecutivos no Festival de M\u00fasica da R\u00e1dio Educadora da Bahia, ganhou o Pr\u00eamio MIMO, lan\u00e7ou os \u00e1lbuns \u201cBainato\u201d (em parceira com o Sesc Pompeia) e \u201cCavaquinho Polif\u00f4nico\u201d.<\/p>\n<p>O artista tamb\u00e9m participou dos projetos &#8220;Cavaquinho na M\u00fasica Brasileira&#8221;, projeto em parceria com o SESI onde Messias se apresentou em v\u00e1rias escolas tocando um repert\u00f3rio de choro e MPB, e \u201c100 Anos de Jacob do Bandolim\u201d, da Orquestra Jovem Tom Jobim.<\/p>\n<p><b>Servi\u00e7o<\/b><\/p>\n<p>Fam\u00edlia Souza homenageia Waldir Azevedo<br \/>\nData: Quarta-feira, 19 de abril<br \/>\nHor\u00e1rio: 20h<br \/>\nEvento Gratuito<br \/>\nRetirada dos ingressos 1 horas antes na bilheteria da Sala.<\/p>\n<p>Local: Sala Nelson Pereira dos Santos<br \/>\nEndere\u00e7o: Av. Visconde de Rio Branco, 880 &#8211; S\u00e3o Domingos<\/p>\n<p><em>Fonte: culturaniteroi.com.br<\/em><\/p>","protected":false},"excerpt":{"rendered":"<p>A programa\u00e7\u00e3o do I Festival de Choro de Niter\u00f3i come\u00e7a nesta quarta-feira (19). \u00c0s 20h, a Fam\u00edlia Souza abre a agenda de shows na Sala Nelson Pereira dos Santos, em S\u00e3o Domingos. O espet\u00e1culo, que ser\u00e1 uma homenagem a Waldir Azevedo, contar\u00e1 com a participa\u00e7\u00e3o dos grandes artistas Nilze Carvalho, Z\u00e9 Paulo Becker e Messias Brito. Dando in\u00edcio a uma nova tradi\u00e7\u00e3o para a cidade, o I Festival de Choro de Niter\u00f3i chega para potencializar a cena local de um dos ritmos mais tradicionais do Brasil. Com uma programa\u00e7\u00e3o intensa de shows e oficinas, o festival \u00e9 uma realiza\u00e7\u00e3o da [&hellip;]<\/p>\n","protected":false},"author":4,"featured_media":2820,"comment_status":"open","ping_status":"open","sticky":false,"template":"","format":"standard","meta":{"footnotes":""},"categories":[85,86,83,47,5],"tags":[1349,1348,1347,770,1352,1351,1346,50,1353,778,1354,1350],"class_list":["post-2819","post","type-post","status-publish","format-standard","has-post-thumbnail","hentry","category-artes","category-cultura","category-entretenimento-artes-e-cultura-destaque","category-leste-fluminense","category-noticias-de-niteroi","tag-chorinho","tag-choro","tag-familia-souza","tag-festival-de-choro","tag-i-festival-de-choro-de-niteroi","tag-messias-brito","tag-nilze-carvalho","tag-niteroi","tag-rogerio-souza","tag-ronaldo-do-bandolim","tag-tiago-souza","tag-ze-paulo-becker","post--single"],"yoast_head":"<!-- This site is optimized with the Yoast SEO plugin v27.4 - https:\/\/yoast.com\/product\/yoast-seo-wordpress\/ -->\n<title>Fam\u00edlia Souza abre I Festival de Choro de Niter\u00f3i &#8226; Folha do Leste<\/title>\n<meta name=\"robots\" content=\"index, follow, max-snippet:-1, max-image-preview:large, max-video-preview:-1\" \/>\n<link rel=\"canonical\" href=\"https:\/\/folhadoleste.com.br\/en\/familia-souza-abre-i-festival-de-choro-de-niteroi\/\" \/>\n<meta property=\"og:locale\" content=\"en_US\" \/>\n<meta property=\"og:type\" content=\"article\" \/>\n<meta property=\"og:title\" content=\"Fam\u00edlia Souza abre I Festival de Choro de Niter\u00f3i &#8226; Folha do Leste\" \/>\n<meta property=\"og:description\" content=\"A programa\u00e7\u00e3o do I Festival de Choro de Niter\u00f3i come\u00e7a nesta quarta-feira (19). \u00c0s 20h, a Fam\u00edlia Souza abre a agenda de shows na Sala Nelson Pereira dos Santos, em S\u00e3o Domingos. O espet\u00e1culo, que ser\u00e1 uma homenagem a Waldir Azevedo, contar\u00e1 com a participa\u00e7\u00e3o dos grandes artistas Nilze Carvalho, Z\u00e9 Paulo Becker e Messias Brito. Dando in\u00edcio a uma nova tradi\u00e7\u00e3o para a cidade, o I Festival de Choro de Niter\u00f3i chega para potencializar a cena local de um dos ritmos mais tradicionais do Brasil. Com uma programa\u00e7\u00e3o intensa de shows e oficinas, o festival \u00e9 uma realiza\u00e7\u00e3o da [&hellip;]\" \/>\n<meta property=\"og:url\" content=\"https:\/\/folhadoleste.com.br\/en\/familia-souza-abre-i-festival-de-choro-de-niteroi\/\" \/>\n<meta property=\"og:site_name\" content=\"Folha do Leste\" \/>\n<meta property=\"article:publisher\" content=\"https:\/\/www.facebook.com\/folhadoleste\" \/>\n<meta property=\"article:published_time\" content=\"2023-04-19T10:19:00+00:00\" \/>\n<meta property=\"article:modified_time\" content=\"2023-04-21T23:43:51+00:00\" \/>\n<meta property=\"og:image\" content=\"https:\/\/folhadoleste.com.br\/wp-content\/uploads\/2023\/04\/FAMILIA-SOUZA-CHORO.jpg\" \/>\n\t<meta property=\"og:image:width\" content=\"800\" \/>\n\t<meta property=\"og:image:height\" content=\"420\" \/>\n\t<meta property=\"og:image:type\" content=\"image\/jpeg\" \/>\n<meta name=\"author\" content=\"Folha do Leste\" \/>\n<meta name=\"twitter:card\" content=\"summary_large_image\" \/>\n<meta name=\"twitter:creator\" content=\"@FolhadoLesteRJ\" \/>\n<meta name=\"twitter:site\" content=\"@FolhadoLesteRJ\" \/>\n<meta name=\"twitter:label1\" content=\"Written by\" \/>\n\t<meta name=\"twitter:data1\" content=\"Folha do Leste\" \/>\n\t<meta name=\"twitter:label2\" content=\"Est. reading time\" \/>\n\t<meta name=\"twitter:data2\" content=\"5 minutes\" \/>\n<script type=\"application\/ld+json\" class=\"yoast-schema-graph\">{\"@context\":\"https:\\\/\\\/schema.org\",\"@graph\":[{\"@type\":\"NewsArticle\",\"@id\":\"https:\\\/\\\/folhadoleste.com.br\\\/familia-souza-abre-i-festival-de-choro-de-niteroi\\\/#article\",\"isPartOf\":{\"@id\":\"https:\\\/\\\/folhadoleste.com.br\\\/familia-souza-abre-i-festival-de-choro-de-niteroi\\\/\"},\"author\":{\"name\":\"Folha do Leste\",\"@id\":\"https:\\\/\\\/folhadoleste.com.br\\\/#\\\/schema\\\/person\\\/3e97145b2e1861276e84471aa85a3899\"},\"headline\":\"Fam\u00edlia Souza abre I Festival de Choro de Niter\u00f3i\",\"datePublished\":\"2023-04-19T10:19:00+00:00\",\"dateModified\":\"2023-04-21T23:43:51+00:00\",\"mainEntityOfPage\":{\"@id\":\"https:\\\/\\\/folhadoleste.com.br\\\/familia-souza-abre-i-festival-de-choro-de-niteroi\\\/\"},\"wordCount\":906,\"commentCount\":0,\"publisher\":{\"@id\":\"https:\\\/\\\/folhadoleste.com.br\\\/#organization\"},\"image\":{\"@id\":\"https:\\\/\\\/folhadoleste.com.br\\\/familia-souza-abre-i-festival-de-choro-de-niteroi\\\/#primaryimage\"},\"thumbnailUrl\":\"https:\\\/\\\/folhadoleste.com.br\\\/wp-content\\\/uploads\\\/2023\\\/04\\\/FAMILIA-SOUZA-CHORO.jpg\",\"keywords\":[\"chorinho\",\"choro\",\"Fam\u00edlia Souza\",\"Festival de Choro\",\"I Festival de Choro de Niter\u00f3i\",\"Messias Brito\",\"Nilze Carvalho\",\"Niter\u00f3i\",\"Rog\u00e9rio Souza\",\"Ronaldo do Bandolim\",\"Tiago Souza\",\"Z\u00e9 Paulo Becker\"],\"articleSection\":[\"Artes\",\"Cultura\",\"Entretenimento, Artes e Cultura\",\"Leste Fluminense\",\"Niter\u00f3i\"],\"inLanguage\":\"en-US\",\"potentialAction\":[{\"@type\":\"CommentAction\",\"name\":\"Comment\",\"target\":[\"https:\\\/\\\/folhadoleste.com.br\\\/familia-souza-abre-i-festival-de-choro-de-niteroi\\\/#respond\"]}]},{\"@type\":\"WebPage\",\"@id\":\"https:\\\/\\\/folhadoleste.com.br\\\/familia-souza-abre-i-festival-de-choro-de-niteroi\\\/\",\"url\":\"https:\\\/\\\/folhadoleste.com.br\\\/familia-souza-abre-i-festival-de-choro-de-niteroi\\\/\",\"name\":\"Fam\u00edlia Souza abre I Festival de Choro de Niter\u00f3i &#8226; Folha do Leste\",\"isPartOf\":{\"@id\":\"https:\\\/\\\/folhadoleste.com.br\\\/#website\"},\"primaryImageOfPage\":{\"@id\":\"https:\\\/\\\/folhadoleste.com.br\\\/familia-souza-abre-i-festival-de-choro-de-niteroi\\\/#primaryimage\"},\"image\":{\"@id\":\"https:\\\/\\\/folhadoleste.com.br\\\/familia-souza-abre-i-festival-de-choro-de-niteroi\\\/#primaryimage\"},\"thumbnailUrl\":\"https:\\\/\\\/folhadoleste.com.br\\\/wp-content\\\/uploads\\\/2023\\\/04\\\/FAMILIA-SOUZA-CHORO.jpg\",\"datePublished\":\"2023-04-19T10:19:00+00:00\",\"dateModified\":\"2023-04-21T23:43:51+00:00\",\"breadcrumb\":{\"@id\":\"https:\\\/\\\/folhadoleste.com.br\\\/familia-souza-abre-i-festival-de-choro-de-niteroi\\\/#breadcrumb\"},\"inLanguage\":\"en-US\",\"potentialAction\":[{\"@type\":\"ReadAction\",\"target\":[\"https:\\\/\\\/folhadoleste.com.br\\\/familia-souza-abre-i-festival-de-choro-de-niteroi\\\/\"]}]},{\"@type\":\"ImageObject\",\"inLanguage\":\"en-US\",\"@id\":\"https:\\\/\\\/folhadoleste.com.br\\\/familia-souza-abre-i-festival-de-choro-de-niteroi\\\/#primaryimage\",\"url\":\"https:\\\/\\\/folhadoleste.com.br\\\/wp-content\\\/uploads\\\/2023\\\/04\\\/FAMILIA-SOUZA-CHORO.jpg\",\"contentUrl\":\"https:\\\/\\\/folhadoleste.com.br\\\/wp-content\\\/uploads\\\/2023\\\/04\\\/FAMILIA-SOUZA-CHORO.jpg\",\"width\":800,\"height\":420,\"caption\":\"Tiago Souza (viola e bandolim), Ronaldo do bandolim, e Rog\u00e9rio Souza (viol\u00e3o). Foto: Divulga\u00e7\u00e3o\\\/culturaniteroi.com.br\"},{\"@type\":\"BreadcrumbList\",\"@id\":\"https:\\\/\\\/folhadoleste.com.br\\\/familia-souza-abre-i-festival-de-choro-de-niteroi\\\/#breadcrumb\",\"itemListElement\":[{\"@type\":\"ListItem\",\"position\":1,\"name\":\"In\u00edcio\",\"item\":\"https:\\\/\\\/folhadoleste.com.br\\\/\"},{\"@type\":\"ListItem\",\"position\":2,\"name\":\"Entretenimento, Artes e Cultura\",\"item\":\"https:\\\/\\\/folhadoleste.com.br\\\/category\\\/entretenimento-artes-e-cultura-destaque\\\/\"},{\"@type\":\"ListItem\",\"position\":3,\"name\":\"Cultura\",\"item\":\"https:\\\/\\\/folhadoleste.com.br\\\/category\\\/entretenimento-artes-e-cultura-destaque\\\/cultura\\\/\"},{\"@type\":\"ListItem\",\"position\":4,\"name\":\"Fam\u00edlia Souza abre I Festival de Choro de Niter\u00f3i\"}]},{\"@type\":\"WebSite\",\"@id\":\"https:\\\/\\\/folhadoleste.com.br\\\/#website\",\"url\":\"https:\\\/\\\/folhadoleste.com.br\\\/\",\"name\":\"Folha do Leste\",\"description\":\"Portal de Not\u00edcias com \u00eanfase em Niter\u00f3i, criando conte\u00fados desde a capital Rio de Janeiro, com olhar para o Leste Fluminense e suas cidades como S\u00e3o Gon\u00e7alo, Itabora\u00ed, Rio Bonito, Maric\u00e1, Saquarema e Araruama\",\"publisher\":{\"@id\":\"https:\\\/\\\/folhadoleste.com.br\\\/#organization\"},\"alternateName\":\"FL\",\"potentialAction\":[{\"@type\":\"SearchAction\",\"target\":{\"@type\":\"EntryPoint\",\"urlTemplate\":\"https:\\\/\\\/folhadoleste.com.br\\\/?s={search_term_string}\"},\"query-input\":{\"@type\":\"PropertyValueSpecification\",\"valueRequired\":true,\"valueName\":\"search_term_string\"}}],\"inLanguage\":\"en-US\"},{\"@type\":\"Organization\",\"@id\":\"https:\\\/\\\/folhadoleste.com.br\\\/#organization\",\"name\":\"Brasil 21 Comunica\u00e7\u00e3o\",\"alternateName\":\"BR21\",\"url\":\"https:\\\/\\\/folhadoleste.com.br\\\/\",\"logo\":{\"@type\":\"ImageObject\",\"inLanguage\":\"en-US\",\"@id\":\"https:\\\/\\\/folhadoleste.com.br\\\/#\\\/schema\\\/logo\\\/image\\\/\",\"url\":\"https:\\\/\\\/folhadoleste.com.br\\\/wp-content\\\/uploads\\\/2025\\\/12\\\/brasil-21-logomarca.avif\",\"contentUrl\":\"https:\\\/\\\/folhadoleste.com.br\\\/wp-content\\\/uploads\\\/2025\\\/12\\\/brasil-21-logomarca.avif\",\"width\":1044,\"height\":1044,\"caption\":\"Brasil 21 Comunica\u00e7\u00e3o\"},\"image\":{\"@id\":\"https:\\\/\\\/folhadoleste.com.br\\\/#\\\/schema\\\/logo\\\/image\\\/\"},\"sameAs\":[\"https:\\\/\\\/www.facebook.com\\\/folhadoleste\",\"https:\\\/\\\/x.com\\\/FolhadoLesteRJ\",\"https:\\\/\\\/www.instagram.com\\\/folhadoleste\\\/\"]},{\"@type\":\"Person\",\"@id\":\"https:\\\/\\\/folhadoleste.com.br\\\/#\\\/schema\\\/person\\\/3e97145b2e1861276e84471aa85a3899\",\"name\":\"Folha do Leste\",\"image\":{\"@type\":\"ImageObject\",\"inLanguage\":\"en-US\",\"@id\":\"https:\\\/\\\/folhadoleste.com.br\\\/wp-content\\\/litespeed\\\/avatar\\\/1ca8c218432e7045e748610eb3db0259.jpg?ver=1777161142\",\"url\":\"https:\\\/\\\/folhadoleste.com.br\\\/wp-content\\\/litespeed\\\/avatar\\\/1ca8c218432e7045e748610eb3db0259.jpg?ver=1777161142\",\"contentUrl\":\"https:\\\/\\\/folhadoleste.com.br\\\/wp-content\\\/litespeed\\\/avatar\\\/1ca8c218432e7045e748610eb3db0259.jpg?ver=1777161142\",\"caption\":\"Folha do Leste\"},\"url\":\"https:\\\/\\\/folhadoleste.com.br\\\/en\\\/author\\\/reportagem-01\\\/\"}]}<\/script>\n<!-- \/ Yoast SEO plugin. -->","yoast_head_json":{"title":"Fam\u00edlia Souza abre I Festival de Choro de Niter\u00f3i &#8226; Folha do Leste","robots":{"index":"index","follow":"follow","max-snippet":"max-snippet:-1","max-image-preview":"max-image-preview:large","max-video-preview":"max-video-preview:-1"},"canonical":"https:\/\/folhadoleste.com.br\/en\/familia-souza-abre-i-festival-de-choro-de-niteroi\/","og_locale":"en_US","og_type":"article","og_title":"Fam\u00edlia Souza abre I Festival de Choro de Niter\u00f3i &#8226; Folha do Leste","og_description":"A programa\u00e7\u00e3o do I Festival de Choro de Niter\u00f3i come\u00e7a nesta quarta-feira (19). \u00c0s 20h, a Fam\u00edlia Souza abre a agenda de shows na Sala Nelson Pereira dos Santos, em S\u00e3o Domingos. O espet\u00e1culo, que ser\u00e1 uma homenagem a Waldir Azevedo, contar\u00e1 com a participa\u00e7\u00e3o dos grandes artistas Nilze Carvalho, Z\u00e9 Paulo Becker e Messias Brito. Dando in\u00edcio a uma nova tradi\u00e7\u00e3o para a cidade, o I Festival de Choro de Niter\u00f3i chega para potencializar a cena local de um dos ritmos mais tradicionais do Brasil. Com uma programa\u00e7\u00e3o intensa de shows e oficinas, o festival \u00e9 uma realiza\u00e7\u00e3o da [&hellip;]","og_url":"https:\/\/folhadoleste.com.br\/en\/familia-souza-abre-i-festival-de-choro-de-niteroi\/","og_site_name":"Folha do Leste","article_publisher":"https:\/\/www.facebook.com\/folhadoleste","article_published_time":"2023-04-19T10:19:00+00:00","article_modified_time":"2023-04-21T23:43:51+00:00","og_image":[{"width":800,"height":420,"url":"https:\/\/folhadoleste.com.br\/wp-content\/uploads\/2023\/04\/FAMILIA-SOUZA-CHORO.jpg","type":"image\/jpeg"}],"author":"Folha do Leste","twitter_card":"summary_large_image","twitter_creator":"@FolhadoLesteRJ","twitter_site":"@FolhadoLesteRJ","twitter_misc":{"Written by":"Folha do Leste","Est. reading time":"5 minutes"},"schema":{"@context":"https:\/\/schema.org","@graph":[{"@type":"NewsArticle","@id":"https:\/\/folhadoleste.com.br\/familia-souza-abre-i-festival-de-choro-de-niteroi\/#article","isPartOf":{"@id":"https:\/\/folhadoleste.com.br\/familia-souza-abre-i-festival-de-choro-de-niteroi\/"},"author":{"name":"Folha do Leste","@id":"https:\/\/folhadoleste.com.br\/#\/schema\/person\/3e97145b2e1861276e84471aa85a3899"},"headline":"Fam\u00edlia Souza abre I Festival de Choro de Niter\u00f3i","datePublished":"2023-04-19T10:19:00+00:00","dateModified":"2023-04-21T23:43:51+00:00","mainEntityOfPage":{"@id":"https:\/\/folhadoleste.com.br\/familia-souza-abre-i-festival-de-choro-de-niteroi\/"},"wordCount":906,"commentCount":0,"publisher":{"@id":"https:\/\/folhadoleste.com.br\/#organization"},"image":{"@id":"https:\/\/folhadoleste.com.br\/familia-souza-abre-i-festival-de-choro-de-niteroi\/#primaryimage"},"thumbnailUrl":"https:\/\/folhadoleste.com.br\/wp-content\/uploads\/2023\/04\/FAMILIA-SOUZA-CHORO.jpg","keywords":["chorinho","choro","Fam\u00edlia Souza","Festival de Choro","I Festival de Choro de Niter\u00f3i","Messias Brito","Nilze Carvalho","Niter\u00f3i","Rog\u00e9rio Souza","Ronaldo do Bandolim","Tiago Souza","Z\u00e9 Paulo Becker"],"articleSection":["Artes","Cultura","Entretenimento, Artes e Cultura","Leste Fluminense","Niter\u00f3i"],"inLanguage":"en-US","potentialAction":[{"@type":"CommentAction","name":"Comment","target":["https:\/\/folhadoleste.com.br\/familia-souza-abre-i-festival-de-choro-de-niteroi\/#respond"]}]},{"@type":"WebPage","@id":"https:\/\/folhadoleste.com.br\/familia-souza-abre-i-festival-de-choro-de-niteroi\/","url":"https:\/\/folhadoleste.com.br\/familia-souza-abre-i-festival-de-choro-de-niteroi\/","name":"Fam\u00edlia Souza abre I Festival de Choro de Niter\u00f3i &#8226; Folha do Leste","isPartOf":{"@id":"https:\/\/folhadoleste.com.br\/#website"},"primaryImageOfPage":{"@id":"https:\/\/folhadoleste.com.br\/familia-souza-abre-i-festival-de-choro-de-niteroi\/#primaryimage"},"image":{"@id":"https:\/\/folhadoleste.com.br\/familia-souza-abre-i-festival-de-choro-de-niteroi\/#primaryimage"},"thumbnailUrl":"https:\/\/folhadoleste.com.br\/wp-content\/uploads\/2023\/04\/FAMILIA-SOUZA-CHORO.jpg","datePublished":"2023-04-19T10:19:00+00:00","dateModified":"2023-04-21T23:43:51+00:00","breadcrumb":{"@id":"https:\/\/folhadoleste.com.br\/familia-souza-abre-i-festival-de-choro-de-niteroi\/#breadcrumb"},"inLanguage":"en-US","potentialAction":[{"@type":"ReadAction","target":["https:\/\/folhadoleste.com.br\/familia-souza-abre-i-festival-de-choro-de-niteroi\/"]}]},{"@type":"ImageObject","inLanguage":"en-US","@id":"https:\/\/folhadoleste.com.br\/familia-souza-abre-i-festival-de-choro-de-niteroi\/#primaryimage","url":"https:\/\/folhadoleste.com.br\/wp-content\/uploads\/2023\/04\/FAMILIA-SOUZA-CHORO.jpg","contentUrl":"https:\/\/folhadoleste.com.br\/wp-content\/uploads\/2023\/04\/FAMILIA-SOUZA-CHORO.jpg","width":800,"height":420,"caption":"Tiago Souza (viola e bandolim), Ronaldo do bandolim, e Rog\u00e9rio Souza (viol\u00e3o). Foto: Divulga\u00e7\u00e3o\/culturaniteroi.com.br"},{"@type":"BreadcrumbList","@id":"https:\/\/folhadoleste.com.br\/familia-souza-abre-i-festival-de-choro-de-niteroi\/#breadcrumb","itemListElement":[{"@type":"ListItem","position":1,"name":"In\u00edcio","item":"https:\/\/folhadoleste.com.br\/"},{"@type":"ListItem","position":2,"name":"Entretenimento, Artes e Cultura","item":"https:\/\/folhadoleste.com.br\/category\/entretenimento-artes-e-cultura-destaque\/"},{"@type":"ListItem","position":3,"name":"Cultura","item":"https:\/\/folhadoleste.com.br\/category\/entretenimento-artes-e-cultura-destaque\/cultura\/"},{"@type":"ListItem","position":4,"name":"Fam\u00edlia Souza abre I Festival de Choro de Niter\u00f3i"}]},{"@type":"WebSite","@id":"https:\/\/folhadoleste.com.br\/#website","url":"https:\/\/folhadoleste.com.br\/","name":"Folha do Leste","description":"Portal de Not\u00edcias com \u00eanfase em Niter\u00f3i, criando conte\u00fados desde a capital Rio de Janeiro, com olhar para o Leste Fluminense e suas cidades como S\u00e3o Gon\u00e7alo, Itabora\u00ed, Rio Bonito, Maric\u00e1, Saquarema e Araruama","publisher":{"@id":"https:\/\/folhadoleste.com.br\/#organization"},"alternateName":"FL","potentialAction":[{"@type":"SearchAction","target":{"@type":"EntryPoint","urlTemplate":"https:\/\/folhadoleste.com.br\/?s={search_term_string}"},"query-input":{"@type":"PropertyValueSpecification","valueRequired":true,"valueName":"search_term_string"}}],"inLanguage":"en-US"},{"@type":"Organization","@id":"https:\/\/folhadoleste.com.br\/#organization","name":"Brasil 21 Comunica\u00e7\u00e3o","alternateName":"BR21","url":"https:\/\/folhadoleste.com.br\/","logo":{"@type":"ImageObject","inLanguage":"en-US","@id":"https:\/\/folhadoleste.com.br\/#\/schema\/logo\/image\/","url":"https:\/\/folhadoleste.com.br\/wp-content\/uploads\/2025\/12\/brasil-21-logomarca.avif","contentUrl":"https:\/\/folhadoleste.com.br\/wp-content\/uploads\/2025\/12\/brasil-21-logomarca.avif","width":1044,"height":1044,"caption":"Brasil 21 Comunica\u00e7\u00e3o"},"image":{"@id":"https:\/\/folhadoleste.com.br\/#\/schema\/logo\/image\/"},"sameAs":["https:\/\/www.facebook.com\/folhadoleste","https:\/\/x.com\/FolhadoLesteRJ","https:\/\/www.instagram.com\/folhadoleste\/"]},{"@type":"Person","@id":"https:\/\/folhadoleste.com.br\/#\/schema\/person\/3e97145b2e1861276e84471aa85a3899","name":"Folha do Leste","image":{"@type":"ImageObject","inLanguage":"en-US","@id":"https:\/\/folhadoleste.com.br\/wp-content\/litespeed\/avatar\/1ca8c218432e7045e748610eb3db0259.jpg?ver=1777161142","url":"https:\/\/folhadoleste.com.br\/wp-content\/litespeed\/avatar\/1ca8c218432e7045e748610eb3db0259.jpg?ver=1777161142","contentUrl":"https:\/\/folhadoleste.com.br\/wp-content\/litespeed\/avatar\/1ca8c218432e7045e748610eb3db0259.jpg?ver=1777161142","caption":"Folha do Leste"},"url":"https:\/\/folhadoleste.com.br\/en\/author\/reportagem-01\/"}]}},"_links":{"self":[{"href":"https:\/\/folhadoleste.com.br\/en\/wp-json\/wp\/v2\/posts\/2819","targetHints":{"allow":["GET"]}}],"collection":[{"href":"https:\/\/folhadoleste.com.br\/en\/wp-json\/wp\/v2\/posts"}],"about":[{"href":"https:\/\/folhadoleste.com.br\/en\/wp-json\/wp\/v2\/types\/post"}],"author":[{"embeddable":true,"href":"https:\/\/folhadoleste.com.br\/en\/wp-json\/wp\/v2\/users\/4"}],"replies":[{"embeddable":true,"href":"https:\/\/folhadoleste.com.br\/en\/wp-json\/wp\/v2\/comments?post=2819"}],"version-history":[{"count":1,"href":"https:\/\/folhadoleste.com.br\/en\/wp-json\/wp\/v2\/posts\/2819\/revisions"}],"predecessor-version":[{"id":2823,"href":"https:\/\/folhadoleste.com.br\/en\/wp-json\/wp\/v2\/posts\/2819\/revisions\/2823"}],"wp:featuredmedia":[{"embeddable":true,"href":"https:\/\/folhadoleste.com.br\/en\/wp-json\/wp\/v2\/media\/2820"}],"wp:attachment":[{"href":"https:\/\/folhadoleste.com.br\/en\/wp-json\/wp\/v2\/media?parent=2819"}],"wp:term":[{"taxonomy":"category","embeddable":true,"href":"https:\/\/folhadoleste.com.br\/en\/wp-json\/wp\/v2\/categories?post=2819"},{"taxonomy":"post_tag","embeddable":true,"href":"https:\/\/folhadoleste.com.br\/en\/wp-json\/wp\/v2\/tags?post=2819"}],"curies":[{"name":"wp","href":"https:\/\/api.w.org\/{rel}","templated":true}]}}