{"id":2776,"date":"2023-04-18T22:32:29","date_gmt":"2023-04-19T01:32:29","guid":{"rendered":"https:\/\/folhadoleste.com.br\/?p=2776"},"modified":"2023-04-21T22:35:37","modified_gmt":"2023-04-22T01:35:37","slug":"2776-2","status":"publish","type":"post","link":"https:\/\/folhadoleste.com.br\/en\/2776-2\/","title":{"rendered":"On\u00e7a-parda \u00e9 levada para Vargem Pequena"},"content":{"rendered":"<p>Ap\u00f3s quatro dias recebendo cuidados na \u00c1rea de Soltura de Animais Silvestres (ASAS) de S\u00e3o Gon\u00e7alo, <a href=\"https:\/\/folhadoleste.com.br\/en\/onca-parda-resgatada-em-cambuci-e-levada-para-asas-em-sg\/\">o filhote de on\u00e7a-parda resgatado em Cambuci, pelo Comando de Pol\u00edcia Ambiental<\/a>, foi encaminhado na tarde desta ter\u00e7a-feira (18) para o Centro de Recupera\u00e7\u00e3o de Animais Selvagens (CRAS) de Vargem Pequena, no Rio.<\/p>\n<p>A on\u00e7a n\u00e3o foi sozinha. Junto ao fel\u00eddeo, tamb\u00e9m foi encaminhado um cachorro-do-mato, aparentemente atropelado e resgatado pelo Gpam de S\u00e3o Gon\u00e7alo.<\/p>\n<p>O encaminhamento da on\u00e7a foi realizado pela equipe da \u00c1rea de Soltura, ap\u00f3s solicita\u00e7\u00e3o da ger\u00eancia de fauna do Instituto Estadual do Ambiente (Inea). Enquanto esteve em S\u00e3o Gon\u00e7alo, a on\u00e7a foi cuidada, passou por exames cl\u00ednicos, laboratoriais e foi microchipada, demonstrando a capacidade e potencial da \u00c1rea de Soltura de Animais Silvestres de S\u00e3o Gon\u00e7alo para atender aos mais diversos tipos de demandas relacionadas a animais de vida livre.<\/p>\n<p>Tamb\u00e9m relativamente raro de se ver na cidade, o cachorro-do-mato resgatado pr\u00f3ximo \u00e0 Santa Luzia tamb\u00e9m ser\u00e1 cuidado no CRAS de Vargem Pequena, que, assim como a ASAS de S\u00e3o Gon\u00e7alo, tamb\u00e9m t\u00eam coopera\u00e7\u00e3o t\u00e9cnica com a Universidade Est\u00e1cio de S\u00e1. A Secretaria de Meio Ambiente de S\u00e3o Gon\u00e7alo (Semma) j\u00e1 identificou a ocorr\u00eancia desta esp\u00e9cie em regi\u00f5es de mata do munic\u00edpio.<\/p>\n<p>\u201cPara quem achava que em S\u00e3o Gon\u00e7alo n\u00e3o havia fauna quase alguma, o trabalho na ASAS tem provado o contr\u00e1rio. S\u00e3o Gon\u00e7alo entra para o cen\u00e1rio nacional mostrando que possui equipamento e t\u00e9cnicos capazes de fazer manejo de fauna silvestre, por isso a import\u00e2ncia da prote\u00e7\u00e3o das nossas \u00e1reas de floresta que s\u00e3o a casa dos bichos. \u00c9 incr\u00edvel podermos dar suporte a animais de vida livre e contribuir para o enriquecimento de nossa fauna local. Iremos acompanhar de perto o atendimento do filhote de on\u00e7a parda e sua reintrodu\u00e7\u00e3o ao habitat natural se poss\u00edvel, pois em nossa vis\u00e3o, o animal apresentou grande potencial de voltar \u00e0 vida livre\u201d disse o subsecret\u00e1rio de Meio Ambiente e bi\u00f3logo, Glaucio Teixeira Brand\u00e3o.<\/p>\n<p>Para aumentar o atendimento de demandas de resgate aos animais silvestres, a ASAS aguarda avalia\u00e7\u00e3o do Instituto Estadual do Ambiente, referente ao projeto para que a \u00e1rea seja transformada em Centro de Refer\u00eancia de Animais Silvestres (CRAS).<\/p>\n<p>Antes da partida para Vargem Pequena, funcion\u00e1rios da Asas se despediram do filhote de on\u00e7a-parda.<\/p>\n<figure class=\"wp-block-gallery has-nested-images columns-default is-cropped\">\n<figure class=\"wp-block-image size-large\"><img decoding=\"async\" class=\"wp-image-55745 lazy loaded\" src=\"https:\/\/www.pmsg.rj.gov.br\/wp-content\/uploads\/2023\/04\/IMG-20230418-WA0033.jpg\" sizes=\"(max-width: 1600px) 100vw, 1600px\" srcset=\"https:\/\/www.saogoncalo.rj.gov.br\/wp-content\/uploads\/2023\/04\/IMG-20230418-WA0033.jpg 1600w, https:\/\/www.saogoncalo.rj.gov.br\/wp-content\/uploads\/2023\/04\/IMG-20230418-WA0033-300x225.jpg 300w, https:\/\/www.saogoncalo.rj.gov.br\/wp-content\/uploads\/2023\/04\/IMG-20230418-WA0033-1024x768.jpg 1024w, https:\/\/www.saogoncalo.rj.gov.br\/wp-content\/uploads\/2023\/04\/IMG-20230418-WA0033-768x576.jpg 768w, https:\/\/www.saogoncalo.rj.gov.br\/wp-content\/uploads\/2023\/04\/IMG-20230418-WA0033-1536x1152.jpg 1536w, https:\/\/www.saogoncalo.rj.gov.br\/wp-content\/uploads\/2023\/04\/IMG-20230418-WA0033-500x375.jpg 500w\" alt=\"\" width=\"1600\" height=\"1200\" data-id=\"55745\" data-src=\"https:\/\/www.pmsg.rj.gov.br\/wp-content\/uploads\/2023\/04\/IMG-20230418-WA0033.jpg\" data-srcset=\"https:\/\/www.saogoncalo.rj.gov.br\/wp-content\/uploads\/2023\/04\/IMG-20230418-WA0033.jpg 1600w, https:\/\/www.saogoncalo.rj.gov.br\/wp-content\/uploads\/2023\/04\/IMG-20230418-WA0033-300x225.jpg 300w, https:\/\/www.saogoncalo.rj.gov.br\/wp-content\/uploads\/2023\/04\/IMG-20230418-WA0033-1024x768.jpg 1024w, https:\/\/www.saogoncalo.rj.gov.br\/wp-content\/uploads\/2023\/04\/IMG-20230418-WA0033-768x576.jpg 768w, https:\/\/www.saogoncalo.rj.gov.br\/wp-content\/uploads\/2023\/04\/IMG-20230418-WA0033-1536x1152.jpg 1536w, https:\/\/www.saogoncalo.rj.gov.br\/wp-content\/uploads\/2023\/04\/IMG-20230418-WA0033-500x375.jpg 500w\" data-sizes=\"(max-width: 1600px) 100vw, 1600px\" data-was-processed=\"true\" \/><\/figure>\n<figure class=\"wp-block-image size-large\"><img decoding=\"async\" class=\"wp-image-55743 lazy loaded\" src=\"https:\/\/www.pmsg.rj.gov.br\/wp-content\/uploads\/2023\/04\/IMG-20230418-WA0049.jpg\" sizes=\"(max-width: 1600px) 100vw, 1600px\" srcset=\"https:\/\/www.saogoncalo.rj.gov.br\/wp-content\/uploads\/2023\/04\/IMG-20230418-WA0049.jpg 1600w, https:\/\/www.saogoncalo.rj.gov.br\/wp-content\/uploads\/2023\/04\/IMG-20230418-WA0049-300x225.jpg 300w, https:\/\/www.saogoncalo.rj.gov.br\/wp-content\/uploads\/2023\/04\/IMG-20230418-WA0049-1024x768.jpg 1024w, https:\/\/www.saogoncalo.rj.gov.br\/wp-content\/uploads\/2023\/04\/IMG-20230418-WA0049-768x576.jpg 768w, https:\/\/www.saogoncalo.rj.gov.br\/wp-content\/uploads\/2023\/04\/IMG-20230418-WA0049-1536x1152.jpg 1536w, https:\/\/www.saogoncalo.rj.gov.br\/wp-content\/uploads\/2023\/04\/IMG-20230418-WA0049-500x375.jpg 500w\" alt=\"\" width=\"1600\" height=\"1200\" data-id=\"55743\" data-src=\"https:\/\/www.pmsg.rj.gov.br\/wp-content\/uploads\/2023\/04\/IMG-20230418-WA0049.jpg\" data-srcset=\"https:\/\/www.saogoncalo.rj.gov.br\/wp-content\/uploads\/2023\/04\/IMG-20230418-WA0049.jpg 1600w, https:\/\/www.saogoncalo.rj.gov.br\/wp-content\/uploads\/2023\/04\/IMG-20230418-WA0049-300x225.jpg 300w, https:\/\/www.saogoncalo.rj.gov.br\/wp-content\/uploads\/2023\/04\/IMG-20230418-WA0049-1024x768.jpg 1024w, https:\/\/www.saogoncalo.rj.gov.br\/wp-content\/uploads\/2023\/04\/IMG-20230418-WA0049-768x576.jpg 768w, https:\/\/www.saogoncalo.rj.gov.br\/wp-content\/uploads\/2023\/04\/IMG-20230418-WA0049-1536x1152.jpg 1536w, https:\/\/www.saogoncalo.rj.gov.br\/wp-content\/uploads\/2023\/04\/IMG-20230418-WA0049-500x375.jpg 500w\" data-sizes=\"(max-width: 1600px) 100vw, 1600px\" data-was-processed=\"true\" \/><figcaption>Os veterin\u00e1rios Pedro Alfazema (Asas de S\u00e3o Gon\u00e7alo) e Jeferson Pires, (Cras\/Est\u00e1cio de S\u00e1)<\/figcaption><\/figure>\n<figure class=\"wp-block-image size-large\">\n<div id=\"attachment_55742\" style=\"width: 790px\" class=\"wp-caption alignnone\"><img decoding=\"async\" aria-describedby=\"caption-attachment-55742\" class=\"lazy loaded wp-image-55742\" src=\"https:\/\/www.pmsg.rj.gov.br\/wp-content\/uploads\/2023\/04\/IMG-20230418-WA0032.jpg\" alt=\"\" width=\"780\" height=\"1040\" data-id=\"55742\" data-src=\"https:\/\/www.pmsg.rj.gov.br\/wp-content\/uploads\/2023\/04\/IMG-20230418-WA0032.jpg\" data-srcset=\"https:\/\/www.saogoncalo.rj.gov.br\/wp-content\/uploads\/2023\/04\/IMG-20230418-WA0032.jpg 780w, https:\/\/www.saogoncalo.rj.gov.br\/wp-content\/uploads\/2023\/04\/IMG-20230418-WA0032-225x300.jpg 225w, https:\/\/www.saogoncalo.rj.gov.br\/wp-content\/uploads\/2023\/04\/IMG-20230418-WA0032-768x1024.jpg 768w, https:\/\/www.saogoncalo.rj.gov.br\/wp-content\/uploads\/2023\/04\/IMG-20230418-WA0032-500x667.jpg 500w\" data-sizes=\"(max-width: 780px) 100vw, 780px\" data-was-processed=\"true\" \/><p id=\"caption-attachment-55742\" class=\"wp-caption-text\">Cachorro do Mato<\/p><\/div>\n<p>&nbsp;<\/p>\n<p><em>Fonte: Ascom S\u00e3o Gon\u00e7alo<\/em><\/figure>\n<\/figure>","protected":false},"excerpt":{"rendered":"<p>Ap\u00f3s quatro dias recebendo cuidados na \u00c1rea de Soltura de Animais Silvestres (ASAS) de S\u00e3o Gon\u00e7alo, o filhote de on\u00e7a-parda resgatado em Cambuci, pelo Comando de Pol\u00edcia Ambiental, foi encaminhado na tarde desta ter\u00e7a-feira (18) para o Centro de Recupera\u00e7\u00e3o de Animais Selvagens (CRAS) de Vargem Pequena, no Rio. A on\u00e7a n\u00e3o foi sozinha. Junto ao fel\u00eddeo, tamb\u00e9m foi encaminhado um cachorro-do-mato, aparentemente atropelado e resgatado pelo Gpam de S\u00e3o Gon\u00e7alo. O encaminhamento da on\u00e7a foi realizado pela equipe da \u00c1rea de Soltura, ap\u00f3s solicita\u00e7\u00e3o da ger\u00eancia de fauna do Instituto Estadual do Ambiente (Inea). Enquanto esteve em S\u00e3o Gon\u00e7alo, [&hellip;]<\/p>\n","protected":false},"author":4,"featured_media":2844,"comment_status":"open","ping_status":"open","sticky":false,"template":"","format":"standard","meta":{"footnotes":""},"categories":[47,52],"tags":[],"class_list":["post-2776","post","type-post","status-publish","format-standard","has-post-thumbnail","hentry","category-leste-fluminense","category-sao-goncalo","post--single"],"yoast_head":"<!-- This site is optimized with the Yoast SEO plugin v27.5 - https:\/\/yoast.com\/product\/yoast-seo-wordpress\/ -->\n<title>On\u00e7a-parda \u00e9 levada para Vargem Pequena &#8226; Folha do Leste<\/title>\n<meta name=\"description\" content=\"o filhote de on\u00e7a-parda resgatado em Cambuci, pelo Comando de Pol\u00edcia Ambiental, foi encaminhado na tarde desta ter\u00e7a-feira (18) para o Centro de Recupera\u00e7\u00e3o de Animais Selvagens (CRAS) de Vargem Pequena, no Rio\" \/>\n<meta name=\"robots\" content=\"index, follow, max-snippet:-1, max-image-preview:large, max-video-preview:-1\" \/>\n<link rel=\"canonical\" href=\"https:\/\/folhadoleste.com.br\/en\/2776-2\/\" \/>\n<meta property=\"og:locale\" content=\"en_US\" \/>\n<meta property=\"og:type\" content=\"article\" \/>\n<meta property=\"og:title\" content=\"On\u00e7a-parda \u00e9 levada para Vargem Pequena &#8226; Folha do Leste\" \/>\n<meta property=\"og:description\" content=\"o filhote de on\u00e7a-parda resgatado em Cambuci, pelo Comando de Pol\u00edcia Ambiental, foi encaminhado na tarde desta ter\u00e7a-feira (18) para o Centro de Recupera\u00e7\u00e3o de Animais Selvagens (CRAS) de Vargem Pequena, no Rio\" \/>\n<meta property=\"og:url\" content=\"https:\/\/folhadoleste.com.br\/en\/2776-2\/\" \/>\n<meta property=\"og:site_name\" content=\"Folha do Leste\" \/>\n<meta property=\"article:publisher\" content=\"https:\/\/www.facebook.com\/folhadoleste\" \/>\n<meta property=\"article:published_time\" content=\"2023-04-19T01:32:29+00:00\" \/>\n<meta property=\"article:modified_time\" content=\"2023-04-22T01:35:37+00:00\" \/>\n<meta property=\"og:image\" content=\"https:\/\/folhadoleste.com.br\/wp-content\/uploads\/2023\/04\/IMG-20230418-WA0029.jpg\" \/>\n\t<meta property=\"og:image:width\" content=\"1600\" \/>\n\t<meta property=\"og:image:height\" content=\"1200\" \/>\n\t<meta property=\"og:image:type\" content=\"image\/jpeg\" \/>\n<meta name=\"author\" content=\"Folha do Leste\" \/>\n<meta name=\"twitter:card\" content=\"summary_large_image\" \/>\n<meta name=\"twitter:creator\" content=\"@FolhadoLesteRJ\" \/>\n<meta name=\"twitter:site\" content=\"@FolhadoLesteRJ\" \/>\n<meta name=\"twitter:label1\" content=\"Written by\" \/>\n\t<meta name=\"twitter:data1\" content=\"Folha do Leste\" \/>\n\t<meta name=\"twitter:label2\" content=\"Est. reading time\" \/>\n\t<meta name=\"twitter:data2\" content=\"3 minutes\" \/>\n<script type=\"application\/ld+json\" class=\"yoast-schema-graph\">{\"@context\":\"https:\\\/\\\/schema.org\",\"@graph\":[{\"@type\":\"NewsArticle\",\"@id\":\"https:\\\/\\\/folhadoleste.com.br\\\/2776-2\\\/#article\",\"isPartOf\":{\"@id\":\"https:\\\/\\\/folhadoleste.com.br\\\/2776-2\\\/\"},\"author\":{\"name\":\"Folha do Leste\",\"@id\":\"https:\\\/\\\/folhadoleste.com.br\\\/#\\\/schema\\\/person\\\/3e97145b2e1861276e84471aa85a3899\"},\"headline\":\"On\u00e7a-parda \u00e9 levada para Vargem Pequena\",\"datePublished\":\"2023-04-19T01:32:29+00:00\",\"dateModified\":\"2023-04-22T01:35:37+00:00\",\"mainEntityOfPage\":{\"@id\":\"https:\\\/\\\/folhadoleste.com.br\\\/2776-2\\\/\"},\"wordCount\":475,\"commentCount\":0,\"publisher\":{\"@id\":\"https:\\\/\\\/folhadoleste.com.br\\\/#organization\"},\"image\":{\"@id\":\"https:\\\/\\\/folhadoleste.com.br\\\/2776-2\\\/#primaryimage\"},\"thumbnailUrl\":\"https:\\\/\\\/folhadoleste.com.br\\\/wp-content\\\/uploads\\\/2023\\\/04\\\/IMG-20230418-WA0029.jpg\",\"articleSection\":[\"Leste Fluminense\",\"S\u00e3o Gon\u00e7alo\"],\"inLanguage\":\"en-US\",\"potentialAction\":[{\"@type\":\"CommentAction\",\"name\":\"Comment\",\"target\":[\"https:\\\/\\\/folhadoleste.com.br\\\/2776-2\\\/#respond\"]}]},{\"@type\":\"WebPage\",\"@id\":\"https:\\\/\\\/folhadoleste.com.br\\\/2776-2\\\/\",\"url\":\"https:\\\/\\\/folhadoleste.com.br\\\/2776-2\\\/\",\"name\":\"On\u00e7a-parda \u00e9 levada para Vargem Pequena &#8226; Folha do Leste\",\"isPartOf\":{\"@id\":\"https:\\\/\\\/folhadoleste.com.br\\\/#website\"},\"primaryImageOfPage\":{\"@id\":\"https:\\\/\\\/folhadoleste.com.br\\\/2776-2\\\/#primaryimage\"},\"image\":{\"@id\":\"https:\\\/\\\/folhadoleste.com.br\\\/2776-2\\\/#primaryimage\"},\"thumbnailUrl\":\"https:\\\/\\\/folhadoleste.com.br\\\/wp-content\\\/uploads\\\/2023\\\/04\\\/IMG-20230418-WA0029.jpg\",\"datePublished\":\"2023-04-19T01:32:29+00:00\",\"dateModified\":\"2023-04-22T01:35:37+00:00\",\"description\":\"o filhote de on\u00e7a-parda resgatado em Cambuci, pelo Comando de Pol\u00edcia Ambiental, foi encaminhado na tarde desta ter\u00e7a-feira (18) para o Centro de Recupera\u00e7\u00e3o de Animais Selvagens (CRAS) de Vargem Pequena, no Rio\",\"breadcrumb\":{\"@id\":\"https:\\\/\\\/folhadoleste.com.br\\\/2776-2\\\/#breadcrumb\"},\"inLanguage\":\"en-US\",\"potentialAction\":[{\"@type\":\"ReadAction\",\"target\":[\"https:\\\/\\\/folhadoleste.com.br\\\/2776-2\\\/\"]}]},{\"@type\":\"ImageObject\",\"inLanguage\":\"en-US\",\"@id\":\"https:\\\/\\\/folhadoleste.com.br\\\/2776-2\\\/#primaryimage\",\"url\":\"https:\\\/\\\/folhadoleste.com.br\\\/wp-content\\\/uploads\\\/2023\\\/04\\\/IMG-20230418-WA0029.jpg\",\"contentUrl\":\"https:\\\/\\\/folhadoleste.com.br\\\/wp-content\\\/uploads\\\/2023\\\/04\\\/IMG-20230418-WA0029.jpg\",\"width\":1600,\"height\":1200},{\"@type\":\"BreadcrumbList\",\"@id\":\"https:\\\/\\\/folhadoleste.com.br\\\/2776-2\\\/#breadcrumb\",\"itemListElement\":[{\"@type\":\"ListItem\",\"position\":1,\"name\":\"In\u00edcio\",\"item\":\"https:\\\/\\\/folhadoleste.com.br\\\/\"},{\"@type\":\"ListItem\",\"position\":2,\"name\":\"Estado do Rio de Janeiro\",\"item\":\"https:\\\/\\\/folhadoleste.com.br\\\/category\\\/estado-do-rio-de-janeiro\\\/\"},{\"@type\":\"ListItem\",\"position\":3,\"name\":\"Leste Fluminense\",\"item\":\"https:\\\/\\\/folhadoleste.com.br\\\/category\\\/estado-do-rio-de-janeiro\\\/leste-fluminense\\\/\"},{\"@type\":\"ListItem\",\"position\":4,\"name\":\"S\u00e3o Gon\u00e7alo\",\"item\":\"https:\\\/\\\/folhadoleste.com.br\\\/category\\\/estado-do-rio-de-janeiro\\\/leste-fluminense\\\/sao-goncalo\\\/\"},{\"@type\":\"ListItem\",\"position\":5,\"name\":\"On\u00e7a-parda \u00e9 levada para Vargem Pequena\"}]},{\"@type\":\"WebSite\",\"@id\":\"https:\\\/\\\/folhadoleste.com.br\\\/#website\",\"url\":\"https:\\\/\\\/folhadoleste.com.br\\\/\",\"name\":\"Folha do Leste\",\"description\":\"Portal de Not\u00edcias com \u00eanfase em Niter\u00f3i, criando conte\u00fados desde a capital Rio de Janeiro, com olhar para o Leste Fluminense e suas cidades como S\u00e3o Gon\u00e7alo, Itabora\u00ed, Rio Bonito, Maric\u00e1, Saquarema e Araruama\",\"publisher\":{\"@id\":\"https:\\\/\\\/folhadoleste.com.br\\\/#organization\"},\"alternateName\":\"FL\",\"potentialAction\":[{\"@type\":\"SearchAction\",\"target\":{\"@type\":\"EntryPoint\",\"urlTemplate\":\"https:\\\/\\\/folhadoleste.com.br\\\/?s={search_term_string}\"},\"query-input\":{\"@type\":\"PropertyValueSpecification\",\"valueRequired\":true,\"valueName\":\"search_term_string\"}}],\"inLanguage\":\"en-US\"},{\"@type\":\"Organization\",\"@id\":\"https:\\\/\\\/folhadoleste.com.br\\\/#organization\",\"name\":\"Brasil 21 Comunica\u00e7\u00e3o\",\"alternateName\":\"BR21\",\"url\":\"https:\\\/\\\/folhadoleste.com.br\\\/\",\"logo\":{\"@type\":\"ImageObject\",\"inLanguage\":\"en-US\",\"@id\":\"https:\\\/\\\/folhadoleste.com.br\\\/#\\\/schema\\\/logo\\\/image\\\/\",\"url\":\"https:\\\/\\\/folhadoleste.com.br\\\/wp-content\\\/uploads\\\/2025\\\/12\\\/brasil-21-logomarca.avif\",\"contentUrl\":\"https:\\\/\\\/folhadoleste.com.br\\\/wp-content\\\/uploads\\\/2025\\\/12\\\/brasil-21-logomarca.avif\",\"width\":1044,\"height\":1044,\"caption\":\"Brasil 21 Comunica\u00e7\u00e3o\"},\"image\":{\"@id\":\"https:\\\/\\\/folhadoleste.com.br\\\/#\\\/schema\\\/logo\\\/image\\\/\"},\"sameAs\":[\"https:\\\/\\\/www.facebook.com\\\/folhadoleste\",\"https:\\\/\\\/x.com\\\/FolhadoLesteRJ\",\"https:\\\/\\\/www.instagram.com\\\/folhadoleste\\\/\"]},{\"@type\":\"Person\",\"@id\":\"https:\\\/\\\/folhadoleste.com.br\\\/#\\\/schema\\\/person\\\/3e97145b2e1861276e84471aa85a3899\",\"name\":\"Folha do Leste\",\"image\":{\"@type\":\"ImageObject\",\"inLanguage\":\"en-US\",\"@id\":\"https:\\\/\\\/folhadoleste.com.br\\\/wp-content\\\/litespeed\\\/avatar\\\/1ca8c218432e7045e748610eb3db0259.jpg?ver=1777765944\",\"url\":\"https:\\\/\\\/folhadoleste.com.br\\\/wp-content\\\/litespeed\\\/avatar\\\/1ca8c218432e7045e748610eb3db0259.jpg?ver=1777765944\",\"contentUrl\":\"https:\\\/\\\/folhadoleste.com.br\\\/wp-content\\\/litespeed\\\/avatar\\\/1ca8c218432e7045e748610eb3db0259.jpg?ver=1777765944\",\"caption\":\"Folha do Leste\"},\"url\":\"https:\\\/\\\/folhadoleste.com.br\\\/en\\\/author\\\/reportagem-01\\\/\"}]}<\/script>\n<!-- \/ Yoast SEO plugin. -->","yoast_head_json":{"title":"On\u00e7a-parda \u00e9 levada para Vargem Pequena &#8226; Folha do Leste","description":"o filhote de on\u00e7a-parda resgatado em Cambuci, pelo Comando de Pol\u00edcia Ambiental, foi encaminhado na tarde desta ter\u00e7a-feira (18) para o Centro de Recupera\u00e7\u00e3o de Animais Selvagens (CRAS) de Vargem Pequena, no Rio","robots":{"index":"index","follow":"follow","max-snippet":"max-snippet:-1","max-image-preview":"max-image-preview:large","max-video-preview":"max-video-preview:-1"},"canonical":"https:\/\/folhadoleste.com.br\/en\/2776-2\/","og_locale":"en_US","og_type":"article","og_title":"On\u00e7a-parda \u00e9 levada para Vargem Pequena &#8226; Folha do Leste","og_description":"o filhote de on\u00e7a-parda resgatado em Cambuci, pelo Comando de Pol\u00edcia Ambiental, foi encaminhado na tarde desta ter\u00e7a-feira (18) para o Centro de Recupera\u00e7\u00e3o de Animais Selvagens (CRAS) de Vargem Pequena, no Rio","og_url":"https:\/\/folhadoleste.com.br\/en\/2776-2\/","og_site_name":"Folha do Leste","article_publisher":"https:\/\/www.facebook.com\/folhadoleste","article_published_time":"2023-04-19T01:32:29+00:00","article_modified_time":"2023-04-22T01:35:37+00:00","og_image":[{"width":1600,"height":1200,"url":"https:\/\/folhadoleste.com.br\/wp-content\/uploads\/2023\/04\/IMG-20230418-WA0029.jpg","type":"image\/jpeg"}],"author":"Folha do Leste","twitter_card":"summary_large_image","twitter_creator":"@FolhadoLesteRJ","twitter_site":"@FolhadoLesteRJ","twitter_misc":{"Written by":"Folha do Leste","Est. reading time":"3 minutes"},"schema":{"@context":"https:\/\/schema.org","@graph":[{"@type":"NewsArticle","@id":"https:\/\/folhadoleste.com.br\/2776-2\/#article","isPartOf":{"@id":"https:\/\/folhadoleste.com.br\/2776-2\/"},"author":{"name":"Folha do Leste","@id":"https:\/\/folhadoleste.com.br\/#\/schema\/person\/3e97145b2e1861276e84471aa85a3899"},"headline":"On\u00e7a-parda \u00e9 levada para Vargem Pequena","datePublished":"2023-04-19T01:32:29+00:00","dateModified":"2023-04-22T01:35:37+00:00","mainEntityOfPage":{"@id":"https:\/\/folhadoleste.com.br\/2776-2\/"},"wordCount":475,"commentCount":0,"publisher":{"@id":"https:\/\/folhadoleste.com.br\/#organization"},"image":{"@id":"https:\/\/folhadoleste.com.br\/2776-2\/#primaryimage"},"thumbnailUrl":"https:\/\/folhadoleste.com.br\/wp-content\/uploads\/2023\/04\/IMG-20230418-WA0029.jpg","articleSection":["Leste Fluminense","S\u00e3o Gon\u00e7alo"],"inLanguage":"en-US","potentialAction":[{"@type":"CommentAction","name":"Comment","target":["https:\/\/folhadoleste.com.br\/2776-2\/#respond"]}]},{"@type":"WebPage","@id":"https:\/\/folhadoleste.com.br\/2776-2\/","url":"https:\/\/folhadoleste.com.br\/2776-2\/","name":"On\u00e7a-parda \u00e9 levada para Vargem Pequena &#8226; Folha do Leste","isPartOf":{"@id":"https:\/\/folhadoleste.com.br\/#website"},"primaryImageOfPage":{"@id":"https:\/\/folhadoleste.com.br\/2776-2\/#primaryimage"},"image":{"@id":"https:\/\/folhadoleste.com.br\/2776-2\/#primaryimage"},"thumbnailUrl":"https:\/\/folhadoleste.com.br\/wp-content\/uploads\/2023\/04\/IMG-20230418-WA0029.jpg","datePublished":"2023-04-19T01:32:29+00:00","dateModified":"2023-04-22T01:35:37+00:00","description":"o filhote de on\u00e7a-parda resgatado em Cambuci, pelo Comando de Pol\u00edcia Ambiental, foi encaminhado na tarde desta ter\u00e7a-feira (18) para o Centro de Recupera\u00e7\u00e3o de Animais Selvagens (CRAS) de Vargem Pequena, no Rio","breadcrumb":{"@id":"https:\/\/folhadoleste.com.br\/2776-2\/#breadcrumb"},"inLanguage":"en-US","potentialAction":[{"@type":"ReadAction","target":["https:\/\/folhadoleste.com.br\/2776-2\/"]}]},{"@type":"ImageObject","inLanguage":"en-US","@id":"https:\/\/folhadoleste.com.br\/2776-2\/#primaryimage","url":"https:\/\/folhadoleste.com.br\/wp-content\/uploads\/2023\/04\/IMG-20230418-WA0029.jpg","contentUrl":"https:\/\/folhadoleste.com.br\/wp-content\/uploads\/2023\/04\/IMG-20230418-WA0029.jpg","width":1600,"height":1200},{"@type":"BreadcrumbList","@id":"https:\/\/folhadoleste.com.br\/2776-2\/#breadcrumb","itemListElement":[{"@type":"ListItem","position":1,"name":"In\u00edcio","item":"https:\/\/folhadoleste.com.br\/"},{"@type":"ListItem","position":2,"name":"Estado do Rio de Janeiro","item":"https:\/\/folhadoleste.com.br\/category\/estado-do-rio-de-janeiro\/"},{"@type":"ListItem","position":3,"name":"Leste Fluminense","item":"https:\/\/folhadoleste.com.br\/category\/estado-do-rio-de-janeiro\/leste-fluminense\/"},{"@type":"ListItem","position":4,"name":"S\u00e3o Gon\u00e7alo","item":"https:\/\/folhadoleste.com.br\/category\/estado-do-rio-de-janeiro\/leste-fluminense\/sao-goncalo\/"},{"@type":"ListItem","position":5,"name":"On\u00e7a-parda \u00e9 levada para Vargem Pequena"}]},{"@type":"WebSite","@id":"https:\/\/folhadoleste.com.br\/#website","url":"https:\/\/folhadoleste.com.br\/","name":"Folha do Leste","description":"Portal de Not\u00edcias com \u00eanfase em Niter\u00f3i, criando conte\u00fados desde a capital Rio de Janeiro, com olhar para o Leste Fluminense e suas cidades como S\u00e3o Gon\u00e7alo, Itabora\u00ed, Rio Bonito, Maric\u00e1, Saquarema e Araruama","publisher":{"@id":"https:\/\/folhadoleste.com.br\/#organization"},"alternateName":"FL","potentialAction":[{"@type":"SearchAction","target":{"@type":"EntryPoint","urlTemplate":"https:\/\/folhadoleste.com.br\/?s={search_term_string}"},"query-input":{"@type":"PropertyValueSpecification","valueRequired":true,"valueName":"search_term_string"}}],"inLanguage":"en-US"},{"@type":"Organization","@id":"https:\/\/folhadoleste.com.br\/#organization","name":"Brasil 21 Comunica\u00e7\u00e3o","alternateName":"BR21","url":"https:\/\/folhadoleste.com.br\/","logo":{"@type":"ImageObject","inLanguage":"en-US","@id":"https:\/\/folhadoleste.com.br\/#\/schema\/logo\/image\/","url":"https:\/\/folhadoleste.com.br\/wp-content\/uploads\/2025\/12\/brasil-21-logomarca.avif","contentUrl":"https:\/\/folhadoleste.com.br\/wp-content\/uploads\/2025\/12\/brasil-21-logomarca.avif","width":1044,"height":1044,"caption":"Brasil 21 Comunica\u00e7\u00e3o"},"image":{"@id":"https:\/\/folhadoleste.com.br\/#\/schema\/logo\/image\/"},"sameAs":["https:\/\/www.facebook.com\/folhadoleste","https:\/\/x.com\/FolhadoLesteRJ","https:\/\/www.instagram.com\/folhadoleste\/"]},{"@type":"Person","@id":"https:\/\/folhadoleste.com.br\/#\/schema\/person\/3e97145b2e1861276e84471aa85a3899","name":"Folha do Leste","image":{"@type":"ImageObject","inLanguage":"en-US","@id":"https:\/\/folhadoleste.com.br\/wp-content\/litespeed\/avatar\/1ca8c218432e7045e748610eb3db0259.jpg?ver=1777765944","url":"https:\/\/folhadoleste.com.br\/wp-content\/litespeed\/avatar\/1ca8c218432e7045e748610eb3db0259.jpg?ver=1777765944","contentUrl":"https:\/\/folhadoleste.com.br\/wp-content\/litespeed\/avatar\/1ca8c218432e7045e748610eb3db0259.jpg?ver=1777765944","caption":"Folha do Leste"},"url":"https:\/\/folhadoleste.com.br\/en\/author\/reportagem-01\/"}]}},"_links":{"self":[{"href":"https:\/\/folhadoleste.com.br\/en\/wp-json\/wp\/v2\/posts\/2776","targetHints":{"allow":["GET"]}}],"collection":[{"href":"https:\/\/folhadoleste.com.br\/en\/wp-json\/wp\/v2\/posts"}],"about":[{"href":"https:\/\/folhadoleste.com.br\/en\/wp-json\/wp\/v2\/types\/post"}],"author":[{"embeddable":true,"href":"https:\/\/folhadoleste.com.br\/en\/wp-json\/wp\/v2\/users\/4"}],"replies":[{"embeddable":true,"href":"https:\/\/folhadoleste.com.br\/en\/wp-json\/wp\/v2\/comments?post=2776"}],"version-history":[{"count":3,"href":"https:\/\/folhadoleste.com.br\/en\/wp-json\/wp\/v2\/posts\/2776\/revisions"}],"predecessor-version":[{"id":2847,"href":"https:\/\/folhadoleste.com.br\/en\/wp-json\/wp\/v2\/posts\/2776\/revisions\/2847"}],"wp:featuredmedia":[{"embeddable":true,"href":"https:\/\/folhadoleste.com.br\/en\/wp-json\/wp\/v2\/media\/2844"}],"wp:attachment":[{"href":"https:\/\/folhadoleste.com.br\/en\/wp-json\/wp\/v2\/media?parent=2776"}],"wp:term":[{"taxonomy":"category","embeddable":true,"href":"https:\/\/folhadoleste.com.br\/en\/wp-json\/wp\/v2\/categories?post=2776"},{"taxonomy":"post_tag","embeddable":true,"href":"https:\/\/folhadoleste.com.br\/en\/wp-json\/wp\/v2\/tags?post=2776"}],"curies":[{"name":"wp","href":"https:\/\/api.w.org\/{rel}","templated":true}]}}