{"id":27519,"date":"2023-09-26T15:08:39","date_gmt":"2023-09-26T18:08:39","guid":{"rendered":"https:\/\/folhadoleste.com.br\/?p=27519"},"modified":"2023-09-26T15:10:12","modified_gmt":"2023-09-26T18:10:12","slug":"dermatite-atopica-na-infancia-o-que-os-pais-precisam-saber","status":"publish","type":"post","link":"https:\/\/folhadoleste.com.br\/en\/dermatite-atopica-na-infancia-o-que-os-pais-precisam-saber\/","title":{"rendered":"Dermatite at\u00f3pica na inf\u00e2ncia: O que os pais precisam saber"},"content":{"rendered":"<p><img decoding=\"async\" class=\"aligncenter wp-image-27523\" src=\"https:\/\/folhadoleste.com.br\/wp-content\/uploads\/2023\/09\/crianca-alergia-2-300x212.png\" alt=\"\" width=\"381\" height=\"269\" \/><\/p>\n<h5><strong>Doen\u00e7a comum na inf\u00e2ncia, a dermatite at\u00f3pica atinge 2 em cada 5 crian\u00e7as com menos de 5 anos de idade.<\/strong><\/h5>\n<p>A dermatite at\u00f3pica \u00e9 uma condi\u00e7\u00e3o que afeta cerca de 20% das crian\u00e7as, especialmente aquelas com menos de 5 anos. Ela se caracteriza por sintomas como pele irritada, seca, vermelha e coceira. Essa condi\u00e7\u00e3o n\u00e3o \u00e9 contagiosa e pode persistir at\u00e9 a idade escolar, com per\u00edodos de melhora e piora.<\/p>\n<p>Convidamos o Prof. Dr. Persio Roxo Junior, m\u00e9dico pediatra e alergo-imunologista, para nos ajudar a tirar algumas d\u00favidas!<\/p>\n<p>Obrigada por ter aceitado o convite e agora \u00e9 com voc\u00ea!<\/p>\n<div id=\"attachment_27521\" style=\"width: 222px\" class=\"wp-caption aligncenter\"><img decoding=\"async\" aria-describedby=\"caption-attachment-27521\" class=\"wp-image-27521 size-medium\" src=\"https:\/\/folhadoleste.com.br\/wp-content\/uploads\/2023\/09\/persio-jr-212x300.jpeg\" alt=\"\" width=\"212\" height=\"300\" \/><p id=\"caption-attachment-27521\" class=\"wp-caption-text\">Dr. Persio Roxo Junior, m\u00e9dico pediatra e alergo-imunologista, professor e chefe da Divis\u00e3o de Imunologia e Alergia Pedi\u00e1trica da Faculdade de Medicina de Ribeir\u00e3o Preto da Universidade de S\u00e3o Paulo. Imagem: Arquivo Pessoal.<\/p><\/div>\n<blockquote><p>Pele irritada, seca, vermelha, hipersensibilidade e coceira s\u00e3o os primeiros sinais e sintomas da dermatite at\u00f3pica, condi\u00e7\u00e3o inflamat\u00f3ria cr\u00f4nica que afeta cerca de 20% de crian\u00e7as, destas, 60% manifestam a doen\u00e7a no primeiro ano de idade, de acordo com a Associa\u00e7\u00e3o Brasileira de Alergia e Imunologia (ASBAI).<\/p><\/blockquote>\n<p>A doen\u00e7a n\u00e3o \u00e9 contagiosa e persiste geralmente at\u00e9 a idade escolar, alternando entre per\u00edodos de melhora e piora.<\/p>\n<p>Durante essa fase as les\u00f5es avermelhadas e descamativas podem aparecer no rosto, tronco, pernas e bra\u00e7os, enquanto em crian\u00e7as mais velhas as les\u00f5es tendem a serem mais secas, escuras e localizadas nas dobras do corpo.<\/p>\n<p><img decoding=\"async\" class=\"size-medium wp-image-27524 aligncenter\" src=\"https:\/\/folhadoleste.com.br\/wp-content\/uploads\/2023\/09\/crianca-alergia-3-300x212.png\" alt=\"\" width=\"300\" height=\"212\" \/><\/p>\n<p>A dermatite at\u00f3pica \u00e9 causada por altera\u00e7\u00f5es gen\u00e9ticas que comprometem a camada de prote\u00e7\u00e3o da pele, tornando-a mais suscet\u00edvel \u00e0 penetra\u00e7\u00e3o de subst\u00e2ncias potencialmente sensibilizantes e irritantes, que desencadeiam a inflama\u00e7\u00e3o.<\/p>\n<blockquote><p>A pr\u00f3pria pele seca provoca a coceira e, quando a crian\u00e7a co\u00e7a, permite a entrada de subst\u00e2ncias irritantes e sensibilizantes, aumentando ainda mais a coceira e a inflama\u00e7\u00e3o. Esse ciclo vicioso \u00e9 cont\u00ednuo e pode se estender por um longo per\u00edodo, prejudicando significativamente a qualidade de vida, causando dist\u00farbios do sono, irritabilidade e baixa autoestima.<\/p><\/blockquote>\n<p><img decoding=\"async\" class=\"wp-image-27529 aligncenter\" src=\"https:\/\/folhadoleste.com.br\/wp-content\/uploads\/2023\/09\/dermatite-300x212.png\" alt=\"\" width=\"381\" height=\"269\" \/><\/p>\n<p>Essa inflama\u00e7\u00e3o pode se manifestar de forma ininterrupta e, em longo prazo, as crises podem ser espont\u00e2neas ou desencadeadas por fatores externos, como al\u00e9rgenos (inalantes e\/ou alimentares) e subst\u00e2ncias irritantes, incluindo roupas de l\u00e3 e fibra sint\u00e9tica.<\/p>\n<blockquote><p>Infec\u00e7\u00f5es, estresse emocional e fatores ambientais, como polui\u00e7\u00e3o, varia\u00e7\u00f5es bruscas de temperatura e banhos prolongados e com \u00e1gua quente tamb\u00e9m podem contribuir com o surgimento das crises.<\/p><\/blockquote>\n<p>As altas temperaturas causam aumento da transpira\u00e7\u00e3o e os banhos se tornam mais frequentes, intensificando o aparecimento de focos de irrita\u00e7\u00e3o. J\u00e1 no inverno, a maior frequ\u00eancia de banhos quentes e a baixa umidade contribuem para o ressecamento cut\u00e2neo. Por isso, a recomenda\u00e7\u00e3o do especialista \u00e9 optar por banhos mornos e r\u00e1pidos.<\/p>\n<p>Durante esse per\u00edodo, a pele tende a ficar mais sens\u00edvel e ressecada ent\u00e3o fa\u00e7a hidrata\u00e7\u00e3o vigorosa da pele, ingest\u00e3o frequente de l\u00edquidos e evitar o uso de buchas durante o banho.<img decoding=\"async\" class=\"wp-image-27526 aligncenter\" src=\"https:\/\/folhadoleste.com.br\/wp-content\/uploads\/2023\/09\/crianca-alergia1-300x212.png\" alt=\"\" width=\"330\" height=\"233\" \/><\/p>\n<p>Em crian\u00e7as \u00e9 prefer\u00edvel a utiliza\u00e7\u00e3o dos sabonetes l\u00edquidos, pois ajudam a prevenir a infec\u00e7\u00e3o bacteriana, o que \u00e9 bastante frequente na crian\u00e7a com dermatite at\u00f3pica.<\/p>\n<blockquote><p>Para a restaura\u00e7\u00e3o da barreira cut\u00e2nea \u00e9 recomendado o uso de hidratantes suaves, com formula\u00e7\u00f5es ricas em emolientes, que aumentam a reten\u00e7\u00e3o da \u00e1gua na pele e que, preferencialmente, n\u00e3o contenham conservantes, parabenos e fragr\u00e2ncias.<\/p><\/blockquote>\n<p>Formula\u00e7\u00f5es contendo bisabolol e alanto\u00edna auxiliam nos processos de cicatriza\u00e7\u00e3o da pele, renova\u00e7\u00e3o celular e regenera\u00e7\u00e3o tecidual. Essa hidrata\u00e7\u00e3o deve ser realizada diariamente, de 3 a 4 vezes em todo o corpo.<\/p>\n<p>A alanto\u00edna forma um filme sobre a pele, impedindo a evapora\u00e7\u00e3o de \u00e1gua e, consequentemente, a desidrata\u00e7\u00e3o. O bisabolol atua como anti-inflamat\u00f3rio, repelindo as mol\u00e9culas respons\u00e1veis pela inflama\u00e7\u00e3o, acalmando a pele e reduzindo a irrita\u00e7\u00e3o cut\u00e2nea. O uso cont\u00ednuo melhora a sensibilidade, a vermelhid\u00e3o e a ard\u00eancia.<\/p>\n<blockquote><p>Para o sucesso do tratamento, outras recomenda\u00e7\u00f5es devem ser associadas ao uso de hidratantes. Por exemplo, durante a lavagem de roupas darem prefer\u00eancia ao sab\u00e3o de coco, evitando-se o uso de amaciantes.<\/p><\/blockquote>\n<p>No entanto, existe a necessidade de investigar as poss\u00edveis causas de sensibiliza\u00e7\u00e3o do paciente. \u00c9 importante considerar a possibilidade de alergia \u00e0 prote\u00edna do leite, especialmente nos lactentes, j\u00e1 que pode ser na fase de introdu\u00e7\u00e3o deste alimento que os primeiros sintomas aparecem.<\/p>\n<p><img decoding=\"async\" class=\"wp-image-27527 aligncenter\" src=\"https:\/\/folhadoleste.com.br\/wp-content\/uploads\/2023\/09\/criancas-dando-joia-300x212.png\" alt=\"\" width=\"381\" height=\"269\" \/><\/p>\n<p>A dermatite at\u00f3pica infantil \u00e9 uma condi\u00e7\u00e3o desafiadora. Mas com o tratamento adequado e os cuidados dermatol\u00f3gicos especiais, \u00e9 poss\u00edvel controlar os sintomas e melhorar a qualidade de vida das crian\u00e7as afetadas.<\/p>\n<p>A orienta\u00e7\u00e3o dos pais e cuidadores e o acompanhamento m\u00e9dico adequado s\u00e3o fundamentais nessa fase, assim como seguir as recomenda\u00e7\u00f5es dos especialistas e manter a hidrata\u00e7\u00e3o da pele sempre em dia.<\/p>\n<p><img decoding=\"async\" class=\"size-medium wp-image-27528 aligncenter\" src=\"https:\/\/folhadoleste.com.br\/wp-content\/uploads\/2023\/09\/criancas-felizes-300x212.png\" alt=\"\" width=\"300\" height=\"212\" \/><\/p>\n<p>Obrigada pela participa\u00e7\u00e3o Persio!<\/p>\n<p>Vamos tomar esses cuidados com os pequenos e tentar amenizar essa condi\u00e7\u00e3o t\u00e3o inc\u00f4moda para eles. Por hoje \u00e9 s\u00f3 pessoal, at\u00e9 a pr\u00f3xima!<\/p>\n<p>Beijo e tchaaau!!<\/p>\n<p><em>Imagens: Canva<\/em><\/p>\n<p><em>Linkedin: https:\/\/www.linkedin.com\/in\/persio-roxo-junior-31139825\/<\/em><\/p>\n<p><em>*Sobre Dr Persio Roxo Junior: Possui gradua\u00e7\u00e3o em Medicina pela Faculdade de Medicina de Ribeir\u00e3o Preto &#8211; Universidade de S\u00e3o Paulo (1988), resid\u00eancia m\u00e9dica em Pediatria pela Faculdade de Medicina de Ribeir\u00e3o Preto &#8211; Universidade de S\u00e3o Paulo (1991), mestrado em Sa\u00fade da Crian\u00e7a e do Adolescente pela Universidade de S\u00e3o Paulo (1994) e doutorado em Sa\u00fade da Crian\u00e7a e do Adolescente pela Universidade de S\u00e3o Paulo (1999). Fellowship em Alergo-Imunologia na Louisiana State University Health Sciences Center &#8211; USA (2004) e Clinical Observer Placement em Transplante de Medula \u00d3ssea e Imunodefici\u00eancias Prim\u00e1rias na University of Newcastle upon Tyne &#8211; UK (2005). Foi m\u00e9dico assistente do Servi\u00e7o de Imunologia, Alergia e Reumatologia Pedi\u00e1trica do Hospital das Cl\u00ednicas da Faculdade de Medicina de Ribeir\u00e3o Preto da U S P e docente do Curso de Medicina da Universidade de Ribeir\u00e3o Preto at\u00e9 2007. Docente do Departamento de Puericultura e Pediatria e Chefe da Divis\u00e3o de Imunologia e Alergia Pedi\u00e1trica da Faculdade de Medicina de Ribeir\u00e3o Preto da USP desde 2008 . Membro do Depto Cient\u00edfico de Alergia e Imunologia da Sociedade de Pediatria de S\u00e3o Paulo. Autor dos livros Alergia e Imunodefici\u00eancias em Pediatria &#8211; Abordagem Pr\u00e1tica, publicado pela Editora Tecmedd no ano de 2006, Diagn\u00f3stico e Tratamento de Doen\u00e7as Al\u00e9rgicas em Pediatria, publicado pela Editora Atheneu no ano de 2011 e Atualiza\u00e7\u00e3o em Alergia e Imunologia Pedi\u00e1trica-da Evid\u00eancia \u00e0 Pr\u00e1tica, publicado pela Editora Atheneu no ano de 2016. Autor de v\u00e1rios cap\u00edtulos de livros nacionais e internacionais.<\/em><\/p>\n<p>&nbsp;<\/p>","protected":false},"excerpt":{"rendered":"<p>Doen\u00e7a comum na inf\u00e2ncia, a dermatite at\u00f3pica atinge 2 em cada 5 crian\u00e7as com menos de 5 anos de idade. A dermatite at\u00f3pica \u00e9 uma condi\u00e7\u00e3o que afeta cerca de 20% das crian\u00e7as, especialmente aquelas com menos de 5 anos. Ela se caracteriza por sintomas como pele irritada, seca, vermelha e coceira. Essa condi\u00e7\u00e3o n\u00e3o \u00e9 contagiosa e pode persistir at\u00e9 a idade escolar, com per\u00edodos de melhora e piora. Convidamos o Prof. Dr. Persio Roxo Junior, m\u00e9dico pediatra e alergo-imunologista, para nos ajudar a tirar algumas d\u00favidas! Obrigada por ter aceitado o convite e agora \u00e9 com voc\u00ea! Pele [&hellip;]<\/p>\n","protected":false},"author":11,"featured_media":27529,"comment_status":"open","ping_status":"open","sticky":false,"template":"","format":"standard","meta":{"footnotes":""},"categories":[6891,60],"tags":[12227,639,12223,12224,12225,3605,12226],"class_list":["post-27519","post","type-post","status-publish","format-standard","has-post-thumbnail","hentry","category-alessandra-ferreiro-coluna-ale-me-ajuda","category-colunistas","tag-coceiras","tag-criancas","tag-dermatite","tag-dermatite-atopica","tag-doencas-infantis","tag-infancia","tag-pediatra","post--single"],"yoast_head":"<!-- This site is optimized with the Yoast SEO plugin v27.4 - https:\/\/yoast.com\/product\/yoast-seo-wordpress\/ -->\n<title>Dermatite at\u00f3pica na inf\u00e2ncia: O que os pais precisam saber &#8226; Folha do Leste<\/title>\n<meta name=\"robots\" content=\"index, follow, max-snippet:-1, max-image-preview:large, max-video-preview:-1\" \/>\n<link rel=\"canonical\" href=\"https:\/\/folhadoleste.com.br\/en\/dermatite-atopica-na-infancia-o-que-os-pais-precisam-saber\/\" \/>\n<meta property=\"og:locale\" content=\"en_US\" \/>\n<meta property=\"og:type\" content=\"article\" \/>\n<meta property=\"og:title\" content=\"Dermatite at\u00f3pica na inf\u00e2ncia: O que os pais precisam saber &#8226; Folha do Leste\" \/>\n<meta property=\"og:description\" content=\"Doen\u00e7a comum na inf\u00e2ncia, a dermatite at\u00f3pica atinge 2 em cada 5 crian\u00e7as com menos de 5 anos de idade. A dermatite at\u00f3pica \u00e9 uma condi\u00e7\u00e3o que afeta cerca de 20% das crian\u00e7as, especialmente aquelas com menos de 5 anos. Ela se caracteriza por sintomas como pele irritada, seca, vermelha e coceira. Essa condi\u00e7\u00e3o n\u00e3o \u00e9 contagiosa e pode persistir at\u00e9 a idade escolar, com per\u00edodos de melhora e piora. Convidamos o Prof. Dr. Persio Roxo Junior, m\u00e9dico pediatra e alergo-imunologista, para nos ajudar a tirar algumas d\u00favidas! Obrigada por ter aceitado o convite e agora \u00e9 com voc\u00ea! Pele [&hellip;]\" \/>\n<meta property=\"og:url\" content=\"https:\/\/folhadoleste.com.br\/en\/dermatite-atopica-na-infancia-o-que-os-pais-precisam-saber\/\" \/>\n<meta property=\"og:site_name\" content=\"Folha do Leste\" \/>\n<meta property=\"article:publisher\" content=\"https:\/\/www.facebook.com\/folhadoleste\" \/>\n<meta property=\"article:published_time\" content=\"2023-09-26T18:08:39+00:00\" \/>\n<meta property=\"article:modified_time\" content=\"2023-09-26T18:10:12+00:00\" \/>\n<meta property=\"og:image\" content=\"https:\/\/folhadoleste.com.br\/wp-content\/uploads\/2023\/09\/dermatite-1024x724.png\" \/>\n\t<meta property=\"og:image:width\" content=\"1024\" \/>\n\t<meta property=\"og:image:height\" content=\"724\" \/>\n\t<meta property=\"og:image:type\" content=\"image\/png\" \/>\n<meta name=\"author\" content=\"Alessandra Ferreiro\" \/>\n<meta name=\"twitter:card\" content=\"summary_large_image\" \/>\n<meta name=\"twitter:creator\" content=\"@FolhadoLesteRJ\" \/>\n<meta name=\"twitter:site\" content=\"@FolhadoLesteRJ\" \/>\n<meta name=\"twitter:label1\" content=\"Written by\" \/>\n\t<meta name=\"twitter:data1\" content=\"Alessandra Ferreiro\" \/>\n\t<meta name=\"twitter:label2\" content=\"Est. reading time\" \/>\n\t<meta name=\"twitter:data2\" content=\"6 minutes\" \/>\n<script type=\"application\/ld+json\" class=\"yoast-schema-graph\">{\"@context\":\"https:\\\/\\\/schema.org\",\"@graph\":[{\"@type\":\"NewsArticle\",\"@id\":\"https:\\\/\\\/folhadoleste.com.br\\\/dermatite-atopica-na-infancia-o-que-os-pais-precisam-saber\\\/#article\",\"isPartOf\":{\"@id\":\"https:\\\/\\\/folhadoleste.com.br\\\/dermatite-atopica-na-infancia-o-que-os-pais-precisam-saber\\\/\"},\"author\":{\"name\":\"Alessandra Ferreiro\",\"@id\":\"https:\\\/\\\/folhadoleste.com.br\\\/#\\\/schema\\\/person\\\/a87c7d19951dc270c9c32542a837ba37\"},\"headline\":\"Dermatite at\u00f3pica na inf\u00e2ncia: O que os pais precisam saber\",\"datePublished\":\"2023-09-26T18:08:39+00:00\",\"dateModified\":\"2023-09-26T18:10:12+00:00\",\"mainEntityOfPage\":{\"@id\":\"https:\\\/\\\/folhadoleste.com.br\\\/dermatite-atopica-na-infancia-o-que-os-pais-precisam-saber\\\/\"},\"wordCount\":1173,\"commentCount\":0,\"publisher\":{\"@id\":\"https:\\\/\\\/folhadoleste.com.br\\\/#organization\"},\"image\":{\"@id\":\"https:\\\/\\\/folhadoleste.com.br\\\/dermatite-atopica-na-infancia-o-que-os-pais-precisam-saber\\\/#primaryimage\"},\"thumbnailUrl\":\"https:\\\/\\\/folhadoleste.com.br\\\/wp-content\\\/uploads\\\/2023\\\/09\\\/dermatite.png\",\"keywords\":[\"coceiras\",\"crian\u00e7as\",\"dermatite\",\"dermatite at\u00f3pica\",\"doen\u00e7as infantis\",\"inf\u00e2ncia\",\"pediatra\"],\"articleSection\":[\"Al\u00ea, me Ajuda!\",\"Colunistas\"],\"inLanguage\":\"en-US\",\"potentialAction\":[{\"@type\":\"CommentAction\",\"name\":\"Comment\",\"target\":[\"https:\\\/\\\/folhadoleste.com.br\\\/dermatite-atopica-na-infancia-o-que-os-pais-precisam-saber\\\/#respond\"]}]},{\"@type\":\"WebPage\",\"@id\":\"https:\\\/\\\/folhadoleste.com.br\\\/dermatite-atopica-na-infancia-o-que-os-pais-precisam-saber\\\/\",\"url\":\"https:\\\/\\\/folhadoleste.com.br\\\/dermatite-atopica-na-infancia-o-que-os-pais-precisam-saber\\\/\",\"name\":\"Dermatite at\u00f3pica na inf\u00e2ncia: O que os pais precisam saber &#8226; Folha do Leste\",\"isPartOf\":{\"@id\":\"https:\\\/\\\/folhadoleste.com.br\\\/#website\"},\"primaryImageOfPage\":{\"@id\":\"https:\\\/\\\/folhadoleste.com.br\\\/dermatite-atopica-na-infancia-o-que-os-pais-precisam-saber\\\/#primaryimage\"},\"image\":{\"@id\":\"https:\\\/\\\/folhadoleste.com.br\\\/dermatite-atopica-na-infancia-o-que-os-pais-precisam-saber\\\/#primaryimage\"},\"thumbnailUrl\":\"https:\\\/\\\/folhadoleste.com.br\\\/wp-content\\\/uploads\\\/2023\\\/09\\\/dermatite.png\",\"datePublished\":\"2023-09-26T18:08:39+00:00\",\"dateModified\":\"2023-09-26T18:10:12+00:00\",\"breadcrumb\":{\"@id\":\"https:\\\/\\\/folhadoleste.com.br\\\/dermatite-atopica-na-infancia-o-que-os-pais-precisam-saber\\\/#breadcrumb\"},\"inLanguage\":\"en-US\",\"potentialAction\":[{\"@type\":\"ReadAction\",\"target\":[\"https:\\\/\\\/folhadoleste.com.br\\\/dermatite-atopica-na-infancia-o-que-os-pais-precisam-saber\\\/\"]}]},{\"@type\":\"ImageObject\",\"inLanguage\":\"en-US\",\"@id\":\"https:\\\/\\\/folhadoleste.com.br\\\/dermatite-atopica-na-infancia-o-que-os-pais-precisam-saber\\\/#primaryimage\",\"url\":\"https:\\\/\\\/folhadoleste.com.br\\\/wp-content\\\/uploads\\\/2023\\\/09\\\/dermatite.png\",\"contentUrl\":\"https:\\\/\\\/folhadoleste.com.br\\\/wp-content\\\/uploads\\\/2023\\\/09\\\/dermatite.png\",\"width\":2245,\"height\":1587},{\"@type\":\"BreadcrumbList\",\"@id\":\"https:\\\/\\\/folhadoleste.com.br\\\/dermatite-atopica-na-infancia-o-que-os-pais-precisam-saber\\\/#breadcrumb\",\"itemListElement\":[{\"@type\":\"ListItem\",\"position\":1,\"name\":\"In\u00edcio\",\"item\":\"https:\\\/\\\/folhadoleste.com.br\\\/\"},{\"@type\":\"ListItem\",\"position\":2,\"name\":\"Colunistas\",\"item\":\"https:\\\/\\\/folhadoleste.com.br\\\/category\\\/colunistas\\\/\"},{\"@type\":\"ListItem\",\"position\":3,\"name\":\"Coluna Al\u00ea, me ajuda! Al\u00ea Ferreiro Alessandra Ferreiro\",\"item\":\"https:\\\/\\\/folhadoleste.com.br\\\/category\\\/colunistas\\\/alessandra-ferreiro-coluna-ale-me-ajuda\\\/\"},{\"@type\":\"ListItem\",\"position\":4,\"name\":\"Dermatite at\u00f3pica na inf\u00e2ncia: O que os pais precisam saber\"}]},{\"@type\":\"WebSite\",\"@id\":\"https:\\\/\\\/folhadoleste.com.br\\\/#website\",\"url\":\"https:\\\/\\\/folhadoleste.com.br\\\/\",\"name\":\"Folha do Leste\",\"description\":\"Portal de Not\u00edcias com \u00eanfase em Niter\u00f3i, criando conte\u00fados desde a capital Rio de Janeiro, com olhar para o Leste Fluminense e suas cidades como S\u00e3o Gon\u00e7alo, Itabora\u00ed, Rio Bonito, Maric\u00e1, Saquarema e Araruama\",\"publisher\":{\"@id\":\"https:\\\/\\\/folhadoleste.com.br\\\/#organization\"},\"alternateName\":\"FL\",\"potentialAction\":[{\"@type\":\"SearchAction\",\"target\":{\"@type\":\"EntryPoint\",\"urlTemplate\":\"https:\\\/\\\/folhadoleste.com.br\\\/?s={search_term_string}\"},\"query-input\":{\"@type\":\"PropertyValueSpecification\",\"valueRequired\":true,\"valueName\":\"search_term_string\"}}],\"inLanguage\":\"en-US\"},{\"@type\":\"Organization\",\"@id\":\"https:\\\/\\\/folhadoleste.com.br\\\/#organization\",\"name\":\"Brasil 21 Comunica\u00e7\u00e3o\",\"alternateName\":\"BR21\",\"url\":\"https:\\\/\\\/folhadoleste.com.br\\\/\",\"logo\":{\"@type\":\"ImageObject\",\"inLanguage\":\"en-US\",\"@id\":\"https:\\\/\\\/folhadoleste.com.br\\\/#\\\/schema\\\/logo\\\/image\\\/\",\"url\":\"https:\\\/\\\/folhadoleste.com.br\\\/wp-content\\\/uploads\\\/2025\\\/12\\\/brasil-21-logomarca.avif\",\"contentUrl\":\"https:\\\/\\\/folhadoleste.com.br\\\/wp-content\\\/uploads\\\/2025\\\/12\\\/brasil-21-logomarca.avif\",\"width\":1044,\"height\":1044,\"caption\":\"Brasil 21 Comunica\u00e7\u00e3o\"},\"image\":{\"@id\":\"https:\\\/\\\/folhadoleste.com.br\\\/#\\\/schema\\\/logo\\\/image\\\/\"},\"sameAs\":[\"https:\\\/\\\/www.facebook.com\\\/folhadoleste\",\"https:\\\/\\\/x.com\\\/FolhadoLesteRJ\",\"https:\\\/\\\/www.instagram.com\\\/folhadoleste\\\/\"]},{\"@type\":\"Person\",\"@id\":\"https:\\\/\\\/folhadoleste.com.br\\\/#\\\/schema\\\/person\\\/a87c7d19951dc270c9c32542a837ba37\",\"name\":\"Alessandra Ferreiro\",\"image\":{\"@type\":\"ImageObject\",\"inLanguage\":\"en-US\",\"@id\":\"https:\\\/\\\/folhadoleste.com.br\\\/wp-content\\\/litespeed\\\/avatar\\\/7635b64cf902bbd65f9489eac5701445.jpg?ver=1777161428\",\"url\":\"https:\\\/\\\/folhadoleste.com.br\\\/wp-content\\\/litespeed\\\/avatar\\\/7635b64cf902bbd65f9489eac5701445.jpg?ver=1777161428\",\"contentUrl\":\"https:\\\/\\\/folhadoleste.com.br\\\/wp-content\\\/litespeed\\\/avatar\\\/7635b64cf902bbd65f9489eac5701445.jpg?ver=1777161428\",\"caption\":\"Alessandra Ferreiro\"},\"url\":\"https:\\\/\\\/folhadoleste.com.br\\\/en\\\/author\\\/alessandra-ferreiro\\\/\"}]}<\/script>\n<!-- \/ Yoast SEO plugin. -->","yoast_head_json":{"title":"Dermatite at\u00f3pica na inf\u00e2ncia: O que os pais precisam saber &#8226; Folha do Leste","robots":{"index":"index","follow":"follow","max-snippet":"max-snippet:-1","max-image-preview":"max-image-preview:large","max-video-preview":"max-video-preview:-1"},"canonical":"https:\/\/folhadoleste.com.br\/en\/dermatite-atopica-na-infancia-o-que-os-pais-precisam-saber\/","og_locale":"en_US","og_type":"article","og_title":"Dermatite at\u00f3pica na inf\u00e2ncia: O que os pais precisam saber &#8226; Folha do Leste","og_description":"Doen\u00e7a comum na inf\u00e2ncia, a dermatite at\u00f3pica atinge 2 em cada 5 crian\u00e7as com menos de 5 anos de idade. A dermatite at\u00f3pica \u00e9 uma condi\u00e7\u00e3o que afeta cerca de 20% das crian\u00e7as, especialmente aquelas com menos de 5 anos. Ela se caracteriza por sintomas como pele irritada, seca, vermelha e coceira. Essa condi\u00e7\u00e3o n\u00e3o \u00e9 contagiosa e pode persistir at\u00e9 a idade escolar, com per\u00edodos de melhora e piora. Convidamos o Prof. Dr. Persio Roxo Junior, m\u00e9dico pediatra e alergo-imunologista, para nos ajudar a tirar algumas d\u00favidas! Obrigada por ter aceitado o convite e agora \u00e9 com voc\u00ea! Pele [&hellip;]","og_url":"https:\/\/folhadoleste.com.br\/en\/dermatite-atopica-na-infancia-o-que-os-pais-precisam-saber\/","og_site_name":"Folha do Leste","article_publisher":"https:\/\/www.facebook.com\/folhadoleste","article_published_time":"2023-09-26T18:08:39+00:00","article_modified_time":"2023-09-26T18:10:12+00:00","og_image":[{"width":1024,"height":724,"url":"https:\/\/folhadoleste.com.br\/wp-content\/uploads\/2023\/09\/dermatite-1024x724.png","type":"image\/png"}],"author":"Alessandra Ferreiro","twitter_card":"summary_large_image","twitter_creator":"@FolhadoLesteRJ","twitter_site":"@FolhadoLesteRJ","twitter_misc":{"Written by":"Alessandra Ferreiro","Est. reading time":"6 minutes"},"schema":{"@context":"https:\/\/schema.org","@graph":[{"@type":"NewsArticle","@id":"https:\/\/folhadoleste.com.br\/dermatite-atopica-na-infancia-o-que-os-pais-precisam-saber\/#article","isPartOf":{"@id":"https:\/\/folhadoleste.com.br\/dermatite-atopica-na-infancia-o-que-os-pais-precisam-saber\/"},"author":{"name":"Alessandra Ferreiro","@id":"https:\/\/folhadoleste.com.br\/#\/schema\/person\/a87c7d19951dc270c9c32542a837ba37"},"headline":"Dermatite at\u00f3pica na inf\u00e2ncia: O que os pais precisam saber","datePublished":"2023-09-26T18:08:39+00:00","dateModified":"2023-09-26T18:10:12+00:00","mainEntityOfPage":{"@id":"https:\/\/folhadoleste.com.br\/dermatite-atopica-na-infancia-o-que-os-pais-precisam-saber\/"},"wordCount":1173,"commentCount":0,"publisher":{"@id":"https:\/\/folhadoleste.com.br\/#organization"},"image":{"@id":"https:\/\/folhadoleste.com.br\/dermatite-atopica-na-infancia-o-que-os-pais-precisam-saber\/#primaryimage"},"thumbnailUrl":"https:\/\/folhadoleste.com.br\/wp-content\/uploads\/2023\/09\/dermatite.png","keywords":["coceiras","crian\u00e7as","dermatite","dermatite at\u00f3pica","doen\u00e7as infantis","inf\u00e2ncia","pediatra"],"articleSection":["Al\u00ea, me Ajuda!","Colunistas"],"inLanguage":"en-US","potentialAction":[{"@type":"CommentAction","name":"Comment","target":["https:\/\/folhadoleste.com.br\/dermatite-atopica-na-infancia-o-que-os-pais-precisam-saber\/#respond"]}]},{"@type":"WebPage","@id":"https:\/\/folhadoleste.com.br\/dermatite-atopica-na-infancia-o-que-os-pais-precisam-saber\/","url":"https:\/\/folhadoleste.com.br\/dermatite-atopica-na-infancia-o-que-os-pais-precisam-saber\/","name":"Dermatite at\u00f3pica na inf\u00e2ncia: O que os pais precisam saber &#8226; Folha do Leste","isPartOf":{"@id":"https:\/\/folhadoleste.com.br\/#website"},"primaryImageOfPage":{"@id":"https:\/\/folhadoleste.com.br\/dermatite-atopica-na-infancia-o-que-os-pais-precisam-saber\/#primaryimage"},"image":{"@id":"https:\/\/folhadoleste.com.br\/dermatite-atopica-na-infancia-o-que-os-pais-precisam-saber\/#primaryimage"},"thumbnailUrl":"https:\/\/folhadoleste.com.br\/wp-content\/uploads\/2023\/09\/dermatite.png","datePublished":"2023-09-26T18:08:39+00:00","dateModified":"2023-09-26T18:10:12+00:00","breadcrumb":{"@id":"https:\/\/folhadoleste.com.br\/dermatite-atopica-na-infancia-o-que-os-pais-precisam-saber\/#breadcrumb"},"inLanguage":"en-US","potentialAction":[{"@type":"ReadAction","target":["https:\/\/folhadoleste.com.br\/dermatite-atopica-na-infancia-o-que-os-pais-precisam-saber\/"]}]},{"@type":"ImageObject","inLanguage":"en-US","@id":"https:\/\/folhadoleste.com.br\/dermatite-atopica-na-infancia-o-que-os-pais-precisam-saber\/#primaryimage","url":"https:\/\/folhadoleste.com.br\/wp-content\/uploads\/2023\/09\/dermatite.png","contentUrl":"https:\/\/folhadoleste.com.br\/wp-content\/uploads\/2023\/09\/dermatite.png","width":2245,"height":1587},{"@type":"BreadcrumbList","@id":"https:\/\/folhadoleste.com.br\/dermatite-atopica-na-infancia-o-que-os-pais-precisam-saber\/#breadcrumb","itemListElement":[{"@type":"ListItem","position":1,"name":"In\u00edcio","item":"https:\/\/folhadoleste.com.br\/"},{"@type":"ListItem","position":2,"name":"Colunistas","item":"https:\/\/folhadoleste.com.br\/category\/colunistas\/"},{"@type":"ListItem","position":3,"name":"Coluna Al\u00ea, me ajuda! Al\u00ea Ferreiro Alessandra Ferreiro","item":"https:\/\/folhadoleste.com.br\/category\/colunistas\/alessandra-ferreiro-coluna-ale-me-ajuda\/"},{"@type":"ListItem","position":4,"name":"Dermatite at\u00f3pica na inf\u00e2ncia: O que os pais precisam saber"}]},{"@type":"WebSite","@id":"https:\/\/folhadoleste.com.br\/#website","url":"https:\/\/folhadoleste.com.br\/","name":"Folha do Leste","description":"Portal de Not\u00edcias com \u00eanfase em Niter\u00f3i, criando conte\u00fados desde a capital Rio de Janeiro, com olhar para o Leste Fluminense e suas cidades como S\u00e3o Gon\u00e7alo, Itabora\u00ed, Rio Bonito, Maric\u00e1, Saquarema e Araruama","publisher":{"@id":"https:\/\/folhadoleste.com.br\/#organization"},"alternateName":"FL","potentialAction":[{"@type":"SearchAction","target":{"@type":"EntryPoint","urlTemplate":"https:\/\/folhadoleste.com.br\/?s={search_term_string}"},"query-input":{"@type":"PropertyValueSpecification","valueRequired":true,"valueName":"search_term_string"}}],"inLanguage":"en-US"},{"@type":"Organization","@id":"https:\/\/folhadoleste.com.br\/#organization","name":"Brasil 21 Comunica\u00e7\u00e3o","alternateName":"BR21","url":"https:\/\/folhadoleste.com.br\/","logo":{"@type":"ImageObject","inLanguage":"en-US","@id":"https:\/\/folhadoleste.com.br\/#\/schema\/logo\/image\/","url":"https:\/\/folhadoleste.com.br\/wp-content\/uploads\/2025\/12\/brasil-21-logomarca.avif","contentUrl":"https:\/\/folhadoleste.com.br\/wp-content\/uploads\/2025\/12\/brasil-21-logomarca.avif","width":1044,"height":1044,"caption":"Brasil 21 Comunica\u00e7\u00e3o"},"image":{"@id":"https:\/\/folhadoleste.com.br\/#\/schema\/logo\/image\/"},"sameAs":["https:\/\/www.facebook.com\/folhadoleste","https:\/\/x.com\/FolhadoLesteRJ","https:\/\/www.instagram.com\/folhadoleste\/"]},{"@type":"Person","@id":"https:\/\/folhadoleste.com.br\/#\/schema\/person\/a87c7d19951dc270c9c32542a837ba37","name":"Alessandra Ferreiro","image":{"@type":"ImageObject","inLanguage":"en-US","@id":"https:\/\/folhadoleste.com.br\/wp-content\/litespeed\/avatar\/7635b64cf902bbd65f9489eac5701445.jpg?ver=1777161428","url":"https:\/\/folhadoleste.com.br\/wp-content\/litespeed\/avatar\/7635b64cf902bbd65f9489eac5701445.jpg?ver=1777161428","contentUrl":"https:\/\/folhadoleste.com.br\/wp-content\/litespeed\/avatar\/7635b64cf902bbd65f9489eac5701445.jpg?ver=1777161428","caption":"Alessandra Ferreiro"},"url":"https:\/\/folhadoleste.com.br\/en\/author\/alessandra-ferreiro\/"}]}},"_links":{"self":[{"href":"https:\/\/folhadoleste.com.br\/en\/wp-json\/wp\/v2\/posts\/27519","targetHints":{"allow":["GET"]}}],"collection":[{"href":"https:\/\/folhadoleste.com.br\/en\/wp-json\/wp\/v2\/posts"}],"about":[{"href":"https:\/\/folhadoleste.com.br\/en\/wp-json\/wp\/v2\/types\/post"}],"author":[{"embeddable":true,"href":"https:\/\/folhadoleste.com.br\/en\/wp-json\/wp\/v2\/users\/11"}],"replies":[{"embeddable":true,"href":"https:\/\/folhadoleste.com.br\/en\/wp-json\/wp\/v2\/comments?post=27519"}],"version-history":[{"count":2,"href":"https:\/\/folhadoleste.com.br\/en\/wp-json\/wp\/v2\/posts\/27519\/revisions"}],"predecessor-version":[{"id":27535,"href":"https:\/\/folhadoleste.com.br\/en\/wp-json\/wp\/v2\/posts\/27519\/revisions\/27535"}],"wp:featuredmedia":[{"embeddable":true,"href":"https:\/\/folhadoleste.com.br\/en\/wp-json\/wp\/v2\/media\/27529"}],"wp:attachment":[{"href":"https:\/\/folhadoleste.com.br\/en\/wp-json\/wp\/v2\/media?parent=27519"}],"wp:term":[{"taxonomy":"category","embeddable":true,"href":"https:\/\/folhadoleste.com.br\/en\/wp-json\/wp\/v2\/categories?post=27519"},{"taxonomy":"post_tag","embeddable":true,"href":"https:\/\/folhadoleste.com.br\/en\/wp-json\/wp\/v2\/tags?post=27519"}],"curies":[{"name":"wp","href":"https:\/\/api.w.org\/{rel}","templated":true}]}}