{"id":27517,"date":"2023-09-26T14:55:14","date_gmt":"2023-09-26T17:55:14","guid":{"rendered":"https:\/\/folhadoleste.com.br\/?p=27517"},"modified":"2023-09-26T14:55:14","modified_gmt":"2023-09-26T17:55:14","slug":"claudio-castro-troca-secretario-da-policia-civil","status":"publish","type":"post","link":"https:\/\/folhadoleste.com.br\/en\/claudio-castro-troca-secretario-da-policia-civil\/","title":{"rendered":"Cl\u00e1udio Castro troca secret\u00e1rio da Pol\u00edcia Civil"},"content":{"rendered":"<div id=\"attachment_27530\" style=\"width: 650px\" class=\"wp-caption aligncenter\"><img decoding=\"async\" aria-describedby=\"caption-attachment-27530\" class=\"size-full wp-image-27530\" src=\"https:\/\/folhadoleste.com.br\/wp-content\/uploads\/2023\/09\/Claudio-Castro-troca-secretario-da-Policia-Civil-Foto-Divulgacao.jpg\" alt=\"Cl\u00e1udio Castro troca secret\u00e1rio da Pol\u00edcia Civil\" width=\"640\" height=\"480\" \/><p id=\"caption-attachment-27530\" class=\"wp-caption-text\">Foto: Divulga\u00e7\u00e3o<\/p><\/div>\n<p>O Governador Cl\u00e1udio Castro nomeou nesta ter\u00e7a-feira o delegado Jos\u00e9 Renato Torres do Nascimento como novo Secret\u00e1rio de Estado de Pol\u00edcia Civil. Jos\u00e9 Renato assumir\u00e1 o cargo ocupado anteriormente pelo delegado Fernando Albuquerque. A nomea\u00e7\u00e3o foi publicada no Di\u00e1rio Oficial de hoje.<\/p>\n<p>Jos\u00e9 Renato possui vasta experi\u00eancia na administra\u00e7\u00e3o p\u00fablica. \u00c9 delegado de pol\u00edcia desde 1997 e j\u00e1 serviu na Pol\u00edcia Militar.<\/p>\n<h4><a href=\"https:\/\/folhadoleste.com.br\/en\/category\/estado-do-rio-de-janeiro\/\"><strong>\u201cLeia mais not\u00edcias sobre o Estado do Rio aqui\u201d<\/strong><\/a><\/h4>\n<p>Sua forma\u00e7\u00e3o contribuir\u00e1 significativamente para o trabalho na \u00e1rea de seguran\u00e7a p\u00fablica, que demanda grande dedica\u00e7\u00e3o.<\/p>\n<p>O governador agradeceu ao delegado Fernando Albuquerque por sua dedica\u00e7\u00e3o e desejo boa sorte em sua jornada.<\/p>\n<h4>Perfil de Jos\u00e9 Renato Torres do Nascimento:<\/h4>\n<p>&#8211; Mais de 35 anos de servi\u00e7o p\u00fablico<br \/>\n&#8211; Secret\u00e1rio da Secretaria de Seguran\u00e7a Institucional do Tribunal de Contas do Munic\u00edpio (TCM) desde 2007<br \/>\n&#8211; Experi\u00eancia em Direito P\u00fablico, com foco em Direito Processual Penal<br \/>\n&#8211; Professor da Escola do Estado do Rio de Janeiro (Alerj) e professor convidado do doutorado do Programa de P\u00f3s-Gradua\u00e7\u00e3o Stricto Sensu em Direitos, Institui\u00e7\u00f5es e Neg\u00f3cios PPGDIN\/UFF<br \/>\n&#8211; Doutorado em Direitos, Institui\u00e7\u00f5es e Neg\u00f3cios pela UFF<br \/>\n&#8211; Mestrado em Administra\u00e7\u00e3o P\u00fablica pela FGV<br \/>\n&#8211; P\u00f3s-doutorado em Ci\u00eancias Sociais Aplicadas na UFF<br \/>\n&#8211; Serviu na Pol\u00edcia Militar do Estado do Rio de Janeiro de 1983 a 1985 antes de se juntar \u00e0 Pol\u00edcia Civil como detetive de pol\u00edcia.<\/p>\n<p>&nbsp;<\/p>\n<p><a href=\"https:\/\/www.instagram.com\/folhadoleste\/\"><img decoding=\"async\" class=\"aligncenter wp-image-15962\" src=\"https:\/\/folhadoleste.com.br\/wp-content\/uploads\/2023\/07\/instagram.jpg\" alt=\"Itaipu-Itaipua\u00e7u: Caminh\u00e3o causa grave acidente na RJ-102, a estrada da Serrinha\" width=\"49\" height=\"49\" \/><\/a><a href=\"https:\/\/www.facebook.com\/folhadoleste\"><img decoding=\"async\" class=\"aligncenter wp-image-7424\" src=\"https:\/\/folhadoleste.com.br\/wp-content\/uploads\/2023\/05\/facebook-logo-3-1.png.webp\" alt=\"Itaipu-Itaipua\u00e7u: Caminh\u00e3o causa grave acidente na RJ-102, a estrada da Serrinha\" width=\"49\" height=\"49\" \/><\/a><\/p>","protected":false},"excerpt":{"rendered":"<p>O Governador Cl\u00e1udio Castro nomeou nesta ter\u00e7a-feira o delegado Jos\u00e9 Renato Torres do Nascimento como novo Secret\u00e1rio de Estado de Pol\u00edcia Civil. Jos\u00e9 Renato assumir\u00e1 o cargo ocupado anteriormente pelo delegado Fernando Albuquerque. A nomea\u00e7\u00e3o foi publicada no Di\u00e1rio Oficial de hoje. Jos\u00e9 Renato possui vasta experi\u00eancia na administra\u00e7\u00e3o p\u00fablica. \u00c9 delegado de pol\u00edcia desde 1997 e j\u00e1 serviu na Pol\u00edcia Militar. \u201cLeia mais not\u00edcias sobre o Estado do Rio aqui\u201d Sua forma\u00e7\u00e3o contribuir\u00e1 significativamente para o trabalho na \u00e1rea de seguran\u00e7a p\u00fablica, que demanda grande dedica\u00e7\u00e3o. O governador agradeceu ao delegado Fernando Albuquerque por sua dedica\u00e7\u00e3o e desejo boa [&hellip;]<\/p>\n","protected":false},"author":4,"featured_media":27530,"comment_status":"open","ping_status":"open","sticky":false,"template":"","format":"standard","meta":{"footnotes":""},"categories":[46],"tags":[334,4921,600,2205,12220,12221,12222],"class_list":["post-27517","post","type-post","status-publish","format-standard","has-post-thumbnail","hentry","category-estado-do-rio-de-janeiro","tag-claudio-castro","tag-delegado","tag-estado-do-rio","tag-governador","tag-jose-renato-torres-do-nascimento","tag-novo-secretario-de-estado-de-policia-civil","tag-secretario-de-estado-de-policia-civil","post--single"],"yoast_head":"<!-- This site is optimized with the Yoast SEO plugin v27.4 - https:\/\/yoast.com\/product\/yoast-seo-wordpress\/ -->\n<title>Cl\u00e1udio Castro troca secret\u00e1rio da Pol\u00edcia Civil &#8226; Folha do Leste<\/title>\n<meta name=\"description\" content=\"Cl\u00e1udio Castro troca secret\u00e1rio da Pol\u00edcia Civil...\" \/>\n<meta name=\"robots\" content=\"index, follow, max-snippet:-1, max-image-preview:large, max-video-preview:-1\" \/>\n<link rel=\"canonical\" href=\"https:\/\/folhadoleste.com.br\/en\/claudio-castro-troca-secretario-da-policia-civil\/\" \/>\n<meta property=\"og:locale\" content=\"en_US\" \/>\n<meta property=\"og:type\" content=\"article\" \/>\n<meta property=\"og:title\" content=\"Cl\u00e1udio Castro troca secret\u00e1rio da Pol\u00edcia Civil &#8226; Folha do Leste\" \/>\n<meta property=\"og:description\" content=\"Cl\u00e1udio Castro troca secret\u00e1rio da Pol\u00edcia Civil...\" \/>\n<meta property=\"og:url\" content=\"https:\/\/folhadoleste.com.br\/en\/claudio-castro-troca-secretario-da-policia-civil\/\" \/>\n<meta property=\"og:site_name\" content=\"Folha do Leste\" \/>\n<meta property=\"article:publisher\" content=\"https:\/\/www.facebook.com\/folhadoleste\" \/>\n<meta property=\"article:published_time\" content=\"2023-09-26T17:55:14+00:00\" \/>\n<meta property=\"og:image\" content=\"https:\/\/folhadoleste.com.br\/wp-content\/uploads\/2023\/09\/Claudio-Castro-troca-secretario-da-Policia-Civil-Foto-Divulgacao.jpg\" \/>\n\t<meta property=\"og:image:width\" content=\"640\" \/>\n\t<meta property=\"og:image:height\" content=\"480\" \/>\n\t<meta property=\"og:image:type\" content=\"image\/jpeg\" \/>\n<meta name=\"author\" content=\"Folha do Leste\" \/>\n<meta name=\"twitter:card\" content=\"summary_large_image\" \/>\n<meta name=\"twitter:creator\" content=\"@FolhadoLesteRJ\" \/>\n<meta name=\"twitter:site\" content=\"@FolhadoLesteRJ\" \/>\n<meta name=\"twitter:label1\" content=\"Written by\" \/>\n\t<meta name=\"twitter:data1\" content=\"Folha do Leste\" \/>\n\t<meta name=\"twitter:label2\" content=\"Est. reading time\" \/>\n\t<meta name=\"twitter:data2\" content=\"2 minutes\" \/>\n<script type=\"application\/ld+json\" class=\"yoast-schema-graph\">{\"@context\":\"https:\\\/\\\/schema.org\",\"@graph\":[{\"@type\":\"NewsArticle\",\"@id\":\"https:\\\/\\\/folhadoleste.com.br\\\/claudio-castro-troca-secretario-da-policia-civil\\\/#article\",\"isPartOf\":{\"@id\":\"https:\\\/\\\/folhadoleste.com.br\\\/claudio-castro-troca-secretario-da-policia-civil\\\/\"},\"author\":{\"name\":\"Folha do Leste\",\"@id\":\"https:\\\/\\\/folhadoleste.com.br\\\/#\\\/schema\\\/person\\\/3e97145b2e1861276e84471aa85a3899\"},\"headline\":\"Cl\u00e1udio Castro troca secret\u00e1rio da Pol\u00edcia Civil\",\"datePublished\":\"2023-09-26T17:55:14+00:00\",\"mainEntityOfPage\":{\"@id\":\"https:\\\/\\\/folhadoleste.com.br\\\/claudio-castro-troca-secretario-da-policia-civil\\\/\"},\"wordCount\":276,\"commentCount\":0,\"publisher\":{\"@id\":\"https:\\\/\\\/folhadoleste.com.br\\\/#organization\"},\"image\":{\"@id\":\"https:\\\/\\\/folhadoleste.com.br\\\/claudio-castro-troca-secretario-da-policia-civil\\\/#primaryimage\"},\"thumbnailUrl\":\"https:\\\/\\\/folhadoleste.com.br\\\/wp-content\\\/uploads\\\/2023\\\/09\\\/Claudio-Castro-troca-secretario-da-Policia-Civil-Foto-Divulgacao.jpg\",\"keywords\":[\"Claudio Castro\",\"Delegado\",\"estado do rio\",\"Governador\",\"Jos\u00e9 Renato Torres do Nascimento\",\"novo Secret\u00e1rio de Estado de Pol\u00edcia Civil\",\"Secret\u00e1rio de Estado de Pol\u00edcia Civil\"],\"articleSection\":[\"Estado do Rio de Janeiro\"],\"inLanguage\":\"en-US\",\"potentialAction\":[{\"@type\":\"CommentAction\",\"name\":\"Comment\",\"target\":[\"https:\\\/\\\/folhadoleste.com.br\\\/claudio-castro-troca-secretario-da-policia-civil\\\/#respond\"]}]},{\"@type\":\"WebPage\",\"@id\":\"https:\\\/\\\/folhadoleste.com.br\\\/claudio-castro-troca-secretario-da-policia-civil\\\/\",\"url\":\"https:\\\/\\\/folhadoleste.com.br\\\/claudio-castro-troca-secretario-da-policia-civil\\\/\",\"name\":\"Cl\u00e1udio Castro troca secret\u00e1rio da Pol\u00edcia Civil &#8226; Folha do Leste\",\"isPartOf\":{\"@id\":\"https:\\\/\\\/folhadoleste.com.br\\\/#website\"},\"primaryImageOfPage\":{\"@id\":\"https:\\\/\\\/folhadoleste.com.br\\\/claudio-castro-troca-secretario-da-policia-civil\\\/#primaryimage\"},\"image\":{\"@id\":\"https:\\\/\\\/folhadoleste.com.br\\\/claudio-castro-troca-secretario-da-policia-civil\\\/#primaryimage\"},\"thumbnailUrl\":\"https:\\\/\\\/folhadoleste.com.br\\\/wp-content\\\/uploads\\\/2023\\\/09\\\/Claudio-Castro-troca-secretario-da-Policia-Civil-Foto-Divulgacao.jpg\",\"datePublished\":\"2023-09-26T17:55:14+00:00\",\"description\":\"Cl\u00e1udio Castro troca secret\u00e1rio da Pol\u00edcia Civil...\",\"breadcrumb\":{\"@id\":\"https:\\\/\\\/folhadoleste.com.br\\\/claudio-castro-troca-secretario-da-policia-civil\\\/#breadcrumb\"},\"inLanguage\":\"en-US\",\"potentialAction\":[{\"@type\":\"ReadAction\",\"target\":[\"https:\\\/\\\/folhadoleste.com.br\\\/claudio-castro-troca-secretario-da-policia-civil\\\/\"]}]},{\"@type\":\"ImageObject\",\"inLanguage\":\"en-US\",\"@id\":\"https:\\\/\\\/folhadoleste.com.br\\\/claudio-castro-troca-secretario-da-policia-civil\\\/#primaryimage\",\"url\":\"https:\\\/\\\/folhadoleste.com.br\\\/wp-content\\\/uploads\\\/2023\\\/09\\\/Claudio-Castro-troca-secretario-da-Policia-Civil-Foto-Divulgacao.jpg\",\"contentUrl\":\"https:\\\/\\\/folhadoleste.com.br\\\/wp-content\\\/uploads\\\/2023\\\/09\\\/Claudio-Castro-troca-secretario-da-Policia-Civil-Foto-Divulgacao.jpg\",\"width\":640,\"height\":480,\"caption\":\"Foto: Divulga\u00e7\u00e3o\"},{\"@type\":\"BreadcrumbList\",\"@id\":\"https:\\\/\\\/folhadoleste.com.br\\\/claudio-castro-troca-secretario-da-policia-civil\\\/#breadcrumb\",\"itemListElement\":[{\"@type\":\"ListItem\",\"position\":1,\"name\":\"In\u00edcio\",\"item\":\"https:\\\/\\\/folhadoleste.com.br\\\/\"},{\"@type\":\"ListItem\",\"position\":2,\"name\":\"Estado do Rio de Janeiro\",\"item\":\"https:\\\/\\\/folhadoleste.com.br\\\/category\\\/estado-do-rio-de-janeiro\\\/\"},{\"@type\":\"ListItem\",\"position\":3,\"name\":\"Cl\u00e1udio Castro troca secret\u00e1rio da Pol\u00edcia Civil\"}]},{\"@type\":\"WebSite\",\"@id\":\"https:\\\/\\\/folhadoleste.com.br\\\/#website\",\"url\":\"https:\\\/\\\/folhadoleste.com.br\\\/\",\"name\":\"Folha do Leste\",\"description\":\"Portal de Not\u00edcias com \u00eanfase em Niter\u00f3i, criando conte\u00fados desde a capital Rio de Janeiro, com olhar para o Leste Fluminense e suas cidades como S\u00e3o Gon\u00e7alo, Itabora\u00ed, Rio Bonito, Maric\u00e1, Saquarema e Araruama\",\"publisher\":{\"@id\":\"https:\\\/\\\/folhadoleste.com.br\\\/#organization\"},\"alternateName\":\"FL\",\"potentialAction\":[{\"@type\":\"SearchAction\",\"target\":{\"@type\":\"EntryPoint\",\"urlTemplate\":\"https:\\\/\\\/folhadoleste.com.br\\\/?s={search_term_string}\"},\"query-input\":{\"@type\":\"PropertyValueSpecification\",\"valueRequired\":true,\"valueName\":\"search_term_string\"}}],\"inLanguage\":\"en-US\"},{\"@type\":\"Organization\",\"@id\":\"https:\\\/\\\/folhadoleste.com.br\\\/#organization\",\"name\":\"Brasil 21 Comunica\u00e7\u00e3o\",\"alternateName\":\"BR21\",\"url\":\"https:\\\/\\\/folhadoleste.com.br\\\/\",\"logo\":{\"@type\":\"ImageObject\",\"inLanguage\":\"en-US\",\"@id\":\"https:\\\/\\\/folhadoleste.com.br\\\/#\\\/schema\\\/logo\\\/image\\\/\",\"url\":\"https:\\\/\\\/folhadoleste.com.br\\\/wp-content\\\/uploads\\\/2025\\\/12\\\/brasil-21-logomarca.avif\",\"contentUrl\":\"https:\\\/\\\/folhadoleste.com.br\\\/wp-content\\\/uploads\\\/2025\\\/12\\\/brasil-21-logomarca.avif\",\"width\":1044,\"height\":1044,\"caption\":\"Brasil 21 Comunica\u00e7\u00e3o\"},\"image\":{\"@id\":\"https:\\\/\\\/folhadoleste.com.br\\\/#\\\/schema\\\/logo\\\/image\\\/\"},\"sameAs\":[\"https:\\\/\\\/www.facebook.com\\\/folhadoleste\",\"https:\\\/\\\/x.com\\\/FolhadoLesteRJ\",\"https:\\\/\\\/www.instagram.com\\\/folhadoleste\\\/\"]},{\"@type\":\"Person\",\"@id\":\"https:\\\/\\\/folhadoleste.com.br\\\/#\\\/schema\\\/person\\\/3e97145b2e1861276e84471aa85a3899\",\"name\":\"Folha do Leste\",\"image\":{\"@type\":\"ImageObject\",\"inLanguage\":\"en-US\",\"@id\":\"https:\\\/\\\/folhadoleste.com.br\\\/wp-content\\\/litespeed\\\/avatar\\\/1ca8c218432e7045e748610eb3db0259.jpg?ver=1777161142\",\"url\":\"https:\\\/\\\/folhadoleste.com.br\\\/wp-content\\\/litespeed\\\/avatar\\\/1ca8c218432e7045e748610eb3db0259.jpg?ver=1777161142\",\"contentUrl\":\"https:\\\/\\\/folhadoleste.com.br\\\/wp-content\\\/litespeed\\\/avatar\\\/1ca8c218432e7045e748610eb3db0259.jpg?ver=1777161142\",\"caption\":\"Folha do Leste\"},\"url\":\"https:\\\/\\\/folhadoleste.com.br\\\/en\\\/author\\\/reportagem-01\\\/\"}]}<\/script>\n<!-- \/ Yoast SEO plugin. -->","yoast_head_json":{"title":"Cl\u00e1udio Castro troca secret\u00e1rio da Pol\u00edcia Civil &#8226; Folha do Leste","description":"Cl\u00e1udio Castro troca secret\u00e1rio da Pol\u00edcia Civil...","robots":{"index":"index","follow":"follow","max-snippet":"max-snippet:-1","max-image-preview":"max-image-preview:large","max-video-preview":"max-video-preview:-1"},"canonical":"https:\/\/folhadoleste.com.br\/en\/claudio-castro-troca-secretario-da-policia-civil\/","og_locale":"en_US","og_type":"article","og_title":"Cl\u00e1udio Castro troca secret\u00e1rio da Pol\u00edcia Civil &#8226; Folha do Leste","og_description":"Cl\u00e1udio Castro troca secret\u00e1rio da Pol\u00edcia Civil...","og_url":"https:\/\/folhadoleste.com.br\/en\/claudio-castro-troca-secretario-da-policia-civil\/","og_site_name":"Folha do Leste","article_publisher":"https:\/\/www.facebook.com\/folhadoleste","article_published_time":"2023-09-26T17:55:14+00:00","og_image":[{"width":640,"height":480,"url":"https:\/\/folhadoleste.com.br\/wp-content\/uploads\/2023\/09\/Claudio-Castro-troca-secretario-da-Policia-Civil-Foto-Divulgacao.jpg","type":"image\/jpeg"}],"author":"Folha do Leste","twitter_card":"summary_large_image","twitter_creator":"@FolhadoLesteRJ","twitter_site":"@FolhadoLesteRJ","twitter_misc":{"Written by":"Folha do Leste","Est. reading time":"2 minutes"},"schema":{"@context":"https:\/\/schema.org","@graph":[{"@type":"NewsArticle","@id":"https:\/\/folhadoleste.com.br\/claudio-castro-troca-secretario-da-policia-civil\/#article","isPartOf":{"@id":"https:\/\/folhadoleste.com.br\/claudio-castro-troca-secretario-da-policia-civil\/"},"author":{"name":"Folha do Leste","@id":"https:\/\/folhadoleste.com.br\/#\/schema\/person\/3e97145b2e1861276e84471aa85a3899"},"headline":"Cl\u00e1udio Castro troca secret\u00e1rio da Pol\u00edcia Civil","datePublished":"2023-09-26T17:55:14+00:00","mainEntityOfPage":{"@id":"https:\/\/folhadoleste.com.br\/claudio-castro-troca-secretario-da-policia-civil\/"},"wordCount":276,"commentCount":0,"publisher":{"@id":"https:\/\/folhadoleste.com.br\/#organization"},"image":{"@id":"https:\/\/folhadoleste.com.br\/claudio-castro-troca-secretario-da-policia-civil\/#primaryimage"},"thumbnailUrl":"https:\/\/folhadoleste.com.br\/wp-content\/uploads\/2023\/09\/Claudio-Castro-troca-secretario-da-Policia-Civil-Foto-Divulgacao.jpg","keywords":["Claudio Castro","Delegado","estado do rio","Governador","Jos\u00e9 Renato Torres do Nascimento","novo Secret\u00e1rio de Estado de Pol\u00edcia Civil","Secret\u00e1rio de Estado de Pol\u00edcia Civil"],"articleSection":["Estado do Rio de Janeiro"],"inLanguage":"en-US","potentialAction":[{"@type":"CommentAction","name":"Comment","target":["https:\/\/folhadoleste.com.br\/claudio-castro-troca-secretario-da-policia-civil\/#respond"]}]},{"@type":"WebPage","@id":"https:\/\/folhadoleste.com.br\/claudio-castro-troca-secretario-da-policia-civil\/","url":"https:\/\/folhadoleste.com.br\/claudio-castro-troca-secretario-da-policia-civil\/","name":"Cl\u00e1udio Castro troca secret\u00e1rio da Pol\u00edcia Civil &#8226; Folha do Leste","isPartOf":{"@id":"https:\/\/folhadoleste.com.br\/#website"},"primaryImageOfPage":{"@id":"https:\/\/folhadoleste.com.br\/claudio-castro-troca-secretario-da-policia-civil\/#primaryimage"},"image":{"@id":"https:\/\/folhadoleste.com.br\/claudio-castro-troca-secretario-da-policia-civil\/#primaryimage"},"thumbnailUrl":"https:\/\/folhadoleste.com.br\/wp-content\/uploads\/2023\/09\/Claudio-Castro-troca-secretario-da-Policia-Civil-Foto-Divulgacao.jpg","datePublished":"2023-09-26T17:55:14+00:00","description":"Cl\u00e1udio Castro troca secret\u00e1rio da Pol\u00edcia Civil...","breadcrumb":{"@id":"https:\/\/folhadoleste.com.br\/claudio-castro-troca-secretario-da-policia-civil\/#breadcrumb"},"inLanguage":"en-US","potentialAction":[{"@type":"ReadAction","target":["https:\/\/folhadoleste.com.br\/claudio-castro-troca-secretario-da-policia-civil\/"]}]},{"@type":"ImageObject","inLanguage":"en-US","@id":"https:\/\/folhadoleste.com.br\/claudio-castro-troca-secretario-da-policia-civil\/#primaryimage","url":"https:\/\/folhadoleste.com.br\/wp-content\/uploads\/2023\/09\/Claudio-Castro-troca-secretario-da-Policia-Civil-Foto-Divulgacao.jpg","contentUrl":"https:\/\/folhadoleste.com.br\/wp-content\/uploads\/2023\/09\/Claudio-Castro-troca-secretario-da-Policia-Civil-Foto-Divulgacao.jpg","width":640,"height":480,"caption":"Foto: Divulga\u00e7\u00e3o"},{"@type":"BreadcrumbList","@id":"https:\/\/folhadoleste.com.br\/claudio-castro-troca-secretario-da-policia-civil\/#breadcrumb","itemListElement":[{"@type":"ListItem","position":1,"name":"In\u00edcio","item":"https:\/\/folhadoleste.com.br\/"},{"@type":"ListItem","position":2,"name":"Estado do Rio de Janeiro","item":"https:\/\/folhadoleste.com.br\/category\/estado-do-rio-de-janeiro\/"},{"@type":"ListItem","position":3,"name":"Cl\u00e1udio Castro troca secret\u00e1rio da Pol\u00edcia Civil"}]},{"@type":"WebSite","@id":"https:\/\/folhadoleste.com.br\/#website","url":"https:\/\/folhadoleste.com.br\/","name":"Folha do Leste","description":"Portal de Not\u00edcias com \u00eanfase em Niter\u00f3i, criando conte\u00fados desde a capital Rio de Janeiro, com olhar para o Leste Fluminense e suas cidades como S\u00e3o Gon\u00e7alo, Itabora\u00ed, Rio Bonito, Maric\u00e1, Saquarema e Araruama","publisher":{"@id":"https:\/\/folhadoleste.com.br\/#organization"},"alternateName":"FL","potentialAction":[{"@type":"SearchAction","target":{"@type":"EntryPoint","urlTemplate":"https:\/\/folhadoleste.com.br\/?s={search_term_string}"},"query-input":{"@type":"PropertyValueSpecification","valueRequired":true,"valueName":"search_term_string"}}],"inLanguage":"en-US"},{"@type":"Organization","@id":"https:\/\/folhadoleste.com.br\/#organization","name":"Brasil 21 Comunica\u00e7\u00e3o","alternateName":"BR21","url":"https:\/\/folhadoleste.com.br\/","logo":{"@type":"ImageObject","inLanguage":"en-US","@id":"https:\/\/folhadoleste.com.br\/#\/schema\/logo\/image\/","url":"https:\/\/folhadoleste.com.br\/wp-content\/uploads\/2025\/12\/brasil-21-logomarca.avif","contentUrl":"https:\/\/folhadoleste.com.br\/wp-content\/uploads\/2025\/12\/brasil-21-logomarca.avif","width":1044,"height":1044,"caption":"Brasil 21 Comunica\u00e7\u00e3o"},"image":{"@id":"https:\/\/folhadoleste.com.br\/#\/schema\/logo\/image\/"},"sameAs":["https:\/\/www.facebook.com\/folhadoleste","https:\/\/x.com\/FolhadoLesteRJ","https:\/\/www.instagram.com\/folhadoleste\/"]},{"@type":"Person","@id":"https:\/\/folhadoleste.com.br\/#\/schema\/person\/3e97145b2e1861276e84471aa85a3899","name":"Folha do Leste","image":{"@type":"ImageObject","inLanguage":"en-US","@id":"https:\/\/folhadoleste.com.br\/wp-content\/litespeed\/avatar\/1ca8c218432e7045e748610eb3db0259.jpg?ver=1777161142","url":"https:\/\/folhadoleste.com.br\/wp-content\/litespeed\/avatar\/1ca8c218432e7045e748610eb3db0259.jpg?ver=1777161142","contentUrl":"https:\/\/folhadoleste.com.br\/wp-content\/litespeed\/avatar\/1ca8c218432e7045e748610eb3db0259.jpg?ver=1777161142","caption":"Folha do Leste"},"url":"https:\/\/folhadoleste.com.br\/en\/author\/reportagem-01\/"}]}},"_links":{"self":[{"href":"https:\/\/folhadoleste.com.br\/en\/wp-json\/wp\/v2\/posts\/27517","targetHints":{"allow":["GET"]}}],"collection":[{"href":"https:\/\/folhadoleste.com.br\/en\/wp-json\/wp\/v2\/posts"}],"about":[{"href":"https:\/\/folhadoleste.com.br\/en\/wp-json\/wp\/v2\/types\/post"}],"author":[{"embeddable":true,"href":"https:\/\/folhadoleste.com.br\/en\/wp-json\/wp\/v2\/users\/4"}],"replies":[{"embeddable":true,"href":"https:\/\/folhadoleste.com.br\/en\/wp-json\/wp\/v2\/comments?post=27517"}],"version-history":[{"count":1,"href":"https:\/\/folhadoleste.com.br\/en\/wp-json\/wp\/v2\/posts\/27517\/revisions"}],"predecessor-version":[{"id":27531,"href":"https:\/\/folhadoleste.com.br\/en\/wp-json\/wp\/v2\/posts\/27517\/revisions\/27531"}],"wp:featuredmedia":[{"embeddable":true,"href":"https:\/\/folhadoleste.com.br\/en\/wp-json\/wp\/v2\/media\/27530"}],"wp:attachment":[{"href":"https:\/\/folhadoleste.com.br\/en\/wp-json\/wp\/v2\/media?parent=27517"}],"wp:term":[{"taxonomy":"category","embeddable":true,"href":"https:\/\/folhadoleste.com.br\/en\/wp-json\/wp\/v2\/categories?post=27517"},{"taxonomy":"post_tag","embeddable":true,"href":"https:\/\/folhadoleste.com.br\/en\/wp-json\/wp\/v2\/tags?post=27517"}],"curies":[{"name":"wp","href":"https:\/\/api.w.org\/{rel}","templated":true}]}}