{"id":2635,"date":"2023-04-20T14:18:23","date_gmt":"2023-04-20T17:18:23","guid":{"rendered":"https:\/\/folhadoleste.com.br\/?p=2635"},"modified":"2023-04-20T14:18:23","modified_gmt":"2023-04-20T17:18:23","slug":"agu-defende-extincao-de-acao-sobre-correcao-do-fgts","status":"publish","type":"post","link":"https:\/\/folhadoleste.com.br\/en\/agu-defende-extincao-de-acao-sobre-correcao-do-fgts\/","title":{"rendered":"AGU defende extin\u00e7\u00e3o de a\u00e7\u00e3o sobre corre\u00e7\u00e3o do FGTS"},"content":{"rendered":"<p>A Advocacia-Geral da Uni\u00e3o (AGU) defendeu no Supremo Tribunal Federal (STF) a extin\u00e7\u00e3o da a\u00e7\u00e3o que questiona o uso da Taxa Referencial (TR) para fazer a corre\u00e7\u00e3o das contas do Fundo de Garantia do Tempo de Servi\u00e7o (FGTS). O caso ser\u00e1 julgado amanh\u00e3 (20) pela Corte.<\/p>\n<p>Na manifesta\u00e7\u00e3o enviada nesta quarta-feira ao STF, a AGU argumenta que as leis 13.446\/2017 e 13.932\/2019 estabeleceram a distribui\u00e7\u00e3o de lucros para os cotistas. Segundo \u00f3rg\u00e3o, as contas passaram a ser corrigidas com juros de 3% ao ano, o acr\u00e9scimo da distribui\u00e7\u00e3o, al\u00e9m da corre\u00e7\u00e3o pela TR. Por isso, n\u00e3o deve prosperar o argumento de que a remunera\u00e7\u00e3o d\u00e1 preju\u00edzo aos trabalhadores.<\/p>\n<p>&#8220;A altera\u00e7\u00e3o legislativa mencionada atinge o n\u00facleo do objeto, porque j\u00e1 n\u00e3o \u00e9 mais poss\u00edvel afirmar, a partir dela, que a remunera\u00e7\u00e3o do correntista seja aquela indicada na peti\u00e7\u00e3o inicial, que o autor entende inadequada.&#8221;<\/p>\n<p>O Supremo vai julgar uma a\u00e7\u00e3o protocolada pelo partido Solidariedade. Os ministros podem determinar que os valores nas contas do FGTS deveriam ter sido corrigidos sempre pela infla\u00e7\u00e3o, e n\u00e3o pela Taxa Referencial (TR), como ocorre desde o in\u00edcio dos anos 1990. A a\u00e7\u00e3o tramita desde 2014.<\/p>\n<p>Desde 2019, o andamento de todos os processos sobre o assunto est\u00e1 suspenso em todo o pa\u00eds por decis\u00e3o do ministro Lu\u00eds Roberto Barroso, relator do assunto no Supremo. Ele tomou a decis\u00e3o depois que o Superior Tribunal de Justi\u00e7a (STJ) decidiu, em 2018, depois de receber milhares de recursos, unificar o entendimento e manter a TR como \u00edndice de corre\u00e7\u00e3o do FGTS, em decis\u00e3o desfavor\u00e1vel aos trabalhadores.<\/p>\n<p>No in\u00edcio da noite, o ministro do Trabalho e Emprego, Luiz Marinho, e o advogado-geral da Uni\u00e3o, Jorge Messias, participaram de uma reuni\u00e3o com a presidente do STF, ministra Rosa Weber, para tratar do julgamento do processo. Eles n\u00e3o falaram com a imprensa ap\u00f3s a reuni\u00e3o.<\/p>\n<p>&nbsp;<\/p>\n<p><em>Fonte: Ag\u00eancia Brasil<\/em><\/p>","protected":false},"excerpt":{"rendered":"<p>A Advocacia-Geral da Uni\u00e3o (AGU) defendeu no Supremo Tribunal Federal (STF) a extin\u00e7\u00e3o da a\u00e7\u00e3o que questiona o uso da Taxa Referencial (TR) para fazer a corre\u00e7\u00e3o das contas do Fundo de Garantia do Tempo de Servi\u00e7o (FGTS). O caso ser\u00e1 julgado amanh\u00e3 (20) pela Corte. Na manifesta\u00e7\u00e3o enviada nesta quarta-feira ao STF, a AGU argumenta que as leis 13.446\/2017 e 13.932\/2019 estabeleceram a distribui\u00e7\u00e3o de lucros para os cotistas. Segundo \u00f3rg\u00e3o, as contas passaram a ser corrigidas com juros de 3% ao ano, o acr\u00e9scimo da distribui\u00e7\u00e3o, al\u00e9m da corre\u00e7\u00e3o pela TR. Por isso, n\u00e3o deve prosperar o argumento [&hellip;]<\/p>\n","protected":false},"author":4,"featured_media":2636,"comment_status":"open","ping_status":"open","sticky":false,"template":"","format":"standard","meta":{"footnotes":""},"categories":[288],"tags":[1191,940,711,697,318,1065,1192],"class_list":["post-2635","post","type-post","status-publish","format-standard","has-post-thumbnail","hentry","category-justica","tag-advocacia-geral-da-uniao","tag-agu","tag-fgts","tag-justica","tag-stf","tag-supremo-tribunal-federal","tag-taxa-referencial","post--single"],"yoast_head":"<!-- This site is optimized with the Yoast SEO plugin v27.4 - https:\/\/yoast.com\/product\/yoast-seo-wordpress\/ -->\n<title>AGU defende extin\u00e7\u00e3o de a\u00e7\u00e3o sobre corre\u00e7\u00e3o do FGTS &#8226; Folha do Leste<\/title>\n<meta name=\"description\" content=\"A Advocacia-Geral da Uni\u00e3o (AGU) defendeu no Supremo Tribunal Federal (STF) a extin\u00e7\u00e3o da a\u00e7\u00e3o que questiona o uso da Taxa Referencial (TR) para fazer a corre\u00e7\u00e3o das contas do Fundo de Garantia do Tempo de Servi\u00e7o (FGTS). O caso ser\u00e1 julgado amanh\u00e3 (20) pela Corte.\" \/>\n<meta name=\"robots\" content=\"index, follow, max-snippet:-1, max-image-preview:large, max-video-preview:-1\" \/>\n<link rel=\"canonical\" href=\"https:\/\/folhadoleste.com.br\/en\/agu-defende-extincao-de-acao-sobre-correcao-do-fgts\/\" \/>\n<meta property=\"og:locale\" content=\"en_US\" \/>\n<meta property=\"og:type\" content=\"article\" \/>\n<meta property=\"og:title\" content=\"AGU defende extin\u00e7\u00e3o de a\u00e7\u00e3o sobre corre\u00e7\u00e3o do FGTS &#8226; Folha do Leste\" \/>\n<meta property=\"og:description\" content=\"A Advocacia-Geral da Uni\u00e3o (AGU) defendeu no Supremo Tribunal Federal (STF) a extin\u00e7\u00e3o da a\u00e7\u00e3o que questiona o uso da Taxa Referencial (TR) para fazer a corre\u00e7\u00e3o das contas do Fundo de Garantia do Tempo de Servi\u00e7o (FGTS). O caso ser\u00e1 julgado amanh\u00e3 (20) pela Corte.\" \/>\n<meta property=\"og:url\" content=\"https:\/\/folhadoleste.com.br\/en\/agu-defende-extincao-de-acao-sobre-correcao-do-fgts\/\" \/>\n<meta property=\"og:site_name\" content=\"Folha do Leste\" \/>\n<meta property=\"article:publisher\" content=\"https:\/\/www.facebook.com\/folhadoleste\" \/>\n<meta property=\"article:published_time\" content=\"2023-04-20T17:18:23+00:00\" \/>\n<meta property=\"og:image\" content=\"https:\/\/folhadoleste.com.br\/wp-content\/uploads\/2023\/04\/AGU-defende-extincao-de-acao-sobre-correcao-do-FGTS-Marcello-Casal-Jr-Agencia-Brasil.jpg\" \/>\n\t<meta property=\"og:image:width\" content=\"1170\" \/>\n\t<meta property=\"og:image:height\" content=\"700\" \/>\n\t<meta property=\"og:image:type\" content=\"image\/jpeg\" \/>\n<meta name=\"author\" content=\"Folha do Leste\" \/>\n<meta name=\"twitter:card\" content=\"summary_large_image\" \/>\n<meta name=\"twitter:creator\" content=\"@FolhadoLesteRJ\" \/>\n<meta name=\"twitter:site\" content=\"@FolhadoLesteRJ\" \/>\n<meta name=\"twitter:label1\" content=\"Written by\" \/>\n\t<meta name=\"twitter:data1\" content=\"Folha do Leste\" \/>\n\t<meta name=\"twitter:label2\" content=\"Est. reading time\" \/>\n\t<meta name=\"twitter:data2\" content=\"2 minutes\" \/>\n<script type=\"application\/ld+json\" class=\"yoast-schema-graph\">{\"@context\":\"https:\\\/\\\/schema.org\",\"@graph\":[{\"@type\":\"NewsArticle\",\"@id\":\"https:\\\/\\\/folhadoleste.com.br\\\/agu-defende-extincao-de-acao-sobre-correcao-do-fgts\\\/#article\",\"isPartOf\":{\"@id\":\"https:\\\/\\\/folhadoleste.com.br\\\/agu-defende-extincao-de-acao-sobre-correcao-do-fgts\\\/\"},\"author\":{\"name\":\"Folha do Leste\",\"@id\":\"https:\\\/\\\/folhadoleste.com.br\\\/#\\\/schema\\\/person\\\/3e97145b2e1861276e84471aa85a3899\"},\"headline\":\"AGU defende extin\u00e7\u00e3o de a\u00e7\u00e3o sobre corre\u00e7\u00e3o do FGTS\",\"datePublished\":\"2023-04-20T17:18:23+00:00\",\"mainEntityOfPage\":{\"@id\":\"https:\\\/\\\/folhadoleste.com.br\\\/agu-defende-extincao-de-acao-sobre-correcao-do-fgts\\\/\"},\"wordCount\":352,\"commentCount\":0,\"publisher\":{\"@id\":\"https:\\\/\\\/folhadoleste.com.br\\\/#organization\"},\"image\":{\"@id\":\"https:\\\/\\\/folhadoleste.com.br\\\/agu-defende-extincao-de-acao-sobre-correcao-do-fgts\\\/#primaryimage\"},\"thumbnailUrl\":\"https:\\\/\\\/folhadoleste.com.br\\\/wp-content\\\/uploads\\\/2023\\\/04\\\/AGU-defende-extincao-de-acao-sobre-correcao-do-FGTS-Marcello-Casal-Jr-Agencia-Brasil.jpg\",\"keywords\":[\"Advocacia-Geral da Uni\u00e3o\",\"AGU\",\"FGTS\",\"Justi\u00e7a\",\"STF\",\"Supremo Tribunal Federal\",\"Taxa Referencial\"],\"articleSection\":[\"Justi\u00e7a\"],\"inLanguage\":\"en-US\",\"potentialAction\":[{\"@type\":\"CommentAction\",\"name\":\"Comment\",\"target\":[\"https:\\\/\\\/folhadoleste.com.br\\\/agu-defende-extincao-de-acao-sobre-correcao-do-fgts\\\/#respond\"]}]},{\"@type\":\"WebPage\",\"@id\":\"https:\\\/\\\/folhadoleste.com.br\\\/agu-defende-extincao-de-acao-sobre-correcao-do-fgts\\\/\",\"url\":\"https:\\\/\\\/folhadoleste.com.br\\\/agu-defende-extincao-de-acao-sobre-correcao-do-fgts\\\/\",\"name\":\"AGU defende extin\u00e7\u00e3o de a\u00e7\u00e3o sobre corre\u00e7\u00e3o do FGTS &#8226; Folha do Leste\",\"isPartOf\":{\"@id\":\"https:\\\/\\\/folhadoleste.com.br\\\/#website\"},\"primaryImageOfPage\":{\"@id\":\"https:\\\/\\\/folhadoleste.com.br\\\/agu-defende-extincao-de-acao-sobre-correcao-do-fgts\\\/#primaryimage\"},\"image\":{\"@id\":\"https:\\\/\\\/folhadoleste.com.br\\\/agu-defende-extincao-de-acao-sobre-correcao-do-fgts\\\/#primaryimage\"},\"thumbnailUrl\":\"https:\\\/\\\/folhadoleste.com.br\\\/wp-content\\\/uploads\\\/2023\\\/04\\\/AGU-defende-extincao-de-acao-sobre-correcao-do-FGTS-Marcello-Casal-Jr-Agencia-Brasil.jpg\",\"datePublished\":\"2023-04-20T17:18:23+00:00\",\"description\":\"A Advocacia-Geral da Uni\u00e3o (AGU) defendeu no Supremo Tribunal Federal (STF) a extin\u00e7\u00e3o da a\u00e7\u00e3o que questiona o uso da Taxa Referencial (TR) para fazer a corre\u00e7\u00e3o das contas do Fundo de Garantia do Tempo de Servi\u00e7o (FGTS). O caso ser\u00e1 julgado amanh\u00e3 (20) pela Corte.\",\"breadcrumb\":{\"@id\":\"https:\\\/\\\/folhadoleste.com.br\\\/agu-defende-extincao-de-acao-sobre-correcao-do-fgts\\\/#breadcrumb\"},\"inLanguage\":\"en-US\",\"potentialAction\":[{\"@type\":\"ReadAction\",\"target\":[\"https:\\\/\\\/folhadoleste.com.br\\\/agu-defende-extincao-de-acao-sobre-correcao-do-fgts\\\/\"]}]},{\"@type\":\"ImageObject\",\"inLanguage\":\"en-US\",\"@id\":\"https:\\\/\\\/folhadoleste.com.br\\\/agu-defende-extincao-de-acao-sobre-correcao-do-fgts\\\/#primaryimage\",\"url\":\"https:\\\/\\\/folhadoleste.com.br\\\/wp-content\\\/uploads\\\/2023\\\/04\\\/AGU-defende-extincao-de-acao-sobre-correcao-do-FGTS-Marcello-Casal-Jr-Agencia-Brasil.jpg\",\"contentUrl\":\"https:\\\/\\\/folhadoleste.com.br\\\/wp-content\\\/uploads\\\/2023\\\/04\\\/AGU-defende-extincao-de-acao-sobre-correcao-do-FGTS-Marcello-Casal-Jr-Agencia-Brasil.jpg\",\"width\":1170,\"height\":700,\"caption\":\"Foto: Marcello Casal Jr - Ag\u00eancia Brasil\"},{\"@type\":\"BreadcrumbList\",\"@id\":\"https:\\\/\\\/folhadoleste.com.br\\\/agu-defende-extincao-de-acao-sobre-correcao-do-fgts\\\/#breadcrumb\",\"itemListElement\":[{\"@type\":\"ListItem\",\"position\":1,\"name\":\"In\u00edcio\",\"item\":\"https:\\\/\\\/folhadoleste.com.br\\\/\"},{\"@type\":\"ListItem\",\"position\":2,\"name\":\"Brasil\",\"item\":\"https:\\\/\\\/folhadoleste.com.br\\\/category\\\/brasil\\\/\"},{\"@type\":\"ListItem\",\"position\":3,\"name\":\"Justi\u00e7a\",\"item\":\"https:\\\/\\\/folhadoleste.com.br\\\/category\\\/brasil\\\/justica\\\/\"},{\"@type\":\"ListItem\",\"position\":4,\"name\":\"AGU defende extin\u00e7\u00e3o de a\u00e7\u00e3o sobre corre\u00e7\u00e3o do FGTS\"}]},{\"@type\":\"WebSite\",\"@id\":\"https:\\\/\\\/folhadoleste.com.br\\\/#website\",\"url\":\"https:\\\/\\\/folhadoleste.com.br\\\/\",\"name\":\"Folha do Leste\",\"description\":\"Portal de Not\u00edcias com \u00eanfase em Niter\u00f3i, criando conte\u00fados desde a capital Rio de Janeiro, com olhar para o Leste Fluminense e suas cidades como S\u00e3o Gon\u00e7alo, Itabora\u00ed, Rio Bonito, Maric\u00e1, Saquarema e Araruama\",\"publisher\":{\"@id\":\"https:\\\/\\\/folhadoleste.com.br\\\/#organization\"},\"alternateName\":\"FL\",\"potentialAction\":[{\"@type\":\"SearchAction\",\"target\":{\"@type\":\"EntryPoint\",\"urlTemplate\":\"https:\\\/\\\/folhadoleste.com.br\\\/?s={search_term_string}\"},\"query-input\":{\"@type\":\"PropertyValueSpecification\",\"valueRequired\":true,\"valueName\":\"search_term_string\"}}],\"inLanguage\":\"en-US\"},{\"@type\":\"Organization\",\"@id\":\"https:\\\/\\\/folhadoleste.com.br\\\/#organization\",\"name\":\"Brasil 21 Comunica\u00e7\u00e3o\",\"alternateName\":\"BR21\",\"url\":\"https:\\\/\\\/folhadoleste.com.br\\\/\",\"logo\":{\"@type\":\"ImageObject\",\"inLanguage\":\"en-US\",\"@id\":\"https:\\\/\\\/folhadoleste.com.br\\\/#\\\/schema\\\/logo\\\/image\\\/\",\"url\":\"https:\\\/\\\/folhadoleste.com.br\\\/wp-content\\\/uploads\\\/2025\\\/12\\\/brasil-21-logomarca.avif\",\"contentUrl\":\"https:\\\/\\\/folhadoleste.com.br\\\/wp-content\\\/uploads\\\/2025\\\/12\\\/brasil-21-logomarca.avif\",\"width\":1044,\"height\":1044,\"caption\":\"Brasil 21 Comunica\u00e7\u00e3o\"},\"image\":{\"@id\":\"https:\\\/\\\/folhadoleste.com.br\\\/#\\\/schema\\\/logo\\\/image\\\/\"},\"sameAs\":[\"https:\\\/\\\/www.facebook.com\\\/folhadoleste\",\"https:\\\/\\\/x.com\\\/FolhadoLesteRJ\",\"https:\\\/\\\/www.instagram.com\\\/folhadoleste\\\/\"]},{\"@type\":\"Person\",\"@id\":\"https:\\\/\\\/folhadoleste.com.br\\\/#\\\/schema\\\/person\\\/3e97145b2e1861276e84471aa85a3899\",\"name\":\"Folha do Leste\",\"image\":{\"@type\":\"ImageObject\",\"inLanguage\":\"en-US\",\"@id\":\"https:\\\/\\\/folhadoleste.com.br\\\/wp-content\\\/litespeed\\\/avatar\\\/1ca8c218432e7045e748610eb3db0259.jpg?ver=1776693931\",\"url\":\"https:\\\/\\\/folhadoleste.com.br\\\/wp-content\\\/litespeed\\\/avatar\\\/1ca8c218432e7045e748610eb3db0259.jpg?ver=1776693931\",\"contentUrl\":\"https:\\\/\\\/folhadoleste.com.br\\\/wp-content\\\/litespeed\\\/avatar\\\/1ca8c218432e7045e748610eb3db0259.jpg?ver=1776693931\",\"caption\":\"Folha do Leste\"},\"url\":\"https:\\\/\\\/folhadoleste.com.br\\\/en\\\/author\\\/reportagem-01\\\/\"}]}<\/script>\n<!-- \/ Yoast SEO plugin. -->","yoast_head_json":{"title":"AGU defende extin\u00e7\u00e3o de a\u00e7\u00e3o sobre corre\u00e7\u00e3o do FGTS &#8226; Folha do Leste","description":"A Advocacia-Geral da Uni\u00e3o (AGU) defendeu no Supremo Tribunal Federal (STF) a extin\u00e7\u00e3o da a\u00e7\u00e3o que questiona o uso da Taxa Referencial (TR) para fazer a corre\u00e7\u00e3o das contas do Fundo de Garantia do Tempo de Servi\u00e7o (FGTS). O caso ser\u00e1 julgado amanh\u00e3 (20) pela Corte.","robots":{"index":"index","follow":"follow","max-snippet":"max-snippet:-1","max-image-preview":"max-image-preview:large","max-video-preview":"max-video-preview:-1"},"canonical":"https:\/\/folhadoleste.com.br\/en\/agu-defende-extincao-de-acao-sobre-correcao-do-fgts\/","og_locale":"en_US","og_type":"article","og_title":"AGU defende extin\u00e7\u00e3o de a\u00e7\u00e3o sobre corre\u00e7\u00e3o do FGTS &#8226; Folha do Leste","og_description":"A Advocacia-Geral da Uni\u00e3o (AGU) defendeu no Supremo Tribunal Federal (STF) a extin\u00e7\u00e3o da a\u00e7\u00e3o que questiona o uso da Taxa Referencial (TR) para fazer a corre\u00e7\u00e3o das contas do Fundo de Garantia do Tempo de Servi\u00e7o (FGTS). O caso ser\u00e1 julgado amanh\u00e3 (20) pela Corte.","og_url":"https:\/\/folhadoleste.com.br\/en\/agu-defende-extincao-de-acao-sobre-correcao-do-fgts\/","og_site_name":"Folha do Leste","article_publisher":"https:\/\/www.facebook.com\/folhadoleste","article_published_time":"2023-04-20T17:18:23+00:00","og_image":[{"width":1170,"height":700,"url":"https:\/\/folhadoleste.com.br\/wp-content\/uploads\/2023\/04\/AGU-defende-extincao-de-acao-sobre-correcao-do-FGTS-Marcello-Casal-Jr-Agencia-Brasil.jpg","type":"image\/jpeg"}],"author":"Folha do Leste","twitter_card":"summary_large_image","twitter_creator":"@FolhadoLesteRJ","twitter_site":"@FolhadoLesteRJ","twitter_misc":{"Written by":"Folha do Leste","Est. reading time":"2 minutes"},"schema":{"@context":"https:\/\/schema.org","@graph":[{"@type":"NewsArticle","@id":"https:\/\/folhadoleste.com.br\/agu-defende-extincao-de-acao-sobre-correcao-do-fgts\/#article","isPartOf":{"@id":"https:\/\/folhadoleste.com.br\/agu-defende-extincao-de-acao-sobre-correcao-do-fgts\/"},"author":{"name":"Folha do Leste","@id":"https:\/\/folhadoleste.com.br\/#\/schema\/person\/3e97145b2e1861276e84471aa85a3899"},"headline":"AGU defende extin\u00e7\u00e3o de a\u00e7\u00e3o sobre corre\u00e7\u00e3o do FGTS","datePublished":"2023-04-20T17:18:23+00:00","mainEntityOfPage":{"@id":"https:\/\/folhadoleste.com.br\/agu-defende-extincao-de-acao-sobre-correcao-do-fgts\/"},"wordCount":352,"commentCount":0,"publisher":{"@id":"https:\/\/folhadoleste.com.br\/#organization"},"image":{"@id":"https:\/\/folhadoleste.com.br\/agu-defende-extincao-de-acao-sobre-correcao-do-fgts\/#primaryimage"},"thumbnailUrl":"https:\/\/folhadoleste.com.br\/wp-content\/uploads\/2023\/04\/AGU-defende-extincao-de-acao-sobre-correcao-do-FGTS-Marcello-Casal-Jr-Agencia-Brasil.jpg","keywords":["Advocacia-Geral da Uni\u00e3o","AGU","FGTS","Justi\u00e7a","STF","Supremo Tribunal Federal","Taxa Referencial"],"articleSection":["Justi\u00e7a"],"inLanguage":"en-US","potentialAction":[{"@type":"CommentAction","name":"Comment","target":["https:\/\/folhadoleste.com.br\/agu-defende-extincao-de-acao-sobre-correcao-do-fgts\/#respond"]}]},{"@type":"WebPage","@id":"https:\/\/folhadoleste.com.br\/agu-defende-extincao-de-acao-sobre-correcao-do-fgts\/","url":"https:\/\/folhadoleste.com.br\/agu-defende-extincao-de-acao-sobre-correcao-do-fgts\/","name":"AGU defende extin\u00e7\u00e3o de a\u00e7\u00e3o sobre corre\u00e7\u00e3o do FGTS &#8226; Folha do Leste","isPartOf":{"@id":"https:\/\/folhadoleste.com.br\/#website"},"primaryImageOfPage":{"@id":"https:\/\/folhadoleste.com.br\/agu-defende-extincao-de-acao-sobre-correcao-do-fgts\/#primaryimage"},"image":{"@id":"https:\/\/folhadoleste.com.br\/agu-defende-extincao-de-acao-sobre-correcao-do-fgts\/#primaryimage"},"thumbnailUrl":"https:\/\/folhadoleste.com.br\/wp-content\/uploads\/2023\/04\/AGU-defende-extincao-de-acao-sobre-correcao-do-FGTS-Marcello-Casal-Jr-Agencia-Brasil.jpg","datePublished":"2023-04-20T17:18:23+00:00","description":"A Advocacia-Geral da Uni\u00e3o (AGU) defendeu no Supremo Tribunal Federal (STF) a extin\u00e7\u00e3o da a\u00e7\u00e3o que questiona o uso da Taxa Referencial (TR) para fazer a corre\u00e7\u00e3o das contas do Fundo de Garantia do Tempo de Servi\u00e7o (FGTS). O caso ser\u00e1 julgado amanh\u00e3 (20) pela Corte.","breadcrumb":{"@id":"https:\/\/folhadoleste.com.br\/agu-defende-extincao-de-acao-sobre-correcao-do-fgts\/#breadcrumb"},"inLanguage":"en-US","potentialAction":[{"@type":"ReadAction","target":["https:\/\/folhadoleste.com.br\/agu-defende-extincao-de-acao-sobre-correcao-do-fgts\/"]}]},{"@type":"ImageObject","inLanguage":"en-US","@id":"https:\/\/folhadoleste.com.br\/agu-defende-extincao-de-acao-sobre-correcao-do-fgts\/#primaryimage","url":"https:\/\/folhadoleste.com.br\/wp-content\/uploads\/2023\/04\/AGU-defende-extincao-de-acao-sobre-correcao-do-FGTS-Marcello-Casal-Jr-Agencia-Brasil.jpg","contentUrl":"https:\/\/folhadoleste.com.br\/wp-content\/uploads\/2023\/04\/AGU-defende-extincao-de-acao-sobre-correcao-do-FGTS-Marcello-Casal-Jr-Agencia-Brasil.jpg","width":1170,"height":700,"caption":"Foto: Marcello Casal Jr - Ag\u00eancia Brasil"},{"@type":"BreadcrumbList","@id":"https:\/\/folhadoleste.com.br\/agu-defende-extincao-de-acao-sobre-correcao-do-fgts\/#breadcrumb","itemListElement":[{"@type":"ListItem","position":1,"name":"In\u00edcio","item":"https:\/\/folhadoleste.com.br\/"},{"@type":"ListItem","position":2,"name":"Brasil","item":"https:\/\/folhadoleste.com.br\/category\/brasil\/"},{"@type":"ListItem","position":3,"name":"Justi\u00e7a","item":"https:\/\/folhadoleste.com.br\/category\/brasil\/justica\/"},{"@type":"ListItem","position":4,"name":"AGU defende extin\u00e7\u00e3o de a\u00e7\u00e3o sobre corre\u00e7\u00e3o do FGTS"}]},{"@type":"WebSite","@id":"https:\/\/folhadoleste.com.br\/#website","url":"https:\/\/folhadoleste.com.br\/","name":"Folha do Leste","description":"Portal de Not\u00edcias com \u00eanfase em Niter\u00f3i, criando conte\u00fados desde a capital Rio de Janeiro, com olhar para o Leste Fluminense e suas cidades como S\u00e3o Gon\u00e7alo, Itabora\u00ed, Rio Bonito, Maric\u00e1, Saquarema e Araruama","publisher":{"@id":"https:\/\/folhadoleste.com.br\/#organization"},"alternateName":"FL","potentialAction":[{"@type":"SearchAction","target":{"@type":"EntryPoint","urlTemplate":"https:\/\/folhadoleste.com.br\/?s={search_term_string}"},"query-input":{"@type":"PropertyValueSpecification","valueRequired":true,"valueName":"search_term_string"}}],"inLanguage":"en-US"},{"@type":"Organization","@id":"https:\/\/folhadoleste.com.br\/#organization","name":"Brasil 21 Comunica\u00e7\u00e3o","alternateName":"BR21","url":"https:\/\/folhadoleste.com.br\/","logo":{"@type":"ImageObject","inLanguage":"en-US","@id":"https:\/\/folhadoleste.com.br\/#\/schema\/logo\/image\/","url":"https:\/\/folhadoleste.com.br\/wp-content\/uploads\/2025\/12\/brasil-21-logomarca.avif","contentUrl":"https:\/\/folhadoleste.com.br\/wp-content\/uploads\/2025\/12\/brasil-21-logomarca.avif","width":1044,"height":1044,"caption":"Brasil 21 Comunica\u00e7\u00e3o"},"image":{"@id":"https:\/\/folhadoleste.com.br\/#\/schema\/logo\/image\/"},"sameAs":["https:\/\/www.facebook.com\/folhadoleste","https:\/\/x.com\/FolhadoLesteRJ","https:\/\/www.instagram.com\/folhadoleste\/"]},{"@type":"Person","@id":"https:\/\/folhadoleste.com.br\/#\/schema\/person\/3e97145b2e1861276e84471aa85a3899","name":"Folha do Leste","image":{"@type":"ImageObject","inLanguage":"en-US","@id":"https:\/\/folhadoleste.com.br\/wp-content\/litespeed\/avatar\/1ca8c218432e7045e748610eb3db0259.jpg?ver=1776693931","url":"https:\/\/folhadoleste.com.br\/wp-content\/litespeed\/avatar\/1ca8c218432e7045e748610eb3db0259.jpg?ver=1776693931","contentUrl":"https:\/\/folhadoleste.com.br\/wp-content\/litespeed\/avatar\/1ca8c218432e7045e748610eb3db0259.jpg?ver=1776693931","caption":"Folha do Leste"},"url":"https:\/\/folhadoleste.com.br\/en\/author\/reportagem-01\/"}]}},"_links":{"self":[{"href":"https:\/\/folhadoleste.com.br\/en\/wp-json\/wp\/v2\/posts\/2635","targetHints":{"allow":["GET"]}}],"collection":[{"href":"https:\/\/folhadoleste.com.br\/en\/wp-json\/wp\/v2\/posts"}],"about":[{"href":"https:\/\/folhadoleste.com.br\/en\/wp-json\/wp\/v2\/types\/post"}],"author":[{"embeddable":true,"href":"https:\/\/folhadoleste.com.br\/en\/wp-json\/wp\/v2\/users\/4"}],"replies":[{"embeddable":true,"href":"https:\/\/folhadoleste.com.br\/en\/wp-json\/wp\/v2\/comments?post=2635"}],"version-history":[{"count":1,"href":"https:\/\/folhadoleste.com.br\/en\/wp-json\/wp\/v2\/posts\/2635\/revisions"}],"predecessor-version":[{"id":2637,"href":"https:\/\/folhadoleste.com.br\/en\/wp-json\/wp\/v2\/posts\/2635\/revisions\/2637"}],"wp:featuredmedia":[{"embeddable":true,"href":"https:\/\/folhadoleste.com.br\/en\/wp-json\/wp\/v2\/media\/2636"}],"wp:attachment":[{"href":"https:\/\/folhadoleste.com.br\/en\/wp-json\/wp\/v2\/media?parent=2635"}],"wp:term":[{"taxonomy":"category","embeddable":true,"href":"https:\/\/folhadoleste.com.br\/en\/wp-json\/wp\/v2\/categories?post=2635"},{"taxonomy":"post_tag","embeddable":true,"href":"https:\/\/folhadoleste.com.br\/en\/wp-json\/wp\/v2\/tags?post=2635"}],"curies":[{"name":"wp","href":"https:\/\/api.w.org\/{rel}","templated":true}]}}