{"id":2629,"date":"2023-04-20T14:11:47","date_gmt":"2023-04-20T17:11:47","guid":{"rendered":"https:\/\/folhadoleste.com.br\/?p=2629"},"modified":"2023-04-20T14:11:47","modified_gmt":"2023-04-20T17:11:47","slug":"ricardo-cappelli-sera-ministro-interino-do-gsi","status":"publish","type":"post","link":"https:\/\/folhadoleste.com.br\/en\/ricardo-cappelli-sera-ministro-interino-do-gsi\/","title":{"rendered":"Ricardo Cappelli ser\u00e1 ministro interino do GSI"},"content":{"rendered":"<p>O secret\u00e1rio executivo do Minist\u00e9rio da Justi\u00e7a, Ricardo Cappelli, ser\u00e1 o chefe interino do Gabinete de Seguran\u00e7a Institucional (GSI). A informa\u00e7\u00e3o foi divulgada pelo ministro da Secretaria de Comunica\u00e7\u00e3o Social, Paulo Pimenta, no Twitter.<\/p>\n<p>Mais cedo, o general Gon\u00e7alves Dias\u00a0pediu afastamento do cargo de ministro do GSI. O\u00a0presidente Luiz In\u00e1cio Lula da Silva j\u00e1 aceitou o pedido de demiss\u00e3o.<\/p>\n<p>O ministro deixou o cargo no mesmo dia em que v\u00eddeos que estavam sob sigilo por fazerem parte de inqu\u00e9rito policial foram divulgados\u00a0pela CNN. As imagens mostram o general e outros funcion\u00e1rios da pasta dentro do Pal\u00e1cio do Planalto, no dia 8 de janeiro, quando v\u00e2ndalos invadiram as sedes dos Tr\u00eas Poderes.<\/p>\n<p>Em nota, o GSI esclareceu que as imagens mostram a atua\u00e7\u00e3o dos agentes de seguran\u00e7a para evacuar o quarto e o terceiro pisos do Pal\u00e1cio do Planalto, concentrando os manifestantes no segundo andar, onde, ap\u00f3s a chegada de refor\u00e7os do pelot\u00e3o de choque da Pol\u00edcia Militar do Distrito Federal, os golpistas foram presos.<\/p>\n<h2>Perfil<\/h2>\n<p>Ricardo Cappelli \u00e9 formado em jornalismo, com p\u00f3s-gradua\u00e7\u00e3o em Administra\u00e7\u00e3o P\u00fablica pela Funda\u00e7\u00e3o Get\u00falio Vargas (FGV). Foi secret\u00e1rio de Comunica\u00e7\u00e3o do Maranh\u00e3o no governo Fl\u00e1vio Dino e secret\u00e1rio nacional de Esporte, Educa\u00e7\u00e3o, Lazer e Inclus\u00e3o Social no governo de Dilma Rousseff.<\/p>\n<p>Nomeado secret\u00e1rio-executivo do Minist\u00e9rio da Justi\u00e7a, Cappelli assumiu a interven\u00e7\u00e3o na seguran\u00e7a p\u00fablica do Distrito Federal logo ap\u00f3s os atos golpistas de 8 de janeiro.<\/p>\n<p>&nbsp;<\/p>\n<p><em>Fonte: Ag\u00eancia Brasil<\/em><\/p>","protected":false},"excerpt":{"rendered":"<p>O secret\u00e1rio executivo do Minist\u00e9rio da Justi\u00e7a, Ricardo Cappelli, ser\u00e1 o chefe interino do Gabinete de Seguran\u00e7a Institucional (GSI). A informa\u00e7\u00e3o foi divulgada pelo ministro da Secretaria de Comunica\u00e7\u00e3o Social, Paulo Pimenta, no Twitter. Mais cedo, o general Gon\u00e7alves Dias\u00a0pediu afastamento do cargo de ministro do GSI. O\u00a0presidente Luiz In\u00e1cio Lula da Silva j\u00e1 aceitou o pedido de demiss\u00e3o. O ministro deixou o cargo no mesmo dia em que v\u00eddeos que estavam sob sigilo por fazerem parte de inqu\u00e9rito policial foram divulgados\u00a0pela CNN. As imagens mostram o general e outros funcion\u00e1rios da pasta dentro do Pal\u00e1cio do Planalto, no dia [&hellip;]<\/p>\n","protected":false},"author":4,"featured_media":2630,"comment_status":"open","ping_status":"open","sticky":false,"template":"","format":"standard","meta":{"footnotes":""},"categories":[115],"tags":[679,1188,1189,116,1187],"class_list":["post-2629","post","type-post","status-publish","format-standard","has-post-thumbnail","hentry","category-politica","tag-ministerio-da-justica","tag-ministro-interino-do-gsi","tag-novo-ministro-interino-do-gsi","tag-politica","tag-ricardo-cappelli","post--single"],"yoast_head":"<!-- This site is optimized with the Yoast SEO plugin v27.5 - https:\/\/yoast.com\/product\/yoast-seo-wordpress\/ -->\n<title>Ricardo Cappelli ser\u00e1 ministro interino do GSI &#8226; Folha do Leste<\/title>\n<meta name=\"description\" content=\"O secret\u00e1rio executivo do Minist\u00e9rio da Justi\u00e7a, Ricardo Cappelli, ser\u00e1 o chefe interino do Gabinete de Seguran\u00e7a Institucional (GSI). A informa\u00e7\u00e3o foi divulgada pelo ministro da Secretaria de Comunica\u00e7\u00e3o Social, Paulo Pimenta, no Twitter.\" \/>\n<meta name=\"robots\" content=\"index, follow, max-snippet:-1, max-image-preview:large, max-video-preview:-1\" \/>\n<link rel=\"canonical\" href=\"https:\/\/folhadoleste.com.br\/en\/ricardo-cappelli-sera-ministro-interino-do-gsi\/\" \/>\n<meta property=\"og:locale\" content=\"en_US\" \/>\n<meta property=\"og:type\" content=\"article\" \/>\n<meta property=\"og:title\" content=\"Ricardo Cappelli ser\u00e1 ministro interino do GSI &#8226; Folha do Leste\" \/>\n<meta property=\"og:description\" content=\"O secret\u00e1rio executivo do Minist\u00e9rio da Justi\u00e7a, Ricardo Cappelli, ser\u00e1 o chefe interino do Gabinete de Seguran\u00e7a Institucional (GSI). A informa\u00e7\u00e3o foi divulgada pelo ministro da Secretaria de Comunica\u00e7\u00e3o Social, Paulo Pimenta, no Twitter.\" \/>\n<meta property=\"og:url\" content=\"https:\/\/folhadoleste.com.br\/en\/ricardo-cappelli-sera-ministro-interino-do-gsi\/\" \/>\n<meta property=\"og:site_name\" content=\"Folha do Leste\" \/>\n<meta property=\"article:publisher\" content=\"https:\/\/www.facebook.com\/folhadoleste\" \/>\n<meta property=\"article:published_time\" content=\"2023-04-20T17:11:47+00:00\" \/>\n<meta property=\"og:image\" content=\"https:\/\/folhadoleste.com.br\/wp-content\/uploads\/2023\/04\/Ricardo-Cappelli-sera-ministro-interino-do-GSI-Fernando-Frazao-Agencia-Brasil.jpg\" \/>\n\t<meta property=\"og:image:width\" content=\"1170\" \/>\n\t<meta property=\"og:image:height\" content=\"700\" \/>\n\t<meta property=\"og:image:type\" content=\"image\/jpeg\" \/>\n<meta name=\"author\" content=\"Folha do Leste\" \/>\n<meta name=\"twitter:card\" content=\"summary_large_image\" \/>\n<meta name=\"twitter:creator\" content=\"@FolhadoLesteRJ\" \/>\n<meta name=\"twitter:site\" content=\"@FolhadoLesteRJ\" \/>\n<meta name=\"twitter:label1\" content=\"Written by\" \/>\n\t<meta name=\"twitter:data1\" content=\"Folha do Leste\" \/>\n\t<meta name=\"twitter:label2\" content=\"Est. reading time\" \/>\n\t<meta name=\"twitter:data2\" content=\"2 minutes\" \/>\n<script type=\"application\/ld+json\" class=\"yoast-schema-graph\">{\"@context\":\"https:\\\/\\\/schema.org\",\"@graph\":[{\"@type\":\"NewsArticle\",\"@id\":\"https:\\\/\\\/folhadoleste.com.br\\\/ricardo-cappelli-sera-ministro-interino-do-gsi\\\/#article\",\"isPartOf\":{\"@id\":\"https:\\\/\\\/folhadoleste.com.br\\\/ricardo-cappelli-sera-ministro-interino-do-gsi\\\/\"},\"author\":{\"name\":\"Folha do Leste\",\"@id\":\"https:\\\/\\\/folhadoleste.com.br\\\/#\\\/schema\\\/person\\\/3e97145b2e1861276e84471aa85a3899\"},\"headline\":\"Ricardo Cappelli ser\u00e1 ministro interino do GSI\",\"datePublished\":\"2023-04-20T17:11:47+00:00\",\"mainEntityOfPage\":{\"@id\":\"https:\\\/\\\/folhadoleste.com.br\\\/ricardo-cappelli-sera-ministro-interino-do-gsi\\\/\"},\"wordCount\":285,\"commentCount\":2,\"publisher\":{\"@id\":\"https:\\\/\\\/folhadoleste.com.br\\\/#organization\"},\"image\":{\"@id\":\"https:\\\/\\\/folhadoleste.com.br\\\/ricardo-cappelli-sera-ministro-interino-do-gsi\\\/#primaryimage\"},\"thumbnailUrl\":\"https:\\\/\\\/folhadoleste.com.br\\\/wp-content\\\/uploads\\\/2023\\\/04\\\/Ricardo-Cappelli-sera-ministro-interino-do-GSI-Fernando-Frazao-Agencia-Brasil.jpg\",\"keywords\":[\"Ministerio da justi\u00e7a\",\"Ministro interino do GSI\",\"Novo Ministro interino do GSI\",\"pol\u00edtica\",\"Ricardo Cappelli\"],\"articleSection\":[\"Pol\u00edtica\"],\"inLanguage\":\"en-US\",\"potentialAction\":[{\"@type\":\"CommentAction\",\"name\":\"Comment\",\"target\":[\"https:\\\/\\\/folhadoleste.com.br\\\/ricardo-cappelli-sera-ministro-interino-do-gsi\\\/#respond\"]}]},{\"@type\":\"WebPage\",\"@id\":\"https:\\\/\\\/folhadoleste.com.br\\\/ricardo-cappelli-sera-ministro-interino-do-gsi\\\/\",\"url\":\"https:\\\/\\\/folhadoleste.com.br\\\/ricardo-cappelli-sera-ministro-interino-do-gsi\\\/\",\"name\":\"Ricardo Cappelli ser\u00e1 ministro interino do GSI &#8226; Folha do Leste\",\"isPartOf\":{\"@id\":\"https:\\\/\\\/folhadoleste.com.br\\\/#website\"},\"primaryImageOfPage\":{\"@id\":\"https:\\\/\\\/folhadoleste.com.br\\\/ricardo-cappelli-sera-ministro-interino-do-gsi\\\/#primaryimage\"},\"image\":{\"@id\":\"https:\\\/\\\/folhadoleste.com.br\\\/ricardo-cappelli-sera-ministro-interino-do-gsi\\\/#primaryimage\"},\"thumbnailUrl\":\"https:\\\/\\\/folhadoleste.com.br\\\/wp-content\\\/uploads\\\/2023\\\/04\\\/Ricardo-Cappelli-sera-ministro-interino-do-GSI-Fernando-Frazao-Agencia-Brasil.jpg\",\"datePublished\":\"2023-04-20T17:11:47+00:00\",\"description\":\"O secret\u00e1rio executivo do Minist\u00e9rio da Justi\u00e7a, Ricardo Cappelli, ser\u00e1 o chefe interino do Gabinete de Seguran\u00e7a Institucional (GSI). A informa\u00e7\u00e3o foi divulgada pelo ministro da Secretaria de Comunica\u00e7\u00e3o Social, Paulo Pimenta, no Twitter.\",\"breadcrumb\":{\"@id\":\"https:\\\/\\\/folhadoleste.com.br\\\/ricardo-cappelli-sera-ministro-interino-do-gsi\\\/#breadcrumb\"},\"inLanguage\":\"en-US\",\"potentialAction\":[{\"@type\":\"ReadAction\",\"target\":[\"https:\\\/\\\/folhadoleste.com.br\\\/ricardo-cappelli-sera-ministro-interino-do-gsi\\\/\"]}]},{\"@type\":\"ImageObject\",\"inLanguage\":\"en-US\",\"@id\":\"https:\\\/\\\/folhadoleste.com.br\\\/ricardo-cappelli-sera-ministro-interino-do-gsi\\\/#primaryimage\",\"url\":\"https:\\\/\\\/folhadoleste.com.br\\\/wp-content\\\/uploads\\\/2023\\\/04\\\/Ricardo-Cappelli-sera-ministro-interino-do-GSI-Fernando-Frazao-Agencia-Brasil.jpg\",\"contentUrl\":\"https:\\\/\\\/folhadoleste.com.br\\\/wp-content\\\/uploads\\\/2023\\\/04\\\/Ricardo-Cappelli-sera-ministro-interino-do-GSI-Fernando-Frazao-Agencia-Brasil.jpg\",\"width\":1170,\"height\":700},{\"@type\":\"BreadcrumbList\",\"@id\":\"https:\\\/\\\/folhadoleste.com.br\\\/ricardo-cappelli-sera-ministro-interino-do-gsi\\\/#breadcrumb\",\"itemListElement\":[{\"@type\":\"ListItem\",\"position\":1,\"name\":\"In\u00edcio\",\"item\":\"https:\\\/\\\/folhadoleste.com.br\\\/\"},{\"@type\":\"ListItem\",\"position\":2,\"name\":\"Brasil\",\"item\":\"https:\\\/\\\/folhadoleste.com.br\\\/category\\\/brasil\\\/\"},{\"@type\":\"ListItem\",\"position\":3,\"name\":\"Pol\u00edtica\",\"item\":\"https:\\\/\\\/folhadoleste.com.br\\\/category\\\/brasil\\\/politica\\\/\"},{\"@type\":\"ListItem\",\"position\":4,\"name\":\"Ricardo Cappelli ser\u00e1 ministro interino do GSI\"}]},{\"@type\":\"WebSite\",\"@id\":\"https:\\\/\\\/folhadoleste.com.br\\\/#website\",\"url\":\"https:\\\/\\\/folhadoleste.com.br\\\/\",\"name\":\"Folha do Leste\",\"description\":\"Portal de Not\u00edcias com \u00eanfase em Niter\u00f3i, criando conte\u00fados desde a capital Rio de Janeiro, com olhar para o Leste Fluminense e suas cidades como S\u00e3o Gon\u00e7alo, Itabora\u00ed, Rio Bonito, Maric\u00e1, Saquarema e Araruama\",\"publisher\":{\"@id\":\"https:\\\/\\\/folhadoleste.com.br\\\/#organization\"},\"alternateName\":\"FL\",\"potentialAction\":[{\"@type\":\"SearchAction\",\"target\":{\"@type\":\"EntryPoint\",\"urlTemplate\":\"https:\\\/\\\/folhadoleste.com.br\\\/?s={search_term_string}\"},\"query-input\":{\"@type\":\"PropertyValueSpecification\",\"valueRequired\":true,\"valueName\":\"search_term_string\"}}],\"inLanguage\":\"en-US\"},{\"@type\":\"Organization\",\"@id\":\"https:\\\/\\\/folhadoleste.com.br\\\/#organization\",\"name\":\"Brasil 21 Comunica\u00e7\u00e3o\",\"alternateName\":\"BR21\",\"url\":\"https:\\\/\\\/folhadoleste.com.br\\\/\",\"logo\":{\"@type\":\"ImageObject\",\"inLanguage\":\"en-US\",\"@id\":\"https:\\\/\\\/folhadoleste.com.br\\\/#\\\/schema\\\/logo\\\/image\\\/\",\"url\":\"https:\\\/\\\/folhadoleste.com.br\\\/wp-content\\\/uploads\\\/2025\\\/12\\\/brasil-21-logomarca.avif\",\"contentUrl\":\"https:\\\/\\\/folhadoleste.com.br\\\/wp-content\\\/uploads\\\/2025\\\/12\\\/brasil-21-logomarca.avif\",\"width\":1044,\"height\":1044,\"caption\":\"Brasil 21 Comunica\u00e7\u00e3o\"},\"image\":{\"@id\":\"https:\\\/\\\/folhadoleste.com.br\\\/#\\\/schema\\\/logo\\\/image\\\/\"},\"sameAs\":[\"https:\\\/\\\/www.facebook.com\\\/folhadoleste\",\"https:\\\/\\\/x.com\\\/FolhadoLesteRJ\",\"https:\\\/\\\/www.instagram.com\\\/folhadoleste\\\/\"]},{\"@type\":\"Person\",\"@id\":\"https:\\\/\\\/folhadoleste.com.br\\\/#\\\/schema\\\/person\\\/3e97145b2e1861276e84471aa85a3899\",\"name\":\"Folha do Leste\",\"image\":{\"@type\":\"ImageObject\",\"inLanguage\":\"en-US\",\"@id\":\"https:\\\/\\\/folhadoleste.com.br\\\/wp-content\\\/litespeed\\\/avatar\\\/1ca8c218432e7045e748610eb3db0259.jpg?ver=1777161142\",\"url\":\"https:\\\/\\\/folhadoleste.com.br\\\/wp-content\\\/litespeed\\\/avatar\\\/1ca8c218432e7045e748610eb3db0259.jpg?ver=1777161142\",\"contentUrl\":\"https:\\\/\\\/folhadoleste.com.br\\\/wp-content\\\/litespeed\\\/avatar\\\/1ca8c218432e7045e748610eb3db0259.jpg?ver=1777161142\",\"caption\":\"Folha do Leste\"},\"url\":\"https:\\\/\\\/folhadoleste.com.br\\\/en\\\/author\\\/reportagem-01\\\/\"}]}<\/script>\n<!-- \/ Yoast SEO plugin. -->","yoast_head_json":{"title":"Ricardo Cappelli ser\u00e1 ministro interino do GSI &#8226; Folha do Leste","description":"O secret\u00e1rio executivo do Minist\u00e9rio da Justi\u00e7a, Ricardo Cappelli, ser\u00e1 o chefe interino do Gabinete de Seguran\u00e7a Institucional (GSI). A informa\u00e7\u00e3o foi divulgada pelo ministro da Secretaria de Comunica\u00e7\u00e3o Social, Paulo Pimenta, no Twitter.","robots":{"index":"index","follow":"follow","max-snippet":"max-snippet:-1","max-image-preview":"max-image-preview:large","max-video-preview":"max-video-preview:-1"},"canonical":"https:\/\/folhadoleste.com.br\/en\/ricardo-cappelli-sera-ministro-interino-do-gsi\/","og_locale":"en_US","og_type":"article","og_title":"Ricardo Cappelli ser\u00e1 ministro interino do GSI &#8226; Folha do Leste","og_description":"O secret\u00e1rio executivo do Minist\u00e9rio da Justi\u00e7a, Ricardo Cappelli, ser\u00e1 o chefe interino do Gabinete de Seguran\u00e7a Institucional (GSI). A informa\u00e7\u00e3o foi divulgada pelo ministro da Secretaria de Comunica\u00e7\u00e3o Social, Paulo Pimenta, no Twitter.","og_url":"https:\/\/folhadoleste.com.br\/en\/ricardo-cappelli-sera-ministro-interino-do-gsi\/","og_site_name":"Folha do Leste","article_publisher":"https:\/\/www.facebook.com\/folhadoleste","article_published_time":"2023-04-20T17:11:47+00:00","og_image":[{"width":1170,"height":700,"url":"https:\/\/folhadoleste.com.br\/wp-content\/uploads\/2023\/04\/Ricardo-Cappelli-sera-ministro-interino-do-GSI-Fernando-Frazao-Agencia-Brasil.jpg","type":"image\/jpeg"}],"author":"Folha do Leste","twitter_card":"summary_large_image","twitter_creator":"@FolhadoLesteRJ","twitter_site":"@FolhadoLesteRJ","twitter_misc":{"Written by":"Folha do Leste","Est. reading time":"2 minutes"},"schema":{"@context":"https:\/\/schema.org","@graph":[{"@type":"NewsArticle","@id":"https:\/\/folhadoleste.com.br\/ricardo-cappelli-sera-ministro-interino-do-gsi\/#article","isPartOf":{"@id":"https:\/\/folhadoleste.com.br\/ricardo-cappelli-sera-ministro-interino-do-gsi\/"},"author":{"name":"Folha do Leste","@id":"https:\/\/folhadoleste.com.br\/#\/schema\/person\/3e97145b2e1861276e84471aa85a3899"},"headline":"Ricardo Cappelli ser\u00e1 ministro interino do GSI","datePublished":"2023-04-20T17:11:47+00:00","mainEntityOfPage":{"@id":"https:\/\/folhadoleste.com.br\/ricardo-cappelli-sera-ministro-interino-do-gsi\/"},"wordCount":285,"commentCount":2,"publisher":{"@id":"https:\/\/folhadoleste.com.br\/#organization"},"image":{"@id":"https:\/\/folhadoleste.com.br\/ricardo-cappelli-sera-ministro-interino-do-gsi\/#primaryimage"},"thumbnailUrl":"https:\/\/folhadoleste.com.br\/wp-content\/uploads\/2023\/04\/Ricardo-Cappelli-sera-ministro-interino-do-GSI-Fernando-Frazao-Agencia-Brasil.jpg","keywords":["Ministerio da justi\u00e7a","Ministro interino do GSI","Novo Ministro interino do GSI","pol\u00edtica","Ricardo Cappelli"],"articleSection":["Pol\u00edtica"],"inLanguage":"en-US","potentialAction":[{"@type":"CommentAction","name":"Comment","target":["https:\/\/folhadoleste.com.br\/ricardo-cappelli-sera-ministro-interino-do-gsi\/#respond"]}]},{"@type":"WebPage","@id":"https:\/\/folhadoleste.com.br\/ricardo-cappelli-sera-ministro-interino-do-gsi\/","url":"https:\/\/folhadoleste.com.br\/ricardo-cappelli-sera-ministro-interino-do-gsi\/","name":"Ricardo Cappelli ser\u00e1 ministro interino do GSI &#8226; Folha do Leste","isPartOf":{"@id":"https:\/\/folhadoleste.com.br\/#website"},"primaryImageOfPage":{"@id":"https:\/\/folhadoleste.com.br\/ricardo-cappelli-sera-ministro-interino-do-gsi\/#primaryimage"},"image":{"@id":"https:\/\/folhadoleste.com.br\/ricardo-cappelli-sera-ministro-interino-do-gsi\/#primaryimage"},"thumbnailUrl":"https:\/\/folhadoleste.com.br\/wp-content\/uploads\/2023\/04\/Ricardo-Cappelli-sera-ministro-interino-do-GSI-Fernando-Frazao-Agencia-Brasil.jpg","datePublished":"2023-04-20T17:11:47+00:00","description":"O secret\u00e1rio executivo do Minist\u00e9rio da Justi\u00e7a, Ricardo Cappelli, ser\u00e1 o chefe interino do Gabinete de Seguran\u00e7a Institucional (GSI). A informa\u00e7\u00e3o foi divulgada pelo ministro da Secretaria de Comunica\u00e7\u00e3o Social, Paulo Pimenta, no Twitter.","breadcrumb":{"@id":"https:\/\/folhadoleste.com.br\/ricardo-cappelli-sera-ministro-interino-do-gsi\/#breadcrumb"},"inLanguage":"en-US","potentialAction":[{"@type":"ReadAction","target":["https:\/\/folhadoleste.com.br\/ricardo-cappelli-sera-ministro-interino-do-gsi\/"]}]},{"@type":"ImageObject","inLanguage":"en-US","@id":"https:\/\/folhadoleste.com.br\/ricardo-cappelli-sera-ministro-interino-do-gsi\/#primaryimage","url":"https:\/\/folhadoleste.com.br\/wp-content\/uploads\/2023\/04\/Ricardo-Cappelli-sera-ministro-interino-do-GSI-Fernando-Frazao-Agencia-Brasil.jpg","contentUrl":"https:\/\/folhadoleste.com.br\/wp-content\/uploads\/2023\/04\/Ricardo-Cappelli-sera-ministro-interino-do-GSI-Fernando-Frazao-Agencia-Brasil.jpg","width":1170,"height":700},{"@type":"BreadcrumbList","@id":"https:\/\/folhadoleste.com.br\/ricardo-cappelli-sera-ministro-interino-do-gsi\/#breadcrumb","itemListElement":[{"@type":"ListItem","position":1,"name":"In\u00edcio","item":"https:\/\/folhadoleste.com.br\/"},{"@type":"ListItem","position":2,"name":"Brasil","item":"https:\/\/folhadoleste.com.br\/category\/brasil\/"},{"@type":"ListItem","position":3,"name":"Pol\u00edtica","item":"https:\/\/folhadoleste.com.br\/category\/brasil\/politica\/"},{"@type":"ListItem","position":4,"name":"Ricardo Cappelli ser\u00e1 ministro interino do GSI"}]},{"@type":"WebSite","@id":"https:\/\/folhadoleste.com.br\/#website","url":"https:\/\/folhadoleste.com.br\/","name":"Folha do Leste","description":"Portal de Not\u00edcias com \u00eanfase em Niter\u00f3i, criando conte\u00fados desde a capital Rio de Janeiro, com olhar para o Leste Fluminense e suas cidades como S\u00e3o Gon\u00e7alo, Itabora\u00ed, Rio Bonito, Maric\u00e1, Saquarema e Araruama","publisher":{"@id":"https:\/\/folhadoleste.com.br\/#organization"},"alternateName":"FL","potentialAction":[{"@type":"SearchAction","target":{"@type":"EntryPoint","urlTemplate":"https:\/\/folhadoleste.com.br\/?s={search_term_string}"},"query-input":{"@type":"PropertyValueSpecification","valueRequired":true,"valueName":"search_term_string"}}],"inLanguage":"en-US"},{"@type":"Organization","@id":"https:\/\/folhadoleste.com.br\/#organization","name":"Brasil 21 Comunica\u00e7\u00e3o","alternateName":"BR21","url":"https:\/\/folhadoleste.com.br\/","logo":{"@type":"ImageObject","inLanguage":"en-US","@id":"https:\/\/folhadoleste.com.br\/#\/schema\/logo\/image\/","url":"https:\/\/folhadoleste.com.br\/wp-content\/uploads\/2025\/12\/brasil-21-logomarca.avif","contentUrl":"https:\/\/folhadoleste.com.br\/wp-content\/uploads\/2025\/12\/brasil-21-logomarca.avif","width":1044,"height":1044,"caption":"Brasil 21 Comunica\u00e7\u00e3o"},"image":{"@id":"https:\/\/folhadoleste.com.br\/#\/schema\/logo\/image\/"},"sameAs":["https:\/\/www.facebook.com\/folhadoleste","https:\/\/x.com\/FolhadoLesteRJ","https:\/\/www.instagram.com\/folhadoleste\/"]},{"@type":"Person","@id":"https:\/\/folhadoleste.com.br\/#\/schema\/person\/3e97145b2e1861276e84471aa85a3899","name":"Folha do Leste","image":{"@type":"ImageObject","inLanguage":"en-US","@id":"https:\/\/folhadoleste.com.br\/wp-content\/litespeed\/avatar\/1ca8c218432e7045e748610eb3db0259.jpg?ver=1777161142","url":"https:\/\/folhadoleste.com.br\/wp-content\/litespeed\/avatar\/1ca8c218432e7045e748610eb3db0259.jpg?ver=1777161142","contentUrl":"https:\/\/folhadoleste.com.br\/wp-content\/litespeed\/avatar\/1ca8c218432e7045e748610eb3db0259.jpg?ver=1777161142","caption":"Folha do Leste"},"url":"https:\/\/folhadoleste.com.br\/en\/author\/reportagem-01\/"}]}},"_links":{"self":[{"href":"https:\/\/folhadoleste.com.br\/en\/wp-json\/wp\/v2\/posts\/2629","targetHints":{"allow":["GET"]}}],"collection":[{"href":"https:\/\/folhadoleste.com.br\/en\/wp-json\/wp\/v2\/posts"}],"about":[{"href":"https:\/\/folhadoleste.com.br\/en\/wp-json\/wp\/v2\/types\/post"}],"author":[{"embeddable":true,"href":"https:\/\/folhadoleste.com.br\/en\/wp-json\/wp\/v2\/users\/4"}],"replies":[{"embeddable":true,"href":"https:\/\/folhadoleste.com.br\/en\/wp-json\/wp\/v2\/comments?post=2629"}],"version-history":[{"count":1,"href":"https:\/\/folhadoleste.com.br\/en\/wp-json\/wp\/v2\/posts\/2629\/revisions"}],"predecessor-version":[{"id":2631,"href":"https:\/\/folhadoleste.com.br\/en\/wp-json\/wp\/v2\/posts\/2629\/revisions\/2631"}],"wp:featuredmedia":[{"embeddable":true,"href":"https:\/\/folhadoleste.com.br\/en\/wp-json\/wp\/v2\/media\/2630"}],"wp:attachment":[{"href":"https:\/\/folhadoleste.com.br\/en\/wp-json\/wp\/v2\/media?parent=2629"}],"wp:term":[{"taxonomy":"category","embeddable":true,"href":"https:\/\/folhadoleste.com.br\/en\/wp-json\/wp\/v2\/categories?post=2629"},{"taxonomy":"post_tag","embeddable":true,"href":"https:\/\/folhadoleste.com.br\/en\/wp-json\/wp\/v2\/tags?post=2629"}],"curies":[{"name":"wp","href":"https:\/\/api.w.org\/{rel}","templated":true}]}}