{"id":2521,"date":"2023-04-19T09:37:32","date_gmt":"2023-04-19T12:37:32","guid":{"rendered":"https:\/\/folhadoleste.com.br\/?p=2521"},"modified":"2023-04-19T09:37:32","modified_gmt":"2023-04-19T12:37:32","slug":"arcabouco-fiscal-estancara-sangria-nas-contas-publicas-diz-haddad","status":"publish","type":"post","link":"https:\/\/folhadoleste.com.br\/en\/arcabouco-fiscal-estancara-sangria-nas-contas-publicas-diz-haddad\/","title":{"rendered":"Arcabou\u00e7o fiscal estancar\u00e1 sangria nas contas p\u00fablicas, diz Haddad"},"content":{"rendered":"<p>A constru\u00e7\u00e3o do novo arcabou\u00e7o fiscal que substituir\u00e1 o teto de gastos ocorreu com di\u00e1logo e com razoabilidade, disse nesta ter\u00e7a-feira (18) o ministro da Fazenda, Fernando Haddad. Ele falou a jornalistas no Pal\u00e1cio do Planalto, ap\u00f3s o envio da proposta ao Congresso, e disse que as novas regras e as medidas provis\u00f3rias encaminhadas ao longo do ano estancar\u00e3o a sangria nas contas p\u00fablicas.<\/p>\n<p>Segundo o ministro, a nova regra fiscal s\u00f3 funcionar\u00e1 se o Congresso aprovar toda a agenda de mudan\u00e7as propostas pelo governo. \u201cN\u00e3o estamos entregando para a C\u00e2mara e o Senado s\u00f3 uma nova lei de responsabilidade [fiscal]. Estamos trabalhando junto \u00e0s Casas as medidas provis\u00f3rias e os projetos de lei em tramita\u00e7\u00e3o e os que v\u00e3o ser encaminhados ao longo das pr\u00f3ximas semanas. S\u00e3o contas bilion\u00e1rias que precisam ser ajustadas definitivamente. O Brasil n\u00e3o aguenta mais tanta sangria. \u00c9 muita sangria\u201d.<\/p>\n<p>Ao lado do presidente da C\u00e2mara dos Deputados, Arthur Lira, o ministro da Fazenda disse desejar a aprova\u00e7\u00e3o do novo arcabou\u00e7o fiscal ainda no primeiro semestre. Segundo Haddad, isso facilitaria a elabora\u00e7\u00e3o do Or\u00e7amento de 2024, a ser enviado at\u00e9 o fim de agosto.<\/p>\n<p>\u201cA C\u00e2mara tem o seu rito. Tenho uma rela\u00e7\u00e3o respeitosa com a Casa. Sempre me coloquei \u00e0 disposi\u00e7\u00e3o dos l\u00edderes, inclusive de oposi\u00e7\u00e3o. Quanto aos temas de que alguns discordam, \u00e9 o jogo democr\u00e1tico que vai definir o placar\u201d, disse Haddad.<\/p>\n<p>O ministro admitiu que o projeto de lei complementar, que requer aprova\u00e7\u00e3o por maioria absoluta no Congresso, n\u00e3o ter\u00e1 tramita\u00e7\u00e3o f\u00e1cil. No entanto, lembrou que temas complexos, como a Emenda Constitucional da Transi\u00e7\u00e3o, foram aprovados e pediu articula\u00e7\u00e3o do Congresso para tamb\u00e9m aprovar a reforma tribut\u00e1ria.<\/p>\n<p>\u201cN\u00e3o s\u00e3o coisas f\u00e1ceis de votar. A PEC [Proposta de Emenda \u00e0 Constitui\u00e7\u00e3o] da Transi\u00e7\u00e3o n\u00e3o foi f\u00e1cil. O arcabou\u00e7o tem uma constru\u00e7\u00e3o complexa, \u00e9 uma mudan\u00e7a de regra que na minha opini\u00e3o vem para melhorar a gest\u00e3o p\u00fablica. Temos, al\u00e9m da regra em si, um conjunto de medidas para garantir o equil\u00edbrio fiscal o ano que vem. E depois a reforma tribut\u00e1ria que vem para garantir a sustentabilidade de longo prazo da base fiscal do Estado brasileiro\u201d, detalhou.<\/p>\n<h2>Sustentabilidade<\/h2>\n<p>Na avalia\u00e7\u00e3o de Haddad, o novo arcabou\u00e7o, que limita o crescimento real (acima da infla\u00e7\u00e3o) dos\u00a0gastos a 70% do crescimento real\u00a0da receita l\u00edquida em 12 meses, num intervalo de crescimento de 0,6% a 2,5% ao ano, levar\u00e1 o pa\u00eds em dire\u00e7\u00e3o ao crescimento sustent\u00e1vel.<\/p>\n<blockquote><p>\u201cTemos que ter um Or\u00e7amento em que seja fixada a despesa como propor\u00e7\u00e3o do PIB [Produto Interno Bruto] e que tenha estabilidade no tempo. Estamos atuando com os tribunais superiores, com o pr\u00f3prio Executivo para garantir essa nova etapa da economia brasileira. Com or\u00e7amento equilibrado, finan\u00e7as robustas, a margem que j\u00e1 est\u00e1 para l\u00e1 de dada de redu\u00e7\u00e3o da taxa de juros, o pa\u00eds voltar a crescer de maneira socialmente sustent\u00e1vel e fiscalmente sustent\u00e1vel\u201d, destacou Haddad.<\/p><\/blockquote>\n<p>Para garantir a meta de zerar o d\u00e9ficit prim\u00e1rio (resultado das contas do governo sem os juros da d\u00edvida p\u00fablica) em 2024, o governo precisar\u00e1 arrecadar R$ 155 bilh\u00f5es a mais no pr\u00f3ximo ano. Como meio de melhorar o caixa do governo no pr\u00f3ximo ano e garantir o cumprimento do arcabou\u00e7o fiscal, o ministro defendeu a revis\u00e3o de parte dos incentivos fiscais.<\/p>\n<p>\u201cH\u00e1 quase R$ 600 bilh\u00f5es em\u00a0ren\u00fancia fiscal [em que o governo deixa de arrecadar] no Or\u00e7amento Federal, e o Brasil quer rever apenas um quarto dessa ren\u00fancia para garantir a sustentabilidade fiscal do pa\u00eds\u201d, comentou o ministro.<\/p>\n<p>&nbsp;<\/p>\n<p><em>Fonte: Ag\u00eancia Brasil<\/em><\/p>\n","protected":false},"excerpt":{"rendered":"<p>A constru\u00e7\u00e3o do novo arcabou\u00e7o fiscal que substituir\u00e1 o teto de gastos ocorreu com di\u00e1logo e com razoabilidade, disse nesta ter\u00e7a-feira (18) o ministro da Fazenda, Fernando Haddad. Ele falou a jornalistas no Pal\u00e1cio do Planalto, ap\u00f3s o envio da proposta ao Congresso, e disse que as novas regras e as medidas provis\u00f3rias encaminhadas ao longo do ano estancar\u00e3o a sangria nas contas p\u00fablicas. Segundo o ministro, a nova regra fiscal s\u00f3 funcionar\u00e1 se o Congresso aprovar toda a agenda de mudan\u00e7as propostas pelo governo. \u201cN\u00e3o estamos entregando para a C\u00e2mara e o Senado s\u00f3 uma nova lei de responsabilidade [&hellip;]<\/p>\n","protected":false},"author":4,"featured_media":2522,"comment_status":"open","ping_status":"open","sticky":false,"template":"","format":"standard","meta":{"footnotes":""},"categories":[115],"tags":[855,1017,1018,116],"class_list":["post-2521","post","type-post","status-publish","format-standard","has-post-thumbnail","hentry","category-politica","tag-arcabouco-fiscal","tag-fernando-haddad","tag-ministro-da-fazenda","tag-politica","post--single"],"yoast_head":"<!-- This site is optimized with the Yoast SEO plugin v27.4 - https:\/\/yoast.com\/product\/yoast-seo-wordpress\/ -->\n<title>Arcabou\u00e7o fiscal estancar\u00e1 sangria nas contas p\u00fablicas, diz Haddad &#8226; Folha do Leste<\/title>\n<meta name=\"description\" content=\"A constru\u00e7\u00e3o do novo arcabou\u00e7o fiscal que substituir\u00e1 o teto de gastos ocorreu com di\u00e1logo e com razoabilidade, disse nesta ter\u00e7a-feira (18) o ministro da Fazenda, Fernando Haddad.\" \/>\n<meta name=\"robots\" content=\"index, follow, max-snippet:-1, max-image-preview:large, max-video-preview:-1\" \/>\n<link rel=\"canonical\" href=\"https:\/\/folhadoleste.com.br\/en\/arcabouco-fiscal-estancara-sangria-nas-contas-publicas-diz-haddad\/\" \/>\n<meta property=\"og:locale\" content=\"en_US\" \/>\n<meta property=\"og:type\" content=\"article\" \/>\n<meta property=\"og:title\" content=\"Arcabou\u00e7o fiscal estancar\u00e1 sangria nas contas p\u00fablicas, diz Haddad &#8226; Folha do Leste\" \/>\n<meta property=\"og:description\" content=\"A constru\u00e7\u00e3o do novo arcabou\u00e7o fiscal que substituir\u00e1 o teto de gastos ocorreu com di\u00e1logo e com razoabilidade, disse nesta ter\u00e7a-feira (18) o ministro da Fazenda, Fernando Haddad.\" \/>\n<meta property=\"og:url\" content=\"https:\/\/folhadoleste.com.br\/en\/arcabouco-fiscal-estancara-sangria-nas-contas-publicas-diz-haddad\/\" \/>\n<meta property=\"og:site_name\" content=\"Folha do Leste\" \/>\n<meta property=\"article:publisher\" content=\"https:\/\/www.facebook.com\/folhadoleste\" \/>\n<meta property=\"article:published_time\" content=\"2023-04-19T12:37:32+00:00\" \/>\n<meta property=\"og:image\" content=\"https:\/\/folhadoleste.com.br\/wp-content\/uploads\/2023\/04\/Arcabouco-fiscal-estancara-sangria-nas-contas-publicas-diz-Haddad-Jozdson-Alves-Agencia-Brasil.jpg\" \/>\n\t<meta property=\"og:image:width\" content=\"1170\" \/>\n\t<meta property=\"og:image:height\" content=\"700\" \/>\n\t<meta property=\"og:image:type\" content=\"image\/jpeg\" \/>\n<meta name=\"author\" content=\"Folha do Leste\" \/>\n<meta name=\"twitter:card\" content=\"summary_large_image\" \/>\n<meta name=\"twitter:creator\" content=\"@FolhadoLesteRJ\" \/>\n<meta name=\"twitter:site\" content=\"@FolhadoLesteRJ\" \/>\n<meta name=\"twitter:label1\" content=\"Written by\" \/>\n\t<meta name=\"twitter:data1\" content=\"Folha do Leste\" \/>\n\t<meta name=\"twitter:label2\" content=\"Est. reading time\" \/>\n\t<meta name=\"twitter:data2\" content=\"4 minutes\" \/>\n<script type=\"application\/ld+json\" class=\"yoast-schema-graph\">{\"@context\":\"https:\\\/\\\/schema.org\",\"@graph\":[{\"@type\":\"NewsArticle\",\"@id\":\"https:\\\/\\\/folhadoleste.com.br\\\/arcabouco-fiscal-estancara-sangria-nas-contas-publicas-diz-haddad\\\/#article\",\"isPartOf\":{\"@id\":\"https:\\\/\\\/folhadoleste.com.br\\\/arcabouco-fiscal-estancara-sangria-nas-contas-publicas-diz-haddad\\\/\"},\"author\":{\"name\":\"Folha do Leste\",\"@id\":\"https:\\\/\\\/folhadoleste.com.br\\\/#\\\/schema\\\/person\\\/3e97145b2e1861276e84471aa85a3899\"},\"headline\":\"Arcabou\u00e7o fiscal estancar\u00e1 sangria nas contas p\u00fablicas, diz Haddad\",\"datePublished\":\"2023-04-19T12:37:32+00:00\",\"mainEntityOfPage\":{\"@id\":\"https:\\\/\\\/folhadoleste.com.br\\\/arcabouco-fiscal-estancara-sangria-nas-contas-publicas-diz-haddad\\\/\"},\"wordCount\":664,\"commentCount\":0,\"publisher\":{\"@id\":\"https:\\\/\\\/folhadoleste.com.br\\\/#organization\"},\"image\":{\"@id\":\"https:\\\/\\\/folhadoleste.com.br\\\/arcabouco-fiscal-estancara-sangria-nas-contas-publicas-diz-haddad\\\/#primaryimage\"},\"thumbnailUrl\":\"https:\\\/\\\/folhadoleste.com.br\\\/wp-content\\\/uploads\\\/2023\\\/04\\\/Arcabouco-fiscal-estancara-sangria-nas-contas-publicas-diz-Haddad-Jozdson-Alves-Agencia-Brasil.jpg\",\"keywords\":[\"Arcabou\u00e7o fiscal\",\"Fernando Haddad\",\"Ministro da Fazenda\",\"pol\u00edtica\"],\"articleSection\":[\"Pol\u00edtica\"],\"inLanguage\":\"en-US\",\"potentialAction\":[{\"@type\":\"CommentAction\",\"name\":\"Comment\",\"target\":[\"https:\\\/\\\/folhadoleste.com.br\\\/arcabouco-fiscal-estancara-sangria-nas-contas-publicas-diz-haddad\\\/#respond\"]}]},{\"@type\":\"WebPage\",\"@id\":\"https:\\\/\\\/folhadoleste.com.br\\\/arcabouco-fiscal-estancara-sangria-nas-contas-publicas-diz-haddad\\\/\",\"url\":\"https:\\\/\\\/folhadoleste.com.br\\\/arcabouco-fiscal-estancara-sangria-nas-contas-publicas-diz-haddad\\\/\",\"name\":\"Arcabou\u00e7o fiscal estancar\u00e1 sangria nas contas p\u00fablicas, diz Haddad &#8226; Folha do Leste\",\"isPartOf\":{\"@id\":\"https:\\\/\\\/folhadoleste.com.br\\\/#website\"},\"primaryImageOfPage\":{\"@id\":\"https:\\\/\\\/folhadoleste.com.br\\\/arcabouco-fiscal-estancara-sangria-nas-contas-publicas-diz-haddad\\\/#primaryimage\"},\"image\":{\"@id\":\"https:\\\/\\\/folhadoleste.com.br\\\/arcabouco-fiscal-estancara-sangria-nas-contas-publicas-diz-haddad\\\/#primaryimage\"},\"thumbnailUrl\":\"https:\\\/\\\/folhadoleste.com.br\\\/wp-content\\\/uploads\\\/2023\\\/04\\\/Arcabouco-fiscal-estancara-sangria-nas-contas-publicas-diz-Haddad-Jozdson-Alves-Agencia-Brasil.jpg\",\"datePublished\":\"2023-04-19T12:37:32+00:00\",\"description\":\"A constru\u00e7\u00e3o do novo arcabou\u00e7o fiscal que substituir\u00e1 o teto de gastos ocorreu com di\u00e1logo e com razoabilidade, disse nesta ter\u00e7a-feira (18) o ministro da Fazenda, Fernando Haddad.\",\"breadcrumb\":{\"@id\":\"https:\\\/\\\/folhadoleste.com.br\\\/arcabouco-fiscal-estancara-sangria-nas-contas-publicas-diz-haddad\\\/#breadcrumb\"},\"inLanguage\":\"en-US\",\"potentialAction\":[{\"@type\":\"ReadAction\",\"target\":[\"https:\\\/\\\/folhadoleste.com.br\\\/arcabouco-fiscal-estancara-sangria-nas-contas-publicas-diz-haddad\\\/\"]}]},{\"@type\":\"ImageObject\",\"inLanguage\":\"en-US\",\"@id\":\"https:\\\/\\\/folhadoleste.com.br\\\/arcabouco-fiscal-estancara-sangria-nas-contas-publicas-diz-haddad\\\/#primaryimage\",\"url\":\"https:\\\/\\\/folhadoleste.com.br\\\/wp-content\\\/uploads\\\/2023\\\/04\\\/Arcabouco-fiscal-estancara-sangria-nas-contas-publicas-diz-Haddad-Jozdson-Alves-Agencia-Brasil.jpg\",\"contentUrl\":\"https:\\\/\\\/folhadoleste.com.br\\\/wp-content\\\/uploads\\\/2023\\\/04\\\/Arcabouco-fiscal-estancara-sangria-nas-contas-publicas-diz-Haddad-Jozdson-Alves-Agencia-Brasil.jpg\",\"width\":1170,\"height\":700,\"caption\":\"Bras\u2019lia (DF) 18\\\/04\\\/2023 - O presidente da Camara dos Deputados, Arthur Lira (d) e o ministro da Fazenda, Fernando Haddad (e) durante coletiva para explicar os tramites do arcabou\u008do fiscal que segue agora para o Congresso Nacional. Foto: Jo\u00e9dson Alves\\\/Ag\u00eancia Brasil\"},{\"@type\":\"BreadcrumbList\",\"@id\":\"https:\\\/\\\/folhadoleste.com.br\\\/arcabouco-fiscal-estancara-sangria-nas-contas-publicas-diz-haddad\\\/#breadcrumb\",\"itemListElement\":[{\"@type\":\"ListItem\",\"position\":1,\"name\":\"In\u00edcio\",\"item\":\"https:\\\/\\\/folhadoleste.com.br\\\/\"},{\"@type\":\"ListItem\",\"position\":2,\"name\":\"Brasil\",\"item\":\"https:\\\/\\\/folhadoleste.com.br\\\/category\\\/brasil\\\/\"},{\"@type\":\"ListItem\",\"position\":3,\"name\":\"Pol\u00edtica\",\"item\":\"https:\\\/\\\/folhadoleste.com.br\\\/category\\\/brasil\\\/politica\\\/\"},{\"@type\":\"ListItem\",\"position\":4,\"name\":\"Arcabou\u00e7o fiscal estancar\u00e1 sangria nas contas p\u00fablicas, diz Haddad\"}]},{\"@type\":\"WebSite\",\"@id\":\"https:\\\/\\\/folhadoleste.com.br\\\/#website\",\"url\":\"https:\\\/\\\/folhadoleste.com.br\\\/\",\"name\":\"Folha do Leste\",\"description\":\"Portal de Not\u00edcias com \u00eanfase em Niter\u00f3i, criando conte\u00fados desde a capital Rio de Janeiro, com olhar para o Leste Fluminense e suas cidades como S\u00e3o Gon\u00e7alo, Itabora\u00ed, Rio Bonito, Maric\u00e1, Saquarema e Araruama\",\"publisher\":{\"@id\":\"https:\\\/\\\/folhadoleste.com.br\\\/#organization\"},\"alternateName\":\"FL\",\"potentialAction\":[{\"@type\":\"SearchAction\",\"target\":{\"@type\":\"EntryPoint\",\"urlTemplate\":\"https:\\\/\\\/folhadoleste.com.br\\\/?s={search_term_string}\"},\"query-input\":{\"@type\":\"PropertyValueSpecification\",\"valueRequired\":true,\"valueName\":\"search_term_string\"}}],\"inLanguage\":\"en-US\"},{\"@type\":\"Organization\",\"@id\":\"https:\\\/\\\/folhadoleste.com.br\\\/#organization\",\"name\":\"Brasil 21 Comunica\u00e7\u00e3o\",\"alternateName\":\"BR21\",\"url\":\"https:\\\/\\\/folhadoleste.com.br\\\/\",\"logo\":{\"@type\":\"ImageObject\",\"inLanguage\":\"en-US\",\"@id\":\"https:\\\/\\\/folhadoleste.com.br\\\/#\\\/schema\\\/logo\\\/image\\\/\",\"url\":\"https:\\\/\\\/folhadoleste.com.br\\\/wp-content\\\/uploads\\\/2025\\\/12\\\/brasil-21-logomarca.avif\",\"contentUrl\":\"https:\\\/\\\/folhadoleste.com.br\\\/wp-content\\\/uploads\\\/2025\\\/12\\\/brasil-21-logomarca.avif\",\"width\":1044,\"height\":1044,\"caption\":\"Brasil 21 Comunica\u00e7\u00e3o\"},\"image\":{\"@id\":\"https:\\\/\\\/folhadoleste.com.br\\\/#\\\/schema\\\/logo\\\/image\\\/\"},\"sameAs\":[\"https:\\\/\\\/www.facebook.com\\\/folhadoleste\",\"https:\\\/\\\/x.com\\\/FolhadoLesteRJ\",\"https:\\\/\\\/www.instagram.com\\\/folhadoleste\\\/\"]},{\"@type\":\"Person\",\"@id\":\"https:\\\/\\\/folhadoleste.com.br\\\/#\\\/schema\\\/person\\\/3e97145b2e1861276e84471aa85a3899\",\"name\":\"Folha do Leste\",\"image\":{\"@type\":\"ImageObject\",\"inLanguage\":\"en-US\",\"@id\":\"https:\\\/\\\/folhadoleste.com.br\\\/wp-content\\\/litespeed\\\/avatar\\\/1ca8c218432e7045e748610eb3db0259.jpg?ver=1777161142\",\"url\":\"https:\\\/\\\/folhadoleste.com.br\\\/wp-content\\\/litespeed\\\/avatar\\\/1ca8c218432e7045e748610eb3db0259.jpg?ver=1777161142\",\"contentUrl\":\"https:\\\/\\\/folhadoleste.com.br\\\/wp-content\\\/litespeed\\\/avatar\\\/1ca8c218432e7045e748610eb3db0259.jpg?ver=1777161142\",\"caption\":\"Folha do Leste\"},\"url\":\"https:\\\/\\\/folhadoleste.com.br\\\/en\\\/author\\\/reportagem-01\\\/\"}]}<\/script>\n<!-- \/ Yoast SEO plugin. -->","yoast_head_json":{"title":"Arcabou\u00e7o fiscal estancar\u00e1 sangria nas contas p\u00fablicas, diz Haddad &#8226; Folha do Leste","description":"A constru\u00e7\u00e3o do novo arcabou\u00e7o fiscal que substituir\u00e1 o teto de gastos ocorreu com di\u00e1logo e com razoabilidade, disse nesta ter\u00e7a-feira (18) o ministro da Fazenda, Fernando Haddad.","robots":{"index":"index","follow":"follow","max-snippet":"max-snippet:-1","max-image-preview":"max-image-preview:large","max-video-preview":"max-video-preview:-1"},"canonical":"https:\/\/folhadoleste.com.br\/en\/arcabouco-fiscal-estancara-sangria-nas-contas-publicas-diz-haddad\/","og_locale":"en_US","og_type":"article","og_title":"Arcabou\u00e7o fiscal estancar\u00e1 sangria nas contas p\u00fablicas, diz Haddad &#8226; Folha do Leste","og_description":"A constru\u00e7\u00e3o do novo arcabou\u00e7o fiscal que substituir\u00e1 o teto de gastos ocorreu com di\u00e1logo e com razoabilidade, disse nesta ter\u00e7a-feira (18) o ministro da Fazenda, Fernando Haddad.","og_url":"https:\/\/folhadoleste.com.br\/en\/arcabouco-fiscal-estancara-sangria-nas-contas-publicas-diz-haddad\/","og_site_name":"Folha do Leste","article_publisher":"https:\/\/www.facebook.com\/folhadoleste","article_published_time":"2023-04-19T12:37:32+00:00","og_image":[{"width":1170,"height":700,"url":"https:\/\/folhadoleste.com.br\/wp-content\/uploads\/2023\/04\/Arcabouco-fiscal-estancara-sangria-nas-contas-publicas-diz-Haddad-Jozdson-Alves-Agencia-Brasil.jpg","type":"image\/jpeg"}],"author":"Folha do Leste","twitter_card":"summary_large_image","twitter_creator":"@FolhadoLesteRJ","twitter_site":"@FolhadoLesteRJ","twitter_misc":{"Written by":"Folha do Leste","Est. reading time":"4 minutes"},"schema":{"@context":"https:\/\/schema.org","@graph":[{"@type":"NewsArticle","@id":"https:\/\/folhadoleste.com.br\/arcabouco-fiscal-estancara-sangria-nas-contas-publicas-diz-haddad\/#article","isPartOf":{"@id":"https:\/\/folhadoleste.com.br\/arcabouco-fiscal-estancara-sangria-nas-contas-publicas-diz-haddad\/"},"author":{"name":"Folha do Leste","@id":"https:\/\/folhadoleste.com.br\/#\/schema\/person\/3e97145b2e1861276e84471aa85a3899"},"headline":"Arcabou\u00e7o fiscal estancar\u00e1 sangria nas contas p\u00fablicas, diz Haddad","datePublished":"2023-04-19T12:37:32+00:00","mainEntityOfPage":{"@id":"https:\/\/folhadoleste.com.br\/arcabouco-fiscal-estancara-sangria-nas-contas-publicas-diz-haddad\/"},"wordCount":664,"commentCount":0,"publisher":{"@id":"https:\/\/folhadoleste.com.br\/#organization"},"image":{"@id":"https:\/\/folhadoleste.com.br\/arcabouco-fiscal-estancara-sangria-nas-contas-publicas-diz-haddad\/#primaryimage"},"thumbnailUrl":"https:\/\/folhadoleste.com.br\/wp-content\/uploads\/2023\/04\/Arcabouco-fiscal-estancara-sangria-nas-contas-publicas-diz-Haddad-Jozdson-Alves-Agencia-Brasil.jpg","keywords":["Arcabou\u00e7o fiscal","Fernando Haddad","Ministro da Fazenda","pol\u00edtica"],"articleSection":["Pol\u00edtica"],"inLanguage":"en-US","potentialAction":[{"@type":"CommentAction","name":"Comment","target":["https:\/\/folhadoleste.com.br\/arcabouco-fiscal-estancara-sangria-nas-contas-publicas-diz-haddad\/#respond"]}]},{"@type":"WebPage","@id":"https:\/\/folhadoleste.com.br\/arcabouco-fiscal-estancara-sangria-nas-contas-publicas-diz-haddad\/","url":"https:\/\/folhadoleste.com.br\/arcabouco-fiscal-estancara-sangria-nas-contas-publicas-diz-haddad\/","name":"Arcabou\u00e7o fiscal estancar\u00e1 sangria nas contas p\u00fablicas, diz Haddad &#8226; Folha do Leste","isPartOf":{"@id":"https:\/\/folhadoleste.com.br\/#website"},"primaryImageOfPage":{"@id":"https:\/\/folhadoleste.com.br\/arcabouco-fiscal-estancara-sangria-nas-contas-publicas-diz-haddad\/#primaryimage"},"image":{"@id":"https:\/\/folhadoleste.com.br\/arcabouco-fiscal-estancara-sangria-nas-contas-publicas-diz-haddad\/#primaryimage"},"thumbnailUrl":"https:\/\/folhadoleste.com.br\/wp-content\/uploads\/2023\/04\/Arcabouco-fiscal-estancara-sangria-nas-contas-publicas-diz-Haddad-Jozdson-Alves-Agencia-Brasil.jpg","datePublished":"2023-04-19T12:37:32+00:00","description":"A constru\u00e7\u00e3o do novo arcabou\u00e7o fiscal que substituir\u00e1 o teto de gastos ocorreu com di\u00e1logo e com razoabilidade, disse nesta ter\u00e7a-feira (18) o ministro da Fazenda, Fernando Haddad.","breadcrumb":{"@id":"https:\/\/folhadoleste.com.br\/arcabouco-fiscal-estancara-sangria-nas-contas-publicas-diz-haddad\/#breadcrumb"},"inLanguage":"en-US","potentialAction":[{"@type":"ReadAction","target":["https:\/\/folhadoleste.com.br\/arcabouco-fiscal-estancara-sangria-nas-contas-publicas-diz-haddad\/"]}]},{"@type":"ImageObject","inLanguage":"en-US","@id":"https:\/\/folhadoleste.com.br\/arcabouco-fiscal-estancara-sangria-nas-contas-publicas-diz-haddad\/#primaryimage","url":"https:\/\/folhadoleste.com.br\/wp-content\/uploads\/2023\/04\/Arcabouco-fiscal-estancara-sangria-nas-contas-publicas-diz-Haddad-Jozdson-Alves-Agencia-Brasil.jpg","contentUrl":"https:\/\/folhadoleste.com.br\/wp-content\/uploads\/2023\/04\/Arcabouco-fiscal-estancara-sangria-nas-contas-publicas-diz-Haddad-Jozdson-Alves-Agencia-Brasil.jpg","width":1170,"height":700,"caption":"Bras\u2019lia (DF) 18\/04\/2023 - O presidente da Camara dos Deputados, Arthur Lira (d) e o ministro da Fazenda, Fernando Haddad (e) durante coletiva para explicar os tramites do arcabou\u008do fiscal que segue agora para o Congresso Nacional. Foto: Jo\u00e9dson Alves\/Ag\u00eancia Brasil"},{"@type":"BreadcrumbList","@id":"https:\/\/folhadoleste.com.br\/arcabouco-fiscal-estancara-sangria-nas-contas-publicas-diz-haddad\/#breadcrumb","itemListElement":[{"@type":"ListItem","position":1,"name":"In\u00edcio","item":"https:\/\/folhadoleste.com.br\/"},{"@type":"ListItem","position":2,"name":"Brasil","item":"https:\/\/folhadoleste.com.br\/category\/brasil\/"},{"@type":"ListItem","position":3,"name":"Pol\u00edtica","item":"https:\/\/folhadoleste.com.br\/category\/brasil\/politica\/"},{"@type":"ListItem","position":4,"name":"Arcabou\u00e7o fiscal estancar\u00e1 sangria nas contas p\u00fablicas, diz Haddad"}]},{"@type":"WebSite","@id":"https:\/\/folhadoleste.com.br\/#website","url":"https:\/\/folhadoleste.com.br\/","name":"Folha do Leste","description":"Portal de Not\u00edcias com \u00eanfase em Niter\u00f3i, criando conte\u00fados desde a capital Rio de Janeiro, com olhar para o Leste Fluminense e suas cidades como S\u00e3o Gon\u00e7alo, Itabora\u00ed, Rio Bonito, Maric\u00e1, Saquarema e Araruama","publisher":{"@id":"https:\/\/folhadoleste.com.br\/#organization"},"alternateName":"FL","potentialAction":[{"@type":"SearchAction","target":{"@type":"EntryPoint","urlTemplate":"https:\/\/folhadoleste.com.br\/?s={search_term_string}"},"query-input":{"@type":"PropertyValueSpecification","valueRequired":true,"valueName":"search_term_string"}}],"inLanguage":"en-US"},{"@type":"Organization","@id":"https:\/\/folhadoleste.com.br\/#organization","name":"Brasil 21 Comunica\u00e7\u00e3o","alternateName":"BR21","url":"https:\/\/folhadoleste.com.br\/","logo":{"@type":"ImageObject","inLanguage":"en-US","@id":"https:\/\/folhadoleste.com.br\/#\/schema\/logo\/image\/","url":"https:\/\/folhadoleste.com.br\/wp-content\/uploads\/2025\/12\/brasil-21-logomarca.avif","contentUrl":"https:\/\/folhadoleste.com.br\/wp-content\/uploads\/2025\/12\/brasil-21-logomarca.avif","width":1044,"height":1044,"caption":"Brasil 21 Comunica\u00e7\u00e3o"},"image":{"@id":"https:\/\/folhadoleste.com.br\/#\/schema\/logo\/image\/"},"sameAs":["https:\/\/www.facebook.com\/folhadoleste","https:\/\/x.com\/FolhadoLesteRJ","https:\/\/www.instagram.com\/folhadoleste\/"]},{"@type":"Person","@id":"https:\/\/folhadoleste.com.br\/#\/schema\/person\/3e97145b2e1861276e84471aa85a3899","name":"Folha do Leste","image":{"@type":"ImageObject","inLanguage":"en-US","@id":"https:\/\/folhadoleste.com.br\/wp-content\/litespeed\/avatar\/1ca8c218432e7045e748610eb3db0259.jpg?ver=1777161142","url":"https:\/\/folhadoleste.com.br\/wp-content\/litespeed\/avatar\/1ca8c218432e7045e748610eb3db0259.jpg?ver=1777161142","contentUrl":"https:\/\/folhadoleste.com.br\/wp-content\/litespeed\/avatar\/1ca8c218432e7045e748610eb3db0259.jpg?ver=1777161142","caption":"Folha do Leste"},"url":"https:\/\/folhadoleste.com.br\/en\/author\/reportagem-01\/"}]}},"_links":{"self":[{"href":"https:\/\/folhadoleste.com.br\/en\/wp-json\/wp\/v2\/posts\/2521","targetHints":{"allow":["GET"]}}],"collection":[{"href":"https:\/\/folhadoleste.com.br\/en\/wp-json\/wp\/v2\/posts"}],"about":[{"href":"https:\/\/folhadoleste.com.br\/en\/wp-json\/wp\/v2\/types\/post"}],"author":[{"embeddable":true,"href":"https:\/\/folhadoleste.com.br\/en\/wp-json\/wp\/v2\/users\/4"}],"replies":[{"embeddable":true,"href":"https:\/\/folhadoleste.com.br\/en\/wp-json\/wp\/v2\/comments?post=2521"}],"version-history":[{"count":1,"href":"https:\/\/folhadoleste.com.br\/en\/wp-json\/wp\/v2\/posts\/2521\/revisions"}],"predecessor-version":[{"id":2523,"href":"https:\/\/folhadoleste.com.br\/en\/wp-json\/wp\/v2\/posts\/2521\/revisions\/2523"}],"wp:featuredmedia":[{"embeddable":true,"href":"https:\/\/folhadoleste.com.br\/en\/wp-json\/wp\/v2\/media\/2522"}],"wp:attachment":[{"href":"https:\/\/folhadoleste.com.br\/en\/wp-json\/wp\/v2\/media?parent=2521"}],"wp:term":[{"taxonomy":"category","embeddable":true,"href":"https:\/\/folhadoleste.com.br\/en\/wp-json\/wp\/v2\/categories?post=2521"},{"taxonomy":"post_tag","embeddable":true,"href":"https:\/\/folhadoleste.com.br\/en\/wp-json\/wp\/v2\/tags?post=2521"}],"curies":[{"name":"wp","href":"https:\/\/api.w.org\/{rel}","templated":true}]}}