{"id":25042,"date":"2023-09-11T00:05:33","date_gmt":"2023-09-11T03:05:33","guid":{"rendered":"https:\/\/folhadoleste.com.br\/?p=25042"},"modified":"2023-09-10T20:34:18","modified_gmt":"2023-09-10T23:34:18","slug":"jovem-aluna-da-espcex-e-morta-apos-ser-atingida-por-aviao-ultraleve","status":"publish","type":"post","link":"https:\/\/folhadoleste.com.br\/en\/jovem-aluna-da-espcex-e-morta-apos-ser-atingida-por-aviao-ultraleve\/","title":{"rendered":"Jovem aluna da Espcex \u00e9 morta ap\u00f3s ser atingida por avi\u00e3o ultraleve"},"content":{"rendered":"<div id=\"attachment_25043\" style=\"width: 1210px\" class=\"wp-caption aligncenter\"><img decoding=\"async\" aria-describedby=\"caption-attachment-25043\" class=\"size-full wp-image-25043\" src=\"https:\/\/folhadoleste.com.br\/wp-content\/uploads\/2023\/09\/Jovem-aluna-da-Espcex-e-morta-apos-ser-atingida-por-aviao-ultraleve-Foto-Rede-Social.webp\" alt=\"Jovem aluna da Espcex \u00e9 morta ap\u00f3s ser atingida por avi\u00e3o ultraleve\" width=\"1200\" height=\"1920\" \/><p id=\"caption-attachment-25043\" class=\"wp-caption-text\">Foto: Reprodu\u00e7\u00e3o &#8211; Redes Sociais<\/p><\/div>\n<p>Na \u00faltima sexta-feira (08), o Rio de Janeiro presenciou uma trag\u00e9dia que chocou a todos. Caroline Kethlin de Almeida Ribeiro, uma jovem de apenas 22 anos, perdeu a vida ap\u00f3s ser atingida por um avi\u00e3o ultraleve no Aeroclube de Nova Igua\u00e7u, na Baixada Fluminense.<\/p>\n<p>Caroline, aluna exemplar da Escola Preparat\u00f3ria de Cadetes do Ex\u00e9rcito (EsPCEx), em Campinas, S\u00e3o Paulo, estava no Rio para passar o feriad\u00e3o com sua fam\u00edlia quando o acidente ocorreu. Segundo relatos de amigos nas redes sociais, ela estava correndo pelo local quando foi inesperadamente atingida pela aeronave.<\/p>\n<h4><a href=\"https:\/\/folhadoleste.com.br\/en\/category\/rio-de-janeiro-capital\/\"><strong>\u201cLeia mais not\u00edcias sobre Rio de Janeiro aqui\u201d<\/strong><\/a><\/h4>\n<p>Imediatamente, a jovem foi socorrida e levada para o Hospital Geral de Nova Igua\u00e7u em estado grav\u00edssimo. Foi internada no CTI da unidade, onde os m\u00e9dicos realizaram uma s\u00e9rie de exames para avaliar sua condi\u00e7\u00e3o cl\u00ednica e neurol\u00f3gica. Infelizmente, horas depois de dar entrada no hospital, o diagn\u00f3stico tr\u00e1gico: morte encef\u00e1lica.<\/p>\n<p>O enterro de Caroline ainda n\u00e3o tem data definida. Enquanto isso, a 58\u00aa DP (Posse) est\u00e1 investigando o caso, recolhendo depoimentos de testemunhas e realizando uma per\u00edcia detalhada no avi\u00e3o envolvido no acidente.<\/p>\n<p>&nbsp;<\/p>\n<p><a href=\"https:\/\/www.instagram.com\/folhadoleste\/\"><img decoding=\"async\" class=\"aligncenter wp-image-15962\" src=\"https:\/\/folhadoleste.com.br\/wp-content\/uploads\/2023\/07\/instagram.jpg\" alt=\"Itaipu-Itaipua\u00e7u: Caminh\u00e3o causa grave acidente na RJ-102, a estrada da Serrinha\" width=\"49\" height=\"49\" \/><\/a><a href=\"https:\/\/www.facebook.com\/folhadoleste\"><img decoding=\"async\" class=\"aligncenter wp-image-7424\" src=\"https:\/\/folhadoleste.com.br\/wp-content\/uploads\/2023\/05\/facebook-logo-3-1.png\" alt=\"Itaipu-Itaipua\u00e7u: Caminh\u00e3o causa grave acidente na RJ-102, a estrada da Serrinha\" width=\"49\" height=\"49\" \/><\/a><\/p>","protected":false},"excerpt":{"rendered":"<p>Na \u00faltima sexta-feira (08), o Rio de Janeiro presenciou uma trag\u00e9dia que chocou a todos. Caroline Kethlin de Almeida Ribeiro, uma jovem de apenas 22 anos, perdeu a vida ap\u00f3s ser atingida por um avi\u00e3o ultraleve no Aeroclube de Nova Igua\u00e7u, na Baixada Fluminense. Caroline, aluna exemplar da Escola Preparat\u00f3ria de Cadetes do Ex\u00e9rcito (EsPCEx), em Campinas, S\u00e3o Paulo, estava no Rio para passar o feriad\u00e3o com sua fam\u00edlia quando o acidente ocorreu. Segundo relatos de amigos nas redes sociais, ela estava correndo pelo local quando foi inesperadamente atingida pela aeronave. \u201cLeia mais not\u00edcias sobre Rio de Janeiro aqui\u201d Imediatamente, [&hellip;]<\/p>\n","protected":false},"author":4,"featured_media":25043,"comment_status":"open","ping_status":"open","sticky":false,"template":"","format":"standard","meta":{"footnotes":""},"categories":[67],"tags":[11449,11148,11450,5769,6219,93],"class_list":["post-25042","post","type-post","status-publish","format-standard","has-post-thumbnail","hentry","category-rio-de-janeiro-capital","tag-aluna-da-espcex","tag-atingida","tag-aviao-ultraleve","tag-jovem","tag-morta","tag-rio-de-janeiro","post--single"],"yoast_head":"<!-- This site is optimized with the Yoast SEO plugin v27.5 - https:\/\/yoast.com\/product\/yoast-seo-wordpress\/ -->\n<title>Jovem aluna da Espcex \u00e9 morta ap\u00f3s ser atingida por avi\u00e3o ultraleve<\/title>\n<meta name=\"description\" content=\"Jovem aluna da Espcex \u00e9 morta ap\u00f3s ser atingida por avi\u00e3o ultraleve...\" \/>\n<meta name=\"robots\" content=\"index, follow, max-snippet:-1, max-image-preview:large, max-video-preview:-1\" \/>\n<link rel=\"canonical\" href=\"https:\/\/folhadoleste.com.br\/en\/jovem-aluna-da-espcex-e-morta-apos-ser-atingida-por-aviao-ultraleve\/\" \/>\n<meta property=\"og:locale\" content=\"en_US\" \/>\n<meta property=\"og:type\" content=\"article\" \/>\n<meta property=\"og:title\" content=\"Jovem aluna da Espcex \u00e9 morta ap\u00f3s ser atingida por avi\u00e3o ultraleve\" \/>\n<meta property=\"og:description\" content=\"Clique e saiba mais...\" \/>\n<meta property=\"og:url\" content=\"https:\/\/folhadoleste.com.br\/en\/jovem-aluna-da-espcex-e-morta-apos-ser-atingida-por-aviao-ultraleve\/\" \/>\n<meta property=\"og:site_name\" content=\"Folha do Leste\" \/>\n<meta property=\"article:publisher\" content=\"https:\/\/www.facebook.com\/folhadoleste\" \/>\n<meta property=\"article:published_time\" content=\"2023-09-11T03:05:33+00:00\" \/>\n<meta property=\"og:image\" content=\"https:\/\/folhadoleste.com.br\/wp-content\/uploads\/2023\/09\/Jovem-aluna-da-Espcex-e-morta-apos-ser-atingida-por-aviao-ultraleve-Foto-Rede-Social.webp\" \/>\n\t<meta property=\"og:image:width\" content=\"1200\" \/>\n\t<meta property=\"og:image:height\" content=\"1920\" \/>\n\t<meta property=\"og:image:type\" content=\"image\/webp\" \/>\n<meta name=\"author\" content=\"Folha do Leste\" \/>\n<meta name=\"twitter:card\" content=\"summary_large_image\" \/>\n<meta name=\"twitter:title\" content=\"Jovem aluna da Espcex \u00e9 morta ap\u00f3s ser atingida por avi\u00e3o ultraleve\" \/>\n<meta name=\"twitter:description\" content=\"Clique e saiba mais...\" \/>\n<meta name=\"twitter:image\" content=\"https:\/\/folhadoleste.com.br\/wp-content\/uploads\/2023\/09\/Jovem-aluna-da-Espcex-e-morta-apos-ser-atingida-por-aviao-ultraleve-Foto-Rede-Social.webp\" \/>\n<meta name=\"twitter:creator\" content=\"@FolhadoLesteRJ\" \/>\n<meta name=\"twitter:site\" content=\"@FolhadoLesteRJ\" \/>\n<meta name=\"twitter:label1\" content=\"Written by\" \/>\n\t<meta name=\"twitter:data1\" content=\"Folha do Leste\" \/>\n\t<meta name=\"twitter:label2\" content=\"Est. reading time\" \/>\n\t<meta name=\"twitter:data2\" content=\"2 minutes\" \/>\n<script type=\"application\/ld+json\" class=\"yoast-schema-graph\">{\"@context\":\"https:\\\/\\\/schema.org\",\"@graph\":[{\"@type\":\"NewsArticle\",\"@id\":\"https:\\\/\\\/folhadoleste.com.br\\\/jovem-aluna-da-espcex-e-morta-apos-ser-atingida-por-aviao-ultraleve\\\/#article\",\"isPartOf\":{\"@id\":\"https:\\\/\\\/folhadoleste.com.br\\\/jovem-aluna-da-espcex-e-morta-apos-ser-atingida-por-aviao-ultraleve\\\/\"},\"author\":{\"name\":\"Folha do Leste\",\"@id\":\"https:\\\/\\\/folhadoleste.com.br\\\/#\\\/schema\\\/person\\\/3e97145b2e1861276e84471aa85a3899\"},\"headline\":\"Jovem aluna da Espcex \u00e9 morta ap\u00f3s ser atingida por avi\u00e3o ultraleve\",\"datePublished\":\"2023-09-11T03:05:33+00:00\",\"mainEntityOfPage\":{\"@id\":\"https:\\\/\\\/folhadoleste.com.br\\\/jovem-aluna-da-espcex-e-morta-apos-ser-atingida-por-aviao-ultraleve\\\/\"},\"wordCount\":230,\"commentCount\":0,\"publisher\":{\"@id\":\"https:\\\/\\\/folhadoleste.com.br\\\/#organization\"},\"image\":{\"@id\":\"https:\\\/\\\/folhadoleste.com.br\\\/jovem-aluna-da-espcex-e-morta-apos-ser-atingida-por-aviao-ultraleve\\\/#primaryimage\"},\"thumbnailUrl\":\"https:\\\/\\\/folhadoleste.com.br\\\/wp-content\\\/uploads\\\/2023\\\/09\\\/Jovem-aluna-da-Espcex-e-morta-apos-ser-atingida-por-aviao-ultraleve-Foto-Rede-Social.webp\",\"keywords\":[\"aluna da Espcex\",\"atingida\",\"avi\u00e3o ultraleve\",\"jovem\",\"morta\",\"Rio de Janeiro\"],\"articleSection\":[\"Rio de Janeiro - Capital\"],\"inLanguage\":\"en-US\",\"potentialAction\":[{\"@type\":\"CommentAction\",\"name\":\"Comment\",\"target\":[\"https:\\\/\\\/folhadoleste.com.br\\\/jovem-aluna-da-espcex-e-morta-apos-ser-atingida-por-aviao-ultraleve\\\/#respond\"]}]},{\"@type\":\"WebPage\",\"@id\":\"https:\\\/\\\/folhadoleste.com.br\\\/jovem-aluna-da-espcex-e-morta-apos-ser-atingida-por-aviao-ultraleve\\\/\",\"url\":\"https:\\\/\\\/folhadoleste.com.br\\\/jovem-aluna-da-espcex-e-morta-apos-ser-atingida-por-aviao-ultraleve\\\/\",\"name\":\"Jovem aluna da Espcex \u00e9 morta ap\u00f3s ser atingida por avi\u00e3o ultraleve\",\"isPartOf\":{\"@id\":\"https:\\\/\\\/folhadoleste.com.br\\\/#website\"},\"primaryImageOfPage\":{\"@id\":\"https:\\\/\\\/folhadoleste.com.br\\\/jovem-aluna-da-espcex-e-morta-apos-ser-atingida-por-aviao-ultraleve\\\/#primaryimage\"},\"image\":{\"@id\":\"https:\\\/\\\/folhadoleste.com.br\\\/jovem-aluna-da-espcex-e-morta-apos-ser-atingida-por-aviao-ultraleve\\\/#primaryimage\"},\"thumbnailUrl\":\"https:\\\/\\\/folhadoleste.com.br\\\/wp-content\\\/uploads\\\/2023\\\/09\\\/Jovem-aluna-da-Espcex-e-morta-apos-ser-atingida-por-aviao-ultraleve-Foto-Rede-Social.webp\",\"datePublished\":\"2023-09-11T03:05:33+00:00\",\"description\":\"Jovem aluna da Espcex \u00e9 morta ap\u00f3s ser atingida por avi\u00e3o ultraleve...\",\"breadcrumb\":{\"@id\":\"https:\\\/\\\/folhadoleste.com.br\\\/jovem-aluna-da-espcex-e-morta-apos-ser-atingida-por-aviao-ultraleve\\\/#breadcrumb\"},\"inLanguage\":\"en-US\",\"potentialAction\":[{\"@type\":\"ReadAction\",\"target\":[\"https:\\\/\\\/folhadoleste.com.br\\\/jovem-aluna-da-espcex-e-morta-apos-ser-atingida-por-aviao-ultraleve\\\/\"]}]},{\"@type\":\"ImageObject\",\"inLanguage\":\"en-US\",\"@id\":\"https:\\\/\\\/folhadoleste.com.br\\\/jovem-aluna-da-espcex-e-morta-apos-ser-atingida-por-aviao-ultraleve\\\/#primaryimage\",\"url\":\"https:\\\/\\\/folhadoleste.com.br\\\/wp-content\\\/uploads\\\/2023\\\/09\\\/Jovem-aluna-da-Espcex-e-morta-apos-ser-atingida-por-aviao-ultraleve-Foto-Rede-Social.webp\",\"contentUrl\":\"https:\\\/\\\/folhadoleste.com.br\\\/wp-content\\\/uploads\\\/2023\\\/09\\\/Jovem-aluna-da-Espcex-e-morta-apos-ser-atingida-por-aviao-ultraleve-Foto-Rede-Social.webp\",\"width\":1200,\"height\":1920,\"caption\":\"Foto: Reprodu\u00e7\u00e3o - Redes Sociais\"},{\"@type\":\"BreadcrumbList\",\"@id\":\"https:\\\/\\\/folhadoleste.com.br\\\/jovem-aluna-da-espcex-e-morta-apos-ser-atingida-por-aviao-ultraleve\\\/#breadcrumb\",\"itemListElement\":[{\"@type\":\"ListItem\",\"position\":1,\"name\":\"In\u00edcio\",\"item\":\"https:\\\/\\\/folhadoleste.com.br\\\/\"},{\"@type\":\"ListItem\",\"position\":2,\"name\":\"Rio de Janeiro - Capital\",\"item\":\"https:\\\/\\\/folhadoleste.com.br\\\/category\\\/rio-de-janeiro-capital\\\/\"},{\"@type\":\"ListItem\",\"position\":3,\"name\":\"Jovem aluna da Espcex \u00e9 morta ap\u00f3s ser atingida por avi\u00e3o ultraleve\"}]},{\"@type\":\"WebSite\",\"@id\":\"https:\\\/\\\/folhadoleste.com.br\\\/#website\",\"url\":\"https:\\\/\\\/folhadoleste.com.br\\\/\",\"name\":\"Folha do Leste\",\"description\":\"Portal de Not\u00edcias com \u00eanfase em Niter\u00f3i, criando conte\u00fados desde a capital Rio de Janeiro, com olhar para o Leste Fluminense e suas cidades como S\u00e3o Gon\u00e7alo, Itabora\u00ed, Rio Bonito, Maric\u00e1, Saquarema e Araruama\",\"publisher\":{\"@id\":\"https:\\\/\\\/folhadoleste.com.br\\\/#organization\"},\"alternateName\":\"FL\",\"potentialAction\":[{\"@type\":\"SearchAction\",\"target\":{\"@type\":\"EntryPoint\",\"urlTemplate\":\"https:\\\/\\\/folhadoleste.com.br\\\/?s={search_term_string}\"},\"query-input\":{\"@type\":\"PropertyValueSpecification\",\"valueRequired\":true,\"valueName\":\"search_term_string\"}}],\"inLanguage\":\"en-US\"},{\"@type\":\"Organization\",\"@id\":\"https:\\\/\\\/folhadoleste.com.br\\\/#organization\",\"name\":\"Brasil 21 Comunica\u00e7\u00e3o\",\"alternateName\":\"BR21\",\"url\":\"https:\\\/\\\/folhadoleste.com.br\\\/\",\"logo\":{\"@type\":\"ImageObject\",\"inLanguage\":\"en-US\",\"@id\":\"https:\\\/\\\/folhadoleste.com.br\\\/#\\\/schema\\\/logo\\\/image\\\/\",\"url\":\"https:\\\/\\\/folhadoleste.com.br\\\/wp-content\\\/uploads\\\/2025\\\/12\\\/brasil-21-logomarca.avif\",\"contentUrl\":\"https:\\\/\\\/folhadoleste.com.br\\\/wp-content\\\/uploads\\\/2025\\\/12\\\/brasil-21-logomarca.avif\",\"width\":1044,\"height\":1044,\"caption\":\"Brasil 21 Comunica\u00e7\u00e3o\"},\"image\":{\"@id\":\"https:\\\/\\\/folhadoleste.com.br\\\/#\\\/schema\\\/logo\\\/image\\\/\"},\"sameAs\":[\"https:\\\/\\\/www.facebook.com\\\/folhadoleste\",\"https:\\\/\\\/x.com\\\/FolhadoLesteRJ\",\"https:\\\/\\\/www.instagram.com\\\/folhadoleste\\\/\"]},{\"@type\":\"Person\",\"@id\":\"https:\\\/\\\/folhadoleste.com.br\\\/#\\\/schema\\\/person\\\/3e97145b2e1861276e84471aa85a3899\",\"name\":\"Folha do Leste\",\"image\":{\"@type\":\"ImageObject\",\"inLanguage\":\"en-US\",\"@id\":\"https:\\\/\\\/folhadoleste.com.br\\\/wp-content\\\/litespeed\\\/avatar\\\/1ca8c218432e7045e748610eb3db0259.jpg?ver=1777161142\",\"url\":\"https:\\\/\\\/folhadoleste.com.br\\\/wp-content\\\/litespeed\\\/avatar\\\/1ca8c218432e7045e748610eb3db0259.jpg?ver=1777161142\",\"contentUrl\":\"https:\\\/\\\/folhadoleste.com.br\\\/wp-content\\\/litespeed\\\/avatar\\\/1ca8c218432e7045e748610eb3db0259.jpg?ver=1777161142\",\"caption\":\"Folha do Leste\"},\"url\":\"https:\\\/\\\/folhadoleste.com.br\\\/en\\\/author\\\/reportagem-01\\\/\"}]}<\/script>\n<!-- \/ Yoast SEO plugin. -->","yoast_head_json":{"title":"Jovem aluna da Espcex \u00e9 morta ap\u00f3s ser atingida por avi\u00e3o ultraleve","description":"Jovem aluna da Espcex \u00e9 morta ap\u00f3s ser atingida por avi\u00e3o ultraleve...","robots":{"index":"index","follow":"follow","max-snippet":"max-snippet:-1","max-image-preview":"max-image-preview:large","max-video-preview":"max-video-preview:-1"},"canonical":"https:\/\/folhadoleste.com.br\/en\/jovem-aluna-da-espcex-e-morta-apos-ser-atingida-por-aviao-ultraleve\/","og_locale":"en_US","og_type":"article","og_title":"Jovem aluna da Espcex \u00e9 morta ap\u00f3s ser atingida por avi\u00e3o ultraleve","og_description":"Clique e saiba mais...","og_url":"https:\/\/folhadoleste.com.br\/en\/jovem-aluna-da-espcex-e-morta-apos-ser-atingida-por-aviao-ultraleve\/","og_site_name":"Folha do Leste","article_publisher":"https:\/\/www.facebook.com\/folhadoleste","article_published_time":"2023-09-11T03:05:33+00:00","og_image":[{"width":1200,"height":1920,"url":"https:\/\/folhadoleste.com.br\/wp-content\/uploads\/2023\/09\/Jovem-aluna-da-Espcex-e-morta-apos-ser-atingida-por-aviao-ultraleve-Foto-Rede-Social.webp","type":"image\/webp"}],"author":"Folha do Leste","twitter_card":"summary_large_image","twitter_title":"Jovem aluna da Espcex \u00e9 morta ap\u00f3s ser atingida por avi\u00e3o ultraleve","twitter_description":"Clique e saiba mais...","twitter_image":"https:\/\/folhadoleste.com.br\/wp-content\/uploads\/2023\/09\/Jovem-aluna-da-Espcex-e-morta-apos-ser-atingida-por-aviao-ultraleve-Foto-Rede-Social.webp","twitter_creator":"@FolhadoLesteRJ","twitter_site":"@FolhadoLesteRJ","twitter_misc":{"Written by":"Folha do Leste","Est. reading time":"2 minutes"},"schema":{"@context":"https:\/\/schema.org","@graph":[{"@type":"NewsArticle","@id":"https:\/\/folhadoleste.com.br\/jovem-aluna-da-espcex-e-morta-apos-ser-atingida-por-aviao-ultraleve\/#article","isPartOf":{"@id":"https:\/\/folhadoleste.com.br\/jovem-aluna-da-espcex-e-morta-apos-ser-atingida-por-aviao-ultraleve\/"},"author":{"name":"Folha do Leste","@id":"https:\/\/folhadoleste.com.br\/#\/schema\/person\/3e97145b2e1861276e84471aa85a3899"},"headline":"Jovem aluna da Espcex \u00e9 morta ap\u00f3s ser atingida por avi\u00e3o ultraleve","datePublished":"2023-09-11T03:05:33+00:00","mainEntityOfPage":{"@id":"https:\/\/folhadoleste.com.br\/jovem-aluna-da-espcex-e-morta-apos-ser-atingida-por-aviao-ultraleve\/"},"wordCount":230,"commentCount":0,"publisher":{"@id":"https:\/\/folhadoleste.com.br\/#organization"},"image":{"@id":"https:\/\/folhadoleste.com.br\/jovem-aluna-da-espcex-e-morta-apos-ser-atingida-por-aviao-ultraleve\/#primaryimage"},"thumbnailUrl":"https:\/\/folhadoleste.com.br\/wp-content\/uploads\/2023\/09\/Jovem-aluna-da-Espcex-e-morta-apos-ser-atingida-por-aviao-ultraleve-Foto-Rede-Social.webp","keywords":["aluna da Espcex","atingida","avi\u00e3o ultraleve","jovem","morta","Rio de Janeiro"],"articleSection":["Rio de Janeiro - Capital"],"inLanguage":"en-US","potentialAction":[{"@type":"CommentAction","name":"Comment","target":["https:\/\/folhadoleste.com.br\/jovem-aluna-da-espcex-e-morta-apos-ser-atingida-por-aviao-ultraleve\/#respond"]}]},{"@type":"WebPage","@id":"https:\/\/folhadoleste.com.br\/jovem-aluna-da-espcex-e-morta-apos-ser-atingida-por-aviao-ultraleve\/","url":"https:\/\/folhadoleste.com.br\/jovem-aluna-da-espcex-e-morta-apos-ser-atingida-por-aviao-ultraleve\/","name":"Jovem aluna da Espcex \u00e9 morta ap\u00f3s ser atingida por avi\u00e3o ultraleve","isPartOf":{"@id":"https:\/\/folhadoleste.com.br\/#website"},"primaryImageOfPage":{"@id":"https:\/\/folhadoleste.com.br\/jovem-aluna-da-espcex-e-morta-apos-ser-atingida-por-aviao-ultraleve\/#primaryimage"},"image":{"@id":"https:\/\/folhadoleste.com.br\/jovem-aluna-da-espcex-e-morta-apos-ser-atingida-por-aviao-ultraleve\/#primaryimage"},"thumbnailUrl":"https:\/\/folhadoleste.com.br\/wp-content\/uploads\/2023\/09\/Jovem-aluna-da-Espcex-e-morta-apos-ser-atingida-por-aviao-ultraleve-Foto-Rede-Social.webp","datePublished":"2023-09-11T03:05:33+00:00","description":"Jovem aluna da Espcex \u00e9 morta ap\u00f3s ser atingida por avi\u00e3o ultraleve...","breadcrumb":{"@id":"https:\/\/folhadoleste.com.br\/jovem-aluna-da-espcex-e-morta-apos-ser-atingida-por-aviao-ultraleve\/#breadcrumb"},"inLanguage":"en-US","potentialAction":[{"@type":"ReadAction","target":["https:\/\/folhadoleste.com.br\/jovem-aluna-da-espcex-e-morta-apos-ser-atingida-por-aviao-ultraleve\/"]}]},{"@type":"ImageObject","inLanguage":"en-US","@id":"https:\/\/folhadoleste.com.br\/jovem-aluna-da-espcex-e-morta-apos-ser-atingida-por-aviao-ultraleve\/#primaryimage","url":"https:\/\/folhadoleste.com.br\/wp-content\/uploads\/2023\/09\/Jovem-aluna-da-Espcex-e-morta-apos-ser-atingida-por-aviao-ultraleve-Foto-Rede-Social.webp","contentUrl":"https:\/\/folhadoleste.com.br\/wp-content\/uploads\/2023\/09\/Jovem-aluna-da-Espcex-e-morta-apos-ser-atingida-por-aviao-ultraleve-Foto-Rede-Social.webp","width":1200,"height":1920,"caption":"Foto: Reprodu\u00e7\u00e3o - Redes Sociais"},{"@type":"BreadcrumbList","@id":"https:\/\/folhadoleste.com.br\/jovem-aluna-da-espcex-e-morta-apos-ser-atingida-por-aviao-ultraleve\/#breadcrumb","itemListElement":[{"@type":"ListItem","position":1,"name":"In\u00edcio","item":"https:\/\/folhadoleste.com.br\/"},{"@type":"ListItem","position":2,"name":"Rio de Janeiro - Capital","item":"https:\/\/folhadoleste.com.br\/category\/rio-de-janeiro-capital\/"},{"@type":"ListItem","position":3,"name":"Jovem aluna da Espcex \u00e9 morta ap\u00f3s ser atingida por avi\u00e3o ultraleve"}]},{"@type":"WebSite","@id":"https:\/\/folhadoleste.com.br\/#website","url":"https:\/\/folhadoleste.com.br\/","name":"Folha do Leste","description":"Portal de Not\u00edcias com \u00eanfase em Niter\u00f3i, criando conte\u00fados desde a capital Rio de Janeiro, com olhar para o Leste Fluminense e suas cidades como S\u00e3o Gon\u00e7alo, Itabora\u00ed, Rio Bonito, Maric\u00e1, Saquarema e Araruama","publisher":{"@id":"https:\/\/folhadoleste.com.br\/#organization"},"alternateName":"FL","potentialAction":[{"@type":"SearchAction","target":{"@type":"EntryPoint","urlTemplate":"https:\/\/folhadoleste.com.br\/?s={search_term_string}"},"query-input":{"@type":"PropertyValueSpecification","valueRequired":true,"valueName":"search_term_string"}}],"inLanguage":"en-US"},{"@type":"Organization","@id":"https:\/\/folhadoleste.com.br\/#organization","name":"Brasil 21 Comunica\u00e7\u00e3o","alternateName":"BR21","url":"https:\/\/folhadoleste.com.br\/","logo":{"@type":"ImageObject","inLanguage":"en-US","@id":"https:\/\/folhadoleste.com.br\/#\/schema\/logo\/image\/","url":"https:\/\/folhadoleste.com.br\/wp-content\/uploads\/2025\/12\/brasil-21-logomarca.avif","contentUrl":"https:\/\/folhadoleste.com.br\/wp-content\/uploads\/2025\/12\/brasil-21-logomarca.avif","width":1044,"height":1044,"caption":"Brasil 21 Comunica\u00e7\u00e3o"},"image":{"@id":"https:\/\/folhadoleste.com.br\/#\/schema\/logo\/image\/"},"sameAs":["https:\/\/www.facebook.com\/folhadoleste","https:\/\/x.com\/FolhadoLesteRJ","https:\/\/www.instagram.com\/folhadoleste\/"]},{"@type":"Person","@id":"https:\/\/folhadoleste.com.br\/#\/schema\/person\/3e97145b2e1861276e84471aa85a3899","name":"Folha do Leste","image":{"@type":"ImageObject","inLanguage":"en-US","@id":"https:\/\/folhadoleste.com.br\/wp-content\/litespeed\/avatar\/1ca8c218432e7045e748610eb3db0259.jpg?ver=1777161142","url":"https:\/\/folhadoleste.com.br\/wp-content\/litespeed\/avatar\/1ca8c218432e7045e748610eb3db0259.jpg?ver=1777161142","contentUrl":"https:\/\/folhadoleste.com.br\/wp-content\/litespeed\/avatar\/1ca8c218432e7045e748610eb3db0259.jpg?ver=1777161142","caption":"Folha do Leste"},"url":"https:\/\/folhadoleste.com.br\/en\/author\/reportagem-01\/"}]}},"_links":{"self":[{"href":"https:\/\/folhadoleste.com.br\/en\/wp-json\/wp\/v2\/posts\/25042","targetHints":{"allow":["GET"]}}],"collection":[{"href":"https:\/\/folhadoleste.com.br\/en\/wp-json\/wp\/v2\/posts"}],"about":[{"href":"https:\/\/folhadoleste.com.br\/en\/wp-json\/wp\/v2\/types\/post"}],"author":[{"embeddable":true,"href":"https:\/\/folhadoleste.com.br\/en\/wp-json\/wp\/v2\/users\/4"}],"replies":[{"embeddable":true,"href":"https:\/\/folhadoleste.com.br\/en\/wp-json\/wp\/v2\/comments?post=25042"}],"version-history":[{"count":1,"href":"https:\/\/folhadoleste.com.br\/en\/wp-json\/wp\/v2\/posts\/25042\/revisions"}],"predecessor-version":[{"id":25044,"href":"https:\/\/folhadoleste.com.br\/en\/wp-json\/wp\/v2\/posts\/25042\/revisions\/25044"}],"wp:featuredmedia":[{"embeddable":true,"href":"https:\/\/folhadoleste.com.br\/en\/wp-json\/wp\/v2\/media\/25043"}],"wp:attachment":[{"href":"https:\/\/folhadoleste.com.br\/en\/wp-json\/wp\/v2\/media?parent=25042"}],"wp:term":[{"taxonomy":"category","embeddable":true,"href":"https:\/\/folhadoleste.com.br\/en\/wp-json\/wp\/v2\/categories?post=25042"},{"taxonomy":"post_tag","embeddable":true,"href":"https:\/\/folhadoleste.com.br\/en\/wp-json\/wp\/v2\/tags?post=25042"}],"curies":[{"name":"wp","href":"https:\/\/api.w.org\/{rel}","templated":true}]}}