{"id":24539,"date":"2023-09-06T21:08:25","date_gmt":"2023-09-07T00:08:25","guid":{"rendered":"https:\/\/folhadoleste.com.br\/?p=24539"},"modified":"2023-09-06T21:08:25","modified_gmt":"2023-09-07T00:08:25","slug":"niteroi-sediara-o-1o-evento-publico-do-pais-voltado-para-a-cultura-geek","status":"publish","type":"post","link":"https:\/\/folhadoleste.com.br\/en\/niteroi-sediara-o-1o-evento-publico-do-pais-voltado-para-a-cultura-geek\/","title":{"rendered":"Niter\u00f3i sediar\u00e1 o 1\u00ba evento p\u00fablico do pa\u00eds voltado para a cultura Geek"},"content":{"rendered":"<div id=\"attachment_24541\" style=\"width: 2570px\" class=\"wp-caption aligncenter\"><img decoding=\"async\" aria-describedby=\"caption-attachment-24541\" class=\"size-full wp-image-24541\" src=\"https:\/\/folhadoleste.com.br\/wp-content\/uploads\/2023\/09\/Niteroi-sediara-o-1o-evento-publico-do-pais-voltado-para-a-cultura-Geek-Foto-John-Mitysumy-scaled.jpg\" alt=\"Niter\u00f3i sediar\u00e1 o 1\u00ba evento p\u00fablico do pa\u00eds voltado para a cultura Geek\" width=\"2560\" height=\"1707\" \/><p id=\"caption-attachment-24541\" class=\"wp-caption-text\">Foto: John Mitysumy<\/p><\/div>\n<p>O Caminho Niemeyer, em Niter\u00f3i, ser\u00e1 palco de um evento imperd\u00edvel no m\u00eas de setembro. O Niter\u00f3i Expo Geek promete animar a cidade com uma programa\u00e7\u00e3o repleta de hist\u00f3rias fant\u00e1sticas, games, debates, quadrinhos, gastronomia, cosplay, m\u00fasica e muitas outras artes que envolvem a tem\u00e1tica geek.<\/p>\n<p>Entre os dias 16 e 17 de setembro, o Memorial Roberto Silveira (C\u00fapula do Caminho) e o Teatro Popular receber\u00e3o diversas express\u00f5es art\u00edstico-culturais em um evento totalmente gratuito. Essa iniciativa conta com o apoio da Prefeitura de Niter\u00f3i, por meio da Secretaria Municipal das Culturas, que incentiva eventos como esse atrav\u00e9s do Edital Geek de 2022.<\/p>\n<p>J\u00falia Pacheco, secret\u00e1ria Municipal das Culturas, destaca que as atra\u00e7\u00f5es voltadas ao p\u00fablico geek representam a diversidade de manifesta\u00e7\u00f5es art\u00edsticas da cidade. Para ela, o Edital Geek de 2022 foi uma conquista merecida e um importante reconhecimento da Secretaria Municipal das Culturas de Niter\u00f3i.<\/p>\n<p>A programa\u00e7\u00e3o do Niter\u00f3i Expo Geek ser\u00e1 diversificada, contando com atividades para todos os p\u00fablicos, como quadrinhos, games, RPG, cosplay, Kpop, shows, feiras, pain\u00e9is, concursos, gastronomia, oficinas, debates, cinema e muito mais.<\/p>\n<p>Segundo Alexandre Lage, um dos produtores do evento, essa \u00e9 uma conquista do Movimento Geek de Niter\u00f3i, resultado de todo o trabalho realizado nos \u00faltimos anos. Ele destaca que ser\u00e1 a primeira vez no pa\u00eds que teremos um festival p\u00fablico de cultura geek, abrangendo todas as suas nuances e subdivis\u00f5es.<\/p>\n<h4><a href=\"https:\/\/folhadoleste.com.br\/en\/category\/jornal-folha-do-leste-rj\/niteroi\/\"><strong>\u201cLeia mais not\u00edcias sobre Niter\u00f3i aqui\u201d<\/strong><\/a><\/h4>\n<p>A expectativa para o evento j\u00e1 \u00e9 grande. Julia Ventura, uma estudante de 15 anos, bailarina, cosplayer e desenhista, revela estar ansiosa para aproveitar tudo o que o Niter\u00f3i Expo Geek tem a oferecer. Ela ressalta que \u00e9 uma oportunidade \u00fanica em Niter\u00f3i, j\u00e1 que eventos desse porte s\u00e3o escassos e ter acesso gratuito \u00e9 ainda melhor.<\/p>\n<p>Al\u00e9m disso, a programa\u00e7\u00e3o conta com exposi\u00e7\u00f5es, cinema, game show, apresenta\u00e7\u00e3o teatral, concurso de KPOP, premia\u00e7\u00f5es, mesas redondas e debates sobre diversos temas.<\/p>\n<p>Ra\u00edssa Magalh\u00e3es, produtora cultural e moradora da cidade, apresentar\u00e1 seu &#8220;Maid Caf\u00e9, Picnic Cosplay&#8221; durante o evento. Essa \u00e9 uma proposta inovadora que trar\u00e1 um caf\u00e9 tem\u00e1tico com refer\u00eancias japonesas, karaok\u00ea e atendentes cosplay. Ela afirma que ser\u00e1 muito gratificante fazer parte desse evento e contribuir com a troca de experi\u00eancias e alegrias entre os participantes.<\/p>\n<p>Niter\u00f3i tem se destacado no cen\u00e1rio geek e, de acordo com uma pesquisa da Amazon realizada em 2019, ocupa o terceiro lugar entre os munic\u00edpios &#8220;mais geeks do Brasil&#8221;. Com isso, o impacto cultural e social do Niter\u00f3i Expo Geek \u00e9 significativo, colocando a cidade em um circuito que abrange v\u00e1rias \u00e1reas, como artes, economia criativa, educa\u00e7\u00e3o, tecnologia, entretenimento, turismo e empreendedorismo.<\/p>\n<p>&nbsp;<\/p>\n<p><a href=\"https:\/\/www.instagram.com\/folhadoleste\/\"><img decoding=\"async\" class=\"aligncenter wp-image-15962\" src=\"https:\/\/folhadoleste.com.br\/wp-content\/uploads\/2023\/07\/instagram.jpg\" alt=\"Itaipu-Itaipua\u00e7u: Caminh\u00e3o causa grave acidente na RJ-102, a estrada da Serrinha\" width=\"49\" height=\"49\" \/><\/a><a href=\"https:\/\/www.facebook.com\/folhadoleste\"><img decoding=\"async\" class=\"aligncenter wp-image-7424\" src=\"https:\/\/folhadoleste.com.br\/wp-content\/uploads\/2023\/05\/facebook-logo-3-1.png\" alt=\"Itaipu-Itaipua\u00e7u: Caminh\u00e3o causa grave acidente na RJ-102, a estrada da Serrinha\" width=\"49\" height=\"49\" \/><\/a><\/p>","protected":false},"excerpt":{"rendered":"<p>O Caminho Niemeyer, em Niter\u00f3i, ser\u00e1 palco de um evento imperd\u00edvel no m\u00eas de setembro. O Niter\u00f3i Expo Geek promete animar a cidade com uma programa\u00e7\u00e3o repleta de hist\u00f3rias fant\u00e1sticas, games, debates, quadrinhos, gastronomia, cosplay, m\u00fasica e muitas outras artes que envolvem a tem\u00e1tica geek. Entre os dias 16 e 17 de setembro, o Memorial Roberto Silveira (C\u00fapula do Caminho) e o Teatro Popular receber\u00e3o diversas express\u00f5es art\u00edstico-culturais em um evento totalmente gratuito. Essa iniciativa conta com o apoio da Prefeitura de Niter\u00f3i, por meio da Secretaria Municipal das Culturas, que incentiva eventos como esse atrav\u00e9s do Edital Geek de [&hellip;]<\/p>\n","protected":false},"author":4,"featured_media":24541,"comment_status":"open","ping_status":"open","sticky":false,"template":"","format":"standard","meta":{"footnotes":""},"categories":[86,84,47,5],"tags":[11233,11234,538,10804,50,11232],"class_list":["post-24539","post","type-post","status-publish","format-standard","has-post-thumbnail","hentry","category-cultura","category-entretenimento","category-leste-fluminense","category-noticias-de-niteroi","tag-1o-evento-publico","tag-1o-evento-publico-de-cultura-geek","tag-caminho-niemeyer","tag-cultura-geek","tag-niteroi","tag-niteroi-expo-geek","post--single"],"yoast_head":"<!-- This site is optimized with the Yoast SEO plugin v27.4 - https:\/\/yoast.com\/product\/yoast-seo-wordpress\/ -->\n<title>Niter\u00f3i sediar\u00e1 o 1\u00ba evento p\u00fablico do pa\u00eds voltado para a cultura Geek<\/title>\n<meta name=\"description\" content=\"Niter\u00f3i sediar\u00e1 o 1\u00ba evento p\u00fablico do pa\u00eds voltado para a cultura Geek...\" \/>\n<meta name=\"robots\" content=\"index, follow, max-snippet:-1, max-image-preview:large, max-video-preview:-1\" \/>\n<link rel=\"canonical\" href=\"https:\/\/folhadoleste.com.br\/en\/niteroi-sediara-o-1o-evento-publico-do-pais-voltado-para-a-cultura-geek\/\" \/>\n<meta property=\"og:locale\" content=\"en_US\" \/>\n<meta property=\"og:type\" content=\"article\" \/>\n<meta property=\"og:title\" content=\"Niter\u00f3i sediar\u00e1 o 1\u00ba evento p\u00fablico do pa\u00eds voltado para a cultura Geek\" \/>\n<meta property=\"og:description\" content=\"Clique e saiba mais...\" \/>\n<meta property=\"og:url\" content=\"https:\/\/folhadoleste.com.br\/en\/niteroi-sediara-o-1o-evento-publico-do-pais-voltado-para-a-cultura-geek\/\" \/>\n<meta property=\"og:site_name\" content=\"Folha do Leste\" \/>\n<meta property=\"article:publisher\" content=\"https:\/\/www.facebook.com\/folhadoleste\" \/>\n<meta property=\"article:published_time\" content=\"2023-09-07T00:08:25+00:00\" \/>\n<meta property=\"og:image\" content=\"https:\/\/folhadoleste.com.br\/wp-content\/uploads\/2023\/09\/Niteroi-sediara-o-1o-evento-publico-do-pais-voltado-para-a-cultura-Geek-Foto-John-Mitysumy-scaled.jpg\" \/>\n\t<meta property=\"og:image:width\" content=\"2560\" \/>\n\t<meta property=\"og:image:height\" content=\"1707\" \/>\n\t<meta property=\"og:image:type\" content=\"image\/jpeg\" \/>\n<meta name=\"author\" content=\"Folha do Leste\" \/>\n<meta name=\"twitter:card\" content=\"summary_large_image\" \/>\n<meta name=\"twitter:title\" content=\"Niter\u00f3i sediar\u00e1 o 1\u00ba evento p\u00fablico do pa\u00eds voltado para a cultura Geek\" \/>\n<meta name=\"twitter:description\" content=\"Clique e saiba mais...\" \/>\n<meta name=\"twitter:image\" content=\"https:\/\/folhadoleste.com.br\/wp-content\/uploads\/2023\/09\/Niteroi-sediara-o-1o-evento-publico-do-pais-voltado-para-a-cultura-Geek-Foto-John-Mitysumy-scaled.jpg\" \/>\n<meta name=\"twitter:creator\" content=\"@FolhadoLesteRJ\" \/>\n<meta name=\"twitter:site\" content=\"@FolhadoLesteRJ\" \/>\n<meta name=\"twitter:label1\" content=\"Written by\" \/>\n\t<meta name=\"twitter:data1\" content=\"Folha do Leste\" \/>\n\t<meta name=\"twitter:label2\" content=\"Est. reading time\" \/>\n\t<meta name=\"twitter:data2\" content=\"4 minutes\" \/>\n<script type=\"application\/ld+json\" class=\"yoast-schema-graph\">{\"@context\":\"https:\\\/\\\/schema.org\",\"@graph\":[{\"@type\":\"NewsArticle\",\"@id\":\"https:\\\/\\\/folhadoleste.com.br\\\/niteroi-sediara-o-1o-evento-publico-do-pais-voltado-para-a-cultura-geek\\\/#article\",\"isPartOf\":{\"@id\":\"https:\\\/\\\/folhadoleste.com.br\\\/niteroi-sediara-o-1o-evento-publico-do-pais-voltado-para-a-cultura-geek\\\/\"},\"author\":{\"name\":\"Folha do Leste\",\"@id\":\"https:\\\/\\\/folhadoleste.com.br\\\/#\\\/schema\\\/person\\\/3e97145b2e1861276e84471aa85a3899\"},\"headline\":\"Niter\u00f3i sediar\u00e1 o 1\u00ba evento p\u00fablico do pa\u00eds voltado para a cultura Geek\",\"datePublished\":\"2023-09-07T00:08:25+00:00\",\"mainEntityOfPage\":{\"@id\":\"https:\\\/\\\/folhadoleste.com.br\\\/niteroi-sediara-o-1o-evento-publico-do-pais-voltado-para-a-cultura-geek\\\/\"},\"wordCount\":496,\"commentCount\":0,\"publisher\":{\"@id\":\"https:\\\/\\\/folhadoleste.com.br\\\/#organization\"},\"image\":{\"@id\":\"https:\\\/\\\/folhadoleste.com.br\\\/niteroi-sediara-o-1o-evento-publico-do-pais-voltado-para-a-cultura-geek\\\/#primaryimage\"},\"thumbnailUrl\":\"https:\\\/\\\/folhadoleste.com.br\\\/wp-content\\\/uploads\\\/2023\\\/09\\\/Niteroi-sediara-o-1o-evento-publico-do-pais-voltado-para-a-cultura-Geek-Foto-John-Mitysumy-scaled.jpg\",\"keywords\":[\"1\u00ba evento p\u00fablico\",\"1\u00ba evento p\u00fablico de cultura Geek\",\"Caminho Niemeyer\",\"Cultura Geek\",\"Niter\u00f3i\",\"Niter\u00f3i Expo Geek\"],\"articleSection\":[\"Cultura\",\"Entretenimento\",\"Leste Fluminense\",\"Niter\u00f3i\"],\"inLanguage\":\"en-US\",\"potentialAction\":[{\"@type\":\"CommentAction\",\"name\":\"Comment\",\"target\":[\"https:\\\/\\\/folhadoleste.com.br\\\/niteroi-sediara-o-1o-evento-publico-do-pais-voltado-para-a-cultura-geek\\\/#respond\"]}]},{\"@type\":\"WebPage\",\"@id\":\"https:\\\/\\\/folhadoleste.com.br\\\/niteroi-sediara-o-1o-evento-publico-do-pais-voltado-para-a-cultura-geek\\\/\",\"url\":\"https:\\\/\\\/folhadoleste.com.br\\\/niteroi-sediara-o-1o-evento-publico-do-pais-voltado-para-a-cultura-geek\\\/\",\"name\":\"Niter\u00f3i sediar\u00e1 o 1\u00ba evento p\u00fablico do pa\u00eds voltado para a cultura Geek\",\"isPartOf\":{\"@id\":\"https:\\\/\\\/folhadoleste.com.br\\\/#website\"},\"primaryImageOfPage\":{\"@id\":\"https:\\\/\\\/folhadoleste.com.br\\\/niteroi-sediara-o-1o-evento-publico-do-pais-voltado-para-a-cultura-geek\\\/#primaryimage\"},\"image\":{\"@id\":\"https:\\\/\\\/folhadoleste.com.br\\\/niteroi-sediara-o-1o-evento-publico-do-pais-voltado-para-a-cultura-geek\\\/#primaryimage\"},\"thumbnailUrl\":\"https:\\\/\\\/folhadoleste.com.br\\\/wp-content\\\/uploads\\\/2023\\\/09\\\/Niteroi-sediara-o-1o-evento-publico-do-pais-voltado-para-a-cultura-Geek-Foto-John-Mitysumy-scaled.jpg\",\"datePublished\":\"2023-09-07T00:08:25+00:00\",\"description\":\"Niter\u00f3i sediar\u00e1 o 1\u00ba evento p\u00fablico do pa\u00eds voltado para a cultura Geek...\",\"breadcrumb\":{\"@id\":\"https:\\\/\\\/folhadoleste.com.br\\\/niteroi-sediara-o-1o-evento-publico-do-pais-voltado-para-a-cultura-geek\\\/#breadcrumb\"},\"inLanguage\":\"en-US\",\"potentialAction\":[{\"@type\":\"ReadAction\",\"target\":[\"https:\\\/\\\/folhadoleste.com.br\\\/niteroi-sediara-o-1o-evento-publico-do-pais-voltado-para-a-cultura-geek\\\/\"]}]},{\"@type\":\"ImageObject\",\"inLanguage\":\"en-US\",\"@id\":\"https:\\\/\\\/folhadoleste.com.br\\\/niteroi-sediara-o-1o-evento-publico-do-pais-voltado-para-a-cultura-geek\\\/#primaryimage\",\"url\":\"https:\\\/\\\/folhadoleste.com.br\\\/wp-content\\\/uploads\\\/2023\\\/09\\\/Niteroi-sediara-o-1o-evento-publico-do-pais-voltado-para-a-cultura-Geek-Foto-John-Mitysumy-scaled.jpg\",\"contentUrl\":\"https:\\\/\\\/folhadoleste.com.br\\\/wp-content\\\/uploads\\\/2023\\\/09\\\/Niteroi-sediara-o-1o-evento-publico-do-pais-voltado-para-a-cultura-Geek-Foto-John-Mitysumy-scaled.jpg\",\"width\":2560,\"height\":1707,\"caption\":\"Foto: John Mitysumy\"},{\"@type\":\"BreadcrumbList\",\"@id\":\"https:\\\/\\\/folhadoleste.com.br\\\/niteroi-sediara-o-1o-evento-publico-do-pais-voltado-para-a-cultura-geek\\\/#breadcrumb\",\"itemListElement\":[{\"@type\":\"ListItem\",\"position\":1,\"name\":\"In\u00edcio\",\"item\":\"https:\\\/\\\/folhadoleste.com.br\\\/\"},{\"@type\":\"ListItem\",\"position\":2,\"name\":\"Estado do Rio de Janeiro\",\"item\":\"https:\\\/\\\/folhadoleste.com.br\\\/category\\\/estado-do-rio-de-janeiro\\\/\"},{\"@type\":\"ListItem\",\"position\":3,\"name\":\"Leste Fluminense\",\"item\":\"https:\\\/\\\/folhadoleste.com.br\\\/category\\\/estado-do-rio-de-janeiro\\\/leste-fluminense\\\/\"},{\"@type\":\"ListItem\",\"position\":4,\"name\":\"Niter\u00f3i\",\"item\":\"https:\\\/\\\/folhadoleste.com.br\\\/category\\\/estado-do-rio-de-janeiro\\\/leste-fluminense\\\/noticias-de-niteroi\\\/\"},{\"@type\":\"ListItem\",\"position\":5,\"name\":\"Niter\u00f3i sediar\u00e1 o 1\u00ba evento p\u00fablico do pa\u00eds voltado para a cultura Geek\"}]},{\"@type\":\"WebSite\",\"@id\":\"https:\\\/\\\/folhadoleste.com.br\\\/#website\",\"url\":\"https:\\\/\\\/folhadoleste.com.br\\\/\",\"name\":\"Folha do Leste\",\"description\":\"Portal de Not\u00edcias com \u00eanfase em Niter\u00f3i, criando conte\u00fados desde a capital Rio de Janeiro, com olhar para o Leste Fluminense e suas cidades como S\u00e3o Gon\u00e7alo, Itabora\u00ed, Rio Bonito, Maric\u00e1, Saquarema e Araruama\",\"publisher\":{\"@id\":\"https:\\\/\\\/folhadoleste.com.br\\\/#organization\"},\"alternateName\":\"FL\",\"potentialAction\":[{\"@type\":\"SearchAction\",\"target\":{\"@type\":\"EntryPoint\",\"urlTemplate\":\"https:\\\/\\\/folhadoleste.com.br\\\/?s={search_term_string}\"},\"query-input\":{\"@type\":\"PropertyValueSpecification\",\"valueRequired\":true,\"valueName\":\"search_term_string\"}}],\"inLanguage\":\"en-US\"},{\"@type\":\"Organization\",\"@id\":\"https:\\\/\\\/folhadoleste.com.br\\\/#organization\",\"name\":\"Brasil 21 Comunica\u00e7\u00e3o\",\"alternateName\":\"BR21\",\"url\":\"https:\\\/\\\/folhadoleste.com.br\\\/\",\"logo\":{\"@type\":\"ImageObject\",\"inLanguage\":\"en-US\",\"@id\":\"https:\\\/\\\/folhadoleste.com.br\\\/#\\\/schema\\\/logo\\\/image\\\/\",\"url\":\"https:\\\/\\\/folhadoleste.com.br\\\/wp-content\\\/uploads\\\/2025\\\/12\\\/brasil-21-logomarca.avif\",\"contentUrl\":\"https:\\\/\\\/folhadoleste.com.br\\\/wp-content\\\/uploads\\\/2025\\\/12\\\/brasil-21-logomarca.avif\",\"width\":1044,\"height\":1044,\"caption\":\"Brasil 21 Comunica\u00e7\u00e3o\"},\"image\":{\"@id\":\"https:\\\/\\\/folhadoleste.com.br\\\/#\\\/schema\\\/logo\\\/image\\\/\"},\"sameAs\":[\"https:\\\/\\\/www.facebook.com\\\/folhadoleste\",\"https:\\\/\\\/x.com\\\/FolhadoLesteRJ\",\"https:\\\/\\\/www.instagram.com\\\/folhadoleste\\\/\"]},{\"@type\":\"Person\",\"@id\":\"https:\\\/\\\/folhadoleste.com.br\\\/#\\\/schema\\\/person\\\/3e97145b2e1861276e84471aa85a3899\",\"name\":\"Folha do Leste\",\"image\":{\"@type\":\"ImageObject\",\"inLanguage\":\"en-US\",\"@id\":\"https:\\\/\\\/folhadoleste.com.br\\\/wp-content\\\/litespeed\\\/avatar\\\/1ca8c218432e7045e748610eb3db0259.jpg?ver=1776693931\",\"url\":\"https:\\\/\\\/folhadoleste.com.br\\\/wp-content\\\/litespeed\\\/avatar\\\/1ca8c218432e7045e748610eb3db0259.jpg?ver=1776693931\",\"contentUrl\":\"https:\\\/\\\/folhadoleste.com.br\\\/wp-content\\\/litespeed\\\/avatar\\\/1ca8c218432e7045e748610eb3db0259.jpg?ver=1776693931\",\"caption\":\"Folha do Leste\"},\"url\":\"https:\\\/\\\/folhadoleste.com.br\\\/en\\\/author\\\/reportagem-01\\\/\"}]}<\/script>\n<!-- \/ Yoast SEO plugin. -->","yoast_head_json":{"title":"Niter\u00f3i sediar\u00e1 o 1\u00ba evento p\u00fablico do pa\u00eds voltado para a cultura Geek","description":"Niter\u00f3i sediar\u00e1 o 1\u00ba evento p\u00fablico do pa\u00eds voltado para a cultura Geek...","robots":{"index":"index","follow":"follow","max-snippet":"max-snippet:-1","max-image-preview":"max-image-preview:large","max-video-preview":"max-video-preview:-1"},"canonical":"https:\/\/folhadoleste.com.br\/en\/niteroi-sediara-o-1o-evento-publico-do-pais-voltado-para-a-cultura-geek\/","og_locale":"en_US","og_type":"article","og_title":"Niter\u00f3i sediar\u00e1 o 1\u00ba evento p\u00fablico do pa\u00eds voltado para a cultura Geek","og_description":"Clique e saiba mais...","og_url":"https:\/\/folhadoleste.com.br\/en\/niteroi-sediara-o-1o-evento-publico-do-pais-voltado-para-a-cultura-geek\/","og_site_name":"Folha do Leste","article_publisher":"https:\/\/www.facebook.com\/folhadoleste","article_published_time":"2023-09-07T00:08:25+00:00","og_image":[{"width":2560,"height":1707,"url":"https:\/\/folhadoleste.com.br\/wp-content\/uploads\/2023\/09\/Niteroi-sediara-o-1o-evento-publico-do-pais-voltado-para-a-cultura-Geek-Foto-John-Mitysumy-scaled.jpg","type":"image\/jpeg"}],"author":"Folha do Leste","twitter_card":"summary_large_image","twitter_title":"Niter\u00f3i sediar\u00e1 o 1\u00ba evento p\u00fablico do pa\u00eds voltado para a cultura Geek","twitter_description":"Clique e saiba mais...","twitter_image":"https:\/\/folhadoleste.com.br\/wp-content\/uploads\/2023\/09\/Niteroi-sediara-o-1o-evento-publico-do-pais-voltado-para-a-cultura-Geek-Foto-John-Mitysumy-scaled.jpg","twitter_creator":"@FolhadoLesteRJ","twitter_site":"@FolhadoLesteRJ","twitter_misc":{"Written by":"Folha do Leste","Est. reading time":"4 minutes"},"schema":{"@context":"https:\/\/schema.org","@graph":[{"@type":"NewsArticle","@id":"https:\/\/folhadoleste.com.br\/niteroi-sediara-o-1o-evento-publico-do-pais-voltado-para-a-cultura-geek\/#article","isPartOf":{"@id":"https:\/\/folhadoleste.com.br\/niteroi-sediara-o-1o-evento-publico-do-pais-voltado-para-a-cultura-geek\/"},"author":{"name":"Folha do Leste","@id":"https:\/\/folhadoleste.com.br\/#\/schema\/person\/3e97145b2e1861276e84471aa85a3899"},"headline":"Niter\u00f3i sediar\u00e1 o 1\u00ba evento p\u00fablico do pa\u00eds voltado para a cultura Geek","datePublished":"2023-09-07T00:08:25+00:00","mainEntityOfPage":{"@id":"https:\/\/folhadoleste.com.br\/niteroi-sediara-o-1o-evento-publico-do-pais-voltado-para-a-cultura-geek\/"},"wordCount":496,"commentCount":0,"publisher":{"@id":"https:\/\/folhadoleste.com.br\/#organization"},"image":{"@id":"https:\/\/folhadoleste.com.br\/niteroi-sediara-o-1o-evento-publico-do-pais-voltado-para-a-cultura-geek\/#primaryimage"},"thumbnailUrl":"https:\/\/folhadoleste.com.br\/wp-content\/uploads\/2023\/09\/Niteroi-sediara-o-1o-evento-publico-do-pais-voltado-para-a-cultura-Geek-Foto-John-Mitysumy-scaled.jpg","keywords":["1\u00ba evento p\u00fablico","1\u00ba evento p\u00fablico de cultura Geek","Caminho Niemeyer","Cultura Geek","Niter\u00f3i","Niter\u00f3i Expo Geek"],"articleSection":["Cultura","Entretenimento","Leste Fluminense","Niter\u00f3i"],"inLanguage":"en-US","potentialAction":[{"@type":"CommentAction","name":"Comment","target":["https:\/\/folhadoleste.com.br\/niteroi-sediara-o-1o-evento-publico-do-pais-voltado-para-a-cultura-geek\/#respond"]}]},{"@type":"WebPage","@id":"https:\/\/folhadoleste.com.br\/niteroi-sediara-o-1o-evento-publico-do-pais-voltado-para-a-cultura-geek\/","url":"https:\/\/folhadoleste.com.br\/niteroi-sediara-o-1o-evento-publico-do-pais-voltado-para-a-cultura-geek\/","name":"Niter\u00f3i sediar\u00e1 o 1\u00ba evento p\u00fablico do pa\u00eds voltado para a cultura Geek","isPartOf":{"@id":"https:\/\/folhadoleste.com.br\/#website"},"primaryImageOfPage":{"@id":"https:\/\/folhadoleste.com.br\/niteroi-sediara-o-1o-evento-publico-do-pais-voltado-para-a-cultura-geek\/#primaryimage"},"image":{"@id":"https:\/\/folhadoleste.com.br\/niteroi-sediara-o-1o-evento-publico-do-pais-voltado-para-a-cultura-geek\/#primaryimage"},"thumbnailUrl":"https:\/\/folhadoleste.com.br\/wp-content\/uploads\/2023\/09\/Niteroi-sediara-o-1o-evento-publico-do-pais-voltado-para-a-cultura-Geek-Foto-John-Mitysumy-scaled.jpg","datePublished":"2023-09-07T00:08:25+00:00","description":"Niter\u00f3i sediar\u00e1 o 1\u00ba evento p\u00fablico do pa\u00eds voltado para a cultura Geek...","breadcrumb":{"@id":"https:\/\/folhadoleste.com.br\/niteroi-sediara-o-1o-evento-publico-do-pais-voltado-para-a-cultura-geek\/#breadcrumb"},"inLanguage":"en-US","potentialAction":[{"@type":"ReadAction","target":["https:\/\/folhadoleste.com.br\/niteroi-sediara-o-1o-evento-publico-do-pais-voltado-para-a-cultura-geek\/"]}]},{"@type":"ImageObject","inLanguage":"en-US","@id":"https:\/\/folhadoleste.com.br\/niteroi-sediara-o-1o-evento-publico-do-pais-voltado-para-a-cultura-geek\/#primaryimage","url":"https:\/\/folhadoleste.com.br\/wp-content\/uploads\/2023\/09\/Niteroi-sediara-o-1o-evento-publico-do-pais-voltado-para-a-cultura-Geek-Foto-John-Mitysumy-scaled.jpg","contentUrl":"https:\/\/folhadoleste.com.br\/wp-content\/uploads\/2023\/09\/Niteroi-sediara-o-1o-evento-publico-do-pais-voltado-para-a-cultura-Geek-Foto-John-Mitysumy-scaled.jpg","width":2560,"height":1707,"caption":"Foto: John Mitysumy"},{"@type":"BreadcrumbList","@id":"https:\/\/folhadoleste.com.br\/niteroi-sediara-o-1o-evento-publico-do-pais-voltado-para-a-cultura-geek\/#breadcrumb","itemListElement":[{"@type":"ListItem","position":1,"name":"In\u00edcio","item":"https:\/\/folhadoleste.com.br\/"},{"@type":"ListItem","position":2,"name":"Estado do Rio de Janeiro","item":"https:\/\/folhadoleste.com.br\/category\/estado-do-rio-de-janeiro\/"},{"@type":"ListItem","position":3,"name":"Leste Fluminense","item":"https:\/\/folhadoleste.com.br\/category\/estado-do-rio-de-janeiro\/leste-fluminense\/"},{"@type":"ListItem","position":4,"name":"Niter\u00f3i","item":"https:\/\/folhadoleste.com.br\/category\/estado-do-rio-de-janeiro\/leste-fluminense\/noticias-de-niteroi\/"},{"@type":"ListItem","position":5,"name":"Niter\u00f3i sediar\u00e1 o 1\u00ba evento p\u00fablico do pa\u00eds voltado para a cultura Geek"}]},{"@type":"WebSite","@id":"https:\/\/folhadoleste.com.br\/#website","url":"https:\/\/folhadoleste.com.br\/","name":"Folha do Leste","description":"Portal de Not\u00edcias com \u00eanfase em Niter\u00f3i, criando conte\u00fados desde a capital Rio de Janeiro, com olhar para o Leste Fluminense e suas cidades como S\u00e3o Gon\u00e7alo, Itabora\u00ed, Rio Bonito, Maric\u00e1, Saquarema e Araruama","publisher":{"@id":"https:\/\/folhadoleste.com.br\/#organization"},"alternateName":"FL","potentialAction":[{"@type":"SearchAction","target":{"@type":"EntryPoint","urlTemplate":"https:\/\/folhadoleste.com.br\/?s={search_term_string}"},"query-input":{"@type":"PropertyValueSpecification","valueRequired":true,"valueName":"search_term_string"}}],"inLanguage":"en-US"},{"@type":"Organization","@id":"https:\/\/folhadoleste.com.br\/#organization","name":"Brasil 21 Comunica\u00e7\u00e3o","alternateName":"BR21","url":"https:\/\/folhadoleste.com.br\/","logo":{"@type":"ImageObject","inLanguage":"en-US","@id":"https:\/\/folhadoleste.com.br\/#\/schema\/logo\/image\/","url":"https:\/\/folhadoleste.com.br\/wp-content\/uploads\/2025\/12\/brasil-21-logomarca.avif","contentUrl":"https:\/\/folhadoleste.com.br\/wp-content\/uploads\/2025\/12\/brasil-21-logomarca.avif","width":1044,"height":1044,"caption":"Brasil 21 Comunica\u00e7\u00e3o"},"image":{"@id":"https:\/\/folhadoleste.com.br\/#\/schema\/logo\/image\/"},"sameAs":["https:\/\/www.facebook.com\/folhadoleste","https:\/\/x.com\/FolhadoLesteRJ","https:\/\/www.instagram.com\/folhadoleste\/"]},{"@type":"Person","@id":"https:\/\/folhadoleste.com.br\/#\/schema\/person\/3e97145b2e1861276e84471aa85a3899","name":"Folha do Leste","image":{"@type":"ImageObject","inLanguage":"en-US","@id":"https:\/\/folhadoleste.com.br\/wp-content\/litespeed\/avatar\/1ca8c218432e7045e748610eb3db0259.jpg?ver=1776693931","url":"https:\/\/folhadoleste.com.br\/wp-content\/litespeed\/avatar\/1ca8c218432e7045e748610eb3db0259.jpg?ver=1776693931","contentUrl":"https:\/\/folhadoleste.com.br\/wp-content\/litespeed\/avatar\/1ca8c218432e7045e748610eb3db0259.jpg?ver=1776693931","caption":"Folha do Leste"},"url":"https:\/\/folhadoleste.com.br\/en\/author\/reportagem-01\/"}]}},"_links":{"self":[{"href":"https:\/\/folhadoleste.com.br\/en\/wp-json\/wp\/v2\/posts\/24539","targetHints":{"allow":["GET"]}}],"collection":[{"href":"https:\/\/folhadoleste.com.br\/en\/wp-json\/wp\/v2\/posts"}],"about":[{"href":"https:\/\/folhadoleste.com.br\/en\/wp-json\/wp\/v2\/types\/post"}],"author":[{"embeddable":true,"href":"https:\/\/folhadoleste.com.br\/en\/wp-json\/wp\/v2\/users\/4"}],"replies":[{"embeddable":true,"href":"https:\/\/folhadoleste.com.br\/en\/wp-json\/wp\/v2\/comments?post=24539"}],"version-history":[{"count":1,"href":"https:\/\/folhadoleste.com.br\/en\/wp-json\/wp\/v2\/posts\/24539\/revisions"}],"predecessor-version":[{"id":24542,"href":"https:\/\/folhadoleste.com.br\/en\/wp-json\/wp\/v2\/posts\/24539\/revisions\/24542"}],"wp:featuredmedia":[{"embeddable":true,"href":"https:\/\/folhadoleste.com.br\/en\/wp-json\/wp\/v2\/media\/24541"}],"wp:attachment":[{"href":"https:\/\/folhadoleste.com.br\/en\/wp-json\/wp\/v2\/media?parent=24539"}],"wp:term":[{"taxonomy":"category","embeddable":true,"href":"https:\/\/folhadoleste.com.br\/en\/wp-json\/wp\/v2\/categories?post=24539"},{"taxonomy":"post_tag","embeddable":true,"href":"https:\/\/folhadoleste.com.br\/en\/wp-json\/wp\/v2\/tags?post=24539"}],"curies":[{"name":"wp","href":"https:\/\/api.w.org\/{rel}","templated":true}]}}