{"id":24091,"date":"2023-09-04T11:36:12","date_gmt":"2023-09-04T14:36:12","guid":{"rendered":"https:\/\/folhadoleste.com.br\/?p=24091"},"modified":"2023-09-04T21:12:30","modified_gmt":"2023-09-05T00:12:30","slug":"ladroes-de-residencias-sao-presos-em-niteroi-1","status":"publish","type":"post","link":"https:\/\/folhadoleste.com.br\/en\/ladroes-de-residencias-sao-presos-em-niteroi-1\/","title":{"rendered":"Ladr\u00f5es de resid\u00eancias s\u00e3o presos em Niter\u00f3i"},"content":{"rendered":"<div id=\"attachment_24093\" style=\"width: 661px\" class=\"wp-caption alignnone\"><img decoding=\"async\" aria-describedby=\"caption-attachment-24093\" class=\"size-full wp-image-24093\" src=\"https:\/\/folhadoleste.com.br\/wp-content\/uploads\/2023\/09\/Ladroes-de-residencias-sao-presos-em-Niteroi-Foto-Cortada-Divulgacao-PCERJ.png\" alt=\"Ladr\u00f5es de resid\u00eancias s\u00e3o presos em Niter\u00f3i\" width=\"651\" height=\"444\" \/><p id=\"caption-attachment-24093\" class=\"wp-caption-text\">Foto: Divulga\u00e7\u00e3o &#8211; PCERJ<\/p><\/div>\n<p>Policiais civis da 79\u00aa DP (Jurujuba) deflagraram, nesta segunda-feira (4), uma opera\u00e7\u00e3o contra integrantes de uma quadrilha especializada em roubo e furto de resid\u00eancias. Na a\u00e7\u00e3o, um homem foi capturado e tamb\u00e9m foi cumprido mandado de pris\u00e3o tempor\u00e1ria contra outro indiv\u00edduo que j\u00e1 estava no sistema penitenci\u00e1rio.<\/p>\n<p>As investiga\u00e7\u00f5es come\u00e7aram ap\u00f3s um assalto ocorrido na Praia de S\u00e3o Francisco, em Niter\u00f3i, na Regi\u00e3o Metropolitana do Rio de Janeiro, na madrugada do dia 30 de julho. Na a\u00e7\u00e3o, tr\u00eas criminosos entraram em um carro de aplicativo na regi\u00e3o do Fonseca e partiram em busca de uma resid\u00eancia que n\u00e3o tivesse sistema de c\u00e2meras de seguran\u00e7a, cachorros e que fosse pouco iluminada. Um deles estava com uma r\u00e9plica de arma de fogo.<\/p>\n<h4><a href=\"https:\/\/folhadoleste.com.br\/en\/category\/jornal-folha-do-leste-rj\/niteroi\/\"><strong>\u201cLeia mais not\u00edcias sobre Niter\u00f3i aqui\u201d<\/strong><\/a><\/h4>\n<p>Os assaltantes pularam o muro de uma casa e entraram por uma janela que n\u00e3o estava trancada. As v\u00edtimas haviam sa\u00eddo do im\u00f3vel dias antes e, ao retornarem, encontraram o port\u00e3o da garagem aberto e o im\u00f3vel todo revirado. Os criminosos levaram um ve\u00edculo, eletrodom\u00e9sticos, aparelhos celulares e documentos.<\/p>\n<p>Os detidos desta segunda-feira foram indiciados pelos crimes de organiza\u00e7\u00e3o criminosa e furto qualificado. Um deles j\u00e1 havia sido preso em flagrante por agentes da 81\u00aa DP (Itaipu), em agosto, por um sequestro rel\u00e2mpago em Itacoatiara. O telefone do outro capturado foi apreendido.<\/p>\n<p>As investiga\u00e7\u00f5es prosseguem para identificar e prender o terceiro autor do crime.<\/p>\n<h4>Outro caso<\/h4>\n<p>Agentes da 79\u00aa DP deflagraram, na \u00faltima ter\u00e7a-feira (29), uma opera\u00e7\u00e3o contra uma quadrilha especializada em roubo a resid\u00eancias de luxo. A a\u00e7\u00e3o contou com o apoio do Minist\u00e9rio P\u00fablico de Niter\u00f3i.<\/p>\n<p>De acordo com as investiga\u00e7\u00f5es, para abordar as v\u00edtimas, os criminosos se identificavam como policiais.<\/p>\n<p>Um dos assaltos aconteceu no dia 2 de agosto, quando o grupo saiu da capital fluminense em dire\u00e7\u00e3o ao munic\u00edpio da Regi\u00e3o Metropolitana para roubar uma resid\u00eancia no bairro de S\u00e3o Francisco. Na ocasi\u00e3o, eles levaram joias e eletrodom\u00e9sticos.<\/p>\n<h4><a href=\"https:\/\/folhadoleste.com.br\/en\/category\/jornal-folha-do-leste-rj\/niteroi\/\"><strong>\u201cLeia mais not\u00edcias sobre Niter\u00f3i aqui\u201d<\/strong><\/a><\/h4>\n<p>Os policiais conseguiram capturar um dos integrantes. O homem tamb\u00e9m foi autuado em flagrante por posse de muni\u00e7\u00e3o. Contra ele, foi cumprido um mandado de pris\u00e3o tempor\u00e1ria e dois de busca e apreens\u00e3o.<\/p>\n<p>Outros dois endere\u00e7os ligados aos demais investigados tamb\u00e9m foram alvo de buscas. Os mandados foram cumpridos em Rocha Miranda e Coelho Neto, na Zona Norte do Rio de Janeiro.<\/p>\n<p>Na a\u00e7\u00e3o, os agentes apreenderam o ve\u00edculo utilizado no crime, aparelhos celulares e uma joia reconhecida pela v\u00edtima.<\/p>\n<p>&nbsp;<\/p>\n<p><a href=\"https:\/\/www.instagram.com\/folhadoleste\/\"><img decoding=\"async\" class=\"aligncenter wp-image-15962\" src=\"https:\/\/folhadoleste.com.br\/wp-content\/uploads\/2023\/07\/instagram.jpg\" alt=\"Itaipu-Itaipua\u00e7u: Caminh\u00e3o causa grave acidente na RJ-102, a estrada da Serrinha\" width=\"49\" height=\"49\" \/><\/a><a href=\"https:\/\/www.facebook.com\/folhadoleste\"><img decoding=\"async\" class=\"aligncenter wp-image-7424\" src=\"https:\/\/folhadoleste.com.br\/wp-content\/uploads\/2023\/05\/facebook-logo-3-1.png\" alt=\"Itaipu-Itaipua\u00e7u: Caminh\u00e3o causa grave acidente na RJ-102, a estrada da Serrinha\" width=\"49\" height=\"49\" \/><\/a><\/p>","protected":false},"excerpt":{"rendered":"<p>Policiais civis da 79\u00aa DP (Jurujuba) deflagraram, nesta segunda-feira (4), uma opera\u00e7\u00e3o contra integrantes de uma quadrilha especializada em roubo e furto de resid\u00eancias. Na a\u00e7\u00e3o, um homem foi capturado e tamb\u00e9m foi cumprido mandado de pris\u00e3o tempor\u00e1ria contra outro indiv\u00edduo que j\u00e1 estava no sistema penitenci\u00e1rio. As investiga\u00e7\u00f5es come\u00e7aram ap\u00f3s um assalto ocorrido na Praia de S\u00e3o Francisco, em Niter\u00f3i, na Regi\u00e3o Metropolitana do Rio de Janeiro, na madrugada do dia 30 de julho. Na a\u00e7\u00e3o, tr\u00eas criminosos entraram em um carro de aplicativo na regi\u00e3o do Fonseca e partiram em busca de uma resid\u00eancia que n\u00e3o tivesse sistema [&hellip;]<\/p>\n","protected":false},"author":4,"featured_media":24093,"comment_status":"open","ping_status":"open","sticky":false,"template":"","format":"standard","meta":{"footnotes":""},"categories":[47,5],"tags":[3133,50,203,424,5541],"class_list":["post-24091","post","type-post","status-publish","format-standard","has-post-thumbnail","hentry","category-leste-fluminense","category-noticias-de-niteroi","tag-ladroes","tag-niteroi","tag-policia-civil","tag-presos","tag-residencias","post--single"],"yoast_head":"<!-- This site is optimized with the Yoast SEO plugin v27.5 - https:\/\/yoast.com\/product\/yoast-seo-wordpress\/ -->\n<title>Ladr\u00f5es de resid\u00eancias s\u00e3o presos em Niter\u00f3i &#8226; Folha do Leste<\/title>\n<meta name=\"description\" content=\"Ladr\u00f5es de resid\u00eancias s\u00e3o presos em Niter\u00f3i...\" \/>\n<meta name=\"robots\" content=\"index, follow, max-snippet:-1, max-image-preview:large, max-video-preview:-1\" \/>\n<link rel=\"canonical\" href=\"https:\/\/folhadoleste.com.br\/en\/ladroes-de-residencias-sao-presos-em-niteroi-1\/\" \/>\n<meta property=\"og:locale\" content=\"en_US\" \/>\n<meta property=\"og:type\" content=\"article\" \/>\n<meta property=\"og:title\" content=\"Ladr\u00f5es de resid\u00eancias s\u00e3o presos em Niter\u00f3i\" \/>\n<meta property=\"og:description\" content=\"Bandidos cometeram crimes na Zona Sul e Regi\u00e3o Oce\u00e2nica\" \/>\n<meta property=\"og:url\" content=\"https:\/\/folhadoleste.com.br\/en\/ladroes-de-residencias-sao-presos-em-niteroi-1\/\" \/>\n<meta property=\"og:site_name\" content=\"Folha do Leste\" \/>\n<meta property=\"article:publisher\" content=\"https:\/\/www.facebook.com\/folhadoleste\" \/>\n<meta property=\"article:published_time\" content=\"2023-09-04T14:36:12+00:00\" \/>\n<meta property=\"article:modified_time\" content=\"2023-09-05T00:12:30+00:00\" \/>\n<meta property=\"og:image\" content=\"https:\/\/folhadoleste.com.br\/wp-content\/uploads\/2023\/09\/Ladroes-de-residencias-sao-presos-em-Niteroi-Foto-Cortada-Divulgacao-PCERJ.png\" \/>\n\t<meta property=\"og:image:width\" content=\"651\" \/>\n\t<meta property=\"og:image:height\" content=\"444\" \/>\n\t<meta property=\"og:image:type\" content=\"image\/png\" \/>\n<meta name=\"author\" content=\"Folha do Leste\" \/>\n<meta name=\"twitter:card\" content=\"summary_large_image\" \/>\n<meta name=\"twitter:title\" content=\"Ladr\u00f5es de resid\u00eancias s\u00e3o presos em Niter\u00f3i\" \/>\n<meta name=\"twitter:description\" content=\"Clique e saiba mais...\" \/>\n<meta name=\"twitter:image\" content=\"https:\/\/folhadoleste.com.br\/wp-content\/uploads\/2023\/09\/Ladroes-de-residencias-sao-presos-em-Niteroi-Foto-Cortada-Divulgacao-PCERJ.png\" \/>\n<meta name=\"twitter:creator\" content=\"@FolhadoLesteRJ\" \/>\n<meta name=\"twitter:site\" content=\"@FolhadoLesteRJ\" \/>\n<meta name=\"twitter:label1\" content=\"Written by\" \/>\n\t<meta name=\"twitter:data1\" content=\"Folha do Leste\" \/>\n\t<meta name=\"twitter:label2\" content=\"Est. reading time\" \/>\n\t<meta name=\"twitter:data2\" content=\"3 minutes\" \/>\n<script type=\"application\/ld+json\" class=\"yoast-schema-graph\">{\"@context\":\"https:\\\/\\\/schema.org\",\"@graph\":[{\"@type\":\"NewsArticle\",\"@id\":\"https:\\\/\\\/folhadoleste.com.br\\\/ladroes-de-residencias-sao-presos-em-niteroi-1\\\/#article\",\"isPartOf\":{\"@id\":\"https:\\\/\\\/folhadoleste.com.br\\\/ladroes-de-residencias-sao-presos-em-niteroi-1\\\/\"},\"author\":{\"name\":\"Folha do Leste\",\"@id\":\"https:\\\/\\\/folhadoleste.com.br\\\/#\\\/schema\\\/person\\\/3e97145b2e1861276e84471aa85a3899\"},\"headline\":\"Ladr\u00f5es de resid\u00eancias s\u00e3o presos em Niter\u00f3i\",\"datePublished\":\"2023-09-04T14:36:12+00:00\",\"dateModified\":\"2023-09-05T00:12:30+00:00\",\"mainEntityOfPage\":{\"@id\":\"https:\\\/\\\/folhadoleste.com.br\\\/ladroes-de-residencias-sao-presos-em-niteroi-1\\\/\"},\"wordCount\":484,\"commentCount\":0,\"publisher\":{\"@id\":\"https:\\\/\\\/folhadoleste.com.br\\\/#organization\"},\"image\":{\"@id\":\"https:\\\/\\\/folhadoleste.com.br\\\/ladroes-de-residencias-sao-presos-em-niteroi-1\\\/#primaryimage\"},\"thumbnailUrl\":\"https:\\\/\\\/folhadoleste.com.br\\\/wp-content\\\/uploads\\\/2023\\\/09\\\/Ladroes-de-residencias-sao-presos-em-Niteroi-Foto-Cortada-Divulgacao-PCERJ.png\",\"keywords\":[\"ladr\u00f5es\",\"Niter\u00f3i\",\"pol\u00edcia civil\",\"presos\",\"resid\u00eancias\"],\"articleSection\":[\"Leste Fluminense\",\"Niter\u00f3i\"],\"inLanguage\":\"en-US\",\"potentialAction\":[{\"@type\":\"CommentAction\",\"name\":\"Comment\",\"target\":[\"https:\\\/\\\/folhadoleste.com.br\\\/ladroes-de-residencias-sao-presos-em-niteroi-1\\\/#respond\"]}]},{\"@type\":\"WebPage\",\"@id\":\"https:\\\/\\\/folhadoleste.com.br\\\/ladroes-de-residencias-sao-presos-em-niteroi-1\\\/\",\"url\":\"https:\\\/\\\/folhadoleste.com.br\\\/ladroes-de-residencias-sao-presos-em-niteroi-1\\\/\",\"name\":\"Ladr\u00f5es de resid\u00eancias s\u00e3o presos em Niter\u00f3i &#8226; Folha do Leste\",\"isPartOf\":{\"@id\":\"https:\\\/\\\/folhadoleste.com.br\\\/#website\"},\"primaryImageOfPage\":{\"@id\":\"https:\\\/\\\/folhadoleste.com.br\\\/ladroes-de-residencias-sao-presos-em-niteroi-1\\\/#primaryimage\"},\"image\":{\"@id\":\"https:\\\/\\\/folhadoleste.com.br\\\/ladroes-de-residencias-sao-presos-em-niteroi-1\\\/#primaryimage\"},\"thumbnailUrl\":\"https:\\\/\\\/folhadoleste.com.br\\\/wp-content\\\/uploads\\\/2023\\\/09\\\/Ladroes-de-residencias-sao-presos-em-Niteroi-Foto-Cortada-Divulgacao-PCERJ.png\",\"datePublished\":\"2023-09-04T14:36:12+00:00\",\"dateModified\":\"2023-09-05T00:12:30+00:00\",\"description\":\"Ladr\u00f5es de resid\u00eancias s\u00e3o presos em Niter\u00f3i...\",\"breadcrumb\":{\"@id\":\"https:\\\/\\\/folhadoleste.com.br\\\/ladroes-de-residencias-sao-presos-em-niteroi-1\\\/#breadcrumb\"},\"inLanguage\":\"en-US\",\"potentialAction\":[{\"@type\":\"ReadAction\",\"target\":[\"https:\\\/\\\/folhadoleste.com.br\\\/ladroes-de-residencias-sao-presos-em-niteroi-1\\\/\"]}]},{\"@type\":\"ImageObject\",\"inLanguage\":\"en-US\",\"@id\":\"https:\\\/\\\/folhadoleste.com.br\\\/ladroes-de-residencias-sao-presos-em-niteroi-1\\\/#primaryimage\",\"url\":\"https:\\\/\\\/folhadoleste.com.br\\\/wp-content\\\/uploads\\\/2023\\\/09\\\/Ladroes-de-residencias-sao-presos-em-Niteroi-Foto-Cortada-Divulgacao-PCERJ.png\",\"contentUrl\":\"https:\\\/\\\/folhadoleste.com.br\\\/wp-content\\\/uploads\\\/2023\\\/09\\\/Ladroes-de-residencias-sao-presos-em-Niteroi-Foto-Cortada-Divulgacao-PCERJ.png\",\"width\":651,\"height\":444,\"caption\":\"Foto: Divulga\u00e7\u00e3o - PCERJ\"},{\"@type\":\"BreadcrumbList\",\"@id\":\"https:\\\/\\\/folhadoleste.com.br\\\/ladroes-de-residencias-sao-presos-em-niteroi-1\\\/#breadcrumb\",\"itemListElement\":[{\"@type\":\"ListItem\",\"position\":1,\"name\":\"In\u00edcio\",\"item\":\"https:\\\/\\\/folhadoleste.com.br\\\/\"},{\"@type\":\"ListItem\",\"position\":2,\"name\":\"Estado do Rio de Janeiro\",\"item\":\"https:\\\/\\\/folhadoleste.com.br\\\/category\\\/estado-do-rio-de-janeiro\\\/\"},{\"@type\":\"ListItem\",\"position\":3,\"name\":\"Leste Fluminense\",\"item\":\"https:\\\/\\\/folhadoleste.com.br\\\/category\\\/estado-do-rio-de-janeiro\\\/leste-fluminense\\\/\"},{\"@type\":\"ListItem\",\"position\":4,\"name\":\"Niter\u00f3i\",\"item\":\"https:\\\/\\\/folhadoleste.com.br\\\/category\\\/estado-do-rio-de-janeiro\\\/leste-fluminense\\\/noticias-de-niteroi\\\/\"},{\"@type\":\"ListItem\",\"position\":5,\"name\":\"Ladr\u00f5es de resid\u00eancias s\u00e3o presos em Niter\u00f3i\"}]},{\"@type\":\"WebSite\",\"@id\":\"https:\\\/\\\/folhadoleste.com.br\\\/#website\",\"url\":\"https:\\\/\\\/folhadoleste.com.br\\\/\",\"name\":\"Folha do Leste\",\"description\":\"Portal de Not\u00edcias com \u00eanfase em Niter\u00f3i, criando conte\u00fados desde a capital Rio de Janeiro, com olhar para o Leste Fluminense e suas cidades como S\u00e3o Gon\u00e7alo, Itabora\u00ed, Rio Bonito, Maric\u00e1, Saquarema e Araruama\",\"publisher\":{\"@id\":\"https:\\\/\\\/folhadoleste.com.br\\\/#organization\"},\"alternateName\":\"FL\",\"potentialAction\":[{\"@type\":\"SearchAction\",\"target\":{\"@type\":\"EntryPoint\",\"urlTemplate\":\"https:\\\/\\\/folhadoleste.com.br\\\/?s={search_term_string}\"},\"query-input\":{\"@type\":\"PropertyValueSpecification\",\"valueRequired\":true,\"valueName\":\"search_term_string\"}}],\"inLanguage\":\"en-US\"},{\"@type\":\"Organization\",\"@id\":\"https:\\\/\\\/folhadoleste.com.br\\\/#organization\",\"name\":\"Brasil 21 Comunica\u00e7\u00e3o\",\"alternateName\":\"BR21\",\"url\":\"https:\\\/\\\/folhadoleste.com.br\\\/\",\"logo\":{\"@type\":\"ImageObject\",\"inLanguage\":\"en-US\",\"@id\":\"https:\\\/\\\/folhadoleste.com.br\\\/#\\\/schema\\\/logo\\\/image\\\/\",\"url\":\"https:\\\/\\\/folhadoleste.com.br\\\/wp-content\\\/uploads\\\/2025\\\/12\\\/brasil-21-logomarca.avif\",\"contentUrl\":\"https:\\\/\\\/folhadoleste.com.br\\\/wp-content\\\/uploads\\\/2025\\\/12\\\/brasil-21-logomarca.avif\",\"width\":1044,\"height\":1044,\"caption\":\"Brasil 21 Comunica\u00e7\u00e3o\"},\"image\":{\"@id\":\"https:\\\/\\\/folhadoleste.com.br\\\/#\\\/schema\\\/logo\\\/image\\\/\"},\"sameAs\":[\"https:\\\/\\\/www.facebook.com\\\/folhadoleste\",\"https:\\\/\\\/x.com\\\/FolhadoLesteRJ\",\"https:\\\/\\\/www.instagram.com\\\/folhadoleste\\\/\"]},{\"@type\":\"Person\",\"@id\":\"https:\\\/\\\/folhadoleste.com.br\\\/#\\\/schema\\\/person\\\/3e97145b2e1861276e84471aa85a3899\",\"name\":\"Folha do Leste\",\"image\":{\"@type\":\"ImageObject\",\"inLanguage\":\"en-US\",\"@id\":\"https:\\\/\\\/folhadoleste.com.br\\\/wp-content\\\/litespeed\\\/avatar\\\/1ca8c218432e7045e748610eb3db0259.jpg?ver=1777765944\",\"url\":\"https:\\\/\\\/folhadoleste.com.br\\\/wp-content\\\/litespeed\\\/avatar\\\/1ca8c218432e7045e748610eb3db0259.jpg?ver=1777765944\",\"contentUrl\":\"https:\\\/\\\/folhadoleste.com.br\\\/wp-content\\\/litespeed\\\/avatar\\\/1ca8c218432e7045e748610eb3db0259.jpg?ver=1777765944\",\"caption\":\"Folha do Leste\"},\"url\":\"https:\\\/\\\/folhadoleste.com.br\\\/en\\\/author\\\/reportagem-01\\\/\"}]}<\/script>\n<!-- \/ Yoast SEO plugin. -->","yoast_head_json":{"title":"Ladr\u00f5es de resid\u00eancias s\u00e3o presos em Niter\u00f3i &#8226; Folha do Leste","description":"Ladr\u00f5es de resid\u00eancias s\u00e3o presos em Niter\u00f3i...","robots":{"index":"index","follow":"follow","max-snippet":"max-snippet:-1","max-image-preview":"max-image-preview:large","max-video-preview":"max-video-preview:-1"},"canonical":"https:\/\/folhadoleste.com.br\/en\/ladroes-de-residencias-sao-presos-em-niteroi-1\/","og_locale":"en_US","og_type":"article","og_title":"Ladr\u00f5es de resid\u00eancias s\u00e3o presos em Niter\u00f3i","og_description":"Bandidos cometeram crimes na Zona Sul e Regi\u00e3o Oce\u00e2nica","og_url":"https:\/\/folhadoleste.com.br\/en\/ladroes-de-residencias-sao-presos-em-niteroi-1\/","og_site_name":"Folha do Leste","article_publisher":"https:\/\/www.facebook.com\/folhadoleste","article_published_time":"2023-09-04T14:36:12+00:00","article_modified_time":"2023-09-05T00:12:30+00:00","og_image":[{"width":651,"height":444,"url":"https:\/\/folhadoleste.com.br\/wp-content\/uploads\/2023\/09\/Ladroes-de-residencias-sao-presos-em-Niteroi-Foto-Cortada-Divulgacao-PCERJ.png","type":"image\/png"}],"author":"Folha do Leste","twitter_card":"summary_large_image","twitter_title":"Ladr\u00f5es de resid\u00eancias s\u00e3o presos em Niter\u00f3i","twitter_description":"Clique e saiba mais...","twitter_image":"https:\/\/folhadoleste.com.br\/wp-content\/uploads\/2023\/09\/Ladroes-de-residencias-sao-presos-em-Niteroi-Foto-Cortada-Divulgacao-PCERJ.png","twitter_creator":"@FolhadoLesteRJ","twitter_site":"@FolhadoLesteRJ","twitter_misc":{"Written by":"Folha do Leste","Est. reading time":"3 minutes"},"schema":{"@context":"https:\/\/schema.org","@graph":[{"@type":"NewsArticle","@id":"https:\/\/folhadoleste.com.br\/ladroes-de-residencias-sao-presos-em-niteroi-1\/#article","isPartOf":{"@id":"https:\/\/folhadoleste.com.br\/ladroes-de-residencias-sao-presos-em-niteroi-1\/"},"author":{"name":"Folha do Leste","@id":"https:\/\/folhadoleste.com.br\/#\/schema\/person\/3e97145b2e1861276e84471aa85a3899"},"headline":"Ladr\u00f5es de resid\u00eancias s\u00e3o presos em Niter\u00f3i","datePublished":"2023-09-04T14:36:12+00:00","dateModified":"2023-09-05T00:12:30+00:00","mainEntityOfPage":{"@id":"https:\/\/folhadoleste.com.br\/ladroes-de-residencias-sao-presos-em-niteroi-1\/"},"wordCount":484,"commentCount":0,"publisher":{"@id":"https:\/\/folhadoleste.com.br\/#organization"},"image":{"@id":"https:\/\/folhadoleste.com.br\/ladroes-de-residencias-sao-presos-em-niteroi-1\/#primaryimage"},"thumbnailUrl":"https:\/\/folhadoleste.com.br\/wp-content\/uploads\/2023\/09\/Ladroes-de-residencias-sao-presos-em-Niteroi-Foto-Cortada-Divulgacao-PCERJ.png","keywords":["ladr\u00f5es","Niter\u00f3i","pol\u00edcia civil","presos","resid\u00eancias"],"articleSection":["Leste Fluminense","Niter\u00f3i"],"inLanguage":"en-US","potentialAction":[{"@type":"CommentAction","name":"Comment","target":["https:\/\/folhadoleste.com.br\/ladroes-de-residencias-sao-presos-em-niteroi-1\/#respond"]}]},{"@type":"WebPage","@id":"https:\/\/folhadoleste.com.br\/ladroes-de-residencias-sao-presos-em-niteroi-1\/","url":"https:\/\/folhadoleste.com.br\/ladroes-de-residencias-sao-presos-em-niteroi-1\/","name":"Ladr\u00f5es de resid\u00eancias s\u00e3o presos em Niter\u00f3i &#8226; Folha do Leste","isPartOf":{"@id":"https:\/\/folhadoleste.com.br\/#website"},"primaryImageOfPage":{"@id":"https:\/\/folhadoleste.com.br\/ladroes-de-residencias-sao-presos-em-niteroi-1\/#primaryimage"},"image":{"@id":"https:\/\/folhadoleste.com.br\/ladroes-de-residencias-sao-presos-em-niteroi-1\/#primaryimage"},"thumbnailUrl":"https:\/\/folhadoleste.com.br\/wp-content\/uploads\/2023\/09\/Ladroes-de-residencias-sao-presos-em-Niteroi-Foto-Cortada-Divulgacao-PCERJ.png","datePublished":"2023-09-04T14:36:12+00:00","dateModified":"2023-09-05T00:12:30+00:00","description":"Ladr\u00f5es de resid\u00eancias s\u00e3o presos em Niter\u00f3i...","breadcrumb":{"@id":"https:\/\/folhadoleste.com.br\/ladroes-de-residencias-sao-presos-em-niteroi-1\/#breadcrumb"},"inLanguage":"en-US","potentialAction":[{"@type":"ReadAction","target":["https:\/\/folhadoleste.com.br\/ladroes-de-residencias-sao-presos-em-niteroi-1\/"]}]},{"@type":"ImageObject","inLanguage":"en-US","@id":"https:\/\/folhadoleste.com.br\/ladroes-de-residencias-sao-presos-em-niteroi-1\/#primaryimage","url":"https:\/\/folhadoleste.com.br\/wp-content\/uploads\/2023\/09\/Ladroes-de-residencias-sao-presos-em-Niteroi-Foto-Cortada-Divulgacao-PCERJ.png","contentUrl":"https:\/\/folhadoleste.com.br\/wp-content\/uploads\/2023\/09\/Ladroes-de-residencias-sao-presos-em-Niteroi-Foto-Cortada-Divulgacao-PCERJ.png","width":651,"height":444,"caption":"Foto: Divulga\u00e7\u00e3o - PCERJ"},{"@type":"BreadcrumbList","@id":"https:\/\/folhadoleste.com.br\/ladroes-de-residencias-sao-presos-em-niteroi-1\/#breadcrumb","itemListElement":[{"@type":"ListItem","position":1,"name":"In\u00edcio","item":"https:\/\/folhadoleste.com.br\/"},{"@type":"ListItem","position":2,"name":"Estado do Rio de Janeiro","item":"https:\/\/folhadoleste.com.br\/category\/estado-do-rio-de-janeiro\/"},{"@type":"ListItem","position":3,"name":"Leste Fluminense","item":"https:\/\/folhadoleste.com.br\/category\/estado-do-rio-de-janeiro\/leste-fluminense\/"},{"@type":"ListItem","position":4,"name":"Niter\u00f3i","item":"https:\/\/folhadoleste.com.br\/category\/estado-do-rio-de-janeiro\/leste-fluminense\/noticias-de-niteroi\/"},{"@type":"ListItem","position":5,"name":"Ladr\u00f5es de resid\u00eancias s\u00e3o presos em Niter\u00f3i"}]},{"@type":"WebSite","@id":"https:\/\/folhadoleste.com.br\/#website","url":"https:\/\/folhadoleste.com.br\/","name":"Folha do Leste","description":"Portal de Not\u00edcias com \u00eanfase em Niter\u00f3i, criando conte\u00fados desde a capital Rio de Janeiro, com olhar para o Leste Fluminense e suas cidades como S\u00e3o Gon\u00e7alo, Itabora\u00ed, Rio Bonito, Maric\u00e1, Saquarema e Araruama","publisher":{"@id":"https:\/\/folhadoleste.com.br\/#organization"},"alternateName":"FL","potentialAction":[{"@type":"SearchAction","target":{"@type":"EntryPoint","urlTemplate":"https:\/\/folhadoleste.com.br\/?s={search_term_string}"},"query-input":{"@type":"PropertyValueSpecification","valueRequired":true,"valueName":"search_term_string"}}],"inLanguage":"en-US"},{"@type":"Organization","@id":"https:\/\/folhadoleste.com.br\/#organization","name":"Brasil 21 Comunica\u00e7\u00e3o","alternateName":"BR21","url":"https:\/\/folhadoleste.com.br\/","logo":{"@type":"ImageObject","inLanguage":"en-US","@id":"https:\/\/folhadoleste.com.br\/#\/schema\/logo\/image\/","url":"https:\/\/folhadoleste.com.br\/wp-content\/uploads\/2025\/12\/brasil-21-logomarca.avif","contentUrl":"https:\/\/folhadoleste.com.br\/wp-content\/uploads\/2025\/12\/brasil-21-logomarca.avif","width":1044,"height":1044,"caption":"Brasil 21 Comunica\u00e7\u00e3o"},"image":{"@id":"https:\/\/folhadoleste.com.br\/#\/schema\/logo\/image\/"},"sameAs":["https:\/\/www.facebook.com\/folhadoleste","https:\/\/x.com\/FolhadoLesteRJ","https:\/\/www.instagram.com\/folhadoleste\/"]},{"@type":"Person","@id":"https:\/\/folhadoleste.com.br\/#\/schema\/person\/3e97145b2e1861276e84471aa85a3899","name":"Folha do Leste","image":{"@type":"ImageObject","inLanguage":"en-US","@id":"https:\/\/folhadoleste.com.br\/wp-content\/litespeed\/avatar\/1ca8c218432e7045e748610eb3db0259.jpg?ver=1777765944","url":"https:\/\/folhadoleste.com.br\/wp-content\/litespeed\/avatar\/1ca8c218432e7045e748610eb3db0259.jpg?ver=1777765944","contentUrl":"https:\/\/folhadoleste.com.br\/wp-content\/litespeed\/avatar\/1ca8c218432e7045e748610eb3db0259.jpg?ver=1777765944","caption":"Folha do Leste"},"url":"https:\/\/folhadoleste.com.br\/en\/author\/reportagem-01\/"}]}},"_links":{"self":[{"href":"https:\/\/folhadoleste.com.br\/en\/wp-json\/wp\/v2\/posts\/24091","targetHints":{"allow":["GET"]}}],"collection":[{"href":"https:\/\/folhadoleste.com.br\/en\/wp-json\/wp\/v2\/posts"}],"about":[{"href":"https:\/\/folhadoleste.com.br\/en\/wp-json\/wp\/v2\/types\/post"}],"author":[{"embeddable":true,"href":"https:\/\/folhadoleste.com.br\/en\/wp-json\/wp\/v2\/users\/4"}],"replies":[{"embeddable":true,"href":"https:\/\/folhadoleste.com.br\/en\/wp-json\/wp\/v2\/comments?post=24091"}],"version-history":[{"count":1,"href":"https:\/\/folhadoleste.com.br\/en\/wp-json\/wp\/v2\/posts\/24091\/revisions"}],"predecessor-version":[{"id":24094,"href":"https:\/\/folhadoleste.com.br\/en\/wp-json\/wp\/v2\/posts\/24091\/revisions\/24094"}],"wp:featuredmedia":[{"embeddable":true,"href":"https:\/\/folhadoleste.com.br\/en\/wp-json\/wp\/v2\/media\/24093"}],"wp:attachment":[{"href":"https:\/\/folhadoleste.com.br\/en\/wp-json\/wp\/v2\/media?parent=24091"}],"wp:term":[{"taxonomy":"category","embeddable":true,"href":"https:\/\/folhadoleste.com.br\/en\/wp-json\/wp\/v2\/categories?post=24091"},{"taxonomy":"post_tag","embeddable":true,"href":"https:\/\/folhadoleste.com.br\/en\/wp-json\/wp\/v2\/tags?post=24091"}],"curies":[{"name":"wp","href":"https:\/\/api.w.org\/{rel}","templated":true}]}}