{"id":23612,"date":"2023-09-01T16:20:03","date_gmt":"2023-09-01T19:20:03","guid":{"rendered":"https:\/\/folhadoleste.com.br\/?p=23612"},"modified":"2023-09-01T16:20:03","modified_gmt":"2023-09-01T19:20:03","slug":"mac-niteroi-celebra-27-anos-com-eventos-gratuitos","status":"publish","type":"post","link":"https:\/\/folhadoleste.com.br\/en\/mac-niteroi-celebra-27-anos-com-eventos-gratuitos\/","title":{"rendered":"MAC Niter\u00f3i celebra 27 anos com eventos gratuitos"},"content":{"rendered":"<div class=\"texto\">\n<div id=\"attachment_23614\" style=\"width: 1210px\" class=\"wp-caption aligncenter\"><img decoding=\"async\" aria-describedby=\"caption-attachment-23614\" class=\"size-full wp-image-23614\" src=\"https:\/\/folhadoleste.com.br\/wp-content\/uploads\/2023\/09\/MAC-Niteroi-celebra-27-anos-com-eventos-gratuitos-Foto-Reproducao.jpg\" alt=\"MAC Niter\u00f3i celebra 27 anos com eventos gratuitos\" width=\"1200\" height=\"750\" \/><p id=\"caption-attachment-23614\" class=\"wp-caption-text\">Foto: Reprodu\u00e7\u00e3o<\/p><\/div>\n<\/div>\n<div>O Museu de Arte Contempor\u00e2nea (MAC) de Niter\u00f3i est\u00e1 comemorando 27 anos de exist\u00eancia e preparou uma s\u00e9rie de atividades especiais para celebrar a data. No s\u00e1bado (02) e domingo (03), o p\u00fablico ter\u00e1 a oportunidade de desfrutar de um dia repleto de arte e cultura, com entrada gratuita.<\/p>\n<p>Iniciando as comemora\u00e7\u00f5es, no s\u00e1bado \u00e0s 10 horas, a renomada Orquestra da Grota apresentar\u00e1 o espet\u00e1culo &#8220;Brasil e suas cores&#8221;, uma sele\u00e7\u00e3o de cl\u00e1ssicos da m\u00fasica nacional. Logo em seguida, os talentosos bailarinos Henrique Passos e Renata Vidal oferecer\u00e3o uma aula gratuita de dan\u00e7a de sal\u00e3o, \u00e0s 14 horas, trazendo uma abordagem l\u00fadica e descontra\u00edda ao ritmo.<\/p>\n<p>\u00c0s 15 horas, a artista Leandra Esp\u00edrito Santo inaugurar\u00e1 a instala\u00e7\u00e3o &#8220;Dispon\u00edvel&#8221; no p\u00e1tio do Museu. Essa obra promover\u00e1 uma reflex\u00e3o sobre a especula\u00e7\u00e3o imobili\u00e1ria nos grandes centros urbanos. Al\u00e9m disso, haver\u00e1 uma pr\u00e9via da exposi\u00e7\u00e3o &#8220;Stories Ver\u00eddicos&#8221; com a instala\u00e7\u00e3o &#8220;Org\u00e2nicos&#8221;, de Gabriel Grecco. Para encerrar a programa\u00e7\u00e3o do s\u00e1bado, a renomada Companhia de Ballet da Cidade de Niter\u00f3i apresentar\u00e1 o espet\u00e1culo &#8220;Arteiros&#8221; \u00e0s 17 horas. Essa performance infanto-juvenil \u00e9 inspirada em brincadeiras, cantigas de roda e coreografias modernas e digitais.<\/p><\/div>\n<div><\/div>\n<div>\n<h4><a href=\"https:\/\/folhadoleste.com.br\/en\/category\/entretenimento-artes-e-cultura-destaque\/entretenimento\/\">\u201cLeia mais not\u00edcias sobre Entretenimento aqui\u201d<\/a><\/h4>\n<\/div>\n<div>No domingo, o reconhecido Baile Charme da Fam\u00edlia Black Star ocorrer\u00e1 das 12 \u00e0s 18 horas. Os DJs residentes DJ Roberto, Evelyn DJ, Paul\u00e3o DJ e JP Shine Black DJ selecionaram uma playlist diversificada de black music que agradar\u00e1 pessoas de todas as idades.<\/p>\n<p>Com sua arquitetura marcante que lembra um disco voador, o MAC se tornou uma refer\u00eancia mundial. Projetado por Oscar Niemeyer, o museu \u00e9 inspirado nas representa\u00e7\u00f5es eg\u00edpcias da flor de l\u00f3tus e possui um espelho d&#8217;\u00e1gua abaixo de sua estrutura. Constru\u00eddo em concreto moldado em curvas arredondadas, o MAC consumiu 3,2 milh\u00f5es de metros c\u00fabicos de concreto. O projeto do MAC \u00e9 uma evolu\u00e7\u00e3o de um antigo esbo\u00e7o de Niemeyer para o Museu de Arte Moderna de Caracas, na Venezuela. Em 2020, o MAC foi eleito o 10\u00ba projeto de arquitetura mais influente dos \u00faltimos 50 anos pelo Instituto de Gerenciamento de Projetos.<\/p><\/div>\n<div><\/div>\n<h4><strong>SERVI\u00c7O:<\/strong><\/h4>\n<p><strong>S\u00e1bado<\/strong> &#8211; 02\/09<\/p>\n<p><strong>10 horas<\/strong> &#8211; Orquestra de Cordas da Grota &#8211; \u201cBrasil e suas Cores\u201d<br \/>\n<strong>14 horas<\/strong> &#8211; Aul\u00e3o de dan\u00e7a de sal\u00e3o com os professores Henrique Passos e Renata Vidal<br \/>\n<strong>15 horas<\/strong> &#8211; Vernissage das exposi\u00e7\u00f5es Stories Ver\u00eddicos e Dispon\u00edvel<br \/>\n<strong>17 horas<\/strong> &#8211; Companhia de Ballet da Cidade de Niter\u00f3i &#8211; \u201cArteiros\u201d.<\/p>\n<h4>Domingo &#8211; 03\/09<\/h4>\n<p><strong>12<\/strong> \u00e0s <strong>18 horas<\/strong> &#8211; Baile Charme da Fam\u00edlia Black Star<\/p>\n<p>&nbsp;<\/p>\n<p><a href=\"https:\/\/www.instagram.com\/folhadoleste\/\"><img decoding=\"async\" class=\"aligncenter wp-image-15962\" src=\"https:\/\/folhadoleste.com.br\/wp-content\/uploads\/2023\/07\/instagram.jpg\" alt=\"Itaipu-Itaipua\u00e7u: Caminh\u00e3o causa grave acidente na RJ-102, a estrada da Serrinha\" width=\"49\" height=\"49\" \/><\/a><a href=\"https:\/\/www.facebook.com\/folhadoleste\"><img decoding=\"async\" class=\"aligncenter wp-image-7424\" src=\"https:\/\/folhadoleste.com.br\/wp-content\/uploads\/2023\/05\/facebook-logo-3-1.png\" alt=\"Itaipu-Itaipua\u00e7u: Caminh\u00e3o causa grave acidente na RJ-102, a estrada da Serrinha\" width=\"49\" height=\"49\" \/><\/a><\/p>","protected":false},"excerpt":{"rendered":"<p>O Museu de Arte Contempor\u00e2nea (MAC) de Niter\u00f3i est\u00e1 comemorando 27 anos de exist\u00eancia e preparou uma s\u00e9rie de atividades especiais para celebrar a data. No s\u00e1bado (02) e domingo (03), o p\u00fablico ter\u00e1 a oportunidade de desfrutar de um dia repleto de arte e cultura, com entrada gratuita. Iniciando as comemora\u00e7\u00f5es, no s\u00e1bado \u00e0s 10 horas, a renomada Orquestra da Grota apresentar\u00e1 o espet\u00e1culo &#8220;Brasil e suas cores&#8221;, uma sele\u00e7\u00e3o de cl\u00e1ssicos da m\u00fasica nacional. Logo em seguida, os talentosos bailarinos Henrique Passos e Renata Vidal oferecer\u00e3o uma aula gratuita de dan\u00e7a de sal\u00e3o, \u00e0s 14 horas, trazendo uma [&hellip;]<\/p>\n","protected":false},"author":4,"featured_media":23614,"comment_status":"open","ping_status":"open","sticky":false,"template":"","format":"standard","meta":{"footnotes":""},"categories":[86,84,5],"tags":[10869,108,2381,7443,1656,4340,50],"class_list":["post-23612","post","type-post","status-publish","format-standard","has-post-thumbnail","hentry","category-cultura","category-entretenimento","category-noticias-de-niteroi","tag-27-anos","tag-cultura","tag-entretenimento","tag-evento-gratuito","tag-final-de-semana","tag-mac-niteroi","tag-niteroi","post--single"],"yoast_head":"<!-- This site is optimized with the Yoast SEO plugin v27.4 - https:\/\/yoast.com\/product\/yoast-seo-wordpress\/ -->\n<title>MAC Niter\u00f3i celebra 27 anos com eventos gratuitos<\/title>\n<meta name=\"description\" content=\"MAC Niter\u00f3i celebra 27 anos com eventos gratuitos...\" \/>\n<meta name=\"robots\" content=\"index, follow, max-snippet:-1, max-image-preview:large, max-video-preview:-1\" \/>\n<link rel=\"canonical\" href=\"https:\/\/folhadoleste.com.br\/en\/mac-niteroi-celebra-27-anos-com-eventos-gratuitos\/\" \/>\n<meta property=\"og:locale\" content=\"en_US\" \/>\n<meta property=\"og:type\" content=\"article\" \/>\n<meta property=\"og:title\" content=\"MAC Niter\u00f3i celebra 27 anos com eventos gratuitos\" \/>\n<meta property=\"og:description\" content=\"Clique e saiba mais...\" \/>\n<meta property=\"og:url\" content=\"https:\/\/folhadoleste.com.br\/en\/mac-niteroi-celebra-27-anos-com-eventos-gratuitos\/\" \/>\n<meta property=\"og:site_name\" content=\"Folha do Leste\" \/>\n<meta property=\"article:publisher\" content=\"https:\/\/www.facebook.com\/folhadoleste\" \/>\n<meta property=\"article:published_time\" content=\"2023-09-01T19:20:03+00:00\" \/>\n<meta property=\"og:image\" content=\"https:\/\/folhadoleste.com.br\/wp-content\/uploads\/2023\/09\/MAC-Niteroi-celebra-27-anos-com-eventos-gratuitos-Foto-Reproducao.jpg\" \/>\n\t<meta property=\"og:image:width\" content=\"1200\" \/>\n\t<meta property=\"og:image:height\" content=\"750\" \/>\n\t<meta property=\"og:image:type\" content=\"image\/jpeg\" \/>\n<meta name=\"author\" content=\"Folha do Leste\" \/>\n<meta name=\"twitter:card\" content=\"summary_large_image\" \/>\n<meta name=\"twitter:title\" content=\"MAC Niter\u00f3i celebra 27 anos com eventos gratuitos\" \/>\n<meta name=\"twitter:description\" content=\"Clique e saiba mais...\" \/>\n<meta name=\"twitter:image\" content=\"https:\/\/folhadoleste.com.br\/wp-content\/uploads\/2023\/09\/MAC-Niteroi-celebra-27-anos-com-eventos-gratuitos-Foto-Reproducao.jpg\" \/>\n<meta name=\"twitter:creator\" content=\"@FolhadoLesteRJ\" \/>\n<meta name=\"twitter:site\" content=\"@FolhadoLesteRJ\" \/>\n<meta name=\"twitter:label1\" content=\"Written by\" \/>\n\t<meta name=\"twitter:data1\" content=\"Folha do Leste\" \/>\n\t<meta name=\"twitter:label2\" content=\"Est. reading time\" \/>\n\t<meta name=\"twitter:data2\" content=\"3 minutes\" \/>\n<script type=\"application\/ld+json\" class=\"yoast-schema-graph\">{\"@context\":\"https:\\\/\\\/schema.org\",\"@graph\":[{\"@type\":\"NewsArticle\",\"@id\":\"https:\\\/\\\/folhadoleste.com.br\\\/mac-niteroi-celebra-27-anos-com-eventos-gratuitos\\\/#article\",\"isPartOf\":{\"@id\":\"https:\\\/\\\/folhadoleste.com.br\\\/mac-niteroi-celebra-27-anos-com-eventos-gratuitos\\\/\"},\"author\":{\"name\":\"Folha do Leste\",\"@id\":\"https:\\\/\\\/folhadoleste.com.br\\\/#\\\/schema\\\/person\\\/3e97145b2e1861276e84471aa85a3899\"},\"headline\":\"MAC Niter\u00f3i celebra 27 anos com eventos gratuitos\",\"datePublished\":\"2023-09-01T19:20:03+00:00\",\"mainEntityOfPage\":{\"@id\":\"https:\\\/\\\/folhadoleste.com.br\\\/mac-niteroi-celebra-27-anos-com-eventos-gratuitos\\\/\"},\"wordCount\":462,\"commentCount\":0,\"publisher\":{\"@id\":\"https:\\\/\\\/folhadoleste.com.br\\\/#organization\"},\"image\":{\"@id\":\"https:\\\/\\\/folhadoleste.com.br\\\/mac-niteroi-celebra-27-anos-com-eventos-gratuitos\\\/#primaryimage\"},\"thumbnailUrl\":\"https:\\\/\\\/folhadoleste.com.br\\\/wp-content\\\/uploads\\\/2023\\\/09\\\/MAC-Niteroi-celebra-27-anos-com-eventos-gratuitos-Foto-Reproducao.jpg\",\"keywords\":[\"27 anos\",\"Cultura\",\"entretenimento\",\"evento gratuito\",\"final de semana\",\"MAC Niter\u00f3i\",\"Niter\u00f3i\"],\"articleSection\":[\"Cultura\",\"Entretenimento\",\"Niter\u00f3i\"],\"inLanguage\":\"en-US\",\"potentialAction\":[{\"@type\":\"CommentAction\",\"name\":\"Comment\",\"target\":[\"https:\\\/\\\/folhadoleste.com.br\\\/mac-niteroi-celebra-27-anos-com-eventos-gratuitos\\\/#respond\"]}]},{\"@type\":\"WebPage\",\"@id\":\"https:\\\/\\\/folhadoleste.com.br\\\/mac-niteroi-celebra-27-anos-com-eventos-gratuitos\\\/\",\"url\":\"https:\\\/\\\/folhadoleste.com.br\\\/mac-niteroi-celebra-27-anos-com-eventos-gratuitos\\\/\",\"name\":\"MAC Niter\u00f3i celebra 27 anos com eventos gratuitos\",\"isPartOf\":{\"@id\":\"https:\\\/\\\/folhadoleste.com.br\\\/#website\"},\"primaryImageOfPage\":{\"@id\":\"https:\\\/\\\/folhadoleste.com.br\\\/mac-niteroi-celebra-27-anos-com-eventos-gratuitos\\\/#primaryimage\"},\"image\":{\"@id\":\"https:\\\/\\\/folhadoleste.com.br\\\/mac-niteroi-celebra-27-anos-com-eventos-gratuitos\\\/#primaryimage\"},\"thumbnailUrl\":\"https:\\\/\\\/folhadoleste.com.br\\\/wp-content\\\/uploads\\\/2023\\\/09\\\/MAC-Niteroi-celebra-27-anos-com-eventos-gratuitos-Foto-Reproducao.jpg\",\"datePublished\":\"2023-09-01T19:20:03+00:00\",\"description\":\"MAC Niter\u00f3i celebra 27 anos com eventos gratuitos...\",\"breadcrumb\":{\"@id\":\"https:\\\/\\\/folhadoleste.com.br\\\/mac-niteroi-celebra-27-anos-com-eventos-gratuitos\\\/#breadcrumb\"},\"inLanguage\":\"en-US\",\"potentialAction\":[{\"@type\":\"ReadAction\",\"target\":[\"https:\\\/\\\/folhadoleste.com.br\\\/mac-niteroi-celebra-27-anos-com-eventos-gratuitos\\\/\"]}]},{\"@type\":\"ImageObject\",\"inLanguage\":\"en-US\",\"@id\":\"https:\\\/\\\/folhadoleste.com.br\\\/mac-niteroi-celebra-27-anos-com-eventos-gratuitos\\\/#primaryimage\",\"url\":\"https:\\\/\\\/folhadoleste.com.br\\\/wp-content\\\/uploads\\\/2023\\\/09\\\/MAC-Niteroi-celebra-27-anos-com-eventos-gratuitos-Foto-Reproducao.jpg\",\"contentUrl\":\"https:\\\/\\\/folhadoleste.com.br\\\/wp-content\\\/uploads\\\/2023\\\/09\\\/MAC-Niteroi-celebra-27-anos-com-eventos-gratuitos-Foto-Reproducao.jpg\",\"width\":1200,\"height\":750,\"caption\":\"Niter\u00f3i realiza 1\u00ba Simp\u00f3sio de IST para pessoas idosas com inscri\u00e7\u00f5es gratuitas | Reprodu\u00e7\u00e3o\"},{\"@type\":\"BreadcrumbList\",\"@id\":\"https:\\\/\\\/folhadoleste.com.br\\\/mac-niteroi-celebra-27-anos-com-eventos-gratuitos\\\/#breadcrumb\",\"itemListElement\":[{\"@type\":\"ListItem\",\"position\":1,\"name\":\"In\u00edcio\",\"item\":\"https:\\\/\\\/folhadoleste.com.br\\\/\"},{\"@type\":\"ListItem\",\"position\":2,\"name\":\"Entretenimento, Artes e Cultura\",\"item\":\"https:\\\/\\\/folhadoleste.com.br\\\/category\\\/entretenimento-artes-e-cultura-destaque\\\/\"},{\"@type\":\"ListItem\",\"position\":3,\"name\":\"Entretenimento\",\"item\":\"https:\\\/\\\/folhadoleste.com.br\\\/category\\\/entretenimento-artes-e-cultura-destaque\\\/entretenimento\\\/\"},{\"@type\":\"ListItem\",\"position\":4,\"name\":\"MAC Niter\u00f3i celebra 27 anos com eventos gratuitos\"}]},{\"@type\":\"WebSite\",\"@id\":\"https:\\\/\\\/folhadoleste.com.br\\\/#website\",\"url\":\"https:\\\/\\\/folhadoleste.com.br\\\/\",\"name\":\"Folha do Leste\",\"description\":\"Portal de Not\u00edcias com \u00eanfase em Niter\u00f3i, criando conte\u00fados desde a capital Rio de Janeiro, com olhar para o Leste Fluminense e suas cidades como S\u00e3o Gon\u00e7alo, Itabora\u00ed, Rio Bonito, Maric\u00e1, Saquarema e Araruama\",\"publisher\":{\"@id\":\"https:\\\/\\\/folhadoleste.com.br\\\/#organization\"},\"alternateName\":\"FL\",\"potentialAction\":[{\"@type\":\"SearchAction\",\"target\":{\"@type\":\"EntryPoint\",\"urlTemplate\":\"https:\\\/\\\/folhadoleste.com.br\\\/?s={search_term_string}\"},\"query-input\":{\"@type\":\"PropertyValueSpecification\",\"valueRequired\":true,\"valueName\":\"search_term_string\"}}],\"inLanguage\":\"en-US\"},{\"@type\":\"Organization\",\"@id\":\"https:\\\/\\\/folhadoleste.com.br\\\/#organization\",\"name\":\"Brasil 21 Comunica\u00e7\u00e3o\",\"alternateName\":\"BR21\",\"url\":\"https:\\\/\\\/folhadoleste.com.br\\\/\",\"logo\":{\"@type\":\"ImageObject\",\"inLanguage\":\"en-US\",\"@id\":\"https:\\\/\\\/folhadoleste.com.br\\\/#\\\/schema\\\/logo\\\/image\\\/\",\"url\":\"https:\\\/\\\/folhadoleste.com.br\\\/wp-content\\\/uploads\\\/2025\\\/12\\\/brasil-21-logomarca.avif\",\"contentUrl\":\"https:\\\/\\\/folhadoleste.com.br\\\/wp-content\\\/uploads\\\/2025\\\/12\\\/brasil-21-logomarca.avif\",\"width\":1044,\"height\":1044,\"caption\":\"Brasil 21 Comunica\u00e7\u00e3o\"},\"image\":{\"@id\":\"https:\\\/\\\/folhadoleste.com.br\\\/#\\\/schema\\\/logo\\\/image\\\/\"},\"sameAs\":[\"https:\\\/\\\/www.facebook.com\\\/folhadoleste\",\"https:\\\/\\\/x.com\\\/FolhadoLesteRJ\",\"https:\\\/\\\/www.instagram.com\\\/folhadoleste\\\/\"]},{\"@type\":\"Person\",\"@id\":\"https:\\\/\\\/folhadoleste.com.br\\\/#\\\/schema\\\/person\\\/3e97145b2e1861276e84471aa85a3899\",\"name\":\"Folha do Leste\",\"image\":{\"@type\":\"ImageObject\",\"inLanguage\":\"en-US\",\"@id\":\"https:\\\/\\\/folhadoleste.com.br\\\/wp-content\\\/litespeed\\\/avatar\\\/1ca8c218432e7045e748610eb3db0259.jpg?ver=1777161142\",\"url\":\"https:\\\/\\\/folhadoleste.com.br\\\/wp-content\\\/litespeed\\\/avatar\\\/1ca8c218432e7045e748610eb3db0259.jpg?ver=1777161142\",\"contentUrl\":\"https:\\\/\\\/folhadoleste.com.br\\\/wp-content\\\/litespeed\\\/avatar\\\/1ca8c218432e7045e748610eb3db0259.jpg?ver=1777161142\",\"caption\":\"Folha do Leste\"},\"url\":\"https:\\\/\\\/folhadoleste.com.br\\\/en\\\/author\\\/reportagem-01\\\/\"}]}<\/script>\n<!-- \/ Yoast SEO plugin. -->","yoast_head_json":{"title":"MAC Niter\u00f3i celebra 27 anos com eventos gratuitos","description":"MAC Niter\u00f3i celebra 27 anos com eventos gratuitos...","robots":{"index":"index","follow":"follow","max-snippet":"max-snippet:-1","max-image-preview":"max-image-preview:large","max-video-preview":"max-video-preview:-1"},"canonical":"https:\/\/folhadoleste.com.br\/en\/mac-niteroi-celebra-27-anos-com-eventos-gratuitos\/","og_locale":"en_US","og_type":"article","og_title":"MAC Niter\u00f3i celebra 27 anos com eventos gratuitos","og_description":"Clique e saiba mais...","og_url":"https:\/\/folhadoleste.com.br\/en\/mac-niteroi-celebra-27-anos-com-eventos-gratuitos\/","og_site_name":"Folha do Leste","article_publisher":"https:\/\/www.facebook.com\/folhadoleste","article_published_time":"2023-09-01T19:20:03+00:00","og_image":[{"width":1200,"height":750,"url":"https:\/\/folhadoleste.com.br\/wp-content\/uploads\/2023\/09\/MAC-Niteroi-celebra-27-anos-com-eventos-gratuitos-Foto-Reproducao.jpg","type":"image\/jpeg"}],"author":"Folha do Leste","twitter_card":"summary_large_image","twitter_title":"MAC Niter\u00f3i celebra 27 anos com eventos gratuitos","twitter_description":"Clique e saiba mais...","twitter_image":"https:\/\/folhadoleste.com.br\/wp-content\/uploads\/2023\/09\/MAC-Niteroi-celebra-27-anos-com-eventos-gratuitos-Foto-Reproducao.jpg","twitter_creator":"@FolhadoLesteRJ","twitter_site":"@FolhadoLesteRJ","twitter_misc":{"Written by":"Folha do Leste","Est. reading time":"3 minutes"},"schema":{"@context":"https:\/\/schema.org","@graph":[{"@type":"NewsArticle","@id":"https:\/\/folhadoleste.com.br\/mac-niteroi-celebra-27-anos-com-eventos-gratuitos\/#article","isPartOf":{"@id":"https:\/\/folhadoleste.com.br\/mac-niteroi-celebra-27-anos-com-eventos-gratuitos\/"},"author":{"name":"Folha do Leste","@id":"https:\/\/folhadoleste.com.br\/#\/schema\/person\/3e97145b2e1861276e84471aa85a3899"},"headline":"MAC Niter\u00f3i celebra 27 anos com eventos gratuitos","datePublished":"2023-09-01T19:20:03+00:00","mainEntityOfPage":{"@id":"https:\/\/folhadoleste.com.br\/mac-niteroi-celebra-27-anos-com-eventos-gratuitos\/"},"wordCount":462,"commentCount":0,"publisher":{"@id":"https:\/\/folhadoleste.com.br\/#organization"},"image":{"@id":"https:\/\/folhadoleste.com.br\/mac-niteroi-celebra-27-anos-com-eventos-gratuitos\/#primaryimage"},"thumbnailUrl":"https:\/\/folhadoleste.com.br\/wp-content\/uploads\/2023\/09\/MAC-Niteroi-celebra-27-anos-com-eventos-gratuitos-Foto-Reproducao.jpg","keywords":["27 anos","Cultura","entretenimento","evento gratuito","final de semana","MAC Niter\u00f3i","Niter\u00f3i"],"articleSection":["Cultura","Entretenimento","Niter\u00f3i"],"inLanguage":"en-US","potentialAction":[{"@type":"CommentAction","name":"Comment","target":["https:\/\/folhadoleste.com.br\/mac-niteroi-celebra-27-anos-com-eventos-gratuitos\/#respond"]}]},{"@type":"WebPage","@id":"https:\/\/folhadoleste.com.br\/mac-niteroi-celebra-27-anos-com-eventos-gratuitos\/","url":"https:\/\/folhadoleste.com.br\/mac-niteroi-celebra-27-anos-com-eventos-gratuitos\/","name":"MAC Niter\u00f3i celebra 27 anos com eventos gratuitos","isPartOf":{"@id":"https:\/\/folhadoleste.com.br\/#website"},"primaryImageOfPage":{"@id":"https:\/\/folhadoleste.com.br\/mac-niteroi-celebra-27-anos-com-eventos-gratuitos\/#primaryimage"},"image":{"@id":"https:\/\/folhadoleste.com.br\/mac-niteroi-celebra-27-anos-com-eventos-gratuitos\/#primaryimage"},"thumbnailUrl":"https:\/\/folhadoleste.com.br\/wp-content\/uploads\/2023\/09\/MAC-Niteroi-celebra-27-anos-com-eventos-gratuitos-Foto-Reproducao.jpg","datePublished":"2023-09-01T19:20:03+00:00","description":"MAC Niter\u00f3i celebra 27 anos com eventos gratuitos...","breadcrumb":{"@id":"https:\/\/folhadoleste.com.br\/mac-niteroi-celebra-27-anos-com-eventos-gratuitos\/#breadcrumb"},"inLanguage":"en-US","potentialAction":[{"@type":"ReadAction","target":["https:\/\/folhadoleste.com.br\/mac-niteroi-celebra-27-anos-com-eventos-gratuitos\/"]}]},{"@type":"ImageObject","inLanguage":"en-US","@id":"https:\/\/folhadoleste.com.br\/mac-niteroi-celebra-27-anos-com-eventos-gratuitos\/#primaryimage","url":"https:\/\/folhadoleste.com.br\/wp-content\/uploads\/2023\/09\/MAC-Niteroi-celebra-27-anos-com-eventos-gratuitos-Foto-Reproducao.jpg","contentUrl":"https:\/\/folhadoleste.com.br\/wp-content\/uploads\/2023\/09\/MAC-Niteroi-celebra-27-anos-com-eventos-gratuitos-Foto-Reproducao.jpg","width":1200,"height":750,"caption":"Niter\u00f3i realiza 1\u00ba Simp\u00f3sio de IST para pessoas idosas com inscri\u00e7\u00f5es gratuitas | Reprodu\u00e7\u00e3o"},{"@type":"BreadcrumbList","@id":"https:\/\/folhadoleste.com.br\/mac-niteroi-celebra-27-anos-com-eventos-gratuitos\/#breadcrumb","itemListElement":[{"@type":"ListItem","position":1,"name":"In\u00edcio","item":"https:\/\/folhadoleste.com.br\/"},{"@type":"ListItem","position":2,"name":"Entretenimento, Artes e Cultura","item":"https:\/\/folhadoleste.com.br\/category\/entretenimento-artes-e-cultura-destaque\/"},{"@type":"ListItem","position":3,"name":"Entretenimento","item":"https:\/\/folhadoleste.com.br\/category\/entretenimento-artes-e-cultura-destaque\/entretenimento\/"},{"@type":"ListItem","position":4,"name":"MAC Niter\u00f3i celebra 27 anos com eventos gratuitos"}]},{"@type":"WebSite","@id":"https:\/\/folhadoleste.com.br\/#website","url":"https:\/\/folhadoleste.com.br\/","name":"Folha do Leste","description":"Portal de Not\u00edcias com \u00eanfase em Niter\u00f3i, criando conte\u00fados desde a capital Rio de Janeiro, com olhar para o Leste Fluminense e suas cidades como S\u00e3o Gon\u00e7alo, Itabora\u00ed, Rio Bonito, Maric\u00e1, Saquarema e Araruama","publisher":{"@id":"https:\/\/folhadoleste.com.br\/#organization"},"alternateName":"FL","potentialAction":[{"@type":"SearchAction","target":{"@type":"EntryPoint","urlTemplate":"https:\/\/folhadoleste.com.br\/?s={search_term_string}"},"query-input":{"@type":"PropertyValueSpecification","valueRequired":true,"valueName":"search_term_string"}}],"inLanguage":"en-US"},{"@type":"Organization","@id":"https:\/\/folhadoleste.com.br\/#organization","name":"Brasil 21 Comunica\u00e7\u00e3o","alternateName":"BR21","url":"https:\/\/folhadoleste.com.br\/","logo":{"@type":"ImageObject","inLanguage":"en-US","@id":"https:\/\/folhadoleste.com.br\/#\/schema\/logo\/image\/","url":"https:\/\/folhadoleste.com.br\/wp-content\/uploads\/2025\/12\/brasil-21-logomarca.avif","contentUrl":"https:\/\/folhadoleste.com.br\/wp-content\/uploads\/2025\/12\/brasil-21-logomarca.avif","width":1044,"height":1044,"caption":"Brasil 21 Comunica\u00e7\u00e3o"},"image":{"@id":"https:\/\/folhadoleste.com.br\/#\/schema\/logo\/image\/"},"sameAs":["https:\/\/www.facebook.com\/folhadoleste","https:\/\/x.com\/FolhadoLesteRJ","https:\/\/www.instagram.com\/folhadoleste\/"]},{"@type":"Person","@id":"https:\/\/folhadoleste.com.br\/#\/schema\/person\/3e97145b2e1861276e84471aa85a3899","name":"Folha do Leste","image":{"@type":"ImageObject","inLanguage":"en-US","@id":"https:\/\/folhadoleste.com.br\/wp-content\/litespeed\/avatar\/1ca8c218432e7045e748610eb3db0259.jpg?ver=1777161142","url":"https:\/\/folhadoleste.com.br\/wp-content\/litespeed\/avatar\/1ca8c218432e7045e748610eb3db0259.jpg?ver=1777161142","contentUrl":"https:\/\/folhadoleste.com.br\/wp-content\/litespeed\/avatar\/1ca8c218432e7045e748610eb3db0259.jpg?ver=1777161142","caption":"Folha do Leste"},"url":"https:\/\/folhadoleste.com.br\/en\/author\/reportagem-01\/"}]}},"_links":{"self":[{"href":"https:\/\/folhadoleste.com.br\/en\/wp-json\/wp\/v2\/posts\/23612","targetHints":{"allow":["GET"]}}],"collection":[{"href":"https:\/\/folhadoleste.com.br\/en\/wp-json\/wp\/v2\/posts"}],"about":[{"href":"https:\/\/folhadoleste.com.br\/en\/wp-json\/wp\/v2\/types\/post"}],"author":[{"embeddable":true,"href":"https:\/\/folhadoleste.com.br\/en\/wp-json\/wp\/v2\/users\/4"}],"replies":[{"embeddable":true,"href":"https:\/\/folhadoleste.com.br\/en\/wp-json\/wp\/v2\/comments?post=23612"}],"version-history":[{"count":1,"href":"https:\/\/folhadoleste.com.br\/en\/wp-json\/wp\/v2\/posts\/23612\/revisions"}],"predecessor-version":[{"id":23615,"href":"https:\/\/folhadoleste.com.br\/en\/wp-json\/wp\/v2\/posts\/23612\/revisions\/23615"}],"wp:featuredmedia":[{"embeddable":true,"href":"https:\/\/folhadoleste.com.br\/en\/wp-json\/wp\/v2\/media\/23614"}],"wp:attachment":[{"href":"https:\/\/folhadoleste.com.br\/en\/wp-json\/wp\/v2\/media?parent=23612"}],"wp:term":[{"taxonomy":"category","embeddable":true,"href":"https:\/\/folhadoleste.com.br\/en\/wp-json\/wp\/v2\/categories?post=23612"},{"taxonomy":"post_tag","embeddable":true,"href":"https:\/\/folhadoleste.com.br\/en\/wp-json\/wp\/v2\/tags?post=23612"}],"curies":[{"name":"wp","href":"https:\/\/api.w.org\/{rel}","templated":true}]}}