{"id":23480,"date":"2023-08-31T19:53:17","date_gmt":"2023-08-31T22:53:17","guid":{"rendered":"https:\/\/folhadoleste.com.br\/?p=23480"},"modified":"2023-08-31T19:53:17","modified_gmt":"2023-08-31T22:53:17","slug":"milicia-mata-duas-mulheres-e-deixa-crianca-baleada-em-santa-cruz","status":"publish","type":"post","link":"https:\/\/folhadoleste.com.br\/en\/milicia-mata-duas-mulheres-e-deixa-crianca-baleada-em-santa-cruz\/","title":{"rendered":"Mil\u00edcia mata duas mulheres e deixa crian\u00e7a baleada em Santa Cruz"},"content":{"rendered":"<div id=\"attachment_23482\" style=\"width: 1210px\" class=\"wp-caption aligncenter\"><img decoding=\"async\" aria-describedby=\"caption-attachment-23482\" class=\"size-full wp-image-23482\" src=\"https:\/\/folhadoleste.com.br\/wp-content\/uploads\/2023\/08\/Milicia-mata-duas-mulheres-e-baleia-crianca-em-Santa-Cruz-Foto-Reproducao.webp\" alt=\"Mil\u00edcia mata duas mulheres e deixa crian\u00e7a baleada em Santa Cruz\" width=\"1200\" height=\"750\" \/><p id=\"caption-attachment-23482\" class=\"wp-caption-text\">Foto: Reprodu\u00e7\u00e3o<\/p><\/div>\n<p>Duas mulheres perderam suas vidas e uma crian\u00e7a, com apenas 7 anos, ficou gravemente ferida durante um tiroteio entre milicianos na tarde de quinta-feira (31) em Santa Cruz, na Zona Oeste do Rio de Janeiro. Conforme informa\u00e7\u00f5es da Pol\u00edcia Militar, os agentes do 27\u00ba BPM (Santa Cruz) foram chamados para o Hospital Municipal Pedro II, em Santa Cruz, para confirmar a entrada de uma mulher e uma crian\u00e7a, aparentemente m\u00e3e e filho, por ferimentos a bala.<\/p>\n<p>A Secretaria Municipal de Sa\u00fade (SMS) informou que a mulher, cuja identidade n\u00e3o foi divulgada, n\u00e3o resistiu aos ferimentos e veio a \u00f3bito no local. A crian\u00e7a, em estado grave, passou por uma cirurgia.<\/p>\n<h4><a href=\"https:\/\/folhadoleste.com.br\/en\/category\/rio-de-janeiro-capital\/\"><strong>\u201cLeia mais not\u00edcias sobre Rio de Janeiro aqui\u201d<\/strong><\/a><\/h4>\n<p>As v\u00edtimas foram atingidas durante um tiroteio na \u00e1rea conhecida como Conjunto Alvorada, no bairro Jo\u00e3o XXIII. Outra mulher tamb\u00e9m perdeu a vida no local. Os tr\u00eas feridos se encontravam em um ve\u00edculo que foi alvejado por v\u00e1rios tiros.<\/p>\n<p>Testemunhas relatam que um miliciano ligado ao grupo de Alan Ribeiro Soares, conhecido como Nanan, estava em um sal\u00e3o de barbearia da regi\u00e3o quando milicianos rivais, pertencentes ao grupo de Luis Ant\u00f4nio da Silva Braga, o Zinho, chegaram em um ve\u00edculo e abriram fogo, resultando em um confronto.<\/p>\n<p>Os grupos de milicianos liderados por Zinho e Nanan t\u00eam se envolvido em constantes confrontos na regi\u00e3o de Santa Cruz. Investiga\u00e7\u00f5es revelaram que Nanan era um dos homens de confian\u00e7a de Wellington da Silva Braga, conhecido como Ecko.<\/p>\n<h4><a href=\"https:\/\/folhadoleste.com.br\/en\/category\/rio-de-janeiro-capital\/\"><strong>\u201cLeia mais not\u00edcias sobre Rio de Janeiro aqui\u201d<\/strong><\/a><\/h4>\n<p>No entanto, ap\u00f3s a morte de Ecko em 2021, Zinho assumiu a lideran\u00e7a do grupo. Desde ent\u00e3o, ambos t\u00eam disputado territ\u00f3rios na Zona Oeste contra seu rival comum, Danilo Dias Lima, conhecido como Tandera. No entanto, relatos indicam que Nanan tomou algumas \u00e1reas para si, o que gerou atrito com Zinho.<\/p>\n<p>Al\u00e9m do confronto entre os grupos paramilitares, a regi\u00e3o tamb\u00e9m tem sido alvo frequente de invas\u00f5es do Comando Vermelho, que busca expandir sua influ\u00eancia no com\u00e9rcio de drogas nas comunidades da Zona Oeste.<\/p>\n<p>&nbsp;<\/p>\n<p><a href=\"https:\/\/www.instagram.com\/folhadoleste\/\"><img decoding=\"async\" class=\"aligncenter wp-image-15962\" src=\"https:\/\/folhadoleste.com.br\/wp-content\/uploads\/2023\/07\/instagram.jpg\" alt=\"Itaipu-Itaipua\u00e7u: Caminh\u00e3o causa grave acidente na RJ-102, a estrada da Serrinha\" width=\"49\" height=\"49\" \/><\/a><a href=\"https:\/\/www.facebook.com\/folhadoleste\"><img decoding=\"async\" class=\"aligncenter wp-image-7424\" src=\"https:\/\/folhadoleste.com.br\/wp-content\/uploads\/2023\/05\/facebook-logo-3-1.png\" alt=\"Itaipu-Itaipua\u00e7u: Caminh\u00e3o causa grave acidente na RJ-102, a estrada da Serrinha\" width=\"49\" height=\"49\" \/><\/a><\/p>","protected":false},"excerpt":{"rendered":"<p>Duas mulheres perderam suas vidas e uma crian\u00e7a, com apenas 7 anos, ficou gravemente ferida durante um tiroteio entre milicianos na tarde de quinta-feira (31) em Santa Cruz, na Zona Oeste do Rio de Janeiro. Conforme informa\u00e7\u00f5es da Pol\u00edcia Militar, os agentes do 27\u00ba BPM (Santa Cruz) foram chamados para o Hospital Municipal Pedro II, em Santa Cruz, para confirmar a entrada de uma mulher e uma crian\u00e7a, aparentemente m\u00e3e e filho, por ferimentos a bala. A Secretaria Municipal de Sa\u00fade (SMS) informou que a mulher, cuja identidade n\u00e3o foi divulgada, n\u00e3o resistiu aos ferimentos e veio a \u00f3bito no [&hellip;]<\/p>\n","protected":false},"author":4,"featured_media":23482,"comment_status":"open","ping_status":"open","sticky":false,"template":"","format":"standard","meta":{"footnotes":""},"categories":[67],"tags":[6692,74,10501,2996,93,2274],"class_list":["post-23480","post","type-post","status-publish","format-standard","has-post-thumbnail","hentry","category-rio-de-janeiro-capital","tag-baleada","tag-crianca","tag-duas-mulheres","tag-morre","tag-rio-de-janeiro","tag-santa-cruz","post--single"],"yoast_head":"<!-- This site is optimized with the Yoast SEO plugin v27.4 - https:\/\/yoast.com\/product\/yoast-seo-wordpress\/ -->\n<title>Mil\u00edcia mata duas mulheres e deixa crian\u00e7a baleada em Santa Cruz<\/title>\n<meta name=\"description\" content=\"Mil\u00edcia mata duas mulheres e deixa crian\u00e7a baleada em Santa Cruz...\" \/>\n<meta name=\"robots\" content=\"index, follow, max-snippet:-1, max-image-preview:large, max-video-preview:-1\" \/>\n<link rel=\"canonical\" href=\"https:\/\/folhadoleste.com.br\/en\/milicia-mata-duas-mulheres-e-deixa-crianca-baleada-em-santa-cruz\/\" \/>\n<meta property=\"og:locale\" content=\"en_US\" \/>\n<meta property=\"og:type\" content=\"article\" \/>\n<meta property=\"og:title\" content=\"Mil\u00edcia mata duas mulheres e deixa crian\u00e7a baleada em Santa Cruz\" \/>\n<meta property=\"og:description\" content=\"Clique e saiba mais...\" \/>\n<meta property=\"og:url\" content=\"https:\/\/folhadoleste.com.br\/en\/milicia-mata-duas-mulheres-e-deixa-crianca-baleada-em-santa-cruz\/\" \/>\n<meta property=\"og:site_name\" content=\"Folha do Leste\" \/>\n<meta property=\"article:publisher\" content=\"https:\/\/www.facebook.com\/folhadoleste\" \/>\n<meta property=\"article:published_time\" content=\"2023-08-31T22:53:17+00:00\" \/>\n<meta property=\"og:image\" content=\"https:\/\/folhadoleste.com.br\/wp-content\/uploads\/2023\/08\/Milicia-mata-duas-mulheres-e-baleia-crianca-em-Santa-Cruz-Foto-Reproducao.webp\" \/>\n\t<meta property=\"og:image:width\" content=\"1200\" \/>\n\t<meta property=\"og:image:height\" content=\"750\" \/>\n\t<meta property=\"og:image:type\" content=\"image\/webp\" \/>\n<meta name=\"author\" content=\"Folha do Leste\" \/>\n<meta name=\"twitter:card\" content=\"summary_large_image\" \/>\n<meta name=\"twitter:title\" content=\"Mil\u00edcia mata duas mulheres e deixa crian\u00e7a baleada em Santa Cruz\" \/>\n<meta name=\"twitter:description\" content=\"Clique e saiba mais...\" \/>\n<meta name=\"twitter:image\" content=\"https:\/\/folhadoleste.com.br\/wp-content\/uploads\/2023\/08\/Milicia-mata-duas-mulheres-e-baleia-crianca-em-Santa-Cruz-Foto-Reproducao.webp\" \/>\n<meta name=\"twitter:creator\" content=\"@FolhadoLesteRJ\" \/>\n<meta name=\"twitter:site\" content=\"@FolhadoLesteRJ\" \/>\n<meta name=\"twitter:label1\" content=\"Written by\" \/>\n\t<meta name=\"twitter:data1\" content=\"Folha do Leste\" \/>\n\t<meta name=\"twitter:label2\" content=\"Est. reading time\" \/>\n\t<meta name=\"twitter:data2\" content=\"3 minutes\" \/>\n<script type=\"application\/ld+json\" class=\"yoast-schema-graph\">{\"@context\":\"https:\\\/\\\/schema.org\",\"@graph\":[{\"@type\":\"NewsArticle\",\"@id\":\"https:\\\/\\\/folhadoleste.com.br\\\/milicia-mata-duas-mulheres-e-deixa-crianca-baleada-em-santa-cruz\\\/#article\",\"isPartOf\":{\"@id\":\"https:\\\/\\\/folhadoleste.com.br\\\/milicia-mata-duas-mulheres-e-deixa-crianca-baleada-em-santa-cruz\\\/\"},\"author\":{\"name\":\"Folha do Leste\",\"@id\":\"https:\\\/\\\/folhadoleste.com.br\\\/#\\\/schema\\\/person\\\/3e97145b2e1861276e84471aa85a3899\"},\"headline\":\"Mil\u00edcia mata duas mulheres e deixa crian\u00e7a baleada em Santa Cruz\",\"datePublished\":\"2023-08-31T22:53:17+00:00\",\"mainEntityOfPage\":{\"@id\":\"https:\\\/\\\/folhadoleste.com.br\\\/milicia-mata-duas-mulheres-e-deixa-crianca-baleada-em-santa-cruz\\\/\"},\"wordCount\":391,\"commentCount\":0,\"publisher\":{\"@id\":\"https:\\\/\\\/folhadoleste.com.br\\\/#organization\"},\"image\":{\"@id\":\"https:\\\/\\\/folhadoleste.com.br\\\/milicia-mata-duas-mulheres-e-deixa-crianca-baleada-em-santa-cruz\\\/#primaryimage\"},\"thumbnailUrl\":\"https:\\\/\\\/folhadoleste.com.br\\\/wp-content\\\/uploads\\\/2023\\\/08\\\/Milicia-mata-duas-mulheres-e-baleia-crianca-em-Santa-Cruz-Foto-Reproducao.webp\",\"keywords\":[\"baleada\",\"crian\u00e7a\",\"duas mulheres\",\"morre\",\"Rio de Janeiro\",\"Santa Cruz\"],\"articleSection\":[\"Rio de Janeiro - Capital\"],\"inLanguage\":\"en-US\",\"potentialAction\":[{\"@type\":\"CommentAction\",\"name\":\"Comment\",\"target\":[\"https:\\\/\\\/folhadoleste.com.br\\\/milicia-mata-duas-mulheres-e-deixa-crianca-baleada-em-santa-cruz\\\/#respond\"]}]},{\"@type\":\"WebPage\",\"@id\":\"https:\\\/\\\/folhadoleste.com.br\\\/milicia-mata-duas-mulheres-e-deixa-crianca-baleada-em-santa-cruz\\\/\",\"url\":\"https:\\\/\\\/folhadoleste.com.br\\\/milicia-mata-duas-mulheres-e-deixa-crianca-baleada-em-santa-cruz\\\/\",\"name\":\"Mil\u00edcia mata duas mulheres e deixa crian\u00e7a baleada em Santa Cruz\",\"isPartOf\":{\"@id\":\"https:\\\/\\\/folhadoleste.com.br\\\/#website\"},\"primaryImageOfPage\":{\"@id\":\"https:\\\/\\\/folhadoleste.com.br\\\/milicia-mata-duas-mulheres-e-deixa-crianca-baleada-em-santa-cruz\\\/#primaryimage\"},\"image\":{\"@id\":\"https:\\\/\\\/folhadoleste.com.br\\\/milicia-mata-duas-mulheres-e-deixa-crianca-baleada-em-santa-cruz\\\/#primaryimage\"},\"thumbnailUrl\":\"https:\\\/\\\/folhadoleste.com.br\\\/wp-content\\\/uploads\\\/2023\\\/08\\\/Milicia-mata-duas-mulheres-e-baleia-crianca-em-Santa-Cruz-Foto-Reproducao.webp\",\"datePublished\":\"2023-08-31T22:53:17+00:00\",\"description\":\"Mil\u00edcia mata duas mulheres e deixa crian\u00e7a baleada em Santa Cruz...\",\"breadcrumb\":{\"@id\":\"https:\\\/\\\/folhadoleste.com.br\\\/milicia-mata-duas-mulheres-e-deixa-crianca-baleada-em-santa-cruz\\\/#breadcrumb\"},\"inLanguage\":\"en-US\",\"potentialAction\":[{\"@type\":\"ReadAction\",\"target\":[\"https:\\\/\\\/folhadoleste.com.br\\\/milicia-mata-duas-mulheres-e-deixa-crianca-baleada-em-santa-cruz\\\/\"]}]},{\"@type\":\"ImageObject\",\"inLanguage\":\"en-US\",\"@id\":\"https:\\\/\\\/folhadoleste.com.br\\\/milicia-mata-duas-mulheres-e-deixa-crianca-baleada-em-santa-cruz\\\/#primaryimage\",\"url\":\"https:\\\/\\\/folhadoleste.com.br\\\/wp-content\\\/uploads\\\/2023\\\/08\\\/Milicia-mata-duas-mulheres-e-baleia-crianca-em-Santa-Cruz-Foto-Reproducao.webp\",\"contentUrl\":\"https:\\\/\\\/folhadoleste.com.br\\\/wp-content\\\/uploads\\\/2023\\\/08\\\/Milicia-mata-duas-mulheres-e-baleia-crianca-em-Santa-Cruz-Foto-Reproducao.webp\",\"width\":1200,\"height\":750,\"caption\":\"Foto: Reprodu\u00e7\u00e3o\"},{\"@type\":\"BreadcrumbList\",\"@id\":\"https:\\\/\\\/folhadoleste.com.br\\\/milicia-mata-duas-mulheres-e-deixa-crianca-baleada-em-santa-cruz\\\/#breadcrumb\",\"itemListElement\":[{\"@type\":\"ListItem\",\"position\":1,\"name\":\"In\u00edcio\",\"item\":\"https:\\\/\\\/folhadoleste.com.br\\\/\"},{\"@type\":\"ListItem\",\"position\":2,\"name\":\"Rio de Janeiro - Capital\",\"item\":\"https:\\\/\\\/folhadoleste.com.br\\\/category\\\/rio-de-janeiro-capital\\\/\"},{\"@type\":\"ListItem\",\"position\":3,\"name\":\"Mil\u00edcia mata duas mulheres e deixa crian\u00e7a baleada em Santa Cruz\"}]},{\"@type\":\"WebSite\",\"@id\":\"https:\\\/\\\/folhadoleste.com.br\\\/#website\",\"url\":\"https:\\\/\\\/folhadoleste.com.br\\\/\",\"name\":\"Folha do Leste\",\"description\":\"Portal de Not\u00edcias com \u00eanfase em Niter\u00f3i, criando conte\u00fados desde a capital Rio de Janeiro, com olhar para o Leste Fluminense e suas cidades como S\u00e3o Gon\u00e7alo, Itabora\u00ed, Rio Bonito, Maric\u00e1, Saquarema e Araruama\",\"publisher\":{\"@id\":\"https:\\\/\\\/folhadoleste.com.br\\\/#organization\"},\"alternateName\":\"FL\",\"potentialAction\":[{\"@type\":\"SearchAction\",\"target\":{\"@type\":\"EntryPoint\",\"urlTemplate\":\"https:\\\/\\\/folhadoleste.com.br\\\/?s={search_term_string}\"},\"query-input\":{\"@type\":\"PropertyValueSpecification\",\"valueRequired\":true,\"valueName\":\"search_term_string\"}}],\"inLanguage\":\"en-US\"},{\"@type\":\"Organization\",\"@id\":\"https:\\\/\\\/folhadoleste.com.br\\\/#organization\",\"name\":\"Brasil 21 Comunica\u00e7\u00e3o\",\"alternateName\":\"BR21\",\"url\":\"https:\\\/\\\/folhadoleste.com.br\\\/\",\"logo\":{\"@type\":\"ImageObject\",\"inLanguage\":\"en-US\",\"@id\":\"https:\\\/\\\/folhadoleste.com.br\\\/#\\\/schema\\\/logo\\\/image\\\/\",\"url\":\"https:\\\/\\\/folhadoleste.com.br\\\/wp-content\\\/uploads\\\/2025\\\/12\\\/brasil-21-logomarca.avif\",\"contentUrl\":\"https:\\\/\\\/folhadoleste.com.br\\\/wp-content\\\/uploads\\\/2025\\\/12\\\/brasil-21-logomarca.avif\",\"width\":1044,\"height\":1044,\"caption\":\"Brasil 21 Comunica\u00e7\u00e3o\"},\"image\":{\"@id\":\"https:\\\/\\\/folhadoleste.com.br\\\/#\\\/schema\\\/logo\\\/image\\\/\"},\"sameAs\":[\"https:\\\/\\\/www.facebook.com\\\/folhadoleste\",\"https:\\\/\\\/x.com\\\/FolhadoLesteRJ\",\"https:\\\/\\\/www.instagram.com\\\/folhadoleste\\\/\"]},{\"@type\":\"Person\",\"@id\":\"https:\\\/\\\/folhadoleste.com.br\\\/#\\\/schema\\\/person\\\/3e97145b2e1861276e84471aa85a3899\",\"name\":\"Folha do Leste\",\"image\":{\"@type\":\"ImageObject\",\"inLanguage\":\"en-US\",\"@id\":\"https:\\\/\\\/folhadoleste.com.br\\\/wp-content\\\/litespeed\\\/avatar\\\/1ca8c218432e7045e748610eb3db0259.jpg?ver=1777161142\",\"url\":\"https:\\\/\\\/folhadoleste.com.br\\\/wp-content\\\/litespeed\\\/avatar\\\/1ca8c218432e7045e748610eb3db0259.jpg?ver=1777161142\",\"contentUrl\":\"https:\\\/\\\/folhadoleste.com.br\\\/wp-content\\\/litespeed\\\/avatar\\\/1ca8c218432e7045e748610eb3db0259.jpg?ver=1777161142\",\"caption\":\"Folha do Leste\"},\"url\":\"https:\\\/\\\/folhadoleste.com.br\\\/en\\\/author\\\/reportagem-01\\\/\"}]}<\/script>\n<!-- \/ Yoast SEO plugin. -->","yoast_head_json":{"title":"Mil\u00edcia mata duas mulheres e deixa crian\u00e7a baleada em Santa Cruz","description":"Mil\u00edcia mata duas mulheres e deixa crian\u00e7a baleada em Santa Cruz...","robots":{"index":"index","follow":"follow","max-snippet":"max-snippet:-1","max-image-preview":"max-image-preview:large","max-video-preview":"max-video-preview:-1"},"canonical":"https:\/\/folhadoleste.com.br\/en\/milicia-mata-duas-mulheres-e-deixa-crianca-baleada-em-santa-cruz\/","og_locale":"en_US","og_type":"article","og_title":"Mil\u00edcia mata duas mulheres e deixa crian\u00e7a baleada em Santa Cruz","og_description":"Clique e saiba mais...","og_url":"https:\/\/folhadoleste.com.br\/en\/milicia-mata-duas-mulheres-e-deixa-crianca-baleada-em-santa-cruz\/","og_site_name":"Folha do Leste","article_publisher":"https:\/\/www.facebook.com\/folhadoleste","article_published_time":"2023-08-31T22:53:17+00:00","og_image":[{"width":1200,"height":750,"url":"https:\/\/folhadoleste.com.br\/wp-content\/uploads\/2023\/08\/Milicia-mata-duas-mulheres-e-baleia-crianca-em-Santa-Cruz-Foto-Reproducao.webp","type":"image\/webp"}],"author":"Folha do Leste","twitter_card":"summary_large_image","twitter_title":"Mil\u00edcia mata duas mulheres e deixa crian\u00e7a baleada em Santa Cruz","twitter_description":"Clique e saiba mais...","twitter_image":"https:\/\/folhadoleste.com.br\/wp-content\/uploads\/2023\/08\/Milicia-mata-duas-mulheres-e-baleia-crianca-em-Santa-Cruz-Foto-Reproducao.webp","twitter_creator":"@FolhadoLesteRJ","twitter_site":"@FolhadoLesteRJ","twitter_misc":{"Written by":"Folha do Leste","Est. reading time":"3 minutes"},"schema":{"@context":"https:\/\/schema.org","@graph":[{"@type":"NewsArticle","@id":"https:\/\/folhadoleste.com.br\/milicia-mata-duas-mulheres-e-deixa-crianca-baleada-em-santa-cruz\/#article","isPartOf":{"@id":"https:\/\/folhadoleste.com.br\/milicia-mata-duas-mulheres-e-deixa-crianca-baleada-em-santa-cruz\/"},"author":{"name":"Folha do Leste","@id":"https:\/\/folhadoleste.com.br\/#\/schema\/person\/3e97145b2e1861276e84471aa85a3899"},"headline":"Mil\u00edcia mata duas mulheres e deixa crian\u00e7a baleada em Santa Cruz","datePublished":"2023-08-31T22:53:17+00:00","mainEntityOfPage":{"@id":"https:\/\/folhadoleste.com.br\/milicia-mata-duas-mulheres-e-deixa-crianca-baleada-em-santa-cruz\/"},"wordCount":391,"commentCount":0,"publisher":{"@id":"https:\/\/folhadoleste.com.br\/#organization"},"image":{"@id":"https:\/\/folhadoleste.com.br\/milicia-mata-duas-mulheres-e-deixa-crianca-baleada-em-santa-cruz\/#primaryimage"},"thumbnailUrl":"https:\/\/folhadoleste.com.br\/wp-content\/uploads\/2023\/08\/Milicia-mata-duas-mulheres-e-baleia-crianca-em-Santa-Cruz-Foto-Reproducao.webp","keywords":["baleada","crian\u00e7a","duas mulheres","morre","Rio de Janeiro","Santa Cruz"],"articleSection":["Rio de Janeiro - Capital"],"inLanguage":"en-US","potentialAction":[{"@type":"CommentAction","name":"Comment","target":["https:\/\/folhadoleste.com.br\/milicia-mata-duas-mulheres-e-deixa-crianca-baleada-em-santa-cruz\/#respond"]}]},{"@type":"WebPage","@id":"https:\/\/folhadoleste.com.br\/milicia-mata-duas-mulheres-e-deixa-crianca-baleada-em-santa-cruz\/","url":"https:\/\/folhadoleste.com.br\/milicia-mata-duas-mulheres-e-deixa-crianca-baleada-em-santa-cruz\/","name":"Mil\u00edcia mata duas mulheres e deixa crian\u00e7a baleada em Santa Cruz","isPartOf":{"@id":"https:\/\/folhadoleste.com.br\/#website"},"primaryImageOfPage":{"@id":"https:\/\/folhadoleste.com.br\/milicia-mata-duas-mulheres-e-deixa-crianca-baleada-em-santa-cruz\/#primaryimage"},"image":{"@id":"https:\/\/folhadoleste.com.br\/milicia-mata-duas-mulheres-e-deixa-crianca-baleada-em-santa-cruz\/#primaryimage"},"thumbnailUrl":"https:\/\/folhadoleste.com.br\/wp-content\/uploads\/2023\/08\/Milicia-mata-duas-mulheres-e-baleia-crianca-em-Santa-Cruz-Foto-Reproducao.webp","datePublished":"2023-08-31T22:53:17+00:00","description":"Mil\u00edcia mata duas mulheres e deixa crian\u00e7a baleada em Santa Cruz...","breadcrumb":{"@id":"https:\/\/folhadoleste.com.br\/milicia-mata-duas-mulheres-e-deixa-crianca-baleada-em-santa-cruz\/#breadcrumb"},"inLanguage":"en-US","potentialAction":[{"@type":"ReadAction","target":["https:\/\/folhadoleste.com.br\/milicia-mata-duas-mulheres-e-deixa-crianca-baleada-em-santa-cruz\/"]}]},{"@type":"ImageObject","inLanguage":"en-US","@id":"https:\/\/folhadoleste.com.br\/milicia-mata-duas-mulheres-e-deixa-crianca-baleada-em-santa-cruz\/#primaryimage","url":"https:\/\/folhadoleste.com.br\/wp-content\/uploads\/2023\/08\/Milicia-mata-duas-mulheres-e-baleia-crianca-em-Santa-Cruz-Foto-Reproducao.webp","contentUrl":"https:\/\/folhadoleste.com.br\/wp-content\/uploads\/2023\/08\/Milicia-mata-duas-mulheres-e-baleia-crianca-em-Santa-Cruz-Foto-Reproducao.webp","width":1200,"height":750,"caption":"Foto: Reprodu\u00e7\u00e3o"},{"@type":"BreadcrumbList","@id":"https:\/\/folhadoleste.com.br\/milicia-mata-duas-mulheres-e-deixa-crianca-baleada-em-santa-cruz\/#breadcrumb","itemListElement":[{"@type":"ListItem","position":1,"name":"In\u00edcio","item":"https:\/\/folhadoleste.com.br\/"},{"@type":"ListItem","position":2,"name":"Rio de Janeiro - Capital","item":"https:\/\/folhadoleste.com.br\/category\/rio-de-janeiro-capital\/"},{"@type":"ListItem","position":3,"name":"Mil\u00edcia mata duas mulheres e deixa crian\u00e7a baleada em Santa Cruz"}]},{"@type":"WebSite","@id":"https:\/\/folhadoleste.com.br\/#website","url":"https:\/\/folhadoleste.com.br\/","name":"Folha do Leste","description":"Portal de Not\u00edcias com \u00eanfase em Niter\u00f3i, criando conte\u00fados desde a capital Rio de Janeiro, com olhar para o Leste Fluminense e suas cidades como S\u00e3o Gon\u00e7alo, Itabora\u00ed, Rio Bonito, Maric\u00e1, Saquarema e Araruama","publisher":{"@id":"https:\/\/folhadoleste.com.br\/#organization"},"alternateName":"FL","potentialAction":[{"@type":"SearchAction","target":{"@type":"EntryPoint","urlTemplate":"https:\/\/folhadoleste.com.br\/?s={search_term_string}"},"query-input":{"@type":"PropertyValueSpecification","valueRequired":true,"valueName":"search_term_string"}}],"inLanguage":"en-US"},{"@type":"Organization","@id":"https:\/\/folhadoleste.com.br\/#organization","name":"Brasil 21 Comunica\u00e7\u00e3o","alternateName":"BR21","url":"https:\/\/folhadoleste.com.br\/","logo":{"@type":"ImageObject","inLanguage":"en-US","@id":"https:\/\/folhadoleste.com.br\/#\/schema\/logo\/image\/","url":"https:\/\/folhadoleste.com.br\/wp-content\/uploads\/2025\/12\/brasil-21-logomarca.avif","contentUrl":"https:\/\/folhadoleste.com.br\/wp-content\/uploads\/2025\/12\/brasil-21-logomarca.avif","width":1044,"height":1044,"caption":"Brasil 21 Comunica\u00e7\u00e3o"},"image":{"@id":"https:\/\/folhadoleste.com.br\/#\/schema\/logo\/image\/"},"sameAs":["https:\/\/www.facebook.com\/folhadoleste","https:\/\/x.com\/FolhadoLesteRJ","https:\/\/www.instagram.com\/folhadoleste\/"]},{"@type":"Person","@id":"https:\/\/folhadoleste.com.br\/#\/schema\/person\/3e97145b2e1861276e84471aa85a3899","name":"Folha do Leste","image":{"@type":"ImageObject","inLanguage":"en-US","@id":"https:\/\/folhadoleste.com.br\/wp-content\/litespeed\/avatar\/1ca8c218432e7045e748610eb3db0259.jpg?ver=1777161142","url":"https:\/\/folhadoleste.com.br\/wp-content\/litespeed\/avatar\/1ca8c218432e7045e748610eb3db0259.jpg?ver=1777161142","contentUrl":"https:\/\/folhadoleste.com.br\/wp-content\/litespeed\/avatar\/1ca8c218432e7045e748610eb3db0259.jpg?ver=1777161142","caption":"Folha do Leste"},"url":"https:\/\/folhadoleste.com.br\/en\/author\/reportagem-01\/"}]}},"_links":{"self":[{"href":"https:\/\/folhadoleste.com.br\/en\/wp-json\/wp\/v2\/posts\/23480","targetHints":{"allow":["GET"]}}],"collection":[{"href":"https:\/\/folhadoleste.com.br\/en\/wp-json\/wp\/v2\/posts"}],"about":[{"href":"https:\/\/folhadoleste.com.br\/en\/wp-json\/wp\/v2\/types\/post"}],"author":[{"embeddable":true,"href":"https:\/\/folhadoleste.com.br\/en\/wp-json\/wp\/v2\/users\/4"}],"replies":[{"embeddable":true,"href":"https:\/\/folhadoleste.com.br\/en\/wp-json\/wp\/v2\/comments?post=23480"}],"version-history":[{"count":1,"href":"https:\/\/folhadoleste.com.br\/en\/wp-json\/wp\/v2\/posts\/23480\/revisions"}],"predecessor-version":[{"id":23483,"href":"https:\/\/folhadoleste.com.br\/en\/wp-json\/wp\/v2\/posts\/23480\/revisions\/23483"}],"wp:featuredmedia":[{"embeddable":true,"href":"https:\/\/folhadoleste.com.br\/en\/wp-json\/wp\/v2\/media\/23482"}],"wp:attachment":[{"href":"https:\/\/folhadoleste.com.br\/en\/wp-json\/wp\/v2\/media?parent=23480"}],"wp:term":[{"taxonomy":"category","embeddable":true,"href":"https:\/\/folhadoleste.com.br\/en\/wp-json\/wp\/v2\/categories?post=23480"},{"taxonomy":"post_tag","embeddable":true,"href":"https:\/\/folhadoleste.com.br\/en\/wp-json\/wp\/v2\/tags?post=23480"}],"curies":[{"name":"wp","href":"https:\/\/api.w.org\/{rel}","templated":true}]}}