{"id":2278,"date":"2023-04-14T20:19:41","date_gmt":"2023-04-14T23:19:41","guid":{"rendered":"https:\/\/folhadoleste.com.br\/?p=2278"},"modified":"2023-04-14T20:20:32","modified_gmt":"2023-04-14T23:20:32","slug":"niteroi-tera-comite-para-implantar-plano-de-seguranca-viaria","status":"publish","type":"post","link":"https:\/\/folhadoleste.com.br\/en\/niteroi-tera-comite-para-implantar-plano-de-seguranca-viaria\/","title":{"rendered":"Niter\u00f3i ter\u00e1 comit\u00ea para implantar Plano de Seguran\u00e7a Vi\u00e1ria"},"content":{"rendered":"<p class=\"x_MsoNormal\"><span style=\"color: #000000; font-family: tahoma, sans-serif;\">Foi publicada, na edi\u00e7\u00e3o desta desta sexta-feira (14) do Di\u00e1rio Oficial de Niter\u00f3i, a cria\u00e7\u00e3o do Comit\u00ea de Implanta\u00e7\u00e3o do Plano Municipal de Seguran\u00e7a Vi\u00e1ria da cidade. A finalidade \u00e9 a de conduzir os estudos para cria\u00e7\u00e3o do Plano Municipal de Seguran\u00e7a Vi\u00e1ria (PMSV).<\/span><\/p>\n<p class=\"x_MsoNormal\"><span style=\"color: #000000; font-family: tahoma, sans-serif;\">O objetivo principal do Plano, ainda, ser\u00e1 criar diretrizes para redu\u00e7\u00e3o do n\u00famero de acidentes graves e mortes no tr\u00e2nsito. O comit\u00ea ser\u00e1 coordenado pela Nittrans e trabalhar\u00e1 a partir de diagn\u00f3sticos para estabelecer um cronograma de trabalho, a\u00e7\u00f5es e metas que servir\u00e3o de base para a elabora\u00e7\u00e3o do PMSV.<\/span><\/p>\n<p class=\"x_MsoNormal\"><span style=\"color: #000000; font-family: tahoma, sans-serif;\">A diretora de planejamento de tr\u00e2nsito da Nittrans, Amanda Machado, aponta o caminho a ser trilhado pelo comit\u00ea para a constru\u00e7\u00e3o do plano.<\/span><\/p>\n<p class=\"x_MsoNormal\"><span style=\"color: #000000; font-family: tahoma, sans-serif;\">\u201cA elabora\u00e7\u00e3o do Plano Municipal de Seguran\u00e7a Vi\u00e1ria levar\u00e1 em considera\u00e7\u00e3o as metas de desenvolvimento sustent\u00e1vel definidas pela Organiza\u00e7\u00e3o das Na\u00e7\u00f5es Unidas (ONU) em sua Agenda 2030 e tamb\u00e9m o Plano Nacional de Redu\u00e7\u00e3o de Mortes e Les\u00f5es no Tr\u00e2nsito (Pnatrans)\u201d, explica Amanda.<\/span><\/p>\n<p class=\"x_MsoNormal\"><span style=\"color: #000000; font-family: tahoma, sans-serif;\">O comit\u00ea ser\u00e1 formado por representantes da Secretaria de Urbanismo e Mobilidade, Secretaria Municipal de Sa\u00fade, Secretaria Municipal de Defesa Civil e Geotecnia, Secretaria Municipal de Ordem P\u00fablica, Coordenadoria Geral de Comunica\u00e7\u00e3o e Coordenadoria Niter\u00f3i de Bicicleta. Ao longo da constru\u00e7\u00e3o do plano ser\u00e3o realizadas audi\u00eancias p\u00fablicas e outras formas de colabora\u00e7\u00e3o por parte da popula\u00e7\u00e3o.<\/span><\/p>\n<p class=\"x_MsoNormal\"><span style=\"color: #000000; font-family: tahoma, sans-serif;\"><i>Fonte: Coordenadoria Geral de Comunica\u00e7\u00e3o da Prefeitura de Niter\u00f3i<\/i><\/span><\/p>","protected":false},"excerpt":{"rendered":"<p>Foi publicada, na edi\u00e7\u00e3o desta desta sexta-feira (14) do Di\u00e1rio Oficial de Niter\u00f3i, a cria\u00e7\u00e3o do Comit\u00ea de Implanta\u00e7\u00e3o do Plano Municipal de Seguran\u00e7a Vi\u00e1ria da cidade. A finalidade \u00e9 a de conduzir os estudos para cria\u00e7\u00e3o do Plano Municipal de Seguran\u00e7a Vi\u00e1ria (PMSV). O objetivo principal do Plano, ainda, ser\u00e1 criar diretrizes para redu\u00e7\u00e3o do n\u00famero de acidentes graves e mortes no tr\u00e2nsito. O comit\u00ea ser\u00e1 coordenado pela Nittrans e trabalhar\u00e1 a partir de diagn\u00f3sticos para estabelecer um cronograma de trabalho, a\u00e7\u00f5es e metas que servir\u00e3o de base para a elabora\u00e7\u00e3o do PMSV. A diretora de planejamento de tr\u00e2nsito [&hellip;]<\/p>\n","protected":false},"author":4,"featured_media":2280,"comment_status":"open","ping_status":"open","sticky":false,"template":"","format":"standard","meta":{"footnotes":""},"categories":[47,5],"tags":[954,50,958,956,957,955,730],"class_list":["post-2278","post","type-post","status-publish","format-standard","has-post-thumbnail","hentry","category-leste-fluminense","category-noticias-de-niteroi","tag-acidentes-de-transito","tag-niteroi","tag-nittrans","tag-plano-municipal","tag-politicas-publicas","tag-seguranca-viaria","tag-transito","post--single"],"yoast_head":"<!-- This site is optimized with the Yoast SEO plugin v27.5 - https:\/\/yoast.com\/product\/yoast-seo-wordpress\/ -->\n<title>Niter\u00f3i ter\u00e1 comit\u00ea para implantar Plano de Seguran\u00e7a Vi\u00e1ria &#8226; Folha do Leste<\/title>\n<meta name=\"description\" content=\"Objetivo \u00e9 criar diretrizes para a redu\u00e7\u00e3o do n\u00famero de acidentes graves e mortes no tr\u00e2nsito\" \/>\n<meta name=\"robots\" content=\"index, follow, max-snippet:-1, max-image-preview:large, max-video-preview:-1\" \/>\n<link rel=\"canonical\" href=\"https:\/\/folhadoleste.com.br\/en\/niteroi-tera-comite-para-implantar-plano-de-seguranca-viaria\/\" \/>\n<meta property=\"og:locale\" content=\"en_US\" \/>\n<meta property=\"og:type\" content=\"article\" \/>\n<meta property=\"og:title\" content=\"Niter\u00f3i ter\u00e1 comit\u00ea para implantar Plano de Seguran\u00e7a Vi\u00e1ria &#8226; Folha do Leste\" \/>\n<meta property=\"og:description\" content=\"Objetivo \u00e9 criar diretrizes para a redu\u00e7\u00e3o do n\u00famero de acidentes graves e mortes no tr\u00e2nsito\" \/>\n<meta property=\"og:url\" content=\"https:\/\/folhadoleste.com.br\/en\/niteroi-tera-comite-para-implantar-plano-de-seguranca-viaria\/\" \/>\n<meta property=\"og:site_name\" content=\"Folha do Leste\" \/>\n<meta property=\"article:publisher\" content=\"https:\/\/www.facebook.com\/folhadoleste\" \/>\n<meta property=\"article:published_time\" content=\"2023-04-14T23:19:41+00:00\" \/>\n<meta property=\"article:modified_time\" content=\"2023-04-14T23:20:32+00:00\" \/>\n<meta property=\"og:image\" content=\"https:\/\/folhadoleste.com.br\/wp-content\/uploads\/2023\/04\/Transito-Foto-Bruno-Eduardo-Gomes.jpg\" \/>\n\t<meta property=\"og:image:width\" content=\"1200\" \/>\n\t<meta property=\"og:image:height\" content=\"794\" \/>\n\t<meta property=\"og:image:type\" content=\"image\/jpeg\" \/>\n<meta name=\"author\" content=\"Folha do Leste\" \/>\n<meta name=\"twitter:card\" content=\"summary_large_image\" \/>\n<meta name=\"twitter:creator\" content=\"@FolhadoLesteRJ\" \/>\n<meta name=\"twitter:site\" content=\"@FolhadoLesteRJ\" \/>\n<meta name=\"twitter:label1\" content=\"Written by\" \/>\n\t<meta name=\"twitter:data1\" content=\"Folha do Leste\" \/>\n\t<meta name=\"twitter:label2\" content=\"Est. reading time\" \/>\n\t<meta name=\"twitter:data2\" content=\"2 minutes\" \/>\n<script type=\"application\/ld+json\" class=\"yoast-schema-graph\">{\"@context\":\"https:\\\/\\\/schema.org\",\"@graph\":[{\"@type\":\"NewsArticle\",\"@id\":\"https:\\\/\\\/folhadoleste.com.br\\\/niteroi-tera-comite-para-implantar-plano-de-seguranca-viaria\\\/#article\",\"isPartOf\":{\"@id\":\"https:\\\/\\\/folhadoleste.com.br\\\/niteroi-tera-comite-para-implantar-plano-de-seguranca-viaria\\\/\"},\"author\":{\"name\":\"Folha do Leste\",\"@id\":\"https:\\\/\\\/folhadoleste.com.br\\\/#\\\/schema\\\/person\\\/3e97145b2e1861276e84471aa85a3899\"},\"headline\":\"Niter\u00f3i ter\u00e1 comit\u00ea para implantar Plano de Seguran\u00e7a Vi\u00e1ria\",\"datePublished\":\"2023-04-14T23:19:41+00:00\",\"dateModified\":\"2023-04-14T23:20:32+00:00\",\"mainEntityOfPage\":{\"@id\":\"https:\\\/\\\/folhadoleste.com.br\\\/niteroi-tera-comite-para-implantar-plano-de-seguranca-viaria\\\/\"},\"wordCount\":276,\"commentCount\":0,\"publisher\":{\"@id\":\"https:\\\/\\\/folhadoleste.com.br\\\/#organization\"},\"image\":{\"@id\":\"https:\\\/\\\/folhadoleste.com.br\\\/niteroi-tera-comite-para-implantar-plano-de-seguranca-viaria\\\/#primaryimage\"},\"thumbnailUrl\":\"https:\\\/\\\/folhadoleste.com.br\\\/wp-content\\\/uploads\\\/2023\\\/04\\\/Transito-Foto-Bruno-Eduardo-Gomes.jpg\",\"keywords\":[\"acidentes de tr\u00e2nsito\",\"Niter\u00f3i\",\"NitTrans\",\"plano municipal\",\"pol\u00edticas p\u00fablicas\",\"seguran\u00e7a vi\u00e1ria\",\"Tr\u00e2nsito\"],\"articleSection\":[\"Leste Fluminense\",\"Niter\u00f3i\"],\"inLanguage\":\"en-US\",\"potentialAction\":[{\"@type\":\"CommentAction\",\"name\":\"Comment\",\"target\":[\"https:\\\/\\\/folhadoleste.com.br\\\/niteroi-tera-comite-para-implantar-plano-de-seguranca-viaria\\\/#respond\"]}]},{\"@type\":\"WebPage\",\"@id\":\"https:\\\/\\\/folhadoleste.com.br\\\/niteroi-tera-comite-para-implantar-plano-de-seguranca-viaria\\\/\",\"url\":\"https:\\\/\\\/folhadoleste.com.br\\\/niteroi-tera-comite-para-implantar-plano-de-seguranca-viaria\\\/\",\"name\":\"Niter\u00f3i ter\u00e1 comit\u00ea para implantar Plano de Seguran\u00e7a Vi\u00e1ria &#8226; Folha do Leste\",\"isPartOf\":{\"@id\":\"https:\\\/\\\/folhadoleste.com.br\\\/#website\"},\"primaryImageOfPage\":{\"@id\":\"https:\\\/\\\/folhadoleste.com.br\\\/niteroi-tera-comite-para-implantar-plano-de-seguranca-viaria\\\/#primaryimage\"},\"image\":{\"@id\":\"https:\\\/\\\/folhadoleste.com.br\\\/niteroi-tera-comite-para-implantar-plano-de-seguranca-viaria\\\/#primaryimage\"},\"thumbnailUrl\":\"https:\\\/\\\/folhadoleste.com.br\\\/wp-content\\\/uploads\\\/2023\\\/04\\\/Transito-Foto-Bruno-Eduardo-Gomes.jpg\",\"datePublished\":\"2023-04-14T23:19:41+00:00\",\"dateModified\":\"2023-04-14T23:20:32+00:00\",\"description\":\"Objetivo \u00e9 criar diretrizes para a redu\u00e7\u00e3o do n\u00famero de acidentes graves e mortes no tr\u00e2nsito\",\"breadcrumb\":{\"@id\":\"https:\\\/\\\/folhadoleste.com.br\\\/niteroi-tera-comite-para-implantar-plano-de-seguranca-viaria\\\/#breadcrumb\"},\"inLanguage\":\"en-US\",\"potentialAction\":[{\"@type\":\"ReadAction\",\"target\":[\"https:\\\/\\\/folhadoleste.com.br\\\/niteroi-tera-comite-para-implantar-plano-de-seguranca-viaria\\\/\"]}]},{\"@type\":\"ImageObject\",\"inLanguage\":\"en-US\",\"@id\":\"https:\\\/\\\/folhadoleste.com.br\\\/niteroi-tera-comite-para-implantar-plano-de-seguranca-viaria\\\/#primaryimage\",\"url\":\"https:\\\/\\\/folhadoleste.com.br\\\/wp-content\\\/uploads\\\/2023\\\/04\\\/Transito-Foto-Bruno-Eduardo-Gomes.jpg\",\"contentUrl\":\"https:\\\/\\\/folhadoleste.com.br\\\/wp-content\\\/uploads\\\/2023\\\/04\\\/Transito-Foto-Bruno-Eduardo-Gomes.jpg\",\"width\":1200,\"height\":794,\"caption\":\"Foto: Bruno Eduardo Gomes\\\/Prefeitura de Niter\u00f3i\"},{\"@type\":\"BreadcrumbList\",\"@id\":\"https:\\\/\\\/folhadoleste.com.br\\\/niteroi-tera-comite-para-implantar-plano-de-seguranca-viaria\\\/#breadcrumb\",\"itemListElement\":[{\"@type\":\"ListItem\",\"position\":1,\"name\":\"In\u00edcio\",\"item\":\"https:\\\/\\\/folhadoleste.com.br\\\/\"},{\"@type\":\"ListItem\",\"position\":2,\"name\":\"Estado do Rio de Janeiro\",\"item\":\"https:\\\/\\\/folhadoleste.com.br\\\/category\\\/estado-do-rio-de-janeiro\\\/\"},{\"@type\":\"ListItem\",\"position\":3,\"name\":\"Leste Fluminense\",\"item\":\"https:\\\/\\\/folhadoleste.com.br\\\/category\\\/estado-do-rio-de-janeiro\\\/leste-fluminense\\\/\"},{\"@type\":\"ListItem\",\"position\":4,\"name\":\"Niter\u00f3i\",\"item\":\"https:\\\/\\\/folhadoleste.com.br\\\/category\\\/estado-do-rio-de-janeiro\\\/leste-fluminense\\\/noticias-de-niteroi\\\/\"},{\"@type\":\"ListItem\",\"position\":5,\"name\":\"Niter\u00f3i ter\u00e1 comit\u00ea para implantar Plano de Seguran\u00e7a Vi\u00e1ria\"}]},{\"@type\":\"WebSite\",\"@id\":\"https:\\\/\\\/folhadoleste.com.br\\\/#website\",\"url\":\"https:\\\/\\\/folhadoleste.com.br\\\/\",\"name\":\"Folha do Leste\",\"description\":\"Portal de Not\u00edcias com \u00eanfase em Niter\u00f3i, criando conte\u00fados desde a capital Rio de Janeiro, com olhar para o Leste Fluminense e suas cidades como S\u00e3o Gon\u00e7alo, Itabora\u00ed, Rio Bonito, Maric\u00e1, Saquarema e Araruama\",\"publisher\":{\"@id\":\"https:\\\/\\\/folhadoleste.com.br\\\/#organization\"},\"alternateName\":\"FL\",\"potentialAction\":[{\"@type\":\"SearchAction\",\"target\":{\"@type\":\"EntryPoint\",\"urlTemplate\":\"https:\\\/\\\/folhadoleste.com.br\\\/?s={search_term_string}\"},\"query-input\":{\"@type\":\"PropertyValueSpecification\",\"valueRequired\":true,\"valueName\":\"search_term_string\"}}],\"inLanguage\":\"en-US\"},{\"@type\":\"Organization\",\"@id\":\"https:\\\/\\\/folhadoleste.com.br\\\/#organization\",\"name\":\"Brasil 21 Comunica\u00e7\u00e3o\",\"alternateName\":\"BR21\",\"url\":\"https:\\\/\\\/folhadoleste.com.br\\\/\",\"logo\":{\"@type\":\"ImageObject\",\"inLanguage\":\"en-US\",\"@id\":\"https:\\\/\\\/folhadoleste.com.br\\\/#\\\/schema\\\/logo\\\/image\\\/\",\"url\":\"https:\\\/\\\/folhadoleste.com.br\\\/wp-content\\\/uploads\\\/2025\\\/12\\\/brasil-21-logomarca.avif\",\"contentUrl\":\"https:\\\/\\\/folhadoleste.com.br\\\/wp-content\\\/uploads\\\/2025\\\/12\\\/brasil-21-logomarca.avif\",\"width\":1044,\"height\":1044,\"caption\":\"Brasil 21 Comunica\u00e7\u00e3o\"},\"image\":{\"@id\":\"https:\\\/\\\/folhadoleste.com.br\\\/#\\\/schema\\\/logo\\\/image\\\/\"},\"sameAs\":[\"https:\\\/\\\/www.facebook.com\\\/folhadoleste\",\"https:\\\/\\\/x.com\\\/FolhadoLesteRJ\",\"https:\\\/\\\/www.instagram.com\\\/folhadoleste\\\/\"]},{\"@type\":\"Person\",\"@id\":\"https:\\\/\\\/folhadoleste.com.br\\\/#\\\/schema\\\/person\\\/3e97145b2e1861276e84471aa85a3899\",\"name\":\"Folha do Leste\",\"image\":{\"@type\":\"ImageObject\",\"inLanguage\":\"en-US\",\"@id\":\"https:\\\/\\\/folhadoleste.com.br\\\/wp-content\\\/litespeed\\\/avatar\\\/1ca8c218432e7045e748610eb3db0259.jpg?ver=1777161142\",\"url\":\"https:\\\/\\\/folhadoleste.com.br\\\/wp-content\\\/litespeed\\\/avatar\\\/1ca8c218432e7045e748610eb3db0259.jpg?ver=1777161142\",\"contentUrl\":\"https:\\\/\\\/folhadoleste.com.br\\\/wp-content\\\/litespeed\\\/avatar\\\/1ca8c218432e7045e748610eb3db0259.jpg?ver=1777161142\",\"caption\":\"Folha do Leste\"},\"url\":\"https:\\\/\\\/folhadoleste.com.br\\\/en\\\/author\\\/reportagem-01\\\/\"}]}<\/script>\n<!-- \/ Yoast SEO plugin. -->","yoast_head_json":{"title":"Niter\u00f3i ter\u00e1 comit\u00ea para implantar Plano de Seguran\u00e7a Vi\u00e1ria &#8226; Folha do Leste","description":"Objetivo \u00e9 criar diretrizes para a redu\u00e7\u00e3o do n\u00famero de acidentes graves e mortes no tr\u00e2nsito","robots":{"index":"index","follow":"follow","max-snippet":"max-snippet:-1","max-image-preview":"max-image-preview:large","max-video-preview":"max-video-preview:-1"},"canonical":"https:\/\/folhadoleste.com.br\/en\/niteroi-tera-comite-para-implantar-plano-de-seguranca-viaria\/","og_locale":"en_US","og_type":"article","og_title":"Niter\u00f3i ter\u00e1 comit\u00ea para implantar Plano de Seguran\u00e7a Vi\u00e1ria &#8226; Folha do Leste","og_description":"Objetivo \u00e9 criar diretrizes para a redu\u00e7\u00e3o do n\u00famero de acidentes graves e mortes no tr\u00e2nsito","og_url":"https:\/\/folhadoleste.com.br\/en\/niteroi-tera-comite-para-implantar-plano-de-seguranca-viaria\/","og_site_name":"Folha do Leste","article_publisher":"https:\/\/www.facebook.com\/folhadoleste","article_published_time":"2023-04-14T23:19:41+00:00","article_modified_time":"2023-04-14T23:20:32+00:00","og_image":[{"width":1200,"height":794,"url":"https:\/\/folhadoleste.com.br\/wp-content\/uploads\/2023\/04\/Transito-Foto-Bruno-Eduardo-Gomes.jpg","type":"image\/jpeg"}],"author":"Folha do Leste","twitter_card":"summary_large_image","twitter_creator":"@FolhadoLesteRJ","twitter_site":"@FolhadoLesteRJ","twitter_misc":{"Written by":"Folha do Leste","Est. reading time":"2 minutes"},"schema":{"@context":"https:\/\/schema.org","@graph":[{"@type":"NewsArticle","@id":"https:\/\/folhadoleste.com.br\/niteroi-tera-comite-para-implantar-plano-de-seguranca-viaria\/#article","isPartOf":{"@id":"https:\/\/folhadoleste.com.br\/niteroi-tera-comite-para-implantar-plano-de-seguranca-viaria\/"},"author":{"name":"Folha do Leste","@id":"https:\/\/folhadoleste.com.br\/#\/schema\/person\/3e97145b2e1861276e84471aa85a3899"},"headline":"Niter\u00f3i ter\u00e1 comit\u00ea para implantar Plano de Seguran\u00e7a Vi\u00e1ria","datePublished":"2023-04-14T23:19:41+00:00","dateModified":"2023-04-14T23:20:32+00:00","mainEntityOfPage":{"@id":"https:\/\/folhadoleste.com.br\/niteroi-tera-comite-para-implantar-plano-de-seguranca-viaria\/"},"wordCount":276,"commentCount":0,"publisher":{"@id":"https:\/\/folhadoleste.com.br\/#organization"},"image":{"@id":"https:\/\/folhadoleste.com.br\/niteroi-tera-comite-para-implantar-plano-de-seguranca-viaria\/#primaryimage"},"thumbnailUrl":"https:\/\/folhadoleste.com.br\/wp-content\/uploads\/2023\/04\/Transito-Foto-Bruno-Eduardo-Gomes.jpg","keywords":["acidentes de tr\u00e2nsito","Niter\u00f3i","NitTrans","plano municipal","pol\u00edticas p\u00fablicas","seguran\u00e7a vi\u00e1ria","Tr\u00e2nsito"],"articleSection":["Leste Fluminense","Niter\u00f3i"],"inLanguage":"en-US","potentialAction":[{"@type":"CommentAction","name":"Comment","target":["https:\/\/folhadoleste.com.br\/niteroi-tera-comite-para-implantar-plano-de-seguranca-viaria\/#respond"]}]},{"@type":"WebPage","@id":"https:\/\/folhadoleste.com.br\/niteroi-tera-comite-para-implantar-plano-de-seguranca-viaria\/","url":"https:\/\/folhadoleste.com.br\/niteroi-tera-comite-para-implantar-plano-de-seguranca-viaria\/","name":"Niter\u00f3i ter\u00e1 comit\u00ea para implantar Plano de Seguran\u00e7a Vi\u00e1ria &#8226; Folha do Leste","isPartOf":{"@id":"https:\/\/folhadoleste.com.br\/#website"},"primaryImageOfPage":{"@id":"https:\/\/folhadoleste.com.br\/niteroi-tera-comite-para-implantar-plano-de-seguranca-viaria\/#primaryimage"},"image":{"@id":"https:\/\/folhadoleste.com.br\/niteroi-tera-comite-para-implantar-plano-de-seguranca-viaria\/#primaryimage"},"thumbnailUrl":"https:\/\/folhadoleste.com.br\/wp-content\/uploads\/2023\/04\/Transito-Foto-Bruno-Eduardo-Gomes.jpg","datePublished":"2023-04-14T23:19:41+00:00","dateModified":"2023-04-14T23:20:32+00:00","description":"Objetivo \u00e9 criar diretrizes para a redu\u00e7\u00e3o do n\u00famero de acidentes graves e mortes no tr\u00e2nsito","breadcrumb":{"@id":"https:\/\/folhadoleste.com.br\/niteroi-tera-comite-para-implantar-plano-de-seguranca-viaria\/#breadcrumb"},"inLanguage":"en-US","potentialAction":[{"@type":"ReadAction","target":["https:\/\/folhadoleste.com.br\/niteroi-tera-comite-para-implantar-plano-de-seguranca-viaria\/"]}]},{"@type":"ImageObject","inLanguage":"en-US","@id":"https:\/\/folhadoleste.com.br\/niteroi-tera-comite-para-implantar-plano-de-seguranca-viaria\/#primaryimage","url":"https:\/\/folhadoleste.com.br\/wp-content\/uploads\/2023\/04\/Transito-Foto-Bruno-Eduardo-Gomes.jpg","contentUrl":"https:\/\/folhadoleste.com.br\/wp-content\/uploads\/2023\/04\/Transito-Foto-Bruno-Eduardo-Gomes.jpg","width":1200,"height":794,"caption":"Foto: Bruno Eduardo Gomes\/Prefeitura de Niter\u00f3i"},{"@type":"BreadcrumbList","@id":"https:\/\/folhadoleste.com.br\/niteroi-tera-comite-para-implantar-plano-de-seguranca-viaria\/#breadcrumb","itemListElement":[{"@type":"ListItem","position":1,"name":"In\u00edcio","item":"https:\/\/folhadoleste.com.br\/"},{"@type":"ListItem","position":2,"name":"Estado do Rio de Janeiro","item":"https:\/\/folhadoleste.com.br\/category\/estado-do-rio-de-janeiro\/"},{"@type":"ListItem","position":3,"name":"Leste Fluminense","item":"https:\/\/folhadoleste.com.br\/category\/estado-do-rio-de-janeiro\/leste-fluminense\/"},{"@type":"ListItem","position":4,"name":"Niter\u00f3i","item":"https:\/\/folhadoleste.com.br\/category\/estado-do-rio-de-janeiro\/leste-fluminense\/noticias-de-niteroi\/"},{"@type":"ListItem","position":5,"name":"Niter\u00f3i ter\u00e1 comit\u00ea para implantar Plano de Seguran\u00e7a Vi\u00e1ria"}]},{"@type":"WebSite","@id":"https:\/\/folhadoleste.com.br\/#website","url":"https:\/\/folhadoleste.com.br\/","name":"Folha do Leste","description":"Portal de Not\u00edcias com \u00eanfase em Niter\u00f3i, criando conte\u00fados desde a capital Rio de Janeiro, com olhar para o Leste Fluminense e suas cidades como S\u00e3o Gon\u00e7alo, Itabora\u00ed, Rio Bonito, Maric\u00e1, Saquarema e Araruama","publisher":{"@id":"https:\/\/folhadoleste.com.br\/#organization"},"alternateName":"FL","potentialAction":[{"@type":"SearchAction","target":{"@type":"EntryPoint","urlTemplate":"https:\/\/folhadoleste.com.br\/?s={search_term_string}"},"query-input":{"@type":"PropertyValueSpecification","valueRequired":true,"valueName":"search_term_string"}}],"inLanguage":"en-US"},{"@type":"Organization","@id":"https:\/\/folhadoleste.com.br\/#organization","name":"Brasil 21 Comunica\u00e7\u00e3o","alternateName":"BR21","url":"https:\/\/folhadoleste.com.br\/","logo":{"@type":"ImageObject","inLanguage":"en-US","@id":"https:\/\/folhadoleste.com.br\/#\/schema\/logo\/image\/","url":"https:\/\/folhadoleste.com.br\/wp-content\/uploads\/2025\/12\/brasil-21-logomarca.avif","contentUrl":"https:\/\/folhadoleste.com.br\/wp-content\/uploads\/2025\/12\/brasil-21-logomarca.avif","width":1044,"height":1044,"caption":"Brasil 21 Comunica\u00e7\u00e3o"},"image":{"@id":"https:\/\/folhadoleste.com.br\/#\/schema\/logo\/image\/"},"sameAs":["https:\/\/www.facebook.com\/folhadoleste","https:\/\/x.com\/FolhadoLesteRJ","https:\/\/www.instagram.com\/folhadoleste\/"]},{"@type":"Person","@id":"https:\/\/folhadoleste.com.br\/#\/schema\/person\/3e97145b2e1861276e84471aa85a3899","name":"Folha do Leste","image":{"@type":"ImageObject","inLanguage":"en-US","@id":"https:\/\/folhadoleste.com.br\/wp-content\/litespeed\/avatar\/1ca8c218432e7045e748610eb3db0259.jpg?ver=1777161142","url":"https:\/\/folhadoleste.com.br\/wp-content\/litespeed\/avatar\/1ca8c218432e7045e748610eb3db0259.jpg?ver=1777161142","contentUrl":"https:\/\/folhadoleste.com.br\/wp-content\/litespeed\/avatar\/1ca8c218432e7045e748610eb3db0259.jpg?ver=1777161142","caption":"Folha do Leste"},"url":"https:\/\/folhadoleste.com.br\/en\/author\/reportagem-01\/"}]}},"_links":{"self":[{"href":"https:\/\/folhadoleste.com.br\/en\/wp-json\/wp\/v2\/posts\/2278","targetHints":{"allow":["GET"]}}],"collection":[{"href":"https:\/\/folhadoleste.com.br\/en\/wp-json\/wp\/v2\/posts"}],"about":[{"href":"https:\/\/folhadoleste.com.br\/en\/wp-json\/wp\/v2\/types\/post"}],"author":[{"embeddable":true,"href":"https:\/\/folhadoleste.com.br\/en\/wp-json\/wp\/v2\/users\/4"}],"replies":[{"embeddable":true,"href":"https:\/\/folhadoleste.com.br\/en\/wp-json\/wp\/v2\/comments?post=2278"}],"version-history":[{"count":1,"href":"https:\/\/folhadoleste.com.br\/en\/wp-json\/wp\/v2\/posts\/2278\/revisions"}],"predecessor-version":[{"id":2279,"href":"https:\/\/folhadoleste.com.br\/en\/wp-json\/wp\/v2\/posts\/2278\/revisions\/2279"}],"wp:featuredmedia":[{"embeddable":true,"href":"https:\/\/folhadoleste.com.br\/en\/wp-json\/wp\/v2\/media\/2280"}],"wp:attachment":[{"href":"https:\/\/folhadoleste.com.br\/en\/wp-json\/wp\/v2\/media?parent=2278"}],"wp:term":[{"taxonomy":"category","embeddable":true,"href":"https:\/\/folhadoleste.com.br\/en\/wp-json\/wp\/v2\/categories?post=2278"},{"taxonomy":"post_tag","embeddable":true,"href":"https:\/\/folhadoleste.com.br\/en\/wp-json\/wp\/v2\/tags?post=2278"}],"curies":[{"name":"wp","href":"https:\/\/api.w.org\/{rel}","templated":true}]}}