{"id":22554,"date":"2023-08-26T09:23:47","date_gmt":"2023-08-26T12:23:47","guid":{"rendered":"https:\/\/folhadoleste.com.br\/?p=22554"},"modified":"2023-08-26T09:23:47","modified_gmt":"2023-08-26T12:23:47","slug":"flamengo-e-internacional-se-enfrentam-pelo-brasileirao","status":"publish","type":"post","link":"https:\/\/folhadoleste.com.br\/en\/flamengo-e-internacional-se-enfrentam-pelo-brasileirao\/","title":{"rendered":"Flamengo e Internacional se enfrentam pelo Brasileir\u00e3o"},"content":{"rendered":"<div id=\"attachment_22555\" style=\"width: 1930px\" class=\"wp-caption aligncenter\"><img decoding=\"async\" aria-describedby=\"caption-attachment-22555\" class=\"size-full wp-image-22555\" src=\"https:\/\/folhadoleste.com.br\/wp-content\/uploads\/2023\/08\/Flamengo-e-Internacional-se-enfrentam-pelo-Brasileirao-Foto-Felipe-Duest-Pera-Photo-Press.webp\" alt=\"Flamengo e Internacional se enfrentam pelo Brasileir\u00e3o\" width=\"1920\" height=\"1200\" \/><p id=\"caption-attachment-22555\" class=\"wp-caption-text\">Foto: Felipe Duest &#8211; Pera Photo Press<\/p><\/div>\n<div class=\"jsx-fa63b52ed89c7c78 container styles_hyperlink__noNua\" data-mrf-recirculation=\"Corpo Artigo\">\n<div class=\"jsx-fa63b52ed89c7c78 content\">\n<p>O pr\u00f3ximo desafio do Flamengo ser\u00e1 contra o Internacional neste s\u00e1bado (26) no Maracan\u00e3. O confronto \u00e9 v\u00e1lido pela 21\u00aa rodada do Campeonato Brasileiro e est\u00e1 agendado para as 18h30 (hor\u00e1rio de Bras\u00edlia). Com 35 pontos e 10 vit\u00f3rias, o Flamengo ocupa a terceira posi\u00e7\u00e3o na tabela, enquanto o Internacional, que possui 24 pontos e seis triunfos, est\u00e1 na 14\u00aa coloca\u00e7\u00e3o.<\/p>\n<p>No primeiro turno, as equipes se enfrentaram no Beira-Rio e o Internacional saiu vitorioso com um placar de 2 a 1. Na \u00e9poca, essa partida marcou a primeira derrota de Jorge Sampaoli como treinador do Flamengo. Agora, no confronto no Maracan\u00e3, o Rubro-Negro vai buscar a revanche.<\/p>\n<h5><a href=\"https:\/\/folhadoleste.com.br\/en\/category\/esportes\/\"><strong>\u201cLeia mais not\u00edcias sobre Esportes Aqui\u201d<\/strong><\/a><\/h5>\n<p>Com o objetivo de perseguir o l\u00edder Botafogo, que est\u00e1 na primeira coloca\u00e7\u00e3o com 48 pontos, o Flamengo est\u00e1 determinado a conquistar mais uma vit\u00f3ria. A equipe tem mostrado um bom desempenho nas \u00faltimas partidas e espera continuar nesse ritmo para subir ainda mais na tabela.<\/p>\n<\/div>\n<\/div>\n<div>\n<div class=\"jsx-fa63b52ed89c7c78 content\">\n<div class=\"jsx-fa63b52ed89c7c78 container styles_hyperlink__noNua\" data-mrf-recirculation=\"Corpo Artigo\">\n<div class=\"jsx-fa63b52ed89c7c78 content\">\n<h4>Ficha T\u00e9cnica:<\/h4>\n<p><strong>FLAMENGO X INTERNACIONAL<\/strong><\/p>\n<\/div>\n<\/div>\n<div class=\"jsx-fa63b52ed89c7c78 container styles_hyperlink__noNua\" data-mrf-recirculation=\"Corpo Artigo\">\n<div class=\"jsx-fa63b52ed89c7c78 content\">\n<p><strong>Data e hora:<\/strong>\u00a026 de agosto de 2023, \u00e0s 18h30 (de Bras\u00edlia)<br \/>\n<strong>Est\u00e1dio:<\/strong>\u00a0Maracan\u00e3 (RJ)<br \/>\n<strong>\u00c1rbitro:<\/strong>\u00a0Edina Alves Batista (FIFA)<br \/>\n<strong>Assistentes:<\/strong>\u00a0Bruno Boschilia (FIFA) e Luiz Alberto Andrini Nogueira<br \/>\n<strong>VAR:<\/strong>\u00a0Wagner Reway (VAR-FIFA)<br \/>\n<strong>Onde assistir:<\/strong> Premiere (tv fechada).<\/p>\n<\/div>\n<\/div>\n<div class=\"jsx-fa63b52ed89c7c78 container styles_hyperlink__noNua\" data-mrf-recirculation=\"Corpo Artigo\">\n<div class=\"jsx-fa63b52ed89c7c78 content\">\n<p><strong>FLAMENGO (T\u00e9cnico: Jorge Sampaoli)<\/strong><br \/>\nMatheus Cunha, Wesley, Fabr\u00edcio Bruno, L\u00e9o Pereira (David Luiz) e Ayrton Lucas; Thiago Maia, Pulgar, Arrascaeta; Bruno Henrique, Luiz Ara\u00fajo e Gabigol.<\/p>\n<\/div>\n<\/div>\n<div class=\"jsx-fa63b52ed89c7c78 container styles_hyperlink__noNua\" data-mrf-recirculation=\"Corpo Artigo\">\n<div class=\"jsx-fa63b52ed89c7c78 content\">\n<p><strong>Suspenso:\u00a0<\/strong>Gerson<strong><br \/>\nDesfalque:\u00a0<\/strong>Varela (lesionado)<\/p>\n<\/div>\n<\/div>\n<div class=\"jsx-fa63b52ed89c7c78 container styles_hyperlink__noNua\" data-mrf-recirculation=\"Corpo Artigo\">\n<div class=\"jsx-fa63b52ed89c7c78 content\">\n<p><strong>INTERNACIONAL (T\u00e9cnico: Eduardo Coudet)<br \/>\n<\/strong>Keiller; Hugo, Igor Gomes e Hern\u00e1ndez; De Pena, Gabriel, Dias e Bruno Henrique; Mauricio; P. Henrique e Luiz Adriano.<\/p>\n<\/div>\n<\/div>\n<div class=\"jsx-fa63b52ed89c7c78 container styles_hyperlink__noNua\" data-mrf-recirculation=\"Corpo Artigo\">\n<div class=\"jsx-fa63b52ed89c7c78 content\">\n<p><strong>Suspenso:<\/strong>\u00a0Coudet e Rouchet<br \/>\n<strong>Desfalque:<\/strong>\u00a0n\u00e3o h\u00e1<\/p>\n<\/div>\n<\/div>\n<\/div>\n<\/div>\n<p>&nbsp;<\/p>\n<p><a href=\"https:\/\/www.instagram.com\/folhadoleste\/\"><img decoding=\"async\" class=\"aligncenter wp-image-15962\" src=\"https:\/\/folhadoleste.com.br\/wp-content\/uploads\/2023\/07\/instagram.jpg\" alt=\"Itaipu-Itaipua\u00e7u: Caminh\u00e3o causa grave acidente na RJ-102, a estrada da Serrinha\" width=\"49\" height=\"49\" \/><\/a><a href=\"https:\/\/www.facebook.com\/folhadoleste\"><img decoding=\"async\" class=\"aligncenter wp-image-7424\" src=\"https:\/\/folhadoleste.com.br\/wp-content\/uploads\/2023\/05\/facebook-logo-3-1.png\" alt=\"Itaipu-Itaipua\u00e7u: Caminh\u00e3o causa grave acidente na RJ-102, a estrada da Serrinha\" width=\"49\" height=\"49\" \/><\/a><\/p>","protected":false},"excerpt":{"rendered":"<p>O pr\u00f3ximo desafio do Flamengo ser\u00e1 contra o Internacional neste s\u00e1bado (26) no Maracan\u00e3. O confronto \u00e9 v\u00e1lido pela 21\u00aa rodada do Campeonato Brasileiro e est\u00e1 agendado para as 18h30 (hor\u00e1rio de Bras\u00edlia). Com 35 pontos e 10 vit\u00f3rias, o Flamengo ocupa a terceira posi\u00e7\u00e3o na tabela, enquanto o Internacional, que possui 24 pontos e seis triunfos, est\u00e1 na 14\u00aa coloca\u00e7\u00e3o. No primeiro turno, as equipes se enfrentaram no Beira-Rio e o Internacional saiu vitorioso com um placar de 2 a 1. Na \u00e9poca, essa partida marcou a primeira derrota de Jorge Sampaoli como treinador do Flamengo. Agora, no confronto [&hellip;]<\/p>\n","protected":false},"author":4,"featured_media":22555,"comment_status":"open","ping_status":"open","sticky":false,"template":"","format":"standard","meta":{"footnotes":""},"categories":[48,65],"tags":[988,105,285,101,541],"class_list":["post-22554","post","type-post","status-publish","format-standard","has-post-thumbnail","hentry","category-esportes","category-futebol-esportes","tag-brasileirao","tag-esportes","tag-flamengo","tag-futebol","tag-internacional","post--single"],"yoast_head":"<!-- This site is optimized with the Yoast SEO plugin v27.4 - https:\/\/yoast.com\/product\/yoast-seo-wordpress\/ -->\n<title>Flamengo e Internacional se enfrentam pelo Brasileir\u00e3o &#8226; Futebol<\/title>\n<meta name=\"description\" content=\"Flamengo e Internacional se enfrentam pelo Brasileir\u00e3o...\" \/>\n<meta name=\"robots\" content=\"index, follow, max-snippet:-1, max-image-preview:large, max-video-preview:-1\" \/>\n<link rel=\"canonical\" href=\"https:\/\/folhadoleste.com.br\/en\/flamengo-e-internacional-se-enfrentam-pelo-brasileirao\/\" \/>\n<meta property=\"og:locale\" content=\"en_US\" \/>\n<meta property=\"og:type\" content=\"article\" \/>\n<meta property=\"og:title\" content=\"Flamengo e Internacional se enfrentam pelo Brasileir\u00e3o\" \/>\n<meta property=\"og:description\" content=\"Clique e saiba mais...\" \/>\n<meta property=\"og:url\" content=\"https:\/\/folhadoleste.com.br\/en\/flamengo-e-internacional-se-enfrentam-pelo-brasileirao\/\" \/>\n<meta property=\"og:site_name\" content=\"Folha do Leste\" \/>\n<meta property=\"article:publisher\" content=\"https:\/\/www.facebook.com\/folhadoleste\" \/>\n<meta property=\"article:published_time\" content=\"2023-08-26T12:23:47+00:00\" \/>\n<meta property=\"og:image\" content=\"https:\/\/folhadoleste.com.br\/wp-content\/uploads\/2023\/08\/Flamengo-e-Internacional-se-enfrentam-pelo-Brasileirao-Foto-Felipe-Duest-Pera-Photo-Press.webp\" \/>\n\t<meta property=\"og:image:width\" content=\"1920\" \/>\n\t<meta property=\"og:image:height\" content=\"1200\" \/>\n\t<meta property=\"og:image:type\" content=\"image\/webp\" \/>\n<meta name=\"author\" content=\"Folha do Leste\" \/>\n<meta name=\"twitter:card\" content=\"summary_large_image\" \/>\n<meta name=\"twitter:title\" content=\"Flamengo e Internacional se enfrentam pelo Brasileir\u00e3o\" \/>\n<meta name=\"twitter:description\" content=\"Clique e saiba mais...\" \/>\n<meta name=\"twitter:image\" content=\"https:\/\/folhadoleste.com.br\/wp-content\/uploads\/2023\/08\/Flamengo-e-Internacional-se-enfrentam-pelo-Brasileirao-Foto-Felipe-Duest-Pera-Photo-Press.webp\" \/>\n<meta name=\"twitter:creator\" content=\"@FolhadoLesteRJ\" \/>\n<meta name=\"twitter:site\" content=\"@FolhadoLesteRJ\" \/>\n<meta name=\"twitter:label1\" content=\"Written by\" \/>\n\t<meta name=\"twitter:data1\" content=\"Folha do Leste\" \/>\n\t<meta name=\"twitter:label2\" content=\"Est. reading time\" \/>\n\t<meta name=\"twitter:data2\" content=\"3 minutes\" \/>\n<script type=\"application\/ld+json\" class=\"yoast-schema-graph\">{\"@context\":\"https:\\\/\\\/schema.org\",\"@graph\":[{\"@type\":\"NewsArticle\",\"@id\":\"https:\\\/\\\/folhadoleste.com.br\\\/flamengo-e-internacional-se-enfrentam-pelo-brasileirao\\\/#article\",\"isPartOf\":{\"@id\":\"https:\\\/\\\/folhadoleste.com.br\\\/flamengo-e-internacional-se-enfrentam-pelo-brasileirao\\\/\"},\"author\":{\"name\":\"Folha do Leste\",\"@id\":\"https:\\\/\\\/folhadoleste.com.br\\\/#\\\/schema\\\/person\\\/3e97145b2e1861276e84471aa85a3899\"},\"headline\":\"Flamengo e Internacional se enfrentam pelo Brasileir\u00e3o\",\"datePublished\":\"2023-08-26T12:23:47+00:00\",\"mainEntityOfPage\":{\"@id\":\"https:\\\/\\\/folhadoleste.com.br\\\/flamengo-e-internacional-se-enfrentam-pelo-brasileirao\\\/\"},\"wordCount\":297,\"commentCount\":0,\"publisher\":{\"@id\":\"https:\\\/\\\/folhadoleste.com.br\\\/#organization\"},\"image\":{\"@id\":\"https:\\\/\\\/folhadoleste.com.br\\\/flamengo-e-internacional-se-enfrentam-pelo-brasileirao\\\/#primaryimage\"},\"thumbnailUrl\":\"https:\\\/\\\/folhadoleste.com.br\\\/wp-content\\\/uploads\\\/2023\\\/08\\\/Flamengo-e-Internacional-se-enfrentam-pelo-Brasileirao-Foto-Felipe-Duest-Pera-Photo-Press.webp\",\"keywords\":[\"Brasileir\u00e3o\",\"Esportes\",\"Flamengo\",\"futebol\",\"Internacional\"],\"articleSection\":[\"Esportes\",\"Futebol\"],\"inLanguage\":\"en-US\",\"potentialAction\":[{\"@type\":\"CommentAction\",\"name\":\"Comment\",\"target\":[\"https:\\\/\\\/folhadoleste.com.br\\\/flamengo-e-internacional-se-enfrentam-pelo-brasileirao\\\/#respond\"]}]},{\"@type\":\"WebPage\",\"@id\":\"https:\\\/\\\/folhadoleste.com.br\\\/flamengo-e-internacional-se-enfrentam-pelo-brasileirao\\\/\",\"url\":\"https:\\\/\\\/folhadoleste.com.br\\\/flamengo-e-internacional-se-enfrentam-pelo-brasileirao\\\/\",\"name\":\"Flamengo e Internacional se enfrentam pelo Brasileir\u00e3o &#8226; Futebol\",\"isPartOf\":{\"@id\":\"https:\\\/\\\/folhadoleste.com.br\\\/#website\"},\"primaryImageOfPage\":{\"@id\":\"https:\\\/\\\/folhadoleste.com.br\\\/flamengo-e-internacional-se-enfrentam-pelo-brasileirao\\\/#primaryimage\"},\"image\":{\"@id\":\"https:\\\/\\\/folhadoleste.com.br\\\/flamengo-e-internacional-se-enfrentam-pelo-brasileirao\\\/#primaryimage\"},\"thumbnailUrl\":\"https:\\\/\\\/folhadoleste.com.br\\\/wp-content\\\/uploads\\\/2023\\\/08\\\/Flamengo-e-Internacional-se-enfrentam-pelo-Brasileirao-Foto-Felipe-Duest-Pera-Photo-Press.webp\",\"datePublished\":\"2023-08-26T12:23:47+00:00\",\"description\":\"Flamengo e Internacional se enfrentam pelo Brasileir\u00e3o...\",\"breadcrumb\":{\"@id\":\"https:\\\/\\\/folhadoleste.com.br\\\/flamengo-e-internacional-se-enfrentam-pelo-brasileirao\\\/#breadcrumb\"},\"inLanguage\":\"en-US\",\"potentialAction\":[{\"@type\":\"ReadAction\",\"target\":[\"https:\\\/\\\/folhadoleste.com.br\\\/flamengo-e-internacional-se-enfrentam-pelo-brasileirao\\\/\"]}]},{\"@type\":\"ImageObject\",\"inLanguage\":\"en-US\",\"@id\":\"https:\\\/\\\/folhadoleste.com.br\\\/flamengo-e-internacional-se-enfrentam-pelo-brasileirao\\\/#primaryimage\",\"url\":\"https:\\\/\\\/folhadoleste.com.br\\\/wp-content\\\/uploads\\\/2023\\\/08\\\/Flamengo-e-Internacional-se-enfrentam-pelo-Brasileirao-Foto-Felipe-Duest-Pera-Photo-Press.webp\",\"contentUrl\":\"https:\\\/\\\/folhadoleste.com.br\\\/wp-content\\\/uploads\\\/2023\\\/08\\\/Flamengo-e-Internacional-se-enfrentam-pelo-Brasileirao-Foto-Felipe-Duest-Pera-Photo-Press.webp\",\"width\":1920,\"height\":1200,\"caption\":\"Foto: Felipe Duest - Pera Photo Press\"},{\"@type\":\"BreadcrumbList\",\"@id\":\"https:\\\/\\\/folhadoleste.com.br\\\/flamengo-e-internacional-se-enfrentam-pelo-brasileirao\\\/#breadcrumb\",\"itemListElement\":[{\"@type\":\"ListItem\",\"position\":1,\"name\":\"In\u00edcio\",\"item\":\"https:\\\/\\\/folhadoleste.com.br\\\/\"},{\"@type\":\"ListItem\",\"position\":2,\"name\":\"Esportes\",\"item\":\"https:\\\/\\\/folhadoleste.com.br\\\/category\\\/esportes\\\/\"},{\"@type\":\"ListItem\",\"position\":3,\"name\":\"Futebol\",\"item\":\"https:\\\/\\\/folhadoleste.com.br\\\/category\\\/esportes\\\/futebol-esportes\\\/\"},{\"@type\":\"ListItem\",\"position\":4,\"name\":\"Flamengo e Internacional se enfrentam pelo Brasileir\u00e3o\"}]},{\"@type\":\"WebSite\",\"@id\":\"https:\\\/\\\/folhadoleste.com.br\\\/#website\",\"url\":\"https:\\\/\\\/folhadoleste.com.br\\\/\",\"name\":\"Folha do Leste\",\"description\":\"Portal de Not\u00edcias com \u00eanfase em Niter\u00f3i, criando conte\u00fados desde a capital Rio de Janeiro, com olhar para o Leste Fluminense e suas cidades como S\u00e3o Gon\u00e7alo, Itabora\u00ed, Rio Bonito, Maric\u00e1, Saquarema e Araruama\",\"publisher\":{\"@id\":\"https:\\\/\\\/folhadoleste.com.br\\\/#organization\"},\"alternateName\":\"FL\",\"potentialAction\":[{\"@type\":\"SearchAction\",\"target\":{\"@type\":\"EntryPoint\",\"urlTemplate\":\"https:\\\/\\\/folhadoleste.com.br\\\/?s={search_term_string}\"},\"query-input\":{\"@type\":\"PropertyValueSpecification\",\"valueRequired\":true,\"valueName\":\"search_term_string\"}}],\"inLanguage\":\"en-US\"},{\"@type\":\"Organization\",\"@id\":\"https:\\\/\\\/folhadoleste.com.br\\\/#organization\",\"name\":\"Brasil 21 Comunica\u00e7\u00e3o\",\"alternateName\":\"BR21\",\"url\":\"https:\\\/\\\/folhadoleste.com.br\\\/\",\"logo\":{\"@type\":\"ImageObject\",\"inLanguage\":\"en-US\",\"@id\":\"https:\\\/\\\/folhadoleste.com.br\\\/#\\\/schema\\\/logo\\\/image\\\/\",\"url\":\"https:\\\/\\\/folhadoleste.com.br\\\/wp-content\\\/uploads\\\/2025\\\/12\\\/brasil-21-logomarca.avif\",\"contentUrl\":\"https:\\\/\\\/folhadoleste.com.br\\\/wp-content\\\/uploads\\\/2025\\\/12\\\/brasil-21-logomarca.avif\",\"width\":1044,\"height\":1044,\"caption\":\"Brasil 21 Comunica\u00e7\u00e3o\"},\"image\":{\"@id\":\"https:\\\/\\\/folhadoleste.com.br\\\/#\\\/schema\\\/logo\\\/image\\\/\"},\"sameAs\":[\"https:\\\/\\\/www.facebook.com\\\/folhadoleste\",\"https:\\\/\\\/x.com\\\/FolhadoLesteRJ\",\"https:\\\/\\\/www.instagram.com\\\/folhadoleste\\\/\"]},{\"@type\":\"Person\",\"@id\":\"https:\\\/\\\/folhadoleste.com.br\\\/#\\\/schema\\\/person\\\/3e97145b2e1861276e84471aa85a3899\",\"name\":\"Folha do Leste\",\"image\":{\"@type\":\"ImageObject\",\"inLanguage\":\"en-US\",\"@id\":\"https:\\\/\\\/folhadoleste.com.br\\\/wp-content\\\/litespeed\\\/avatar\\\/1ca8c218432e7045e748610eb3db0259.jpg?ver=1777161142\",\"url\":\"https:\\\/\\\/folhadoleste.com.br\\\/wp-content\\\/litespeed\\\/avatar\\\/1ca8c218432e7045e748610eb3db0259.jpg?ver=1777161142\",\"contentUrl\":\"https:\\\/\\\/folhadoleste.com.br\\\/wp-content\\\/litespeed\\\/avatar\\\/1ca8c218432e7045e748610eb3db0259.jpg?ver=1777161142\",\"caption\":\"Folha do Leste\"},\"url\":\"https:\\\/\\\/folhadoleste.com.br\\\/en\\\/author\\\/reportagem-01\\\/\"}]}<\/script>\n<!-- \/ Yoast SEO plugin. -->","yoast_head_json":{"title":"Flamengo e Internacional se enfrentam pelo Brasileir\u00e3o &#8226; Futebol","description":"Flamengo e Internacional se enfrentam pelo Brasileir\u00e3o...","robots":{"index":"index","follow":"follow","max-snippet":"max-snippet:-1","max-image-preview":"max-image-preview:large","max-video-preview":"max-video-preview:-1"},"canonical":"https:\/\/folhadoleste.com.br\/en\/flamengo-e-internacional-se-enfrentam-pelo-brasileirao\/","og_locale":"en_US","og_type":"article","og_title":"Flamengo e Internacional se enfrentam pelo Brasileir\u00e3o","og_description":"Clique e saiba mais...","og_url":"https:\/\/folhadoleste.com.br\/en\/flamengo-e-internacional-se-enfrentam-pelo-brasileirao\/","og_site_name":"Folha do Leste","article_publisher":"https:\/\/www.facebook.com\/folhadoleste","article_published_time":"2023-08-26T12:23:47+00:00","og_image":[{"width":1920,"height":1200,"url":"https:\/\/folhadoleste.com.br\/wp-content\/uploads\/2023\/08\/Flamengo-e-Internacional-se-enfrentam-pelo-Brasileirao-Foto-Felipe-Duest-Pera-Photo-Press.webp","type":"image\/webp"}],"author":"Folha do Leste","twitter_card":"summary_large_image","twitter_title":"Flamengo e Internacional se enfrentam pelo Brasileir\u00e3o","twitter_description":"Clique e saiba mais...","twitter_image":"https:\/\/folhadoleste.com.br\/wp-content\/uploads\/2023\/08\/Flamengo-e-Internacional-se-enfrentam-pelo-Brasileirao-Foto-Felipe-Duest-Pera-Photo-Press.webp","twitter_creator":"@FolhadoLesteRJ","twitter_site":"@FolhadoLesteRJ","twitter_misc":{"Written by":"Folha do Leste","Est. reading time":"3 minutes"},"schema":{"@context":"https:\/\/schema.org","@graph":[{"@type":"NewsArticle","@id":"https:\/\/folhadoleste.com.br\/flamengo-e-internacional-se-enfrentam-pelo-brasileirao\/#article","isPartOf":{"@id":"https:\/\/folhadoleste.com.br\/flamengo-e-internacional-se-enfrentam-pelo-brasileirao\/"},"author":{"name":"Folha do Leste","@id":"https:\/\/folhadoleste.com.br\/#\/schema\/person\/3e97145b2e1861276e84471aa85a3899"},"headline":"Flamengo e Internacional se enfrentam pelo Brasileir\u00e3o","datePublished":"2023-08-26T12:23:47+00:00","mainEntityOfPage":{"@id":"https:\/\/folhadoleste.com.br\/flamengo-e-internacional-se-enfrentam-pelo-brasileirao\/"},"wordCount":297,"commentCount":0,"publisher":{"@id":"https:\/\/folhadoleste.com.br\/#organization"},"image":{"@id":"https:\/\/folhadoleste.com.br\/flamengo-e-internacional-se-enfrentam-pelo-brasileirao\/#primaryimage"},"thumbnailUrl":"https:\/\/folhadoleste.com.br\/wp-content\/uploads\/2023\/08\/Flamengo-e-Internacional-se-enfrentam-pelo-Brasileirao-Foto-Felipe-Duest-Pera-Photo-Press.webp","keywords":["Brasileir\u00e3o","Esportes","Flamengo","futebol","Internacional"],"articleSection":["Esportes","Futebol"],"inLanguage":"en-US","potentialAction":[{"@type":"CommentAction","name":"Comment","target":["https:\/\/folhadoleste.com.br\/flamengo-e-internacional-se-enfrentam-pelo-brasileirao\/#respond"]}]},{"@type":"WebPage","@id":"https:\/\/folhadoleste.com.br\/flamengo-e-internacional-se-enfrentam-pelo-brasileirao\/","url":"https:\/\/folhadoleste.com.br\/flamengo-e-internacional-se-enfrentam-pelo-brasileirao\/","name":"Flamengo e Internacional se enfrentam pelo Brasileir\u00e3o &#8226; Futebol","isPartOf":{"@id":"https:\/\/folhadoleste.com.br\/#website"},"primaryImageOfPage":{"@id":"https:\/\/folhadoleste.com.br\/flamengo-e-internacional-se-enfrentam-pelo-brasileirao\/#primaryimage"},"image":{"@id":"https:\/\/folhadoleste.com.br\/flamengo-e-internacional-se-enfrentam-pelo-brasileirao\/#primaryimage"},"thumbnailUrl":"https:\/\/folhadoleste.com.br\/wp-content\/uploads\/2023\/08\/Flamengo-e-Internacional-se-enfrentam-pelo-Brasileirao-Foto-Felipe-Duest-Pera-Photo-Press.webp","datePublished":"2023-08-26T12:23:47+00:00","description":"Flamengo e Internacional se enfrentam pelo Brasileir\u00e3o...","breadcrumb":{"@id":"https:\/\/folhadoleste.com.br\/flamengo-e-internacional-se-enfrentam-pelo-brasileirao\/#breadcrumb"},"inLanguage":"en-US","potentialAction":[{"@type":"ReadAction","target":["https:\/\/folhadoleste.com.br\/flamengo-e-internacional-se-enfrentam-pelo-brasileirao\/"]}]},{"@type":"ImageObject","inLanguage":"en-US","@id":"https:\/\/folhadoleste.com.br\/flamengo-e-internacional-se-enfrentam-pelo-brasileirao\/#primaryimage","url":"https:\/\/folhadoleste.com.br\/wp-content\/uploads\/2023\/08\/Flamengo-e-Internacional-se-enfrentam-pelo-Brasileirao-Foto-Felipe-Duest-Pera-Photo-Press.webp","contentUrl":"https:\/\/folhadoleste.com.br\/wp-content\/uploads\/2023\/08\/Flamengo-e-Internacional-se-enfrentam-pelo-Brasileirao-Foto-Felipe-Duest-Pera-Photo-Press.webp","width":1920,"height":1200,"caption":"Foto: Felipe Duest - Pera Photo Press"},{"@type":"BreadcrumbList","@id":"https:\/\/folhadoleste.com.br\/flamengo-e-internacional-se-enfrentam-pelo-brasileirao\/#breadcrumb","itemListElement":[{"@type":"ListItem","position":1,"name":"In\u00edcio","item":"https:\/\/folhadoleste.com.br\/"},{"@type":"ListItem","position":2,"name":"Esportes","item":"https:\/\/folhadoleste.com.br\/category\/esportes\/"},{"@type":"ListItem","position":3,"name":"Futebol","item":"https:\/\/folhadoleste.com.br\/category\/esportes\/futebol-esportes\/"},{"@type":"ListItem","position":4,"name":"Flamengo e Internacional se enfrentam pelo Brasileir\u00e3o"}]},{"@type":"WebSite","@id":"https:\/\/folhadoleste.com.br\/#website","url":"https:\/\/folhadoleste.com.br\/","name":"Folha do Leste","description":"Portal de Not\u00edcias com \u00eanfase em Niter\u00f3i, criando conte\u00fados desde a capital Rio de Janeiro, com olhar para o Leste Fluminense e suas cidades como S\u00e3o Gon\u00e7alo, Itabora\u00ed, Rio Bonito, Maric\u00e1, Saquarema e Araruama","publisher":{"@id":"https:\/\/folhadoleste.com.br\/#organization"},"alternateName":"FL","potentialAction":[{"@type":"SearchAction","target":{"@type":"EntryPoint","urlTemplate":"https:\/\/folhadoleste.com.br\/?s={search_term_string}"},"query-input":{"@type":"PropertyValueSpecification","valueRequired":true,"valueName":"search_term_string"}}],"inLanguage":"en-US"},{"@type":"Organization","@id":"https:\/\/folhadoleste.com.br\/#organization","name":"Brasil 21 Comunica\u00e7\u00e3o","alternateName":"BR21","url":"https:\/\/folhadoleste.com.br\/","logo":{"@type":"ImageObject","inLanguage":"en-US","@id":"https:\/\/folhadoleste.com.br\/#\/schema\/logo\/image\/","url":"https:\/\/folhadoleste.com.br\/wp-content\/uploads\/2025\/12\/brasil-21-logomarca.avif","contentUrl":"https:\/\/folhadoleste.com.br\/wp-content\/uploads\/2025\/12\/brasil-21-logomarca.avif","width":1044,"height":1044,"caption":"Brasil 21 Comunica\u00e7\u00e3o"},"image":{"@id":"https:\/\/folhadoleste.com.br\/#\/schema\/logo\/image\/"},"sameAs":["https:\/\/www.facebook.com\/folhadoleste","https:\/\/x.com\/FolhadoLesteRJ","https:\/\/www.instagram.com\/folhadoleste\/"]},{"@type":"Person","@id":"https:\/\/folhadoleste.com.br\/#\/schema\/person\/3e97145b2e1861276e84471aa85a3899","name":"Folha do Leste","image":{"@type":"ImageObject","inLanguage":"en-US","@id":"https:\/\/folhadoleste.com.br\/wp-content\/litespeed\/avatar\/1ca8c218432e7045e748610eb3db0259.jpg?ver=1777161142","url":"https:\/\/folhadoleste.com.br\/wp-content\/litespeed\/avatar\/1ca8c218432e7045e748610eb3db0259.jpg?ver=1777161142","contentUrl":"https:\/\/folhadoleste.com.br\/wp-content\/litespeed\/avatar\/1ca8c218432e7045e748610eb3db0259.jpg?ver=1777161142","caption":"Folha do Leste"},"url":"https:\/\/folhadoleste.com.br\/en\/author\/reportagem-01\/"}]}},"_links":{"self":[{"href":"https:\/\/folhadoleste.com.br\/en\/wp-json\/wp\/v2\/posts\/22554","targetHints":{"allow":["GET"]}}],"collection":[{"href":"https:\/\/folhadoleste.com.br\/en\/wp-json\/wp\/v2\/posts"}],"about":[{"href":"https:\/\/folhadoleste.com.br\/en\/wp-json\/wp\/v2\/types\/post"}],"author":[{"embeddable":true,"href":"https:\/\/folhadoleste.com.br\/en\/wp-json\/wp\/v2\/users\/4"}],"replies":[{"embeddable":true,"href":"https:\/\/folhadoleste.com.br\/en\/wp-json\/wp\/v2\/comments?post=22554"}],"version-history":[{"count":1,"href":"https:\/\/folhadoleste.com.br\/en\/wp-json\/wp\/v2\/posts\/22554\/revisions"}],"predecessor-version":[{"id":22556,"href":"https:\/\/folhadoleste.com.br\/en\/wp-json\/wp\/v2\/posts\/22554\/revisions\/22556"}],"wp:featuredmedia":[{"embeddable":true,"href":"https:\/\/folhadoleste.com.br\/en\/wp-json\/wp\/v2\/media\/22555"}],"wp:attachment":[{"href":"https:\/\/folhadoleste.com.br\/en\/wp-json\/wp\/v2\/media?parent=22554"}],"wp:term":[{"taxonomy":"category","embeddable":true,"href":"https:\/\/folhadoleste.com.br\/en\/wp-json\/wp\/v2\/categories?post=22554"},{"taxonomy":"post_tag","embeddable":true,"href":"https:\/\/folhadoleste.com.br\/en\/wp-json\/wp\/v2\/tags?post=22554"}],"curies":[{"name":"wp","href":"https:\/\/api.w.org\/{rel}","templated":true}]}}