{"id":21991,"date":"2023-08-22T20:50:04","date_gmt":"2023-08-22T23:50:04","guid":{"rendered":"https:\/\/folhadoleste.com.br\/?p=21991"},"modified":"2023-08-22T20:50:04","modified_gmt":"2023-08-22T23:50:04","slug":"fluminense-perde-marcelo-para-as-quartas-de-final-da-libertadores","status":"publish","type":"post","link":"https:\/\/folhadoleste.com.br\/en\/fluminense-perde-marcelo-para-as-quartas-de-final-da-libertadores\/","title":{"rendered":"Fluminense perde Marcelo para as quartas de final da Libertadores"},"content":{"rendered":"<div id=\"attachment_21992\" style=\"width: 1210px\" class=\"wp-caption aligncenter\"><img decoding=\"async\" aria-describedby=\"caption-attachment-21992\" class=\"size-full wp-image-21992\" src=\"https:\/\/folhadoleste.com.br\/wp-content\/uploads\/2023\/08\/Fluminense-perde-Marcelo-para-as-quartas-de-final-da-Libertadores-Foto-Mailson-Santana-Fluminense.webp\" alt=\"Fluminense perde Marcelo para as quartas de final da Libertadores\" width=\"1200\" height=\"750\" \/><p id=\"caption-attachment-21992\" class=\"wp-caption-text\">Foto: Mailson Santana &#8211; Fluminense<\/p><\/div>\n<p>A Conmebol frustra as esperan\u00e7as do Fluminense: Marcelo est\u00e1 fora das quartas de final da Libertadores contra o Olimpia. A entidade anunciou que a suspens\u00e3o do lateral ser\u00e1 mantida, privando o camisa 12 de participar das duas pr\u00f3ximas partidas da competi\u00e7\u00e3o sul-americana. Tanto jogador quanto clube j\u00e1 foram informados sobre a decis\u00e3o, revelada inicialmente pelo site &#8220;Trivela&#8221;.<\/p>\n<p>A expuls\u00e3o de Marcelo ocorreu durante o jogo de ida das oitavas de final da Libertadores, contra o Argentinos Juniors, em que o brasileiro, sem inten\u00e7\u00e3o, acabou pisando na perna do zagueiro Luciano S\u00e1nchez. Um acidente que resultou em uma les\u00e3o extremamente grave para o jogador argentino, em uma cena chocante. Com uma luxa\u00e7\u00e3o completa no joelho esquerdo, S\u00e1nchez pode ficar fora dos gramados por at\u00e9 12 meses.<\/p>\n<h5><a href=\"https:\/\/folhadoleste.com.br\/en\/category\/esportes\/\"><strong>\u201cLeia mais not\u00edcias sobre Esportes Aqui\u201d<\/strong><\/a><\/h5>\n<p>Ap\u00f3s a suspens\u00e3o autom\u00e1tica, Marcelo enfrentou um julgamento e foi penalizado com tr\u00eas partidas de gancho. O Fluminense tentou reverter a decis\u00e3o alegando que o atleta n\u00e3o teve a oportunidade de se defender adequadamente, embora soubesse que a situa\u00e7\u00e3o seria desafiadora. Na noite de segunda-feira (21), Marcelo foi entrevistado por membros da Unidade Disciplinar da Conmebol por meio de uma chamada de v\u00eddeo, mas suas palavras n\u00e3o conseguiram alterar a situa\u00e7\u00e3o.<\/p>\n<p>Sem a presen\u00e7a de Marcelo, o Fluminense d\u00e1 in\u00edcio ao confronto das quartas de final da Libertadores contra o Olimpia na pr\u00f3xima quinta-feira (24), no Maracan\u00e3. O pontap\u00e9 inicial est\u00e1 previsto para \u00e0s 21h30, hor\u00e1rio de Bras\u00edlia. O clube carioca perder\u00e1 um jogador importante, mas ter\u00e1 que se superar para continuar na jornada pela gl\u00f3ria no torneio continental.<\/p>\n<p>&nbsp;<\/p>\n<p><a href=\"https:\/\/www.instagram.com\/folhadoleste\/\"><img decoding=\"async\" class=\"aligncenter wp-image-15962\" src=\"https:\/\/folhadoleste.com.br\/wp-content\/uploads\/2023\/07\/instagram.jpg\" alt=\"Itaipu-Itaipua\u00e7u: Caminh\u00e3o causa grave acidente na RJ-102, a estrada da Serrinha\" width=\"49\" height=\"49\" \/><\/a><a href=\"https:\/\/www.facebook.com\/folhadoleste\"><img decoding=\"async\" class=\"aligncenter wp-image-7424\" src=\"https:\/\/folhadoleste.com.br\/wp-content\/uploads\/2023\/05\/facebook-logo-3-1.png\" alt=\"Itaipu-Itaipua\u00e7u: Caminh\u00e3o causa grave acidente na RJ-102, a estrada da Serrinha\" width=\"49\" height=\"49\" \/><\/a><\/p>","protected":false},"excerpt":{"rendered":"<p>A Conmebol frustra as esperan\u00e7as do Fluminense: Marcelo est\u00e1 fora das quartas de final da Libertadores contra o Olimpia. A entidade anunciou que a suspens\u00e3o do lateral ser\u00e1 mantida, privando o camisa 12 de participar das duas pr\u00f3ximas partidas da competi\u00e7\u00e3o sul-americana. Tanto jogador quanto clube j\u00e1 foram informados sobre a decis\u00e3o, revelada inicialmente pelo site &#8220;Trivela&#8221;. A expuls\u00e3o de Marcelo ocorreu durante o jogo de ida das oitavas de final da Libertadores, contra o Argentinos Juniors, em que o brasileiro, sem inten\u00e7\u00e3o, acabou pisando na perna do zagueiro Luciano S\u00e1nchez. Um acidente que resultou em uma les\u00e3o extremamente grave [&hellip;]<\/p>\n","protected":false},"author":4,"featured_media":21992,"comment_status":"open","ping_status":"open","sticky":false,"template":"","format":"standard","meta":{"footnotes":""},"categories":[48,65],"tags":[7063,105,124,101,439,3914,9415,5088],"class_list":["post-21991","post","type-post","status-publish","format-standard","has-post-thumbnail","hentry","category-esportes","category-futebol-esportes","tag-conmebol","tag-esportes","tag-fluminense","tag-futebol","tag-libertadores","tag-marcelo","tag-olimpia","tag-suspenso","post--single"],"yoast_head":"<!-- This site is optimized with the Yoast SEO plugin v27.5 - https:\/\/yoast.com\/product\/yoast-seo-wordpress\/ -->\n<title>Fluminense perde Marcelo para as quartas de final da Libertadores<\/title>\n<meta name=\"description\" content=\"Fluminense perde Marcelo para as quartas de final da Libertadores...\" \/>\n<meta name=\"robots\" content=\"index, follow, max-snippet:-1, max-image-preview:large, max-video-preview:-1\" \/>\n<link rel=\"canonical\" href=\"https:\/\/folhadoleste.com.br\/en\/fluminense-perde-marcelo-para-as-quartas-de-final-da-libertadores\/\" \/>\n<meta property=\"og:locale\" content=\"en_US\" \/>\n<meta property=\"og:type\" content=\"article\" \/>\n<meta property=\"og:title\" content=\"Fluminense perde Marcelo para as quartas de final da Libertadores\" \/>\n<meta property=\"og:description\" content=\"Clique e saiba mais...\" \/>\n<meta property=\"og:url\" content=\"https:\/\/folhadoleste.com.br\/en\/fluminense-perde-marcelo-para-as-quartas-de-final-da-libertadores\/\" \/>\n<meta property=\"og:site_name\" content=\"Folha do Leste\" \/>\n<meta property=\"article:publisher\" content=\"https:\/\/www.facebook.com\/folhadoleste\" \/>\n<meta property=\"article:published_time\" content=\"2023-08-22T23:50:04+00:00\" \/>\n<meta property=\"og:image\" content=\"https:\/\/folhadoleste.com.br\/wp-content\/uploads\/2023\/08\/Fluminense-perde-Marcelo-para-as-quartas-de-final-da-Libertadores-Foto-Mailson-Santana-Fluminense.webp\" \/>\n\t<meta property=\"og:image:width\" content=\"1200\" \/>\n\t<meta property=\"og:image:height\" content=\"750\" \/>\n\t<meta property=\"og:image:type\" content=\"image\/webp\" \/>\n<meta name=\"author\" content=\"Folha do Leste\" \/>\n<meta name=\"twitter:card\" content=\"summary_large_image\" \/>\n<meta name=\"twitter:title\" content=\"Fluminense perde Marcelo para as quartas de final da Libertadores\" \/>\n<meta name=\"twitter:description\" content=\"Clique e saiba mais...\" \/>\n<meta name=\"twitter:image\" content=\"https:\/\/folhadoleste.com.br\/wp-content\/uploads\/2023\/08\/Fluminense-perde-Marcelo-para-as-quartas-de-final-da-Libertadores-Foto-Mailson-Santana-Fluminense.webp\" \/>\n<meta name=\"twitter:creator\" content=\"@FolhadoLesteRJ\" \/>\n<meta name=\"twitter:site\" content=\"@FolhadoLesteRJ\" \/>\n<meta name=\"twitter:label1\" content=\"Written by\" \/>\n\t<meta name=\"twitter:data1\" content=\"Folha do Leste\" \/>\n\t<meta name=\"twitter:label2\" content=\"Est. reading time\" \/>\n\t<meta name=\"twitter:data2\" content=\"3 minutes\" \/>\n<script type=\"application\/ld+json\" class=\"yoast-schema-graph\">{\"@context\":\"https:\\\/\\\/schema.org\",\"@graph\":[{\"@type\":\"NewsArticle\",\"@id\":\"https:\\\/\\\/folhadoleste.com.br\\\/fluminense-perde-marcelo-para-as-quartas-de-final-da-libertadores\\\/#article\",\"isPartOf\":{\"@id\":\"https:\\\/\\\/folhadoleste.com.br\\\/fluminense-perde-marcelo-para-as-quartas-de-final-da-libertadores\\\/\"},\"author\":{\"name\":\"Folha do Leste\",\"@id\":\"https:\\\/\\\/folhadoleste.com.br\\\/#\\\/schema\\\/person\\\/3e97145b2e1861276e84471aa85a3899\"},\"headline\":\"Fluminense perde Marcelo para as quartas de final da Libertadores\",\"datePublished\":\"2023-08-22T23:50:04+00:00\",\"mainEntityOfPage\":{\"@id\":\"https:\\\/\\\/folhadoleste.com.br\\\/fluminense-perde-marcelo-para-as-quartas-de-final-da-libertadores\\\/\"},\"wordCount\":307,\"commentCount\":0,\"publisher\":{\"@id\":\"https:\\\/\\\/folhadoleste.com.br\\\/#organization\"},\"image\":{\"@id\":\"https:\\\/\\\/folhadoleste.com.br\\\/fluminense-perde-marcelo-para-as-quartas-de-final-da-libertadores\\\/#primaryimage\"},\"thumbnailUrl\":\"https:\\\/\\\/folhadoleste.com.br\\\/wp-content\\\/uploads\\\/2023\\\/08\\\/Fluminense-perde-Marcelo-para-as-quartas-de-final-da-Libertadores-Foto-Mailson-Santana-Fluminense.webp\",\"keywords\":[\"Conmebol\",\"Esportes\",\"fluminense\",\"futebol\",\"Libertadores\",\"Marcelo\",\"Olimpia\",\"Suspenso\"],\"articleSection\":[\"Esportes\",\"Futebol\"],\"inLanguage\":\"en-US\",\"potentialAction\":[{\"@type\":\"CommentAction\",\"name\":\"Comment\",\"target\":[\"https:\\\/\\\/folhadoleste.com.br\\\/fluminense-perde-marcelo-para-as-quartas-de-final-da-libertadores\\\/#respond\"]}]},{\"@type\":\"WebPage\",\"@id\":\"https:\\\/\\\/folhadoleste.com.br\\\/fluminense-perde-marcelo-para-as-quartas-de-final-da-libertadores\\\/\",\"url\":\"https:\\\/\\\/folhadoleste.com.br\\\/fluminense-perde-marcelo-para-as-quartas-de-final-da-libertadores\\\/\",\"name\":\"Fluminense perde Marcelo para as quartas de final da Libertadores\",\"isPartOf\":{\"@id\":\"https:\\\/\\\/folhadoleste.com.br\\\/#website\"},\"primaryImageOfPage\":{\"@id\":\"https:\\\/\\\/folhadoleste.com.br\\\/fluminense-perde-marcelo-para-as-quartas-de-final-da-libertadores\\\/#primaryimage\"},\"image\":{\"@id\":\"https:\\\/\\\/folhadoleste.com.br\\\/fluminense-perde-marcelo-para-as-quartas-de-final-da-libertadores\\\/#primaryimage\"},\"thumbnailUrl\":\"https:\\\/\\\/folhadoleste.com.br\\\/wp-content\\\/uploads\\\/2023\\\/08\\\/Fluminense-perde-Marcelo-para-as-quartas-de-final-da-Libertadores-Foto-Mailson-Santana-Fluminense.webp\",\"datePublished\":\"2023-08-22T23:50:04+00:00\",\"description\":\"Fluminense perde Marcelo para as quartas de final da Libertadores...\",\"breadcrumb\":{\"@id\":\"https:\\\/\\\/folhadoleste.com.br\\\/fluminense-perde-marcelo-para-as-quartas-de-final-da-libertadores\\\/#breadcrumb\"},\"inLanguage\":\"en-US\",\"potentialAction\":[{\"@type\":\"ReadAction\",\"target\":[\"https:\\\/\\\/folhadoleste.com.br\\\/fluminense-perde-marcelo-para-as-quartas-de-final-da-libertadores\\\/\"]}]},{\"@type\":\"ImageObject\",\"inLanguage\":\"en-US\",\"@id\":\"https:\\\/\\\/folhadoleste.com.br\\\/fluminense-perde-marcelo-para-as-quartas-de-final-da-libertadores\\\/#primaryimage\",\"url\":\"https:\\\/\\\/folhadoleste.com.br\\\/wp-content\\\/uploads\\\/2023\\\/08\\\/Fluminense-perde-Marcelo-para-as-quartas-de-final-da-Libertadores-Foto-Mailson-Santana-Fluminense.webp\",\"contentUrl\":\"https:\\\/\\\/folhadoleste.com.br\\\/wp-content\\\/uploads\\\/2023\\\/08\\\/Fluminense-perde-Marcelo-para-as-quartas-de-final-da-Libertadores-Foto-Mailson-Santana-Fluminense.webp\",\"width\":1200,\"height\":750,\"caption\":\"Foto: Mailson Santana - Fluminense\"},{\"@type\":\"BreadcrumbList\",\"@id\":\"https:\\\/\\\/folhadoleste.com.br\\\/fluminense-perde-marcelo-para-as-quartas-de-final-da-libertadores\\\/#breadcrumb\",\"itemListElement\":[{\"@type\":\"ListItem\",\"position\":1,\"name\":\"In\u00edcio\",\"item\":\"https:\\\/\\\/folhadoleste.com.br\\\/\"},{\"@type\":\"ListItem\",\"position\":2,\"name\":\"Esportes\",\"item\":\"https:\\\/\\\/folhadoleste.com.br\\\/category\\\/esportes\\\/\"},{\"@type\":\"ListItem\",\"position\":3,\"name\":\"Futebol\",\"item\":\"https:\\\/\\\/folhadoleste.com.br\\\/category\\\/esportes\\\/futebol-esportes\\\/\"},{\"@type\":\"ListItem\",\"position\":4,\"name\":\"Fluminense perde Marcelo para as quartas de final da Libertadores\"}]},{\"@type\":\"WebSite\",\"@id\":\"https:\\\/\\\/folhadoleste.com.br\\\/#website\",\"url\":\"https:\\\/\\\/folhadoleste.com.br\\\/\",\"name\":\"Folha do Leste\",\"description\":\"Portal de Not\u00edcias com \u00eanfase em Niter\u00f3i, criando conte\u00fados desde a capital Rio de Janeiro, com olhar para o Leste Fluminense e suas cidades como S\u00e3o Gon\u00e7alo, Itabora\u00ed, Rio Bonito, Maric\u00e1, Saquarema e Araruama\",\"publisher\":{\"@id\":\"https:\\\/\\\/folhadoleste.com.br\\\/#organization\"},\"alternateName\":\"FL\",\"potentialAction\":[{\"@type\":\"SearchAction\",\"target\":{\"@type\":\"EntryPoint\",\"urlTemplate\":\"https:\\\/\\\/folhadoleste.com.br\\\/?s={search_term_string}\"},\"query-input\":{\"@type\":\"PropertyValueSpecification\",\"valueRequired\":true,\"valueName\":\"search_term_string\"}}],\"inLanguage\":\"en-US\"},{\"@type\":\"Organization\",\"@id\":\"https:\\\/\\\/folhadoleste.com.br\\\/#organization\",\"name\":\"Brasil 21 Comunica\u00e7\u00e3o\",\"alternateName\":\"BR21\",\"url\":\"https:\\\/\\\/folhadoleste.com.br\\\/\",\"logo\":{\"@type\":\"ImageObject\",\"inLanguage\":\"en-US\",\"@id\":\"https:\\\/\\\/folhadoleste.com.br\\\/#\\\/schema\\\/logo\\\/image\\\/\",\"url\":\"https:\\\/\\\/folhadoleste.com.br\\\/wp-content\\\/uploads\\\/2025\\\/12\\\/brasil-21-logomarca.avif\",\"contentUrl\":\"https:\\\/\\\/folhadoleste.com.br\\\/wp-content\\\/uploads\\\/2025\\\/12\\\/brasil-21-logomarca.avif\",\"width\":1044,\"height\":1044,\"caption\":\"Brasil 21 Comunica\u00e7\u00e3o\"},\"image\":{\"@id\":\"https:\\\/\\\/folhadoleste.com.br\\\/#\\\/schema\\\/logo\\\/image\\\/\"},\"sameAs\":[\"https:\\\/\\\/www.facebook.com\\\/folhadoleste\",\"https:\\\/\\\/x.com\\\/FolhadoLesteRJ\",\"https:\\\/\\\/www.instagram.com\\\/folhadoleste\\\/\"]},{\"@type\":\"Person\",\"@id\":\"https:\\\/\\\/folhadoleste.com.br\\\/#\\\/schema\\\/person\\\/3e97145b2e1861276e84471aa85a3899\",\"name\":\"Folha do Leste\",\"image\":{\"@type\":\"ImageObject\",\"inLanguage\":\"en-US\",\"@id\":\"https:\\\/\\\/folhadoleste.com.br\\\/wp-content\\\/litespeed\\\/avatar\\\/1ca8c218432e7045e748610eb3db0259.jpg?ver=1777161142\",\"url\":\"https:\\\/\\\/folhadoleste.com.br\\\/wp-content\\\/litespeed\\\/avatar\\\/1ca8c218432e7045e748610eb3db0259.jpg?ver=1777161142\",\"contentUrl\":\"https:\\\/\\\/folhadoleste.com.br\\\/wp-content\\\/litespeed\\\/avatar\\\/1ca8c218432e7045e748610eb3db0259.jpg?ver=1777161142\",\"caption\":\"Folha do Leste\"},\"url\":\"https:\\\/\\\/folhadoleste.com.br\\\/en\\\/author\\\/reportagem-01\\\/\"}]}<\/script>\n<!-- \/ Yoast SEO plugin. -->","yoast_head_json":{"title":"Fluminense perde Marcelo para as quartas de final da Libertadores","description":"Fluminense perde Marcelo para as quartas de final da Libertadores...","robots":{"index":"index","follow":"follow","max-snippet":"max-snippet:-1","max-image-preview":"max-image-preview:large","max-video-preview":"max-video-preview:-1"},"canonical":"https:\/\/folhadoleste.com.br\/en\/fluminense-perde-marcelo-para-as-quartas-de-final-da-libertadores\/","og_locale":"en_US","og_type":"article","og_title":"Fluminense perde Marcelo para as quartas de final da Libertadores","og_description":"Clique e saiba mais...","og_url":"https:\/\/folhadoleste.com.br\/en\/fluminense-perde-marcelo-para-as-quartas-de-final-da-libertadores\/","og_site_name":"Folha do Leste","article_publisher":"https:\/\/www.facebook.com\/folhadoleste","article_published_time":"2023-08-22T23:50:04+00:00","og_image":[{"width":1200,"height":750,"url":"https:\/\/folhadoleste.com.br\/wp-content\/uploads\/2023\/08\/Fluminense-perde-Marcelo-para-as-quartas-de-final-da-Libertadores-Foto-Mailson-Santana-Fluminense.webp","type":"image\/webp"}],"author":"Folha do Leste","twitter_card":"summary_large_image","twitter_title":"Fluminense perde Marcelo para as quartas de final da Libertadores","twitter_description":"Clique e saiba mais...","twitter_image":"https:\/\/folhadoleste.com.br\/wp-content\/uploads\/2023\/08\/Fluminense-perde-Marcelo-para-as-quartas-de-final-da-Libertadores-Foto-Mailson-Santana-Fluminense.webp","twitter_creator":"@FolhadoLesteRJ","twitter_site":"@FolhadoLesteRJ","twitter_misc":{"Written by":"Folha do Leste","Est. reading time":"3 minutes"},"schema":{"@context":"https:\/\/schema.org","@graph":[{"@type":"NewsArticle","@id":"https:\/\/folhadoleste.com.br\/fluminense-perde-marcelo-para-as-quartas-de-final-da-libertadores\/#article","isPartOf":{"@id":"https:\/\/folhadoleste.com.br\/fluminense-perde-marcelo-para-as-quartas-de-final-da-libertadores\/"},"author":{"name":"Folha do Leste","@id":"https:\/\/folhadoleste.com.br\/#\/schema\/person\/3e97145b2e1861276e84471aa85a3899"},"headline":"Fluminense perde Marcelo para as quartas de final da Libertadores","datePublished":"2023-08-22T23:50:04+00:00","mainEntityOfPage":{"@id":"https:\/\/folhadoleste.com.br\/fluminense-perde-marcelo-para-as-quartas-de-final-da-libertadores\/"},"wordCount":307,"commentCount":0,"publisher":{"@id":"https:\/\/folhadoleste.com.br\/#organization"},"image":{"@id":"https:\/\/folhadoleste.com.br\/fluminense-perde-marcelo-para-as-quartas-de-final-da-libertadores\/#primaryimage"},"thumbnailUrl":"https:\/\/folhadoleste.com.br\/wp-content\/uploads\/2023\/08\/Fluminense-perde-Marcelo-para-as-quartas-de-final-da-Libertadores-Foto-Mailson-Santana-Fluminense.webp","keywords":["Conmebol","Esportes","fluminense","futebol","Libertadores","Marcelo","Olimpia","Suspenso"],"articleSection":["Esportes","Futebol"],"inLanguage":"en-US","potentialAction":[{"@type":"CommentAction","name":"Comment","target":["https:\/\/folhadoleste.com.br\/fluminense-perde-marcelo-para-as-quartas-de-final-da-libertadores\/#respond"]}]},{"@type":"WebPage","@id":"https:\/\/folhadoleste.com.br\/fluminense-perde-marcelo-para-as-quartas-de-final-da-libertadores\/","url":"https:\/\/folhadoleste.com.br\/fluminense-perde-marcelo-para-as-quartas-de-final-da-libertadores\/","name":"Fluminense perde Marcelo para as quartas de final da Libertadores","isPartOf":{"@id":"https:\/\/folhadoleste.com.br\/#website"},"primaryImageOfPage":{"@id":"https:\/\/folhadoleste.com.br\/fluminense-perde-marcelo-para-as-quartas-de-final-da-libertadores\/#primaryimage"},"image":{"@id":"https:\/\/folhadoleste.com.br\/fluminense-perde-marcelo-para-as-quartas-de-final-da-libertadores\/#primaryimage"},"thumbnailUrl":"https:\/\/folhadoleste.com.br\/wp-content\/uploads\/2023\/08\/Fluminense-perde-Marcelo-para-as-quartas-de-final-da-Libertadores-Foto-Mailson-Santana-Fluminense.webp","datePublished":"2023-08-22T23:50:04+00:00","description":"Fluminense perde Marcelo para as quartas de final da Libertadores...","breadcrumb":{"@id":"https:\/\/folhadoleste.com.br\/fluminense-perde-marcelo-para-as-quartas-de-final-da-libertadores\/#breadcrumb"},"inLanguage":"en-US","potentialAction":[{"@type":"ReadAction","target":["https:\/\/folhadoleste.com.br\/fluminense-perde-marcelo-para-as-quartas-de-final-da-libertadores\/"]}]},{"@type":"ImageObject","inLanguage":"en-US","@id":"https:\/\/folhadoleste.com.br\/fluminense-perde-marcelo-para-as-quartas-de-final-da-libertadores\/#primaryimage","url":"https:\/\/folhadoleste.com.br\/wp-content\/uploads\/2023\/08\/Fluminense-perde-Marcelo-para-as-quartas-de-final-da-Libertadores-Foto-Mailson-Santana-Fluminense.webp","contentUrl":"https:\/\/folhadoleste.com.br\/wp-content\/uploads\/2023\/08\/Fluminense-perde-Marcelo-para-as-quartas-de-final-da-Libertadores-Foto-Mailson-Santana-Fluminense.webp","width":1200,"height":750,"caption":"Foto: Mailson Santana - Fluminense"},{"@type":"BreadcrumbList","@id":"https:\/\/folhadoleste.com.br\/fluminense-perde-marcelo-para-as-quartas-de-final-da-libertadores\/#breadcrumb","itemListElement":[{"@type":"ListItem","position":1,"name":"In\u00edcio","item":"https:\/\/folhadoleste.com.br\/"},{"@type":"ListItem","position":2,"name":"Esportes","item":"https:\/\/folhadoleste.com.br\/category\/esportes\/"},{"@type":"ListItem","position":3,"name":"Futebol","item":"https:\/\/folhadoleste.com.br\/category\/esportes\/futebol-esportes\/"},{"@type":"ListItem","position":4,"name":"Fluminense perde Marcelo para as quartas de final da Libertadores"}]},{"@type":"WebSite","@id":"https:\/\/folhadoleste.com.br\/#website","url":"https:\/\/folhadoleste.com.br\/","name":"Folha do Leste","description":"Portal de Not\u00edcias com \u00eanfase em Niter\u00f3i, criando conte\u00fados desde a capital Rio de Janeiro, com olhar para o Leste Fluminense e suas cidades como S\u00e3o Gon\u00e7alo, Itabora\u00ed, Rio Bonito, Maric\u00e1, Saquarema e Araruama","publisher":{"@id":"https:\/\/folhadoleste.com.br\/#organization"},"alternateName":"FL","potentialAction":[{"@type":"SearchAction","target":{"@type":"EntryPoint","urlTemplate":"https:\/\/folhadoleste.com.br\/?s={search_term_string}"},"query-input":{"@type":"PropertyValueSpecification","valueRequired":true,"valueName":"search_term_string"}}],"inLanguage":"en-US"},{"@type":"Organization","@id":"https:\/\/folhadoleste.com.br\/#organization","name":"Brasil 21 Comunica\u00e7\u00e3o","alternateName":"BR21","url":"https:\/\/folhadoleste.com.br\/","logo":{"@type":"ImageObject","inLanguage":"en-US","@id":"https:\/\/folhadoleste.com.br\/#\/schema\/logo\/image\/","url":"https:\/\/folhadoleste.com.br\/wp-content\/uploads\/2025\/12\/brasil-21-logomarca.avif","contentUrl":"https:\/\/folhadoleste.com.br\/wp-content\/uploads\/2025\/12\/brasil-21-logomarca.avif","width":1044,"height":1044,"caption":"Brasil 21 Comunica\u00e7\u00e3o"},"image":{"@id":"https:\/\/folhadoleste.com.br\/#\/schema\/logo\/image\/"},"sameAs":["https:\/\/www.facebook.com\/folhadoleste","https:\/\/x.com\/FolhadoLesteRJ","https:\/\/www.instagram.com\/folhadoleste\/"]},{"@type":"Person","@id":"https:\/\/folhadoleste.com.br\/#\/schema\/person\/3e97145b2e1861276e84471aa85a3899","name":"Folha do Leste","image":{"@type":"ImageObject","inLanguage":"en-US","@id":"https:\/\/folhadoleste.com.br\/wp-content\/litespeed\/avatar\/1ca8c218432e7045e748610eb3db0259.jpg?ver=1777161142","url":"https:\/\/folhadoleste.com.br\/wp-content\/litespeed\/avatar\/1ca8c218432e7045e748610eb3db0259.jpg?ver=1777161142","contentUrl":"https:\/\/folhadoleste.com.br\/wp-content\/litespeed\/avatar\/1ca8c218432e7045e748610eb3db0259.jpg?ver=1777161142","caption":"Folha do Leste"},"url":"https:\/\/folhadoleste.com.br\/en\/author\/reportagem-01\/"}]}},"_links":{"self":[{"href":"https:\/\/folhadoleste.com.br\/en\/wp-json\/wp\/v2\/posts\/21991","targetHints":{"allow":["GET"]}}],"collection":[{"href":"https:\/\/folhadoleste.com.br\/en\/wp-json\/wp\/v2\/posts"}],"about":[{"href":"https:\/\/folhadoleste.com.br\/en\/wp-json\/wp\/v2\/types\/post"}],"author":[{"embeddable":true,"href":"https:\/\/folhadoleste.com.br\/en\/wp-json\/wp\/v2\/users\/4"}],"replies":[{"embeddable":true,"href":"https:\/\/folhadoleste.com.br\/en\/wp-json\/wp\/v2\/comments?post=21991"}],"version-history":[{"count":1,"href":"https:\/\/folhadoleste.com.br\/en\/wp-json\/wp\/v2\/posts\/21991\/revisions"}],"predecessor-version":[{"id":21993,"href":"https:\/\/folhadoleste.com.br\/en\/wp-json\/wp\/v2\/posts\/21991\/revisions\/21993"}],"wp:featuredmedia":[{"embeddable":true,"href":"https:\/\/folhadoleste.com.br\/en\/wp-json\/wp\/v2\/media\/21992"}],"wp:attachment":[{"href":"https:\/\/folhadoleste.com.br\/en\/wp-json\/wp\/v2\/media?parent=21991"}],"wp:term":[{"taxonomy":"category","embeddable":true,"href":"https:\/\/folhadoleste.com.br\/en\/wp-json\/wp\/v2\/categories?post=21991"},{"taxonomy":"post_tag","embeddable":true,"href":"https:\/\/folhadoleste.com.br\/en\/wp-json\/wp\/v2\/tags?post=21991"}],"curies":[{"name":"wp","href":"https:\/\/api.w.org\/{rel}","templated":true}]}}