{"id":21812,"date":"2023-08-21T16:48:18","date_gmt":"2023-08-21T19:48:18","guid":{"rendered":"https:\/\/folhadoleste.com.br\/?p=21812"},"modified":"2023-08-21T16:48:18","modified_gmt":"2023-08-21T19:48:18","slug":"video-motorista-de-van-e-agredido-por-passageiro-em-belford-roxo","status":"publish","type":"post","link":"https:\/\/folhadoleste.com.br\/en\/video-motorista-de-van-e-agredido-por-passageiro-em-belford-roxo\/","title":{"rendered":"V\u00eddeo: Motorista de van \u00e9 agredido por passageiro em Belford Roxo"},"content":{"rendered":"<div class=\"texto\">\n<div>\n<div id=\"attachment_21813\" style=\"width: 1210px\" class=\"wp-caption aligncenter\"><img decoding=\"async\" aria-describedby=\"caption-attachment-21813\" class=\"size-full wp-image-21813\" src=\"https:\/\/folhadoleste.com.br\/wp-content\/uploads\/2023\/08\/Motorista-de-van-e-agredido-por-passageiro-em-Belford-Roxo-Foto-Reproducao.webp\" alt=\"Motorista de van \u00e9 agredido por passageiro em Belford Roxo\" width=\"1200\" height=\"750\" \/><p id=\"caption-attachment-21813\" class=\"wp-caption-text\">Foto: Reprodu\u00e7\u00e3o<\/p><\/div>\n<\/div>\n<div>Um incidente chocante ocorreu no \u00faltimo domingo (20) em Belford Roxo, na Baixada Fluminense, quando um motorista de van foi agredido por um passageiro que se recusou a pagar a passagem. As agress\u00f5es foram capturadas por uma c\u00e2mera de seguran\u00e7a instalada no ve\u00edculo, revelando o momento em que o agressor insulta e parte para cima do condutor do transporte. O ataque aconteceu no bairro Sargento Roncalli.<\/p>\n<\/div>\n<div>\n<h4><a href=\"https:\/\/folhadoleste.com.br\/category\/rio-de-janeiro-capital\/\"><strong>\u201cLeia mais not\u00edcias sobre Rio de Janeiro aqui\u201d<\/strong><\/a><\/h4>\n<\/div>\n<div>As imagens mostram o homem sentado junto com uma mulher nos bancos adjacentes ao motorista. Ao chegar ao seu destino, o suspeito desce do ve\u00edculo e \u00e9 questionado pelo motorista sobre o pagamento da passagem. O agressor alega que o motorista deveria conversar com uma terceira pessoa e que tudo estava resolvido, mas sua afirma\u00e7\u00e3o foi contestada.<\/p>\n<\/div>\n<div>\n<div style=\"width: 1080px;\" class=\"wp-video\"><video class=\"wp-video-shortcode\" id=\"video-21812-1\" width=\"1080\" height=\"1080\" preload=\"metadata\" controls=\"controls\"><source type=\"video\/mp4\" src=\"https:\/\/folhadoleste.com.br\/wp-content\/uploads\/2023\/08\/Motorista-de-van-e-agredido-por-passageiro-em-Belford-Roxo.mp4?_=1\" \/><a href=\"https:\/\/folhadoleste.com.br\/wp-content\/uploads\/2023\/08\/Motorista-de-van-e-agredido-por-passageiro-em-Belford-Roxo.mp4\">https:\/\/folhadoleste.com.br\/wp-content\/uploads\/2023\/08\/Motorista-de-van-e-agredido-por-passageiro-em-Belford-Roxo.mp4<\/a><\/video><\/div>\n<p>&nbsp;<\/p>\n<\/div>\n<div>Ap\u00f3s essa breve discuss\u00e3o, o agressor se enfurece, se aproxima do motorista e come\u00e7a a insult\u00e1-lo. Ele desfere v\u00e1rios socos no rosto da v\u00edtima antes de abrir a porta do condutor, continuando o ataque no meio da rua. Durante a agress\u00e3o, o suspeito estava segurando uma garrafa.<\/div>\n<h4>Pedido de Desculpas<\/h4>\n<div>Em um momento inesperado, ap\u00f3s o incidente, os dois indiv\u00edduos se encontraram e o agressor se desculpou com o motorista. Em um v\u00eddeo divulgado nas redes sociais, o homem reconhece que cometeu um erro enquanto aperta a m\u00e3o da v\u00edtima.<\/div>\n<div><\/div>\n<blockquote>\n<div class=\"texto\">&#8220;Errei. Sou homem. Errei e vim aqui pedir desculpa ao cara. O senhor quebrou o seu \u00f3culos e vou pagar o senhor&#8221;, disse.<\/div>\n<\/blockquote>\n<div class=\"texto\">No meio do pedido de desculpas, o motorista interrompeu o agressor e come\u00e7ou o seu discurso. &#8220;N\u00e3o fala de coisas n\u00e3o, cara. Fala de hombridade. Isso aqui [batendo no peito] est\u00e1 ferido. Isso aqui [apontando para o rosto], aquele soco que voc\u00ea botou na minha cara, isso ningu\u00e9m vai tirar n\u00e3o. Est\u00e1 me entendendo? N\u00e3o faz mais isso n\u00e3o, irm\u00e3o. Valeu? Voc\u00ea \u00e9 sujeito homem e eu tamb\u00e9m sou. N\u00e3o faz isso nunca na cara do homem n\u00e3o. Est\u00e1 me entendendo? Nunca mais voc\u00ea bata na cara de um homem&#8221;, respondeu.<\/div>\n<div><\/div>\n<div class=\"texto\">Segundo a Pol\u00edcia Militar, n\u00e3o houve registro desse caso junto \u00e0 corpora\u00e7\u00e3o.<\/div>\n<div class=\"texto\">Tamb\u00e9m questionada, a Pol\u00edcia Civil ainda n\u00e3o respondeu. O espa\u00e7o est\u00e1 aberto para manifesta\u00e7\u00e3o.<\/div>\n<\/div>\n<div><\/div>\n<div><a href=\"https:\/\/www.instagram.com\/folhadoleste\/\"><img decoding=\"async\" class=\"aligncenter wp-image-15962\" src=\"https:\/\/folhadoleste.com.br\/wp-content\/uploads\/2023\/07\/instagram.jpg\" alt=\"Itaipu-Itaipua\u00e7u: Caminh\u00e3o causa grave acidente na RJ-102, a estrada da Serrinha\" width=\"49\" height=\"49\" \/><\/a><a href=\"https:\/\/www.facebook.com\/folhadoleste\"><img decoding=\"async\" class=\"aligncenter wp-image-7424\" src=\"https:\/\/folhadoleste.com.br\/wp-content\/uploads\/2023\/05\/facebook-logo-3-1.png\" alt=\"Itaipu-Itaipua\u00e7u: Caminh\u00e3o causa grave acidente na RJ-102, a estrada da Serrinha\" width=\"49\" height=\"49\" \/><\/a><\/div>\n","protected":false},"excerpt":{"rendered":"<p>Um incidente chocante ocorreu no \u00faltimo domingo (20) em Belford Roxo, na Baixada Fluminense, quando um motorista de van foi agredido por um passageiro que se recusou a pagar a passagem. As agress\u00f5es foram capturadas por uma c\u00e2mera de seguran\u00e7a instalada no ve\u00edculo, revelando o momento em que o agressor insulta e parte para cima do condutor do transporte. O ataque aconteceu no bairro Sargento Roncalli. \u201cLeia mais not\u00edcias sobre Rio de Janeiro aqui\u201d As imagens mostram o homem sentado junto com uma mulher nos bancos adjacentes ao motorista. Ao chegar ao seu destino, o suspeito desce do ve\u00edculo e [&hellip;]<\/p>\n","protected":false},"author":4,"featured_media":21813,"comment_status":"open","ping_status":"open","sticky":false,"template":"","format":"standard","meta":{"footnotes":""},"categories":[67],"tags":[7372,10276,10277,93],"class_list":["post-21812","post","type-post","status-publish","format-standard","has-post-thumbnail","hentry","category-rio-de-janeiro-capital","tag-agredido","tag-motorista-de-van","tag-passageiro","tag-rio-de-janeiro","post--single"],"yoast_head":"<!-- This site is optimized with the Yoast SEO plugin v27.4 - https:\/\/yoast.com\/product\/yoast-seo-wordpress\/ -->\n<title>V\u00eddeo: Motorista de van \u00e9 agredido por passageiro em Belford Roxo<\/title>\n<meta name=\"description\" content=\"Motorista de van \u00e9 agredido por passageiro em Belford Roxo...\" \/>\n<meta name=\"robots\" content=\"index, follow, max-snippet:-1, max-image-preview:large, max-video-preview:-1\" \/>\n<link rel=\"canonical\" href=\"https:\/\/folhadoleste.com.br\/en\/video-motorista-de-van-e-agredido-por-passageiro-em-belford-roxo\/\" \/>\n<meta property=\"og:locale\" content=\"en_US\" \/>\n<meta property=\"og:type\" content=\"article\" \/>\n<meta property=\"og:title\" content=\"V\u00eddeo: Motorista de van \u00e9 agredido por passageiro em Belford Roxo\" \/>\n<meta property=\"og:description\" content=\"Clique e saiba mais...\" \/>\n<meta property=\"og:url\" content=\"https:\/\/folhadoleste.com.br\/en\/video-motorista-de-van-e-agredido-por-passageiro-em-belford-roxo\/\" \/>\n<meta property=\"og:site_name\" content=\"Folha do Leste\" \/>\n<meta property=\"article:publisher\" content=\"https:\/\/www.facebook.com\/folhadoleste\" \/>\n<meta property=\"article:published_time\" content=\"2023-08-21T19:48:18+00:00\" \/>\n<meta property=\"og:image\" content=\"https:\/\/folhadoleste.com.br\/wp-content\/uploads\/2023\/08\/Motorista-de-van-e-agredido-por-passageiro-em-Belford-Roxo-Foto-Reproducao.webp\" \/>\n\t<meta property=\"og:image:width\" content=\"1200\" \/>\n\t<meta property=\"og:image:height\" content=\"750\" \/>\n\t<meta property=\"og:image:type\" content=\"image\/webp\" \/>\n<meta name=\"author\" content=\"Folha do Leste\" \/>\n<meta name=\"twitter:card\" content=\"summary_large_image\" \/>\n<meta name=\"twitter:title\" content=\"Motorista de van \u00e9 agredido por passageiro em Belford Roxo\" \/>\n<meta name=\"twitter:description\" content=\"Clique e saiba mais...\" \/>\n<meta name=\"twitter:image\" content=\"https:\/\/folhadoleste.com.br\/wp-content\/uploads\/2023\/08\/Motorista-de-van-e-agredido-por-passageiro-em-Belford-Roxo-Foto-Reproducao.webp\" \/>\n<meta name=\"twitter:creator\" content=\"@FolhadoLesteRJ\" \/>\n<meta name=\"twitter:site\" content=\"@FolhadoLesteRJ\" \/>\n<meta name=\"twitter:label1\" content=\"Written by\" \/>\n\t<meta name=\"twitter:data1\" content=\"Folha do Leste\" \/>\n\t<meta name=\"twitter:label2\" content=\"Est. reading time\" \/>\n\t<meta name=\"twitter:data2\" content=\"3 minutes\" \/>\n<script type=\"application\/ld+json\" class=\"yoast-schema-graph\">{\"@context\":\"https:\\\/\\\/schema.org\",\"@graph\":[{\"@type\":\"NewsArticle\",\"@id\":\"https:\\\/\\\/folhadoleste.com.br\\\/video-motorista-de-van-e-agredido-por-passageiro-em-belford-roxo\\\/#article\",\"isPartOf\":{\"@id\":\"https:\\\/\\\/folhadoleste.com.br\\\/video-motorista-de-van-e-agredido-por-passageiro-em-belford-roxo\\\/\"},\"author\":{\"name\":\"Folha do Leste\",\"@id\":\"https:\\\/\\\/folhadoleste.com.br\\\/#\\\/schema\\\/person\\\/3e97145b2e1861276e84471aa85a3899\"},\"headline\":\"V\u00eddeo: Motorista de van \u00e9 agredido por passageiro em Belford Roxo\",\"datePublished\":\"2023-08-21T19:48:18+00:00\",\"mainEntityOfPage\":{\"@id\":\"https:\\\/\\\/folhadoleste.com.br\\\/video-motorista-de-van-e-agredido-por-passageiro-em-belford-roxo\\\/\"},\"wordCount\":430,\"commentCount\":0,\"publisher\":{\"@id\":\"https:\\\/\\\/folhadoleste.com.br\\\/#organization\"},\"image\":{\"@id\":\"https:\\\/\\\/folhadoleste.com.br\\\/video-motorista-de-van-e-agredido-por-passageiro-em-belford-roxo\\\/#primaryimage\"},\"thumbnailUrl\":\"https:\\\/\\\/folhadoleste.com.br\\\/wp-content\\\/uploads\\\/2023\\\/08\\\/Motorista-de-van-e-agredido-por-passageiro-em-Belford-Roxo-Foto-Reproducao.webp\",\"keywords\":[\"agredido\",\"motorista de van\",\"passageiro\",\"Rio de Janeiro\"],\"articleSection\":[\"Rio de Janeiro - Capital\"],\"inLanguage\":\"en-US\",\"potentialAction\":[{\"@type\":\"CommentAction\",\"name\":\"Comment\",\"target\":[\"https:\\\/\\\/folhadoleste.com.br\\\/video-motorista-de-van-e-agredido-por-passageiro-em-belford-roxo\\\/#respond\"]}]},{\"@type\":\"WebPage\",\"@id\":\"https:\\\/\\\/folhadoleste.com.br\\\/video-motorista-de-van-e-agredido-por-passageiro-em-belford-roxo\\\/\",\"url\":\"https:\\\/\\\/folhadoleste.com.br\\\/video-motorista-de-van-e-agredido-por-passageiro-em-belford-roxo\\\/\",\"name\":\"V\u00eddeo: Motorista de van \u00e9 agredido por passageiro em Belford Roxo\",\"isPartOf\":{\"@id\":\"https:\\\/\\\/folhadoleste.com.br\\\/#website\"},\"primaryImageOfPage\":{\"@id\":\"https:\\\/\\\/folhadoleste.com.br\\\/video-motorista-de-van-e-agredido-por-passageiro-em-belford-roxo\\\/#primaryimage\"},\"image\":{\"@id\":\"https:\\\/\\\/folhadoleste.com.br\\\/video-motorista-de-van-e-agredido-por-passageiro-em-belford-roxo\\\/#primaryimage\"},\"thumbnailUrl\":\"https:\\\/\\\/folhadoleste.com.br\\\/wp-content\\\/uploads\\\/2023\\\/08\\\/Motorista-de-van-e-agredido-por-passageiro-em-Belford-Roxo-Foto-Reproducao.webp\",\"datePublished\":\"2023-08-21T19:48:18+00:00\",\"description\":\"Motorista de van \u00e9 agredido por passageiro em Belford Roxo...\",\"breadcrumb\":{\"@id\":\"https:\\\/\\\/folhadoleste.com.br\\\/video-motorista-de-van-e-agredido-por-passageiro-em-belford-roxo\\\/#breadcrumb\"},\"inLanguage\":\"en-US\",\"potentialAction\":[{\"@type\":\"ReadAction\",\"target\":[\"https:\\\/\\\/folhadoleste.com.br\\\/video-motorista-de-van-e-agredido-por-passageiro-em-belford-roxo\\\/\"]}]},{\"@type\":\"ImageObject\",\"inLanguage\":\"en-US\",\"@id\":\"https:\\\/\\\/folhadoleste.com.br\\\/video-motorista-de-van-e-agredido-por-passageiro-em-belford-roxo\\\/#primaryimage\",\"url\":\"https:\\\/\\\/folhadoleste.com.br\\\/wp-content\\\/uploads\\\/2023\\\/08\\\/Motorista-de-van-e-agredido-por-passageiro-em-Belford-Roxo-Foto-Reproducao.webp\",\"contentUrl\":\"https:\\\/\\\/folhadoleste.com.br\\\/wp-content\\\/uploads\\\/2023\\\/08\\\/Motorista-de-van-e-agredido-por-passageiro-em-Belford-Roxo-Foto-Reproducao.webp\",\"width\":1200,\"height\":750,\"caption\":\"Foto: Reprodu\u00e7\u00e3o\"},{\"@type\":\"BreadcrumbList\",\"@id\":\"https:\\\/\\\/folhadoleste.com.br\\\/video-motorista-de-van-e-agredido-por-passageiro-em-belford-roxo\\\/#breadcrumb\",\"itemListElement\":[{\"@type\":\"ListItem\",\"position\":1,\"name\":\"In\u00edcio\",\"item\":\"https:\\\/\\\/folhadoleste.com.br\\\/\"},{\"@type\":\"ListItem\",\"position\":2,\"name\":\"Rio de Janeiro - Capital\",\"item\":\"https:\\\/\\\/folhadoleste.com.br\\\/category\\\/rio-de-janeiro-capital\\\/\"},{\"@type\":\"ListItem\",\"position\":3,\"name\":\"V\u00eddeo: Motorista de van \u00e9 agredido por passageiro em Belford Roxo\"}]},{\"@type\":\"WebSite\",\"@id\":\"https:\\\/\\\/folhadoleste.com.br\\\/#website\",\"url\":\"https:\\\/\\\/folhadoleste.com.br\\\/\",\"name\":\"Folha do Leste\",\"description\":\"Portal de Not\u00edcias com \u00eanfase em Niter\u00f3i, criando conte\u00fados desde a capital Rio de Janeiro, com olhar para o Leste Fluminense e suas cidades como S\u00e3o Gon\u00e7alo, Itabora\u00ed, Rio Bonito, Maric\u00e1, Saquarema e Araruama\",\"publisher\":{\"@id\":\"https:\\\/\\\/folhadoleste.com.br\\\/#organization\"},\"alternateName\":\"FL\",\"potentialAction\":[{\"@type\":\"SearchAction\",\"target\":{\"@type\":\"EntryPoint\",\"urlTemplate\":\"https:\\\/\\\/folhadoleste.com.br\\\/?s={search_term_string}\"},\"query-input\":{\"@type\":\"PropertyValueSpecification\",\"valueRequired\":true,\"valueName\":\"search_term_string\"}}],\"inLanguage\":\"en-US\"},{\"@type\":\"Organization\",\"@id\":\"https:\\\/\\\/folhadoleste.com.br\\\/#organization\",\"name\":\"Brasil 21 Comunica\u00e7\u00e3o\",\"alternateName\":\"BR21\",\"url\":\"https:\\\/\\\/folhadoleste.com.br\\\/\",\"logo\":{\"@type\":\"ImageObject\",\"inLanguage\":\"en-US\",\"@id\":\"https:\\\/\\\/folhadoleste.com.br\\\/#\\\/schema\\\/logo\\\/image\\\/\",\"url\":\"https:\\\/\\\/folhadoleste.com.br\\\/wp-content\\\/uploads\\\/2025\\\/12\\\/brasil-21-logomarca.avif\",\"contentUrl\":\"https:\\\/\\\/folhadoleste.com.br\\\/wp-content\\\/uploads\\\/2025\\\/12\\\/brasil-21-logomarca.avif\",\"width\":1044,\"height\":1044,\"caption\":\"Brasil 21 Comunica\u00e7\u00e3o\"},\"image\":{\"@id\":\"https:\\\/\\\/folhadoleste.com.br\\\/#\\\/schema\\\/logo\\\/image\\\/\"},\"sameAs\":[\"https:\\\/\\\/www.facebook.com\\\/folhadoleste\",\"https:\\\/\\\/x.com\\\/FolhadoLesteRJ\",\"https:\\\/\\\/www.instagram.com\\\/folhadoleste\\\/\"]},{\"@type\":\"Person\",\"@id\":\"https:\\\/\\\/folhadoleste.com.br\\\/#\\\/schema\\\/person\\\/3e97145b2e1861276e84471aa85a3899\",\"name\":\"Folha do Leste\",\"image\":{\"@type\":\"ImageObject\",\"inLanguage\":\"en-US\",\"@id\":\"https:\\\/\\\/folhadoleste.com.br\\\/wp-content\\\/litespeed\\\/avatar\\\/1ca8c218432e7045e748610eb3db0259.jpg?ver=1777161142\",\"url\":\"https:\\\/\\\/folhadoleste.com.br\\\/wp-content\\\/litespeed\\\/avatar\\\/1ca8c218432e7045e748610eb3db0259.jpg?ver=1777161142\",\"contentUrl\":\"https:\\\/\\\/folhadoleste.com.br\\\/wp-content\\\/litespeed\\\/avatar\\\/1ca8c218432e7045e748610eb3db0259.jpg?ver=1777161142\",\"caption\":\"Folha do Leste\"},\"url\":\"https:\\\/\\\/folhadoleste.com.br\\\/en\\\/author\\\/reportagem-01\\\/\"}]}<\/script>\n<!-- \/ Yoast SEO plugin. -->","yoast_head_json":{"title":"V\u00eddeo: Motorista de van \u00e9 agredido por passageiro em Belford Roxo","description":"Motorista de van \u00e9 agredido por passageiro em Belford Roxo...","robots":{"index":"index","follow":"follow","max-snippet":"max-snippet:-1","max-image-preview":"max-image-preview:large","max-video-preview":"max-video-preview:-1"},"canonical":"https:\/\/folhadoleste.com.br\/en\/video-motorista-de-van-e-agredido-por-passageiro-em-belford-roxo\/","og_locale":"en_US","og_type":"article","og_title":"V\u00eddeo: Motorista de van \u00e9 agredido por passageiro em Belford Roxo","og_description":"Clique e saiba mais...","og_url":"https:\/\/folhadoleste.com.br\/en\/video-motorista-de-van-e-agredido-por-passageiro-em-belford-roxo\/","og_site_name":"Folha do Leste","article_publisher":"https:\/\/www.facebook.com\/folhadoleste","article_published_time":"2023-08-21T19:48:18+00:00","og_image":[{"width":1200,"height":750,"url":"https:\/\/folhadoleste.com.br\/wp-content\/uploads\/2023\/08\/Motorista-de-van-e-agredido-por-passageiro-em-Belford-Roxo-Foto-Reproducao.webp","type":"image\/webp"}],"author":"Folha do Leste","twitter_card":"summary_large_image","twitter_title":"Motorista de van \u00e9 agredido por passageiro em Belford Roxo","twitter_description":"Clique e saiba mais...","twitter_image":"https:\/\/folhadoleste.com.br\/wp-content\/uploads\/2023\/08\/Motorista-de-van-e-agredido-por-passageiro-em-Belford-Roxo-Foto-Reproducao.webp","twitter_creator":"@FolhadoLesteRJ","twitter_site":"@FolhadoLesteRJ","twitter_misc":{"Written by":"Folha do Leste","Est. reading time":"3 minutes"},"schema":{"@context":"https:\/\/schema.org","@graph":[{"@type":"NewsArticle","@id":"https:\/\/folhadoleste.com.br\/video-motorista-de-van-e-agredido-por-passageiro-em-belford-roxo\/#article","isPartOf":{"@id":"https:\/\/folhadoleste.com.br\/video-motorista-de-van-e-agredido-por-passageiro-em-belford-roxo\/"},"author":{"name":"Folha do Leste","@id":"https:\/\/folhadoleste.com.br\/#\/schema\/person\/3e97145b2e1861276e84471aa85a3899"},"headline":"V\u00eddeo: Motorista de van \u00e9 agredido por passageiro em Belford Roxo","datePublished":"2023-08-21T19:48:18+00:00","mainEntityOfPage":{"@id":"https:\/\/folhadoleste.com.br\/video-motorista-de-van-e-agredido-por-passageiro-em-belford-roxo\/"},"wordCount":430,"commentCount":0,"publisher":{"@id":"https:\/\/folhadoleste.com.br\/#organization"},"image":{"@id":"https:\/\/folhadoleste.com.br\/video-motorista-de-van-e-agredido-por-passageiro-em-belford-roxo\/#primaryimage"},"thumbnailUrl":"https:\/\/folhadoleste.com.br\/wp-content\/uploads\/2023\/08\/Motorista-de-van-e-agredido-por-passageiro-em-Belford-Roxo-Foto-Reproducao.webp","keywords":["agredido","motorista de van","passageiro","Rio de Janeiro"],"articleSection":["Rio de Janeiro - Capital"],"inLanguage":"en-US","potentialAction":[{"@type":"CommentAction","name":"Comment","target":["https:\/\/folhadoleste.com.br\/video-motorista-de-van-e-agredido-por-passageiro-em-belford-roxo\/#respond"]}]},{"@type":"WebPage","@id":"https:\/\/folhadoleste.com.br\/video-motorista-de-van-e-agredido-por-passageiro-em-belford-roxo\/","url":"https:\/\/folhadoleste.com.br\/video-motorista-de-van-e-agredido-por-passageiro-em-belford-roxo\/","name":"V\u00eddeo: Motorista de van \u00e9 agredido por passageiro em Belford Roxo","isPartOf":{"@id":"https:\/\/folhadoleste.com.br\/#website"},"primaryImageOfPage":{"@id":"https:\/\/folhadoleste.com.br\/video-motorista-de-van-e-agredido-por-passageiro-em-belford-roxo\/#primaryimage"},"image":{"@id":"https:\/\/folhadoleste.com.br\/video-motorista-de-van-e-agredido-por-passageiro-em-belford-roxo\/#primaryimage"},"thumbnailUrl":"https:\/\/folhadoleste.com.br\/wp-content\/uploads\/2023\/08\/Motorista-de-van-e-agredido-por-passageiro-em-Belford-Roxo-Foto-Reproducao.webp","datePublished":"2023-08-21T19:48:18+00:00","description":"Motorista de van \u00e9 agredido por passageiro em Belford Roxo...","breadcrumb":{"@id":"https:\/\/folhadoleste.com.br\/video-motorista-de-van-e-agredido-por-passageiro-em-belford-roxo\/#breadcrumb"},"inLanguage":"en-US","potentialAction":[{"@type":"ReadAction","target":["https:\/\/folhadoleste.com.br\/video-motorista-de-van-e-agredido-por-passageiro-em-belford-roxo\/"]}]},{"@type":"ImageObject","inLanguage":"en-US","@id":"https:\/\/folhadoleste.com.br\/video-motorista-de-van-e-agredido-por-passageiro-em-belford-roxo\/#primaryimage","url":"https:\/\/folhadoleste.com.br\/wp-content\/uploads\/2023\/08\/Motorista-de-van-e-agredido-por-passageiro-em-Belford-Roxo-Foto-Reproducao.webp","contentUrl":"https:\/\/folhadoleste.com.br\/wp-content\/uploads\/2023\/08\/Motorista-de-van-e-agredido-por-passageiro-em-Belford-Roxo-Foto-Reproducao.webp","width":1200,"height":750,"caption":"Foto: Reprodu\u00e7\u00e3o"},{"@type":"BreadcrumbList","@id":"https:\/\/folhadoleste.com.br\/video-motorista-de-van-e-agredido-por-passageiro-em-belford-roxo\/#breadcrumb","itemListElement":[{"@type":"ListItem","position":1,"name":"In\u00edcio","item":"https:\/\/folhadoleste.com.br\/"},{"@type":"ListItem","position":2,"name":"Rio de Janeiro - Capital","item":"https:\/\/folhadoleste.com.br\/category\/rio-de-janeiro-capital\/"},{"@type":"ListItem","position":3,"name":"V\u00eddeo: Motorista de van \u00e9 agredido por passageiro em Belford Roxo"}]},{"@type":"WebSite","@id":"https:\/\/folhadoleste.com.br\/#website","url":"https:\/\/folhadoleste.com.br\/","name":"Folha do Leste","description":"Portal de Not\u00edcias com \u00eanfase em Niter\u00f3i, criando conte\u00fados desde a capital Rio de Janeiro, com olhar para o Leste Fluminense e suas cidades como S\u00e3o Gon\u00e7alo, Itabora\u00ed, Rio Bonito, Maric\u00e1, Saquarema e Araruama","publisher":{"@id":"https:\/\/folhadoleste.com.br\/#organization"},"alternateName":"FL","potentialAction":[{"@type":"SearchAction","target":{"@type":"EntryPoint","urlTemplate":"https:\/\/folhadoleste.com.br\/?s={search_term_string}"},"query-input":{"@type":"PropertyValueSpecification","valueRequired":true,"valueName":"search_term_string"}}],"inLanguage":"en-US"},{"@type":"Organization","@id":"https:\/\/folhadoleste.com.br\/#organization","name":"Brasil 21 Comunica\u00e7\u00e3o","alternateName":"BR21","url":"https:\/\/folhadoleste.com.br\/","logo":{"@type":"ImageObject","inLanguage":"en-US","@id":"https:\/\/folhadoleste.com.br\/#\/schema\/logo\/image\/","url":"https:\/\/folhadoleste.com.br\/wp-content\/uploads\/2025\/12\/brasil-21-logomarca.avif","contentUrl":"https:\/\/folhadoleste.com.br\/wp-content\/uploads\/2025\/12\/brasil-21-logomarca.avif","width":1044,"height":1044,"caption":"Brasil 21 Comunica\u00e7\u00e3o"},"image":{"@id":"https:\/\/folhadoleste.com.br\/#\/schema\/logo\/image\/"},"sameAs":["https:\/\/www.facebook.com\/folhadoleste","https:\/\/x.com\/FolhadoLesteRJ","https:\/\/www.instagram.com\/folhadoleste\/"]},{"@type":"Person","@id":"https:\/\/folhadoleste.com.br\/#\/schema\/person\/3e97145b2e1861276e84471aa85a3899","name":"Folha do Leste","image":{"@type":"ImageObject","inLanguage":"en-US","@id":"https:\/\/folhadoleste.com.br\/wp-content\/litespeed\/avatar\/1ca8c218432e7045e748610eb3db0259.jpg?ver=1777161142","url":"https:\/\/folhadoleste.com.br\/wp-content\/litespeed\/avatar\/1ca8c218432e7045e748610eb3db0259.jpg?ver=1777161142","contentUrl":"https:\/\/folhadoleste.com.br\/wp-content\/litespeed\/avatar\/1ca8c218432e7045e748610eb3db0259.jpg?ver=1777161142","caption":"Folha do Leste"},"url":"https:\/\/folhadoleste.com.br\/en\/author\/reportagem-01\/"}]}},"_links":{"self":[{"href":"https:\/\/folhadoleste.com.br\/en\/wp-json\/wp\/v2\/posts\/21812","targetHints":{"allow":["GET"]}}],"collection":[{"href":"https:\/\/folhadoleste.com.br\/en\/wp-json\/wp\/v2\/posts"}],"about":[{"href":"https:\/\/folhadoleste.com.br\/en\/wp-json\/wp\/v2\/types\/post"}],"author":[{"embeddable":true,"href":"https:\/\/folhadoleste.com.br\/en\/wp-json\/wp\/v2\/users\/4"}],"replies":[{"embeddable":true,"href":"https:\/\/folhadoleste.com.br\/en\/wp-json\/wp\/v2\/comments?post=21812"}],"version-history":[{"count":1,"href":"https:\/\/folhadoleste.com.br\/en\/wp-json\/wp\/v2\/posts\/21812\/revisions"}],"predecessor-version":[{"id":21815,"href":"https:\/\/folhadoleste.com.br\/en\/wp-json\/wp\/v2\/posts\/21812\/revisions\/21815"}],"wp:featuredmedia":[{"embeddable":true,"href":"https:\/\/folhadoleste.com.br\/en\/wp-json\/wp\/v2\/media\/21813"}],"wp:attachment":[{"href":"https:\/\/folhadoleste.com.br\/en\/wp-json\/wp\/v2\/media?parent=21812"}],"wp:term":[{"taxonomy":"category","embeddable":true,"href":"https:\/\/folhadoleste.com.br\/en\/wp-json\/wp\/v2\/categories?post=21812"},{"taxonomy":"post_tag","embeddable":true,"href":"https:\/\/folhadoleste.com.br\/en\/wp-json\/wp\/v2\/tags?post=21812"}],"curies":[{"name":"wp","href":"https:\/\/api.w.org\/{rel}","templated":true}]}}